{"status":"success","message":"Videos retrieved successfully","data":[{"video_id":"mQmnXDStoNM","channel_id":"UCWBk05FplU93JomQ345w24Q","title":"Cuba: debate com Jones Manoel","description":"FUI PRA CUBA!\nEm mar\u00e7o deste ano estive no pa\u00eds da revolu\u00e7\u00e3o mais impactante do s\u00e9culo XX no continente. \nConfira um resumo aqui:\nhttps:\/\/www.instagram.com\/p\/DWoOWx6CItV\/\n\nViajei a Cuba para prestar minha solidariedade \u00e0 ilha que sofre um bloqueio h\u00e1 mais de 60 anos e agora est\u00e1 sob a mira de Trump, amea\u00e7ada por uma invas\u00e3o e impedida de receber petr\u00f3leo. \n\nNeste v\u00eddeo, discuto as recentes posi\u00e7\u00f5es apresentadas no v\u00eddeo de Jones Manoel: https:\/\/youtu.be\/Jprv-yXe-jE?si=YWxWUPgzVH4CwQwk\n\ne conto um pouco mais pra voc\u00eas sobre a hist\u00f3ria e o presente cubano. Acompanhe e deixe sua opini\u00e3o.\n\nPara se aprofundar mais:\n\nA crise em Cuba:  https:\/\/litci.org\/pt\/2026\/04\/07\/a-crise-em-cuba\/\n\nFora imperialismo \nIanque: https:\/\/litci.org\/pt\/2026\/04\/02\/fora-imperialismo-ianque-uma-viagem-em-apoio-ao-povo-cubano\n\n_______________________________\n\nSIGA-ME NAS REDES SOCIAIS\n\nInstagram: https:\/\/www.instagram.com\/hertzdias\/\nFacebook: https:\/\/www.facebook.com\/HertzCDias\n_______________________________\n\nNo CANAL DO HERTZ  \u2014 RA\u00c7A, CLASSE & REVOLU\u00c7\u00c3O, vamos debater temas ligados a quest\u00e3o racial, combinado ao de classe, numa perspectiva marxista.","original_language":"pt-BR","publication_date":"2026-04-28","duration":0,"url":"https:\/\/www.youtube.com\/watch?v=mQmnXDStoNM","thumbnail":"thumbnails\/mQmnXDStoNM.jpg"},{"video_id":"PnSItWb3xSU","channel_id":"UCRLEkZpNRoZQBG8kUTBD8vQ","title":"Qual FAM\u00cdLIA os conservadores defendem? | CHARLATANICE CONSERVADORA EP #255","description":"A EVOLU\u00c7\u00c3O DA FAM\u00cdLIA\n\nA FAM\u00cdLIA HEBRAICA estruturava-se como unidade patriarcal extensiva: bens vinculados \u00e0 linhagem (\u201cvertical\u201d)\n    \u2022 Heran\u00e7a: Norma expl\u00edcita de primogenitura protegida por lei (Deut. 21:15\u201317)\n        \u25e6 Oriente Pr\u00f3ximo (por vezes, mais amplo): escolha do herdeiro mais apto (\u201chonrar pai e m\u00e3e\u201d)\n    \u2022 Fam\u00edlia extensiva plena (cl\u00e3, v\u00e1rias esposas, linhagem ampla)\n        \u25e6 Ex.: leis que mant\u00eam a propriedade dentro do grupo (caso das filhas de Zelofeade em N\u00fameros 27).\n        \u25e6 sacerd\u00f3cio depende da descend\u00eancia: (Levitas)\n        \u25e6 Reis precisam de linhagem (ex.: casa de Davi).\n    \u2022 Poligamia e concubinato aceitos: Abra\u00e3o (Sara e Agar), Jac\u00f3 (Raquel, Lia, Bila, Zilpa)\n        \u25e6 Reis como Davi e Salom\u00e3o com m\u00faltiplas esposas e concubinas\n\nA FAM\u00cdLIA GREGA (OIKOS) dualidade oikos\u2013p\u00f3lis. \n    \u2022 Fam\u00edlia patriarcal + extensiva limitada (casa ampliada e subordinada \u00e0 p\u00f3lis)\n        \u25e6 (1) Escravos podem viver juntos e ter filhos, mas isso n\u00e3o constitui uma institui\u00e7\u00e3o familiar reconhecida.\n        \u25e6 (2) Para os estrangeiros, a fam\u00edlia existe socialmente, mas n\u00e3o como unidade da cidadania.\n        \u25e6 (3) Atividade mercantil vista como secund\u00e1ria: fam\u00edlia pressup\u00f5e propriedade familiar da terra\n        \u25e6 (4) o\u00eekos cl\u00e1ssico est\u00e1 ligado \u00e0 terra, produ\u00e7\u00e3o agr\u00edcola e autossufici\u00eancia.\n    \u2022 Gineceu era o espa\u00e7o destinado \u00e0s mulheres da fam\u00edlia para realizar suas atividades cotidianas, como tecer, bordar e cuidar dos filhos. Tamb\u00e9m servia de ref\u00fagio quando havia homens n\u00e3o pertencentes \u00e0 fam\u00edlia na casa.\n    \u2022 SIL\u00caNCIO DAS MULHERES NO ESPA\u00c7O P\u00daBLICO: \u201cComo em todas as igrejas dos santos, conservem-se as mulheres caladas nas igrejas, porque n\u00e3o lhes \u00e9 permitido falar; mas estejam submissas como tamb\u00e9m a lei o determina. Se, por\u00e9m, querem aprender alguma coisa, interroguem, em casa, a seu pr\u00f3prio marido; porque para a mulher \u00e9 vergonhoso falar na igreja.\u201d 1 Cor\u00edntios 14.34-35\n\nA FAM\u00cdLIA ROMANA expandiu esse conceito para uma unidade jur\u00eddica e pol\u00edtica que englobava pessoas e propriedades sob a autoridade do pater familias. \n    \u2022 O pater era, ao mesmo tempo, chefe pol\u00edtico, sacerdote e juiz. Exercia sobre os filhos direito de vida e de morte, podia impor-lhes pena corporal, vend\u00ea-los e tirar-lhe a vida.\n\nA FAM\u00cdLIA MEDIEVAL. A ordem social baseava-se na hierarquia. A autoridade do pai e de Deus como grande Pai legitimava todas as demais.\n    \u2022 O sobrenome e os t\u00edtulos nobili\u00e1rquicos desempenhavam um papel crucial na transmiss\u00e3o de prest\u00edgio, heran\u00e7a e identidade, consolidando alian\u00e7as e status social.\n    \u2022 A fam\u00edlia era a principal unidade de produ\u00e7\u00e3o, sobretudo entre os camponeses e a nobreza rural.\n    \u2022 O casamento era fundamentalmente uma ferramenta pol\u00edtica e econ\u00f4mica, usado para consolidar alian\u00e7as entre fam\u00edlias, garantir terras e recursos, ou ampliar redes de influ\u00eancia.\n    \u2022 Casamento passa a ser indissol\u00favel (sacramento), div\u00f3rcio n\u00e3o \u00e9 aceito. (Baixa Idade M\u00e9dia)\n    \u2022 At\u00e9 o s\u00e9culo VIII o concubinato \u00e9 uma pr\u00e1tica comum. (FAVIER, Jean. Carlos Magno. 2004. pag 134-135)\n\nA FAM\u00cdLIA BURGUESA. \n    \u2022 N\u00facleo restrito (pai, m\u00e3e e filhos), separado da parentela ampla. Deixa de ser extensa ou ampliada.\n    \u2022 Separa\u00e7\u00e3o entre casa (privado) e trabalho (externo). Os bens im\u00f3veis deixam de ser parte da fam\u00edlia.\n    \u2022 Monogamia jur\u00eddica r\u00edgida: na modernidade se torna regra social generalizada e comportamento esperado.\n    \u2022 A heran\u00e7a transfere a propriedade privada entre indiv\u00edduos; a fam\u00edlia deixa de ser o n\u00facleo (sujeito) da propriedade e passa a ser o principal meio de sua transmiss\u00e3o.\n    \u2022 Valoriza\u00e7\u00e3o do casamento por escolha e do v\u00ednculo afetivo (normalizado pela Igreja s\u00f3 no s\u00e9culo XII)\n    \u2022 Posi\u00e7\u00e3o social se faz pela propriedade abstrata do capital.  Deixa de ser uma unidade direita de produ\u00e7\u00e3o.\n\n______________________________________________________________\nADQUIRA:\n\u27a1 ANU\u00c1RIO ESTAT\u00cdSTICO DO ILAESE :\nhttps:\/\/editorasundermann.com.br\/produto\/ilaese-anuario-estatistico-2025-trabalho-e-exploracao\/\n\u27a1  LIVRO MARX E A FILOSOFIA: \nhttps:\/\/editorasundermann.com.br\/produto\/marx-e-a-filosofia-tomos-i-e-ii-pre-venda-envios-a-partir-de-02-12-2025\/\n\u27a1 LIVRO MARX E A HIST\u00d3RIA: \nhttps:\/\/editorasundermann.com.br\/produto\/marx-e-a-historia\/\n______________________________________________________________\nSEJA MEMBRO e apoie o canal. Bot\u00e3o ADERIR acima ou: \n\u27a1 https:\/\/www.youtube.com\/channel\/UCRLEkZpNRoZQBG8kUTBD8vQ\/join\n\nV\u00eddeo sobre ser membro do canal:\n\u27a1 https:\/\/www.youtube.com\/watch?v=drvou-obBVU\n______________________________________________________________\nSiga as p\u00e1ginas do canal Orienta\u00e7\u00e3o Marxista nas Redes Sociais\n\n\u24d5 FACEBOOK:    https:\/\/www.facebook.com\/Orienta\u00e7\u00e3o-Marxista-111673690190915\n\ud835\udd4f TWITTER (X):       https:\/\/x.com\/orient_marxista\n\ud83d\udcf7 INSTAGRAM: https:\/\/www.instagram.com\/orient.marxista\n______________________________________________________________\nLeia o portal Opini\u00e3o Socialista:\n\u27a1 https:\/\/www.opiniaosocialista.com.br\/\n\n\n#familia  #conservadores  #patria","original_language":"pt-BR","publication_date":"2026-04-27","duration":0,"url":"https:\/\/www.youtube.com\/watch?v=PnSItWb3xSU","thumbnail":"thumbnails\/PnSItWb3xSU.jpg"},{"video_id":"fM_5qAiR964","channel_id":"UCRLEkZpNRoZQBG8kUTBD8vQ","title":"Nikolas Ferreira e a JORNADA 6X1 | REAGINDO EP #254","description":"______________________________________________________________\nV\u00eddeo sugerido: \nA produtividade do trabalho no Brasil \u00e9 BAIXA? | Est\u00e3o te enganando EP #253 \nhttps:\/\/youtu.be\/tiNvD5Rm9Sg \n\nJornada 6x1 e produtividade | O ESTUDO PICARETA DA FIEMG EP #246 \nhttps:\/\/www.youtube.com\/watch?v=rzqH9ujTn7s\n\n______________________________________________________________\nADQUIRA:\n\u27a1 ANU\u00c1RIO ESTAT\u00cdSTICO DO ILAESE :\nhttps:\/\/editorasundermann.com.br\/produto\/ilaese-anuario-estatistico-2025-trabalho-e-exploracao\/\n\u27a1  LIVRO MARX E A FILOSOFIA: \nhttps:\/\/editorasundermann.com.br\/produto\/marx-e-a-filosofia-tomos-i-e-ii-pre-venda-envios-a-partir-de-02-12-2025\/\n\u27a1 LIVRO MARX E A HIST\u00d3RIA: \nhttps:\/\/editorasundermann.com.br\/produto\/marx-e-a-historia\/\n______________________________________________________________\nSEJA MEMBRO e apoie o canal. Bot\u00e3o ADERIR acima ou: \n\u27a1 https:\/\/www.youtube.com\/channel\/UCRLEkZpNRoZQBG8kUTBD8vQ\/join\n\nV\u00eddeo sobre ser membro do canal:\n\u27a1 https:\/\/www.youtube.com\/watch?v=drvou-obBVU\n______________________________________________________________\nSiga as p\u00e1ginas do canal Orienta\u00e7\u00e3o Marxista nas Redes Sociais\n\n\u24d5 FACEBOOK:    https:\/\/www.facebook.com\/Orienta\u00e7\u00e3o-Marxista-111673690190915\n\ud835\udd4f TWITTER (X):       https:\/\/x.com\/orient_marxista\n\ud83d\udcf7 INSTAGRAM: https:\/\/www.instagram.com\/orient.marxista\n______________________________________________________________\nLeia o portal Opini\u00e3o Socialista:\n\u27a1 https:\/\/www.opiniaosocialista.com.br\/\n\n\n#nikolasferreira  #jornada6x1  #reagindo","original_language":"pt-BR","publication_date":"2026-04-21","duration":0,"url":"https:\/\/www.youtube.com\/watch?v=fM_5qAiR964","thumbnail":"thumbnails\/fM_5qAiR964.jpg"},{"video_id":"tiNvD5Rm9Sg","channel_id":"UCRLEkZpNRoZQBG8kUTBD8vQ","title":"A produtividade do trabalho no Brasil \u00e9 BAIXA? | Est\u00e3o te enganando EP #253","description":"Artigo comentado: \nhttps:\/\/www.opiniaosocialista.com.br\/a-produtividade-do-trabalho-no-brasil-permite-o-fim-da-jornada-6x1\/\n\nTrecho: \nCom o avan\u00e7o da luta pelo fim da jornada de trabalho 6\u00d71, federa\u00e7\u00f5es patronais, megaempres\u00e1rios e pol\u00edticos como Nikolas Ferreira (PL-MG), em tom vacilante e hip\u00f3crita, dizem: n\u00e3o d\u00e1 para reduzir a jornada. O motivo? A produtividade do trabalho no Brasil, dizem, \u00e9 baixa. Se a jornada cair, a consequ\u00eancia ser\u00e1 mais desemprego e infla\u00e7\u00e3o. \u00c9 inevit\u00e1vel, garantem. Seria a \u00fanica forma de as empresas compensarem a eleva\u00e7\u00e3o dos custos.\n\nE o trabalhador entra onde? Entra como sempre entrou. Deve entender a situa\u00e7\u00e3o. Deve ser responsabilizado por essa produtividade dita baixa e agir com responsabilidade em rela\u00e7\u00e3o ao futuro. Deve produzir mais. Trabalhar mais. Quem sabe assim, um dia, a produtividade finalmente melhore \u2013 e a\u00ed, talvez, se possa pensar em trabalhar menos.\n\nDevemos dizer sem voltas: todo esse discurso sobre a produtividade no Brasil \u00e9 mentiroso do come\u00e7o ao fim. O que os economistas e federa\u00e7\u00f5es patronais de plant\u00e3o chamam de produtividade e pol\u00edticos, como Nikolas Ferreira, repetem como papagaios n\u00e3o \u00e9 produtividade, mas complexidade m\u00e9dia do trabalho no pa\u00eds.\n\nO que \u00e9 produtividade do trabalho?\n\nO que a patronal e seus representantes chamam de produtividade \u00e9, na verdade, o PIB por hora trabalhada. A ideia \u00e9 simples. Pegamos o PIB do pa\u00eds em um dado ano e dividimos pelo total de horas trabalhadas, ou seja, o total de trabalhadores multiplicado pela jornada de trabalho. Qual o problema dessa forma de calcular a produtividade? Tudo.\n\nSe um mesmo grupo de trabalhadores, suponhamos na ind\u00fastria de cal\u00e7ados, passou a produzir com uma nova m\u00e1quina o dobro de mercadorias no mesmo tempo, sua produtividade dobrou, correto? Correto, mas como fica o PIB por hora trabalhada? Ele tamb\u00e9m dobrou? N\u00e3o necessariamente.\n\nO problema \u00e9 que, quando temos um salto de produtividade, ele tende a ser generalizado pelas demais empresas que concorrem no mesmo mercado. O resultado desse processo \u00e9 a redu\u00e7\u00e3o do pre\u00e7o das mercadorias. Nesse exemplo, se o sapato custava R$ 200, ele passa a custar, com esse salto de produtividade, R$ 100. A produtividade dobrou, mas o PIB por hora trabalhada continua exatamente o mesmo.\n\nMuitos podem achar que o exemplo que demos acima \u00e9 fantasioso, porque n\u00e3o vemos na realidade os pre\u00e7os baixarem a todo o tempo. Apesar disso, esse aumento de produtividade acontece sim, e h\u00e1 muito tempo. S\u00f3 n\u00e3o aparece como queda brusca de pre\u00e7os porque se d\u00e1 aos poucos, ao longo de d\u00e9cadas. Basta olhar em perspectiva.\n\n______________________________________________________________\nV\u00eddeo sugerido:\nJornada 6x1 e produtividade | O ESTUDO PICARETA DA FIEMG EP #246 \nhttps:\/\/www.youtube.com\/watch?v=rzqH9ujTn7s\n______________________________________________________________\nADQUIRA:\n\u27a1 ANU\u00c1RIO ESTAT\u00cdSTICO DO ILAESE :\nhttps:\/\/editorasundermann.com.br\/produto\/ilaese-anuario-estatistico-2025-trabalho-e-exploracao\/\n\u27a1  LIVRO MARX E A FILOSOFIA: \nhttps:\/\/editorasundermann.com.br\/produto\/marx-e-a-filosofia-tomos-i-e-ii-pre-venda-envios-a-partir-de-02-12-2025\/\n\u27a1 LIVRO MARX E A HIST\u00d3RIA: \nhttps:\/\/editorasundermann.com.br\/produto\/marx-e-a-historia\/\n______________________________________________________________\nSEJA MEMBRO e apoie o canal. Bot\u00e3o ADERIR acima ou: \n\u27a1 https:\/\/www.youtube.com\/channel\/UCRLEkZpNRoZQBG8kUTBD8vQ\/join\n\nV\u00eddeo sobre ser membro do canal:\n\u27a1 https:\/\/www.youtube.com\/watch?v=drvou-obBVU\n______________________________________________________________\nSiga as p\u00e1ginas do canal Orienta\u00e7\u00e3o Marxista nas Redes Sociais\n\n\u24d5 FACEBOOK:    https:\/\/www.facebook.com\/Orienta\u00e7\u00e3o-Marxista-111673690190915\n\ud835\udd4f TWITTER (X):       https:\/\/x.com\/orient_marxista\n\ud83d\udcf7 INSTAGRAM: https:\/\/www.instagram.com\/orient.marxista\n______________________________________________________________\nLeia o portal Opini\u00e3o Socialista:\n\u27a1 https:\/\/www.opiniaosocialista.com.br\/\n\n\n#produtividadenotrabalho  #jornada6x1  #brasil","original_language":"pt-BR","publication_date":"2026-04-18","duration":0,"url":"https:\/\/www.youtube.com\/watch?v=tiNvD5Rm9Sg","thumbnail":"thumbnails\/tiNvD5Rm9Sg.jpg"},{"video_id":"HguK4POItuA","channel_id":"UCWBk05FplU93JomQ345w24Q","title":"Quando falso moralismo rima com apologia ao naz\u221asmo!","description":"","original_language":"pt-BR","publication_date":"2026-04-14","duration":0,"url":"https:\/\/www.youtube.com\/watch?v=HguK4POItuA","thumbnail":"thumbnails\/HguK4POItuA.jpg"},{"video_id":"Rr0S9qfabT0","channel_id":"UCWBk05FplU93JomQ345w24Q","title":"Deputada bolsonarista contra o ensino obrigatorio de hist\u00f3ria afro-brasileira e ind\u00edgena","description":"","original_language":"pt-BR","publication_date":"2026-04-13","duration":0,"url":"https:\/\/www.youtube.com\/watch?v=Rr0S9qfabT0","thumbnail":"thumbnails\/Rr0S9qfabT0.jpg"},{"video_id":"Aw7wrvBMCws","channel_id":"UCRLEkZpNRoZQBG8kUTBD8vQ","title":"MARX e a necessidade de um PARTIDO Pol\u00edtico | Carta in\u00e9dita EP #252","description":"Mensagem do Comit\u00ea Central \u00e0 Liga dos Comunistas - Karl Marx, Friedrich Engels\nhttps:\/\/orientacaomarxista.blogspot.com\/2008\/09\/mensagem-do-comit-central-liga-dos.html\n\n Carta circular de Marx \u00e0 Social-democracia alem\u00e3  De Marx e Engels para August Bebel, Wilhelm Liebknecht, Wilhelm Bracke e outros.\nhttps:\/\/teoriaerevolucao.pstu.org.br\/carta-circular-de-marx-a-social-democracia-alema\/\n\nCorrespond\u00eancia in\u00e9dita entre Karl Marx e Jules Guesde, 1879\nhttps:\/\/www.verinotio.org\/sistema\/index.php\/verinotio\/article\/view\/739\/748\n\n______________________________________________________________\nV\u00eddeo sugerido: \n MARX E O PARTIDO | O mito da classe-partido EP #122 \nhttps:\/\/www.youtube.com\/watch?v=5oxnlMkKrX0\n\n______________________________________________________________\nADQUIRA:\n\u27a1 ANU\u00c1RIO ESTAT\u00cdSTICO DO ILAESE :\nhttps:\/\/editorasundermann.com.br\/produto\/ilaese-anuario-estatistico-2025-trabalho-e-exploracao\/\n\u27a1  LIVRO MARX E A FILOSOFIA: \nhttps:\/\/editorasundermann.com.br\/produto\/marx-e-a-filosofia-tomos-i-e-ii-pre-venda-envios-a-partir-de-02-12-2025\/\n\u27a1 LIVRO MARX E A HIST\u00d3RIA: \nhttps:\/\/editorasundermann.com.br\/produto\/marx-e-a-historia\/\n______________________________________________________________\nSEJA MEMBRO e apoie o canal. Bot\u00e3o ADERIR acima ou: \n\u27a1 https:\/\/www.youtube.com\/channel\/UCRLEkZpNRoZQBG8kUTBD8vQ\/join\n\nV\u00eddeo sobre ser membro do canal:\n\u27a1 https:\/\/www.youtube.com\/watch?v=drvou-obBVU\n______________________________________________________________\nSiga as p\u00e1ginas do canal Orienta\u00e7\u00e3o Marxista nas Redes Sociais\n\n\u24d5 FACEBOOK:    https:\/\/www.facebook.com\/Orienta\u00e7\u00e3o-Marxista-111673690190915\n\ud835\udd4f TWITTER (X):       https:\/\/x.com\/orient_marxista\n\ud83d\udcf7 INSTAGRAM: https:\/\/www.instagram.com\/orient.marxista\n______________________________________________________________\nLeia o portal Opini\u00e3o Socialista:\n\u27a1 https:\/\/www.opiniaosocialista.com.br\/\n\n\n#Marx #Partido #Elei\u00e7\u00f5es","original_language":"pt-BR","publication_date":"2026-04-12","duration":0,"url":"https:\/\/www.youtube.com\/watch?v=Aw7wrvBMCws","thumbnail":"thumbnails\/Aw7wrvBMCws.jpg"},{"video_id":"cnmXlesQrfw","channel_id":"UCWBk05FplU93JomQ345w24Q","title":"Quem \u00e9 Hertz Dias! ta","description":"","original_language":"pt-BR","publication_date":"2026-04-09","duration":0,"url":"https:\/\/www.youtube.com\/watch?v=cnmXlesQrfw","thumbnail":"thumbnails\/cnmXlesQrfw.jpg"},{"video_id":"PjOzzcckSRU","channel_id":"UCWBk05FplU93JomQ345w24Q","title":"Mais uma vez a Globo excluiu nossa pr\u00e9-candidatura!","description":"","original_language":"pt-BR","publication_date":"2026-04-07","duration":0,"url":"https:\/\/www.youtube.com\/watch?v=PjOzzcckSRU","thumbnail":"thumbnails\/PjOzzcckSRU.jpg"},{"video_id":"V2ee2rXxc8c","channel_id":"UCWBk05FplU93JomQ345w24Q","title":"Renan Santos, sindicato n\u00e3o \u00e9 m\u00e1fi@learnandplay_together","description":"","original_language":"pt-BR","publication_date":"2026-04-06","duration":0,"url":"https:\/\/www.youtube.com\/watch?v=V2ee2rXxc8c","thumbnail":"thumbnails\/V2ee2rXxc8c.jpg"},{"video_id":"V8I0kBBmdaA","channel_id":"UCRLEkZpNRoZQBG8kUTBD8vQ","title":"Fi\u00f3dor Dostoi\u00e9vski | RECOMENDANDO LIVROS EP #251","description":"Fi\u00f3dor Dostoi\u00e9vski: apresenta\u00e7\u00e3o de algumas de suas principais obras \u2014 Crime e Castigo, Os Irm\u00e3os Karam\u00e1zov, O Idiota, Os Dem\u00f4nios e Mem\u00f3rias do Subsolo. Caracter\u00edsticas de um Romance, sua diferen\u00e7a para uma obra dram\u00e1tica.\n\n______________________________________________________________\nADQUIRA:\n\u27a1 ANU\u00c1RIO ESTAT\u00cdSTICO DO ILAESE :\nhttps:\/\/editorasundermann.com.br\/produto\/ilaese-anuario-estatistico-2025-trabalho-e-exploracao\/\n\u27a1  LIVRO MARX E A FILOSOFIA: \nhttps:\/\/editorasundermann.com.br\/produto\/marx-e-a-filosofia-tomos-i-e-ii-pre-venda-envios-a-partir-de-02-12-2025\/\n\u27a1 LIVRO MARX E A HIST\u00d3RIA: \nhttps:\/\/editorasundermann.com.br\/produto\/marx-e-a-historia\/\n______________________________________________________________\nSEJA MEMBRO e apoie o canal. Bot\u00e3o ADERIR acima ou: \n\u27a1 https:\/\/www.youtube.com\/channel\/UCRLEkZpNRoZQBG8kUTBD8vQ\/join\n\nV\u00eddeo sobre ser membro do canal:\n\u27a1 https:\/\/www.youtube.com\/watch?v=drvou-obBVU\n______________________________________________________________\nSiga as p\u00e1ginas do canal Orienta\u00e7\u00e3o Marxista nas Redes Sociais\n\n\u24d5 FACEBOOK:    https:\/\/www.facebook.com\/Orienta\u00e7\u00e3o-Marxista-111673690190915\n\ud835\udd4f TWITTER (X):       https:\/\/x.com\/orient_marxista\n\ud83d\udcf7 INSTAGRAM: https:\/\/www.instagram.com\/orient.marxista\n______________________________________________________________\nLeia o portal Opini\u00e3o Socialista:\n\u27a1 https:\/\/www.opiniaosocialista.com.br\/\n\n\n#dostoievski  #crimeecastigo  #literatura","original_language":"pt-BR","publication_date":"2026-04-05","duration":0,"url":"https:\/\/www.youtube.com\/watch?v=V8I0kBBmdaA","thumbnail":"thumbnails\/V8I0kBBmdaA.jpg"},{"video_id":"Uh4UT7Zwfis","channel_id":"UCWBk05FplU93JomQ345w24Q","title":"A Globo quer silenciar a esquerda radical!","description":"","original_language":"pt-BR","publication_date":"2026-04-01","duration":0,"url":"https:\/\/www.youtube.com\/watch?v=Uh4UT7Zwfis","thumbnail":"thumbnails\/Uh4UT7Zwfis.jpg"},{"video_id":"FoCoXpT1Kaw","channel_id":"UCRLEkZpNRoZQBG8kUTBD8vQ","title":"Sobre a Guerra EUA-Israel x Ir\u00e3","description":"Hoje vai ter live para batermos um papo sobre a guerra EUA-Israel x Ir\u00e3. Quais os reais motivos, cen\u00e1rios poss\u00edveis, o papel do Petr\u00f3leo, diferen\u00e7a entre Ir\u00e3 e a Venezuela. Por fim, consequ\u00eancias para o Brasil. \nO foco ser\u00e1 nas respostas e participa\u00e7\u00e3o dos inscritos. N\u00e3o percam!","original_language":"en-US","publication_date":"2026-03-31","duration":0,"url":"https:\/\/www.youtube.com\/watch?v=FoCoXpT1Kaw","thumbnail":"thumbnails\/FoCoXpT1Kaw.jpg"},{"video_id":"oVz4PkGlOkI","channel_id":"UCRLEkZpNRoZQBG8kUTBD8vQ","title":"A pergunta que NENHUM liberal responde #shorts","description":"ADQUIRA:\n\u27a1 ANU\u00c1RIO ESTAT\u00cdSTICO DO ILAESE :\nhttps:\/\/editorasundermann.com.br\/produto\/ilaese-anuario-estatistico-2025-trabalho-e-exploracao\/\n\u27a1  LIVRO MARX E A FILOSOFIA: \nhttps:\/\/editorasundermann.com.br\/produto\/marx-e-a-filosofia-tomos-i-e-ii-pre-venda-envios-a-partir-de-02-12-2025\/\n\u27a1 LIVRO MARX E A HIST\u00d3RIA: \nhttps:\/\/editorasundermann.com.br\/produto\/marx-e-a-historia\/\n______________________________________________________________\nSEJA MEMBRO e apoie o canal. Bot\u00e3o ADERIR acima ou: \n\u27a1 https:\/\/www.youtube.com\/channel\/UCRLEkZpNRoZQBG8kUTBD8vQ\/join\n\nV\u00eddeo sobre ser membro do canal:\n\u27a1 https:\/\/www.youtube.com\/watch?v=drvou-obBVU\n______________________________________________________________\nSiga as p\u00e1ginas do canal Orienta\u00e7\u00e3o Marxista nas Redes Sociais\n\n\u24d5 FACEBOOK:    https:\/\/www.facebook.com\/Orienta\u00e7\u00e3o-Marxista-111673690190915\n\ud835\udd4f TWITTER (X):       https:\/\/x.com\/orient_marxista\n\ud83d\udcf7 INSTAGRAM: https:\/\/www.instagram.com\/orient.marxista\n______________________________________________________________\nLeia o portal Opini\u00e3o Socialista:\n\u27a1 https:\/\/www.opiniaosocialista.com.br\/\n\n\n#liberalismo  #for\u00e7adetrabalho #desafio","original_language":"pt-BR","publication_date":"2026-03-31","duration":0,"url":"https:\/\/www.youtube.com\/watch?v=oVz4PkGlOkI","thumbnail":"thumbnails\/oVz4PkGlOkI.jpg"},{"video_id":"Idld3iQBsQ0","channel_id":"UCWBk05FplU93JomQ345w24Q","title":"Fl\u00e1vio Bolsonaro capacho de Trump","description":"","original_language":"pt-BR","publication_date":"2026-03-30","duration":0,"url":"https:\/\/www.youtube.com\/watch?v=Idld3iQBsQ0","thumbnail":"thumbnails\/Idld3iQBsQ0.jpg"},{"video_id":"22srQlguCRc","channel_id":"UCRLEkZpNRoZQBG8kUTBD8vQ","title":"Nova ordem mundial? O que o Trump quer #shorts","description":"ADQUIRA:\n\u27a1 ANU\u00c1RIO ESTAT\u00cdSTICO DO ILAESE :\nhttps:\/\/editorasundermann.com.br\/produto\/ilaese-anuario-estatistico-2025-trabalho-e-exploracao\/\n\u27a1  LIVRO MARX E A FILOSOFIA: \nhttps:\/\/editorasundermann.com.br\/produto\/marx-e-a-filosofia-tomos-i-e-ii-pre-venda-envios-a-partir-de-02-12-2025\/\n\u27a1 LIVRO MARX E A HIST\u00d3RIA: \nhttps:\/\/editorasundermann.com.br\/produto\/marx-e-a-historia\/\n______________________________________________________________\nSEJA MEMBRO e apoie o canal. Bot\u00e3o ADERIR acima ou: \n\u27a1 https:\/\/www.youtube.com\/channel\/UCRLEkZpNRoZQBG8kUTBD8vQ\/join\n\nV\u00eddeo sobre ser membro do canal:\n\u27a1 https:\/\/www.youtube.com\/watch?v=drvou-obBVU\n______________________________________________________________\nSiga as p\u00e1ginas do canal Orienta\u00e7\u00e3o Marxista nas Redes Sociais\n\n\u24d5 FACEBOOK:    https:\/\/www.facebook.com\/Orienta\u00e7\u00e3o-Marxista-111673690190915\n\ud835\udd4f TWITTER (X):       https:\/\/x.com\/orient_marxista\n\ud83d\udcf7 INSTAGRAM: https:\/\/www.instagram.com\/orient.marxista\n______________________________________________________________\nLeia o portal Opini\u00e3o Socialista:\n\u27a1 https:\/\/www.opiniaosocialista.com.br\/\n\n\n#ordemmundial #trump  #tarifasdetrump","original_language":"pt-BR","publication_date":"2026-03-27","duration":0,"url":"https:\/\/www.youtube.com\/watch?v=22srQlguCRc","thumbnail":"thumbnails\/22srQlguCRc.jpg"},{"video_id":"gZG5XPMSOcg","channel_id":"UCRLEkZpNRoZQBG8kUTBD8vQ","title":"CHINA X EUA | Os setores dominantes no capitalismo mundial EP #250","description":"Neste v\u00eddeo, baseado nos dados e metodologia do anu\u00e1rio do ILAESE analisamos os setores atualmente dominantes no capitalismo mundial e sua distribui\u00e7\u00e3o entre a China e os Estados Unidos.\n\n______________________________________________________________\nADQUIRA:\n\u27a1 ANU\u00c1RIO ESTAT\u00cdSTICO DO ILAESE :\nhttps:\/\/editorasundermann.com.br\/produto\/ilaese-anuario-estatistico-2025-trabalho-e-exploracao\/\n\u27a1  LIVRO MARX E A FILOSOFIA: \nhttps:\/\/editorasundermann.com.br\/produto\/marx-e-a-filosofia-tomos-i-e-ii-pre-venda-envios-a-partir-de-02-12-2025\/\n\u27a1 LIVRO MARX E A HIST\u00d3RIA: \nhttps:\/\/editorasundermann.com.br\/produto\/marx-e-a-historia\/\n______________________________________________________________\nSEJA MEMBRO e apoie o canal. Bot\u00e3o ADERIR acima ou: \n\u27a1 https:\/\/www.youtube.com\/channel\/UCRLEkZpNRoZQBG8kUTBD8vQ\/join\n\nV\u00eddeo sobre ser membro do canal:\n\u27a1 https:\/\/www.youtube.com\/watch?v=drvou-obBVU\n______________________________________________________________\nSiga as p\u00e1ginas do canal Orienta\u00e7\u00e3o Marxista nas Redes Sociais\n\n\u24d5 FACEBOOK:    https:\/\/www.facebook.com\/Orienta\u00e7\u00e3o-Marxista-111673690190915\n\ud835\udd4f TWITTER (X):       https:\/\/x.com\/orient_marxista\n\ud83d\udcf7 INSTAGRAM: https:\/\/www.instagram.com\/orient.marxista\n______________________________________________________________\nLeia o portal Opini\u00e3o Socialista:\n\u27a1 https:\/\/www.opiniaosocialista.com.br\/\n\n\n#China #eua  #petr\u00f3leo","original_language":"pt-BR","publication_date":"2026-03-24","duration":0,"url":"https:\/\/www.youtube.com\/watch?v=gZG5XPMSOcg","thumbnail":"thumbnails\/gZG5XPMSOcg.jpg"},{"video_id":"tHSXNr4Z8e4","channel_id":"UCWBk05FplU93JomQ345w24Q","title":"Nossa solidariedade a Tiago Santinele. Abaixo o r@c1smo religioso!","description":"","original_language":"pt-BR","publication_date":"2026-03-24","duration":0,"url":"https:\/\/www.youtube.com\/watch?v=tHSXNr4Z8e4","thumbnail":"thumbnails\/tHSXNr4Z8e4.jpg"},{"video_id":"fgz2ztGL6cc","channel_id":"UCRLEkZpNRoZQBG8kUTBD8vQ","title":"Monop\u00f3lio e segredo comercial | Desafio aos liberais #shorts","description":"ADQUIRA:\n\u27a1 ANU\u00c1RIO ESTAT\u00cdSTICO DO ILAESE :\nhttps:\/\/editorasundermann.com.br\/produto\/ilaese-anuario-estatistico-2025-trabalho-e-exploracao\/\n\u27a1  LIVRO MARX E A FILOSOFIA: \nhttps:\/\/editorasundermann.com.br\/produto\/marx-e-a-filosofia-tomos-i-e-ii-pre-venda-envios-a-partir-de-02-12-2025\/\n\u27a1 LIVRO MARX E A HIST\u00d3RIA: \nhttps:\/\/editorasundermann.com.br\/produto\/marx-e-a-historia\/\n______________________________________________________________\nSEJA MEMBRO e apoie o canal. Bot\u00e3o ADERIR acima ou: \n\u27a1 https:\/\/www.youtube.com\/channel\/UCRLEkZpNRoZQBG8kUTBD8vQ\/join\n\nV\u00eddeo sobre ser membro do canal:\n\u27a1 https:\/\/www.youtube.com\/watch?v=drvou-obBVU\n______________________________________________________________\nSiga as p\u00e1ginas do canal Orienta\u00e7\u00e3o Marxista nas Redes Sociais\n\n\u24d5 FACEBOOK:    https:\/\/www.facebook.com\/Orienta\u00e7\u00e3o-Marxista-111673690190915\n\ud835\udd4f TWITTER (X):       https:\/\/x.com\/orient_marxista\n\ud83d\udcf7 INSTAGRAM: https:\/\/www.instagram.com\/orient.marxista\n______________________________________________________________\nLeia o portal Opini\u00e3o Socialista:\n\u27a1 https:\/\/www.opiniaosocialista.com.br\/\n\n\n#monopolio  #livremercado  #liberalismo","original_language":"pt-BR","publication_date":"2026-03-22","duration":0,"url":"https:\/\/www.youtube.com\/watch?v=fgz2ztGL6cc","thumbnail":"thumbnails\/fgz2ztGL6cc.jpg"},{"video_id":"EKA-phM2pV4","channel_id":"UCWBk05FplU93JomQ345w24Q","title":"Cassa\u00e7\u00e3o j\u00e1 e pris\u00e3o para a deputada Fabiana Bolsonaro do PL-SP","description":"","original_language":"pt-BR","publication_date":"2026-03-20","duration":0,"url":"https:\/\/www.youtube.com\/watch?v=EKA-phM2pV4","thumbnail":"thumbnails\/EKA-phM2pV4.jpg"},{"video_id":"Urljc8q1iGI","channel_id":"UCWBk05FplU93JomQ345w24Q","title":"Desmascarando o r@c1sm0 de Renan Santos","description":"","original_language":"pt-BR","publication_date":"2026-03-20","duration":0,"url":"https:\/\/www.youtube.com\/watch?v=Urljc8q1iGI","thumbnail":"thumbnails\/Urljc8q1iGI.jpg"},{"video_id":"eCQL3Pg7u0A","channel_id":"UCRLEkZpNRoZQBG8kUTBD8vQ","title":"Ci\u00eancias humanas e Ci\u00eancias Naturais | MARX E A FILOSOFIA EP #249","description":"Segue os par\u00e1grafos comentados do livro Marx e A Filosofia, pag. 1057, com os primeiros itens do cat\u00e1logo das ilus\u00f5es:\n\n\"O que h\u00e1 de peculiar, contudo, \u00e9 que tais ilus\u00f5es n\u00e3o s\u00e3o primariamente subjetivas; n\u00e3o s\u00e3o resultado de um engano da consci\u00eancia pura e simplesmente; n\u00e3o s\u00e3o subprodutos de erros l\u00f3gicos, matem\u00e1ticos, argumentativos, experimentais; n\u00e3o s\u00e3o produtos de uma irracionalidade no campo te\u00f3rico ou de nossa experi\u00eancia limitada. Antes, tais ilus\u00f5es s\u00e3o reais, constituem o modo de aparecer do pr\u00f3prio capital, sua forma de manifesta\u00e7\u00e3o, seu modo de representa\u00e7\u00e3o e, assim, enquanto ilus\u00f5es, aparecem fantasmagoricamente diante dos agentes da sociedade. \u00c9 o pr\u00f3prio \u201cmodo de produ\u00e7\u00e3o capitalista que produz uma forma de pensamento enviesada naqueles que est\u00e3o no seu interior\u201d. Para afirmar algo dessa natureza, o estatuto do falso, do engano, do erro muda substancialmente em rela\u00e7\u00e3o a toda a tradi\u00e7\u00e3o classicamente estabelecida.\n Para melhor determinar a radicalidade dessa transforma\u00e7\u00e3o, cabe contrap\u00f4-la \u00e0s ci\u00eancias naturais.\n Tamb\u00e9m nesse caso, pode-se dizer que \u201ctoda a ci\u00eancia seria sup\u00e9rflua se a forma de manifesta\u00e7\u00e3o e a ess\u00eancia das coisas coincidissem imediatamente\u201d. Em sua apar\u00eancia imediata, para n\u00f3s, a Terra parece ser o centro absoluto de todo o universo e em torno da qual orbita o sol e os demais planetas. O tempo e o espa\u00e7o parecem ser absolutos e eternos. Energia e mat\u00e9ria parecem ser \u00e2mbitos distintos da exist\u00eancia e incapazes de se transformar uma na outra. Ao que parece, as esp\u00e9cies est\u00e3o dadas desde sempre em uma cadeia ecol\u00f3gica imut\u00e1vel e perfeita, estando cada coisa em seu devido lugar. E assim por diante.\n Nesses casos, contudo, a apar\u00eancia n\u00e3o coincide com sua ess\u00eancia em fun\u00e7\u00e3o de nosso referencial limitado, espacial e temporalmente; em fun\u00e7\u00e3o da limita\u00e7\u00e3o de nossos sentidos e instrumentos ou mesmo da limita\u00e7\u00e3o de nosso ferramental te\u00f3rico. Algo completamente diverso se passa nas rela\u00e7\u00f5es sociais e, em particular, naquelas capitalistas.\n Todas aquelas ilus\u00f5es, n\u00e3o coincidentes imediatamente com sua ess\u00eancia, n\u00e3o coincidem com ela independentemente do referencial, instrumentos e ferramental te\u00f3rico adotados. Na concorr\u00eancia, o sal\u00e1rio de fato se afigura, todos os dias, como o pre\u00e7o ou valor do trabalho; a terra \u00e9 de fato comprada e vendida por um pre\u00e7o e, portanto, por um valor; o capitalista de fato eleva o pre\u00e7o da mercadoria e, dessa maneira, obt\u00e9m um lucro; os indiv\u00edduos se relacionam livremente entre si no mercado, sem qualquer coer\u00e7\u00e3o externa predeterminada etc.\n Apesar disso, ao mesmo tempo que todas essas ilus\u00f5es s\u00e3o reais, comprovadas pela experi\u00eancia pr\u00e1tica de todos os agentes, elas traduzem uma rela\u00e7\u00e3o oposta, simult\u00e2nea, oculta, quando consideradas de uma perspectiva social. Ainda que de um modo menos cristalino, essas determina\u00e7\u00f5es opostas tamb\u00e9m podem ser capturadas por meio de crit\u00e9rios objetivos. Por exemplo, ao se elevar universalmente o pre\u00e7o da terra e a renda que ela propicia, n\u00e3o se eleva a riqueza total da sociedade, mas se reduz a taxa geral de lucro. O mesmo ocorre com o tempo de circula\u00e7\u00e3o e os juros. Se cada capitalista individual pode elevar seu lucro por um acr\u00e9scimo no pre\u00e7o, socialmente, um acr\u00e9scimo geral em todos os pre\u00e7os n\u00e3o pode elevar a riqueza social em um s\u00f3 centavo, mas apenas alterar sua express\u00e3o de valor, isto \u00e9, temos infla\u00e7\u00e3o. A liberdade que o trabalhador encontra ao comprar mercadorias ordin\u00e1rias e vender sua for\u00e7a de trabalho desaparece no lugar oculto da produ\u00e7\u00e3o e na negocia\u00e7\u00e3o do valor de sua for\u00e7a de trabalho.\n...\n\"\n\n______________________________________________________________\nV\u00eddeo sugerido: \nUm roteiro para compreender O Capital | CAT\u00c1LOGO DAS ILUS\u00d5ES EP #247\n https:\/\/youtu.be\/wmqYRQSPzo0 \n______________________________________________________________\nADQUIRA:\n\u27a1 ANU\u00c1RIO ESTAT\u00cdSTICO DO ILAESE :\nhttps:\/\/editorasundermann.com.br\/produto\/ilaese-anuario-estatistico-2025-trabalho-e-exploracao\/\n\u27a1  LIVRO MARX E A FILOSOFIA: \nhttps:\/\/editorasundermann.com.br\/produto\/marx-e-a-filosofia-tomos-i-e-ii-pre-venda-envios-a-partir-de-02-12-2025\/\n\u27a1 LIVRO MARX E A HIST\u00d3RIA: \nhttps:\/\/editorasundermann.com.br\/produto\/marx-e-a-historia\/\n______________________________________________________________\nSEJA MEMBRO e apoie o canal. Bot\u00e3o ADERIR acima ou: \n\u27a1 https:\/\/www.youtube.com\/channel\/UCRLEkZpNRoZQBG8kUTBD8vQ\/join\n\nV\u00eddeo sobre ser membro do canal:\n\u27a1 https:\/\/www.youtube.com\/watch?v=drvou-obBVU\n______________________________________________________________\nSiga as p\u00e1ginas do canal Orienta\u00e7\u00e3o Marxista nas Redes Sociais\n\n\u24d5 FACEBOOK:    https:\/\/www.facebook.com\/Orienta\u00e7\u00e3o-Marxista-111673690190915\n\ud835\udd4f TWITTER (X):       https:\/\/x.com\/orient_marxista\n\ud83d\udcf7 INSTAGRAM: https:\/\/www.instagram.com\/orient.marxista\n______________________________________________________________\nLeia o portal Opini\u00e3o Socialista:\n\u27a1 https:\/\/www.opiniaosocialista.com.br\/\n\n\n#cienciasnaturais  #cienciashumanas  #Marx","original_language":"pt-BR","publication_date":"2026-03-19","duration":0,"url":"https:\/\/www.youtube.com\/watch?v=eCQL3Pg7u0A","thumbnail":"thumbnails\/eCQL3Pg7u0A.jpg"},{"video_id":"cFkwbW4FmO8","channel_id":"UCRLEkZpNRoZQBG8kUTBD8vQ","title":"Os donos da riqueza no Brasil #shorts","description":"ADQUIRA:\n\u27a1 ANU\u00c1RIO ESTAT\u00cdSTICO DO ILAESE :\nhttps:\/\/editorasundermann.com.br\/produto\/ilaese-anuario-estatistico-2025-trabalho-e-exploracao\/\n\u27a1  LIVRO MARX E A FILOSOFIA: \nhttps:\/\/editorasundermann.com.br\/produto\/marx-e-a-filosofia-tomos-i-e-ii-pre-venda-envios-a-partir-de-02-12-2025\/\n\u27a1 LIVRO MARX E A HIST\u00d3RIA: \nhttps:\/\/editorasundermann.com.br\/produto\/marx-e-a-historia\/\n______________________________________________________________\nSEJA MEMBRO e apoie o canal. Bot\u00e3o ADERIR acima ou: \n\u27a1 https:\/\/www.youtube.com\/channel\/UCRLEkZpNRoZQBG8kUTBD8vQ\/join\n\nV\u00eddeo sobre ser membro do canal:\n\u27a1 https:\/\/www.youtube.com\/watch?v=drvou-obBVU\n______________________________________________________________\nSiga as p\u00e1ginas do canal Orienta\u00e7\u00e3o Marxista nas Redes Sociais\n\n\u24d5 FACEBOOK:    https:\/\/www.facebook.com\/Orienta\u00e7\u00e3o-Marxista-111673690190915\n\ud835\udd4f TWITTER (X):       https:\/\/x.com\/orient_marxista\n\ud83d\udcf7 INSTAGRAM: https:\/\/www.instagram.com\/orient.marxista\n______________________________________________________________\nLeia o portal Opini\u00e3o Socialista:\n\u27a1 https:\/\/www.opiniaosocialista.com.br\/\n\n\n#donosdomundo  #riqueza  #desigualdadecon\u00f3mica","original_language":"pt-BR","publication_date":"2026-03-17","duration":0,"url":"https:\/\/www.youtube.com\/watch?v=cFkwbW4FmO8","thumbnail":"thumbnails\/cFkwbW4FmO8.jpg"},{"video_id":"rU-Fw2O8m-8","channel_id":"UCRLEkZpNRoZQBG8kUTBD8vQ","title":"Idade M\u00e9dia | RECOMENDANDO LIVROS EP #248","description":"Neste v\u00eddeo, indico alguns livros a respeito da famigerada e mau tratada idade m\u00e9dia, dentre eles:\nWICKHAM, Chris. O Legado de Roma: iluminando a idade das trevas (400 -. 1000). Campinas: Editora Unicamp, Imprensa Oficial do Estado de S\u00e3o Paulo, 2019.\nHUIZINGA, Johan. O Decl\u00ednio da Idade M\u00e9dia. Braga: Editora Ulisseia, 1996.\nCARPEAUX, Otto Maria. Hist\u00f3ria da literatura ocidental. 3\u00aa ed. Bras\u00edlia: Edi\u00e7\u00f5es do Senado Federal, 2008. volume 1.\nGEARY, Patrick J. O Mito das Na\u00e7\u00f5es: a inven\u00e7\u00e3o do nacionalismo. S\u00e3o Paulo: Contrad Editora do Brasil, 2005. \n\nLivros cl\u00e1ssicos, obsoletos em muitas partes, mas marcos hist\u00f3ricos:\nBLOCH, Marc. A Sociedade Feudal, trad. portuguesa, Lisboa, Edi\u00e7\u00f5es. 70, 1982\nPIRENNE, Henri. Maom\u00e9 e Carlos Magno, trad. port. Lisboa. Publica\u00e7\u00f5es Dom Quixote. 1970\n\nCALEND\u00c1RIO DE LAN\u00c7AMENTOS DO ANU\u00c1RIO ESTAT\u00cdSTICO DO ILAESE COM MINHA PARTICIPA\u00c7\u00c3O\n\n07\/03 S\u00c3O PAULO-SP - SINTRAJUD \u00e0s 17:30\n09\/03 BELO HORIZONTE-MG - UNIVERSIDADE P\u00daBLICA EM UM PA\u00cdS SEM SOBERANIA na arena da FAFICH \u00c0S 17 HORAS\n10\/03 S\u00c3O JOS\u00c9 DOS CAMPOS-SP - audit\u00f3rio do sindicato dos metal\u00fargicos \u00e0s 18 horas\n11\/03 SOROCABA-SP - UFSCAR, \u00e0s 14 horas no audit\u00f3rio ATLAB E \u00e0s 19 horas\n12\/03 CAMPINAS-SP - Audit\u00f3rio UNICAMP \u00e0s 14:30\n17\/03 NATAL-RN - Audit\u00f3rio do Sindicato dos Banc\u00e1rios \u00e0s 18 horas\n18\/03 NATAL-RN - lan\u00e7amento do livro Marx e a Filosofia no  Audit\u00f3rio B \u2013 CCHLA\/UFRN \u00e0s 18 horas\n19\/03 NATAL-RN - Mesa: Big Techs, Imperialismo e a Luta do Movimento Estudantil. Calourada Vermelha \u2013 IMD\/UFRN \u00e0s 14 horas\n21\/03 RECIFE-PE - MTC - Movimento de trabalhadores crist\u00e3os \u00e0s 9:30\n24\/03 RECIFE-PE - UFPE Audit\u00f3rio do CFCH, 5\u00ba andar \u00e0s 17 horas\n28\/03 PORTO ALEGRE - na sede da ASSMS \u00e0s 18:30\n03 - 05\/04 - MANAUS\n18 A 21\/04 CONGRESSO CSP-CONLUTAS\n______________________________________________________________\nADQUIRA:\n\u27a1 ANU\u00c1RIO ESTAT\u00cdSTICO DO ILAESE :\nhttps:\/\/editorasundermann.com.br\/produto\/ilaese-anuario-estatistico-2025-trabalho-e-exploracao\/\n\u27a1  LIVRO MARX E A FILOSOFIA: \nhttps:\/\/editorasundermann.com.br\/produto\/marx-e-a-filosofia-tomos-i-e-ii-pre-venda-envios-a-partir-de-02-12-2025\/\n\u27a1 LIVRO MARX E A HIST\u00d3RIA: \nhttps:\/\/editorasundermann.com.br\/produto\/marx-e-a-historia\/\n______________________________________________________________\nSEJA MEMBRO e apoie o canal. Bot\u00e3o ADERIR acima ou: \n\u27a1 https:\/\/www.youtube.com\/channel\/UCRLEkZpNRoZQBG8kUTBD8vQ\/join\n\nV\u00eddeo sobre ser membro do canal:\n\u27a1 https:\/\/www.youtube.com\/watch?v=drvou-obBVU\n______________________________________________________________\nSiga as p\u00e1ginas do canal Orienta\u00e7\u00e3o Marxista nas Redes Sociais\n\n\u24d5 FACEBOOK:    https:\/\/www.facebook.com\/Orienta\u00e7\u00e3o-Marxista-111673690190915\n\ud835\udd4f TWITTER (X):       https:\/\/x.com\/orient_marxista\n\ud83d\udcf7 INSTAGRAM: https:\/\/www.instagram.com\/orient.marxista\n______________________________________________________________\nLeia o portal Opini\u00e3o Socialista:\n\u27a1 https:\/\/www.opiniaosocialista.com.br\/\n\n\n# # #","original_language":"pt-PT","publication_date":"2026-03-15","duration":0,"url":"https:\/\/www.youtube.com\/watch?v=rU-Fw2O8m-8","thumbnail":"thumbnails\/rU-Fw2O8m-8.jpg"},{"video_id":"Rqwx4v8lW_U","channel_id":"UCRLEkZpNRoZQBG8kUTBD8vQ","title":"Desafio aos liberais: quem paga imposto no Brasil? #shorts","description":"CALEND\u00c1RIO DE LAN\u00c7AMENTOS DO ANU\u00c1RIO ESTAT\u00cdSTICO DO ILAESE\n\n12\/03 CAMPINAS-SP - Audit\u00f3rio UNICAMP \u00e0s 14:30\n17\/03 NATAL-RN - Audit\u00f3rio do Sindicato dos Banc\u00e1rios \u00e0s 18 horas\n18\/03 NATAL-RN - lan\u00e7amento do livro Marx e a Filosofia no  Audit\u00f3rio B \u2013 CCHLA\/UFRN \u00e0s 18 horas\n19\/03 NATAL-RN - Mesa: Big Techs, Imperialismo e a Luta do Movimento Estudantil. Calourada Vermelha \u2013 IMD\/UFRN \u00e0s 14 horas\n21\/03 RECIFE-PE - MTC - Movimento de trabalhadores crist\u00e3os \u00e0s 9:30\n24\/03 RECIFE-PE - UFPE Audit\u00f3rio do CFCH, 5\u00ba andar \u00e0s 17 horas\n28\/03 PORTO ALEGRE - na sede da ASSMS \u00e0s 18:30\n03 - 05\/04 - MANAUS\n18 A 21\/04 CONGRESSO CSP-CONLUTAS\n______________________________________________________________\nADQUIRA:\n\u27a1 ANU\u00c1RIO ESTAT\u00cdSTICO DO ILAESE :\nhttps:\/\/editorasundermann.com.br\/produto\/ilaese-anuario-estatistico-2025-trabalho-e-exploracao\/\n\u27a1  LIVRO MARX E A FILOSOFIA: \nhttps:\/\/editorasundermann.com.br\/produto\/marx-e-a-filosofia-tomos-i-e-ii-pre-venda-envios-a-partir-de-02-12-2025\/\n\u27a1 LIVRO MARX E A HIST\u00d3RIA: \nhttps:\/\/editorasundermann.com.br\/produto\/marx-e-a-historia\/\n______________________________________________________________\nSEJA MEMBRO e apoie o canal. Bot\u00e3o ADERIR acima ou: \n\u27a1 https:\/\/www.youtube.com\/channel\/UCRLEkZpNRoZQBG8kUTBD8vQ\/join\n\nV\u00eddeo sobre ser membro do canal:\n\u27a1 https:\/\/www.youtube.com\/watch?v=drvou-obBVU\n______________________________________________________________\nSiga as p\u00e1ginas do canal Orienta\u00e7\u00e3o Marxista nas Redes Sociais\n\n\u24d5 FACEBOOK:    https:\/\/www.facebook.com\/Orienta\u00e7\u00e3o-Marxista-111673690190915\n\ud835\udd4f TWITTER (X):       https:\/\/x.com\/orient_marxista\n\ud83d\udcf7 INSTAGRAM: https:\/\/www.instagram.com\/orient.marxista\n______________________________________________________________\nLeia o portal Opini\u00e3o Socialista:\n\u27a1 https:\/\/www.opiniaosocialista.com.br\/\n\n\n# # #","original_language":"pt-BR","publication_date":"2026-03-12","duration":0,"url":"https:\/\/www.youtube.com\/watch?v=Rqwx4v8lW_U","thumbnail":"thumbnails\/Rqwx4v8lW_U.jpg"},{"video_id":"Roa40xX1t8g","channel_id":"UCWBk05FplU93JomQ345w24Q","title":"Lindo v\u00eddeo da camarada Maria Psol em apoio a nossa pr\u00e9-candidatura.","description":"","original_language":"pt-BR","publication_date":"2026-03-10","duration":0,"url":"https:\/\/www.youtube.com\/watch?v=Roa40xX1t8g","thumbnail":"thumbnails\/Roa40xX1t8g.jpg"},{"video_id":"wmqYRQSPzo0","channel_id":"UCRLEkZpNRoZQBG8kUTBD8vQ","title":"Um roteiro para compreender O Capital | CAT\u00c1LOGO DAS ILUS\u00d5ES EP #247","description":"Segue o in\u00edcio do par\u00e1grafo do livro Marx e A Filosofia, pag. 1055, com os primeiros itens do cat\u00e1logo das ilus\u00f5es:\n\n\"A ilus\u00e3o de que a mercadoria \u00e9 uma coisa, a ilus\u00e3o de que o dinheiro \u00e9 a riqueza por excel\u00eancia, a ilus\u00e3o de que o Estado ou qualquer outro agente cria dinheiro, a ilus\u00e3o de que a magnitude do valor das mercadorias \u00e9 subjetiva e arbitr\u00e1ria, a ilus\u00e3o de que o valor existe apenas no momento da troca, a ilus\u00e3o de que o valor da mercadoria independe de sua forma de valor, a ilus\u00e3o de que \u00e9 o dinheiro que possibilita a troca de mercadorias, a ilus\u00e3o de que o pre\u00e7o das mercadorias \u00e9 de- terminado pela velocidade da circula\u00e7\u00e3o e quantidade dos meios de circula\u00e7\u00e3o, a ilus\u00e3o de que a quantidade de meios de circula\u00e7\u00e3o depende do volume de sua emiss\u00e3o ou produ\u00e7\u00e3o, a ilus\u00e3o de um equil\u00edbrio metaf\u00edsico entre compra e venda no mercado, a ilus\u00e3o de autonomia e liberdade dos indiv\u00edduos, a ilus\u00e3o de que o capital produz riqueza, a ilus\u00e3o de que o sal\u00e1rio \u00e9 o pre\u00e7o do trabalho, a ilus\u00e3o de que existe um sal\u00e1rio justo, a ilus\u00e3o de que \u00e9 gra\u00e7as ao capital que o trabalhador trabalha, a ilus\u00e3o de que o trabalhador \u00e9 propriet\u00e1rio, a ilus\u00e3o de que o capitalista \u00e9 um investidor, a ilus\u00e3o de que o sucesso e o insucesso dos indiv\u00edduos deve-se ao m\u00e9rito individual, a ilus\u00e3o de que o consumo da classe trabalhadora \u00e9 improdutivo, a ilus\u00e3o de que o capitalismo se baseia na troca de equivalentes, a ilus\u00e3o de que os sal\u00e1rios s\u00e3o pagos pelo capitalista, a ilus\u00e3o de que o capital se originou de uma acumula\u00e7\u00e3o primitiva, a ilus\u00e3o de que o mercado se autorregula, a ilus\u00e3o de que o capital \u00e9 imortal, a ilus\u00e3o de que a mera passagem do tempo cria valor, a ilus\u00e3o de que o capital se autovaloriza a partir de si mesmo, a ilus\u00e3o de que o capital \u00e9 sujeito do processo, a ilus\u00e3o de que o capital \u00e9 causa de tudo, a ilus\u00e3o de que o dinheiro cumpre o mesmo papel social em m\u00e3os dos trabalhadores e dos capitalistas, a ilus\u00e3o de que tudo que \u00e9 produzido em um dado per\u00edodo \u00e9 equivalente ao que \u00e9 consumido por seus agentes no mesmo per\u00edodo, a ilus\u00e3o de que o mercado capitalista \u00e9 racional e harm\u00f4nico, a ilus\u00e3o de que a circula\u00e7\u00e3o do capital produz capital, a ilus\u00e3o de que todo trabalho \u00e9 produtivo, a ilus\u00e3o de que os custos de circula\u00e7\u00e3o s\u00e3o tamb\u00e9m custos de produ\u00e7\u00e3o, a ilus\u00e3o de que todo capital que propicia lucros ao propriet\u00e1rio \u00e9 produtivo, ...\"\n\nCALEND\u00c1RIO DE LAN\u00c7AMENTOS DO ANU\u00c1RIO ESTAT\u00cdSTICO DO ILAESE\n\n07\/03 S\u00c3O PAULO-SP - SINTRAJUD \u00e0s 17:30\n09\/03 BELO HORIZONTE-MG - UNIVERSIDADE P\u00daBLICA EM UM PA\u00cdS SEM SOBERANIA na arena da FAFICH \u00c0S 17 HORAS\n10\/03 S\u00c3O JOS\u00c9 DOS CAMPOS-SP - audit\u00f3rio do sindicato dos metal\u00fargicos \u00e0s 18 horas\n11\/03 SOROCABA-SP - UFSCAR, \u00e0s 14 horas no audit\u00f3rio ATLAB E \u00e0s 19 horas\n12\/03 CAMPINAS-SP - Audit\u00f3rio UNICAMP \u00e0s 14:30\n17\/03 NATAL-RN - Audit\u00f3rio do Sindicato dos Banc\u00e1rios \u00e0s 18 horas\n18\/03 NATAL-RN - lan\u00e7amento do livro Marx e a Filosofia no  Audit\u00f3rio B \u2013 CCHLA\/UFRN \u00e0s 18 horas\n19\/03 NATAL-RN - Mesa: Big Techs, Imperialismo e a Luta do Movimento Estudantil. Calourada Vermelha \u2013 IMD\/UFRN \u00e0s 14 horas\n21\/03 RECIFE-PE - MTC - Movimento de trabalhadores crist\u00e3os \u00e0s 9:30\n24\/03 RECIFE-PE - UFPE Audit\u00f3rio do CFCH, 5\u00ba andar \u00e0s 17 horas\n28\/03 PORTO ALEGRE - na sede da ASSMS \u00e0s 18:30\n03 - 05\/04 - MANAUS\n18 A 21\/04 CONGRESSO CSP-CONLUTAS\n______________________________________________________________\nADQUIRA:\n\u27a1 ANU\u00c1RIO ESTAT\u00cdSTICO DO ILAESE :\nhttps:\/\/editorasundermann.com.br\/produto\/ilaese-anuario-estatistico-2025-trabalho-e-exploracao\/\n\u27a1  LIVRO MARX E A FILOSOFIA: \nhttps:\/\/editorasundermann.com.br\/produto\/marx-e-a-filosofia-tomos-i-e-ii-pre-venda-envios-a-partir-de-02-12-2025\/\n\u27a1 LIVRO MARX E A HIST\u00d3RIA: \nhttps:\/\/editorasundermann.com.br\/produto\/marx-e-a-historia\/\n______________________________________________________________\nSEJA MEMBRO e apoie o canal. Bot\u00e3o ADERIR acima ou: \n\u27a1 https:\/\/www.youtube.com\/channel\/UCRLEkZpNRoZQBG8kUTBD8vQ\/join\n\nV\u00eddeo sobre ser membro do canal:\n\u27a1 https:\/\/www.youtube.com\/watch?v=drvou-obBVU\n______________________________________________________________\nSiga as p\u00e1ginas do canal Orienta\u00e7\u00e3o Marxista nas Redes Sociais\n\n\u24d5 FACEBOOK:    https:\/\/www.facebook.com\/Orienta\u00e7\u00e3o-Marxista-111673690190915\n\ud835\udd4f TWITTER (X):       https:\/\/x.com\/orient_marxista\n\ud83d\udcf7 INSTAGRAM: https:\/\/www.instagram.com\/orient.marxista\n______________________________________________________________\nLeia o portal Opini\u00e3o Socialista:\n\u27a1 https:\/\/www.opiniaosocialista.com.br\/\n\n\n#Cat\u00e1logoDasIlus\u00f5es #MarxEAFilosofia #GustavoMachado","original_language":"pt-BR","publication_date":"2026-03-10","duration":0,"url":"https:\/\/www.youtube.com\/watch?v=wmqYRQSPzo0","thumbnail":"thumbnails\/wmqYRQSPzo0.jpg"},{"video_id":"UKh9PYjWuts","channel_id":"UCRLEkZpNRoZQBG8kUTBD8vQ","title":"CHINA est\u00e1 salvando o capitalismo mundial #shorts","description":"CALEND\u00c1RIO DE LAN\u00c7AMENTOS DO ANU\u00c1RIO ESTAT\u00cdSTICO DO ILAESE\n\n07\/03 S\u00c3O PAULO-SP - SINTRAJUD \u00e0s 17:30\n09\/03 BELO HORIZONTE-MG - UNIVERSIDADE P\u00daBLICA EM UM PA\u00cdS SEM SOBERANIA na arena da FAFICH \u00c0S 17 HORAS\n10\/03 S\u00c3O JOS\u00c9 DOS CAMPOS-SP - audit\u00f3rio do sindicato dos metal\u00fargicos \u00e0s 18 horas\n11\/03 SOROCABA-SP - UFSCAR, \u00e0s 14 horas no audit\u00f3rio ATLAB E \u00e0s 19 horas\n12\/03 CAMPINAS-SP - Audit\u00f3rio UNICAMP \u00e0s 14:30\n17\/03 NATAL-RN - Audit\u00f3rio do Sindicato dos Banc\u00e1rios \u00e0s 18 horas\n18\/03 NATAL-RN - lan\u00e7amento do livro Marx e a Filosofia no  Audit\u00f3rio B \u2013 CCHLA\/UFRN \u00e0s 18 horas\n19\/03 NATAL-RN - Mesa: Big Techs, Imperialismo e a Luta do Movimento Estudantil. Calourada Vermelha \u2013 IMD\/UFRN \u00e0s 14 horas\n21\/03 RECIFE-PE - MTC - Movimento de trabalhadores crist\u00e3os \u00e0s 9:30\n24\/03 RECIFE-PE - UFPE Audit\u00f3rio do CFCH, 5\u00ba andar \u00e0s 17 horas\n28\/03 PORTO ALEGRE - na sede da ASSMS \u00e0s 18:30\n03 - 05\/04 - MANAUS\n18 A 21\/04 CONGRESSO CSP-CONLUTAS\n\n______________________________________________________________\nADQUIRA:\n\u27a1 ANU\u00c1RIO ESTAT\u00cdSTICO DO ILAESE :\nhttps:\/\/editorasundermann.com.br\/produto\/ilaese-anuario-estatistico-2025-trabalho-e-exploracao\/\n\u27a1  LIVRO MARX E A FILOSOFIA: \nhttps:\/\/editorasundermann.com.br\/produto\/marx-e-a-filosofia-tomos-i-e-ii-pre-venda-envios-a-partir-de-02-12-2025\/\n\u27a1 LIVRO MARX E A HIST\u00d3RIA: \nhttps:\/\/editorasundermann.com.br\/produto\/marx-e-a-historia\/\n______________________________________________________________\nSEJA MEMBRO e apoie o canal. Bot\u00e3o ADERIR acima ou: \n\u27a1 https:\/\/www.youtube.com\/channel\/UCRLEkZpNRoZQBG8kUTBD8vQ\/join\n\nV\u00eddeo sobre ser membro do canal:\n\u27a1 https:\/\/www.youtube.com\/watch?v=drvou-obBVU\n______________________________________________________________\nSiga as p\u00e1ginas do canal Orienta\u00e7\u00e3o Marxista nas Redes Sociais\n\n\u24d5 FACEBOOK:    https:\/\/www.facebook.com\/Orienta\u00e7\u00e3o-Marxista-111673690190915\n\ud835\udd4f TWITTER (X):       https:\/\/x.com\/orient_marxista\n\ud83d\udcf7 INSTAGRAM: https:\/\/www.instagram.com\/orient.marxista\n______________________________________________________________\nLeia o portal Opini\u00e3o Socialista:\n\u27a1 https:\/\/www.opiniaosocialista.com.br\/\n\n\n#China #Capitalismo #economia","original_language":"pt-BR","publication_date":"2026-03-08","duration":0,"url":"https:\/\/www.youtube.com\/watch?v=UKh9PYjWuts","thumbnail":"thumbnails\/UKh9PYjWuts.jpg"},{"video_id":"rzqH9ujTn7s","channel_id":"UCRLEkZpNRoZQBG8kUTBD8vQ","title":"Jornada 6x1 e produtividade | O ESTUDO PICARETA DA FIEMG EP #246","description":"CALEND\u00c1RIO DE LAN\u00c7AMENTOS DO ANU\u00c1RIO ESTAT\u00cdSTICO DO ILAESE COM MINHA PARTICIPA\u00c7\u00c3O\n\n07\/03 S\u00c3O PAULO-SP - SINTRAJUD \u00e0s 17:30\n09\/03 BELO HORIZONTE-MG - UNIVERSIDADE P\u00daBLICA EM UM PA\u00cdS SEM SOBERANIA na arena da FAFICH \u00c0S 17 HORAS\n10\/03 S\u00c3O JOS\u00c9 DOS CAMPOS-SP - audit\u00f3rio do sindicato dos metal\u00fargicos \u00e0s 18 horas\n11\/03 SOROCABA-SP - UFSCAR, \u00e0s 14 horas no audit\u00f3rio ATLAB E \u00e0s 19 horas\n12\/03 CAMPINAS-SP - Audit\u00f3rio UNICAMP \u00e0s 14:30\n17\/03 NATAL-RN - Audit\u00f3rio do Sindicato dos Banc\u00e1rios \u00e0s 18 horas\n18\/03 NATAL-RN - lan\u00e7amento do livro Marx e a Filosofia no  Audit\u00f3rio B \u2013 CCHLA\/UFRN \u00e0s 18 horas\n19\/03 NATAL-RN - Mesa: Big Techs, Imperialismo e a Luta do Movimento Estudantil. Calourada Vermelha \u2013 IMD\/UFRN \u00e0s 14 horas\n21\/03 RECIFE-PE - MTC - Movimento de trabalhadores crist\u00e3os \u00e0s 9:30\n24\/03 RECIFE-PE - UFPE Audit\u00f3rio do CFCH, 5\u00ba andar \u00e0s 17 horas\n28\/03 PORTO ALEGRE - na sede da ASSMS \u00e0s 18:30\n03 - 05\/04 - MANAUS\n18 A 21\/04 CONGRESSO CSP-CONLUTAS\n\nLink do \"Estudo\" da FIEMG\nhttps:\/\/www.fiemg.com.br\/wp-content\/uploads\/2025\/04\/E202503_01_Impactos-Economicos-e-Sociais-_FIM-Jornada-6-x-1.pdf\n______________________________________________________________\nADQUIRA:\n\u27a1 ANU\u00c1RIO ESTAT\u00cdSTICO DO ILAESE :\nhttps:\/\/editorasundermann.com.br\/produto\/ilaese-anuario-estatistico-2025-trabalho-e-exploracao\/\n\u27a1  LIVRO MARX E A FILOSOFIA: \nhttps:\/\/editorasundermann.com.br\/produto\/marx-e-a-filosofia-tomos-i-e-ii-pre-venda-envios-a-partir-de-02-12-2025\/\n\u27a1 LIVRO MARX E A HIST\u00d3RIA: \nhttps:\/\/editorasundermann.com.br\/produto\/marx-e-a-historia\/\n______________________________________________________________\nSEJA MEMBRO e apoie o canal. Bot\u00e3o ADERIR acima ou: \n\u27a1 https:\/\/www.youtube.com\/channel\/UCRLEkZpNRoZQBG8kUTBD8vQ\/join\n\nV\u00eddeo sobre ser membro do canal:\n\u27a1 https:\/\/www.youtube.com\/watch?v=drvou-obBVU\n______________________________________________________________\nSiga as p\u00e1ginas do canal Orienta\u00e7\u00e3o Marxista nas Redes Sociais\n\n\u24d5 FACEBOOK:    https:\/\/www.facebook.com\/Orienta\u00e7\u00e3o-Marxista-111673690190915\n\ud835\udd4f TWITTER (X):       https:\/\/x.com\/orient_marxista\n\ud83d\udcf7 INSTAGRAM: https:\/\/www.instagram.com\/orient.marxista\n______________________________________________________________\nLeia o portal Opini\u00e3o Socialista:\n\u27a1 https:\/\/www.opiniaosocialista.com.br\/\n\n\n#Jornada6x1 #produtividadenotrabalho  #fiemg","original_language":"pt-BR","publication_date":"2026-03-06","duration":0,"url":"https:\/\/www.youtube.com\/watch?v=rzqH9ujTn7s","thumbnail":"thumbnails\/rzqH9ujTn7s.jpg"},{"video_id":"vLWtbStkIV4","channel_id":"UCpfZpmQ8hS3RbQ5GsXZw4KQ","title":"LIVE - TRUMP, A SITUA\u00c7\u00c3O NOS ESTADOS UNIDOS, A GUERRA NO IR\u00c3 E VENEZUELA HOJE","description":"LIVE - TRUMP, A SITUA\u00c7\u00c3O NOS ESTADOS UNIDOS, A GUERRA NO IR\u00c3 E VENEZUELA HOJE","original_language":"pt","publication_date":"2026-03-06","duration":0,"url":"https:\/\/www.youtube.com\/watch?v=vLWtbStkIV4","thumbnail":"thumbnails\/vLWtbStkIV4.jpg"},{"video_id":"7gATJROsyPc","channel_id":"UCWBk05FplU93JomQ345w24Q","title":"No title","description":"No description","original_language":"unknown","publication_date":"2026-03-05","duration":0,"url":"https:\/\/www.youtube.com\/watch?v=7gATJROsyPc","thumbnail":"thumbnails\/default.jpg"},{"video_id":"rrBRfRQkdFo","channel_id":"UCRLEkZpNRoZQBG8kUTBD8vQ","title":"CURSO - MARX E A HIST\u00d3RIA","description":"\ud83d\udcda Quarta-feira \u00e0s 19:30, 4 de mar\u00e7o \u2013 Live: Marx e a Hist\u00f3ria (Parte 2)\n\u00daltima live aberta do curso!\n\nVou discutir metodologia de leitura: como abordar corretamente o texto de um autor.\nAl\u00e9m da leitura da parte correspondente do livro, trarei exemplos de boas e m\u00e1s interpreta\u00e7\u00f5es feitas por terceiros.\n\nTamb\u00e9m vou esclarecer o que \u00e9 leitura imanente \u2014 um tema cercado de confus\u00f5es de todos os tipos.\n\nN\u00e3o percam!","original_language":"en-US","publication_date":"2026-03-04","duration":0,"url":"https:\/\/www.youtube.com\/watch?v=rrBRfRQkdFo","thumbnail":"thumbnails\/rrBRfRQkdFo.jpg"},{"video_id":"Sz7CAQXsjr4","channel_id":"UC4QQ1pY2lD3DhthIJ1LFEBw","title":"Ind\u00edgenas do Tapaj\u00f3s derrotam o governo! Li\u00e7\u00f5es para seguir a luta pelos territ\u00f3rios","description":"Ind\u00edgenas do Tapaj\u00f3s derrotam o governo! Quais as li\u00e7\u00f5es para continuar a luta em defesa dos territ\u00f3rios?\n\nConvidados:\n\nMandi Coelho (@mandi.rebeldia) - comunicadora e pr\u00e9-candidata a deputada federal por SP\n\nJefferson Choma (@eco.politicamarxista) - doutorando em geografia pela USP e do canal Ecologia Marxista\n\nCristian Arapiun (@cristian_arapiun) - jovem lideran\u00e7a do povo Arapiun e do podcast Aldeia Urbana, esteve na linha de frente da Ocupa\u00e7\u00e3o da Cargill\n\nHertz Dias (@hertzdiaspstu) - pr\u00e9-candidato a presid\u00eancia pelo PSTU, do Maranh\u00e3o e lutador perif\u00e9rico com os quilombolas e povos do campo \n\nVanessa Mendon\u00e7a (@vanessa.mendonca.3572) - moradora da Ocupa\u00e7\u00e3o dos Queixadas e militante do Luta Popular\n\nCintia Bonfim (@bonfimsilva.cintia) - moradora da Favela do Moinho e lideran\u00e7a das lutas do Moinho\n\nErasmo The\u00f3filo (@erasmotheofilo) - ambientalista da Amaz\u00f4nia e do movimento Xingu Resiste\n\nCacique Jacar\u00e9 (@dacivaldo.tupynamba) - cacique da etnia Tupinamb\u00e1 do Baixo Tapaj\u00f3s, participou da Ocupa\u00e7\u00e3o da SEDUC e da Cargill \n\n\ud83c\udf99\ufe0f Novo na transmiss\u00e3o ou querendo melhorar? Confira o StreamYard e ganhe $10 de desconto! \ud83d\ude0d https:\/\/streamyard.com\/pal\/d\/5333653484994560","original_language":"en-US","publication_date":"2026-03-03","duration":0,"url":"https:\/\/www.youtube.com\/watch?v=Sz7CAQXsjr4","thumbnail":"thumbnails\/Sz7CAQXsjr4.jpg"},{"video_id":"MA1zZHsoGyU","channel_id":"UCRLEkZpNRoZQBG8kUTBD8vQ","title":"Jornada 6x1 predomina apenas no com\u00e9rcio? #shorts","description":"______________________________________________________________\nADQUIRA:\n\u27a1 ANU\u00c1RIO ESTAT\u00cdSTICO DO ILAESE :\nhttps:\/\/editorasundermann.com.br\/produto\/ilaese-anuario-estatistico-2025-trabalho-e-exploracao\/\n\u27a1  LIVRO MARX E A FILOSOFIA: \nhttps:\/\/editorasundermann.com.br\/produto\/marx-e-a-filosofia-tomos-i-e-ii-pre-venda-envios-a-partir-de-02-12-2025\/\n\u27a1 LIVRO MARX E A HIST\u00d3RIA: \nhttps:\/\/editorasundermann.com.br\/produto\/marx-e-a-historia\/\n______________________________________________________________\nSEJA MEMBRO e apoie o canal. Bot\u00e3o ADERIR acima ou: \n\u27a1 https:\/\/www.youtube.com\/channel\/UCRLEkZpNRoZQBG8kUTBD8vQ\/join\n\nV\u00eddeo sobre ser membro do canal:\n\u27a1 https:\/\/www.youtube.com\/watch?v=drvou-obBVU\n______________________________________________________________\nSiga as p\u00e1ginas do canal Orienta\u00e7\u00e3o Marxista nas Redes Sociais\n\n\u24d5 FACEBOOK:    https:\/\/www.facebook.com\/Orienta\u00e7\u00e3o-Marxista-111673690190915\n\ud835\udd4f TWITTER (X):       https:\/\/x.com\/orient_marxista\n\ud83d\udcf7 INSTAGRAM: https:\/\/www.instagram.com\/orient.marxista\n______________________________________________________________\nLeia o portal Opini\u00e3o Socialista:\n\u27a1 https:\/\/www.opiniaosocialista.com.br\/\n\n#shorts  #comercio  #6x1","original_language":"pt","publication_date":"2026-03-02","duration":0,"url":"https:\/\/www.youtube.com\/watch?v=MA1zZHsoGyU","thumbnail":"thumbnails\/MA1zZHsoGyU.jpg"},{"video_id":"d0Af9DkONpw","channel_id":"UCRLEkZpNRoZQBG8kUTBD8vQ","title":"Filosofia antiga: Plat\u00e3o, Arist\u00f3teles etc | RECOMENDANDO LIVROS EP #245","description":"publico v\u00eddeo da s\u00e9rie recomendando livros, com indica\u00e7\u00e3o de obras sobre filosofia antiga. Em particular os ditos \"pr\u00e9-socr\u00e1ticos\", Plat\u00e3o e Arist\u00f3teles.\n\nAlgumas das obras citadas: \nCORDERO, N\u00e9stor Luis. A Inven\u00e7\u00e3o da Filosofia: Uma Introdu\u00e7\u00e3o \u00e0 Filosofia Antiga. Tradu\u00e7\u00e3o: Eduardo Wolf. S\u00e3o Paulo: Odysseus, 2011.\nCORDERO, N\u00e9stor Luiz. Sendo, se \u00e9: A tese de Parm\u00eanides. S\u00e3o Paulo: Odysseus,. 2011.\nBENOIT, Hector. A odisseia de Plat\u00e3o - As aventuras e desventuras da dial\u00e9tica, Annablume, 2017, S\u00e3o Paulo.\nAUBENQUE, Pierre. O problema do ser em Arist\u00f3teles. S\u00e3o Paulo: Paulus, 2012.\nARIST\u00d3TELES, Metaf\u00edsica de Arist\u00f3teles, ed. tril\u00edng\u00fce, Madrid: Gredos.\nKIRK, G.S.; RAVEN, J.E.; SCHOFIELD, M. (2010). Os fil\u00f3sofos pr\u00e9-socr\u00e1ticos. Trad. Carlos Alberto louro Fonseca. Lisboa,. Funda\u00e7\u00e3o Calouste Gulbenkian.\nPLAT\u00c3O. Teeteto; tradu\u00e7\u00e3o direta do grego de Carlos Alberto Nunes. 3\u00aa ed. Bel\u00e9m: Editora UFPA, 2001.\nPlat\u00f3n. (367 \u2013 362 a.C.). Sofista (Trad. N. Cordero, 1996), Planeta - DeAgostini, Buenos Aires.\n\n______________________________________________________________\nV\u00eddeo sugerido: \nMinha Biblioteca | ESPECIAL 100 MIL INSCRITOS EP #2412 https:\/\/www.youtube.com\/watch?v=-xc0oprh4HA\n\n______________________________________________________________\nADQUIRA:\n\u27a1 ANU\u00c1RIO ESTAT\u00cdSTICO DO ILAESE :\nhttps:\/\/editorasundermann.com.br\/produto\/ilaese-anuario-estatistico-2025-trabalho-e-exploracao\/\n\u27a1  LIVRO MARX E A FILOSOFIA: \nhttps:\/\/editorasundermann.com.br\/produto\/marx-e-a-filosofia-tomos-i-e-ii-pre-venda-envios-a-partir-de-02-12-2025\/\n\u27a1 LIVRO MARX E A HIST\u00d3RIA: \nhttps:\/\/editorasundermann.com.br\/produto\/marx-e-a-historia\/\n______________________________________________________________\nSEJA MEMBRO e apoie o canal. Bot\u00e3o ADERIR acima ou: \n\u27a1 https:\/\/www.youtube.com\/channel\/UCRLEkZpNRoZQBG8kUTBD8vQ\/join\n\nV\u00eddeo sobre ser membro do canal:\n\u27a1 https:\/\/www.youtube.com\/watch?v=drvou-obBVU\n______________________________________________________________\nSiga as p\u00e1ginas do canal Orienta\u00e7\u00e3o Marxista nas Redes Sociais\n\n\u24d5 FACEBOOK:    https:\/\/www.facebook.com\/Orienta\u00e7\u00e3o-Marxista-111673690190915\n\ud835\udd4f TWITTER (X):       https:\/\/x.com\/orient_marxista\n\ud83d\udcf7 INSTAGRAM: https:\/\/www.instagram.com\/orient.marxista\n______________________________________________________________\nLeia o portal Opini\u00e3o Socialista:\n\u27a1 https:\/\/www.opiniaosocialista.com.br\/\n\n\n#FilosofiaAntiga #Plat\u00e3o #Arist\u00f3teles","original_language":"pt-BR","publication_date":"2026-03-01","duration":0,"url":"https:\/\/www.youtube.com\/watch?v=d0Af9DkONpw","thumbnail":"thumbnails\/d0Af9DkONpw.jpg"},{"video_id":"xMLKuYUxRPA","channel_id":"UCWBk05FplU93JomQ345w24Q","title":"Por que a extrema direita e os grandes empres\u00e1rios t\u00e3o com medo da luta pelo fim da escala 6x1?","description":"","original_language":"pt-BR","publication_date":"2026-03-01","duration":0,"url":"https:\/\/www.youtube.com\/watch?v=xMLKuYUxRPA","thumbnail":"thumbnails\/xMLKuYUxRPA.jpg"},{"video_id":"oqUx_DSTh9E","channel_id":"UCWBk05FplU93JomQ345w24Q","title":"Abaixo o ataque terr0rista dos EUA e Israel  contra o Ir\u00e3.","description":"","original_language":"pt-BR","publication_date":"2026-02-28","duration":0,"url":"https:\/\/www.youtube.com\/watch?v=oqUx_DSTh9E","thumbnail":"thumbnails\/oqUx_DSTh9E.jpg"},{"video_id":"fImMuTnJWrs","channel_id":"UCWBk05FplU93JomQ345w24Q","title":"L\u00edder da extrema direita disse que tempo livre faz mal para pobre!","description":"","original_language":"pt-BR","publication_date":"2026-02-27","duration":0,"url":"https:\/\/www.youtube.com\/watch?v=fImMuTnJWrs","thumbnail":"thumbnails\/fImMuTnJWrs.jpg"},{"video_id":"1FgG4KHHfFQ","channel_id":"UCRLEkZpNRoZQBG8kUTBD8vQ","title":"As particularidades nacionais enterram o projeto socialista?","description":"Hoje (25\/02) , \u00e0s 19h00 , temos o SEGUNDO epis\u00f3dio, aberto, do curso MARX E A HIST\u00d3RIA.\n\nDiscutiremos dois temas: \nINTRODU\u00c7\u00c3O AO TEMA: as particularidades nacionais enterram o projeto socialista? Os obst\u00e1culos criados pela tradi\u00e7\u00e3o marxista em rela\u00e7\u00e3o ao tema: teoria e filosofia da hist\u00f3ria.\nM\u00c9TODO DE PESQUISA: o m\u00e9todo utilizado na pesquisa e investiga\u00e7\u00e3o de ambos os temas (particularidades nacionais e hist\u00f3ria) na obra de Marx.\n\nO curso ser\u00e1 dividido em 7 epis\u00f3dios, ao vivo, com espa\u00e7o para d\u00favidas e perguntas relacionadas aos temas discutidos.\n\u25b8 Os dois primeiros epis\u00f3dios ser\u00e3o abertos ao p\u00fablico\n\u25b8 Os cinco \u00faltimos , exclusivos para membros do canal\n\u25b8 Os epis\u00f3dios ser\u00e3o publicados com periodicidade quinzenal\n\nPrograma do curso: \n\nEPIS\u00d3DIO 1 \u2014 Quest\u00f5es pr\u00e9vias: Baseado no pref\u00e1cio da primeira reimpress\u00e3o\nEPIS\u00d3DIO 2 \u2014 Introdu\u00e7\u00e3o: A relev\u00e2ncia hist\u00f3rica do problema\nEPIS\u00d3DIO 3 \u2014 Em busca do ser hist\u00f3rico do homem: Cap\u00edtulo 1\nEPIS\u00d3DIO 4 \u2014 Anota\u00e7\u00f5es ao pref\u00e1cio de 1859: Cap\u00edtulo 2\nEPIS\u00d3DIO 5 \u2014 Em busca da forma hist\u00f3rica da riqueza: Cap\u00edtulo 3\nEPIS\u00d3DIO 6 \u2014 Das diferen\u00e7as nacionais \u00e0 universalidade da revolu\u00e7\u00e3o socialista: Cap\u00edtulo 4\nEPIS\u00d3DIO 7 \u2014 Para al\u00e9m de Marx: \u00e9 poss\u00edvel uma teoria universal da hist\u00f3ria? Cap\u00edtulo 5","original_language":"en-US","publication_date":"2026-02-26","duration":0,"url":"https:\/\/www.youtube.com\/watch?v=1FgG4KHHfFQ","thumbnail":"thumbnails\/1FgG4KHHfFQ.jpg"},{"video_id":"qqnDXA-qPvI","channel_id":"UCpfZpmQ8hS3RbQ5GsXZw4KQ","title":"LIVE - PARA ONDE VAI A VENEZUELA?","description":"LIVE - PARA ONDE VAI A VENEZUELA?\n\nDuas vis\u00f5es distintas sobre um dos temas mais pol\u00eamicos em toda a vanguarda de esquerda.\n\nConvidados: \n\nEduardo Almeida - Dire\u00e7\u00e3o da LIT-QI\nBreno Altman - Jornalista e editor do portal Opera Mundi","original_language":"pt","publication_date":"2026-02-26","duration":0,"url":"https:\/\/www.youtube.com\/watch?v=qqnDXA-qPvI","thumbnail":"thumbnails\/qqnDXA-qPvI.jpg"},{"video_id":"xkZCgAHwHG8","channel_id":"UCRLEkZpNRoZQBG8kUTBD8vQ","title":"LIVE \u00e0s 19 horas: CURSO Marx e a Hist\u00f3ria EP #2","description":"Ao vivo, no seguinte link: https:\/\/www.youtube.com\/watch?v=1FgG4KHHfFQ\n\nDiscutiremos dois temas: \nINTRODU\u00c7\u00c3O AO TEMA: as particularidades nacionais enterram o projeto socialista? Os obst\u00e1culos criados pela tradi\u00e7\u00e3o marxista em rela\u00e7\u00e3o ao tema: teoria e filosofia da hist\u00f3ria.\nM\u00c9TODO DE PESQUISA: o m\u00e9todo utilizado na pesquisa e investiga\u00e7\u00e3o de ambos os temas (particularidades nacionais e hist\u00f3ria) na obra de Marx.\nO curso ser\u00e1 dividido em 7 epis\u00f3dios, ao vivo, com espa\u00e7o para d\u00favidas e perguntas relacionadas aos temas discutidos.\n\u25b8 Os dois primeiros epis\u00f3dios ser\u00e3o abertos ao p\u00fablico\n\u25b8 Os cinco \u00faltimos , exclusivos *para membros do canal*\n\u25b8 Os epis\u00f3dios ser\u00e3o publicados com periodicidade quinzenal\n*Programa do curso:* \nEPIS\u00d3DIO 1 \u2014 Quest\u00f5es pr\u00e9vias: Baseado no pref\u00e1cio da primeira reimpress\u00e3o\nEPIS\u00d3DIO 2 \u2014 Introdu\u00e7\u00e3o: A relev\u00e2ncia hist\u00f3rica do problema\nEPIS\u00d3DIO 3 \u2014 Em busca do ser hist\u00f3rico do homem: Cap\u00edtulo 1\nEPIS\u00d3DIO 4 \u2014 Anota\u00e7\u00f5es ao pref\u00e1cio de 1859: Cap\u00edtulo 2\nEPIS\u00d3DIO 5 \u2014 Em busca da forma hist\u00f3rica da riqueza: Cap\u00edtulo 3\nEPIS\u00d3DIO 6 \u2014 Das diferen\u00e7as nacionais \u00e0 universalidade da revolu\u00e7\u00e3o socialista: Cap\u00edtulo 4\nEPIS\u00d3DIO 7 \u2014 Para al\u00e9m de Marx: \u00e9 poss\u00edvel uma teoria universal da hist\u00f3ria? Cap\u00edtulo 5\n_____________________________________________________________________________\nSEJA MEMBRO e apoie o canal. Bot\u00e3o ADERIR acima ou: \nhttps:\/\/www.youtube.com\/channel\/UCRLEkZpNRoZQBG8kUTBD8vQ\/join\n\nV\u00eddeo sobre ser membro do canal:\nhttps:\/\/www.youtube.com\/watch?v=drvou-obBVU\n_____________________________________________________________________________\nSiga as p\u00e1ginas do canal Orienta\u00e7\u00e3o Marxista nas Redes Sociais\n\nFACEBOOK:    https:\/\/www.facebook.com\/Orienta\u00e7\u00e3o-Marxista-111673690190915\nTWITTER:       https:\/\/twitter.com\/orient_marxista\nINSTAGRAM: https:\/\/www.instagram.com\/orient.marxista\n_____________________________________________________________________________\nLeia o blog Teoria e Revolu\u00e7\u00e3o:\nhttps:\/\/teoriaerevolucao.pstu.org.br\n_____________________________________________________________________________\nO livro do autor desse canal (Marx e a Hist\u00f3ria: das particularidades nacionais \u00e0 universalidade da revolu\u00e7\u00e3o socialista )  pode ser adquirido nos seguintes endere\u00e7os:\nhttps:\/\/editorasundermann.com.br\/livro\/96-marx-e-a-hist%C3%B3ria\nhttps:\/\/www.estantevirtual.com.br\/busca?utf8=%E2%9C%93&q=gustavo+machado+marx\n\n#shorts  #live  #MarxEAHist\u00f3ria","original_language":"pt-BR","publication_date":"2026-02-25","duration":0,"url":"https:\/\/www.youtube.com\/watch?v=xkZCgAHwHG8","thumbnail":"thumbnails\/xkZCgAHwHG8.jpg"},{"video_id":"9zoUr4F8eyM","channel_id":"UCWBk05FplU93JomQ345w24Q","title":"A VIT\u00d3RIA DO POVOS INDIGENAS DO TAPAJ\u00d3S CONTRA A CARGILL N\u00c3O FOI FRUTO DA BENEVOL\u00caNCIA DE LULA","description":"","original_language":"pt-BR","publication_date":"2026-02-24","duration":0,"url":"https:\/\/www.youtube.com\/watch?v=9zoUr4F8eyM","thumbnail":"thumbnails\/9zoUr4F8eyM.jpg"},{"video_id":"kgX1mo8IwX8","channel_id":"UCWBk05FplU93JomQ345w24Q","title":"Quilombolas do Maranh\u00e3o em defesa dos povos ind\u00edgenas do Tapaj\u00f3s!","description":"","original_language":"pt-BR","publication_date":"2026-02-24","duration":0,"url":"https:\/\/www.youtube.com\/watch?v=kgX1mo8IwX8","thumbnail":"thumbnails\/kgX1mo8IwX8.jpg"},{"video_id":"qhuurLxSeFg","channel_id":"UCRLEkZpNRoZQBG8kUTBD8vQ","title":"Brasil: rep\u00fablica da cacha\u00e7a","description":"Adquira j\u00e1 o seu:\nhttps:\/\/editorasundermann.com.br\/produto\/ilaese-anuario-estatistico-2025-trabalho-e-exploracao\/\n\nCompra e envio na Zona Metropolitana de Belo Horizonte\nEntrem em contato: \n31 975264727\n\nO Anu\u00e1rio Estat\u00edstico do ILAESE \u2013 Trabalho & Explora\u00e7\u00e3o \u00e9 uma realiza\u00e7\u00e3o do Instituto Latino-Americano de Estudos Socioecon\u00f4micos (ILAESE). Fruto de mais de duas d\u00e9cadas de experi\u00eancia em assessoria econ\u00f4mica \u00e0s organiza\u00e7\u00f5es dos trabalhadores e na forma\u00e7\u00e3o sindical, o Anu\u00e1rio apresenta uma metodologia in\u00e9dita e continuamente aprimorada, constru\u00edda para revelar \u2014 e n\u00e3o esconder \u2014 a verdadeira estrutura da sociedade baseada na explora\u00e7\u00e3o e na desigualdade.\n\nCom esse prop\u00f3sito, o ILAESE reuniu uma ampla base de dados nacional e internacional, organizada em s\u00e9ries hist\u00f3ricas que abrangem:\n    \u2794 A Uni\u00e3o, todos os estados e cerca de 50 munic\u00edpios, em uma s\u00e9rie hist\u00f3rica de cerca de 15 anos;\n   \u2794 As 500 maiores empresas e grupos econ\u00f4micos nacionais;\n   \u2794 660 multinacionais, acompanhadas em s\u00e9rie hist\u00f3rica superior a 20 anos;\n   \u2794 Dados detalhados sobre a popula\u00e7\u00e3o e a classe trabalhadora brasileira, entre outros indicadores essenciais.\n\n   A grande novidade do Anu\u00e1rio est\u00e1 na agrega\u00e7\u00e3o e interpreta\u00e7\u00e3o desses dados, permitindo enxergar a estrutura social subjacente ao capitalismo contempor\u00e2neo, no Brasil e no mundo. A an\u00e1lise evidencia:\n\n   \u2794 Os ciclos de domina\u00e7\u00e3o entre os diversos setores do capital e o Estado, incluindo uma interpreta\u00e7\u00e3o in\u00e9dita do papel da d\u00edvida p\u00fablica que articula ambos os dom\u00ednios;\n   \u2794 Os mecanismos que atuam no sentido da fragmenta\u00e7\u00e3o da classe trabalhadora;\n   \u2794 O impacto dos novos ramos produtivos e das tecnologias de ponta;\n   \u2794 A nova divis\u00e3o internacional do trabalho e o papel desempenhado por Brasil, bem como pela China, Estados Unidos e outras pot\u00eancias.\n\n   Em mais de 200 p\u00e1ginas, cada conjunto de dados \u00e9 acompanhado por introdu\u00e7\u00f5es metodol\u00f3gicas claras e conclus\u00f5es anal\u00edticas, facilitando a leitura e a compreens\u00e3o cr\u00edtica. \n\n   O volume inclui ainda quatro artigos in\u00e9ditos e aprofundados, que discutem:\n   \u2794 O novo ciclo de domina\u00e7\u00e3o vivido pelo Brasil h\u00e1 quase tr\u00eas d\u00e9cadas;\n   \u2794 O impacto dos avan\u00e7os tecnol\u00f3gicos, da Ind\u00fastria 4.0, das opress\u00f5es no interior da classe trabalhadora;\n\n    Uma interpreta\u00e7\u00e3o da divis\u00e3o internacional do trabalho baseada em dados in\u00e9ditos das grandes corpora\u00e7\u00f5es mundiais, que examina a reconfigura\u00e7\u00e3o dos pa\u00edses centrais (Estados Unidos, Jap\u00e3o e Europa) e a ascens\u00e3o da China. Este \u00faltimo caso \u00e9 explorado em profundidade, por meio de uma an\u00e1lise detalhada de sua forma\u00e7\u00e3o social.\n\n    E, por fim, a disputa mundial entre as grandes pot\u00eancias capitalistas \u00e9 analisado do ponto de vista dos novos ramos de produ\u00e7\u00e3o, como a intelig\u00eancia artificial. O estudo mostra como essas transforma\u00e7\u00f5es redefinem o equil\u00edbrio de for\u00e7as no capitalismo mundial e repercutem diretamente sobre a classe trabalhadora, com express\u00f5es concretas \u2014 como o tarifa\u00e7o de Trump, que antecipa um novo ciclo de tens\u00f5es comerciais e produtivas em escala global.\n \n    O Anu\u00e1rio ILAESE 2025\/26 \u00e9 uma ferramenta indispens\u00e1vel de an\u00e1lise e luta para a classe trabalhadora. Um instrumento para compreender os desafios do presente e se preparar para as batalhas pol\u00edticas, econ\u00f4micas e sociais do futuro \u2014 inclusive diante da ofensiva da ultradireita.\n\n   Resultado de mais de 10 anos de elabora\u00e7\u00e3o coletiva por toda a equipe do Instituto, este Anu\u00e1rio \u00e9 um convite \u00e0 a\u00e7\u00e3o e \u00e0 consci\u00eancia cr\u00edtica.\n \n    Conhe\u00e7a, adquira e divulgue o Anu\u00e1rio Estat\u00edstico do ILAESE 2025\/26.\n\n_____________________________________________________________________________\nSEJA MEMBRO e apoie o canal. Bot\u00e3o ADERIR acima ou: \nhttps:\/\/www.youtube.com\/channel\/UCRLEkZpNRoZQBG8kUTBD8vQ\/join\n\nV\u00eddeo sobre ser membro do canal:\nhttps:\/\/www.youtube.com\/watch?v=drvou-obBVU\n_____________________________________________________________________________\nSiga as p\u00e1ginas do canal Orienta\u00e7\u00e3o Marxista nas Redes Sociais\n\nFACEBOOK:    https:\/\/www.facebook.com\/Orienta\u00e7\u00e3o-Marxista-111673690190915\nTWITTER:       https:\/\/twitter.com\/orient_marxista\nINSTAGRAM: https:\/\/www.instagram.com\/orient.marxista\n_____________________________________________________________________________\nLeia o blog Teoria e Revolu\u00e7\u00e3o:\nhttps:\/\/teoriaerevolucao.pstu.org.br\n_____________________________________________________________________________\nO livro do autor desse canal (Marx e a Hist\u00f3ria: das particularidades nacionais \u00e0 universalidade da revolu\u00e7\u00e3o socialista )  pode ser adquirido nos seguintes endere\u00e7os:\nhttps:\/\/editorasundermann.com.br\/livro\/96-marx-e-a-hist%C3%B3ria\nhttps:\/\/www.estantevirtual.com.br\/busca?utf8=%E2%9C%93&q=gustavo+machado+marx\n\n# # #","original_language":"pt-PT","publication_date":"2026-02-24","duration":0,"url":"https:\/\/www.youtube.com\/watch?v=qhuurLxSeFg","thumbnail":"thumbnails\/qhuurLxSeFg.jpg"},{"video_id":"3NlzEEIKNmc","channel_id":"UCRLEkZpNRoZQBG8kUTBD8vQ","title":"OS (NOVOS) DILEMAS DA CLASSE TRABALHADORA: UNIDADE E FRAGMENTA\u00c7\u00c3O","description":"O ILAESE Brasil em Foco recebe os autores do Artigo 2 do Anu\u00e1rio Estat\u00edstico do ILAESE 2025\/26 para apresentar e debater:\n\nOS (NOVOS) DILEMAS DA CLASSE TRABALHADORA: UNIDADE E FRAGMENTA\u00c7\u00c3O\n\nA fragmenta\u00e7\u00e3o da classe trabalhadora n\u00e3o \u00e9 novidade \u2014 ela \u00e9 parte estrutural da pr\u00f3pria l\u00f3gica do capitalismo. Divis\u00f5es nacionais, raciais, de g\u00eanero, geracionais e contratuais n\u00e3o s\u00e3o acidentes: s\u00e3o engrenagens fundamentais da acumula\u00e7\u00e3o.\n\nComo compreender essa contradi\u00e7\u00e3o? A unidade \u00e9 poss\u00edvel em meio \u00e0 dispers\u00e3o? Quais s\u00e3o os desafios estrat\u00e9gicos para que a classe passe de \u201cclasse em si\u201d a \u201cclasse para si\u201d?\n\nPor Ana Paula Santana, \u00c9rika Andreassy, (Nando Poeta), Israel Luz e Caio Marx\n\nN\u00e3o perca esse debate fundamental para pensar os rumos da organiza\u00e7\u00e3o da classe trabalhadora no Brasil e no mundo. \u270a","original_language":"en-US","publication_date":"2026-02-23","duration":0,"url":"https:\/\/www.youtube.com\/watch?v=3NlzEEIKNmc","thumbnail":"thumbnails\/3NlzEEIKNmc.jpg"},{"video_id":"GeTYrFmPCpA","channel_id":"UCRLEkZpNRoZQBG8kUTBD8vQ","title":"A lenda da BlackRock | REAGINDO PAULO GHIRALDELLI EP #243","description":"Aproveito um v\u00eddeo um tanto ex\u00f3tico de Paulo Ghiraldelli para discutir o grande mito em torno da BlackRock no capitalismo contempor\u00e2neo. Segundo muitos int\u00e9rpretes, essa empresa seria a controladora e dona de quase todo o capital atualmente existente, o capital financeiro do capital financeiro: os verdadeiros donos do mundo. Ser\u00e1? Veremos em detalhes.\n\n_____________________________________________________________________________\nSEJA MEMBRO e apoie o canal. Bot\u00e3o ADERIR acima ou: \nhttps:\/\/www.youtube.com\/channel\/UCRLEkZpNRoZQBG8kUTBD8vQ\/join\n\nV\u00eddeo sobre ser membro do canal:\nhttps:\/\/www.youtube.com\/watch?v=drvou-obBVU\n_____________________________________________________________________________\nSiga as p\u00e1ginas do canal Orienta\u00e7\u00e3o Marxista nas Redes Sociais\n\nFACEBOOK:    https:\/\/www.facebook.com\/Orienta\u00e7\u00e3o-Marxista-111673690190915\nTWITTER:       https:\/\/twitter.com\/orient_marxista\nINSTAGRAM: https:\/\/www.instagram.com\/orient.marxista\n_____________________________________________________________________________\nLeia o blog Teoria e Revolu\u00e7\u00e3o:\nhttps:\/\/teoriaerevolucao.pstu.org.br\n_____________________________________________________________________________\nO livro do autor desse canal (Marx e a Hist\u00f3ria: das particularidades nacionais \u00e0 universalidade da revolu\u00e7\u00e3o socialista )  pode ser adquirido nos seguintes endere\u00e7os:\nhttps:\/\/editorasundermann.com.br\/livro\/96-marx-e-a-hist%C3%B3ria\nhttps:\/\/www.estantevirtual.com.br\/busca?utf8=%E2%9C%93&q=gustavo+machado+marx\n\n# # #","original_language":"pt-BR","publication_date":"2026-02-22","duration":0,"url":"https:\/\/www.youtube.com\/watch?v=GeTYrFmPCpA","thumbnail":"thumbnails\/GeTYrFmPCpA.jpg"},{"video_id":"Lbal_KHZxBA","channel_id":"UCWBk05FplU93JomQ345w24Q","title":"Os Povos ind\u00edgenas do Tapaj\u00f3s est\u00e3o mostrando o caminho de luta.","description":"","original_language":"pt-BR","publication_date":"2026-02-20","duration":0,"url":"https:\/\/www.youtube.com\/watch?v=Lbal_KHZxBA","thumbnail":"thumbnails\/Lbal_KHZxBA.jpg"},{"video_id":"qIHhGh85M2w","channel_id":"UCRLEkZpNRoZQBG8kUTBD8vQ","title":"Hoje (19\/02) no Flow Podcast","description":"_____________________________________________________________________________\nSEJA MEMBRO e apoie o canal. Bot\u00e3o ADERIR acima ou: \nhttps:\/\/www.youtube.com\/channel\/UCRLEkZpNRoZQBG8kUTBD8vQ\/join\n\nV\u00eddeo sobre ser membro do canal:\nhttps:\/\/www.youtube.com\/watch?v=drvou-obBVU\n_____________________________________________________________________________\nSiga as p\u00e1ginas do canal Orienta\u00e7\u00e3o Marxista nas Redes Sociais\n\nFACEBOOK:    https:\/\/www.facebook.com\/Orienta\u00e7\u00e3o-Marxista-111673690190915\nTWITTER:       https:\/\/twitter.com\/orient_marxista\nINSTAGRAM: https:\/\/www.instagram.com\/orient.marxista\n_____________________________________________________________________________\nLeia o blog Teoria e Revolu\u00e7\u00e3o:\nhttps:\/\/teoriaerevolucao.pstu.org.br\n_____________________________________________________________________________\nO livro do autor desse canal (Marx e a Hist\u00f3ria: das particularidades nacionais \u00e0 universalidade da revolu\u00e7\u00e3o socialista )  pode ser adquirido nos seguintes endere\u00e7os:\nhttps:\/\/editorasundermann.com.br\/livro\/96-marx-e-a-hist%C3%B3ria\nhttps:\/\/www.estantevirtual.com.br\/busca?utf8=%E2%9C%93&q=gustavo+machado+marx\n\n# # #","original_language":"pt-PT","publication_date":"2026-02-19","duration":0,"url":"https:\/\/www.youtube.com\/watch?v=qIHhGh85M2w","thumbnail":"thumbnails\/qIHhGh85M2w.jpg"},{"video_id":"AbAiH8VZlAc","channel_id":"UCWBk05FplU93JomQ345w24Q","title":"A gan\u00e2ncia da burguesia causou a morte dos trabalhadores maranhenses em Marilia-SP","description":"","original_language":"pt-BR","publication_date":"2026-02-17","duration":0,"url":"https:\/\/www.youtube.com\/watch?v=AbAiH8VZlAc","thumbnail":"thumbnails\/AbAiH8VZlAc.jpg"},{"video_id":"gFXvYUTp9L4","channel_id":"UCRLEkZpNRoZQBG8kUTBD8vQ","title":"Quem s\u00e3o os \"DONOS DO MUNDO\" | Anu\u00e1rio ILAESE EP #243","description":"Adquira j\u00e1 o seu Anu\u00e1rio Estat\u00edstico do ILAESE:\nhttps:\/\/editorasundermann.com.br\/produto\/ilaese-anuario-estatistico-2025-trabalho-e-exploracao\/\n\n\ud83d\udcca Um debate essencial para entender o mapa da explora\u00e7\u00e3o dos trabalhadores no Brasil e no mundo.\n\nHoje, \u00e0s 20 horas, apresento quem s\u00e3o os pa\u00edses (com seus respectivos capitalistas) que dominam a produ\u00e7\u00e3o de riqueza mundial, os propriet\u00e1rios do capital ou, se preferirem, os ... donos do mundo.\nDivulgo, ainda que, no dia 19 (quinta-feira) \u00e0s 19 horas estarei no Flow Podcast.\n\n_____________________________________________________________________________\nSEJA MEMBRO e apoie o canal. Bot\u00e3o ADERIR acima ou: \nhttps:\/\/www.youtube.com\/channel\/UCRLEkZpNRoZQBG8kUTBD8vQ\/join\n\nV\u00eddeo sobre ser membro do canal:\nhttps:\/\/www.youtube.com\/watch?v=drvou-obBVU\n_____________________________________________________________________________\nSiga as p\u00e1ginas do canal Orienta\u00e7\u00e3o Marxista nas Redes Sociais\n\nFACEBOOK:    https:\/\/www.facebook.com\/Orienta\u00e7\u00e3o-Marxista-111673690190915\nTWITTER:       https:\/\/twitter.com\/orient_marxista\nINSTAGRAM: https:\/\/www.instagram.com\/orient.marxista\n_____________________________________________________________________________\nLeia o blog Teoria e Revolu\u00e7\u00e3o:\nhttps:\/\/teoriaerevolucao.pstu.org.br\n_____________________________________________________________________________\nO livro do autor desse canal (Marx e a Hist\u00f3ria: das particularidades nacionais \u00e0 universalidade da revolu\u00e7\u00e3o socialista )  pode ser adquirido nos seguintes endere\u00e7os:\nhttps:\/\/editorasundermann.com.br\/livro\/96-marx-e-a-hist%C3%B3ria\nhttps:\/\/www.estantevirtual.com.br\/busca?utf8=%E2%9C%93&q=gustavo+machado+marx\n\n#DonosDoMundo #Globalismo #Imperialismo","original_language":"pt-BR","publication_date":"2026-02-16","duration":0,"url":"https:\/\/www.youtube.com\/watch?v=gFXvYUTp9L4","thumbnail":"thumbnails\/gFXvYUTp9L4.jpg"},{"video_id":"0K_Q0QBgo7M","channel_id":"UCWBk05FplU93JomQ345w24Q","title":"Voc\u00ea sabia que existe uma rela\u00e7\u00e3o simb\u00f3lica entre o trotskismo brasileiro e Ogum?","description":"","original_language":"pt-BR","publication_date":"2026-02-15","duration":0,"url":"https:\/\/www.youtube.com\/watch?v=0K_Q0QBgo7M","thumbnail":"thumbnails\/0K_Q0QBgo7M.jpg"},{"video_id":"E5ReJ8oDtWM","channel_id":"UCWBk05FplU93JomQ345w24Q","title":"FL\u00c1VIO BOLSONARO N\u00c3O ENTENDE NADA DE EDUCA\u00c7\u00c3O E DE ECONOMIA","description":"","original_language":"pt-BR","publication_date":"2026-02-13","duration":0,"url":"https:\/\/www.youtube.com\/watch?v=E5ReJ8oDtWM","thumbnail":"thumbnails\/E5ReJ8oDtWM.jpg"},{"video_id":"4F08hYIVU7Y","channel_id":"UCRLEkZpNRoZQBG8kUTBD8vQ","title":"IMPERIALISMO DE L\u00caNIN | RESPONDENDO JONES MANOEL EP #242","description":"Aquisi\u00e7\u00e3o do anu\u00e1rio do ILAESE: https:\/\/editorasundermann.com.br\/produto\/ilaese-anuario-estatistico-2025-trabalho-e-exploracao\/\nAquisi\u00e7\u00e3o do Livro Marx e a Filosofia: https:\/\/editorasundermann.com.br\/produto\/marx-e-a-filosofia-tomos-i-e-ii-pre-venda-envios-a-partir-de-02-12-2025\/\n\nFUS\u00c3O DO CAPITAL BANC\u00c1RIO COM O INDUSTRIAL\n\n\u2022 Sociedade por a\u00e7\u00f5es.\nExemplo: Siemens (tel\u00e9grafo el\u00e9trico, m\u00e1quinas el\u00e9tricas) \u2014 industrial e \u201crei financista\u201d (p. 70-71).\n\n\u2022 \u201cSociedades-m\u00e3es\u201d:\nGrupos econ\u00f4micos cujas empresas controladoras n\u00e3o passam de centros financeiros.\nN\u00e3o respondem juridicamente pela \u201csociedade-filha\u201d, considerada \u201cindependente\u201d (p. 71).\n\n\u2022 Bancos alem\u00e3es e russos:\nAtuam tanto em investimentos produtivos quanto especulativos (p. 72-73).\n\n\u2022 Principais modalidades do capital financeiro (p. 75):\n\u2013 Constitui\u00e7\u00e3o de sociedades\n\u2013 Emiss\u00e3o de valores\n\u2013 Empr\u00e9stimos ao Estado\n\n\u2022 Exemplos hist\u00f3ricos:\n\u2013 \u201cTruste do a\u00e7\u00facar\u201d nos Estados Unidos (p. 75)\n\u2013 Especula\u00e7\u00e3o com terrenos (p. 78)\n\u2013 Evolu\u00e7\u00e3o da emiss\u00e3o de t\u00edtulos-valor em v\u00e1rios pa\u00edses (p. 82-83)\n\u2013 Grupos que dividem o mercado mundial do petr\u00f3leo: bancos alem\u00e3es derrotados por Rockefeller (p. 94-95)\n\nLenin define o capitalismo em geral como caracterizado por:\n\u2013 Separar a propriedade do capital da aplica\u00e7\u00e3o do capital \u00e0 produ\u00e7\u00e3o;\n\u2013 Separar o capital monet\u00e1rio do capital industrial ou produtivo;\n\u2013 Separar o rentista (que vive dos rendimentos do capital monet\u00e1rio) do empres\u00e1rio e de todos os que participam diretamente da gest\u00e3o do capital.\n(LENIN, Imperialismo: est\u00e1gio superior do capitalismo, Boitempo, 2021, p. 80-81)\n\nASSOCIA\u00c7\u00d5ES INTERNACIONAIS QUE DIVIDEM ENTRE SI O MERCADO MUNDIAL\n\n\u2022 \u201cCart\u00e9is, cons\u00f3rcios e trustes\u201d \u2014 correspondentes, hoje, \u00e0s grandes corpora\u00e7\u00f5es multinacionais.\n\n\u2022 Essas associa\u00e7\u00f5es partilham entre si, em primeiro lugar, o mercado interno e, por meio da exporta\u00e7\u00e3o de capitais, penetram necessariamente no mercado mundial (p. 91).\n\nExemplos:\n\n\u2013 Ind\u00fastria el\u00e9trica na Alemanha e nos Estados Unidos\n\u2013 Ind\u00fastria do petr\u00f3leo nos Estados Unidos, Alemanha e Inglaterra\n\u2013 Cartel internacional dos trilhos de ferro\n\u2013 Cons\u00f3rcio do cobre e do zinco em alguns pa\u00edses europeus\n\n\u201cA partilha do mundo entre dois trustes fortes n\u00e3o exclui, claro, uma nova partilha, caso se modifique a correla\u00e7\u00e3o de for\u00e7as em consequ\u00eancia da desigualdade do desenvolvimento, das guerras, das fal\u00eancias etc.\u201d\n(LENIN, p. 94)\n\n\u201cA forma de luta pode mudar, e muda constantemente (...), mas seja qual for a forma espec\u00edfica da luta \u2014 militar, econ\u00f4mica ou pol\u00edtica \u2014 a ess\u00eancia da luta, o seu conte\u00fado de classe, n\u00e3o pode mudar enquanto existirem as classes. Substituir a quest\u00e3o do conte\u00fado da luta e das transa\u00e7\u00f5es entre os grupos capitalistas pela quest\u00e3o da forma dessa luta (...) significa rebaixar-se ao papel de sofista.\u201d\n(LENIN, p. 98)\n\n\u201cCapital financeiro \u00e9 uma for\u00e7a t\u00e3o grande (...) que \u00e9 capaz de subordinar, e de fato subordina, mesmo os Estados que contam com uma independ\u00eancia pol\u00edtica mais completa.\u201d\n(LENIN, p. 98)\n\nOs Estados menores conservam \u201cas suas col\u00f4nias somente gra\u00e7as ao fato de que, entre os grandes, existem interesses opostos, atritos etc. que impedem um acordo para a divis\u00e3o do esp\u00f3lio.\u201d\n(LENIN, p. 107)\n\nLENIN, W. I. Imperialismo: est\u00e1gio superior do capitalismo. Boitempo: S\u00e3o Paulo, 2021.\n\n_____________________________________________________________________________\nV\u00eddeo sugerido: \nIMPERIALISMO EM L\u00caNIN | Entenda EP #224 \nhttps:\/\/www.youtube.com\/watch?v=MEhm2WAPV6g\nCHINA: EM TRANSI\u00c7\u00c3O PARA O SOCIALISMO? | Destrinchando o capitalismo chin\u00eas EP #226 \nhttps:\/\/www.youtube.com\/watch?v=RAbGRa0yc2s\n_____________________________________________________________________________\nSEJA MEMBRO e apoie o canal. Bot\u00e3o ADERIR acima ou: \nhttps:\/\/www.youtube.com\/channel\/UCRLEkZpNRoZQBG8kUTBD8vQ\/join\n\nV\u00eddeo sobre ser membro do canal:\nhttps:\/\/www.youtube.com\/watch?v=drvou-obBVU\n_____________________________________________________________________________\nSiga as p\u00e1ginas do canal Orienta\u00e7\u00e3o Marxista nas Redes Sociais\n\nFACEBOOK:    https:\/\/www.facebook.com\/Orienta\u00e7\u00e3o-Marxista-111673690190915\nTWITTER:       https:\/\/twitter.com\/orient_marxista\nINSTAGRAM: https:\/\/www.instagram.com\/orient.marxista\n_____________________________________________________________________________\nLeia o blog Teoria e Revolu\u00e7\u00e3o:\nhttps:\/\/teoriaerevolucao.pstu.org.br\n_____________________________________________________________________________\nO livro do autor desse canal (Marx e a Hist\u00f3ria: das particularidades nacionais \u00e0 universalidade da revolu\u00e7\u00e3o socialista )  pode ser adquirido nos seguintes endere\u00e7os:\nhttps:\/\/editorasundermann.com.br\/livro\/96-marx-e-a-hist%C3%B3ria\nhttps:\/\/www.estantevirtual.com.br\/busca?utf8=%E2%9C%93&q=gustavo+machado+marx\n\n#China #Imperialismo #jonesmanoel","original_language":"pt-BR","publication_date":"2026-02-12","duration":0,"url":"https:\/\/www.youtube.com\/watch?v=4F08hYIVU7Y","thumbnail":"thumbnails\/4F08hYIVU7Y.jpg"},{"video_id":"pbI2zqb1QMc","channel_id":"UCWBk05FplU93JomQ345w24Q","title":"BOULLOS TENTAR FAZER CARICATURA DA ESQUERDA REVOLUCION\u00c1RIA NO TEMA DA ESCALA 6X1","description":"","original_language":"pt-BR","publication_date":"2026-02-11","duration":0,"url":"https:\/\/www.youtube.com\/watch?v=pbI2zqb1QMc","thumbnail":"thumbnails\/pbI2zqb1QMc.jpg"},{"video_id":"-PPRTho04W4","channel_id":"UCWBk05FplU93JomQ345w24Q","title":"BAD BUNNY SE SOLIDARIZOU COM OS IMIGRANTES NA CASA DO INIMIGO","description":"","original_language":"pt-BR","publication_date":"2026-02-09","duration":0,"url":"https:\/\/www.youtube.com\/watch?v=-PPRTho04W4","thumbnail":"thumbnails\/-PPRTho04W4.jpg"},{"video_id":"EiErVwmEM0s","channel_id":"UCWBk05FplU93JomQ345w24Q","title":"TRIMP, SEU R@CISTA, RESPEITE O POVO PRETO!","description":"","original_language":"pt-BR","publication_date":"2026-02-07","duration":0,"url":"https:\/\/www.youtube.com\/watch?v=EiErVwmEM0s","thumbnail":"thumbnails\/EiErVwmEM0s.jpg"},{"video_id":"KCR-Aq3n2n0","channel_id":"UCSr8BqxDw8sHHfGe3InUl5A","title":"A importa\u0302ncia universal da Revoluc\u0327a\u0303o de 1905","description":"Neste epis\u00f3dio, exploramos como a Revolu\u00e7\u00e3o de 1905 antecipou uma nova era de guerras e revolu\u00e7\u00f5es, revelou a trai\u00e7\u00e3o da burguesia e viu o proletariado assumir pela primeira vez a lideran\u00e7a de uma revolu\u00e7\u00e3o democr\u00e1tica.\n \nEntenda o surgimento dos Sovietes, o poder da greve pol\u00edtica de massas e as li\u00e7\u00f5es que forjaram o caminho at\u00e9 1917. Uma an\u00e1lise essencial para quem quer compreender a luta de classes e a teoria revolucion\u00e1ria!\n\n\nBaixe o e-book do epis\u00f3dio em portugu\u00eas:\nhttps:\/\/drive.google.com\/drive\/folders\/1wg0PYMynnj_a2p72GTIkFD-6uZkAWo_x?usp=drive_link\n\nBaixe o e-book do epis\u00f3dio em espanhol:\nhttps:\/\/drive.google.com\/drive\/folders\/1HPVS-_OceQlXvDdFYOtk8GiubXS_udyY?usp=sharing\n\nEntre no nosso Grupo do Whatsapp:\nhttps:\/\/chat.whatsapp.com\/F11x83gwU0X66Jx7PzRcLq","original_language":"pt-PT","publication_date":"2026-02-07","duration":0,"url":"https:\/\/www.youtube.com\/watch?v=KCR-Aq3n2n0","thumbnail":"thumbnails\/KCR-Aq3n2n0.jpg"},{"video_id":"GURuIBaOHH0","channel_id":"UCRLEkZpNRoZQBG8kUTBD8vQ","title":"MARX E A HIST\u00d3RIA: das particularidades nacionais \u00e0 universalidade da revolu\u00e7\u00e3o socialista","description":"Hoje, \u00e0s 19h30 , inicio um curso dedicado ao livro que publiquei h\u00e1 7 anos:\nMARX E A HIST\u00d3RIA: das particularidades nacionais \u00e0 universalidade da revolu\u00e7\u00e3o socialista.\n\nEntenda como a interpreta\u00e7\u00e3o dominante, afastada dos textos originais, converteu o materialismo hist\u00f3rico em um dogma metaf\u00edsico de segunda categoria.\n\nO curso ser\u00e1 dividido em 7 epis\u00f3dios, ao vivo, com espa\u00e7o para d\u00favidas e perguntas relacionadas aos temas discutidos.\n\u25b8 Os dois primeiros epis\u00f3dios ser\u00e3o abertos ao p\u00fablico\n\u25b8 Os cinco \u00faltimos , exclusivos para membros do canal\n\u25b8 Os epis\u00f3dios ser\u00e3o publicados com periodicidade quinzenal\n\nPrograma do curso: \n\nEPIS\u00d3DIO 1 \u2014 Quest\u00f5es pr\u00e9vias: Baseado no pref\u00e1cio da primeira reimpress\u00e3o\nEPIS\u00d3DIO 2 \u2014 Introdu\u00e7\u00e3o: A relev\u00e2ncia hist\u00f3rica do problema\nEPIS\u00d3DIO 3 \u2014 Em busca do ser hist\u00f3rico do homem: Cap\u00edtulo 1\nEPIS\u00d3DIO 4 \u2014 Anota\u00e7\u00f5es ao pref\u00e1cio de 1859: Cap\u00edtulo 2\nEPIS\u00d3DIO 5 \u2014 Em busca da forma hist\u00f3rica da riqueza: Cap\u00edtulo 3\nEPIS\u00d3DIO 6 \u2014 Das diferen\u00e7as nacionais \u00e0 universalidade da revolu\u00e7\u00e3o socialista: Cap\u00edtulo 4\nEPIS\u00d3DIO 7 \u2014 Para al\u00e9m de Marx: \u00e9 poss\u00edvel uma teoria universal da hist\u00f3ria? Cap\u00edtulo 5","original_language":"en-US","publication_date":"2026-02-06","duration":0,"url":"https:\/\/www.youtube.com\/watch?v=GURuIBaOHH0","thumbnail":"thumbnails\/GURuIBaOHH0.jpg"},{"video_id":"gaXvf-7pWf4","channel_id":"UCRLEkZpNRoZQBG8kUTBD8vQ","title":"LAN\u00c7AMENTO: Anu\u00e1rio estat\u00edstico ILAESE 2025\/2026","description":"\u00c0s 19h, vai ao ar a edi\u00e7\u00e3o especial do ILAESE Brasil em Foco com o lan\u00e7amento do Anu\u00e1rio Estat\u00edstico do ILAESE 2025\/26 \u2013 Trabalho e Explora\u00e7\u00e3o.\n\nAdquira j\u00e1 o seu:\nhttps:\/\/editorasundermann.com.br\/produto\/ilaese-anuario-estatistico-2025-trabalho-e-exploracao\/\n\n\ud83d\udcca Um debate essencial para entender o mapa da explora\u00e7\u00e3o dos trabalhadores no Brasil e no mundo.","original_language":"en-US","publication_date":"2026-02-02","duration":0,"url":"https:\/\/www.youtube.com\/watch?v=gaXvf-7pWf4","thumbnail":"thumbnails\/gaXvf-7pWf4.jpg"},{"video_id":"v_ZkMnaiY6M","channel_id":"UCWBk05FplU93JomQ345w24Q","title":"MAT\u00c9RIA DO FANT\u00c1STICO SOBRE C\u00c3O ORELHA FOI TENDENCIOSA","description":"","original_language":"pt-BR","publication_date":"2026-02-02","duration":0,"url":"https:\/\/www.youtube.com\/watch?v=v_ZkMnaiY6M","thumbnail":"thumbnails\/v_ZkMnaiY6M.jpg"},{"video_id":"UzhxceSoOZ0","channel_id":"UCWBk05FplU93JomQ345w24Q","title":"Nikolas Ferreira quer instrumentalizar o crime contra Orelha para atacar o ECA","description":"","original_language":"pt-BR","publication_date":"2026-01-30","duration":0,"url":"https:\/\/www.youtube.com\/watch?v=UzhxceSoOZ0","thumbnail":"thumbnails\/UzhxceSoOZ0.jpg"},{"video_id":"-xc0oprh4HA","channel_id":"UCRLEkZpNRoZQBG8kUTBD8vQ","title":"Minha Biblioteca | ESPECIAL 100 MIL INSCRITOS EP #241","description":"Neste v\u00eddeo, apresento minha biblioteca, a pedido de v\u00e1rios inscritos do canal no curso dos \u00faltimos anos. Uma boa ocasi\u00e3o para recomendar livros, apresentar os crit\u00e9rios com que minha biblioteca foi constru\u00edda e deixar em aberto futuros livros a serem apresentados na lista de reprodu\u00e7\u00e3o SUGERINDO LIVROS.\n\n_____________________________________________________________________________\nSEJA MEMBRO e apoie o canal. Bot\u00e3o ADERIR acima ou: \nhttps:\/\/www.youtube.com\/channel\/UCRLEkZpNRoZQBG8kUTBD8vQ\/join\n\nV\u00eddeo sobre ser membro do canal:\nhttps:\/\/www.youtube.com\/watch?v=drvou-obBVU\n_____________________________________________________________________________\nSiga as p\u00e1ginas do canal Orienta\u00e7\u00e3o Marxista nas Redes Sociais\n\nFACEBOOK:    https:\/\/www.facebook.com\/Orienta\u00e7\u00e3o-Marxista-111673690190915\nTWITTER:       https:\/\/twitter.com\/orient_marxista\nINSTAGRAM: https:\/\/www.instagram.com\/orient.marxista\n_____________________________________________________________________________\nLeia o blog Teoria e Revolu\u00e7\u00e3o:\nhttps:\/\/teoriaerevolucao.pstu.org.br\n_____________________________________________________________________________\nO livro do autor desse canal (Marx e a Hist\u00f3ria: das particularidades nacionais \u00e0 universalidade da revolu\u00e7\u00e3o socialista )  pode ser adquirido nos seguintes endere\u00e7os:\nhttps:\/\/editorasundermann.com.br\/livro\/96-marx-e-a-hist%C3%B3ria\nhttps:\/\/www.estantevirtual.com.br\/busca?utf8=%E2%9C%93&q=gustavo+machado+marx\n\n#Biblioteca #Livros #Leitura","original_language":"pt-BR","publication_date":"2026-01-28","duration":0,"url":"https:\/\/www.youtube.com\/watch?v=-xc0oprh4HA","thumbnail":"thumbnails\/-xc0oprh4HA.jpg"},{"video_id":"X3fZYG3Hakc","channel_id":"UCWBk05FplU93JomQ345w24Q","title":"POL\u00caMICA: o que se passa no Ir\u00e3 e na cabe\u00e7a da esquerda","description":"Neste v\u00eddeo, numa perspectiva marxista, analisamos como deu a aboli\u00e7\u00e3o da escravid\u00e3o em nosso pa\u00eds. Uma an\u00e1lise bem diferente da Hist\u00f3ria Oficial, criada e repetidamente contada h\u00e1 s\u00e9culos pela classe dominante. Aqui, vamos mostrar a hist\u00f3ria contada a partir do ponto de vista da Senzala, dos quilombos e das ruas em contraposi\u00e7\u00e3o \u00e0 Casa Grande e ao parlamento escravocrata.\n_______________________________\n\nSIGA-ME NAS REDES SOCIAIS\n\nInstagram: https:\/\/www.instagram.com\/hertzdias\/\nFacebook: https:\/\/www.facebook.com\/HertzCDias\n_______________________________\n\nNo CANAL DO HERTZ  \u2014 RA\u00c7A, CLASSE & REVOLU\u00c7\u00c3O, vamos debater temas ligados a quest\u00e3o racial, combinado ao de classe, numa perspectiva marxista.","original_language":"pt-BR","publication_date":"2026-01-28","duration":0,"url":"https:\/\/www.youtube.com\/watch?v=X3fZYG3Hakc","thumbnail":"thumbnails\/X3fZYG3Hakc.jpg"},{"video_id":"xPScA78PacQ","channel_id":"UCWBk05FplU93JomQ345w24Q","title":"POL\u00caMICA: o que se passa no Ir\u00e3 e na cabe\u00e7a da esquerda","description":"No  v\u00eddeo de hoje abordando um pol\u00eamica sobre a posi\u00e7\u00e3o dos marxistas em rela\u00e7\u00e3o aos protestos contra o regime iraniano que estouraram desde o final de dezembro de 2025.\n\nQuase toda a esquerda tem se colado na defesa da dit@dura xiita que hoje tem como chefe do governo o Yatol\u00e1 Khamenei. A alega\u00e7\u00e3o \u00e9 que enfrentar ou mesmo derrubar o regime significaria fazer o jogo do imperialismo estadunidense que, de fato, tem interesse em fazer uma reconfigura\u00e7\u00e3o no Oriente. \n\nDeste modo, n\u00e3o existe alternativa para a classe trabalhadora, a n\u00e3o ser n\u00e3o lutar. Caso contr\u00e1rio, n\u00e3o haver\u00e1 alternativa para o regime, a n\u00e3o reprimir, o que de fato vem acontecendo. J\u00e1 s\u00e3o mais de 40 mil mortos, segundo o Centro Internacional para os Direitos Humanos do Ir\u00e3. \n\nDiante deste impasse, fizemos uma abordagem hist\u00f3rica sobre a Revolu\u00e7\u00e3o Iraniana de 1979 e seus desdobramentos para mostrar que essa posi\u00e7\u00e3o n\u00e3o tem nada de marxista e que a verdadeira amea\u00e7a ao imperialismo \u00e9 justamente a for\u00e7a revolucion\u00e1ria da classe oper\u00e1ria iraniana e seus setores oprimidos que estiveram a frente daquela Revolu\u00e7\u00e3o, congelada e reprimida pela dit@dura teocr\u00e1tica do clero Xiita.\n\nAssista a\u00ed, comente, compartilhe e inscreva-se no canal. Blz? \n\n#iranprotests \n_______________________________\n\nSIGA-ME NAS REDES SOCIAIS\n\nInstagram: https:\/\/www.instagram.com\/hertzdias\/\nFacebook: https:\/\/www.facebook.com\/HertzCDias\n_______________________________\n\nNo CANAL DO HERTZ  \u2014 RA\u00c7A, CLASSE & REVOLU\u00c7\u00c3O, vamos debater temas ligados a quest\u00e3o racial, combinado ao de classe, numa perspectiva marxista.","original_language":"pt-BR","publication_date":"2026-01-28","duration":0,"url":"https:\/\/www.youtube.com\/watch?v=xPScA78PacQ","thumbnail":"thumbnails\/xPScA78PacQ.jpg"},{"video_id":"OHzlLGENxZs","channel_id":"UCRLEkZpNRoZQBG8kUTBD8vQ","title":"ANU\u00c1RIO ESTAT\u00cdSTICO DO ILAESE | Saiu EP #240","description":"Adquira seu exemplar f\u00edsico diretamente no Site da Editora Sundermann: https:\/\/editorasundermann.com.br\/produto\/ilaese-anuario-estatistico-2025-trabalho-e-exploracao\/\n\nCompra e envio na Zona Metropolitana de Belo Horizonte\nEntrem em contato: \n31 975264727\n\nO Anu\u00e1rio Estat\u00edstico do ILAESE \u2013 Trabalho & Explora\u00e7\u00e3o \u00e9 uma realiza\u00e7\u00e3o do Instituto Latino-Americano de Estudos Socioecon\u00f4micos (ILAESE). Fruto de mais de duas d\u00e9cadas de experi\u00eancia em assessoria econ\u00f4mica \u00e0s organiza\u00e7\u00f5es dos trabalhadores e na forma\u00e7\u00e3o sindical, o Anu\u00e1rio apresenta uma metodologia in\u00e9dita e continuamente aprimorada, constru\u00edda para revelar \u2014 e n\u00e3o esconder \u2014 a verdadeira estrutura da sociedade baseada na explora\u00e7\u00e3o e na desigualdade.\n\nCom esse prop\u00f3sito, o ILAESE reuniu uma ampla base de dados nacional e internacional, organizada em s\u00e9ries hist\u00f3ricas que abrangem:\n    \u2794 A Uni\u00e3o, todos os estados e cerca de 50 munic\u00edpios, em uma s\u00e9rie hist\u00f3rica de cerca de 15 anos;\n   \u2794 As 500 maiores empresas e grupos econ\u00f4micos nacionais;\n   \u2794 660 multinacionais, acompanhadas em s\u00e9rie hist\u00f3rica superior a 20 anos;\n   \u2794 Dados detalhados sobre a popula\u00e7\u00e3o e a classe trabalhadora brasileira, entre outros indicadores essenciais.\n\n   A grande novidade do Anu\u00e1rio est\u00e1 na agrega\u00e7\u00e3o e interpreta\u00e7\u00e3o desses dados, permitindo enxergar a estrutura social subjacente ao capitalismo contempor\u00e2neo, no Brasil e no mundo. A an\u00e1lise evidencia:\n\n   \u2794 Os ciclos de domina\u00e7\u00e3o entre os diversos setores do capital e o Estado, incluindo uma interpreta\u00e7\u00e3o in\u00e9dita do papel da d\u00edvida p\u00fablica que articula ambos os dom\u00ednios;\n   \u2794 Os mecanismos que atuam no sentido da fragmenta\u00e7\u00e3o da classe trabalhadora;\n   \u2794 O impacto dos novos ramos produtivos e das tecnologias de ponta;\n   \u2794 A nova divis\u00e3o internacional do trabalho e o papel desempenhado por Brasil, bem como pela China, Estados Unidos e outras pot\u00eancias.\n\n   Em mais de 200 p\u00e1ginas, cada conjunto de dados \u00e9 acompanhado por introdu\u00e7\u00f5es metodol\u00f3gicas claras e conclus\u00f5es anal\u00edticas, facilitando a leitura e a compreens\u00e3o cr\u00edtica. \n\n   O volume inclui ainda quatro artigos in\u00e9ditos e aprofundados, que discutem:\n   \u2794 O novo ciclo de domina\u00e7\u00e3o vivido pelo Brasil h\u00e1 quase tr\u00eas d\u00e9cadas;\n   \u2794 O impacto dos avan\u00e7os tecnol\u00f3gicos, da Ind\u00fastria 4.0, das opress\u00f5es no interior da classe trabalhadora;\n\n    Uma interpreta\u00e7\u00e3o da divis\u00e3o internacional do trabalho baseada em dados in\u00e9ditos das grandes corpora\u00e7\u00f5es mundiais, que examina a reconfigura\u00e7\u00e3o dos pa\u00edses centrais (Estados Unidos, Jap\u00e3o e Europa) e a ascens\u00e3o da China. Este \u00faltimo caso \u00e9 explorado em profundidade, por meio de uma an\u00e1lise detalhada de sua forma\u00e7\u00e3o social.\n\n    E, por fim, a disputa mundial entre as grandes pot\u00eancias capitalistas \u00e9 analisado do ponto de vista dos novos ramos de produ\u00e7\u00e3o, como a intelig\u00eancia artificial. O estudo mostra como essas transforma\u00e7\u00f5es redefinem o equil\u00edbrio de for\u00e7as no capitalismo mundial e repercutem diretamente sobre a classe trabalhadora, com express\u00f5es concretas \u2014 como o tarifa\u00e7o de Trump, que antecipa um novo ciclo de tens\u00f5es comerciais e produtivas em escala global.\n \n    O Anu\u00e1rio ILAESE 2025\/26 \u00e9 uma ferramenta indispens\u00e1vel de an\u00e1lise e luta para a classe trabalhadora. Um instrumento para compreender os desafios do presente e se preparar para as batalhas pol\u00edticas, econ\u00f4micas e sociais do futuro \u2014 inclusive diante da ofensiva da ultradireita.\n\n   Resultado de mais de 10 anos de elabora\u00e7\u00e3o coletiva por toda a equipe do Instituto, este Anu\u00e1rio \u00e9 um convite \u00e0 a\u00e7\u00e3o e \u00e0 consci\u00eancia cr\u00edtica.\n \n    Conhe\u00e7a, adquira e divulgue o Anu\u00e1rio Estat\u00edstico do ILAESE 2025\/26.\n\n_____________________________________________________________________________\nSEJA MEMBRO e apoie o canal. Bot\u00e3o ADERIR acima ou: \nhttps:\/\/www.youtube.com\/channel\/UCRLEkZpNRoZQBG8kUTBD8vQ\/join\n\nV\u00eddeo sobre ser membro do canal:\nhttps:\/\/www.youtube.com\/watch?v=drvou-obBVU\n_____________________________________________________________________________\nSiga as p\u00e1ginas do canal Orienta\u00e7\u00e3o Marxista nas Redes Sociais\n\nFACEBOOK:    https:\/\/www.facebook.com\/Orienta\u00e7\u00e3o-Marxista-111673690190915\nTWITTER:       https:\/\/twitter.com\/orient_marxista\nINSTAGRAM: https:\/\/www.instagram.com\/orient.marxista\n_____________________________________________________________________________\nLeia o blog Teoria e Revolu\u00e7\u00e3o:\nhttps:\/\/teoriaerevolucao.pstu.org.br\n_____________________________________________________________________________\nO livro do autor desse canal (Marx e a Hist\u00f3ria: das particularidades nacionais \u00e0 universalidade da revolu\u00e7\u00e3o socialista )  pode ser adquirido nos seguintes endere\u00e7os:\nhttps:\/\/editorasundermann.com.br\/livro\/96-marx-e-a-hist%C3%B3ria\nhttps:\/\/www.estantevirtual.com.br\/busca?utf8=%E2%9C%93&q=gustavo+machado+marx\n\n#ILAESE #Brasil #Mundo","original_language":"pt-PT","publication_date":"2026-01-24","duration":0,"url":"https:\/\/www.youtube.com\/watch?v=OHzlLGENxZs","thumbnail":"thumbnails\/OHzlLGENxZs.jpg"},{"video_id":"aX8juUBPAlo","channel_id":"UCSr8BqxDw8sHHfGe3InUl5A","title":"O retorno e novidades em 2026","description":"Entre no nosso Grupo do Whatsapp:\nhttps:\/\/chat.whatsapp.com\/F11x83gwU0X66Jx7PzRcLq","original_language":"pt-PT","publication_date":"2026-01-22","duration":0,"url":"https:\/\/www.youtube.com\/watch?v=aX8juUBPAlo","thumbnail":"thumbnails\/aX8juUBPAlo.jpg"},{"video_id":"dS_jOoK-TmA","channel_id":"UCWBk05FplU93JomQ345w24Q","title":"Braide, sindicato \u00e9 instrumento de luta dos trabalhadores e reajuste n\u00e3o \u00e9 esmola!","description":"","original_language":"pt-BR","publication_date":"2026-01-22","duration":0,"url":"https:\/\/www.youtube.com\/watch?v=dS_jOoK-TmA","thumbnail":"thumbnails\/dS_jOoK-TmA.jpg"},{"video_id":"L3rUVWdxzLU","channel_id":"UCWBk05FplU93JomQ345w24Q","title":"Marcha a Brasilia mostra que extrema direita n\u00e3o tem projeto de pa\u00eds.","description":"","original_language":"pt-BR","publication_date":"2026-01-20","duration":0,"url":"https:\/\/www.youtube.com\/watch?v=L3rUVWdxzLU","thumbnail":"thumbnails\/L3rUVWdxzLU.jpg"},{"video_id":"dvclHxbapPg","channel_id":"UCWBk05FplU93JomQ345w24Q","title":"RENAN SANTOS N\u00c3O ENTENDE NADA DE EDUCA\u00c7\u00c3O E POLITICAS DE COTAS.","description":"","original_language":"pt-BR","publication_date":"2026-01-16","duration":0,"url":"https:\/\/www.youtube.com\/watch?v=dvclHxbapPg","thumbnail":"thumbnails\/dvclHxbapPg.jpg"},{"video_id":"ub3CR8P8ee8","channel_id":"UCWBk05FplU93JomQ345w24Q","title":"Sobre o esc\u00e2ndalo de corrup\u00e7\u00e3o em Turil\u00e2ndia-MA","description":"","original_language":"pt-BR","publication_date":"2026-01-14","duration":0,"url":"https:\/\/www.youtube.com\/watch?v=ub3CR8P8ee8","thumbnail":"thumbnails\/ub3CR8P8ee8.jpg"},{"video_id":"oQfGjOr_M1I","channel_id":"UCWBk05FplU93JomQ345w24Q","title":"SOBRE OS BOMBARDEIOS DOS EUA CONTRA A NIG\u00c9RIA","description":"","original_language":"pt-BR","publication_date":"2026-01-10","duration":0,"url":"https:\/\/www.youtube.com\/watch?v=oQfGjOr_M1I","thumbnail":"thumbnails\/oQfGjOr_M1I.jpg"},{"video_id":"75U4brSyCrg","channel_id":"UCWBk05FplU93JomQ345w24Q","title":"3 anos de tentativa de golpe de Estado","description":"","original_language":"pt-BR","publication_date":"2026-01-09","duration":0,"url":"https:\/\/www.youtube.com\/watch?v=75U4brSyCrg","thumbnail":"thumbnails\/75U4brSyCrg.jpg"},{"video_id":"AzC0t_9x20g","channel_id":"UCWBk05FplU93JomQ345w24Q","title":"Sobre o assass1nat0 de Renne Nicole em Mineapolis-EUA.","description":"","original_language":"pt-BR","publication_date":"2026-01-09","duration":0,"url":"https:\/\/www.youtube.com\/watch?v=AzC0t_9x20g","thumbnail":"thumbnails\/AzC0t_9x20g.jpg"},{"video_id":"Np8kLMtKOhk","channel_id":"UCWBk05FplU93JomQ345w24Q","title":"Nikolas Ferreira cometeu crime de atentado \u00e0 soberania do Brasil!","description":"","original_language":"pt-BR","publication_date":"2026-01-07","duration":0,"url":"https:\/\/www.youtube.com\/watch?v=Np8kLMtKOhk","thumbnail":"thumbnails\/Np8kLMtKOhk.jpg"},{"video_id":"vg3SLHNhH04","channel_id":"UCWBk05FplU93JomQ345w24Q","title":"Trecho da nossa fala no ato em defesa do povo da Venezuela!","description":"","original_language":"pt-BR","publication_date":"2026-01-06","duration":0,"url":"https:\/\/www.youtube.com\/watch?v=vg3SLHNhH04","thumbnail":"thumbnails\/vg3SLHNhH04.jpg"},{"video_id":"kFsCOG7M0Y8","channel_id":"UCWBk05FplU93JomQ345w24Q","title":"As li\u00e7\u00f5es da revolu\u00e7\u00e3o haitiana parte 2","description":"","original_language":"pt-BR","publication_date":"2026-01-04","duration":0,"url":"https:\/\/www.youtube.com\/watch?v=kFsCOG7M0Y8","thumbnail":"thumbnails\/kFsCOG7M0Y8.jpg"},{"video_id":"e7LhRcm5XMo","channel_id":"UCWBk05FplU93JomQ345w24Q","title":"Trump quer transformar a Venezuela numa col\u00f4nia.","description":"","original_language":"pt-BR","publication_date":"2026-01-03","duration":0,"url":"https:\/\/www.youtube.com\/watch?v=e7LhRcm5XMo","thumbnail":"thumbnails\/e7LhRcm5XMo.jpg"},{"video_id":"ltYZd3tHfm4","channel_id":"UCWBk05FplU93JomQ345w24Q","title":"N\u00e3o \u00e0 agress\u00e3o imperialista dos EUA \u00e0 Venezuela!","description":"","original_language":"pt-BR","publication_date":"2026-01-03","duration":0,"url":"https:\/\/www.youtube.com\/watch?v=ltYZd3tHfm4","thumbnail":"thumbnails\/ltYZd3tHfm4.jpg"},{"video_id":"p9guwY74oPk","channel_id":"UCWBk05FplU93JomQ345w24Q","title":"Oprimir n\u00e3o \u00e9 s\u00f3 lacrar e distrair","description":"","original_language":"pt-BR","publication_date":"2026-01-02","duration":0,"url":"https:\/\/www.youtube.com\/watch?v=p9guwY74oPk","thumbnail":"thumbnails\/p9guwY74oPk.jpg"},{"video_id":"vNlpYKLEAM8","channel_id":"UCWBk05FplU93JomQ345w24Q","title":"222 anos da revolu\u00e7\u00e3o haitiana parte 1","description":"","original_language":"pt-BR","publication_date":"2026-01-02","duration":0,"url":"https:\/\/www.youtube.com\/watch?v=vNlpYKLEAM8","thumbnail":"thumbnails\/vNlpYKLEAM8.jpg"},{"video_id":"_P5m6Pmsb8g","channel_id":"UCWBk05FplU93JomQ345w24Q","title":"Quem define o que \u00e9 relevante para o debate sobre a revolu\u00e7\u00e3o brasileira?","description":"","original_language":"pt-BR","publication_date":"2025-12-31","duration":0,"url":"https:\/\/www.youtube.com\/watch?v=_P5m6Pmsb8g","thumbnail":"thumbnails\/_P5m6Pmsb8g.jpg"},{"video_id":"KKyagrE3gA0","channel_id":"UCWBk05FplU93JomQ345w24Q","title":"O que \u00e9 e o que n\u00e3o \u00e9 relevante no debate sobre a revolu\u00e7\u00e3o brasileira?","description":"Neste v\u00eddeo polemizamos com a posi\u00e7\u00e3o de Jones Manoel que afirmou em v\u00eddeo recente que a ultradireita faz discursos absurdos ( xenofobicos, LGBTf\u00f3bicos, racistas, machistas, etc) para lacrar e viralizar nas redes sociais, desconsiderando a estrat\u00e9gia burguesa de utilizar as opress\u00f5es para humilhar, explorar e dividir a classe trabalhadora, inclusive entre os seus setores mais pauperizados e desesperados. \n\nDa mesma forma que afirmou que n\u00e3o debate falas machistas e preconceituosas de figuras p\u00fablicas como o presidente Lula e nem entra em pol\u00eamicas como das havaianas, porque isso \u00e9 imbecilidades que tira o foco dos temas centrais da revolu\u00e7\u00e3o brasileira. \nN\u00f3s pensamos o oposto disso. Assista ao v\u00eddeo pra entender nossa posi\u00e7\u00e3o. \n\nTMJ!\n_______________________________\n\nSIGA-ME NAS REDES SOCIAIS\n\nInstagram: https:\/\/www.instagram.com\/hertzdias\/\nFacebook: https:\/\/www.facebook.com\/HertzCDias\n_______________________________\n\nNo CANAL DO HERTZ  \u2014 RA\u00c7A, CLASSE & REVOLU\u00c7\u00c3O, vamos debater temas ligados a quest\u00e3o racial, combinado ao de classe, numa perspectiva marxista.","original_language":"pt-BR","publication_date":"2025-12-30","duration":0,"url":"https:\/\/www.youtube.com\/watch?v=KKyagrE3gA0","thumbnail":"thumbnails\/KKyagrE3gA0.jpg"},{"video_id":"x803uo-2Oho","channel_id":"UCWBk05FplU93JomQ345w24Q","title":"Lula t\u00e1 jogando 20 mil trabalhadores da Eletrobras no olho da rua!","description":"","original_language":"pt-BR","publication_date":"2025-12-30","duration":0,"url":"https:\/\/www.youtube.com\/watch?v=x803uo-2Oho","thumbnail":"thumbnails\/x803uo-2Oho.jpg"},{"video_id":"durwtdIDaAc","channel_id":"UCWBk05FplU93JomQ345w24Q","title":"O deputado Paulo Bilynskyj PL-SP \u00e9 um ra@cyst@ da pior esp\u00e9cie!","description":"","original_language":"pt-BR","publication_date":"2025-12-26","duration":0,"url":"https:\/\/www.youtube.com\/watch?v=durwtdIDaAc","thumbnail":"thumbnails\/durwtdIDaAc.jpg"},{"video_id":"0aiBVKc2MHE","channel_id":"UCWBk05FplU93JomQ345w24Q","title":"Sobre o boicote da extrema direita as sand\u00e1lias havaianas","description":"","original_language":"pt-BR","publication_date":"2025-12-23","duration":0,"url":"https:\/\/www.youtube.com\/watch?v=0aiBVKc2MHE","thumbnail":"thumbnails\/0aiBVKc2MHE.jpg"},{"video_id":"3-0YAb0-VaY","channel_id":"UCWBk05FplU93JomQ345w24Q","title":"No title","description":"No description","original_language":"unknown","publication_date":"2025-12-23","duration":0,"url":"https:\/\/www.youtube.com\/watch?v=3-0YAb0-VaY","thumbnail":"thumbnails\/default.jpg"},{"video_id":"FaUHbwIQ6o4","channel_id":"UCWBk05FplU93JomQ345w24Q","title":"Sangue espirra a cada sess\u00e3o do plen\u00e1rio","description":"","original_language":"pt-BR","publication_date":"2025-12-22","duration":0,"url":"https:\/\/www.youtube.com\/watch?v=FaUHbwIQ6o4","thumbnail":"thumbnails\/FaUHbwIQ6o4.jpg"},{"video_id":"4AhEP9EBju4","channel_id":"UCWBk05FplU93JomQ345w24Q","title":"View the subsequent content through the homepage link#usa      #shortsvideo    #newyork","description":"Watch the whole episode for free\n\ud83d\udd0eSearch for kk931912 on\n#usa    #fullepisodes   #shortsvideo   #newyork   #facebookreels","original_language":"en","publication_date":"2025-12-19","duration":0,"url":"https:\/\/www.youtube.com\/watch?v=4AhEP9EBju4","thumbnail":"thumbnails\/4AhEP9EBju4.jpg"},{"video_id":"LCg2lhHV-7k","channel_id":"UCWBk05FplU93JomQ345w24Q","title":"\ud83d\udd34Live","description":"Use the camera to document the deeds of life","original_language":"zxx","publication_date":"2025-12-19","duration":0,"url":"https:\/\/www.youtube.com\/watch?v=LCg2lhHV-7k","thumbnail":"thumbnails\/LCg2lhHV-7k.jpg"},{"video_id":"gs0PgHbydyU","channel_id":"UC4QQ1pY2lD3DhthIJ1LFEBw","title":"https:\/\/canalviainternet.charlessolutions.com.br            acesse nosso site","description":"","original_language":"pt-PT","publication_date":"2025-12-19","duration":0,"url":"https:\/\/www.youtube.com\/watch?v=gs0PgHbydyU","thumbnail":"thumbnails\/gs0PgHbydyU.jpg"},{"video_id":"ih1goMtaug8","channel_id":"UCWBk05FplU93JomQ345w24Q","title":"View the subsequent content through the homepage link#usa      #shortsvideo    #newyork","description":"Watch the whole episode for free\n\ud83d\udd0eSearch for kk931912 on\n#usa    #fullepisodes   #shortsvideo   #newyork   #facebookreels","original_language":"en","publication_date":"2025-12-19","duration":0,"url":"https:\/\/www.youtube.com\/watch?v=ih1goMtaug8","thumbnail":"thumbnails\/ih1goMtaug8.jpg"},{"video_id":"il7Zwo--sJY","channel_id":"UC4QQ1pY2lD3DhthIJ1LFEBw","title":"Keep the YouTube Algorithm Clean - Step by Step Guide","description":"Are you tired of YouTube recommendations getting ruined every time you research a new topic, product, or trip? Many people use Incognito Mode to protect their YouTube algorithm\u2014but that actually removes all your YouTube Premium benefits.\n\nIn this step-by-step guide, you\u2019ll learn a smarter way to keep your YouTube algorithm clean without ads, without logging out, and without losing background playback, playlists, or subscriptions.\n\n\u2705 Why Incognito Mode is a broken solution\n\u2705 What YouTube Premium users lose in Incognito\n\u2705 How to use multiple YouTube channels under one Google account\n\u2705 How each channel gets its own separate algorithm\n\u2705 How to create a private \u201csandbox\u201d channel for research and one-off videos\n\u2705 Pro tip: Pause watch & search history for true algorithm control\n\nThis simple setup lets you enjoy all the privacy of Incognito Mode while keeping every feature you pay for. Once you try this, you\u2019ll never use Incognito for YouTube again.\n\n\ud83d\udc49 Perfect for creators, tech-savvy users, and anyone who wants full control of their YouTube recommendations.\n\n\ud835\udd4e\ud835\udd3c\ud835\udd39 \ud835\udd4a\ud835\udd40\ud835\udd4b\ud835\udd3c    https:\/\/www.techforsenior.com\/    \ud835\udd4a\ud835\udd5a\ud835\udd58\ud835\udd5f \ud835\udd66\ud835\udd61 \ud835\udd57\ud835\udd60\ud835\udd63 \ud835\udd60\ud835\udd66\ud835\udd63 \ud835\udd57\ud835\udd63\ud835\udd56\ud835\udd56 \ud835\udd5f\ud835\udd56\ud835\udd68\ud835\udd64\ud835\udd5d\ud835\udd56\ud835\udd65\ud835\udd65\ud835\udd56\ud835\udd63\n\u2119\ud835\udd5d\ud835\udd56\ud835\udd52\ud835\udd64\ud835\udd56 \ud835\udd43\ud835\udd40\ud835\udd42\ud835\udd3c \ud835\udd38\u2115\ud835\udd3b \ud835\udd4a\ud835\udd4c\ud835\udd39\ud835\udd4a\u2102\u211d\ud835\udd40\ud835\udd39\ud835\udd3c \ud835\udd65\ud835\udd60 \ud835\udd65\ud835\udd59\ud835\udd5a\ud835\udd64 \ud835\udd54\ud835\udd59\ud835\udd52\ud835\udd5f\ud835\udd5f\ud835\udd56l\n\nDonations for TFS can be made at   https:\/\/ko-fi.com\/techforsenior","original_language":"en-CA","publication_date":"2025-12-19","duration":0,"url":"https:\/\/www.youtube.com\/watch?v=il7Zwo--sJY","thumbnail":"thumbnails\/il7Zwo--sJY.jpg"},{"video_id":"jPkdhVDst8I","channel_id":"UCWBk05FplU93JomQ345w24Q","title":"View the subsequent content through the homepage link#usa      #shortsvideo    #newyork","description":"Watch the whole episode for free Search for youbao10 on #usa #fullepisodes #shortsvideo #newyork #facebookreels.","original_language":"en","publication_date":"2025-12-19","duration":0,"url":"https:\/\/www.youtube.com\/watch?v=jPkdhVDst8I","thumbnail":"thumbnails\/jPkdhVDst8I.jpg"},{"video_id":"kfXsTU6eUc4","channel_id":"UCRLEkZpNRoZQBG8kUTBD8vQ","title":"\ud83d\udd34Live","description":"Use the camera to document the deeds of life","original_language":"zxx","publication_date":"2025-12-19","duration":0,"url":"https:\/\/www.youtube.com\/watch?v=kfXsTU6eUc4","thumbnail":"thumbnails\/kfXsTU6eUc4.jpg"},{"video_id":"yiBjjbo32Ho","channel_id":"UC4QQ1pY2lD3DhthIJ1LFEBw","title":"Segue e deixe o link para mas videos como esses #https:\/\/go.hotmart.com\/K103468204T","description":"","original_language":"pt-PT","publication_date":"2025-12-19","duration":0,"url":"https:\/\/www.youtube.com\/watch?v=yiBjjbo32Ho","thumbnail":"thumbnails\/yiBjjbo32Ho.jpg"},{"video_id":"zD80dT_4f3w","channel_id":"UCWBk05FplU93JomQ345w24Q","title":"\ud83d\udd34Live","description":"Use the camera to document the deeds of life","original_language":"zxx","publication_date":"2025-12-19","duration":0,"url":"https:\/\/www.youtube.com\/watch?v=zD80dT_4f3w","thumbnail":"thumbnails\/zD80dT_4f3w.jpg"},{"video_id":"74kuuJ59PkM","channel_id":"UCWBk05FplU93JomQ345w24Q","title":"https:\/\/sites.google.com\/view\/smartplayerprivacypolicy\/home#h.qbd0rjyr8unk","description":"","original_language":"en","publication_date":"2025-12-18","duration":0,"url":"https:\/\/www.youtube.com\/watch?v=74kuuJ59PkM","thumbnail":"thumbnails\/74kuuJ59PkM.jpg"},{"video_id":"IZOPAN90jXk","channel_id":"UCWBk05FplU93JomQ345w24Q","title":"View the subsequent content through the homepage link#usa      #shortsvideo    #newyork","description":"Watch the whole episode for free\n\ud83d\udd0eSearch for kk931912 on\n#usa    #fullepisodes   #shortsvideo   #newyork   #facebookreels","original_language":"en","publication_date":"2025-12-18","duration":0,"url":"https:\/\/www.youtube.com\/watch?v=IZOPAN90jXk","thumbnail":"thumbnails\/IZOPAN90jXk.jpg"},{"video_id":"JtX61McyICM","channel_id":"UCRLEkZpNRoZQBG8kUTBD8vQ","title":"\ud83d\udd34 AO VIVO: HONDA ANUNCIA QUE VAI INTERROMPER A PRODU\u00c7\u00c3O NO JAP\u00c3O E NA CHINA | REAL TIME - 19\/12\/2025","description":"Com agilidade e rigor na apura\u00e7\u00e3o dos fatos, Marcelo Torres apresenta o Real Time. Acompanhe tudo o que acontece ap\u00f3s a abertura dos mercados com an\u00e1lises detalhadas e reportagens sobre diversos temas. \n\nDe segunda a sexta, das 9h30 \u00e0s 13h.\n\n\ud83d\udea8Inscreva-se no canal e ative o sininho para receber todo o nosso conte\u00fado!\n\nSiga o Times Brasil - Licenciado Exclusivo CNBC nas redes sociais: @otimesbrasil \n\n\ud83d\udccc ONDE ASSISTIR AO MAIOR CANAL DE NEG\u00d3CIOS DO MUNDO NO BRASIL:\n\n\ud83d\udd37 Canal 562 ClaroTV+ | Canal 562 Sky | Canal 592 Vivo | Canal 187 Oi | Operadoras regionais\n\n\ud83d\udd37 TV SINAL ABERTO: parab\u00f3licas canal 562\n\n\ud83d\udd37 ONLINE: https:\/\/timesbrasil.com.br | YouTube\n\n\ud83d\udd37 FAST Channels: Samsung TV Plus, TCL Channels, Pluto TV, Soul TV, Zapping | Novos Streamings\n\n#CNBCNoBrasil \n#JornalismoDeNeg\u00f3cios \n#TimesBrasilCNBC \n#RealTime \n#AoVivo \n#Not\u00edcias \n#Economia \n#Neg\u00f3cios\n#Pol\u00edtica","original_language":"pt-BR","publication_date":"2025-12-18","duration":0,"url":"https:\/\/www.youtube.com\/watch?v=JtX61McyICM","thumbnail":"thumbnails\/JtX61McyICM.jpg"},{"video_id":"LG9yRShrYDg","channel_id":"UCWBk05FplU93JomQ345w24Q","title":"Powerful Website You Should know (Part 2).","description":"Watch till the end, this website gives you the ability to make free calls to any number anonymously.\n#miracleguy001\n#freecalls \n#2026freecalls","original_language":"en","publication_date":"2025-12-18","duration":0,"url":"https:\/\/www.youtube.com\/watch?v=LG9yRShrYDg","thumbnail":"thumbnails\/LG9yRShrYDg.jpg"},{"video_id":"Q0nujCi-ZjI","channel_id":"UCWBk05FplU93JomQ345w24Q","title":"VIDEO SATISFAT\u00d3RIO 2596 \/ hiltonjorgepessoadasilva@gmail.com","description":"","original_language":"pt-BR","publication_date":"2025-12-18","duration":0,"url":"https:\/\/www.youtube.com\/watch?v=Q0nujCi-ZjI","thumbnail":"thumbnails\/Q0nujCi-ZjI.jpg"},{"video_id":"THNVjE1LygE","channel_id":"UCWBk05FplU93JomQ345w24Q","title":"\ud83d\udea8 os links dos produtos est\u00e3o no canal pois n\u00e3o consigo envi\u00e1-los pelo YouTube \ud83d\udea8","description":"","original_language":"pt-PT","publication_date":"2025-12-18","duration":0,"url":"https:\/\/www.youtube.com\/watch?v=THNVjE1LygE","thumbnail":"thumbnails\/THNVjE1LygE.jpg"},{"video_id":"UXJWp3NmL9E","channel_id":"UCWBk05FplU93JomQ345w24Q","title":"View the subsequent content through the homepage link#usa      #shortsvideo    #newyork","description":"Watch the whole episode for free\n\ud83d\udd0eSearch for kk931912 on\n#usa    #fullepisodes   #shortsvideo   #newyork   #facebookreels","original_language":"en","publication_date":"2025-12-18","duration":0,"url":"https:\/\/www.youtube.com\/watch?v=UXJWp3NmL9E","thumbnail":"thumbnails\/UXJWp3NmL9E.jpg"},{"video_id":"Up30f3dVQaM","channel_id":"UCWBk05FplU93JomQ345w24Q","title":"introdu\u00e7\u00e3o YT","description":"V\u00eddeos Promocionais.\n\nMaiores Informa\u00e7\u00f5es: jsnovaalianca592@gmail.com","original_language":"pt-BR","publication_date":"2025-12-18","duration":0,"url":"https:\/\/www.youtube.com\/watch?v=Up30f3dVQaM","thumbnail":"thumbnails\/Up30f3dVQaM.jpg"},{"video_id":"VUnRUZE_fWI","channel_id":"UCWBk05FplU93JomQ345w24Q","title":"Powerfull Website you should know #Shorts#WebsiteTips #WebDesignInspiration #DigitalMarketingAdvice","description":"Powerfull Website you should know #Shorts\n\n#WebsiteTips #WebDesignInspiration #DigitalMarketingAdvice\n\nUtilize the power of the internet and take your online presence to the next level with these powerful websites you should know about. Get the most out of your website with our expert tips and tricks!\n\nFor more information on\u2026\n\nWhat do you think of This video  Let me know in the comments below!\n\nSubscribe: https:\/\/www.youtube.com\/@21thsoft28\/featured\n\n\n\nhttps:\/\/21thsoft.blogspot.com\/\n\nbest web browsers you should start using,website,how to make a website,create a website,how to build a website,website builder,you need a website,top 5 websites every web designer should visit,best free website builder,top 5 websites every graphic designer should visit,create a website for your business,free website builder software,website design,create website,create a website for free,dark web websites,dark web what you need to know,website builders","original_language":"en","publication_date":"2025-12-18","duration":0,"url":"https:\/\/www.youtube.com\/watch?v=VUnRUZE_fWI","thumbnail":"thumbnails\/VUnRUZE_fWI.jpg"},{"video_id":"XtlfBy6tMfc","channel_id":"UCWBk05FplU93JomQ345w24Q","title":"View the subsequent content through the homepage link#usa      #shortsvideo    #newyork","description":"Watch the whole episode for free\n\ud83d\udd0eSearch for kk931912 on\n#usa    #fullepisodes   #shortsvideo   #newyork   #facebookreels","original_language":"en","publication_date":"2025-12-18","duration":0,"url":"https:\/\/www.youtube.com\/watch?v=XtlfBy6tMfc","thumbnail":"thumbnails\/XtlfBy6tMfc.jpg"},{"video_id":"aF8WlcxP700","channel_id":"UCWBk05FplU93JomQ345w24Q","title":"Acessando Navegador famoso DeepWeb seguran\u00e7a e experi\u00eancia livros ebook","description":"Venha fazer parte dessa hist\u00f3ria comigo. O sonho s\u00f3 faz sentido quando \u00e9 compartilhado! inscreve-se\ud83d\udc4d, compartilha \ud83d\udd04 ativa o sininho \ud83d\udece\ufe0f.\n\nLINK \ud83d\udd17:  http:\/\/zqktlwiuavvvqqt4ybvgvi7tyo4hjl5xgfuvpdf6otjiycgwqbym2qad.onion\/wiki\/index.php\/Main_Page\n\n\ud83d\udce3 REDES SOCIAIS\ud83d\udc47\n\n \ud83c\udf10Instagram: https:\/\/www.instagram.com\/guttierre_ofc\n\n \ud83c\udf10Tiktok: https:\/\/tiktok.com\/@guttierre_ofc\n\n \ud83c\udf10Kwai: https:\/\/k.kwai.com\/u\/@guttierre_0fc\n\n \ud83c\udf10Twitter: https:\/\/x.com\/guttierre_Ofc\n\n\ud83c\udf10 Facebook:\nhttps:\/\/www.facebook.com\/share\/1CK9Scjgtk\/\n\n\ud83c\udf10 YouTube:  https:\/\/youtube.com\/@guttierre\n\n\n\ud83d\uded1 Ap\u00f3ie O Canal \ud83d\ude4f\ud83c\udf81\n\n#bitcoin \ud83c\udf10:\n\nbc1q330tf57am4wrh72060yvddwgh5sghed46t9vq3\n\n#solana \ud83c\udf10:\n\n6aqypPjf5CzueMfKQseQdp1AQxbPHogcg6UXtrwzMtuE\n\n#ethereum \ud83c\udf10:\n\n0x88E5f96CEBE1B708aADB38a4443aca8AeD0A4dB8\n\n#monero \ud83c\udf10:\n\n46YucxVMrPo1pdRVDoJSo3aXA2maU3DZrL7JbMGMyQL7gYBe1PbUo8RFprcjHEDREYNq9To9SXHGyDDNdeK7T1dPSWyuaMw\n\n#base \ud83c\udf10:\n\n0x88E5f96CEBE1B708aADB38a4443aca8AeD0A4dB8\n\n#sui \ud83c\udf10:\n\n0x76c3786a1557de6ce146d47bffb42d2ba65f3635a6aa7cfb583982a0f0ce3452\n\n#polygon \ud83c\udf10:\n\n0x88E5f96CEBE1B708aADB38a4443aca8AeD0A4dB8\n\n#zcash \ud83c\udf10:\n\nt1QWNzF1BRchXWN9k9pD6vRU2Z3n8BB5KYH\n\n#dash \ud83c\udf10:\n\nXh7LgWZAHJTRrk19qGknBYvgB1ZfuPnY3H\n\n#BNB \ud83c\udf10:\n\n0xEf58BaD5FB9F6ae2Fb5267d51Bd91880Ec5D745b\n\n#Cardano \ud83c\udf10:\n\naddr1qxxf45edp75s9hextwhvujjhfn473jjj30dmwcfhum8ue95vntfj6rafqt0jvkawee99wn8tar999z7mkasn0ek0ejtqepc68n\n\n#Arbitrum \ud83c\udf10:\n\n0xEf58BaD5FB9F6ae2Fb5267d51Bd91880Ec5D745b\n\n#XRP \ud83c\udf10:\n\nrHuGQq5Yjt9qDY3ZJXsKj5bT5YTUtKLgFg\n\n#Dogecoin \ud83c\udf10:\n\nDSqmsWzgFpayx9C8P9m3o5iLvtvWmTMrdk\n\n#Tron \ud83c\udf10:\n\nTYmxRvJapP7H3cgh3i1jxer3ZgB6ZiMJku\n\n\n#Stellar \ud83c\udf10:\n\nGAXW6UGD4WSRCXTM2MSC7PIHQV5QPXU7IZSZVERJY64GBEYZB6J5H2YG\n\n#Cosmos \ud83c\udf10:\n\ncosmos1kngujp4dyt6n0gsssyxuzvlqwrkzgk4wezlpvg\n\n#Polkadot \ud83c\udf10:\n\n1PQAPMr22zMT71TztSAFMrtcPwP8UcXMHAX2cCeSeLh8AKK\n\n#Tethet USDT \ud83c\udf10:\n\n\ud83d\uded1ETH: 0xEf58BaD5FB9F6ae2Fb5267d51Bd91880Ec5D745b\n\n\ud83d\uded1Sol: Hx6SrT9UTJLukrH552k6uEKmFXRpDCXeR5EfGo6M9Lhi\n\n\ud83d\uded1POL: 0xEf58BaD5FB9F6ae2Fb5267d51Bd91880Ec5D745b\n\n\ud83d\uded1BSC: 0xEf58BaD5FB9F6ae2Fb5267d51Bd91880Ec5D745b\n\n\ud83d\uded1ARB1: 0xEf58BaD5FB9F6ae2Fb5267d51Bd91880Ec5D745b\n\n\ud83d\uded1OP: 0xEf58BaD5FB9F6ae2Fb5267d51Bd91880Ec5D745b\n\n#Toncoin \ud83d\udcb1\n\ud83d\uded1BSC: 0xEf58BaD5FB9F6ae2Fb5267d51Bd91880Ec5D745b\n\n\ud83d\uded1ETH: 0xEf58BaD5FB9F6ae2Fb5267d51Bd91880Ec5D745b\n\n#Fanton \ud83c\udf10:\n\n0xEf58BaD5FB9F6ae2Fb5267d51Bd91880Ec5D745b\n\n\ud83d\uded1ETH: 0xEf58BaD5FB9F6ae2Fb5267d51Bd91880Ec5D745b\n\n#Avalanche \ud83c\udf10:\n\n0xEf58BaD5FB9F6ae2Fb5267d51Bd91880Ec5D745b\n\n\ud83d\uded1BSC: 0xEf58BaD5FB9F6ae2Fb5267d51Bd91880Ec5D745b\n\n#Shiba Inu \ud83d\udcb1\n \n\ud83d\uded1ETH: 0xEf58BaD5FB9F6ae2Fb5267d51Bd91880Ec5D745b\n\n#Cronos \ud83c\udf10:\n\n0xEf58BaD5FB9F6ae2Fb5267d51Bd91880Ec5D745b\n\n#Uniswap \ud83c\udf10:\n\n\ud83d\uded1ETH: 0xEf58BaD5FB9F6ae2Fb5267d51Bd91880Ec5D745b\n\n#Aave \ud83c\udf10:\n\ud83d\uded1ETH: 0xEf58BaD5FB9F6ae2Fb5267d51Bd91880Ec5D745b\n\n\ud83d\uded1POL: 0xEf58BaD5FB9F6ae2Fb5267d51Bd91880Ec5D745b\n\n#Flare \ud83c\udf10:\n\n0xEf58BaD5FB9F6ae2Fb5267d51Bd91880Ec5D745b\n\n#Aurora \ud83c\udf10:\n \n0xEf58BaD5FB9F6ae2Fb5267d51Bd91880Ec5D745b\n\n#HiperEVM \ud83c\udf10:\n \n0xEf58BaD5FB9F6ae2Fb5267d51Bd91880Ec5D745b\n\n\n\n............... :::::::::::::::: ......................\n                 The end\n............... :::::::::::::::: ......................","original_language":"zxx","publication_date":"2025-12-18","duration":0,"url":"https:\/\/www.youtube.com\/watch?v=aF8WlcxP700","thumbnail":"thumbnails\/aF8WlcxP700.jpg"},{"video_id":"eM_hIq9wdtA","channel_id":"UCWBk05FplU93JomQ345w24Q","title":"View the subsequent content through the homepage link#usa      #shortsvideo    #newyork","description":"Watch the whole episode for free\n\ud83d\udd0eSearch for kk931912 on\n#usa    #fullepisodes   #shortsvideo   #newyork   #facebookreels","original_language":"en","publication_date":"2025-12-18","duration":0,"url":"https:\/\/www.youtube.com\/watch?v=eM_hIq9wdtA","thumbnail":"thumbnails\/eM_hIq9wdtA.jpg"},{"video_id":"jZQ1QeVijDg","channel_id":"UCWBk05FplU93JomQ345w24Q","title":"View the subsequent content through the homepage link#usa      #shortsvideo    #newyork","description":"Watch the whole episode for free\n\ud83d\udd0eSearch for kk931912 on\n#usa    #fullepisodes   #shortsvideo   #newyork   #facebookreels","original_language":"unknown","publication_date":"2025-12-18","duration":0,"url":"https:\/\/www.youtube.com\/watch?v=jZQ1QeVijDg","thumbnail":"thumbnails\/jZQ1QeVijDg.jpg"},{"video_id":"sxpPmfFwWv4","channel_id":"UCWBk05FplU93JomQ345w24Q","title":"View the subsequent content through the homepage link#usa      #shortsvideo    #newyork","description":"Watch the whole episode for free\n\ud83d\udd0eSearch for kk931912 on\n#usa    #fullepisodes   #shortsvideo   #newyork   #facebookreels","original_language":"en","publication_date":"2025-12-18","duration":0,"url":"https:\/\/www.youtube.com\/watch?v=sxpPmfFwWv4","thumbnail":"thumbnails\/sxpPmfFwWv4.jpg"},{"video_id":"1s8_QQ6kVfM","channel_id":"UCWBk05FplU93JomQ345w24Q","title":"View the subsequent content through the homepage link#usa      #shortsvideo    #newyork","description":"Watch the whole episode for free\n\ud83d\udd0eSearch for kk931912 on\n#usa    #fullepisodes   #shortsvideo   #newyork   #facebookreels","original_language":"en","publication_date":"2025-12-17","duration":0,"url":"https:\/\/www.youtube.com\/watch?v=1s8_QQ6kVfM","thumbnail":"thumbnails\/1s8_QQ6kVfM.jpg"},{"video_id":"2fxx5NVw1Uc","channel_id":"UCWBk05FplU93JomQ345w24Q","title":"Escale no Youtube com Esse Sistema Gerador 24-7 - Gemini em modo Turbo","description":"Escale no Youtube com Esse Sistema Gerador 24-7 - Gemini em modo Turbo","original_language":"pt-BR","publication_date":"2025-12-17","duration":0,"url":"https:\/\/www.youtube.com\/watch?v=2fxx5NVw1Uc","thumbnail":"thumbnails\/2fxx5NVw1Uc.jpg"},{"video_id":"7jFVbs8nYtQ","channel_id":"UCRLEkZpNRoZQBG8kUTBD8vQ","title":"View the subsequent content through the homepage link#usa      #shortsvideo    #newyork","description":"Watch the whole episode for free\n\ud83d\udd0eSearch for kk931912 on\n#usa    #fullepisodes   #shortsvideo   #newyork   #facebookreels","original_language":"en","publication_date":"2025-12-17","duration":0,"url":"https:\/\/www.youtube.com\/watch?v=7jFVbs8nYtQ","thumbnail":"thumbnails\/7jFVbs8nYtQ.jpg"},{"video_id":"9kwSfo1mFMs","channel_id":"UCRLEkZpNRoZQBG8kUTBD8vQ","title":"Biggest Conspiracy Videos On The Internet Today!  (Ep 396)","description":"Dive Deeper Into the Mystery!\n\nHave a Clip you want me to React to?\nDrop a link in my Discord Server! \n\nMy Discord Server: https:\/\/discord.gg\/gjz9fQXWqr\n\nLink To My Second Channel: http:\/\/www.youtube.com\/@ItsThatGuyDominick  \n\nRemember, these topics can be wild and out there, so don't take my\/ or others word for it, do your own research, form your own opinions, and keep an open mind. The truth is out there... or maybe it\u2019s not. \ud83d\ude09\n\nThank you all so much! \nHave a good day.\n\n\" Copyright Disclaimer Under Section 107 of the Copyright Act 1976, allowance is made for \"fair use\" for purposes such as criticism, commenting, news reporting, teaching, scholarship, and research. Fair use is a use permitted by copyright statute that might otherwise be infringing. Non-profit, educational or personal use tips the balance in favor of fair use.","original_language":"en","publication_date":"2025-12-17","duration":0,"url":"https:\/\/www.youtube.com\/watch?v=9kwSfo1mFMs","thumbnail":"thumbnails\/9kwSfo1mFMs.jpg"},{"video_id":"A2cakAiY-6c","channel_id":"UCWBk05FplU93JomQ345w24Q","title":"For someone to go through my page, watch my videos, check my profile","description":"","original_language":"en","publication_date":"2025-12-17","duration":0,"url":"https:\/\/www.youtube.com\/watch?v=A2cakAiY-6c","thumbnail":"thumbnails\/A2cakAiY-6c.jpg"},{"video_id":"HDoEOgaJ8L0","channel_id":"UCWBk05FplU93JomQ345w24Q","title":"YouTube Create App is pretty cool. Download it, check it out, and let me know what you think!","description":"","original_language":"en","publication_date":"2025-12-17","duration":0,"url":"https:\/\/www.youtube.com\/watch?v=HDoEOgaJ8L0","thumbnail":"thumbnails\/HDoEOgaJ8L0.jpg"},{"video_id":"I72SqfFkM5g","channel_id":"UCWBk05FplU93JomQ345w24Q","title":"P*RNHUB HACKEADO - Entenda o Vazamento de 200 MILH\u00d5ES de registros","description":"Saia do absoluto zero e se torne um pentester certificado profissional com a Solyd\nhttps:\/\/solyd.com.br\/?utm_source=youtube\n\nCurso gratuito: Introdu\u00e7\u00e3o ao Hacking e Pentest 2.0\nhttps:\/\/www.youtube.com\/playlist?list=PLp95aw034Wn8Wi0NViVF58hOpX-m00jyg\n\nProteja sua empresa contra hackers. Contrate um Pentest.\nhttps:\/\/guardsi.com.br\/?utm_source=youtube-solyd\n\nAs principais not\u00edcias de cybersecurity para serem lidas em menos de 3 minutos, todo dia em seu e-mail.\nhttps:\/\/caveiratech.com\/?utm_source=youtube-solyd\n\nNos siga em nossas redes\nInstagram: https:\/\/www.instagram.com\/solyd.offsec\nLinkedIn: https:\/\/www.linkedin.com\/company\/solyd-offensive-security\nTikTok: https:\/\/www.tiktok.com\/@solyd.offsec\nFacebook: https:\/\/www.facebook.com\/solyd.offsec\nBlog: https:\/\/blog.solyd.com.br\/?utm_source=youtube\n\nAVISO\nEsta \u00e9 uma v\u00eddeo-aula ministrada a profissionais de seguran\u00e7a da informa\u00e7\u00e3o e possui conte\u00fado estritamente educacional. Este v\u00eddeo n\u00e3o cont\u00e9m nenhum conte\u00fado ilegal ou que fere as normas e termos do YouTube e Google. O curso \u00e9 ministrado em ambiente controlado respeita todas as leis e diretivas morais e \u00e9ticas. Qualquer uso das tecnologias usadas neste v\u00eddeo fora de ambiente controlado e sem permiss\u00e3o pode ferir leis em diversos pa\u00edses.\nWARNING\nThis is a video lesson given to information security professionals and has strictly educational content. This video does not contain any illegal content or hurts the standards and terms of YouTube and Google. The course is taught in a controlled environment complies with all laws, moral and ethical directives. Any use of the technologies used in this video outside of a controlled environment and without permission can hurt laws in several countries.","original_language":"pt-BR","publication_date":"2025-12-17","duration":0,"url":"https:\/\/www.youtube.com\/watch?v=I72SqfFkM5g","thumbnail":"thumbnails\/I72SqfFkM5g.jpg"},{"video_id":"IlJVyviDQbA","channel_id":"UCRLEkZpNRoZQBG8kUTBD8vQ","title":"Want to video chat with your website site visitors or your community members? Check out latest video","description":"","original_language":"en","publication_date":"2025-12-17","duration":0,"url":"https:\/\/www.youtube.com\/watch?v=IlJVyviDQbA","thumbnail":"thumbnails\/IlJVyviDQbA.jpg"},{"video_id":"JIsV89xUa3E","channel_id":"UCWBk05FplU93JomQ345w24Q","title":"#youtube #novasregras #criadoresdeconteudo #chatcarmelianunes","description":"Pessoal, as mudan\u00e7as de 2026 chegaram cedo! Deixem o seu Like aqui nesse coment\u00e1rio para fortalecer o canal e me digam: o t\u00edtulo de voc\u00eas tamb\u00e9m est\u00e1 dando erros \ud83d\udc47\n\n\n#youtubeshorts #chatcarmelianunes #crescernoyoutube #monetizacao \n\n17\/12\/2025: Brasil \n\nBrand Connect\n\n-----","original_language":"ay","publication_date":"2025-12-17","duration":0,"url":"https:\/\/www.youtube.com\/watch?v=JIsV89xUa3E","thumbnail":"thumbnails\/JIsV89xUa3E.jpg"},{"video_id":"NlLVcN_SnA4","channel_id":"UCWBk05FplU93JomQ345w24Q","title":"\ud83d\udea8 os links dos produtos est\u00e3o no canal pois n\u00e3o consigo envi\u00e1-los pelo YouTube \ud83d\udea8","description":"","original_language":"pt-PT","publication_date":"2025-12-17","duration":0,"url":"https:\/\/www.youtube.com\/watch?v=NlLVcN_SnA4","thumbnail":"thumbnails\/NlLVcN_SnA4.jpg"},{"video_id":"Uk3OLLJIjOI","channel_id":"UCWBk05FplU93JomQ345w24Q","title":"isso consegui todos os likes.","description":"","original_language":"pt-PT","publication_date":"2025-12-17","duration":0,"url":"https:\/\/www.youtube.com\/watch?v=Uk3OLLJIjOI","thumbnail":"thumbnails\/Uk3OLLJIjOI.jpg"},{"video_id":"X9hYCQTfa-0","channel_id":"UCWBk05FplU93JomQ345w24Q","title":"Step-by-Step Guide: Launch Your Own YouTube Channel Today!","description":"The video guides viewers on creating a YouTube channel, starting with clicking on the profile picture and selecting 'create a channel'. It explains the option to use either a Google name or a custom name for the channel. \n#YouTubeChannel#CreateChannel#GoogleName#CustomName#ProfilePicture#YouTubeGuide#ChannelSetup @MoneyLiterateAcademy","original_language":"en","publication_date":"2025-12-17","duration":0,"url":"https:\/\/www.youtube.com\/watch?v=X9hYCQTfa-0","thumbnail":"thumbnails\/X9hYCQTfa-0.jpg"},{"video_id":"YJPp1sFxovw","channel_id":"UCWBk05FplU93JomQ345w24Q","title":"View the subsequent content through the homepage link#usa      #shortsvideo    #newyork","description":"Watch the whole episode for free\n\ud83d\udd0eSearch for kk931912 on\n#usa    #fullepisodes   #shortsvideo   #newyork   #facebookreels","original_language":"en","publication_date":"2025-12-17","duration":0,"url":"https:\/\/www.youtube.com\/watch?v=YJPp1sFxovw","thumbnail":"thumbnails\/YJPp1sFxovw.jpg"},{"video_id":"b4TRChNKalo","channel_id":"UCRLEkZpNRoZQBG8kUTBD8vQ","title":"Browser sites","description":"","original_language":"en","publication_date":"2025-12-17","duration":0,"url":"https:\/\/www.youtube.com\/watch?v=b4TRChNKalo","thumbnail":"thumbnails\/b4TRChNKalo.jpg"},{"video_id":"bsiuGHkAees","channel_id":"UCWBk05FplU93JomQ345w24Q","title":"View the subsequent content through the homepage link#usa      #shortsvideo    #newyork","description":"Watch the whole episode for free\n\ud83d\udd0eSearch for kk931912 on\n#usa    #fullepisodes   #shortsvideo   #newyork   #facebookreels","original_language":"en","publication_date":"2025-12-17","duration":0,"url":"https:\/\/www.youtube.com\/watch?v=bsiuGHkAees","thumbnail":"thumbnails\/bsiuGHkAees.jpg"},{"video_id":"fCDepkJZYHA","channel_id":"UCWBk05FplU93JomQ345w24Q","title":"View the subsequent content through the homepage link#usa      #shortsvideo    #newyork","description":"Watch the whole episode for free\n\ud83d\udd0eSearch for kk931912 on\n#usa    #fullepisodes   #shortsvideo   #newyork   #facebookreels","original_language":"en","publication_date":"2025-12-17","duration":0,"url":"https:\/\/www.youtube.com\/watch?v=fCDepkJZYHA","thumbnail":"thumbnails\/fCDepkJZYHA.jpg"},{"video_id":"hH7Gk2rHOA8","channel_id":"UCWBk05FplU93JomQ345w24Q","title":"Bem Vindo ao Site P0RN0 G@Y","description":"","original_language":"pt-BR","publication_date":"2025-12-17","duration":0,"url":"https:\/\/www.youtube.com\/watch?v=hH7Gk2rHOA8","thumbnail":"thumbnails\/hH7Gk2rHOA8.jpg"},{"video_id":"i6HXFMrs25U","channel_id":"UCWBk05FplU93JomQ345w24Q","title":"www youtube com shorts gt0CZAzTWYU Portuguese","description":"Seja membro deste canal e ganhe benef\u00edcios:\nhttps:\/\/www.youtube.com\/channel\/UCK33x0N8jkq8VtAADM2yXvg\/join\n\nBem-vindo ao RETROPIA Aqui voc\u00ea encontrar\u00e1 v\u00eddeos impactantes sobre curiosidades, mist\u00e9rios, e fatos surpreendentes do mundo. Prepare-se para descobrir o lado oculto da hist\u00f3ria, entender como coisas cotidianas funcionam de maneira inesperada e aprender algo novo em cada v\u00eddeo. Assista agora e deixe-se fascinar pelo inesperado!\n\nCuriosidades do mundo, tecnologia, ci\u00eancias, hist\u00f3ria, geografia, dos animais, v\u00eddeos impressionantes e incr\u00edveis.\n\n\nToda semana tem curiosidade nova pra voc\u00ea aqui no canal.\n\nNesse canal produzimos o melhor conte\u00fado sobre curiosidades do mundo, com informa\u00e7\u00f5es sobre tudo o que est\u00e1 acontecendo no mundo, trazendo curiosidades e fatos misteriosos sobre diversos assuntos, como tecnologia, ci\u00eancia e hist\u00f3ria.  E claro, com uma boa pitada de humor.\n\nInscreva-se e fa\u00e7a parte das antigas.\n\n--- COPYRIGHT NOTICE CLAIMS ---\nAct of 4 February 1994 on Copyright and Related Rights\nThis video is fair use under U.S. copyright law because it is noncommercial and transformative in nature, uses no more of the original than necessary, and has no negative effect on the market for the original work","original_language":"pt","publication_date":"2025-12-17","duration":0,"url":"https:\/\/www.youtube.com\/watch?v=i6HXFMrs25U","thumbnail":"thumbnails\/i6HXFMrs25U.jpg"},{"video_id":"kxCrUJq92L8","channel_id":"UCRLEkZpNRoZQBG8kUTBD8vQ","title":"View the subsequent content through the homepage link#usa      #shortsvideo    #newyork","description":"Watch the whole episode for free\n\ud83d\udd0eSearch for kk931912 on\n#usa    #fullepisodes   #shortsvideo   #newyork   #facebookreels","original_language":"en","publication_date":"2025-12-17","duration":0,"url":"https:\/\/www.youtube.com\/watch?v=kxCrUJq92L8","thumbnail":"thumbnails\/kxCrUJq92L8.jpg"},{"video_id":"n-Qz7YkVcGM","channel_id":"UCWBk05FplU93JomQ345w24Q","title":"View the subsequent content through the homepage link#usa      #shortsvideo    #newyork","description":"Watch the whole episode for free\n\ud83d\udd0eSearch for kk931912 on\n#usa    #fullepisodes   #shortsvideo   #newyork   #facebookreels","original_language":"en","publication_date":"2025-12-17","duration":0,"url":"https:\/\/www.youtube.com\/watch?v=n-Qz7YkVcGM","thumbnail":"thumbnails\/n-Qz7YkVcGM.jpg"},{"video_id":"nPTkJcFANnA","channel_id":"UCRLEkZpNRoZQBG8kUTBD8vQ","title":"Special Website","description":"","original_language":"en","publication_date":"2025-12-17","duration":0,"url":"https:\/\/www.youtube.com\/watch?v=nPTkJcFANnA","thumbnail":"thumbnails\/nPTkJcFANnA.jpg"},{"video_id":"rftXQQzHxMQ","channel_id":"UCWBk05FplU93JomQ345w24Q","title":"View the subsequent content through the homepage link#usa      #shortsvideo    #newyork","description":"Watch the whole episode for free\n\ud83d\udd0eSearch for kk931912 on\n#usa    #fullepisodes   #shortsvideo   #newyork   #facebookreels","original_language":"en","publication_date":"2025-12-17","duration":0,"url":"https:\/\/www.youtube.com\/watch?v=rftXQQzHxMQ","thumbnail":"thumbnails\/rftXQQzHxMQ.jpg"},{"video_id":"vtycFc6CZcw","channel_id":"UCWBk05FplU93JomQ345w24Q","title":"https:\/\/canalviainternet.charlessolutions.com.br os jogos de hoje direto na sua tela via Internet","description":"","original_language":"pt-PT","publication_date":"2025-12-17","duration":0,"url":"https:\/\/www.youtube.com\/watch?v=vtycFc6CZcw","thumbnail":"thumbnails\/vtycFc6CZcw.jpg"},{"video_id":"xjxtG-IFKYI","channel_id":"UCWBk05FplU93JomQ345w24Q","title":"#youtube #youtubegaming #youtubemusic #youtubeindia #youtubekids #youtub#youtube #youtubepremium","description":"https:\/\/youtube.com\/shorts\/495iD51fxt8?si=BISO_H3ovcpRspiR","original_language":"pa","publication_date":"2025-12-17","duration":0,"url":"https:\/\/www.youtube.com\/watch?v=xjxtG-IFKYI","thumbnail":"thumbnails\/xjxtG-IFKYI.jpg"},{"video_id":"zgYiUyFXzAs","channel_id":"UCWBk05FplU93JomQ345w24Q","title":"CANAL EXCLUSIVOS AQUI  Na CHANNELS TEM DE TDO NA DIRECT PLATAFORMA DIGITAL  TB YOUTUBE FINAL de ano","description":"","original_language":"pt-PT","publication_date":"2025-12-17","duration":0,"url":"https:\/\/www.youtube.com\/watch?v=zgYiUyFXzAs","thumbnail":"thumbnails\/zgYiUyFXzAs.jpg"},{"video_id":"zv87o7rCopg","channel_id":"UCWBk05FplU93JomQ345w24Q","title":"Gosta de v\u00eddeos informativos do mundo dos neg\u00f3cios? Ent\u00e3o me siga para mais!","description":"","original_language":"pt-BR","publication_date":"2025-12-17","duration":0,"url":"https:\/\/www.youtube.com\/watch?v=zv87o7rCopg","thumbnail":"thumbnails\/zv87o7rCopg.jpg"},{"video_id":"-4Fhq0p33sQ","channel_id":"UCRLEkZpNRoZQBG8kUTBD8vQ","title":"\ud83d\udea8 os links dos produtos est\u00e3o no canal pois n\u00e3o consigo envi\u00e1-los pelo YouTube \ud83d\udea8","description":"","original_language":"pt-PT","publication_date":"2025-12-16","duration":0,"url":"https:\/\/www.youtube.com\/watch?v=-4Fhq0p33sQ","thumbnail":"thumbnails\/-4Fhq0p33sQ.jpg"},{"video_id":"-Z-_7qfmWKY","channel_id":"UCRLEkZpNRoZQBG8kUTBD8vQ","title":"Vem assistir comigo meu novo clipe. Link no primeiro comentario","description":"","original_language":"pt-PT","publication_date":"2025-12-16","duration":0,"url":"https:\/\/www.youtube.com\/watch?v=-Z-_7qfmWKY","thumbnail":"thumbnails\/-Z-_7qfmWKY.jpg"},{"video_id":"-y47anOOnU8","channel_id":"UCRLEkZpNRoZQBG8kUTBD8vQ","title":"Stop Watching Entire Videos !","description":"\ud83d\udcf1 *Get Mobile App* \u279c https:\/\/play.google.com\/store\/apps\/details?id=com.app.gravity_write\n\n\u2764\ufe0f LIMITED TIME: Get *1 Year* of GravityWrite at $97 \ud83d\udd25\n\ud83d\udc49 Visit \u279c https:\/\/gravitywrite.com\/\n\nStop wasting hours watching long YouTube videos when you can get the key points in seconds! \u23f1\ufe0f\nHere are 3 AI apps that summarize any video\u2014right on your Android phone:\n\n\ud83d\udfe2 GravityWrite \u2013 Paste the YouTube link, and get an instant summary with key points and structure.\n\ud83d\udfe0 Eightify \u2013 Drop the video link, and receive insights, highlights, and keywords. No fluff.\n\ud83d\udd35 Gemini \u2013 Paste the link, ask for a summary, and get a quick, easy-to-read breakdown.\n\nExtract the value in seconds, not hours! \ud83d\udca1\n\nWant the full list of apps?\nClick the link to watch the full tutorial and start summarizing today!\n\n#AISummarizer #YouTubeSummaries #VideoSummary #AIForYouTube #TimeSavingApps #YouTubeHack #VideoHighlights #GravityWrite #Eightify #GeminiApp #AIForLearning #WebsiteLearners #AndroidApps #InstantSummary #VideoContentTools","original_language":"en","publication_date":"2025-12-16","duration":0,"url":"https:\/\/www.youtube.com\/watch?v=-y47anOOnU8","thumbnail":"thumbnails\/-y47anOOnU8.jpg"},{"video_id":"3ObTUk7WaHI","channel_id":"UCRLEkZpNRoZQBG8kUTBD8vQ","title":"Chegamos 6 Milh\u00f5es visualiza\u00e7\u00f5es nos dois canais \u2705 SIGA O CANAL !\u2705 MUITO OBRIGADO! 6\/11\/2025 show!","description":"","original_language":"pt","publication_date":"2025-12-16","duration":0,"url":"https:\/\/www.youtube.com\/watch?v=3ObTUk7WaHI","thumbnail":"thumbnails\/3ObTUk7WaHI.jpg"},{"video_id":"4a4qu4yez2s","channel_id":"UCRLEkZpNRoZQBG8kUTBD8vQ","title":"Tutorial para acesso no NOVO SITE","description":"Pessoal , segue o video para ajudar as pessoas que  tenham alguma dificuldade para acessar o site tonhonunes.com","original_language":"pt-BR","publication_date":"2025-12-16","duration":0,"url":"https:\/\/www.youtube.com\/watch?v=4a4qu4yez2s","thumbnail":"thumbnails\/4a4qu4yez2s.jpg"},{"video_id":"4sfZrujcke8","channel_id":"UCRLEkZpNRoZQBG8kUTBD8vQ","title":"Click the link in my bio for my website to find my substack(writing) & music (patreon)","description":"","original_language":"en","publication_date":"2025-12-16","duration":0,"url":"https:\/\/www.youtube.com\/watch?v=4sfZrujcke8","thumbnail":"thumbnails\/4sfZrujcke8.jpg"},{"video_id":"5OB255SwS1U","channel_id":"UCRLEkZpNRoZQBG8kUTBD8vQ","title":"View the subsequent content through the homepage link#usa      #shortsvideo    #newyork","description":"Watch the whole episode for free\n\ud83d\udd0eSearch for kk931912 on\n#usa    #fullepisodes   #shortsvideo   #newyork   #facebookreels","original_language":"en","publication_date":"2025-12-16","duration":0,"url":"https:\/\/www.youtube.com\/watch?v=5OB255SwS1U","thumbnail":"thumbnails\/5OB255SwS1U.jpg"},{"video_id":"87K6x23Buu8","channel_id":"UCRLEkZpNRoZQBG8kUTBD8vQ","title":"How to Embed a YouTube Video on Squarespace (2025)","description":"Sign up to Elfsight here \ud83d\udc49 https:\/\/go.elfsight.io\/click?pid=1205&offer_id=3&sub1=elfsight-squarespace-youtubevideo\n\nIn this video, I show you how to embed a YouTube video on a Squarespace website using Elfsight.\nThis is a quick way to place a video directly on a page instead of just linking out to YouTube.\nOnce it\u2019s added, you can control how it\u2019s displayed and where it sits within your layout.\n\nPeople usually add YouTube videos to homepages, blog posts, sales pages, and course sites where video helps explain or demonstrate something clearly.\n\nThanks for watching and don\u2019t forget to subscribe for more Squarespace and website widget tutorials.\n\n--\n\nAFFILIATE DISCLOSURE:\nThis video and description may contain affiliate links, which means that if you click on one of the product links, I\u2019ll receive a small commission. I won't put anything here that I haven't verified and\/or personally used myself.","original_language":"en","publication_date":"2025-12-16","duration":0,"url":"https:\/\/www.youtube.com\/watch?v=87K6x23Buu8","thumbnail":"thumbnails\/87K6x23Buu8.jpg"},{"video_id":"BUwcMKp5_IM","channel_id":"UCRLEkZpNRoZQBG8kUTBD8vQ","title":"Link na descri\u00e7\u00e3o deste video ! #viral #shortsyoutube","description":"transforma\u00e7\u00e3o?\nE se voc\u00ea quer receber a lista de ch\u00e1s que eu usei pra emagrecer,\n\ud83d\udc49 clique no link da biografia ou na descri\u00e7\u00e3o abaixo agora mesmo!\n\ud83d\udc49\ud83c\udffbhttps:\/\/go.hotmart.com\/M101676511C","original_language":"es-ES","publication_date":"2025-12-16","duration":0,"url":"https:\/\/www.youtube.com\/watch?v=BUwcMKp5_IM","thumbnail":"thumbnails\/BUwcMKp5_IM.jpg"},{"video_id":"IbPo27KHWSw","channel_id":"UCRLEkZpNRoZQBG8kUTBD8vQ","title":"YouTube Downloader","description":"","original_language":"iw","publication_date":"2025-12-16","duration":0,"url":"https:\/\/www.youtube.com\/watch?v=IbPo27KHWSw","thumbnail":"thumbnails\/IbPo27KHWSw.jpg"},{"video_id":"LspnRrGo-II","channel_id":"UCWBk05FplU93JomQ345w24Q","title":"N\u00e3o \u00e0s agress\u00f5es militares dos EUA na Am\u00e9rica Latina.","description":"","original_language":"pt-BR","publication_date":"2025-12-16","duration":0,"url":"https:\/\/www.youtube.com\/watch?v=LspnRrGo-II","thumbnail":"thumbnails\/LspnRrGo-II.jpg"},{"video_id":"W4rV_S9IvE8","channel_id":"UCRLEkZpNRoZQBG8kUTBD8vQ","title":"Num instale por sites estranho naum\ud83d\udc4d IB:Yv\u00eddeos","description":"","original_language":"en","publication_date":"2025-12-16","duration":0,"url":"https:\/\/www.youtube.com\/watch?v=W4rV_S9IvE8","thumbnail":"thumbnails\/W4rV_S9IvE8.jpg"},{"video_id":"mcsFArzcPEs","channel_id":"UCRLEkZpNRoZQBG8kUTBD8vQ","title":"Best website u ever seen #tv #shortsviral #shortsfeed #hacks #freehack","description":"","original_language":"en","publication_date":"2025-12-16","duration":0,"url":"https:\/\/www.youtube.com\/watch?v=mcsFArzcPEs","thumbnail":"thumbnails\/mcsFArzcPEs.jpg"},{"video_id":"ov4myu8Szaw","channel_id":"UCRLEkZpNRoZQBG8kUTBD8vQ","title":"View the subsequent content through the homepage link#usa      #shortsvideo    #newyork","description":"Watch the whole episode for free\n\ud83d\udd0eSearch for kk931912 on\n#usa    #fullepisodes   #shortsvideo   #newyork   #facebookreels","original_language":"en","publication_date":"2025-12-16","duration":0,"url":"https:\/\/www.youtube.com\/watch?v=ov4myu8Szaw","thumbnail":"thumbnails\/ov4myu8Szaw.jpg"},{"video_id":"zTNqrI2XXkU","channel_id":"UCRLEkZpNRoZQBG8kUTBD8vQ","title":"Join my YouTube membership now","description":"","original_language":"en","publication_date":"2025-12-16","duration":0,"url":"https:\/\/www.youtube.com\/watch?v=zTNqrI2XXkU","thumbnail":"thumbnails\/zTNqrI2XXkU.jpg"},{"video_id":"Xkqnz9amcK0","channel_id":"UCWBk05FplU93JomQ345w24Q","title":"Toda Solidariedade a luta dos trabalhador@s dos Correios!","description":"","original_language":"pt-BR","publication_date":"2025-12-15","duration":0,"url":"https:\/\/www.youtube.com\/watch?v=Xkqnz9amcK0","thumbnail":"thumbnails\/Xkqnz9amcK0.jpg"},{"video_id":"ngS_wJpJxCk","channel_id":"UCWBk05FplU93JomQ345w24Q","title":"Todo apoio a greve dos trabalhadores da Petrobras!","description":"","original_language":"pt-BR","publication_date":"2025-12-15","duration":0,"url":"https:\/\/www.youtube.com\/watch?v=ngS_wJpJxCk","thumbnail":"thumbnails\/ngS_wJpJxCk.jpg"},{"video_id":"NDlIRo6exD0","channel_id":"UCWBk05FplU93JomQ345w24Q","title":"NAO A LEI ANTI-COTAS DA ALESC","description":"","original_language":"pt-BR","publication_date":"2025-12-13","duration":0,"url":"https:\/\/www.youtube.com\/watch?v=NDlIRo6exD0","thumbnail":"thumbnails\/NDlIRo6exD0.jpg"},{"video_id":"kaZPFLxWwjc","channel_id":"UCWBk05FplU93JomQ345w24Q","title":"GANHAR \u00c1S RUAS CONTRA O PL DA DOSIMETRIA","description":"","original_language":"pt-BR","publication_date":"2025-12-12","duration":0,"url":"https:\/\/www.youtube.com\/watch?v=kaZPFLxWwjc","thumbnail":"thumbnails\/kaZPFLxWwjc.jpg"},{"video_id":"BOCyH1krhVE","channel_id":"UCWBk05FplU93JomQ345w24Q","title":"CONGRESSO DECLARA GUERRA A NOSSA CLASSE!","description":"","original_language":"pt-BR","publication_date":"2025-12-10","duration":0,"url":"https:\/\/www.youtube.com\/watch?v=BOCyH1krhVE","thumbnail":"thumbnails\/BOCyH1krhVE.jpg"},{"video_id":"Zcu41I71h3g","channel_id":"UCRLEkZpNRoZQBG8kUTBD8vQ","title":"BATE PAPO COM INSCRITOS","description":"Hoje, \u00e0s 19 horas, farei uma live voltada exclusivamente para um debate com os inscritos, abordando os seguintes temas:\n    1) os debates e entrevistas recentes que ocorreram;\n    2) a conversa da pr\u00f3xima semana com Elias Jabbour e Jones Manoel;\n    3) o meu livro j\u00e1 lan\u00e7ado;\n    4) outras atividades que ocorrer\u00e3o nos pr\u00f3ximos dias.\n\n\ud83c\udf99\ufe0f Novo na transmiss\u00e3o ou querendo melhorar? Confira o StreamYard e ganhe $10 de desconto! \ud83d\ude0d https:\/\/streamyard.com\/pal\/d\/5548160204668928","original_language":"en-US","publication_date":"2025-12-10","duration":0,"url":"https:\/\/www.youtube.com\/watch?v=Zcu41I71h3g","thumbnail":"thumbnails\/Zcu41I71h3g.jpg"},{"video_id":"oxFU4k9Kako","channel_id":"UCRLEkZpNRoZQBG8kUTBD8vQ","title":"Lan\u00e7amento do livro 'China: Uma pot\u00eancia imperialista emergente'","description":"Na pr\u00f3xima quinta-feira, dia 11\/12, \u00e0s 18h30, vamos debater o livro China: Uma pot\u00eancia imperialista emergente, essencial para entender o novo cen\u00e1rio da disputa interimperialista e seus impactos sobre a luta de classes no s\u00e9culo XXI.\n\nCom os autores:\n- Felipe Alegr\u00eda (Corriente Roja \u2013 Estado Espanhol)\n- Jo\u00e3o Ricardo Soares (PSTU \u2013 LIT-QI)\n- Eduardo Almeida (LIT-QI)\n\n\ud83c\udf99\ufe0f Participa\u00e7\u00e3o especial:\nGustavo Machado (canal Orienta\u00e7\u00e3o Marxista)\n\nA China \u00e9 hoje pe\u00e7a central na reorganiza\u00e7\u00e3o da divis\u00e3o mundial do trabalho e da economia mundial. Entender seu papel \u00e9 decisivo para quem luta por uma alternativa revolucion\u00e1ria e uma sociedade socialista. Este livro \u00e9 uma leitura fundamental para isso, pois n\u00e3o se esconde atr\u00e1s de ilus\u00f5es.\n\nSe voc\u00ea quer entender o que est\u00e1 por tr\u00e1s da ascens\u00e3o chinesa, a explora\u00e7\u00e3o brutal da classe trabalhadora, a disputa pelo controle do planeta e como isso afeta a nossa luta, esse \u00e9 o debate que voc\u00ea n\u00e3o pode faltar.\n\nVenha discutir com a gente as contradi\u00e7\u00f5es do gigante asi\u00e1tico, sua ascens\u00e3o imperialista e os desafios estrat\u00e9gicos colocados para a classe trabalhadora internacional.","original_language":"pt-PT","publication_date":"2025-12-10","duration":0,"url":"https:\/\/www.youtube.com\/watch?v=oxFU4k9Kako","thumbnail":"thumbnails\/oxFU4k9Kako.jpg"},{"video_id":"SOSiMtjmJNE","channel_id":"UCWBk05FplU93JomQ345w24Q","title":"A luta contra o fem1nic1di0 \u00e9 tamb\u00e9m responsabilidade dos homens anti-mach1stas!","description":"","original_language":"pt-BR","publication_date":"2025-12-08","duration":0,"url":"https:\/\/www.youtube.com\/watch?v=SOSiMtjmJNE","thumbnail":"thumbnails\/SOSiMtjmJNE.jpg"},{"video_id":"dbfenCszJwY","channel_id":"UCWBk05FplU93JomQ345w24Q","title":"Fala do Hertz Dias na  XIX Marcha da Periferia do Maranh\u00e3o","description":"","original_language":"pt-BR","publication_date":"2025-12-02","duration":0,"url":"https:\/\/www.youtube.com\/watch?v=dbfenCszJwY","thumbnail":"thumbnails\/dbfenCszJwY.jpg"},{"video_id":"mVy55MnItLA","channel_id":"UCWBk05FplU93JomQ345w24Q","title":"Fala Hertz Dias no 3\u00b0 Encontro de Negros, Negras, Ind\u00edgenas e Quilombolas do SINASEFE- parte 2","description":"Neste v\u00eddeo, numa perspectiva marxista, analisamos como deu a aboli\u00e7\u00e3o da escravid\u00e3o em nosso pa\u00eds. Uma an\u00e1lise bem diferente da Hist\u00f3ria Oficial, criada e repetidamente contada h\u00e1 s\u00e9culos pela classe dominante. Aqui, vamos mostrar a hist\u00f3ria contada a partir do ponto de vista da Senzala, dos quilombos e das ruas em contraposi\u00e7\u00e3o \u00e0 Casa Grande e ao parlamento escravocrata.\n_______________________________\n\nSIGA-ME NAS REDES SOCIAIS\n\nInstagram: https:\/\/www.instagram.com\/hertzdias\/\nFacebook: https:\/\/www.facebook.com\/HertzCDias\n_______________________________\n\nNo CANAL DO HERTZ  \u2014 RA\u00c7A, CLASSE & REVOLU\u00c7\u00c3O, vamos debater temas ligados a quest\u00e3o racial, combinado ao de classe, numa perspectiva marxista.","original_language":"pt-BR","publication_date":"2025-11-28","duration":0,"url":"https:\/\/www.youtube.com\/watch?v=mVy55MnItLA","thumbnail":"thumbnails\/mVy55MnItLA.jpg"},{"video_id":"b4GSLjHWqCg","channel_id":"UCWBk05FplU93JomQ345w24Q","title":"Fala Hertz Dias no 3\u00b0 Encontro de Negros, Negras, Ind\u00edgenas e Quilombolas do SINASEFE- parte 1","description":"Na quarta-feira, 26\/11, participei da mesa de abertura do 3\u00b0 Encontro de Negros, Negras, Indigenas e Quilombolas ( ENNIQ) do SINASEFE que aconteceu em Bras\u00edlia. Foquei no tema da Repara\u00e7\u00e3o. Foi bastante gratificante.\n\nGostaria muito de ter debatido com a companheira Dandara Tonantzin,  deputada federal pelo PT-MG, sobre a PEC 27\/2024, que as organiza\u00e7\u00f5es da esquerda Frente Ampla tem alcunhada de \"PEC da Repara\u00e7\u00e3o\". Dandara estava confirmada para esta mesa, mas, Infelizmente, comunicou que teria outro compromisso, apesar de ter feito uma fala na mesa de sauda\u00e7\u00e3o afirmando que esta PEC ir\u00e1 fazer pelo povo negro aquilo que a Lei Aurea n\u00e3o fez.\n\nS\u00f3 lembrando que este Projeto de Emenda Constitucional, al\u00e9m dos parcos recursos, \u00e9 de autoria do deputado federal Dami\u00e3o Feliciano do Uni\u00e3o Brasil, partido que defende \"lei de toler\u00e2ncia zero\" para as organiza\u00e7\u00f5es que lutam no campo.\n\nContudo, foi uma honra ter dividido a mesa com os demais palestrantes: S\u00e9rgio Pessoa, Marta Quintiliano, Wanderlei Costa e Leticia Nascimento.\n\nAssista, comente e compatilhe. N\u00e3o esque\u00e7a tamb\u00e9m de se inscrever em nosso canal. TMJ! \n_______________________________\n\nSIGA-ME NAS REDES SOCIAIS\n\nInstagram: https:\/\/www.instagram.com\/hertzdias\/\nFacebook: https:\/\/www.facebook.com\/HertzCDias\n_______________________________\n\nNo CANAL DO HERTZ  \u2014 RA\u00c7A, CLASSE & REVOLU\u00c7\u00c3O, vamos debater temas ligados a quest\u00e3o racial, combinado ao de classe, numa perspectiva marxista.","original_language":"pt-BR","publication_date":"2025-11-27","duration":0,"url":"https:\/\/www.youtube.com\/watch?v=b4GSLjHWqCg","thumbnail":"thumbnails\/b4GSLjHWqCg.jpg"},{"video_id":"Bo1RlMfZCS4","channel_id":"UCWBk05FplU93JomQ345w24Q","title":"Direitos humanos s\u00f3 eles, pra n\u00f3s \u00e9 bukeliza\u00e7\u00e3o","description":"","original_language":"pt-BR","publication_date":"2025-11-26","duration":0,"url":"https:\/\/www.youtube.com\/watch?v=Bo1RlMfZCS4","thumbnail":"thumbnails\/Bo1RlMfZCS4.jpg"},{"video_id":"xVPR0qFEwpk","channel_id":"UCWBk05FplU93JomQ345w24Q","title":"Solidariedade aos rodovi\u00e1rios demitidos pelos expressos Rei de Fran\u00e7a e Grapi\u00fana, em S\u00e3o Luis","description":"","original_language":"pt-BR","publication_date":"2025-11-23","duration":0,"url":"https:\/\/www.youtube.com\/watch?v=xVPR0qFEwpk","thumbnail":"thumbnails\/xVPR0qFEwpk.jpg"},{"video_id":"ApoOOlNlkns","channel_id":"UCWBk05FplU93JomQ345w24Q","title":"Bolsonaro Serial Killer","description":"","original_language":"pt-BR","publication_date":"2025-11-22","duration":0,"url":"https:\/\/www.youtube.com\/watch?v=ApoOOlNlkns","thumbnail":"thumbnails\/ApoOOlNlkns.jpg"},{"video_id":"EN0OvSmZipA","channel_id":"UCWBk05FplU93JomQ345w24Q","title":"PALMARES E ZUMBI EM DISPUTA","description":"V\u00eddeo sobre a saga do Quilombo dos Palmares. Aqui tentamos resgatar a verdadeira hist\u00f3ria da maior fortaleza anti-escravista e anticapitalista da hist\u00f3ria das am\u00e9ricas, que a ultradireita tenta desconstruir e a esquerda capitalista tenta esvaziar de todo o seu conte\u00fado pol\u00edtico, classista e revolucion\u00e1rio.   \n\nFalamos do peso populacional que Palmares representou na \u00e9poca, que s\u00f3 Recife e Salvador conseguiam se igualar, um Estado negro que combateu os Estado portugu\u00eas, espanhol e holand\u00eas, todos escravistas, o seu car\u00e1cter pluri\u00e9tnico, polig\u00e2mico e comunit\u00e1rio, e as li\u00e7\u00f5es que podemos tirar desta experi\u00eancia herculana para a nossa luta atual contra o racismo e pela revolu\u00e7\u00e3o brasileira.\n\nAssista, comente, compartilhe e se ainda n\u00e3o se inscreveu em nosso canal, inscreva-se a\u00ed. Blz?.\n_______________________________\n\nSIGA-ME NAS REDES SOCIAIS\n\nInstagram: https:\/\/www.instagram.com\/hertzdias\/\nFacebook: https:\/\/www.facebook.com\/HertzCDias\n_______________________________\n\nNo CANAL DO HERTZ  \u2014 RA\u00c7A, CLASSE & REVOLU\u00c7\u00c3O, vamos debater temas ligados a quest\u00e3o racial, combinado ao de classe, numa perspectiva marxista.","original_language":"pt-BR","publication_date":"2025-11-22","duration":0,"url":"https:\/\/www.youtube.com\/watch?v=EN0OvSmZipA","thumbnail":"thumbnails\/EN0OvSmZipA.jpg"},{"video_id":"SYi6zqjuJkc","channel_id":"UCWBk05FplU93JomQ345w24Q","title":"Pavanato falou m3rda sobre Zumbi dos Palmares","description":"","original_language":"pt-BR","publication_date":"2025-11-21","duration":0,"url":"https:\/\/www.youtube.com\/watch?v=SYi6zqjuJkc","thumbnail":"thumbnails\/SYi6zqjuJkc.jpg"},{"video_id":"zriKg3KtOFE","channel_id":"UCRLEkZpNRoZQBG8kUTBD8vQ","title":"Live - Lan\u00e7amento do Livro Marx e a Filosofia","description":"Live hoje, \u00e1s 17 horas. Vamos ler juntos a apresenta\u00e7\u00e3o do Livro Marx e a Filosofia. Comentar os objetivos e a raz\u00e3o de ser de mais um livro. Os motivos hist\u00f3ricos, te\u00f3ricos e pr\u00e1ticos que fomentaram sua escrita e publica\u00e7\u00e3o. \nPor fim, responderemos as perguntas dos inscritos e bateremos um papo sobre o tema.\n\n\ud83c\udf99\ufe0f Novo na transmiss\u00e3o ou querendo melhorar? Confira o StreamYard e ganhe $10 de desconto! \ud83d\ude0d https:\/\/streamyard.com\/pal\/d\/5548160204668928","original_language":"en-US","publication_date":"2025-11-21","duration":0,"url":"https:\/\/www.youtube.com\/watch?v=zriKg3KtOFE","thumbnail":"thumbnails\/zriKg3KtOFE.jpg"},{"video_id":"13XIoKp3-5I","channel_id":"UCWBk05FplU93JomQ345w24Q","title":"O transformismo pol\u00edtico dos ministros populares do governo Lula","description":"","original_language":"pt-BR","publication_date":"2025-11-20","duration":0,"url":"https:\/\/www.youtube.com\/watch?v=13XIoKp3-5I","thumbnail":"thumbnails\/13XIoKp3-5I.jpg"},{"video_id":"0blyn_fsZWw","channel_id":"UCWBk05FplU93JomQ345w24Q","title":"\" O transformismo pol\u00edtico dos ministros populares do governo Lula\" Gramsci explica!","description":"Este video trata do \"transformismo\" politico dos ministros do governo Lula que vieram dos movimentos sociais.\n\nTransformismo foi um conceito desenvolvido por Antonio Gramsci para analisar o processo de incorpora\u00e7\u00e3o de lideran\u00e7as provenientes da classe trabalhadora \u00e0 estrutura do poder burgu\u00eas como forma de garantir domina\u00e7\u00e3o de classes, ou seja, a hegemonia. Esses intelectuais militantes, outrora defensores dos interesses do proletariado e de seus setores oprimidos, passam atuar para a sua desarticula\u00e7\u00e3o. Em nossa opini\u00e3o foi justamente isso que fizeram os ministros do governo Lula na Cop30.\n\nAssista, comente e ajude a divulgar o v\u00eddeo e o canal.\n_______________________________\n\nSIGA-ME NAS REDES SOCIAIS\n\nInstagram: https:\/\/www.instagram.com\/hertzdias\/\nFacebook: https:\/\/www.facebook.com\/HertzCDias\n_______________________________\n\nNo CANAL DO HERTZ  \u2014 RA\u00c7A, CLASSE & REVOLU\u00c7\u00c3O, vamos debater temas ligados a quest\u00e3o racial, combinado ao de classe, numa perspectiva marxista.","original_language":"pt-BR","publication_date":"2025-11-19","duration":0,"url":"https:\/\/www.youtube.com\/watch?v=0blyn_fsZWw","thumbnail":"thumbnails\/0blyn_fsZWw.jpg"},{"video_id":"PlOd-p3xtw4","channel_id":"UCWBk05FplU93JomQ345w24Q","title":"In\u00edcio da palestra \"Dos Quilombos \u00e0s Favelas\" na UEMA","description":"","original_language":"pt-BR","publication_date":"2025-11-17","duration":0,"url":"https:\/\/www.youtube.com\/watch?v=PlOd-p3xtw4","thumbnail":"thumbnails\/PlOd-p3xtw4.jpg"},{"video_id":"kVGXBt4yE0M","channel_id":"UCWBk05FplU93JomQ345w24Q","title":"A DIREITA SURTA COM A POLITICA DE REPARA\u00c7\u00c3O","description":"","original_language":"pt-BR","publication_date":"2025-11-15","duration":0,"url":"https:\/\/www.youtube.com\/watch?v=kVGXBt4yE0M","thumbnail":"thumbnails\/kVGXBt4yE0M.jpg"},{"video_id":"pPEafjhnWy0","channel_id":"UCRLEkZpNRoZQBG8kUTBD8vQ","title":"No title","description":"No description","original_language":"unknown","publication_date":"2025-11-14","duration":0,"url":"https:\/\/www.youtube.com\/watch?v=pPEafjhnWy0","thumbnail":"thumbnails\/default.jpg"},{"video_id":"BOP5ovPAbhM","channel_id":"UCWBk05FplU93JomQ345w24Q","title":"EUA e o Crime Organizado: o m\u00e9dico que criou o monstro","description":"Familia, o centro do v\u00eddeo \u00e9 mostrar que: 1- Historicamente, os EUA tem sido um dos pa\u00edses, sen\u00e3o o principal, com as pol\u00edticas mais fracassadas de combate ao crime organizado; 2- Que \u00e9, ao mesmo tempo, o principal respons\u00e1vel pela internacionaliza\u00e7\u00e3o do crime organizado e 3- Que todas essas politicas fracassadas sempre tiveram como objetivo central encobertar os crimes praticados pelas suas grandes corpora\u00e7\u00f5es econ\u00f4micas que, desde o inicio da guerra fria, deixaram de ser enquadradas como organiza\u00e7\u00f5es criminosas.\n\n Da\u00ed porque os EUA que h\u00e1 d\u00e9cadas tem receitado os medicamentos para essa monstruosidade, nos quer fazer esquecer que foram eles pr\u00f3prios que criaram e alimentaram esse monstro. \n\nO v\u00eddeo est\u00e1 bem nervoso e com dados e informa\u00e7\u00f5es que refor\u00e7am cada uma dessas tr\u00eas afirma\u00e7\u00f5es. \n\nMas, um dado importante ficou de fora: apesar de impor ao mundo o seu modelo fracassado de \"guerra \u00e0s drogas\" os EUA continuam sendo o maior mercado consumidor de \"drogas il\u00edcitas\" do planeta. \n\nAssista l\u00e1 e n\u00e3o esque\u00e7a de se inscrever. Firmeza?\n_______________________________\n\nSIGA-ME NAS REDES SOCIAIS\n\nInstagram: https:\/\/www.instagram.com\/hertzdias\/\nFacebook: https:\/\/www.facebook.com\/HertzCDias\n_______________________________\n\nNo CANAL DO HERTZ  \u2014 RA\u00c7A, CLASSE & REVOLU\u00c7\u00c3O, vamos debater temas ligados a quest\u00e3o racial, combinado ao de classe, numa perspectiva marxista.","original_language":"pt-BR","publication_date":"2025-11-13","duration":0,"url":"https:\/\/www.youtube.com\/watch?v=BOP5ovPAbhM","thumbnail":"thumbnails\/BOP5ovPAbhM.jpg"},{"video_id":"MAZupNLP4yM","channel_id":"UCrZTf38EMgrRaNCchAooipw","title":"No title","description":"No description","original_language":"unknown","publication_date":"2025-11-13","duration":0,"url":"https:\/\/www.youtube.com\/watch?v=MAZupNLP4yM","thumbnail":"thumbnails\/default.jpg"},{"video_id":"jhJ9yfBTCD0","channel_id":"UC4QQ1pY2lD3DhthIJ1LFEBw","title":"COP30: promessas, petr\u00f3leo e o colapso clim\u00e1tico","description":"A COP 30 come\u00e7ou \u2014 e todos os olhos est\u00e3o voltados para Bel\u00e9m, a porta de entrada da Amaz\u00f4nia. Mas afinal, o que est\u00e1 por tr\u00e1s dessas Confer\u00eancias do Clima? Quais foram seus resultados reais nas \u00faltimas tr\u00eas d\u00e9cadas? E o que podemos esperar da COP 30, realizada no cora\u00e7\u00e3o da floresta amaz\u00f4nica?\n\nNeste v\u00eddeo, fazemos  uma an\u00e1lise cr\u00edtica das Confer\u00eancias Ambientais da ONU, desde o fracasso do Protocolo de Kyoto at\u00e9 os resultados do Acordo de Paris. Mostramos como as COPs se transformaram em palcos de greenwashing para petroleiras e grandes corpora\u00e7\u00f5es e denunciamos o abismo entre o discurso clim\u00e1tico e as pr\u00e1ticas reais dos governos e do capitalismo global.\n\nTamb\u00e9m vamos falar sobre o Brasil: o papel do bolsonarismo, as contradi\u00e7\u00f5es do governo Lula e os riscos das chamadas \u201cbombas clim\u00e1ticas\u201d na Amaz\u00f4nia.\n\n_______________________________\nSIGA-ME NAS REDES SOCIAIS\n\nInstagram:     \/ https:\/\/www.instagram.com\/eco.politicamarxista\/\n_______________________________\n\n\ud83d\udcda Artigos\n\n\u25ba Relat\u00f3rio da ONU mostra fal\u00eancia do Acordo de Paris e que estamos no rumo do colapso clim\u00e1tico\nhttps:\/\/www.opiniaosocialista.com.br\/cop-30-relatorio-da-onu-mostra-falencia-do-acordo-de-paris-e-que-estamos-no-rumo-do-colapso-climatico\/\n\n\u25ba Relat\u00f3rio do Programa das Na\u00e7\u00f5es Unidas para o Meio Ambiente (PNUMA)\nhttps:\/\/wedocs.unep.org\/bitstream\/handle\/20.500.11822\/48854\/EGR2025.pdf?sequence=3&isAllowed=y","original_language":"pt-BR","publication_date":"2025-11-12","duration":0,"url":"https:\/\/www.youtube.com\/watch?v=jhJ9yfBTCD0","thumbnail":"thumbnails\/jhJ9yfBTCD0.jpg"},{"video_id":"SLQw1liYvMs","channel_id":"UCRLEkZpNRoZQBG8kUTBD8vQ","title":"Live de pr\u00e9-lan\u00e7amento do livro Marx e a Filosofia","description":"O Capital como cr\u00edtica \u00e0 metaf\u00edsica.\nFruto de aproximadamente 15 anos de pesquisa, esta obra percorre todo O Capital de Marx e demonstra como as pr\u00f3prias rela\u00e7\u00f5es sociais vigentes geram, nos indiv\u00edduos que as comp\u00f5em, formas de pensamento metaf\u00edsicas \u2014 sejam elas liberais, keynesianas, p\u00f3s-modernas, religiosas entre outras. No entanto, tais concep\u00e7\u00f5es, assim como a pr\u00f3pria reprodu\u00e7\u00e3o efetiva do modo de produ\u00e7\u00e3o, invariavelmente falham em alcan\u00e7ar os fins a que se prop\u00f5em. Existe, contudo, uma alternativa para pensar e agir no mundo em que vivemos: uma via revolucion\u00e1ria que possibilita p\u00f4r fim a este universo de sombras, distor\u00e7\u00f5es, irracionalidades, fantasmagorias e incongru\u00eancias.\nHoje, \u00e0s 19 horas.\n\n\ud83c\udf99\ufe0f Novo na transmiss\u00e3o ou querendo melhorar? Confira o StreamYard e ganhe $10 de desconto! \ud83d\ude0d https:\/\/streamyard.com\/pal\/d\/5548160204668928","original_language":"en-US","publication_date":"2025-11-11","duration":0,"url":"https:\/\/www.youtube.com\/watch?v=SLQw1liYvMs","thumbnail":"thumbnails\/SLQw1liYvMs.jpg"},{"video_id":"i1UyIKUu_hI","channel_id":"UCWBk05FplU93JomQ345w24Q","title":"O povo negro nunca naturalizou a viol\u00eancia que sofreu e que sofre ate hoje","description":"","original_language":"pt-BR","publication_date":"2025-11-10","duration":0,"url":"https:\/\/www.youtube.com\/watch?v=i1UyIKUu_hI","thumbnail":"thumbnails\/i1UyIKUu_hI.jpg"},{"video_id":"B4-KbHu2-Ek","channel_id":"UCWBk05FplU93JomQ345w24Q","title":"SEGURAN\u00c7A PUBLICA E GEN0C1D10 NEGRO: um debate para al\u00e9m do senso comum","description":"Neste v\u00eddeo, numa perspectiva marxista, analisamos como deu a aboli\u00e7\u00e3o da escravid\u00e3o em nosso pa\u00eds. Uma an\u00e1lise bem diferente da Hist\u00f3ria Oficial, criada e repetidamente contada h\u00e1 s\u00e9culos pela classe dominante. Aqui, vamos mostrar a hist\u00f3ria contada a partir do ponto de vista da Senzala, dos quilombos e das ruas em contraposi\u00e7\u00e3o \u00e0 Casa Grande e ao parlamento escravocrata.\n_______________________________\n\nSIGA-ME NAS REDES SOCIAIS\n\nInstagram: https:\/\/www.instagram.com\/hertzdias\/\nFacebook: https:\/\/www.facebook.com\/HertzCDias\n_______________________________\n\nNo CANAL DO HERTZ  \u2014 RA\u00c7A, CLASSE & REVOLU\u00c7\u00c3O, vamos debater temas ligados a quest\u00e3o racial, combinado ao de classe, numa perspectiva marxista.","original_language":"pt-BR","publication_date":"2025-11-08","duration":0,"url":"https:\/\/www.youtube.com\/watch?v=B4-KbHu2-Ek","thumbnail":"thumbnails\/B4-KbHu2-Ek.jpg"},{"video_id":"n1MggyqPZA4","channel_id":"UCWBk05FplU93JomQ345w24Q","title":"No title","description":"No description","original_language":"unknown","publication_date":"2025-11-07","duration":0,"url":"https:\/\/www.youtube.com\/watch?v=n1MggyqPZA4","thumbnail":"thumbnails\/default.jpg"},{"video_id":"9cwRAxX5ijc","channel_id":"UCRLEkZpNRoZQBG8kUTBD8vQ","title":"O que ningu\u00e9m fala sobre o COLAPSO do RIO DE JANEIRO EP #239","description":"_____________________________________________________________________________\nSEJA MEMBRO e apoie o canal. Bot\u00e3o ADERIR acima ou: \nhttps:\/\/www.youtube.com\/channel\/UCRLEkZpNRoZQBG8kUTBD8vQ\/join\n\nV\u00eddeo sobre ser membro do canal:\nhttps:\/\/www.youtube.com\/watch?v=drvou-obBVU\n_____________________________________________________________________________\nSiga as p\u00e1ginas do canal Orienta\u00e7\u00e3o Marxista nas Redes Sociais\n\nFACEBOOK:    https:\/\/www.facebook.com\/Orienta\u00e7\u00e3o-Marxista-111673690190915\nTWITTER:       https:\/\/twitter.com\/orient_marxista\nINSTAGRAM: https:\/\/www.instagram.com\/orient.marxista\n_____________________________________________________________________________\nLeia o blog Teoria e Revolu\u00e7\u00e3o:\nhttps:\/\/teoriaerevolucao.pstu.org.br\n_____________________________________________________________________________\nO livro do autor desse canal (Marx e a Hist\u00f3ria: das particularidades nacionais \u00e0 universalidade da revolu\u00e7\u00e3o socialista )  pode ser adquirido nos seguintes endere\u00e7os:\nhttps:\/\/editorasundermann.com.br\/livro\/96-marx-e-a-hist%C3%B3ria\nhttps:\/\/www.estantevirtual.com.br\/busca?utf8=%E2%9C%93&q=gustavo+machado+marx\n\n#RioDeJaneiro #Colapso #seguran\u00e7ap\u00fablica","original_language":"pt-BR","publication_date":"2025-11-05","duration":0,"url":"https:\/\/www.youtube.com\/watch?v=9cwRAxX5ijc","thumbnail":"thumbnails\/9cwRAxX5ijc.jpg"},{"video_id":"ihpv4jCU2ao","channel_id":"UCWBk05FplU93JomQ345w24Q","title":"MINHA INTERVEN\u00c7\u00c3O NA ASSEMBLEIA LEGISLATIVA DO MARANH\u00c3O SOBRE A PEC 27\/2024 QUE N\u00c3O \u00c9 REPARA\u00c7\u00c3O","description":"","original_language":"pt-BR","publication_date":"2025-11-05","duration":0,"url":"https:\/\/www.youtube.com\/watch?v=ihpv4jCU2ao","thumbnail":"thumbnails\/ihpv4jCU2ao.jpg"},{"video_id":"MT8XP8LPwu0","channel_id":"UCWBk05FplU93JomQ345w24Q","title":"A PEC 27\/2024 n\u00e3o \u00e9 engana\u00e7\u00e3o e o deputado Josivaldo JP n\u00e3o nos representa.","description":"","original_language":"pt-BR","publication_date":"2025-11-03","duration":0,"url":"https:\/\/www.youtube.com\/watch?v=MT8XP8LPwu0","thumbnail":"thumbnails\/MT8XP8LPwu0.jpg"},{"video_id":"IUVVp8g5Z9U","channel_id":"UCWBk05FplU93JomQ345w24Q","title":"Beatriz Bueno quer transformar os afro-brasileiros em minoria racial","description":"","original_language":"pt-BR","publication_date":"2025-11-01","duration":0,"url":"https:\/\/www.youtube.com\/watch?v=IUVVp8g5Z9U","thumbnail":"thumbnails\/IUVVp8g5Z9U.jpg"},{"video_id":"-2MPgAT4ii4","channel_id":"UCWBk05FplU93JomQ345w24Q","title":"A LINHA QUE NOS DIVIDE \u00c9 DE RA\u00c7A, DE CLASSE E DE SANGUE. TODOS AOS ATOS DESTA SEXTA!","description":"","original_language":"pt-BR","publication_date":"2025-10-31","duration":0,"url":"https:\/\/www.youtube.com\/watch?v=-2MPgAT4ii4","thumbnail":"thumbnails\/-2MPgAT4ii4.jpg"},{"video_id":"RwpNYnGGc-E","channel_id":"UCWBk05FplU93JomQ345w24Q","title":"FALA CONTRA A REFORMA ADMINISTRATIVA E CONTRA A CH4CINA DO RIO DE JANEIRO","description":"","original_language":"pt-BR","publication_date":"2025-10-30","duration":0,"url":"https:\/\/www.youtube.com\/watch?v=RwpNYnGGc-E","thumbnail":"thumbnails\/RwpNYnGGc-E.jpg"},{"video_id":"s170P3O1DBE","channel_id":"UC4QQ1pY2lD3DhthIJ1LFEBw","title":"O colapso ambiental \u00e9 capitalista!","description":"Vem debater com a gente por que n\u00e3o h\u00e1 transi\u00e7\u00e3o ecol\u00f3gica poss\u00edvel sob o capitalismo \u2014 e como a luta pelo clima \u00e9 uma luta pela revolu\u00e7\u00e3o e pelo socialismo!\n\n\n\ud83c\udf99\ufe0f Novo na transmiss\u00e3o ou querendo melhorar? Confira o StreamYard e ganhe $10 de desconto! \ud83d\ude0d https:\/\/streamyard.com\/pal\/d\/5548160204668928","original_language":"pt-BR","publication_date":"2025-10-30","duration":0,"url":"https:\/\/www.youtube.com\/watch?v=s170P3O1DBE","thumbnail":"thumbnails\/s170P3O1DBE.jpg"},{"video_id":"Ywud_Lyablw","channel_id":"UCRLEkZpNRoZQBG8kUTBD8vQ","title":"A TAXA GERAL DE LUCRO E A DISPUTA IMPERIALISTA MUNDIAL","description":"Hoje, \u00e0s 19h, tem mais uma live da s\u00e9rie sobre o Anu\u00e1rio Estat\u00edstico do ILAESE 2025 \u2013 Trabalho e Explora\u00e7\u00e3o.\n\nTema de hoje:\n\ud83d\udca5 A taxa geral de lucro e a disputa capitalista mundial\n\nCom Gustavo Machado, apresentando o conte\u00fado do Anu\u00e1rio que analisa como a taxa de lucro e a concorr\u00eancia entre capitais explicam a crise e a explora\u00e7\u00e3o no sistema capitalista.\n\n\ud83d\udcac Traga suas contribui\u00e7\u00f5es e d\u00favidas para o chat! Elas ser\u00e3o respondidas ao vivo durante a transmiss\u00e3o.\n\n\ud83d\udcfa Ao vivo nos canais ILAESE e Orienta\u00e7\u00e3o Marxista.\n\n#ILAESE #Anu\u00e1rio2025 #TrabalhoEExplora\u00e7\u00e3o\n\n\ud83c\udf99\ufe0f Novo na transmiss\u00e3o ou querendo melhorar? Confira o StreamYard e ganhe $10 de desconto! \ud83d\ude0d https:\/\/streamyard.com\/pal\/d\/5548160204668928","original_language":"pt-PT","publication_date":"2025-10-28","duration":0,"url":"https:\/\/www.youtube.com\/watch?v=Ywud_Lyablw","thumbnail":"thumbnails\/Ywud_Lyablw.jpg"},{"video_id":"OKtrekzOvUI","channel_id":"UCWBk05FplU93JomQ345w24Q","title":"Beatriz Bueno n\u00e3o questiona a identidade branca, s\u00f3 a negra!","description":"","original_language":"pt-BR","publication_date":"2025-10-27","duration":0,"url":"https:\/\/www.youtube.com\/watch?v=OKtrekzOvUI","thumbnail":"thumbnails\/OKtrekzOvUI.jpg"},{"video_id":"CHtYX7JwJoE","channel_id":"UCWBk05FplU93JomQ345w24Q","title":"POL\u00caMICA COM BEATRIZ BUENO SOBRE O PROJETO PARDITUDE","description":"Neste v\u00eddeo polemizamos com Beatriz Bueno, principal figura p\u00fablica do \"Projeto Parditude\". Tomamos quatro notas, a saber: 1- Que \u00e9 um equivoco grotesco afirmar que o Movimento Negro brasileiro toma um suposto \"modelo bin\u00e1rio\", Negro versus Branco, dos EUA para aplicar a realidade brasileira, tal como Beatriz Bueno e Jones Manoel afirmam 2- Que, na verdade, \u00e9 o modelo defendido por Beatriz Bueno que se aproxima, perigosamente,  do projeto do \"grande apartheid\" que a burguesia sul-africana utilizou para quebrar com a  unidade da classe trabalhadora negra, sob a alega\u00e7\u00e3o de valoriza\u00e7\u00e3o da diversidade \u00e9tnica. 3- Que a categoriza\u00e7\u00e3o de \"Pardo\" \u00e9 exatamente igual a desenvolvida no Estado Novo de Vargas, o da nega\u00e7\u00e3o da identidade negra e ind\u00edgena. 4- Que o \"Projeto Parditude\" \u00e9, no limite, negacionista e visa fazer com que o pa\u00eds mais negro fora do continente africano seja transformado num dos pa\u00edses menos negro da Am\u00e9rica.\n\nO v\u00eddeo ficou muito legal!\n\nAssista a\u00ed, compartilhe e n\u00e3o esque\u00e7a de se inscrever.\n\nPaz entre n\u00f3s. Guerra aos Senhores!\n#parditude \n#repara\u00e7\u00e3o \n#multiculturalismo \n#multicultural \n#beatrizbueno\n\n_______________________________\n\nSIGA-ME NAS REDES SOCIAIS\n\nInstagram: https:\/\/www.instagram.com\/hertzdias\/\nFacebook: https:\/\/www.facebook.com\/HertzCDias\n_______________________________\n\nNo CANAL DO HERTZ  \u2014 RA\u00c7A, CLASSE & REVOLU\u00c7\u00c3O, vamos debater temas ligados a quest\u00e3o racial, combinado ao de classe, numa perspectiva marxista.","original_language":"pt-BR","publication_date":"2025-10-26","duration":0,"url":"https:\/\/www.youtube.com\/watch?v=CHtYX7JwJoE","thumbnail":"thumbnails\/CHtYX7JwJoE.jpg"},{"video_id":"GSF2rlm_eMo","channel_id":"UC4QQ1pY2lD3DhthIJ1LFEBw","title":"Contra todos alertas cient\u00edficos, governo Lula libera a explora\u00e7\u00e3o de petr\u00f3leo na Margem Equatorial","description":"Contra todos os alertas cient\u00edficos, governo Lula libera a explora\u00e7\u00e3o de petr\u00f3leo na Margem Equatorial\n\nEm decis\u00e3o anunciada nesta segunda-feira (20), o Ibama (Instituto Brasileiro do Meio Ambiente) concedeu a licen\u00e7a para a Petrobras iniciar a perfura\u00e7\u00e3o explorat\u00f3ria na Margem Equatorial. Essa decis\u00e3o vai contra o combate \u00e0 crise clim\u00e1tica, a preserva\u00e7\u00e3o do meio ambiente e os direitos dos povos da Amaz\u00f4nia e do povo brasileiro em geral.\n\nNo v\u00eddeo, Jeferson Choma, do canal Ecologia Marxista (@eco.politicamarxista) e militante do PSTU (@pstu_oficial), alerta sobre as consequ\u00eancias dessa decis\u00e3o para o aumento da temperatura global e seus efeitos sobre a Amaz\u00f4nia Azul, regi\u00e3o de manguezais vital para o combate ao aquecimento global e \u00e0 emerg\u00eancia clim\u00e1tica.","original_language":"pt-BR","publication_date":"2025-10-26","duration":0,"url":"https:\/\/www.youtube.com\/watch?v=GSF2rlm_eMo","thumbnail":"thumbnails\/GSF2rlm_eMo.jpg"},{"video_id":"6w-EjzCfBq4","channel_id":"UCWBk05FplU93JomQ345w24Q","title":"23 de outubro de 2025","description":"","original_language":"pt-BR","publication_date":"2025-10-24","duration":0,"url":"https:\/\/www.youtube.com\/watch?v=6w-EjzCfBq4","thumbnail":"thumbnails\/6w-EjzCfBq4.jpg"},{"video_id":"NFkgoVwlPQw","channel_id":"UCRLEkZpNRoZQBG8kUTBD8vQ","title":"No title","description":"No description","original_language":"unknown","publication_date":"2025-10-24","duration":0,"url":"https:\/\/www.youtube.com\/watch?v=NFkgoVwlPQw","thumbnail":"thumbnails\/default.jpg"},{"video_id":"fjimLyHv1Ws","channel_id":"UCWBk05FplU93JomQ345w24Q","title":"R4CISMO NA USP E NO GOVERNO DO PT NO PIAUI","description":"","original_language":"pt-BR","publication_date":"2025-10-22","duration":0,"url":"https:\/\/www.youtube.com\/watch?v=fjimLyHv1Ws","thumbnail":"thumbnails\/fjimLyHv1Ws.jpg"},{"video_id":"sf9NB8MW3S8","channel_id":"UCRLEkZpNRoZQBG8kUTBD8vQ","title":"No title","description":"No description","original_language":"unknown","publication_date":"2025-10-19","duration":0,"url":"https:\/\/www.youtube.com\/watch?v=sf9NB8MW3S8","thumbnail":"thumbnails\/default.jpg"},{"video_id":"YeGderNKIig","channel_id":"UCWBk05FplU93JomQ345w24Q","title":"MARX R4CISTA? DESMASCARANDO O MBL","description":"","original_language":"pt-BR","publication_date":"2025-10-17","duration":0,"url":"https:\/\/www.youtube.com\/watch?v=YeGderNKIig","thumbnail":"thumbnails\/YeGderNKIig.jpg"},{"video_id":"Y5TCU2fa79E","channel_id":"UCWBk05FplU93JomQ345w24Q","title":"38 anos do assassinato de Sankara: li\u00e7\u00f5es de uma  revolu\u00e7\u00e3o congelada","description":"O v\u00eddeo de hoje, 15 de Outubro de 2025, \u00e9 uma reflex\u00e3o sobre sobre os 38 anos do assassinato de Thomas Sankara, uma das maiores lideran\u00e7a do continente africano que assumiu o poder em 1983 e quatros anos depois foi morto em uma emboscada organizada por Blaise Campaor\u00e9, seu antigo aliado e melhor amigo.\n\nImportante ressaltar que Sankara foi um ex\u00edmio orador, uma lideran\u00e7a pol\u00edtica e militar que nunca tirou proveito da estrutura do Estado em benef\u00edcio pr\u00f3prio, fez da sua voz uma voz em defesa do povo palestino e de denuncia implac\u00e1vel ao regime do apartheid  na Africa do Sul.\n\nNo entanto, tentamos responder algumas perguntas neste video: 1- Sankara era mesmo um marxista? Sua \"revolu\u00e7\u00e3o\" era de que tipo? Tava indo em dire\u00e7\u00e3o ao socialismo? Que tipo de Estado foi edificado em Burkina Faso ap\u00f3s o grupo de Sankara tomar o poder? Era uma ditadura do proletariado ou burguesa? Qual o lugar da classe trabalhadora neste governo ou Estado?\n\n#thomassankara \n#burkinafaso \n\n_______________________________\n\nSIGA-ME NAS REDES SOCIAIS\n\nInstagram: https:\/\/www.instagram.com\/hertzdias\/\nFacebook: https:\/\/www.facebook.com\/HertzCDias\n_______________________________\n\nNo CANAL DO HERTZ  \u2014 RA\u00c7A, CLASSE & REVOLU\u00c7\u00c3O, vamos debater temas ligados a quest\u00e3o racial, combinado ao de classe, numa perspectiva marxista.","original_language":"pt-BR","publication_date":"2025-10-15","duration":0,"url":"https:\/\/www.youtube.com\/watch?v=Y5TCU2fa79E","thumbnail":"thumbnails\/Y5TCU2fa79E.jpg"},{"video_id":"x2o4K17W_N0","channel_id":"UCRLEkZpNRoZQBG8kUTBD8vQ","title":"Lan\u00e7amento - Anu\u00e1rio Estat\u00edstico do ILAESE 2025","description":"\u00c0s 19h, vai ao ar a edi\u00e7\u00e3o especial do programa ILAESE: Brasil em Foco com o lan\u00e7amento do Anu\u00e1rio Estat\u00edstico do ILAESE 2025 \u2013 Trabalho e Explora\u00e7\u00e3o: o mapa da explora\u00e7\u00e3o dos trabalhadores no Brasil e no mundo.\n\n\ud83d\udcca Uma an\u00e1lise in\u00e9dita sobre a realidade da classe trabalhadora no Brasil e no mundo.\n\n\ud83c\udf99\ufe0f Novo na transmiss\u00e3o ou querendo melhorar? Confira o StreamYard e ganhe $10 de desconto! \ud83d\ude0d https:\/\/streamyard.com\/pal\/d\/5548160204668928","original_language":"en-US","publication_date":"2025-10-14","duration":0,"url":"https:\/\/www.youtube.com\/watch?v=x2o4K17W_N0","thumbnail":"thumbnails\/x2o4K17W_N0.jpg"},{"video_id":"_B-u1mSeKNI","channel_id":"UCWBk05FplU93JomQ345w24Q","title":"Paulo Cruz e a desonestidade intelectual do MBL no combate ao marxismo","description":"Este v\u00eddeo \u00e9 uma resposta ao v\u00eddeo \"Marx era um racist4 convicto\" do professor Paulo Cruz do MBL. Para justificar sua caracteriza\u00e7\u00e3o a respeito de Marx, Paulo Cruz se apoia num di\u00e1logo com o \"infal\u00edvel\" ChatGPT para afirmar, sem o m\u00ednimo de crit\u00e9rio e rigor cientifico, que Marx, al\u00e9m de racist4, nunca se manifestou publicamente contra a escravid\u00e3o negra, principalmente nos EUA. \n\nEm nosso v\u00eddeo, mostramos, com riqueza de informa\u00e7\u00f5es, que Marx n\u00e3o s\u00f3 se manifestou publicamente contra a escravid\u00e3o, como seus mais de 300 artigos publicados no jornal Tribune New York foram decisivo para influenciar Abraham Lincoln a tomar a decis\u00e3o de transformar a guerra civil americana em uma revolu\u00e7\u00e3o contra a escravid\u00e3o. \n\nNosso v\u00eddeo tamb\u00e9m revela que o professor Paulo Cruz n\u00e3o foge do m\u00e9todo do MBL: o da desonestidade intelectual.\n\nAssistam ao v\u00eddeo e ajudem a divulgar! \n\nSegue link do artigo do Rosenverck sobre o livro \"Marxismo e a Quest\u00e3o Racial\" do professor Carlos Moore. https:\/\/quilomboracaeclassema.blogspot.com\/2014\/10\/o-marxismo-e-questao-racial-reflexoes.html\n \nIndicaria tamb\u00e9m vcs a lerem os \" Escritos sobre a Guerra Civil Americana\" de Marx e Engels: https:\/\/www.marxists.org\/portugues\/marx\/guerra\/index.htm\n\n\nPaz entre n\u00f3s. Guerra aos Senhores!\n_______________________________\n\nSIGA-ME NAS REDES SOCIAIS\n\nInstagram: https:\/\/www.instagram.com\/hertzdias\/\nFacebook: https:\/\/www.facebook.com\/HertzCDias\n_______________________________\n\nNo CANAL DO HERTZ  \u2014 RA\u00c7A, CLASSE & REVOLU\u00c7\u00c3O, vamos debater temas ligados a quest\u00e3o racial, combinado ao de classe, numa perspectiva marxista.","original_language":"pt-BR","publication_date":"2025-10-13","duration":0,"url":"https:\/\/www.youtube.com\/watch?v=_B-u1mSeKNI","thumbnail":"thumbnails\/_B-u1mSeKNI.jpg"},{"video_id":"zcC0HPKQNuw","channel_id":"UCRLEkZpNRoZQBG8kUTBD8vQ","title":"ST\u00c1LIN e a cria\u00e7\u00e3o do Estado de ISRAEL EP #236","description":"_____________________________________________________________________________\nCRONOLOGIA: URSS E CRIA\u00c7\u00c3O DO ESTADO DE ISRAEL\n\u2192 Janeiro de 1941: encontro entre Chaim Weizmann, o presidente da Organiza\u00e7\u00e3o Sionista Mundial, e Ivan Maisky, o embaixador sovi\u00e9tico do Reino Unido. Weizmann: \u201cse meio milh\u00f5es de \u00e1rabes pudessem ser deslocados, dois milh\u00f5es de judeus poderiam ser colocados em seu lugar\u201d.\n\u2192 Outubro de 1941: entre Maisky e David Ben-Gurion \u2013 ent\u00e3o presidente da Ag\u00eancia Judaica e que mais tarde se tornaria\u00a0 fundador das For\u00e7as de Defesa de Israel e o primeiro primeiro-ministro de Israel.\n\u2192 1943: Maisky se encontrou novamente com Weizmann, o assegurando que o governo sovi\u00e9tico entendia os objetivos dos sionistas e que \u201ccertamente se colocaria ao lado deles\u201d\n\u2192 29 de novembro de 1947: a URSS votou a favor da partilha da Palestina. Com 33 votos a favor, 13 contr\u00e1rios e 10 absten\u00e7\u00f5es.\nLaurent Rucker. A Surpresa de Moscou: A Alian\u00e7a Sovi\u00e9tico-Israelense de 1947-1949. \n\nCRIA\u00c7\u00c3O DO ESTADO DE ISRAEL\nEm um telegrama enviado em 17 de maio de 1948 para Shertok, o Ministro de Rela\u00e7\u00f5es Exteriores do Governo Provis\u00f3rio de Israel, Molotov (o Ministro de Rela\u00e7\u00f5es Exteriores sovi\u00e9tico e o aliado mais pr\u00f3ximo de Stalin) escreveu: \u201cEscrevo aqui para inform\u00e1-lo de que o governo da URSS decidiu proclamar o reconhecimento oficial do Estado de Israel e de seu Governo Provis\u00f3rio. O governo sovi\u00e9tico acredita que a cria\u00e7\u00e3o de um Estado soberano pelo povo judeu servir\u00e1 \u00e0 causa do fortalecimento da paz e da seguran\u00e7a na Palestina e no Oriente M\u00e9dio, e expressa confian\u00e7a de que as rela\u00e7\u00f5es amistosas entre a URSS e o Estado de Israel se desenvolver\u00e3o com sucesso.\u201d\nMARIE, J.-J. St\u00e1lin. S\u00e3o Paulo: Babel, 2011. p. 752\n\u2192 Em 1948, Stalin permitiu que a Tchecoslov\u00e1quia enviasse armamentos pesados para o rec\u00e9m-formado Ex\u00e9rcito de Israel. Ao mesmo tempo, a URSS impediu que o governo da Tchecoslov\u00e1quia fizesse o mesmo com os \u00e1rabes. Em 1968, Ben-Gurion:  \u201cEles salvaram o pa\u00eds; eu n\u00e3o tenho d\u00favidas disso. O acordo pelas armas tchecas foi a maior ajuda que n\u00f3s t\u00ednhamos recebido at\u00e9 ent\u00e3o, ele nos salvou e sem ele eu duvido muito que n\u00f3s ter\u00edamos conseguido sobreviver ao primeiro m\u00eas.\u201d \nUri Bialer, Entre o Oriente e o Ocidente: a Orienta\u00e7\u00e3o da Pol\u00edtica Externa de Israel, 1948-1956, Cambridge University Press, 1990\n\n\nSEJA MEMBRO e apoie o canal. Bot\u00e3o ADERIR acima ou: \nhttps:\/\/www.youtube.com\/channel\/UCRLEkZpNRoZQBG8kUTBD8vQ\/join\n\nV\u00eddeo sobre ser membro do canal:\nhttps:\/\/www.youtube.com\/watch?v=drvou-obBVU\n_____________________________________________________________________________\nSiga as p\u00e1ginas do canal Orienta\u00e7\u00e3o Marxista nas Redes Sociais\n\nFACEBOOK:    https:\/\/www.facebook.com\/Orienta\u00e7\u00e3o-Marxista-111673690190915\nTWITTER:       https:\/\/twitter.com\/orient_marxista\nINSTAGRAM: https:\/\/www.instagram.com\/orient.marxista\n_____________________________________________________________________________\nLeia o blog Teoria e Revolu\u00e7\u00e3o:\nhttps:\/\/teoriaerevolucao.pstu.org.br\n_____________________________________________________________________________\nO livro do autor desse canal (Marx e a Hist\u00f3ria: das particularidades nacionais \u00e0 universalidade da revolu\u00e7\u00e3o socialista )  pode ser adquirido nos seguintes endere\u00e7os:\nhttps:\/\/editorasundermann.com.br\/livro\/96-marx-e-a-hist%C3%B3ria\nhttps:\/\/www.estantevirtual.com.br\/busca?utf8=%E2%9C%93&q=gustavo+machado+marx\n\n#Palestina #Israel #St\u00e1lin","original_language":"pt-BR","publication_date":"2025-10-12","duration":0,"url":"https:\/\/www.youtube.com\/watch?v=zcC0HPKQNuw","thumbnail":"thumbnails\/zcC0HPKQNuw.jpg"},{"video_id":"fr0-1OZ5YoE","channel_id":"UCWBk05FplU93JomQ345w24Q","title":"ELEI\u00c7\u00d5ES | O dia em que amassamos os candidatos da burguesia de S\u00e3o Lu\u00eds","description":"Neste v\u00eddeo, numa perspectiva marxista, analisamos como deu a aboli\u00e7\u00e3o da escravid\u00e3o em nosso pa\u00eds. Uma an\u00e1lise bem diferente da Hist\u00f3ria Oficial, criada e repetidamente contada h\u00e1 s\u00e9culos pela classe dominante. Aqui, vamos mostrar a hist\u00f3ria contada a partir do ponto de vista da Senzala, dos quilombos e das ruas em contraposi\u00e7\u00e3o \u00e0 Casa Grande e ao parlamento escravocrata.\n_______________________________\n\nSIGA-ME NAS REDES SOCIAIS\n\nInstagram: https:\/\/www.instagram.com\/hertzdias\/\nFacebook: https:\/\/www.facebook.com\/HertzCDias\n_______________________________\n\nNo CANAL DO HERTZ  \u2014 RA\u00c7A, CLASSE & REVOLU\u00c7\u00c3O, vamos debater temas ligados a quest\u00e3o racial, combinado ao de classe, numa perspectiva marxista.","original_language":"pt-BR","publication_date":"2025-10-09","duration":0,"url":"https:\/\/www.youtube.com\/watch?v=fr0-1OZ5YoE","thumbnail":"thumbnails\/fr0-1OZ5YoE.jpg"},{"video_id":"sRsORWN8tJo","channel_id":"UCWBk05FplU93JomQ345w24Q","title":"O DIA EM QUE AMASSAMOS OS CANDIDATOS DA BURGUESIA DE S\u00c3O LU\u00cdS","description":"","original_language":"pt-BR","publication_date":"2025-10-09","duration":0,"url":"https:\/\/www.youtube.com\/watch?v=sRsORWN8tJo","thumbnail":"thumbnails\/sRsORWN8tJo.jpg"},{"video_id":"n6mboVAYTzA","channel_id":"UCWBk05FplU93JomQ345w24Q","title":"Canudos era o oposto da Rep\u00fablica! #repara\u00e7\u00e3o","description":"","original_language":"pt-BR","publication_date":"2025-10-07","duration":0,"url":"https:\/\/www.youtube.com\/watch?v=n6mboVAYTzA","thumbnail":"thumbnails\/n6mboVAYTzA.jpg"},{"video_id":"n9GKWWZMlsY","channel_id":"UCWBk05FplU93JomQ345w24Q","title":"CANUDOS\/ A hist\u00f3ria que a burguesia n\u00e3o quer que vc conhe\u00e7a","description":"VIDEO COMPLETO \n\n05 de Outubro, completou exatamente 128 anos que o Estado brasileiro destruiu uma das maiores experi\u00eancias que a classe trabalhadora construiu na hist\u00f3ria deste pa\u00eds que foi o Arraial de Canudos!\nNeste v\u00eddeo buscamos resgatar uma  parte importante da verdadeira hist\u00f3ria desse territ\u00f3rio, majoritariamente negro, que desafiou a burguesia brasileira!\n\nA direita tachou Canudos como reduto de fan\u00e1ticos religiosos, para justificar o massacre de seus mais de 25 mil habitantes. \n\nMas, historiadores de esquerda tamb\u00e9m menosprezaram a sentindo pol\u00edtico e revolucion\u00e1rio dos canudenses, considerando como movimento arcaico e pr\u00e9-pol\u00edtico, a exemplo de Erick hobsbawm, justamente por n\u00e3o se encaixar nos modelos das revolu\u00e7\u00f5es liberais europeias. \n\nCanudos foi muito, mas, muito mais do que isso. Assista ao v\u00eddeo pra entender melhor o que significou essa experi\u00eancia hist\u00f3rica que desestabilizou a burguesia brasileira.\n\n#canudos \n#antonioconselheiro \n#repara\u00e7\u00e3o \n#belomonte\n_______________________________\n\nSIGA-ME NAS REDES SOCIAIS\n\nInstagram: https:\/\/www.instagram.com\/hertzdias\/\nFacebook: https:\/\/www.facebook.com\/HertzCDias\n_______________________________\n\nNo CANAL DO HERTZ  \u2014 RA\u00c7A, CLASSE & REVOLU\u00c7\u00c3O, vamos debater temas ligados a quest\u00e3o racial, combinado ao de classe, numa perspectiva marxista.","original_language":"pt-BR","publication_date":"2025-10-07","duration":0,"url":"https:\/\/www.youtube.com\/watch?v=n9GKWWZMlsY","thumbnail":"thumbnails\/n9GKWWZMlsY.jpg"},{"video_id":"Urs1YksDKNw","channel_id":"UCWBk05FplU93JomQ345w24Q","title":"Canudos, a hist\u00f3ria que a burguesia n\u00e3o quer que vc conhe\u00e7a","description":"Hoje, 05 de Outubro, completa exatamente 128 anos que o Estado brasileiro destruiu uma das maiores experi\u00eancias que a classe trabalhadora construiu na hist\u00f3ria deste pa\u00eds que foi o Arraial de Canudos!\nNeste v\u00eddeo buscamos resgatar uma  parte importante da verdadeira hist\u00f3ria desse territ\u00f3rio, majoritariamente negro, que desafiou a burguesia brasileira!\n\nA direita tachou Canudos como reduto de fan\u00e1ticos religiosos, para justificar o massacre de seus mais de 25 mil habitantes. \n\nMas, historiadores de esquerda tamb\u00e9m menosprezaram a sentindo pol\u00edtico e revolucion\u00e1rio dos canudenses, considerando como movimento arcaico e pr\u00e9-pol\u00edtico, a exemplo de Erick hobsbawm, justamente por n\u00e3o se encaixar nos modelos das revolu\u00e7\u00f5es liberais europeias. \n\nCanudos foi muito, mas, muito mais do que isso. Assista ao v\u00eddeo pra entender melhor o que significou essa experi\u00eancia hist\u00f3rica que desestabilizou a burguesia brasileira.\n\n#canudos \n#antonioconselheiro \n#repara\u00e7\u00e3o \n#belomonte\n_______________________________\n\nSIGA-ME NAS REDES SOCIAIS\n\nInstagram: https:\/\/www.instagram.com\/hertzdias\/\nFacebook: https:\/\/www.facebook.com\/HertzCDias\n_______________________________\n\nNo CANAL DO HERTZ  \u2014 RA\u00c7A, CLASSE & REVOLU\u00c7\u00c3O, vamos debater temas ligados a quest\u00e3o racial, combinado ao de classe, numa perspectiva marxista.","original_language":"pt-BR","publication_date":"2025-10-05","duration":0,"url":"https:\/\/www.youtube.com\/watch?v=Urs1YksDKNw","thumbnail":"thumbnails\/Urs1YksDKNw.jpg"},{"video_id":"YAH9OmQmdZY","channel_id":"UCWBk05FplU93JomQ345w24Q","title":"O MUNDO EST\u00c1 SE MOBILIZANDO CONTRA O ESTADO DE ISRAEL.","description":"","original_language":"pt-BR","publication_date":"2025-10-04","duration":0,"url":"https:\/\/www.youtube.com\/watch?v=YAH9OmQmdZY","thumbnail":"thumbnails\/YAH9OmQmdZY.jpg"},{"video_id":"rAR60VFV7Ss","channel_id":"UCWBk05FplU93JomQ345w24Q","title":"LULA PRECISA ROMPER URGENTEMENTE COM ISRAEL","description":"Neste v\u00eddeo, numa perspectiva marxista, analisamos como deu a aboli\u00e7\u00e3o da escravid\u00e3o em nosso pa\u00eds. Uma an\u00e1lise bem diferente da Hist\u00f3ria Oficial, criada e repetidamente contada h\u00e1 s\u00e9culos pela classe dominante. Aqui, vamos mostrar a hist\u00f3ria contada a partir do ponto de vista da Senzala, dos quilombos e das ruas em contraposi\u00e7\u00e3o \u00e0 Casa Grande e ao parlamento escravocrata.\n_______________________________\n\nSIGA-ME NAS REDES SOCIAIS\n\nInstagram: https:\/\/www.instagram.com\/hertzdias\/\nFacebook: https:\/\/www.facebook.com\/HertzCDias\n_______________________________\n\nNo CANAL DO HERTZ  \u2014 RA\u00c7A, CLASSE & REVOLU\u00c7\u00c3O, vamos debater temas ligados a quest\u00e3o racial, combinado ao de classe, numa perspectiva marxista.","original_language":"pt-BR","publication_date":"2025-10-01","duration":0,"url":"https:\/\/www.youtube.com\/watch?v=rAR60VFV7Ss","thumbnail":"thumbnails\/rAR60VFV7Ss.jpg"},{"video_id":"O9tYLoxd6HI","channel_id":"UCWBk05FplU93JomQ345w24Q","title":"LULA, HAITI E GAZA: DOIS PESOS E DUAS MEDIDAS","description":"Neste v\u00eddeo fizemos uma compara\u00e7\u00e3o cr\u00edtica entre a postura que o governo Lula adotou em 2004 quando, a mando de Bush, liderou a criminosa ocupa\u00e7\u00e3o militar do Haiti com o objetivo de consolidar um golpe de Estado dado pelos EUA contra o presidente Aristide, e a posi\u00e7\u00e3o adotada pelo mesmo Lula em rela\u00e7\u00e3o aos palestinos que, mais do que nunca, precisam de apoio militar. \n\nLula n\u00e3o s\u00f3 deveria romper rela\u00e7\u00f5es diplom\u00e1tica, econ\u00f4mica e militar com Israel como enviar armas e soldados tanto para proteger a \"Flotilha da Liberdade\" que, da publica\u00e7\u00e3o deste v\u00eddeo a algumas horas, entrar\u00e1 na chamada \"Zona Vermelha\" e ficar\u00e1 sobre a mira das for\u00e7as repressoras de Israel, como se colocar militarmente ao lado do povo palestino. \n\nN\u00e3o existe meio termo: LULA ROMPA COM ISRAEL!\n \n#flotilhadaliberdade\n#lularompacomisrael\n#palestinalivre \n\n_______________________________\n\nSIGA-ME NAS REDES SOCIAIS\n\nInstagram: https:\/\/www.instagram.com\/hertzdias\/\nFacebook: https:\/\/www.facebook.com\/HertzCDias\n_______________________________\n\nNo CANAL DO HERTZ  \u2014 RA\u00c7A, CLASSE & REVOLU\u00c7\u00c3O, vamos debater temas ligados a quest\u00e3o racial, combinado ao de classe, numa perspectiva marxista.","original_language":"pt-BR","publication_date":"2025-09-30","duration":0,"url":"https:\/\/www.youtube.com\/watch?v=O9tYLoxd6HI","thumbnail":"thumbnails\/O9tYLoxd6HI.jpg"},{"video_id":"vjZOzfIPUnA","channel_id":"UCWBk05FplU93JomQ345w24Q","title":"VIT\u00d3RIA |  A PEC DA BANDIDAGEM FOI DERROTADA NAS RUAS","description":"A PEC DA BANDIDAGEM foi rejeitada por unanimidade no Senado e isso s\u00f3 foi poss\u00edvel porque teve indigna\u00e7\u00e3o popular e mobiliza\u00e7\u00e3o nas redes sociais e nas ruas.\n\nA justificativa dos deputados dos 12 deputados do PT de que votaram a favor dessa PEC porque era t\u00e1tico pra derrotar a PEC da Anistia, n\u00e3o passa de conversa pra boi dormir.\n\nNosso parlamento s\u00e3o as ruas, as mobiliza\u00e7\u00f5es e as greves, tal como fizeram os oper\u00e1rios da constru\u00e7\u00e3o civil do Par\u00e1.\n\nSegue a luta!\n\n#semanistiapragolpista \n\n#n\u00e3oapecdabandidagem\n_______________________________\n\nSIGA-ME NAS REDES SOCIAIS\n\nInstagram: https:\/\/www.instagram.com\/hertzdias\/\nFacebook: https:\/\/www.facebook.com\/HertzCDias\n_______________________________\n\nNo CANAL DO HERTZ  \u2014 RA\u00c7A, CLASSE & REVOLU\u00c7\u00c3O, vamos debater temas ligados a quest\u00e3o racial, combinado ao de classe, numa perspectiva marxista.","original_language":"pt-BR","publication_date":"2025-09-26","duration":0,"url":"https:\/\/www.youtube.com\/watch?v=vjZOzfIPUnA","thumbnail":"thumbnails\/vjZOzfIPUnA.jpg"},{"video_id":"mCPWytIE0pY","channel_id":"UCWBk05FplU93JomQ345w24Q","title":"A Caixa Econ\u00f4mica Federal e o Confisco da Poupan\u00e7a dos escravizados","description":"Neste v\u00eddeo, numa perspectiva marxista, analisamos como deu a aboli\u00e7\u00e3o da escravid\u00e3o em nosso pa\u00eds. Uma an\u00e1lise bem diferente da Hist\u00f3ria Oficial, criada e repetidamente contada h\u00e1 s\u00e9culos pela classe dominante. Aqui, vamos mostrar a hist\u00f3ria contada a partir do ponto de vista da Senzala, dos quilombos e das ruas em contraposi\u00e7\u00e3o \u00e0 Casa Grande e ao parlamento escravocrata.\n_______________________________\n\nSIGA-ME NAS REDES SOCIAIS\n\nInstagram: https:\/\/www.instagram.com\/hertzdias\/\nFacebook: https:\/\/www.facebook.com\/HertzCDias\n_______________________________\n\nNo CANAL DO HERTZ  \u2014 RA\u00c7A, CLASSE & REVOLU\u00c7\u00c3O, vamos debater temas ligados a quest\u00e3o racial, combinado ao de classe, numa perspectiva marxista.","original_language":"pt-BR","publication_date":"2025-09-23","duration":0,"url":"https:\/\/www.youtube.com\/watch?v=mCPWytIE0pY","thumbnail":"thumbnails\/mCPWytIE0pY.jpg"},{"video_id":"qSokfZvncWA","channel_id":"UCWBk05FplU93JomQ345w24Q","title":"Wilson, presente! At\u00e9 o socialismo, hoje e sempre! \u270a\ud83c\udffe","description":"Pra quem conhecia o Wilson, sabe que qualquer homenagem a ele ser\u00e1 sempre insuficiente, muito insuficiente.\nApesar disso, e num momento de extrema como\u00e7\u00e3o, arrisquei gravar este v\u00eddeo sobre esse camarada que, sem sobra de d\u00favidas, estar\u00e1 na galeria dos grandes marxistas brasileiros.\nWilson foi um revolucion\u00e1rio negro, gay e trotskista. Ele n\u00e3o marcou uma gera\u00e7\u00e3o, ele formou uma gera\u00e7\u00e3o, e eu sou parte disso.\nWilson ajudou em nossa forma\u00e7\u00e3o do ponto de vista te\u00f3rico, pol\u00edtico e program\u00e1tico, mas tamb\u00e9m em seu aspecto humanit\u00e1rio e solid\u00e1rio. Do ponto de vista cultural, Wilson tamb\u00e9m teve uma trajet\u00f3ria irretoc\u00e1vel!\nA sa\u00fade mental dos militantes dos setores mais fragilizados sempre esteve acima da sua pr\u00f3pria sa\u00fade. Mas hoje, 17 de Setembro de 2025, ele nos deixou.\nDizem que \"saudade\" \u00e9 uma palavra dif\u00edcil de traduzir, dif\u00edcil de explicar. O dia de hoje t\u00e1 me fazendo entender isso.\nAt\u00e9 o socialismo, mestre!\n_______________________________\n\nSIGA-ME NAS REDES SOCIAIS\n\nInstagram: https:\/\/www.instagram.com\/hertzdias\/\nFacebook: https:\/\/www.facebook.com\/HertzCDias\n_______________________________\n\nNo CANAL DO HERTZ  \u2014 RA\u00c7A, CLASSE & REVOLU\u00c7\u00c3O, vamos debater temas ligados a quest\u00e3o racial, combinado ao de classe, numa perspectiva marxista.","original_language":"pt-BR","publication_date":"2025-09-18","duration":0,"url":"https:\/\/www.youtube.com\/watch?v=qSokfZvncWA","thumbnail":"thumbnails\/qSokfZvncWA.jpg"},{"video_id":"sZDtTLWkLLs","channel_id":"UCWBk05FplU93JomQ345w24Q","title":"O que est\u00e1 acontecendo em Angola?","description":"Neste v\u00eddeo, numa perspectiva marxista, analisamos como deu a aboli\u00e7\u00e3o da escravid\u00e3o em nosso pa\u00eds. Uma an\u00e1lise bem diferente da Hist\u00f3ria Oficial, criada e repetidamente contada h\u00e1 s\u00e9culos pela classe dominante. Aqui, vamos mostrar a hist\u00f3ria contada a partir do ponto de vista da Senzala, dos quilombos e das ruas em contraposi\u00e7\u00e3o \u00e0 Casa Grande e ao parlamento escravocrata.\n_______________________________\n\nSIGA-ME NAS REDES SOCIAIS\n\nInstagram: https:\/\/www.instagram.com\/hertzdias\/\nFacebook: https:\/\/www.facebook.com\/HertzCDias\n_______________________________\n\nNo CANAL DO HERTZ  \u2014 RA\u00c7A, CLASSE & REVOLU\u00c7\u00c3O, vamos debater temas ligados a quest\u00e3o racial, combinado ao de classe, numa perspectiva marxista.","original_language":"pt-BR","publication_date":"2025-09-03","duration":0,"url":"https:\/\/www.youtube.com\/watch?v=sZDtTLWkLLs","thumbnail":"thumbnails\/sZDtTLWkLLs.jpg"},{"video_id":"i9Oi4X9RXTc","channel_id":"UCWBk05FplU93JomQ345w24Q","title":"Cl\u00f3vis Moura: Da rebeli\u00e3o negra a supera\u00e7\u00e3o do esquematismo estalinista","description":"Neste v\u00eddeo, numa perspectiva marxista, analisamos como deu a aboli\u00e7\u00e3o da escravid\u00e3o em nosso pa\u00eds. Uma an\u00e1lise bem diferente da Hist\u00f3ria Oficial, criada e repetidamente contada h\u00e1 s\u00e9culos pela classe dominante. Aqui, vamos mostrar a hist\u00f3ria contada a partir do ponto de vista da Senzala, dos quilombos e das ruas em contraposi\u00e7\u00e3o \u00e0 Casa Grande e ao parlamento escravocrata.\n_______________________________\n\nSIGA-ME NAS REDES SOCIAIS\n\nInstagram: https:\/\/www.instagram.com\/hertzdias\/\nFacebook: https:\/\/www.facebook.com\/HertzCDias\n_______________________________\n\nNo CANAL DO HERTZ  \u2014 RA\u00c7A, CLASSE & REVOLU\u00c7\u00c3O, vamos debater temas ligados a quest\u00e3o racial, combinado ao de classe, numa perspectiva marxista.","original_language":"pt-BR","publication_date":"2025-09-01","duration":0,"url":"https:\/\/www.youtube.com\/watch?v=i9Oi4X9RXTc","thumbnail":"thumbnails\/i9Oi4X9RXTc.jpg"},{"video_id":"hql0tXj01co","channel_id":"UCWBk05FplU93JomQ345w24Q","title":"POL\u00caMICA | Mito da democracia racial, hierarquia crom\u00e1tica e desarticula\u00e7\u00e3o negra","description":"Mais corte do v\u00eddeo em que tratamos da pol\u00eamica entre Mano Brown e Camila Pitanga. Aqui tentamos mostrar como a burguesia combinou a ideia de  democracia racial e superioridade branca para dividir a comunidade negra em uma hierarquia crom\u00e1tica que se transformou num dos maiores obst\u00e1culos para a organiza\u00e7\u00e3o e mobiliza\u00e7\u00e3o pol\u00edtica dos Movimentos Negros. Neste aspecto, percebe-se que o movimento \"Partidute\" joga a favor dos nossos inimigos hist\u00f3ricos. \u00c9 o retorno ao neofreyrianismo.\n\nAssista ao v\u00eddeo completo em nosso \"Canal do Hertz: Ra\u00e7a, Classe e Revolu\u00e7\u00e3o\" a\u00ed no YouTube. \n\nO link t\u00e1 a\u00ed na bio. Firmeza?\n\nBom final de semana!\n_______________________________\n\nSIGA-ME NAS REDES SOCIAIS\n\nInstagram: https:\/\/www.instagram.com\/hertzdias\/\nFacebook: https:\/\/www.facebook.com\/HertzCDias\n_______________________________\n\nNo CANAL DO HERTZ  \u2014 RA\u00c7A, CLASSE & REVOLU\u00c7\u00c3O, vamos debater temas ligados a quest\u00e3o racial, combinado ao de classe, numa perspectiva marxista.","original_language":"pt-BR","publication_date":"2025-08-30","duration":0,"url":"https:\/\/www.youtube.com\/watch?v=hql0tXj01co","thumbnail":"thumbnails\/hql0tXj01co.jpg"},{"video_id":"kLXFsT2BpcA","channel_id":"UCWBk05FplU93JomQ345w24Q","title":"Sobre a Pol\u00eamica de Mano Brown com Camila Pitanga","description":"Neste v\u00eddeo, numa perspectiva marxista, analisamos como deu a aboli\u00e7\u00e3o da escravid\u00e3o em nosso pa\u00eds. Uma an\u00e1lise bem diferente da Hist\u00f3ria Oficial, criada e repetidamente contada h\u00e1 s\u00e9culos pela classe dominante. Aqui, vamos mostrar a hist\u00f3ria contada a partir do ponto de vista da Senzala, dos quilombos e das ruas em contraposi\u00e7\u00e3o \u00e0 Casa Grande e ao parlamento escravocrata.\n_______________________________\n\nSIGA-ME NAS REDES SOCIAIS\n\nInstagram: https:\/\/www.instagram.com\/hertzdias\/\nFacebook: https:\/\/www.facebook.com\/HertzCDias\n_______________________________\n\nNo CANAL DO HERTZ  \u2014 RA\u00c7A, CLASSE & REVOLU\u00c7\u00c3O, vamos debater temas ligados a quest\u00e3o racial, combinado ao de classe, numa perspectiva marxista.","original_language":"pt-BR","publication_date":"2025-08-28","duration":0,"url":"https:\/\/www.youtube.com\/watch?v=kLXFsT2BpcA","thumbnail":"thumbnails\/kLXFsT2BpcA.jpg"},{"video_id":"OZfqWx5ulbw","channel_id":"UCrZTf38EMgrRaNCchAooipw","title":"INF\u00c2NCIA A VENDA: um BATE-PAPO com \u00c9RIKA ANDREASSY","description":"Nas \u00faltimas semanas, o document\u00e1rio do influenciador Felca denunciou o uso da imagem de menores para monetizar, de diferentes formas, na Internet. O caso repercutiu bastante, tanto quanto houve muita deturpa\u00e7\u00e3o e apropria\u00e7\u00e3o da pauta. No v\u00eddeo dessa semana, o canal traz um bate-papo com a pesquisadora e militante marxista \u00c9rika Andreassy,  que escreveu uma s\u00e9rie de artigos sobre o tema no portal \"Opini\u00e3o Socialista\". Vem conferir o que esse tema tem a ver com a luta contra o machismo e contra o capitalismo!","original_language":"pt-BR","publication_date":"2025-08-27","duration":0,"url":"https:\/\/www.youtube.com\/watch?v=OZfqWx5ulbw","thumbnail":"thumbnails\/OZfqWx5ulbw.jpg"},{"video_id":"Wuq-y8nzqwQ","channel_id":"UCWBk05FplU93JomQ345w24Q","title":"DEN\u00daNCIA | Nikolas Ferreira ataca professores para proteger big techs","description":"O deputado Nikolas Ferreira, PL-MG, que se diz defensor de crian\u00e7as e adolescentes, se op\u00f5e raivosamente a qualquer pol\u00edtica que vise regulamentar, de verdade, as big techs, justamente para permitir com que essa gente bilion\u00e1ria e asquerosa continue entregando conte\u00fados para ped\u00f3filos, espalhando fake news e que sem serem tributados. \n\nE para esconder sua posi\u00e7\u00e3o de subservi\u00eancia a esses grupos , principalmente dos EUA, Nikolas destila todos os seus venenos reacion\u00e1rios e mentirosos contra uma categoria de profissionais s\u00e9rios que se sacrificam todos os dias para levar educa\u00e7\u00e3o para os filhos da classe trabalhadora, na maioria das vezes trabalhando em escolas sem as m\u00ednimas condi\u00e7\u00f5es pedag\u00f3gicas e estruturais, isso sem falar na falta de valoriza\u00e7\u00e3o profissional. \n\nRespeite nossa categoria, seu moleque!\n_______________________________\n\nSIGA-ME NAS REDES SOCIAIS\n\nInstagram: https:\/\/www.instagram.com\/hertzdias\/\nFacebook: https:\/\/www.facebook.com\/HertzCDias\n_______________________________\n\nNo CANAL DO HERTZ  \u2014 RA\u00c7A, CLASSE & REVOLU\u00c7\u00c3O, vamos debater temas ligados a quest\u00e3o racial, combinado ao de classe, numa perspectiva marxista.","original_language":"pt-BR","publication_date":"2025-08-23","duration":0,"url":"https:\/\/www.youtube.com\/watch?v=Wuq-y8nzqwQ","thumbnail":"thumbnails\/Wuq-y8nzqwQ.jpg"},{"video_id":"dNjfsVzDj7M","channel_id":"UCWBk05FplU93JomQ345w24Q","title":"ANGOLA| O MPLA nunca foi socialista!","description":"Segue o primeiro corte do v\u00eddeo \"Pol\u00eamica com Ian Neves sobre Angola\" que postamos em nosso canal no YouTube. \n\nNesta passagem, fizemos um breve debate sobre a situa\u00e7\u00e3o de Angola p\u00f3s-independ\u00eancia de 1975. O centro \u00e9: o MPLA implementou ou n\u00e3o medidas que caminhassem em dire\u00e7\u00e3o dire\u00e7\u00e3o ao socialismo, tal como sugere Ian Neves? Se sim, quais foram, se n\u00e3o por quais motivos? \n\nQueria deixar bem preto aqui que n\u00e3o se trata s\u00f3 de fazer pol\u00eamica com o camarada Ian Neves, mas sim com toda uma concep\u00e7\u00e3o de marxismo e de socialismo que permeia quase toda a esquerda mundial, especialmente quando se trata dos processos de independ\u00eancias no continente africano, a exemplo de Gana, Mo\u00e7ambique, Burkina Farso, etc. Blz? \n\nO v\u00eddeo na integra t\u00e1 em nosso canal no You Tube.\n\nAbra\u00e7os!\n_______________________________\n\nSIGA-ME NAS REDES SOCIAIS\n\nInstagram: https:\/\/www.instagram.com\/hertzdias\/\nFacebook: https:\/\/www.facebook.com\/HertzCDias\n_______________________________\n\nNo CANAL DO HERTZ  \u2014 RA\u00c7A, CLASSE & REVOLU\u00c7\u00c3O, vamos debater temas ligados a quest\u00e3o racial, combinado ao de classe, numa perspectiva marxista.","original_language":"pt-BR","publication_date":"2025-08-23","duration":0,"url":"https:\/\/www.youtube.com\/watch?v=dNjfsVzDj7M","thumbnail":"thumbnails\/dNjfsVzDj7M.jpg"},{"video_id":"-BoGmJibPzc","channel_id":"UCWBk05FplU93JomQ345w24Q","title":"Trotsky e a quest\u00e3o racial","description":"Neste v\u00eddeo, numa perspectiva marxista, analisamos como deu a aboli\u00e7\u00e3o da escravid\u00e3o em nosso pa\u00eds. Uma an\u00e1lise bem diferente da Hist\u00f3ria Oficial, criada e repetidamente contada h\u00e1 s\u00e9culos pela classe dominante. Aqui, vamos mostrar a hist\u00f3ria contada a partir do ponto de vista da Senzala, dos quilombos e das ruas em contraposi\u00e7\u00e3o \u00e0 Casa Grande e ao parlamento escravocrata.\n_______________________________\n\nSIGA-ME NAS REDES SOCIAIS\n\nInstagram: https:\/\/www.instagram.com\/hertzdias\/\nFacebook: https:\/\/www.facebook.com\/HertzCDias\n_______________________________\n\nNo CANAL DO HERTZ  \u2014 RA\u00c7A, CLASSE & REVOLU\u00c7\u00c3O, vamos debater temas ligados a quest\u00e3o racial, combinado ao de classe, numa perspectiva marxista.","original_language":"pt-BR","publication_date":"2025-08-21","duration":0,"url":"https:\/\/www.youtube.com\/watch?v=-BoGmJibPzc","thumbnail":"thumbnails\/-BoGmJibPzc.jpg"},{"video_id":"pHtOS4F2Fog","channel_id":"UCRLEkZpNRoZQBG8kUTBD8vQ","title":"Debate com Breno Altman: sexta no Tr\u00eas Irm\u00e3os #Shorts","description":"_____________________________________________________________________________\nV\u00eddeo sugerido: \n\n_____________________________________________________________________________\nSEJA MEMBRO e apoie o canal. Bot\u00e3o ADERIR acima ou: \nhttps:\/\/www.youtube.com\/channel\/UCRLEkZpNRoZQBG8kUTBD8vQ\/join\n\nV\u00eddeo sobre ser membro do canal:\nhttps:\/\/www.youtube.com\/watch?v=drvou-obBVU\n_____________________________________________________________________________\nSiga as p\u00e1ginas do canal Orienta\u00e7\u00e3o Marxista nas Redes Sociais\n\nFACEBOOK:    https:\/\/www.facebook.com\/Orienta\u00e7\u00e3o-Marxista-111673690190915\nTWITTER:       https:\/\/twitter.com\/orient_marxista\nINSTAGRAM: https:\/\/www.instagram.com\/orient.marxista\n_____________________________________________________________________________\nLeia o blog Teoria e Revolu\u00e7\u00e3o:\nhttps:\/\/teoriaerevolucao.pstu.org.br\n_____________________________________________________________________________\nO livro do autor desse canal (Marx e a Hist\u00f3ria: das particularidades nacionais \u00e0 universalidade da revolu\u00e7\u00e3o socialista )  pode ser adquirido nos seguintes endere\u00e7os:\nhttps:\/\/editorasundermann.com.br\/livro\/96-marx-e-a-hist%C3%B3ria\nhttps:\/\/www.estantevirtual.com.br\/busca?utf8=%E2%9C%93&q=gustavo+machado+marx\n\n#Trotsky #St\u00e1lin #Shorts","original_language":"pt-BR","publication_date":"2025-08-21","duration":0,"url":"https:\/\/www.youtube.com\/watch?v=pHtOS4F2Fog","thumbnail":"thumbnails\/pHtOS4F2Fog.jpg"},{"video_id":"NDq2O9sYFOQ","channel_id":"UCWBk05FplU93JomQ345w24Q","title":"POL\u00caMICA COM IAN NEVES SOBRE ANGOLA","description":"O v\u00eddeo de hoje \u00e9 uma rea\u00e7\u00e3o ao v\u00eddeo \"Entenda o que se passa em Angola\" do camarada Ian Neves da Soberana.\n\n Em nossa opini\u00e3o, o v\u00eddeo do camarada est\u00e1 repleto de desinforma\u00e7\u00f5es e distor\u00e7\u00f5es sobre luta leg\u00edtima e heroica da classe trabalhadora e da juventude Angola. Ian chega a fazer uma caracteriza\u00e7\u00e3o de que essas mobiliza\u00e7\u00f5es est\u00e3o sendo capitaneada pela direita ou ultradireita e que o resultado pode ser a derrubada de um governo de Esquerda e a ascens\u00e3o de um governo de Direita, representado pelo UNITA, por isso mesmo concluiu que o  \"Angola \u00e9 flashback do Brasil pr\u00e9 Temer.\"\n\nTamb\u00e9m polemizamos sobre o tipo de \"revolu\u00e7\u00e3o\" que foi feita em Angola em 1975, se foi socialista ou democr\u00e1tica, que tipo de partido era o MPLA, se marxista - leninista ou nacionalista burgu\u00eas, e que tipo de governo \u00e9 o do presidente Jo\u00e3o Louren\u00e7o ( MPLA) hoje, se social-democr\u00e1ta ou neoliberal apoiado numa ditadura burguesa sanguin\u00e1ria! \n\nEm fim, assistam a\u00ed e opinem!\n_______________________________\n\nSIGA-ME NAS REDES SOCIAIS\n\nInstagram: https:\/\/www.instagram.com\/hertzdias\/\nFacebook: https:\/\/www.facebook.com\/HertzCDias\n_______________________________\n\nNo CANAL DO HERTZ  \u2014 RA\u00c7A, CLASSE & REVOLU\u00c7\u00c3O, vamos debater temas ligados a quest\u00e3o racial, combinado ao de classe, numa perspectiva marxista.","original_language":"pt-BR","publication_date":"2025-08-20","duration":0,"url":"https:\/\/www.youtube.com\/watch?v=NDq2O9sYFOQ","thumbnail":"thumbnails\/NDq2O9sYFOQ.jpg"},{"video_id":"VoVVWJSWG18","channel_id":"UCRLEkZpNRoZQBG8kUTBD8vQ","title":"NAHUEL MORENO | Recomendado Livros EP #235","description":"Assistam document\u00e1rio sobre a trajet\u00f3ria de Nahuel Moreno: https:\/\/www.youtube.com\/watch?v=5EELPonaoW0\n\nPrincipais refer\u00eancias recomendadas:\nMORENO, Nahuel. Conversando com Moreno. S\u00e3o Paulo: Jos\u00e9 Luis e Rosa Sundermann, 2005. Entrevista realizada por Daniel Acosta, Marco Trogo e Raul Tuny.\nMORENO, Nahuel. Os governos de frente popular na hist\u00f3ria. S\u00e3o Paulo: Jos\u00e9 Luis e Rosa Sundermann, 2003.\nMORENO, Nahuel. A ditadura revolucion\u00e1ria do proletariado. S\u00e3o Paulo: Jos\u00e9 Luis e Rosa Sundermann, 2007.\nMORENO, Nahuel. O partido e a Revolu\u00e7\u00e3o. S\u00e3o Paulo: Jos\u00e9 Luis e Rosa Sundermann, 2009.\nMORENO, N. Escuela de cuadros Argentina 1984 . Buenos Aires: Crux, 1992.\n\n_____________________________________________________________________________\nSEJA MEMBRO e apoie o canal. Bot\u00e3o ADERIR acima ou: \nhttps:\/\/www.youtube.com\/channel\/UCRLEkZpNRoZQBG8kUTBD8vQ\/join\n\nV\u00eddeo sobre ser membro do canal:\nhttps:\/\/www.youtube.com\/watch?v=drvou-obBVU\n_____________________________________________________________________________\nSiga as p\u00e1ginas do canal Orienta\u00e7\u00e3o Marxista nas Redes Sociais\n\nFACEBOOK:    https:\/\/www.facebook.com\/Orienta\u00e7\u00e3o-Marxista-111673690190915\nTWITTER:       https:\/\/twitter.com\/orient_marxista\nINSTAGRAM: https:\/\/www.instagram.com\/orient.marxista\n_____________________________________________________________________________\nLeia o blog Teoria e Revolu\u00e7\u00e3o:\nhttps:\/\/teoriaerevolucao.pstu.org.br\n_____________________________________________________________________________\nO livro do autor desse canal (Marx e a Hist\u00f3ria: das particularidades nacionais \u00e0 universalidade da revolu\u00e7\u00e3o socialista )  pode ser adquirido nos seguintes endere\u00e7os:\nhttps:\/\/editorasundermann.com.br\/livro\/96-marx-e-a-hist%C3%B3ria\nhttps:\/\/www.estantevirtual.com.br\/busca?utf8=%E2%9C%93&q=gustavo+machado+marx\n\n#NahuelMoreno #Trotskismo #Revolu\u00e7\u00e3o","original_language":"pt-BR","publication_date":"2025-08-16","duration":0,"url":"https:\/\/www.youtube.com\/watch?v=VoVVWJSWG18","thumbnail":"thumbnails\/VoVVWJSWG18.jpg"},{"video_id":"G8rJ6vLJFr8","channel_id":"UCWBk05FplU93JomQ345w24Q","title":"POL\u00cdTICA | O ESGOTAMENTO DA FRENTE AMPLA DO MARANH\u00c3O","description":"T\u00e1 demais. O n\u00edvel do debate sobre quem vai encabe\u00e7ar a Frente Amplissima no Maranh\u00e3o para as elei\u00e7\u00f5es 2026 chegou ao n\u00edvel do ch\u00e3o e abriu a tampa da latrina pol\u00edtica dos grupos que controlam a m\u00e1quina estatal do estado. E o esgotamento total de um projeto burgu\u00eas, decadente e familocr\u00e1ta! \n\nNa minha opini\u00e3o os trabalhadores e a vanguarda que se sacrifica cotidianamente na luta para mudar a situa\u00e7\u00e3o dram\u00e1tica em que a maioria do isso povo vive n\u00e3o pode se pautar por esse debate nojento e despolitizado. \u00c9 preciso mais do que nunca debater um projeto socialista e revolucion\u00e1rio para o Maranh\u00e3o que tenha como centro os interesses dos trabalhadores do campo e da cidade e dos seus setores oprimidos. N\u00e3o \u00e9 isso?\n\nInscreva-se a\u00ed no canal\n_______________________________\n\nSIGA-ME NAS REDES SOCIAIS\n\nInstagram: https:\/\/www.instagram.com\/hertzdias\/\nFacebook: https:\/\/www.facebook.com\/HertzCDias\n_______________________________\n\nNo CANAL DO HERTZ  \u2014 RA\u00c7A, CLASSE & REVOLU\u00c7\u00c3O, vamos debater temas ligados a quest\u00e3o racial, combinado ao de classe, numa perspectiva marxista.","original_language":"pt-BR","publication_date":"2025-08-12","duration":0,"url":"https:\/\/www.youtube.com\/watch?v=G8rJ6vLJFr8","thumbnail":"thumbnails\/G8rJ6vLJFr8.jpg"},{"video_id":"d5mm8cAGAaw","channel_id":"UCWBk05FplU93JomQ345w24Q","title":"2 PAC E OS PANTERAS NEGRAS | Brasil? #2pac #blackpanther #diadohiphop #hist\u00f3ria","description":"Hoje \u00e9 o dia do estudante, mas tamb\u00e9m 52\u00b0 anivers\u00e1rio do Hip Hop que nascia exatamente no dia 11 de Agosto de 1973 no Bronx, Estados Unidos. 23 anos depois 2 PAC seria assassinado em Las Vegas.\n\n Sou da opini\u00e3o de que os impactos desse assassinato para o Hip Hop em geral \u00e9 muito mais do que costumamos imaginar.\n\nVIVA O HIP HOP! \n_______________________________\n\nSIGA-ME NAS REDES SOCIAIS\n\nInstagram: https:\/\/www.instagram.com\/hertzdias\/\nFacebook: https:\/\/www.facebook.com\/HertzCDias\n_______________________________\n\nNo CANAL DO HERTZ  \u2014 RA\u00c7A, CLASSE & REVOLU\u00c7\u00c3O, vamos debater temas ligados a quest\u00e3o racial, combinado ao de classe, numa perspectiva marxista.","original_language":"pt-BR","publication_date":"2025-08-11","duration":0,"url":"https:\/\/www.youtube.com\/watch?v=d5mm8cAGAaw","thumbnail":"thumbnails\/d5mm8cAGAaw.jpg"},{"video_id":"A6Q92PN-_Rg","channel_id":"UCRLEkZpNRoZQBG8kUTBD8vQ","title":"No title","description":"No description","original_language":"unknown","publication_date":"2025-08-10","duration":0,"url":"https:\/\/www.youtube.com\/watch?v=A6Q92PN-_Rg","thumbnail":"thumbnails\/default.jpg"},{"video_id":"7ZOXpDjgbDM","channel_id":"UCWBk05FplU93JomQ345w24Q","title":"ANGOLA | ATO EM S\u00c3O LU\u00cdS DO MARANH\u00c3O","description":"Parte da minha interven\u00e7\u00e3o no ato em solidariedade ao povo angolano que foi realizado ontem, 08 de agosto, no Quilombo Liberdade, no cora\u00e7\u00e3o de S\u00e3o Lu\u00eds do Maranh\u00e3o.\n_______________________________\n\nSIGA-ME NAS REDES SOCIAIS\n\nInstagram: https:\/\/www.instagram.com\/hertzdias\/\nFacebook: https:\/\/www.facebook.com\/HertzCDias\n_______________________________\n\nNo CANAL DO HERTZ  \u2014 RA\u00c7A, CLASSE & REVOLU\u00c7\u00c3O, vamos debater temas ligados a quest\u00e3o racial, combinado ao de classe, numa perspectiva marxista.","original_language":"pt-BR","publication_date":"2025-08-09","duration":0,"url":"https:\/\/www.youtube.com\/watch?v=7ZOXpDjgbDM","thumbnail":"thumbnails\/7ZOXpDjgbDM.jpg"},{"video_id":"Se19pScYV1k","channel_id":"UCWBk05FplU93JomQ345w24Q","title":"No title","description":"No description","original_language":"unknown","publication_date":"2025-08-08","duration":0,"url":"https:\/\/www.youtube.com\/watch?v=Se19pScYV1k","thumbnail":"thumbnails\/default.jpg"},{"video_id":"IfndCSAXsjc","channel_id":"UCWBk05FplU93JomQ345w24Q","title":"DIA DO RAP NACIONAL","description":"A burguesia brasileira tinha medo do rap\"\n\nHoje, dia 06 de Agosto, \u00e9 dia do Rap Nacional, e pra quem conhece meu corre sabe o quanto que minha trajet\u00f3ria de vida respira Hop Hop. \n\nDa\u00ed que segue esse corte da parte final do v\u00eddeo \"5 Notas sobre o document\u00e1rio como nasce um Bad Boy\" aqui do nosso canal, que dialoga um pouco com o significado deste dia! \n\nP\u00f4, te inscreve a\u00ed!\n\nParab\u00e9ns pra N\u00f3iz!\n#diadorapnacional\n#rapnacional \n_______________________________\n\nSIGA-ME NAS REDES SOCIAIS\n\nInstagram: https:\/\/www.instagram.com\/hertzdias\/\nFacebook: https:\/\/www.facebook.com\/HertzCDias\n_______________________________\n\nNo CANAL DO HERTZ  \u2014 RA\u00c7A, CLASSE & REVOLU\u00c7\u00c3O, vamos debater temas ligados a quest\u00e3o racial, combinado ao de classe, numa perspectiva marxista.","original_language":"pt-BR","publication_date":"2025-08-06","duration":0,"url":"https:\/\/www.youtube.com\/watch?v=IfndCSAXsjc","thumbnail":"thumbnails\/IfndCSAXsjc.jpg"},{"video_id":"X3QsLiXrecU","channel_id":"UCWBk05FplU93JomQ345w24Q","title":"Expropriar os bilion\u00e1rios para preservar a humanidade","description":"Corte do v\u00eddeo \" O tarifa\u00e7o de Trump e a Podrid\u00e3o do Capitalismo\"  que postamos em nosso canal assim que Trump anunciou o Tarifa\u00e7o meses atr\u00e1s, mas acho que ele t\u00e1 bem atual. Segue ai o link do v\u00eddeo completo na integra:  https:\/\/studio.youtube.com\/video\/SaaofhfhJyo\/edit \n\nEi, e se vc ainda n\u00e3o se inscreveu, inscreva-se ai, blz? TMJ\n_______________________________\n\nSIGA-ME NAS REDES SOCIAIS\n\nInstagram: https:\/\/www.instagram.com\/hertzdias\/\nFacebook: https:\/\/www.facebook.com\/HertzCDias\n_______________________________\n\nNo CANAL DO HERTZ  \u2014 RA\u00c7A, CLASSE & REVOLU\u00c7\u00c3O, vamos debater temas ligados a quest\u00e3o racial, combinado ao de classe, numa perspectiva marxista.","original_language":"pt-BR","publication_date":"2025-07-31","duration":0,"url":"https:\/\/www.youtube.com\/watch?v=X3QsLiXrecU","thumbnail":"thumbnails\/X3QsLiXrecU.jpg"},{"video_id":"_SdAvOIXR0w","channel_id":"UCWBk05FplU93JomQ345w24Q","title":"Incapacidade nossa ou covardia deles? Um bom debate para pensarmos o Brasil de hoje!","description":"Neste v\u00eddeo, numa perspectiva marxista, analisamos como deu a aboli\u00e7\u00e3o da escravid\u00e3o em nosso pa\u00eds. Uma an\u00e1lise bem diferente da Hist\u00f3ria Oficial, criada e repetidamente contada h\u00e1 s\u00e9culos pela classe dominante. Aqui, vamos mostrar a hist\u00f3ria contada a partir do ponto de vista da Senzala, dos quilombos e das ruas em contraposi\u00e7\u00e3o \u00e0 Casa Grande e ao parlamento escravocrata.\n_______________________________\n\nSIGA-ME NAS REDES SOCIAIS\n\nInstagram: https:\/\/www.instagram.com\/hertzdias\/\nFacebook: https:\/\/www.facebook.com\/HertzCDias\n_______________________________\n\nNo CANAL DO HERTZ  \u2014 RA\u00c7A, CLASSE & REVOLU\u00c7\u00c3O, vamos debater temas ligados a quest\u00e3o racial, combinado ao de classe, numa perspectiva marxista.","original_language":"pt-BR","publication_date":"2025-07-30","duration":0,"url":"https:\/\/www.youtube.com\/watch?v=_SdAvOIXR0w","thumbnail":"thumbnails\/_SdAvOIXR0w.jpg"},{"video_id":"q0z6W4xGJmE","channel_id":"UCrZTf38EMgrRaNCchAooipw","title":"Eles ODEIAM as MULHERES e o MOTIVO vai te CHOCAR | O que \u00e9 o movimento RED PILL e INCEL?","description":"Voc\u00ea j\u00e1 deve ter ouvido falar de grupos chamados Red Pill, Incel ou outros nomes estranhos. Deve ter visto, nas redes sociais, homens falando mal das mulheres,  chamando de interesseiras, depravadas e que eles est\u00e3o solteiros por culpa delas. Essas t\u00eam sido manifesta\u00e7\u00f5es recorrentes de grupos que defendem masculinidade atrelada a um projeto pol\u00edtico de ultra-direita. Nesse v\u00eddeo falamos sobre a origem desses grupos, as simbologias que usam e porque se tornam cada vez mais perigosos, n\u00e3o s\u00f3 para as mulheres, como para toda a classe trabalhadora","original_language":"unknown","publication_date":"2025-07-30","duration":0,"url":"https:\/\/www.youtube.com\/watch?v=q0z6W4xGJmE","thumbnail":"thumbnails\/q0z6W4xGJmE.jpg"},{"video_id":"ttXmmEW1r-I","channel_id":"UCWBk05FplU93JomQ345w24Q","title":"Embate com o Pastor e Deputado Federal pelo PL do Maranh\u00e3o, Silvio Ant\u00f4nio.","description":"___Corte do embate que tivemos com o pastor e deputado Federal pelo PL do Maranh\u00e3o, Silvio Ant\u00f4nio. O embate aconteceu no Podcast \"Cartas na Mesa\" do grupo Mirante. O corte trata de opress\u00e3o, patriotismo e crise do capitalismo. \nO embate aconteceu em 2023, mas acho que ele ficou bem atual depois da articula\u00e7\u00e3o do grupo ligado a Bolsonaro junto a Trump para atacar a soberania do Brasil.\n____________________________\n\nSIGA-ME NAS REDES SOCIAIS\n\nInstagram: https:\/\/www.instagram.com\/hertzdias\/\nFacebook: https:\/\/www.facebook.com\/HertzCDias\n_______________________________\n\nNo CANAL DO HERTZ  \u2014 RA\u00c7A, CLASSE & REVOLU\u00c7\u00c3O, vamos debater temas ligados a quest\u00e3o racial, combinado ao de classe, numa perspectiva marxista.","original_language":"pt-BR","publication_date":"2025-07-27","duration":0,"url":"https:\/\/www.youtube.com\/watch?v=ttXmmEW1r-I","thumbnail":"thumbnails\/ttXmmEW1r-I.jpg"},{"video_id":"pCBV9oDNNZs","channel_id":"UC4QQ1pY2lD3DhthIJ1LFEBw","title":"Por que o PL da devasta\u00e7\u00e3o vai acabar com o Brasil? - EP #13","description":"A C\u00e2mara dos Deputados aprovou o Projeto de Lei 2.159\/2021, que acaba com as regras para o licenciamento ambiental no pa\u00eds. Conhecido como \u201cPL da Devasta\u00e7\u00e3o\u201d, a proposta recebida cr\u00edticas veementes de especialistas e ambientalistas. Nesse epis\u00f3dio vamos analisar quais s\u00e3o os principais impactos desse projeto e tamb\u00e9m discutimos qual \u00e9 o caminho para derrot\u00e1-lo.","original_language":"pt-BR","publication_date":"2025-07-26","duration":0,"url":"https:\/\/www.youtube.com\/watch?v=pCBV9oDNNZs","thumbnail":"thumbnails\/pCBV9oDNNZs.jpg"},{"video_id":"lnga-pl5ZXw","channel_id":"UCWBk05FplU93JomQ345w24Q","title":"G\u00eanero, ra\u00e7a e classe em Palmares","description":"Neste v\u00eddeo, numa perspectiva marxista, analisamos como deu a aboli\u00e7\u00e3o da escravid\u00e3o em nosso pa\u00eds. Uma an\u00e1lise bem diferente da Hist\u00f3ria Oficial, criada e repetidamente contada h\u00e1 s\u00e9culos pela classe dominante. Aqui, vamos mostrar a hist\u00f3ria contada a partir do ponto de vista da Senzala, dos quilombos e das ruas em contraposi\u00e7\u00e3o \u00e0 Casa Grande e ao parlamento escravocrata.\n_______________________________\n\nSIGA-ME NAS REDES SOCIAIS\n\nInstagram: https:\/\/www.instagram.com\/hertzdias\/\nFacebook: https:\/\/www.facebook.com\/HertzCDias\n_______________________________\n\nNo CANAL DO HERTZ  \u2014 RA\u00c7A, CLASSE & REVOLU\u00c7\u00c3O, vamos debater temas ligados a quest\u00e3o racial, combinado ao de classe, numa perspectiva marxista.","original_language":"pt-BR","publication_date":"2025-07-25","duration":0,"url":"https:\/\/www.youtube.com\/watch?v=lnga-pl5ZXw","thumbnail":"thumbnails\/lnga-pl5ZXw.jpg"},{"video_id":"Do4N43ou7Hs","channel_id":"UCWBk05FplU93JomQ345w24Q","title":"Qual \u00e9 a melhor analogia para os negros do MBL?","description":"Estamos diante de uma crescente e perigosa organiza\u00e7\u00e3o de negros por dentro da direita e da ultradireita brasileira que visam, n\u00e3o s\u00f3 combater as pautas e os movimentos de luta contra a opress\u00e3o racial, mas legitimar os ataques que a comunidade afro-brasileira e favelada enfrenta.\n\n Contudo, se negros deste tipo n\u00e3o \u00e9 uma novidade pol\u00edtica, qual \u00e9 a melhor analogia hist\u00f3rica para caracterizar o papel que cumprem no atual contexto: Capit\u00e3o do Mato ou Pai Tom\u00e1s? Assista a este pol\u00eamico v\u00eddeo no qual tentamos responder a esta intrigante pergunta.\nE se ainda n\u00e3o se inscreveu, inscreva-se em nosso canal e espalhe o v\u00eddeo pra geral!\n_______________________________\n\nSIGA-ME NAS REDES SOCIAIS\n\nInstagram: https:\/\/www.instagram.com\/hertzdias\/\nFacebook: https:\/\/www.facebook.com\/HertzCDias\n_______________________________\n\nNo CANAL DO HERTZ  \u2014 RA\u00c7A, CLASSE & REVOLU\u00c7\u00c3O, vamos debater temas ligados a quest\u00e3o racial, combinado ao de classe, numa perspectiva marxista.","original_language":"pt-BR","publication_date":"2025-07-17","duration":0,"url":"https:\/\/www.youtube.com\/watch?v=Do4N43ou7Hs","thumbnail":"thumbnails\/Do4N43ou7Hs.jpg"},{"video_id":"m0TY6qefVRM","channel_id":"UCWBk05FplU93JomQ345w24Q","title":"Capit\u00e3o do Mato ou Pai Tom\u00e1s? Qual \u00e9 a melhor analogia para os negros do MBL?","description":"Estamos diante de uma crescente e perigosa organiza\u00e7\u00e3o de negros por dentro da direita e da ultradireita brasileira que visam, n\u00e3o s\u00f3 combater as pautas e os movimentos de luta contra a opress\u00e3o racial, mas legitimar os ataques que a comunidade afro-brasileira e favelada enfrenta.\n\n Contudo, se negros deste tipo n\u00e3o \u00e9 uma novidade pol\u00edtica, qual \u00e9 a melhor analogia hist\u00f3rica para caracterizar o papel que cumprem no atual contexto: Capit\u00e3o do Mato ou Pai Tom\u00e1s? Assista a este pol\u00eamico v\u00eddeo no qual tentamos responder a esta intrigante pergunta.\nE se ainda n\u00e3o se inscreveu, inscreva-se em nosso canal e espalhe o v\u00eddeo pra geral!\n\n#mbl #gutozacarias #hist\u00f3ria #malcomx \n_______________________________\n\nSIGA-ME NAS REDES SOCIAIS\n\nInstagram: https:\/\/www.instagram.com\/hertzdias\/\nFacebook: https:\/\/www.facebook.com\/HertzCDias\n_______________________________\n\nNo CANAL DO HERTZ  \u2014 RA\u00c7A, CLASSE & REVOLU\u00c7\u00c3O, vamos debater temas ligados a quest\u00e3o racial, combinado ao de classe, numa perspectiva marxista.","original_language":"pt-BR","publication_date":"2025-07-17","duration":0,"url":"https:\/\/www.youtube.com\/watch?v=m0TY6qefVRM","thumbnail":"thumbnails\/m0TY6qefVRM.jpg"},{"video_id":"KiNwsmlNBKI","channel_id":"UCqISa9Yx1nHe-YEWTk40EbQ","title":"Marea Roja por Palestina","description":"El domingo 13 de julio pasado, en el centro de Buenos Aires, se realiz\u00f3 la Marea Roja por Palestina, una movilizaci\u00f3n de apoyo y solidaridad con el pueblo palestino y su lucha por recuperar su territorio hist\u00f3rico (\u201cdel r\u00edo al mar\u201d) usurpado por el estado sionista israel\u00ed con m\u00e9todos genocidas. La movilizaci\u00f3n fue numerosa y termin\u00f3 con un \u201cpa\u00f1uelazo\u201d en Plaza de Mayo, que se llen\u00f3 de pa\u00f1uelos rojos, de los tradicionales kefiy\u00e9 palestinos y de banderas palestinas. El PSTU impuls\u00f3 y particip\u00f3 activamente de esta movilizaci\u00f3n.\n(Agradecemos a ANRed por el video del pa\u00f1uelazo)","original_language":"es","publication_date":"2025-07-15","duration":0,"url":"https:\/\/www.youtube.com\/watch?v=KiNwsmlNBKI","thumbnail":"thumbnails\/KiNwsmlNBKI.jpg"},{"video_id":"vzQtqZjOkYs","channel_id":"UCWBk05FplU93JomQ345w24Q","title":"O Perigo de Banaliza\u00e7\u00e3o do genoc1d1o negro","description":"Neste v\u00eddeo tentamos mostrar que existe toda uma articula\u00e7\u00e3o jur\u00eddico- pol\u00edtico que visa legitimar e justificar o genoc1d1o negro brasileiro e colocar os familiares dos mortos, as organiza\u00e7\u00f5es do Movimento Negro e os defensores dos direitos humanos na defensiva.\nP.S.: somente depois do v\u00eddeo gravado \u00e9 que tivemos acesso \u00e0s imagens que mostram um pol\u00edcia executando um jovem em Parais\u00f3polis -SP e o argumento que ele utiliza antes da execu\u00e7\u00e3o foi justamente perguntar se o jovem tinha \"passagem\". As imagens refor\u00e7ar nosso argumento que utilizamos no v\u00eddeo.\nOpine, ajude a divulgar o v\u00eddeo e inscreva-se em nosso canal!\n_______________________________\n\nSIGA-ME NAS REDES SOCIAIS\n\nInstagram: https:\/\/www.instagram.com\/hertzdias\/\nFacebook: https:\/\/www.facebook.com\/HertzCDias\n_______________________________\n\nNo CANAL DO HERTZ  \u2014 RA\u00c7A, CLASSE & REVOLU\u00c7\u00c3O, vamos debater temas ligados a quest\u00e3o racial, combinado ao de classe, numa perspectiva marxista.","original_language":"pt-BR","publication_date":"2025-07-15","duration":0,"url":"https:\/\/www.youtube.com\/watch?v=vzQtqZjOkYs","thumbnail":"thumbnails\/vzQtqZjOkYs.jpg"},{"video_id":"mJNXX2el5kA","channel_id":"UCWBk05FplU93JomQ345w24Q","title":"Nikolas \u00e9 o Dom Quixote da Ultradireita Brasileira","description":"Neste v\u00eddeo, numa perspectiva marxista, analisamos como deu a aboli\u00e7\u00e3o da escravid\u00e3o em nosso pa\u00eds. Uma an\u00e1lise bem diferente da Hist\u00f3ria Oficial, criada e repetidamente contada h\u00e1 s\u00e9culos pela classe dominante. Aqui, vamos mostrar a hist\u00f3ria contada a partir do ponto de vista da Senzala, dos quilombos e das ruas em contraposi\u00e7\u00e3o \u00e0 Casa Grande e ao parlamento escravocrata.\n_______________________________\n\nSIGA-ME NAS REDES SOCIAIS\n\nInstagram: https:\/\/www.instagram.com\/hertzdias\/\nFacebook: https:\/\/www.facebook.com\/HertzCDias\n_______________________________\n\nNo CANAL DO HERTZ  \u2014 RA\u00c7A, CLASSE & REVOLU\u00c7\u00c3O, vamos debater temas ligados a quest\u00e3o racial, combinado ao de classe, numa perspectiva marxista.","original_language":"pt-BR","publication_date":"2025-07-10","duration":0,"url":"https:\/\/www.youtube.com\/watch?v=mJNXX2el5kA","thumbnail":"thumbnails\/mJNXX2el5kA.jpg"},{"video_id":"pSlS1pcroXY","channel_id":"UCWBk05FplU93JomQ345w24Q","title":"Repara\u00e7\u00e3o, Arcabou\u00e7o Fiscal e Plebiscito Popular","description":"Neste v\u00eddeo buscamos responder a uma pergunta b\u00e1sica junto ao ativismo antirracista: \u00e9 poss\u00edvel ter Repara\u00e7\u00e3o Hist\u00f3rica no Brasil com Arcabou\u00e7o Fiscal? \nAssista, opine e ajude a divulgar.\n_______________________________\n\nSIGA-ME NAS REDES SOCIAIS\n\nInstagram: https:\/\/www.instagram.com\/hertzdias\/\nFacebook: https:\/\/www.facebook.com\/HertzCDias\n_______________________________\n\nNo CANAL DO HERTZ  \u2014 RA\u00c7A, CLASSE & REVOLU\u00c7\u00c3O, vamos debater temas ligados a quest\u00e3o racial, combinado ao de classe, numa perspectiva marxista.","original_language":"pt-BR","publication_date":"2025-07-10","duration":0,"url":"https:\/\/www.youtube.com\/watch?v=pSlS1pcroXY","thumbnail":"thumbnails\/pSlS1pcroXY.jpg"},{"video_id":"BHrvq_V_DSc","channel_id":"UCqISa9Yx1nHe-YEWTk40EbQ","title":"Viva la lucha de los\/as trabajadores\/as portuarios\/as y los marineros","description":"Se est\u00e1 desarrollando una gran lucha de los trabajadores de los puertos y de los buques. En primer, lugar enfrentan el ataque de las empresas (en su mayor\u00eda espa\u00f1olas) que pretenden rebajar 30% los salarios y d empeorar a\u00fan m\u00e1s las condiciones laborales. Lo hacen con apoyo del gobierno de Javier Milei (que respalda a las empresas desde la Secretar\u00eda de Trabajo) y la complicidad de la CGT y la CTA que no hecho nada para respaldarlos.  Han recibido el apoyo de la central sindical CSP-Conlutas de Brasil\nEn segundo lugar, rechazan el DNU 340\/25, emitido por el gobierno nacional que pretende entregar a los pa\u00edses y empresas imperialistas la soberan\u00eda de puertos y r\u00edos.\nEn tercer lugar, luchan contra el Protocolo Antipiquetes que determina duras medidas represivas de \u201cseguridad nacional\u201d ante las luchas de los trabajadores.\nEs decir, los portuarios y marineros luchan por la defensa de su salario y las condiciones laborales; rechazan la entrega de la soberan\u00eda nacional y enfrentan la represi\u00f3n. Por eso debemos apoyarlos.\nLlamamos a llevar ese apoyo a la olla popular que se instalar\u00e1 el 9 de julio a las 12 horas en Plaza Constituci\u00f3n.","original_language":"es","publication_date":"2025-07-08","duration":0,"url":"https:\/\/www.youtube.com\/watch?v=BHrvq_V_DSc","thumbnail":"thumbnails\/BHrvq_V_DSc.jpg"},{"video_id":"HmA87c1FSXA","channel_id":"UCWBk05FplU93JomQ345w24Q","title":"Gostar de N\u00f3s tanto faz tanto fez | Defender a periferia e a revolu\u00e7\u00e3o sem rodeios","description":"__Neste v\u00eddeo chamamos aten\u00e7\u00e3o para o fato de que uma parte de figuras p\u00fablicas da esquerda parlamentar t\u00e1 se deixando pautar pela hip\u00f3crita moral da burguesia, da ultradireita e da grande m\u00eddia no tema da luta contra a criminaliza\u00e7\u00e3o da periferia e do Funk. Assista, entenda e opine. \n_____________________________\n\nSIGA-ME NAS REDES SOCIAIS\n\nInstagram: https:\/\/www.instagram.com\/hertzdias\/\nFacebook: https:\/\/www.facebook.com\/HertzCDias\n_______________________________\n\nNo CANAL DO HERTZ  \u2014 RA\u00c7A, CLASSE & REVOLU\u00c7\u00c3O, vamos debater temas ligados a quest\u00e3o racial, combinado ao de classe, numa perspectiva marxista.","original_language":"pt-BR","publication_date":"2025-07-05","duration":0,"url":"https:\/\/www.youtube.com\/watch?v=HmA87c1FSXA","thumbnail":"thumbnails\/HmA87c1FSXA.jpg"},{"video_id":"-A68IBcUcT0","channel_id":"UCWBk05FplU93JomQ345w24Q","title":"ESC\u00c2NDALO! Quase 2 milh\u00f5es de Maranhenses deixaram o estado","description":"Escandaloso, simplesmente escandaloso. Dados do IBGE mostram que no per\u00edodo de 2002 a 2022 mais de 1,8 milh\u00f5es de maranhenses foram morar em outros estados. Enquanto isso, o governo de Carlos Brand\u00e3o e Felipe Camar\u00e3o (PSB\/PT) tenta esconder essa realidade desoladora como uma enxurrada de propagandas mentirosas que vendem a imagem de um Maranh\u00e3o paradis\u00edaco,  onde o que mais importa \u00e9 o PIB e o agroneg\u00f3cio.\nNeste v\u00eddeo mostramos que o agroneg\u00f3cio \u00e9 um dos principais respons\u00e1veis por essa situa\u00e7\u00e3o e que o PIB, que exclui de seus crit\u00e9rios o bem estar das pessoas, n\u00e3o passam de cortinas de fuma\u00e7a dessa situa\u00e7\u00e3o. Assista, opine e ajude a divulgar o v\u00eddeo.\n_______________________________\n\nSIGA-ME NAS REDES SOCIAIS\n\nInstagram: https:\/\/www.instagram.com\/hertzdias\/\nFacebook: https:\/\/www.facebook.com\/HertzCDias\n_______________________________\n\nNo CANAL DO HERTZ  \u2014 RA\u00c7A, CLASSE & REVOLU\u00c7\u00c3O, vamos debater temas ligados a quest\u00e3o racial, combinado ao de classe, numa perspectiva marxista.","original_language":"pt-BR","publication_date":"2025-07-04","duration":0,"url":"https:\/\/www.youtube.com\/watch?v=-A68IBcUcT0","thumbnail":"thumbnails\/-A68IBcUcT0.jpg"},{"video_id":"e7tfrbAwwno","channel_id":"UCWBk05FplU93JomQ345w24Q","title":"ESC\u00c2NDALO! Quase 2 milh\u00f5es de Maranhenses deixaram o estado","description":"Escandaloso, simplesmente escandaloso. Dados do IBGE mostram que no per\u00edodo de 2002 a 2022 mais de 1,8 milh\u00f5es de maranhenses foram morar em outros estados. Enquanto isso, o governo de Carlos Brand\u00e3o e Felipe Camar\u00e3o (PSB\/PT) tenta esconder essa realidade desoladora como uma enxurrada de propagandas mentirosas que vendem a imagem de um Maranh\u00e3o paradis\u00edaco,  onde o que mais importa \u00e9 o PIB e o agroneg\u00f3cio.\nNeste v\u00eddeo mostramos que o agroneg\u00f3cio \u00e9 um dos principais respons\u00e1veis por essa situa\u00e7\u00e3o e que o PIB, que exclui de seus crit\u00e9rios o bem estar das pessoas, n\u00e3o passam de cortinas de fuma\u00e7a dessa situa\u00e7\u00e3o. Assista, opine e ajude a divulgar o v\u00eddeo.\n_______________________________\n\nSIGA-ME NAS REDES SOCIAIS\n\nInstagram: https:\/\/www.instagram.com\/hertzdias\/\nFacebook: https:\/\/www.facebook.com\/HertzCDias\n_______________________________\n\nNo CANAL DO HERTZ  \u2014 RA\u00c7A, CLASSE & REVOLU\u00c7\u00c3O, vamos debater temas ligados a quest\u00e3o racial, combinado ao de classe, numa perspectiva marxista.","original_language":"pt-BR","publication_date":"2025-07-04","duration":0,"url":"https:\/\/www.youtube.com\/watch?v=e7tfrbAwwno","thumbnail":"thumbnails\/e7tfrbAwwno.jpg"},{"video_id":"hKy_2b7Rdoc","channel_id":"UCWBk05FplU93JomQ345w24Q","title":"N\u00e3o \u00e9 s\u00f3 genoc\u00eddio. \u00c9 Holocausto! Quase 400 mil desaparecidos em Gaza","description":"Neste v\u00eddeo, numa perspectiva marxista, analisamos como deu a aboli\u00e7\u00e3o da escravid\u00e3o em nosso pa\u00eds. Uma an\u00e1lise bem diferente da Hist\u00f3ria Oficial, criada e repetidamente contada h\u00e1 s\u00e9culos pela classe dominante. Aqui, vamos mostrar a hist\u00f3ria contada a partir do ponto de vista da Senzala, dos quilombos e das ruas em contraposi\u00e7\u00e3o \u00e0 Casa Grande e ao parlamento escravocrata.\n_______________________________\n\nSIGA-ME NAS REDES SOCIAIS\n\nInstagram: https:\/\/www.instagram.com\/hertzdias\/\nFacebook: https:\/\/www.facebook.com\/HertzCDias\n_______________________________\n\nNo CANAL DO HERTZ  \u2014 RA\u00c7A, CLASSE & REVOLU\u00c7\u00c3O, vamos debater temas ligados a quest\u00e3o racial, combinado ao de classe, numa perspectiva marxista.","original_language":"pt-BR","publication_date":"2025-06-28","duration":0,"url":"https:\/\/www.youtube.com\/watch?v=hKy_2b7Rdoc","thumbnail":"thumbnails\/hKy_2b7Rdoc.jpg"},{"video_id":"I_PwJDc6ctA","channel_id":"UC4QQ1pY2lD3DhthIJ1LFEBw","title":"N\u00e3o existe justi\u00e7a clim\u00e1tica sem Palestina livre - EP #12","description":"N\u00e3o existe justi\u00e7a clim\u00e1tica sem Palestina livre - Neste epis\u00f3dio, vamos falar sobre por que a luta pela Palestina livre \u00e9 parte intr\u00ednseca da luta global por soberania dos povos contra o imperialismo f\u00f3ssil e por justi\u00e7a clim\u00e1tica.\n_______________________________\nSIGA-ME NAS REDES SOCIAIS\n\nInstagram:     \/ https:\/\/www.instagram.com\/eco.politicamarxista\/\n_______________________________","original_language":"pt-BR","publication_date":"2025-06-25","duration":0,"url":"https:\/\/www.youtube.com\/watch?v=I_PwJDc6ctA","thumbnail":"thumbnails\/I_PwJDc6ctA.jpg"},{"video_id":"c3k7jol4hkY","channel_id":"UCRLEkZpNRoZQBG8kUTBD8vQ","title":"No title","description":"No description","original_language":"unknown","publication_date":"2025-06-19","duration":0,"url":"https:\/\/www.youtube.com\/watch?v=c3k7jol4hkY","thumbnail":"thumbnails\/default.jpg"},{"video_id":"822XaEjeJaE","channel_id":"UCrZTf38EMgrRaNCchAooipw","title":"LEGEND\u00c1RIOS: A REA\u00c7\u00c3O DA MASCULINIDADE","description":"Diversos movimentos de rea\u00e7\u00e3o \u00e0 luta das mulheres por igualdade de g\u00eanero tem surgido. Com algumas diferen\u00e7as entre si, o que eles tem em comum \u00e9 a tentativa de manter o papel subserviente e dependente das mulheres. No v\u00eddeo de hoje, que abre uma s\u00e9rie de conte\u00fados sobre esse tema, apresentamos o movimento legend\u00e1rios, uma combina\u00e7\u00e3o de conservadorismo e empreendimento das redes","original_language":"unknown","publication_date":"2025-06-18","duration":0,"url":"https:\/\/www.youtube.com\/watch?v=822XaEjeJaE","thumbnail":"thumbnails\/822XaEjeJaE.jpg"},{"video_id":"g1WbJ1gs-M0","channel_id":"UCqISa9Yx1nHe-YEWTk40EbQ","title":"Marcha por Gaza en Buenos Aires","description":"En estos d\u00edas, se desarroll\u00f3 la Marcha Global a Gaza para intentar quebrar el criminal bloqueo de alimentos y medicamentos que, como parte de sus m\u00e9todos genocidas, realiza el Estado de Israel sobre este territorio palestino.  En numerosas ciudades del mundo, se hicieron tambi\u00e9n Marchas por Gaza. En Buenos Aires, se realiz\u00f3 el domingo 15 de junio. La marcha fue convocada por el Comit\u00e9 Argentino de Solidaridad con el Pueblo Palestino, organismos de derechos humanos, el colectivo JudiXs Antisionistas y varias organizaciones de izquierda. Participaron miles de personas que recorrieron el centro de la ciudad y la marcha termin\u00f3 con una actividad cultural en Plaza de Mayo. El PSTU impuls\u00f3 y particip\u00f3 activamente de la marcha.","original_language":"es","publication_date":"2025-06-17","duration":0,"url":"https:\/\/www.youtube.com\/watch?v=g1WbJ1gs-M0","thumbnail":"thumbnails\/g1WbJ1gs-M0.jpg"},{"video_id":"Onghrnydd-0","channel_id":"UCpfZpmQ8hS3RbQ5GsXZw4KQ","title":"F\u00e1bio vai para o Egito em manifesta\u00e7\u00e3o por Gaza","description":"","original_language":"pt","publication_date":"2025-06-12","duration":0,"url":"https:\/\/www.youtube.com\/watch?v=Onghrnydd-0","thumbnail":"thumbnails\/Onghrnydd-0.jpg"},{"video_id":"5SWptno8FM8","channel_id":"UCWBk05FplU93JomQ345w24Q","title":"POL\u00caMICA | O OPRESSOR POR TR\u00c1S DO PERSONAGEM LEO LINS EP #78","description":"Neste v\u00eddeo expomos nossa opini\u00e3o a respeito das pol\u00eamicas em torno do caso da condena\u00e7\u00e3o do \"humorista\" Leon Lins. \nO v\u00eddeo desmonta a ideia de que o palco \u00e9 uma terra sem lei e que o humorista \u00e9 um fora-da-lei, bem como mostramos que por tr\u00e1s das piadas m\u00f3rbidas de L\u00e9o Lins e companhia e a narrativa de que eles s\u00e3o \"politicamente incorretos\" existe um projeto pol\u00edtico de colocar os movimentos de luta contra as opress\u00f5es na defensiva. \n\nAh, e se os canalhas n\u00e3o colocam o link do v\u00eddeo para que os internautas  possam assistir este \"Espet\u00e1culo de Horrores\" chamado \"Perturbador\",  para tirarem suas pr\u00f3prias conclus\u00f5es, segue ai: https:\/\/youtu.be\/FVRhVwOgDCM?si=of_YQ3a0W5m4ihan:\nSegue tamb\u00e9m o link para acessar o \"Livro dos Insultos\"  do Leo Lins: https:\/\/archive.org\/details\/o-livro-dos-insultos-leo-lins\/page\/n2\/mode\/1up\n\nAssista, opine e ajude a divulgar o v\u00eddeo!\n\n\nSIGA-ME NAS REDES SOCIAIS\n\nInstagram: https:\/\/www.instagram.com\/hertzdias\/\nFacebook: https:\/\/www.facebook.com\/HertzCDias\n_______________________________\n\nNo CANAL DO HERTZ  \u2014 RA\u00c7A, CLASSE & REVOLU\u00c7\u00c3O, vamos debater temas ligados a quest\u00e3o racial, combinado ao de classe, numa perspectiva marxista.","original_language":"pt-BR","publication_date":"2025-06-09","duration":0,"url":"https:\/\/www.youtube.com\/watch?v=5SWptno8FM8","thumbnail":"thumbnails\/5SWptno8FM8.jpg"},{"video_id":"Ws-zaAxjxeU","channel_id":"UCWBk05FplU93JomQ345w24Q","title":"MC POZE, COLLOR, ZAMBELI E BOLSONARO: A JUSTI\u00c7A BURGUESA SENTE CHEIRO DE CARNE PRETA","description":"Neste v\u00eddeo fazemos  um debate sobre o verdadeiro conte\u00fado de classe e de ra\u00e7a da pris\u00e3o de MC POZE, que, na real, n\u00e3o tem a ver com o combate ao crime organizado, mas com a criminaliza\u00e7\u00e3o dos pobres, dos negros e dos favelados.\n\nE para efeito de compara\u00e7\u00e3o pegamos o exemplo de Collor de Melo, ladr\u00e3o de poupan\u00e7a, Carla Zambeli, que invadiu os computadores do Conselho Nacional de Justi\u00e7a e que tentou matar um jornalista preto, e Bolsonaro que tem uma carregada de crimes nas costas, para mostrar que o car\u00e1ter pol\u00edtico e o conte\u00fado de classe e de ra\u00e7a do sistema prisional brasileiro. Assista a\u00ed, opine e ajude a divulgar!\n\nOps: Acabamos de saber que Carla Zambeli fugiu do pa\u00eds pelas fronteiras com a Argentina, tudo isso nas barbas dessa justi\u00e7a burguesa. Mas, \u00e9 seguinte: eles podem, n\u00e9?\n_______________________________\n\nSIGA-ME NAS REDES SOCIAIS\n\nInstagram: https:\/\/www.instagram.com\/hertzdias\/\nFacebook: https:\/\/www.facebook.com\/HertzCDias\n_______________________________\n\nNo CANAL DO HERTZ  \u2014 RA\u00c7A, CLASSE & REVOLU\u00c7\u00c3O, vamos debater temas ligados a quest\u00e3o racial, combinado ao de classe, numa perspectiva marxista.","original_language":"pt-BR","publication_date":"2025-06-03","duration":0,"url":"https:\/\/www.youtube.com\/watch?v=Ws-zaAxjxeU","thumbnail":"thumbnails\/Ws-zaAxjxeU.jpg"},{"video_id":"_cH88m_IseM","channel_id":"UCWBk05FplU93JomQ345w24Q","title":"Governos que adoecem e matam professores: o caso da professora Silvaneide","description":"Neste v\u00eddeo prestamos solidariedade aos familiares da professora Silvaneide Andrade, que faleceu na escola em que trabalhava em Curitiba, ap\u00f3s press\u00e3o da dire\u00e7\u00e3o da escola para atingir metas estabelecidas por avalia\u00e7\u00f5es eternas, mas aproveitamos para denunciar que o mesmo processo acontece no estado do Maranh\u00e3o.\n_______________________________\n\nSIGA-ME NAS REDES SOCIAIS\n\nInstagram: https:\/\/www.instagram.com\/hertzdias\/\nFacebook: https:\/\/www.facebook.com\/HertzCDias\n_______________________________\n\nNo CANAL DO HERTZ  \u2014 RA\u00c7A, CLASSE & REVOLU\u00c7\u00c3O, vamos debater temas ligados a quest\u00e3o racial, combinado ao de classe, numa perspectiva marxista.","original_language":"pt-BR","publication_date":"2025-05-31","duration":0,"url":"https:\/\/www.youtube.com\/watch?v=_cH88m_IseM","thumbnail":"thumbnails\/_cH88m_IseM.jpg"},{"video_id":"o_8VWqlZoVM","channel_id":"UCRLEkZpNRoZQBG8kUTBD8vQ","title":"Gastos p\u00fablicos em pesquisa | REACT NICOLELIS EP #232","description":"Vote Orienta\u00e7\u00e3o Marxista ibest Brasil: https:\/\/app.premioibest.com\/votacao\/influenciador-de-politica\/943266060\n\nPalestra: Marx e a Hist\u00f3ria no IELA\nhttps:\/\/www.youtube.com\/watch?v=TKG1gzBqAA0&t=7474s\n\nSemin\u00e1rio: Marx e a Hist\u00f3ria no IELA\nhttps:\/\/www.youtube.com\/watch?v=wgpHTsMfd_c&t=2187s\n\nBarravento Entrevista #1 \u2013 Gustavo Machado: Forma\u00e7\u00e3o Social Brasileira, Teoria do Valor e o Marxismo\nhttps:\/\/www.youtube.com\/watch?v=Butdl4sVyCo\n\nPrograma Pensamento Cr\u00edtico - Marx e o Nacionalismo (E 167)\nhttps:\/\/www.youtube.com\/watch?v=Hm16lbsdqUQ\n\n O Ilaese e os trabalhadores\nhttps:\/\/www.youtube.com\/watch?v=-ckhxNjAb60\n\n_____________________________________________________________________________\nV\u00eddeo sugerido: \n DEEPSEEK | Entenda o que realmente est\u00e1 em jogo! EP #219 \nhttps:\/\/www.youtube.com\/watch?v=_45Id1TyhIU\n_____________________________________________________________________________\nSEJA MEMBRO e apoie o canal. Bot\u00e3o ADERIR acima ou: \nhttps:\/\/www.youtube.com\/channel\/UCRLEkZpNRoZQBG8kUTBD8vQ\/join\n\nV\u00eddeo sobre ser membro do canal:\nhttps:\/\/www.youtube.com\/watch?v=drvou-obBVU\n_____________________________________________________________________________\nSiga as p\u00e1ginas do canal Orienta\u00e7\u00e3o Marxista nas Redes Sociais\n\nFACEBOOK:    https:\/\/www.facebook.com\/Orienta\u00e7\u00e3o-Marxista-111673690190915\nTWITTER:       https:\/\/twitter.com\/orient_marxista\nINSTAGRAM: https:\/\/www.instagram.com\/orient.marxista\n_____________________________________________________________________________\nLeia o blog Teoria e Revolu\u00e7\u00e3o:\nhttps:\/\/teoriaerevolucao.pstu.org.br\n_____________________________________________________________________________\nO livro do autor desse canal (Marx e a Hist\u00f3ria: das particularidades nacionais \u00e0 universalidade da revolu\u00e7\u00e3o socialista )  pode ser adquirido nos seguintes endere\u00e7os:\nhttps:\/\/editorasundermann.com.br\/livro\/96-marx-e-a-hist%C3%B3ria\nhttps:\/\/www.estantevirtual.com.br\/busca?utf8=%E2%9C%93&q=gustavo+machado+marx\n\n#Nicolelis #inteligenciaartificial  #ellonmusk","original_language":"pt-BR","publication_date":"2025-05-28","duration":0,"url":"https:\/\/www.youtube.com\/watch?v=o_8VWqlZoVM","thumbnail":"thumbnails\/o_8VWqlZoVM.jpg"},{"video_id":"Py6bRh6a_Dk","channel_id":"UCWBk05FplU93JomQ345w24Q","title":"MALCOLM X: O preto mais temido das Am\u00e9ricas","description":"Neste v\u00eddeo, numa perspectiva marxista, analisamos como deu a aboli\u00e7\u00e3o da escravid\u00e3o em nosso pa\u00eds. Uma an\u00e1lise bem diferente da Hist\u00f3ria Oficial, criada e repetidamente contada h\u00e1 s\u00e9culos pela classe dominante. Aqui, vamos mostrar a hist\u00f3ria contada a partir do ponto de vista da Senzala, dos quilombos e das ruas em contraposi\u00e7\u00e3o \u00e0 Casa Grande e ao parlamento escravocrata.\n_______________________________\n\nSIGA-ME NAS REDES SOCIAIS\n\nInstagram: https:\/\/www.instagram.com\/hertzdias\/\nFacebook: https:\/\/www.facebook.com\/HertzCDias\n_______________________________\n\nNo CANAL DO HERTZ  \u2014 RA\u00c7A, CLASSE & REVOLU\u00c7\u00c3O, vamos debater temas ligados a quest\u00e3o racial, combinado ao de classe, numa perspectiva marxista.","original_language":"pt-BR","publication_date":"2025-05-27","duration":0,"url":"https:\/\/www.youtube.com\/watch?v=Py6bRh6a_Dk","thumbnail":"thumbnails\/Py6bRh6a_Dk.jpg"},{"video_id":"YGzkm_nhNBo","channel_id":"UCWBk05FplU93JomQ345w24Q","title":"MALCOLM X: O preto mais temido das Am\u00e9ricas","description":"Salve, camaradas! Dentro da s\u00e9rie \"Marxismo e Luta pela Liberta\u00e7\u00e3o Negra\" n\u00e3o poder\u00edamos deixar de homenagear Malcolm X,  considerado por muitos como o preto mais temido pelas burguesia das Am\u00e9ricas.  Preparamos tr\u00eas v\u00eddeos analisar a sua trajet\u00f3ria pol\u00edtica. Neste primeiro v\u00eddeo polemizamos com Alex Harley, que escreveu a ic\u00f4nica biogr\u00e1fica de Malcolm X.\n\n#malcomx \n\n\n_______________________________\n\nSIGA-ME NAS REDES SOCIAIS\n\nInstagram: https:\/\/www.instagram.com\/hertzdias\/\nFacebook: https:\/\/www.facebook.com\/HertzCDias\n_______________________________\n\nNo CANAL DO HERTZ  \u2014 RA\u00c7A, CLASSE & REVOLU\u00c7\u00c3O, vamos debater temas ligados a quest\u00e3o racial, combinado ao de classe, numa perspectiva marxista.","original_language":"pt-BR","publication_date":"2025-05-27","duration":0,"url":"https:\/\/www.youtube.com\/watch?v=YGzkm_nhNBo","thumbnail":"thumbnails\/YGzkm_nhNBo.jpg"},{"video_id":"FebpijOk0JQ","channel_id":"UCqISa9Yx1nHe-YEWTk40EbQ","title":"Gran lucha de los\/as metal\u00fargicos\/as de Tierra del Fuego","description":"El gobierno de Milei contin\u00faa con su pol\u00edtica de entrega de la soberan\u00eda nacional y los ataques a los trabajadores. Ahora anunci\u00f3 un plan de eliminar los aranceles a la importaci\u00f3n de tel\u00e9fonos celulares y otros productos electr\u00f3nicos que se fabrican en Tierra del Fuego. La aplicaci\u00f3n de esta medida podr\u00eda significar el cierre de las plantas fabriles que los producen y la p\u00e9rdida de miles de puestos de trabajo. El ministro Federico Sturzenegger lleg\u00f3 al colmo de decir que la provincia deber\u00eda ser un \u201cparque global de diversiones\u201d en lugar de un polo tecnol\u00f3gico.\nAnte ese ataque a sus fuentes de trabajo, los trabajadores metal\u00fargicos fueguinos comenzaron un paro por tiempo indeterminado con el respaldo de las dos seccionales de la UOM (R\u00edo Grande y Ushuaia) contra esta medida del gobierno. El 21 de mayo, las dos CGTs fueguinas y numerosos sindicatos provinciales convocaron a un paro general que, adem\u00e1s de los metal\u00fargicos, realizaron los trabajadores docentes, los estatales y el apoyo de toda la poblaci\u00f3n.\nEse d\u00eda, bajo temperaturas heladas, miles de metal\u00fargicos se reunieron delante de las dos principales plantas fabriles: Mirgor (R\u00edo Grande) y NewSan (Ushuaia) y luego se movilizaron masivamente por esas ciudades, junto con miles de fueguinos, para terminar el d\u00eda con sendos actos. En el de R\u00edo Grande habl\u00f3 Oscar Mart\u00ednez (secretario general de la UOM) y tambi\u00e9n el dirigente ferroviario \u201cPollo\u201d Sobrero que hab\u00eda viajado desde Buenos Aires para expresar su apoyo.\nEl PSTU de Comodoro Rivadavia envi\u00f3 una nota conjunta de apoyo y solidaridad, junto con el MTR. Esa misma tarde, ambas organizaciones realizaron una jornada de agitaci\u00f3n en la ciudad.\nAl cierre de este video, en una reuni\u00f3n convocada por el gobernador fueguino Gustavo Melella, se firm\u00f3 un acuerdo entre los sindicatos y las empresas: los metal\u00fargicos levantaron el paro y las empresas se comprometieron a no efectuar despidos hasta fin de a\u00f1o.\nEs un primer resultado de la lucha de los trabajadores y debe fortalecerlos para mantener su unidad y organizaci\u00f3n en la preparaci\u00f3n de futuras luchas inevitables. No se puede tener ninguna confianza en el gobernador Melella ni menos a\u00fan en las empresas (Mirgor es propiedad de la familia de Luis Caputo, ministro de Econom\u00eda del gobierno Milei) que se han visto obligados a firmar este acuerdo por la presi\u00f3n de la lucha de los trabajadores y, en poco tiempo, volver\u00e1n a la carga.\nEn este sentido, el volante repartido en Comodoro Rivadavia plantea:            \nPara seguir produciendo repartir las horas laborales disponibles entre todos \/as sin reducci\u00f3n salarial ni empeorando las condiciones de trabajo \n\u2022 Efectivizacion inmediata.\n\u2022 No a los contrato basura\n\u2022 Que el gobierno provincial expropie bajo control obrero cualquier f\u00e1brica que despida trabajadores. \nViva la lucha de las\/os trabajadoras\/es metal\u00fargicas\/os de Tierra del Fuego","original_language":"es","publication_date":"2025-05-23","duration":0,"url":"https:\/\/www.youtube.com\/watch?v=FebpijOk0JQ","thumbnail":"thumbnails\/FebpijOk0JQ.jpg"},{"video_id":"GEVMumVL3y8","channel_id":"UCRLEkZpNRoZQBG8kUTBD8vQ","title":"Orienta\u00e7\u00e3o Marxista no IBEST BRASIL #Shorts","description":"Vote: https:\/\/premioibest.vote\/943266060\n\n_____________________________________________________________________________\nSEJA MEMBRO e apoie o canal. Bot\u00e3o ADERIR acima ou: \nhttps:\/\/www.youtube.com\/channel\/UCRLEkZpNRoZQBG8kUTBD8vQ\/join\n\nV\u00eddeo sobre ser membro do canal:\nhttps:\/\/www.youtube.com\/watch?v=drvou-obBVU\n_____________________________________________________________________________\nSiga as p\u00e1ginas do canal Orienta\u00e7\u00e3o Marxista nas Redes Sociais\n\nFACEBOOK:    https:\/\/www.facebook.com\/Orienta\u00e7\u00e3o-Marxista-111673690190915\nTWITTER:       https:\/\/twitter.com\/orient_marxista\nINSTAGRAM: https:\/\/www.instagram.com\/orient.marxista\n_____________________________________________________________________________\nLeia o blog Teoria e Revolu\u00e7\u00e3o:\nhttps:\/\/teoriaerevolucao.pstu.org.br\n_____________________________________________________________________________\nO livro do autor desse canal (Marx e a Hist\u00f3ria: das particularidades nacionais \u00e0 universalidade da revolu\u00e7\u00e3o socialista )  pode ser adquirido nos seguintes endere\u00e7os:\nhttps:\/\/editorasundermann.com.br\/livro\/96-marx-e-a-hist%C3%B3ria\nhttps:\/\/www.estantevirtual.com.br\/busca?utf8=%E2%9C%93&q=gustavo+machado+marx\n\n#Shorts #shorts","original_language":"pt-BR","publication_date":"2025-05-22","duration":0,"url":"https:\/\/www.youtube.com\/watch?v=GEVMumVL3y8","thumbnail":"thumbnails\/GEVMumVL3y8.jpg"},{"video_id":"a3frhP8khOU","channel_id":"UCRLEkZpNRoZQBG8kUTBD8vQ","title":"PLANEJAMENTO SOCIAL versus MERCADO | NEP, Capitalismo de Estado, Desenvolvimento Chin\u00eas EP #231","description":"Textos de L\u00eanin utilizados:\n\nSobre o Imposto em Esp\u00e9cie (O Significado da Nova Pol\u00edtica e as Suas Condi\u00e7\u00f5es) - 21 de Abril de 1921 https:\/\/www.marxists.org\/portugues\/lenin\/1921\/04\/21.htm\nRELAT\u00d3RIO POL\u00cdTICO DO COMIT\u00c9 CENTRAL DO PCR(b)\n27 DE MAR\u00c7O https:\/\/www.marxists.org\/portugues\/lenin\/1922\/04\/02.htm\n\nTodos os trechos citados foram retirados dos dois textos acima.\n_____________________________________________________________________________\nV\u00eddeo sugerido: \n CHINA: EM TRANSI\u00c7\u00c3O PARA O SOCIALISMO? | Destrinchando o capitalismo chin\u00eas EP #226 \nhttps:\/\/www.youtube.com\/watch?v=RAbGRa0yc2s\n\n_____________________________________________________________________________\nSEJA MEMBRO e apoie o canal. Bot\u00e3o ADERIR acima ou: \nhttps:\/\/www.youtube.com\/channel\/UCRLEkZpNRoZQBG8kUTBD8vQ\/join\n\nV\u00eddeo sobre ser membro do canal:\nhttps:\/\/www.youtube.com\/watch?v=drvou-obBVU\n_____________________________________________________________________________\nSiga as p\u00e1ginas do canal Orienta\u00e7\u00e3o Marxista nas Redes Sociais\n\nFACEBOOK:    https:\/\/www.facebook.com\/Orienta\u00e7\u00e3o-Marxista-111673690190915\nTWITTER:       https:\/\/twitter.com\/orient_marxista\nINSTAGRAM: https:\/\/www.instagram.com\/orient.marxista\n_____________________________________________________________________________\nLeia o blog Teoria e Revolu\u00e7\u00e3o:\nhttps:\/\/teoriaerevolucao.pstu.org.br\n_____________________________________________________________________________\nO livro do autor desse canal (Marx e a Hist\u00f3ria: das particularidades nacionais \u00e0 universalidade da revolu\u00e7\u00e3o socialista )  pode ser adquirido nos seguintes endere\u00e7os:\nhttps:\/\/editorasundermann.com.br\/livro\/96-marx-e-a-hist%C3%B3ria\nhttps:\/\/www.estantevirtual.com.br\/busca?utf8=%E2%9C%93&q=gustavo+machado+marx\n\n#NEP #CapitalismoDeEstado #China","original_language":"pt-BR","publication_date":"2025-05-21","duration":0,"url":"https:\/\/www.youtube.com\/watch?v=a3frhP8khOU","thumbnail":"thumbnails\/a3frhP8khOU.jpg"},{"video_id":"gTv-787TP04","channel_id":"UCWBk05FplU93JomQ345w24Q","title":"OS IMPACTOS DAS TRAI\u00c7\u00d5ES ESTALINISTAS PARA O MOVIMENTO NEGRO MUNDIAL","description":"Neste v\u00eddeo, numa perspectiva marxista, analisamos como deu a aboli\u00e7\u00e3o da escravid\u00e3o em nosso pa\u00eds. Uma an\u00e1lise bem diferente da Hist\u00f3ria Oficial, criada e repetidamente contada h\u00e1 s\u00e9culos pela classe dominante. Aqui, vamos mostrar a hist\u00f3ria contada a partir do ponto de vista da Senzala, dos quilombos e das ruas em contraposi\u00e7\u00e3o \u00e0 Casa Grande e ao parlamento escravocrata.\n_______________________________\n\nSIGA-ME NAS REDES SOCIAIS\n\nInstagram: https:\/\/www.instagram.com\/hertzdias\/\nFacebook: https:\/\/www.facebook.com\/HertzCDias\n_______________________________\n\nNo CANAL DO HERTZ  \u2014 RA\u00c7A, CLASSE & REVOLU\u00c7\u00c3O, vamos debater temas ligados a quest\u00e3o racial, combinado ao de classe, numa perspectiva marxista.","original_language":"pt-BR","publication_date":"2025-05-18","duration":0,"url":"https:\/\/www.youtube.com\/watch?v=gTv-787TP04","thumbnail":"thumbnails\/gTv-787TP04.jpg"},{"video_id":"i83pdL-uZP8","channel_id":"UCWBk05FplU93JomQ345w24Q","title":"OS IMPACTOS DAS TRAI\u00c7\u00d5ES ESTALINISTAS PARA O MOVIMENTO NEGRO MUNDIAL","description":"Salve camaradas!\n\nNeste v\u00eddeo, o segundo da s\u00e9rie \"Marxismo e a Luta pela Liberdade Negra\", mostramos com riquezas de detalhes que a rela\u00e7\u00e3o da III Internacional Comunista de L\u00eanin e Trotski com a quest\u00e3o negra n\u00e3o tem nada a ver com as trai\u00e7\u00f5es subsequentes desta mesma Internacional em rela\u00e7\u00e3o a esta quest\u00e3o sob a dire\u00e7\u00e3o estalinista.\n\nAssista o v\u00eddeo, comente, compartilhe e se ainda n\u00e3o se inscreveu, inscreva-se em nosso canal.\n_______________________________\n\nSIGA-ME NAS REDES SOCIAIS\n\nInstagram: https:\/\/www.instagram.com\/hertzdias\/\nFacebook: https:\/\/www.facebook.com\/HertzCDias\n_______________________________\n\nNo CANAL DO HERTZ  \u2014 RA\u00c7A, CLASSE & REVOLU\u00c7\u00c3O, vamos debater temas ligados a quest\u00e3o racial, combinado ao de classe, numa perspectiva marxista.","original_language":"pt-BR","publication_date":"2025-05-18","duration":0,"url":"https:\/\/www.youtube.com\/watch?v=i83pdL-uZP8","thumbnail":"thumbnails\/i83pdL-uZP8.jpg"},{"video_id":"UHN_N5_FOQQ","channel_id":"UCWBk05FplU93JomQ345w24Q","title":"Reagindo \u00e0s mentiras do Brasil Paralelo sobre o 13 de Maio","description":"Salve camaradas! \n\nEstamos na semana de denuncia contra o racismo, de 137 anos de aboli\u00e7\u00e3o sem repara\u00e7\u00e3o, ent\u00e3o resolvemos subir um v\u00eddeo em nosso canal reagindo ao 5\u00b0 cap\u00edtulo do filme \"Brasil: a \u00faltima Cruzada\" do Brasil Paralelo.  Essa galera da Direita e Ultradireita est\u00e1 tentando construir uma narrativa da hist\u00f3ria de cima pra baixa impondo como her\u00f3is abolicionistas, justamente aqueles que est\u00e3o entre os principais respons\u00e1veis por fazer do Brasil o \u00faltimo pa\u00eds a abolir a escravid\u00e3o na Am\u00e9rica. Veja l\u00e1 como desmontamos mentira por mentira do revisionismo hist\u00f3rico do BP.\nAssistam a\u00ed, cometem e ajudem a divulgar nosso Canal. Blz?\n_______________________________\n\nSIGA-ME NAS REDES SOCIAIS\n\nInstagram: https:\/\/www.instagram.com\/hertzdias\/\nFacebook: https:\/\/www.facebook.com\/HertzCDias\n_______________________________\n\nNo CANAL DO HERTZ  \u2014 RA\u00c7A, CLASSE & REVOLU\u00c7\u00c3O, vamos debater temas ligados a quest\u00e3o racial, combinado ao de classe, numa perspectiva marxista.","original_language":"pt-BR","publication_date":"2025-05-15","duration":0,"url":"https:\/\/www.youtube.com\/watch?v=UHN_N5_FOQQ","thumbnail":"thumbnails\/UHN_N5_FOQQ.jpg"},{"video_id":"jQOv12PB4p0","channel_id":"UCRLEkZpNRoZQBG8kUTBD8vQ","title":"RELA\u00c7\u00d5ES SOCIAIS | ENCICLOP\u00c9DIA MARXISTA","description":"VERBETES | DIAL\u00c9TICA \nRELA\u00c7\u00c3O SOCIAL: https:\/\/youtu.be\/jQOv12PB4p0 \nHIST\u00d3RICO\nDETERMINA\u00c7\u00c3O\nMATERIALISMO\nABSTRATO E CONCRETO\nFEN\u00d4MENO E CONCEITO\nCONTRADI\u00c7\u00c3O\nDIAL\u00c9TICA\nMODO DE EXPOSI\u00c7\u00c3O\nCI\u00caNCIA E CAPITAL\n\n\nRELA\u00c7\u00c3O SOCIAL\n\n1) Se tudo s\u00e3o rela\u00e7\u00f5es sociais, ser uma rela\u00e7\u00e3o social n\u00e3o determina nada. \u00c9 igual a dizer que nada \u00e9 uma determina\u00e7\u00e3o social.\n RELA\u00c7\u00c3O SOCIAL \u00c9 UM MODO DETERMINADO DE RELA\u00c7\u00d5ES ENTRE OS HOMENS CARACTER\u00cdSTICA DE CADA FORMA DE SOCIEDADE\n\n2) No interior de uma sociedade, tudo \u00e9 feito por meio das rela\u00e7\u00f5es sociais existentes, mas nem tudo \u00e9 uma rela\u00e7\u00e3o social.\n a) Um valor de uso \u00e9 sempre feito por meio de uma rela\u00e7\u00e3o social espec\u00edfica, mas o valor de uso, em si mesmo, n\u00e3o \u00e9 uma rela\u00e7\u00e3o social. \n  Pode-se revolucionar completamente a forma de sociedade e as rela\u00e7\u00f5es sociais, e um produto continuar com o mesmo valor de uso.\n b) O trabalho concreto, sua t\u00e9cnica espec\u00edfica, n\u00e3o \u00e9, em si mesma, uma rela\u00e7\u00e3o social.\n\n3) Estabelecemos rela\u00e7\u00f5es sociais quando nos vinculamos, direta ou indiretamente, \u00e0 sociedade e o modo como ela se articula.\nNos relacionamos socialmente quando:\n a) Recebemos o sal\u00e1rio\n b) Estabelecemos um contrato de trabalho\n c) Pagamos a passagem de \u00f4nibus\n d) Fazemos uma compra no supermercado ou na padaria\n e) Fazemos uma compra online\n f) Colocamos dinheiro na poupan\u00e7a ou aplicamos em outro lugar.\n g) Quando se recebe o juros, aluguel ou uma renda qualquer vinda de qualquer ativo.\n h) Lutamos por sal\u00e1rio, garantias, direitos etc.\n i) Fazemos manifesta\u00e7\u00f5es direta ou indiretamente relacionadas com a partilha da riqueza produzida.\n \nN\u00e3o nos relacionamos socialmente quando: \n a) Fazemos um almo\u00e7o em fam\u00edlia\n b) Encontramos com colegas em um bar\n c) Reunimos para praticar algum esporte ou participar de algum jogo\n d) Realizamos reuni\u00f5es volunt\u00e1rias com finalidades culturais, religiosas e mesmo pol\u00edticas, se ela n\u00e3o culmina em nenhuma interven\u00e7\u00e3o. \n\n4) Mercadoria, dinheiro, capital S\u00c3O RELA\u00c7\u00d5ES SOCIAIS. Elas n\u00e3o s\u00e3o apenas produto de uma rela\u00e7\u00e3o sociais, mas s\u00e3o constitu\u00eddas ou feitas por rela\u00e7\u00f5es sociais.\n\n5) Por isso, no marxismo, tudo que pode ser DEFINIDO tem import\u00e2ncia menor. A defini\u00e7\u00e3o: est\u00e1tica, fixa, pr\u00e9-determinada, a priori serve apenas para distinguir a que se refere o emprego de certo termos. Tudo que \u00e9 significativo apenas pode ser \"definido\" por meio da exposi\u00e7\u00e3o ou apresenta\u00e7\u00e3o do movimento social que o conforma.\n\n a) Defini\u00e7\u00e3o de mercadoria: mercadoria \u00e9 todo produto que serve como valor de uso para outro, n\u00e3o o seu possuidor atual, por meio da troca no mercado.\n b) Defini\u00e7\u00e3o de capital: capital \u00e9 valor que se autovaloriza, valor sempre empregado com vistas a sua autovaloriza\u00e7\u00e3o.\n\nRela\u00e7\u00f5es sociais \u201cs\u00e3o, n\u00e3o rela\u00e7\u00f5es de indiv\u00edduo a indiv\u00edduo, mas entre oper\u00e1rio e capitalista, entre rendeiro e propriet\u00e1rio de terras, etc. Suprimam essas rela\u00e7\u00f5es e ter\u00e1\nsido destru\u00edda a sociedade inteira\u201d. Mis\u00e9ria da Filosofia (1976, p. 81)\n\nNa \u201ceconomia burguesa (assim como em qualquer outra), [produ\u00e7\u00e3o e consumo] s\u00e3o postos em diferen\u00e7as espec\u00edficas e em unidades espec\u00edficas. O que importa \u00e9 compreender essas differentia specifica\u201d (G, p. 542).\n_____________________________________________________________________________\nSEJA MEMBRO e apoie o canal. Bot\u00e3o ADERIR acima ou: \nhttps:\/\/www.youtube.com\/channel\/UCRLEkZpNRoZQBG8kUTBD8vQ\/join\n\nV\u00eddeo sobre ser membro do canal:\nhttps:\/\/www.youtube.com\/watch?v=drvou-obBVU\n_____________________________________________________________________________\nSiga as p\u00e1ginas do canal Orienta\u00e7\u00e3o Marxista nas Redes Sociais\n\nFACEBOOK:    https:\/\/www.facebook.com\/Orienta\u00e7\u00e3o-Marxista-111673690190915\nTWITTER:       https:\/\/twitter.com\/orient_marxista\nINSTAGRAM: https:\/\/www.instagram.com\/orient.marxista\n_____________________________________________________________________________\nLeia o blog Teoria e Revolu\u00e7\u00e3o:\nhttps:\/\/teoriaerevolucao.pstu.org.br\n_____________________________________________________________________________\nO livro do autor desse canal (Marx e a Hist\u00f3ria: das particularidades nacionais \u00e0 universalidade da revolu\u00e7\u00e3o socialista )  pode ser adquirido nos seguintes endere\u00e7os:\nhttps:\/\/editorasundermann.com.br\/livro\/96-marx-e-a-hist%C3%B3ria\nhttps:\/\/www.estantevirtual.com.br\/busca?utf8=%E2%9C%93&q=gustavo+machado+marx\n\n#Enciclop\u00e9diaMarxista #Dial\u00e9tica #Rela\u00e7\u00f5esSociais","original_language":"pt-BR","publication_date":"2025-05-15","duration":0,"url":"https:\/\/www.youtube.com\/watch?v=jQOv12PB4p0","thumbnail":"thumbnails\/jQOv12PB4p0.jpg"},{"video_id":"sTwvoZsMu78","channel_id":"UCrZTf38EMgrRaNCchAooipw","title":"Reagindo a CASOS de MACHISMO | NATURALIZARAM A VIOL\u00caNCIA","description":"Recentemente, 02 casos de machismo foram veiculados na m\u00eddia, evidenciando o grau de naturaliza\u00e7\u00e3o da viol\u00eancia contra meninas e mulheres na sociedade capitalista brasileira. \nNo v\u00eddeo de hoje vamos discutir sobre as bases dessa naturaliza\u00e7\u00e3o, bem como porque as institui\u00e7\u00f5es do sistema capitalista n\u00e3o est\u00e3o, de fato, interessadas em combater essa barb\u00e1rie em que vivemos. O que fazer, ent\u00e3o, para nos livrarmos de tanta opress\u00e3o e viol\u00eancia?","original_language":"unknown","publication_date":"2025-05-15","duration":0,"url":"https:\/\/www.youtube.com\/watch?v=sTwvoZsMu78","thumbnail":"thumbnails\/sTwvoZsMu78.jpg"},{"video_id":"cP9VB0HkCFo","channel_id":"UCRLEkZpNRoZQBG8kUTBD8vQ","title":"Materiais in\u00e9ditos | Tese, Artigos, Fichamentos APOIADORES #06","description":"As inscri\u00e7\u00f5es pro curso \"O impacto da Ind\u00fastria 4.0 e da intelig\u00eancia artificial nas rela\u00e7\u00f5es de trabalho\" est\u00e3o VOANDO!\n\n\ud83d\udcda Ministrado por Gustavo Machado \u2013 pesquisador do ILAESE, doutor em Filosofia Pol\u00edtica e criador do canal Orienta\u00e7\u00e3o Marxista.\n\n\ud83c\udfaf No curso, vamos:\n\u2714\ufe0f Entender a Ind\u00fastria 4.0 e a IA de forma cr\u00edtica\n\u2714\ufe0f Analisar os impactos nas rela\u00e7\u00f5es de trabalho\n\u2714\ufe0f Debater a precariza\u00e7\u00e3o e novas formas de explora\u00e7\u00e3o\n\u2714\ufe0f Refletir sobre o lugar do Brasil na divis\u00e3o internacional do trabalho\n\n\ud83d\udcc5 Aulas AO VIVO: 13 e 14 de maio\n\ud83d\udd17 Inscri\u00e7\u00f5es abertas: ilaese.org.br\/curso-industria-4-0\n\n_____________________________________________________________________________\nSEJA MEMBRO e apoie o canal. Bot\u00e3o ADERIR acima ou: \nhttps:\/\/www.youtube.com\/channel\/UCRLEkZpNRoZQBG8kUTBD8vQ\/join\n\nV\u00eddeo sobre ser membro do canal:\nhttps:\/\/www.youtube.com\/watch?v=drvou-obBVU\n_____________________________________________________________________________\nSiga as p\u00e1ginas do canal Orienta\u00e7\u00e3o Marxista nas Redes Sociais\n\nFACEBOOK:    https:\/\/www.facebook.com\/Orienta\u00e7\u00e3o-Marxista-111673690190915\nTWITTER:       https:\/\/twitter.com\/orient_marxista\nINSTAGRAM: https:\/\/www.instagram.com\/orient.marxista\n_____________________________________________________________________________\nLeia o blog Teoria e Revolu\u00e7\u00e3o:\nhttps:\/\/teoriaerevolucao.pstu.org.br\n_____________________________________________________________________________\nO livro do autor desse canal (Marx e a Hist\u00f3ria: das particularidades nacionais \u00e0 universalidade da revolu\u00e7\u00e3o socialista )  pode ser adquirido nos seguintes endere\u00e7os:\nhttps:\/\/editorasundermann.com.br\/livro\/96-marx-e-a-hist%C3%B3ria\nhttps:\/\/www.estantevirtual.com.br\/busca?utf8=%E2%9C%93&q=gustavo+machado+marx\n\n# # #","original_language":"pt-BR","publication_date":"2025-05-12","duration":0,"url":"https:\/\/www.youtube.com\/watch?v=cP9VB0HkCFo","thumbnail":"thumbnails\/cP9VB0HkCFo.jpg"},{"video_id":"j3i94zPp89o","channel_id":"UCWBk05FplU93JomQ345w24Q","title":"MARXISMO E A QUEST\u00c3O DAS OPRESS\u00d5ES: UMA OPINI\u00c3O INTRODUT\u00d3RIA","description":"Neste v\u00eddeo, numa perspectiva marxista, analisamos como deu a aboli\u00e7\u00e3o da escravid\u00e3o em nosso pa\u00eds. Uma an\u00e1lise bem diferente da Hist\u00f3ria Oficial, criada e repetidamente contada h\u00e1 s\u00e9culos pela classe dominante. Aqui, vamos mostrar a hist\u00f3ria contada a partir do ponto de vista da Senzala, dos quilombos e das ruas em contraposi\u00e7\u00e3o \u00e0 Casa Grande e ao parlamento escravocrata.\n_______________________________\n\nSIGA-ME NAS REDES SOCIAIS\n\nInstagram: https:\/\/www.instagram.com\/hertzdias\/\nFacebook: https:\/\/www.facebook.com\/HertzCDias\n_______________________________\n\nNo CANAL DO HERTZ  \u2014 RA\u00c7A, CLASSE & REVOLU\u00c7\u00c3O, vamos debater temas ligados a quest\u00e3o racial, combinado ao de classe, numa perspectiva marxista.","original_language":"pt-BR","publication_date":"2025-05-09","duration":0,"url":"https:\/\/www.youtube.com\/watch?v=j3i94zPp89o","thumbnail":"thumbnails\/j3i94zPp89o.jpg"},{"video_id":"qMBjzgBSE1Q","channel_id":"UCWBk05FplU93JomQ345w24Q","title":"MARXISMO E A QUEST\u00c3O DAS OPRESS\u00d5ES","description":"Salve Camaradas! \n\nSegue o primeiro v\u00eddeo aqui no canal da s\u00e9rie \"Marxismo e Luta pela Liberta\u00e7\u00e3o Negra\". O v\u00eddeo est\u00e1 dividido em, duas partes fundamentais: a primeira \u00e9 uma apresenta\u00e7\u00e3o b\u00e1sica dos pilares fundamentais da teoria-programa Marxista, justamente para que possamos identificar nos v\u00eddeos subsequentes quem de fato desenvolveu o marxismo neste combate de maneira revolucion\u00e1ria e quem rompeu com esses pilares enveredando para a concilia\u00e7\u00e3o de classes. Na segunda parte, apresentamos a metodologia que os marxistas desenvolveram no tema das opress\u00f5es no sentido de unir o proletariado, isso indo desde Marx na quest\u00e3o da Irlanda, passando por L\u00eanin, Trostky e Cannon, etc.  O objetivo foi mostrar que existe sim um fio de continuidade metodol\u00f3gico do marxismo no combate as opress\u00f5es. Blz? queria muito ver ai a opini\u00e3o de vcs sobre o v\u00eddeo! \nveja o v\u00eddeo! https:\/\/www.youtube.com\/watch?v=j3i94zPp89o\n_______________________________\n\nSIGA-ME NAS REDES SOCIAIS\n\nInstagram: https:\/\/www.instagram.com\/hertzdias\/\nFacebook: https:\/\/www.facebook.com\/HertzCDias\n_______________________________\n\nNo CANAL DO HERTZ  \u2014 RA\u00c7A, CLASSE & REVOLU\u00c7\u00c3O, vamos debater temas ligados a quest\u00e3o racial, combinado ao de classe, numa perspectiva marxista.","original_language":"pt-BR","publication_date":"2025-05-09","duration":0,"url":"https:\/\/www.youtube.com\/watch?v=qMBjzgBSE1Q","thumbnail":"thumbnails\/qMBjzgBSE1Q.jpg"},{"video_id":"EQ7FzvsydJE","channel_id":"UCRLEkZpNRoZQBG8kUTBD8vQ","title":"RESPONDENDO ELIAS JABBOUR | China, Seitas, Relev\u00e2ncia EP #230","description":"As inscri\u00e7\u00f5es pro curso \"O impacto da Ind\u00fastria 4.0 e da intelig\u00eancia artificial nas rela\u00e7\u00f5es de trabalho\" est\u00e3o VOANDO!\n\n\ud83d\udcda Ministrado por Gustavo Machado \u2013 pesquisador do ILAESE, doutor em Filosofia Pol\u00edtica e criador do canal Orienta\u00e7\u00e3o Marxista.\n\n\ud83c\udfaf No curso, vamos:\n\u2714\ufe0f Entender a Ind\u00fastria 4.0 e a IA de forma cr\u00edtica\n\u2714\ufe0f Analisar os impactos nas rela\u00e7\u00f5es de trabalho\n\u2714\ufe0f Debater a precariza\u00e7\u00e3o e novas formas de explora\u00e7\u00e3o\n\u2714\ufe0f Refletir sobre o lugar do Brasil na divis\u00e3o internacional do trabalho\n\n\ud83d\udcc5 Aulas AO VIVO: 13 e 14 de maio\n\ud83d\udd17 Inscri\u00e7\u00f5es abertas: ilaese.org.br\/curso-industria-4-0\n_____________________________________________________________________________\nV\u00eddeo sugerido: \n ELIAS JABBOUR - A VERDADE SOBRE A CHINA - PODCAST 3 IRM\u00c3OS #700 \nhttps:\/\/www.youtube.com\/live\/AKZgsi1szF0\n\n_____________________________________________________________________________\nSEJA MEMBRO e apoie o canal. Bot\u00e3o ADERIR acima ou: \nhttps:\/\/www.youtube.com\/channel\/UCRLEkZpNRoZQBG8kUTBD8vQ\/join\n\nV\u00eddeo sobre ser membro do canal:\nhttps:\/\/www.youtube.com\/watch?v=drvou-obBVU\n_____________________________________________________________________________\nSiga as p\u00e1ginas do canal Orienta\u00e7\u00e3o Marxista nas Redes Sociais\n\nFACEBOOK:    https:\/\/www.facebook.com\/Orienta\u00e7\u00e3o-Marxista-111673690190915\nTWITTER:       https:\/\/twitter.com\/orient_marxista\nINSTAGRAM: https:\/\/www.instagram.com\/orient.marxista\n_____________________________________________________________________________\nLeia o blog Teoria e Revolu\u00e7\u00e3o:\nhttps:\/\/teoriaerevolucao.pstu.org.br\n_____________________________________________________________________________\nO livro do autor desse canal (Marx e a Hist\u00f3ria: das particularidades nacionais \u00e0 universalidade da revolu\u00e7\u00e3o socialista )  pode ser adquirido nos seguintes endere\u00e7os:\nhttps:\/\/editorasundermann.com.br\/livro\/96-marx-e-a-hist%C3%B3ria\nhttps:\/\/www.estantevirtual.com.br\/busca?utf8=%E2%9C%93&q=gustavo+machado+marx\n\n#EliasJabour #China #Socialismo","original_language":"pt-BR","publication_date":"2025-05-07","duration":0,"url":"https:\/\/www.youtube.com\/watch?v=EQ7FzvsydJE","thumbnail":"thumbnails\/EQ7FzvsydJE.jpg"},{"video_id":"QKFdfAicSDs","channel_id":"UCqISa9Yx1nHe-YEWTk40EbQ","title":"Elecci\u00f3nn de delgados en el SUTEBA","description":"Del 5 al de 9 de mayo se realiza la elecci\u00f3n de delegados de base en el SUTEBA. Se realizan en un momento en que la conducci\u00f3n de la burocracia sindical  celeste (encabezada por Roberto Baradel) es c\u00f3mplice del plan de ajuste en la educaci\u00f3n aplicado por el gobernador de la provincia, Axel Kiciloff, r\u00e9plica del que aplica el gobierno de Milei en el pa\u00eds. Un plan de ajuste que los docentes sufrimos en el permanente deterioro de nuestro salario y en las cnidciones de trabajo.\nIn\u00e9s Mi\u00f1o, docente de La Matanza, e integran del Frente \u00cdndigo (agrupaci\u00f3n sindical docente del PSTU) llama a los trabajadores de la educaci\u00f3n de la provincia a participar masivamente en esta elecciones y a agruparse para postular y elegir delegados y delegadas opostorres dispuestos a luchar contra el gobierno provincial y contra la conducci\u00f3n burocracia de Baradel y la Celeste.","original_language":"es","publication_date":"2025-05-05","duration":0,"url":"https:\/\/www.youtube.com\/watch?v=QKFdfAicSDs","thumbnail":"thumbnails\/QKFdfAicSDs.jpg"},{"video_id":"43hPol1c1fg","channel_id":"UC4QQ1pY2lD3DhthIJ1LFEBw","title":"30 de abril de 2025","description":"","original_language":"pt-BR","publication_date":"2025-04-30","duration":0,"url":"https:\/\/www.youtube.com\/watch?v=43hPol1c1fg","thumbnail":"thumbnails\/43hPol1c1fg.jpg"},{"video_id":"Knv7jxyLrgs","channel_id":"UC4QQ1pY2lD3DhthIJ1LFEBw","title":"30 de abril de 2025","description":"","original_language":"pt-BR","publication_date":"2025-04-30","duration":0,"url":"https:\/\/www.youtube.com\/watch?v=Knv7jxyLrgs","thumbnail":"thumbnails\/Knv7jxyLrgs.jpg"},{"video_id":"UXWCf-iH6Ts","channel_id":"UC4QQ1pY2lD3DhthIJ1LFEBw","title":"30 de abril de 2025","description":"","original_language":"pt-BR","publication_date":"2025-04-30","duration":0,"url":"https:\/\/www.youtube.com\/watch?v=UXWCf-iH6Ts","thumbnail":"thumbnails\/UXWCf-iH6Ts.jpg"},{"video_id":"f1chcG9Zj0c","channel_id":"UC4QQ1pY2lD3DhthIJ1LFEBw","title":"30 de abril de 2025","description":"","original_language":"pt-BR","publication_date":"2025-04-30","duration":0,"url":"https:\/\/www.youtube.com\/watch?v=f1chcG9Zj0c","thumbnail":"thumbnails\/f1chcG9Zj0c.jpg"},{"video_id":"SHu46ooWlAc","channel_id":"UCRLEkZpNRoZQBG8kUTBD8vQ","title":"DUAS CHINAS | Mis\u00e9ria versus Desenvolvimento EP #229","description":"Nesse v\u00eddeo, mostro como cheguei ao resultado da China com 1 bilh\u00e3o de habitantes vivendo com um PIB per capital na casa de 6 mil d\u00f3lares anuais e 370 milh\u00f5es com PIB per capita acima de 30 mil d\u00f3lares anuais. Uma hierarquia entre cidades e regi\u00f5es, controladas pela for\u00e7a por meio do Estado.\n\n_____________________________________________________________________________\nV\u00eddeo sugerido: \nPOR QUE A MACROECONOMIA \u00c9 UMA PSEUDOCI\u00caNCIA | O caso do PIB EP #228\nhttps:\/\/www.youtube.com\/watch?v=DqIXuKWBw78\n_____________________________________________________________________________\nSEJA MEMBRO e apoie o canal. Bot\u00e3o ADERIR acima ou: \nhttps:\/\/www.youtube.com\/channel\/UCRLEkZpNRoZQBG8kUTBD8vQ\/join\n\nV\u00eddeo sobre ser membro do canal:\nhttps:\/\/www.youtube.com\/watch?v=drvou-obBVU\n_____________________________________________________________________________\nSiga as p\u00e1ginas do canal Orienta\u00e7\u00e3o Marxista nas Redes Sociais\n\nFACEBOOK:    https:\/\/www.facebook.com\/Orienta\u00e7\u00e3o-Marxista-111673690190915\nTWITTER:       https:\/\/twitter.com\/orient_marxista\nINSTAGRAM: https:\/\/www.instagram.com\/orient.marxista\n_____________________________________________________________________________\nLeia o blog Teoria e Revolu\u00e7\u00e3o:\nhttps:\/\/teoriaerevolucao.pstu.org.br\n_____________________________________________________________________________\nO livro do autor desse canal (Marx e a Hist\u00f3ria: das particularidades nacionais \u00e0 universalidade da revolu\u00e7\u00e3o socialista )  pode ser adquirido nos seguintes endere\u00e7os:\nhttps:\/\/editorasundermann.com.br\/livro\/96-marx-e-a-hist%C3%B3ria\nhttps:\/\/www.estantevirtual.com.br\/busca?utf8=%E2%9C%93&q=gustavo+machado+marx\n\n#China #PIBperCAPITA #Desigualdade","original_language":"pt-BR","publication_date":"2025-04-28","duration":0,"url":"https:\/\/www.youtube.com\/watch?v=SHu46ooWlAc","thumbnail":"thumbnails\/SHu46ooWlAc.jpg"},{"video_id":"bqtbQwrL2XQ","channel_id":"UCWBk05FplU93JomQ345w24Q","title":"Negro de Direita: compreender para combater","description":"Neste v\u00eddeo, numa perspectiva marxista, analisamos como deu a aboli\u00e7\u00e3o da escravid\u00e3o em nosso pa\u00eds. Uma an\u00e1lise bem diferente da Hist\u00f3ria Oficial, criada e repetidamente contada h\u00e1 s\u00e9culos pela classe dominante. Aqui, vamos mostrar a hist\u00f3ria contada a partir do ponto de vista da Senzala, dos quilombos e das ruas em contraposi\u00e7\u00e3o \u00e0 Casa Grande e ao parlamento escravocrata.\n_______________________________\n\nSIGA-ME NAS REDES SOCIAIS\n\nInstagram: https:\/\/www.instagram.com\/hertzdias\/\nFacebook: https:\/\/www.facebook.com\/HertzCDias\n_______________________________\n\nNo CANAL DO HERTZ  \u2014 RA\u00c7A, CLASSE & REVOLU\u00c7\u00c3O, vamos debater temas ligados a quest\u00e3o racial, combinado ao de classe, numa perspectiva marxista.","original_language":"pt-BR","publication_date":"2025-04-27","duration":0,"url":"https:\/\/www.youtube.com\/watch?v=bqtbQwrL2XQ","thumbnail":"thumbnails\/bqtbQwrL2XQ.jpg"},{"video_id":"jyIv1GYT-1g","channel_id":"UCWBk05FplU93JomQ345w24Q","title":"Negro de Direita: compreender para combater","description":"Neste v\u00eddeo, numa perspectiva marxista, analisamos como deu a aboli\u00e7\u00e3o da escravid\u00e3o em nosso pa\u00eds. Uma an\u00e1lise bem diferente da Hist\u00f3ria Oficial, criada e repetidamente contada h\u00e1 s\u00e9culos pela classe dominante. Aqui, vamos mostrar a hist\u00f3ria contada a partir do ponto de vista da Senzala, dos quilombos e das ruas em contraposi\u00e7\u00e3o \u00e0 Casa Grande e ao parlamento escravocrata.\n_______________________________\n\nSIGA-ME NAS REDES SOCIAIS\n\nInstagram: https:\/\/www.instagram.com\/hertzdias\/\nFacebook: https:\/\/www.facebook.com\/HertzCDias\n_______________________________\n\nNo CANAL DO HERTZ  \u2014 RA\u00c7A, CLASSE & REVOLU\u00c7\u00c3O, vamos debater temas ligados a quest\u00e3o racial, combinado ao de classe, numa perspectiva marxista.","original_language":"pt-BR","publication_date":"2025-04-27","duration":0,"url":"https:\/\/www.youtube.com\/watch?v=jyIv1GYT-1g","thumbnail":"thumbnails\/jyIv1GYT-1g.jpg"},{"video_id":"Er5i5bKjttA","channel_id":"UCWBk05FplU93JomQ345w24Q","title":"No Dia Nacional de Luta pela Escola P\u00fablica","description":"No Dia Nacional de Luta pela Escola P\u00fablica, fizemos uma interven\u00e7\u00e3o sobre: os pap\u00e9is distintos do Sindeduca\u00e7\u00e3o e do Sinproesemma; ataques dos governos \u00e0 educa\u00e7\u00e3o nas tr\u00eas esferas: Braide, Brand\u00e3o e Lula; 61 anos do golpe militar-civil-empresarial; o machismo de Eduardo Braide; Mical Damasceno e o PL contra discuss\u00e3o de g\u00eanero nas escolas; o adoecimento da categoria docente e a tecnologia a servi\u00e7o do ass\u00e9dio; a nefasta militariza\u00e7\u00e3o das escolas. comente a\u00ed...\n\n#cnte \n_______________________________\n\nSIGA-ME NAS REDES SOCIAIS\n\nInstagram: https:\/\/www.instagram.com\/hertzdias\/\nFacebook: https:\/\/www.facebook.com\/HertzCDias\n_______________________________\n\nNo CANAL DO HERTZ  \u2014 RA\u00c7A, CLASSE & REVOLU\u00c7\u00c3O, vamos debater temas ligados a quest\u00e3o racial, combinado ao de classe, numa perspectiva marxista.","original_language":"pt-BR","publication_date":"2025-04-24","duration":0,"url":"https:\/\/www.youtube.com\/watch?v=Er5i5bKjttA","thumbnail":"thumbnails\/Er5i5bKjttA.jpg"},{"video_id":"DqIXuKWBw78","channel_id":"UCRLEkZpNRoZQBG8kUTBD8vQ","title":"POR QUE A MACROECONOMIA \u00c9 UMA PSEUDOCI\u00caNCIA | O caso do PIB EP228 #","description":"Neste v\u00eddeo analiso as diversas formas com que o PIB \u00e9 calculado, para mostrar os seus limites enquanto um produto genu\u00edno da pseudoci\u00eancia chamada macroeconomia, a filha leg\u00edtima de Keynes. \nPIB PELA \u00d3TICA DA RENDA\n     PIBpm = Sal\u00e1rios + Juros + Lucros + Alugueis + Impostos indiretos \u2013 Subs\u00eddios\n          Sal\u00e1rios (renda das fam\u00edlias);\n          Juros (renda do capital de empr\u00e9stimo);\n          Lucros (renda do processo produtivo);\n          Alugueis (renda das instala\u00e7\u00f5es f\u00edsicas)\n\nPIB PELA \u00d3TICA DA OFERTA\n     PIBpm = \u2211 VAB + Impostos indiretos \u2013 Subs\u00eddios\n          \u2211 VAB = Soma do valor adicionado bruto de cada empresa na economia\n\nPIB PELA \u00d3TICA DA DEMANDA\n     PIB = C + I + G + X \u2013 M\n          C  = Consumo das fam\u00edlias\n          I   = Investimento (FBKF + VE) ( Forma\u00e7\u00e3o Bruta de Capital Fixo + Varia\u00e7\u00e3o de estoques)\n          G = Gastos do governo\n          X = Exporta\u00e7\u00f5es\n          M = Importa\u00e7\u00f5es\nLIMITES DO PIB\n          INDIVIDUALISMO METODOL\u00d3GICO: AGREGADOS (OU SOMAS) INDIVIDUAIS\n          DESPREZA QUE O CAPITAL INDUSTRIAL \u00c9 O \u00daNICO QUE CRIA VALOR\n          DESPREZA O TAMANHO DO CAPITAL: ROTA\u00c7\u00c3O\n          DESPREZA A PROPRIEDADE DO CAPITAL: PNB N\u00c3O RESOLVE\n          O MOVIMENTO DO CAPITAL \u00c9 SUBSTITU\u00cdDO PELAS FONTES DE RENDIMENTO\n                    SAL\u00c1RIO: TRABALHADOR  \n                    LUCRO   : CAPITALISTA\n                    JUROS   : BANQUEIRO\n                    RENDA   : PROPRIET\u00c1RIOS IMOBILI\u00c1RIOS\n_____________________________________________________________________________\nSEJA MEMBRO e apoie o canal. Bot\u00e3o ADERIR acima ou: \nhttps:\/\/www.youtube.com\/channel\/UCRLEkZpNRoZQBG8kUTBD8vQ\/join\n\nV\u00eddeo sobre ser membro do canal:\nhttps:\/\/www.youtube.com\/watch?v=drvou-obBVU\n_____________________________________________________________________________\nSiga as p\u00e1ginas do canal Orienta\u00e7\u00e3o Marxista nas Redes Sociais\n\nFACEBOOK:    https:\/\/www.facebook.com\/Orienta\u00e7\u00e3o-Marxista-111673690190915\nTWITTER:       https:\/\/twitter.com\/orient_marxista\nINSTAGRAM: https:\/\/www.instagram.com\/orient.marxista\n_____________________________________________________________________________\nLeia o blog Teoria e Revolu\u00e7\u00e3o:\nhttps:\/\/teoriaerevolucao.pstu.org.br\n_____________________________________________________________________________\nO livro do autor desse canal (Marx e a Hist\u00f3ria: das particularidades nacionais \u00e0 universalidade da revolu\u00e7\u00e3o socialista )  pode ser adquirido nos seguintes endere\u00e7os:\nhttps:\/\/editorasundermann.com.br\/livro\/96-marx-e-a-hist%C3%B3ria\nhttps:\/\/www.estantevirtual.com.br\/busca?utf8=%E2%9C%93&q=gustavo+machado+marx\n\n#Macroeconomia #PIB #Marxismo","original_language":"pt-BR","publication_date":"2025-04-23","duration":0,"url":"https:\/\/www.youtube.com\/watch?v=DqIXuKWBw78","thumbnail":"thumbnails\/DqIXuKWBw78.jpg"},{"video_id":"rCOC7oVNJZg","channel_id":"UCrZTf38EMgrRaNCchAooipw","title":"Por que querem CONTROLAR nosso PRAZER? A ORIGEM da pr0st1tui\u00e740","description":"Na segunda parte do v\u00eddeo sobre sexualidade feminina e prostitui\u00e7\u00e3o  tratamos de compreender qual a fun\u00e7\u00e3o social do controle sobre a sexualidade das mulheres e porque o enfrentamento \u00e0 prostitui\u00e7\u00e3o deve estar ligado a luta pela nossa liberdade plena","original_language":"unknown","publication_date":"2025-04-22","duration":0,"url":"https:\/\/www.youtube.com\/watch?v=rCOC7oVNJZg","thumbnail":"thumbnails\/rCOC7oVNJZg.jpg"},{"video_id":"PxqRt4ZeE2c","channel_id":"UCWBk05FplU93JomQ345w24Q","title":"5 notas sobre o document\u00e1rio como nasce um Bad Boy","description":"Neste v\u00eddeo, numa perspectiva marxista, analisamos como deu a aboli\u00e7\u00e3o da escravid\u00e3o em nosso pa\u00eds. Uma an\u00e1lise bem diferente da Hist\u00f3ria Oficial, criada e repetidamente contada h\u00e1 s\u00e9culos pela classe dominante. Aqui, vamos mostrar a hist\u00f3ria contada a partir do ponto de vista da Senzala, dos quilombos e das ruas em contraposi\u00e7\u00e3o \u00e0 Casa Grande e ao parlamento escravocrata.\n_______________________________\n\nSIGA-ME NAS REDES SOCIAIS\n\nInstagram: https:\/\/www.instagram.com\/hertzdias\/\nFacebook: https:\/\/www.facebook.com\/HertzCDias\n_______________________________\n\nNo CANAL DO HERTZ  \u2014 RA\u00c7A, CLASSE & REVOLU\u00c7\u00c3O, vamos debater temas ligados a quest\u00e3o racial, combinado ao de classe, numa perspectiva marxista.","original_language":"pt-BR","publication_date":"2025-04-20","duration":0,"url":"https:\/\/www.youtube.com\/watch?v=PxqRt4ZeE2c","thumbnail":"thumbnails\/PxqRt4ZeE2c.jpg"},{"video_id":"UYYo-wLE2Ak","channel_id":"UCWBk05FplU93JomQ345w24Q","title":"5 notas sobre o document\u00e1rio como nasce um Bad Boy","description":"Neste v\u00eddeo, numa perspectiva marxista, analisamos como deu a aboli\u00e7\u00e3o da escravid\u00e3o em nosso pa\u00eds. Uma an\u00e1lise bem diferente da Hist\u00f3ria Oficial, criada e repetidamente contada h\u00e1 s\u00e9culos pela classe dominante. Aqui, vamos mostrar a hist\u00f3ria contada a partir do ponto de vista da Senzala, dos quilombos e das ruas em contraposi\u00e7\u00e3o \u00e0 Casa Grande e ao parlamento escravocrata.\n_______________________________\n\nSIGA-ME NAS REDES SOCIAIS\n\nInstagram: https:\/\/www.instagram.com\/hertzdias\/\nFacebook: https:\/\/www.facebook.com\/HertzCDias\n_______________________________\n\nNo CANAL DO HERTZ  \u2014 RA\u00c7A, CLASSE & REVOLU\u00c7\u00c3O, vamos debater temas ligados a quest\u00e3o racial, combinado ao de classe, numa perspectiva marxista.","original_language":"pt-BR","publication_date":"2025-04-20","duration":0,"url":"https:\/\/www.youtube.com\/watch?v=UYYo-wLE2Ak","thumbnail":"thumbnails\/UYYo-wLE2Ak.jpg"},{"video_id":"ctAfR85vh5o","channel_id":"UCWBk05FplU93JomQ345w24Q","title":"5 notas sobre o document\u00e1rio como nasce um Bad Boy","description":"Neste v\u00eddeo, numa perspectiva marxista, analisamos como deu a aboli\u00e7\u00e3o da escravid\u00e3o em nosso pa\u00eds. Uma an\u00e1lise bem diferente da Hist\u00f3ria Oficial, criada e repetidamente contada h\u00e1 s\u00e9culos pela classe dominante. Aqui, vamos mostrar a hist\u00f3ria contada a partir do ponto de vista da Senzala, dos quilombos e das ruas em contraposi\u00e7\u00e3o \u00e0 Casa Grande e ao parlamento escravocrata.\n_______________________________\n\nSIGA-ME NAS REDES SOCIAIS\n\nInstagram: https:\/\/www.instagram.com\/hertzdias\/\nFacebook: https:\/\/www.facebook.com\/HertzCDias\n_______________________________\n\nNo CANAL DO HERTZ  \u2014 RA\u00c7A, CLASSE & REVOLU\u00c7\u00c3O, vamos debater temas ligados a quest\u00e3o racial, combinado ao de classe, numa perspectiva marxista.","original_language":"pt-BR","publication_date":"2025-04-20","duration":0,"url":"https:\/\/www.youtube.com\/watch?v=ctAfR85vh5o","thumbnail":"thumbnails\/ctAfR85vh5o.jpg"},{"video_id":"Nw9mg4Q8jbM","channel_id":"UCRLEkZpNRoZQBG8kUTBD8vQ","title":"RESPONDENDO JONES MANOEL | China, Venezuela e a forma do debate EP #227","description":"Fonte Venezuela: https:\/\/historico.prodavinci.com\/2016\/06\/01\/actualidad\/laminas-presentacion-bases-para-el-diseno-de-un-programa-de-reconstruccion-nacional\/\n\n1) CHINA: ARGUMENTOS DE JONES MANOEL\n O fato da China levar trabalhadores chineses em seu empreendimento \u00e9 \"propaganda americana\"\n China n\u00e3o contrata m\u00e3o de obra africana: fal\u00e1cia do espantalho: cria-se uma afirma\u00e7\u00e3o falsa para refutar algo que o interlocutor nunca disse\n  Eu digo que a China leva trabalhadores chineses para seus projetos \u2192 Isso \u00e9 verdadeiro e comprovado.\n  Jones responde dizendo que a China \"n\u00e3o contrata m\u00e3o de obra africana\"\n \n China Africa Research Initiative (CARI):\n  Em 2019, cerca de 182 mil trabalhadores chineses estavam empregados em projetos chineses na \u00c1frica.\n  Entre 2015 e 2019, o n\u00famero m\u00e9dio de trabalhadores chineses na \u00c1frica foi de cerca de 200 mil por ano.\n\n2) Cr\u00e9dito Chin\u00eas: Origem da cifra de 1,8%\n Esse valor de 1,8% \u00e9 baseado em um estudo da China Africa Research Initiative (CARI), dirigido por Deborah Brautigam\n O valor refere-se \u00e0 propor\u00e7\u00e3o da d\u00edvida p\u00fablica externa total dos pa\u00edses africanos com rela\u00e7\u00e3o ao PIB africano\n \n Dados:\n Segundo o relat\u00f3rio do Jubilee Debt Campaign (2021), 21% da d\u00edvida externa de toda a \u00c1frica \u00e9 com a China\n  A China tamb\u00e9m possui US$ 134 bilh\u00f5es (cerca de R$ 810 bilh\u00f5es) em empr\u00e9stimos pendentes de pa\u00edses africanos.\n\n  Djibouti \u2192 77% da d\u00edvida externa \u00e9 com a China.\n  Zambia \u2192 44% da d\u00edvida externa \u00e9 com a China.\n  Angola \u2192 41% da d\u00edvida externa \u00e9 com a China.\n\n3) Venezuela\n\n Argumento: \u201cningu\u00e9m diz que a Venezuela foi quebrada por empr\u00e9stimos chineses\u201d\n  \n Fonte: As bases para o esbo\u00e7o de um programa de reconstru\u00e7\u00e3o nacional: indicada no in\u00edcio\n \n A Venezuela tem dois tipos de financiamento com a China.\n  (1)  fundo de grande volume e longo prazo\n  (2) fundo chin\u00eas (totalmente em d\u00f3lares, 4 bilh\u00f5es primeiro e, atualmente, 5 bilh\u00f5es), cuja disponibilidade e emprego compete, exclusivamente, ao governo venezuelano.\n  \n  Entre 2009 e 2019 emprestou-lhe quase 62 bilh\u00f5es de d\u00f3lares, segundo a Base de Dados do Financiamento China \u2013 Am\u00e9rica Latina do Di\u00e1logo Interamericano e Universidade de Boston.\n  Soma que representa aproximadamente 40% do financiamento que Pequim concedeu a toda a Am\u00e9rica Latina.\n  A maior parte \u00e9 composta por cr\u00e9ditos pag\u00e1veis em petr\u00f3leo. \n  Em 2016 s\u00f3 foi concedido um grande empr\u00e9stimo, de 2,2 bilh\u00f5es de d\u00f3lares, e para o setor petroleiro. \n  Em 2017, nenhum, dada a preocupa\u00e7\u00e3o da China sobre a sustentabilidade de seus investimentos\n  Em 2017, a China comprou 437.000 barris de petr\u00f3leo venezuelano por dia, ou 5,2% de suas importa\u00e7\u00f5es de petr\u00f3leo bruto.\n  A China cortou em grande parte a Venezuela de novos cr\u00e9ditos e empr\u00e9stimos, deixando para tr\u00e1s uma s\u00e9rie de projetos inacabados.\n  \n  Em 2018, a Venezuela s\u00f3 conseguiu fornecer 332.600 barris por dia, uma queda de 24%, segundo cifras da Ag\u00eancia de Alf\u00e2ndegas em Pequim.\n  As receitas de exporta\u00e7\u00e3o de petr\u00f3leo da Venezuela despencaram, de mais de US$ 73 bilh\u00f5es em 2011 para US$ 22 bilh\u00f5es em 2016.\n     \n  D\u00edvida paga em petr\u00f3leo\n  PDVSA deveria enviar aproximadamente 400.000 barris di\u00e1rios \u00e0 China, por um pre\u00e7o calculado em US$ 50 o barril, para pagar os dois fundos, que t\u00eam regras diferentes.  \n  Por\u00e9m, com a queda do pre\u00e7o a US$ 20 em janeiro, a PDVSA deveria bombear mais petr\u00f3leo com destino \u00e0 China (quase 800.000 barris).\n\n_____________________________________________________________________________\nSEJA MEMBRO e apoie o canal. Bot\u00e3o ADERIR acima ou: \nhttps:\/\/www.youtube.com\/channel\/UCRLEkZpNRoZQBG8kUTBD8vQ\/join\n\nV\u00eddeo sobre ser membro do canal:\nhttps:\/\/www.youtube.com\/watch?v=drvou-obBVU\n_____________________________________________________________________________\nSiga as p\u00e1ginas do canal Orienta\u00e7\u00e3o Marxista nas Redes Sociais\n\nFACEBOOK:    https:\/\/www.facebook.com\/Orienta\u00e7\u00e3o-Marxista-111673690190915\nTWITTER:       https:\/\/twitter.com\/orient_marxista\nINSTAGRAM: https:\/\/www.instagram.com\/orient.marxista\n_____________________________________________________________________________\nLeia o blog Teoria e Revolu\u00e7\u00e3o:\nhttps:\/\/teoriaerevolucao.pstu.org.br\n_____________________________________________________________________________\nO livro do autor desse canal (Marx e a Hist\u00f3ria: das particularidades nacionais \u00e0 universalidade da revolu\u00e7\u00e3o socialista )  pode ser adquirido nos seguintes endere\u00e7os:\nhttps:\/\/editorasundermann.com.br\/livro\/96-marx-e-a-hist%C3%B3ria\nhttps:\/\/www.estantevirtual.com.br\/busca?utf8=%E2%9C%93&q=gustavo+machado+marx\n\n#JonesManoel #China #Venezuela","original_language":"pt","publication_date":"2025-04-19","duration":0,"url":"https:\/\/www.youtube.com\/watch?v=Nw9mg4Q8jbM","thumbnail":"thumbnails\/Nw9mg4Q8jbM.jpg"},{"video_id":"z3NBSZNfx6Y","channel_id":"UC4QQ1pY2lD3DhthIJ1LFEBw","title":"O Segredo dos povos ind\u00edgenas para defender a Terra - EP #11","description":"Nesse epis\u00f3dio vamos explicar que os povos ind\u00edgenas s\u00e3o muito mais do guardi\u00f5es da floresta. Sua rela\u00e7\u00e3o com a natureza n\u00e3o s\u00f3 \u00e9 fundamental para a preserva\u00e7\u00e3o, como tamb\u00e9m produziu boa parte da biodiversidade atual. Tamb\u00e9m explicamos porque seus inimigos atacam tanto seus direitos. \n\n_______________________________\nSIGA-ME NAS REDES SOCIAIS\n\nInstagram:     \/ https:\/\/www.instagram.com\/eco.politicamarxista\/\n_______________________________\n\n\ud83d\udcda Refer\u00eancias\n\n\u25ba GODELIER, Maurice. Lo ideal y lo material. Madri: Ed. Tautus Humanidades, 1989. \n\n\u25ba DIEGUES, A. C. S. O mito moderno da natureza intocada. 3. ed. S\u00e3o Paulo: Hucitec, N\u00facleo de Apoio \u00e0 Pesquisa sobre Popula\u00e7\u00f5es Humanas e \u00c1reas \u00damidas Brasileiras, 1998. \n\n\u25ba DESCOLA, Philippe. Ecologia e Cosmologia. In CASTRO, Edna; PITON, Florence. Faces do Tr\u00f3pico \u00damido. Conceitos e quest\u00f5es sobre Desenvolvimento e Meio Ambiente. Ed. Cejup, Bel\u00e9m 1997, p. 243-261. \n\n\u25ba BAL\u00c9E, W. Cultura na vegeta\u00e7\u00e3o da Amaz\u00f4nia brasileira. In: NEVES, W. A. (Org.). Biologia e ecologia humana na Amaz\u00f4nia: avalia\u00e7\u00e3o e perspectivas. Bel\u00e9m: Museu Paraense Em\u00edlio Goeldi\/CNPq, 1989. p. 95-109 \n\n\u25ba MOR\u00c1N, Em\u00edlio. A ecologia humana das popula\u00e7\u00f5es da Amaz\u00f4nia. Rio de Janeiro: Vozes, 1990. \n\n\u25ba POSEY, D. Manejo da floresta secund\u00e1ria, capoeiras, campos cerrados (Kayap\u00f3). In: Sumula Etnol\u00f3gica brasileira. Petr\u00f3polis: Vozes, 1986, p. 173-185. \n\n\u25ba STRAUSS, C. L. O Pensamento Selvagem. Campinas: Papirus, 2012. \n\n\u25ba VIVEIROS DE CASTRO, Eduardo A Inconst\u00e2ncia da Alma Selvagem e Outros Ensaios de Antropologia. S\u00e3o Paulo: Cosac & Naify, 2002. \n\n\u25ba NEVES, Eduardo Goes. Sob os tempos do equin\u00f3cio: oito mil anos de hist\u00f3ria da Amaz\u00f4nia Central. . S\u00e3o Paulo: Ubu Editora. . Acesso em: 18 abr. 2025., 2022.","original_language":"pt-BR","publication_date":"2025-04-19","duration":0,"url":"https:\/\/www.youtube.com\/watch?v=z3NBSZNfx6Y","thumbnail":"thumbnails\/z3NBSZNfx6Y.jpg"},{"video_id":"CCoKYuH6HJQ","channel_id":"UCqISa9Yx1nHe-YEWTk40EbQ","title":"Absoluci\u00f3n para Ana Contreras","description":"El pasado 9 de abril, el juez Maximiliano Boga Doyhenard del Juzgado Contravencional de la Segunda Circunscripci\u00f3n Judicial de General Pico, La Pampa, dict\u00f3 una sentencia in\u00e9dita y alarmante: la docente Ana Contreras fue multada con casi un mill\u00f3n de pesos y sancionada penalmente. Su \u201ccrimen\u201d fue abordar en el aula el tema Derechos Humanos y Terrorismo de Estado en Argentina lo que deriv\u00f3 en un debate sobre el derecho internacional humanitario la ocupaci\u00f3n israel\u00ed en la Franja de Gaza.\nDesde hace m\u00e1s de un a\u00f1o, Ana fue sometida a un agotador proceso judicial que dej\u00f3 secuelas en su salud. Ahora este fallo, no solo compromete su situaci\u00f3n econ\u00f3mica sino tambi\u00e9n su carrera profesional al haber sido criminalizada.\nLa condena a Ana no es un caso aislado. Por el contario, por un lado, es parte de la persecuci\u00f3n y el asedio que, por diversas razones, sufren muchos docentes por parte de directivos y autoridades educativas. Por el otro, es un ejemplo m\u00e1s de la complicidad del conjunto del r\u00e9gimen pol\u00edtico y judicial argentino (el gobierno de Javier Milei, los gobernadores y los jueces) con los atroces cr\u00edmenes que comete el Estado de Israel contra el pueblo palestino que se expresa en la judicializaci\u00f3n de todo aquel que cr\u00edtica p\u00fablicamente estos cr\u00edmenes.\nRecientemente, el jueza federal Daniel Rafecas proces\u00f3 a la diputada nacional Vanina Biasi (FITU-PO) y le dict\u00f3 un embargo por 10.000.000 de pesos, por una serie de tuits en los que Vanina calificaba de genocida la acci\u00f3n del Estado de Israel en Gaza.     \nAnte la condena a Ana Contreras, numeroso docentes han lanzado un \u201cllamado urgente a la acci\u00f3n: necesitamos el respaldo masivo de organizaciones sociales, sindicatos, periodistas, medios de comunicaci\u00f3n y figuras p\u00fablicas para frenar este ataque a la educaci\u00f3n p\u00fablica, laica y gratuita. La difusi\u00f3n inmediata y la presi\u00f3n colectiva son esenciales\u201d. \nTal como expresa In\u00e9s Mi\u00f1o (docente jubilada de La Matanza) el PSTU y Frente \u00edndigo apoyan e impulsan esta campa\u00f1a.","original_language":"es","publication_date":"2025-04-15","duration":0,"url":"https:\/\/www.youtube.com\/watch?v=CCoKYuH6HJQ","thumbnail":"thumbnails\/CCoKYuH6HJQ.jpg"},{"video_id":"tkQveznPH2Y","channel_id":"UCWBk05FplU93JomQ345w24Q","title":"O TARIFA\u00c7O de TRUMP E A PODRID\u00c3O DO CAPITALISMO","description":"Neste v\u00eddeo, numa perspectiva marxista, analisamos como deu a aboli\u00e7\u00e3o da escravid\u00e3o em nosso pa\u00eds. Uma an\u00e1lise bem diferente da Hist\u00f3ria Oficial, criada e repetidamente contada h\u00e1 s\u00e9culos pela classe dominante. Aqui, vamos mostrar a hist\u00f3ria contada a partir do ponto de vista da Senzala, dos quilombos e das ruas em contraposi\u00e7\u00e3o \u00e0 Casa Grande e ao parlamento escravocrata.\n_______________________________\n\nSIGA-ME NAS REDES SOCIAIS\n\nInstagram: https:\/\/www.instagram.com\/hertzdias\/\nFacebook: https:\/\/www.facebook.com\/HertzCDias\n_______________________________\n\nNo CANAL DO HERTZ  \u2014 RA\u00c7A, CLASSE & REVOLU\u00c7\u00c3O, vamos debater temas ligados a quest\u00e3o racial, combinado ao de classe, numa perspectiva marxista.","original_language":"pt-BR","publication_date":"2025-04-15","duration":0,"url":"https:\/\/www.youtube.com\/watch?v=tkQveznPH2Y","thumbnail":"thumbnails\/tkQveznPH2Y.jpg"},{"video_id":"vOk8J5CJdco","channel_id":"UCWBk05FplU93JomQ345w24Q","title":"Cassa\u00e7\u00e3o de Glauber Braga, Nomea\u00e7\u00e3o de Pedro Lucas","description":"Deputado Maranhense defensor de golpista \u00e9 nomeado por Lula para o Minist\u00e9rio das Comunica\u00e7\u00f5es\n\nV\u00eddeo em solidariedade ao deputado federal Glauber Braga, do PSOL, que foi cassado no Conselho de \u00c9tica da C\u00e2mara dos Deputados. O argumento para cassa\u00e7\u00e3o de que Glauber, de que ele teria agredido um ativista provocador do MBL, \u00e9 uma verdadeira farsa. \nGlauber t\u00e1 sendo perseguido por ter denunciado o or\u00e7amento Secreto. \nDenunciamos tamb\u00e9m a postura do governo Lula que al\u00e9m de n\u00e3o se posicionar contra a cassa\u00e7\u00e3o de Glauber ainda nomeia para Ministro das Comunica\u00e7\u00f5es um deputado federal do Maranh\u00e3o que defender anistia aos golpistas do 8J. Assista ao v\u00eddeo, opine e ajude a divulgar,\n_______________________________\n\nSIGA-ME NAS REDES SOCIAIS\n\nInstagram: https:\/\/www.instagram.com\/hertzdias\/\nFacebook: https:\/\/www.facebook.com\/HertzCDias\n_______________________________\n\nNo CANAL DO HERTZ  \u2014 RA\u00c7A, CLASSE & REVOLU\u00c7\u00c3O, vamos debater temas ligados a quest\u00e3o racial, combinado ao de classe, numa perspectiva marxista.","original_language":"pt-BR","publication_date":"2025-04-14","duration":0,"url":"https:\/\/www.youtube.com\/watch?v=vOk8J5CJdco","thumbnail":"thumbnails\/vOk8J5CJdco.jpg"},{"video_id":"SaaofhfhJyo","channel_id":"UCWBk05FplU93JomQ345w24Q","title":"O TARIFA\u00c7O de TRUMP E A PODRID\u00c3O DO CAPITALISMO","description":"Neste v\u00eddeo, buscamos fazer um breve resgate hist\u00f3rico do desenvolvimento do capitalismo, mostrando que a partir do s\u00e9culo XIX, mas precisamente depois da segunda metade deste s\u00e9culo, o capitalismo entra em sua fase essencialmente destrutiva: a imperialista. Aquilo que foi fundamental para o desenvolvimento do pr\u00f3prio capitalismo, a raz\u00e3o da sua exist\u00eancia, a livre concorr\u00eancia deixa de existir, prevalecendo os grandes monop\u00f3lio. As disputas entes as na\u00e7\u00f5es mais poderosas e entres burguesias n\u00e3o se resolvem mais no campo da livre concorr\u00eancia, mas no campo da guerra, seja fiscal, seja b\u00e9lico. \n\n\nLink do artigo de Eduardo Almeida sobre as raz\u00f5es e os impactos  do tarifa\u00e7o de Trump. https:\/\/g1.globo.com\/economia\/noticia\/2025\/04\/11\/tarifaco-de-trump-provoca-boicote-internacional-a-produtos-dos-eua.ghtml\n\n _______________________________\n\nSIGA-ME NAS REDES SOCIAIS\n\nInstagram: https:\/\/www.instagram.com\/hertzdias\/\nFacebook: https:\/\/www.facebook.com\/HertzCDias\n_______________________________\n\nNo CANAL DO HERTZ  \u2014 RA\u00c7A, CLASSE & REVOLU\u00c7\u00c3O, vamos debater temas ligados a quest\u00e3o racial, combinado ao de classe, numa perspectiva marxista.","original_language":"pt-BR","publication_date":"2025-04-13","duration":0,"url":"https:\/\/www.youtube.com\/watch?v=SaaofhfhJyo","thumbnail":"thumbnails\/SaaofhfhJyo.jpg"},{"video_id":"RAbGRa0yc2s","channel_id":"UCRLEkZpNRoZQBG8kUTBD8vQ","title":"CHINA: EM TRANSI\u00c7\u00c3O PARA O SOCIALISMO? | Destrinchando o capitalismo chin\u00eas  EP #226","description":"1 \u2013 A CHINA NA DIVIS\u00c3O INTERNACIONAL DO TRABALHO\n     Pseudoci\u00eancia Da Macroeconomia\n     Dimens\u00e3o do capital chin\u00eas no mundo\n     Altera\u00e7\u00f5es da divis\u00e3o internacional do trabalho\n2 \u2013 DESNUDANDO O CAPITAL CHIN\u00caS\n     Capital Estatal Versus Capital Privado\n     Divis\u00e3o do capital chin\u00eas por setor\n     Falsa dicotomia: setor capitalista versus setor estatal\n     Setor de meios de produ\u00e7\u00e3o e bens de consumo final\n     Produtividade do capital chin\u00eas no mundo\n3 \u2013 A CHINA \u00c9 IMPERIALISTA?\n     Monop\u00f3lios\n     Capital financeiro\n     Exporta\u00e7\u00e3o de capital\n     Associa\u00e7\u00f5es capitalistas\n     Partilha do mundo entre as pot\u00eancias\n4 \u2013 COMO A CHINA SE TORNOU IMPERIALISTA\n     Restaura\u00e7\u00e3o Capitalista Em 1978\n     Outras condi\u00e7\u00f5es\n     Estrat\u00e9gia de desenvolvimento\n     Exemplo do setor automobil\u00edstico\n     Superexplora\u00e7\u00e3o da for\u00e7a de trabalho\n5 \u2013 \u201cARGUMENTOS\u201d DA CHINA SOCIALISTA\n     Caracter\u00edsticas necess\u00e1rias do capitalismo\n     Estado \u00e9 propriet\u00e1rio dos meios de produ\u00e7\u00e3o?\n     Socialismo moderno se explica pelas estatais?\n\nCONCLUS\u00d5ES\n\nEstudo do ILAESE sobre as altera\u00e7\u00f5es recentes na divis\u00e3o internacional do trabalho.\nhttps:\/\/litci.org\/pt\/2025\/01\/21\/uma-analise-do-situacao-mundial-do-capitalismo-neste-seculo-a-partir-das-suas-maiores-empesas\/?utm_source=copylink&utm_medium=browser\n_____________________________________________________________________________\nV\u00eddeo sugerido:\n IMPERIALISMO EM L\u00caNIN | Entenda EP #224 \nhttps:\/\/www.youtube.com\/watch?v=MEhm2WAPV6g\n\n_____________________________________________________________________________\nSEJA MEMBRO e apoie o canal. Bot\u00e3o ADERIR acima ou: \nhttps:\/\/www.youtube.com\/channel\/UCRLEkZpNRoZQBG8kUTBD8vQ\/join\n\nV\u00eddeo sobre ser membro do canal:\nhttps:\/\/www.youtube.com\/watch?v=drvou-obBVU\n_____________________________________________________________________________\nSiga as p\u00e1ginas do canal Orienta\u00e7\u00e3o Marxista nas Redes Sociais\n\nFACEBOOK:    https:\/\/www.facebook.com\/Orienta\u00e7\u00e3o-Marxista-111673690190915\nTWITTER:       https:\/\/twitter.com\/orient_marxista\nINSTAGRAM: https:\/\/www.instagram.com\/orient.marxista\n_____________________________________________________________________________\nLeia o blog Teoria e Revolu\u00e7\u00e3o:\nhttps:\/\/teoriaerevolucao.pstu.org.br\n_____________________________________________________________________________\nO livro do autor desse canal (Marx e a Hist\u00f3ria: das particularidades nacionais \u00e0 universalidade da revolu\u00e7\u00e3o socialista )  pode ser adquirido nos seguintes endere\u00e7os:\nhttps:\/\/editorasundermann.com.br\/livro\/96-marx-e-a-hist%C3%B3ria\nhttps:\/\/www.estantevirtual.com.br\/busca?utf8=%E2%9C%93&q=gustavo+machado+marx\n\n#China #Capitalismo #Socialismo","original_language":"pt-BR","publication_date":"2025-04-12","duration":0,"url":"https:\/\/www.youtube.com\/watch?v=RAbGRa0yc2s","thumbnail":"thumbnails\/RAbGRa0yc2s.jpg"},{"video_id":"BK0S9sW6Cq4","channel_id":"UCrZTf38EMgrRaNCchAooipw","title":"KIM KATAGUIRI quer botar MORAL","description":"O deputado federal Kim Kataguiri (Uni\u00e3o Brasil\/SP) quer aprovar um projeto de lei que pro\u00edbe as mulheres de se prostitu\u00edrem nas ruas. No v\u00eddeo de hoje vamos falar sobre o que est\u00e1 por tr\u00e1s desse discurso moralista e higienista. Al\u00e9m de discutirmos quais medidas s\u00e3o realmente necess\u00e1rias para enfrentar a explora\u00e7\u00e3o sexual de mulheres","original_language":"unknown","publication_date":"2025-04-09","duration":0,"url":"https:\/\/www.youtube.com\/watch?v=BK0S9sW6Cq4","thumbnail":"thumbnails\/BK0S9sW6Cq4.jpg"},{"video_id":"kjZsGAhMo8s","channel_id":"UCWBk05FplU93JomQ345w24Q","title":"No title","description":"No description","original_language":"unknown","publication_date":"2025-04-08","duration":0,"url":"https:\/\/www.youtube.com\/watch?v=kjZsGAhMo8s","thumbnail":"thumbnails\/default.jpg"},{"video_id":"zDwla6MSQS4","channel_id":"UCWBk05FplU93JomQ345w24Q","title":"Futuro Interrompido: Crian\u00e7as e Adolescentes na mira da PM","description":"Na \u00faltima semana, os jornais noticiaram que sob a gest\u00e3o de Tarc\u00edsio e Derrite, mais que dobrou o n\u00famero de crian\u00e7as e adolescentes mortos pela PM. Essa viol\u00eancia absurda se repete por todo o Brasil.\n\nPor isso, nesta quarta-feira, dia 9 de abril, \u00e0s 19h, o Opini\u00e3o vai conversar com m\u00e3es de v\u00edtimas e ativistas de v\u00e1rias partes do pa\u00eds para trazer a realidade que os governos burgueses tentam esconder.","original_language":"en-US","publication_date":"2025-04-08","duration":0,"url":"https:\/\/www.youtube.com\/watch?v=zDwla6MSQS4","thumbnail":"thumbnails\/zDwla6MSQS4.jpg"},{"video_id":"UD4naWEcSq0","channel_id":"UCWBk05FplU93JomQ345w24Q","title":"N\u00edcolas Ferreira mente sobre Rosa Parks","description":"Neste v\u00eddeo desmontamos a fala do deputado da ultradireita, Nicolas Ferreira, que usa, de maneira c\u00ednica e oportunista, a imagem da afro-americana Rosa Parks para justificar a sua defesa pela anistia para os golpistas do 8J de 2023.\nMais do que isso, ele n\u00e3o cita um \"a\" dos \"peixes grandes\" como Bolsonaro e a c\u00fapula das armadas que planejaram o golpe e o assassinato de Moraes, Lula e Alckmin.\n#rosaparks \n#nicolasferreira \n#semanistia \n#8january \n_______________________________\n\nSIGA-ME NAS REDES SOCIAIS\n\nInstagram: https:\/\/www.instagram.com\/hertzdias\/\nFacebook: https:\/\/www.facebook.com\/HertzCDias\n_______________________________\n\nNo CANAL DO HERTZ  \u2014 RA\u00c7A, CLASSE & REVOLU\u00c7\u00c3O, vamos debater temas ligados a quest\u00e3o racial, combinado ao de classe, numa perspectiva marxista.","original_language":"pt-BR","publication_date":"2025-04-06","duration":0,"url":"https:\/\/www.youtube.com\/watch?v=UD4naWEcSq0","thumbnail":"thumbnails\/UD4naWEcSq0.jpg"},{"video_id":"lBKDiiFSucc","channel_id":"UCWBk05FplU93JomQ345w24Q","title":"Ronaldo Fen\u00f4meno: o trof\u00e9u negro nas m\u00e3os dos racistas da COMEBOL","description":"Neste v\u00eddeo, numa perspectiva marxista, analisamos como deu a aboli\u00e7\u00e3o da escravid\u00e3o em nosso pa\u00eds. Uma an\u00e1lise bem diferente da Hist\u00f3ria Oficial, criada e repetidamente contada h\u00e1 s\u00e9culos pela classe dominante. Aqui, vamos mostrar a hist\u00f3ria contada a partir do ponto de vista da Senzala, dos quilombos e das ruas em contraposi\u00e7\u00e3o \u00e0 Casa Grande e ao parlamento escravocrata.\n_______________________________\n\nSIGA-ME NAS REDES SOCIAIS\n\nInstagram: https:\/\/www.instagram.com\/hertzdias\/\nFacebook: https:\/\/www.facebook.com\/HertzCDias\n_______________________________\n\nNo CANAL DO HERTZ  \u2014 RA\u00c7A, CLASSE & REVOLU\u00c7\u00c3O, vamos debater temas ligados a quest\u00e3o racial, combinado ao de classe, numa perspectiva marxista.","original_language":"pt-BR","publication_date":"2025-04-06","duration":0,"url":"https:\/\/www.youtube.com\/watch?v=lBKDiiFSucc","thumbnail":"thumbnails\/lBKDiiFSucc.jpg"},{"video_id":"JGR6vok9fHI","channel_id":"UCWBk05FplU93JomQ345w24Q","title":"Ronaldo Fen\u00f4meno: o trof\u00e9u negro nas m\u00e3os dos racistas da COMEBOL","description":"Neste v\u00eddeo, numa perspectiva marxista, analisamos como deu a aboli\u00e7\u00e3o da escravid\u00e3o em nosso pa\u00eds. Uma an\u00e1lise bem diferente da Hist\u00f3ria Oficial, criada e repetidamente contada h\u00e1 s\u00e9culos pela classe dominante. Aqui, vamos mostrar a hist\u00f3ria contada a partir do ponto de vista da Senzala, dos quilombos e das ruas em contraposi\u00e7\u00e3o \u00e0 Casa Grande e ao parlamento escravocrata.\n_______________________________\n\nSIGA-ME NAS REDES SOCIAIS\n\nInstagram: https:\/\/www.instagram.com\/hertzdias\/\nFacebook: https:\/\/www.facebook.com\/HertzCDias\n_______________________________\n\nNo CANAL DO HERTZ  \u2014 RA\u00c7A, CLASSE & REVOLU\u00c7\u00c3O, vamos debater temas ligados a quest\u00e3o racial, combinado ao de classe, numa perspectiva marxista.","original_language":"pt-BR","publication_date":"2025-04-05","duration":0,"url":"https:\/\/www.youtube.com\/watch?v=JGR6vok9fHI","thumbnail":"thumbnails\/JGR6vok9fHI.jpg"},{"video_id":"Mo3JDT6eEZ4","channel_id":"UCWBk05FplU93JomQ345w24Q","title":"O racismo no futebol \u00e9 simples reflexo da sociedade?","description":"E o racismo no futebol, \u00e9 uma simples manifesta\u00e7\u00e3o do racismo da sociedade? Os esportes s\u00e3o ou n\u00e3o s\u00e3o parte da sociedade? O espa\u00e7o futebol\u00edstico s\u00f3 reflete passivamente o \"racismo da sociedade\" ou tamb\u00e9m pode produzir e reproduzir ativamente as opress\u00f5es? \n\nFizemos este breve v\u00eddeo para emitir uma opini\u00e3o introdut\u00f3ria ao tema. Opine a\u00ed, vamos debater o tema, blz?\n\nInscreva-se no canal e n\u00e3o esque\u00e7a de acionar o sininho para receber notifica\u00e7\u00f5es de v\u00eddeos novos!\n_______________________________\n\nSIGA-ME NAS REDES SOCIAIS\n\nInstagram: https:\/\/www.instagram.com\/hertzdias\/\nFacebook: https:\/\/www.facebook.com\/HertzCDias\n_______________________________\n\nNo CANAL DO HERTZ  \u2014 RA\u00c7A, CLASSE & REVOLU\u00c7\u00c3O, vamos debater temas ligados a quest\u00e3o racial, combinado ao de classe, numa perspectiva marxista.","original_language":"pt-BR","publication_date":"2025-04-05","duration":0,"url":"https:\/\/www.youtube.com\/watch?v=Mo3JDT6eEZ4","thumbnail":"thumbnails\/Mo3JDT6eEZ4.jpg"},{"video_id":"SobUsRY7TqM","channel_id":"UCWBk05FplU93JomQ345w24Q","title":"O racismo no futebol \u00e9 simples reflexo da sociedade ?","description":"E o racismo no futebol, \u00e9 uma simples manifesta\u00e7\u00e3o do racismo da sociedade? Os esportes s\u00e3o ou n\u00e3o s\u00e3o parte da sociedade? O espa\u00e7o futebol\u00edstico s\u00f3 reflete passivamente o \"racismo da sociedade\" ou tamb\u00e9m pode produzir e reproduzir ativamente as opress\u00f5es? \n\nFizemos este breve v\u00eddeo para emitir uma opini\u00e3o introdut\u00f3ria ao tema. Opine a\u00ed, vamos debater o tema, blz?\n\nInscreva-se no canal e n\u00e3o esque\u00e7a de acionar o sininho para receber notifica\u00e7\u00f5es de v\u00eddeos novos!\n_______________________________\n\nSIGA-ME NAS REDES SOCIAIS\n\nInstagram: https:\/\/www.instagram.com\/hertzdias\/\nFacebook: https:\/\/www.facebook.com\/HertzCDias\n_______________________________\n\nNo CANAL DO HERTZ  \u2014 RA\u00c7A, CLASSE & REVOLU\u00c7\u00c3O, vamos debater temas ligados a quest\u00e3o racial, combinado ao de classe, numa perspectiva marxista.","original_language":"pt-BR","publication_date":"2025-04-05","duration":0,"url":"https:\/\/www.youtube.com\/watch?v=SobUsRY7TqM","thumbnail":"thumbnails\/SobUsRY7TqM.jpg"},{"video_id":"Rp6cc8Hn1pw","channel_id":"UCqISa9Yx1nHe-YEWTk40EbQ","title":"Mendoza: \u00a1Basta de persecuci\u00f3n a quienes luchan contra la megaminer\u00eda contaminante!","description":"El gobernador mendocino Miguel Cornejo (aliado y sost\u00e9n del gobierno de Javier Milei) viene impulsando la instalaci\u00f3n de varios proyectos de megaminer\u00eda a cielo abierto en Mendoza que utilizan sustancias t\u00f3xicas para separar el mineral que contaminan gravemente el agua y los r\u00edos de la regi\u00f3n donde se instalan. Uno de ellos, es el proyecto San Jorge: una gran mina de cobre en el Valle Uspallata de la multinaciopnal Solway Holding, que utilizar\u00e1 xantatos, altamente contaminantes y peligrosos para la salud y el medio ambiente.\nEl gobernador mendocino sigue los pasos del gobierno nacional de Javier Milei: entregar los recursos naturales a las multinacionales y, al mismo tiempo, destruir la naturaleza y el h\u00e1bitat de las poblaciones.\nAnte ello, se han conformado asambleas de vecinos de la regi\u00f3n y otras localidades del departamento Las Heras. Frente al proyecto minero, ellos proponen la creaci\u00f3n del \u00c1rea Protegida Uspallata\u00b4Polavaredas. Denuncian que, de concretarse ese proyecto minero, \u201cTodo el ambiente natural y social del Valle Uspallata estar\u00eda en grav\u00edsimo riesgo con el uso de sustancias t\u00f3xicas\u201d. Al mismo tiempo, significar\u00eda un peligro para la gran mayor\u00eda de los mendocinos que \u201cvive aguas abajo, en las cuencas de los r\u00edos Mendoza y Tunuy\u00e1n inferior\u201d que se ver\u00edan afectados por la contaminaci\u00f3n.   \nPor eso, han comenzado a movilizarse contra este proyecto. La respuesta del gobierno y la Justicia de Mendoza ha sido similar a la de sus mentores Milei-Bullrich: iniciar procesos judiciales con denuncias falsas que condujeron a la detenci\u00f3n de dos referentes de esta lucha: Mauricio Cornejo y Federico Soria. \nAnte ello, se ha iniciado una campa\u00f1a nacional exigiendo su inmediata liberaci\u00f3n y el fin de la persecuci\u00f3n judicial a ellos y a otros participantes de las movilizaciones. Como parte de esta campa\u00f1a, circula un petitorio que ya han firmado n\u00fameros organizaciones y personalidades pol\u00edticas, sindicales, sociales y ambientalistas.  \n \nLos abajo firmantes exigimos la inmediata libertad de Mauricio Cornejo y el cese de la persecuci\u00f3n a Federico Soria, ambos luchadores contra la #MEGAMINER\u00cdA contaminante que avanza a trav\u00e9s del Proyecto San Jorge en la provincia de #Mendoza.\n\u00a1Basta de perseguir a los que luchan!\n\u00a1Basta de saqueo y represi\u00f3n!\n\u00a1Luchar no es delito!\n\nEl PSTU apoya e impulsa activamente esta campa\u00f1a.","original_language":"es","publication_date":"2025-04-01","duration":0,"url":"https:\/\/www.youtube.com\/watch?v=Rp6cc8Hn1pw","thumbnail":"thumbnails\/Rp6cc8Hn1pw.jpg"},{"video_id":"G49_ItZdzJs","channel_id":"UCWBk05FplU93JomQ345w24Q","title":"Jos\u00e9 Sarney: defensor da democracia ou da ditadura ?","description":"Neste v\u00eddeo fazemos um contraponto as narrativas que grupos pol\u00edticos, econ\u00f4micos e midi\u00e1ticos est\u00e3o tentando construir a respeito da figura pol\u00edtica do ex-presidente, Jos\u00e9 Sarney, como \" o homem que devolveu a democracia ao povo\" ou como ele mesmo diz \" N\u00e3o deixei a democracia morrer em minhas m\u00e3os\".\n\n Nos limitamos apresentar fatos que demonstram o oposto desta narrativa , ou seja, que mesmo antes da ditadura, Sarney j\u00e1 era membro de uma organiza\u00e7\u00e3o pol\u00edtica golpista, a UDN, e que na ditadura foi membro do membro da ARENA, partido criado para dar legitimidade as persegui\u00e7\u00f5es, pris\u00f5es e torturas praticadas pela ditadura c\u00edvico, militar e empresarial do Brasil.\n\n\nTalvez tenha faltado uma coisa importante no v\u00eddeo: a de demonstrar que , infelizmente, essa narrativa de glamouriza\u00e7\u00e3o pol\u00edtica de Sarney \u00e9 refor\u00e7ada pela alian\u00e7a incondicional que o PT t\u00eam mantido com o grupo Sarney h\u00e1 anos, assim como o PCdoB que no Maranh\u00e3o comp\u00f4s governo de Roseana Sarney por 8 anos (1994-2002).\n\n No mais, esperamos que vcs gostem do v\u00eddeo e compartilhem o mesmo com pra geral.\n_______________________________\n\nSIGA-ME NAS REDES SOCIAIS\n\nInstagram: https:\/\/www.instagram.com\/hertzdias\/\nFacebook: https:\/\/www.facebook.com\/HertzCDias\n_______________________________\n\nNo CANAL DO HERTZ  \u2014 RA\u00c7A, CLASSE & REVOLU\u00c7\u00c3O, vamos debater temas ligados a quest\u00e3o racial, combinado ao de classe, numa perspectiva marxista.","original_language":"pt-BR","publication_date":"2025-03-29","duration":0,"url":"https:\/\/www.youtube.com\/watch?v=G49_ItZdzJs","thumbnail":"thumbnails\/G49_ItZdzJs.jpg"},{"video_id":"x_RI4vDkZqk","channel_id":"UCWBk05FplU93JomQ345w24Q","title":"Jos\u00e9 Sarney: defensor da democracia ou da ditadura ?","description":"Neste v\u00eddeo fazemos um contraponto as narrativas que grupos pol\u00edticos, econ\u00f4micos e midi\u00e1ticos est\u00e3o tentando construir a respeito da figura pol\u00edtica do ex-presidente, Jos\u00e9 Sarney, como \" o homem que devolveu a democracia ao povo\" ou como ele mesmo diz \" N\u00e3o deixei a democracia morrer em minhas m\u00e3os\".\nTentamos presentar alguns fatos que demonstram de maneira incontest\u00e1vel o oposto desta narrativa , ou seja, que mesmo antes da ditadura, Sarney j\u00e1 era membro de uma organiza\u00e7\u00e3o pol\u00edtica golpista, a UDN, e que na ditadura foi membro do membro da ARENA, partido criado para dar legitimidade as persegui\u00e7\u00f5es, pris\u00f5es e torturas praticadas pela ditadura c\u00edvico, militar e empresarial do Brasil.\n\n\nTalvez tenha faltado uma coisa importante no v\u00eddeo: a de demonstrar que , infelizmente, essa narrativa de glamouriza\u00e7\u00e3o pol\u00edtica de Sarney \u00e9 refor\u00e7ada pela alian\u00e7a incondicional que o PT t\u00eam mantido com o grupo Sarney h\u00e1 anos, assim como o PCdoB que no Maranh\u00e3o comp\u00f4s governo de Roseana Sarney por 8 anos (1994-2002).\n\n No mais, esperamos que vcs gostem do v\u00eddeo e compartilhem o mesmo com pra geral.\n\nSIGA-ME NAS REDES SOCIAIS\n\nInstagram: https:\/\/www.instagram.com\/hertzdias\/\nFacebook: https:\/\/www.facebook.com\/HertzCDias\n_______________________________\n\nNo CANAL DO HERTZ  \u2014 RA\u00c7A, CLASSE & REVOLU\u00c7\u00c3O, vamos debater temas ligados a quest\u00e3o racial, combinado ao de classe, numa perspectiva marxista.","original_language":"pt-BR","publication_date":"2025-03-29","duration":0,"url":"https:\/\/www.youtube.com\/watch?v=x_RI4vDkZqk","thumbnail":"thumbnails\/x_RI4vDkZqk.jpg"},{"video_id":"MEhm2WAPV6g","channel_id":"UCRLEkZpNRoZQBG8kUTBD8vQ","title":"No title","description":"No description","original_language":"unknown","publication_date":"2025-03-26","duration":0,"url":"https:\/\/www.youtube.com\/watch?v=MEhm2WAPV6g","thumbnail":"thumbnails\/default.jpg"},{"video_id":"V0hOsnZATWM","channel_id":"UCqISa9Yx1nHe-YEWTk40EbQ","title":"24M: gran jornada de lucha contra el gobierno de Milei","description":"El lunes 24 de marzo pasado, se realizaron en Buenos Aires y otras ciudades del pa\u00eds los tradicionales actos en repudio al golpe de Estado de 1976 y a la sangrienta Dictadura que se instal\u00f3 en el poder con 30.000 asesinados y decenas de miles de secuestrados y detenidos.  Ante la previsi\u00f3n que ser\u00edan actos muy masivos, la ministra de Seguridad del gobierno de Milei, anunci\u00f3 que no aplicar\u00eda el Protocolo Antipiquetes con el cual realiza un gran despliegue de fuerzas represivas y ataca las movilizaciones. En Buenos Aires se estima que hubo no menos de 200.000 manifestantes y varios miles m\u00e1s participaron en las otras ciudades del pa\u00eds. Nuevamente qued\u00f3 demostrado que las movilizaciones masivas obligan al gobierno de Milei y a Patricia Bullrich a retroceder en su pol\u00edtica represiva.\nEl gobierno opt\u00f3 por una campa\u00f1a medi\u00e1tica, a trav\u00e9s de un video y comunicados en el quesu posici\u00f3n negacionista sobre la Dictadura. Por un lado, minimizando el n\u00famero de asesinados. Por eso, muchos carteles en la Plaza de Mayo dec\u00edan \u201cSon 30.000\u201d.  Por el otro, niega el car\u00e1cter de terrorismo de Estado de la represi\u00f3n de esos a\u00f1os.   \nLa respuesta en las calles a esta campa\u00f1a fue contundente. Se trat\u00f3 de una actividad unitaria. Sin embargo, en el acto de Buenos Aires, se presentaron dos documentos. Uno de ellos fue le\u00eddo por Estela de Carlotto de la organizaci\u00f3n de Abuelas de Plaza de Mayo (alineada con el kirchnerimo) desde el palco central instalado en la Plaza de Mayo. El otro documento fue elaborado por el Encuentro Memoria y Justicia, integrado por diversos organismos de derecho humanos y respaldado por numerosas organizaciones de izquierda.\nEl PSTU impuls\u00f3 y particip\u00f3 de lleno estos grandes actos. Esta jornada de movilizaciones masivas debe servir para fortalecer e impulsar una lucha frontal contra el gobierno de Milei y su pol\u00edtica.","original_language":"es","publication_date":"2025-03-26","duration":0,"url":"https:\/\/www.youtube.com\/watch?v=V0hOsnZATWM","thumbnail":"thumbnails\/V0hOsnZATWM.jpg"},{"video_id":"3NaW1wRHRZU","channel_id":"UCrZTf38EMgrRaNCchAooipw","title":"Mulheres QUEREM GANHAR MAIS que homens","description":"A pauta do fim da escala 6X1 trouxe novamente o debate sobre a sobrecarga de trabalho e a superexplora\u00e7\u00e3o no capitalismo. Para as mulheres esse \u00e9 um tema fundamental de ser debatido. Nesse v\u00eddeo vamos fazer uma an\u00e1lise das desigualdades enfrentadas pelas trabalhadiras femininas, negras e LBTIs e a import\u00e2ncia da luta pela redu\u00e7\u00e3o da jornada sem redu\u00e7\u00e3o de sal\u00e1rios e direitos","original_language":"unknown","publication_date":"2025-03-25","duration":0,"url":"https:\/\/www.youtube.com\/watch?v=3NaW1wRHRZU","thumbnail":"thumbnails\/3NaW1wRHRZU.jpg"},{"video_id":"YTojtUsC86M","channel_id":"UCWBk05FplU93JomQ345w24Q","title":"HERTZ DIAS\/ DIA INTERNACIONAL DE LUTA PELA ELIMINA\u00c7\u00c3O DO RACISMO","description":"Fechamento da nossa participa\u00e7\u00e3o na mesa do Dia Internacional de Luta Contra o Racismo, realizada no Solar Maria Firmina, centro! Foi muito da hora. #africadosul \n#steviebiko\n#reparacao \n#alc\u00e2ntara\n#racismo","original_language":"pt-BR","publication_date":"2025-03-25","duration":0,"url":"https:\/\/www.youtube.com\/watch?v=YTojtUsC86M","thumbnail":"thumbnails\/YTojtUsC86M.jpg"},{"video_id":"2tKMp17TWeQ","channel_id":"UCqISa9Yx1nHe-YEWTk40EbQ","title":"El 24 de Marzo sigamos la lucha contra el gobierno de Milei","description":"El mi\u00e9rcoles 19 de marzo pasado se realiz\u00f3 una nueva concentraci\u00f3n llamada por la coordinadora de agrupaciones de jubilados. La primera despu\u00e9s de la feroz represi\u00f3n que hab\u00eda realizado el 12 de marzo que, entre otros lesionados, dej\u00f3 al fot\u00f3grafo Pablo Grillo gravemente herido en su cabeza. Esta represi\u00f3n hab\u00eda generado mucho repudio en el pa\u00eds. Ante la posibilidad de una marcha mayor que la anterior, el gobierno Sali\u00f3 p\u00fablicamente a anunciar que volver\u00eda a reprimir, no solo a trav\u00e9s de los medios de prensa sino incluso con carteles en las estaciones ferroviarios. Tambi\u00e9n volc\u00f3 miles de efectivos represivos y cerc\u00f3 los edificios del Congreso Nacional y la Casa de Gobierno.\nIncluso en ese clima, el diario Clar\u00edn (que apoya incondicionalmente al gobierno) estim\u00f3 que hubo unas 20.000 personas. Una parte lo hizo en las columnas de los partidos de izquierda o de algunos sindicatos (la CGT volvi\u00f3 a estar ausente). Pero otro sector importante fueron lo que La Naci\u00f3n (otro medio oficialista) denomin\u00f3 \u201cciudadanos de a pie\u201d.\nOtro elemento de la situaci\u00f3n era que el d\u00f3lar paralelo sub\u00eda de modo constante y pon\u00eda en jaque la pol\u00edtica cambiaria y monetaria del gobierno En ese contexto, dentro del Congreso Nacional se desarrollaba lo que acab\u00f3 siendo el hecho m\u00e1s importante del d\u00eda: en medio de una sesi\u00f3n a la vez escandalosa y circense, el gobierno logr\u00f3 la aprobaci\u00f3n del Decreto de Necesidad y Urgencia (DNU) que lo habilita a firmar un nuevo acuerdo con el FMI, sin que se sepan ni el monto ni las condiciones. Los medios burgueses dijeron que esto fue una \u201cbocanada de aire\u201d para un gobierno que estaba \u201csofocado\u201d. Una nueva muestra del papel de instituci\u00f3n semicolonial del Congreso Nacional en su conjunto.\nEl PSTU particip\u00f3 activamente de esta movilizaci\u00f3n. Ahora llama a continuar el 24 de Marzo la lucha contra el gobierno de Milei, la represi\u00f3n y el FMI, en el tradicional que se realiza en el pa\u00eds en esa fecha en repudio del golpe militar de 1976.","original_language":"es","publication_date":"2025-03-21","duration":0,"url":"https:\/\/www.youtube.com\/watch?v=2tKMp17TWeQ","thumbnail":"thumbnails\/2tKMp17TWeQ.jpg"},{"video_id":"LhYu2kHoXiw","channel_id":"UCrZTf38EMgrRaNCchAooipw","title":"Forma\u00e7\u00e3o marxista  As origens do 8 de mar\u00e7o e a contribui\u00e7\u00e3o das mulheres para a Revolu\u00e7\u00e3o Social","description":"Live de forma\u00e7\u00e3o sobre o tema \u00e0 convite do grupo de estudos forma\u00e7\u00e3o e a\u00e7\u00e3o","original_language":"unknown","publication_date":"2025-03-19","duration":0,"url":"https:\/\/www.youtube.com\/watch?v=LhYu2kHoXiw","thumbnail":"thumbnails\/LhYu2kHoXiw.jpg"},{"video_id":"jc8Cgy_Dv3s","channel_id":"UCRLEkZpNRoZQBG8kUTBD8vQ","title":"REACT | MARCELO ANDRADE e as mortes do comunismo EP #224","description":"_____________________________________________________________________________\nSEJA MEMBRO e apoie o canal. Bot\u00e3o ADERIR acima ou: \nhttps:\/\/www.youtube.com\/channel\/UCRLEkZpNRoZQBG8kUTBD8vQ\/join\n\nV\u00eddeo sobre ser membro do canal:\nhttps:\/\/www.youtube.com\/watch?v=drvou-obBVU\n_____________________________________________________________________________\nSiga as p\u00e1ginas do canal Orienta\u00e7\u00e3o Marxista nas Redes Sociais\n\nFACEBOOK:    https:\/\/www.facebook.com\/Orienta\u00e7\u00e3o-Marxista-111673690190915\nTWITTER:       https:\/\/twitter.com\/orient_marxista\nINSTAGRAM: https:\/\/www.instagram.com\/orient.marxista\n_____________________________________________________________________________\nLeia o blog Teoria e Revolu\u00e7\u00e3o:\nhttps:\/\/teoriaerevolucao.pstu.org.br\n_____________________________________________________________________________\nO livro do autor desse canal (Marx e a Hist\u00f3ria: das particularidades nacionais \u00e0 universalidade da revolu\u00e7\u00e3o socialista )  pode ser adquirido nos seguintes endere\u00e7os:\nhttps:\/\/editorasundermann.com.br\/livro\/96-marx-e-a-hist%C3%B3ria\nhttps:\/\/www.estantevirtual.com.br\/busca?utf8=%E2%9C%93&q=gustavo+machado+marx\n\n#MarceloAndrade #MortesDoComunismo #Capitalismo","original_language":"pt-BR","publication_date":"2025-03-15","duration":0,"url":"https:\/\/www.youtube.com\/watch?v=jc8Cgy_Dv3s","thumbnail":"thumbnails\/jc8Cgy_Dv3s.jpg"},{"video_id":"y7b36DcJNyU","channel_id":"UCqISa9Yx1nHe-YEWTk40EbQ","title":"12M: feroz represi\u00f3n en una jornada de lucha contra el gobierno de Milei","description":"Este mi\u00e9rcoles 12 de marzo, la coordinadora de jubilados convoc\u00f3 a su ya tradicional concentraci\u00f3n frente al Congreso Nacional contra el gobierno de Milei, su pol\u00edtica de feroz ajuste sobre las jubilaciones y la dur\u00edsima represi\u00f3n que el gobierno ejerce sobre ellos.\nEste mi\u00e9rcoles fu diferente: a partir de una iniciativa de hinchas de Chacarita Juniors, simpatizantes de todos los clubes del f\u00fatbol argentino se prepararon para participar en la concentraci\u00f3n, en apoyo y en defensa de los jubilados. Se dejaron de lado rivalidades hist\u00f3ricas y se organizaron para ir en unidad. Las organizaciones de izquierda convocaron a la movilizaci\u00f3n, entre ellas el PSTU. Tambi\u00e9n se organizaron para participar sectores de trabajadores, como los de la Gr\u00e1fica Morvillo de Avellaneda que luchan contra el cierre de la empresa. Por el contario no hubo ninguna convocatoria del partido peronista ni de la CGT.\nAnte esa realidad, el gobierno de Milei, a trav\u00e9s de su ministra de Seguridad, Patricia Bullrich respondi\u00f3 con amenazas de represi\u00f3n y, desde la ma\u00f1ana, mont\u00f3 un impresionante operativo con fuerzas de la Polic\u00eda Federal, la Gendarmer\u00eda y otros entes federales alrededor del Congreso, dando la imagen de una ciudad ocupada militarmente. A pesar de ello, miles de personas organizadas o individualmente llegaron a la zona o intentaban llegar a la zona.\nEn ese momento, el gobierno desat\u00f3 una represi\u00f3n indiscriminada dando \u201cmano libre\u201d a las fuerzas represivas que detuvieron 114 personas. Llegaron al l\u00edmite de detener a un ni\u00f1o de 12 a\u00f1os que sal\u00eda de la escuela y tenerlos dos horas esposado en el piso. Las fuerzas de represi\u00f3n incluso\n dispararon gases y balas de goma contra los vecinos que sal\u00edan a sus balcones a apoyar la protesta. Las detenciones fueron tan arbitrarias e injustificadas que, a la ma\u00f1ana siguiente, Karina Andrade, jueza penal de CABA porque no estaba probado que los detenidos hubieran incurrido en \u201catentado y resistencia a la autoridad\u201d sino que estaban ejerciendo \u201csu derecho constitucional fundamental como es el derecho a la protesta\u201d.\nTambi\u00e9n hubo varios heridos. Entre ellos, una mujer anciana que recibi\u00f3 un palazo artero de un uniformado que la derrib\u00f3 y se golpe\u00f3 la cabeza contra el p\u00edso. El herido m\u00e1s grave es Pablo Grillo, un foto-reportero in dependiente que, cuando estaba sacando una foto de la represi\u00f3n, fue impactado en la cabeza por una c\u00e1psula de gas lacrim\u00f3geno disparada por la Polic\u00eda. Fue internado de urgencia en el Hospital Ramos Mej\u00eda, donde lo operaron y permanece en \u201cestado cr\u00edtico\u201d.  \nAnte la feroz represi\u00f3n en la zona del Congreso, sectores de manifestantes se reagruparon en otros lugares del centro de Buenos Aires (Callao y Corrientes, la avenida 9 de Julio y algunos incluso marcharon a Plaza de Mayo). Como una continuidad de la jornada de lucha, en repudio de la represi\u00f3n a la noche, se realizaron cacerolazos en varias esquinas de CABA y el Gran Buenos Aires. Ya a la medianoche, se fue formando una columna de personas que camin\u00f3 por avenida Corrientes hacia el cetro y Plaza de Mayo.  Al d\u00eda siguiente, la Asociaci\u00f3n de Reporteros Gr\u00e1ficos de la Rep\u00fablica Argentina (ARGRA) realiz\u00f3 un acto de repudio a la represi\u00f3n y en defensa del derecho a la protesta, en el lugar donde fue impactado Pablo Grillo.\nToda Argentina est\u00e1 conmovida por lo ocurrido el 12M en los pr\u00f3ximos d\u00edas se podr\u00e1 evaluar mejor cu\u00e1l ha sido su impacto en la situaci\u00f3n del pa\u00eds. Lo que es indiscutible es que la imagen del gobierno de Milei (que ya hab\u00eda sido por golp\u00e9ada por su participaci\u00f3n en el esc\u00e1ndalo de la criptomoneda $LIBRA) ha salido profundamente deteriorada.\nDesde el PSTU, llamamos a continuar la lucha contra el plan de ajuste del gobierno de Milei y los gobernadores y la inevitable represi\u00f3n con que deben defenderlo. Proponemos la realizaci\u00f3n de una huelga general y un plan de lucha activo hasta derrotarlos. En lo inmediato, exigimos la inmediata renuncia de Patricia Bullrich y el juicio y castigo a todos los a los responsables de la salvaje represi\u00f3n del 12M.","original_language":"es","publication_date":"2025-03-14","duration":0,"url":"https:\/\/www.youtube.com\/watch?v=y7b36DcJNyU","thumbnail":"thumbnails\/y7b36DcJNyU.jpg"},{"video_id":"UBt0jCnJHVo","channel_id":"UCRLEkZpNRoZQBG8kUTBD8vQ","title":"INFLA\u00c7\u00c3O, JUROS E D\u00cdVIDA P\u00daBLICA | Entenda a rela\u00e7\u00e3o EP #223","description":"1) De um lado, temos a produ\u00e7\u00e3o e distribui\u00e7\u00e3o da riqueza: autom\u00f3veis, insumos, avi\u00f5es, alimentos etc. E a distribui\u00e7\u00e3o desse valor por meio do com\u00e9rcio, bancos etc.\nDe outro lado, a representa\u00e7\u00e3o da riqueza produzida e distribuida: o dinheiro\n\nPara n\u00e3o ocorrer infla\u00e7\u00e3o, ambos devem evoluir em um ritmo proporcional.\n\n2) Contradi\u00e7\u00e3o: no capitalismo, o dinheiro retirado da circula\u00e7\u00e3o deve ser sempre maior do que o que foi nela lan\u00e7ado. Isto \u00e9, as opera\u00e7\u00f5es devem ser rent\u00e1veis por meio do lucro, juros etc.\nPara isso funcionar, sem infla\u00e7\u00e3o, a riqueza produzida tem que crescer na mesma propor\u00e7\u00e3o que o dinheiro em circula\u00e7\u00e3o.\nPara isso acontecer, todo excedente (de lucros, mais-valia acumulado) deve ser direta ou indiretamente destinado a investimentos produtivos.\n Isso tende a n\u00e3o ocorrer pela redu\u00e7\u00e3o da renda (sal\u00e1rios) da maior parte da popula\u00e7\u00e3o.\n\n3) Quando isso n\u00e3o acontece, o capital excedente da sociedade deve ser reabsorvido pelo Estado na forma de t\u00edtulos da d\u00edvida p\u00fablica. \u00c9 um capital que deixa de operar produtivamente, \u00e9 adormecido, e ainda assim rende juros para os portadores desses t\u00edtulos.\nQuando o governo emite d\u00edvida p\u00fablica, como t\u00edtulos, ele pode retirar dinheiro da economia (quando o p\u00fablico compra os t\u00edtulos), ou injetar dinheiro (quando paga esses t\u00edtulos no vencimento).\nRETIRA DINHEIRO, MAS N\u00c3O CAPITAL: CAPITAL NA FORMA FICT\u00cdCIA DE T\u00cdTULOS P\u00daBLICOS\n\n4) Diferen\u00e7a entre pa\u00edses imperialistas e dominados.\nPa\u00edses imperialistas podem escoar o seu capital pelo mundo inteiro. Da\u00ed o juros baixo.\nPa\u00edses dominados n\u00e3o tem essa possibilidade, ou o tem de forma muito restrita. \n Da\u00ed o juros predominantemente elevado.\n\n_____________________________________________________________________________\nSEJA MEMBRO e apoie o canal. Bot\u00e3o ADERIR acima ou: \nhttps:\/\/www.youtube.com\/channel\/UCRLEkZpNRoZQBG8kUTBD8vQ\/join\n\nV\u00eddeo sobre ser membro do canal:\nhttps:\/\/www.youtube.com\/watch?v=drvou-obBVU\n_____________________________________________________________________________\nSiga as p\u00e1ginas do canal Orienta\u00e7\u00e3o Marxista nas Redes Sociais\n\nFACEBOOK:    https:\/\/www.facebook.com\/Orienta\u00e7\u00e3o-Marxista-111673690190915\nTWITTER:       https:\/\/twitter.com\/orient_marxista\nINSTAGRAM: https:\/\/www.instagram.com\/orient.marxista\n_____________________________________________________________________________\nLeia o blog Teoria e Revolu\u00e7\u00e3o:\nhttps:\/\/teoriaerevolucao.pstu.org.br\n_____________________________________________________________________________\nO livro do autor desse canal (Marx e a Hist\u00f3ria: das particularidades nacionais \u00e0 universalidade da revolu\u00e7\u00e3o socialista )  pode ser adquirido nos seguintes endere\u00e7os:\nhttps:\/\/editorasundermann.com.br\/livro\/96-marx-e-a-hist%C3%B3ria\nhttps:\/\/www.estantevirtual.com.br\/busca?utf8=%E2%9C%93&q=gustavo+machado+marx\n\n#Infla\u00e7\u00e3o #Juros #D\u00edvidaP\u00fablica","original_language":"pt-BR","publication_date":"2025-03-12","duration":0,"url":"https:\/\/www.youtube.com\/watch?v=UBt0jCnJHVo","thumbnail":"thumbnails\/UBt0jCnJHVo.jpg"},{"video_id":"jJo9XLv7SU4","channel_id":"UCrZTf38EMgrRaNCchAooipw","title":"TRUMP ODEIA OS OPRIMIDOS","description":"Iniciamos o ano com a posse de Donald Trump para seu segundo mandato de presidente dos EUA\nSeus primeiros feitos j\u00e1 evidenciaram diversos ataques aos direitos democr\u00e1ticos dos setores oprimidos. Nesse v\u00eddeo vamos enunerar esses ataques e revelar o que est\u00e1 por tr\u00e1s dessa postura reacion\u00e1ria e violenta, bem como discutir qual a alternativa para combater esse projeto","original_language":"unknown","publication_date":"2025-03-11","duration":0,"url":"https:\/\/www.youtube.com\/watch?v=jJo9XLv7SU4","thumbnail":"thumbnails\/jJo9XLv7SU4.jpg"},{"video_id":"UFFkWPF2Dug","channel_id":"UCqISa9Yx1nHe-YEWTk40EbQ","title":"12M: \u00a1Todos a Plaza Congreso con los jubilados contra el gobierno de Milei!","description":"Los jubilados son uno de los sectores que m\u00e1s sufren el feroz plan de ajuste y los ataques del gobierno de Milei. Adem\u00e1s de las miserables jubilaciones que cobran, ahora tambi\u00e9n el PAMI ha dejado de entregarles muchos de los medicamentos gratuitos que recib\u00edan.\nPara luchar contra esta situaci\u00f3n, una coordinadora de organizaciones de jubilados convoca movilizaciones todos los mi\u00e9rcoles, frente al Congreso. Ante esas movilizaciones, el gobierno reprime duramente esas marchas con la Polic\u00eda Federal. Con total cinismo se jacta de ello: \u201cNo hay que tenerle miedo a la represi\u00f3n\u201d declar\u00f3 el vocero presidencial Manuel Adorni.\nSin embargo, las im\u00e1genes de esta cobarde represi\u00f3n a personas mayores que trabajaron toda su vida generan cada vez m\u00e1s repudio e indignaci\u00f3n en la poblaci\u00f3n, y crece un sentimiento de solidaridad con los jubilados. \nComo una expresi\u00f3n de ellos, la semana pasada, hinchas de Chacarita Juniors fueron a la movilizaci\u00f3n para apoyar a los jubilados y convocaron a los hinchas de los dem\u00e1s clubes a hacer lo mismo. R\u00e1pidamente se fueron sumando cada vez m\u00e1s y pr\u00e1cticamente todas las hinchadas de clubes de futbol est\u00e1n convocando el 12 de marzo a Plaza Congreso, a las 16.30, para apoyar a los jubilados en su lucha contra el gobierno de Milei.\nRecordemos que, en diciembre de 2017, una gran movilizaci\u00f3n contra un ataque a los jubilados del gobierno de Mauricio Macri dej\u00f3 a este gobierno herido y agonizante. \u201cCon los viejos no te metas\u201d fue uno de los cantos m\u00e1s escuchados ese d\u00eda.\nQueremos destacar que tambi\u00e9n ir\u00e1n a Plaza Congreso, los trabajadores de la Gr\u00e1fica Morvillo que luchan contra el cierre de la empresa, los trabajadores del Hospital Bonaparte y se est\u00e1n sumando otras convocatorias como las del SUTNA (neum\u00e1tico).\nEl PSTU apoya a esta movilizaci\u00f3n del 12 de marzo y llama a participar masivamente de ella, en la perspectiva de repetir la gran jornada de lucha de diciembre de 2017, ahora contra el gobierno de Milei. Al mismo tiempo, proponemos que se conforme una \u201ccolumna obrera\u201d encabeza por los trabajadores de Morvillo, los del Hospital Bonaparte, los del neum\u00e1tica y otros sectores.","original_language":"es","publication_date":"2025-03-09","duration":0,"url":"https:\/\/www.youtube.com\/watch?v=UFFkWPF2Dug","thumbnail":"thumbnails\/UFFkWPF2Dug.jpg"},{"video_id":"5kgOubzHcVI","channel_id":"UCqISa9Yx1nHe-YEWTk40EbQ","title":"Apoyemos la lucha de los trabajadores de la Gr\u00e1fica Morvillo","description":"Los due\u00f1os de la imprenta Morvillo quieren cerrar la planta industrial de Av Pienovi 317 (Avellaneda) y dejar sin empleo a sus 200 trabajadores. Ante ello, los obreros, encabezados por la Junta Interna, resisten contra el cierre: la semana pasada, tomaron la planta (la primer toma de una empresa desde que asumi\u00f3 el gobierno de Milei). La semana pr\u00f3ximo marchar\u00e1n a la sede de la UIA en CABA, Tambi\u00e9n montaron una carpa en la calle y realizan actividades de modo permanente. En una de ellas, Sebasti\u00e1n Rodr\u00edguez, secretario general de la Junta Interna expres\u00f3 que \u201cla lucha de los trabajadores de Morvillo \"es la contracara de lo que est\u00e1n haciendo las centrales obreras: est\u00e1n pactando, transando, custodiando sus propias cajas, en vez de salir a luchar y enfrentar este plan antiobrero que estamos sufriendo todos los trabajadores\".  \nTambi\u00e9n agradeci\u00f3 la solidaridad de que est\u00e1n recibiendo de diversos sectores y organizaciones y figuras. Entre ellas, el legislador porte\u00f1o Gabriel Solano, el dirigente del Polo Obrero Eduardo Belliboni, representantes del movimiento estudiantil, trabajadores del Garrahan, organizaciones gremiales del sector docente e integrantes del Sindicato del Neum\u00e1tico (Sutna). El PSTU y la LIT-CI apoyan esta lucha y expres\u00f3 su solidaridad a trav\u00e9s de Mario Villareal, abogado laboralista y de derechos humanos.","original_language":"es","publication_date":"2025-03-07","duration":0,"url":"https:\/\/www.youtube.com\/watch?v=5kgOubzHcVI","thumbnail":"thumbnails\/5kgOubzHcVI.jpg"},{"video_id":"zV0qoD2V5G8","channel_id":"UCqISa9Yx1nHe-YEWTk40EbQ","title":"8M Llenemos las plazas el D\u00eda Internacional de la Mujer Trabajadora","description":"El pr\u00f3ximo 8 de marzo es un nuevo D\u00eda Internacional de la Mujer Trabajadora. A las 16 horas, est\u00e1 convocada el tradicional acto en Plaza Congreso (CABA) y las de todas las ciudades del pa\u00eds.\nIn\u00e9s Mi\u00f1o, docente de La Matanza, militante de Lucha Mujer, el PSTU y la LIT-CI llama a todas las trabajadoras y a todos los trabajadores a concurrir masivamente.\n\u2022 Contra la violencia machista y los femicidios que el gobierno de Milei niega. \n\u2022 Contra los ataques a la comunidad LGTBQ+\n\u2022 Contra el plan de ajuste, ataques y despidos que aplican el gobierno de Milei, los gobernadores provinciales y las empresas que afecta de modo especial a las mujeres y a las minor\u00edas.\n\u2022 No al pago de la deuda externa al servicio de lo cual se aplican estos.\nMarch\u00e1 con la columna del PSTU-LIT-CI. Nos reunimos en Hip\u00f3lito y S\u00e1enz Pe\u00f1a 15.30 horas","original_language":"es","publication_date":"2025-03-06","duration":0,"url":"https:\/\/www.youtube.com\/watch?v=zV0qoD2V5G8","thumbnail":"thumbnails\/zV0qoD2V5G8.jpg"},{"video_id":"HbXkJdin7zU","channel_id":"UCqISa9Yx1nHe-YEWTk40EbQ","title":"Los docentes de Chubut luchan contra los bajos salarios y el ajuste a la educaci\u00f3n p\u00fablica.","description":"El gobernador de Chubut, Ignacio Torres (PRO) viene aplicando en la provincia el mismo plan de ajuste en la educaci\u00f3n p\u00fablica que desarrolla el gobierno de Milei a nivel nacional. En las negociaciones paritarias de 2025, pretende que los docentes acepten un miserable 2% (luego que la alt\u00edsima inflaci\u00f3n de 2024 redujo dram\u00e1ticamente los salarios). Al mismo tiempo, la infraestructura de las escuelas se deteriora cada vez m\u00e1s.\nAnte ello, ATECH (Asociaci\u00f3n de los Trabajadores de la Educaci\u00f3n de Chubut) convoc\u00f3 un paro de 48 horas (el 5 y 6 de marzo) y la realizaci\u00f3n de una marcha provincial hacia la capital (Rawson) el primer d\u00eda de paro. La marcha fue muy importante y combativa. \nLos docentes de Puerto Madryn denunciaron que sus colectivos fueron retenidos por la polic\u00eda provincial a la salida de ciudad y que debieron \u201chacer dedo\u201d en la ruta para llegar. Hab\u00eda un sentimiento generalizado de la necesidad de que ATECH lleve adelante un plan de lucha contra el gobierno de Torres para lograr un aumento que lleve el salario docente al valor de una \u201ccanasta familiar patag\u00f3nica\u201d.\nLos docentes del PSTU chubutense impulsaron y participaron de esta movilizaci\u00f3n. Tambi\u00e9n estuvo presente Santiago Vasconcelos, docente y diputado provincial del FITU.","original_language":"es","publication_date":"2025-03-05","duration":0,"url":"https:\/\/www.youtube.com\/watch?v=HbXkJdin7zU","thumbnail":"thumbnails\/HbXkJdin7zU.jpg"},{"video_id":"g67o2vt8HMA","channel_id":"UC4QQ1pY2lD3DhthIJ1LFEBw","title":"Petr\u00f3leo na Amaz\u00f4nia: por que Lula est\u00e1 errado?","description":"O presidente Lula voltou a carga para defender a explora\u00e7\u00e3o de petr\u00f3leo na foz do Rio Amazonas, na chamada Margem Equatorial. O presidente  falou que o IBAMA precisa liberar o licenciamento para as pesquisas na regi\u00e3o. Tamb\u00e9m diz que o petr\u00f3leo da Amaz\u00f4nia \u00e9 fundamental para garantir a transi\u00e7\u00e3o energ\u00e9tica do pa\u00eds. Mas ser\u00e1 que isso tudo \u00e9 verdade? E qual seria o caminho para que o Brasil garantisse uma transi\u00e7\u00e3o energ\u00e9tica soberana, justa com os trabalhadores, com as comunidades e seus territ\u00f3rios?","original_language":"pt-BR","publication_date":"2025-03-05","duration":0,"url":"https:\/\/www.youtube.com\/watch?v=g67o2vt8HMA","thumbnail":"thumbnails\/g67o2vt8HMA.jpg"},{"video_id":"tqeKLsMEmqw","channel_id":"UCRLEkZpNRoZQBG8kUTBD8vQ","title":"SOBRE OS DEBATES: Pavanato, Eng. Leo etc. EP #222","description":"Alguns coment\u00e1rios gerais sobre os debates que participei com figuras da direita.\n_____________________________________________________________________________\nV\u00eddeos sugeridos: \nLucas Pavanato: https:\/\/www.youtube.com\/watch?v=Z7pP0rDXdBM\nEngenheiro Leo: https:\/\/www.youtube.com\/watch?v=SBkcBuEQcgk\nOt\u00e1vio Fakhory: https:\/\/www.youtube.com\/watch?v=kL1N9Nsgbw4\nCristiano Chioca: https:\/\/www.youtube.com\/watch?v=21rEhHia9To\nBernardo Braga: https:\/\/www.youtube.com\/watch?v=r7ujkmNmVg4\nLuis Fernando Roxo: https:\/\/www.youtube.com\/watch?v=1hiPzjtxwfk\n\n GUSTAVO MACHADO - Orienta\u00e7\u00e3o Marxista - Entenda o Comunismo - PODCAST 3 IRM\u00c3OS #672 \nhttps:\/\/www.youtube.com\/watch?v=eqzdAmvwhok\n\n_____________________________________________________________________________\nSEJA MEMBRO e apoie o canal. Bot\u00e3o ADERIR acima ou: \nhttps:\/\/www.youtube.com\/channel\/UCRLEkZpNRoZQBG8kUTBD8vQ\/join\n\nV\u00eddeo sobre ser membro do canal:\nhttps:\/\/www.youtube.com\/watch?v=drvou-obBVU\n_____________________________________________________________________________\nSiga as p\u00e1ginas do canal Orienta\u00e7\u00e3o Marxista nas Redes Sociais\n\nFACEBOOK:    https:\/\/www.facebook.com\/Orienta\u00e7\u00e3o-Marxista-111673690190915\nTWITTER:       https:\/\/twitter.com\/orient_marxista\nINSTAGRAM: https:\/\/www.instagram.com\/orient.marxista\n_____________________________________________________________________________\nLeia o blog Teoria e Revolu\u00e7\u00e3o:\nhttps:\/\/teoriaerevolucao.pstu.org.br\n_____________________________________________________________________________\nO livro do autor desse canal (Marx e a Hist\u00f3ria: das particularidades nacionais \u00e0 universalidade da revolu\u00e7\u00e3o socialista )  pode ser adquirido nos seguintes endere\u00e7os:\nhttps:\/\/editorasundermann.com.br\/livro\/96-marx-e-a-hist%C3%B3ria\nhttps:\/\/www.estantevirtual.com.br\/busca?utf8=%E2%9C%93&q=gustavo+machado+marx\n\n#Debates #Pavanato #Direita","original_language":"pt-BR","publication_date":"2025-02-28","duration":0,"url":"https:\/\/www.youtube.com\/watch?v=tqeKLsMEmqw","thumbnail":"thumbnails\/tqeKLsMEmqw.jpg"},{"video_id":"VN59jwqdZVg","channel_id":"UCRLEkZpNRoZQBG8kUTBD8vQ","title":"PUTIN, TRUMP E CHINA: o que est\u00e1 por tr\u00e1s da guerra da Ucr\u00e2nia EP #221","description":"Hoje, \u00e0s 15 horas, veremos o que significa a \"mudan\u00e7a de lado\" dos Estados Unidos com Trump na guerra da Ucr\u00e2nia. O que realmente est\u00e1 em jogo? Abordarei ainda o p\u00e2nico da esquerda bin\u00e1ria que apoiava a R\u00fassia porque os EUA apoiavam a Ucr\u00e2nia. E agora Jos\u00e9?\n00:00 - Introdu\u00e7\u00e3o\n02:49 - Ponto 1 - Racioc\u00ednio bin\u00e1rio\n13:27 - Ponto 2 - A estrat\u00e9gia de Biden\n20:52 - Ponto 3 - A estrat\u00e9gia de Trump\n25:47 - Ponto 4 - A defesa da classe trabalhadora Ucraniana\n27:43 - Conclus\u00e3o\n_____________________________________________________________________________\nV\u00eddeo sugerido: \n R\u00daSSIA E UCR\u00c2NIA | Como ser ANTI-IMPERIALISTA EP #157 \nhttps:\/\/www.youtube.com\/watch?v=U25wjljBrgw\n\n_____________________________________________________________________________\nSEJA MEMBRO e apoie o canal. Bot\u00e3o ADERIR acima ou: \nhttps:\/\/www.youtube.com\/channel\/UCRLEkZpNRoZQBG8kUTBD8vQ\/join\n\nV\u00eddeo sobre ser membro do canal:\nhttps:\/\/www.youtube.com\/watch?v=drvou-obBVU\n_____________________________________________________________________________\nSiga as p\u00e1ginas do canal Orienta\u00e7\u00e3o Marxista nas Redes Sociais\n\nFACEBOOK:    https:\/\/www.facebook.com\/Orienta\u00e7\u00e3o-Marxista-111673690190915\nTWITTER:       https:\/\/twitter.com\/orient_marxista\nINSTAGRAM: https:\/\/www.instagram.com\/orient.marxista\n_____________________________________________________________________________\nLeia o blog Teoria e Revolu\u00e7\u00e3o:\nhttps:\/\/teoriaerevolucao.pstu.org.br\n_____________________________________________________________________________\nO livro do autor desse canal (Marx e a Hist\u00f3ria: das particularidades nacionais \u00e0 universalidade da revolu\u00e7\u00e3o socialista )  pode ser adquirido nos seguintes endere\u00e7os:\nhttps:\/\/editorasundermann.com.br\/livro\/96-marx-e-a-hist%C3%B3ria\nhttps:\/\/www.estantevirtual.com.br\/busca?utf8=%E2%9C%93&q=gustavo+machado+marx\n\n#Ucr\u00e2nia #Putin #Trump","original_language":"pt-BR","publication_date":"2025-02-24","duration":0,"url":"https:\/\/www.youtube.com\/watch?v=VN59jwqdZVg","thumbnail":"thumbnails\/VN59jwqdZVg.jpg"},{"video_id":"t4Edl78e1wQ","channel_id":"UCpfZpmQ8hS3RbQ5GsXZw4KQ","title":"Ucrania: 3 a\u00f1os de invasi\u00f3n rusa","description":"Relato de un trabajador ucraniano ante los 3 a\u00f1os de ocupaci\u00f3n, denunciando a la \u00e9lite pol\u00edtica y econ\u00f3mica corrupta de Ucrania.","original_language":"pt","publication_date":"2025-02-24","duration":0,"url":"https:\/\/www.youtube.com\/watch?v=t4Edl78e1wQ","thumbnail":"thumbnails\/t4Edl78e1wQ.jpg"},{"video_id":"VqtAAo5UXKY","channel_id":"UCqISa9Yx1nHe-YEWTk40EbQ","title":"Paro Nacional Docente","description":"La CTERA (Confederaci\u00f3n de Trabajadores de la Rep\u00fablica Argentina) convoca a un paro nacional docente para este lunes 24 de febrero. Varios sindicatos provinciales llaman tambi\u00e9n a realizar asambleas y movilizaciones ese d\u00eda. In\u00e9s Mi\u00f1o, docente de La Matanza y militante del PSTU y el Frente \u00cdndigo llama a todos los docentes a adherir a esta medida de fuerza, a transformarla en un paro activo como inicio de un plan de lucha que unifique la lucha de los docentes con la de los otros trabajadores estatales contra el plan de ajuste aplica el gobierno de Milei y tambi\u00e9n los gobernadores provinciales de todos los colores. In\u00e9s tambi\u00e9n denuncia a la conducci\u00f3n celeste del SUTEBA que acaba de firmar una paritaria a la baja para los docentes de la provincia de Buenos Aires, totalmente funcional al ajuste que viene realizando el gobernador peronista Axel KIcilloff.","original_language":"es","publication_date":"2025-02-23","duration":0,"url":"https:\/\/www.youtube.com\/watch?v=VqtAAo5UXKY","thumbnail":"thumbnails\/VqtAAo5UXKY.jpg"},{"video_id":"JNEK5FGGD_8","channel_id":"UCqISa9Yx1nHe-YEWTk40EbQ","title":"Acto de apoyo a la lucha del pueblo palestino","description":"El mi\u00e9rcoles 19\/2 se realiz\u00f3 una concentraci\u00f3n en el obelisco (Buenos Aires) en repudio al genocidio y a la limpieza \u00e9tnica que viene llevando a cabo el estado sionista y en apoyo a la lucha del pueblo palestino por recuperar su territorio hist\u00f3rico.\nEl PSTU fue una de las organizaciones convocantes y participantes de esta actividad. Reproducimos la intervenci\u00f3n de Xara Quamjashi y el saludo del activista palestino Abdalah","original_language":"es","publication_date":"2025-02-21","duration":0,"url":"https:\/\/www.youtube.com\/watch?v=JNEK5FGGD_8","thumbnail":"thumbnails\/JNEK5FGGD_8.jpg"},{"video_id":"9MGP6rp7rUQ","channel_id":"UCqISa9Yx1nHe-YEWTk40EbQ","title":"Acto en solidaridad por Palestina Libre en Buenos Aires (febrero 2025)","description":"\ud83c\uddf5\ud83c\uddf8 #PalestinaLibre | Desde el PSTU participamos el d\u00eda de ayer 19 de febrero en el acto convocado en Obelisco en Buenos Aires en solidaridad con el pueblo palestino y contra la intenci\u00f3n del imperialismo con Trump a la cabeza de adue\u00f1arse de las tierras de Palestina. \n\n\u270a\ud83c\udffd Una vez m\u00e1s decimos \u00a1Fuera Trump y Estado sionista y genocida de Israel de las tierras Palestinas! \ud83c\uddf5\ud83c\uddf8 \u00a1Viva Palestina Libre del rio hasta el mar! \ud83d\udd25 \n\n#PalestinaLibre\ud83c\uddf5\ud83c\uddf8","original_language":"es","publication_date":"2025-02-20","duration":0,"url":"https:\/\/www.youtube.com\/watch?v=9MGP6rp7rUQ","thumbnail":"thumbnails\/9MGP6rp7rUQ.jpg"},{"video_id":"oW9c6z5ZRdE","channel_id":"UCqISa9Yx1nHe-YEWTk40EbQ","title":"27 de febrero: marcha unificada en defensa de la Salud P\u00fablica","description":"El gobierno de Milei viene llevando adelante un feroz ajuste del presupesto estatal. Como parte de ese ajuste, desarrolla ha atacado (con reducciones presupuestarias y despidos) y amenaza con cerrar todas las instituciones que dependen del Ministerio de Salud de la Naci\u00f3n, como el Hospital Nacional de Pediatr\u00eda \"Prof. Dr. Juan P. Garrahan\", el Hospital Nacional de Salud Mental \u201cLic. Laura Bonaparte\u201d y el Hospital Nacional Posadas. \nLos trabajadores de estos centros vienen luchando contra ese ataque con actos y movilizaciones, como los \u201cabrazos al Bonaparte\u201d. Recientemente, luego de cuatro meses de lucha, los trabajadores del Posadas han logrado la reincorporaci\u00f3n de A gata Elesser, delegada de la seccional de la CICOP.\nEn este contexto, el jueves 13 pasado se realiz\u00f3 en el Hospital Garrahan una reuni\u00f3n para coordinar las luchas de los trabajadores de salud. Adem\u00e1s de los trabajadores, la comisi\u00f3n interna y agrupaciones sindicales del Garrahan, participaron representaciones del Bonaparte, del Posadas y del Ministerio de Salud que tambi\u00e9n enfrenta despidos. Otro brutal ataque es el hecho de que el PAMI ha dejado de entregar medicamentos gratuitos a gran parte de sus casi cinco millones de afiliados, muchos de los cuales ya no pueden comprarlos.\nEstuvieron presentes representantes de centros de estudiantes de la UBA como Psicolog\u00eda y Sociales. Militantes de varias organizaciones de izquierda expresaron su solidaridad (MST, PO, PTS, MAS y PSTU). \nLa reuni\u00f3n resolvi\u00f3 hacer llegar la solidaridad a los trabajadores de empresas privadas que enfrentan despidos, .como Shell y Pilkington, y enviar una delegaci\u00f3n a la marcha de los jubilados del 19\/2. Finamente, se resolvi\u00f3 convocar a una movilizaci\u00f3n contra los ataques del gobierno Milei y en defensa de la salud p\u00fablica, desde el Ministerio de Salud P\u00fablica a Plaza de Mayo, el jueves 27\/2, en horario a definir.\nEl PSTU impulsar\u00e1 y participar\u00e1 activamente de esta movilizaci\u00f3n. Y llama a todas las organizaciones obreras y populares hacerlo.","original_language":"es","publication_date":"2025-02-17","duration":0,"url":"https:\/\/www.youtube.com\/watch?v=oW9c6z5ZRdE","thumbnail":"thumbnails\/oW9c6z5ZRdE.jpg"},{"video_id":"sDkTRpt9jgQ","channel_id":"UCqISa9Yx1nHe-YEWTk40EbQ","title":"Solidaridad con los despedidos de Shell-Raizen","description":"Al igual que muchas otras patronales, la empresa petrolera Shell-Raizen ha iniciado una ofensiva de despidos en su refiner\u00eda de Dock Sud (Avellaneda). Muchos de los despedidos son o han sido activistas y luchadores e integrantes de lista de oposici\u00f3n a la actual direcci\u00f3n del sindicato que, frente a esta ofensiva patronal no encara ninguna respuesta acorde.\nEl lunes pasado, se realiz\u00f3 una reuni\u00f3n abierta de organizaciones en solidaridad con los despedidos de Shell Raizen y luego un acto en Plaza Alsina (Avellaneda). La reuni\u00f3n resolvi\u00f3 hacer volanteos a los trabajadores de Shell, crear un fondo de lucha para difusi\u00f3n en carteles, ir a la radio abierta de los jubilados los mi\u00e9rcoles, seguir con la campa\u00f1a e impulsar la coordinaci\u00f3n las luchas con las luchas del Hospital Bonaparte, la de los trabajadores de Praxair.\nEl PSTU impuls\u00f3 y particip\u00f3 de estas actividades. En el video, la intervenci\u00f3n de Daniel Ruiz, obrero petrolero de la Patagonia y miembro de la direcci\u00f3n nacional del PSTU.","original_language":"es","publication_date":"2025-02-11","duration":0,"url":"https:\/\/www.youtube.com\/watch?v=sDkTRpt9jgQ","thumbnail":"thumbnails\/sDkTRpt9jgQ.jpg"},{"video_id":"S5sfvodeYZo","channel_id":"UCRLEkZpNRoZQBG8kUTBD8vQ","title":"PADR\u00c3O OURO E DINHEIRO-D\u00cdVIDA | Catolicismo x Protestantismo EP #220","description":"_____________________________________________________________________________\nSEJA MEMBRO e apoie o canal. Bot\u00e3o ADERIR acima ou: \nhttps:\/\/www.youtube.com\/channel\/UCRLEkZpNRoZQBG8kUTBD8vQ\/join\n\nV\u00eddeo sobre ser membro do canal:\nhttps:\/\/www.youtube.com\/watch?v=drvou-obBVU\n_____________________________________________________________________________\nSiga as p\u00e1ginas do canal Orienta\u00e7\u00e3o Marxista nas Redes Sociais\n\nFACEBOOK:    https:\/\/www.facebook.com\/Orienta\u00e7\u00e3o-Marxista-111673690190915\nTWITTER:       https:\/\/twitter.com\/orient_marxista\nINSTAGRAM: https:\/\/www.instagram.com\/orient.marxista\n_____________________________________________________________________________\nLeia o blog Teoria e Revolu\u00e7\u00e3o:\nhttps:\/\/teoriaerevolucao.pstu.org.br\n_____________________________________________________________________________\nO livro do autor desse canal (Marx e a Hist\u00f3ria: das particularidades nacionais \u00e0 universalidade da revolu\u00e7\u00e3o socialista )  pode ser adquirido nos seguintes endere\u00e7os:\nhttps:\/\/editorasundermann.com.br\/livro\/96-marx-e-a-hist%C3%B3ria\nhttps:\/\/www.estantevirtual.com.br\/busca?utf8=%E2%9C%93&q=gustavo+machado+marx\n\n#Padr\u00e3oOuro #D\u00edvidas #TeoriaMonet\u00e1ria","original_language":"pt-BR","publication_date":"2025-02-04","duration":0,"url":"https:\/\/www.youtube.com\/watch?v=S5sfvodeYZo","thumbnail":"thumbnails\/S5sfvodeYZo.jpg"},{"video_id":"UasyjE1mwek","channel_id":"UCqISa9Yx1nHe-YEWTk40EbQ","title":"1ero. de Febrero: Marcha Federal contra la Discriminaci\u00f3n y el Ajuste","description":"Este s\u00e1bado 1 de febrero fuimos parte junto a miles de activistas, decenas de organizaciones en las calles contra #Milei sus discursos de odio y contra el ajuste que viene aplic\u00e1ndole desde que asumi\u00f3 a la clase obrera. \n\n\u270a\ud83c\udffdRetomar las calles nos da m\u00e1s fuerzas para no dejar de pelear y exigir la m\u00e1s amplia unidad de las luchas y de la organizaci\u00f3n de la clase #obrera para enfrentar y derrotar a Milei y sus c\u00f3mplices. \n\n\ud83d\udd25 PARO GENERAL Y PLAN DE LUCHA YA\nPSTU - LIT-CI","original_language":"es","publication_date":"2025-02-02","duration":0,"url":"https:\/\/www.youtube.com\/watch?v=UasyjE1mwek","thumbnail":"thumbnails\/UasyjE1mwek.jpg"},{"video_id":"mGcM0Gesf3I","channel_id":"UCqISa9Yx1nHe-YEWTk40EbQ","title":"Sigue la lucha del Hospital Bonaparte contra el vaciamiento y el cierre","description":"El gobierno de Javier Milei est\u00e1 realizando un duro ataque contra el Hospital de Salud Mental Licenciada Laura Bonaparte (que existe como tal desde 1973). Adem\u00e1s de reducirle el financiamiento, en octubre pasado despidi\u00f3 40 trabajadores y este a\u00f1o otros 200. \nEste hospital es el \u00fanico centro nacional de salud mental y tratamiento de adicciones en el \u00e1mbito de CABA con un funcionamiento que inclu\u00eda internaciones, tratamiento ambulatorio y emergencias. Adem\u00e1s es un centro de referencia nacional, articulado en red con numerosas instituciones p\u00fablicas de todo el pa\u00eds.\nEl plan del gobierno Milei es ir vaciando la estructura del hospital para finalmente cerrarlo como tal. El Bonaparte ya no puede atender internaciones y ahora tiene muchas dificultades para mantener la atenci\u00f3n de los pacientes externos.\nAnte ese ataque, los trabajadores del hospital vienen resistiendo a este plan y luchando contra el gobierno de Milei. Han realizado numerosas asambleas y actividades p\u00fablicas en la puerta del hospital (festivales y abrazos) que recibieron un gran apoyo y de las que    participaron miles de personas. \nMilitantes del PSTU se acercaron al hospital y realizaron un reportaje a sus trabajadores. En \u00e9l, nos contaron del ataque, de la lucha que vienen llevando adelante y de c\u00f3mo piensan continuarla: manteniendo el conflicto activo en la calle e intentando coordinar con otros sectores en lucha, especialmente de la salud p\u00fablica. Exigen que la CGT y las CTA llamen a paros nacionales y a un plan de lucha contra el gobierno de Milei que unifique todas las luchas de los sectores de trabajadores atacados por el gobierno y las empresas.","original_language":"es","publication_date":"2025-02-02","duration":0,"url":"https:\/\/www.youtube.com\/watch?v=mGcM0Gesf3I","thumbnail":"thumbnails\/mGcM0Gesf3I.jpg"},{"video_id":"_45Id1TyhIU","channel_id":"UCRLEkZpNRoZQBG8kUTBD8vQ","title":"DEEPSEEK | Entenda o que realmente est\u00e1 em jogo! EP #219","description":"_____________________________________________________________________________\nV\u00eddeo sugerido: \n\n_____________________________________________________________________________\nSEJA MEMBRO e apoie o canal. Bot\u00e3o ADERIR acima ou: \nhttps:\/\/www.youtube.com\/channel\/UCRLEkZpNRoZQBG8kUTBD8vQ\/join\n\nV\u00eddeo sobre ser membro do canal:\nhttps:\/\/www.youtube.com\/watch?v=drvou-obBVU\n_____________________________________________________________________________\nSiga as p\u00e1ginas do canal Orienta\u00e7\u00e3o Marxista nas Redes Sociais\n\nFACEBOOK:    https:\/\/www.facebook.com\/Orienta\u00e7\u00e3o-Marxista-111673690190915\nTWITTER:       https:\/\/twitter.com\/orient_marxista\nINSTAGRAM: https:\/\/www.instagram.com\/orient.marxista\n_____________________________________________________________________________\nLeia o blog Teoria e Revolu\u00e7\u00e3o:\nhttps:\/\/teoriaerevolucao.pstu.org.br\n_____________________________________________________________________________\nO livro do autor desse canal (Marx e a Hist\u00f3ria: das particularidades nacionais \u00e0 universalidade da revolu\u00e7\u00e3o socialista )  pode ser adquirido nos seguintes endere\u00e7os:\nhttps:\/\/editorasundermann.com.br\/livro\/96-marx-e-a-hist%C3%B3ria\nhttps:\/\/www.estantevirtual.com.br\/busca?utf8=%E2%9C%93&q=gustavo+machado+marx\n\n#DeepSeek #IA #BigTecs","original_language":"pt-BR","publication_date":"2025-01-29","duration":0,"url":"https:\/\/www.youtube.com\/watch?v=_45Id1TyhIU","thumbnail":"thumbnails\/_45Id1TyhIU.jpg"},{"video_id":"9s9kD3MevV0","channel_id":"UCqISa9Yx1nHe-YEWTk40EbQ","title":"1\u00ba de febrero - Todos a la marcha contra el gobierno de Milei","description":"En el Foro de Davos, Milei dio un repugnante discurso cargado de odio contra la comunidad LGBTQ+ y de negaci\u00f3n de la opresi\u00f3n y la violencia machista sobre las mujeres. Ante ello, un grupo de activistas de esta comunidad llam\u00f3 a realizar una asamblea autoconvocada en Parque Lezama, el 27 de enero pasado.  El llamado se expandi\u00f3 de \u201cboca en boca\u201d y miles de personas concurrieron a la convocatoria. En la asamblea, adem\u00e1s del repudio a Milei, hubo consignas de apoyo a otras luchas, como la de los trabajadores y pacientes del Hospital Bonaparte.  \nLa asamblea resolvi\u00f3 llamar a una Marcha Federal del Orgullo Antifascista y Antirracista para el s\u00e1bado 1\u00ba de febrero desde Plaza Congreso a Plaza de Mayo. Tambi\u00e9n habr\u00e1 marchas en otras ciudades del pa\u00eds. El llamado se ampli\u00f3 a todos los sectores que est\u00e1n siendo atacados por el gobierno de Milei y denunciar que \u201cEl plan econ\u00f3mico de Milei exige precarizar a\u00fan m\u00e1s a quienes estamos precarizados: jubilados, personas con discapacidad, migrantes, trabajadores de la ciencia, la educaci\u00f3n y la salud, estudiantes, personas viviendo con Vih, comunidades negras, trabajadoras sexuales, trabajadores de la cultura y el arte, trabajadores de espacios de memoria y tantas m\u00e1s\u201d.\nEl PSTU apoya esta convocatoria y llama a participar de esta marcha de lucha contra el gobierno de Milei. El PSTU concentrar\u00e1 en Hip\u00f3lito Irigoyen y Sol\u00eds (sobre la vereda de Plaza Congreso) a las 15.30 horas.","original_language":"es","publication_date":"2025-01-28","duration":0,"url":"https:\/\/www.youtube.com\/watch?v=9s9kD3MevV0","thumbnail":"thumbnails\/9s9kD3MevV0.jpg"},{"video_id":"VetD2_bQKWU","channel_id":"UCqISa9Yx1nHe-YEWTk40EbQ","title":"1\u00ba de febrero - Todos a la marcha contra el gobierno de Milei","description":"En el Foro de Davos, Milei dio un repugnante discurso cargado de odio contra la comunidad LGBTQ+ y de negaci\u00f3n de la opresi\u00f3n y la violencia machista sobre las mujeres. Ante ello, un grupo de activistas de esta comunidad llam\u00f3 a realizar una asamblea autoconvocada en Parque Lezama, el 27 de enero pasado.  El llamado se expandi\u00f3 de \u201cboca en boca\u201d y miles de personas concurrieron a la convocatoria. En la asamblea, adem\u00e1s del repudio a Milei, hubo consignas de apoyo a otras luchas, como la de los trabajadores y pacientes del Hospital Bonaparte.  \nLa asamblea resolvi\u00f3 llamar a una Marcha Federal del Orgullo Antifascista y Antirracista para el s\u00e1bado 1\u00ba de febrero desde Plaza Congreso a Plaza de Mayo. Tambi\u00e9n habr\u00e1 marchas en otras ciudades del pa\u00eds. El llamado se ampli\u00f3 a todos los sectores que est\u00e1n siendo atacados por el gobierno de Milei y denunciar que \u201cEl plan econ\u00f3mico de Milei exige precarizar a\u00fan m\u00e1s a quienes estamos precarizados: jubilados, personas con discapacidad, migrantes, trabajadores de la ciencia, la educaci\u00f3n y la salud, estudiantes, personas viviendo con Vih, comunidades negras, trabajadoras sexuales, trabajadores de la cultura y el arte, trabajadores de espacios de memoria y tantas m\u00e1s\u201d.\nEl PSTU apoya esta convocatoria y llama a participar de esta marcha de lucha contra el gobierno de Milei. El PSTU concentrar\u00e1 en Hip\u00f3lito Irigoyen y Sol\u00eds (sobre la vereda de Plaza Congreso) a las 15.30 horas. \n(agradecemos a DataDiario la realizaci\u00f3n de este video)","original_language":"es","publication_date":"2025-01-28","duration":0,"url":"https:\/\/www.youtube.com\/watch?v=VetD2_bQKWU","thumbnail":"thumbnails\/VetD2_bQKWU.jpg"},{"video_id":"B-PgDkXMU0M","channel_id":"UCSr8BqxDw8sHHfGe3InUl5A","title":"L\u00eanin: a organiza\u00e7\u00e3o do partido na revolu\u00e7\u00e3o","description":"A Organiza\u00e7\u00e3o do Partido Bolchevique Durante a Revolu\u00e7\u00e3o\n\nNeste v\u00eddeo, exploramos as tr\u00eas fases fundamentais que moldaram o Partido Bolchevique e garantiram o triunfo da Revolu\u00e7\u00e3o Russa:\n\n1\ufe0f\u20e3 Fase Te\u00f3rica \u2013 A import\u00e2ncia de construir uma base ideol\u00f3gica s\u00f3lida e fundamentada nos ensinamentos marxistas.\n2\ufe0f\u20e3 Agita\u00e7\u00e3o e Propaganda \u2013 Como o partido mobilizou as massas por meio do di\u00e1logo, da educa\u00e7\u00e3o pol\u00edtica e da difus\u00e3o de ideias revolucion\u00e1rias.\n3\ufe0f\u20e3 A\u00e7\u00e3o de Massas \u2013 Quando o trabalho te\u00f3rico e a organiza\u00e7\u00e3o se traduzem em for\u00e7a nas ruas, greves e insurrei\u00e7\u00f5es.\n\nDescubra como essas etapas foram aplicadas de maneira estrat\u00e9gica e o que podemos aprender com elas para as lutas atuais. \ud83c\udf0d\u270a\n\n_______________________________________________________\nBaixe o e-book do epis\u00f3dio em portugu\u00eas:\nhttps:\/\/drive.google.com\/drive\/folders\/1wg0PYMynnj_a2p72GTIkFD-6uZkAWo_x?usp=drive_link\n\nBaixe o e-book do epis\u00f3dio em espanhol:\nhttps:\/\/drive.google.com\/drive\/folders\/1HPVS-_OceQlXvDdFYOtk8GiubXS_udyY?usp=sharing\n\nEntre no nosso Grupo do Whatsapp:\nhttps:\/\/chat.whatsapp.com\/F11x83gwU0X66Jx7PzRcLq","original_language":"unknown","publication_date":"2025-01-26","duration":0,"url":"https:\/\/www.youtube.com\/watch?v=B-PgDkXMU0M","thumbnail":"thumbnails\/B-PgDkXMU0M.jpg"},{"video_id":"VodkRQRl_Z8","channel_id":"UCqISa9Yx1nHe-YEWTk40EbQ","title":"No a los despidos en Shell-Raizen","description":"Envalentonadas por la ofensiva que lleva adelante el gobierno de Javier Milei contra la clase trabajadora, muchas empresas han comenzado una ola de despidos. Es el caso de la petrolera Shell-Raizen en su refiner\u00eda de Dock Sud (Avellaneda). Muchos de los despedidos son o han sido activistas y luchadores e integrantes de lista de oposici\u00f3n a la actual direcci\u00f3n del sindicato que, frente a esta ofensiva patronal no encara ninguna respuesta acorde.\nActualmente, distintos sectores de la clase trabajadora resisten esta ofensiva del gobierno y las patronales. Solo por nombrar algunos casos: los trabajadores del Hospital Laura Bonaparte contra los despidos, el vaciamiento y el proyecto de cierre, los trabajadores de la construcci\u00f3n de Santa Cruz y los metal\u00fargicos de Acindar-Villa Constituci\u00f3n.\nPero esas luchas quedan aisladas y atomizadas. Al ataque del gobierno y las patronales lo tenemos que derrotar entre todos con un plan de lucha nacional unificado que pase por arriba de la complicidad del peronismo y de la burocracia sindical con el gobierno y las patronales.\nEn este marco, activistas y despedidos de Shell-Raizen convocaron a un acto en las puertas de la refiner\u00eda del Dock Sud del que participaron diversas organizaciones pol\u00edticas, estudiantiles, sociales y vecinales. El PSTU impuls\u00f3 y particip\u00f3 activamente de este La compa\u00f1era Dani del PSTU y la LIT-CI expres\u00f3 el apoyo y la solidaridad con esta lucha y transmiti\u00f3 la de los sindicatos petroleros brasile\u00f1os que integran la CSP-Conlutas.","original_language":"es","publication_date":"2025-01-25","duration":0,"url":"https:\/\/www.youtube.com\/watch?v=VodkRQRl_Z8","thumbnail":"thumbnails\/VodkRQRl_Z8.jpg"},{"video_id":"qWe0mGCOvm0","channel_id":"UCRLEkZpNRoZQBG8kUTBD8vQ","title":"No title","description":"No description","original_language":"unknown","publication_date":"2025-01-25","duration":0,"url":"https:\/\/www.youtube.com\/watch?v=qWe0mGCOvm0","thumbnail":"thumbnails\/default.jpg"},{"video_id":"sg2_AkNsaU0","channel_id":"UCqISa9Yx1nHe-YEWTk40EbQ","title":"Santa Cruz: trabajadores de la construcci\u00f3n luchan contra los despidos","description":"Hay incertidumbre por la amenaza de miles de despidos en Santa Cruz. YPF va a vender sus operaciones en la regi\u00f3n a empresas privadas. El primer paso es un plan de 2.500 \u201cretiros voluntarios\u201d y \u201cvacaciones anticipadas\u201d para los trabajadores petroleros para abaratar costos a las nuevas operadoras. Tambi\u00e9n son muy afectados los trabajadores de la UOCRA que realizan tareas de mantenimiento: habr\u00eda 800 despidos en la cuenca del Golfo San Jorge. Eso se suma a la reducci\u00f3n de la obra p\u00fablica que ha generado muchos despidos. Los trabajadores de la UOCRA est\u00e1n realizando piquetes, manifestaciones y ollas populares contra los despidos y en defensa de sus puestos de trabajo. Es parte de lo que vivimos en el pa\u00eds con despidos en diversos sectores y la ofensiva del gobierno nacional, los provinciales y las empresas sobre las condiciones y leyes laborales. Los trabajadores resisten en todo el pa\u00eds pero la complicidad del peronismo y de muchas direcciones sindicales hacen que sus peleas sean muchas veces heroicas pero aisladas y atomizadas. Luchan los aceiteros de Rosario, los petroleros de Shell-Ra\u00edzen en el Dock Sud, los metal\u00fargicos de Acindar en Villa Constituci\u00f3n, los trabajadores del Hospital Bonaparte en CABA, pero de modo separado.\nEn este marco, debemos unir todas estas luchas. Para avanzar en ese camino, necesitamos nuevos dirigentes y nuevas formas lucha. En a\u00f1os anteriores, en la Patagonia, se han hecho ricas experiencias de luchas unitarias con coordinaciones y paros provinciales.\nDaniel Ruiz, dirigente nacional y de la regional Chubut del PSTU expresa la solidaridad activa del partido con estas luchas. Su propuesta es organizar plenarios abiertos de activistas y delegados con mandato de asambleas de base.  As\u00ed se podr\u00e1 ir construyendo una huelga general que permita que la clase obrera se ponga de p\u00ede en la Patagonia y en todo el pa\u00eds contra los ataques del gobierno nacional, los provinciales y las patronales.","original_language":"es","publication_date":"2025-01-22","duration":0,"url":"https:\/\/www.youtube.com\/watch?v=sg2_AkNsaU0","thumbnail":"thumbnails\/sg2_AkNsaU0.jpg"},{"video_id":"2IBOP6LNy8k","channel_id":"UCqISa9Yx1nHe-YEWTk40EbQ","title":"La lucha del Hospital Bonaparte contra el vaciamiento y el cierre","description":"En enero, el gobierno de Javier Milei volvi\u00f3 a atacar al Hospital de Salud Mental Licenciada Laura Bonaparte que existe como tal desde 1973. Este hospital es el \u00fanico centro nacional de salud mental y tratamiento de adicciones en el \u00e1mbito de CABA con un funcionamiento que inclu\u00eda internaciones, tratamiento ambulatorio y emergencias. Adem\u00e1s es un centro de referencia nacional, articulado en red con numerosas instituciones p\u00fablicas de todo el pa\u00eds.\nEl plan del gobierno Milei es ir vaciando la estructura del hospital para finalmente cerrarlo como tal. Ya hab\u00eda realizado un primer ataque en octubre del a\u00f1o pasado, con 40 despidos y el estrangulamiento financiero para eliminar las internaciones. Una fuerte lucha de los trabajadores del hospital en todos sus niveles impidi\u00f3 que avanzara m\u00e1s.\nAhora el gobierno volvi\u00f3 a la carga con 200 nuevos despidos lo que genera una situaci\u00f3n en la que el hospital tiene grandes dificultades para atender los pacientes externos de tratamiento continuo. Ante ese nuevo ataque, los trabajadores del hospital realizaron una asamblea de emergencia para resolver una serie de medidas de lucha contra los despidos y el vaciamiento.\nLa primera de esas medidas fue realizar un \u201cabrazo\u201d al hospital el d\u00eda lunes 20\/1. Al igual que hab\u00eda ocurrido en octubre pasado, este abrazo se transform\u00f3 en un gran acto con miles de participantes en defensa del hospital y en apoyo a la lucha de los trabajadores.  \nEn el acto, adem\u00e1s de los trabajadores del hospital, participaron pacientes, vecinos, y representantes de diversas organizaciones pol\u00edticas, sindicales, sociales, de derechos humanos y de jubilados y pol\u00edticas. Tambi\u00e9n participaron los diputados nacionales del FITU y algunos de Uni\u00f3n por la Patria. El PSTU se hizo presente en la asamblea para llevar su apoyo y solidaridad y, despu\u00e9s impuls\u00f3 y particip\u00f3 activamente del \u201cabrazo\u201d.\nLos trabajadores del Bonaparte est\u00e1 dispuestos a continuar su lucha y \u201csacarla a la calle\u201d. No deben quedar aislados. Su lucha debe unirse, en primer lugar, con la de los otros trabajadores estatales y de la salud p\u00fablica que tambi\u00e9n est\u00e1n siendo atacados por el gobierno de Milei y los gobiernos provinciales. En segundo lugar, con la de los trabajadores industriales de las empresas privadas que tambi\u00e9n sufren una ofensiva de despido de parte de sus patronales como es el caso de los trabajadores petroleros de la refiner\u00eda de Dock Sud de Shell-Ra\u00edzen o los metal\u00fargicos de la planta de Acindar en Villa Constituci\u00f3n. Es necesario coordinar todas esas luchas.\nAl plan los ataques del gobierno y de las patrones lo tenemos que derrotar todos juntos con un plan de lucha unificado que tenemos que arrancarle a las direcciones sindicales que frenan esas luchas, las dejan aisladas o directamente las traicionan.\n(Agradecemos al Frente \u00edndigo por la realizaci\u00f3n de este video)","original_language":"es","publication_date":"2025-01-21","duration":0,"url":"https:\/\/www.youtube.com\/watch?v=2IBOP6LNy8k","thumbnail":"thumbnails\/2IBOP6LNy8k.jpg"},{"video_id":"nMy4WVxsSnQ","channel_id":"UCqISa9Yx1nHe-YEWTk40EbQ","title":"Solidaridad desde el PSTU y Frente \u00cdndigo con el Hospital Laura Bonaparte","description":"#Solidaridad | Desde el PSTU, el Frente \u00cdndigo y la LIT CI nos hicimos presentes junto a decenas de trabajadores y trabajadoras de la salud en el Hospital Laura Bonaparte en la asamblea de emergencia contra los despidos anunciados por el gobierno de Milei.\n\n\u00a1Ni un paso atr\u00e1s! \ud83d\udd25\u270a\ud83c\udffd\nVENCEREMOS","original_language":"es","publication_date":"2025-01-16","duration":0,"url":"https:\/\/www.youtube.com\/watch?v=nMy4WVxsSnQ","thumbnail":"thumbnails\/nMy4WVxsSnQ.jpg"},{"video_id":"tv4mEQBT3eQ","channel_id":"UCRLEkZpNRoZQBG8kUTBD8vQ","title":"POR QUE AS PESSOAS ESTUDAM E N\u00c3O APRENDEM EP #217","description":"Iniciando 2025, segue um v\u00eddeo em que discuto alguns aspectos relacionados ao estudo e aprendizado. Por que o estudo, muitas vezes, \u00e9 t\u00e3o ineficiente? Estudar pra qu\u00ea?\n\n_____________________________________________________________________________\nSEJA MEMBRO e apoie o canal. Bot\u00e3o ADERIR acima ou: \nhttps:\/\/www.youtube.com\/channel\/UCRLEkZpNRoZQBG8kUTBD8vQ\/join\n\nV\u00eddeo sobre ser membro do canal:\nhttps:\/\/www.youtube.com\/watch?v=drvou-obBVU\n_____________________________________________________________________________\nSiga as p\u00e1ginas do canal Orienta\u00e7\u00e3o Marxista nas Redes Sociais\n\nFACEBOOK:    https:\/\/www.facebook.com\/Orienta\u00e7\u00e3o-Marxista-111673690190915\nTWITTER:       https:\/\/twitter.com\/orient_marxista\nINSTAGRAM: https:\/\/www.instagram.com\/orient.marxista\n_____________________________________________________________________________\nLeia o blog Teoria e Revolu\u00e7\u00e3o:\nhttps:\/\/teoriaerevolucao.pstu.org.br\n_____________________________________________________________________________\nO livro do autor desse canal (Marx e a Hist\u00f3ria: das particularidades nacionais \u00e0 universalidade da revolu\u00e7\u00e3o socialista )  pode ser adquirido nos seguintes endere\u00e7os:\nhttps:\/\/editorasundermann.com.br\/livro\/96-marx-e-a-hist%C3%B3ria\nhttps:\/\/www.estantevirtual.com.br\/busca?utf8=%E2%9C%93&q=gustavo+machado+marx\n\n#Estudar #Aprendizado #Pedagogia","original_language":"pt-BR","publication_date":"2025-01-14","duration":0,"url":"https:\/\/www.youtube.com\/watch?v=tv4mEQBT3eQ","thumbnail":"thumbnails\/tv4mEQBT3eQ.jpg"},{"video_id":"XK1g8Z8u4eY","channel_id":"UCqISa9Yx1nHe-YEWTk40EbQ","title":"Repudio al fallo judicial que determina la prisi\u00f3n de C\u00e9sar Arakaki","description":"Hace pocos d\u00edas, la C\u00e1mara Federal de Casaci\u00f3n Penal emiti\u00f3 un fallo por el cual C\u00e9sar Arakaki, militante del Partido Obrero, deber\u00e1 cumplir con prisi\u00f3n efectiva en la c\u00e1rcel, la pena de tres a\u00f1os a la que hab\u00eda sido condenado por su participaci\u00f3n en el acto realizado frente al Congreso contra la reforma previsional impulsada por el gobierno de Mauricio Macri, el 18 de diciembre de 2017. El acto deriv\u00f3 en duros enfrentamientos entre los manifestantes y el impresionante aparato represivo que hab\u00eda dispuesto la ministra Patricia Bullrich. Luego Bullrich inici\u00f3 una dura persecuci\u00f3n policial sobre tres de los participantes del acto: Sebasti\u00e1n Romero y Daniel Ruiz del PSTU, y C\u00e9sar Arakaki del PO, que recibieron condenas judiciales. Daniel estuvo preso entre 2018 y 2019, y se realiz\u00f3 una gran campa\u00f1a unitaria por su libertad y por el fin de la persecuci\u00f3n judicial a los otros compa\u00f1eros.\nAhora, que se ha dictado la orden de detenci\u00f3n de Arakaki, Daniel Ruiz expresa su solidaridad como ex preso pol\u00edtico y dirigente nacional del PSTU. Al mismo tiempo llama a desarrollar una gran campa\u00f1a unitaria contra la judicializaci\u00f3n de la protesta, la persecuci\u00f3n a los luchadores y la represi\u00f3n a las movilizaciones que ordenan el gobierno de Javier Milei y Patricia Bullrich.","original_language":"es","publication_date":"2025-01-03","duration":0,"url":"https:\/\/www.youtube.com\/watch?v=XK1g8Z8u4eY","thumbnail":"thumbnails\/XK1g8Z8u4eY.jpg"},{"video_id":"4pe_Iw3QeJc","channel_id":"UCqISa9Yx1nHe-YEWTk40EbQ","title":"Acto de apoyo al pueblo palestino","description":"El 23 de diciembre pasado, se realiz\u00f3 en Buenos Aires una marcha que termin\u00f3 con un acto, en apoyo a la lucha del pueblo palestino contra el Estado sionista y el genocidio que est\u00e1 perpetrando en Gaza. El PSTU impuls\u00f3 activamente y particip\u00f3 de estas actividades. Xara Qamjashi, militante del PSTU expuso la posici\u00f3n del partido","original_language":"es","publication_date":"2024-12-30","duration":0,"url":"https:\/\/www.youtube.com\/watch?v=4pe_Iw3QeJc","thumbnail":"thumbnails\/4pe_Iw3QeJc.jpg"},{"video_id":"avNbc8d6zPE","channel_id":"UCSr8BqxDw8sHHfGe3InUl5A","title":"L\u00eanin: O parlamento e as Insurrei\u00e7\u00f5es","description":"No epis\u00f3dio de hoje, debatemos um dos temas mais fundamentais para os revolucion\u00e1rios: a luta institucional versus a luta direta. Qual \u00e9 o papel do parlamento em rela\u00e7\u00e3o \u00e0s insurrei\u00e7\u00f5es, greves e mobiliza\u00e7\u00f5es de rua?  \n\nL\u00eanin, durante a Revolu\u00e7\u00e3o Russa de 1905, se perguntava: Ser\u00e1 essa uma revolu\u00e7\u00e3o como a Francesa de 1789, que varreu a monarquia, ou como a Alem\u00e3 de 1850, onde a burguesia fez acordos com os monarcas para avan\u00e7ar gradualmente? A hist\u00f3ria nos ensina que a classe trabalhadora precisa debater se o caminho ser\u00e1 reformista ou revolucion\u00e1rio.\n\nVenha entender com a gente os dois aspectos da luta: a atua\u00e7\u00e3o institucional e a luta direta nas ruas. N\u00e3o perca este conte\u00fado fundamental para quem quer aprender com a Revolu\u00e7\u00e3o Russa!  \n\n_______________________________________________\nBaixe o e-book do epis\u00f3dio em portugu\u00eas:\nhttps:\/\/drive.google.com\/drive\/folders\/1wg0PYMynnj_a2p72GTIkFD-6uZkAWo_x?usp=drive_link\n\nBaixe o e-book do epis\u00f3dio em espanhol:\nhttps:\/\/drive.google.com\/drive\/folders\/1HPVS-_OceQlXvDdFYOtk8GiubXS_udyY?usp=sharing\n\nEntre no nosso Grupo do Whatsapp:\nhttps:\/\/chat.whatsapp.com\/F11x83gwU0X66Jx7PzRcLq","original_language":"unknown","publication_date":"2024-12-22","duration":0,"url":"https:\/\/www.youtube.com\/watch?v=avNbc8d6zPE","thumbnail":"thumbnails\/avNbc8d6zPE.jpg"},{"video_id":"FeeK9H9YK0k","channel_id":"UCqISa9Yx1nHe-YEWTk40EbQ","title":"A 23 a\u00f1os del Argentinazo","description":"A 23 a\u00f1os de las jornadas del 19 y 20 de diciembre del #2001\nDesde el #PSTU secci\u00f3n Argentina de la LIT-CI convocamos al acto que se realizar\u00e1 en conmemoraci\u00f3n del #Argentinazo, el pr\u00f3ximo viernes 20 de Diciembre.\n Reivindicamos la rebeli\u00f3n realizada por los trabajadores y las trabajadoras del pueblo argentino en 2001, como tambi\u00e9n de las jornadas del 18 de Diciembre de 2017 contra la reforma previsional de #Macri. \n No solo tenemos el derecho de realizar acciones directas de lucha contra los gobiernos hostiles a nuestra clase, sino tambi\u00e9n la obligaci\u00f3n de la autodefensa obrera ante la represi\u00f3n policial. \n M\u00e1s que nunca, hay que retomar ese camino para tirar abajo el plan econ\u00f3mico de Milei y el FMI.\n El PSTU concentra este 20\/12 en CABA en Cabildo a las 16.30hs y en el Monumento San Mart\u00edn en Neuqu\u00e9n capital a las 19 hs.\n (Agradecemos a Huellas de la Historia la produci\u00f3n de su video)","original_language":"es","publication_date":"2024-12-20","duration":0,"url":"https:\/\/www.youtube.com\/watch?v=FeeK9H9YK0k","thumbnail":"thumbnails\/FeeK9H9YK0k.jpg"},{"video_id":"QtSYMo3-Gss","channel_id":"UCqISa9Yx1nHe-YEWTk40EbQ","title":"Nuevo ataque del gobierno de Milei a los jubilados","description":"Esta semana, el gobierno de Milei asest\u00f3 un nuevo golpe a los jubilados (que ya reciben ingresos miserables): el PAMI suspendi\u00f3 la entrega de medicamentos gratuitos a muchos de sus afiliados que deben optar entre comprar comida o remedios imprescindibles. Parece querer acelerar la cruel afirmaci\u00f3n de la ex ministra Diana Mondino: \"De todas formas se van morir\". Todo al servicio del \"d\u00e9ficit cero\" y del pago de la estafa de la deuda externa. En ese marco, diversas organizaciones de jubilados realizaron su habitual marcha de los mi\u00e9rcoles: esta vez desde la sede central del PAMI al Congreso. Nuevamente la CGT y el peronismo estuvieron ausentes de esta lucha. Como es habitual, el gobierno reprimi\u00f3 a los jubilados.\nEl PSTU repudia este nuevo ataque del gobierno de Milei y apoya activamente la lucha de los jubilados. Sus reclamos deben unificarse junto con los de muchos otros sectores atacados en una Huelga General que retome el camino del 2001 con De la R\u00faa y el 2017 (contra el ataque los jubilados de Macri). Es el \u00fanico camino para sacarnos de encima al gobierno de Milei e impner un plan ec\u00f3mico al servicio de las necesidades de los trabajadores y el pueblo.\n(Agradecemos a Kaoscultural la producci\u00f3n del video que incluimos).","original_language":"es","publication_date":"2024-12-06","duration":0,"url":"https:\/\/www.youtube.com\/watch?v=QtSYMo3-Gss","thumbnail":"thumbnails\/QtSYMo3-Gss.jpg"},{"video_id":"9o0Ybi-KX2o","channel_id":"UC4QQ1pY2lD3DhthIJ1LFEBw","title":"Cidades verdes s\u00e3o coisa de comunistas - EP #9","description":"Voc\u00ea deve ter ouvido falar em cidades verdes ou em cidades sustent\u00e1veis. Projetos com esses conceitos est\u00e3o cada vez na moda devido aos efeitos provocados pelas mudan\u00e7as clim\u00e1ticas. Eventos clim\u00e1ticos extremos cada vez mais frequentes e intensos ser\u00e3o um desafio as cidades. Mas saiba que planos de criar cidades mais verdes n\u00e3o s\u00e3o algo dos tempos recentes. Os primeiros projetos de cidades verdes foram criados na Uni\u00e3o Sovi\u00e9tica depois da Revolu\u00e7\u00e3o Russa de 1917. Nesse epis\u00f3dio vamos explicar como e quando come\u00e7aram essas ideias.\n\n_______________________________\nSIGA-ME NAS REDES SOCIAIS\n\nInstagram:     \/ https:\/\/www.instagram.com\/eco.politicamarxista\/\n_______________________________\n\n\ud83d\udcda Refer\u00eancias\n\n\u25ba KOPP, Anatole. Town and Revolution: Soviet architecture and city planning 1917-1935. Translated by homas E. Burton. (New York: Braziller), 1970\n\n\u25ba Okhitovich, O., \u201cOn the Issue of the City\u201d in Sovremennaia Arkhitektura, 1929 No.4, pp. 130- 134.\n\n\u25ba Barshch,M. and Ginzburg, M., \u201cGreen City\u201d in Sovremennaia Arkhitektura, 1930 No.1-2, pp. 20-36\n\n\u25ba Le Corbusier, \u201cLe Corbusier a Ginzburg\u201d em Sovremennaia Arkhitektura , 1930 No.1-2, 102-103, traduzido em A. Kopp, Town and Revolution: Soviet Architecture and City Planning 1917-1935 (New York: 1970 ), \u201cLe Corbusier \u2013 Ginzburg Correspondence\u201d, 252-254.\n\n\u25ba SRARR, F., \u201cVisionary Town Planning during the Cultural Revolution\u201d in S.Fitzpatrick (ed.), Cultural Revolution in Russia 1928-1932 (Bloomington: 1978), pp.207-240\n\n\u25ba Hugh D. Hudson, Jr . Terror in Soviet Architecture: The Murder of Mikhail Okhitovich. Slavic Review Vol. 51, No. 3, pp. 448-467: Cambridge University Press, 1992.\n\n\u25ba VRONSKAYA, Alla. The utopia of personality: Moisei Ginzburg\u2019s project for the Moscow Parl of Culture and  Leisure. Quaestio Rossica \u2116 4: 2015, p. 40\u201356.\n\n\u25ba NOBRE, Carlos. Cidades-esponja s\u00e3o mais resilientes \u00e0s mudan\u00e7as clim\u00e1ticas. Dispon\u00edvel em:\nhttps:\/\/www.uol.com.br\/ecoa\/newsletters\/carlos-nobre\/cidade-esponja-areas-urbanas-mais-resilientes-a-crise-climatica.htm?email=&utm_campaign=carlos-nobre&utm_content=ver-edicao&utm_medium=email&utm_source=newsletter\n\n_______________________________\n\nEdi\u00e7\u00e3o: Phill Natal","original_language":"pt-BR","publication_date":"2024-12-03","duration":0,"url":"https:\/\/www.youtube.com\/watch?v=9o0Ybi-KX2o","thumbnail":"thumbnails\/9o0Ybi-KX2o.jpg"},{"video_id":"phh4375M3Bw","channel_id":"UCWBk05FplU93JomQ345w24Q","title":"HERTZ DIAS | Semana da Consci\u00eancia Negra Palestra \"Repara\u00e7\u00e3o\" parte #02","description":"_______________________________\n\nSIGA-ME NAS REDES SOCIAIS\n\nInstagram: https:\/\/www.instagram.com\/hertzdias\/\nFacebook: https:\/\/www.facebook.com\/HertzCDias\n_______________________________\n\nNo CANAL DO HERTZ  \u2014 RA\u00c7A, CLASSE & REVOLU\u00c7\u00c3O, vamos debater temas ligados a quest\u00e3o racial, combinado ao de classe, numa perspectiva marxista.","original_language":"pt-BR","publication_date":"2024-11-28","duration":0,"url":"https:\/\/www.youtube.com\/watch?v=phh4375M3Bw","thumbnail":"thumbnails\/phh4375M3Bw.jpg"},{"video_id":"FyUQs0jNnn0","channel_id":"UCqISa9Yx1nHe-YEWTk40EbQ","title":"Marchas por el 25N en Argentina","description":"El lunes, pasado, D\u00eda Internacional de Lucha contra la Violencia Machista, se realizaron marchas y actos en Buenos Aires y diversas ciudades del pa\u00eds convocados por coletivos feministas y diversas organizaciones de izquierda. A la convocatoria, se incorpor\u00f3 la lucha conta el ajuste y la pol\u00edticas del gobierno de Milei, que afectan duramente a las mujeres. Lucha Mujer y el PSTU impulsaron y participaron activamente de esta jornada de lucha.","original_language":"es","publication_date":"2024-11-26","duration":0,"url":"https:\/\/www.youtube.com\/watch?v=FyUQs0jNnn0","thumbnail":"thumbnails\/FyUQs0jNnn0.jpg"},{"video_id":"yC9HxwwVRQU","channel_id":"UCWBk05FplU93JomQ345w24Q","title":"HERTZ DIAS | Semana da Consci\u00eancia Negra Palestra \"Repara\u00e7\u00e3o\" parte #01","description":"Abertura da fala de Hertz Dias no evento promovido pelo Sindicato dos Metal\u00fargicos de S\u00e3o Jos\u00e9 do Campos na Semana da Consci\u00eancia Negra. O tema central da palestra foi o da Repara\u00e7\u00e3o Hist\u00f3rica. Acompanhe a\u00ed e comente.\nEm breve postaremos o fechamento\n_______________________________\n\nSIGA-ME NAS REDES SOCIAIS\n\nInstagram: https:\/\/www.instagram.com\/hertzdias\/\nFacebook: https:\/\/www.facebook.com\/HertzCDias\n_______________________________\n\nNo CANAL DO HERTZ  \u2014 RA\u00c7A, CLASSE & REVOLU\u00c7\u00c3O, vamos debater temas ligados a quest\u00e3o racial, combinado ao de classe, numa perspectiva marxista.","original_language":"pt-BR","publication_date":"2024-11-26","duration":0,"url":"https:\/\/www.youtube.com\/watch?v=yC9HxwwVRQU","thumbnail":"thumbnails\/yC9HxwwVRQU.jpg"},{"video_id":"Wuh7Joa5P2c","channel_id":"UCpfZpmQ8hS3RbQ5GsXZw4KQ","title":"25N| Contra a viol\u00eancia machista e a barb\u00e1rie capitalista","description":"","original_language":"pt","publication_date":"2024-11-25","duration":0,"url":"https:\/\/www.youtube.com\/watch?v=Wuh7Joa5P2c","thumbnail":"thumbnails\/Wuh7Joa5P2c.jpg"},{"video_id":"sWtKsolVxWU","channel_id":"UCpfZpmQ8hS3RbQ5GsXZw4KQ","title":"25N| Contra la violencia machista y la barbarie capitalista","description":"","original_language":"pt","publication_date":"2024-11-25","duration":0,"url":"https:\/\/www.youtube.com\/watch?v=sWtKsolVxWU","thumbnail":"thumbnails\/sWtKsolVxWU.jpg"},{"video_id":"tNzT460fzRI","channel_id":"UCpfZpmQ8hS3RbQ5GsXZw4KQ","title":"25N | Against sexist violence and capitalist barbarism","description":"","original_language":"pt","publication_date":"2024-11-25","duration":0,"url":"https:\/\/www.youtube.com\/watch?v=tNzT460fzRI","thumbnail":"thumbnails\/tNzT460fzRI.jpg"},{"video_id":"zfVw3g35ZOo","channel_id":"UCSr8BqxDw8sHHfGe3InUl5A","title":"L\u00eanin: Trotsky um aliado ou um rival do L\u00eanin?","description":"L\u00eanin e Trotsky: aliados ou rivais? \ud83e\udd14\nNeste v\u00eddeo, mergulhamos em um dos temas mais intrigantes da hist\u00f3ria do marxismo: a rela\u00e7\u00e3o entre L\u00eanin e Trotsky. Esses dois gigantes revolucion\u00e1rios foram protagonistas da Revolu\u00e7\u00e3o Russa de 1917, liderando ombro a ombro o maior processo revolucion\u00e1rio da hist\u00f3ria mundial No entanto, ap\u00f3s a morte de L\u00eanin, Trotski passou a ser alvo de persegui\u00e7\u00f5es, ex\u00edlio e, tragicamente, assassinato.\n\nO que aconteceu para que Trotsky, uma figura central no bolchevismo, fosse demonizado pelo stalinismo? Ele foi um vil\u00e3o ou um her\u00f3i da classe trabalhadora? E como as narrativas sobre sua rela\u00e7\u00e3o com L\u00eanin moldaram o debate pol\u00edtico at\u00e9 hoje? Assista o v\u00eddeo e tire suas pr\u00f3prias conclus\u00f5es.\n\n_____________________________________________\nBaixe o e-book do epis\u00f3dio em portugu\u00eas:\nhttps:\/\/drive.google.com\/drive\/folders\/1wg0PYMynnj_a2p72GTIkFD-6uZkAWo_x?usp=drive_link\n\nBaixe o e-book do epis\u00f3dio em espanhol:\nhttps:\/\/drive.google.com\/drive\/folders\/1HPVS-_OceQlXvDdFYOtk8GiubXS_udyY?usp=sharing\n\nEntre no nosso Grupo do Whatsapp:\nhttps:\/\/chat.whatsapp.com\/F11x83gwU0X66Jx7PzRcLq","original_language":"unknown","publication_date":"2024-11-24","duration":0,"url":"https:\/\/www.youtube.com\/watch?v=zfVw3g35ZOo","thumbnail":"thumbnails\/zfVw3g35ZOo.jpg"},{"video_id":"zFURyVbuBDI","channel_id":"UCWBk05FplU93JomQ345w24Q","title":"DEBATE |  RACISMO E DIA DA CONSCI\u00caNCIA NEGRA HERTZ DIAS E GEISIANE FREITAS!","description":"_______________________________\n\nSIGA-ME NAS REDES SOCIAIS\n\nInstagram: https:\/\/www.instagram.com\/hertzdias\/\nFacebook: https:\/\/www.facebook.com\/HertzCDias\n_______________________________\n\nNo CANAL DO HERTZ  \u2014 RA\u00c7A, CLASSE & REVOLU\u00c7\u00c3O, vamos debater temas ligados a quest\u00e3o racial, combinado ao de classe, numa perspectiva marxista.","original_language":"pt-BR","publication_date":"2024-11-22","duration":0,"url":"https:\/\/www.youtube.com\/watch?v=zFURyVbuBDI","thumbnail":"thumbnails\/zFURyVbuBDI.jpg"},{"video_id":"jKz_rxIV7ls","channel_id":"UCRLEkZpNRoZQBG8kUTBD8vQ","title":"MISES e o c\u00e1lculo econ\u00f4mico | Socialismo imposs\u00edvel? EP #216","description":"_____________________________________________________________________________\nV\u00eddeo sugerido: \nLudwig von Mises e a (im)possibilidade do socialismo EP #14\nhttps:\/\/www.youtube.com\/watch?app=desktop&v=QbqET52IvL4\n_____________________________________________________________________________\nSEJA MEMBRO e apoie o canal. Bot\u00e3o ADERIR acima ou: \nhttps:\/\/www.youtube.com\/channel\/UCRLEkZpNRoZQBG8kUTBD8vQ\/join\n\nV\u00eddeo sobre ser membro do canal:\nhttps:\/\/www.youtube.com\/watch?v=drvou-obBVU\n_____________________________________________________________________________\nSiga as p\u00e1ginas do canal Orienta\u00e7\u00e3o Marxista nas Redes Sociais\n\nFACEBOOK:    https:\/\/www.facebook.com\/Orienta\u00e7\u00e3o-Marxista-111673690190915\nTWITTER:       https:\/\/twitter.com\/orient_marxista\nINSTAGRAM: https:\/\/www.instagram.com\/orient.marxista\n_____________________________________________________________________________\nLeia o blog Teoria e Revolu\u00e7\u00e3o:\nhttps:\/\/teoriaerevolucao.pstu.org.br\n_____________________________________________________________________________\nO livro do autor desse canal (Marx e a Hist\u00f3ria: das particularidades nacionais \u00e0 universalidade da revolu\u00e7\u00e3o socialista )  pode ser adquirido nos seguintes endere\u00e7os:\nhttps:\/\/editorasundermann.com.br\/livro\/96-marx-e-a-hist%C3%B3ria\nhttps:\/\/www.estantevirtual.com.br\/busca?utf8=%E2%9C%93&q=gustavo+machado+marx\n\n#Mises #C\u00e1lculoEcon\u00f4mico #Socialismo","original_language":"pt-BR","publication_date":"2024-11-20","duration":0,"url":"https:\/\/www.youtube.com\/watch?v=jKz_rxIV7ls","thumbnail":"thumbnails\/jKz_rxIV7ls.jpg"},{"video_id":"kwSjyfnWTPE","channel_id":"UCRLEkZpNRoZQBG8kUTBD8vQ","title":"NIKOLAS FERREIRA e o fim da jornada 6x1 | REAGINDO EP #215","description":"_____________________________________________________________________________\nV\u00eddeo sugerido: https:\/\/www.youtube.com\/watch?v=v_-YSDOaIww\n\n_____________________________________________________________________________\nSEJA MEMBRO e apoie o canal. Bot\u00e3o ADERIR acima ou: \nhttps:\/\/www.youtube.com\/channel\/UCRLEkZpNRoZQBG8kUTBD8vQ\/join\n\nV\u00eddeo sobre ser membro do canal:\nhttps:\/\/www.youtube.com\/watch?v=drvou-obBVU\n_____________________________________________________________________________\nSiga as p\u00e1ginas do canal Orienta\u00e7\u00e3o Marxista nas Redes Sociais\n\nFACEBOOK:    https:\/\/www.facebook.com\/Orienta\u00e7\u00e3o-Marxista-111673690190915\nTWITTER:       https:\/\/twitter.com\/orient_marxista\nINSTAGRAM: https:\/\/www.instagram.com\/orient.marxista\n_____________________________________________________________________________\nLeia o blog Teoria e Revolu\u00e7\u00e3o:\nhttps:\/\/teoriaerevolucao.pstu.org.br\n_____________________________________________________________________________\nO livro do autor desse canal (Marx e a Hist\u00f3ria: das particularidades nacionais \u00e0 universalidade da revolu\u00e7\u00e3o socialista )  pode ser adquirido nos seguintes endere\u00e7os:\nhttps:\/\/editorasundermann.com.br\/livro\/96-marx-e-a-hist%C3%B3ria\nhttps:\/\/www.estantevirtual.com.br\/busca?utf8=%E2%9C%93&q=gustavo+machado+marx\n\n#NikolasFerreira #FimDaJornada6por1 #Reagindo","original_language":"pt-BR","publication_date":"2024-11-13","duration":0,"url":"https:\/\/www.youtube.com\/watch?v=kwSjyfnWTPE","thumbnail":"thumbnails\/kwSjyfnWTPE.jpg"},{"video_id":"CcuwYqYlmGs","channel_id":"UCqISa9Yx1nHe-YEWTk40EbQ","title":"Camarada Chiche \u00a1hasta el socialismo siempre!","description":"Hoy por la ma\u00f1ana recibimos la triste noticia de la partida de Isabel Morales, nuestra querida Chiche, producto de una repentina afecci\u00f3n en el coraz\u00f3n. \nDocente, luchadora por el socialismo y consecuente constructora en el movimiento obrero, en los \u00faltimos a\u00f1os form\u00f3 parte de la direcci\u00f3n del PSTU, siendo parte de los camaradas que hicieron frente a la persecuci\u00f3n que nuestra organizaci\u00f3n sufri\u00f3 por parte del Estado despu\u00e9s del 18 de diciembre de 2017.\nChiche tambi\u00e9n tom\u00f3 la dif\u00edcil tarea de dirigir la Secretaria de Mujeres del PSTU en los \u00faltimos a\u00f1os, aunque este a\u00f1o hab\u00eda dejado la tarea para dedicarse por completo a la construcci\u00f3n en el Movimiento Obrero.\nSu perdida sin duda ser\u00e1 muy sentida en nuestras filas. Saludamos a toda su familia. Y no dudamos que estar\u00e1 presente en cada pelea del partido contra la patronal, contra el Estado y contra el machismo que divide a nuestra clase.\nHasta el socialismo,\u00a0siempre!\n(Reproducimos un video con un saludo que la camarada mand\u00f3 al PT de Costa Rica hace cuatro a\u00f1os)","original_language":"es","publication_date":"2024-11-12","duration":0,"url":"https:\/\/www.youtube.com\/watch?v=CcuwYqYlmGs","thumbnail":"thumbnails\/CcuwYqYlmGs.jpg"},{"video_id":"-DdCtEihcd4","channel_id":"UCSr8BqxDw8sHHfGe3InUl5A","title":"L\u00eanin: as pol\u00eamicas entre Bolcheviques e Mencheviques","description":"Essa \u00e9 a parte 2 do epis\u00f3dio 9, e traz um tema extremamente atual para todos que querem entender as ra\u00edzes das disputas dentro do movimento revolucion\u00e1rio: as pol\u00eamicas entre bolcheviques e mencheviques. \ud83d\udca5\n\nAlguns podem pensar que essas discuss\u00f5es de mais de 100 anos atr\u00e1s s\u00e3o irrelevantes hoje, mas est\u00e3o enganados! As diverg\u00eancias entre essas duas correntes, desde a forma de elaborar as t\u00e1ticas at\u00e9 as interpreta\u00e7\u00f5es dos ensinamentos de Marx, refletem diretamente nas batalhas pol\u00edticas que enfrentamos at\u00e9 hoje.\n\n\ud83d\udccc Por que os mencheviques insistiam em aplicar mecanicamente as ideias de Marx de d\u00e9cadas anteriores?\n\ud83d\udccc Como os bolcheviques abordavam a realidade russa de maneira diferente?\n\ud83d\udccc E o que isso significa para a pr\u00e1tica revolucion\u00e1ria nos dias atuais?\n\nSe voc\u00ea quer entender o significado dessas pol\u00eamicas e por que elas s\u00e3o t\u00e3o relevantes at\u00e9 hoje, n\u00e3o perca esse v\u00eddeo! Assista, curta, compartilhe e fortale\u00e7a a discuss\u00e3o!\n\n___________________________________________________\n\nBaixe o e-book do epis\u00f3dio em portugu\u00eas:\nhttps:\/\/drive.google.com\/drive\/folders\/1wg0PYMynnj_a2p72GTIkFD-6uZkAWo_x?usp=drive_link\n\nBaixe o e-book do epis\u00f3dio em espanhol:\nhttps:\/\/drive.google.com\/drive\/folders\/1HPVS-_OceQlXvDdFYOtk8GiubXS_udyY?usp=sharing\n\nEntre no nosso Grupo do Whatsapp:\nhttps:\/\/chat.whatsapp.com\/F11x83gwU0X66Jx7PzRcLq","original_language":"unknown","publication_date":"2024-11-10","duration":0,"url":"https:\/\/www.youtube.com\/watch?v=-DdCtEihcd4","thumbnail":"thumbnails\/-DdCtEihcd4.jpg"},{"video_id":"_LCmFoeiO_M","channel_id":"UCRLEkZpNRoZQBG8kUTBD8vQ","title":"A quest\u00e3o que NENHUM liberal responde EP #214","description":"a quest\u00e3o que nenhum liberal (ou o nome preferido do adepto do Deus Livre Mercado) consegue responder: como o mercado, em base a oferta e a demanda, pode regular de modo eficiente a compra e venda da for\u00e7a de trabalho?\n\n_____________________________________________________________________________\nSEJA MEMBRO e apoie o canal. Bot\u00e3o ADERIR acima ou: \nhttps:\/\/www.youtube.com\/channel\/UCRLEkZpNRoZQBG8kUTBD8vQ\/join\n\nV\u00eddeo sobre ser membro do canal:\nhttps:\/\/www.youtube.com\/watch?v=drvou-obBVU\n_____________________________________________________________________________\nSiga as p\u00e1ginas do canal Orienta\u00e7\u00e3o Marxista nas Redes Sociais\n\nFACEBOOK:    https:\/\/www.facebook.com\/Orienta\u00e7\u00e3o-Marxista-111673690190915\nTWITTER:       https:\/\/twitter.com\/orient_marxista\nINSTAGRAM: https:\/\/www.instagram.com\/orient.marxista\n_____________________________________________________________________________\nLeia o blog Teoria e Revolu\u00e7\u00e3o:\nhttps:\/\/teoriaerevolucao.pstu.org.br\n_____________________________________________________________________________\nO livro do autor desse canal (Marx e a Hist\u00f3ria: das particularidades nacionais \u00e0 universalidade da revolu\u00e7\u00e3o socialista )  pode ser adquirido nos seguintes endere\u00e7os:\nhttps:\/\/editorasundermann.com.br\/livro\/96-marx-e-a-hist%C3%B3ria\nhttps:\/\/www.estantevirtual.com.br\/busca?utf8=%E2%9C%93&q=gustavo+machado+marx\n\n#Liberalismo #Emprego #Mercado","original_language":"pt-BR","publication_date":"2024-11-09","duration":0,"url":"https:\/\/www.youtube.com\/watch?v=_LCmFoeiO_M","thumbnail":"thumbnails\/_LCmFoeiO_M.jpg"},{"video_id":"Q0vkyjkbj5M","channel_id":"UCqISa9Yx1nHe-YEWTk40EbQ","title":"Estudiantes brasile\u00f1os luchan contra la privatizaci\u00f3n de las escuelas","description":"Tarc\u00edsio de Freitas, gobernador del Estado de San Pablo (Brasil) ha lanzado un plan de privatizaci\u00f3n de escuelas secundarias. Este plan est\u00e1 siendo enfrentado por los estudiantes a los que se han sumado docentes. En ese contexto, .se realiz\u00f3 una movilizaci\u00f3n por el centro de la ciudad de San Pablo que el gobernador mand\u00f3 a reprimir con fuerzas policiales. Rebeld\u00eda, la agrupaci\u00f3n juvenil del PSTU impulsa y participa activamente de esta lucha.","original_language":"es","publication_date":"2024-11-05","duration":0,"url":"https:\/\/www.youtube.com\/watch?v=Q0vkyjkbj5M","thumbnail":"thumbnails\/Q0vkyjkbj5M.jpg"},{"video_id":"LOCmC_L_QDs","channel_id":"UCSr8BqxDw8sHHfGe3InUl5A","title":"L\u00eanin: A revolu\u00e7\u00e3o de 1905 - Parte 01","description":"\ud83d\udea9 \nNo epis\u00f3dio nove, abordaremos um dos momentos mais marcantes para o proletariado mundial: a Revolu\u00e7\u00e3o de 1905! \ud83c\udf0d\ud83d\udd25 \n\nEssa revolu\u00e7\u00e3o foi um verdadeiro campo de aprendizado para L\u00eanin, moldando seu caminho como dirigente revolucion\u00e1rio. Entender o car\u00e1ter dessa revolu\u00e7\u00e3o, qual foi seu papel e como ela influenciou os passos futuros do movimento revolucion\u00e1rio na R\u00fassia s\u00e3o temas essenciais para quem quer compreender as bases do socialismo cient\u00edfico.\n\nPor que essa revolu\u00e7\u00e3o \u00e9 considerada \"democr\u00e1tico-burguesa\" pelos marxistas russos? Como esse epis\u00f3dio impactou a trajet\u00f3ria do movimento revolucion\u00e1rio? Essas e outras perguntas s\u00e3o respondidas neste v\u00eddeo.\n\n\ud83c\udfa5 Assista agora e mergulhe na hist\u00f3ria do proletariado mundial! N\u00e3o se esque\u00e7a de curtir, compartilhar com os camaradas e inscrever-se no canal para n\u00e3o perder os pr\u00f3ximos epis\u00f3dios. Cada curtida e compartilhamento ajuda a levar o conte\u00fado revolucion\u00e1rio para mais pessoas! \u270a\ud83c\udf39\n\n_______________________________________________\nBaixe o e-book do epis\u00f3dio em portugu\u00eas:\nhttps:\/\/drive.google.com\/drive\/folders\/1wg0PYMynnj_a2p72GTIkFD-6uZkAWo_x?usp=drive_link\n\nBaixe o e-book do epis\u00f3dio em espanhol:\nhttps:\/\/drive.google.com\/drive\/folders\/1HPVS-_OceQlXvDdFYOtk8GiubXS_udyY?usp=sharing\n\nEntre no nosso Grupo do Whatsapp:\nhttps:\/\/chat.whatsapp.com\/F11x83gwU0X66Jx7PzRcLq","original_language":"unknown","publication_date":"2024-11-03","duration":0,"url":"https:\/\/www.youtube.com\/watch?v=LOCmC_L_QDs","thumbnail":"thumbnails\/LOCmC_L_QDs.jpg"},{"video_id":"4qPlk1vU7sg","channel_id":"UCqISa9Yx1nHe-YEWTk40EbQ","title":"H\u00e9ctor Mora, delgado de Bed Time","description":"Hector Mora, delegado de la Comisi\u00f3n Interna de Bed Time y militante del PSTU, participa del piquete y del corte en Ruta Panamericana y 197, en l ajornada de lucha del 30\/10","original_language":"es","publication_date":"2024-10-30","duration":0,"url":"https:\/\/www.youtube.com\/watch?v=4qPlk1vU7sg","thumbnail":"thumbnails\/4qPlk1vU7sg.jpg"},{"video_id":"HGMpnK3JBRw","channel_id":"UC4QQ1pY2lD3DhthIJ1LFEBw","title":"29 de outubro de 2024","description":"","original_language":"pt-BR","publication_date":"2024-10-30","duration":0,"url":"https:\/\/www.youtube.com\/watch?v=HGMpnK3JBRw","thumbnail":"thumbnails\/HGMpnK3JBRw.jpg"},{"video_id":"JRvCXz4pFZA","channel_id":"UCqISa9Yx1nHe-YEWTk40EbQ","title":"El PSTU en la jornada de lucha del 30 de octubre","description":"Hoy se realiz\u00f3 una jornada de lucha contra el gobierno de Milei a partir del paro convocado por varios sindictaos del transporte. Diversas organizaciones piqueteras, sociales y de los trabajadores realizaron piquetes y cortes en muchos puntos de Buenos Aires y de todo el pa\u00eds. Daniel Ruiz, dirigente nacional del PSTU interviene en el piquete de Llavallol y Hector Mora (delegado de la comisi\u00f3n interna de la f\u00e1brica Bed TIme y militante del PSTU) en el piquete de Avenida Panamericana.","original_language":"es","publication_date":"2024-10-30","duration":0,"url":"https:\/\/www.youtube.com\/watch?v=JRvCXz4pFZA","thumbnail":"thumbnails\/JRvCXz4pFZA.jpg"},{"video_id":"Sl7K_vvtUwk","channel_id":"UCrZTf38EMgrRaNCchAooipw","title":"Quais as conquistas da revolu\u00e7\u00e3o e o que significou a trai\u00e7\u00e3o de Stalin","description":"A revolu\u00e7\u00e3o russa foi a maior experi\u00eancia da classe trabalhadora na constru\u00e7\u00e3o do socialismo. As mulheres foram parte fundamental dessa experi\u00eancia,  tanto na luta direta,  quanto na  implementa\u00e7\u00e3o de pol\u00edticas e medidas que mostraram o caminho da emancipa\u00e7\u00e3o de g\u00eanero.  Lamentavelmente, tamb\u00e9m sofreram rev\u00e9s com a burocratiza\u00e7\u00e3o stalinista! No v\u00eddeo da semana desenvolvemos esse tema e te convidamos a vir assistir!","original_language":"unknown","publication_date":"2024-10-30","duration":0,"url":"https:\/\/www.youtube.com\/watch?v=Sl7K_vvtUwk","thumbnail":"thumbnails\/Sl7K_vvtUwk.jpg"},{"video_id":"yhT-w5hcG9M","channel_id":"UCRLEkZpNRoZQBG8kUTBD8vQ","title":"Debate com Cristiano Chiocca: Estado e Mercado | Corte","description":"Trecho do deabate no RedCast com Cristiano Chiocca: https:\/\/www.youtube.com\/watch?v=21rEhHia9To\n\n_____________________________________________________________________________\nSEJA MEMBRO e apoie o canal. Bot\u00e3o ADERIR acima ou: \nhttps:\/\/www.youtube.com\/channel\/UCRLEkZpNRoZQBG8kUTBD8vQ\/join\n\nV\u00eddeo sobre ser membro do canal:\nhttps:\/\/www.youtube.com\/watch?v=drvou-obBVU\n_____________________________________________________________________________\nSiga as p\u00e1ginas do canal Orienta\u00e7\u00e3o Marxista nas Redes Sociais\n\nFACEBOOK:    https:\/\/www.facebook.com\/Orienta\u00e7\u00e3o-Marxista-111673690190915\nTWITTER:       https:\/\/twitter.com\/orient_marxista\nINSTAGRAM: https:\/\/www.instagram.com\/orient.marxista\n_____________________________________________________________________________\nLeia o blog Teoria e Revolu\u00e7\u00e3o:\nhttps:\/\/teoriaerevolucao.pstu.org.br\n_____________________________________________________________________________\nO livro do autor desse canal (Marx e a Hist\u00f3ria: das particularidades nacionais \u00e0 universalidade da revolu\u00e7\u00e3o socialista )  pode ser adquirido nos seguintes endere\u00e7os:\nhttps:\/\/editorasundermann.com.br\/livro\/96-marx-e-a-hist%C3%B3ria\nhttps:\/\/www.estantevirtual.com.br\/busca?utf8=%E2%9C%93&q=gustavo+machado+marx\n\n# # #","original_language":"unknown","publication_date":"2024-10-28","duration":0,"url":"https:\/\/www.youtube.com\/watch?v=yhT-w5hcG9M","thumbnail":"thumbnails\/yhT-w5hcG9M.jpg"},{"video_id":"3tiNS-Pnx2I","channel_id":"UCqISa9Yx1nHe-YEWTk40EbQ","title":"Per\u00fa: sindicato CELIMA participa del Paro Nacional","description":"Los trabajadores de la empresa CELIMA contin\u00faan su lucha contra los despidos. Esta semana, se sumaron al paro nacional generado por los sectores del transporte al que adhirieron muchos comercios peque\u00f1os y mediano. Tambi\u00e9n se formaron piquetes en los barrios que marcharon hacia el centro de Lima. El PST, secci\u00f3n peruana de la LIT-CI impuls\u00f3 y particip\u00f3 activamente de esta jornada.\n(Agradecemos a los comp\u00e3neros de CELIMA por las im\u00e1genes)","original_language":"es","publication_date":"2024-10-23","duration":0,"url":"https:\/\/www.youtube.com\/watch?v=3tiNS-Pnx2I","thumbnail":"thumbnails\/3tiNS-Pnx2I.jpg"},{"video_id":"x7_pX9bfe0M","channel_id":"UC4QQ1pY2lD3DhthIJ1LFEBw","title":"Precisamos realmente explorar petr\u00f3leo na Amaz\u00f4nia? - EP #8","description":"Nos \u00faltimos anos foram descobertas grandes reserva de petr\u00f3leo na Margem Equatorial, uma regi\u00e3o que fica no litoral da Amaz\u00f4nia brasileira, pr\u00f3ximo a foz do rio Amazonas. Mas a explora\u00e7\u00e3o de petr\u00f3leo na regi\u00e3o \u00e9 contestada por ambientalistas e cientistas que chamam a aten\u00e7\u00e3o sobre os impactos socioambientais e os perigos de vazamentos de petr\u00f3leo. Al\u00e9m disso, tamb\u00e9m alertam sobre as consequ\u00eancias desse explorar mais petr\u00f3leo em um contexto de crise clim\u00e1tica provocada pela queima dos combust\u00edveis f\u00f3sseis. J\u00e1 os defensores da explora\u00e7\u00e3o do petr\u00f3leo dizem que ele \u00e9 necess\u00e1rio para o desenvolvimento do pa\u00eds. \n\nNeste epis\u00f3dio vou te explicar tudo sobre a Margem Equatorial.\n\n_______________________________\nSIGA-ME NAS REDES SOCIAIS\n\nInstagram:     \/ https:\/\/www.instagram.com\/eco.politicamarxista\/\n_______________________________\n\n\ud83d\udcfa Epis\u00f3dio: O que \u00e9 o Capitalismo F\u00f3ssil?\n\ud83d\udd17 https:\/\/youtu.be\/P5nXkQDzD_o\n_______________________________\n\n\ud83d\udcda Refer\u00eancias\n\n\u25ba Aumento da produ\u00e7\u00e3o de petr\u00f3leo no Brasil pode anular ganhos com desmatamento zero\n\ud83d\udd17 https:\/\/apublica.org\/2023\/12\/cop28-aumento-da-producao-de-petroleo-no-brasil-pode-anular-ganhos-com-desmatamento-zero\/","original_language":"pt-BR","publication_date":"2024-10-23","duration":0,"url":"https:\/\/www.youtube.com\/watch?v=x7_pX9bfe0M","thumbnail":"thumbnails\/x7_pX9bfe0M.jpg"},{"video_id":"3_xZpiaG_IY","channel_id":"UC4QQ1pY2lD3DhthIJ1LFEBw","title":"O Capitalismo \u00e9 a cat\u00e1strofe","description":"\u00c9 mais f\u00e1cil pensar o fim do mundo do que no fim do capitalismo. Ser\u00e1?","original_language":"pt-BR","publication_date":"2024-10-19","duration":0,"url":"https:\/\/www.youtube.com\/watch?v=3_xZpiaG_IY","thumbnail":"thumbnails\/3_xZpiaG_IY.jpg"},{"video_id":"7kTdRaTUCts","channel_id":"UC4QQ1pY2lD3DhthIJ1LFEBw","title":"Capitalismo da cat\u00e1strofe","description":"","original_language":"pt-BR","publication_date":"2024-10-19","duration":0,"url":"https:\/\/www.youtube.com\/watch?v=7kTdRaTUCts","thumbnail":"thumbnails\/7kTdRaTUCts.jpg"},{"video_id":"FUNGeJm6FME","channel_id":"UC4QQ1pY2lD3DhthIJ1LFEBw","title":"19 de outubro de 2024","description":"","original_language":"pt-BR","publication_date":"2024-10-19","duration":0,"url":"https:\/\/www.youtube.com\/watch?v=FUNGeJm6FME","thumbnail":"thumbnails\/FUNGeJm6FME.jpg"},{"video_id":"T8AeqfVnJXw","channel_id":"UC4QQ1pY2lD3DhthIJ1LFEBw","title":"BR 319 \u00e9 a estrada do fim do mundo","description":"BR 319 \u00e9 a estrada do fim do mundo e pode deixar a #amazonia pr\u00f3ximo do colapso","original_language":"pt-BR","publication_date":"2024-10-19","duration":0,"url":"https:\/\/www.youtube.com\/watch?v=T8AeqfVnJXw","thumbnail":"thumbnails\/T8AeqfVnJXw.jpg"},{"video_id":"UpFoAL_DQKs","channel_id":"UC4QQ1pY2lD3DhthIJ1LFEBw","title":"O Capitalismo F\u00f3ssil","description":"Governos continuam ainda financiando o capitalismo f\u00f3ssil, agravando #aquecimentoglobal","original_language":"pt-BR","publication_date":"2024-10-19","duration":0,"url":"https:\/\/www.youtube.com\/watch?v=UpFoAL_DQKs","thumbnail":"thumbnails\/UpFoAL_DQKs.jpg"},{"video_id":"WJ1Ix6jy6hs","channel_id":"UC4QQ1pY2lD3DhthIJ1LFEBw","title":"Quem \u00e9 respons\u00e1vel pelo aquecimento global? \ud83e\udd14\ud83e\udd14\ud83e\udd14","description":"www.youtube.com\/@UC4QQ1pY2lD3DhthIJ1LFEBw","original_language":"pt-BR","publication_date":"2024-10-19","duration":0,"url":"https:\/\/www.youtube.com\/watch?v=WJ1Ix6jy6hs","thumbnail":"thumbnails\/WJ1Ix6jy6hs.jpg"},{"video_id":"Zq4J8-NPDbk","channel_id":"UC4QQ1pY2lD3DhthIJ1LFEBw","title":"A l\u00f3gica do capitalismo f\u00f3ssil","description":"O capitalismo \u00e9 irracional e destr\u00f3i as pr\u00f3prias bases naturais da sua produ\u00e7\u00e3o com as #mudancasclimaticas","original_language":"pt-BR","publication_date":"2024-10-19","duration":0,"url":"https:\/\/www.youtube.com\/watch?v=Zq4J8-NPDbk","thumbnail":"thumbnails\/Zq4J8-NPDbk.jpg"},{"video_id":"brHdP5-LIzQ","channel_id":"UC4QQ1pY2lD3DhthIJ1LFEBw","title":"Como as queimadas do agroneg\u00f3cio est\u00e1 destruindo a Amaz\u00f4nia","description":"Como as #queimadas  do #agronegocio  est\u00e1 destruindo a #amazonia","original_language":"pt-BR","publication_date":"2024-10-19","duration":0,"url":"https:\/\/www.youtube.com\/watch?v=brHdP5-LIzQ","thumbnail":"thumbnails\/brHdP5-LIzQ.jpg"},{"video_id":"dbi62CMupLg","channel_id":"UC4QQ1pY2lD3DhthIJ1LFEBw","title":"NASA mostra a Terra sufocando","description":"Imagens de sat\u00e9lites mostram quais s\u00e3o os maiores emissores de di\u00f3xido de carbono (CO2) que provoca o #aquecimentoglobal","original_language":"pt-BR","publication_date":"2024-10-19","duration":0,"url":"https:\/\/www.youtube.com\/watch?v=dbi62CMupLg","thumbnail":"thumbnails\/dbi62CMupLg.jpg"},{"video_id":"skUONY3LsXA","channel_id":"UC4QQ1pY2lD3DhthIJ1LFEBw","title":"Quem \u00e9 o anthropos do antropoceno?","description":"www.youtube.com\/@UC4QQ1pY2lD3DhthIJ1LFEBw   \/Instagram\/ eco.politicamarxista","original_language":"pt-BR","publication_date":"2024-10-19","duration":0,"url":"https:\/\/www.youtube.com\/watch?v=skUONY3LsXA","thumbnail":"thumbnails\/skUONY3LsXA.jpg"},{"video_id":"hmw1OY_0Dpo","channel_id":"UCqISa9Yx1nHe-YEWTk40EbQ","title":"La lucha de los estudiantes de la UNLaM","description":"Malena, estudiante de sicopedagog\u00eda de la UNLaM, (Universidad Nacional de la Matanza) militante de la juventud del PSTU y participante de los Estudiantes Autoconvocados de esa universidad) nos cuenta der su lucha contra los ataques del gobierno de Milei y del enfrentaniento que tuvieron los matones del rectorado.","original_language":"es","publication_date":"2024-10-18","duration":0,"url":"https:\/\/www.youtube.com\/watch?v=hmw1OY_0Dpo","thumbnail":"thumbnails\/hmw1OY_0Dpo.jpg"},{"video_id":"WzIbXaiKqsY","channel_id":"UCqISa9Yx1nHe-YEWTk40EbQ","title":"Los trabajadores y estudiantes rosarinos enfrentan la criminalizaci\u00f3n de la protesta","description":"El gobernador de la provincia de Santa Fe, Maximiliano Pullaro (UCR), hab\u00eda ordenado el allanamientos de viviendas y detenci\u00f3n de activistas y dirigentes sindicales de AMSAFE, ATE y la CTA Aut\u00f3noma, en Rosario.\nAnte ese ataque a la clase trabajadora,  el Sindicato de Obreros y Empleados Aceiteros de Rosario (SOEAR) par\u00f3 sus plantas este jueves 17 de octubre, entre las 6:00 y las 18:00. Junto con las otras organizaciones sindicales convocaron una movilizaci\u00f3n en Rosario. A esa movilizaci\u00f3n se sumo una columna de la universidad, integrada por docentes y numerosos estudiantes, Despu\u00e9s, una delegaci\u00f3n se traslad\u00f3 a la ciudad de Santa Fe a exigir la libertad de los detenidos que, finalmente fueron liberaados.\nDesde el PSTU, saludamos esta acci\u00f3n de estos sindicatos rosarinos que muestra el camino para enfrentar la  criminalizaci\u00f3n de la protesta que implementan el gobierno nacional y los gobiernos provinciales. Saludamos tambi\u00e9n la unidad obrero-estudiantil, imprescindible para fortalecer las luchas en estos momentos.","original_language":"es","publication_date":"2024-10-17","duration":0,"url":"https:\/\/www.youtube.com\/watch?v=WzIbXaiKqsY","thumbnail":"thumbnails\/WzIbXaiKqsY.jpg"},{"video_id":"APAXPDmg4QY","channel_id":"UCRLEkZpNRoZQBG8kUTBD8vQ","title":"RESPONDENDO Henry Bugalho, Pedro Ivo e Humberto Matos EP #213","description":"O v\u00eddeo sobre dinheiro em MARX: ERRATA, n\u00e3o tem 3 horas de dura\u00e7\u00e3o, mas 1 hora e meia: https:\/\/www.youtube.com\/watch?v=x7Q6IS35Scw\n\nV\u00eddeos de resposta ao Humberto Matos: \nhttps:\/\/www.youtube.com\/watch?v=sSCEeXXTfGc\nhttps:\/\/www.youtube.com\/watch?v=h0cHpRQXFgc\n\nV\u00eddeo de resposta ao Jones Manoel:\nhttps:\/\/www.youtube.com\/watch?v=G2InnbhehMw\n\n_____________________________________________________________________________\nSEJA MEMBRO e apoie o canal. Bot\u00e3o ADERIR acima ou: \nhttps:\/\/www.youtube.com\/channel\/UCRLEkZpNRoZQBG8kUTBD8vQ\/join\n\nV\u00eddeo sobre ser membro do canal:\nhttps:\/\/www.youtube.com\/watch?v=drvou-obBVU\n_____________________________________________________________________________\nSiga as p\u00e1ginas do canal Orienta\u00e7\u00e3o Marxista nas Redes Sociais\n\nFACEBOOK:    https:\/\/www.facebook.com\/Orienta\u00e7\u00e3o-Marxista-111673690190915\nTWITTER:       https:\/\/twitter.com\/orient_marxista\nINSTAGRAM: https:\/\/www.instagram.com\/orient.marxista\n_____________________________________________________________________________\nLeia o blog Teoria e Revolu\u00e7\u00e3o:\nhttps:\/\/teoriaerevolucao.pstu.org.br\n_____________________________________________________________________________\nO livro do autor desse canal (Marx e a Hist\u00f3ria: das particularidades nacionais \u00e0 universalidade da revolu\u00e7\u00e3o socialista )  pode ser adquirido nos seguintes endere\u00e7os:\nhttps:\/\/editorasundermann.com.br\/livro\/96-marx-e-a-hist%C3%B3ria\nhttps:\/\/www.estantevirtual.com.br\/busca?utf8=%E2%9C%93&q=gustavo+machado+marx\n\n# # #","original_language":"pt-BR","publication_date":"2024-10-16","duration":0,"url":"https:\/\/www.youtube.com\/watch?v=APAXPDmg4QY","thumbnail":"thumbnails\/APAXPDmg4QY.jpg"},{"video_id":"R9sExjo_4Mg","channel_id":"UCRLEkZpNRoZQBG8kUTBD8vQ","title":"A atualidade da revolu\u00e7\u00e3o Russa","description":"A atualidade da revolu\u00e7\u00e3o Russa","original_language":"en-US","publication_date":"2024-10-12","duration":0,"url":"https:\/\/www.youtube.com\/watch?v=R9sExjo_4Mg","thumbnail":"thumbnails\/R9sExjo_4Mg.jpg"},{"video_id":"-yriCxE5H8A","channel_id":"UCqISa9Yx1nHe-YEWTk40EbQ","title":"Acto en Paraguay en apoyo a la lucha del pueblo palestino","description":"Intervenci\u00f3n de Julio L\u00f3pez (dirigente sindical y miembro de la direcci\u00f3n nacional del PT paraguayo) en la actividad realizada ayer en Asunci\u00f3n.","original_language":"es","publication_date":"2024-10-10","duration":0,"url":"https:\/\/www.youtube.com\/watch?v=-yriCxE5H8A","thumbnail":"thumbnails\/-yriCxE5H8A.jpg"},{"video_id":"02x4_9R5peA","channel_id":"UCqISa9Yx1nHe-YEWTk40EbQ","title":"Movilizaci\u00f3n en Uruguay en apoyo a la lucha del pueblo palestino","description":"Esta semana, se realiz\u00f3 en Montevideo una movilizaci\u00f3n en apoyo a la lucha del pueblo palestino contra el estado sionista. La IST (organizaci\u00f3n uruguaya de la LIT-CI) particip\u00f3 de ella y nos env\u00edo est\u00e1s im\u00e9genes de la actividad","original_language":"unknown","publication_date":"2024-10-10","duration":0,"url":"https:\/\/www.youtube.com\/watch?v=02x4_9R5peA","thumbnail":"thumbnails\/02x4_9R5peA.jpg"},{"video_id":"8T7EPHnFpEA","channel_id":"UCRLEkZpNRoZQBG8kUTBD8vQ","title":"ROXO: cad\u00ea a documenta\u00e7\u00e3o? Vai arregar? #shorts","description":"_____________________________________________________________________________\nSEJA MEMBRO e apoie o canal. Bot\u00e3o ADERIR acima ou: \nhttps:\/\/www.youtube.com\/channel\/UCRLEkZpNRoZQBG8kUTBD8vQ\/join\n\nV\u00eddeo sobre ser membro do canal:\nhttps:\/\/www.youtube.com\/watch?v=drvou-obBVU\n_____________________________________________________________________________\nSiga as p\u00e1ginas do canal Orienta\u00e7\u00e3o Marxista nas Redes Sociais\n\nFACEBOOK:    https:\/\/www.facebook.com\/Orienta\u00e7\u00e3o-Marxista-111673690190915\nTWITTER:       https:\/\/twitter.com\/orient_marxista\nINSTAGRAM: https:\/\/www.instagram.com\/orient.marxista\n_____________________________________________________________________________\nLeia o blog Teoria e Revolu\u00e7\u00e3o:\nhttps:\/\/teoriaerevolucao.pstu.org.br\n_____________________________________________________________________________\nO livro do autor desse canal (Marx e a Hist\u00f3ria: das particularidades nacionais \u00e0 universalidade da revolu\u00e7\u00e3o socialista )  pode ser adquirido nos seguintes endere\u00e7os:\nhttps:\/\/editorasundermann.com.br\/livro\/96-marx-e-a-hist%C3%B3ria\nhttps:\/\/www.estantevirtual.com.br\/busca?utf8=%E2%9C%93&q=gustavo+machado+marx\n\n#Roxo #Revolu\u00e7\u00e3oRussa","original_language":"pt-BR","publication_date":"2024-10-09","duration":0,"url":"https:\/\/www.youtube.com\/watch?v=8T7EPHnFpEA","thumbnail":"thumbnails\/8T7EPHnFpEA.jpg"},{"video_id":"-pVvVv_Obx4","channel_id":"UCRLEkZpNRoZQBG8kUTBD8vQ","title":"Precisamos do capital e dos capitalistas? #shorts","description":"Assistam o debate completo: https:\/\/www.youtube.com\/watch?v=1hiPzjtxwfk\n\n_____________________________________________________________________________\nSEJA MEMBRO e apoie o canal. Bot\u00e3o ADERIR acima ou: \nhttps:\/\/www.youtube.com\/channel\/UCRLEkZpNRoZQBG8kUTBD8vQ\/join\n\nV\u00eddeo sobre ser membro do canal:\nhttps:\/\/www.youtube.com\/watch?v=drvou-obBVU\n_____________________________________________________________________________\nSiga as p\u00e1ginas do canal Orienta\u00e7\u00e3o Marxista nas Redes Sociais\n\nFACEBOOK:    https:\/\/www.facebook.com\/Orienta\u00e7\u00e3o-Marxista-111673690190915\nTWITTER:       https:\/\/twitter.com\/orient_marxista\nINSTAGRAM: https:\/\/www.instagram.com\/orient.marxista\n_____________________________________________________________________________\nLeia o blog Teoria e Revolu\u00e7\u00e3o:\nhttps:\/\/teoriaerevolucao.pstu.org.br\n_____________________________________________________________________________\nO livro do autor desse canal (Marx e a Hist\u00f3ria: das particularidades nacionais \u00e0 universalidade da revolu\u00e7\u00e3o socialista )  pode ser adquirido nos seguintes endere\u00e7os:\nhttps:\/\/editorasundermann.com.br\/livro\/96-marx-e-a-hist%C3%B3ria\nhttps:\/\/www.estantevirtual.com.br\/busca?utf8=%E2%9C%93&q=gustavo+machado+marx\n\n#Capital #Capitalistas #Iphone","original_language":"unknown","publication_date":"2024-10-08","duration":0,"url":"https:\/\/www.youtube.com\/watch?v=-pVvVv_Obx4","thumbnail":"thumbnails\/-pVvVv_Obx4.jpg"},{"video_id":"1zkQEPyBgOg","channel_id":"UCqISa9Yx1nHe-YEWTk40EbQ","title":"Qu\u00e9 pasa en Sri Lanka","description":"Video realizado sobre la base del art\u00edculo de Alejandro Iturbe publicado en el site de la LIT-CI (www.litci.org). Agradecedemos a JT Producci\u00f3n la realizaci\u00f3n de este video","original_language":"unknown","publication_date":"2024-10-08","duration":0,"url":"https:\/\/www.youtube.com\/watch?v=1zkQEPyBgOg","thumbnail":"thumbnails\/1zkQEPyBgOg.jpg"},{"video_id":"fhJG4j3Es9Y","channel_id":"UCqISa9Yx1nHe-YEWTk40EbQ","title":"Apoyo del PSTU a la lucha del Hospital Laura Bonaparte","description":"Marcela Rylko Dirigente Nacional del PSTU y Lucha\u00a0Mujer expresa su apoyo a la lucha de los trabajadores del Hospital Nacional de Salud Mental Laura Bonaparte contra el cierre anunciado por el gobierno de Jav ier Milei. Llama a unificar las luchas en defensa de la Salud P\u00fablica, de la Educaci\u00f3n P\u00fablica y otras que se dan el pa\u00eds.","original_language":"unknown","publication_date":"2024-10-08","duration":0,"url":"https:\/\/www.youtube.com\/watch?v=fhJG4j3Es9Y","thumbnail":"thumbnails\/fhJG4j3Es9Y.jpg"},{"video_id":"-H0DuynDZns","channel_id":"UCpfZpmQ8hS3RbQ5GsXZw4KQ","title":"A un a\u00f1o del 7 de Octubre","description":"Video realizado por la LIT-CI (Liga Internacional de los Trabajadores - Cuarta Internacional) a un a\u00f1o del ataque de Hamas al estado sionista y del inicio de la sangrienta invasi\u00f3n isreal\u00ed a la Franja de Gaza","original_language":"pt","publication_date":"2024-10-07","duration":0,"url":"https:\/\/www.youtube.com\/watch?v=-H0DuynDZns","thumbnail":"thumbnails\/-H0DuynDZns.jpg"},{"video_id":"OtZBhBuBer4","channel_id":"UCqISa9Yx1nHe-YEWTk40EbQ","title":"A un a\u00f1o del 7 de Octubre","description":"Video realizado por la LIT-CI (Liga Internacional de los Trabajadores - Cuarta Internacional) a un a\u00f1o del ataque de Hamas al estado sionista y del inicio de la sangrienta invasi\u00f3n isreal\u00ed a la Franja de Gaza","original_language":"unknown","publication_date":"2024-10-07","duration":0,"url":"https:\/\/www.youtube.com\/watch?v=OtZBhBuBer4","thumbnail":"thumbnails\/OtZBhBuBer4.jpg"},{"video_id":"v8e734Rfo1U","channel_id":"UCqISa9Yx1nHe-YEWTk40EbQ","title":"Sigue la lucha en defensa del Hospital Bonaparte","description":"El domingo 6\/10\/2024, los trabajadores del Hospital Nacional de Salud Mental Laura Bonaparte realizaron una gran actividad contra el cierre de ese centro m\u00e9dico, anunciada por el gobierno de Milei. Numerosas organizaciones se acercaron para dar su apoyo y  solidaridad a esta lucha (entre ellas el PSTU). Fue muy importante la presencia de una delegaci\u00f3n del Hospital Garrahan (que tambi\u00e9n est\u00e1 recibiendo ataques del gobierno nacional) y su llamado a luchar en com\u00fan. Esta unidad debe ser el punto de partida de un plan de lucha nacional en defensa de la Salud P\u00fablica que est\u00e1 siendo atacada en todos sus niveles (nacional, provincial y CABA).\n(Agradecemos al Frente \u00ecndigo la producci\u00f3n de este video) .","original_language":"unknown","publication_date":"2024-10-07","duration":0,"url":"https:\/\/www.youtube.com\/watch?v=v8e734Rfo1U","thumbnail":"thumbnails\/v8e734Rfo1U.jpg"},{"video_id":"ZRbQMqFN8PU","channel_id":"UCqISa9Yx1nHe-YEWTk40EbQ","title":"Contexto hist\u00f3rico, pol\u00edtico y econ\u00f3mico del Manifiesto Comunista (Matx y Engels)","description":"","original_language":"unknown","publication_date":"2024-10-06","duration":0,"url":"https:\/\/www.youtube.com\/watch?v=ZRbQMqFN8PU","thumbnail":"thumbnails\/ZRbQMqFN8PU.jpg"},{"video_id":"mmAUAnCQ4lU","channel_id":"UCqISa9Yx1nHe-YEWTk40EbQ","title":"Apoyo a los trabajadores del Hospital Laura Bonaparte","description":"El gobierno de Javier Milei anunci\u00f3 el cierre del Hospital Nacional de Salud Mental Laura Bonaparte cuyo edificio est\u00e1 en Combate de los Pozos 2133 (CABA). Para enfrentar el cierre, los 612 trabajadores permanecen en el hospital, en el que realizan asambleas y reciben la solidaridad de diversos sectores. El cierre de este hospital es parte de los permanentes ataques a la Salud P\u00fablica que realiza el gobierno nacional (por ejemplo al Hospital Garrahan) y tambi\u00e9n los gobiernos provinciales y el de CABA. El PSTU llama a apoyar a los trabajadores del Hospital Bonaparte y a organizar una lucha nacional en defensa de la Salud P\u00fablica en todos sus niveles.\n(Agradecemos al Frente \u00cdndigo la realizaci\u00f3n de este video)","original_language":"unknown","publication_date":"2024-10-06","duration":0,"url":"https:\/\/www.youtube.com\/watch?v=mmAUAnCQ4lU","thumbnail":"thumbnails\/mmAUAnCQ4lU.jpg"},{"video_id":"rvwKpDVmRLQ","channel_id":"UCqISa9Yx1nHe-YEWTk40EbQ","title":"Mario Villareal del PSTU apoya la lucha de los Trabajadores del Hospital Bonaparte","description":"Mario Villareal del PSTU se hizo presente en las actividades aue realizan los trabajkadores del Hospital Nacional de Salud Mental Laura Bonaparte contra el cierre anunciado por el gobierno de Javier Milei","original_language":"unknown","publication_date":"2024-10-06","duration":0,"url":"https:\/\/www.youtube.com\/watch?v=rvwKpDVmRLQ","thumbnail":"thumbnails\/rvwKpDVmRLQ.jpg"},{"video_id":"DllPOvxpms8","channel_id":"UCRLEkZpNRoZQBG8kUTBD8vQ","title":"O que est\u00e1 por tr\u00e1s das BETs: A GRANDE CONTRADI\u00c7\u00c3O DO CAPITALISMO EP #212","description":"Veremos os motivos que levam muitos capitalista a colocar o seu capital em BETs, jogos de azar, casinos online etc... Por tr\u00e1s disse encontramos a maior contradi\u00e7\u00e3o do capitalismo.\n\n_____________________________________________________________________________\nSEJA MEMBRO e apoie o canal. Bot\u00e3o ADERIR acima ou: \nhttps:\/\/www.youtube.com\/channel\/UCRLEkZpNRoZQBG8kUTBD8vQ\/join\n\nV\u00eddeo sobre ser membro do canal:\nhttps:\/\/www.youtube.com\/watch?v=drvou-obBVU\n_____________________________________________________________________________\nSiga as p\u00e1ginas do canal Orienta\u00e7\u00e3o Marxista nas Redes Sociais\n\nFACEBOOK:    https:\/\/www.facebook.com\/Orienta\u00e7\u00e3o-Marxista-111673690190915\nTWITTER:       https:\/\/twitter.com\/orient_marxista\nINSTAGRAM: https:\/\/www.instagram.com\/orient.marxista\n_____________________________________________________________________________\nLeia o blog Teoria e Revolu\u00e7\u00e3o:\nhttps:\/\/teoriaerevolucao.pstu.org.br\n_____________________________________________________________________________\nO livro do autor desse canal (Marx e a Hist\u00f3ria: das particularidades nacionais \u00e0 universalidade da revolu\u00e7\u00e3o socialista )  pode ser adquirido nos seguintes endere\u00e7os:\nhttps:\/\/editorasundermann.com.br\/livro\/96-marx-e-a-hist%C3%B3ria\nhttps:\/\/www.estantevirtual.com.br\/busca?utf8=%E2%9C%93&q=gustavo+machado+marx\n\n#BETs #CasasDeApostas #Capitalismo","original_language":"pt","publication_date":"2024-10-05","duration":0,"url":"https:\/\/www.youtube.com\/watch?v=DllPOvxpms8","thumbnail":"thumbnails\/DllPOvxpms8.jpg"},{"video_id":"KYXXE_FCAL4","channel_id":"UCqISa9Yx1nHe-YEWTk40EbQ","title":"Voces de la Marcha Universitaria","description":"La gran marcha realizada el mi\u00e9rcoles 2\/10\/2024 expres\u00f3 el rechazo de una mayor\u00eda del pueblo argentino al veto a la Ley de Financiamiento Universitario y a muchas medidas del gobierno. A pesar de ello, el presidente Javier Milei ya ha vetado la ley. Hay que seguir la lucha!!!!!\n(Agradecemos a JT producciones y al Frente \u00ecndigo la producci\u00f3n de este video)","original_language":"unknown","publication_date":"2024-10-03","duration":0,"url":"https:\/\/www.youtube.com\/watch?v=KYXXE_FCAL4","thumbnail":"thumbnails\/KYXXE_FCAL4.jpg"},{"video_id":"iETiaKvy4P8","channel_id":"UCRLEkZpNRoZQBG8kUTBD8vQ","title":"MATERIALISMO HIST\u00d3RICO | ENCICLOP\u00c9DIA MARXISTA","description":"VERBETES | CONCEP\u00c7\u00c3O MATERIALISTA DA HIST\u00d3RIA\nESTRUTURA:  https:\/\/youtu.be\/AX5E3fQicho\nSUPERESTRUTURA:  https:\/\/youtu.be\/HF4rRWV3WuU\nFOR\u00c7AS PRODUTIVAS:  https:\/\/youtu.be\/p4MUzx01MH4\nRELA\u00c7\u00d5ES DE PRODU\u00c7\u00c3O:  https:\/\/youtu.be\/lcOmdSG9Jrw\nMODOS DE PRODU\u00c7\u00c3O:  https:\/\/youtu.be\/1R-3QpsXENc\nCONSCI\u00caNCIA:  https:\/\/youtu.be\/QIU0_y34798 \nCLASSES SOCIAIS:   https:\/\/youtu.be\/HJUekxm_sbo \nLUTA DE CLASSES:  https:\/\/youtu.be\/lSwhP-0jIsI \nMATERIALISMO HIST\u00d3RICO:  https:\/\/youtu.be\/iETiaKvy4P8 \n\n\"Os homens fazem sua hist\u00f3ria, quaisquer que sejam os rumos desta\" (Ludwig Feuerbach e o fim da filosofia cl\u00e1ssica alem\u00e3; F. Engels)\n\nFIM DA DUALIDADE SUJEITO-OBJETO\n\n\"os homens, ao desenvolverem sua produ\u00e7\u00e3o e seu interc\u00e2mbio materiais, transformam tamb\u00e9m, com esta sua realidade, seu pensar e os produtos de seu pensar.\" (Ideologia alem\u00e3, pag 15. Boitempo)\n\nO PENSAMENTO DEVE EXPRESSAR O QUE \u00c9 REAL OU EFETIVO\n\n\"Esse modo de considerar as coisas n\u00e3o \u00e9 isento de pressupostos. Ele parte de pressupostos reais e n\u00e3o os abandona em nenhum instante. Seus pressupostos s\u00e3o os homens, n\u00e3o em quaisquer isolamento ou fixa\u00e7\u00e3o fant\u00e1sticos, mas em seu processo de desenvolvimento real, empiricamente observ\u00e1vel, sob determinadas condi\u00e7\u00f5es.\" (Ideologia alem\u00e3, pag 94. Boitempo)\n\nOS CONDICIONAMENTOS OBJETIVOS DA A\u00c7\u00c3O HOMANA\n\n\u201cOs homens fazem a sua pr\u00f3pria hist\u00f3ria; contudo, n\u00e3o a fazem de livre e espont\u00e2nea vontade, pois n\u00e3o s\u00e3o eles quem escolhem as circunst\u00e2ncias sob as quais ela \u00e9 feita, mas estas lhes foram transmitidas assim como se encontram\u201d (18 Brum\u00e1rio)\n\n\"os homens fazem eles pr\u00f3prios a sua hist\u00f3ria, mas num meio dado que a condiciona, sobre a base de condi\u00e7\u00f5es efetivas que encontram\" (Engels, Carta a W. Borgius, janeiro de 1894)\n_____________________________________________________________________________\nSEJA MEMBRO e apoie o canal. Bot\u00e3o ADERIR acima ou: \nhttps:\/\/www.youtube.com\/channel\/UCRLEkZpNRoZQBG8kUTBD8vQ\/join\n\nV\u00eddeo sobre ser membro do canal:\nhttps:\/\/www.youtube.com\/watch?v=drvou-obBVU\n_____________________________________________________________________________\nSiga as p\u00e1ginas do canal Orienta\u00e7\u00e3o Marxista nas Redes Sociais\n\nFACEBOOK:    https:\/\/www.facebook.com\/Orienta\u00e7\u00e3o-Marxista-111673690190915\nTWITTER:       https:\/\/twitter.com\/orient_marxista\nINSTAGRAM: https:\/\/www.instagram.com\/orient.marxista\n_____________________________________________________________________________\nLeia o blog Teoria e Revolu\u00e7\u00e3o:\nhttps:\/\/teoriaerevolucao.pstu.org.br\n_____________________________________________________________________________\nO livro do autor desse canal (Marx e a Hist\u00f3ria: das particularidades nacionais \u00e0 universalidade da revolu\u00e7\u00e3o socialista )  pode ser adquirido nos seguintes endere\u00e7os:\nhttps:\/\/editorasundermann.com.br\/livro\/96-marx-e-a-hist%C3%B3ria\nhttps:\/\/www.estantevirtual.com.br\/busca?utf8=%E2%9C%93&q=gustavo+machado+marx\n\n#Enciclop\u00e9diaMarxista #MaterialismoHist\u00f3rico #Marx","original_language":"pt-BR","publication_date":"2024-10-03","duration":0,"url":"https:\/\/www.youtube.com\/watch?v=iETiaKvy4P8","thumbnail":"thumbnails\/iETiaKvy4P8.jpg"},{"video_id":"o1t_2TtYJl0","channel_id":"UCqISa9Yx1nHe-YEWTk40EbQ","title":"Solidaridad en el dia 2 del juicio contra los 7 acusados de la comunidad mapuche Lafken Winkul Mapu","description":"","original_language":"unknown","publication_date":"2024-10-01","duration":0,"url":"https:\/\/www.youtube.com\/watch?v=o1t_2TtYJl0","thumbnail":"thumbnails\/o1t_2TtYJl0.jpg"},{"video_id":"3xj3gv2o2EM","channel_id":"UCqISa9Yx1nHe-YEWTk40EbQ","title":"M\u00e9xico: 10 a\u00f1os sin justicia  en el caso Ayotzinapa","description":"As\u00ed se vivi\u00f3 la marcha a una d\u00e9cada sin respuestas. Padres y madres de desaparecidos siguen llorando a sus hijos. En 2014 el tiempo se detuvo porque las cosas siguieron igual, porque los tres niveles de gobierno fueron omisos, este es un hartazgo a nivel nacional.\n(Material que hemos recibido desde M\u00e9xico con pedido de difusi\u00f3n).","original_language":"unknown","publication_date":"2024-09-30","duration":0,"url":"https:\/\/www.youtube.com\/watch?v=3xj3gv2o2EM","thumbnail":"thumbnails\/3xj3gv2o2EM.jpg"},{"video_id":"7BphObN0tmQ","channel_id":"UCqISa9Yx1nHe-YEWTk40EbQ","title":"Absoluci\u00f3n inmediata a las y los compa\u00f1eros mapuches de la comunidad Lafken Winkul Mapu","description":"","original_language":"unknown","publication_date":"2024-09-30","duration":0,"url":"https:\/\/www.youtube.com\/watch?v=7BphObN0tmQ","thumbnail":"thumbnails\/7BphObN0tmQ.jpg"},{"video_id":"0uN-x9UAEok","channel_id":"UCRLEkZpNRoZQBG8kUTBD8vQ","title":"RITA VON HUNTY: Idealismo e Materialismo | REAGINDO EP #211","description":"RITA VON HUNTY: Idealismo e Materialismo | REAGINDO\n_____________________________________________________________________________\nSEJA MEMBRO e apoie o canal. Bot\u00e3o ADERIR acima ou: \nhttps:\/\/www.youtube.com\/channel\/UCRLEkZpNRoZQBG8kUTBD8vQ\/join\n\nV\u00eddeo sobre ser membro do canal:\nhttps:\/\/www.youtube.com\/watch?v=drvou-obBVU\n_____________________________________________________________________________\nSiga as p\u00e1ginas do canal Orienta\u00e7\u00e3o Marxista nas Redes Sociais\n\nFACEBOOK:    https:\/\/www.facebook.com\/Orienta\u00e7\u00e3o-Marxista-111673690190915\nTWITTER:       https:\/\/twitter.com\/orient_marxista\nINSTAGRAM: https:\/\/www.instagram.com\/orient.marxista\n_____________________________________________________________________________\nLeia o blog Teoria e Revolu\u00e7\u00e3o:\nhttps:\/\/teoriaerevolucao.pstu.org.br\n_____________________________________________________________________________\nO livro do autor desse canal (Marx e a Hist\u00f3ria: das particularidades nacionais \u00e0 universalidade da revolu\u00e7\u00e3o socialista )  pode ser adquirido nos seguintes endere\u00e7os:\nhttps:\/\/editorasundermann.com.br\/livro\/96-marx-e-a-hist%C3%B3ria\nhttps:\/\/www.estantevirtual.com.br\/busca?utf8=%E2%9C%93&q=gustavo+machado+marx\n\n#RitaVonHunty #Idealismo #Materialismo","original_language":"pt-BR","publication_date":"2024-09-29","duration":0,"url":"https:\/\/www.youtube.com\/watch?v=0uN-x9UAEok","thumbnail":"thumbnails\/0uN-x9UAEok.jpg"},{"video_id":"ckBdoUQfdA0","channel_id":"UCRLEkZpNRoZQBG8kUTBD8vQ","title":"PABLO MAR\u00c7AL | DIREITA P\u00d3S-MODERNA EP #210","description":"Entenda a concep\u00e7\u00e3o que \u00e9 a base, sim, da chamada ultra-direita nos dias de hoje: o mundo como movido por uma batalha de narrativas.\n\n_____________________________________________________________________________\nSEJA MEMBRO e apoie o canal. Bot\u00e3o ADERIR acima ou: \nhttps:\/\/www.youtube.com\/channel\/UCRLEkZpNRoZQBG8kUTBD8vQ\/join\n\nV\u00eddeo sobre ser membro do canal:\nhttps:\/\/www.youtube.com\/watch?v=drvou-obBVU\n_____________________________________________________________________________\nSiga as p\u00e1ginas do canal Orienta\u00e7\u00e3o Marxista nas Redes Sociais\n\nFACEBOOK:    https:\/\/www.facebook.com\/Orienta\u00e7\u00e3o-Marxista-111673690190915\nTWITTER:       https:\/\/twitter.com\/orient_marxista\nINSTAGRAM: https:\/\/www.instagram.com\/orient.marxista\n_____________________________________________________________________________\nLeia o blog Teoria e Revolu\u00e7\u00e3o:\nhttps:\/\/teoriaerevolucao.pstu.org.br\n_____________________________________________________________________________\nO livro do autor desse canal (Marx e a Hist\u00f3ria: das particularidades nacionais \u00e0 universalidade da revolu\u00e7\u00e3o socialista )  pode ser adquirido nos seguintes endere\u00e7os:\nhttps:\/\/editorasundermann.com.br\/livro\/96-marx-e-a-hist%C3%B3ria\nhttps:\/\/www.estantevirtual.com.br\/busca?utf8=%E2%9C%93&q=gustavo+machado+marx\n\n#PabloMar\u00e7al #Narrativas #P\u00f3sModerna","original_language":"pt-BR","publication_date":"2024-09-26","duration":0,"url":"https:\/\/www.youtube.com\/watch?v=ckBdoUQfdA0","thumbnail":"thumbnails\/ckBdoUQfdA0.jpg"},{"video_id":"zJM-xTCZKsc","channel_id":"UCrZTf38EMgrRaNCchAooipw","title":"LEGALIZA\u00c7\u00c3O DO ABORTO e a garantia de JUSTI\u00c7A REPRODUTIVA","description":"O dia 28 de setembro marca a luta pela descriminaliza\u00e7\u00e3o e legaliza\u00e7\u00e3o do aborto no Brasil,  na am\u00e9rica Latina e Caribe.  Um tema sempre pol\u00eamico,  mas tamb\u00e9m extremamente importante para garantir justi\u00e7a reprodutiva \u00e0s pessoas com \u00fatero.  Nesse v\u00eddeo, trazemos alguns dados estat\u00edsticos, sociais e de sa\u00fade que embasam a defesa do aborto legal e da vida das mulheres trabalhadoras","original_language":"unknown","publication_date":"2024-09-25","duration":0,"url":"https:\/\/www.youtube.com\/watch?v=zJM-xTCZKsc","thumbnail":"thumbnails\/zJM-xTCZKsc.jpg"},{"video_id":"DO1V9p_LvMM","channel_id":"UC4QQ1pY2lD3DhthIJ1LFEBw","title":"Uma an\u00e1lise marxista a crise clim\u00e1tica","description":"","original_language":"en-US","publication_date":"2024-09-23","duration":0,"url":"https:\/\/www.youtube.com\/watch?v=DO1V9p_LvMM","thumbnail":"thumbnails\/DO1V9p_LvMM.jpg"},{"video_id":"JoSS7d7coyE","channel_id":"UCqISa9Yx1nHe-YEWTk40EbQ","title":"Daniel Ruiz en el acto de Plaza de Mayo por el D\u00eda\u00a0del\u00a0Jubilado","description":"","original_language":"unknown","publication_date":"2024-09-21","duration":0,"url":"https:\/\/www.youtube.com\/watch?v=JoSS7d7coyE","thumbnail":"thumbnails\/JoSS7d7coyE.jpg"},{"video_id":"lSwhP-0jIsI","channel_id":"UCRLEkZpNRoZQBG8kUTBD8vQ","title":"LUTA DE CLASSES | ENCICLOP\u00c9DIA MARXISTA","description":"VERBETES | CONCEP\u00c7\u00c3O MATERIALISTA DA HIST\u00d3RIA\nESTRUTURA:  https:\/\/youtu.be\/AX5E3fQicho\nSUPERESTRUTURA:  https:\/\/youtu.be\/HF4rRWV3WuU\nFOR\u00c7AS PRODUTIVAS:  https:\/\/youtu.be\/p4MUzx01MH4\nRELA\u00c7\u00d5ES DE PRODU\u00c7\u00c3O:  https:\/\/youtu.be\/lcOmdSG9Jrw\nMODOS DE PRODU\u00c7\u00c3O:  https:\/\/youtu.be\/1R-3QpsXENc\nCONSCI\u00caNCIA:  https:\/\/youtu.be\/QIU0_y34798 \nCLASSES SOCIAIS:   https:\/\/youtu.be\/HJUekxm_sbo \nLUTA DE CLASSES:  https:\/\/youtu.be\/lSwhP-0jIsI \nMATERIALISMO HIST\u00d3RICO:  https:\/\/youtu.be\/iETiaKvy4P8\n\nO QUE \u00c9 LUTA DE CLASSES?\n A LUTA DE CLASSES \u00e9 a disputa entre os membros da sociedade em fun\u00e7\u00e3o da sua posi\u00e7\u00e3o social. N\u00e3o a disputa por posi\u00e7\u00f5es individuais de todos os tipos.\nA LUTA DE CLASSES EXISTIU SEMPRE? N\u00c3O\nA luta de classes s\u00f3 pode existir se na pr\u00f3pria forma de organiza\u00e7\u00e3o social os homens est\u00e3o organizados em classes sociais distintas.\n\nA LUTA DE CLASSES \u00c9 A LOCOMOTIVA O MOTOR DA HIST\u00d3RIA\nSignifica que tudo pode ser reduzido a luta de classes? N\u00c3O\n    \nA FORMA DE SOCIEDADE S\u00d3 PODE MUDAR, POR MEIO DE UMA NOVA FORMA DE ORGANIZA\u00c7\u00c3O ENTRE OS HOMENS E UMA CLASSE APENAS PODE DEIXAR DE SER DOMINANTE SE FOR VENCIDA EM UMA LUTA COM OUTRA CLASSES SOCIAL\n \nA HIST\u00d3RIA DE TODAS AS SOCIEDADES, AT\u00c9 OS NOSSOS DIAS, \u00c9 A HIST\u00d3RIA DA LUTA DE CLASSES: Essa frase n\u00e3o diz que\n 1) TUDO PODE SER REDUZIDO AS CLASSES SOCIAIS\n 2) QUE S\u00d3 EXISTE HIST\u00d3RIA ONDE H\u00c1 LUTA DE CLASSES\n 3) AS CLASSES SOCIAIS N\u00c3O S\u00c3O UM AXIOMA PARA COMPREENS\u00c3O DE TUDO\n \nEU N\u00c3O PARTO DAS CLASSES SOCIAIS PARA ENTENDER UMA FORMA DE SOCIEDADE, EU PRECISO ENTENDER UMA FORMA DE SOCIEDADE PARA ENTENDER AS CLASSES SOCIAIS QUE LHE CORRESPONDEM\n\nPol\u00eamica com Techow, escreve \u201cpara n\u00e3o mencionar trabalhos cient\u00edficos, se tivesse lido o Manifesto do Partido Comunista ...\u201d. \"No Manifesto, destinado diretamente aos oper\u00e1rios, lancei borda fora todos os sistemas, substituindo-os pela intelig\u00eancia cr\u00edtica das condi\u00e7\u00f5es do caminho e dos resultados gerais do verdadeiro movimento social\u201d (MARX, Senhor Vogt (I). Lisboa: Iniciativas Editoriais, 1976. p. 99-101).\n\nO Capital termina anunciado a tend\u00eancia hist\u00f3rica necess\u00e1ria do modo de produ\u00e7\u00e3o capitalista: o socialismo. Dir\u00e1 Marx, \u201ca propriedade capitalista \u00e9 a primeira nega\u00e7\u00e3o da propriedade privada individual\u201d. \u201cTodavia, a produ\u00e7\u00e3o capitalista produz, com a mesma necessidade de um processo natural, sua pr\u00f3pria nega\u00e7\u00e3o. \u00c9 a nega\u00e7\u00e3o da nega\u00e7\u00e3o. Ela n\u00e3o restabelece a propriedade privada, mas a propriedade individual sobre a base daquilo que foi conquistado na era capitalista, isto \u00e9, sobre a base da coopera\u00e7\u00e3o e da posse comum da terra e dos meios de produ\u00e7\u00e3o produzidos pelo pr\u00f3prio trabalho\u201d (MARX. O Capital - Livro I. S\u00e3o Paulo: Boitempo Editorial, 2013, p. 832)\n\nE n\u00e3o sem raz\u00e3o, temos aqui uma longa cita\u00e7\u00e3o do Manifesto do Partido Comunista em que a finalidade program\u00e1tica, somente agora fundamentada cientificamente, \u00e9 posta pela primeira vez: \u201cA burguesia produz, sobretudo, seus pr\u00f3prios coveiros. Seu decl\u00ednio e a vit\u00f3ria do proletariado s\u00e3o igualmente inevit\u00e1veis\u201d(MARX. O Capital - Livro I. S\u00e3o Paulo: Boitempo Editorial, 2013, p. 832)\n\n\u201cas fontes de ingresso das tr\u00eas classes, dos propriet\u00e1rios da terra, dos capitalistas e dos trabalhadores assalariados \u2013 a luta de classes (Klassenkampf ) como conclus\u00e3o (Schluss), na qual o movimento se dissolve e a dissolu\u00e7\u00e3o da merda toda (Auflosung der ganzen Scheisse)\u201d (carta a Engels de 30 de abril de 1868)\n_____________________________________________________________________________\nSEJA MEMBRO e apoie o canal. Bot\u00e3o ADERIR acima ou: \nhttps:\/\/www.youtube.com\/channel\/UCRLEkZpNRoZQBG8kUTBD8vQ\/join\n\nV\u00eddeo sobre ser membro do canal:\nhttps:\/\/www.youtube.com\/watch?v=drvou-obBVU\n_____________________________________________________________________________\nSiga as p\u00e1ginas do canal Orienta\u00e7\u00e3o Marxista nas Redes Sociais\n\nFACEBOOK:    https:\/\/www.facebook.com\/Orienta\u00e7\u00e3o-Marxista-111673690190915\nTWITTER:       https:\/\/twitter.com\/orient_marxista\nINSTAGRAM: https:\/\/www.instagram.com\/orient.marxista\n_____________________________________________________________________________\nLeia o blog Teoria e Revolu\u00e7\u00e3o:\nhttps:\/\/teoriaerevolucao.pstu.org.br\n_____________________________________________________________________________\nO livro do autor desse canal (Marx e a Hist\u00f3ria: das particularidades nacionais \u00e0 universalidade da revolu\u00e7\u00e3o socialista )  pode ser adquirido nos seguintes endere\u00e7os:\nhttps:\/\/editorasundermann.com.br\/livro\/96-marx-e-a-hist%C3%B3ria\nhttps:\/\/www.estantevirtual.com.br\/busca?utf8=%E2%9C%93&q=gustavo+machado+marx\n\n# # #","original_language":"pt-PT","publication_date":"2024-09-20","duration":0,"url":"https:\/\/www.youtube.com\/watch?v=lSwhP-0jIsI","thumbnail":"thumbnails\/lSwhP-0jIsI.jpg"},{"video_id":"pazSFVdauOI","channel_id":"UCqISa9Yx1nHe-YEWTk40EbQ","title":"PSTU | Salimos a las calles este 16 de septiembre en memoria de la Noche de los L\u00e1pices","description":"#nochedeloslapices\n\n\u270aUn 16 de septiembre m\u00e1s en las calles, junto a miles de secundarios y estudiantes universitarios en\u00a0#memoria\u00a0de las y los 10 estudiantes detenidos y desaparecidos en la noche de los l\u00e1pices.\n\n\ud83d\udd25En el marco de fuertes ataques a la\u00a0#educaci\u00f3n\u00a0publica de parte del gobierno de\u00a0#Milei, hoy es m\u00e1s urgente que nunca la unidad de todos los sectores para enfrentarlo.","original_language":"unknown","publication_date":"2024-09-17","duration":0,"url":"https:\/\/www.youtube.com\/watch?v=pazSFVdauOI","thumbnail":"thumbnails\/pazSFVdauOI.jpg"},{"video_id":"qYwkkHdNSzI","channel_id":"UCqISa9Yx1nHe-YEWTk40EbQ","title":"Jubilados defendiendo sus condiciones de vida en las afueras del Congreso de la Naci\u00f3n (Argentina)","description":"","original_language":"unknown","publication_date":"2024-09-13","duration":0,"url":"https:\/\/www.youtube.com\/watch?v=qYwkkHdNSzI","thumbnail":"thumbnails\/qYwkkHdNSzI.jpg"},{"video_id":"kc25Zsvx0f4","channel_id":"UC4QQ1pY2lD3DhthIJ1LFEBw","title":"O Agro est\u00e1 queimando o Brasil - EP #7","description":"O Brasil est\u00e1 queimando. As queimadas e a fuma\u00e7a provocadas pelos inc\u00eandios se espalham por quase todo o territ\u00f3rio nacional. Os rios voadores da Amaz\u00f4nia se tornaram \u201crios de fuligem e fuma\u00e7a\u201d, sufocando cidades inteiras. Mas por que o pa\u00eds t\u00e1 sufocando com a fuma\u00e7a dos inc\u00eandios? O que isso tem a ver com o aquecimento global e com as mudan\u00e7as clim\u00e1ticas? \n\nNeste epis\u00f3dio vamos analisar imagens de sat\u00e9lite para entender o que est\u00e1 acontecendo e de onde vem essas queimadas. Mas tamb\u00e9m vamos tentar entender que o fogo est\u00e1 totalmente vinculado ao atual modelo econ\u00f4mico c4pitali$ta no Brasil que promove uma agricultura totalmente destrutiva e enriquece um punhado de bilion\u00e1rio$. \n\n_______________________________\nSIGA-ME NAS REDES SOCIAIS\n\nInstagram:     \/ https:\/\/www.instagram.com\/eco.politicamarxista\/\n_______________________________\n\n\ud83d\udcfa Epis\u00f3dio: Cat\u00e1strofe do RS: de quem \u00e9 a culpa?\n\ud83d\udd17 https:\/\/youtu.be\/QpTPNviRNDE\n_______________________________\n\n\ud83d\udcda Refer\u00eancias\n\n\u25ba Desastre ambiental na Amaz\u00f4nia e viola\u00e7\u00e3o de direitos ind\u00edgenas facilitados por projetos de governan\u00e7a na BR-319 (Lucas Ferrante, Philip M. Fearnside e Monica Piccinini)\n\ud83d\udd17 https:\/\/amazoniareal.com.br\/desastre-ambiental-na-amazonia-e-violacao-de-direitos-indigenas-facilitados-por-projetos-de-governanca-na-br-319\/\n \n\u25ba Em 2023, a perda de \u00e1reas naturais no Brasil atinge a marca de 33% do territ\u00f3rio (MapBiomas)\n\ud83d\udd17 https:\/\/brasil.mapbiomas.org\/2024\/08\/21\/em-2023-a-perda-de-areas-naturais-no-brasil-atinge-a-marca-historica-de-33-do-territorio\/","original_language":"pt-BR","publication_date":"2024-09-12","duration":0,"url":"https:\/\/www.youtube.com\/watch?v=kc25Zsvx0f4","thumbnail":"thumbnails\/kc25Zsvx0f4.jpg"},{"video_id":"a3vtHDyubNI","channel_id":"UCqISa9Yx1nHe-YEWTk40EbQ","title":"A 84 a\u00f1os de su muerte, Le\u00f3n Trotsky sigue vigente","description":"Agradecimientos a Jt Ediciones por la producci\u00f3n","original_language":"unknown","publication_date":"2024-09-06","duration":0,"url":"https:\/\/www.youtube.com\/watch?v=a3vtHDyubNI","thumbnail":"thumbnails\/a3vtHDyubNI.jpg"},{"video_id":"hQ7-1RCCvIs","channel_id":"UCrZTf38EMgrRaNCchAooipw","title":"CRIAN\u00c7A N\u00c3O \u00c9 M\u00c3E | Entenda tudo sobre a PL 1904","description":"Voc\u00ea ouviu falar do PL do estupro? Acha que uma gesta\u00e7\u00e3o tem que ser levada at\u00e9 o fim mesmo que quem esteja gestando seja uma crian\u00e7a v\u00edtima de abuso? Ou ainda concorda que a v\u00edtima de estupro tenha uma pena maior do quem cometeu o crime, caso decida interromper a gesta\u00e7\u00e3o?\nEu sou Marcela Azevedo e no v\u00eddeo de hoje vamos falar sobre o PL 1904 e o que ele significa para o conjunto de meninas e mulheres brasileiras","original_language":"unknown","publication_date":"2024-09-04","duration":0,"url":"https:\/\/www.youtube.com\/watch?v=hQ7-1RCCvIs","thumbnail":"thumbnails\/hQ7-1RCCvIs.jpg"},{"video_id":"Duh0Zptvv8g","channel_id":"UCqISa9Yx1nHe-YEWTk40EbQ","title":"PSTU Chubut ante la movilizaci\u00f3n de diversos gremios contra los aumentos\u00a0de\u00a0tarifas","description":"Gremios de camioneros, UOCRA,  petroleros austral (con sus familias), agrupaciones de jubilados y otras organizaciones marchan al municipio de Chubut contra el aumento a las tarifas de servicios p\u00fablicos","original_language":"unknown","publication_date":"2024-08-30","duration":0,"url":"https:\/\/www.youtube.com\/watch?v=Duh0Zptvv8g","thumbnail":"thumbnails\/Duh0Zptvv8g.jpg"},{"video_id":"Kvtxnfbd7C8","channel_id":"UCqISa9Yx1nHe-YEWTk40EbQ","title":"Daniel Ruiz y el PSTU apoyan la lucha de los jubilados y repudian\u00a0la\u00a0represi\u00f3n y el ajuste de Milei","description":"","original_language":"unknown","publication_date":"2024-08-29","duration":0,"url":"https:\/\/www.youtube.com\/watch?v=Kvtxnfbd7C8","thumbnail":"thumbnails\/Kvtxnfbd7C8.jpg"},{"video_id":"c5knKppwK5c","channel_id":"UCqISa9Yx1nHe-YEWTk40EbQ","title":"Sebasti\u00e1n Romero y el PSTU apoyan la lucha de los obreros del neum\u00e1tico contra las\u00a0suspensiones","description":"","original_language":"unknown","publication_date":"2024-08-28","duration":0,"url":"https:\/\/www.youtube.com\/watch?v=c5knKppwK5c","thumbnail":"thumbnails\/c5knKppwK5c.jpg"},{"video_id":"xSxP3u4Hv64","channel_id":"UCqISa9Yx1nHe-YEWTk40EbQ","title":"Apoyo a la lucha de los docentes de Neuqu\u00e9n","description":"Graciela, delegada de escuela de La Matanza, militante del PSTU e integrante del Frente \u00cdndigo env\u00eda su apoyo a la dura lucha que viene protagonizando ATEN","original_language":"unknown","publication_date":"2024-08-27","duration":0,"url":"https:\/\/www.youtube.com\/watch?v=xSxP3u4Hv64","thumbnail":"thumbnails\/xSxP3u4Hv64.jpg"},{"video_id":"lsvj0Lgq8ws","channel_id":"UCSr8BqxDw8sHHfGe3InUl5A","title":"Lenin: estado e revolu\u00e7\u00e3o","description":"Domingo teremos a live com Nazareno Godeiro do canal Leninismo e Comunismo!\r\n\r\nEssa live \u00e9 nossa aula inaugural, para o curso Estado e Revolu\u00e7\u00e3o do Lenin\r\n\r\nDia 25 domingo \u00e0s 20h!","original_language":"en-US","publication_date":"2024-08-26","duration":0,"url":"https:\/\/www.youtube.com\/watch?v=lsvj0Lgq8ws","thumbnail":"thumbnails\/lsvj0Lgq8ws.jpg"},{"video_id":"HJUekxm_sbo","channel_id":"UCRLEkZpNRoZQBG8kUTBD8vQ","title":"CLASSES SOCIAIS | ENCICLOP\u00c9DIA MARXISTA","description":"VERBETES | CONCEP\u00c7\u00c3O MATERIALISTA DA HIST\u00d3RIA\nESTRUTURA:  https:\/\/youtu.be\/AX5E3fQicho\nSUPERESTRUTURA:  https:\/\/youtu.be\/HF4rRWV3WuU\nFOR\u00c7AS PRODUTIVAS:  https:\/\/youtu.be\/p4MUzx01MH4\nRELA\u00c7\u00d5ES DE PRODU\u00c7\u00c3O:  https:\/\/youtu.be\/lcOmdSG9Jrw\nMODOS DE PRODU\u00c7\u00c3O:  https:\/\/youtu.be\/1R-3QpsXENc\nCONSCI\u00caNCIA:  https:\/\/youtu.be\/QIU0_y34798 \nCLASSES SOCIAIS:   https:\/\/youtu.be\/HJUekxm_sbo \nLUTA DE CLASSES: \nHIST\u00d3RIA: \nMATERIALISMO HIST\u00d3RICO: \n\nCLASSES SOCIAIS: um membro da sociedade pertence a uma dada classe social pela posi\u00e7\u00e3o que ocupa no processo de apropria\u00e7\u00e3o das for\u00e7as produtivas.\n A quest\u00e3o \u00e9 como os homens se relacionam entre si \n  para se apropriar das for\u00e7as produtivas\n\n SOCIEDADES SEM CLASSES SOCIAIS\n  Se todos participam da produ\u00e7\u00e3o e apropria\u00e7\u00e3o das F.P., n\u00e3o h\u00e1 classes sociais.\n   Uma sociedade sem classes, n\u00e3o significa que, nela, todos s\u00e3o iguais\n    CLASSE SOCIAL N\u00c3O \u00c9 N\u00cdVEL DE RENDA\n   h\u00e1 diferen\u00e7as t\u00e9cnicas e individuais dentro da comunidade, n\u00e3o SOCIAIS\n    CLASSE SOCIAL N\u00c3O S\u00c3O FUN\u00c7\u00d5ES T\u00c9CNICAS DIFERENTES \n    a desigualdade n\u00e3o est\u00e1 SOCIALMENTE DADA\n   cada membro da sociedade pode lutar contra as desigualdade \n    sem alterar a forma da sociedade\n  \n CLASSES SOCIAIS: a diferen\u00e7a entre est\u00e1 socialmente DADA entre os membros da S.\n  OS MEIOS E MATERIAIS DE PRODU\u00c7\u00c3O TORNARAM-SE PROPRIEDADE PRIVADA\n  uns n\u00e3o possuem as propriedade dos meios para produzir: \n   \u00e9 a classe dominada\n   ESCRAVOS, SERVOS, TRABALHADORES ASSALARIADOS OU O PROLETARIADO\n  outros s\u00e3o propriet\u00e1rios das condi\u00e7\u00f5es de produ\u00e7\u00e3o,\n   \u00e9 a classe dominante e propriet\u00e1ria\n   ELA se apropria do excedente produzido pela classe dominada\n   SENHORES, NOBRES, CAPITALISTAS OU BURGUESES\n   \n TRABALHO NECESS\u00c1RIO: aquele que serve a manuten\u00e7\u00e3o da classe produtora\n TRABALHO EXCEDENTE: serve a expans\u00e3o da sociedade ou \n  a manuten\u00e7\u00e3o de uma classe de n\u00e3o produtores\n \n PORQUE MARX N\u00c3O FALA DAS CLASSES SOCIAIS NO PREF\u00c1CIO?\n  AS CLASSES SOCIAIS \u00c9 UMA CARACTER\u00cdSTICA ESTRUTURAL DA SOCIEDADE\n  UMA SOCIEDADE ESTRUTURADA PELAS CLASSES SOCIAIS, \n   ELAS N\u00c3O APENAS EXISTEM, MAS S\u00c3O REPRODUZIDAS\n   O ESCRAVO \u00c9 REPRODUZIDO COMO ESCRAVO\n   O SERVO COMO SERVO\n   O TRABALHADOR ASSALARIADO COMO TRABALHADOR ASSALARIADO\n \n PARA QUE AS CLASSES SE ALTEREM, \n  A FORMA DE SOCIEDADE PRECISA SER REVOLUCIONADA\n \n SURGIMENTO DAS CLASSES SOCIAIS\n O processo de surgimento hist\u00f3rico das classes sociais \u00e9 lento e complexo,\n  ele deve ser estudado historicamente\n A Gr\u00e9cia antiga \u00e9 a primeira sociedade conhecida em que as classes sociais se generalizaram, em que a sociedade passou a se basear em uma dada rela\u00e7\u00e3o de classes fundamentais\n \n N\u00c3O H\u00c1 NENHUMA TEORIA EM MARX SOBRE A NECESSIDADE DE SURGIMENTO DAS CLASSES SOCIAIS\n  Para que as classes sugam, o trabalho excedente deve ser est\u00e1vel \n   e minimamente consistente, mas a rec\u00edproca n\u00e3o \u00e9 verdadeira.\n   \n CLASSES SOCIAIS ANTES DO CAPITALISMO\n  baseiam-se na viol\u00eancia e coer\u00e7\u00e3o direta entre os indiv\u00edduos\n   DOMINA\u00c7\u00c3O PESSOAL: DIRETAMENTE DE INDIV\u00cdDUO PARA INDIV\u00cdDUO\n  a classe dominante tem, POR DIREITO, poder sobre a classe dominada\n   senhor e escravo\n   nobre e servo\n CLASSES SOCIAIS NO CAPITALISMO: burguesia e proletariado\n  a viol\u00eancia \u00e9 indireta\n  POR DIREITO, todos indiv\u00edduos s\u00e3o iguais, livres e propriet\u00e1rios\n  MAS DE FATO, alguns indiv\u00edduos tem o poder ourtogado pelo seu capital\n   a domina\u00e7\u00e3o se d\u00e1 pela media\u00e7\u00e3o de uma coisa social: \n    mercadoria, dinheiro, capital\n \n_____________________________________________________________________________\nSEJA MEMBRO e apoie o canal. Bot\u00e3o ADERIR acima ou: \nhttps:\/\/www.youtube.com\/channel\/UCRLEkZpNRoZQBG8kUTBD8vQ\/join\n\nV\u00eddeo sobre ser membro do canal:\nhttps:\/\/www.youtube.com\/watch?v=drvou-obBVU\n_____________________________________________________________________________\nSiga as p\u00e1ginas do canal Orienta\u00e7\u00e3o Marxista nas Redes Sociais\n\nFACEBOOK:    https:\/\/www.facebook.com\/Orienta\u00e7\u00e3o-Marxista-111673690190915\nTWITTER:       https:\/\/twitter.com\/orient_marxista\nINSTAGRAM: https:\/\/www.instagram.com\/orient.marxista\n_____________________________________________________________________________\nLeia o blog Teoria e Revolu\u00e7\u00e3o:\nhttps:\/\/teoriaerevolucao.pstu.org.br\n_____________________________________________________________________________\nO livro do autor desse canal (Marx e a Hist\u00f3ria: das particularidades nacionais \u00e0 universalidade da revolu\u00e7\u00e3o socialista )  pode ser adquirido nos seguintes endere\u00e7os:\nhttps:\/\/editorasundermann.com.br\/livro\/96-marx-e-a-hist%C3%B3ria\nhttps:\/\/www.estantevirtual.com.br\/busca?utf8=%E2%9C%93&q=gustavo+machado+marx\n\n# # #","original_language":"pt-BR","publication_date":"2024-08-25","duration":0,"url":"https:\/\/www.youtube.com\/watch?v=HJUekxm_sbo","thumbnail":"thumbnails\/HJUekxm_sbo.jpg"},{"video_id":"IyMZppNbNa8","channel_id":"UCrZTf38EMgrRaNCchAooipw","title":"18 ANOS da LEI MARIA DA PENHA: CONQUISTA ou FUNCIONA APENAS NO PAPEL?","description":"Considerada a terceira melhor lei de enfrentamento a viol\u00eancia machista no mundo,  a lei Maria da Penha chega aos 18 anos. Apesar de ter sido uma conquista do movimento de mulheres,  a efetiva\u00e7\u00e3o de toda sua potencialidade ainda est\u00e1 longe de se concretizar. Nesse v\u00eddeo fazemos uma avalia\u00e7\u00e3o dos desafios e demandas para garantir a aplica\u00e7\u00e3o e amplia\u00e7\u00e3o do combate \u00e0 viol\u00eancia contra as mulheres no Brasil","original_language":"unknown","publication_date":"2024-08-23","duration":0,"url":"https:\/\/www.youtube.com\/watch?v=IyMZppNbNa8","thumbnail":"thumbnails\/IyMZppNbNa8.jpg"},{"video_id":"Z_dNDmrWPtw","channel_id":"UCqISa9Yx1nHe-YEWTk40EbQ","title":"PSTU en la campa\u00f1a internacional por el sindicato Celima en Per\u00fa","description":"PSTU en la campa\u00f1a internacional en defensa de Manuel Fern\u00e1ndez, activista del sindicato Celima, militante del PST peruano (LIT)","original_language":"unknown","publication_date":"2024-08-23","duration":0,"url":"https:\/\/www.youtube.com\/watch?v=Z_dNDmrWPtw","thumbnail":"thumbnails\/Z_dNDmrWPtw.jpg"},{"video_id":"hfswsLqaIds","channel_id":"UCrZTf38EMgrRaNCchAooipw","title":"As mulheres e a luta pelo socialismo","description":"Palestra com Marcela Azevedo","original_language":"en-US","publication_date":"2024-08-19","duration":0,"url":"https:\/\/www.youtube.com\/watch?v=hfswsLqaIds","thumbnail":"thumbnails\/hfswsLqaIds.jpg"},{"video_id":"GQh_OROLdPM","channel_id":"UC4QQ1pY2lD3DhthIJ1LFEBw","title":"Apresenta\u00e7\u00e3o do canal Ecologia & Pol\u00edtica Marxista","description":"Voc\u00ea j\u00e1 deve ter ouvido falar sobre as mudan\u00e7as clim\u00e1ticas, o aquecimento global e at\u00e9 mesmo que a gente pode t\u00e1 vivendo o in\u00edcio de uma extin\u00e7\u00e3o em massa. Mas o que voc\u00ea precisa saber \u00e9 que tudo isso \u00e9 recente na hist\u00f3ria da humanidade e come\u00e7ou com o surgimento do capitalismo industrial e a agricultura capitalista.\n\nEu sou Jeferson Choma e esse aqui \u00e9 o Canal Ecologia e Pol\u00edtica Marxista. Sou jornalista e tamb\u00e9m formado em geografia, mestre em geografia pela Universidade de S\u00e3o Paulo e nessa universidade fa\u00e7o tamb\u00e9m minha pesquisa de Doutorado.\n\nNeste canal, vou trazer pra voc\u00ea uma analise marxista da cat\u00e1strofe ambiental e clim\u00e1tica. Uma explica\u00e7\u00e3o cr\u00edtica, onde busco combinar informa\u00e7\u00f5es cient\u00edficas com a cr\u00edtica social. \n\nSeja muito bem-vindo e bem-vinda e n\u00e3o deixe de se inscrever no canal!","original_language":"pt-BR","publication_date":"2024-08-16","duration":0,"url":"https:\/\/www.youtube.com\/watch?v=GQh_OROLdPM","thumbnail":"thumbnails\/GQh_OROLdPM.jpg"},{"video_id":"rPLm44zRZ3c","channel_id":"UCqISa9Yx1nHe-YEWTk40EbQ","title":"\u00a1No al fraude electoral! \u00a1Abajo la dictadura de Maduro! \u00a1Todo el apoyo a las movilizaciones!","description":"Agradecimiento: Jt Ediciones","original_language":"unknown","publication_date":"2024-08-15","duration":0,"url":"https:\/\/www.youtube.com\/watch?v=rPLm44zRZ3c","thumbnail":"thumbnails\/rPLm44zRZ3c.jpg"},{"video_id":"62ZIWflhMtE","channel_id":"UC4QQ1pY2lD3DhthIJ1LFEBw","title":"Imagens da Nasa mostram a Terra sufocando","description":"A Nasa, ag\u00eancia espacial dos Estados Unidos, divulgou imagens que revelam uma assombrosa nuvem de CO2 (di\u00f3xido de carbono), que se move sobre a Terra.\n\nAs imagens, feitas por um modelo que usa base de dados de diferentes sat\u00e9lites e alimentando por supercomputadores, mostram a atmosfera de janeiro a mar\u00e7o de 2020. \u00c9 poss\u00edvel ver uma n\u00e9voa escura, impulsionada pelos padr\u00f5es de vento e pela circula\u00e7\u00e3o atmosf\u00e9rica.\n\nO CO2 \u00e9 o principal g\u00e1s de efeito estufa respons\u00e1vel pelo aquecimento global e contribui para o aumento das temperaturas da Terra. Controlar as emiss\u00f5es de CO2 \u00e9 necess\u00e1rio para  combater o aquecimento global e impedir que uma cat\u00e1strofe se abata sobre a humanidade. \n\nA energia usada pela Ind\u00fastria capitalista, transporte e pelos edif\u00edcios das grandes cidades s\u00e3o respons\u00e1vel por 75% das emiss\u00f5es globais de di\u00f3xido de carbono. Tudo isso \u00e9 poss\u00edvel de ver nas imagens, inclusive quem s\u00e3o os maiores emissores de CO2. Na verdade, \u00e9 o capitalismo que est\u00e1 sufocando a Terra. \n\n_______________________________\nSIGA-ME NAS REDES SOCIAIS\n\nInstagram:     \/ https:\/\/www.instagram.com\/eco.politicamarxista\/\n_______________________________\n\n\ud83d\udcfa Epis\u00f3dio: O que \u00e9 o Capitalismo f\u00f3ssil \nhttps:\/\/www.youtube.com\/watch?v=P5nXkQDzD_o&t=39s\n_______________________________\n\n\ud83d\udcda Refer\u00eancias\n\n\u25ba Est\u00fadio de Visualiza\u00e7\u00e3o Cient\u00edfica da NASA\nhttps:\/\/svs.gsfc.nasa.gov\/14631\/","original_language":"pt-BR","publication_date":"2024-08-14","duration":0,"url":"https:\/\/www.youtube.com\/watch?v=62ZIWflhMtE","thumbnail":"thumbnails\/62ZIWflhMtE.jpg"},{"video_id":"of5cHPhbsD8","channel_id":"UCqISa9Yx1nHe-YEWTk40EbQ","title":"Luc\u00eda Oro\u00f1o (Pelusa), militante del PSTU y Frente \u00cdndigo sobre la de escencialidad de la educaci\u00f3n","description":"","original_language":"unknown","publication_date":"2024-08-13","duration":0,"url":"https:\/\/www.youtube.com\/watch?v=of5cHPhbsD8","thumbnail":"thumbnails\/of5cHPhbsD8.jpg"},{"video_id":"u6cUFp5GAoY","channel_id":"UCRLEkZpNRoZQBG8kUTBD8vQ","title":"Ainda sobre a VENEZUELA | IMPERIALISMO EP #209","description":"IMPERIALISMO\n  IMPERIALISMO N\u00c3O \u00c9 O ESTADOS UNIDOS, \n  IMPERIALISMO \u00c9 O CAPITALISMO DE NOSSOS DIAS, CUJAS PRINCIPAIS CARACTER\u00cdSTICAS S\u00c3O\n  1) CENTRALIZA\u00c7\u00c3O E CONCENTRA\u00c7\u00c3O DE CAPITAL: MONOP\u00d3LIOS\n  2) FUS\u00c3O DO CAPITAL INDUSTRIAL E BANC\u00c1RIO: CAPITAL FINANCEIRO, POR MEIO DO\n   CAPITAL ACION\u00c1RIO\n   VENDA DE T\u00cdTULOS DE D\u00cdVIDA\n   HIPOTECAS\n   SISTEMA DA D\u00cdVIDA P\u00daBLICA\n  3) PREDOMINIO DA EXPORTA\u00c7\u00c3O DE CAPITAL\n  4) FORMA\u00c7\u00c3O DE ASSOCIA\u00c7\u00d5ES INT. QUE DIVIDEM O MERCADO MUNDIAL\n  5) PARTILHA TERRITORIAL DO MUNDO ENTRE ESTADOS\n\n_____________________________________________________________________________\nV\u00eddeo sugerido:  VENEZUELA: Mitos e Mentiras EP #208 \nhttps:\/\/www.youtube.com\/watch?v=ru2qS5Cz4KU\n_____________________________________________________________________________\nSEJA MEMBRO e apoie o canal. Bot\u00e3o ADERIR acima ou: \nhttps:\/\/www.youtube.com\/channel\/UCRLEkZpNRoZQBG8kUTBD8vQ\/join\n\nV\u00eddeo sobre ser membro do canal:\nhttps:\/\/www.youtube.com\/watch?v=drvou-obBVU\n_____________________________________________________________________________\nSiga as p\u00e1ginas do canal Orienta\u00e7\u00e3o Marxista nas Redes Sociais\n\nFACEBOOK:    https:\/\/www.facebook.com\/Orienta\u00e7\u00e3o-Marxista-111673690190915\nTWITTER:       https:\/\/twitter.com\/orient_marxista\nINSTAGRAM: https:\/\/www.instagram.com\/orient.marxista\n_____________________________________________________________________________\nLeia o blog Teoria e Revolu\u00e7\u00e3o:\nhttps:\/\/teoriaerevolucao.pstu.org.br\n_____________________________________________________________________________\nO livro do autor desse canal (Marx e a Hist\u00f3ria: das particularidades nacionais \u00e0 universalidade da revolu\u00e7\u00e3o socialista )  pode ser adquirido nos seguintes endere\u00e7os:\nhttps:\/\/editorasundermann.com.br\/livro\/96-marx-e-a-hist%C3%B3ria\nhttps:\/\/www.estantevirtual.com.br\/busca?utf8=%E2%9C%93&q=gustavo+machado+marx\n\n#Venezuela #Imperialismo #Embargos","original_language":"pt-BR","publication_date":"2024-08-11","duration":0,"url":"https:\/\/www.youtube.com\/watch?v=u6cUFp5GAoY","thumbnail":"thumbnails\/u6cUFp5GAoY.jpg"},{"video_id":"1YlzBMNxniY","channel_id":"UCqISa9Yx1nHe-YEWTk40EbQ","title":"Cali Hern\u00e1ndez del PSTU Neuqu\u00e9n y del Frente \u00cdndigo ante la lucha docente provincial","description":"","original_language":"unknown","publication_date":"2024-08-09","duration":0,"url":"https:\/\/www.youtube.com\/watch?v=1YlzBMNxniY","thumbnail":"thumbnails\/1YlzBMNxniY.jpg"},{"video_id":"4q0m6tDg6-I","channel_id":"UCrZTf38EMgrRaNCchAooipw","title":"Ser\u00e1 que MULHER \u00e9 tudo LOUCA mesmo? Entenda como tudo come\u00e7ou","description":"Historicamente, as mulheres s\u00e3o chamadas e tratadas como loucas, no sentido mais negativo do termo. Essa narrativa sempre esteve \u00e0 servi\u00e7o da opress\u00e3o e da naturaliza\u00e7\u00e3o do machismo na sociedade capitalista.  No v\u00eddeo de hoje abordaremos esse tema,  passando pela cruel realidade dos manic\u00f4mios no Brasil e os desafios da atualidade","original_language":"pt-BR","publication_date":"2024-08-07","duration":0,"url":"https:\/\/www.youtube.com\/watch?v=4q0m6tDg6-I","thumbnail":"thumbnails\/4q0m6tDg6-I.jpg"},{"video_id":"WntzgZ4_cPo","channel_id":"UCqISa9Yx1nHe-YEWTk40EbQ","title":"Daniel Ruiz ante el aberante asesinato de la madre de un militante de H.I.J.O.S C\u00f3rdoba.","description":"","original_language":"unknown","publication_date":"2024-08-07","duration":0,"url":"https:\/\/www.youtube.com\/watch?v=WntzgZ4_cPo","thumbnail":"thumbnails\/WntzgZ4_cPo.jpg"},{"video_id":"ru2qS5Cz4KU","channel_id":"UCRLEkZpNRoZQBG8kUTBD8vQ","title":"VENEZUELA: Mitos e Mentiras EP #208","description":"1) PROCESSO ELEITORAL\n \u2b95 FALSOS DEBATES: c\u00e9lula eleitoral, sistema eleitoral venezuelano etc...\n \u2b95 APURA\u00c7\u00c3O N\u00c3O FOI DIVULGADA: autoproclama\u00e7\u00e3o de um resultado parcial, somente sexta o \"resultado\" final foi autoproclamado.\n \u2b95 AS TAIS ATAS: os boletins de urna, \u00e9 a c\u00e9lula da apura\u00e7\u00e3o\n\n2) SITUA\u00c7\u00c3O DA VENEZUELA\n \u2b95 FALSOS DEBATES:\n  (1) Venezuela foi o pa\u00eds que mais cresceu na Am\u00e9rica Latina em 2023\n  (2) Venezuela foi um pa\u00eds RICO e hoje \u00e9 um pa\u00eds pobre\n  (3) Fui na Venezuela e tava tudo normal\n  (4) Criticar Maduro n\u00e3o \u00e9 fazer o jogo da direita?\n  (5) Chavez fez mudan\u00e7as estruturais profundas na Venezuela\n  (6) Crise na Venezuela foi devido ao pre\u00e7o do petr\u00f3leo\n \u2b95 VENEZUELA E A CHINA: COMO A VENEZUELA QUEBROU?\n  Empr\u00e9stimos com a China: petrod\u00f3lares\n  Descapitaliza\u00e7\u00e3o da PDVSA\n \u2b95 COLAPSO DA VENEZUELA\n  7 milh\u00f5es de venezuelanos tenham emigrado desde 2014: 25% da popula\u00e7\u00e3o\n \u2b95 quem est\u00e1 nas ruas \u00e9 o mesmo povo que em 2002 derrubou o golpe do imperialismo americano contra Chavez.\n\n_____________________________________________________________________________\nSEJA MEMBRO e apoie o canal. Bot\u00e3o ADERIR acima ou: \nhttps:\/\/www.youtube.com\/channel\/UCRLEkZpNRoZQBG8kUTBD8vQ\/join\n\nV\u00eddeo sobre ser membro do canal:\nhttps:\/\/www.youtube.com\/watch?v=drvou-obBVU\n_____________________________________________________________________________\nSiga as p\u00e1ginas do canal Orienta\u00e7\u00e3o Marxista nas Redes Sociais\n\nFACEBOOK:    https:\/\/www.facebook.com\/Orienta\u00e7\u00e3o-Marxista-111673690190915\nTWITTER:       https:\/\/twitter.com\/orient_marxista\nINSTAGRAM: https:\/\/www.instagram.com\/orient.marxista\n_____________________________________________________________________________\nLeia o blog Teoria e Revolu\u00e7\u00e3o:\nhttps:\/\/teoriaerevolucao.pstu.org.br\n_____________________________________________________________________________\nO livro do autor desse canal (Marx e a Hist\u00f3ria: das particularidades nacionais \u00e0 universalidade da revolu\u00e7\u00e3o socialista )  pode ser adquirido nos seguintes endere\u00e7os:\nhttps:\/\/editorasundermann.com.br\/livro\/96-marx-e-a-hist%C3%B3ria\nhttps:\/\/www.estantevirtual.com.br\/busca?utf8=%E2%9C%93&q=gustavo+machado+marx\n\n#Venezuela #Maduro #Ch\u00e1vez","original_language":"pt-BR","publication_date":"2024-08-04","duration":0,"url":"https:\/\/www.youtube.com\/watch?v=ru2qS5Cz4KU","thumbnail":"thumbnails\/ru2qS5Cz4KU.jpg"},{"video_id":"BeUiN3_1JV4","channel_id":"UCqISa9Yx1nHe-YEWTk40EbQ","title":"Qu\u00e9 pasa en Venezuela?","description":"Cristian Badilla, profesor de Historia y militante del #MIT (Chile) y de la Liga Internacional de los Trabajadores (www.litci.org) analiza y explica la actual situaci\u00f3n venezolana en el marco de las recientes elecciones.","original_language":"unknown","publication_date":"2024-08-03","duration":0,"url":"https:\/\/www.youtube.com\/watch?v=BeUiN3_1JV4","thumbnail":"thumbnails\/BeUiN3_1JV4.jpg"},{"video_id":"QIU0_y34798","channel_id":"UCRLEkZpNRoZQBG8kUTBD8vQ","title":"CONSCI\u00caNCIA | ENCICLOP\u00c9DIA MARXISTA","description":"VERBETES | CONCEP\u00c7\u00c3O MATERIALISTA DA HIST\u00d3RIA\nESTRUTURA:  https:\/\/youtu.be\/AX5E3fQicho\nSUPERESTRUTURA:  https:\/\/youtu.be\/HF4rRWV3WuU\nFOR\u00c7AS PRODUTIVAS:  https:\/\/youtu.be\/p4MUzx01MH4\nRELA\u00c7\u00d5ES DE PRODU\u00c7\u00c3O:  https:\/\/youtu.be\/lcOmdSG9Jrw\nMODOS DE PRODU\u00c7\u00c3O:  https:\/\/youtu.be\/1R-3QpsXENc\nCONSCI\u00caNCIA:  https:\/\/youtu.be\/QIU0_y34798 \nLUTA DE CLASSES: \nHIST\u00d3RIA: \nMATERIALISMO HIST\u00d3RICO: \n\n\u201cn\u00e3o \u00e9 a consci\u00eancia dos homens que determina seu ser; \u00e9 o seu ser social que, inversamente, determina a sua consci\u00eancia\u201d  (MARX, K. Contribui\u00e7\u00e3o para a Cr\u00edtica da Economia Pol\u00edtica. Lisboa: Editorial Estampa, 1971., p. 28)\n\nno trecho em quest\u00e3o do pref\u00e1cio, o termo \u201cdeterminar\u201d n\u00e3o aparece no sentido de causar, produzir, mas no sentido de \u201cser uma determina\u00e7\u00e3o de\u201d, \u201cser imanente a\u201d, \u201cestar no interior de\u201d, \u201cpertencer a\u201d.\n\nTESE 1: \u201cA principal insufici\u00eancia de todo o materialismo at\u00e9 aos nossos dias \u2013 o de Feuerbach inclu\u00eddo \u2013 \u00e9 que as coisas, a realidade, o mundo sens\u00edvel, s\u00e3o tomados apenas sobre a forma do objeto ou da contempla\u00e7\u00e3o; mas n\u00e3o [s\u00e3o tomados] como atividade sens\u00edvel humana, praxis, n\u00e3o subjetivamente\u201d (TESES SOBRE FEUERBACH)\n\n\u201cA produ\u00e7\u00e3o das ideias, representa\u00e7\u00f5es, da consci\u00eancia est\u00e1 a princ\u00edpio diretamente entrela\u00e7ada com a atividade material e o interc\u00e2mbio material dos homens\u201d (Ideologia Alem\u00e3)\n\nMATERIALISMO DE FEUERBACH\n De um lado, a natureza, a mat\u00e9ria, a sociedade: O OBJETO DO CONHECIMENTO.\n De outro lado, a consci\u00eancia dos homens: O SUJEITO DO CONHECIMENTO.\n\nTRATA-SE DE UM OBJETO (1) EXTERNO, (2) PASSIVO, (3) EST\u00c1TICO, (4) MORTO APENAS REFLETIDO DE FORA NA E PELA CONSCI\u00caNCIA.\n\n\u201cdesce do c\u00e9u \u00e0 terra\u201d, \u201cse parte daquilo que os homens dizem, imaginam ou representam\u201d, \u201cdos homens pensados, imaginados e representados para, a partir da\u00ed, chegar aos homens de carne e osso\u201d (IDEOLOGIA ALEM\u00c3)\n\nIDEALISMO ALEM\u00c3O\n A consci\u00eancia, a subjetividade, o pensamento s\u00e3o tratados como cria\u00e7\u00e3o aut\u00f4noma do homem. Parte-se, portanto, de cria\u00e7\u00f5es do pensamento: categorias, conceitos, princ\u00edpios, defini\u00e7\u00f5es que, em seguida, organizam todo o mundo e todos os fen\u00f4menos.\n\n No idealismo, \u201ca moral, a religi\u00e3o, a metaf\u00edsica, e a restante ideologia, e as formas da consci\u00eancia que lhes correspondem\u201d \u201cconservam ... a apar\u00eancia de autonomia.\u201d (IDEOLOGIA ALEM\u00c3)\n_____________________________________________________________________________\nSEJA MEMBRO e apoie o canal. Bot\u00e3o ADERIR acima ou: \nhttps:\/\/www.youtube.com\/channel\/UCRLEkZpNRoZQBG8kUTBD8vQ\/join\n\nV\u00eddeo sobre ser membro do canal:\nhttps:\/\/www.youtube.com\/watch?v=drvou-obBVU\n_____________________________________________________________________________\nSiga as p\u00e1ginas do canal Orienta\u00e7\u00e3o Marxista nas Redes Sociais\n\nFACEBOOK:    https:\/\/www.facebook.com\/Orienta\u00e7\u00e3o-Marxista-111673690190915\nTWITTER:       https:\/\/twitter.com\/orient_marxista\nINSTAGRAM: https:\/\/www.instagram.com\/orient.marxista\n_____________________________________________________________________________\nLeia o blog Teoria e Revolu\u00e7\u00e3o:\nhttps:\/\/teoriaerevolucao.pstu.org.br\n_____________________________________________________________________________\nO livro do autor desse canal (Marx e a Hist\u00f3ria: das particularidades nacionais \u00e0 universalidade da revolu\u00e7\u00e3o socialista )  pode ser adquirido nos seguintes endere\u00e7os:\nhttps:\/\/editorasundermann.com.br\/livro\/96-marx-e-a-hist%C3%B3ria\nhttps:\/\/www.estantevirtual.com.br\/busca?utf8=%E2%9C%93&q=gustavo+machado+marx\n\n#Consci\u00eancia #Enciclop\u00e9diaMarxista #MaterialismoHist\u00f3rico","original_language":"pt-BR","publication_date":"2024-07-31","duration":0,"url":"https:\/\/www.youtube.com\/watch?v=QIU0_y34798","thumbnail":"thumbnails\/QIU0_y34798.jpg"},{"video_id":"0jRAKG5Jep0","channel_id":"UCqISa9Yx1nHe-YEWTk40EbQ","title":"Daniel Ruiz en solidaridad con las luchas en la Patagonia contra el gobierno de Milei","description":"","original_language":"unknown","publication_date":"2024-07-27","duration":0,"url":"https:\/\/www.youtube.com\/watch?v=0jRAKG5Jep0","thumbnail":"thumbnails\/0jRAKG5Jep0.jpg"},{"video_id":"pDp_2C9Bszg","channel_id":"UCRLEkZpNRoZQBG8kUTBD8vQ","title":"Existe imperialismo chin\u00eas?  REACT: ELIAS JABBOUR EP #207","description":"Nesse v\u00eddeo, discuto, em meio ao react, imperialismo de L\u00eanin. Passados mais de 100 anos da publica\u00e7\u00e3o do Imperialismo de L\u00eanin, quase todos afirmam que o imperialismo \u00e9 a superestrutura pol\u00edtica do capitalismo monopolista. N\u00e3o leram uma p\u00e1gina sequer desse cl\u00e1ssico.\n\n_____________________________________________________________________________\nSEJA MEMBRO e apoie o canal. Bot\u00e3o ADERIR acima ou: \nhttps:\/\/www.youtube.com\/channel\/UCRLEkZpNRoZQBG8kUTBD8vQ\/join\n\nV\u00eddeo sobre ser membro do canal:\nhttps:\/\/www.youtube.com\/watch?v=drvou-obBVU\n_____________________________________________________________________________\nSiga as p\u00e1ginas do canal Orienta\u00e7\u00e3o Marxista nas Redes Sociais\n\nFACEBOOK:    https:\/\/www.facebook.com\/Orienta\u00e7\u00e3o-Marxista-111673690190915\nTWITTER:       https:\/\/twitter.com\/orient_marxista\nINSTAGRAM: https:\/\/www.instagram.com\/orient.marxista\n_____________________________________________________________________________\nLeia o blog Teoria e Revolu\u00e7\u00e3o:\nhttps:\/\/teoriaerevolucao.pstu.org.br\n_____________________________________________________________________________\nO livro do autor desse canal (Marx e a Hist\u00f3ria: das particularidades nacionais \u00e0 universalidade da revolu\u00e7\u00e3o socialista )  pode ser adquirido nos seguintes endere\u00e7os:\nhttps:\/\/editorasundermann.com.br\/livro\/96-marx-e-a-hist%C3%B3ria\nhttps:\/\/www.estantevirtual.com.br\/busca?utf8=%E2%9C%93&q=gustavo+machado+marx\n\n#Imperialismo #China #EliasJabbour","original_language":"pt-BR","publication_date":"2024-07-27","duration":0,"url":"https:\/\/www.youtube.com\/watch?v=pDp_2C9Bszg","thumbnail":"thumbnails\/pDp_2C9Bszg.jpg"},{"video_id":"1R-3QpsXENc","channel_id":"UCRLEkZpNRoZQBG8kUTBD8vQ","title":"MODOS DE PRODU\u00c7\u00c3O | ENCICLOP\u00c9DIA MARXISTA","description":"VERBETES | CONCEP\u00c7\u00c3O MATERIALISTA DA HIST\u00d3RIA\nESTRUTURA:  https:\/\/youtu.be\/AX5E3fQicho\nSUPERESTRUTURA:  https:\/\/youtu.be\/HF4rRWV3WuU\nFOR\u00c7AS PRODUTIVAS:  https:\/\/youtu.be\/p4MUzx01MH4\nRELA\u00c7\u00d5ES DE PRODU\u00c7\u00c3O:  https:\/\/youtu.be\/lcOmdSG9Jrw\nMODOS DE PRODU\u00c7\u00c3O:  https:\/\/youtu.be\/1R-3QpsXENc\nCONSCI\u00caNCIA:  https:\/\/youtu.be\/QIU0_y34798 \nLUTA DE CLASSES: \nHIST\u00d3RIA: \nMATERIALISMO HIST\u00d3RICO: \n\na \u201ctra\u00e7os largos, os modos de produ\u00e7\u00e3o asi\u00e1tico, antigo, feudal e burgu\u00eas moderno podem ser qualificados como \u00e9pocas progressivas da forma\u00e7\u00e3o econ\u00f4mica da sociedade\u201d  (MARX, K. Contribui\u00e7\u00e3o para a Cr\u00edtica da Economia Pol\u00edtica. Lisboa: Editorial Estampa, 1971., p. 28)\n\n\"a \u201chist\u00f3ria da decad\u00eancia das comunidades primitivas ainda est\u00e1 por ser escrita, e seria um erro colocar todas elas no mesmo patamar\" (Marx, Luta de classes na R\u00fassia, Boitempo, 2013, p. 101).\n\n\"O que necessita de explica\u00e7\u00e3o, ou \u00e9 resultado de um processo hist\u00f3rico, n\u00e3o \u00e9 a unidade do ser humano vivo e ativo com as condi\u00e7\u00f5es naturais, inorg\u00e2nicas, do seu metabolismo com a natureza e, em consequ\u00eancia, a sua apropria\u00e7\u00e3o da natureza, mas a separa\u00e7\u00e3o entre essas condi\u00e7\u00f5es inorg\u00e2nicas da exist\u00eancia humana e essa exist\u00eancia ativa, uma separa\u00e7\u00e3o que s\u00f3 est\u00e1 posta por completo na rela\u00e7\u00e3o entre trabalho assalariado e capital. (G, p. 398)\"\n\nLos extractos de Marx sobre The Aryan village de Phear\n [Este burro de Phear llama feudal a la estructura social de la aldea]. El mahajan, el capitalista del pueblo, se halla fuera de esta estructura social de la aldea.\n(KRADER, Lawence (Ed.). Los   Apuntes   Etnol\u00f3gicos   de   Karl   Marx. 2. ed. Madrid: SigloVeintiuno Editores e Editorial Pablo Iglesias, 1988. pag. 223)\n\nEm carta \u00e0 reda\u00e7\u00e3o do jornal russo Notas Patri\u00f3ticas, Marx contesta o narodniki russo Michailovski, por ter metamorfoseado completamente seu \u201cesquema hist\u00f3rico da g\u00eanese do capitalismo na Europa ocidental em uma teoria hist\u00f3rico-filos\u00f3fica do curso geral fatalmente imposto a todos os povos, independentemente das circunst\u00e2ncias hist\u00f3ricas nas quais eles se encontrem\u201d \u201cPor\u00e9m, pe\u00e7o-lhe desculpas (Sinto-me t\u00e3o honrado quanto\nofendido com isso.) (M, 2013b, p. 68). \u201cQuando se estuda cada uma dessas evolu\u00e7\u00f5es \u00e0 parte, comparando-as em seguida, pode-se encontrar facilmente a chave desse fen\u00f4meno. Contudo, jamais se chegar\u00e1 a isso tendo como chavemestra uma teoria hist\u00f3rico-filos\u00f3fica, cuja virtude suprema consiste em ser supra-hist\u00f3rica\u201d (Marx, Luta de classes na R\u00fassia, Boitempo, 2013, p. 69).\n_____________________________________________________________________________\nSEJA MEMBRO e apoie o canal. Bot\u00e3o ADERIR acima ou: \nhttps:\/\/www.youtube.com\/channel\/UCRLEkZpNRoZQBG8kUTBD8vQ\/join\n\nV\u00eddeo sobre ser membro do canal:\nhttps:\/\/www.youtube.com\/watch?v=drvou-obBVU\n_____________________________________________________________________________\nSiga as p\u00e1ginas do canal Orienta\u00e7\u00e3o Marxista nas Redes Sociais\n\nFACEBOOK:    https:\/\/www.facebook.com\/Orienta\u00e7\u00e3o-Marxista-111673690190915\nTWITTER:       https:\/\/twitter.com\/orient_marxista\nINSTAGRAM: https:\/\/www.instagram.com\/orient.marxista\n_____________________________________________________________________________\nLeia o blog Teoria e Revolu\u00e7\u00e3o:\nhttps:\/\/teoriaerevolucao.pstu.org.br\n_____________________________________________________________________________\nO livro do autor desse canal (Marx e a Hist\u00f3ria: das particularidades nacionais \u00e0 universalidade da revolu\u00e7\u00e3o socialista )  pode ser adquirido nos seguintes endere\u00e7os:\nhttps:\/\/editorasundermann.com.br\/livro\/96-marx-e-a-hist%C3%B3ria\nhttps:\/\/www.estantevirtual.com.br\/busca?utf8=%E2%9C%93&q=gustavo+machado+marx\n\n#Enciclop\u00e9diaMarxista #ModosDeProdu\u00e7\u00e3o #MaterialismoHist\u00f3rico","original_language":"pt-BR","publication_date":"2024-07-24","duration":0,"url":"https:\/\/www.youtube.com\/watch?v=1R-3QpsXENc","thumbnail":"thumbnails\/1R-3QpsXENc.jpg"},{"video_id":"JMlBLmoW3WE","channel_id":"UCqISa9Yx1nHe-YEWTk40EbQ","title":"Mario Villarreal. Sobre la visita de los diputados mileistas a Astiz y C\u00eda.","description":"","original_language":"unknown","publication_date":"2024-07-24","duration":0,"url":"https:\/\/www.youtube.com\/watch?v=JMlBLmoW3WE","thumbnail":"thumbnails\/JMlBLmoW3WE.jpg"},{"video_id":"lcOmdSG9Jrw","channel_id":"UCRLEkZpNRoZQBG8kUTBD8vQ","title":"RELA\u00c7\u00d5ES DE PRODU\u00c7\u00c3O | ENCICLOP\u00c9DIA MARXISTA","description":"VERBETES | CONCEP\u00c7\u00c3O MATERIALISTA DA HIST\u00d3RIA\nESTRUTURA:  https:\/\/youtu.be\/AX5E3fQicho\nSUPERESTRUTURA:  https:\/\/youtu.be\/HF4rRWV3WuU\nFOR\u00c7AS PRODUTIVAS:   https:\/\/youtu.be\/p4MUzx01MH4\nRELA\u00c7\u00d5ES DE PRODU\u00c7\u00c3O:  https:\/\/youtu.be\/lcOmdSG9Jrw\nMODOS DE PRODU\u00c7\u00c3O: https:\/\/youtu.be\/1R-3QpsXENc\nCONSCI\u00caNCIA:  https:\/\/youtu.be\/QIU0_y34798 \nLUTA DE CLASSES: \nHIST\u00d3RIA: \nMATERIALISMO HIST\u00d3RICO: \n\nUma rela\u00e7\u00e3o de produ\u00e7\u00e3o consiste no modo como se d\u00e1 a apropria\u00e7\u00e3o das for\u00e7as produtivas.\n\nSe as for\u00e7as produtivas humanas, sociais ou gerais s\u00e3o o conte\u00fado das rela\u00e7\u00f5es sociais, comum em qualquer comunidade ou sociedade humana, as rela\u00e7\u00f5es de produ\u00e7\u00e3o constituem a FORMA como essas for\u00e7as produtivas s\u00e3o apropriadas. \u00c9 SEMPRE UM MODO ESPEC\u00cdFICO DE RELACIONAMENTO ENTRE OS HOMENS, que constituem e se diferenciam nas distintas formas de organiza\u00e7\u00e3o social ou modos de produ\u00e7\u00e3o.\n\n\"Em certo est\u00e1gio de desenvolvimento, as for\u00e7as produtivas materiais da sociedade entram em contradi\u00e7\u00e3o com as rela\u00e7\u00f5es de produ\u00e7\u00e3o existentes ou, o que \u00e9 a sua express\u00e3o jur\u00eddica, com as rela\u00e7\u00f5es de propriedade no seio das quais se tinham movido at\u00e9 ent\u00e3o\u201d. Isto significa que, \u201cde formas de desenvolvimento das for\u00e7as produtivas, estas rela\u00e7\u00f5es transformam-se no seu entrave: Surge ent\u00e3o uma \u00e9poca de revolu\u00e7\u00e3o social\u201d (MARX, K. Contribui\u00e7\u00e3o para a Cr\u00edtica da Economia Pol\u00edtica. Lisboa: Editorial Estampa, 1971., p. 28)\n\n\"rela\u00e7\u00f5es de produ\u00e7\u00e3o que correspondem a um determinado grau de desenvolvimento das for\u00e7as produtivas materiais\" (MARX, K. Contribui\u00e7\u00e3o para a Cr\u00edtica da Economia Pol\u00edtica. Lisboa: Editorial Estampa, 1971., p. 28)\n_____________________________________________________________________________\nSEJA MEMBRO e apoie o canal. Bot\u00e3o ADERIR acima ou: \nhttps:\/\/www.youtube.com\/channel\/UCRLEkZpNRoZQBG8kUTBD8vQ\/join\n\nV\u00eddeo sobre ser membro do canal:\nhttps:\/\/www.youtube.com\/watch?v=drvou-obBVU\n_____________________________________________________________________________\nSiga as p\u00e1ginas do canal Orienta\u00e7\u00e3o Marxista nas Redes Sociais\n\nFACEBOOK:    https:\/\/www.facebook.com\/Orienta\u00e7\u00e3o-Marxista-111673690190915\nTWITTER:       https:\/\/twitter.com\/orient_marxista\nINSTAGRAM: https:\/\/www.instagram.com\/orient.marxista\n_____________________________________________________________________________\nLeia o blog Teoria e Revolu\u00e7\u00e3o:\nhttps:\/\/teoriaerevolucao.pstu.org.br\n_____________________________________________________________________________\nO livro do autor desse canal (Marx e a Hist\u00f3ria: das particularidades nacionais \u00e0 universalidade da revolu\u00e7\u00e3o socialista )  pode ser adquirido nos seguintes endere\u00e7os:\nhttps:\/\/editorasundermann.com.br\/livro\/96-marx-e-a-hist%C3%B3ria\nhttps:\/\/www.estantevirtual.com.br\/busca?utf8=%E2%9C%93&q=gustavo+machado+marx\n\n#Enciclop\u00e9diaMarxista #Rela\u00e7\u00f5esDeProdu\u00e7\u00e3o #MaterialismoHist\u00f3rico","original_language":"pt-BR","publication_date":"2024-07-22","duration":0,"url":"https:\/\/www.youtube.com\/watch?v=lcOmdSG9Jrw","thumbnail":"thumbnails\/lcOmdSG9Jrw.jpg"},{"video_id":"p4MUzx01MH4","channel_id":"UCRLEkZpNRoZQBG8kUTBD8vQ","title":"FOR\u00c7AS PRODUTIVAS | ENCICLOP\u00c9DIA MARXISTA","description":"VERBETES | CONCEP\u00c7\u00c3O MATERIALISTA DA HIST\u00d3RIA\nESTRUTURA:  https:\/\/youtu.be\/AX5E3fQicho\nSUPERESTRUTURA:  https:\/\/youtu.be\/HF4rRWV3WuU\nFOR\u00c7AS PRODUTIVAS:   https:\/\/youtu.be\/p4MUzx01MH4\nRELA\u00c7\u00d5ES DE PRODU\u00c7\u00c3O:  https:\/\/youtu.be\/lcOmdSG9Jrw\nMODOS DE PRODU\u00c7\u00c3O: https:\/\/youtu.be\/1R-3QpsXENc\nCONSCI\u00caNCIA:  https:\/\/youtu.be\/QIU0_y34798 \nLUTA DE CLASSES: \nHIST\u00d3RIA: \nMATERIALISMO HIST\u00d3RICO: \n\nFOR\u00c7AS PRODUTIVAS (NO GERAL, HUMANAS OU SOCIAIS) \u00e9 algo muito distinto de FOR\u00c7AS PRODUTIVAS DO TRABALHO.\n\nFOR\u00c7AS PRODUTIVAS DO TRABALHO: \n\u2192 dizem respeito unicamente \u00e0 produtividade do trabalho\n\u2192 \u00e0 quantidade de produtos elaborados em um dado tempo por um certo n\u00famero de trabalhadores\n\u2192 a tend\u00eancia do capital \u00e9 de elevar de forma cont\u00ednua e ininterrupta as for\u00e7as produtivas do trabalho. O capital \u201ctem de revolucionar as condi\u00e7\u00f5es t\u00e9cnicas e sociais do processo de trabalho, portanto, revolucionar o pr\u00f3prio modo de produ\u00e7\u00e3o\u201d (Capital I, Boitempo, p. 390).\n\u2192 \"como impulso infinito ao enriquecimento, o capital tende,  consequentemente, ao aumento infinito das for\u00e7as produtivas do trabalho, e as engendra\u201d (Grundrisse, Boitempo, p. 270).\n\nFOR\u00c7AS PRODUTIVAS SOCIAIS, HUMANAS, GERAIS\n\u2192 remete ao CONTE\u00daDO da riqueza social, abstraindo exatamente sua forma hist\u00f3rica espec\u00edfica.\n\u2192 Dizem respeito a rela\u00e7\u00e3o homens-natureza\n\u2192 \"o aumento das for\u00e7as produtivas atua somente sobre o conte\u00fado da riqueza, n\u00e3o sobre sua forma\u201d (Grundrisse, p. 421).\n\u2192 As for\u00e7as produtivas no geral se referem ao desenvolvimento \u201cda ci\u00eancia, das inven\u00e7\u00f5es, da divis\u00e3o e combina\u00e7\u00e3o do trabalho, do aperfei\u00e7oamento dos meios de comunica\u00e7\u00e3o, da cria\u00e7\u00e3o do mercado mundial, da maquinaria etc.\u201d (Grundrisse, p. 321). Se refere, igualmente, \u00e0 \u201cprincipal for\u00e7a produtiva, o pr\u00f3prio ser humano\u201d (Grundrisse, p.346).\n\nNesse sentido, um trabalho mais produtivo ou o desenvolvimento das for\u00e7as produtivas do trabalho podem n\u00e3o coincidir com o desenvolvimento das for\u00e7as produtivas humanas, gerais e sociais. Esse trabalho cada vez mais produtivo pode atender uma fra\u00e7\u00e3o cada vez menor da popula\u00e7\u00e3o, desempregada ou em subempregos; pode ser produ\u00e7\u00e3o de armas e produtos que esgotam completamente a capacidade produtiva da natureza; podem alimentar crises ao se mover com base a um sistema irracional em que as taxas m\u00e9dias de lucro caem, os monop\u00f3lios bagun\u00e7am ainda mais o j\u00e1 bagun\u00e7ado mercado e assim por diante.\n\nPara aprofundar sobre o tema: MACHADO, Gustavo. Marx e a hist\u00f3ria: das particularidades nacionais \u00e0 universalidade da revolu\u00e7\u00e3o socialista. S\u00e3o Paulo: Editora Jos\u00e9 Lu\u00eds e Rosa. Sundermann, 2022. Pag. 162-180: Notas \u00e0 correspond\u00eancia entre for\u00e7as produtivas e rela\u00e7\u00f5es de produ\u00e7\u00e3o.\n\n_____________________________________________________________________________\nSEJA MEMBRO e apoie o canal. Bot\u00e3o ADERIR acima ou: \nhttps:\/\/www.youtube.com\/channel\/UCRLEkZpNRoZQBG8kUTBD8vQ\/join\n\nV\u00eddeo sobre ser membro do canal:\nhttps:\/\/www.youtube.com\/watch?v=drvou-obBVU\n_____________________________________________________________________________\nSiga as p\u00e1ginas do canal Orienta\u00e7\u00e3o Marxista nas Redes Sociais\n\nFACEBOOK:    https:\/\/www.facebook.com\/Orienta\u00e7\u00e3o-Marxista-111673690190915\nTWITTER:       https:\/\/twitter.com\/orient_marxista\nINSTAGRAM: https:\/\/www.instagram.com\/orient.marxista\n_____________________________________________________________________________\nLeia o blog Teoria e Revolu\u00e7\u00e3o:\nhttps:\/\/teoriaerevolucao.pstu.org.br\n_____________________________________________________________________________\nO livro do autor desse canal (Marx e a Hist\u00f3ria: das particularidades nacionais \u00e0 universalidade da revolu\u00e7\u00e3o socialista )  pode ser adquirido nos seguintes endere\u00e7os:\nhttps:\/\/editorasundermann.com.br\/livro\/96-marx-e-a-hist%C3%B3ria\nhttps:\/\/www.estantevirtual.com.br\/busca?utf8=%E2%9C%93&q=gustavo+machado+marx\n\n#For\u00e7asProdutivas #Enciclop\u00e9diaMarxista #MaterialismoHist\u00f3rico","original_language":"unknown","publication_date":"2024-07-17","duration":0,"url":"https:\/\/www.youtube.com\/watch?v=p4MUzx01MH4","thumbnail":"thumbnails\/p4MUzx01MH4.jpg"},{"video_id":"HF4rRWV3WuU","channel_id":"UCRLEkZpNRoZQBG8kUTBD8vQ","title":"SUPERESTRUTURA | ENCICLOP\u00c9DIA MARXISTA","description":"VERBETES | CONCEP\u00c7\u00c3O MATERIALISTA DA HIST\u00d3RIA\nESTRUTURA:  https:\/\/youtu.be\/AX5E3fQicho\nSUPERESTRUTURA:  https:\/\/youtu.be\/HF4rRWV3WuU\nFOR\u00c7AS PRODUTIVAS:  https:\/\/youtu.be\/p4MUzx01MH4\nRELA\u00c7\u00d5ES DE PRODU\u00c7\u00c3O:  https:\/\/youtu.be\/lcOmdSG9Jrw\nMODOS DE PRODU\u00c7\u00c3O: https:\/\/youtu.be\/1R-3QpsXENc\nCONSCI\u00caNCIA:  https:\/\/youtu.be\/QIU0_y34798 \nLUTA DE CLASSES: \nHIST\u00d3RIA: \nMATERIALISMO HIST\u00d3RICO: \n\n\u201cA totalidade dessas rela\u00e7\u00f5es de produ\u00e7\u00e3o constitui a estrutura econ\u00f4mica da sociedade, a base real sobre a qual se eleva uma superestrutura jur\u00eddica e pol\u00edtica e \u00e0 qual correspondem formas sociais determinadas de consci\u00eancia. O modo de produ\u00e7\u00e3o da vida material condiciona o processo de vida social, pol\u00edtica e intelectual\u201d  (MARX, K. Contribui\u00e7\u00e3o para a Cr\u00edtica da Economia Pol\u00edtica. Lisboa: Editorial Estampa, 1971., p. 28)\n\nSUPERESTRUTURA s\u00e3o rela\u00e7\u00f5es sociais que podem se alterar, possu\u00edrem formas distintas em uma mesma forma de sociedade, possuidora de uma mesma estrutura social. Em primeiro lugar, S\u00c3O RELA\u00c7\u00d5ES SOCIAIS, isto \u00e9, um modo de organiza\u00e7\u00e3o e relacionamento entre os homens na sociedade e n\u00e3o qualquer outra coisa ou aspecto isolado. Em segundo lugar, s\u00e3o rela\u00e7\u00f5es sociais poss\u00edveis, contingentes e n\u00e3o necess\u00e1rias em uma dada forma de sociedade: podem ser ou n\u00e3o ser de um determinado modo. Por isso, S\u00c3O DEPENDENTES DA VONTADE dos indiv\u00edduos, organizados ou n\u00e3o.\n\nA exist\u00eancia do Estado \u00e9 estrutural: as formas do estado, da pol\u00edtica, do direito s\u00e3o superestruturais. Assim como, a forma espec\u00edfica dos aparatos militares, sindicais, religiosos.\n\nAs formas da consci\u00eancia n\u00e3o s\u00e3o CAUSADAS pela estrutura econ\u00f4mica, mas correspondem a ela, est\u00e3o condicionadas por ela, pois se desenvolvem sob a sua base, SE ELEVAM sobre ela.\n\nPara aprofundar sobre o tema: MACHADO, Gustavo. Marx e a hist\u00f3ria: das particularidades nacionais \u00e0 universalidade da revolu\u00e7\u00e3o socialista. S\u00e3o Paulo: Editora Jos\u00e9 Lu\u00eds e Rosa. Sundermann, 2022. Pag. 180-183: Notas \u00e0s no\u00e7\u00f5es de estrutura e superestrutura\n_____________________________________________________________________________\nSEJA MEMBRO e apoie o canal. Bot\u00e3o ADERIR acima ou: \nhttps:\/\/www.youtube.com\/channel\/UCRLEkZpNRoZQBG8kUTBD8vQ\/join\n\nV\u00eddeo sobre ser membro do canal:\nhttps:\/\/www.youtube.com\/watch?v=drvou-obBVU\n_____________________________________________________________________________\nSiga as p\u00e1ginas do canal Orienta\u00e7\u00e3o Marxista nas Redes Sociais\n\nFACEBOOK:    https:\/\/www.facebook.com\/Orienta\u00e7\u00e3o-Marxista-111673690190915\nTWITTER:       https:\/\/twitter.com\/orient_marxista\nINSTAGRAM: https:\/\/www.instagram.com\/orient.marxista\n_____________________________________________________________________________\nLeia o blog Teoria e Revolu\u00e7\u00e3o:\nhttps:\/\/teoriaerevolucao.pstu.org.br\n_____________________________________________________________________________\nO livro do autor desse canal (Marx e a Hist\u00f3ria: das particularidades nacionais \u00e0 universalidade da revolu\u00e7\u00e3o socialista )  pode ser adquirido nos seguintes endere\u00e7os:\nhttps:\/\/editorasundermann.com.br\/livro\/96-marx-e-a-hist%C3%B3ria\nhttps:\/\/www.estantevirtual.com.br\/busca?utf8=%E2%9C%93&q=gustavo+machado+marx\n\n#Enciclop\u00e9diaMarxista #Superestrutura #MaterialismoHist\u00f3rico","original_language":"pt-BR","publication_date":"2024-07-15","duration":0,"url":"https:\/\/www.youtube.com\/watch?v=HF4rRWV3WuU","thumbnail":"thumbnails\/HF4rRWV3WuU.jpg"},{"video_id":"AX5E3fQicho","channel_id":"UCRLEkZpNRoZQBG8kUTBD8vQ","title":"ESTRUTURA | ENCICLOP\u00c9DIA MARXISTA","description":"VERBETES | CONCEP\u00c7\u00c3O MATERIALISTA DA HIST\u00d3RIA\nESTRUTURA:  https:\/\/youtu.be\/AX5E3fQicho\nSUPERESTRUTURA:  https:\/\/youtu.be\/HF4rRWV3WuU\nFOR\u00c7AS PRODUTIVAS:  https:\/\/youtu.be\/p4MUzx01MH4\nRELA\u00c7\u00d5ES DE PRODU\u00c7\u00c3O:  https:\/\/youtu.be\/lcOmdSG9Jrw\nMODOS DE PRODU\u00c7\u00c3O:  https:\/\/youtu.be\/1R-3QpsXENc\nCONSCI\u00caNCIA:  https:\/\/youtu.be\/QIU0_y34798 \nLUTA DE CLASSES: \nHIST\u00d3RIA: \nMATERIALISMO HIST\u00d3RICO: \n\nO que a estrutura n\u00e3o \u00e9:\n1) ESTRUTURA N\u00c3O \u00c9 O LUGAR EM QUE OCORRE A PRODU\u00c7\u00c3O\n2) ESTRUTURA N\u00c3O \u00c9 O \u00c2MBITO DA REALIDADE QUE CAUSA OS DEMAIS\n3) ESTRUTURA N\u00c3O \u00c9 UMA CATEGORIA QUE SERVE PARA CLASSIFICAR O QUE \u00c9 IMPORTANTE\n\nA estrutura econ\u00f4mica engloba aquelas rela\u00e7\u00f5es sociais que, em uma forma de sociedade, s\u00e3o necess\u00e1rias; s\u00e3o sempre reproduzidas e, portanto, devemos partir delas para estudar as possibilidades colocadas para todos demais \u00e2mbitos da realidade: superestruturais, fen\u00f4menos da consci\u00eancia etc.\n\nMarx passou toda sua vida estudando a estrutura econ\u00f4mica do capitalismo. Esta \u00e9 constitu\u00edda por rela\u00e7\u00f5es como MERCADORIA, VALOR, TRABALHO ABSTRATO, CAPITAL, MAIS-VALIA RELATIVA E ABSOLUTA, ACUMULA\u00c7\u00c3O DE CAPITAL, CLASSE TRABALHADORA E CLASSE CAPITALISTA, CIRCULA\u00c7\u00c3O DO CAPITAL, DISTRIBUI\u00c7\u00c3O DA MAIS-VALIA, CAPITAL COMERCIAL, BANC\u00c1RIO, PORTADOR DE JUROS ETC...\n\n\u201cna produ\u00e7\u00e3o social da pr\u00f3pria exist\u00eancia, os homens entram em rela\u00e7\u00f5es determinadas, NECESS\u00c1RIAS, independentes de sua vontade; essas rela\u00e7\u00f5es de produ\u00e7\u00e3o correspondem a um grau determinado de desenvolvimento de suas for\u00e7as produtivas materiais. A totalidade dessas rela\u00e7\u00f5es de produ\u00e7\u00e3o constitui a estrutura econ\u00f4mica da sociedade\u201d (MARX, K. Contribui\u00e7\u00e3o para a Cr\u00edtica da Economia Pol\u00edtica. Lisboa: Editorial Estampa, 1971., p. 28)\n\n\u201cPara come\u00e7ar, \u00e9 desconcertante que algu\u00e9m possa pressupor que essas batidas fraseologias sobre a Idade M\u00e9dia e a Antiguidade possam ser desconhecidas de algu\u00e9m. \u00c9 claro que a Idade M\u00e9dia n\u00e3o podia viver do catolicismo, assim como o mundo antigo n\u00e3o podia viver da pol\u00edtica. Ao contr\u00e1rio, \u00e9 o modo como eles produziam sua vida que explica por que l\u00e1 era a pol\u00edtica, aqui o catolicismo que desempenhava o papel principal.\u201d (MARX, K. O Capital \u2013 Livro I. S\u00e3o Paulo: Boitempo Editorial, 2013; p. 157)\n\nPara aprofundar sobre o tema: MACHADO, Gustavo. Marx e a hist\u00f3ria: das particularidades nacionais \u00e0 universalidade da revolu\u00e7\u00e3o socialista. S\u00e3o Paulo: Editora Jos\u00e9 Lu\u00eds e Rosa. Sundermann, 2022. Pag. 180-183: Notas \u00e0s no\u00e7\u00f5es de estrutura e superestrutura \n\n_____________________________________________________________________________\nSEJA MEMBRO e apoie o canal. Bot\u00e3o ADERIR acima ou: \nhttps:\/\/www.youtube.com\/channel\/UCRLEkZpNRoZQBG8kUTBD8vQ\/join\n\nV\u00eddeo sobre ser membro do canal:\nhttps:\/\/www.youtube.com\/watch?v=drvou-obBVU\n_____________________________________________________________________________\nSiga as p\u00e1ginas do canal Orienta\u00e7\u00e3o Marxista nas Redes Sociais\n\nFACEBOOK:    https:\/\/www.facebook.com\/Orienta\u00e7\u00e3o-Marxista-111673690190915\nTWITTER:       https:\/\/twitter.com\/orient_marxista\nINSTAGRAM: https:\/\/www.instagram.com\/orient.marxista\n_____________________________________________________________________________\nLeia o blog Teoria e Revolu\u00e7\u00e3o:\nhttps:\/\/teoriaerevolucao.pstu.org.br\n_____________________________________________________________________________\nO livro do autor desse canal (Marx e a Hist\u00f3ria: das particularidades nacionais \u00e0 universalidade da revolu\u00e7\u00e3o socialista )  pode ser adquirido nos seguintes endere\u00e7os:\nhttps:\/\/editorasundermann.com.br\/livro\/96-marx-e-a-hist%C3%B3ria\nhttps:\/\/www.estantevirtual.com.br\/busca?utf8=%E2%9C%93&q=gustavo+machado+marx\n\n#Enciclop\u00e9diaMarxista #Estrutura #MaterialismoHist\u00f3rico","original_language":"pt-BR","publication_date":"2024-07-13","duration":0,"url":"https:\/\/www.youtube.com\/watch?v=AX5E3fQicho","thumbnail":"thumbnails\/AX5E3fQicho.jpg"},{"video_id":"P5nXkQDzD_o","channel_id":"UC4QQ1pY2lD3DhthIJ1LFEBw","title":"O que \u00e9 o Capitalismo F\u00f3ssil?","description":"Os combust\u00edveis f\u00f3sseis n\u00e3o s\u00e3o uma mercadoria qualquer. S\u00e3o a base energ\u00e9tica para toda a produ\u00e7\u00e3o e distribui\u00e7\u00e3o de mercadorias do capitalismo global, e representam 80% da fonte de energia utilizada pela sociedade. Ao mesmo tempo, \u00e9 essa fonte de energia que provoca o aquecimento global. Neste epis\u00f3dio vamos mostrar como e porque o capitalismo passou a depender dos combust\u00edveis f\u00f3sseis, e como essa fonte de energia impulsionou o per\u00edodo chamado de \u201ca grande acelera\u00e7\u00e3o\u201d e como ele se relaciona com o capitalismo monopolista imperialista. Tamb\u00e9m vamos explicar como a enorme depend\u00eancia dos combust\u00edveis f\u00f3sseis cria obst\u00e1culos para a transi\u00e7\u00e3o energ\u00e9tica de outras fontes renov\u00e1veis.\n\n_______________________________\n\nSIGA-ME NAS REDES SOCIAIS\n\nInstagram:     \/ https:\/\/www.instagram.com\/eco.politicamarxista\/\n_______________________________\n\n\ud83d\udcda Refer\u00eancias\n\n\u25ba DUR\u00c1N, Ram\u00f3n Fern\u00e1ndez Dur\u00e1n; REYS, Luis Gonz\u00e1lez. En la espiral de la energ\u00eda. Volumen I: Historia de la humanidad desde el papel de la energ\u00eda (pero no solo). Libros em Aci\u00f3n: Madri. 2012.\n\n\u25ba CARRINGTON, Damian.  Fossil fuel industry gets subsidies of $11m a minute, IMF finds. The Guardian, 06\/10\/2021. Disponivel em: https:\/\/www.theguardian.com\/environment\/2021\/oct\/06\/fossil-fuel-industry-subsidies-of-11m-dollars-a-minute-imf-finds\n\n\u25ba LENINE. V. I., O imperialismo. Fase superior do capitalismo. In: Obras Escolhidas V.2. Edi\u00e7\u00f5es Avante: Lisboa, 1984.\n\n\u25ba MALM, Andreas. Fossil Capital: The Rise of Steam Power and the Roots of Global Warming.  Nova York, Verso, 2016.\n_______________________________\n\n\ud83d\udcfa Epis\u00f3dio: Como capitalismo est\u00e1 levando o clima ao colapso\nhttps:\/\/youtu.be\/CwnNUlSq3SY?si=mwzke0N1-yD6YoHy\n_______________________________\n\n \ud83d\udcd6 Estudo publicado pelo International Institute for Sustainable Development (IISD) que analisa os investimentos em energia f\u00f3ssil at\u00e9 2030. Navigating Energy Transitions: Mapping the road to 1.5\u00b0C. Olivier Bois von Kursk, Greg Muttitt, Angela Picciariello, Lucile Dufour, Thijs Van de Graaf, Andreas Goldthau, Diala Hawila, Mohamed Adow, Kyla Tienhaara, Frederic Hans, Thomas Day, Silke Mooldijk, Mara Abbot, Andrew Logan on October 21, 2022. Dispon\u00edvel em: https:\/\/www.iisd.org\/publications\/report\/navigating-energy-transitions","original_language":"pt-BR","publication_date":"2024-07-03","duration":0,"url":"https:\/\/www.youtube.com\/watch?v=P5nXkQDzD_o","thumbnail":"thumbnails\/P5nXkQDzD_o.jpg"},{"video_id":"tAI7en3kuMc","channel_id":"UCqISa9Yx1nHe-YEWTk40EbQ","title":"Daniel Ruiz en la reuni\u00f3n unitaria por la Libertad a lxs presxs del 12 de junio. FSOC UBA","description":"","original_language":"unknown","publication_date":"2024-07-03","duration":0,"url":"https:\/\/www.youtube.com\/watch?v=tAI7en3kuMc","thumbnail":"thumbnails\/tAI7en3kuMc.jpg"},{"video_id":"FxoI7VxL-B8","channel_id":"UCRLEkZpNRoZQBG8kUTBD8vQ","title":"Vem a\u00ed: ENCICLOP\u00c9DIA MARXISTA","description":"Faremos o maior conjunto de verbetes da internet sobre os mais diversos temas relacionados a obra de Marx e a tradi\u00e7\u00e3o marxista.\n\n_____________________________________________________________________________\nSEJA MEMBRO e apoie o canal. Bot\u00e3o ADERIR acima ou: \nhttps:\/\/www.youtube.com\/channel\/UCRLEkZpNRoZQBG8kUTBD8vQ\/join\n\nV\u00eddeo sobre ser membro do canal:\nhttps:\/\/www.youtube.com\/watch?v=drvou-obBVU\n_____________________________________________________________________________\nSiga as p\u00e1ginas do canal Orienta\u00e7\u00e3o Marxista nas Redes Sociais\n\nFACEBOOK:    https:\/\/www.facebook.com\/Orienta\u00e7\u00e3o-Marxista-111673690190915\nTWITTER:       https:\/\/twitter.com\/orient_marxista\nINSTAGRAM: https:\/\/www.instagram.com\/orient.marxista\n_____________________________________________________________________________\nLeia o blog Teoria e Revolu\u00e7\u00e3o:\nhttps:\/\/teoriaerevolucao.pstu.org.br\n_____________________________________________________________________________\nO livro do autor desse canal (Marx e a Hist\u00f3ria: das particularidades nacionais \u00e0 universalidade da revolu\u00e7\u00e3o socialista )  pode ser adquirido nos seguintes endere\u00e7os:\nhttps:\/\/editorasundermann.com.br\/livro\/96-marx-e-a-hist%C3%B3ria\nhttps:\/\/www.estantevirtual.com.br\/busca?utf8=%E2%9C%93&q=gustavo+machado+marx\n\n#Enciclop\u00e9diaMarxista #Marx #Marxismo","original_language":"pt-BR","publication_date":"2024-07-02","duration":0,"url":"https:\/\/www.youtube.com\/watch?v=FxoI7VxL-B8","thumbnail":"thumbnails\/FxoI7VxL-B8.jpg"},{"video_id":"mvQnrI3G_xQ","channel_id":"UCSr8BqxDw8sHHfGe3InUl5A","title":"Lenin: a ruptura entre Bolcheviques e Mencheviques","description":"Ent\u00e3o minha gente, estamos entrando no epis\u00f3dio oito, que vai tratar do Congresso do POSDR (Partido Oper\u00e1rio Social Democrata Russo) de 1903. Nesse epis\u00f3dio voc\u00ea vai entender porque os revolucion\u00e1rios se dividiram entre mencheviques e bolcheviques.\n\nBaixe o e-book do epis\u00f3dio em portugu\u00eas:\nhttps:\/\/drive.google.com\/drive\/folders\/1wg0PYMynnj_a2p72GTIkFD-6uZkAWo_x?usp=drive_link\n\nBaixe o e-book do epis\u00f3dio em espanhol:\nhttps:\/\/drive.google.com\/drive\/folders\/1HPVS-_OceQlXvDdFYOtk8GiubXS_udyY?usp=sharing\n\nEntre no nosso Grupo do Whatsapp:\nhttps:\/\/chat.whatsapp.com\/F11x83gwU0X66Jx7PzRcLq","original_language":"unknown","publication_date":"2024-06-29","duration":0,"url":"https:\/\/www.youtube.com\/watch?v=mvQnrI3G_xQ","thumbnail":"thumbnails\/mvQnrI3G_xQ.jpg"},{"video_id":"Tc8Dq1ZPcjE","channel_id":"UCqISa9Yx1nHe-YEWTk40EbQ","title":"Daniel Ruiz, frente a los Tribunales de Comodoro Py exigiendo Libertad a lxs presxs por luchar","description":"","original_language":"unknown","publication_date":"2024-06-27","duration":0,"url":"https:\/\/www.youtube.com\/watch?v=Tc8Dq1ZPcjE","thumbnail":"thumbnails\/Tc8Dq1ZPcjE.jpg"},{"video_id":"g7GhaDxjfFw","channel_id":"UCWBk05FplU93JomQ345w24Q","title":"CORTES TEM\u00c1TICOS | Racismo como fen\u00f4meno capitalista","description":"No description","original_language":"unknown","publication_date":"2024-06-23","duration":0,"url":"https:\/\/www.youtube.com\/watch?v=g7GhaDxjfFw","thumbnail":"thumbnails\/default.jpg"},{"video_id":"uOWGCvlKokU","channel_id":"UCWBk05FplU93JomQ345w24Q","title":"CORTES TEM\u00c1TICOS | Marxismo, trai\u00e7\u00e3o do stalinismo e o identitarismo","description":"No description","original_language":"unknown","publication_date":"2024-06-23","duration":0,"url":"https:\/\/www.youtube.com\/watch?v=uOWGCvlKokU","thumbnail":"thumbnails\/default.jpg"},{"video_id":"w4VxHwi0cAc","channel_id":"UCWBk05FplU93JomQ345w24Q","title":"MARCOTEMPORAL | Exterm\u00ednio dos povos ind\u00edgenas","description":"No description","original_language":"unknown","publication_date":"2024-06-23","duration":0,"url":"https:\/\/www.youtube.com\/watch?v=w4VxHwi0cAc","thumbnail":"thumbnails\/default.jpg"},{"video_id":"wQUrTHa_ijQ","channel_id":"UCWBk05FplU93JomQ345w24Q","title":"ESCRAVID\u00c3O NO BRASIL | Como ficou a vida das negras e negros ap\u00f3s a aboli","description":"No description","original_language":"unknown","publication_date":"2024-06-23","duration":0,"url":"https:\/\/www.youtube.com\/watch?v=wQUrTHa_ijQ","thumbnail":"thumbnails\/default.jpg"},{"video_id":"zM1othtOZWc","channel_id":"UCWBk05FplU93JomQ345w24Q","title":"CORTES TEM\u00c1TICOS | Cr\u00edtica ao conceito de Racismo Estrutural","description":"No description","original_language":"unknown","publication_date":"2024-06-23","duration":0,"url":"https:\/\/www.youtube.com\/watch?v=zM1othtOZWc","thumbnail":"thumbnails\/default.jpg"},{"video_id":"pB_WtCSWrv8","channel_id":"UCrZTf38EMgrRaNCchAooipw","title":"Afinal \u00e9 preciso ter ORGULHO de ser LGBT?","description":"O m\u00eas de Junho marca a luta por visibilidade e direitos da popula\u00e7\u00e3o LGBTI+. No sistema capitalista \u00e9 cada vez mais crescente a viol\u00eancia, a discrimina\u00e7\u00e3o e a super explora\u00e7\u00e3o de LGBTIS. No v\u00eddeo de hoje resgatamos a import\u00e2ncia do dia do orgulho LGBTI+, as pautas que impulsionaram as primeiras paradas pelo mundo, assim como tratamos da atualidade da luta independente e classista para as LBTIS da classe trabalhadora","original_language":"unknown","publication_date":"2024-06-18","duration":0,"url":"https:\/\/www.youtube.com\/watch?v=pB_WtCSWrv8","thumbnail":"thumbnails\/pB_WtCSWrv8.jpg"},{"video_id":"Gomw-R_7_7E","channel_id":"UCqISa9Yx1nHe-YEWTk40EbQ","title":"Sebasti\u00e1n Romero y Daniel Ruiz, perseguidos pol\u00edticos del gobierno de Macri frente a Comodoro Py","description":"Sebasti\u00e1n Romero y Daniel Ruiz, militantes del PSTU y la LIT CI hoy frente a los tribunales en Comodoro Py repudiando el accionar de Milei y Bullrich en la jornada contra la Ley Bases, as\u00ed mismo llamando a la m\u00e1s amplia unidad para sacar a lxs detenidxs por luchar. Reiteran que #LucharNoEsDelito","original_language":"unknown","publication_date":"2024-06-14","duration":0,"url":"https:\/\/www.youtube.com\/watch?v=Gomw-R_7_7E","thumbnail":"thumbnails\/Gomw-R_7_7E.jpg"},{"video_id":"XPe_qoOdATs","channel_id":"UCqISa9Yx1nHe-YEWTk40EbQ","title":"Daniel Ruiz, exigiendo la liberaci\u00f3n inmediata de lxs detenidxs de la jornada contra la Ley Bases","description":"","original_language":"unknown","publication_date":"2024-06-14","duration":0,"url":"https:\/\/www.youtube.com\/watch?v=XPe_qoOdATs","thumbnail":"thumbnails\/XPe_qoOdATs.jpg"},{"video_id":"1RTQSVzShIA","channel_id":"UC4QQ1pY2lD3DhthIJ1LFEBw","title":"O que \u00e9 o Antropoceno?","description":"Antropoceno \u00e9 uma defini\u00e7\u00e3o de uma nova \u00e9poca geol\u00f3gica, um momento da hist\u00f3ria da Terra que \u00e9 definido pelo impacto da atividade humana nos sistemas naturais. O Antropoceno revela a import\u00e2ncia do impacto das atividades humanas no ambiente global, principalmente no que refere a crise clim\u00e1tica. Neste v\u00eddeo explicamos o que \u00e9 o Antropoceno, como surgiu esse conceito e os debates atuais sobre sua defini\u00e7\u00e3o. Mas tamb\u00e9m vamos ver os limites do Antropoceno, uma defini\u00e7\u00e3o que n\u00e3o exp\u00f5em as for\u00e7as do capital, as rela\u00e7\u00f5es sociais e de dom\u00ednio de classe que produziram os desequil\u00edbrios ecol\u00f3gicos, o aquecimento global e o enorme consumo de recursos. Por isso, muitos outros pensadores j\u00e1 prop\u00f5em o conceito alternativo de Capitaloceno.\n\n_______________________________\n\nSIGA-ME NAS REDES SOCIAIS\n\nInstagram:     \/ https:\/\/www.instagram.com\/eco.politicamarxista\/\n_______________________________\n\n\ud83d\udcda Refer\u00eancias\n\n\u25ba Crutzen, P. L., & Stoermer, E. F. (2000). The \u201cAnthropocene\u201d. Global Change Newsletter, 41, 17-18.  http:\/\/www.igbp.net\/download\/18.316f1... \n\n\u25ba Moore, Jason W. Anthropocene or Capitalocene?: Nature, History, and the Crisis of Capitalism. Dexter, Michig. \n\n\u25ba Angus, Ian. \u201d\u2019Anthropocene or Capitalocene?\u2019 misses the point\u201d, review af Anthropocene or Capitalocene.","original_language":"pt-BR","publication_date":"2024-06-13","duration":0,"url":"https:\/\/www.youtube.com\/watch?v=1RTQSVzShIA","thumbnail":"thumbnails\/1RTQSVzShIA.jpg"},{"video_id":"CY_wid3p9L8","channel_id":"UCqISa9Yx1nHe-YEWTk40EbQ","title":"Jornada contra la Ley Bases frente al Congreso de la Naci\u00f3n (12 de junio 2024).","description":"\u00a1Abajo la Ley Bases!\n\u00a1Repudiamos la represi\u00f3n!\n\u00a1Libertad inmediata a todxs lxs detenidxs!","original_language":"unknown","publication_date":"2024-06-12","duration":0,"url":"https:\/\/www.youtube.com\/watch?v=CY_wid3p9L8","thumbnail":"thumbnails\/CY_wid3p9L8.jpg"},{"video_id":"ExGNW5DeSkE","channel_id":"UCqISa9Yx1nHe-YEWTk40EbQ","title":"Conflicto en el Hospital Narciso L\u00f3pez en Lan\u00fas","description":"El pasado 30 de mayo, compa\u00f1eros y compa\u00f1eras del PSTU participamos de la Radio Abierta convocada por las y los trabajadores en el hospital en demanda de recuperar las condiciones \u00f3ptimas del comedor","original_language":"unknown","publication_date":"2024-06-08","duration":0,"url":"https:\/\/www.youtube.com\/watch?v=ExGNW5DeSkE","thumbnail":"thumbnails\/ExGNW5DeSkE.jpg"},{"video_id":"JZCDBp-4zVE","channel_id":"UCqISa9Yx1nHe-YEWTk40EbQ","title":"Hector Mora, delegado de la Comisi\u00f3n Interna de BedTime y militante del PSTU el 1 de mayo","description":"","original_language":"unknown","publication_date":"2024-06-07","duration":0,"url":"https:\/\/www.youtube.com\/watch?v=JZCDBp-4zVE","thumbnail":"thumbnails\/JZCDBp-4zVE.jpg"},{"video_id":"bYcSS51jzGA","channel_id":"UCqISa9Yx1nHe-YEWTk40EbQ","title":"Charla con Soraya Misleh, activista brasile\u00f1a palestina y militante de la LIT-CI en  Brasil","description":"En el marco del #3J donde salimos a las calles a luchar por el \"Ni una Menos\", desde el PSTU y la LIT Ci impulsamos la charla con Soraya, quien est\u00e1 al frente de la pelea contra el Estado sionista y racista de Israel que hoy lleva en curso un verdadero genocidio contra el pueblo palestino. En el marco de la fecha, decimos BASTA de genocidio, ni una menos EN TODO EL MUNDO, alto al genocidio de mujeres y ni\u00f1eces palestinas. \n\u00a1Palestina Libre \ud83c\uddf5\ud83c\uddf8 el r\u00edo hasta el mar!","original_language":"unknown","publication_date":"2024-06-06","duration":0,"url":"https:\/\/www.youtube.com\/watch?v=bYcSS51jzGA","thumbnail":"thumbnails\/bYcSS51jzGA.jpg"},{"video_id":"Xbee7l0_xt4","channel_id":"UCpfZpmQ8hS3RbQ5GsXZw4KQ","title":"LIVE - A juventude do Mundo com o povo palestino\/The youth of the world with the Palestinian people","description":"LIVE - A juventude do Mundo com o povo palestino\/The youth of the world with the Palestinian people \n\nPara conversar sobre estas perspectivas teremos na live a presen\u00e7a de juventudes de todo o mundo, incluindo companheiros dos EUA, Brasil, It\u00e1lia e de v\u00e1rios pa\u00edses. \n\nTo talk about these perspectives, we will have the presence of young people from all over the world, including colleagues from the USA, Brazil, Italy and several countries.","original_language":"pt","publication_date":"2024-06-03","duration":0,"url":"https:\/\/www.youtube.com\/watch?v=Xbee7l0_xt4","thumbnail":"thumbnails\/Xbee7l0_xt4.jpg"},{"video_id":"1BcRCvWYN_k","channel_id":"UCSr8BqxDw8sHHfGe3InUl5A","title":"Epis\u00f3dio especial: a atualidade de Lenin para a Am\u00e9rica Latina no s\u00e9culo XXI (Espanhol)","description":"Baixe o e-book do epis\u00f3dio em portugu\u00eas:\nhttps:\/\/drive.google.com\/drive\/folders\/1wg0PYMynnj_a2p72GTIkFD-6uZkAWo_x?usp=drive_link\n\nBaixe o e-book do epis\u00f3dio em espanhol:\nhttps:\/\/drive.google.com\/drive\/folders\/1HPVS-_OceQlXvDdFYOtk8GiubXS_udyY?usp=sharing\n\nEntre no nosso Grupo do Whatsapp:\nhttps:\/\/chat.whatsapp.com\/F11x83gwU0X66Jx7PzRcLq","original_language":"unknown","publication_date":"2024-06-02","duration":0,"url":"https:\/\/www.youtube.com\/watch?v=1BcRCvWYN_k","thumbnail":"thumbnails\/1BcRCvWYN_k.jpg"},{"video_id":"3Urn1QTKc4c","channel_id":"UCSr8BqxDw8sHHfGe3InUl5A","title":"Epis\u00f3dio especial: a atualidade de Lenin para a Am\u00e9rica Latina no s\u00e9culo XXI","description":"Baixe o e-book do epis\u00f3dio em portugu\u00eas:\nhttps:\/\/drive.google.com\/drive\/folders\/1wg0PYMynnj_a2p72GTIkFD-6uZkAWo_x?usp=drive_link\n\nBaixe o e-book do epis\u00f3dio em espanhol:\nhttps:\/\/drive.google.com\/drive\/folders\/1HPVS-_OceQlXvDdFYOtk8GiubXS_udyY?usp=sharing\n\nEntre no nosso Grupo do Whatsapp:\nhttps:\/\/chat.whatsapp.com\/F11x83gwU0X66Jx7PzRcLq","original_language":"unknown","publication_date":"2024-06-02","duration":0,"url":"https:\/\/www.youtube.com\/watch?v=3Urn1QTKc4c","thumbnail":"thumbnails\/3Urn1QTKc4c.jpg"},{"video_id":"aVt2rFrwdsY","channel_id":"UCpfZpmQ8hS3RbQ5GsXZw4KQ","title":"LIVE - A juventude do Mundo com o povo palestino\/The youth of the world with the Palestinian people","description":"LIVE - A juventude do Mundo com o povo palestino\/The youth of the world with the Palestinian people\n\nPara conversar sobre estas perspectivas teremos na live a presen\u00e7a de juventudes de todo o mundo, incluindo companheiros dos EUA, Brasil, It\u00e1lia e de v\u00e1rios pa\u00edses.\n\nTo talk about these perspectives, we will have the presence of young people from all over the world, including colleagues from the USA, Brazil, Italy and several countries.","original_language":"pt","publication_date":"2024-06-02","duration":0,"url":"https:\/\/www.youtube.com\/watch?v=aVt2rFrwdsY","thumbnail":"thumbnails\/aVt2rFrwdsY.jpg"},{"video_id":"LN9wNDex3ro","channel_id":"UCqISa9Yx1nHe-YEWTk40EbQ","title":"Marcha de las voces - Sebast\u00edan Romero","description":"","original_language":"unknown","publication_date":"2024-05-31","duration":0,"url":"https:\/\/www.youtube.com\/watch?v=LN9wNDex3ro","thumbnail":"thumbnails\/LN9wNDex3ro.jpg"},{"video_id":"LlmhUcIfm2Y","channel_id":"UCqISa9Yx1nHe-YEWTk40EbQ","title":"Heber Hern\u00e1ndez. Marcha de las voces","description":"","original_language":"unknown","publication_date":"2024-05-31","duration":0,"url":"https:\/\/www.youtube.com\/watch?v=LlmhUcIfm2Y","thumbnail":"thumbnails\/LlmhUcIfm2Y.jpg"},{"video_id":"ls7OXQSbkg0","channel_id":"UCqISa9Yx1nHe-YEWTk40EbQ","title":"Marcha de las voces- Mario Villarreal","description":"","original_language":"unknown","publication_date":"2024-05-31","duration":0,"url":"https:\/\/www.youtube.com\/watch?v=ls7OXQSbkg0","thumbnail":"thumbnails\/ls7OXQSbkg0.jpg"},{"video_id":"j7i1GJlmL-8","channel_id":"UCrZTf38EMgrRaNCchAooipw","title":"Mulheres no centro da crise clim\u00e1tica: ser\u00e1 que todos s\u00e3o atingidos igualmente?","description":"As enchentes no RS s\u00e3o o maior desastre ambiental, provocado pela crise clim\u00e1tica, no pa\u00eds. A situa\u00e7\u00e3o do estado faz parte de uma s\u00e9rie de eventos clim\u00e1ticos extremos, decorrentes do modo de produ\u00e7\u00e3o capitalista, no mundo todo. Mas \u00e9 preciso dizer que n\u00e3o s\u00e3o todos afetados da mesma forma, os setores oprimidos da classe trabalhadora e popula\u00e7\u00e3o mais pobre v\u00eaem aumentar a desigualdade e a viol\u00eancia frente a esses eventos. Al\u00e9m de sofrerem por longo prazo as consequ\u00eancias da destrui\u00e7\u00e3o da natureza. Esse \u00e9 o tema tratado nesse v\u00eddeo, n\u00e3o deixa de assistir\n\nEquipe de apoio: o canal conta com uma equipe de mulheres maravilhosas e talentosas que s\u00e3o respons\u00e1veis pelos roteiros, filmagem, edi\u00e7\u00e3o e publica\u00e7\u00e3o do conte\u00fado do canal, s\u00e3o elas: Ana Clara, Erika, Renata, Sol (e Marcela )s anunciadas como a do RS","original_language":"unknown","publication_date":"2024-05-30","duration":0,"url":"https:\/\/www.youtube.com\/watch?v=j7i1GJlmL-8","thumbnail":"thumbnails\/j7i1GJlmL-8.jpg"},{"video_id":"qYV494ctcL0","channel_id":"UCRLEkZpNRoZQBG8kUTBD8vQ","title":"S\u00cdNTESE de toda a TEORIA DO VALOR EP #206","description":"S\u00cdNTESE de toda a TEORIA DO VALOR\n\nRecebo muitas perguntas do tipo: \nComo explicar, com base na teoria do valor, o pre\u00e7o disso, daquilo, daquilo outro? \nPor que as empresas possuem taxas de explora\u00e7\u00e3o t\u00e3o diferentes? \nComo explicar o valor pago pelas patentes? Pelos alugueis?\n\nNeste v\u00eddeo, na medida do poss\u00edvel, procuro indicar as conex\u00f5es sociais que mostram o funcionamento de tudo isso. N\u00e3o h\u00e1 exce\u00e7\u00f5es na teoria do valor. Uma coisa \u00e9 a produ\u00e7\u00e3o da riqueza na forma de valor, outra coisa o carnaval capitalista de sua distribui\u00e7\u00e3o e apropria\u00e7\u00e3o.\n\n_____________________________________________________________________________\nV\u00eddeo sugerido: \nO VALOR | Qual foi de fato a descoberta de Marx VID #13\nhttps:\/\/www.youtube.com\/watch?v=_NuJ95Wm7Bs\n\n_____________________________________________________________________________\nSEJA MEMBRO e apoie o canal. Bot\u00e3o ADERIR acima ou: \nhttps:\/\/www.youtube.com\/channel\/UCRLEkZpNRoZQBG8kUTBD8vQ\/join\n\nV\u00eddeo sobre ser membro do canal:\nhttps:\/\/www.youtube.com\/watch?v=drvou-obBVU\n_____________________________________________________________________________\nSiga as p\u00e1ginas do canal Orienta\u00e7\u00e3o Marxista nas Redes Sociais\n\nFACEBOOK:    https:\/\/www.facebook.com\/Orienta\u00e7\u00e3o-Marxista-111673690190915\nTWITTER:       https:\/\/twitter.com\/orient_marxista\nINSTAGRAM: https:\/\/www.instagram.com\/orient.marxista\n_____________________________________________________________________________\nLeia o blog Teoria e Revolu\u00e7\u00e3o:\nhttps:\/\/teoriaerevolucao.pstu.org.br\n_____________________________________________________________________________\nO livro do autor desse canal (Marx e a Hist\u00f3ria: das particularidades nacionais \u00e0 universalidade da revolu\u00e7\u00e3o socialista )  pode ser adquirido nos seguintes endere\u00e7os:\nhttps:\/\/editorasundermann.com.br\/livro\/96-marx-e-a-hist%C3%B3ria\nhttps:\/\/www.estantevirtual.com.br\/busca?utf8=%E2%9C%93&q=gustavo+machado+marx\n\n#TeoriADoValor #Marx #Capital","original_language":"pt-BR","publication_date":"2024-05-30","duration":0,"url":"https:\/\/www.youtube.com\/watch?v=qYV494ctcL0","thumbnail":"thumbnails\/qYV494ctcL0.jpg"},{"video_id":"5Lu4U9izktg","channel_id":"UCSr8BqxDw8sHHfGe3InUl5A","title":"Lenin: O livro \"Que fazer?\" E as caracter\u00edsticas do partido Leninista - Parte 03","description":"Bom, minha gente. Estamos entrando na terceira parte do epis\u00f3dio 7. Essa \u00e9 a parte onde n\u00f3s vamos trabalhar pela positiva. Quais s\u00e3o as caracter\u00edsticas fundamentais de um partido leninista? Deixamos para tr\u00e1s as pol\u00eamicas e agora vamos ver, pela positiva, que tipo de partido L\u00eanin estava construindo na R\u00fassia, naquele tempo. \n\nBaixe o e-book do epis\u00f3dio em portugu\u00eas:\nhttps:\/\/drive.google.com\/drive\/folders\/1wg0PYMynnj_a2p72GTIkFD-6uZkAWo_x?usp=drive_link\n\nBaixe o e-book do epis\u00f3dio em espanhol:\nhttps:\/\/drive.google.com\/drive\/folders\/1HPVS-_OceQlXvDdFYOtk8GiubXS_udyY?usp=sharing\n\nEntre no nosso Grupo do Whatsapp:\nhttps:\/\/chat.whatsapp.com\/F11x83gwU0X66Jx7PzRcLq","original_language":"unknown","publication_date":"2024-05-26","duration":0,"url":"https:\/\/www.youtube.com\/watch?v=5Lu4U9izktg","thumbnail":"thumbnails\/5Lu4U9izktg.jpg"},{"video_id":"pXtXlQSPE4U","channel_id":"UCWBk05FplU93JomQ345w24Q","title":"AGROBALSAS: a feira do desemprego, da fome e da destrui\u00e7\u00e3o do Cerrado!","description":"Neste v\u00eddeo, desmontamos uma a uma das fake news propagandeada em torno do Agrobalsas, a maior feira do agronegocio maranhense e uma das maiores do Brasil, que aconteceu entre 13 e 18 de maio na cidade de Balsas-MA.\nEsse evento foi um festival de mentiras como, por exemplo, que o agroneg\u00f3cio fez milagre no sert\u00e3o, que ajuda a no desenvolvimento do Maranh\u00e3o, que gera emprego, divisas, ajuda a combater a fome,  desigualdade e at\u00e9 que existe agro sustent\u00e1vel. Tudo fake! \n\nPara difundir tantas mentiras, organizaram uma for\u00e7a tarefa em torno deste evento, com cobertura midi\u00e1tica nunca visto antes em nosso estado. \nO que mostramos \u00e9 o oposto disso. Mostramos, apresentando dados, que o agroneg\u00f3cio gera fome, desemprego, n\u00e3o paga impostos e \u00e9 o principal respons\u00e1vel pela destrui\u00e7\u00e3o do Cerrado. \n#agro \n#cerradobrasileiro \n#agriculturafamiliar \n#matopiba \n_______________________________\n\nSIGA-ME NAS REDES SOCIAIS\n\nInstagram: https:\/\/www.instagram.com\/hertzdias\/\nFacebook: https:\/\/www.facebook.com\/HertzCDias\n_______________________________\n\nNo CANAL DO HERTZ  \u2014 RA\u00c7A, CLASSE & REVOLU\u00c7\u00c3O, vamos debater temas ligados a quest\u00e3o racial, combinado ao de classe, numa perspectiva marxista.","original_language":"pt-BR","publication_date":"2024-05-26","duration":0,"url":"https:\/\/www.youtube.com\/watch?v=pXtXlQSPE4U","thumbnail":"thumbnails\/pXtXlQSPE4U.jpg"},{"video_id":"4pJGPNQMyJg","channel_id":"UC4QQ1pY2lD3DhthIJ1LFEBw","title":"A catastrofe do Rio Grande do Sul poderia ser evitada?","description":"Palestra com Gustavo Machado e Jeferson Choma","original_language":"en-US","publication_date":"2024-05-24","duration":0,"url":"https:\/\/www.youtube.com\/watch?v=4pJGPNQMyJg","thumbnail":"thumbnails\/4pJGPNQMyJg.jpg"},{"video_id":"C-9P3poPVnQ","channel_id":"UCpfZpmQ8hS3RbQ5GsXZw4KQ","title":"Debate: Lenin hoy","description":"Debate: Lenin hoy\nPonentes: \n\n- Nazareno Godeiro - LIT-CI \n- Felipe Kohler - Revista CRISIS","original_language":"pt","publication_date":"2024-05-19","duration":0,"url":"https:\/\/www.youtube.com\/watch?v=C-9P3poPVnQ","thumbnail":"thumbnails\/C-9P3poPVnQ.jpg"},{"video_id":"NPjDQ3pznGw","channel_id":"UCWBk05FplU93JomQ345w24Q","title":"LULA, NO RS TEM MUITO PRETO, SIM! | E A REPARA\u00c7\u00c3O DO BB TEM QUE COME\u00c7AR POR L\u00c1","description":"Neste v\u00eddeo, mostramos que a surpresa de Lula com a quantidade de negros no Rio Grande do Sul, decorre de sua situa\u00e7\u00e3o e op\u00e7\u00e3o de classe e projeto pol\u00edtico burgu\u00eas. \nAproveitamos toda a pol\u00eamica que surgiu em torno desta declara\u00e7\u00e3o para exigir que o governo Lula comece pelo Rio Grande do Sul a implementar a Repara\u00e7\u00e3o que o Banco do Brasil deve aos afro-brasileiros em raz\u00e3o de ter sido a institui\u00e7\u00e3o que mais financiou o tr\u00e1fico de escravos no S\u00e9culo XIX.\n#repara\u00e7\u00e3o\n#reparacaobancodobrasil \n#sosriograndedosul\n_______________________________\n\nSIGA-ME NAS REDES SOCIAIS\n\nInstagram: https:\/\/www.instagram.com\/hertzdias\/\nFacebook: https:\/\/www.facebook.com\/HertzCDias\n_______________________________\n\nNo CANAL DO HERTZ  \u2014 RA\u00c7A, CLASSE & REVOLU\u00c7\u00c3O, vamos debater temas ligados a quest\u00e3o racial, combinado ao de classe, numa perspectiva marxista.","original_language":"pt-BR","publication_date":"2024-05-19","duration":0,"url":"https:\/\/www.youtube.com\/watch?v=NPjDQ3pznGw","thumbnail":"thumbnails\/NPjDQ3pznGw.jpg"},{"video_id":"A6GG5asdbMA","channel_id":"UCWBk05FplU93JomQ345w24Q","title":"REACT |\"MAIS MICAL: Transf\u00f3bica, teocr\u00e1tica e analfabeta sobre pol\u00edticas de cotas\"","description":"Camaradas, segue v\u00eddeo em rea\u00e7\u00e3o a mais uma fala lgbtf\u00f3bica que a deputada estadual do Maranh\u00e3o, Mical Damasceno (PSD), proferiu na ALEMA.\n\nDesta vez, o alvo foi o PL 167\/2022 do \"Coletivo N\u00f3s\", do PT, que foi aprovado na C\u00e2mara Municipal de S\u00e3o Lu\u00eds. O projeto incentiva a reserva de vagas para a popula\u00e7\u00e3o Transsexual e Travestis em empresa privadas com mais de 100 empregados e empregadas na cidade de S\u00e3o Lu\u00eds.\n\nAl\u00e9m do conte\u00fado transf\u00f3bico, Mical mostra duas outras coisas: que \u00e9 analfabeta estrutural em mat\u00e9ria de pol\u00edtica de cotas, mas tamb\u00e9m que tem o apoio, quase que condicional, da ALEMA para suas concep\u00e7\u00f5es,  princ\u00edpios e projetos politico-ideol\u00f3gicos  reacion\u00e1rios.\n\nVale a pena assistir, comentar e divulgar.\nE se ainda n\u00e3o t\u00e1 inscrito em nosso canal, por favor,  inscreva-se e acione o sininho para receber notifica\u00e7\u00f5es de novos v\u00eddeos.\n\nAbra\u00e7o!\n#NossasVidasNossasCores\n #JuntosContraLGBTQfobia\n#foramicaldamasceno\n#assembleialegislativadomaranh\u00e3o\n\n_______________________________\n\nSIGA-ME NAS REDES SOCIAIS\n\nInstagram: https:\/\/www.instagram.com\/hertzdias\/\nFacebook: https:\/\/www.facebook.com\/HertzCDias\n_______________________________\n\nNo CANAL DO HERTZ  \u2014 RA\u00c7A, CLASSE & REVOLU\u00c7\u00c3O, vamos debater temas ligados a quest\u00e3o racial, combinado ao de classe, numa perspectiva marxista.","original_language":"pt-BR","publication_date":"2024-05-16","duration":0,"url":"https:\/\/www.youtube.com\/watch?v=A6GG5asdbMA","thumbnail":"thumbnails\/A6GG5asdbMA.jpg"},{"video_id":"7DfO_QE0Btg","channel_id":"UCpfZpmQ8hS3RbQ5GsXZw4KQ","title":"76 anos da Nakba","description":"","original_language":"pt","publication_date":"2024-05-15","duration":0,"url":"https:\/\/www.youtube.com\/watch?v=7DfO_QE0Btg","thumbnail":"thumbnails\/7DfO_QE0Btg.jpg"},{"video_id":"h9lxk49wopk","channel_id":"UCqISa9Yx1nHe-YEWTk40EbQ","title":"Soraya Misleh recuerda la Nakba Palestina","description":"Soraya Misleh activista palestino  brasile\u00f1a, militante de la LIT-CI, Liga Internacional de los Trabajadores, IV Internacional,","original_language":"unknown","publication_date":"2024-05-15","duration":0,"url":"https:\/\/www.youtube.com\/watch?v=h9lxk49wopk","thumbnail":"thumbnails\/h9lxk49wopk.jpg"},{"video_id":"CnfRMWoFrDw","channel_id":"UCWBk05FplU93JomQ345w24Q","title":"HIST\u00d3RIA | Osvaldo Aranha, o Estado Novo e o Estado de Israel","description":"Neste v\u00eddeo, desmitificamos a falsa imagem difundida pela grande imprensa e pela ultradireita brasileira sobre o Embaixador Osvaldo Aranha, o brasileiro que presidiu a Assembleia Geral da ONU que aprovou a resolu\u00e7\u00e3o que autorizou a funda\u00e7\u00e3o do Estado de Israel na Palestina. \n\nDiferente do que essa gente propagandeia, Osvaldo Aranha, al\u00e9m de sionista, adotou uma pol\u00edtica explicitamente antissemita quando este a frente do Minist\u00e9rio das Rela\u00e7\u00f5es Exteriores do Estado Novo, a ditadura semifascista de Get\u00falio Vargas. Segundo a historiadora, Maria Luiza Tucci Carneiro, durante a gest\u00e3o de Osvaldo Aranha  mais de 16 mil vistos foram negados com base em crit\u00e9rios raciais, contra judeus. \nOu seja, \u00e9 poss\u00edvel ser sionista e ser antissemita, ao mesmo tempo\n#osvaldoaranha\n#palestinewillbefree \n#palestinalivre \nSegue link do v\u00eddeo \"A Hist\u00f3ria Macabra do Sionismo\"  para entender melhor o car\u00e1ter reacion\u00e1rio e pr\u00f3-nazista do sionismo. https:\/\/www.youtube.com\/watch?v=jWVVAvlfq4U&t=1s\n_______________________________\n\nSIGA-ME NAS REDES SOCIAIS\n\nInstagram: https:\/\/www.instagram.com\/hertzdias\/\nFacebook: https:\/\/www.facebook.com\/HertzCDias\n_______________________________\n\nNo CANAL DO HERTZ  \u2014 RA\u00c7A, CLASSE & REVOLU\u00c7\u00c3O, vamos debater temas ligados a quest\u00e3o racial, combinado ao de classe, numa perspectiva marxista.","original_language":"pt-BR","publication_date":"2024-05-13","duration":0,"url":"https:\/\/www.youtube.com\/watch?v=CnfRMWoFrDw","thumbnail":"thumbnails\/CnfRMWoFrDw.jpg"},{"video_id":"QpTPNviRNDE","channel_id":"UC4QQ1pY2lD3DhthIJ1LFEBw","title":"Cat\u00e1strofe do RS: de quem \u00e9 a culpa?","description":"O Rio Grande do Sul passa por sua maior trag\u00e9dia. Mas quem \u00e9 o respons\u00e1vel pela cat\u00e1strofe? De quem a culpa? \u00c9 simplesmente resultado da f\u00faria da natureza.\n\nNeste epis\u00f3dio vamos explicar que o povo ga\u00facho foi v\u00edtima de duas cat\u00e1strofes. A primeira, \u00e9 a cat\u00e1strofe clim\u00e1tica, provocado pelo capitalismo e seu voraz consumo de combust\u00edveis f\u00f3sseis. Mas a cat\u00e1strofe clim\u00e1tica se combina com uma segunda cat\u00e1strofe: a cat\u00e1strofe social produzida por d\u00e9cadas de neoliberalismo, austeridade fiscal, privatiza\u00e7\u00f5es e muita ofensiva para desmontar leis ambientais em favor da expans\u00e3o do agroneg\u00f3cio.\n\n_______________________________\nSIGA-ME NAS REDES SOCIAIS\n\nInstagram:   https:\/\/www.instagram.com\/eco.politicamarxista\/\n_______________________________\n\n\ud83d\udcb0 Campanha de solidariedade da CSP-Conlutas\n\u25ba Doe agora para ajudar \u00e0s v\u00edtimas no Rio Grande do Sul. As contribui\u00e7\u00f5es devem ser feitas via PIX, atrav\u00e9s da chave: financeiro@cspconlutas.org.br, ou ainda via dep\u00f3sito\/transfer\u00eancia para Banco do Brasil, ag\u00eancia 3520-3, conta corrente 26261-7, CNPJ 07.887.926\/0013-23, CSP-Conlutas Central Sindical e Popular.\n\n\ud83d\udcfa Saiba como capitalismo est\u00e1 levando o clima ao colapso\nhttps:\/\/www.youtube.com\/watch?v=CwnNUlSq3SY","original_language":"pt-BR","publication_date":"2024-05-13","duration":0,"url":"https:\/\/www.youtube.com\/watch?v=QpTPNviRNDE","thumbnail":"thumbnails\/QpTPNviRNDE.jpg"},{"video_id":"v_q0_0RoQZc","channel_id":"UCRLEkZpNRoZQBG8kUTBD8vQ","title":"TRAG\u00c9DIA NO RIO GRANDE DO SUL | Para onde vamos? EP #205","description":"A CSP-Conlutas se solidariza com a popula\u00e7\u00e3o do Rio Grande do Sul e se soma ao apoio \u00e0s fam\u00edlias atingidas. A Central deu in\u00edcio a uma campanha de arrecada\u00e7\u00e3o financeira.\n\nAs doa\u00e7\u00f5es ser\u00e3o destinadas \u00e0 assist\u00eancia de fam\u00edlias atingidas.\n\nAs contribui\u00e7\u00f5es devem ser feitas via PIX, atrav\u00e9s da chave: financeiro@cspconlutas.org.br, ou ainda via dep\u00f3sito\/transfer\u00eancia para Banco do Brasil, ag\u00eancia 3520-3, conta corrente 26261-7, CNPJ 07.887.926\/0013-23, CSP-Conlutas Central Sindical e Popular.\n\n_____________________________________________________________________________\nSEJA MEMBRO e apoie o canal. Bot\u00e3o ADERIR acima ou: \nhttps:\/\/www.youtube.com\/channel\/UCRLEkZpNRoZQBG8kUTBD8vQ\/join\n\nV\u00eddeo sobre ser membro do canal:\nhttps:\/\/www.youtube.com\/watch?v=drvou-obBVU\n_____________________________________________________________________________\nSiga as p\u00e1ginas do canal Orienta\u00e7\u00e3o Marxista nas Redes Sociais\n\nFACEBOOK:    https:\/\/www.facebook.com\/Orienta\u00e7\u00e3o-Marxista-111673690190915\nTWITTER:       https:\/\/twitter.com\/orient_marxista\nINSTAGRAM: https:\/\/www.instagram.com\/orient.marxista\n_____________________________________________________________________________\nLeia o blog Teoria e Revolu\u00e7\u00e3o:\nhttps:\/\/teoriaerevolucao.pstu.org.br\n_____________________________________________________________________________\nO livro do autor desse canal (Marx e a Hist\u00f3ria: das particularidades nacionais \u00e0 universalidade da revolu\u00e7\u00e3o socialista )  pode ser adquirido nos seguintes endere\u00e7os:\nhttps:\/\/editorasundermann.com.br\/livro\/96-marx-e-a-hist%C3%B3ria\nhttps:\/\/www.estantevirtual.com.br\/busca?utf8=%E2%9C%93&q=gustavo+machado+marx\n\n#RioGrandeDoSul #Trag\u00e9dia #CriseClim\u00e1tica","original_language":"pt-BR","publication_date":"2024-05-13","duration":0,"url":"https:\/\/www.youtube.com\/watch?v=v_q0_0RoQZc","thumbnail":"thumbnails\/v_q0_0RoQZc.jpg"},{"video_id":"v2pYoUgb5dc","channel_id":"UCrZTf38EMgrRaNCchAooipw","title":"Equipe do Luta mulher est\u00e1 voltada para as a\u00e7\u00f5es de solidariedade de classe no Rio Grande do Sul","description":"","original_language":"unknown","publication_date":"2024-05-07","duration":0,"url":"https:\/\/www.youtube.com\/watch?v=v2pYoUgb5dc","thumbnail":"thumbnails\/v2pYoUgb5dc.jpg"},{"video_id":"6O3Au2K01tg","channel_id":"UCqISa9Yx1nHe-YEWTk40EbQ","title":"A 205 a\u00f1os del nacimiento de Karl Marx- Alejandro Iturbe","description":"Video realizado por la LIT ( Liga Internacional de los Trabajadores) en el cumplimiento de los 200 a\u00f1os de su natalicio.","original_language":"unknown","publication_date":"2024-05-06","duration":0,"url":"https:\/\/www.youtube.com\/watch?v=6O3Au2K01tg","thumbnail":"thumbnails\/6O3Au2K01tg.jpg"},{"video_id":"cq1v5pAr3Xo","channel_id":"UC4QQ1pY2lD3DhthIJ1LFEBw","title":"Marx e a natureza: o que ele realmente pensava?","description":"Qual \u00e9 a import\u00e2ncia e o alcance da an\u00e1lise de Marx e Engels sobre o debate ecol\u00f3gico atual? Como a hist\u00f3ria dos humanos e a natureza se relacionam? A obra de Marx pode ser usada como base para entender a destrui\u00e7\u00e3o da natureza?\n\nPor muito tempo, as contribui\u00e7\u00f5es de Marx e de Engels estiveram \u00e0 margem de todo debate sobre a crise ambiental. Neste epis\u00f3dio procuramos apresentar algumas das contribui\u00e7\u00f5es de Marx e Engels ao debate ecol\u00f3gico, particularmente, a partir de duas obras sumamente importantes para o materialismo hist\u00f3rico: A Ideologia Alem\u00e3, escrito por ambos pensadores entre os anos de 1845 e 1846; e os Manuscritos Econ\u00f4mico-Filos\u00f3ficos, escrito por Marx em 1844.\n\nMas lembrando! Esse \u00e9 apenas um primeiro epis\u00f3dio sobre o tema. Vamos ter outros para explicar a vis\u00e3o muito original e sofisticada que Marx e Engels elaboraram sobre a rela\u00e7\u00e3o entre natureza e sociedade.\n\n_______________________________\n\nSIGA-ME NAS REDES SOCIAIS\n\nInstagram:   https:\/\/www.instagram.com\/eco.politicamarxista\/\n_______________________________\n\n\ud83d\udcda Refer\u00eancias\n\n\u25ba MARX, K. A ideologia alem\u00e3: Cr\u00edtica da mais recente filosofia alem\u00e3 em seus representantes Feuerbach, B. Bauer e Stirner, e do socialismo alem\u00e3o em seus diferentes profetas. 1845-1846. S\u00e3o Paulo: Boitempo, 2007. \n\u25ba MARX, K. Manuscritos Econ\u00f4mico-Filos\u00f3ficos. S\u00e3o Paulo: Boitempo, 2010.\n\u25ba ENGELS, F. Dial\u00e9tica da natureza. Lisboa. Ed. Presen\u00e7a, 1974.\n\u25ba FOSTER, J. B. A ecologia de Marx: materialismo e natureza. Rio de Janeiro: Civiliza\u00e7\u00e3o Brasileira.","original_language":"pt-BR","publication_date":"2024-05-06","duration":0,"url":"https:\/\/www.youtube.com\/watch?v=cq1v5pAr3Xo","thumbnail":"thumbnails\/cq1v5pAr3Xo.jpg"},{"video_id":"w0iXjI9m3kw","channel_id":"UCqISa9Yx1nHe-YEWTk40EbQ","title":"Sebastian Romero 1\u00b0 de mayo","description":"","original_language":"unknown","publication_date":"2024-05-04","duration":0,"url":"https:\/\/www.youtube.com\/watch?v=w0iXjI9m3kw","thumbnail":"thumbnails\/w0iXjI9m3kw.jpg"},{"video_id":"UUSvQowDZ_0","channel_id":"UCrZTf38EMgrRaNCchAooipw","title":"O que ACONTECE na ILHA DO MARAJ\u00d3?","description":"","original_language":"unknown","publication_date":"2024-05-02","duration":0,"url":"https:\/\/www.youtube.com\/watch?v=UUSvQowDZ_0","thumbnail":"thumbnails\/UUSvQowDZ_0.jpg"},{"video_id":"jHu3af-_AH0","channel_id":"UC4QQ1pY2lD3DhthIJ1LFEBw","title":"CORTE -  Fim do mundo ou fim do capitalismo?","description":"H\u00e1 uma famosa frase que diz: \"\u00c9 mais f\u00e1cil o fim do mundo do que o fim do capitalismo\". Mas \u00e9 preciso mudar a ordem dessa ora\u00e7\u00e3o. \u00c9 preciso fazer uma revolu\u00e7\u00e3o social e uma revolu\u00e7\u00e3o das for\u00e7as produtivas da sociedade.\n\n_______________________________\n\nSIGA-ME NAS REDES SOCIAIS\n\nInstagram:    @eco.politicamarxista","original_language":"unknown","publication_date":"2024-05-02","duration":0,"url":"https:\/\/www.youtube.com\/watch?v=jHu3af-_AH0","thumbnail":"thumbnails\/jHu3af-_AH0.jpg"},{"video_id":"28YAzJZ6mwI","channel_id":"UCqISa9Yx1nHe-YEWTk40EbQ","title":"acto del 1\u00b0 de Mayo 2024","description":"","original_language":"unknown","publication_date":"2024-05-01","duration":0,"url":"https:\/\/www.youtube.com\/watch?v=28YAzJZ6mwI","thumbnail":"thumbnails\/28YAzJZ6mwI.jpg"},{"video_id":"fEDNETihJzc","channel_id":"UC4QQ1pY2lD3DhthIJ1LFEBw","title":"CORTE - Capitalismo criou uma cat\u00e1strofe que n\u00e3o pode parar","description":"Segundo o IPCC, o Painel para mudan\u00e7as clim\u00e1ticas da ONU, desde da era industrial, a temperatura m\u00e9dia global j\u00e1 subiu 1.1\u00b0C. Mas em 2023 foram registrados a maiores temperaturas em 125 mil anos e caminhamos rapidamente para 2\u00b0C ou at\u00e9 mais. Como resultado, sistemas naturais da Terra podem atingir um ponto de n\u00e3o retorno, gerando um efeito cascata imposs\u00edvel de ser detido, o que levar\u00e1 ao colapso clim\u00e1tico amea\u00e7ando a humanidade.\n_______________________________\n\nSIGA-ME NAS REDES SOCIAIS\n\nInstagram: \/@eco.politicamarxista","original_language":"pt-BR","publication_date":"2024-05-01","duration":0,"url":"https:\/\/www.youtube.com\/watch?v=fEDNETihJzc","thumbnail":"thumbnails\/fEDNETihJzc.jpg"},{"video_id":"wJrbqoDSPxE","channel_id":"UCSr8BqxDw8sHHfGe3InUl5A","title":"1\u00ba de Maio Internacionalista - Centen\u00e1rio da morte do Lenin","description":"[short]\nBaixe o e-book do epis\u00f3dio em portugu\u00eas:\nhttps:\/\/drive.google.com\/drive\/folders\/1wg0PYMynnj_a2p72GTIkFD-6uZkAWo_x?usp=drive_link\n\nBaixe o e-book do epis\u00f3dio em espanhol:\nhttps:\/\/drive.google.com\/drive\/folders\/1HPVS-_OceQlXvDdFYOtk8GiubXS_udyY?usp=sharing\n\nEntre no nosso Grupo do Whatsapp:\nhttps:\/\/chat.whatsapp.com\/F11x83gwU0X66Jx7PzRcLq","original_language":"unknown","publication_date":"2024-05-01","duration":0,"url":"https:\/\/www.youtube.com\/watch?v=wJrbqoDSPxE","thumbnail":"thumbnails\/wJrbqoDSPxE.jpg"},{"video_id":"2k5FXZhiEyY","channel_id":"UCqISa9Yx1nHe-YEWTk40EbQ","title":"1 \u00b0 de mayo","description":"","original_language":"unknown","publication_date":"2024-04-29","duration":0,"url":"https:\/\/www.youtube.com\/watch?v=2k5FXZhiEyY","thumbnail":"thumbnails\/2k5FXZhiEyY.jpg"},{"video_id":"QgnwRkL7o7U","channel_id":"UCqISa9Yx1nHe-YEWTk40EbQ","title":"Avanzada Socialista - 1 Mayo","description":"","original_language":"unknown","publication_date":"2024-04-28","duration":0,"url":"https:\/\/www.youtube.com\/watch?v=QgnwRkL7o7U","thumbnail":"thumbnails\/QgnwRkL7o7U.jpg"},{"video_id":"4kMbb23LVvU","channel_id":"UCWBk05FplU93JomQ345w24Q","title":"O racismo de Olsen Sampaio x Mem\u00f3ria de Jo\u00e3o C\u00e2ndido. E o Lula, vai ficar de qual lado?","description":"V\u00eddeo sobre o esc\u00e2ndaloso pedido racista do Comandante da Marinha, Marco Sampaio Olsen, para n\u00e3o incluir o nome de Jo\u00e3o C\u00e2ndido no livro de her\u00f3is e hero\u00ednas do Brasil. Jo\u00e3o Candido foi o principal l\u00edder da Revolta que acabou com os cartigos corporais no interior da Marinha brasileira, a Revolta da Chibata.\n\nPara se aprofundar  mais no tema segue link do artigo \"Porque Jo\u00e3o C\u00e2ndido ainda incomoda tanto o alto comando da Marinha\", de autoria do camarada Cl\u00e1udio Donizete.\n#jo\u00e3ocandidoheroinacional\n#forasampaioolsen\n_______________________________\n\nSIGA-ME NAS REDES SOCIAIS\n\nInstagram: https:\/\/www.instagram.com\/hertzdias\/\nFacebook: https:\/\/www.facebook.com\/HertzCDias\n_______________________________\n\nNo CANAL DO HERTZ  \u2014 RA\u00c7A, CLASSE & REVOLU\u00c7\u00c3O, vamos debater temas ligados a quest\u00e3o racial, combinado ao de classe, numa perspectiva marxista.","original_language":"pt-BR","publication_date":"2024-04-27","duration":0,"url":"https:\/\/www.youtube.com\/watch?v=4kMbb23LVvU","thumbnail":"thumbnails\/4kMbb23LVvU.jpg"},{"video_id":"4xXf1qxMPrQ","channel_id":"UCRLEkZpNRoZQBG8kUTBD8vQ","title":"INVESTIMENTO \u00c9 S\u00d3 PARA QUEM J\u00c1 \u00c9 MUITO RICO | ENTENDA EP #204","description":"INVESTIMENTOS \u00c9 S\u00d3 PARA QUEM J\u00c1 \u00c9 MUITO RICO\nQual a possibilidade de vc ficar rico, ou como dizem, \"viver de renda\" aplicando seu suado dinheirinho em bolsas de valores, criptomoedas, aplica\u00e7\u00f5es de renda fixa etc...? NENHUMA. \u00c9 mais prov\u00e1vel vc ganhar na mega da virada. \nEntenda nesse v\u00eddeo e n\u00e3o seja enganado pelos Mar\u00e7als, Primos Ricos e Pais Ricos, Pais Pobres da vida...\n\n0:00 In\u00edcio\n0:47 0) Considera\u00e7\u00e3o pr\u00e9via\n04:22 1) O que \u00e9 investir capital\n10:27 2) Investir e poupar\n16:29 3) N\u00e3o h\u00e1 ramos melhores para investir\n23:01 4) Nenhum indicador econ\u00f4mico \u00e9 confi\u00e1vel\n33:09 5) Quanto maior o salto, maior a queda\n36:33 Resumo\n_____________________________________________________________________________\nV\u00eddeo sugerido: \n LUIZ BARSI | Aposentando na bolsa de valores HAHAHA EP #191\nhttps:\/\/www.youtube.com\/watch?v=s73KpXbZpow\n\n_____________________________________________________________________________\nSEJA MEMBRO e apoie o canal. Bot\u00e3o ADERIR acima ou: \nhttps:\/\/www.youtube.com\/channel\/UCRLEkZpNRoZQBG8kUTBD8vQ\/join\n\nV\u00eddeo sobre ser membro do canal:\nhttps:\/\/www.youtube.com\/watch?v=drvou-obBVU\n_____________________________________________________________________________\nSiga as p\u00e1ginas do canal Orienta\u00e7\u00e3o Marxista nas Redes Sociais\n\nFACEBOOK:    https:\/\/www.facebook.com\/Orienta\u00e7\u00e3o-Marxista-111673690190915\nTWITTER:       https:\/\/twitter.com\/orient_marxista\nINSTAGRAM: https:\/\/www.instagram.com\/orient.marxista\n_____________________________________________________________________________\nLeia o blog Teoria e Revolu\u00e7\u00e3o:\nhttps:\/\/teoriaerevolucao.pstu.org.br\n_____________________________________________________________________________\nO livro do autor desse canal (Marx e a Hist\u00f3ria: das particularidades nacionais \u00e0 universalidade da revolu\u00e7\u00e3o socialista )  pode ser adquirido nos seguintes endere\u00e7os:\nhttps:\/\/editorasundermann.com.br\/livro\/96-marx-e-a-hist%C3%B3ria\nhttps:\/\/www.estantevirtual.com.br\/busca?utf8=%E2%9C%93&q=gustavo+machado+marx\n\n#Investimentos #A\u00e7\u00f5es #ViverDeRenda","original_language":"pt-BR","publication_date":"2024-04-27","duration":0,"url":"https:\/\/www.youtube.com\/watch?v=4xXf1qxMPrQ","thumbnail":"thumbnails\/4xXf1qxMPrQ.jpg"},{"video_id":"Zw2ElV9Zi30","channel_id":"UCWBk05FplU93JomQ345w24Q","title":"Todo apoio a greve geral em Angola","description":"Neste v\u00eddeo, numa perspectiva marxista, analisamos como deu a aboli\u00e7\u00e3o da escravid\u00e3o em nosso pa\u00eds. Uma an\u00e1lise bem diferente da Hist\u00f3ria Oficial, criada e repetidamente contada h\u00e1 s\u00e9culos pela classe dominante. Aqui, vamos mostrar a hist\u00f3ria contada a partir do ponto de vista da Senzala, dos quilombos e das ruas em contraposi\u00e7\u00e3o \u00e0 Casa Grande e ao parlamento escravocrata.\n_______________________________\n\nSIGA-ME NAS REDES SOCIAIS\n\nInstagram: https:\/\/www.instagram.com\/hertzdias\/\nFacebook: https:\/\/www.facebook.com\/HertzCDias\n_______________________________\n\nNo CANAL DO HERTZ  \u2014 RA\u00c7A, CLASSE & REVOLU\u00c7\u00c3O, vamos debater temas ligados a quest\u00e3o racial, combinado ao de classe, numa perspectiva marxista.","original_language":"pt-BR","publication_date":"2024-04-25","duration":0,"url":"https:\/\/www.youtube.com\/watch?v=Zw2ElV9Zi30","thumbnail":"thumbnails\/Zw2ElV9Zi30.jpg"},{"video_id":"Irm4K7Ve2a4","channel_id":"UCWBk05FplU93JomQ345w24Q","title":"Dois Estados na Palestina? \u00c9 botar o sapo pra carregar o escorpi\u00e3o na costa","description":"_______________________________\nNeste v\u00eddeo, da segunda s\u00e9rie sobre Palestina, entramos na pol\u00eamica da solu\u00e7\u00e3o de dois Estados para regi\u00e3o, um Judeu e outro \u00c1rabe. \n\nTentamos mostrar porque essa proposta \u00e9 equivocada e porque defendemos a constru\u00e7\u00e3o de um Estado Palestino Laico, Democr\u00e1tico e  N\u00e3o-Racista.\nSIGA-ME NAS REDES SOCIAIS\n\nInstagram: https:\/\/www.instagram.com\/hertzdias\/\nFacebook: https:\/\/www.facebook.com\/HertzCDias\n_______________________________\n\nNo CANAL DO HERTZ  \u2014 RA\u00c7A, CLASSE & REVOLU\u00c7\u00c3O, vamos debater temas ligados a quest\u00e3o racial, combinado ao de classe, numa perspectiva marxista.","original_language":"pt-BR","publication_date":"2024-04-24","duration":0,"url":"https:\/\/www.youtube.com\/watch?v=Irm4K7Ve2a4","thumbnail":"thumbnails\/Irm4K7Ve2a4.jpg"},{"video_id":"3wZqjnYmBGg","channel_id":"UCrZTf38EMgrRaNCchAooipw","title":"REAGINDO a M\u00daSICA sobre a ILHA DO MARAJ\u00d3: l\u00e1 \u00e9 o PIOR LUGAR DO MUNDO para as MENINAS?","description":"A m\u00fasica de Ayme\u00ea Rocha exp\u00f4s uma realidade j\u00e1 antiga sobre os casos de explora\u00e7\u00e3o e viol\u00eancia sexual contra crian\u00e7as e adolescentes na ilha do Maraj\u00f3, no Par\u00e1. Ser\u00e1 que o Maraj\u00f3 \u00e9 exce\u00e7\u00e3o? As meninas est\u00e3o seguras em outras partes do mundo? No v\u00eddeo de hoje trataremos desse tema bastante importante!\n\nEquipe de apoio: o canal conta com uma equipe de mulheres maravilhosas e talentosas que s\u00e3o respons\u00e1veis pelos roteiros, filmagem, edi\u00e7\u00e3o e publica\u00e7\u00e3o do conte\u00fado do canal, s\u00e3o elas: Ana Clara, Erika, Renata, Sol (e Marcela )","original_language":"pt","publication_date":"2024-04-23","duration":0,"url":"https:\/\/www.youtube.com\/watch?v=3wZqjnYmBGg","thumbnail":"thumbnails\/3wZqjnYmBGg.jpg"},{"video_id":"CwnNUlSq3SY","channel_id":"UC4QQ1pY2lD3DhthIJ1LFEBw","title":"Saiba como capitalismo est\u00e1 levando o clima ao colapso","description":"Como o capitalismo est\u00e1 levando o clima da Terra ao colapso? Qual \u00e9 a gravidade da situa\u00e7\u00e3o e o que dizem as ci\u00eancias? Esse \u00e9 o assunto deste primeiro v\u00eddeo do Canal Ecologia & Pol\u00edtica Marxista. Segundo o IPCC, o Painel para mudan\u00e7as clim\u00e1ticas da ONU, desde da era industrial, a temperatura m\u00e9dia global j\u00e1 subiu 1.1\u00b0C. Mas em 2023 foram registrados a maiores temperaturas em 125 mil anos e caminhamos rapidamente para 2\u00b0C ou at\u00e9 mais. Como resultado, sistemas naturais da Terra podem atingir um ponto de n\u00e3o retorno, gerando um efeito cascata imposs\u00edvel de ser detido, o que levar\u00e1 ao colapso clim\u00e1tico amea\u00e7ando a humanidade.\n\nMas a crise clim\u00e1tica \u00e9 a pr\u00f3pria manifesta\u00e7\u00e3o da crise hist\u00f3rica do capital. H\u00e1 uma famosa frase que diz: \u201c\u00e9 mais f\u00e1cil acreditar no fim do mundo do que no fim do capitalismo\u201d. Mas \u00e9 preciso inverter essa ordem. Para enfrentar a cat\u00e1strofe clim\u00e1tica precisamos superar o modo capitalista de produ\u00e7\u00e3o que a criou.\n\n_______________________________\n\nSIGA-ME NAS REDES SOCIAIS\n\nInstagram:   https:\/\/www.instagram.com\/eco.politicamarxista\/\n_______________________________\n\n\ud83d\udcda Refer\u00eancias\n\n\u25ba BATCHELOR, Christine L.; CHRISTIE, Frazer D. W.; OTTESEN, Dag; MONTELLI, Aleksandr; EVANS, Jeffrey; DOWDESWELL, Evelyn K.; BJARNAD\u00d3TTIR, Lilja R.; DOWDESWELL, Julian A. Rapid, buoyancy-driven ice-sheet retreat of hundreds of metres per day. Nature, v. 617, n. 7959, p. 105\u2013110, 5 de abril de 2023. DOI: 10.1038\/s41586-023-05876-1. PMID: 37020019. S2CID: 257983775.\n\u25ba ELLWANGER, J. H. et al. Synthesizing the connections between environmental disturbances and zoonotic spillover. An Acad Bras Cienc, v. 94, e20211530, 2022. DOI: 10.1590\/0001-3765202220211530.\n\u25ba IMBIE team. Mass balance of the Antarctic Ice Sheet from 1992 to 2017. Nature 558, 2018. Dispon\u00edvel em: https:\/\/doi.org\/10.1038\/s41586-018-0179-y.\n\u25ba IPCC. Climate Change 2023: Synthesis Report. Summary for Policymakers. Su\u00edca: IPCC. Dispon\u00edvel em: https:\/\/www.ipcc.ch\/report\/ar6\/syr\/.\n\u25ba IPCC. Climate Change and Land: An IPCC Special Report on climate change, desertification, land degradation, sustainable land management, food security, and greenhouse gas fluxes in terrestrial ecosystems. Su\u00ed\u00e7a: IPCC, 2022. Dispon\u00edvel em: https:\/\/www.ipcc.ch\/srccl\/.\n\u25ba IPCC. Mudan\u00e7a do Clima 2021: a base cient\u00edfica. Sum\u00e1rio para formuladores de pol\u00edticas.\n\u25ba KAPLAN, Sarah. Crucial Antarctic ice shelf could fail within five years, scientists say. The Washington Post, Washington DC, 13 de dezembro de 2021. Dispon\u00edvel em: https:\/\/www.washingtonpost.com\/climate-environment\/2021\/12\/13\/thwaites-glacier-melt-antarctica\/. Acesso em: 14 de dezembro de 2021.\n\u25ba KOVEN, C. D. et al. Uma abordagem simplificada e com restri\u00e7\u00e3o de dados para estimar o feedback carbono-clima do permafrost. Philosophical Transactions of the Royal Society A: Mathematical, Physical and Engineering Sciences, v. 373, p. 20140423, 2015. Dispon\u00edvel em: https:\/\/royalsocietypublishing.org\/doi\/full\/10.1098\/rsta.2014.0423\\.\n\u25ba LOVEJOY, T. E.; NOBRE, C. \"Amazon Tipping Point\" (Editorial). Science Advances, vol. 4, n. 2, 21 de fevereiro de 2018. Dispon\u00edvel em: https:\/\/www.science.org\/doi\/10.1126\/sciadv.aat2340\\.\n\u25ba LEMIEUX, Audr\u00e9e et. al. Viral spillover risk increases with climatechange in High Arctic lake sediments.  The Royal Society Society Publishing, 289, 2022. Dispon\u00edvel em: https:\/\/royalsocietypublishing.org\/doi\/10.1098\/rspb.2022.1073. Acesso em: 28 jun. 2023.\n\u25ba MARCOLETA, Andr\u00e9s E et al. The highly diverse Antarctic Peninsula soil microbiota as a source of novel resistance genes. Science of The Total Environment, Vo 810, 2022. Dispon\u00edvel em: https:\/\/doi.org\/10.1016\/j.scitotenv.2021.152003. Acesso em: 28 jun. 2023.\n\u25ba MOUGINOT, J\u00e9r\u00e9mie et al. Forty-six years of Greenland Ice Sheet mass balance from 1972 to 2018. PNAS, 07 mai, 2019, vol. 116, n. 19. Dispon\u00edvel em: https:\/\/www.pnas.org\/doi\/10.1073\/pnas.1904242116. Acesso em: 28 jun. 2023.\n\u25ba ORR, J. C. et al. (2009). Research Priorities for Ocean Acidification. Dispon\u00edvel em: www.ocean-acidification.net. Resumo dispon\u00edvel em: http:\/\/www3.inpe.br\/igbp\/arquivos\/acidificacao_oceanica_revisao_Final_Jan_2011_lo_res.pdf.","original_language":"pt-BR","publication_date":"2024-04-22","duration":0,"url":"https:\/\/www.youtube.com\/watch?v=CwnNUlSq3SY","thumbnail":"thumbnails\/CwnNUlSq3SY.jpg"},{"video_id":"OVs7WA_IwbA","channel_id":"UCWBk05FplU93JomQ345w24Q","title":"Quem s\u00e3o os aliados dos palestinos?","description":"Salve camaradas! \nO v\u00eddeo \"Quem s\u00e3o os aliados do Povo Palestino\"?  faz uma abordagem das fragilidades do Ex\u00e9rcito de Israel, o 4\u00b0 mais poderoso do mundo, justamente por ser um Ex\u00e9rcito de ocupa\u00e7\u00e3o de um Estado Colonial.\n Dois fatos demostraram isso: 1- Os ataques do Hamas do dia 07 de Outubro e o ataque teatral do Ir\u00e3 contra Israel que resultou no \u00eaxodo de de milhares de Judeus em dire\u00e7\u00e3o a Europa e Estados Unidos.\n\n Contudo, a ditadura iraniana mostra que n\u00e3o quer se enfrentar com Israel para frear o genoc\u00eddio palestino. Do mesmo modo, Lula, que acertou ao chamar Israel de genocida, n\u00e3o move uma palha, de fato, para ajudar a frear esse genoc\u00eddio.\n\nPs: ap\u00f3s a grava\u00e7\u00e3o deste v\u00eddeo recebemos a not\u00edcia de que o chefe dos servi\u00e7os secretos militares de Israel, Aharon Haliva, foi demito em raz\u00e3o de ter assumido a falha pelos ataques do Hamas no dia 07 de Outubro de 2023. Isso s\u00f3 refor\u00e7a o conte\u00fado deste v\u00eddeo. \nPor\u00e9m, n\u00e3o se trata s\u00f3 de falhas, mas do car\u00e1ter do ex\u00e9rcito de Israel, que \u00e9 de um ex\u00e9rcito de Ocupa\u00e7\u00e3o.\n\nPara aprofundar o conhecimento sobre o assunto indicamos a leitura da 26\u00b0 edi\u00e7\u00e3o da Revista Correio Internacional- Liga Internacional dos Trabalhadores. Segue link pra baixar gratuitamente. https:\/\/litci.org\/pt\/correio-internacional-palestina\/\nSegue tamb\u00e9m o link do v\u00eddeo sobre invas\u00e3o militar no Haiti indicada no v\u00eddeo: https:\/\/www.youtube.com\/watch?v=gT25QT76e6c&t=75s\n\n#palestinalivre #palestinewillbefree \n_______________________________\n\nSIGA-ME NAS REDES SOCIAIS\n\nInstagram: https:\/\/www.instagram.com\/hertzdias\/\nFace book: https:\/\/www.facebook.com\/HertzCDias\n_______________________________\n\nNo CANAL DO HERTZ  \u2014 RA\u00c7A, CLASSE & REVOLU\u00c7\u00c3O, vamos debater temas ligados a quest\u00e3o racial, combinado ao de classe, numa perspectiva marxista.","original_language":"pt-BR","publication_date":"2024-04-22","duration":0,"url":"https:\/\/www.youtube.com\/watch?v=OVs7WA_IwbA","thumbnail":"thumbnails\/OVs7WA_IwbA.jpg"},{"video_id":"WLWFimZLHZ8","channel_id":"UCWBk05FplU93JomQ345w24Q","title":"Mical Damasceno: inimiga dos oprimidos da classe trabalhadora","description":"_______________________________\n\nSIGA-ME NAS REDES SOCIAIS\n\nInstagram: https:\/\/www.instagram.com\/hertzdias\/\nFacebook: https:\/\/www.facebook.com\/HertzCDias\n_______________________________\n\nNo CANAL DO HERTZ  \u2014 RA\u00c7A, CLASSE & REVOLU\u00c7\u00c3O, vamos debater temas ligados a quest\u00e3o racial, combinado ao de classe, numa perspectiva marxista.","original_language":"pt-BR","publication_date":"2024-04-19","duration":0,"url":"https:\/\/www.youtube.com\/watch?v=WLWFimZLHZ8","thumbnail":"thumbnails\/WLWFimZLHZ8.jpg"},{"video_id":"qRsTMaoHWaY","channel_id":"UCSr8BqxDw8sHHfGe3InUl5A","title":"Lenin: Pol\u00eamicas sobre o livro \"Que Fazer?\" - Parte 02","description":"Baixe o e-book do epis\u00f3dio em portugu\u00eas:\nhttps:\/\/drive.google.com\/drive\/folders\/1wg0PYMynnj_a2p72GTIkFD-6uZkAWo_x?usp=drive_link\n\nBaixe o e-book do epis\u00f3dio em espanhol:\nhttps:\/\/drive.google.com\/drive\/folders\/1HPVS-_OceQlXvDdFYOtk8GiubXS_udyY?usp=sharing\n\nEntre no nosso Grupo do Whatsapp:\nhttps:\/\/chat.whatsapp.com\/F11x83gwU0X66Jx7PzRcLq","original_language":"unknown","publication_date":"2024-04-14","duration":0,"url":"https:\/\/www.youtube.com\/watch?v=qRsTMaoHWaY","thumbnail":"thumbnails\/qRsTMaoHWaY.jpg"},{"video_id":"oIujF9wuSRM","channel_id":"UCrZTf38EMgrRaNCchAooipw","title":"Descubra a VERDADE sobre a LUTA PALESTINA e os setores oprimidos","description":"\u00c9 MENTIRA QUE ISRAEL \u00c9 O PARAISO DOS SETORES OPRIMIDOS\n\nComo podem ser contra Israel, um pa\u00eds LGBT friendly? As mulheres palestinas s\u00e3o extremamente oprimidas pelo islamismo! Voc\u00eas defendem a palestina, v\u00e3o falar dos setores oprimidos para o HAMAS?\nEssas frases s\u00e3o normalmente usadas para questionar os setores oprimidos que defendem a causa palestina. Mas em que ideias elas est\u00e3o baseadas? Faz sentido lutar contra o machismo e contra os ataques no territ\u00f3rio palestino? \n\nEu sou Marcela Azevedo e hoje vou falar sobre a realidade das mulheres palestinas e a luta que elas travam pela liberta\u00e7\u00e3o nacional, vem acompanhar mais um v\u00eddeo no nosso canal!\n\nPara saber mais deixamos alguns links sobre a pauta: \n\n- Resist\u00eancia da mulher palestina: um feminismo anticolonial?, por (jornalggn.com.br)\n\n- Devemos nos inspirar na resist\u00eancia da mulher palestina \u2013 Mundo \u2013 CartaCapital\n\n- Artigo: Em todos os campos, a luta das mulheres palestinas (icarabe.org)\n\n- N\u00e3o existem port\u00f5es rosas ou lilases nos muros do apartheid israelense - Liga Internacional dos Trabalhadores (litci.org)\n\n- Livro: A limpeza \u00e9tnica da Palestina - Illan Pape\n\n- Livro: A hist\u00f3ria oculta do sionismo - \n\nEquipe de apoio: o canal conta com uma equipe de mulheres maravilhosas e talentosas que s\u00e3o respons\u00e1veis pelos roteiros, filmagem, edi\u00e7\u00e3o e publica\u00e7\u00e3o do conte\u00fado do canal, s\u00e3o elas: Ana Clara, Erika, Renata, Sol (e Marcela )","original_language":"pt","publication_date":"2024-04-10","duration":0,"url":"https:\/\/www.youtube.com\/watch?v=oIujF9wuSRM","thumbnail":"thumbnails\/oIujF9wuSRM.jpg"},{"video_id":"NTSVNoGja1A","channel_id":"UCSr8BqxDw8sHHfGe3InUl5A","title":"Lenin: Sobre o livro \"Que Fazer?\" - Parte 01","description":"Bom minha gente, estamos entrando no epis\u00f3dio 7 da saga da vida e da obra do L\u00eanin. Esse epis\u00f3dio vai tratar exclusivamente do livro Que Fazer? uma obra muito importante, que gerou muita confus\u00e3o, muita briga, muita pol\u00eamica. \n\nBaixe o e-book do epis\u00f3dio em portugu\u00eas:\nhttps:\/\/drive.google.com\/drive\/folders\/1wg0PYMynnj_a2p72GTIkFD-6uZkAWo_x?usp=drive_link\n\nBaixe o e-book do epis\u00f3dio em espanhol:\nhttps:\/\/drive.google.com\/drive\/folders\/1HPVS-_OceQlXvDdFYOtk8GiubXS_udyY?usp=sharing\n\nEntre no nosso Grupo do Whatsapp:\nhttps:\/\/chat.whatsapp.com\/F11x83gwU0X66Jx7PzRcLq","original_language":"unknown","publication_date":"2024-04-08","duration":0,"url":"https:\/\/www.youtube.com\/watch?v=NTSVNoGja1A","thumbnail":"thumbnails\/NTSVNoGja1A.jpg"},{"video_id":"HPXozd6lJYI","channel_id":"UCRLEkZpNRoZQBG8kUTBD8vQ","title":"Vem a\u00ed MARX E A FILOSOFIA | A obra mais completa sobre O Capital EP #203","description":"Lan\u00e7amento do v\u00eddeo do Manifesto.\n\n\ud83d\uddd3\ufe0f 6 de Abril | S\u00e1bado\n\ud83d\udd57 14:00\n\nLink da p\u00e1gina de lan\u00e7amento\nhttps:\/\/www.pstu.org.br\/manifestocomunista\n\nLink do lan\u00e7amento\nhttps:\/\/www.youtube.com\/watch?v=nkBLTZQQtxQ&ab_channel=PSTU\n\nTrailers no Instagram\n[1] https:\/\/www.instagram.com\/reel\/C22LCjKrhok\/\n[2] https:\/\/www.instagram.com\/reel\/C3fo5OHrG_0\/\n\nTrailers no YouTube\n[1] https:\/\/youtu.be\/HQ0tl5UmaGE\n[2] https:\/\/youtu.be\/oeF0A31yq_Q\n_____________________________________________________________________________\nSEJA MEMBRO e apoie o canal. Bot\u00e3o ADERIR acima ou: \nhttps:\/\/www.youtube.com\/channel\/UCRLEkZpNRoZQBG8kUTBD8vQ\/join\n\nV\u00eddeo sobre ser membro do canal:\nhttps:\/\/www.youtube.com\/watch?v=drvou-obBVU\n_____________________________________________________________________________\nSiga as p\u00e1ginas do canal Orienta\u00e7\u00e3o Marxista nas Redes Sociais\n\nFACEBOOK:    https:\/\/www.facebook.com\/Orienta\u00e7\u00e3o-Marxista-111673690190915\nTWITTER:       https:\/\/twitter.com\/orient_marxista\nINSTAGRAM: https:\/\/www.instagram.com\/orient.marxista\n_____________________________________________________________________________\nLeia o blog Teoria e Revolu\u00e7\u00e3o:\nhttps:\/\/teoriaerevolucao.pstu.org.br\n_____________________________________________________________________________\nO livro do autor desse canal (Marx e a Hist\u00f3ria: das particularidades nacionais \u00e0 universalidade da revolu\u00e7\u00e3o socialista )  pode ser adquirido nos seguintes endere\u00e7os:\nhttps:\/\/editorasundermann.com.br\/livro\/96-marx-e-a-hist%C3%B3ria\nhttps:\/\/www.estantevirtual.com.br\/busca?utf8=%E2%9C%93&q=gustavo+machado+marx\n\n#MarxEAFilosofia #Capital #Marx","original_language":"pt-BR","publication_date":"2024-04-05","duration":0,"url":"https:\/\/www.youtube.com\/watch?v=HPXozd6lJYI","thumbnail":"thumbnails\/HPXozd6lJYI.jpg"},{"video_id":"yW1aQQKizlg","channel_id":"UCrZTf38EMgrRaNCchAooipw","title":"O dia da MULHER SURGIU na REVOLU\u00c7\u00c3O RUSSA?","description":"","original_language":"unknown","publication_date":"2024-04-05","duration":0,"url":"https:\/\/www.youtube.com\/watch?v=yW1aQQKizlg","thumbnail":"thumbnails\/yW1aQQKizlg.jpg"},{"video_id":"qHbcQECQr4o","channel_id":"UCrZTf38EMgrRaNCchAooipw","title":"POR QUE precisamos de um DIA DA MULHER?","description":"Qual a necessidade de um dia de luta das mulheres?\n\nSempre ouvimos o questionamento porque existe um dia para as mulheres e n\u00e3o tem para os homens? Pior que isso \u00e9 o car\u00e1ter mercadol\u00f3gico que \u00e9 dado a data do 08 de mar\u00e7o, apoiado na reprodu\u00e7\u00e3o de estere\u00f3tipos que refor\u00e7am o machismo e a imagem de mulheres como seres f\u00fateis ou interesseiros \n\nNo m\u00eas que marca a luta das mulheres por igualdade de direitos, vamos tratar, nesse v\u00eddeo, sobre a origem e a import\u00e2ncia do 08 de Mar\u00e7o, bem como fazer um chamado para que o conjunto da classe trabalhadora, em especial \u00e0s mulheres, resgatem seus verdadeiros objetivos\n\nEquipe de apoio: o canal conta com uma equipe de mulheres maravilhosas e talentosas que s\u00e3o respons\u00e1veis pelos roteiros, filmagem, edi\u00e7\u00e3o e publica\u00e7\u00e3o do conte\u00fado do canal, s\u00e3o elas: Ana Clara, Erika, Renata, Sol (e Marcela )","original_language":"pt-BR","publication_date":"2024-03-26","duration":0,"url":"https:\/\/www.youtube.com\/watch?v=qHbcQECQr4o","thumbnail":"thumbnails\/qHbcQECQr4o.jpg"},{"video_id":"HOUrMO0b-UI","channel_id":"UCrZTf38EMgrRaNCchAooipw","title":"Afinal, VALE A PENA falar de MACHISMO?","description":"Nesse primeiro v\u00eddeo partimos do que ser\u00e1 o objetivo do canal que \u00e9 tratar do tema do machismo e a realidade das mulheres na sociedade capitalista, a partir de um recorte classista e uma concep\u00e7\u00e3o marxista. Apresentamos quem ser\u00e1 nossa facilitadora nesse espa\u00e7o, contando um pouco da vida, trajet\u00f3ria e ativismo de Marcela Azevedo e conclu\u00edmos introduzindo o conceito de machismo e explicando a rela\u00e7\u00e3o da origem da opress\u00e3o das mulheres com o surgimento da propriedade privada\n\nSobre essa parte te\u00f3rico\/hist\u00f3rica deixamos como refer\u00eancia os livros: \n\"A origem da fam\u00edlia, da propriedade privada e do Estado\" de Frederic Engels e \n\"Sexo contra sexo ou classe contra classe\" de Evelin Reed \n\nEquipe de apoio: o canal conta com uma equipe de mulheres maravilhosas e talentosas que s\u00e3o respons\u00e1veis pelos roteiros, filmagem, edi\u00e7\u00e3o e publica\u00e7\u00e3o do conte\u00fado do canal, s\u00e3o elas: Ana Clara, Erika, Renata, Sol (e Marcela )","original_language":"unknown","publication_date":"2024-03-12","duration":0,"url":"https:\/\/www.youtube.com\/watch?v=HOUrMO0b-UI","thumbnail":"thumbnails\/HOUrMO0b-UI.jpg"},{"video_id":"TJBMmPxXd2w","channel_id":"UCSr8BqxDw8sHHfGe3InUl5A","title":"Lenin: as mulheres revolucion\u00e1rias","description":"este \u00e9 o epis\u00f3dio n\u00famero seis e \u00e9 um daqueles que promete ser imperd\u00edvel. Hoje, vamos mergulhar no car\u00e1ter da covarde burguesia russa e conhecer as valentes mulheres revolucion\u00e1rias da R\u00fassia. Este epis\u00f3dio \u00e9 dedicado a esses dois temas e \u00e0s obras escritas por L\u00eanin entre maio e dezembro de 1901, quando ele fez sua primeira emigra\u00e7\u00e3o, partindo rumo \u00e0 Europa.\n\nPreparem-se para uma viagem pela hist\u00f3ria e por uma an\u00e1lise profunda desses aspectos fundamentais para entendermos o contexto da Revolu\u00e7\u00e3o Russa. N\u00e3o deixem de conferir!\n\nBaixe o e-book do epis\u00f3dio em portugu\u00eas:\nhttps:\/\/drive.google.com\/drive\/folders\/1wg0PYMynnj_a2p72GTIkFD-6uZkAWo_x?usp=drive_link\n\nBaixe o e-book do epis\u00f3dio em espanhol:\nhttps:\/\/drive.google.com\/drive\/folders\/1HPVS-_OceQlXvDdFYOtk8GiubXS_udyY?usp=sharing\n\nEntre no nosso Grupo do Whatsapp:\nhttps:\/\/chat.whatsapp.com\/F11x83gwU0X66Jx7PzRcLq","original_language":"unknown","publication_date":"2024-03-06","duration":0,"url":"https:\/\/www.youtube.com\/watch?v=TJBMmPxXd2w","thumbnail":"thumbnails\/TJBMmPxXd2w.jpg"},{"video_id":"qWJ9O0rj9b0","channel_id":"UCSr8BqxDw8sHHfGe3InUl5A","title":"Lenin: Fim do ex\u00edlio, o jornal do partido e o choque entre gera\u00e7\u00f5es","description":"Hoje apresentamos o epis\u00f3dio cinco. \u00c9 o momento em que L\u00eanin finalmente se casa com Kr\u00fapskaia, sai do desterro na Sib\u00e9ria e parte para a Europa, onde editar\u00e1 o jornal Iskra. Este tamb\u00e9m \u00e9 o epis\u00f3dio em que ele inicia um combate, uma luta contra os desvios do marxismo que come\u00e7aram a aparecer nesse per\u00edodo. Al\u00e9m disso, discutiremos o choque que ele teve com seu mestre, Plekh\u00e1nov.\n\nBaixe o e-book do epis\u00f3dio em portugu\u00eas:\nhttps:\/\/drive.google.com\/drive\/folders\/1wg0PYMynnj_a2p72GTIkFD-6uZkAWo_x?usp=drive_link\n\nBaixe o e-book do epis\u00f3dio em espanhol:\nhttps:\/\/drive.google.com\/drive\/folders\/1HPVS-_OceQlXvDdFYOtk8GiubXS_udyY?usp=sharing\n\nEntre no nosso Grupo do Whatsapp:\nhttps:\/\/chat.whatsapp.com\/F11x83gwU0X66Jx7PzRcLq","original_language":"unknown","publication_date":"2024-02-26","duration":0,"url":"https:\/\/www.youtube.com\/watch?v=qWJ9O0rj9b0","thumbnail":"thumbnails\/qWJ9O0rj9b0.jpg"},{"video_id":"HjukOjYnfok","channel_id":"UCSr8BqxDw8sHHfGe3InUl5A","title":"Lenin: embate com os populistas, a sociedade russa e as bases do programa do partido - PART 2","description":"Este \u00e9 o epis\u00f3dio n\u00famero quatro (parte 2).  \u00c9 o epis\u00f3dio onde L\u00eanin deu um xeque mate nos populistas. Ele dissecou a sociedade russa e, ao mesmo tempo, construiu as bases do programa do partido.\n\nBaixe o e-book do epis\u00f3dio em portugu\u00eas:\nhttps:\/\/drive.google.com\/drive\/folders\/1wg0PYMynnj_a2p72GTIkFD-6uZkAWo_x?usp=drive_link\n\nBaixe o e-book do epis\u00f3dio em espanhol:\nhttps:\/\/drive.google.com\/drive\/folders\/1HPVS-_OceQlXvDdFYOtk8GiubXS_udyY?usp=sharing\n\nEntre no nosso Grupo do Whatsapp:\nhttps:\/\/chat.whatsapp.com\/F11x83gwU0X66Jx7PzRcLq","original_language":"unknown","publication_date":"2024-02-19","duration":0,"url":"https:\/\/www.youtube.com\/watch?v=HjukOjYnfok","thumbnail":"thumbnails\/HjukOjYnfok.jpg"},{"video_id":"Oa2x53Sx8pE","channel_id":"UCSr8BqxDw8sHHfGe3InUl5A","title":"Lenin: embate com os populistas, a sociedade russa e as bases do programa do partido - PART 1","description":"Este \u00e9 o epis\u00f3dio n\u00famero quatro (part 1).  \u00c9 o epis\u00f3dio onde L\u00eanin deu um xeque mate nos populistas. Ele dissecou a sociedade russa e, ao mesmo tempo, construiu as bases do programa do partido.\n\nBaixe o e-book do epis\u00f3dio em portugu\u00eas:\nhttps:\/\/drive.google.com\/drive\/folders\/1wg0PYMynnj_a2p72GTIkFD-6uZkAWo_x?usp=drive_link\n\nBaixe o e-book do epis\u00f3dio em espanhol:\nhttps:\/\/drive.google.com\/drive\/folders\/1HPVS-_OceQlXvDdFYOtk8GiubXS_udyY?usp=sharing\n\nEntre no nosso Grupo do Whatsapp:\nhttps:\/\/chat.whatsapp.com\/F11x83gwU0X66Jx7PzRcLq","original_language":"unknown","publication_date":"2024-02-11","duration":0,"url":"https:\/\/www.youtube.com\/watch?v=Oa2x53Sx8pE","thumbnail":"thumbnails\/Oa2x53Sx8pE.jpg"},{"video_id":"9-5DwiM0bIs","channel_id":"UCSr8BqxDw8sHHfGe3InUl5A","title":"Lenin: O Dirigente e a Constru\u00e7\u00e3o do Partido Revolucion\u00e1rio","description":"Neste epis\u00f3dio, abordaremos o per\u00edodo em que Lenin se tornou dirigente do partido, se vinculou ao movimento oper\u00e1rio, participou das lutas e greves dos trabalhadores. Este \u00e9 tamb\u00e9m o momento em que ele come\u00e7ou a construir um partido com caracter\u00edsticas pr\u00f3prias, durante as grandes greves na R\u00fassia, particularmente as greves oper\u00e1rias, que criaram uma situa\u00e7\u00e3o pr\u00e9-revolucion\u00e1ria, resultante do conflito entre as classes.\n\nAo longo deste epis\u00f3dio, exploraremos uma faceta diferente de Lenin em compara\u00e7\u00e3o com os epis\u00f3dios anteriores, destacando o Lenin dirigente partid\u00e1rio. At\u00e9 agora, o vimos como polemista diante dos grandes intelectuais da R\u00fassia naquela \u00e9poca e como estudioso nos primeiros epis\u00f3dios. Este epis\u00f3dio nos permitir\u00e1 compreender melhor o papel crucial que Lenin desempenhou na lideran\u00e7a do partido e seu envolvimento direto nas quest\u00f5es do movimento oper\u00e1rio, greves e na constru\u00e7\u00e3o de um partido revolucion\u00e1rio.\n\nBaixe o e-book do epis\u00f3dio em portugu\u00eas:\nhttps:\/\/drive.google.com\/drive\/folders\/1wg0PYMynnj_a2p72GTIkFD-6uZkAWo_x?usp=drive_link\n\nBaixe o e-book do epis\u00f3dio em espanhol:\nhttps:\/\/drive.google.com\/drive\/folders\/1HPVS-_OceQlXvDdFYOtk8GiubXS_udyY?usp=sharing\n\nEntre no nosso Grupo do Whatsapp:\nhttps:\/\/chat.whatsapp.com\/F11x83gwU0X66Jx7PzRcLq","original_language":"unknown","publication_date":"2024-02-04","duration":0,"url":"https:\/\/www.youtube.com\/watch?v=9-5DwiM0bIs","thumbnail":"thumbnails\/9-5DwiM0bIs.jpg"},{"video_id":"Pui0lXlkho0","channel_id":"UC4SGEFLhodm2qLwytaznGbQ","title":"A\u00e7\u00e3o da \u00c1frica do Sul e fim de recursos \u00e0 UNRWA #3","description":"Neste v\u00eddeo, discutimos a recente decis\u00e3o da Corte Internacional de Justi\u00e7a, que considerou v\u00e1lida a a\u00e7\u00e3o apresentada pela \u00c1frica do Sul contra Israel, acusando o Estado de genoc\u00eddio. A corte estabeleceu medidas provis\u00f3rias, exigindo que Israel prevenisse atos de genoc\u00eddio e garantisse acesso \u00e0 ajuda humanit\u00e1ria em Gaza. Apesar da aus\u00eancia do cessar-fogo imediato, a decis\u00e3o marca uma derrota pol\u00edtica para Israel, associando-o pela primeira vez ao termo genoc\u00eddio. O BDS considera isso uma vit\u00f3ria e apela \u00e0 press\u00e3o global para responsabilizar estados por sua cumplicidade hist\u00f3rica. Al\u00e9m disso, abordamos a suspens\u00e3o de financiamento \u00e0 ag\u00eancia de refugiados palestinos pela UNRWA, liderada pelos EUA. Junte-se a n\u00f3s na exig\u00eancia de mudan\u00e7as nas pol\u00edticas governamentais e na solidariedade internacional pela justi\u00e7a na Palestina.","original_language":"pt-BR","publication_date":"2024-01-30","duration":0,"url":"https:\/\/www.youtube.com\/watch?v=Pui0lXlkho0","thumbnail":"thumbnails\/Pui0lXlkho0.jpg"},{"video_id":"meqZ7Jq8mco","channel_id":"UCSr8BqxDw8sHHfGe3InUl5A","title":"Lenin: milit\u00e2ncia revolucion\u00e1ria, primeiros livros escritos e Krupskaia o grande amor da sua vida","description":"Neste epis\u00f3dio, exploraremos o in\u00edcio da milit\u00e2ncia revolucion\u00e1ria de Lenin, seus primeiros escritos em defesa do marxismo e o momento crucial quando conheceu Nadejda Konstantinova Krupskaia, que se tornaria sua companheira de toda a vida.\n\nBaixe o e-book do epis\u00f3dio em portugu\u00eas:\nhttps:\/\/drive.google.com\/drive\/folders\/1wg0PYMynnj_a2p72GTIkFD-6uZkAWo_x?usp=drive_link\n\nBaixe o e-book do epis\u00f3dio em espanhol:\nhttps:\/\/drive.google.com\/drive\/folders\/1HPVS-_OceQlXvDdFYOtk8GiubXS_udyY?usp=sharing\n\nEntre no nosso Grupo do Whatsapp:\nhttps:\/\/chat.whatsapp.com\/F11x83gwU0X66Jx7PzRcLq","original_language":"unknown","publication_date":"2024-01-28","duration":0,"url":"https:\/\/www.youtube.com\/watch?v=meqZ7Jq8mco","thumbnail":"thumbnails\/meqZ7Jq8mco.jpg"},{"video_id":"So3EvfUrH1k","channel_id":"UC4SGEFLhodm2qLwytaznGbQ","title":"A resist\u00eancia palestina segue viva! #2","description":"Neste v\u00eddeo, abordamos a tr\u00e1gica realidade do genoc\u00eddio e da limpeza \u00e9tnica em curso na Palestina, uma nova fase da Nakba. Com mais de 100 dias de atrocidades em Gaza e na Cisjord\u00e2nia, Israel \u00e9 respons\u00e1vel por milhares de mortes, incluindo crian\u00e7as e mulheres, al\u00e9m de in\u00fameras atrocidades como a destrui\u00e7\u00e3o de hospitais e deslocamento for\u00e7ado de milhares de palestinos. Enquanto a comunidade internacional se cala, \u00e9 essencial fortalecer a solidariedade global, pressionar por condena\u00e7\u00f5es internacionais e apoiar a campanha de BDS contra o apartheid israelense. Este \u00e9 um chamado \u00e0 a\u00e7\u00e3o para exigir um cessar-fogo imediato, o fim do genoc\u00eddio e a derrota do projeto colonial sionista, em busca de uma Palestina livre.","original_language":"pt-BR","publication_date":"2024-01-22","duration":0,"url":"https:\/\/www.youtube.com\/watch?v=So3EvfUrH1k","thumbnail":"thumbnails\/So3EvfUrH1k.jpg"},{"video_id":"Bgol06zf1ss","channel_id":"UCSr8BqxDw8sHHfGe3InUl5A","title":"Lenin: a fam\u00edlia, a inf\u00e2ncia e a juventude | Os primeiros passos do revolucion\u00e1rio Lenin.","description":"Estamos iniciando o primeiro epis\u00f3dio da vida e da obra do L\u00eanin. \u00c9 o epis\u00f3dio onde n\u00f3s vamos falar da inf\u00e2ncia, da fam\u00edlia, da juventude, do lugar onde nasceu e tamb\u00e9m do papel de L\u00eanin para a humanidade.\n\nBaixe o e-book do epis\u00f3dio em portugu\u00eas:\nhttps:\/\/drive.google.com\/drive\/folders\/1wg0PYMynnj_a2p72GTIkFD-6uZkAWo_x?usp=drive_link\n\nBaixe o e-book do epis\u00f3dio em espanhol:\nhttps:\/\/drive.google.com\/drive\/folders\/1HPVS-_OceQlXvDdFYOtk8GiubXS_udyY?usp=sharing\n\nEntre no nosso Grupo do Whatsapp:\nhttps:\/\/chat.whatsapp.com\/F11x83gwU0X66Jx7PzRcLq","original_language":"unknown","publication_date":"2024-01-21","duration":0,"url":"https:\/\/www.youtube.com\/watch?v=Bgol06zf1ss","thumbnail":"thumbnails\/Bgol06zf1ss.jpg"},{"video_id":"bkQl3soPQXE","channel_id":"UCSr8BqxDw8sHHfGe3InUl5A","title":"Leninismo e comunismo - Canal do Youtube","description":"Descubra o Legado de Lenin - Canal de Youtube Exclusivo! \ud83c\udf1f\n\n\ud83d\uddd3\ufe0f No dia 21 de janeiro de 2024, far\u00e1 100 anos da partida de Vladimir Ilyich Ulianov, mais conhecido como Lenin, o grande revolucion\u00e1rio russo. E para celebrar essa hist\u00f3ria incr\u00edvel, nasce o canal de Youtube \"Leninismo e Comunismo\"!\n\nEm parceria com a Liga Internacional dos Trabalhadores (LIT), o Partido Socialista dos Trabalhadores Unificados (PSTU) e a POTI Comunica\u00e7\u00e3o, preparamos uma jornada emocionante e esclarecedora sobre a vida e obra deste \u00edcone revolucion\u00e1rio.\n\n\ud83d\udcfd\ufe0f Em nove temporadas \u00e9picas, uma a cada m\u00eas, levaremos voc\u00ea por uma viagem \u00fanica atrav\u00e9s de v\u00eddeos que contam a fascinante hist\u00f3ria de Lenin. Mas isso n\u00e3o \u00e9 tudo! \ud83d\udcda Al\u00e9m dos v\u00eddeos cativantes, iremos disponibilizar um incr\u00edvel Ebook GRATUITO. O PDF resumem cada epis\u00f3dio, permitindo que voc\u00ea absorva toda a riqueza do conhecimento, mesmo nos dias mais corridos.\n\n\ud83d\ude80 N\u00e3o perca a oportunidade de se conectar com o legado de Lenin e entender como suas ideias continuam a ecoar no mundo de hoje. Junte-se a n\u00f3s no lan\u00e7amento do canal \"Leninismo e Comunismo\" e fa\u00e7a parte dessa celebra\u00e7\u00e3o hist\u00f3rica!\n\n\ud83d\udd17 Inscreva-se agora e fa\u00e7a hist\u00f3ria conosco!\nCanal: Leninismo e Comunismo\nLan\u00e7amento: 21\/01\/2024","original_language":"unknown","publication_date":"2024-01-19","duration":0,"url":"https:\/\/www.youtube.com\/watch?v=bkQl3soPQXE","thumbnail":"thumbnails\/bkQl3soPQXE.jpg"},{"video_id":"zFFb0Etx8gY","channel_id":"UC4SGEFLhodm2qLwytaznGbQ","title":"N\u00e3o \u00e9 uma guerra entre Israel e Hamas, \u00e9 um genoc\u00eddio contra os palestinos em Gaza! #1","description":"Ol\u00e1, pessoal! Eu sou Soraya Misleh, palestino-brasileira, e estamos inaugurando este canal para trazer not\u00edcias sobre a Palestina diretamente para voc\u00eas.\n\nNo v\u00eddeo de hoje, abordamos a situa\u00e7\u00e3o cr\u00edtica em Gaza, onde 2,4 milh\u00f5es de palestinos enfrentam um genoc\u00eddio em curso, privados de \u00e1gua, energia el\u00e9trica, combust\u00edvel e comunica\u00e7\u00e3o. Al\u00e9m disso, falamos sobre a cont\u00ednua Nakba, a cat\u00e1strofe palestina, que come\u00e7ou h\u00e1 mais de 75 anos com a forma\u00e7\u00e3o do estado racista de Israel em 1948.\n\nDestacamos a urg\u00eancia de parar imediatamente esse genoc\u00eddio e buscar uma solu\u00e7\u00e3o justa para o povo palestino. Ao longo do canal, explicaremos cada parte dessa hist\u00f3ria e traremos informa\u00e7\u00f5es diretamente da Palestina.\n\nNeste momento, \u00e9 crucial ampliar a solidariedade internacional ativa e efetiva. Pedimos a todos que se juntem \u00e0 campanha de boicote, desinvestimento e san\u00e7\u00f5es a Israel em diversas \u00e1reas, semelhante \u00e0 campanha bem-sucedida contra o apartheid na \u00c1frica do Sul.\n\n\u00c9 hora de dizer \"Basta!\" e buscar uma solu\u00e7\u00e3o justa e igualit\u00e1ria para todos. Vamos ocupar as ruas, denunciar a cumplicidade internacional e exigir que as lideran\u00e7as respons\u00e1veis por esses crimes contra a humanidade sejam julgadas em tribunais internacionais.\n\nFique por dentro das atualiza\u00e7\u00f5es e informa\u00e7\u00f5es diretamente da Palestina. Inscreva-se, ative as notifica\u00e7\u00f5es e junte-se a n\u00f3s nessa jornada por justi\u00e7a e paz.","original_language":"pt-BR","publication_date":"2023-12-31","duration":0,"url":"https:\/\/www.youtube.com\/watch?v=zFFb0Etx8gY","thumbnail":"thumbnails\/zFFb0Etx8gY.jpg"},{"video_id":"qXrjaDlFkmM","channel_id":"UCWBk05FplU93JomQ345w24Q","title":"CORTES TEM\u00c1TICOS | Cl\u00f3vis Moura e a revolu\u00e7\u00e3o brasileira (parte 2)","description":"Segunda parte da fala de Hertz Dias, pela Secretaria Nacional de Negras e Negros do PSTU, na mesa de encerramento do semin\u00e1rio \"20 anos sem Cl\u00f3vis Moura\", realizado nos dias 21, 22 e 23 de novembro de 2023, na Unicamp. \n\nHertz Dias integrou a mesa \"Cl\u00f3vis Moura e a revolu\u00e7\u00e3o brasileira\", que aconteceu no dia 23.\n\nNessa segunda parte, Hertz Dias pautou as pol\u00eamicas sobre a rela\u00e7\u00e3o dos governos de concilia\u00e7\u00e3o de classe e as organiza\u00e7\u00f5es negras que os apoiam com as pautas mais urgentes do proletariado negro ou \"Negro do Universo Plebeu\", como denominava Cl\u00f3vis Moura.\n\nNa composi\u00e7\u00e3o da mesma estiveram ainda Milton Barbosa, o Milt\u00e3o, e Regina L\u00facia, ambos do MNU (Movimento Negro Unificado); Matheus Gomes, da Resist\u00eancia\/PSOL; e Gerson de Sousa, do MST (Movimento dos Trabalhadores Sem-terra).\n\n_______________________________\nPRIMEIRA PARTE\n\n\u2014 Cl\u00f3vis Moura e a revolu\u00e7\u00e3o brasileira (parte 1): https:\/\/youtu.be\/4VB85pCfumg?si=B5IplhHlNwjdCUuv\n_______________________________\n\nSIGA-ME NAS REDES SOCIAIS\n\nInstagram: https:\/\/www.instagram.com\/hertzdias\/\nFacebook: https:\/\/www.facebook.com\/HertzCDias\n_______________________________\n\nNo CANAL DO HERTZ  \u2014 RA\u00c7A, CLASSE & REVOLU\u00c7\u00c3O, vamos debater temas ligados a quest\u00e3o racial, combinado ao de classe, numa perspectiva marxista.","original_language":"pt-BR","publication_date":"2023-11-30","duration":0,"url":"https:\/\/www.youtube.com\/watch?v=qXrjaDlFkmM","thumbnail":"thumbnails\/qXrjaDlFkmM.jpg"},{"video_id":"4VB85pCfumg","channel_id":"UCWBk05FplU93JomQ345w24Q","title":"CORTES TEM\u00c1TICOS |  Cl\u00f3vis Moura e a revolu\u00e7\u00e3o brasileira (parte 1)","description":"Corte da fala de Hertz Dias, pela Secretaria Nacional de Negras e Negros do PSTU, na mesa de encerramento do semin\u00e1rio \"20 anos sem Cl\u00f3vis Moura\", realizado nos dias 21, 22 e 23 de novembro de 2023, na Unicamp. \n\nHertz Dias integrou a mesa \"Cl\u00f3vis Moura e a revolu\u00e7\u00e3o brasileira\", que aconteceu no dia 23.\n\nNa composi\u00e7\u00e3o da mesma estiveram ainda Milton Barbosa, o Milt\u00e3o, e Regina L\u00facia, ambos do MNU (Movimento Negro Unificado); Matheus Gomes, da Resist\u00eancia\/PSOL; e Gerson de Sousa, do MST (Movimento dos Trabalhadores Sem-terra).\n\n_______________________________\n\nSIGA-ME NAS REDES SOCIAIS\n\nInstagram: https:\/\/www.instagram.com\/hertzdias\/\nFacebook: https:\/\/www.facebook.com\/HertzCDias\n_______________________________\n\nNo CANAL DO HERTZ  \u2014 RA\u00c7A, CLASSE & REVOLU\u00c7\u00c3O, vamos debater temas ligados a quest\u00e3o racial, combinado ao de classe, numa perspectiva marxista.","original_language":"pt-BR","publication_date":"2023-11-28","duration":0,"url":"https:\/\/www.youtube.com\/watch?v=4VB85pCfumg","thumbnail":"thumbnails\/4VB85pCfumg.jpg"},{"video_id":"-KtPo4VzfLw","channel_id":"UCpfZpmQ8hS3RbQ5GsXZw4KQ","title":"#25N2023 | \"Natalia Shubenko: Um grito contra a viol\u00eancia contra as mulheres em tempos de guerra.\"","description":"O Dia Internacional pela Elimina\u00e7\u00e3o da Viol\u00eancia contra a Mulher \u00e9 comemorado no dia 25 de novembro, em homenagem \u00e0s irm\u00e3s Mirabal, assassinadas neste dia em 1960, por ordem de Rafael Le\u00f3nidas Trujillo, ditador da Rep\u00fablica Dominicana. \n\nNeste 25N tamb\u00e9m sa\u00edmos \u00e0s ruas em apoio a todas aquelas mulheres que, na sua luta di\u00e1ria contra a opress\u00e3o e explora\u00e7\u00e3o que sofrem, enfrentam ditaduras sangrentas, ou fazem parte da resist\u00eancia nas lutas de liberta\u00e7\u00e3o nacional do seu povo. \n\n\u00c9 o caso das mulheres da resist\u00eancia oper\u00e1ria ucraniana; hero\u00ednas an\u00f4nimas que, nas trincheiras ou na retaguarda, enfrentam h\u00e1 21 meses a invas\u00e3o genocida de Putin e as medidas antioper\u00e1rias de Zelensky, que amea\u00e7am a vit\u00f3ria.\n\nAbaixo reproduzimos as palavras de Natalia Shubenko, membro do Sindicato Independente dos Mineiros da Ucr\u00e2nia em Krivoy Rog, que denuncia a aus\u00eancia de medidas suficientes para enfrentar a viol\u00eancia cotidiana que as mulheres ucranianas sofrem em meio ao conflito b\u00e9lico e deixa n\u00edtido que o triunfo da luta por uma Ucr\u00e2nia livre, independente e soberana ser\u00e1 obra da sua classe oper\u00e1ria ou n\u00e3o ser\u00e1","original_language":"pt","publication_date":"2023-11-25","duration":0,"url":"https:\/\/www.youtube.com\/watch?v=-KtPo4VzfLw","thumbnail":"thumbnails\/-KtPo4VzfLw.jpg"},{"video_id":"NOZMk76AGEc","channel_id":"UCpfZpmQ8hS3RbQ5GsXZw4KQ","title":"#25N2023 | Natalia Shubenko: Un grito contra la violencia hacia las mujeres en tiempos de guerra","description":"El  D\u00eda Internacional para la Eliminaci\u00f3n de la Violencia Contra la Mujer, se celebra el 25 de noviembre, en honor a las hermanas Mirabal, asesinadas tal d\u00eda como ese en 1960, por \u00f3rdenes de Rafael Le\u00f3nidas Trujillo, dictador de Rep\u00fablica Dominicana. Este 25N salimos a la calle tambi\u00e9n en apoyo a todas aquellas mujeres que en su lucha diaria contra la opresi\u00f3n y la explotaci\u00f3n que sufren, enfrentan dictaduras sangrientas como aquella, o son parte de la resistencia en las luchas de liberaci\u00f3n nacional de su pueblo. Es el caso de las mujeres de la resistencia obrera ucraniana; hero\u00ednas an\u00f3nimas que desde las trincheras o en la retaguardia, enfrentan desde hace 21 meses la invasi\u00f3n genocida de Put\u00edn y  las medidas antiobreras de Zelensky, que atentan contra la victoria. \n Reproducimos a continuaci\u00f3n las palabras de Natalia Shubenko miembro del Sindicato Independiente de Mineros de Ucrania en Krivoy Rog, que denuncia la ausencia de medidas suficientes para enfrentar la violencia cotidiana que las mujeres ucranianas sufren en medio del conflicto b\u00e9lico y deja claro que el triunfo de la lucha por una Ucrania libre, independiente y soberana ser\u00e1 obra de su clase obrera o no ser\u00e1.\n\nLea la declaraci\u00f3n de la LIT-CI: \nhttps:\/\/litci.org\/es\/lit-ci-por-un-25n-de-lucha-y-solidaridad-de-clase-e-internacionalista\/","original_language":"pt","publication_date":"2023-11-25","duration":0,"url":"https:\/\/www.youtube.com\/watch?v=NOZMk76AGEc","thumbnail":"thumbnails\/NOZMk76AGEc.jpg"},{"video_id":"ePBxcwoi54c","channel_id":"UCWBk05FplU93JomQ345w24Q","title":"Entenda como a Globo manipula a Opini\u00e3o p\u00fablica a favor de Israel","description":"Neste v\u00eddeo abordamos os padr\u00f5es de manipula\u00e7\u00e3o utilizados pela m\u00eddia comercial burguesa, em particular a Rede Globo, para ganhar o apoio da popula\u00e7\u00e3o para a defesa do Estado de Israel e para a demoniza\u00e7\u00e3o dos Palestinos.\n\nMostramos como diversos acontecimentos de grande relev\u00e2ncia para entender a Quest\u00e3o Palestina foram, simplesmente, ignorados e que o direito \u00e0 \"palavra final\" sobre este ou aquele assunto \u00e9 sempre das autoridades israelense ou dos seus aliados estrat\u00e9gicos.\n\nComo conclus\u00e3o: a Globo n\u00e3o trata da realidade, ela cria outra realidade, uma realidade artificial, oculta fatos importantes, supervaloriza demasiadamente  outros que interessam aos sionistas, tornado a sua Opini\u00e3o uma Opini\u00e3o autorit\u00e1ria.\n\n_______________________________\n\nOUTROS V\u00cdDEOS\n\n\u2014 A Hist\u00f3ria macabra do Sionismo: Alian\u00e7a com os nazifascistas em nome do Estado de Israel: https:\/\/youtu.be\/jWVVAvlfq4U?si=X74fjoPxUvtOfVsl\n\n\u2014 Sefarditas: Os judeus que os sionistas tratam como sub-ra\u00e7a: https:\/\/youtu.be\/_B68oYJl-Tg?si=Jq7640kRKegByRmQ\n\n\u2014 Estado de Israel humilha governo Lula: https:\/\/youtu.be\/TkvUnup59Kg?si=EYj6fF-cw0Zm-z_4\n\n_______________________________\n\nSIGA-ME NAS REDES SOCIAIS\n\nInstagram: https:\/\/www.instagram.com\/hertzdias\/\nFacebook: https:\/\/www.facebook.com\/HertzCDias\n_______________________________\n\nNo CANAL DO HERTZ  \u2014 RA\u00c7A, CLASSE & REVOLU\u00c7\u00c3O, vamos debater temas ligados a quest\u00e3o racial, combinado ao de classe, numa perspectiva marxista.","original_language":"pt-BR","publication_date":"2023-11-23","duration":0,"url":"https:\/\/www.youtube.com\/watch?v=ePBxcwoi54c","thumbnail":"thumbnails\/ePBxcwoi54c.jpg"},{"video_id":"Z_P2t_7NcC4","channel_id":"UCRLEkZpNRoZQBG8kUTBD8vQ","title":"BRAS\u00c3O DAS ARMAS E OS 'MITOS' DA REVOLU\u00c7\u00c3O RUSSA | REAGINDO EP #202","description":"REACT | BRAS\u00c3O DAS ARMAS (THIAGO BRAGA) E A REVOLU\u00c7\u00c3O RUSSA\nReagindo e comentando o v\u00eddeo de do Canal Bras\u00e3o das Armas: Destruindo os maiores mitos da Revolu\u00e7\u00e3o Russa\nMais um historiador de youtube que l\u00ea uma coisinha ou outra de segunda categoria e acredita ter descoberto os segredos ocultos da hist\u00f3ria. Acreditem, a revolu\u00e7\u00e3o de fevereiro na R\u00fassia foi ... liberal e conservadora. \n\nQUEM FEZ A REVOLU\u00c7\u00c3O DE FEVEREIRO FORAM OS LIBERAIS\n \n PARTIDO SOCIALISTA REVOLUCION\u00c1RIO\n  Partido Socialista Revolucion\u00e1rio (esseristas)\n  Partido Socialista Populista (enessistas) - Kulaks separou do PSR em 1906\n  Partido Trudoviki (enessistas) - Alexander Kerensky\n PARTIDO OPER\u00c1RIO SOCIAL-DEMOCRATA\n  Mencheviques\n   Mencheviques internacionalistas\n  Bolcheviques\n PARTIDOS ENVOLVIDOS\n  Partido Kadet - liberal: \u00fanica for\u00e7a pol\u00edtica revolucion\u00e1ria n\u00e3o prolet\u00e1ria com um m\u00ednimo de organiza\u00e7\u00e3o em 1917\n MONARQUISTAS\n  Partido Outubrista - de centro defensor do Czar, grandes industrais\n  Cent\u00farias Negras - czaristas e nacionalistas com m\u00e9todos paramilitares\n  Partidos monarquistas \n  \nPRIMEIRO CONGRESSO DOS SOVIETS 16 de junho\n 822 DELEGADOS\n  285 Socialistas Revolucion\u00e1rios - 35%\n  245 Mencheviques - 30%\n  105 Bolcheviques - 13%\n  32 Mencheviques Internacionalistas - 4%\n \nSEGUNDO CONGRESSO DOS SOVIETS \n 649 delegados\n  390 eram bolcheviques - 60%\n  100 Socialistas Revolucion\u00e1rios de Esquerda - 15.4%\n  72 mencheviques - 11.09%\n  60 outros Socialistas Revolucion\u00e1rios - 9.2%\n  14 socialistas-democratas internacionalistas unidos\n  6 feministas mencheviques\n  7 de outras fac\u00e7\u00f5es\n\nTexto de Marx sobre as tais fases da hist\u00f3ria\nMARX, K. Lutas de Classes na R\u00fassia. S\u00e3o Paulo: Boitempo. Editorial, 2013. pag 68-9\n\n\u201cSe nossos pr\u00f3prios camponeses e a classe oper\u00e1ria n\u00e3o se tivessem levantado, o Governo sovi\u00e9tico russo teria sido incapaz de fazer qualquer coisa contra n\u00f3s [\u2026] fomos expulsos da Ucr\u00e2nia n\u00e3o pelo Governo russo, mas pelo nosso pr\u00f3prio povo\u201d (DAVIS, H. Para uma teoria marxista do nacionalismo. Rio de Janeiro: Zahar, 1979., p. 81).\n\nRefer\u00eancias citadas no v\u00eddeo\nCARR, E.H. Historia de la Rusia Sovi\u00e9tica. Madrid: Alianza, 1974-8 (14 VOLUMES).\nFERRO, Marc. A Revolu\u00e7\u00e3o Russa de 1917 . S\u00e3o Paulo: Perspectiva, 2004.\nFERRO, Marc. Nicolau II \u2013 o \u00faltimo czar. Lisboa, Portugal: Edi\u00e7\u00f5es 70, 1992.\nFIGES, Orlando. Trag\u00e9dia de um povo: a Revolu\u00e7\u00e3o Russa, 1891-1924. Rio de Janeiro: Record, 1999.\nMARIE, J.-J.St\u00e1lin. S\u00e3o Paulo: Babel, 2011\n\nSobre a ruptura do per\u00edodo de L\u00eanin e o de St\u00e1lin\nBROU\u00c9, Pierre. Comunistas contra Stalin. Massacre de una generaci\u00f3n [2003]. M\u00e1laga: Sepha, 2008\nBROU\u00c9, Pierre Hist\u00f3ria da Internacional Comunista 1919-1943, Ascen\u00e7\u00e3o e Queda, S\u00e3o Paulo, Sundermann, 2007\nBROU\u00c9, Pierre O Partido Bolchevique, S\u00e3o Paulo, Sundermann, 2014.\nROGOV\u00cdN, Vadin. Havia alternativa ao Stalinismo? S\u00e3o Paulo, Sundermann, 2023.\n\n0:00 In\u00edcio\n0:47 M\u00c9TODO DO BRAS\u00c3O DAS ARMAS\n10:06 UCR\u00c2NIA\n11:58 REVOLU\u00c7\u00c3O DE FEVEREIRO\n19:13 FONTES HIST\u00d3RICAS\n28:26 REVOLU\u00c7\u00c3O LIBERAL?\n39:39 REVOLU\u00c7\u00c3O CONSERVADORA?\n43:03 MARX E A HIST\u00d3RIA\n49:23 APOIO POPULAR\n1:13:49 DESAFIO\n\n_____________________________________________________________________________\nSEJA MEMBRO e apoie o canal. Bot\u00e3o ADERIR acima ou: \nhttps:\/\/www.youtube.com\/channel\/UCRLEkZpNRoZQBG8kUTBD8vQ\/join\n\nV\u00eddeo sobre ser membro do canal:\nhttps:\/\/www.youtube.com\/watch?v=drvou-obBVU\n_____________________________________________________________________________\nSiga as p\u00e1ginas do canal Orienta\u00e7\u00e3o Marxista nas Redes Sociais\n\nFACEBOOK:    https:\/\/www.facebook.com\/Orienta\u00e7\u00e3o-Marxista-111673690190915\nTWITTER:       https:\/\/twitter.com\/orient_marxista\nINSTAGRAM: https:\/\/www.instagram.com\/orient.marxista\n_____________________________________________________________________________\nLeia o blog Teoria e Revolu\u00e7\u00e3o:\nhttps:\/\/teoriaerevolucao.pstu.org.br\n_____________________________________________________________________________\nO livro do autor desse canal (Marx e a Hist\u00f3ria: das particularidades nacionais \u00e0 universalidade da revolu\u00e7\u00e3o socialista )  pode ser adquirido nos seguintes endere\u00e7os:\nhttps:\/\/editorasundermann.com.br\/livro\/96-marx-e-a-hist%C3%B3ria\nhttps:\/\/www.estantevirtual.com.br\/busca?utf8=%E2%9C%93&q=gustavo+machado+marx\n\n#Revolu\u00e7\u00e3oRussa #Bras\u00e3oDasArmas #Lenin","original_language":"pt-BR","publication_date":"2023-11-19","duration":0,"url":"https:\/\/www.youtube.com\/watch?v=Z_P2t_7NcC4","thumbnail":"thumbnails\/Z_P2t_7NcC4.jpg"},{"video_id":"ulv0fL2-DZU","channel_id":"UCpfZpmQ8hS3RbQ5GsXZw4KQ","title":"Ucrania: campa\u00f1a de solidaridad para la obtenci\u00f3n de agua en Krivoy Roig","description":"#Ucrania | Desde la LIT y sus secciones venimos impulsando la campa\u00f1a de solidaridad con la resistencia ucraniana, en espec\u00edfico impulsando el proyecto que nuestro compa\u00f1ero Yuri Samoilov, obrero ucraniano de la ciudad de Krivoy Rog explica en el v\u00eddeo. \n\nPuede ver el v\u00eddeo y si quiere colaborar puede contactarnos \ud83d\udce9","original_language":"pt","publication_date":"2023-11-19","duration":0,"url":"https:\/\/www.youtube.com\/watch?v=ulv0fL2-DZU","thumbnail":"thumbnails\/ulv0fL2-DZU.jpg"},{"video_id":"paXn8NKKk98","channel_id":"UCWBk05FplU93JomQ345w24Q","title":"Banco do Brasil do tr\u00e1fico negreiro ao genoc\u00eddio negro | Hertz Dias","description":"Neste v\u00eddeo, numa perspectiva marxista, analisamos como deu a aboli\u00e7\u00e3o da escravid\u00e3o em nosso pa\u00eds. Uma an\u00e1lise bem diferente da Hist\u00f3ria Oficial, criada e repetidamente contada h\u00e1 s\u00e9culos pela classe dominante. Aqui, vamos mostrar a hist\u00f3ria contada a partir do ponto de vista da Senzala, dos quilombos e das ruas em contraposi\u00e7\u00e3o \u00e0 Casa Grande e ao parlamento escravocrata.\n_______________________________\n\nSIGA-ME NAS REDES SOCIAIS\n\nInstagram: https:\/\/www.instagram.com\/hertzdias\/\nFacebook: https:\/\/www.facebook.com\/HertzCDias\n_______________________________\n\nNo CANAL DO HERTZ  \u2014 RA\u00c7A, CLASSE & REVOLU\u00c7\u00c3O, vamos debater temas ligados a quest\u00e3o racial, combinado ao de classe, numa perspectiva marxista.","original_language":"pt-BR","publication_date":"2023-11-18","duration":0,"url":"https:\/\/www.youtube.com\/watch?v=paXn8NKKk98","thumbnail":"thumbnails\/paXn8NKKk98.jpg"},{"video_id":"fQeODOXTppM","channel_id":"UCWBk05FplU93JomQ345w24Q","title":"Banco do Brasil: Do tr\u00e1fico negreiro ao genoc\u00eddio negro","description":"Neste v\u00eddeo apresentamos uma breve apresenta\u00e7\u00e3o do \"Curr\u00edculo Lattes\" dessa institui\u00e7\u00e3o que foi, nada mais nada menos, a maior financiadora do tr\u00e1fico e do contrabando de escravos, n\u00e3o s\u00f3 em n\u00edvel de Brasil, mas mundialmente.\n\nNo dia 17\/11, acontecer\u00e1 uma  audi\u00eancia p\u00fablica na quadra da Portela, na cidade do Rio de Janeiro, organizado pelo Minist\u00e9rio P\u00fablico Federal (MPF) e os movimentos negros, para que a dire\u00e7\u00e3o Banco do Brasil (BB) possa se manifestar a respeito da sua rela\u00e7\u00e3o com esse crime hist\u00f3rico praticado contra a humanidade. \n\nNunca \u00e9 demais lembrar que, apesar do BB n\u00e3o ser mais um banco 100% p\u00fablico, o governo, atualmente Lula-Alckmin, \u00e9 o maior acionista desta institui\u00e7\u00e3o.\n\nN\u00f3s n\u00e3o achamos que o movimento deva se conformar com simb\u00f3licos pedidos de desculpas, e nem muitos menos aceitar propaganda de marketing do BB com negros e negras como se fosse pol\u00edtica de repara\u00e7\u00e3o. \n\nS\u00f3 a carteira de cr\u00e9dito do BB cresceu 10% em 12 meses, totalizando R$ 1 trilh\u00e3o em setembro de 2023.  O BB deve garantir a titula\u00e7\u00e3o de todos os territ\u00f3rios quilombolas, garantir  uma pol\u00edtica de habita\u00e7\u00e3o para a popula\u00e7\u00e3o negra, financiar projetos de pesquisas para os descendentes dos traficados, contrabandeados e escravizados. \n\nOu seja, a \u00fanica forma do BB reparar minimamente o crime que cometeu durante s\u00e9culos \u00e9 mudar completamente a sua pol\u00edtica de financiamento, que hoje beneficia, sobretudo, o agroneg\u00f3cio, ou seja, os herdeiros do senhores do Brasil escravistas. \n\nA popula\u00e7\u00e3o do Rio de Janeiro e adjac\u00eancias tem que comparecer em peso na quadra da Portela pra pressionar a dire\u00e7\u00e3o do BB e o governo Lula para garantir essas repara\u00e7\u00f5es. \n\n_______________________________\n\nASSISTA TAMB\u00c9M\n\nAssista tamb\u00e9m ao v\u00eddeo \u2014 Banco do Brasil: o maior financiador de traficantes de escravos no S\u00e9culo XIX \u2014 https:\/\/youtu.be\/fQeODOXTppM?si=WAe1Rl-LL2c-4t31\n\n_______________________________\n\nSIGA-ME NAS REDES SOCIAIS\n\nInstagram: https:\/\/www.instagram.com\/hertzdias\/\nFacebook: https:\/\/www.facebook.com\/HertzCDias\n_______________________________\n\nNo CANAL DO HERTZ  \u2014 RA\u00c7A, CLASSE & REVOLU\u00c7\u00c3O, vamos debater temas ligados a quest\u00e3o racial, combinado ao de classe, numa perspectiva marxista.","original_language":"pt-BR","publication_date":"2023-11-17","duration":0,"url":"https:\/\/www.youtube.com\/watch?v=fQeODOXTppM","thumbnail":"thumbnails\/fQeODOXTppM.jpg"},{"video_id":"KncJYQ7x3gU","channel_id":"UCWBk05FplU93JomQ345w24Q","title":"Estado de Israel humilha governo Lula  #palestinalivre","description":"Neste v\u00eddeo abordamos a humilha\u00e7\u00e3o imposta pelo governo de Israel ao governo Lula e seu Minist\u00e9rio da Justi\u00e7a na semana passada.\n\nEm meio ao maior massacre do S\u00e9culo XXI que j\u00e1 tirou a vida de mais de 10 mil palestinos, sendo quase metade crian\u00e7as, o governo brasileiro n\u00e3o se posiciona claramente a favor dos Palestino, cria uma sinal de igual entre um massacre praticado pelo 4\u00b0 Ex\u00e9rcito mais poderoso do mundo contra um povo sem Estado e sem Ex\u00e9rcito, e ainda \u00e9 humilhado pelos sionistas.\n\nTamb\u00e9m denunciamos o sil\u00eancio criminoso dos representantes dos representantes dos  Minist\u00e9rios ligados aos direitos humanos e aos setores oprimidos ( Silvio de Almeida, Anielle Franco e Sonia Guajajara) exigimos que os mesmos se posicionem o quanto antes.\n\n#palestinalivre\n_______________________________\n\nSIGA-ME NAS REDES SOCIAIS\n\nInstagram: https:\/\/www.instagram.com\/hertzdias\/\nFacebook: https:\/\/www.facebook.com\/HertzCDias\n_______________________________\n\nNo CANAL DO HERTZ  \u2014 RA\u00c7A, CLASSE & REVOLU\u00c7\u00c3O, vamos debater temas ligados a quest\u00e3o racial, combinado ao de classe, numa perspectiva marxista.","original_language":"pt-BR","publication_date":"2023-11-14","duration":0,"url":"https:\/\/www.youtube.com\/watch?v=KncJYQ7x3gU","thumbnail":"thumbnails\/KncJYQ7x3gU.jpg"},{"video_id":"TkvUnup59Kg","channel_id":"UCWBk05FplU93JomQ345w24Q","title":"Estado de Israel humilha governo Lula","description":"Neste v\u00eddeo abordamos a humilha\u00e7\u00e3o imposta pelo governo de Israel ao governo Lula e seu Minist\u00e9rio da Justi\u00e7a na semana passada.\n\nEm meio ao maior massacre do s\u00e9culo XXI, que j\u00e1 tirou a vida de mais de 10 mil palestinos, sendo quase metade crian\u00e7as, o governo brasileiro n\u00e3o se posiciona claramente a favor dos palestino, cria uma sinal de igual entre um massacre praticado pelo 4\u00b0 Ex\u00e9rcito mais poderoso do mundo contra um povo sem Estado e sem ex\u00e9rcito, e ainda \u00e9 humilhado pelos sionistas.\n\nTamb\u00e9m denunciamos o sil\u00eancio criminoso dos representantes dos minist\u00e9rios ligados aos direitos humanos e aos setores oprimidos (Silvio de Almeida, Anielle Franco e Sonia Guajajara). Exigimos que os mesmos se posicionem o quanto antes.\n\n-------------------------------------------------\n\nOUTROS V\u00cdDEOS DO ESPECIAL PALESTINA\n\n1) A Hist\u00f3ria macabra do Sionismo: Alian\u00e7a com os nazifascistas em nome do Estado de Israel: https:\/\/youtu.be\/jWVVAvlfq4U?si=rhlgomZxkRMhnkEg\n\n2) Sefarditas: Os judeus que os sionistas tratam como sub-ra\u00e7a: https:\/\/youtu.be\/_B68oYJl-Tg?si=eLSWhaYyiQEuFGzk\n\n_______________________________\n\nSIGA-ME NAS REDES SOCIAIS\n\nInstagram: https:\/\/www.instagram.com\/hertzdias\/\nFacebook: https:\/\/www.facebook.com\/HertzCDias\n_______________________________\n\nNo CANAL DO HERTZ  \u2014 RA\u00c7A, CLASSE & REVOLU\u00c7\u00c3O, vamos debater temas ligados a quest\u00e3o racial, combinado ao de classe, numa perspectiva marxista.","original_language":"pt-BR","publication_date":"2023-11-14","duration":0,"url":"https:\/\/www.youtube.com\/watch?v=TkvUnup59Kg","thumbnail":"thumbnails\/TkvUnup59Kg.jpg"},{"video_id":"PRp9D-fVvaQ","channel_id":"UCpfZpmQ8hS3RbQ5GsXZw4KQ","title":"Historia y lecciones de la Comuna de Par\u00eds","description":"Entrevista a Francesco Ricci dirigente del Partido de Alternativa Comunista Italia","original_language":"pt","publication_date":"2023-11-11","duration":0,"url":"https:\/\/www.youtube.com\/watch?v=PRp9D-fVvaQ","thumbnail":"thumbnails\/PRp9D-fVvaQ.jpg"},{"video_id":"SQw-6r8w0Tg","channel_id":"UCWBk05FplU93JomQ345w24Q","title":"Sefarditas: Tratados como sub-ra\u00e7a em Israel","description":"Neste v\u00eddeo, falamos dos Sefarditas, os judeus orientais e n\u00e3o brancos, que os sionistas usaram como \"bucha de canh\u00e3o\"  para colonizar a Palestina e, mesmo assim, os tratam como sub- proletariado e sub-ra\u00e7a dentro do pr\u00f3prio Estado de Israel.\n\n Os Sefarditas chegaram a organizar um movimento de luta por igual de direitos inspirados no Partido dos Panteras Negras, que foi batizado com esse mesmo nome. \n\nO v\u00eddeo \u00e9 mais uma prova de que n\u00e3o existe povo judeu homog\u00eaneo e, nem muito menos, Estado de Israel democr\u00e1tico.\nV\u00eddeo completo - https:\/\/www.youtube.com\/watch?v=_B68oYJl-Tg\n_______________________________\n\nSIGA-ME NAS REDES SOCIAIS\n\nInstagram: https:\/\/www.instagram.com\/hertzdias\/\nFacebook: https:\/\/www.facebook.com\/HertzCDias\n_______________________________\n\nNo CANAL DO HERTZ  \u2014 RA\u00c7A, CLASSE & REVOLU\u00c7\u00c3O, vamos debater temas ligados a quest\u00e3o racial, combinado ao de classe, numa perspectiva marxista.","original_language":"pt-BR","publication_date":"2023-11-06","duration":0,"url":"https:\/\/www.youtube.com\/watch?v=SQw-6r8w0Tg","thumbnail":"thumbnails\/SQw-6r8w0Tg.jpg"},{"video_id":"_B68oYJl-Tg","channel_id":"UCWBk05FplU93JomQ345w24Q","title":"Sefarditas: Os judeus que os sionistas tratam como sub-ra\u00e7a","description":"Neste v\u00eddeo, falamos dos Sefarditas, os judeus orientais e n\u00e3o brancos, que os sionistas usaram como \"bucha de canh\u00e3o\"  para colonizar a Palestina e, mesmo assim, os tratam como subproletariado e sub-ra\u00e7a dentro do pr\u00f3prio Estado de Israel.\n\nOs Sefarditas chegaram a organizar um movimento de luta por igualdade de direitos inspirados no Partido dos Panteras Negras, que foi batizado com esse mesmo nome. \n\nO v\u00eddeo \u00e9 mais uma prova de que n\u00e3o existe povo judeu homog\u00eaneo e, nem muito menos, Estado de Israel democr\u00e1tico.\n\nV\u00eddeo citado \"A Hist\u00f3ria Macabra do Sionismo\":  https:\/\/bit.ly\/47kSAgP\n\nAs cita\u00e7\u00f5es lidas no  v\u00eddeo est\u00e3o no artigo: \"Os Sefarditas em Israel: O sionismo do ponto de vista das v\u00edtimas judaicas\", de Ella Shohat. Leia aqui: https:\/\/bit.ly\/47pXgCl\n\n_______________________________\n\nSIGA-ME NAS REDES SOCIAIS\n\nInstagram: https:\/\/www.instagram.com\/hertzdias\/\nFacebook: https:\/\/www.facebook.com\/HertzCDias\n_______________________________\n\nNo CANAL DO HERTZ  \u2014 RA\u00c7A, CLASSE & REVOLU\u00c7\u00c3O, vamos debater temas ligados a quest\u00e3o racial, combinado ao de classe, numa perspectiva marxista.","original_language":"pt-BR","publication_date":"2023-11-06","duration":0,"url":"https:\/\/www.youtube.com\/watch?v=_B68oYJl-Tg","thumbnail":"thumbnails\/_B68oYJl-Tg.jpg"},{"video_id":"vraF-vCvLVM","channel_id":"UCpfZpmQ8hS3RbQ5GsXZw4KQ","title":"#2 - TODO APOIO \u00c0 LUTA PALESTINA!","description":"COM SORAYA MISLEH, ATIVISTA PALESTINA E MILITANTE DA LIT-QI","original_language":"pt","publication_date":"2023-11-06","duration":0,"url":"https:\/\/www.youtube.com\/watch?v=vraF-vCvLVM","thumbnail":"thumbnails\/vraF-vCvLVM.jpg"},{"video_id":"jWVVAvlfq4U","channel_id":"UCWBk05FplU93JomQ345w24Q","title":"A Hist\u00f3ria macabra do Sionismo: Alian\u00e7a com os nazifascistas em nome do Estado de Israel","description":"Neste v\u00eddeo, buscamos desmascarar a Organiza\u00e7\u00e3o Mundial Sionista, movimento da burguesia judaica, respons\u00e1vel pela constru\u00e7\u00e3o do Estado de Israel na Palestina, mostrado que:\n\n1- Apoiaram-se no sofrimento real do povo judeu para for\u00e7\u00e1-los a migrar para a Palestina;\n\n2- Que desejavam afastar o proletariado judeu da influ\u00eancia do marxismo revolucion\u00e1rio;\n\n3- Que, para isso, estabeleceram alian\u00e7as com os regimes mais reacion\u00e1rios da Europa, como o czarismo russo, o fascismo e o nazismo;\n\n4-  Que n\u00e3o combateram o antissemitismo, mas que viam os regimes que perseguiam e matavam judeus como aliados estrat\u00e9gicos para realiza\u00e7\u00e3o do projeto de constru\u00e7\u00e3o do Estado de Israel;\n\n5- Apresentamos v\u00e1rios exemplos de como os sionistas boicotavam abertamente todos os esfor\u00e7os para salvar judeus na Europa, a n\u00e3o ser aqueles que pudessem ir para a Palestina.\n\nPra quem desejar se aprofundar sobre a forma\u00e7\u00e3o do sionismo e do Estado de Israel, fa\u00e7a o cadastro no site www.editorasunderman.com.br e baixe gratuitamente o livro em PDF A hist\u00f3ria oculta do sionismo, de Ralph Schoenman.\n\n#sionismoracista\n#palestinalivre \n#nazisionismo\n\n_______________________________\n\nSIGA-ME NAS REDES SOCIAIS\n\nInstagram: https:\/\/www.instagram.com\/hertzdias\/\nFacebook: https:\/\/www.facebook.com\/HertzCDias\n_______________________________\n\nNo CANAL DO HERTZ  \u2014 RA\u00c7A, CLASSE & REVOLU\u00c7\u00c3O, vamos debater temas ligados a quest\u00e3o racial, combinado ao de classe, numa perspectiva marxista.","original_language":"pt-BR","publication_date":"2023-11-02","duration":0,"url":"https:\/\/www.youtube.com\/watch?v=jWVVAvlfq4U","thumbnail":"thumbnails\/jWVVAvlfq4U.jpg"},{"video_id":"QsGzxw0DO_0","channel_id":"UCWBk05FplU93JomQ345w24Q","title":"Privatiza\u00e7\u00e3o dos pres\u00eddios no governo Lula-Alckmin","description":"Neste v\u00eddeo abordamos a pol\u00edtica de privatiza\u00e7\u00e3o dos pres\u00eddios pelo governo Lula-Alckmin. Nele defendemos tr\u00eas argumentos centrais:\n\nI - Que a natureza do sistema carcer\u00e1rio n\u00e3o \u00e9 combater o crime e sim disciplinar a classe trabalhadora;\n\nII - Que, por isso mesmo, o crescimento do encarceramento n\u00e3o \u00e9 produto do crescimento da criminalidade, mas de criminaliza\u00e7\u00e3o dos pobres; \n\nIII - Que a privatiza\u00e7\u00e3o dos pres\u00eddios t\u00eam como objetivos: saquear os cofres p\u00fablicos, transformar preso em mercadoria e explor\u00e1-lo como for\u00e7a de trabalho escrava.\n_______________________________\n\nSIGA-ME NAS REDES SOCIAIS\n\nInstagram: https:\/\/www.instagram.com\/hertzdias\/\nFacebook: https:\/\/www.facebook.com\/HertzCDias\n_______________________________\n\nNo CANAL DO HERTZ  \u2014 RA\u00c7A, CLASSE & REVOLU\u00c7\u00c3O, vamos debater temas ligados a quest\u00e3o racial, combinado ao de classe, numa perspectiva marxista.","original_language":"pt-BR","publication_date":"2023-10-22","duration":0,"url":"https:\/\/www.youtube.com\/watch?v=QsGzxw0DO_0","thumbnail":"thumbnails\/QsGzxw0DO_0.jpg"},{"video_id":"TB87zfHuAtI","channel_id":"UCWBk05FplU93JomQ345w24Q","title":"Privatiza\u00e7\u00e3o dos pres\u00eddios no governo Lula-Alckmin","description":"Neste v\u00eddeo abordamos a pol\u00edtica de privatiza\u00e7\u00e3o dos pres\u00eddios pelo governo Lula-Alckmin. Nele defendemos 3 argumentos centrais;:\n1- Que a natureza do sistema carcer\u00e1rio n\u00e3o \u00e9 combater o crime e sim disciplinar a classe trabalhadora.\n\n2- Que, por isso mesmo, o crescimento do encarceramento n\u00e3o \u00e9 produto do crescimento da criminalidade, mas de criminaliza\u00e7\u00e3o dos pobres. \n\n3- Que a privatiza\u00e7\u00e3o dos pres\u00eddios t\u00eam como objetivos: saquear os cofres p\u00fablicos, transformar preso em mercadoria e explor\u00e1-lo como for\u00e7a de trabalho escrava.\n_______________________________\n\nSIGA-ME NAS REDES SOCIAIS\n\nInstagram: https:\/\/www.instagram.com\/hertzdias\/\nFacebook: https:\/\/www.facebook.com\/HertzCDias\n_______________________________\n\nNo CANAL DO HERTZ  \u2014 RA\u00c7A, CLASSE & REVOLU\u00c7\u00c3O, vamos debater temas ligados a quest\u00e3o racial, combinado ao de classe, numa perspectiva marxista.","original_language":"pt-BR","publication_date":"2023-10-22","duration":0,"url":"https:\/\/www.youtube.com\/watch?v=TB87zfHuAtI","thumbnail":"thumbnails\/TB87zfHuAtI.jpg"},{"video_id":"414dJ5VO5xk","channel_id":"UCpfZpmQ8hS3RbQ5GsXZw4KQ","title":"TODO APOIO \u00c0 LUTA PALESTINA","description":"Com Soraya Misleh, Ativista Palestina e Militante do PSTU","original_language":"pt","publication_date":"2023-10-20","duration":0,"url":"https:\/\/www.youtube.com\/watch?v=414dJ5VO5xk","thumbnail":"thumbnails\/414dJ5VO5xk.jpg"},{"video_id":"Ea2Rg7ybrzI","channel_id":"UCRLEkZpNRoZQBG8kUTBD8vQ","title":"COMO REFUTAR SIONISTAS | Di\u00e1spora, Israel Antigo, Limpeza \u00c9tnica etc. EP #201","description":"BIBLIOGRAFIA SUGERIDA:\nA limpeza \u00e9tnica da Palestina - Ilan Papp\u00e9\nhttps:\/\/editorasundermann.com.br\/produto\/limpeza-etnica-da-palestina-a-brochura\/\n\nAl Nakba: um estudo sobre a cat\u00e1strofe palestina - Soraya Misleh\nhttps:\/\/editorasundermann.com.br\/produto\/al-nakba-um-estudo-sobre-a-catastrofe-palestina\/\n\nExpuls\u00e3o dos Palestinos: O conceito de transfer\u00eancia no pensamento pol\u00edtico sionista 1882-1948\nhttps:\/\/dev.editorasundermann.com.br\/produto\/expulsao-dos-palestinos-o-conceito-de-transferencia-no-pensamento-politico-sionista-1882-1948\/\n\nA hist\u00f3ria oculta do sionismo, de Ralph Schoenman (PDF GRATUITO)\nhttps:\/\/editorasundermann.com.br\/produto\/a-historia-oculta-do-sionismo\/\n\nNesse v\u00eddeo, respondo na forma de refuta\u00e7\u00e3o, aos muitos coment\u00e1rios que recebi ao meu \u00faltimo v\u00eddeo. Limpeza \u00e9tnica \u00e9 um exagero? O massacre de judeus na segunda guerra justifica o massacre de palestinos por Israel? Ser contra o estado de Israel \u00e9 ser contra os judeus?\n\n\nCOMENT\u00c1RIOS RESPONDIDOS:\nLIMPEZA \u00c9TNICA: \n 1) N\u00e3o houve limpeza \u00e9tnica, existem documentos que mostram os palestinos conclamando a popula\u00e7\u00e3o a fugir etc etc\n 2) Popula\u00e7\u00e3o de judeus ainda n\u00e3o recuperou o n\u00famero anterior a segunda guerra\n 3) EUA, Inglaterra etc. ningu\u00e9m queria receber os judeus refugiados\n 4) Como pode ter limpeza \u00e9tnica se palestinos e hebreus s\u00e3o semitas.\n\nN\u00c3O \u00c9 SOBRE O HAMAS\n 1) S\u00e3o civis que est\u00e3o morrendo e o hamas n\u00e3o quer criar um estado laico. \n 2) Israel controla tudo na Faixa de Gaza, mesmo assim o grupo Terrorista do Hamas, saiu dali e matou milhares de mulheres, crian\u00e7as, jovens e idosos em Israel.\nImagine se eles n\u00e3o controlassem. Temos que proteger o Povo da Palestinas, daqueles lun\u00e1ticos que controlam a Faixa de Gaza.\n\nHIST\u00d3RIA DE ISRAEL\n 1) desde a di\u00e1spora os judeus sonham em voltar para a sua terra\n 2) Judeus foram oprimidos em grande parte da hist\u00f3ria e isso criou a identidade judaica\n 3) Houve reino independente de Israel no per\u00edodo os Asmoneus, pode at\u00e9 n\u00e3o ter ocorrido no per\u00edodo davidico\n 4) Judeus n\u00e3o s\u00e3o proselitistas, logo n\u00e3o podem converter ningu\u00e9m.\n\n00:00 In\u00edcio\n5:05 LIMPEZA \u00c9TNICA\n10:20 Popula\u00e7\u00e3o judaica e palestina\n12:49 EUA e Inglaterra\n15:05 Semitas\n16:50 Egito\n17:51 Bloqueio\n18:34 \u00c1gua e energia\n19:02 HAMAS\n21:03 Surgimento do Hamas\n23:56 HIST\u00d3RIA DE ISRAEL: di\u00e1spora\n25:40 Identidade Judaica\n28:43 Religi\u00e3o judaica\n32:59 Israel unificado\n34:30 Proselitismo\n\n_____________________________________________________________________________\nSEJA MEMBRO e apoie o canal. Bot\u00e3o ADERIR acima ou: \nhttps:\/\/www.youtube.com\/channel\/UCRLEkZpNRoZQBG8kUTBD8vQ\/join\n\nV\u00eddeo sobre ser membro do canal:\nhttps:\/\/www.youtube.com\/watch?v=drvou-obBVU\n_____________________________________________________________________________\nSiga as p\u00e1ginas do canal Orienta\u00e7\u00e3o Marxista nas Redes Sociais\n\nFACEBOOK:    https:\/\/www.facebook.com\/Orienta\u00e7\u00e3o-Marxista-111673690190915\nTWITTER:       https:\/\/twitter.com\/orient_marxista\nINSTAGRAM: https:\/\/www.instagram.com\/orient.marxista\n_____________________________________________________________________________\nLeia o blog Teoria e Revolu\u00e7\u00e3o:\nhttps:\/\/teoriaerevolucao.pstu.org.br\n_____________________________________________________________________________\nO livro do autor desse canal (Marx e a Hist\u00f3ria: das particularidades nacionais \u00e0 universalidade da revolu\u00e7\u00e3o socialista )  pode ser adquirido nos seguintes endere\u00e7os:\nhttps:\/\/editorasundermann.com.br\/livro\/96-marx-e-a-hist%C3%B3ria\nhttps:\/\/www.estantevirtual.com.br\/busca?utf8=%E2%9C%93&q=gustavo+machado+marx\n\n# # #","original_language":"pt-BR","publication_date":"2023-10-18","duration":0,"url":"https:\/\/www.youtube.com\/watch?v=Ea2Rg7ybrzI","thumbnail":"thumbnails\/Ea2Rg7ybrzI.jpg"},{"video_id":"WScHYRH5laY","channel_id":"UCRLEkZpNRoZQBG8kUTBD8vQ","title":"PALESTINA E LIMPEZA \u00c9TNICA | O mito do Estado antigo de Israel EP #200","description":"Para al\u00e9m do massacre e opress\u00e3o do povo palestino submetido a um regime de limpeza \u00e9tnica em sua pr\u00f3pria terra, veremos ainda que:\n1) Nunca existiu na hist\u00f3ria um Estado unificado de Israel no territ\u00f3rio palestino. Nunca.\n2) Os judeus europeus, em sua maior parte, s\u00e3o oriundos n\u00e3o da di\u00e1spora dos judeus da palestina, mas de cazares convertidos no s\u00e9culo VIII na regi\u00e3o do c\u00e1ucaso e da Turquia.\n3) A URSS, sob dire\u00e7\u00e3o de St\u00e1lin, apoiou a cria\u00e7\u00e3o do Estado de Israel.\n4) Anti-sionismo n\u00e3o \u00e9 anti-semitismo. O sionismo \u00e9 uma ideologia nacionalista, colonialista e racista.\n\nRefer\u00eancias sobre o estado antigo de Israel\nLIVERANI, Mario. Para al\u00e9m da B\u00edblia: Hist\u00f3ria antiga de Israel. S\u00e3o Paulo: Paulus; Edi\u00e7\u00f5es. Loyola, 2008.\nSILBERMAN, N.; FINKELSTEIN, Israel. A B\u00edblia Desenterrada: A nova vis\u00e3o arqueol\u00f3gica do antigo Israel e das origens dos seus textos sagrados. Petr\u00f3polis: Vozes, 2018.\nFINKELSTEIN, Israel. O Reino esquecido: arqueologia e hist\u00f3ria de Israel Norte. S\u00e3o Paulo: Paulus,. 2015.\n\nRefer\u00eancias sobre a origem dos judeus europeus predominantemente nas popula\u00e7\u00f5es oriundas do casares\nDas R, Wexler P, Pirooznia M, Elhaik E (abril de 2016). \u00abLocalizing Ashkenazic Jews to Primeval Villages in the Ancient Iranian Lands of Ashkenaz\u00bb. Genome Biology and Evolution. 8 (4): 1132\u201349.\nDas R, Wexler P, Pirooznia M, Elhaik E (2017). \u00abThe Origins of Ashkenaz, Ashkenazic Jews, and Yiddish\u00bb. Frontiers in Genetics. 8: 87.\nElhaik, Eran (2022). \u00abPrincipal Component Analyses (PCA)\u2011based findings in population genetic studies are highly biased and must be reevaluated\u00bb. Scientific Reports\n\n0:00 In\u00edcio\n1:15 FAIXA DE GAZA\n3:40 LIMPEZA \u00c9TNICA\n6:58 SIONISMO\n9:45 ISRAEL ANTIGO\n18:54 JUDEUS EUROPEUS\n25:05 CRIA\u00c7\u00c3O DE ISRAEL E A URSS\n\n_____________________________________________________________________________\nSEJA MEMBRO e apoie o canal. Bot\u00e3o ADERIR acima ou: \nhttps:\/\/www.youtube.com\/channel\/UCRLEkZpNRoZQBG8kUTBD8vQ\/join\n\nV\u00eddeo sobre ser membro do canal:\nhttps:\/\/www.youtube.com\/watch?v=drvou-obBVU\n_____________________________________________________________________________\nSiga as p\u00e1ginas do canal Orienta\u00e7\u00e3o Marxista nas Redes Sociais\n\nFACEBOOK:    https:\/\/www.facebook.com\/Orienta\u00e7\u00e3o-Marxista-111673690190915\nTWITTER:       https:\/\/twitter.com\/orient_marxista\nINSTAGRAM: https:\/\/www.instagram.com\/orient.marxista\n_____________________________________________________________________________\nLeia o blog Teoria e Revolu\u00e7\u00e3o:\nhttps:\/\/teoriaerevolucao.pstu.org.br\n_____________________________________________________________________________\nO livro do autor desse canal (Marx e a Hist\u00f3ria: das particularidades nacionais \u00e0 universalidade da revolu\u00e7\u00e3o socialista )  pode ser adquirido nos seguintes endere\u00e7os:\nhttps:\/\/editorasundermann.com.br\/livro\/96-marx-e-a-hist%C3%B3ria\nhttps:\/\/www.estantevirtual.com.br\/busca?utf8=%E2%9C%93&q=gustavo+machado+marx\n\n#Palestina #Israel #Hist\u00f3ria","original_language":"pt-BR","publication_date":"2023-10-11","duration":0,"url":"https:\/\/www.youtube.com\/watch?v=WScHYRH5laY","thumbnail":"thumbnails\/WScHYRH5laY.jpg"},{"video_id":"9PsxbLZtq0s","channel_id":"UCpfZpmQ8hS3RbQ5GsXZw4KQ","title":"Todo apoio \u00e0 heroica resist\u00eancia palestina!","description":"Soraya Misleh, ativista Palestina e militante da LIT-QI, analisa e defende a posi\u00e7\u00e3o da nossa internacional diante do novo ataque sionista","original_language":"pt","publication_date":"2023-10-08","duration":0,"url":"https:\/\/www.youtube.com\/watch?v=9PsxbLZtq0s","thumbnail":"thumbnails\/9PsxbLZtq0s.jpg"},{"video_id":"7_y_rLsJxXo","channel_id":"UCWBk05FplU93JomQ345w24Q","title":"Banco do Brasil: o maior financiador de traficantes de escravos no s\u00e9culo 19","description":"Voc\u00ea sabia que o Banco do Brasil foi o maior financiador do tr\u00e1fico de africanos escravizados em nosso pa\u00eds no s\u00e9culo XIX? Que os homens mais poderosos do Brasil n\u00e3o eram os senhores de engenho, mas os traficantes?\n\nAssista e entenda essa trama hist\u00f3rica e a pol\u00edtica de repara\u00e7\u00f5es que devemos exigir dessa institui\u00e7\u00e3o.\n_______________________________\n\nSIGA-ME NAS REDES SOCIAIS\n\nInstagram: https:\/\/www.instagram.com\/hertzdias\/\nFacebook: https:\/\/www.facebook.com\/HertzCDias\n_______________________________\n\nNo CANAL DO HERTZ  \u2014 RA\u00c7A, CLASSE & REVOLU\u00c7\u00c3O, vamos debater temas ligados a quest\u00e3o racial, combinado ao de classe, numa perspectiva marxista.","original_language":"pt-BR","publication_date":"2023-10-05","duration":0,"url":"https:\/\/www.youtube.com\/watch?v=7_y_rLsJxXo","thumbnail":"thumbnails\/7_y_rLsJxXo.jpg"},{"video_id":"HsbvMexL1C8","channel_id":"UCRLEkZpNRoZQBG8kUTBD8vQ","title":"STALINISMO \u00e9 coisa do passado? | RECOMENDANDO LIVROS EP #199","description":"Link para aquisi\u00e7\u00e3o do Livro:\nhttps:\/\/editorasundermann.com.br\/produto\/pre-venda-havia-alternativa-ao-stalinismo\/\n\nSTALINISMO \u00c9 COISA DO PASSADO? | RECOMENDANDO LIVROS\nPor ocasi\u00e3o do lan\u00e7amento do extraordin\u00e1rio livro de Vad\u00edm Rog\u00f3vin, veremos como os eventos do passado continuam vivos. Os stalinistas, travestidos de \"marxistas-leninistas\", est\u00e3o por a\u00ed. As implica\u00e7\u00f5es desse processo no Brasil, discutirei em evento presencial na UFMG na pr\u00f3xima quintas as 17 horas, j\u00e1 divulgado nessa p\u00e1gina. N\u00e3o percam!\nSTALINISMO \u00c9 O OPOSTO DO MARXISMO E DO LENINISMO\n TEORIA DO PARTIDO \u00daNICO\n CULTO A PERSONALIDADE\n TROCA DO INTERNACIONALISMO PELO PATRIOTISMO ULTRA-NACIONALISTA\n SEGREGA\u00c7\u00c3O DAS ETNIAS DITAS GR\u00c3O RUSSAS\n ETAPISMO HIST\u00d3RICO\n POSSIBILIDADE DO SOCIALISMO EM UM S\u00d3 PA\u00cdS\n CAPITULA\u00c7\u00c3O A BURGUESIA INTENACIONAL EM DEFESA DO \"SOCIALISMO\" SOVI\u00c9TICO\n\n_____________________________________________________________________________\nV\u00eddeo sugerido: \n COMUNISTAS CONTRA STALIN | Pierre Brou\u00e9 EP #146 \nhttps:\/\/www.youtube.com\/watch?v=aXhjqMfxEdQ\n\n_____________________________________________________________________________\nSEJA MEMBRO e apoie o canal. Bot\u00e3o ADERIR acima ou: \nhttps:\/\/www.youtube.com\/channel\/UCRLEkZpNRoZQBG8kUTBD8vQ\/join\n\nV\u00eddeo sobre ser membro do canal:\nhttps:\/\/www.youtube.com\/watch?v=drvou-obBVU\n_____________________________________________________________________________\nSiga as p\u00e1ginas do canal Orienta\u00e7\u00e3o Marxista nas Redes Sociais\n\nFACEBOOK:    https:\/\/www.facebook.com\/Orienta\u00e7\u00e3o-Marxista-111673690190915\nTWITTER:       https:\/\/twitter.com\/orient_marxista\nINSTAGRAM: https:\/\/www.instagram.com\/orient.marxista\n_____________________________________________________________________________\nLeia o blog Teoria e Revolu\u00e7\u00e3o:\nhttps:\/\/teoriaerevolucao.pstu.org.br\n_____________________________________________________________________________\nO livro do autor desse canal (Marx e a Hist\u00f3ria: das particularidades nacionais \u00e0 universalidade da revolu\u00e7\u00e3o socialista )  pode ser adquirido nos seguintes endere\u00e7os:\nhttps:\/\/editorasundermann.com.br\/livro\/96-marx-e-a-hist%C3%B3ria\nhttps:\/\/www.estantevirtual.com.br\/busca?utf8=%E2%9C%93&q=gustavo+machado+marx\n\n#Stalinismo #MarxismoLeninismo #Rogovin","original_language":"pt-BR","publication_date":"2023-10-03","duration":0,"url":"https:\/\/www.youtube.com\/watch?v=HsbvMexL1C8","thumbnail":"thumbnails\/HsbvMexL1C8.jpg"},{"video_id":"bCevOZteWlo","channel_id":"UCRLEkZpNRoZQBG8kUTBD8vQ","title":"O que \u00e9 trotskismo | MOVIMENTO MARXISTA EP #198","description":"0:00 In\u00edcio\n9:42 NECESSIDADE DA REVOLU\u00c7\u00c3O\n12:39 SUBSTITUCIONISMO\n15:36 DIRE\u00c7\u00c3O REVOLUCION\u00c1RIA\n22:04 INTERNACIONALISMO\n29:26 REVOLU\u00c7\u00c3O PERMANENTE\n\n_____________________________________________________________________________\nV\u00eddeo sugerido: \n HIST\u00d3RIA P\u00daBLICA: Leninismo e trotskismo. A NEP | REAGINDO EP #175 \nhttps:\/\/www.youtube.com\/watch?v=h3Giq1Nn_UA\n_____________________________________________________________________________\nSEJA MEMBRO e apoie o canal. Bot\u00e3o ADERIR acima ou: \nhttps:\/\/www.youtube.com\/channel\/UCRLEkZpNRoZQBG8kUTBD8vQ\/join\n\nV\u00eddeo sobre ser membro do canal:\nhttps:\/\/www.youtube.com\/watch?v=drvou-obBVU\n_____________________________________________________________________________\nSiga as p\u00e1ginas do canal Orienta\u00e7\u00e3o Marxista nas Redes Sociais\n\nFACEBOOK:    https:\/\/www.facebook.com\/Orienta\u00e7\u00e3o-Marxista-111673690190915\nTWITTER:       https:\/\/twitter.com\/orient_marxista\nINSTAGRAM: https:\/\/www.instagram.com\/orient.marxista\n_____________________________________________________________________________\nLeia o blog Teoria e Revolu\u00e7\u00e3o:\nhttps:\/\/teoriaerevolucao.pstu.org.br\n_____________________________________________________________________________\nO livro do autor desse canal (Marx e a Hist\u00f3ria: das particularidades nacionais \u00e0 universalidade da revolu\u00e7\u00e3o socialista )  pode ser adquirido nos seguintes endere\u00e7os:\nhttps:\/\/editorasundermann.com.br\/livro\/96-marx-e-a-hist%C3%B3ria\nhttps:\/\/www.estantevirtual.com.br\/busca?utf8=%E2%9C%93&q=gustavo+machado+marx\n\n#Trotskismo #Stalinismo #Marxismo","original_language":"pt-BR","publication_date":"2023-09-28","duration":0,"url":"https:\/\/www.youtube.com\/watch?v=bCevOZteWlo","thumbnail":"thumbnails\/bCevOZteWlo.jpg"},{"video_id":"Ui24Jtu-OIY","channel_id":"UCWBk05FplU93JomQ345w24Q","title":"Pol\u00eamica com o  Rafael Nogueira: Professor  Bolsonarista","description":"Pol\u00eamica com o Rafael Nogueira, professor  bolsonarista e ex-presidente da Biblioteca Nacional sobre Independ\u00eancia do Brasil e a fam\u00edlia Bragan\u00e7a.\n_______________________________\n\nSIGA-ME NAS REDES SOCIAIS\n\nInstagram: https:\/\/www.instagram.com\/hertzdias\/\nFacebook: https:\/\/www.facebook.com\/HertzCDias\n_______________________________\n\nNo CANAL DO HERTZ  \u2014 RA\u00c7A, CLASSE & REVOLU\u00c7\u00c3O, vamos debater temas ligados a quest\u00e3o racial, combinado ao de classe, numa perspectiva marxista.","original_language":"pt-BR","publication_date":"2023-09-22","duration":0,"url":"https:\/\/www.youtube.com\/watch?v=Ui24Jtu-OIY","thumbnail":"thumbnails\/Ui24Jtu-OIY.jpg"},{"video_id":"_OrN3ttADNo","channel_id":"UCWBk05FplU93JomQ345w24Q","title":"[React] \u2014  Rafael Nogueira: \"Por que, na sua narrativa sobre a independ\u00eancia, os escravos somem?\"","description":"Pol\u00eamica com o Rafael Nogueira, professor  bolsonarista e ex-presidente da Biblioteca Nacional sobre Independ\u00eancia do Brasil e a Fam\u00edlia Orleans e Bragan\u00e7a.\n\nO v\u00eddeo tenta identificar e desmascarar as narrativas que os intelectuais de ultradireita tem feito sobre o nosso passado, de modo a adequ\u00e1-lo aos seus projetos reacion\u00e1rios  do presente. Para isso, vestem personagens reacion\u00e1rios, covardes e autorit\u00e1rios, como D. Pedro I, com uma roupagem de hero\u00edsmo, patriotismo e nacionalismo.\n\nE, para isso, ignoram os embates de classes,  minimizam o sofrimento e a resist\u00eancia dos escravizados e dos povos oprimidos.\n_______________________________\n\nSIGA-ME NAS REDES SOCIAIS\n\nInstagram: https:\/\/www.instagram.com\/hertzdias\/\nFacebook: https:\/\/www.facebook.com\/HertzCDias\n_______________________________\n\nNo CANAL DO HERTZ  \u2014 RA\u00c7A, CLASSE & REVOLU\u00c7\u00c3O, vamos debater temas ligados a quest\u00e3o racial, combinado ao de classe, numa perspectiva marxista.","original_language":"pt-BR","publication_date":"2023-09-22","duration":0,"url":"https:\/\/www.youtube.com\/watch?v=_OrN3ttADNo","thumbnail":"thumbnails\/_OrN3ttADNo.jpg"},{"video_id":"Z6xH0BC-T-8","channel_id":"UCRLEkZpNRoZQBG8kUTBD8vQ","title":"Fim do canal ORIENTA\u00c7\u00c3O MARXISTA?","description":"Estamos de volta\n\n_____________________________________________________________________________\nSEJA MEMBRO e apoie o canal. Bot\u00e3o ADERIR acima ou: \nhttps:\/\/www.youtube.com\/channel\/UCRLEkZpNRoZQBG8kUTBD8vQ\/join\n\nV\u00eddeo sobre ser membro do canal:\nhttps:\/\/www.youtube.com\/watch?v=drvou-obBVU\n_____________________________________________________________________________\nSiga as p\u00e1ginas do canal Orienta\u00e7\u00e3o Marxista nas Redes Sociais\n\nFACEBOOK:    https:\/\/www.facebook.com\/Orienta\u00e7\u00e3o-Marxista-111673690190915\nTWITTER:       https:\/\/twitter.com\/orient_marxista\nINSTAGRAM: https:\/\/www.instagram.com\/orient.marxista\n_____________________________________________________________________________\nLeia o blog Teoria e Revolu\u00e7\u00e3o:\nhttps:\/\/teoriaerevolucao.pstu.org.br\n_____________________________________________________________________________\nO livro do autor desse canal (Marx e a Hist\u00f3ria: das particularidades nacionais \u00e0 universalidade da revolu\u00e7\u00e3o socialista )  pode ser adquirido nos seguintes endere\u00e7os:\nhttps:\/\/editorasundermann.com.br\/livro\/96-marx-e-a-hist%C3%B3ria\nhttps:\/\/www.estantevirtual.com.br\/busca?utf8=%E2%9C%93&q=gustavo+machado+marx\n\n#Orienta\u00e7\u00e3oMarxista #Marx #Canal","original_language":"pt-BR","publication_date":"2023-09-18","duration":0,"url":"https:\/\/www.youtube.com\/watch?v=Z6xH0BC-T-8","thumbnail":"thumbnails\/Z6xH0BC-T-8.jpg"},{"video_id":"frTz26XuP2o","channel_id":"UCWBk05FplU93JomQ345w24Q","title":"Binho do Quilombo, M\u00e3e de Bernadete e Elo\u00e1: o que fazer para  que eles parem de nos matar?","description":"_______________________________\n\nSIGA-ME NAS REDES SOCIAIS\n\nInstagram: https:\/\/www.instagram.com\/hertzdias\/\nFacebook: https:\/\/www.facebook.com\/HertzCDias\n_______________________________\n\nNo CANAL DO HERTZ  \u2014 RA\u00c7A, CLASSE & REVOLU\u00c7\u00c3O, vamos debater temas ligados a quest\u00e3o racial, combinado ao de classe, numa perspectiva marxista.","original_language":"pt-BR","publication_date":"2023-08-22","duration":0,"url":"https:\/\/www.youtube.com\/watch?v=frTz26XuP2o","thumbnail":"thumbnails\/frTz26XuP2o.jpg"},{"video_id":"U-cZ1CIHPHs","channel_id":"UCWBk05FplU93JomQ345w24Q","title":"Pol\u00eamica com Jones Manoel | \u00c1frica Ocidental, Mandela e Blocos Progressistas","description":"Neste v\u00eddeo polemizamos com o Jones Manoel,  Youtuber do PCB sobre as rebeli\u00f5es que ocorrem na \u00c1frica Ocidental, pol\u00edtica de Repara\u00e7\u00f5es Hist\u00f3ricas, Nelson Mandela e outros temas correlatos.\n Assista o v\u00eddeo -  https:\/\/youtu.be\/ERWewWBDZ7A\n_______________________________\n\nSIGA-ME NAS REDES SOCIAIS\n\nInstagram: https:\/\/www.instagram.com\/hertzdias\/\nFacebook: https:\/\/www.facebook.com\/HertzCDias\n_______________________________\n\nNo CANAL DO HERTZ  \u2014 RA\u00c7A, CLASSE & REVOLU\u00c7\u00c3O, vamos debater temas ligados a quest\u00e3o racial, combinado ao de classe, numa perspectiva marxista.","original_language":"pt-BR","publication_date":"2023-08-13","duration":0,"url":"https:\/\/www.youtube.com\/watch?v=U-cZ1CIHPHs","thumbnail":"thumbnails\/U-cZ1CIHPHs.jpg"},{"video_id":"ERWewWBDZ7A","channel_id":"UCWBk05FplU93JomQ345w24Q","title":"Pol\u00eamica com Jones Manoel: \u00c1frica Ocidental, Mandela e blocos progressistas","description":"Neste v\u00eddeo polemizamos com o  youtuber Jones Manoel sobre as rebeli\u00f5es que ocorrem na \u00c1frica Ocidental, pol\u00edtica de repara\u00e7\u00f5es hist\u00f3ricas, Nelson Mandela e outros temas correlatos.\n\n_______________________________\n\nLinks citados: \n\u2014 'O que est\u00e1 acontecendo na \u00c1frica Ocidental' :\/\/www.youtube.com\/watch?v=UCC-c43RAoU   \n\n\u2014 'Nelson Mandela, Marxismo e a luta contra o apartheid\":   https:\/\/www.youtube.com\/watch?v=R1USu4MNKp4\n\n_______________________________\n\nSIGA-ME NAS REDES SOCIAIS\n\nInstagram: https:\/\/www.instagram.com\/hertzdias\/ \nFacebook: https:\/\/www.facebook.com\/HertzCDias\n_______________________________\n\nNo CANAL DO HERTZ  \u2014 RA\u00c7A, CLASSE & REVOLU\u00c7\u00c3O, vamos debater temas ligados a quest\u00e3o racial, combinado ao de classe, numa perspectiva marxista.","original_language":"pt-BR","publication_date":"2023-08-12","duration":0,"url":"https:\/\/www.youtube.com\/watch?v=ERWewWBDZ7A","thumbnail":"thumbnails\/ERWewWBDZ7A.jpg"},{"video_id":"2PUlwb6tvoA","channel_id":"UCpfZpmQ8hS3RbQ5GsXZw4KQ","title":"Solidaridad con las y los obreros de Ucrania","description":"Una de las duras consecuencias de la invasi\u00f3n rusa de Ucrania fue la destrucci\u00f3n de la presa de Kakhovka. Yuri Samoilov, del Sindicato Independiente de Mineros de Kryvyi Rih, informa sobre la situaci\u00f3n actual y pide apoyo internacional para la construcci\u00f3n de un pozo que recoja agua potable para la poblaci\u00f3n y los trabajadores que luchan en el frente de la guerra.","original_language":"pt","publication_date":"2023-08-03","duration":0,"url":"https:\/\/www.youtube.com\/watch?v=2PUlwb6tvoA","thumbnail":"thumbnails\/2PUlwb6tvoA.jpg"},{"video_id":"gT25QT76e6c","channel_id":"UCWBk05FplU93JomQ345w24Q","title":"ESPECIAL HAITI | Bush, Lula e os generais bolsonaristas no Haiti [V\u00eddeo #02]","description":"Neste v\u00eddeo, 2\u00b0 epis\u00f3dio da s\u00e9rie especial sobre o Haiti, tratamos da interven\u00e7\u00e3o militar no Haiti ocorrida em 2004 a mando de  Bush (ent\u00e3o presidente dos Estados Unidos),  comandada pelo governo Lula (ent\u00e3o presidente do Brasil) e executada pelo generais que em 2018 foram compor o alto escal\u00e3o do governo Bolsonaro.\n_______________________________\n\nSIGA-ME NAS REDES SOCIAIS\n\nInstagram: https:\/\/www.instagram.com\/hertzdias\/\nFacebook: https:\/\/www.facebook.com\/HertzCDias\n_______________________________\n\nNo CANAL DO HERTZ  \u2014 RA\u00c7A, CLASSE & REVOLU\u00c7\u00c3O, vamos debater temas ligados a quest\u00e3o racial, combinado ao de classe, numa perspectiva marxista.","original_language":"pt-BR","publication_date":"2023-07-27","duration":0,"url":"https:\/\/www.youtube.com\/watch?v=gT25QT76e6c","thumbnail":"thumbnails\/gT25QT76e6c.jpg"},{"video_id":"d6iJUbpF59w","channel_id":"UCWBk05FplU93JomQ345w24Q","title":"ESPECIAL HAITI | Revolu\u00e7\u00e3o negra e escrava [V\u00eddeo #01]","description":"Numa perspectiva marxista, daremos inicio uma s\u00e9rie especial sobre o nosso querido Haiti.\n\nNo primeiro v\u00eddeo da s\u00e9rie, abordamos o rico processo de lutas que levaram os escravos do Haiti a derrotar os ex\u00e9rcitos da Espanha, da poderos\u00edss\u00edma Inglaterra e da n\u00e3o mesmo poderosa Fran\u00e7a de Napole\u00e3o Bonaparte. \u00c9 pouco?\n\nAl\u00e9m desses feitos hist\u00f3ricos, os haitianos ainda aboliram a escravid\u00e3o, quase um s\u00e9culo antes da aboli\u00e7\u00e3o da escravid\u00e3o no Brasil, e conquistaram a independ\u00eancia do pa\u00eds, definitivamente, em 1804.\n_______________________________\n\nPIX DO CANAL DO HERTZ\n\nChave PIX (e-mail): canaldohertz@gmail.com\n\n_______________________________\n\nREFER\u00caNCIAS CITADAS NESTE V\u00cdDEO\n\n\u2013 \u201cO marxismo e as opress\u00f5es \u2013 Teses sobre opress\u00f5es (LIT-QI)\u201d, organizado por Mari\u00facha Fontana | Editora Sundermann: https:\/\/bit.ly\/3O0nt23\n_______________________________\n\nSIGA-ME NAS REDES SOCIAIS\n\nInstagram: https:\/\/www.instagram.com\/hertzdias\/\nFacebook: https:\/\/www.facebook.com\/HertzCDias","original_language":"pt-BR","publication_date":"2023-07-20","duration":0,"url":"https:\/\/www.youtube.com\/watch?v=d6iJUbpF59w","thumbnail":"thumbnails\/d6iJUbpF59w.jpg"},{"video_id":"JpP4-NxqwHY","channel_id":"UCWBk05FplU93JomQ345w24Q","title":"S\u00e9rie Haiti | A revolu\u00e7\u00e3o escrava vitoriosa da hist\u00f3ria da humanidade","description":"Gravamos o primeiro epis\u00f3dio da s\u00e9rie especial sobre o Haiti para o nosso \"Canal do Hertz: Ra\u00e7a, Classe e Revolu\u00e7\u00e3o\". Ficou muito da hora.\n\nO Haiti foi o pa\u00eds que fez a \u00fanica revolu\u00e7\u00e3o escrava vitoriosa da hist\u00f3ria da humanidade, derrotando os ex\u00e9rcitos da Espanha, da Inglaterra e da Fran\u00e7a de Napole\u00e3o Bonaparte.\n\nEsse primeiro v\u00eddeo abordou justamente a da Guerra de Independ\u00eancia. Quinta feira, 20\/07, \u00e0s 12h, estar\u00e1 no ar!\n\n_______________________________\n\nSIGA-ME NAS REDES SOCIAIS\n\nInstagram: https:\/\/www.instagram.com\/hertzdias\/\nFacebook: https:\/\/www.facebook.com\/HertzCDias\n_______________________________\n\nNo CANAL DO HERTZ  \u2014 RA\u00c7A, CLASSE & REVOLU\u00c7\u00c3O, vamos debater temas ligados a quest\u00e3o racial, combinado ao de classe, numa perspectiva marxista.","original_language":"pt-BR","publication_date":"2023-07-17","duration":0,"url":"https:\/\/www.youtube.com\/watch?v=JpP4-NxqwHY","thumbnail":"thumbnails\/JpP4-NxqwHY.jpg"},{"video_id":"IcjPEMCi4-E","channel_id":"UCWBk05FplU93JomQ345w24Q","title":"FRAN\u00c7A | Rebeli\u00e3o antirracista","description":"Neste v\u00eddeo, passamos a vis\u00e3o na rebeli\u00e3o antirracista que incendiou a Fran\u00e7a, um dos pa\u00edses mais poderosos do mundo.\n\nBuscamos analisar suas causas,  impactos, limites, diferen\u00e7as e similaridade com outras rebeli\u00f5es antirracistas como a dos EUA de 2020, e suas perspectivas para a luta de ra\u00e7a e de classe no continente europeu e em todo o planeta.\n_______________________________\n\nSIGA-ME NAS REDES SOCIAIS\n\nInstagram: https:\/\/www.instagram.com\/hertzdias\/\nFacebook: https:\/\/www.facebook.com\/HertzCDias\n_______________________________\n\nNo CANAL DO HERTZ  \u2014 RA\u00c7A, CLASSE & REVOLU\u00c7\u00c3O, vamos debater temas ligados a quest\u00e3o racial, combinado ao de classe, numa perspectiva marxista.","original_language":"pt-BR","publication_date":"2023-07-06","duration":0,"url":"https:\/\/www.youtube.com\/watch?v=IcjPEMCi4-E","thumbnail":"thumbnails\/IcjPEMCi4-E.jpg"},{"video_id":"w74n8pGYCgA","channel_id":"UCWBk05FplU93JomQ345w24Q","title":"FOGO NOS RACISTAS! Li\u00e7\u00f5es e perspectivas da rebeli\u00e3o antirracista que incendiou a Fran\u00e7a","description":"https:\/\/youtu.be\/IcjPEMCi4-E\nNeste v\u00eddeo passamos a vis\u00e3o na rebeli\u00e3o antirracista que incendiou a Fran\u00e7a, um dos pa\u00edses mais poderosos do mundo.\nBuscamos analisar suas causas,  impactos, limites, diferen\u00e7as e similaridade com outras rebeli\u00f5es antirracistas como a dos EUA de 2020, e suas perspectivas para a luta de ra\u00e7a e de classe no continente europeu e em todo o planeta.\n_______________________________\n\nSIGA-ME NAS REDES SOCIAIS\n\nInstagram: https:\/\/www.instagram.com\/hertzdias\/\nFacebook: https:\/\/www.facebook.com\/HertzCDias\n_______________________________\n\nNo CANAL DO HERTZ  \u2014 RA\u00c7A, CLASSE & REVOLU\u00c7\u00c3O, vamos debater temas ligados a quest\u00e3o racial, combinado ao de classe, numa perspectiva marxista.","original_language":"pt-BR","publication_date":"2023-07-06","duration":0,"url":"https:\/\/www.youtube.com\/watch?v=w74n8pGYCgA","thumbnail":"thumbnails\/w74n8pGYCgA.jpg"},{"video_id":"6LV1rQOpTvo","channel_id":"UCWBk05FplU93JomQ345w24Q","title":"O que se passa em Angola","description":"_______________________________\n\nSIGA-ME NAS REDES SOCIAIS\n\nInstagram: https:\/\/www.instagram.com\/hertzdias\/\nFacebook: https:\/\/www.facebook.com\/HertzCDias\n_______________________________\n\nNo CANAL DO HERTZ  \u2014 RA\u00c7A, CLASSE & REVOLU\u00c7\u00c3O, vamos debater temas ligados a quest\u00e3o racial, combinado ao de classe, numa perspectiva marxista.","original_language":"pt-BR","publication_date":"2023-06-29","duration":0,"url":"https:\/\/www.youtube.com\/watch?v=6LV1rQOpTvo","thumbnail":"thumbnails\/6LV1rQOpTvo.jpg"},{"video_id":"9HUXEYasIJE","channel_id":"UCWBk05FplU93JomQ345w24Q","title":"ANGOLA | Rebeli\u00e3o popular e repress\u00e3o do MPLA","description":"Neste v\u00eddeo tratamos de uma rebeli\u00e3o popular em curso em Angola contra a ditadura stalinista do MPLA (Movimento Popular de Liberta\u00e7\u00e3o de Angola), cujo estopim foi o aumento do pre\u00e7o dos combust\u00edveis.\n\nPara isso, convidamos o camarada Jos\u00e9 Hata \u2014 professor , rapper e membro do Movimento Hip Hop Terceira Divis\u00e3o \u2014 para fazer a caracteriza\u00e7\u00e3o desta rebeli\u00e3o. Jos\u00e9 Hata foi preso pol\u00edtico do regime do MPLA por mais de 1 ano.\n_______________________________\n\nSIGA-ME NAS REDES SOCIAIS\n\nInstagram: https:\/\/www.instagram.com\/hertzdias\/\nFacebook: https:\/\/www.facebook.com\/HertzCDias\n_______________________________\n\nNo CANAL DO HERTZ  \u2014 RA\u00c7A, CLASSE & REVOLU\u00c7\u00c3O, vamos debater temas ligados a quest\u00e3o racial, combinado ao de classe, numa perspectiva marxista.","original_language":"pt-BR","publication_date":"2023-06-29","duration":0,"url":"https:\/\/www.youtube.com\/watch?v=9HUXEYasIJE","thumbnail":"thumbnails\/9HUXEYasIJE.jpg"},{"video_id":"gmHdxVW_GBs","channel_id":"UCRLEkZpNRoZQBG8kUTBD8vQ","title":"O que \u00e9 HIP\u00d3TESE e TEORIA cient\u00edfica | RELIGI\u00c3O E CI\u00caNCIA EP #197","description":"TEORIA E HIP\u00d3TESES CIENT\u00cdFICAS\n\nTodas as hip\u00f3teses cient\u00edficas s\u00e3o baseadas em evid\u00eancias s\u00f3lidas, isto n\u00e3o faz da hip\u00f3tese teoria. Uma teoria \u00e9 muito mais do que algo fundamentado em evid\u00eancia.\n\nO Big Bang como fen\u00f4meno c\u00f3smico \u00c9 UMA TEORIA CIENT\u00cdFICA. Baseia-se em uma variedade de evid\u00eancias te\u00f3ricas e observacionais\n 1) infer\u00eancias a partir das  equa\u00e7\u00f5es da relatividade geral de Albert Einstein ou, melhor, implica\u00e7\u00f5es cosmol\u00f3gicas da teoria da relatividade geral de Albert Einstein.\n 2) como a expans\u00e3o do universo, \n 3) a radia\u00e7\u00e3o c\u00f3smica de fundo em micro-ondas, \n 4) a abund\u00e2ncia de elementos leves: cerca de 75% da massa observ\u00e1vel do universo \u00e9 composta de hidrog\u00eanio e cerca de 24% \u00e9 composta de h\u00e9lio,\n \n\nOs modelos espec\u00edficos do Big Bang S\u00c3O HIP\u00d3TESES CIENT\u00cdFICAS\n 1) os modelos espec\u00edficos, como o Lambda-CDM (modelo Lambda de mat\u00e9ria escura fria), s\u00e3o constru\u00e7\u00f5es te\u00f3ricas que buscam explicar e descrever as caracter\u00edsticas, estrutura e a evolu\u00e7\u00e3o do universo, incluindo o Big Bang\n Pressupostos:\n A) Princ\u00edpio cosmol\u00f3gico: postula universo homog\u00eaneo e isotr\u00f3pico em larga escala.\n B) Energia escura: Lambda (\u039b) \u00e9 uma energia hipot\u00e9tica que preenche todo o espa\u00e7o e causa uma acelera\u00e7\u00e3o na expans\u00e3o do universo.\n C) Mat\u00e9ria escura fria: interage gravitacionalmente, mas n\u00e3o eletromagneticamente e n\u00e3o emite luz. \n\n\u00c9 poss\u00edvel um fen\u00f4meno ser cientificamente fundamentado, sem que exista ainda uma teoria cient\u00edfica consolidada que o explique? \u00c9 \u00f3bvio que sim. Um exemplo \u00e9 a gravidade em Newton. A gravidade passou a ser um fen\u00f4menos cientificamente fundamentado, mas n\u00e3o se fazia nem ideia de como explic\u00e1-la. Isto apenas aconteceu com a relatividade geral de \n\nPerguntas a serem respondidas\n1) Falseabilidade de uma teoria: nenhuma teoria cient\u00edfica pode ser falseada porque se encontrou um fen\u00f4meno que a CONTRADIZ.\n2) Como fica ent\u00e3o a verificabilidade da teoria?\n3) Arist\u00f3teles n\u00e3o preveu nada de certo\n4) Sistema de ptolomeu n\u00e3o previa nada, era puramente emp\u00edrico e poderia sempre ser ajustado a posi\u00e7\u00e3o relativa dos planetas\n\n0:00 In\u00edcio\n3:10 HIP\u00d3TESE E TEORIA CIENT\u00cdFICA\n5:46 A TEORIA DO BIG BANG\n19:10 A HIP\u00d3TESE DO BIG BANG\n28:40 CRIACIONISMO\n31:00 FALSEABILIDADE\n36:00 VERIFICABILIDADE\n39:50 ARIST\u00d3TELES E PTOLOMEU\n_____________________________________________________________________________\nV\u00eddeo sugerido: \nCI\u00caNCIA E RELIGI\u00c3O | Tem como \"FALSEAR\" uma teoria cient\u00edfica? EP #196 \n https:\/\/youtu.be\/4XMQrCCfVow \n_____________________________________________________________________________\nSEJA MEMBRO e apoie o canal. Bot\u00e3o ADERIR acima ou: \nhttps:\/\/www.youtube.com\/channel\/UCRLEkZpNRoZQBG8kUTBD8vQ\/join\n\nV\u00eddeo sobre ser membro do canal:\nhttps:\/\/www.youtube.com\/watch?v=drvou-obBVU\n_____________________________________________________________________________\nSiga as p\u00e1ginas do canal Orienta\u00e7\u00e3o Marxista nas Redes Sociais\n\nFACEBOOK:    https:\/\/www.facebook.com\/Orienta\u00e7\u00e3o-Marxista-111673690190915\nTWITTER:       https:\/\/twitter.com\/orient_marxista\nINSTAGRAM: https:\/\/www.instagram.com\/orient.marxista\n_____________________________________________________________________________\nLeia o blog Teoria e Revolu\u00e7\u00e3o:\nhttps:\/\/teoriaerevolucao.pstu.org.br\n_____________________________________________________________________________\nO livro do autor desse canal (Marx e a Hist\u00f3ria: das particularidades nacionais \u00e0 universalidade da revolu\u00e7\u00e3o socialista )  pode ser adquirido nos seguintes endere\u00e7os:\nhttps:\/\/editorasundermann.com.br\/livro\/96-marx-e-a-hist%C3%B3ria\nhttps:\/\/www.estantevirtual.com.br\/busca?utf8=%E2%9C%93&q=gustavo+machado+marx\n\n#Criacionismo #Ci\u00eancia #metodocientifico","original_language":"pt-BR","publication_date":"2023-06-26","duration":0,"url":"https:\/\/www.youtube.com\/watch?v=gmHdxVW_GBs","thumbnail":"thumbnails\/gmHdxVW_GBs.jpg"},{"video_id":"CpvRptFfkiE","channel_id":"UCWBk05FplU93JomQ345w24Q","title":"Salve fam\u00edlia! V\u00eddeo novo ar | As Jornadas de Junho e a luta contra o racismo","description":"https:\/\/youtu.be\/O61v32fePy0 \nNeste v\u00eddeo fizemos um recorte de ra\u00e7a e de classe das Jornadas de Julho de 2013, resgatando in\u00fameros acontecimentos important\u00edssimos que demostram o qu\u00e3o progressista foi essa rebeli\u00e3o para a quest\u00e3o negra e para o conjunto da proletariado brasileiro. Acontecimentos estes que desmontam as narrativas falaciosas de que as Jornadas de Junho foram reacion\u00e1rias.\n_______________________________\n\nSIGA-ME NAS REDES SOCIAIS\n\nInstagram: https:\/\/www.instagram.com\/hertzdias\/\nFacebook: https:\/\/www.facebook.com\/HertzCDias\n_______________________________\n\nNo CANAL DO HERTZ  \u2014 RA\u00c7A, CLASSE & REVOLU\u00c7\u00c3O, vamos debater temas ligados a quest\u00e3o racial, combinado ao de classe, numa perspectiva marxista.","original_language":"pt-BR","publication_date":"2023-06-23","duration":0,"url":"https:\/\/www.youtube.com\/watch?v=CpvRptFfkiE","thumbnail":"thumbnails\/CpvRptFfkiE.jpg"},{"video_id":"O61v32fePy0","channel_id":"UCWBk05FplU93JomQ345w24Q","title":"As Jornadas de Junho de 2013 e a luta contra o racismo","description":"Neste v\u00eddeo fizemos um recorte de ra\u00e7a e de classe das Jornadas de Julho de 2013, resgatando in\u00fameros acontecimentos important\u00edssimos que demostram o qu\u00e3o progressista foi essa rebeli\u00e3o para a quest\u00e3o negra e para o conjunto da proletariado brasileiro. Acontecimentos estes que desmontam as narrativas falaciosas de que as Jornadas de Junho foram reacion\u00e1rias.\n_______________________________\n\nSIGA-ME NAS REDES SOCIAIS\n\nInstagram: https:\/\/www.instagram.com\/hertzdias\/\nFacebook: https:\/\/www.facebook.com\/HertzCDias\n_______________________________\n\nNo CANAL DO HERTZ  \u2014 RA\u00c7A, CLASSE & REVOLU\u00c7\u00c3O, vamos debater temas ligados a quest\u00e3o racial, combinado ao de classe, numa perspectiva marxista.","original_language":"pt-BR","publication_date":"2023-06-23","duration":0,"url":"https:\/\/www.youtube.com\/watch?v=O61v32fePy0","thumbnail":"thumbnails\/O61v32fePy0.jpg"},{"video_id":"3A43LcYAcqo","channel_id":"UCWBk05FplU93JomQ345w24Q","title":"CORTES TEM\u00c1TICOS | A diferen\u00e7a entre os EUA e o Brasil","description":"Neste v\u00eddeo, numa perspectiva marxista, analisamos as diferen\u00e7a e as igualdades da quest\u00e3o racial no Brasil e EUA.\n\nEste v\u00eddeo \u00e9 um corte da live \"Racismo: entre a pol\u00edtica de classe e o identitarismo\", que participei no dia 12\/06\/2023.\n_______________________________ \n\nPIX DO CANAL DO HERTZ Chave PIX (e-mail): canaldohertz@gmail.com\n_______________________________ \n\nTEXTO SOBRE O TEMA\n \u2013 \u2018As revoltas negras no Brasil e a constru\u00e7\u00e3o do \u2018Homem cordial\u2019: O caso Jo\u00e3o Pedro e a rea\u00e7\u00e3o negra norte-americana\u2019, de Rosenverck Estrela: https:\/\/bit.ly\/3PhYE3U\n_______________________________ \n\nSIGA-ME NAS REDES SOCIAIS \nInstagram: https:\/\/www.instagram.com\/hertzdias\/ \nFacebook: https:\/\/www.facebook.com\/HertzCDias","original_language":"pt-BR","publication_date":"2023-06-15","duration":0,"url":"https:\/\/www.youtube.com\/watch?v=3A43LcYAcqo","thumbnail":"thumbnails\/3A43LcYAcqo.jpg"},{"video_id":"TvIkeXPsKik","channel_id":"UCWBk05FplU93JomQ345w24Q","title":"CORTES TEM\u00c1TICOS | A luta por igualdades de direitos e o Marco Temporal","description":"Neste v\u00eddeo, numa perspectiva marxista, analisamos a luta por igualdade de direitos e o Marco Temporal, que legaliza o roubo das terras ind\u00edgenas e avan\u00e7a no genoc\u00eddio dos povos origin\u00e1rios. \n\nEste v\u00eddeo \u00e9 um corte da live \"Racismo: entre a pol\u00edtica de classe e o identitarismo\", que participei no dia 12\/06\/2023.\n\n _______________________________ \n\nPIX DO CANAL DO HERTZ Chave PIX (e-mail): canaldohertz@gmail.com\n\n_______________________________ \n\nTEXTOS SOBRE O TEMA\n \u2013 'Marco Temporal: E o governo deixa passar a boiada sobre ind\u00edgenas para agradar o agro', de Jeferson Choma: https:\/\/bit.ly\/3Nx6Zj6\n\n_______________________________ \n\nSIGA-ME NAS REDES SOCIAIS \nInstagram: https:\/\/www.instagram.com\/hertzdias\/ \nFacebook: https:\/\/www.facebook.com\/HertzCDias","original_language":"pt-BR","publication_date":"2023-06-15","duration":0,"url":"https:\/\/www.youtube.com\/watch?v=TvIkeXPsKik","thumbnail":"thumbnails\/TvIkeXPsKik.jpg"},{"video_id":"kZxBnHE9RX8","channel_id":"UCWBk05FplU93JomQ345w24Q","title":"PL 490\/2007, PL do genoc\u00eddio dos povos origin\u00e1rios.","description":"\ud83d\udcfd\ufe0fTem v\u00eddeo Novo no Ar\ud83d\udcfd\ufe0f\n\ud83d\udcf1Canal do Hertz: Ra\u00e7a, Classe e Revolu\u00e7\u00e3o\"\n\nO tema central \u00e9 o PL 490\/2007, PL do genoc\u00eddio dos povos origin\u00e1rios.\n\n#povosind\u00edgenas #povosoriginarios #pl490n\u00e3o #genocidiodospovosindigenas #racaeclasse #hertzdias\n_______________________________\n\nSIGA-ME NAS REDES SOCIAIS\n\nInstagram: https:\/\/www.instagram.com\/hertzdias\/\nFacebook: https:\/\/www.facebook.com\/HertzCDias\n_______________________________\n\nNo CANAL DO HERTZ  \u2014 RA\u00c7A, CLASSE & REVOLU\u00c7\u00c3O, vamos debater temas ligados a quest\u00e3o racial, combinado ao de classe, numa perspectiva marxista.","original_language":"pt-BR","publication_date":"2023-06-08","duration":0,"url":"https:\/\/www.youtube.com\/watch?v=kZxBnHE9RX8","thumbnail":"thumbnails\/kZxBnHE9RX8.jpg"},{"video_id":"5kiSLxsvBLU","channel_id":"UCWBk05FplU93JomQ345w24Q","title":"RACISMO | 10 apontamentos sobre o caso Viny Jr.","description":"Neste v\u00eddeo, fazemos uma abordagem pol\u00edtica para identificar o que se esconde por tr\u00e1s dos ataques racistas a Vin\u00edcius Jr. e do crescimento da ultradireita na Europa. Tamb\u00e9m criticamos a postura vacilante e conivente da esquerda reformista europeia diante desse processo. Bem como, apontamos como os revolucion\u00e1rios devem atuar diante desses casos de racismo.\n_______________________________\n\nPIX DO CANAL DO HERTZ\n\nChave PIX (e-mail): canaldohertz@gmail.com\n\n_______________________________\n\nREFER\u00caNCIAS CITADAS NESTE V\u00cdDEO\n\n\u2013 \u2018Teoria da Grande Substitui\u00e7\u00e3o\u2019, texto de Shirley Raposo: https:\/\/bit.ly\/3N8IqIM\n\n_______________________________\n\nSIGA-ME NAS REDES SOCIAIS\n\nInstagram: https:\/\/www.instagram.com\/hertzdias\/\nFacebook: https:\/\/www.facebook.com\/HertzCDias","original_language":"pt-BR","publication_date":"2023-06-01","duration":0,"url":"https:\/\/www.youtube.com\/watch?v=5kiSLxsvBLU","thumbnail":"thumbnails\/5kiSLxsvBLU.jpg"},{"video_id":"4XMQrCCfVow","channel_id":"UCRLEkZpNRoZQBG8kUTBD8vQ","title":"CI\u00caNCIA E RELIGI\u00c3O | Tem como \"FALSEAR\" uma teoria cient\u00edfica? EP #196","description":"Nenhuma teoria cient\u00edfica foi e jamais ser\u00e1 \"falseada\" com exemplos puro e simples. \n\n\nEm hip\u00f3tese alguma uma teoria, ou mesmo uma hip\u00f3tese cient\u00edfica, pode ser falseada porque foi encontrado um caso em que ela n\u00e3o funciona.\n\nPORQUE \u00c9 IMPOSS\u00cdVEL FALSEAR UMA TEORIA APENAS COM CASOS ESPEC\u00cdFICOS\n 1) Em ci\u00eancias naturais o desconhecido \u00e9 muito maior que o conhecido\n\nO que confere a uma elabora\u00e7\u00e3o a for\u00e7a de uma teoria \u00e9 o que ela tem de verdade, por limitada que ela seja, e n\u00e3o o fato de veicular erros, quaisquer que seja.\n\n1) F\u00cdSICA ARISTOT\u00c9LICA E F\u00cdSICA NEWTONIANA; \n Astronomia e f\u00edsica eram regidos por princ\u00edpios e leis diferentes\n A matem\u00e1tica se aplicava apenas aos objetos astron\u00f4nimos\n F\u00edsica aristot\u00e9lica\n   seres animados tem em si mesmo o princ\u00edpio de seu movimento\n   seres inanimados precisam ser movido por outros\n  a) todas as coisas se movem em base a um movente ou um motor que a move\n  b) o movimento necessita, tamb\u00e9m, o CONTATO material entre movente e movido\n  c) todas as coisas tendem ao seu lugar natural\n   I) Coisas pesadas tendem a se mover na dire\u00e7\u00e3o do centro da terra\n   II) a \u00e1gua tendia a se mover para baixo, ocupando regi\u00f5es intermedi\u00e1rias\n   III) ocupava o espa\u00e7o acima da \u00e1gua e da terra\n   IV) fogo tendia a se mover em dire\u00e7\u00e3o ao c\u00e9u\n  O que a f\u00edsica de Arist\u00f3teles n\u00e3o explicava: movimento de um proj\u00e9til\n  \n  Tentativa AD DOC: f\u00edsica do IMPETUS: Corpo impulsionado adquire uma for\u00e7a ou energia interna (impetus) que o mantinha em movimento, mesmo ap\u00f3s o motor do movimento ter cessado. \n\n Os elementos da nova teoria foram dados por Galileu, para ele:\n  1) A astronomia e a f\u00edsica eram regidas pelas mesmas leis\n  2) A matem\u00e1tica se aplicava por igual aos objetos supralunares e sublunares\n  3) Desenvolveu uma primeira vers\u00e3o do que veio a ser a Lei da In\u00e9rcia.\n\n2) PTOLOMEU E COP\u00c9RNICO: ptolomeu falseado por Galileu com as fases de v\u00eanus\n 1) Galileu notou que o planeta passava por uma sequ\u00eancia completa de fases, assim como a Lua: crescente, cheia, minguante e nova.\n 2) Segundo os pressupostos de Ptolomeu, por exemplo, uma fase \"nova\" seria imposs\u00edvel.\n\n GALILEU FOI MOVIDO POR CONCEP\u00c7\u00d5ES RELIGIOSAS\n  Ele acreditava que Deus escreveu o mundo em caracteres matem\u00e1ticos\n  Vis\u00e3o plat\u00f4nica de mundo versus vis\u00e3o aristot\u00e9lica.\n \n Se Galileu tivesse observado as fases de V\u00eanus e n\u00e3o existisse a teoria copernicana, a teoria de Ptolomeu n\u00e3o teria sido derrubada e falseada em sentido algum\n \n3) Teoria da relatividade especial\n 1) EQUA\u00c7\u00d5ES DE MAXWELL: De acordo com as equa\u00e7\u00f5es de Maxwell, a luz \u00e9 uma onda eletromagn\u00e9tica que se propaga a uma velocidade constante no v\u00e1cuo. As equa\u00e7\u00f5es de Maxwell eram incompat\u00edveis com a mec\u00e2nica cl\u00e1ssica de Newton, em particular espa\u00e7o e o tempo como entidades separadas e absolutas. .\n 2) EXPERIMENTO DE MICHELSON-MORLEY: \u00e9ter lumin\u00edfero, que era uma subst\u00e2ncia hipot\u00e9tica que se acreditava ser o meio de propaga\u00e7\u00e3o da luz. A Terra, em seu movimento pelo espa\u00e7o, deveria estar se movendo atrav\u00e9s do \u00e9ter, o que afetaria a velocidade da luz medida em diferentes dire\u00e7\u00f5es. Eles n\u00e3o encontraram nenhuma diferen\u00e7a significativa na velocidade da luz medida em diferentes dire\u00e7\u00f5es. Mas com isso, caiu a ideia de um espa\u00e7o absoluto e do tempo absoluto.\n\n0:00 In\u00edcio\n2:29 FALSEABILIDADE\n10:17 RELIGI\u00c3O E CI\u00caNCIA\n12:43 O QUE \u00c9 CI\u00caNCIA\n15:38 F\u00cdSICA ARISTOT\u00c9LICA\n24:08 IMPETUS\n27:45 PTOLOMEU\n31:53 COP\u00c9RNICO E PLAT\u00c3O\n37:50 GALILEU E V\u00caNUS\n37:50 GALILEU E ARIST\u00d3TELES\n44:54 NEWTON\n50:22 EINSTEIN\n_____________________________________________________________________________\nV\u00eddeo sugerido: \n RELIGI\u00c3O e CI\u00caNCIA | Dicas a Felipe Hime, S\u00e9rgio Sacani e Pirula EP #195 \nhttps:\/\/www.youtube.com\/watch?v=GgSQ_aSDACM\n\n_____________________________________________________________________________\nSEJA MEMBRO e apoie o canal. Bot\u00e3o ADERIR acima ou: \nhttps:\/\/www.youtube.com\/channel\/UCRLEkZpNRoZQBG8kUTBD8vQ\/join\n\nV\u00eddeo sobre ser membro do canal:\nhttps:\/\/www.youtube.com\/watch?v=drvou-obBVU\n_____________________________________________________________________________\nSiga as p\u00e1ginas do canal Orienta\u00e7\u00e3o Marxista nas Redes Sociais\n\nFACEBOOK:    https:\/\/www.facebook.com\/Orienta\u00e7\u00e3o-Marxista-111673690190915\nTWITTER:       https:\/\/twitter.com\/orient_marxista\nINSTAGRAM: https:\/\/www.instagram.com\/orient.marxista\n_____________________________________________________________________________\nLeia o blog Teoria e Revolu\u00e7\u00e3o:\nhttps:\/\/teoriaerevolucao.pstu.org.br\n_____________________________________________________________________________\nO livro do autor desse canal (Marx e a Hist\u00f3ria: das particularidades nacionais \u00e0 universalidade da revolu\u00e7\u00e3o socialista )  pode ser adquirido nos seguintes endere\u00e7os:\nhttps:\/\/editorasundermann.com.br\/livro\/96-marx-e-a-hist%C3%B3ria\nhttps:\/\/www.estantevirtual.com.br\/busca?utf8=%E2%9C%93&q=gustavo+machado+marx\n\n# # #","original_language":"pt-BR","publication_date":"2023-05-27","duration":0,"url":"https:\/\/www.youtube.com\/watch?v=4XMQrCCfVow","thumbnail":"thumbnails\/4XMQrCCfVow.jpg"},{"video_id":"IJhMCis61QE","channel_id":"UCpfZpmQ8hS3RbQ5GsXZw4KQ","title":"1\u00ba de Mayo en Ucrania","description":"1\u00ba de Mayo en Ucrania | Acto internacionalista del 1\u00ba de Mayo, d\u00eda de lucha internacional de la clase obrera, en Ucrania. Una fuerte expresi\u00f3n de apoyo y solidaridad hacia la causa ucraniana. Estamos por la derrota de las tropas rusas y por la integridad territorial de Ucrania.","original_language":"pt","publication_date":"2023-05-24","duration":0,"url":"https:\/\/www.youtube.com\/watch?v=IJhMCis61QE","thumbnail":"thumbnails\/IJhMCis61QE.jpg"},{"video_id":"GgSQ_aSDACM","channel_id":"UCRLEkZpNRoZQBG8kUTBD8vQ","title":"RELIGI\u00c3O e CI\u00caNCIA | Dicas a Felipe Hime, S\u00e9rgio Sacani e Pirula EP #195","description":"CRIACIONISTAS\n 1) DEBATEDORES PROFISSIONAIS: sua ferramenta n\u00e3o \u00e9 a ci\u00eancia mas RET\u00d3RICA\n  a) Ingredientes psicol\u00f3gicos para o ouvinte: fui evolucionista ... at\u00e9 que estudei\n  b) Mostrar muita convic\u00e7\u00e3o nas bobagens.\n  c) Mencionar uma enormidade de considera\u00e7\u00f5es t\u00e9cnicas: estabelecer autoridade\n  d) Falam para seu p\u00fablico: ganha-los \u00e9 a \u00fanica coisa\n\n 2) M\u00c9TODO: m\u00e9todo da pedreira\n  a) VAREJO: se questiona apenas os detalhes das teorias, jogam o resto fora\n  b) NEGATIVIDADE: argumentos apenas negativos em torno das teorias aceitas.\n  c) DOGMA: Quando se questionam suas \"hip\u00f3teses\", \u00e9 quest\u00e3o de f\u00e9. Ou seja, elas s\u00e3o inquestion\u00e1veis. Apenas o questionamento da tese alheia \u00e9 poss\u00edvel.\n  d) M\u00c9TODO DA PEDREIRA: pegue uma pedra, atire e saia correndo.\n  e) ABSTRA\u00c7\u00c3O: se n\u00e3o conseguem refutar, apelam para epistemologia abstrata\n\n 3) N\u00c3O CONSEGUEM DIFERENCIAR A CI\u00caNCIA DE SEU DOGMA\n  a) encaram a ci\u00eancia como um dogma. Se ela muda, deve ser recusada\n  b) cientistas podem, e normalmente s\u00e3o, dogm\u00e1ticos sobre suas teorias, mas a comunidade cient\u00edfica n\u00e3o.\n  \n 4) DICAS\n  1) N\u00e3o deix\u00e1-los reger o debate\n  2) N\u00e3o deix\u00e1-los mudar de assunto\n  3) Tem que preparar previamente a argumenta\u00e7\u00e3o contra os dogmas deles\n  4) Tem que estud\u00e1-los, mapear seus argumentos e os fatos comumente utilizados\n  5) Contrapor o que n\u00e3o se sabe, com o que se sabe e ped\u00ed-los para explicar em base a tese deles\n   a) acharam carbono 14 em f\u00f3sseis de milh\u00f5es de anos.\n    sim, n\u00e3o sabemos explicar, mas como vcs explicam a, b, c ,d\n    M\u00famias eg\u00edpcias: entre 2 e 4,3 mil anos atr\u00e1s. \n    Cr\u00e2nio de Luzia\n \n PORQUE ISSO ACONTECE? IRRACIONALIDADE DO CAPITALISMO\n 1) Precisa da ci\u00eancia pra desenvolver a acumula\u00e7\u00e3o de capital, mas\n  esta mesma ci\u00eancia aponta para a destrui\u00e7\u00e3o humana e natural dessa acumula\u00e7\u00e3o\n 2) O capitalismo precisa desenvolver a ci\u00eancia ao m\u00e1ximo e, mas\n  esse desenvolvimento desmascara a bab\u00e1rie capitalista\n \n A ideia, portanto, \u00e9 manter a ci\u00eancia dentro dos limites mais estreitos.\n Isso n\u00e3o ocorre por meio de nenhuma teoria conspirat\u00f3ria, mas pelo conflito gerado entre as necessidades pr\u00e1ticas do capitalismo e os efeitos pr\u00e1ticos da ci\u00eancia.\n\n_____________________________________________________________________________\nSEJA MEMBRO e apoie o canal. Bot\u00e3o ADERIR acima ou: \nhttps:\/\/www.youtube.com\/channel\/UCRLEkZpNRoZQBG8kUTBD8vQ\/join\n\nV\u00eddeo sobre ser membro do canal:\nhttps:\/\/www.youtube.com\/watch?v=drvou-obBVU\n_____________________________________________________________________________\nSiga as p\u00e1ginas do canal Orienta\u00e7\u00e3o Marxista nas Redes Sociais\n\nFACEBOOK:    https:\/\/www.facebook.com\/Orienta\u00e7\u00e3o-Marxista-111673690190915\nTWITTER:       https:\/\/twitter.com\/orient_marxista\nINSTAGRAM: https:\/\/www.instagram.com\/orient.marxista\n_____________________________________________________________________________\nLeia o blog Teoria e Revolu\u00e7\u00e3o:\nhttps:\/\/teoriaerevolucao.pstu.org.br\n_____________________________________________________________________________\nO livro do autor desse canal (Marx e a Hist\u00f3ria: das particularidades nacionais \u00e0 universalidade da revolu\u00e7\u00e3o socialista )  pode ser adquirido nos seguintes endere\u00e7os:\nhttps:\/\/editorasundermann.com.br\/livro\/96-marx-e-a-hist%C3%B3ria\nhttps:\/\/www.estantevirtual.com.br\/busca?utf8=%E2%9C%93&q=gustavo+machado+marx\n\n# # #","original_language":"pt-BR","publication_date":"2023-05-23","duration":0,"url":"https:\/\/www.youtube.com\/watch?v=GgSQ_aSDACM","thumbnail":"thumbnails\/GgSQ_aSDACM.jpg"},{"video_id":"N_0HaoWkfts","channel_id":"UCWBk05FplU93JomQ345w24Q","title":"ESCRAVID\u00c3O NO BRASIL | Capitalista x feudal: qual o sentido da transi\u00e7\u00e3o da aboli\u00e7\u00e3o no Brasil?","description":"Neste v\u00eddeo, numa perspectiva marxista, seguimos o debate sobre a escravid\u00e3o no Brasil. No v\u00eddeo #01, analisamos como deu a aboli\u00e7\u00e3o da escravid\u00e3o em nosso pa\u00eds (assista aqui: https:\/\/bit.ly\/41O2kNx). Agora, vamos explicar a ess\u00eancia da classe social que fez a transi\u00e7\u00e3o abolicionista, com quais m\u00e9todos e objetivos. Uma classe essencialmente capitalista e n\u00e3o feudal ou escravista, que preservou a grande propriedade da terra e o Estado, ajustando apenas o regime pol\u00edtico ao regime de trabalho. Tamb\u00e9m vamos polemizar com as teses stalinistas que defendiam que o Brasil colonial era feudal para justificar suas alian\u00e7as com a burguesia industrial que julgavam antifeudal e progressista.\n\n_______________________________\n\nPIX DO CANAL DO HERTZ\n\nChave PIX (e-mail): canaldohertz@gmail.com\n\n_______________________________\n\nREFER\u00caNCIAS CITADAS NESTE V\u00cdDEO\n\n\u2013 \u201cO Escravismo Colonial\u201d, de Jacob Gorender;\n\u2013 \u201cQuatro teses sobre a coloniza\u00e7\u00e3o espanhola e portuguesa nas Am\u00e9ricas\u201d, de Nahuel Moreno;\n\nREFER\u00caNCIAS \u2013 V\u00cdDEO #01\n\n\u2013 \u201cEscravos e senhores de escravos\u201d, de D\u00e9cio Freitas;\n\u2013 \u201cDial\u00e9tica radical do Brasil negro\u201d, de Cl\u00f3vis Moura;\n\u2013 \u201cOnda negra, medo branco: o negro no imagin\u00e1rio das elites no s\u00e9culo 19\u201d, de C\u00e9lia Maria Marinho de Azevedo;\n\u2013 \u201cAboli\u00e7\u00e3o: uma hist\u00f3ria da escravid\u00e3o e do anti-escravismo\u201d, de Seymour Drescher;\n\u2013 \u201cA aboli\u00e7\u00e3o\u201d, de Em\u00edlia Viotti da Costa.\n\n_______________________________\n\nSIGA-ME NAS REDES SOCIAIS\n\nInstagram: https:\/\/www.instagram.com\/hertzdias\/\nFacebook: https:\/\/www.facebook.com\/HertzCDias","original_language":"pt-BR","publication_date":"2023-05-18","duration":0,"url":"https:\/\/www.youtube.com\/watch?v=N_0HaoWkfts","thumbnail":"thumbnails\/N_0HaoWkfts.jpg"},{"video_id":"XfDp6GhoP68","channel_id":"UCWBk05FplU93JomQ345w24Q","title":"ESCRAVID\u00c3O NO BRASIL | Como se deu a aboli\u00e7\u00e3o?","description":"Neste v\u00eddeo, numa perspectiva marxista, analisamos como deu a aboli\u00e7\u00e3o da escravid\u00e3o em nosso pa\u00eds. Uma an\u00e1lise bem diferente da Hist\u00f3ria Oficial, criada e repetidamente contada h\u00e1 s\u00e9culos pela classe dominante. Aqui, vamos mostrar a hist\u00f3ria contada a partir do ponto de vista da Senzala, dos quilombos e das ruas em contraposi\u00e7\u00e3o \u00e0 Casa Grande e ao parlamento escravocrata.\n_______________________________\n\nLIVROS CITADOS\n\n\u2013 \u201cEscravos e senhores de escravos\u201d, de D\u00e9cio Freitas;\n\u2013 \u201cDial\u00e9tica radical do Brasil negro\u201d, de Cl\u00f3vis Moura;\n\u2013 \u201cOnda negra, medo branco: o negro no imagin\u00e1rio das elites no s\u00e9culo 19\u201d, de C\u00e9lia Maria Marinho de Azevedo;\n\u2013 \u201cAboli\u00e7\u00e3o: uma hist\u00f3ria da escravid\u00e3o e do anti-escravismo\u201d, de Seymour Drescher;\n\u2013 \u201cA aboli\u00e7\u00e3o\u201d, de Em\u00edlia Viotti da Costa.\n_______________________________\n\nSIGA-ME NAS REDES SOCIAIS\n\nInstagram: https:\/\/www.instagram.com\/hertzdias\/\nFacebook: https:\/\/www.facebook.com\/HertzCDias\n_______________________________\n\nNo CANAL DO HERTZ  \u2014 RA\u00c7A, CLASSE & REVOLU\u00c7\u00c3O, vamos debater temas ligados a quest\u00e3o racial, combinado ao de classe, numa perspectiva marxista.","original_language":"pt-BR","publication_date":"2023-05-11","duration":0,"url":"https:\/\/www.youtube.com\/watch?v=XfDp6GhoP68","thumbnail":"thumbnails\/XfDp6GhoP68.jpg"},{"video_id":"8bGtVLxDnJk","channel_id":"UCRLEkZpNRoZQBG8kUTBD8vQ","title":"QUEM FOI KARL MARX | Vagabundo, ma\u00e7om e globalista? EP #194","description":"QUEM FOI KARL MARX? | O homem por tr\u00e1s das narrativas malucas que s\u00e3o hoje difundidas por a\u00ed.\n1) Marx foi um vagabundo que nunca trabalhou?\n2) Levou sua fam\u00edlia a mis\u00e9ria, a morte de seus filhos e filhas?\n3) Foi financiado por globalistas ou terceiros de todos os tipos?\n4) Viveu da ajuda de Engels?\n\nConte\u00fado\n\n0) O M\u00c9TODO DOS DETRATORES\n\n1) MARX E SUAS \"LIVRES INICIATIVAS\"\n \u2192 GAZETA RENANA: assinaturas mais de 3 mil\n \u2192 ANAIS FRANCO ALEM\u00c3ES\n \u2192 NOVA GAZETA RENANA: segundo maior jornal da alemanha depois do jornal oficial\n \u2192 NEW YORK DALY TRIBUNE: tinha mais de 32 correspondentes internacionais\n  livro sobre LORD PARLMESTON\n \u2192DIE PRESSE\n \u2192 MINISTRO DO BISMARK\n \u2192 KARL VOGH (e as cal\u00fanias contra MARX)\n \u2192 MARX E O AUX\u00cdLIO DE SEU AMIGO ENGELS\n \n2) MARX E SEUS FILHOS\n \u2192 MARX E A SUA FAM\u00cdLIA\n \u2192 OS TR\u00caS FILHOS DE MARX TERIAM SE SUICIDADO\n \u2192 O FILHO QUE SUPOSTAMENTE ELE TEVE COM HELENE DEMUTH\n \u2192 A MORTE DE SEUS DOIS FILHOS HOMENS\n\n0:00 In\u00edcio\n3:11 BIOGRAFIAS SUGERIDAS\n6:10 O M\u00c9TODO DOS DETRATORES\n11:17 OS TRABALHOS DE MARX\n20:44 A AJUDA DE ENGELS\n24:49 MARX MINISTRO\n26:42 A FAM\u00cdLIA DE MARX\n28:32 OS FILHOS DE MARX\n35:16 O FILHO COM A EMPREGADA\n_____________________________________________________________________________\nV\u00eddeo sugerido: \nMARX foi um vagabundo que nunca trabalhou? EP #1\nhttps:\/\/www.youtube.com\/watch?v=dL2b_qcsEQo\n_____________________________________________________________________________\nSEJA MEMBRO e apoie o canal. Bot\u00e3o ADERIR acima ou: \nhttps:\/\/www.youtube.com\/channel\/UCRLEkZpNRoZQBG8kUTBD8vQ\/join\n\nV\u00eddeo sobre ser membro do canal:\nhttps:\/\/www.youtube.com\/watch?v=drvou-obBVU\n_____________________________________________________________________________\nSiga as p\u00e1ginas do canal Orienta\u00e7\u00e3o Marxista nas Redes Sociais\n\nFACEBOOK:    https:\/\/www.facebook.com\/Orienta\u00e7\u00e3o-Marxista-111673690190915\nTWITTER:       https:\/\/twitter.com\/orient_marxista\nINSTAGRAM: https:\/\/www.instagram.com\/orient.marxista\n_____________________________________________________________________________\nLeia o blog Teoria e Revolu\u00e7\u00e3o:\nhttps:\/\/teoriaerevolucao.pstu.org.br\n_____________________________________________________________________________\nO livro do autor desse canal (Marx e a Hist\u00f3ria: das particularidades nacionais \u00e0 universalidade da revolu\u00e7\u00e3o socialista )  pode ser adquirido nos seguintes endere\u00e7os:\nhttps:\/\/editorasundermann.com.br\/livro\/96-marx-e-a-hist%C3%B3ria\nhttps:\/\/www.estantevirtual.com.br\/busca?utf8=%E2%9C%93&q=gustavo+machado+marx\n\n#KarlMarx #Globalista #Fam\u00edlia","original_language":"pt-BR","publication_date":"2023-04-22","duration":0,"url":"https:\/\/www.youtube.com\/watch?v=8bGtVLxDnJk","thumbnail":"thumbnails\/8bGtVLxDnJk.jpg"},{"video_id":"ek5jZClc9sI","channel_id":"UCRLEkZpNRoZQBG8kUTBD8vQ","title":"CREDIT SUISSE E SVB | Capitalismo \u00e9 crise EP #193","description":"CREDIT SUISSE E BANCO DO VALE DO SIL\u00cdCIO | Capitalismo \u00e9 crise\nEntenda como a crise que se anuncia \u00e9 um problema muito mais grave, geral e org\u00e2nico do que se noticia por a\u00ed com solu\u00e7\u00f5es f\u00e1ceis e com \"causas\" supostamente localizadas.\n\n0:00 In\u00edcio\n2:47 RAZ\u00d5ES ESTRUTURAIS DA CRISE\n22:39 CRISE DE 2008\n26:44 CREDIT SUISSE E SVB\n\n_____________________________________________________________________________\nV\u00eddeo sugerido: \nCONVIDADO EXPLICA PORQUE LUCROS DE DIVIDENDOS \u00c9 ROUBO! | \u00c0 Deriva Podcast\nhttps:\/\/www.youtube.com\/watch?v=LjLjVcGPUgs\n\n_____________________________________________________________________________\nSEJA MEMBRO e apoie o canal. Bot\u00e3o ADERIR acima ou: \nhttps:\/\/www.youtube.com\/channel\/UCRLEkZpNRoZQBG8kUTBD8vQ\/join\n\nV\u00eddeo sobre ser membro do canal:\nhttps:\/\/www.youtube.com\/watch?v=drvou-obBVU\n_____________________________________________________________________________\nSiga as p\u00e1ginas do canal Orienta\u00e7\u00e3o Marxista nas Redes Sociais\n\nFACEBOOK:    https:\/\/www.facebook.com\/Orienta\u00e7\u00e3o-Marxista-111673690190915\nTWITTER:       https:\/\/twitter.com\/orient_marxista\nINSTAGRAM: https:\/\/www.instagram.com\/orient.marxista\n_____________________________________________________________________________\nLeia o blog Teoria e Revolu\u00e7\u00e3o:\nhttps:\/\/teoriaerevolucao.pstu.org.br\n_____________________________________________________________________________\nO livro do autor desse canal (Marx e a Hist\u00f3ria: das particularidades nacionais \u00e0 universalidade da revolu\u00e7\u00e3o socialista )  pode ser adquirido nos seguintes endere\u00e7os:\nhttps:\/\/editorasundermann.com.br\/livro\/96-marx-e-a-hist%C3%B3ria\nhttps:\/\/www.estantevirtual.com.br\/busca?utf8=%E2%9C%93&q=gustavo+machado+marx\n\n#CreditSuisse #Crise #Bancos","original_language":"pt-BR","publication_date":"2023-04-06","duration":0,"url":"https:\/\/www.youtube.com\/watch?v=ek5jZClc9sI","thumbnail":"thumbnails\/ek5jZClc9sI.jpg"},{"video_id":"b1HvyBjizLw","channel_id":"UCRLEkZpNRoZQBG8kUTBD8vQ","title":"AVIBRAS | Como se vende um pa\u00eds EP #192","description":"_____________________________________________________________________________\nSEJA MEMBRO e apoie o canal. Bot\u00e3o ADERIR acima ou: \nhttps:\/\/www.youtube.com\/channel\/UCRLEkZpNRoZQBG8kUTBD8vQ\/join\n\nV\u00eddeo sobre ser membro do canal:\nhttps:\/\/www.youtube.com\/watch?v=drvou-obBVU\n_____________________________________________________________________________\nSiga as p\u00e1ginas do canal Orienta\u00e7\u00e3o Marxista nas Redes Sociais\n\nFACEBOOK:    https:\/\/www.facebook.com\/Orienta\u00e7\u00e3o-Marxista-111673690190915\nTWITTER:       https:\/\/twitter.com\/orient_marxista\nINSTAGRAM: https:\/\/www.instagram.com\/orient.marxista\n_____________________________________________________________________________\nLeia o blog Teoria e Revolu\u00e7\u00e3o:\nhttps:\/\/teoriaerevolucao.pstu.org.br\n_____________________________________________________________________________\nO livro do autor desse canal (Marx e a Hist\u00f3ria: das particularidades nacionais \u00e0 universalidade da revolu\u00e7\u00e3o socialista )  pode ser adquirido nos seguintes endere\u00e7os:\nhttps:\/\/editorasundermann.com.br\/livro\/96-marx-e-a-hist%C3%B3ria\nhttps:\/\/www.estantevirtual.com.br\/busca?utf8=%E2%9C%93&q=gustavo+machado+marx\n\n#Avibras #Desindustrializa\u00e7\u00e3o #Imperialismo","original_language":"pt-BR","publication_date":"2023-03-24","duration":0,"url":"https:\/\/www.youtube.com\/watch?v=b1HvyBjizLw","thumbnail":"thumbnails\/b1HvyBjizLw.jpg"},{"video_id":"s73KpXbZpow","channel_id":"UCRLEkZpNRoZQBG8kUTBD8vQ","title":"LUIZ BARSI | Aposentando na bolsa de valores HAHAHA EP #191","description":"LUIZ BARSI | Como te enganam que um trabalhador pode se enriquecer ou se aposentar em poucos anos investindo na bolsa de valores.\nO golpe de que se vc investir toda sua contribui\u00e7\u00e3o previdenci\u00e1ria, ter\u00e1 milh\u00f5es em 30 ou 40 anos.\n_____________________________________________________________________________\nSEJA MEMBRO e apoie o canal. Bot\u00e3o ADERIR acima ou: \nhttps:\/\/www.youtube.com\/channel\/UCRLEkZpNRoZQBG8kUTBD8vQ\/join\n\nV\u00eddeo sobre ser membro do canal:\nhttps:\/\/www.youtube.com\/watch?v=drvou-obBVU\n_____________________________________________________________________________\nSiga as p\u00e1ginas do canal Orienta\u00e7\u00e3o Marxista nas Redes Sociais\n\nFACEBOOK:    https:\/\/www.facebook.com\/Orienta\u00e7\u00e3o-Marxista-111673690190915\nTWITTER:       https:\/\/twitter.com\/orient_marxista\nINSTAGRAM: https:\/\/www.instagram.com\/orient.marxista\n_____________________________________________________________________________\nLeia o blog Teoria e Revolu\u00e7\u00e3o:\nhttps:\/\/teoriaerevolucao.pstu.org.br\n_____________________________________________________________________________\nO livro do autor desse canal (Marx e a Hist\u00f3ria: das particularidades nacionais \u00e0 universalidade da revolu\u00e7\u00e3o socialista )  pode ser adquirido nos seguintes endere\u00e7os:\nhttps:\/\/editorasundermann.com.br\/livro\/96-marx-e-a-hist%C3%B3ria\nhttps:\/\/www.estantevirtual.com.br\/busca?utf8=%E2%9C%93&q=gustavo+machado+marx\n\n#luizbarsi  #bolsadevalores  #dividendos","original_language":"pt-BR","publication_date":"2023-03-22","duration":0,"url":"https:\/\/www.youtube.com\/watch?v=s73KpXbZpow","thumbnail":"thumbnails\/s73KpXbZpow.jpg"},{"video_id":"_mjBgER397c","channel_id":"UCRLEkZpNRoZQBG8kUTBD8vQ","title":"DAY TRADE E CRIPTOMOEDAS | Como identificar golpes financeiros EP #190","description":"DAY TRADE E CRIPTOMOEDAS: COMO SABER QUE \u00c9 UM GOLPE\nDepois do caso envolvendo os jogadores e ex-jogadores do Palmeiras, entenda como \u00e9 imposs\u00edvel juros mensais fixos de 2 a 10% em qualquer tipo de investimento. \nEntenda ainda o que significa a rentabilidade na forma de juros, criptomoedas e a\u00e7\u00f5es. Como \u00e9 praticamente imposs\u00edvel algu\u00e9m enriquecer no mercado financeiro e que esse serve, como regra, a quem j\u00e1 tem capital e a mais ningu\u00e9m.\n0:00 In\u00edcio\n2:47 O QUE \u00c9 PIR\u00c2MIDE FINANCEIRA?\n7:37 DE ONDE VEM O JUROS\n28:16 CRIPTOMOEDAS\n44:40 DAY TRADE\n\nCOMO IDENTIFICAR PIR\u00c2MIDES E GOLPES FINANCEIROS\n\nTODA APLICA\u00c7\u00c3O QUE PROMETE RENTABILIDADE DE 2, 3, 4, 10% AO M\u00caS \u00c9 GOLPE. TODAS\n\n1) RIQUEZA N\u00c3O VEM DO NADA: O DINHEIRO APENAS EXPRESSA A RIQUEZA PRODUZIDA\n\n 100 milh\u00f5es de reais na ind\u00fastria do a\u00e7o\n  custos de produ\u00e7\u00e3o: 80 milh\u00f5es   LUCRO BRUTO\n  custos improdutivos: 20 milh\u00f5es  LUCRO OPERACIONAL\n  120 MILH\u00d5ES DE REAIS\n  \u2192 LUCRO BRUTO: 40 MILH\u00d5ES DE REAIS\n  \u2192 LUCRO OPERACIONAL: 20 MILH\u00d5ES (EBITDA OU EBIT)\n  \u2192   JUROS: PAGOS AO BANCO: 5 MILH\u00d5ES\n  \u2192   IMPOSTOS: PAGO AO ESTADO: 5 MILH\u00d5ES\n  \u2192   LUCRO L\u00cdQUIDO: O QUE FICA COM A EMPRESA\n    10 MILH\u00d5ES\n     DIVIDENDOS\n     5% OU 5 MILH\u00d5ES\n   \n TAXA DE LUCRO: 20\/100: 20%\n JUROS: SEMPRE A DIVIS\u00c3O DA MAIS-VALIA OU A DIVIS\u00c3O DO LUCRO OPERACIONAL\n\nQUAL \u00c9 O TAMANHO DO LUCRO OPERACIONAL M\u00c9DIO DAS EMPRESAS: 15% AO ANO\n\n 2% ao m\u00eas: 26,82% ao ano\n 3% ao m\u00eas: 42,58% ao ano\n 3,5% ao m\u00eas: 51,11%\n 5% ao m\u00eas: 79,58%\n \nCOMO EXTRAIR JUROS T\u00c3O ELEVADOS DE UM LUCRO OPERACIONA QUE NA M\u00c9DIA \u00c9 15%\n\n2) SE O JUROS \u00c9 UMA DIVIS\u00c3O DO LUCRO OPERACIONAL, O QUE DETERMINA O TAMANHO DO JUROS?\n \u2192 MENOR QUE O LUCRO OPERACIONAL M\u00c9DIO DA SOCIEDADE\n  0 E 15%\n \u2192 EMPRESA PARA AS EMPRESAS S\u00c3O OS BANCOS\n  JUROS PAGOS PELOS BANCOS AOS CREDORES \u00c9 MENOR QUE JUROS QUE O BANCO COBRA DAS EMPRESAS\n  \n  15% DE LUCRO OPERACIONAL AO ANO\n  7% AO ANO\n  3% AO ANO\nPIR\u00c2MIDE E GOLPE FINANCEIRO\n\nTEORIA DO VALOR: RIQUEZA N\u00c3O VEM DO NADA.\n O DINHEIRO APENAS EXPRESSA A RIQUEZA PRODUZIDA\n\n1) CRIPTOMOEDAS\n 500% AO ANO: BITCOIN\n QUANTO VALE A CRIPTOMOEDA QUANDO ELA \u00c9 CRIADA\n  NADA\n  UMA QUANTIDADE DA RIQUEZA PRODUZIDA PASSA A SER EXPRESSA N\u00c3O MAIS EM REAL, D\u00d3LAR, EURO, MAS POR EXEMPLO EM BITCOIN OU OUTRA CRIPTOMOEDA.\n  AS CRIPTOMOEDAS TEM UMA QUANTIDADE FIXA DE MOEDA: 21 MILH\u00d5ES DE BITCOIN\n  \n3) DAY TRADE\n A\u00c7\u00d5ES DE EMPRESAS QUE VALORIZAM 100, 200 E 300%\n A\u00c7\u00d5ES CONFI\u00c1VEIS S\u00c3O AS DAS GRANDES EMPRESAS, CRESCEM RELATIVAMENTE POUCO POR ANO, MAS UM CRESCIMENTO CONSISTENTES\n \n EMPRESAS EMERGENTES PODEM CRESCER 100, 200 E 300%\n_____________________________________________________________________________\nV\u00eddeo sugerido: \n ELON MUSK: como se enriquecer ainda mais as custas dos seguidores EP #189 \nhttps:\/\/www.youtube.com\/watch?v=YrzZMRkTL-Q\n\n_____________________________________________________________________________\nSEJA MEMBRO e apoie o canal. Bot\u00e3o ADERIR acima ou: \nhttps:\/\/www.youtube.com\/channel\/UCRLEkZpNRoZQBG8kUTBD8vQ\/join\n\nV\u00eddeo sobre ser membro do canal:\nhttps:\/\/www.youtube.com\/watch?v=drvou-obBVU\n_____________________________________________________________________________\nSiga as p\u00e1ginas do canal Orienta\u00e7\u00e3o Marxista nas Redes Sociais\n\nFACEBOOK:    https:\/\/www.facebook.com\/Orienta\u00e7\u00e3o-Marxista-111673690190915\nTWITTER:       https:\/\/twitter.com\/orient_marxista\nINSTAGRAM: https:\/\/www.instagram.com\/orient.marxista\n_____________________________________________________________________________\nLeia o blog Teoria e Revolu\u00e7\u00e3o:\nhttps:\/\/teoriaerevolucao.pstu.org.br\n_____________________________________________________________________________\nO livro do autor desse canal (Marx e a Hist\u00f3ria: das particularidades nacionais \u00e0 universalidade da revolu\u00e7\u00e3o socialista )  pode ser adquirido nos seguintes endere\u00e7os:\nhttps:\/\/editorasundermann.com.br\/livro\/96-marx-e-a-hist%C3%B3ria\nhttps:\/\/www.estantevirtual.com.br\/busca?utf8=%E2%9C%93&q=gustavo+machado+marx\n\n#piramidefinanceira  #criptomoedas  #daytrade","original_language":"pt-BR","publication_date":"2023-03-15","duration":0,"url":"https:\/\/www.youtube.com\/watch?v=_mjBgER397c","thumbnail":"thumbnails\/_mjBgER397c.jpg"},{"video_id":"YrzZMRkTL-Q","channel_id":"UCRLEkZpNRoZQBG8kUTBD8vQ","title":"ELON MUSK: como se enriquecer ainda mais as custas dos seguidores EP #189","description":"_____________________________________________________________________________\nV\u00eddeo sugerido: \n ELON MUSK | [J]\u00eanio de nosso tempo EP #170 \nhttps:\/\/www.youtube.com\/watch?v=ICb70VVHrcw\n\nSpaceX e ELON MUSK: Tecnologia e capital se complementam ou se op\u00f5em? EP #51\nhttps:\/\/www.youtube.com\/watch?v=9eOszALA6sY\n\n O asteroide de ouro do ELON MUSK | FETICHE DO DINHEIRO EP #143 \nhttps:\/\/www.youtube.com\/watch?v=f-dO-UDO4q0\n\n_____________________________________________________________________________\nSEJA MEMBRO e apoie o canal. Bot\u00e3o ADERIR acima ou: \nhttps:\/\/www.youtube.com\/channel\/UCRLEkZpNRoZQBG8kUTBD8vQ\/join\n\nV\u00eddeo sobre ser membro do canal:\nhttps:\/\/www.youtube.com\/watch?v=drvou-obBVU\n_____________________________________________________________________________\nSiga as p\u00e1ginas do canal Orienta\u00e7\u00e3o Marxista nas Redes Sociais\n\nFACEBOOK:    https:\/\/www.facebook.com\/Orienta\u00e7\u00e3o-Marxista-111673690190915\nTWITTER:       https:\/\/twitter.com\/orient_marxista\nINSTAGRAM: https:\/\/www.instagram.com\/orient.marxista\n_____________________________________________________________________________\nLeia o blog Teoria e Revolu\u00e7\u00e3o:\nhttps:\/\/teoriaerevolucao.pstu.org.br\n_____________________________________________________________________________\nO livro do autor desse canal (Marx e a Hist\u00f3ria: das particularidades nacionais \u00e0 universalidade da revolu\u00e7\u00e3o socialista )  pode ser adquirido nos seguintes endere\u00e7os:\nhttps:\/\/editorasundermann.com.br\/livro\/96-marx-e-a-hist%C3%B3ria\nhttps:\/\/www.estantevirtual.com.br\/busca?utf8=%E2%9C%93&q=gustavo+machado+marx\n\n#ElonMusk #Tesla #A\u00e7\u00f5es","original_language":"pt-BR","publication_date":"2023-03-08","duration":0,"url":"https:\/\/www.youtube.com\/watch?v=YrzZMRkTL-Q","thumbnail":"thumbnails\/YrzZMRkTL-Q.jpg"},{"video_id":"JJTMixaVNFA","channel_id":"UCpfZpmQ8hS3RbQ5GsXZw4KQ","title":"Entrevista a Alfredo, del Convoy de apoyo a la resistencia ucraniana.","description":"Entrevista a Alfredo de Corriente Roja, secci\u00f3n  del Estado Espa\u00f1ol de la Liga Internacional de los Trabajadores, donde explica en qu\u00e9 consisti\u00f3 el convoy de apoyo a la resistencia Ucraniana que enfrenta a la invasi\u00f3n Rusa.","original_language":"pt","publication_date":"2023-02-23","duration":0,"url":"https:\/\/www.youtube.com\/watch?v=JJTMixaVNFA","thumbnail":"thumbnails\/JJTMixaVNFA.jpg"},{"video_id":"IXtqzqqLcOA","channel_id":"UCRLEkZpNRoZQBG8kUTBD8vQ","title":"AMERICANAS | O que n\u00e3o te contaram EP #188","description":"AMERICANAS | O que n\u00e3o te contaram\n\u279c Cai a m\u00e1scara dos \"semideuses do capitalismo mundial\"\n\u279c Fraude nas Americanas e corrup\u00e7\u00e3o no capital privado\n\u279c Rela\u00e7\u00e3o disso tudo com o capitalismo brasileiro decadente\nAmanh\u00e3 \u00e0s 10 da manh\u00e3. Quem puder, acesse no hor\u00e1rio para ajudar o canal depois do tempo de inatividade.\n\n0:00 In\u00edcio\n2:34 O QUE ACONTECEU?\n11:54 CORRUP\u00c7\u00c3O NO SETOR PRIVADO\n23:23 CAPITALISMO EM DECAD\u00caNCIA\n_____________________________________________________________________________\nV\u00eddeo sugerido:\nNando Moura e os mestres do capitalismo. Endividai-vos, disse Deus EP #52\nhttps:\/\/www.youtube.com\/watch?v=RF8NIIHwB4M\n\n_____________________________________________________________________________\nSEJA MEMBRO e apoie o canal. Bot\u00e3o ADERIR acima ou: \nhttps:\/\/www.youtube.com\/channel\/UCRLEkZpNRoZQBG8kUTBD8vQ\/join\n\nV\u00eddeo sobre ser membro do canal:\nhttps:\/\/www.youtube.com\/watch?v=drvou-obBVU\n_____________________________________________________________________________\nSiga as p\u00e1ginas do canal Orienta\u00e7\u00e3o Marxista nas Redes Sociais\n\nFACEBOOK:    https:\/\/www.facebook.com\/Orienta\u00e7\u00e3o-Marxista-111673690190915\nTWITTER:       https:\/\/twitter.com\/orient_marxista\nINSTAGRAM: https:\/\/www.instagram.com\/orient.marxista\n_____________________________________________________________________________\nLeia o blog Teoria e Revolu\u00e7\u00e3o:\nhttps:\/\/teoriaerevolucao.pstu.org.br\n_____________________________________________________________________________\nO livro do autor desse canal (Marx e a Hist\u00f3ria: das particularidades nacionais \u00e0 universalidade da revolu\u00e7\u00e3o socialista )  pode ser adquirido nos seguintes endere\u00e7os:\nhttps:\/\/editorasundermann.com.br\/livro\/96-marx-e-a-hist%C3%B3ria\nhttps:\/\/www.estantevirtual.com.br\/busca?utf8=%E2%9C%93&q=gustavo+machado+marx\n\n#Americanas #Recupera\u00e7\u00e3oJudicial #Lemann","original_language":"pt-BR","publication_date":"2023-01-21","duration":0,"url":"https:\/\/www.youtube.com\/watch?v=IXtqzqqLcOA","thumbnail":"thumbnails\/IXtqzqqLcOA.jpg"},{"video_id":"H0JUeKiu1Fc","channel_id":"UCpfZpmQ8hS3RbQ5GsXZw4KQ","title":"Mensaje Yuri Sub Ingles","description":"","original_language":"pt","publication_date":"2022-12-05","duration":0,"url":"https:\/\/www.youtube.com\/watch?v=H0JUeKiu1Fc","thumbnail":"thumbnails\/H0JUeKiu1Fc.jpg"},{"video_id":"Ri_r3-m_7JM","channel_id":"UCpfZpmQ8hS3RbQ5GsXZw4KQ","title":"mensaje Yuri Sub Port","description":"","original_language":"pt","publication_date":"2022-12-05","duration":0,"url":"https:\/\/www.youtube.com\/watch?v=Ri_r3-m_7JM","thumbnail":"thumbnails\/Ri_r3-m_7JM.jpg"},{"video_id":"vdtrF4nhYRY","channel_id":"UCpfZpmQ8hS3RbQ5GsXZw4KQ","title":"Mensaje Yuri Sub Esp","description":"","original_language":"pt","publication_date":"2022-12-05","duration":0,"url":"https:\/\/www.youtube.com\/watch?v=vdtrF4nhYRY","thumbnail":"thumbnails\/vdtrF4nhYRY.jpg"},{"video_id":"N0nMXXldE38","channel_id":"UCpfZpmQ8hS3RbQ5GsXZw4KQ","title":"V\u00eddeo 40 a\u00f1os de la LITCI sub-Ingles","description":"","original_language":"pt","publication_date":"2022-11-19","duration":0,"url":"https:\/\/www.youtube.com\/watch?v=N0nMXXldE38","thumbnail":"thumbnails\/N0nMXXldE38.jpg"},{"video_id":"lWEFscExgQs","channel_id":"UCRLEkZpNRoZQBG8kUTBD8vQ","title":"AS METAMORFOSES DO CAPITAL | O CAPITAL DE MARX: Livro II: Cap. 1-4  VID #2","description":"\u21e8 ESTRUTURA DE ENGELS E ESTRUTURA DE MARX\n\u21e8 METAMORFOSE DAS MERCADORIAS E METAMORFOSES DO CAPITAL\n\u21e8 CAPITAL INDUSTRIAL\n\nCAP\u00cdTULO 1: CICLO DO CAPITAL-DINHEIRO OU CAPITAL MONET\u00c1RIO\n    \u21e8 APAR\u00caNCIA PRODUZIDA PELO CICLO DO CAPITAL-DINHEIRO\n    \u21e8 CR\u00cdTICA AO CICLO DO CAPITAL-DINHEIRO\n    \u21e8 FORMA SEM-CONCEITO DO CAPITAL\nCAP\u00cdTULO 2: CICLO DO CAPITAL PRODUTIVO\n    \u21e8 APAR\u00caNCIA DO CICLO DO CAPITAL PRODUTIVO: LEI DE SAY\n    \u21e8 DUPLA CIRCULA\u00c7\u00c3O\n    \u21e8 CR\u00cdTICA AO CICLO DO CAPITAL PRODUTIVO\n    \u21e8 CAPITAL-DINHEIRO LATENTE\n\nCAP\u00cdTULO 3: CICLO DO CAPITAL-MERCADORIA\n    \u21e8 POR QUE O CICLO COME\u00c7A COM M\u2019 E N\u00c3O COM M?\n    \u21e8 PRINCIPAIS ESPECIFICIDADES DO CICLO\n    \u21e8 APAR\u00caNCIA DO CICLO DO CAPITAL-MERCADORIA: HARMONIA PREESTABELECIDA\n    \u21e8 CAPITAL SOCIAL TOTAL E CAPITAIS INDIVIDUAIS\n\nBREVE RESUMO DOS TR\u00caS PRIMEIROS CAP\u00cdTULOS\n\nCAP\u00cdTULO 4: OS TR\u00caS CICLOS EM SEU CONJUNTO\n    \u21e8 CAR\u00c1TER SUCESSIVO DOS CICLOS (SUCESS\u00c3O E JUSTAPOSI\u00c7\u00c3O)\n    \u21e8 MISTIFICA\u00c7\u00c3O: O QUE \u00c9 O CAPITAL?\n    \u21e8 O CAPITAL \u00c9 A ABSTRA\u00c7\u00c3O EM ATO\n    \u21e8 CAPITAL: A CONFUS\u00c3O EM MOVIMENTO\n\nBIBLIOGRAFIA\n\u00cdndice do v\u00eddeo\n00:00:00 Abertura\n00:03:19 Introdu\u00e7\u00e3o\n00:09:00 Estrutura de Engels e Estrutura de Marx\n00:13:13 Metamorfose das Mercadorias e Metamorfoses do Capital\n00:31:57 Capital Industrial\n00:45:09 Cap\u00edtulo 1: Ciclo do Capital-Dinheiro ou Capital Monet\u00e1rio\n00:48:10 Apar\u00eancia produzida pelo Ciclo do Capital-Dinheiro\n01:08:58 Cr\u00edtica ao Ciclo do Capital-Dinheiro\n01:27:12 Forma Sem-Conceito do Capital\n01:44:53 Cap\u00edtulo 2: Ciclo do Capital Produtivo\n01:54:56 Apar\u00eancia do Ciclo do Capital Produtivo: Lei De Say\n02:11:00 Dupla Circula\u00e7\u00e3o\n02:14:27 Cr\u00edtica Ao Ciclo do Capital Produtivo\n02:28:05 Capital-Dinheiro Latente\n02:42:44 Cap\u00edtulo 3: Ciclo do Capital-Mercadoria\n02:50:50 Por que o ciclo come\u00e7a com M\u2019 e n\u00e3o com M?\n02:53:30 Principais especificidades do Ciclo\n02:59:41 Apar\u00eancia do Ciclo do Capital-Mercadoria: Harmonia Preestabelecida\n03:18:53 Capital Social Total e Capitais Individuais\n03:32:22 Breve Resumo dos Tr\u00eas Primeiros Cap\u00edtulos\n03:36:48 Cap\u00edtulo 4: Os Tr\u00eas Ciclos em Seu Conjunto\n03:38:40 Car\u00e1ter Sucessivo dos Ciclos (Sucess\u00e3o e Justaposi\u00e7\u00e3o)\n03:49:34 Mistifica\u00e7\u00e3o: O que \u00e9 O Capital?\n03:53:41 O Capital \u00e9 a Abstra\u00e7\u00e3o em Ato\n04:07:23 Capital: A Confus\u00e3o em Movimento\n04:21:53 Bibliografia\n04:23:00 Encerramento\n_____________________________________________________________________________\nV\u00eddeo sugerido: \n LIVRO II de O Capital de Marx | ESTRUTURA E A EDI\u00c7\u00c3O DE ENGELS |  VID #15\nhttps:\/\/youtu.be\/B-9AO4dm3Do \n\n_____________________________________________________________________________\nSEJA MEMBRO e apoie o canal. Bot\u00e3o ADERIR acima ou: \nhttps:\/\/www.youtube.com\/channel\/UCRLEkZpNRoZQBG8kUTBD8vQ\/join\n\nV\u00eddeo sobre ser membro do canal:\nhttps:\/\/www.youtube.com\/watch?v=drvou-obBVU\n_____________________________________________________________________________\nSiga as p\u00e1ginas do canal Orienta\u00e7\u00e3o Marxista nas Redes Sociais\n\nFACEBOOK:    https:\/\/www.facebook.com\/Orienta\u00e7\u00e3o-Marxista-111673690190915\nTWITTER:       https:\/\/twitter.com\/orient_marxista\nINSTAGRAM: https:\/\/www.instagram.com\/orient.marxista\n_____________________________________________________________________________\nLeia o blog Teoria e Revolu\u00e7\u00e3o:\nhttps:\/\/teoriaerevolucao.pstu.org.br\n_____________________________________________________________________________\nO livro do autor desse canal (Marx e a Hist\u00f3ria: das particularidades nacionais \u00e0 universalidade da revolu\u00e7\u00e3o socialista )  pode ser adquirido nos seguintes endere\u00e7os:\nhttps:\/\/editorasundermann.com.br\/livro\/96-marx-e-a-hist%C3%B3ria\nhttps:\/\/www.estantevirtual.com.br\/busca?utf8=%E2%9C%93&q=gustavo+machado+marx\n\n#OCapital #KarlMarx #LivroII","original_language":"pt-BR","publication_date":"2022-11-19","duration":0,"url":"https:\/\/www.youtube.com\/watch?v=lWEFscExgQs","thumbnail":"thumbnails\/lWEFscExgQs.jpg"},{"video_id":"u6vNpwwePLA","channel_id":"UCpfZpmQ8hS3RbQ5GsXZw4KQ","title":"V\u00eddeo 40 a\u00f1os de la LITCI Sub-Portugu\u00e9s","description":"Este a\u00f1o se cumplen 40 a\u00f1os de la Liga Internacional de los Trabajadores-Cuarta Internacional.","original_language":"pt","publication_date":"2022-11-19","duration":0,"url":"https:\/\/www.youtube.com\/watch?v=u6vNpwwePLA","thumbnail":"thumbnails\/u6vNpwwePLA.jpg"},{"video_id":"xadY1a5bR0A","channel_id":"UCpfZpmQ8hS3RbQ5GsXZw4KQ","title":"V\u00eddeo  40 a\u00f1os de la LITCI (Espa\u00f1ol)","description":"","original_language":"pt","publication_date":"2022-11-19","duration":0,"url":"https:\/\/www.youtube.com\/watch?v=xadY1a5bR0A","thumbnail":"thumbnails\/xadY1a5bR0A.jpg"},{"video_id":"LMCR-hk_nUA","channel_id":"UCRLEkZpNRoZQBG8kUTBD8vQ","title":"N\u00c3O EXISTE teoria do VALOR-TRABALHO em MARX EP #187","description":"N\u00c3O EXISTE teoria do VALOR-TRABALHO em MARX\n\u00c9 isto mesmo produ\u00e7\u00e3o. Embora a subst\u00e2ncia do valor seja o trabalho, os valores n\u00e3o se medem diretamente em trabalho algum, mas em dinheiro. \nEntenda como Marx revoluciona toda ci\u00eancia econ\u00f4mica ent\u00e3o existente, transformando-a em cr\u00edtica da sociedade burguesa e de toda ci\u00eancia econ\u00f4mica, incluindo a teoria do valor-trabalho de Ricardo e afins.\n_____________________________________________________________________________\nV\u00eddeo sugerido: \nO CAPITAL DE MARX: Valor N\u00c3O \u00e9 tempo de trabalho VID #3\nhttps:\/\/www.youtube.com\/watch?v=PlTU1qOnPF8\n_____________________________________________________________________________\nSEJA MEMBRO e apoie o canal. Bot\u00e3o ADERIR acima ou: \nhttps:\/\/www.youtube.com\/channel\/UCRLEkZpNRoZQBG8kUTBD8vQ\/join\n\nV\u00eddeo sobre ser membro do canal:\nhttps:\/\/www.youtube.com\/watch?v=drvou-obBVU\n_____________________________________________________________________________\nSiga as p\u00e1ginas do canal Orienta\u00e7\u00e3o Marxista nas Redes Sociais\n\nFACEBOOK:    https:\/\/www.facebook.com\/Orienta\u00e7\u00e3o-Marxista-111673690190915\nTWITTER:       https:\/\/twitter.com\/orient_marxista\nINSTAGRAM: https:\/\/www.instagram.com\/orient.marxista\n_____________________________________________________________________________\nLeia o blog Teoria e Revolu\u00e7\u00e3o:\nhttps:\/\/teoriaerevolucao.pstu.org.br\n_____________________________________________________________________________\nO livro do autor desse canal (Marx e a Hist\u00f3ria: das particularidades nacionais \u00e0 universalidade da revolu\u00e7\u00e3o socialista )  pode ser adquirido nos seguintes endere\u00e7os:\nhttps:\/\/editorasundermann.com.br\/livro\/96-marx-e-a-hist%C3%B3ria\nhttps:\/\/www.estantevirtual.com.br\/busca?utf8=%E2%9C%93&q=gustavo+machado+marx\n\n#Valor-Trabalho #Marx #Ricardo","original_language":"pt-BR","publication_date":"2022-11-02","duration":0,"url":"https:\/\/www.youtube.com\/watch?v=LMCR-hk_nUA","thumbnail":"thumbnails\/LMCR-hk_nUA.jpg"},{"video_id":"4BaLHqHPGPg","channel_id":"UCRLEkZpNRoZQBG8kUTBD8vQ","title":"MATERIALISMO HIST\u00d3RICO n\u00e3o \u00e9 uma TEORIA GERAL DA HIST\u00d3RIA EP #186","description":"Lan\u00e7amento da primeira reimpress\u00e3o do livro: Marx e a Hist\u00f3ria\n5 de novembro - 15 horas\nLocal: Livraria Popular para todos\nRua Joaquim Jos\u00e9, 1176, subsolo. Bairro Fonte Grande - Contagem\n(pr\u00f3ximo ao restaurante Urbanu\u00b4s)\n\n0:00 In\u00edcio\n3:54 Materialismo hist\u00f3rico\n16:54 Materialismo hist\u00f3rico e capitalismo\n27:09 Particularidades nacionais\n_____________________________________________________________________________\nV\u00eddeo sugerido: \nhttps:\/\/www.youtube.com\/watch?v=kDsDOgCqHLQ\nMATERIALISMO HIST\u00d3RICO? A lenda da teoria hist\u00f3ria em Marx EP #54\n\n_____________________________________________________________________________\nSEJA MEMBRO e apoie o canal. Bot\u00e3o ADERIR acima ou: \nhttps:\/\/www.youtube.com\/channel\/UCRLEkZpNRoZQBG8kUTBD8vQ\/join\n\nV\u00eddeo sobre ser membro do canal:\nhttps:\/\/www.youtube.com\/watch?v=drvou-obBVU\n_____________________________________________________________________________\nSiga as p\u00e1ginas do canal Orienta\u00e7\u00e3o Marxista nas Redes Sociais\n\nFACEBOOK:    https:\/\/www.facebook.com\/Orienta\u00e7\u00e3o-Marxista-111673690190915\nTWITTER:       https:\/\/twitter.com\/orient_marxista\nINSTAGRAM: https:\/\/www.instagram.com\/orient.marxista\n_____________________________________________________________________________\nLeia o blog Teoria e Revolu\u00e7\u00e3o:\nhttps:\/\/teoriaerevolucao.pstu.org.br\n_____________________________________________________________________________\nO livro do autor desse canal (Marx e a Hist\u00f3ria: das particularidades nacionais \u00e0 universalidade da revolu\u00e7\u00e3o socialista )  pode ser adquirido nos seguintes endere\u00e7os:\nhttps:\/\/editorasundermann.com.br\/livro\/96-marx-e-a-hist%C3%B3ria\nhttps:\/\/www.estantevirtual.com.br\/busca?utf8=%E2%9C%93&q=gustavo+machado+marx\n\n#MaterialismoHist\u00f3rico #Marx #TeoriaDaHist\u00f3ria","original_language":"pt-BR","publication_date":"2022-10-31","duration":0,"url":"https:\/\/www.youtube.com\/watch?v=4BaLHqHPGPg","thumbnail":"thumbnails\/4BaLHqHPGPg.jpg"},{"video_id":"vFhASiq2WdY","channel_id":"UCRLEkZpNRoZQBG8kUTBD8vQ","title":"CONSERVADORES E FASCISTAS | Existe alguma rela\u00e7\u00e3o? EP #185","description":"CONSERVADORES e FASCISTAS | Existe alguma rela\u00e7\u00e3o?\nSem bl\u00e1 bl\u00e1 bl\u00e1 de conceitos abstratos. Vejamos o que aconteceu historicamente.\nHoje, \u00e0s 19 horas. Divulgue e compartilhe!\n\nArtigo que escrevi a respeito do tema:\nhttps:\/\/teoriaerevolucao.pstu.org.br\/fascismo-de-direita-ou-de-esquerda\/\n\nIT\u00c1LIA\n\u2192 29 de outubro de 1922 Mussolini acendeu ao poder a convite do rei V\u00edtor Emanuel III que o encarregou, depois da encena\u00e7\u00e3o de sua \u201cmarcha sobre Roma\u201d, de formar o novo governo e, nos anos seguintes, o apoiou plenamente.\n\u2192 Entre 1925 e 1926, com o apoio do rei, dos empres\u00e1rios e do Ex\u00e9rcito, Mussolini promove uma ampla persegui\u00e7\u00e3o pol\u00edtica, impondo o Partido Nacional Fascista como partido \u00fanico\n\u2192 Benedetto Croce avalizou o primeiro gabinete fascista que, em sua acep\u00e7\u00e3o, seria a primeira solu\u00e7\u00e3o conservadora s\u00e9ria no sentido de por fim a desordem e a poss\u00edvel atua\u00e7\u00e3o de massas que dela se segue.\nSobre os intelectuais conservadores e o fascismo:\nALBERTONI , E A. Gaestano Mosca y la formaci\u00f3n del elitismo pol\u00edtico contempor\u00e1neo. FCE; M\u00e9xico, 1992.\nS\u00c1NCHEZ , V. Pe\u00f1a. Intelectuales y fascismo. La cultura italiana del ventennio fascista y su repercusi\u00f3n en Espa\u00f1a, Universidad de Granada, Granada, 1995.\n\n\u2192 Enrico Corradini. Ele fundou, em 1910, a Associa\u00e7\u00e3o Nacionalista Italiana (ANI) que se unificar\u00e1 oficialmente com o Partido de Mussolini em 1923. Corradini atribu\u00eda um papel progressista as classes subalternas e procurou fazer com que a ideologia nacionalista penetrasse nas massas trabalhadoras. Cunhou, assim, a no\u00e7\u00e3o de na\u00e7\u00f5es prolet\u00e1rias. Tratava-se de substituir a luta de classes entre patr\u00f5es e trabalhadores pela luta entre as na\u00e7\u00f5es pela domina\u00e7\u00e3o imperialista mundial. Eis o primeiro grande ide\u00f3logo do fascismo.\n\n\"O nacionalismo \u00e9, em suma, a reafirma\u00e7\u00e3o da solidariedade nacional contra a luta de classes ... \u00e9 o esfor\u00e7o para repor as classes no seu lugar e para as subordinar novamente aos objetivos da na\u00e7\u00e3o\"\nJacques PLONCARD D\u2019ASSAC (1971) Doctrinas del Nacionalismo, Barcelona: Acervo. 1980 p.100\n\nSobre as origens do fascismo italiano:\nTASCA, Angelo. El nacimiento del fascismo. Barcelona: Ariel, 1969.\n\nALEMANHA\n\u2192 Em 1925, os partidos da direita estabeleceram um comit\u00ea para selecionar seu candidato mais forte. Ap\u00f3s uma semana de indecis\u00e3o, eles decidiram por Hindenburg. \n\u2192 Os nazistas ganharam o eleitorado do partido conservador alem\u00e3o: O Partido Popular Nacional Alem\u00e3o (em alem\u00e3o: Deutschnationale Volkspartei, DNVP).\n\u2192 Na Alemanha, em 1932, foi o conservador Hindenburg que convidou Hitler para a chancelaria, abrindo caminho para o poder nazista.\n\u2192 Al\u00e9m disso, o processo se inicia com uma coalis\u00e3o entre nazistas e conservadores que garantiu aos nazistas mais de 50% dos minist\u00e9rios.\n\nResumo dos acontecimentos:\nWeimar, de Klein, Claude. S\u00e9rie Khronos (18), vol. 18. Editora Perspectiva\n\nESPANHA\n\u2192 O caso mais contundente, certamente, foi o da Falange espanhola. Foi em coaliza\u00e7\u00e3o com a Falange, uma for\u00e7a claramente de segundo n\u00edvel no conflito espanhol, que o general Franco, cat\u00f3lico e conservador, assumiu o poder e governou a Espanha por d\u00e9cadas, al\u00e9m de ter contado com apoio militar direto do nazismo durante guerra civil espanhola.\n_____________________________________________________________________________\nV\u00eddeo sugerido: \nO QUE \u00c9 O FASCISMO e como combat\u00ea-lo | CORTES\nhttps:\/\/www.youtube.com\/watch?v=rMWygZD3Ebw\n\n_____________________________________________________________________________\nSEJA MEMBRO e apoie o canal. Bot\u00e3o ADERIR acima ou: \nhttps:\/\/www.youtube.com\/channel\/UCRLEkZpNRoZQBG8kUTBD8vQ\/join\n\nV\u00eddeo sobre ser membro do canal:\nhttps:\/\/www.youtube.com\/watch?v=drvou-obBVU\n_____________________________________________________________________________\nSiga as p\u00e1ginas do canal Orienta\u00e7\u00e3o Marxista nas Redes Sociais\n\nFACEBOOK:    https:\/\/www.facebook.com\/Orienta\u00e7\u00e3o-Marxista-111673690190915\nTWITTER:       https:\/\/twitter.com\/orient_marxista\nINSTAGRAM: https:\/\/www.instagram.com\/orient.marxista\n_____________________________________________________________________________\nLeia o blog Teoria e Revolu\u00e7\u00e3o:\nhttps:\/\/teoriaerevolucao.pstu.org.br\n_____________________________________________________________________________\nO livro do autor desse canal (Marx e a Hist\u00f3ria: das particularidades nacionais \u00e0 universalidade da revolu\u00e7\u00e3o socialista )  pode ser adquirido nos seguintes endere\u00e7os:\nhttps:\/\/editorasundermann.com.br\/livro\/96-marx-e-a-hist%C3%B3ria\nhttps:\/\/www.estantevirtual.com.br\/busca?utf8=%E2%9C%93&q=gustavo+machado+marx\n\n#Fascismo #Conservadorismo #historia","original_language":"pt-BR","publication_date":"2022-10-24","duration":0,"url":"https:\/\/www.youtube.com\/watch?v=vFhASiq2WdY","thumbnail":"thumbnails\/vFhASiq2WdY.jpg"},{"video_id":"ETRSo9k-N0U","channel_id":"UCRLEkZpNRoZQBG8kUTBD8vQ","title":"Quando os CONSERVADORES se tornaram LIBERAIS EP #184","description":"Quando os CONSERVADORES se tornaram LIBERAIS\nHoje veremos como os conservadores, em sua origem defensores da ampla interven\u00e7\u00e3o estatal, converteram-se, at\u00e9 certo ponto, em liberais.\n\nArtigo que escrevi sobre o tema:\nhttps:\/\/www.pstu.org.br\/pensamento-conservador-mas-afinal-o-que-eles-querem-conservar\/\n0:00 In\u00edcio\n2:18 Conservadorismo nega a si pr\u00f3prio\n6:08 Conservadores intervencionistas\n8:04 Conservadores na Inglaterra\n17:48 Liberais revolucion\u00e1rios\n19:43 Thomas Malthus\n23:52 Conservadores hoje\n_____________________________________________________________________________\nV\u00eddeo sugerido: \nQuando os CONSERVADORES se tornaram  PATRIOTAS EP #182 \nhttps:\/\/youtu.be\/l5NjQHWItv8 \n\nCONSERVADORES, CRIST\u00c3OS  e a REVOLU\u00c7\u00c3O FRANCESA EP #181 \n https:\/\/youtu.be\/45F3YKUMEq0 \n_____________________________________________________________________________\nSEJA MEMBRO e apoie o canal. Bot\u00e3o ADERIR acima ou: \nhttps:\/\/www.youtube.com\/channel\/UCRLEkZpNRoZQBG8kUTBD8vQ\/join\n\nV\u00eddeo sobre ser membro do canal:\nhttps:\/\/www.youtube.com\/watch?v=drvou-obBVU\n_____________________________________________________________________________\nSiga as p\u00e1ginas do canal Orienta\u00e7\u00e3o Marxista nas Redes Sociais\n\nFACEBOOK:    https:\/\/www.facebook.com\/Orienta\u00e7\u00e3o-Marxista-111673690190915\nTWITTER:       https:\/\/twitter.com\/orient_marxista\nINSTAGRAM: https:\/\/www.instagram.com\/orient.marxista\n_____________________________________________________________________________\nLeia o blog Teoria e Revolu\u00e7\u00e3o:\nhttps:\/\/teoriaerevolucao.pstu.org.br\n_____________________________________________________________________________\nO livro do autor desse canal (Marx e a Hist\u00f3ria: das particularidades nacionais \u00e0 universalidade da revolu\u00e7\u00e3o socialista )  pode ser adquirido nos seguintes endere\u00e7os:\nhttps:\/\/editorasundermann.com.br\/livro\/96-marx-e-a-hist%C3%B3ria\nhttps:\/\/www.estantevirtual.com.br\/busca?utf8=%E2%9C%93&q=gustavo+machado+marx\n\n#Conservadores #Liberais #Estado","original_language":"pt-BR","publication_date":"2022-10-22","duration":0,"url":"https:\/\/www.youtube.com\/watch?v=ETRSo9k-N0U","thumbnail":"thumbnails\/ETRSo9k-N0U.jpg"},{"video_id":"0mW-GirEsfE","channel_id":"UCRLEkZpNRoZQBG8kUTBD8vQ","title":"PAULO GUEDES explica MARX | REAGINDO EP #183","description":"0:00 In\u00edcio\n3:05 Teoria do valor superada\n9:19 Marx vagabundo\n12:19 Aplica\u00e7\u00e3o da receita de Marx\n17:20 Os \"socialistas\" Nazistas\n\nTodas desinforma\u00e7\u00f5es sobre MARX concentradas em apenas 4 minutos. O cara tem o dom.\n_____________________________________________________________________________\nV\u00eddeo sugerido: \nMARX foi um vagabundo que nunca trabalhou? EP #1\nhttps:\/\/www.youtube.com\/watch?v=dL2b_qcsEQo\n_____________________________________________________________________________\nSEJA MEMBRO e apoie o canal. Bot\u00e3o ADERIR acima ou: \nhttps:\/\/www.youtube.com\/channel\/UCRLEkZpNRoZQBG8kUTBD8vQ\/join\n\nV\u00eddeo sobre ser membro do canal:\nhttps:\/\/www.youtube.com\/watch?v=drvou-obBVU\n_____________________________________________________________________________\nSiga as p\u00e1ginas do canal Orienta\u00e7\u00e3o Marxista nas Redes Sociais\n\nFACEBOOK:    https:\/\/www.facebook.com\/Orienta\u00e7\u00e3o-Marxista-111673690190915\nTWITTER:       https:\/\/twitter.com\/orient_marxista\nINSTAGRAM: https:\/\/www.instagram.com\/orient.marxista\n_____________________________________________________________________________\nLeia o blog Teoria e Revolu\u00e7\u00e3o:\nhttps:\/\/teoriaerevolucao.pstu.org.br\n_____________________________________________________________________________\nO livro do autor desse canal (Marx e a Hist\u00f3ria: das particularidades nacionais \u00e0 universalidade da revolu\u00e7\u00e3o socialista )  pode ser adquirido nos seguintes endere\u00e7os:\nhttps:\/\/editorasundermann.com.br\/livro\/96-marx-e-a-hist%C3%B3ria\nhttps:\/\/www.estantevirtual.com.br\/busca?utf8=%E2%9C%93&q=gustavo+machado+marx\n\n#PauloGuedes #Economia #Marx","original_language":"pt-BR","publication_date":"2022-10-16","duration":0,"url":"https:\/\/www.youtube.com\/watch?v=0mW-GirEsfE","thumbnail":"thumbnails\/0mW-GirEsfE.jpg"},{"video_id":"l5NjQHWItv8","channel_id":"UCRLEkZpNRoZQBG8kUTBD8vQ","title":"Quando os CONSERVADORES se tornaram  PATRIOTAS EP #182","description":"0:00 In\u00edcio\n3:05 Origem das Na\u00e7\u00f5es\n11:09 Patriotismo e jacobinismo\n13:14 Conservadores se tornam patriotas\n22:50 Cita\u00e7\u00f5es Otto Maria Carpeaux\n\nQUANDO OS CONSERVADORES se tornaram \"PATRIOTAS\"\nNesse v\u00eddeo, continuamos a s\u00e9rie conservadorismo. Depois de s\u00e9culos lutando contra qualquer concep\u00e7\u00e3o nacionalista e patriota (coisa de jacobinos), os conservadores se converteram no \u00faltimo e hist\u00e9rico basti\u00e3o da p\u00e1tria e da na\u00e7\u00e3o. Como e por qu\u00ea? Veremos.\n\nAlgumas cita\u00e7\u00f5es de Otto Maria Carpeax utilizadas no v\u00eddeo:\n\nVOLUME 1\nORIGEM DO TERMO NA\u00c7\u00c3O: A palavra \u201cNatio\u201d significava na Idade M\u00e9dia um col\u00e9gio universit\u00e1rio. Nas grandes Universidades medievais, centros internacionais de estudos, os PROFESSORES E ESTUDANTES NATURAIS DE UM MESMA REGI\u00c3O MORAVAM JUNTOS NO MESMO COL\u00c9GIO, \u00e0 maneira dos \u201ccolleges\u201d que ainda existem em Oxford e Cambridge. Mais tarde, a palavra \u201cNatio\u201d reaparece nos conc\u00edlios da Igreja, nos quais as universidades, como detentoras do saber teol\u00f3gico, estavam representadas ao lado dos pr\u00edncipes.\n\nOBST\u00c1CULO \u00c0 NA\u00c7\u00c3O: \n \u2192 o feudalismo cristalizou em pequenos Estados soberanos. \n \u2192 Na\u00e7\u00f5es consuma-se com a derrota do feudalismo pelo poder absoluto dos reis\n \u2192 Aliado dos reis contra a aristocracia feudal \u00e9 a burguesia urbana\n    interesse em formar unidades territoriais com justi\u00e7a igual e comunica\u00e7\u00f5es livres\n \u2192 Pela vit\u00f3ria da burguesia, o s\u00e9culo XIX tornar-se-\u00e1 o s\u00e9culo do nacionalismo.\n\nVOLUME 3\nAt\u00e9 1870, o nacionalismo estava sempre aliado ao liberalismo e \u00e0 democracia, alian\u00e7a que veio dos dias da Revolu\u00e7\u00e3o Francesa, quando \u201cjacobinismo\u201d e \u201cpatriotismo\u201d eram sin\u00f4nimos.\n \u2192 A unidade nacional da It\u00e1lia foi conseguida pelo liberalismo de Cavour, aliado ao democratismo de Garibaldi.\n \u2192 Na pr\u00f3pria Alemanha, os revolucion\u00e1rios de 1848 foram nacionalistas; mas fracassaram. Listz. A unidade nacional na Alemanha foi realizada por Bismarck e os Junkers prussianos.\n\nEm 1870, o nacionalismo perdeu o aspecto democr\u00e1tico; at\u00e9 na Fran\u00e7a vencida, o chauvinisme tornar-se-\u00e1 monop\u00f3lio da direita. Na Alemanha e na Inglaterra o nacionalismo revela os primeiros sintomas imperialistas. Come\u00e7ar\u00e1 a luta pelas col\u00f4nias.\n\n_____________________________________________________________________________\nV\u00eddeo sugerido: \nCONSERVADORES, CRIST\u00c3OS e a REVOLU\u00c7\u00c3O FRANCESA EP #181 \nhttps:\/\/www.youtube.com\/watch?v=45F3YKUMEq0\n_____________________________________________________________________________\nSEJA MEMBRO e apoie o canal. Bot\u00e3o ADERIR acima ou: \nhttps:\/\/www.youtube.com\/channel\/UCRLEkZpNRoZQBG8kUTBD8vQ\/join\n\nV\u00eddeo sobre ser membro do canal:\nhttps:\/\/www.youtube.com\/watch?v=drvou-obBVU\n_____________________________________________________________________________\nSiga as p\u00e1ginas do canal Orienta\u00e7\u00e3o Marxista nas Redes Sociais\n\nFACEBOOK:    https:\/\/www.facebook.com\/Orienta\u00e7\u00e3o-Marxista-111673690190915\nTWITTER:       https:\/\/twitter.com\/orient_marxista\nINSTAGRAM: https:\/\/www.instagram.com\/orient.marxista\n_____________________________________________________________________________\nLeia o blog Teoria e Revolu\u00e7\u00e3o:\nhttps:\/\/teoriaerevolucao.pstu.org.br\n_____________________________________________________________________________\nO livro do autor desse canal (Marx e a Hist\u00f3ria: das particularidades nacionais \u00e0 universalidade da revolu\u00e7\u00e3o socialista )  pode ser adquirido nos seguintes endere\u00e7os:\nhttps:\/\/editorasundermann.com.br\/livro\/96-marx-e-a-hist%C3%B3ria\nhttps:\/\/www.estantevirtual.com.br\/busca?utf8=%E2%9C%93&q=gustavo+machado+marx\n\n#Patriotismo #Nacionalismo #Conservadores","original_language":"pt-BR","publication_date":"2022-10-14","duration":0,"url":"https:\/\/www.youtube.com\/watch?v=l5NjQHWItv8","thumbnail":"thumbnails\/l5NjQHWItv8.jpg"},{"video_id":"45F3YKUMEq0","channel_id":"UCRLEkZpNRoZQBG8kUTBD8vQ","title":"CONSERVADORES, CRIST\u00c3OS  e a REVOLU\u00c7\u00c3O FRANCESA EP #181","description":"CONSERVADORES E A REVOLU\u00c7\u00c3O FRANCESA\n\u00c9 verdade que a \"esquerda\" no geral e os marxistas surgiram com o objetivo central de perseguir os crist\u00e3os?\n_____________________________________________________________________________\nV\u00eddeo sugerido: \nMARX ERA SATANISTA? Ana Campagnolo, Yago Martins e Olavo | REAGINDO EP #121\nhttps:\/\/www.youtube.com\/watch?v=2_sgN5DYlNg\n\nDec\u00e1logo de L\u00eanin, Estrat\u00e9gia das Tesouras e outras mentiras EP #74\nhttps:\/\/www.youtube.com\/watch?v=af6rD-GC7rY\n\n_____________________________________________________________________________\nSEJA MEMBRO e apoie o canal. Bot\u00e3o ADERIR acima ou: \nhttps:\/\/www.youtube.com\/channel\/UCRLEkZpNRoZQBG8kUTBD8vQ\/join\n\nV\u00eddeo sobre ser membro do canal:\nhttps:\/\/www.youtube.com\/watch?v=drvou-obBVU\n_____________________________________________________________________________\nSiga as p\u00e1ginas do canal Orienta\u00e7\u00e3o Marxista nas Redes Sociais\n\nFACEBOOK:    https:\/\/www.facebook.com\/Orienta\u00e7\u00e3o-Marxista-111673690190915\nTWITTER:       https:\/\/twitter.com\/orient_marxista\nINSTAGRAM: https:\/\/www.instagram.com\/orient.marxista\n_____________________________________________________________________________\nLeia o blog Teoria e Revolu\u00e7\u00e3o:\nhttps:\/\/teoriaerevolucao.pstu.org.br\n_____________________________________________________________________________\nO livro do autor desse canal (Marx e a Hist\u00f3ria: das particularidades nacionais \u00e0 universalidade da revolu\u00e7\u00e3o socialista )  pode ser adquirido nos seguintes endere\u00e7os:\nhttps:\/\/editorasundermann.com.br\/livro\/96-marx-e-a-hist%C3%B3ria\nhttps:\/\/www.estantevirtual.com.br\/busca?utf8=%E2%9C%93&q=gustavo+machado+marx\n\n#Conservadores #Crist\u00e3os #revolu\u00e7\u00e3ofrancesa","original_language":"pt-BR","publication_date":"2022-10-12","duration":0,"url":"https:\/\/www.youtube.com\/watch?v=45F3YKUMEq0","thumbnail":"thumbnails\/45F3YKUMEq0.jpg"},{"video_id":"m8rXrf94ffA","channel_id":"UCpfZpmQ8hS3RbQ5GsXZw4KQ","title":"Conferencia Obrera Internacional en Varsovia Video","description":"El 27 de setiembre se realiz\u00f3 en Varsovia la Conferencia internacional sobre las luchas del movimiento sindical independiente en Polonia y Ucrania. El evento fue convocado por la organizaci\u00f3n sindical Iniciativa Obrera para discutir la defensa de los derechos laborales y el derecho de huelga, adem\u00e1s de la solidaridad obrera a la resistencia ucraniana a la invasi\u00f3n de Putin. \nParticiparon alrededor de 50 personas de las siguientes organizaciones: \n1 \u2013 IP, Polonia. \n2 - Jednosc Pracownicza, Polonia. \n3 - Sindicato de mineros y metal\u00fargicos de Kryvyi Rih, Ucrania. \n4 \u2013 Movimientos Sociales (SR), Ucrania. \n5 - CSP-Conlutas, Brasil.\n6 \u2013 Solidaires, Francia. \n7 - L'Emancipation, Francia. \n8 - ADL-Cobas, Italia.\n9 - Co.bas, Estado Espa\u00f1ol.  \nEntre otros oradores estuvo el compa\u00f1ero Yuri Petrovich, presidente del Sindicato de Mineros y Metal\u00fargicos de Kryvyi Rih, adem\u00e1s de otros participantes del Convoy de Ayuda Obrera a Ucrania.","original_language":"pt","publication_date":"2022-10-07","duration":0,"url":"https:\/\/www.youtube.com\/watch?v=m8rXrf94ffA","thumbnail":"thumbnails\/m8rXrf94ffA.jpg"},{"video_id":"9ETha2ds47k","channel_id":"UCRLEkZpNRoZQBG8kUTBD8vQ","title":"O \u00faltimo PROGRAMA escrito por Marx EP #180","description":"O \u00daLTIMO PROGRAMA ESCRITO POR MARX | Como Marx concebia a interven\u00e7\u00e3o na realidade com objetivo de fazer uma revolu\u00e7\u00e3o socialista. D\u00edvida P\u00fablica, Impostos, Estatiza\u00e7\u00e3o, Conselhos de trabalhadores e muito mais...\nhttps:\/\/www.marxists.org\/archive\/marx\/works\/1880\/05\/parti-ouvrier.htm\n\nIntrodu\u00e7\u00e3o ao Programa do Partido dos Trabalhadores \u2013 Redigido por Karl Marx  - In\u00edcio de Maio de 1880 \n(algumas partes foram cortadas devido ao limite de caracteres disponibilizado pelo youtube)\n\nConsiderando:\n\n Que a apropria\u00e7\u00e3o coletiva pode apenas emanar de uma a\u00e7\u00e3o revolucion\u00e1ria da classe dos produtores \u2013 o proletariado \u2013, organizado em um Partido pol\u00edtico aut\u00f4nomo;\n Que uma tal organiza\u00e7\u00e3o deve ser veementemente pretendida, por todos os meios que o proletariado possui \u00e0 sua disposi\u00e7\u00e3o, incluindo o Direito Eleitoral Universal que, assim, ser\u00e1 transformado de instrumento de fraude, que at\u00e9 hoje tem sido, em instrumento de emancipa\u00e7\u00e3o; \n Decidiram os trabalhadores socialistas franceses, enquanto meio de organiza\u00e7\u00e3o e de luta, adotando como objetivo de seus esfor\u00e7os, no dom\u00ednio econ\u00f4mico, o retorno de todos os meios de produ\u00e7\u00e3o \u00e0 propriedade coletiva, participar das elei\u00e7\u00f5es com o seguinte Programa M\u00ednimo:\n\nA. Se\u00e7\u00e3o Pol\u00edtica\n\n    1. ...\n    2. Remo\u00e7\u00e3o do or\u00e7amento das ordens religiosas e retorno \u00e0 na\u00e7\u00e3o dos \u201cbens considerados perec\u00edveis, m\u00f3veis e im\u00f3veis\u201d (decreto da Comuna de 2 de abril de 1871), incluindo todos os anexos industriais e comerciais dessas corpora\u00e7\u00f5es;\n    3. Supress\u00e3o da d\u00edvida p\u00fablica;\n    4. Aboli\u00e7\u00e3o de ex\u00e9rcitos permanentes e armamento geral do povo;\n    5. A Comuna deve ser a dirigente de sua administra\u00e7\u00e3o e sua pol\u00edcia. \n\nB. Se\u00e7\u00e3o Econ\u00f4mica\n\n    1. ...\n    2. ...\n    4. Proibi\u00e7\u00e3o legal de patr\u00f5es que empregam trabalhadores estrangeiros com sal\u00e1rio inferior ao dos trabalhadores franceses;\n    5. Sal\u00e1rio igual por trabalho igual, para trabalhadores de ambos os sexos;\n    6. Instru\u00e7\u00e3o cient\u00edfica e profissional de todas as crian\u00e7as, com sua respectiva manuten\u00e7\u00e3o sob responsabilidade da sociedade, representada pelo Estado e pela Comuna;\n    7. ...\n    8. Proibi\u00e7\u00e3o de toda interfer\u00eancia dos empregadores na administra\u00e7\u00e3o de sociedades amigas dos trabalhadores, sociedades de previd\u00eancia, etc., que s\u00e3o devolvidas ao controle exclusivo dos trabalhadores;\n    9. Responsabilidade dos patr\u00f5es em mat\u00e9ria de acidentes, garantida por uma seguran\u00e7a paga pelo empregador nos fundos dos trabalhadores, e proporcionalmente ao n\u00famero de trabalhadores empregados e ao perigo que a ind\u00fastria apresenta;\n    10. Interven\u00e7\u00e3o dos trabalhadores nos regulamentos especiais das v\u00e1rias oficinas; o fim do direito usurpado pelos patr\u00f5es de impor qualquer penalidade a seus trabalhadores sob a forma de multas ou reten\u00e7\u00e3o de sal\u00e1rios (decreto da Comuna de 27 de abril de 1871);\n    11. Anula\u00e7\u00e3o de todos os contratos que alienaram propriedades p\u00fablicas (bancos, ferrovias, minas, etc.) e a explora\u00e7\u00e3o de todas as oficinas estatais a serem confiadas aos trabalhadores que l\u00e1 trabalham;\n    12. Aboli\u00e7\u00e3o de todos os impostos indiretos e transforma\u00e7\u00e3o de todos os impostos diretos em um imposto progressivo sobre rendimentos acima de 3.000 francos. Supress\u00e3o de toda heran\u00e7a em uma linha de garantia [isto \u00e9, que n\u00e3o \u00e9 por descendentes diretos] e de toda heran\u00e7a direta acima de 20.000 francos. \n_____________________________________________________________________________\nV\u00eddeos sugeridos:\nMarx e as ELEI\u00c7\u00d5ES | Participar ou n\u00e3o? Para qu\u00ea? EP #86\nhttps:\/\/www.youtube.com\/watch?v=hVgDLpwDWgs \n\nMARX E O PARTIDO | O mito da classe-partido EP #122\nhttps:\/\/www.youtube.com\/watch?v=5oxnlMkKrX0\n_____________________________________________________________________________\nSEJA MEMBRO e apoie o canal. Bot\u00e3o ADERIR acima ou: \nhttps:\/\/www.youtube.com\/channel\/UCRLEkZpNRoZQBG8kUTBD8vQ\/join\n\nV\u00eddeo sobre ser membro do canal:\nhttps:\/\/www.youtube.com\/watch?v=drvou-obBVU\n_____________________________________________________________________________\nSiga as p\u00e1ginas do canal Orienta\u00e7\u00e3o Marxista nas Redes Sociais\n\nFACEBOOK:    https:\/\/www.facebook.com\/Orienta\u00e7\u00e3o-Marxista-111673690190915\nTWITTER:       https:\/\/twitter.com\/orient_marxista\nINSTAGRAM: https:\/\/www.instagram.com\/orient.marxista\n_____________________________________________________________________________\nLeia o blog Teoria e Revolu\u00e7\u00e3o:\nhttps:\/\/teoriaerevolucao.pstu.org.br\n_____________________________________________________________________________\nO livro do autor desse canal (Marx e a Hist\u00f3ria: das particularidades nacionais \u00e0 universalidade da revolu\u00e7\u00e3o socialista )  pode ser adquirido nos seguintes endere\u00e7os:\nhttps:\/\/editorasundermann.com.br\/livro\/96-marx-e-a-hist%C3%B3ria\nhttps:\/\/www.estantevirtual.com.br\/busca?utf8=%E2%9C%93&q=gustavo+machado+marx\n\n#Marx #Programa #Socialismo","original_language":"pt-BR","publication_date":"2022-09-23","duration":0,"url":"https:\/\/www.youtube.com\/watch?v=9ETha2ds47k","thumbnail":"thumbnails\/9ETha2ds47k.jpg"},{"video_id":"49CC8ulhFoc","channel_id":"UCRLEkZpNRoZQBG8kUTBD8vQ","title":"IMPERIALISMO NO BRASIL | Trabalhadores roubados duplamente EP #179","description":"0:00 In\u00edcio\n4:31 Caracter\u00edstica geral do capitalismo\n7:04 Caracter\u00edstica espec\u00edfica do imperialismo\n20:04 Imperialismo antigo\n22:36 Capital financeiro\n\nLivro indicado:\nhttps:\/\/editorasundermann.com.br\/livro\/47-neodesenvolvimentismo-ou-neocolonianismo:-o-mito-do-brasil-imperialista\nNeodesenvolvimentismo ou neocolonianismo: o mito do Brasil imperialista\n\nmarxismo abstrato: o que importa s\u00e3o as classes sociais\n\"marxistas\" nacionalistas: substituem as classes sociais pelas na\u00e7\u00f5es\n\nImperialismo n\u00e3o se mede pelo PIB (mas \u00e9 uma vari\u00e1vel relevante)\nMenos ainda pelo PIB per capta (a pior e mais insignificante das vari\u00e1veis)\nO principal mecanismo imperialista \u00e9 a EXPORTA\u00c7\u00c3O DE CAPITAL\nPa\u00edses dominados exportam mercadorias\nPa\u00edses imperialistas exportam capitais\n\ncapital financeiro: fus\u00e3o entre capital banc\u00e1rio e industrial\n\n_____________________________________________________________________________\nV\u00eddeo sugerido:\nR\u00daSSIA E UCR\u00c2NIA | Como ser ANTI-IMPERIALISTA EP #157 https:\/\/www.youtube.com\/watch?v=U25wjljBrgw\n\nLUCRO \u00c9 ROUBO | Entenda EP #134\nhttps:\/\/www.youtube.com\/watch?v=pr18Kp8Q4s4\n_____________________________________________________________________________\nSEJA MEMBRO e apoie o canal. Bot\u00e3o ADERIR acima ou: \nhttps:\/\/www.youtube.com\/channel\/UCRLEkZpNRoZQBG8kUTBD8vQ\/join\n\nV\u00eddeo sobre ser membro do canal:\nhttps:\/\/www.youtube.com\/watch?v=drvou-obBVU\n_____________________________________________________________________________\nSiga as p\u00e1ginas do canal Orienta\u00e7\u00e3o Marxista nas Redes Sociais\n\nFACEBOOK:    https:\/\/www.facebook.com\/Orienta\u00e7\u00e3o-Marxista-111673690190915\nTWITTER:       https:\/\/twitter.com\/orient_marxista\nINSTAGRAM: https:\/\/www.instagram.com\/orient.marxista\n_____________________________________________________________________________\nLeia o blog Teoria e Revolu\u00e7\u00e3o:\nhttps:\/\/teoriaerevolucao.pstu.org.br\n_____________________________________________________________________________\nO livro do autor desse canal (Marx e a Hist\u00f3ria: das particularidades nacionais \u00e0 universalidade da revolu\u00e7\u00e3o socialista )  pode ser adquirido nos seguintes endere\u00e7os:\nhttps:\/\/editorasundermann.com.br\/livro\/96-marx-e-a-hist%C3%B3ria\nhttps:\/\/www.estantevirtual.com.br\/busca?utf8=%E2%9C%93&q=gustavo+machado+marx\n\n#Imperialismo #CapitalFinanceiro #Domina\u00e7\u00e3o","original_language":"pt-BR","publication_date":"2022-09-10","duration":0,"url":"https:\/\/www.youtube.com\/watch?v=49CC8ulhFoc","thumbnail":"thumbnails\/49CC8ulhFoc.jpg"},{"video_id":"0EvYJB7t_kc","channel_id":"UCRLEkZpNRoZQBG8kUTBD8vQ","title":"ESTADO BRASILEIRO: quem financia e quem se beneficia EP #178","description":"Todas as fontes utilizadas nesse v\u00eddeo s\u00e3o prim\u00e1rias, indicadas em cada slide\n_____________________________________________________________________________\nV\u00eddeo sugerido: \nCAPITALISMO E ESTADO | Tudo a ver EP #116 \nhttps:\/\/www.youtube.com\/watch?v=Kx9ZF6EEU0Q\n\n_____________________________________________________________________________\nSEJA MEMBRO e apoie o canal. Bot\u00e3o ADERIR acima ou: \nhttps:\/\/www.youtube.com\/channel\/UCRLEkZpNRoZQBG8kUTBD8vQ\/join\n\nV\u00eddeo sobre ser membro do canal:\nhttps:\/\/www.youtube.com\/watch?v=drvou-obBVU\n_____________________________________________________________________________\nSiga as p\u00e1ginas do canal Orienta\u00e7\u00e3o Marxista nas Redes Sociais\n\nFACEBOOK:    https:\/\/www.facebook.com\/Orienta\u00e7\u00e3o-Marxista-111673690190915\nTWITTER:       https:\/\/twitter.com\/orient_marxista\nINSTAGRAM: https:\/\/www.instagram.com\/orient.marxista\n_____________________________________________________________________________\nLeia o blog Teoria e Revolu\u00e7\u00e3o:\nhttps:\/\/teoriaerevolucao.pstu.org.br\n_____________________________________________________________________________\nO livro do autor desse canal (Marx e a Hist\u00f3ria: das particularidades nacionais \u00e0 universalidade da revolu\u00e7\u00e3o socialista )  pode ser adquirido nos seguintes endere\u00e7os:\nhttps:\/\/editorasundermann.com.br\/livro\/96-marx-e-a-hist%C3%B3ria\nhttps:\/\/www.estantevirtual.com.br\/busca?utf8=%E2%9C%93&q=gustavo+machado+marx\n\n#Impostos #Estado #Socialismo","original_language":"pt-BR","publication_date":"2022-09-04","duration":0,"url":"https:\/\/www.youtube.com\/watch?v=0EvYJB7t_kc","thumbnail":"thumbnails\/0EvYJB7t_kc.jpg"},{"video_id":"v_-YSDOaIww","channel_id":"UCRLEkZpNRoZQBG8kUTBD8vQ","title":"\u00c9 POSS\u00cdVEL O SOCIALISMO NO BRASIL? Emprego e distribui\u00e7\u00e3o da riqueza EP #177","description":"Nesse v\u00eddeo, entenda se seria poss\u00edvel o socialismo no Brasil. \n_____________________________________________________________________________\nV\u00eddeo sugerido: \nMarx e as ELEI\u00c7\u00d5ES | Participar ou n\u00e3o? Para qu\u00ea? EP #860 https:\/\/www.youtube.com\/watch?v=hVgDLpwDWgs\n\n_____________________________________________________________________________\nSEJA MEMBRO e apoie o canal. Bot\u00e3o ADERIR acima ou: \nhttps:\/\/www.youtube.com\/channel\/UCRLEkZpNRoZQBG8kUTBD8vQ\/join\n\nV\u00eddeo sobre ser membro do canal:\nhttps:\/\/www.youtube.com\/watch?v=drvou-obBVU\n_____________________________________________________________________________\nSiga as p\u00e1ginas do canal Orienta\u00e7\u00e3o Marxista nas Redes Sociais\n\nFACEBOOK:    https:\/\/www.facebook.com\/Orienta\u00e7\u00e3o-Marxista-111673690190915\nTWITTER:       https:\/\/twitter.com\/orient_marxista\nINSTAGRAM: https:\/\/www.instagram.com\/orient.marxista\n_____________________________________________________________________________\nLeia o blog Teoria e Revolu\u00e7\u00e3o:\nhttps:\/\/teoriaerevolucao.pstu.org.br\n_____________________________________________________________________________\nO livro do autor desse canal (Marx e a Hist\u00f3ria: das particularidades nacionais \u00e0 universalidade da revolu\u00e7\u00e3o socialista )  pode ser adquirido nos seguintes endere\u00e7os:\nhttps:\/\/editorasundermann.com.br\/livro\/96-marx-e-a-hist%C3%B3ria\nhttps:\/\/www.estantevirtual.com.br\/busca?utf8=%E2%9C%93&q=gustavo+machado+marx\n\n#Socialismo #Brasil #Riqueza","original_language":"pt-BR","publication_date":"2022-09-01","duration":0,"url":"https:\/\/www.youtube.com\/watch?v=v_-YSDOaIww","thumbnail":"thumbnails\/v_-YSDOaIww.jpg"},{"video_id":"zpvQHNyQIXE","channel_id":"UCRLEkZpNRoZQBG8kUTBD8vQ","title":"HIST\u00d3RIA P\u00daBLICA: MENCHEVIQUES, L\u00caNIN E TROTSKY | REAGINDO EP #176","description":"ARTIGO SOBRE MARX E O PARTIDO\nhttps:\/\/teoriaerevolucao.pstu.org.br\/marx-e-a-questao-do-partido-uma-fabrica-de-mitos\/\n\nEXCELENTE ARTIGO DE TROTSKY PARA ENTENDER AS TR\u00caS CONCEP\u00c7\u00d5ES DA REVOLU\u00c7\u00c3O RUSSA\nhttps:\/\/www.marxists.org\/portugues\/trotsky\/1939\/08\/90.htm\n\nTROTSKY SOBRE MENCHEVIQUES E BOLCHEVIQUES EM 1909:\nhttps:\/\/www.marxists.org\/espanol\/\/\/trotsky\/ceip\/permanente\/nuestrasdiferencias.htm\n\"mientras los aspectos antirrevolucionarios de la doctrina menchevique se manifiestan ya con toda claridad, lo que pueda haber de antirrevolucionario en las ideas bolcheviques no nos amenazar\u00eda m\u00e1s que en el caso de una victoria revolucionaria.\"\n\nL\u00caNIN E O REAL MOTIVO DA CIS\u00c3O EM 1903:\nhttps:\/\/www.marxists.org\/portugues\/lenin\/1904\/passo\/cap02.htm#t1\n\"J\u00e1 disse no congresso, e repeti-o depois mais de uma vez, que \"n\u00e3o considero de modo nenhum a nossa diverg\u00eancia (sobre o \u00a71) t\u00e3o essencial que dela dependa a vida ou a morte do partido. [...] Mas qualquer pequena diverg\u00eancia pode tornar-se grande se insistirmos nela, se a colocarmos em primeiro plano, se nos pusermos a investigar todas as suas ra\u00edzes e ramifica\u00e7\u00f5es.\"\n\nTROTSKY DEFENDIA A EXPROPRIA\u00c7\u00c3O DOS CAMPONESES?\nBalan\u00e7os e perspetivas (criativamente citado por Ivan como \"resultados e prospec\u00e7\u00f5es\"). Provavelmente pra ningu\u00e9m conferir.\n\"Ao agir desta maneira, o novo regime come\u00e7aria por levantar no campesinato uma enorme oposi\u00e7\u00e3o contra ele.\nE por que raz\u00e3o deveriam as terras comunit\u00e1rias e as dos pequenos propriet\u00e1rios ser transformadas em propriedade do Estado? A fim de as tornar dispon\u00edveis, de qualquer maneira, para a sua explora\u00e7\u00e3o econ\u00f4mica, \"igual\" por todos os agricultores, compreendendo os atuais camponeses sem terra e os trabalhadores agr\u00edcolas. Assim, do ponto de vista econ\u00f4mico, o novo regime nada ganharia com a expropria\u00e7\u00e3o dos pequenos propriet\u00e1rios e das terras comunit\u00e1rias, porque, ap\u00f3s a redistribui\u00e7\u00e3o, as terras estatais ou p\u00fablicas seriam cultivadas como terras privadas; e, do ponto de vista pol\u00edtico, o novo regime cometeria um erro grosseiro, porque levantaria imediatamente a massa do campesinato contra o proletariado das cidades, cabe\u00e7a da pol\u00edtica revolucion\u00e1ria.\"\n\nTRECHOS DE L\u00caNIN E A REVOLU\u00c7\u00c3O SOCIALISTA EUROPEIA\nLA DICTADURA DEMOCR\u00c1TICA REVOLUCIONARIA DEL PROLETARIADO Y DEL CAMPESINADO \u2013 marzo de 1905\n\"cuando tengamos la dictadura democr\u00e1tica revolucionaria movilizaremos a decenas de millones de pobtes de la ciudad y el campo y haremos la revoluci\u00f3n pol\u00edtica rusa el pr\u00f3logo de la revoluci\u00f3n socialista europea.\"\n\nLAS TAREAS DEMOCR\u00c1TICAS DEL PROLETARIADO REVOLUCIONARIO \u2013 junio de 1905\n\"Pero la burgues\u00eda considerada como un todo, es incapaz de luchar con decisi\u00f3n contra la autocracia: teme perder en esa lucha su propiedad, que la encadena a la sociedad existente; teme una actuaci\u00f3n demasiado revolucionaria de los obreros, que jam\u00e1s se detendr\u00e1n en la revoluci\u00f3n democr\u00e1tica\"\n\nLA LUCHA DEL PROLETARIADO Y EL SERVILISMO DE LA BURGUES\u00cdA \u2013 junio de 1905\nLa victoria de la revoluci\u00f3n democr\u00e1tica en Rusia ser\u00e1 la se\u00f1al para el comienzo de la revoluci\u00f3n socialista\n\nLA ACTITUD DE LA SOCIALDEMOCRACIA ANTE EL MOVIMIENTO CAMPESINO septiembre de 1905\n\"Apoyamos el movimiento campesino por cuanto es un movimiento democr\u00e1tico revolucionario. Nos preparamos (ahora mismo, inmediatamente) para luchar contra \u00e9l cuando comience a actuar como un movimiento reaccionario, antiproletario. Toda la esencia delmarxismo est\u00e1 en esta doble tarea que s\u00f3lo quienes no comprenden el marxismo pueden simplificar o reducir a una sola y simple tarea. [...]\n Somos partidarios de la revoluci\u00f3n ininterrumpida. No nos quedaremos a mitad de camino. Si no prometemos desde ahora e inmediatamente toda clase de \"socializaciones\", [...], lejos de velar la nueva lucha de clases que madura en el seno del campesinado, la ponemos al descubierto.\"\n_____________________________________________________________________________\nSEJA MEMBRO e apoie o canal. Bot\u00e3o ADERIR acima ou: \nhttps:\/\/www.youtube.com\/channel\/UCRLEkZpNRoZQBG8kUTBD8vQ\/join\n\nV\u00eddeo sobre ser membro do canal:\nhttps:\/\/www.youtube.com\/watch?v=drvou-obBVU\n_____________________________________________________________________________\nSiga as p\u00e1ginas do canal Orienta\u00e7\u00e3o Marxista nas Redes Sociais\n\nFACEBOOK:    https:\/\/www.facebook.com\/Orienta\u00e7\u00e3o-Marxista-111673690190915\nTWITTER:       https:\/\/twitter.com\/orient_marxista\nINSTAGRAM: https:\/\/www.instagram.com\/orient.marxista\n_____________________________________________________________________________\nLeia o blog Teoria e Revolu\u00e7\u00e3o:\nhttps:\/\/teoriaerevolucao.pstu.org.br\n_____________________________________________________________________________\nO livro do autor desse canal (Marx e a Hist\u00f3ria: das particularidades nacionais \u00e0 universalidade da revolu\u00e7\u00e3o socialista )  pode ser adquirido nos seguintes endere\u00e7os:\nhttps:\/\/editorasundermann.com.br\/livro\/96-marx-e-a-hist%C3%B3ria\nhttps:\/\/www.estantevirtual.com.br\/busca?utf8=%E2%9C%93&q=gustavo+machado+marx\n\n#Mencheviques #lenin  #trotsky","original_language":"pt-BR","publication_date":"2022-08-25","duration":0,"url":"https:\/\/www.youtube.com\/watch?v=zpvQHNyQIXE","thumbnail":"thumbnails\/zpvQHNyQIXE.jpg"},{"video_id":"h3Giq1Nn_UA","channel_id":"UCRLEkZpNRoZQBG8kUTBD8vQ","title":"HIST\u00d3RIA P\u00daBLICA: Leninismo e trotskismo. A NEP | REAGINDO EP #175","description":"Em tr\u00eas minutos as seguintes mentiras:\n1) Trotsky foi contra a NEP\n2) Trotsky defendia a coletiviza\u00e7\u00e3o imediata e for\u00e7ada do campo\n3) Trotsky foi contra o fim da NEP por problemas do c\u00e1lculo (se \u00e9 assim, como ele defendia o fim paulatino da NEP?)\n4) Trotsky mudou de posi\u00e7\u00e3o em 1928 sobre o tema\nN\u00e3o h\u00e1 d\u00favidas de que os mesmos fatos e acontecimentos hist\u00f3ricos podem ser articulados de modo distinto, gerando interpreta\u00e7\u00f5es diferentes. Quando se recorre A FALSIFICA\u00c7\u00d5ES GROSSEIRAS DOS FATOS, \u00e9 porque nem as interpreta\u00e7\u00f5es malucas s\u00e3o suficientes para demonstrar suas posi\u00e7\u00f5es: eis o stalinismo.\n\n_____________________________________________________________________________\nV\u00eddeo sugerido: \nJones Manoel repetindo as mesmas bobagens:\nhttps:\/\/youtu.be\/XY9isI5DBik?t=2816\nO partido de L\u00eanin (bolchevique) era monol\u00edtico? EP #26\nhttps:\/\/www.youtube.com\/watch?v=uGBpp7L8tt8\n_____________________________________________________________________________\nSEJA MEMBRO e apoie o canal. Bot\u00e3o ADERIR acima ou: \nhttps:\/\/www.youtube.com\/channel\/UCRLEkZpNRoZQBG8kUTBD8vQ\/join\n\nV\u00eddeo sobre ser membro do canal:\nhttps:\/\/www.youtube.com\/watch?v=drvou-obBVU\n_____________________________________________________________________________\nSiga as p\u00e1ginas do canal Orienta\u00e7\u00e3o Marxista nas Redes Sociais\n\nFACEBOOK:    https:\/\/www.facebook.com\/Orienta\u00e7\u00e3o-Marxista-111673690190915\nTWITTER:       https:\/\/twitter.com\/orient_marxista\nINSTAGRAM: https:\/\/www.instagram.com\/orient.marxista\n_____________________________________________________________________________\nLeia o blog Teoria e Revolu\u00e7\u00e3o:\nhttps:\/\/teoriaerevolucao.pstu.org.br\n_____________________________________________________________________________\nO livro do autor desse canal (Marx e a Hist\u00f3ria: das particularidades nacionais \u00e0 universalidade da revolu\u00e7\u00e3o socialista )  pode ser adquirido nos seguintes endere\u00e7os:\nhttps:\/\/editorasundermann.com.br\/livro\/96-marx-e-a-hist%C3%B3ria\nhttps:\/\/www.estantevirtual.com.br\/busca?utf8=%E2%9C%93&q=gustavo+machado+marx\n\n#Stalin #Trotsky #NEP","original_language":"pt-BR","publication_date":"2022-08-20","duration":0,"url":"https:\/\/www.youtube.com\/watch?v=h3Giq1Nn_UA","thumbnail":"thumbnails\/h3Giq1Nn_UA.jpg"},{"video_id":"Z9b_7D-yk3w","channel_id":"UCRLEkZpNRoZQBG8kUTBD8vQ","title":"MARX defendia a UNIDADE DA ESQUERDA??? EP #174","description":"Mensagem do Comit\u00ea Central \u00e0 Liga dos Comunistas - Karl Marx, Friedrich Engels\n\n\"A atitude do partido oper\u00e1rio revolucion\u00e1rio em face da democracia pequeno-burguesa \u00e9 a seguinte: marchar com ela na luta pela derrubada daquela fra\u00e7\u00e3o cuja derrota \u00e9 desejada pelo partido oper\u00e1rio; marchar contra ela em todos os casos em que a democracia pequeno-burguesa queira consolidar a sua posi\u00e7\u00e3o em proveito pr\u00f3prio.\"\n\n\"Longe de desejar a transforma\u00e7\u00e3o revolucion\u00e1ria de toda a sociedade em benef\u00edcio dos prolet\u00e1rios revolucion\u00e1rios, a pequena-burguesia democrata tende a uma mudan\u00e7a da ordem social que possa tornar a sua vida, na sociedade atual, mais c\u00f4moda e confort\u00e1vel.\"\n\n\"Enquanto os pequeno-burgueses democratas querem concluir a revolu\u00e7\u00e3o o mais rapidamente poss\u00edvel, depois de terem obtido, no m\u00e1ximo, os reclamos supra-mencionados, os nossos interesses e as nossas tarefas consistem em tornar a revolu\u00e7\u00e3o permanente at\u00e9 que seja eliminada a domina\u00e7\u00e3o das classes mais ou menos possuidoras, at\u00e9 que o proletariado conquiste o poder do Estado, at\u00e9 que a associa\u00e7\u00e3o dos prolet\u00e1rios se desenvolva, n\u00e3o s\u00f3 num pa\u00eds, mas em todos os pa\u00edses predominantes do mundo\"\n\n\"Em vez de descer mais uma vez ao papel de coro laudat\u00f3rio dos democratas burgueses, os oper\u00e1rios e, sobretudo, a Liga devem procurar estabelecer, junto aos democratas oficiais, uma organiza\u00e7\u00e3o independente do partido oper\u00e1rio, ao mesmo tempo legal e secreta, e fazer de cada comunidade o centro e n\u00facleo de sociedades oper\u00e1rias, nas quais a atitude e os interesses do proletariado possam ser discutidos independentemente das influ\u00eancias burguesas\"\n\n\"Ao lado dos candidatos burgueses democr\u00e1ticos figurem em toda parte candidatos oper\u00e1rios, escolhidos na medida do poss\u00edvel entre os membros da Liga, e que para o seu triunfo se ponham em jogo todos os meios dispon\u00edveis. Mesmo que n\u00e3o exista esperan\u00e7a alguma de triunfo, os oper\u00e1rios devem apresentar candidatos pr\u00f3prios para conservar a independ\u00eancia , fazer uma avalia\u00e7\u00e3o de for\u00e7as e demonstrar abertamente a todo mundo sua posi\u00e7\u00e3o revolucion\u00e1ria e os pontos de vista do partido\"\n\nCarta circular de Marx \u00e0 Social-democracia alem\u00e3 https:\/\/teoriaerevolucao.pstu.org.br\/carta-circular-de-marx-a-social-democracia-alema\/\n\n\"O programa n\u00e3o deve ser abandonado, mas meramente postergado \u2013 para algum per\u00edodo indeterminado. Eles o aceitam \u2013 n\u00e3o por eles mesmos e durante seu pr\u00f3prio tempo de vida, mas postumamente, como uma rel\u00edquia de fam\u00edlia transmitida para seus filhos e netos. Enquanto isso eles dedicam \u201ctoda sua for\u00e7a e energia\u201d a todo tipo de trivialidades, remendando a ordem social capitalista, para que, ao menos, algo pare\u00e7a ter sido feito sem, ao mesmo tempo, alarmar a burguesia\"\n\n\"S\u00e3o as vozes dos representantes da pequena burguesia, aterrorizados de que o proletariado, impelido por sua posi\u00e7\u00e3o revolucion\u00e1ria possa ir \u201clonge de mais\u201d. Ao inv\u00e9s de resoluta oposi\u00e7\u00e3o pol\u00edtica \u2013 concilia\u00e7\u00e3o geral; ao inv\u00e9s de uma luta contra o governo e a burguesia \u2013 uma tentativa de ganh\u00e1-los e convenc\u00ea-los; ao inv\u00e9s de desafiadora resist\u00eancia aos maus-tratos dos de cima \u2013 humilde sujei\u00e7\u00e3o e a admiss\u00e3o de que os castigos foram merecidos.\"\n\n\"Quanto as suas convic\u00e7\u00f5es socialistas, elas j\u00e1 foram adequadamente criticadas no Manifesto, Cap\u00edtulo: 'o socialismo alem\u00e3o ou o \u2018verdadeiro\u2019 socialismo'. Onde quer que a luta de classes seja posta de lado como uma manifesta\u00e7\u00e3o grosseira e de mau gosto, a \u00fanica base ainda restante para o socialismo ser\u00e1 um \u201cverdadeiro amor pela humanidade\u201d e frases vazias sobre \"justi\u00e7a\". \"\n\n\"Num pa\u00eds t\u00e3o pequeno-burgu\u00eas quanto a Alemanha, h\u00e1 certamente alguma justificativa para tais ideias. Mas somente fora do Partido Social Democrata dos Trabalhadores. ...  dentro de um partido dos trabalhadores eles s\u00e3o um elemento de corrup\u00e7\u00e3o.\"\n\n\"A emancipa\u00e7\u00e3o dos trabalhadores deve ser alcan\u00e7ada pelos pr\u00f3prios trabalhadores. Assim, n\u00e3o podemos cooperar com homens que dizem abertamente que os trabalhadores s\u00e3o muito ignorantes para se auto emancipar, e devem primeiro ser emancipados de cima por membros filantropos das alta e baixa classes m\u00e9dias. Se o novo \u00f3rg\u00e3o do partido adotar uma pol\u00edtica correspondente \u00e0 opini\u00e3o desses senhores, se \u00e9 burgu\u00eas e n\u00e3o prolet\u00e1rio, ent\u00e3o tudo o que podemos fazer \u2013 muito embora lamentemos isso \u2013 ser\u00e1 nos declararmos publicamente em oposi\u00e7\u00e3o a ele e abandonar a solidariedade com a qual temos at\u00e9 aqui representado o partido alem\u00e3o no exterior. Mas esperamos que isso n\u00e3o venha a se dar.\"\n_____________________________________________________________________________\nV\u00eddeo sugerido: \nMarx e as ELEI\u00c7\u00d5ES | Participar ou n\u00e3o? Para qu\u00ea? EP #86\nhttps:\/\/www.youtube.com\/watch?v=hVgDLpwDWgs\nBOITEMPO: como falsificar um livro por meio da capa EP #272 https:\/\/www.youtube.com\/watch?v=ST7xzMfo-2g\n_____________________________________________________________________________\nSEJA MEMBRO e apoie o canal. Bot\u00e3o ADERIR acima\n#Marx #Unidade #Esquerda","original_language":"pt-BR","publication_date":"2022-08-13","duration":0,"url":"https:\/\/www.youtube.com\/watch?v=Z9b_7D-yk3w","thumbnail":"thumbnails\/Z9b_7D-yk3w.jpg"},{"video_id":"B3vUr8yWrxY","channel_id":"UCRLEkZpNRoZQBG8kUTBD8vQ","title":"Aquela VELHA OPINI\u00c3O formada sobre tudo EP #173","description":"Hoje, discutimos um suposto clich\u00ea, raramente compreendido. O princ\u00edpio do conhecimento \u00e9 a consci\u00eancia da nossa ignor\u00e2ncia. Nas palavras do S\u00f3crates de Plat\u00e3o: o primeiro saber \u00e9 o saber que n\u00e3o se sabe. O que significa isso?\n_____________________________________________________________________________\nSEJA MEMBRO e apoie o canal. Bot\u00e3o ADERIR acima ou: \nhttps:\/\/www.youtube.com\/channel\/UCRLEkZpNRoZQBG8kUTBD8vQ\/join\n\nV\u00eddeo sobre ser membro do canal:\nhttps:\/\/www.youtube.com\/watch?v=drvou-obBVU\n_____________________________________________________________________________\nSiga as p\u00e1ginas do canal Orienta\u00e7\u00e3o Marxista nas Redes Sociais\n\nFACEBOOK:    https:\/\/www.facebook.com\/Orienta\u00e7\u00e3o-Marxista-111673690190915\nTWITTER:       https:\/\/twitter.com\/orient_marxista\nINSTAGRAM: https:\/\/www.instagram.com\/orient.marxista\n_____________________________________________________________________________\nLeia o blog Teoria e Revolu\u00e7\u00e3o:\nhttps:\/\/teoriaerevolucao.pstu.org.br\n_____________________________________________________________________________\nO livro do autor desse canal (Marx e a Hist\u00f3ria: das particularidades nacionais \u00e0 universalidade da revolu\u00e7\u00e3o socialista )  pode ser adquirido nos seguintes endere\u00e7os:\nhttps:\/\/editorasundermann.com.br\/livro\/96-marx-e-a-hist%C3%B3ria\nhttps:\/\/www.estantevirtual.com.br\/busca?utf8=%E2%9C%93&q=gustavo+machado+marx\n\n#Conhecimento #SaberQueN\u00e3oSeSabe #Plat\u00e3o","original_language":"pt-BR","publication_date":"2022-08-11","duration":0,"url":"https:\/\/www.youtube.com\/watch?v=B3vUr8yWrxY","thumbnail":"thumbnails\/B3vUr8yWrxY.jpg"},{"video_id":"4ZQfpjB7-0A","channel_id":"UCpfZpmQ8hS3RbQ5GsXZw4KQ","title":"\u00daltima intervenci\u00f3n de Mar\u00eda Rivera en la Convenci\u00f3n Constitucional Chilena","description":"La \u00faltima intervenci\u00f3n de nuestra compa\u00f1era Mar\u00eda Rivera en la Convenci\u00f3n Constitucional\n\n\"El coraz\u00f3n del capitalismo neoliberal chileno se mantiene con la nueva Constituci\u00f3n. Se mantiene la propiedad privada sobre toda clase de bienes y servicios. As\u00ed, se mantendr\u00e1n los grandes monopolios de las farmacias, del retail, del gas, de la miner\u00eda, de las forestales, de las pesqueras, etc. As\u00ed el 1% m\u00e1s rico seguir\u00e1 con enormes privilegios, mientras la mayor\u00eda de los trabajadores y nuestras familias seguiremos en la pobreza.","original_language":"pt","publication_date":"2022-07-06","duration":0,"url":"https:\/\/www.youtube.com\/watch?v=4ZQfpjB7-0A","thumbnail":"thumbnails\/4ZQfpjB7-0A.jpg"},{"video_id":"OOD0THbdfkU","channel_id":"UCRLEkZpNRoZQBG8kUTBD8vQ","title":"O MARX DA ACADEMIA | Um le\u00e3o sem juba EP #172","description":"_____________________________________________________________________________\nV\u00eddeo sugerido: \nECONOMIA N\u00c3O \u00c9 CI\u00caNCIA | A barb\u00e1rie da academia EP #171\nhttps:\/\/www.youtube.com\/watch?v=iGnlWvLZRs0\n_____________________________________________________________________________\nSEJA MEMBRO e apoie o canal. Bot\u00e3o ADERIR acima ou: \nhttps:\/\/www.youtube.com\/channel\/UCRLEkZpNRoZQBG8kUTBD8vQ\/join\n\nV\u00eddeo sobre ser membro do canal:\nhttps:\/\/www.youtube.com\/watch?v=drvou-obBVU\n_____________________________________________________________________________\nSiga as p\u00e1ginas do canal Orienta\u00e7\u00e3o Marxista nas Redes Sociais\n\nFACEBOOK:    https:\/\/www.facebook.com\/Orienta\u00e7\u00e3o-Marxista-111673690190915\nTWITTER:       https:\/\/twitter.com\/orient_marxista\nINSTAGRAM: https:\/\/www.instagram.com\/orient.marxista\n_____________________________________________________________________________\nLeia o blog Teoria e Revolu\u00e7\u00e3o:\nhttps:\/\/teoriaerevolucao.pstu.org.br\n_____________________________________________________________________________\nO livro do autor desse canal (Marx e a Hist\u00f3ria: das particularidades nacionais \u00e0 universalidade da revolu\u00e7\u00e3o socialista )  pode ser adquirido nos seguintes endere\u00e7os:\nhttps:\/\/editorasundermann.com.br\/livro\/96-marx-e-a-hist%C3%B3ria\nhttps:\/\/www.estantevirtual.com.br\/busca?utf8=%E2%9C%93&q=gustavo+machado+marx\n\n#Marx #Academia #Marxismo","original_language":"pt-BR","publication_date":"2022-06-30","duration":0,"url":"https:\/\/www.youtube.com\/watch?v=OOD0THbdfkU","thumbnail":"thumbnails\/OOD0THbdfkU.jpg"},{"video_id":"dq-eSHs_RBg","channel_id":"UCpfZpmQ8hS3RbQ5GsXZw4KQ","title":"Ucrania: Campa\u00f1a solidaria y debates pol\u00edticos","description":"Evento por Zoom sobre la campa\u00f1a de solidaridad con la resistencia ucraniana, y los debates pol\u00edticos en torno a la guerra. Participar\u00f3n Fabio Bosco y Herbert Claros, brigadistas del Convoy de apoyo a la resistencia ucraniana y Ricardo Ayala del Consejo editorial de Marxismo Vivo, y la direcci\u00f3n de la LITCI.","original_language":"pt","publication_date":"2022-06-05","duration":0,"url":"https:\/\/www.youtube.com\/watch?v=dq-eSHs_RBg","thumbnail":"thumbnails\/dq-eSHs_RBg.jpg"},{"video_id":"vb2zZ3gshP4","channel_id":"UCpfZpmQ8hS3RbQ5GsXZw4KQ","title":"UCR\u00c2NIA: CAMPANHA SOLID\u00c1RIA E DEBATES POL\u00cdTICOS","description":"","original_language":"pt","publication_date":"2022-06-05","duration":0,"url":"https:\/\/www.youtube.com\/watch?v=vb2zZ3gshP4","thumbnail":"thumbnails\/vb2zZ3gshP4.jpg"},{"video_id":"iGnlWvLZRs0","channel_id":"UCRLEkZpNRoZQBG8kUTBD8vQ","title":"ECONOMIA N\u00c3O \u00c9 CI\u00caNCIA | A barb\u00e1rie da academia EP #171","description":"ECONOMIA N\u00c3O \u00c9 CI\u00caNCIA  E A BARB\u00c1RIE DA ACADEMIA\nEm v\u00eddeo de cerca de uma hora, ilustramos a completa confus\u00e3o da assim chamada ci\u00eancia econ\u00f4mica. Como a economia do capitalismo \u00e9 uma ci\u00eancia imposs\u00edvel, manifesta nas produ\u00e7\u00f5es acad\u00eamicas sobre Marx, em m\u00e9dia, com 3 ou 4 erros por par\u00e1grafo.\nAdiantamentos sobre o Livro II de O Capital.\nEstreia hoje as 19:30, estarei ao vivo no CHAT\n_____________________________________________________________________________\nV\u00eddeo sugerido: \nTOTALIDADE E DIAL\u00c9TICA | Aprendendo com Marx EP #138\nhttps:\/\/www.youtube.com\/watch?v=1kcnVAN1W2U\n_____________________________________________________________________________\nSEJA MEMBRO e apoie o canal. Bot\u00e3o ADERIR acima ou: \nhttps:\/\/www.youtube.com\/channel\/UCRLEkZpNRoZQBG8kUTBD8vQ\/join\n\nV\u00eddeo sobre ser membro do canal:\nhttps:\/\/www.youtube.com\/watch?v=drvou-obBVU\n_____________________________________________________________________________\nSiga as p\u00e1ginas do canal Orienta\u00e7\u00e3o Marxista nas Redes Sociais\n\nFACEBOOK:    https:\/\/www.facebook.com\/Orienta\u00e7\u00e3o-Marxista-111673690190915\nTWITTER:       https:\/\/twitter.com\/orient_marxista\nINSTAGRAM: https:\/\/www.instagram.com\/orient.marxista\n_____________________________________________________________________________\nLeia o blog Teoria e Revolu\u00e7\u00e3o:\nhttps:\/\/teoriaerevolucao.pstu.org.br\n_____________________________________________________________________________\nO livro do autor desse canal (Marx e a Hist\u00f3ria: das particularidades nacionais \u00e0 universalidade da revolu\u00e7\u00e3o socialista )  pode ser adquirido nos seguintes endere\u00e7os:\nhttps:\/\/editorasundermann.com.br\/livro\/96-marx-e-a-hist%C3%B3ria\nhttps:\/\/www.estantevirtual.com.br\/busca?utf8=%E2%9C%93&q=gustavo+machado+marx\n\n#Economia #Ci\u00eancia #Rota\u00e7\u00e3oDoCapital","original_language":"pt-BR","publication_date":"2022-06-02","duration":0,"url":"https:\/\/www.youtube.com\/watch?v=iGnlWvLZRs0","thumbnail":"thumbnails\/iGnlWvLZRs0.jpg"},{"video_id":"ICb70VVHrcw","channel_id":"UCRLEkZpNRoZQBG8kUTBD8vQ","title":"ELON MUSK | [J]\u00eanio de nosso tempo EP #170","description":"_____________________________________________________________________________\nV\u00eddeo sugerido: \nSpaceX e ELON MUSK: Tecnologia e capital se complementam ou se op\u00f5em? EP #51\nhttps:\/\/www.youtube.com\/watch?v=9eOszALA6sY\n_____________________________________________________________________________\nSEJA MEMBRO e apoie o canal. Bot\u00e3o ADERIR acima ou: \nhttps:\/\/www.youtube.com\/channel\/UCRLEkZpNRoZQBG8kUTBD8vQ\/join\n\nV\u00eddeo sobre ser membro do canal:\nhttps:\/\/www.youtube.com\/watch?v=drvou-obBVU\n_____________________________________________________________________________\nSiga as p\u00e1ginas do canal Orienta\u00e7\u00e3o Marxista nas Redes Sociais\n\nFACEBOOK:    https:\/\/www.facebook.com\/Orienta\u00e7\u00e3o-Marxista-111673690190915\nTWITTER:       https:\/\/twitter.com\/orient_marxista\nINSTAGRAM: https:\/\/www.instagram.com\/orient.marxista\n_____________________________________________________________________________\nLeia o blog Teoria e Revolu\u00e7\u00e3o:\nhttps:\/\/teoriaerevolucao.pstu.org.br\n_____________________________________________________________________________\nO livro do autor desse canal (Marx e a Hist\u00f3ria: das particularidades nacionais \u00e0 universalidade da revolu\u00e7\u00e3o socialista )  pode ser adquirido nos seguintes endere\u00e7os:\nhttps:\/\/editorasundermann.com.br\/livro\/96-marx-e-a-hist%C3%B3ria\nhttps:\/\/www.estantevirtual.com.br\/busca?utf8=%E2%9C%93&q=gustavo+machado+marx\n\n#ElonMusk #Tesla #SpaceX","original_language":"pt-BR","publication_date":"2022-05-25","duration":0,"url":"https:\/\/www.youtube.com\/watch?v=ICb70VVHrcw","thumbnail":"thumbnails\/ICb70VVHrcw.jpg"},{"video_id":"uXDqo4n-K64","channel_id":"UCRLEkZpNRoZQBG8kUTBD8vQ","title":"MMT: \"consertando\" o capitalismo com POL\u00cdTICA MONET\u00c1RIA EP #169","description":"_____________________________________________________________________________\nV\u00eddeo sugerido: \nHumberto Matos (MMT) versus Dinheiro em Marx | O CAPITAL DE MARX VID #8\nhttps:\/\/www.youtube.com\/watch?v=x7Q6IS35Scw\n\n_____________________________________________________________________________\nSEJA MEMBRO e apoie o canal. Bot\u00e3o ADERIR acima ou: \nhttps:\/\/www.youtube.com\/channel\/UCRLEkZpNRoZQBG8kUTBD8vQ\/join\n\nV\u00eddeo sobre ser membro do canal:\nhttps:\/\/www.youtube.com\/watch?v=drvou-obBVU\n_____________________________________________________________________________\nSiga as p\u00e1ginas do canal Orienta\u00e7\u00e3o Marxista nas Redes Sociais\n\nFACEBOOK:    https:\/\/www.facebook.com\/Orienta\u00e7\u00e3o-Marxista-111673690190915\nTWITTER:       https:\/\/twitter.com\/orient_marxista\nINSTAGRAM: https:\/\/www.instagram.com\/orient.marxista\n_____________________________________________________________________________\nLeia o blog Teoria e Revolu\u00e7\u00e3o:\nhttps:\/\/teoriaerevolucao.pstu.org.br\n_____________________________________________________________________________\nO livro do autor desse canal (Marx e a Hist\u00f3ria: das particularidades nacionais \u00e0 universalidade da revolu\u00e7\u00e3o socialista )  pode ser adquirido nos seguintes endere\u00e7os:\nhttps:\/\/editorasundermann.com.br\/livro\/96-marx-e-a-hist%C3%B3ria\nhttps:\/\/www.estantevirtual.com.br\/busca?utf8=%E2%9C%93&q=gustavo+machado+marx\n\n#MMT #Pol\u00edticaMonet\u00e1ria #Dinheiro","original_language":"pt-BR","publication_date":"2022-05-22","duration":0,"url":"https:\/\/www.youtube.com\/watch?v=uXDqo4n-K64","thumbnail":"thumbnails\/uXDqo4n-K64.jpg"},{"video_id":"lx22i9FdXI8","channel_id":"UCRLEkZpNRoZQBG8kUTBD8vQ","title":"JABBOUR explica por que CAPITALISMO chin\u00eas \u00e9 SOCIALISTA EP #168","description":"ELIAS JABBOUR EXPLICA POR QUE O CAPITALISMO CHIN\u00caS \u00c9 SOCIALISTA\n_____________________________________________________________________________\nV\u00eddeo sugerido: \nCAPITALISMO E ESTADO | Tudo a ver EP #116\nhttps:\/\/www.youtube.com\/watch?v=Kx9ZF6EEU0Q\n\n_____________________________________________________________________________\nSEJA MEMBRO e apoie o canal. Bot\u00e3o ADERIR acima ou: \nhttps:\/\/www.youtube.com\/channel\/UCRLEkZpNRoZQBG8kUTBD8vQ\/join\n\nV\u00eddeo sobre ser membro do canal:\nhttps:\/\/www.youtube.com\/watch?v=drvou-obBVU\n_____________________________________________________________________________\nSiga as p\u00e1ginas do canal Orienta\u00e7\u00e3o Marxista nas Redes Sociais\n\nFACEBOOK:    https:\/\/www.facebook.com\/Orienta\u00e7\u00e3o-Marxista-111673690190915\nTWITTER:       https:\/\/twitter.com\/orient_marxista\nINSTAGRAM: https:\/\/www.instagram.com\/orient.marxista\n_____________________________________________________________________________\nLeia o blog Teoria e Revolu\u00e7\u00e3o:\nhttps:\/\/teoriaerevolucao.pstu.org.br\n_____________________________________________________________________________\nO livro do autor desse canal (Marx e a Hist\u00f3ria: das particularidades nacionais \u00e0 universalidade da revolu\u00e7\u00e3o socialista )  pode ser adquirido nos seguintes endere\u00e7os:\nhttps:\/\/editorasundermann.com.br\/livro\/96-marx-e-a-hist%C3%B3ria\nhttps:\/\/www.estantevirtual.com.br\/busca?utf8=%E2%9C%93&q=gustavo+machado+marx\n\n#China #Capitalismo #Socialismo","original_language":"pt-BR","publication_date":"2022-05-21","duration":0,"url":"https:\/\/www.youtube.com\/watch?v=lx22i9FdXI8","thumbnail":"thumbnails\/lx22i9FdXI8.jpg"},{"video_id":"qfnOsrMteu0","channel_id":"UCRLEkZpNRoZQBG8kUTBD8vQ","title":"ENTENDA A ESPECULA\u00c7\u00c3O | Tesla \u00e9 uma das maiores empresas do mundo? EP #167","description":"ENTENDA A \"L\u00d3GICA\" DA ESPECULA\u00c7\u00c3O\nComo os empres\u00e1rios transformam um valor real em fict\u00edcio de modo a especular com o montante da riqueza produzida pela classe trabalhadora. \nAnalisemos o caso da TESLA de Elon Musk, da BYD Chinesa entre outros.\n\n0:00 In\u00edcio\n4:38 Valor de mercado\n14:37 Desvaloriza\u00e7\u00e3o do Facebook etc...\n16:20 Empresas Chinesas\n21:17 Capital fict\u00edcio N\u00c3O CRIA VALOR\n_____________________________________________________________________________\nV\u00eddeo sugerido: \nCASO GameStop: A\u00e7\u00f5es e Capital Fict\u00edcio EP #104\nhttps:\/\/www.youtube.com\/watch?v=ofs_fbE-Q6M\n\n_____________________________________________________________________________\nSEJA MEMBRO e apoie o canal. Bot\u00e3o ADERIR acima ou: \nhttps:\/\/www.youtube.com\/channel\/UCRLEkZpNRoZQBG8kUTBD8vQ\/join\n\nV\u00eddeo sobre ser membro do canal:\nhttps:\/\/www.youtube.com\/watch?v=drvou-obBVU\n_____________________________________________________________________________\nSiga as p\u00e1ginas do canal Orienta\u00e7\u00e3o Marxista nas Redes Sociais\n\nFACEBOOK:    https:\/\/www.facebook.com\/Orienta\u00e7\u00e3o-Marxista-111673690190915\nTWITTER:       https:\/\/twitter.com\/orient_marxista\nINSTAGRAM: https:\/\/www.instagram.com\/orient.marxista\n_____________________________________________________________________________\nLeia o blog Teoria e Revolu\u00e7\u00e3o:\nhttps:\/\/teoriaerevolucao.pstu.org.br\n_____________________________________________________________________________\nO livro do autor desse canal (Marx e a Hist\u00f3ria: das particularidades nacionais \u00e0 universalidade da revolu\u00e7\u00e3o socialista )  pode ser adquirido nos seguintes endere\u00e7os:\nhttps:\/\/editorasundermann.com.br\/livro\/96-marx-e-a-hist%C3%B3ria\nhttps:\/\/www.estantevirtual.com.br\/busca?utf8=%E2%9C%93&q=gustavo+machado+marx\n\n#A\u00e7\u00f5es #Especula\u00e7\u00e3o #ElonMusk","original_language":"pt-BR","publication_date":"2022-05-15","duration":0,"url":"https:\/\/www.youtube.com\/watch?v=qfnOsrMteu0","thumbnail":"thumbnails\/qfnOsrMteu0.jpg"},{"video_id":"T53fX5Cdul8","channel_id":"UCRLEkZpNRoZQBG8kUTBD8vQ","title":"EXPLICANDO AO RAPHA\u00cbL LIMA: Riqueza e Pobreza EP #166","description":"RESPONDENDO RAPHA\u00cbL LIMA | Ideias \"Radicais\"\nSe a sociedade \u00e9 baseada na explora\u00e7\u00e3o dos mais ricos sobre os mais pobres, por que os mais pobres n\u00e3o ficam mais ricos quando meia d\u00fazia de empresas perdem 11 trilh\u00f5es de reais em valor de mercado? \n_____________________________________________________________________________\nV\u00eddeo sugerido: \nIdeias Radicais: Teoria da Mais-Valia \u00e9 furada? REAGINDO EP #40\nhttps:\/\/www.youtube.com\/watch?v=-IxqCgB6FXc\nREAGINDO IDEIAS RADICAIS | A origem do Estado EP #124\nhttps:\/\/www.youtube.com\/watch?v=qD6kljIYTds\n_____________________________________________________________________________\nSEJA MEMBRO e apoie o canal. Bot\u00e3o ADERIR acima ou: \nhttps:\/\/www.youtube.com\/channel\/UCRLEkZpNRoZQBG8kUTBD8vQ\/join\n\nV\u00eddeo sobre ser membro do canal:\nhttps:\/\/www.youtube.com\/watch?v=drvou-obBVU\n_____________________________________________________________________________\nSiga as p\u00e1ginas do canal Orienta\u00e7\u00e3o Marxista nas Redes Sociais\n\nFACEBOOK:    https:\/\/www.facebook.com\/Orienta\u00e7\u00e3o-Marxista-111673690190915\nTWITTER:       https:\/\/twitter.com\/orient_marxista\nINSTAGRAM: https:\/\/www.instagram.com\/orient.marxista\n_____________________________________________________________________________\nLeia o blog Teoria e Revolu\u00e7\u00e3o:\nhttps:\/\/teoriaerevolucao.pstu.org.br\n_____________________________________________________________________________\nO livro do autor desse canal (Marx e a Hist\u00f3ria: das particularidades nacionais \u00e0 universalidade da revolu\u00e7\u00e3o socialista )  pode ser adquirido nos seguintes endere\u00e7os:\nhttps:\/\/editorasundermann.com.br\/livro\/96-marx-e-a-hist%C3%B3ria\nhttps:\/\/www.estantevirtual.com.br\/busca?utf8=%E2%9C%93&q=gustavo+machado+marx\n\n#IdeiasRadicais #Rapha\u00eblLima #Pobreza","original_language":"pt-BR","publication_date":"2022-05-10","duration":0,"url":"https:\/\/www.youtube.com\/watch?v=T53fX5Cdul8","thumbnail":"thumbnails\/T53fX5Cdul8.jpg"},{"video_id":"BiK38_pigbg","channel_id":"UCRLEkZpNRoZQBG8kUTBD8vQ","title":"ESTRUTURA E SUPERESTRUTURA | Conceitos B\u00e1sicos do Marxismo #3","description":"Live de relan\u00e7amento do livro: https:\/\/www.youtube.com\/watch?v=owRqB5fztl4\n\nNesse epis\u00f3dio:\n\u25b6\ufe0f Estrutura e superestrutura tem que ver com qual esfera separada da realidade \u00e9 mais importante: o pensamento, o trabalho, a linguagem etc?\n\u25b6\ufe0f Estrutura e superestrutura s\u00e3o conceitos fixos e mortos nos quais apenas classificamos os fen\u00f4menos do mundo?\n\u201co conjunto destas rela\u00e7\u00f5es de produ\u00e7\u00e3o constitui a estrutura econ\u00f4mica da sociedade, a base concreta sobre a qual se eleva uma superestrutura jur\u00eddica e pol\u00edtica e \u00e0 qual correspondem determinadas formas de consci\u00eancia social\u201d\n\nQual esfera da vida social \u00e9 preponderante?\nA linguagem e a comunica\u00e7\u00e3o? A religi\u00e3o, da arte, da cultura? A capacidade de abstra\u00e7\u00e3o e de racionalizar?\nAlguns marxistas dizem que \u00e9 o trabalho.\nO marxismo mais dogm\u00e1tico diz que \u00e9 a economia: a estrutura.\n\nEM QUE SENTIDO AS RELA\u00c7\u00d5ES DE PRODU\u00c7\u00c3O CONSTITUEM A ESTRUTURA SOB AS QUAIS SE ELEVAM OS DEMAIS DOM\u00cdNIOS DA REALIDADE?\n\nN\u00e3o \u00e9 uma hierarquia de necessidades \nBeber, comer, vestir, morar etc... Essas necessidades podem ou n\u00e3o ser satisfeitas por meio de rela\u00e7\u00f5es sociais e de produ\u00e7\u00e3o completamente distintas.\n\nN\u00e3o \u00e9 pelo fato do trabalho ser uma condi\u00e7\u00e3o inelimin\u00e1vel da exist\u00eancia humana\nEsse trabalho pode ser realizado sob a base de distintas rela\u00e7\u00f5es de produ\u00e7\u00e3o.\n\nCHAVE DO PROBLEMA: \n\u25b6\ufe0f Formas de sociedade possuem uma estrutura repetitiva, reiterativa.\n\u25b6\ufe0f N\u00e3o escolhemos todos os dias, quando acordamos, a forma de sociedade que vamos viver. Nascemos dentro dela. N\u00e3o temos escolha. Se n\u00e3o reproduzimos sua forma de ser, ela deixa de existir. \n\nRELA\u00c7\u00d5ES ESTRUTURAIS: \u201cna produ\u00e7\u00e3o social de sua exist\u00eancia, os homens estabelecem rela\u00e7\u00f5es determinadas, necess\u00e1rias, independentes da sua vontade, rela\u00e7\u00f5es de produ\u00e7\u00e3o que correspondem a um determinado grau de desenvolvimento das for\u00e7as produtivas materiais\u201d\n\nSUPERESTRUTURA: \u00e9 apenas condicionada pela estrutura: n\u00e3o causada.\n_____________________________________________________________________________\nV\u00eddeo sugerido: \nMATERIALISMO | Conceitos B\u00e1sicos do Marxismo #1\nhttps:\/\/www.youtube.com\/watch?v=pnmwetxXT7Y\n\nFOR\u00c7AS PRODUTIVAS E RELA\u00c7\u00d5ES DE PRODU\u00c7\u00c3O | Conceitos B\u00e1sicos do Marxismo #2\nhttps:\/\/www.youtube.com\/watch?v=8wQZpciKdqc\n_____________________________________________________________________________\nSEJA MEMBRO e apoie o canal. Bot\u00e3o ADERIR acima ou: \nhttps:\/\/www.youtube.com\/channel\/UCRLEkZpNRoZQBG8kUTBD8vQ\/join\n\nV\u00eddeo sobre ser membro do canal:\nhttps:\/\/www.youtube.com\/watch?v=drvou-obBVU\n_____________________________________________________________________________\nSiga as p\u00e1ginas do canal Orienta\u00e7\u00e3o Marxista nas Redes Sociais\n\nFACEBOOK:    https:\/\/www.facebook.com\/Orienta\u00e7\u00e3o-Marxista-111673690190915\nTWITTER:       https:\/\/twitter.com\/orient_marxista\nINSTAGRAM: https:\/\/www.instagram.com\/orient.marxista\n_____________________________________________________________________________\nLeia o blog Teoria e Revolu\u00e7\u00e3o:\nhttps:\/\/teoriaerevolucao.pstu.org.br\n_____________________________________________________________________________\nO livro do autor desse canal (Marx e a Hist\u00f3ria: das particularidades nacionais \u00e0 universalidade da revolu\u00e7\u00e3o socialista )  pode ser adquirido nos seguintes endere\u00e7os:\nhttps:\/\/editorasundermann.com.br\/livro\/96-marx-e-a-hist%C3%B3ria\nhttps:\/\/www.estantevirtual.com.br\/busca?utf8=%E2%9C%93&q=gustavo+machado+marx\n\n#Estrutura #Superestrutura #Marxismo","original_language":"pt-BR","publication_date":"2022-05-07","duration":0,"url":"https:\/\/www.youtube.com\/watch?v=BiK38_pigbg","thumbnail":"thumbnails\/BiK38_pigbg.jpg"},{"video_id":"EZ2pFC2EAQU","channel_id":"UCRLEkZpNRoZQBG8kUTBD8vQ","title":"FERNANDO ULRICH | A economia tem leis universais? EP #165","description":"RESPONDENDO FERNANDO ULRICH\nA ECONOMIA POSSUI LEIS UNIVERSAIS?\n_____________________________________________________________________________\nV\u00eddeo sugerido: \nFERNANDO ULRICH EXPLICA O PIB! Entenda quem puder EP #148\nhttps:\/\/www.youtube.com\/watch?v=amgeedOOetU\nLIBERALISMO \u00e9 cren\u00e7a teol\u00f3gica: Guedes e Constantino explicam EP #42\nhttps:\/\/www.youtube.com\/watch?v=wJRGTod8NH4\n\n_____________________________________________________________________________\nSEJA MEMBRO e apoie o canal. Bot\u00e3o ADERIR acima ou: \nhttps:\/\/www.youtube.com\/channel\/UCRLEkZpNRoZQBG8kUTBD8vQ\/join\n\nV\u00eddeo sobre ser membro do canal:\nhttps:\/\/www.youtube.com\/watch?v=drvou-obBVU\n_____________________________________________________________________________\nSiga as p\u00e1ginas do canal Orienta\u00e7\u00e3o Marxista nas Redes Sociais\n\nFACEBOOK:    https:\/\/www.facebook.com\/Orienta\u00e7\u00e3o-Marxista-111673690190915\nTWITTER:       https:\/\/twitter.com\/orient_marxista\nINSTAGRAM: https:\/\/www.instagram.com\/orient.marxista\n_____________________________________________________________________________\nLeia o blog Teoria e Revolu\u00e7\u00e3o:\nhttps:\/\/teoriaerevolucao.pstu.org.br\n_____________________________________________________________________________\nO livro do autor desse canal (Marx e a Hist\u00f3ria: das particularidades nacionais \u00e0 universalidade da revolu\u00e7\u00e3o socialista )  pode ser adquirido nos seguintes endere\u00e7os:\nhttps:\/\/editorasundermann.com.br\/livro\/96-marx-e-a-hist%C3%B3ria\nhttps:\/\/www.estantevirtual.com.br\/busca?utf8=%E2%9C%93&q=gustavo+machado+marx\n\n#FernandoUlrich #Liberalismo #LeisUniversais","original_language":"pt-BR","publication_date":"2022-04-24","duration":0,"url":"https:\/\/www.youtube.com\/watch?v=EZ2pFC2EAQU","thumbnail":"thumbnails\/EZ2pFC2EAQU.jpg"},{"video_id":"gMmAkEY9Cb8","channel_id":"UCpfZpmQ8hS3RbQ5GsXZw4KQ","title":"Dircurso de Mar\u00eda Rivera por la nacionalizaci\u00f3n del cobre, litio y oro en Chile","description":"","original_language":"pt","publication_date":"2022-04-23","duration":0,"url":"https:\/\/www.youtube.com\/watch?v=gMmAkEY9Cb8","thumbnail":"thumbnails\/gMmAkEY9Cb8.jpg"},{"video_id":"h0cHpRQXFgc","channel_id":"UCRLEkZpNRoZQBG8kUTBD8vQ","title":"HUMBERTO MATOS e a recusa de qualquer DEBATE. POR QUE? EP #164","description":"HUMBERTO MATOS E FORMA DE EVITAR QUALQUER DEBATE\n_____________________________________________________________________________\nV\u00eddeo sugerido: \nRESPONDENDO HUMBERTO MATOS | Por que o PSTU incomoda? EP #76\nhttps:\/\/www.youtube.com\/watch?v=sSCEeXXTfGc\n\nHumberto Matos (MMT) versus Dinheiro em Marx | O CAPITAL DE MARX VID #8\nhttps:\/\/www.youtube.com\/watch?v=x7Q6IS35Scw\n\n_____________________________________________________________________________\nSEJA MEMBRO e apoie o canal. Bot\u00e3o ADERIR acima ou: \nhttps:\/\/www.youtube.com\/channel\/UCRLEkZpNRoZQBG8kUTBD8vQ\/join\n\nV\u00eddeo sobre ser membro do canal:\nhttps:\/\/www.youtube.com\/watch?v=drvou-obBVU\n_____________________________________________________________________________\nSiga as p\u00e1ginas do canal Orienta\u00e7\u00e3o Marxista nas Redes Sociais\n\nFACEBOOK:    https:\/\/www.facebook.com\/Orienta\u00e7\u00e3o-Marxista-111673690190915\nTWITTER:       https:\/\/twitter.com\/orient_marxista\nINSTAGRAM: https:\/\/www.instagram.com\/orient.marxista\n_____________________________________________________________________________\nLeia o blog Teoria e Revolu\u00e7\u00e3o:\nhttps:\/\/teoriaerevolucao.pstu.org.br\n_____________________________________________________________________________\nO livro do autor desse canal (Marx e a Hist\u00f3ria: das particularidades nacionais \u00e0 universalidade da revolu\u00e7\u00e3o socialista )  pode ser adquirido nos seguintes endere\u00e7os:\nhttps:\/\/editorasundermann.com.br\/livro\/96-marx-e-a-hist%C3%B3ria\nhttps:\/\/www.estantevirtual.com.br\/busca?utf8=%E2%9C%93&q=gustavo+machado+marx\n\n#HumbertoMatos #Marxismo #Marxianos","original_language":"pt-BR","publication_date":"2022-04-22","duration":0,"url":"https:\/\/www.youtube.com\/watch?v=h0cHpRQXFgc","thumbnail":"thumbnails\/h0cHpRQXFgc.jpg"},{"video_id":"QSvdSjS0ikg","channel_id":"UCRLEkZpNRoZQBG8kUTBD8vQ","title":"As 5 grandes dificuldades para entender O CAPITAL de MARX EP #163","description":"0:00 In\u00edcio\n4:01 Ser Social\n13:14 Ser Hist\u00f3rico\n22:06 Ser uma Rela\u00e7\u00e3o\n36:56 Defini\u00e7\u00f5es fixas\n39:58 Fundamento\n\n1) O QUE FAZ ALGO SER SOCIAL\n\u25b6\ufe0f dizer que algo \u00c9 SOCIAL \u00e9 diferente de dizer que esse algo \u00e9 produzido socialmente\n\u25b6\ufe0f dizer que algo \u00c9 SOCIAL \u00e9 diferente de dizer que esse participa de rela\u00e7\u00f5es sociais\n\u25b6\ufe0f o SOCIAL, quando se diz que algo \u00e9 social, \u00e9 um atributo interno e n\u00e3o externo\n\u25b6\ufe0f valor de uso das mercadorias N\u00c3O s\u00e3o sociais\n\u25b6\ufe0f o celular serve para isso ou aquilo, em qualquer forma de organiza\u00e7\u00e3o social\n\u25b6\ufe0f uma m\u00e1quina, enquanto m\u00e1quina, n\u00e3o \u00e9 social\n\u25b6\ufe0f no CAPITAL  Marx busca apenas as determina\u00e7\u00f5es sociais: se o capitalismo \u00e9 uma forma social distinta das que existiram antes, ent\u00e3o os atributos N\u00c3O SOCIAIS n\u00e3o podem explic\u00e1-la, n\u00e3o podem determin\u00e1-la. Apenas s\u00e3o considerados na medida que interferem nas determina\u00e7\u00f5es sociais. N\u00e3o s\u00e3o considerados enquanto tais, de modo isolado.\n\n2) O QUE FAZ ALGO SER HIST\u00d3RICO\n\u25b6\ufe0f ser hist\u00f3rico n\u00e3o \u00e9 estar submetido a mudan\u00e7as no tempo\n\u25b6\ufe0f nenhum pensador relevante negou que as coisas mudam na hist\u00f3ria\n\u25b6\ufe0f ser hist\u00f3rico n\u00e3o \u00e9 acontecer dentro da hist\u00f3ria\n\u25b6\ufe0f Ser hist\u00f3rico significa que algo \u00c9 UMA FORMA HIST\u00d3RICA espec\u00edfica.\n\u25b6\ufe0f Exemplo da teoria do valor (subjetivo) de Karl Menger\n     baseada nos desejos humanos\n     baseada nas propriedades internas dos objetos de consumo\n     baseada em uma hierarquia de necessidades humanas v\u00e1lidas em cada caso e circunst\u00e2ncia.\n     se baseia nas necessidades de consumo (universais) e n\u00e3o na troca.\n     fala em bens de primeira e segunda ordem segundo uma escala t\u00e9cnica de produ\u00e7\u00e3o, abstraindo de todas determina\u00e7\u00f5es sociais.\n\n3) SER UMA RELA\u00c7\u00c3O\n\u25b6\ufe0f ser uma rela\u00e7\u00e3o n\u00e3o \u00e9 ser produto de uma rela\u00e7\u00e3o \n\u25b6\ufe0f ser uma rela\u00e7\u00e3o n\u00e3o participar de uma rela\u00e7\u00e3o\n\u25b6\ufe0f as categorias S\u00c3O uma rela\u00e7\u00e3o\n\u25b6\ufe0f isso nega completamente nossa concep\u00e7\u00e3o ordin\u00e1ria, segundo a qual\n    todas rela\u00e7\u00f5es s\u00e3o ocasionais, arbitr\u00e1rias\n    Marx mostra que as rela\u00e7\u00f5es s\u00e3o substanciais\n    Isto apenas \u00e9 poss\u00edvel porque as formas HIST\u00d3RICAS de organiza\u00e7\u00e3o SOCIAL s\u00e3o sempre reprodutivas, reinterativas.\nGRANDE DIFICULDADE: Todas categorias de O CAPITAL s\u00e3o uma coisa quando considerada de certa perspectiva objetiva e outra quando consideradas de outras perspectiva.\nGADO pode ser: 1) Capital Fixo (animal de tra\u00e7\u00e3o) 2) Capital Circulante (Gado de corte) 3) Pura mercadoria (criado para a venda). 4) Nem sequer mercadoria (criado para subsist\u00eancia).\n\n4) N\u00c3O EXISTEM DEFINI\u00c7\u00d5ES FIXAS\n\n5) O FUNDAMENTO \u00c9 O RESULTADO\n_____________________________________________________________________________\nV\u00eddeo sugerido: \nNem tudo \u00e9 RELA\u00c7\u00c3O SOCIAL EP #11\nhttps:\/\/www.youtube.com\/watch?v=acahMQosy1Y\n\nO que \u00e9 uma RELA\u00c7\u00c3O SOCIAL | UBER e meios de produ\u00e7\u00e3o EP #131\nhttps:\/\/www.youtube.com\/watch?v=XNBIG2HCNrQ\n\nRosa Luxemburgo: Conceitos hist\u00f3ricos e forma de produ\u00e7\u00e3o EP #33\nhttps:\/\/www.youtube.com\/watch?v=yCRkpPYHg9A\n\n_____________________________________________________________________________\nSEJA MEMBRO e apoie o canal. Bot\u00e3o ADERIR acima ou: \nhttps:\/\/www.youtube.com\/channel\/UCRLEkZpNRoZQBG8kUTBD8vQ\/join\n\nV\u00eddeo sobre ser membro do canal:\nhttps:\/\/www.youtube.com\/watch?v=drvou-obBVU\n_____________________________________________________________________________\nSiga as p\u00e1ginas do canal Orienta\u00e7\u00e3o Marxista nas Redes Sociais\n\nFACEBOOK:    https:\/\/www.facebook.com\/Orienta\u00e7\u00e3o-Marxista-111673690190915\nTWITTER:       https:\/\/twitter.com\/orient_marxista\nINSTAGRAM: https:\/\/www.instagram.com\/orient.marxista\n_____________________________________________________________________________\nLeia o blog Teoria e Revolu\u00e7\u00e3o:\nhttps:\/\/teoriaerevolucao.pstu.org.br\n_____________________________________________________________________________\nO livro do autor desse canal (Marx e a Hist\u00f3ria: das particularidades nacionais \u00e0 universalidade da revolu\u00e7\u00e3o socialista )  pode ser adquirido nos seguintes endere\u00e7os:\nhttps:\/\/editorasundermann.com.br\/livro\/96-marx-e-a-hist%C3%B3ria\nhttps:\/\/www.estantevirtual.com.br\/busca?utf8=%E2%9C%93&q=gustavo+machado+marx\n\n#OCapital #Marx #Dificuldades","original_language":"pt-BR","publication_date":"2022-04-14","duration":0,"url":"https:\/\/www.youtube.com\/watch?v=QSvdSjS0ikg","thumbnail":"thumbnails\/QSvdSjS0ikg.jpg"},{"video_id":"XDWIeA9ypME","channel_id":"UCRLEkZpNRoZQBG8kUTBD8vQ","title":"Lucros absurdos da CSN #Shorts","description":"CSN possui lucros e dividendos recordes em sua hist\u00f3ria e massa salarial cresce menos que a infla\u00e7\u00e3o.\n_____________________________________________________________________________\nSEJA MEMBRO e apoie o canal. Bot\u00e3o ADERIR acima ou: \nhttps:\/\/www.youtube.com\/channel\/UCRLEkZpNRoZQBG8kUTBD8vQ\/join\n\nV\u00eddeo sobre ser membro do canal:\nhttps:\/\/www.youtube.com\/watch?v=drvou-obBVU\n_____________________________________________________________________________\nSiga as p\u00e1ginas do canal Orienta\u00e7\u00e3o Marxista nas Redes Sociais\n\nFACEBOOK:    https:\/\/www.facebook.com\/Orienta\u00e7\u00e3o-Marxista-111673690190915\nTWITTER:       https:\/\/twitter.com\/orient_marxista\nINSTAGRAM: https:\/\/www.instagram.com\/orient.marxista\n_____________________________________________________________________________\nLeia o blog Teoria e Revolu\u00e7\u00e3o:\nhttps:\/\/teoriaerevolucao.pstu.org.br\n_____________________________________________________________________________\nO livro do autor desse canal (Marx e a Hist\u00f3ria: das particularidades nacionais \u00e0 universalidade da revolu\u00e7\u00e3o socialista )  pode ser adquirido nos seguintes endere\u00e7os:\nhttps:\/\/editorasundermann.com.br\/livro\/96-marx-e-a-hist%C3%B3ria\nhttps:\/\/www.estantevirtual.com.br\/busca?utf8=%E2%9C%93&q=gustavo+machado+marx\n\n#Shorts #CSN #Lucros","original_language":"unknown","publication_date":"2022-04-09","duration":0,"url":"https:\/\/www.youtube.com\/watch?v=XDWIeA9ypME","thumbnail":"thumbnails\/XDWIeA9ypME.jpg"},{"video_id":"z4N818oF8PA","channel_id":"UCRLEkZpNRoZQBG8kUTBD8vQ","title":"DIVIDENDOS: CSN, VALE, PETROBRAS | Lucro \u00e9 MUUUITO roubo EP #162","description":"DIVIDENDOS: CSN, VALE, PETROBRAS | LUCRO \u00c9 MUUUUITO ROUBO\n\u25b6\ufe0f Entenda porque lucro \u00e9 roubo.\n\u25b6\ufe0f Casos absurdos da CSN, VALE e PETROBRAS EM 2021.\n\u25b6\ufe0f Entenda para onde vai o fruto de seu suor, esfor\u00e7o e sofrimento.\n\nAnu\u00e1rio Estat\u00edstico do ILAESE\nwww.ilaese.org.br\/anuario\n_____________________________________________________________________________\nV\u00eddeo sugerido: \nLUCRO \u00c9 ROUBO | Entenda EP #134\nhttps:\/\/www.youtube.com\/watch?v=pr18Kp8Q4s4\n_____________________________________________________________________________\nSEJA MEMBRO e apoie o canal. Bot\u00e3o ADERIR acima ou: \nhttps:\/\/www.youtube.com\/channel\/UCRLEkZpNRoZQBG8kUTBD8vQ\/join\n\nV\u00eddeo sobre ser membro do canal:\nhttps:\/\/www.youtube.com\/watch?v=drvou-obBVU\n_____________________________________________________________________________\nSiga as p\u00e1ginas do canal Orienta\u00e7\u00e3o Marxista nas Redes Sociais\n\nFACEBOOK:    https:\/\/www.facebook.com\/Orienta\u00e7\u00e3o-Marxista-111673690190915\nTWITTER:       https:\/\/twitter.com\/orient_marxista\nINSTAGRAM: https:\/\/www.instagram.com\/orient.marxista\n_____________________________________________________________________________\nLeia o blog Teoria e Revolu\u00e7\u00e3o:\nhttps:\/\/teoriaerevolucao.pstu.org.br\n_____________________________________________________________________________\nO livro do autor desse canal (Marx e a Hist\u00f3ria: das particularidades nacionais \u00e0 universalidade da revolu\u00e7\u00e3o socialista )  pode ser adquirido nos seguintes endere\u00e7os:\nhttps:\/\/editorasundermann.com.br\/livro\/96-marx-e-a-hist%C3%B3ria\nhttps:\/\/www.estantevirtual.com.br\/busca?utf8=%E2%9C%93&q=gustavo+machado+marx\n\n#CSN #Dividendos #Lucro\u00c9Roubo","original_language":"pt-BR","publication_date":"2022-04-08","duration":0,"url":"https:\/\/www.youtube.com\/watch?v=z4N818oF8PA","thumbnail":"thumbnails\/z4N818oF8PA.jpg"},{"video_id":"tPbHnG82Xhc","channel_id":"UCRLEkZpNRoZQBG8kUTBD8vQ","title":"A EMBRAER n\u00e3o \u00e9 mais BRASILEIRA? S\u00e9rgio Sacani e AERO  | REAGINDO EP #161","description":"REAGINDO | S\u00c9RGIO SACANI E AERO\n\u25b6\ufe0f Toda desinforma\u00e7\u00e3o envolvendo a tentativa de venda da EMBRAER PARA A BOEING.\n\u25b6\ufe0f A diferen\u00e7a entre sediar uma empresa e possuir suas a\u00e7\u00f5es.\n\u25b6\ufe0f A EMBRAER \u00c9 UMA EMPRESA BRASILEIRA?\n_____________________________________________________________________________\nV\u00eddeo sugerido: \nPrivatizar a Petrobr\u00e1s \u00e9 a Solu\u00e7\u00e3o?\nhttps:\/\/www.youtube.com\/watch?v=eQOcyU_yTrY\n\n_____________________________________________________________________________\nSEJA MEMBRO e apoie o canal. Bot\u00e3o ADERIR acima ou: \nhttps:\/\/www.youtube.com\/channel\/UCRLEkZpNRoZQBG8kUTBD8vQ\/join\n\nV\u00eddeo sobre ser membro do canal:\nhttps:\/\/www.youtube.com\/watch?v=drvou-obBVU\n_____________________________________________________________________________\nSiga as p\u00e1ginas do canal Orienta\u00e7\u00e3o Marxista nas Redes Sociais\n\nFACEBOOK:    https:\/\/www.facebook.com\/Orienta\u00e7\u00e3o-Marxista-111673690190915\nTWITTER:       https:\/\/twitter.com\/orient_marxista\nINSTAGRAM: https:\/\/www.instagram.com\/orient.marxista\n_____________________________________________________________________________\nLeia o blog Teoria e Revolu\u00e7\u00e3o:\nhttps:\/\/teoriaerevolucao.pstu.org.br\n_____________________________________________________________________________\nO livro do autor desse canal (Marx e a Hist\u00f3ria: das particularidades nacionais \u00e0 universalidade da revolu\u00e7\u00e3o socialista )  pode ser adquirido nos seguintes endere\u00e7os:\nhttps:\/\/editorasundermann.com.br\/livro\/96-marx-e-a-hist%C3%B3ria\nhttps:\/\/www.estantevirtual.com.br\/busca?utf8=%E2%9C%93&q=gustavo+machado+marx\n\n#EMBRAER #Ci\u00eanciaSemFim #AeroPorTr\u00e1sDaAvia\u00e7\u00e3o","original_language":"pt-BR","publication_date":"2022-04-03","duration":0,"url":"https:\/\/www.youtube.com\/watch?v=tPbHnG82Xhc","thumbnail":"thumbnails\/tPbHnG82Xhc.jpg"},{"video_id":"xc4u_tI0Cu8","channel_id":"UCRLEkZpNRoZQBG8kUTBD8vQ","title":"Lan\u00e7amento: Bonapartismo, Hist\u00f3ria e Revolu\u00e7\u00e3o","description":"ERRATA (APRESENTA\u00c7\u00c3O DE JADIR ANTUNES): ali onde, no minuto 27, fala-se \"para Marx o proletariado n\u00e3o \u00e9 uma classe revolucion\u00e1ria\", leia-se \"para Marx o campesinato n\u00e3o \u00e9 uma classe revolucion\u00e1ria\", por isso precisa ser dirigida pelo proletariado.\n\nLAN\u00c7AMENTO: \nBonapartismo, Hist\u00f3ria e Revolu\u00e7\u00e3o: Reflex\u00f5es Sobre o 18 do Brum\u00e1rio De Lu\u00eds Bonaparte de Karl Marx\n\nEntre em contato com os autores para adquirir um exemplar:\nRicardo Pereira de Melo     ricardopdemelo@gmail.com\nCarlos Prado              carlosprado1985@hotmail.com\nAdamo Dias Alves      adamodiasalves@gmail.com\nJulia Lemos                lemos.julia@gmail.com\nRafael Padial              rfpadial@gmail.com\n Marcio Lauria Monteiro    marciolmonteiro@gmail.com\nJadir Antunes              jadir.antunes@yahoo.com.br\n\nDispon\u00edvel em PDF em:\nhttps:\/\/www.editoranavegando.com\/bonapartismo","original_language":"unknown","publication_date":"2022-04-01","duration":0,"url":"https:\/\/www.youtube.com\/watch?v=xc4u_tI0Cu8","thumbnail":"thumbnails\/xc4u_tI0Cu8.jpg"},{"video_id":"TaO3BJ-0dns","channel_id":"UCRLEkZpNRoZQBG8kUTBD8vQ","title":"O mito da R\u00fassia imperialista | RESERVAS INTERNACIONAIS EP #160","description":"AS RESERVAS INTERNACIONAIS | O MITO DA R\u00daSSIA IMPERIALISTA\n\u25b6\ufe0f O papel das reservas internacionais e a d\u00edvida p\u00fablica\n\u25b6\ufe0f O papel da R\u00fassia na atual divis\u00e3o internacional do trabalho\n\nTEMAS\n1) o mecanismo da d\u00edvida p\u00fablica: morte e ressurrei\u00e7\u00e3o do capital\n2) Dinheiro no capitalismo\n     \u25b6\ufe0f  o dinheiro n\u00e3o pode parar, tem que circular. \n     \u25b6\ufe0f  Seu valor se deve as mercadorias que expressam\n     \u25b6\ufe0f  Pa\u00edses imperialistas podem emitir mais dinheiro (elevar o cr\u00e9dito e juros baixo) porque a quantidade de mercadorias que circulam sobre a sua moeda \u00e9 gigante.\n     \u25b6\ufe0f  eles s\u00e3o os propriet\u00e1rios da maior parte do capital, n\u00e3o necessariamente em seu territ\u00f3rio.\n      \n2) reservas internacionais: depositadas em t\u00edtulos da d\u00edvida p\u00fablica de outros pa\u00edses\n \u25b6\ufe0f  Pa\u00edses perif\u00e9ricos: acumulam reservas internacionais com commodities\n     Vendem d\u00f3lares para evitar a desvaloriza\u00e7\u00e3o de sua moeda\n \u25b6\ufe0f  a maioria dos pa\u00edses do mundo tem reservas internacionais em t\u00edtulos da d\u00edvida americana\n\nAnu\u00e1rio Estat\u00edstico do ILAESE\nhttp:\/\/ilaese.org.br\/anuario\/\n_____________________________________________________________________________\nV\u00eddeo sugerido: \nD\u00cdVIDA P\u00daBLICA EXPLICADA | A partir de MARX EP #132\nhttps:\/\/www.youtube.com\/watch?v=V0hP3Zdk7bU\n\n_____________________________________________________________________________\nSEJA MEMBRO e apoie o canal. Bot\u00e3o ADERIR acima ou: \nhttps:\/\/www.youtube.com\/channel\/UCRLEkZpNRoZQBG8kUTBD8vQ\/join\n\nV\u00eddeo sobre ser membro do canal:\nhttps:\/\/www.youtube.com\/watch?v=drvou-obBVU\n_____________________________________________________________________________\nSiga as p\u00e1ginas do canal Orienta\u00e7\u00e3o Marxista nas Redes Sociais\n\nFACEBOOK:    https:\/\/www.facebook.com\/Orienta\u00e7\u00e3o-Marxista-111673690190915\nTWITTER:       https:\/\/twitter.com\/orient_marxista\nINSTAGRAM: https:\/\/www.instagram.com\/orient.marxista\n_____________________________________________________________________________\nLeia o blog Teoria e Revolu\u00e7\u00e3o:\nhttps:\/\/teoriaerevolucao.pstu.org.br\n_____________________________________________________________________________\nO livro do autor desse canal (Marx e a Hist\u00f3ria: das particularidades nacionais \u00e0 universalidade da revolu\u00e7\u00e3o socialista )  pode ser adquirido nos seguintes endere\u00e7os:\nhttps:\/\/editorasundermann.com.br\/livro\/96-marx-e-a-hist%C3%B3ria\nhttps:\/\/www.estantevirtual.com.br\/busca?utf8=%E2%9C%93&q=gustavo+machado+marx\n\n#Imperialismo #R\u00fassia #Reservas Internacionais","original_language":"pt-BR","publication_date":"2022-03-27","duration":0,"url":"https:\/\/www.youtube.com\/watch?v=TaO3BJ-0dns","thumbnail":"thumbnails\/TaO3BJ-0dns.jpg"},{"video_id":"0v8JPhEFa0o","channel_id":"UCpfZpmQ8hS3RbQ5GsXZw4KQ","title":"35 anos da morte de Nahuel Moreno (legendas em portugu\u00eas)","description":"O dia 25 de janeiro marcou o 35\u00ba anivers\u00e1rio da morte de Nahuel Moreno (1924-1987), fundador da Liga Internacional dos Trabalhadores (Quarta Internacional), e um dos l\u00edderes trotskistas mais destacados do s\u00e9culo XX. Em sua homenagem, a LIT-QI realizou uma Live no Facebook com Alicia Sagra sobre a vida, obra, legado te\u00f3rico e biografia de Moreno.","original_language":"pt","publication_date":"2022-03-25","duration":0,"url":"https:\/\/www.youtube.com\/watch?v=0v8JPhEFa0o","thumbnail":"thumbnails\/0v8JPhEFa0o.jpg"},{"video_id":"GypIq3BJU1s","channel_id":"UCRLEkZpNRoZQBG8kUTBD8vQ","title":"Marx e o Fetiche da Mercadoria: contribui\u00e7\u00e3o \u00e0 cr\u00edtica da metaf\u00edsica","description":"LIVE com JADIR ANTUNES  \r\n\r\nAmanh\u00e3 bateremos um papo com Jadir Antunes sobre o seu livro: \r\nMarx e o Fetiche da Mercadoria: Contribui\u00e7\u00e3o \u00e0 cr\u00edtica da Metaf\u00edsica","original_language":"unknown","publication_date":"2022-03-17","duration":0,"url":"https:\/\/www.youtube.com\/watch?v=GypIq3BJU1s","thumbnail":"thumbnails\/GypIq3BJU1s.jpg"},{"video_id":"4Ifl_c3uJuc","channel_id":"UCRLEkZpNRoZQBG8kUTBD8vQ","title":"LEI DE SAY | Dogma liberal: REFUTADO EP #159","description":"Artigo (pedag\u00f3gico) sobre a lei de say: https:\/\/www.pstu.org.br\/socialismo-x-capitalismo-liberalismo-as-leis-eternas-do-mercado\/\nAcompanhar s\u00e9rie no jornal Opini\u00e3o Socialista. 10 artigos sobre concep\u00e7\u00f5es burguesas.\n\nLEI DE SAY: REFUTADA\n\u25b6\ufe0f Nesse v\u00eddeo refutamos, sem deixar sobrar nada, o principal dogma liberal: a lei de Say.\n\u25b6\ufe0f A ideia de que o capitalismo e o mercado tendem sempre ao equil\u00edbrio.\n\u25b6\ufe0f O v\u00eddeo \u00e9 longo, mas fundamental para nos familiarizarmos com o modo (ABSTRATO) de pensamento dos liberais de todos os tipos.\n\u25b6\ufe0f Fica o desafio para liberais, ancaps etc... encontrarem furos de qualquer tipo.\n\nDITOS DE SAY\n\u201cum produto n\u00e3o \u00e9 criado sem que, a partir desse instante, fomente um mercado para outros produtos cuja somat\u00f3ria de valor total \u00e9 equivalente ao seu pr\u00f3prio valor\u201d\n\nOu ainda: \u201co sucesso de um ramo da ind\u00fastria promove o dos demais ramos\u201d\nSAY, Jean Baptiste. Tratado de Economia Pol\u00edtica. S\u00e3o Paulo: Abril Cultural, 1983.\n\nDITOS DE JAMES MILL\n\"Nunca pode haver falta de compradores para todas as mercadorias. Quem quer que ponha uma mercadoria \u00e0 venda, quer receber uma mercadoria em troca, e \u00e9 assim comprador pelo simples fato de ser vendedor. Tomados em conjunto, os compradores e vendedores de todas as mercadorias devem pois, POR NECESSIDADE METAF\u00cdSICA, equilibrar-se. Deste modo, se houver mais vendedores que compradores para uma mercadoria, tem de haver for\u00e7osamente mais compradores que vendedores para uma outra mercadoria. \"\nJames Mill, Defence of Comerce.\n\nRESUMO\n\u00c9 nesse sentido que \n     a oferta cria sua pr\u00f3pria demanda.\n     a produ\u00e7\u00e3o cria o seu pr\u00f3prio mercado.\n     ou mais precisamente\n     produ\u00e7\u00e3o PRECEDE OU ANTECEDE o consumo\n     oferta PRECEDE OU ANTECEDE o demanda\n\n\u201cNesse racioc\u00ednio est\u00e1 subjacente a ideia do \u2018equil\u00edbrio metaf\u00edsico entre\ncompras e vendas\u2019 ... equil\u00edbrio que s\u00f3 considera a unidade \u2013 e n\u00e3o a separa\u00e7\u00e3o\n\u2013 dos processos de compra e venda\u201d \nMARX, TMV 2, 1980, p. 939\n\nRESUMO DA REFUTA\u00c7\u00c3O M - D - M\n\u25b6\ufe0f IGNORA O PAPEL ESPEC\u00cdFICO DO DINHEIRO NO MODO DE PRODU\u00c7\u00c3O CAPITALISTA\n     Objetivo da mercadoria \u00e9 o dinheiro e da produ\u00e7\u00e3o \u00e9 o lucro expresso em dinheiro.\n     Finalidade da produ\u00e7\u00e3o capitalista n\u00e3o \u00e9 a produ\u00e7\u00e3o e consumo, mas a acumula\u00e7\u00e3o\n     Say retira o dinheiro da equa\u00e7\u00e3o e elimina a raz\u00e3o de ser do capitalismo\n     A \"lei\" n\u00e3o considera caso em que a troca se paralisa no dinheiro sem nada comprar.\n\n\u25b6\ufe0f IGNORA DIFEREN\u00c7A ENTRE O CONSUMO DE TRABALHADORES E CAPITALISTAS\n     Say ignora a diferen\u00e7a qualitativa entre esses dois setores \u2013 \n             o produtor de meios de consumo final e o produtor de meios de produ\u00e7\u00e3o\n     Reduz tudo a renda dos trabalhadores e o lucro do capitalista.\n     Trabalhador \u00e9 obrigado a consumir para sobreviver, o capitalista n\u00e3o\n\n\u25b6\ufe0f N\u00c3O H\u00c1 RELA\u00c7\u00c3O DE ANTECED\u00caNCIA ENTRE PRODU\u00c7\u00c3O E CONSUMO\n    A produ\u00e7\u00e3o n\u00e3o antecede o consumo e nem o consumo antecede a produ\u00e7\u00e3o.\n    O que \u00e9 a produ\u00e7\u00e3o sen\u00e3o consumo dos meios de produ\u00e7\u00e3o e da for\u00e7a de trabalho.\n    Consumo no interior da produ\u00e7\u00e3o n\u00e3o destr\u00f3i os valores consumidos, os renova.\n    Consumo da mercadoria final, destr\u00f3i os valores.\n\n\u25b6\ufe0f ASSUME COMO VERDADEIRO O QUE SE PROP\u00d4S A DEMONSTRAR (tautologia)\n    Ao desconsiderar todos elos mediadores, tudo que poderia fazer a \"Lei de Say\" fracassar, foi arrancado fora.\n    Como em M-D-M, temos M-M; provam o equil\u00edbrio assumindo que ele vai acontecer.\n\n\u25b6\ufe0f CASO A LEI FUNCIONE, E OS TRABALHADORES QUE EST\u00c3O FORA DO MERCADO?\n SER\u00c3O ELIMINADOS?\nVer artigo citado no come\u00e7o\n_____________________________________________________________________________\nV\u00eddeo sugerido: \nLIBERALISMO \u00e9 cren\u00e7a teol\u00f3gica: Guedes e Constantino explicam EP #42\nhttps:\/\/www.youtube.com\/watch?v=wJRGTod8NH4\n_____________________________________________________________________________\nSEJA MEMBRO e apoie o canal. Bot\u00e3o ADERIR acima ou: \nhttps:\/\/www.youtube.com\/channel\/UCRLEkZpNRoZQBG8kUTBD8vQ\/join\n\nV\u00eddeo sobre ser membro do canal:\nhttps:\/\/www.youtube.com\/watch?v=drvou-obBVU\n_____________________________________________________________________________\nSiga as p\u00e1ginas do canal Orienta\u00e7\u00e3o Marxista nas Redes Sociais\n\nFACEBOOK:    https:\/\/www.facebook.com\/Orienta\u00e7\u00e3o-Marxista-111673690190915\nTWITTER:       https:\/\/twitter.com\/orient_marxista\nINSTAGRAM: https:\/\/www.instagram.com\/orient.marxista\n_____________________________________________________________________________\nLeia o blog Teoria e Revolu\u00e7\u00e3o:\nhttps:\/\/teoriaerevolucao.pstu.org.br\n_____________________________________________________________________________\nO livro do autor desse canal (Marx e a Hist\u00f3ria: das particularidades nacionais \u00e0 universalidade da revolu\u00e7\u00e3o socialista )  pode ser adquirido nos seguintes endere\u00e7os:\nhttps:\/\/editorasundermann.com.br\/livro\/96-marx-e-a-hist%C3%B3ria\nhttps:\/\/www.estantevirtual.com.br\/busca?utf8=%E2%9C%93&q=gustavo+machado+marx\n\n#LeyDeSay #Liberalismo #M\u00e3oInvis\u00edvel","original_language":"pt-BR","publication_date":"2022-03-09","duration":0,"url":"https:\/\/www.youtube.com\/watch?v=4Ifl_c3uJuc","thumbnail":"thumbnails\/4Ifl_c3uJuc.jpg"},{"video_id":"yqBZNa6c8XE","channel_id":"UCRLEkZpNRoZQBG8kUTBD8vQ","title":"ARTHUR DO VAL (MAMAEFALEI) e o OPORTUNISMO EP #158","description":"ARTHUR DO VAL (MAM\u00c3EFALEI) E O OPORTUNISMO\nComentamos como os \u00e1udios bizarros, pavorosos e machistas de Arthur do Val trazem junto outro fen\u00f4meno bem abrangente no Brasil: o oportunismo.\n_____________________________________________________________________________\nV\u00eddeo sugerido: \nMAM\u00c3E FALEI Besteira | Arthur (Des)explica Mais-Valia | REAGINDO EP #50\nhttps:\/\/www.youtube.com\/watch?v=5fgyPPgb1TU\n\nRESPONDENDO HUMBERTO MATOS | Por que o PSTU incomoda? EP #76\nhttps:\/\/www.youtube.com\/watch?v=sSCEeXXTfGc\n_____________________________________________________________________________\nSEJA MEMBRO e apoie o canal. Bot\u00e3o ADERIR acima ou: \nhttps:\/\/www.youtube.com\/channel\/UCRLEkZpNRoZQBG8kUTBD8vQ\/join\n\nV\u00eddeo sobre ser membro do canal:\nhttps:\/\/www.youtube.com\/watch?v=drvou-obBVU\n_____________________________________________________________________________\nSiga as p\u00e1ginas do canal Orienta\u00e7\u00e3o Marxista nas Redes Sociais\n\nFACEBOOK:    https:\/\/www.facebook.com\/Orienta\u00e7\u00e3o-Marxista-111673690190915\nTWITTER:       https:\/\/twitter.com\/orient_marxista\nINSTAGRAM: https:\/\/www.instagram.com\/orient.marxista\n_____________________________________________________________________________\nLeia o blog Teoria e Revolu\u00e7\u00e3o:\nhttps:\/\/teoriaerevolucao.pstu.org.br\n_____________________________________________________________________________\nO livro do autor desse canal (Marx e a Hist\u00f3ria: das particularidades nacionais \u00e0 universalidade da revolu\u00e7\u00e3o socialista )  pode ser adquirido nos seguintes endere\u00e7os:\nhttps:\/\/editorasundermann.com.br\/livro\/96-marx-e-a-hist%C3%B3ria\nhttps:\/\/www.estantevirtual.com.br\/busca?utf8=%E2%9C%93&q=gustavo+machado+marx\n\n#ArthurDoVal #MamaeFalei #Oportunismo","original_language":"pt-BR","publication_date":"2022-03-06","duration":0,"url":"https:\/\/www.youtube.com\/watch?v=yqBZNa6c8XE","thumbnail":"thumbnails\/yqBZNa6c8XE.jpg"},{"video_id":"U25wjljBrgw","channel_id":"UCRLEkZpNRoZQBG8kUTBD8vQ","title":"R\u00daSSIA E UCR\u00c2NIA | Como ser ANTI-IMPERIALISTA EP #157","description":"R\u00daSSIA E UCR\u00c2NIA | Como ser ANTI-IMPERIALISTA\n\u25b6\ufe0f \u00c9 poss\u00edvel ser anti-imperialsita apoiando Putin e a R\u00fassia?\n\u25b6\ufe0f Qual as bases do capitalismo que possibilitam o imperialismo?\n\nTodo o sistema capitalista se estrutura para \n SE APROPRIAR DO VALOR EXCEDENTE PRODUZIDO PELA CLASSE TRABALHADORA\n\nFORMA B\u00c1SICA DE APROPRIA\u00c7\u00c3O\n\u25b6\ufe0f Lucro (mais-valia) individual da empresa\n     Na sequ\u00eancia esta mais-valia \u00e9 redistribu\u00edda\n     \u2192 Juros\n     \u2192 Impostos\n     \u2192 Pagamento de renda pela propriedade etc.\n     \nL\u00d3GICA DO CAPITALISMO \u00c9 A GUERRA DE TODOS CONTRA TODOS PELA MAIS-VALIA TOTAL\n\nDisputa entre os PA\u00cdSES atuam sobre esta base\nSetores dominantes em pa\u00eds dominado n\u00e3o s\u00e3o, necessariamente, anti-imperialistas\n\nCENTRALIZA\u00c7\u00c3O DO CAPITAL E MIGRA\u00c7\u00c3O PARA PA\u00cdSES CENTRAIS (IMPERIALISTA)\n\u25b6\ufe0f  Juros pago pela empresa aos bancos (centraliza o capital de v\u00e1rias empresas)\n     Em grande parte dos pa\u00edses, os bancos s\u00e3o estrangeiros.\n\u25b6\ufe0f Estado arrecada valor excedente de muitas empresas por meio de impostos\n     Migram para grandes empresas por meio da d\u00edvida interna\n\u25b6\ufe0f PROPRIEDADE: transfer\u00eancia de lucros (dividendos)\n\u25b6\ufe0f Base mais importante: \n CAPITAL FINANCEIRO: FUS\u00c3O ENTRE O CAPITAL BANC\u00c1RIO E INDUSTRIAL\n GRANDE CAPITAL domina o m\u00e9dio e pequeno CAPITAL\n\nCOMO OS PA\u00cdSES IMPERIALISTAS GARANTEM SEU DOM\u00cdNIO NO CAPITALISMO\n  DOMINA\u00c7\u00c3O \u00c9 PROPRIEDADE DO CAPITAL\n  Propriedade \u00e9 o DIREITO de se apropriar do produto do trabalho alheio\n\u25b6\ufe0f Domina\u00e7\u00e3o pol\u00edtica direta de um pa\u00eds (coloniza\u00e7\u00e3o)\n\u25b6\ufe0f Domina\u00e7\u00e3o econ\u00f4mica e pol\u00edtica indireta (semi-col\u00f4nias)\n \u25b6\ufe0f Propriedade direta do capital\n \u25b6\ufe0f Hegemonia sobre o conhecimento t\u00e9cnico necess\u00e1rio (segredo comercial)\n \u25b6\ufe0f Para garantir todos esses \"DIREITOS\", for\u00e7a militar: EX\u00c9RCITO\n\nEXISTEM CONFLITOS ENTRE V\u00c1RIOS PA\u00cdSES PELA FATIA MAIS ELEVADA DA MAIS-VALIA GLOBAL\n\nO imperialismo \u00e9 um sistema em que os pa\u00edses vencedores estabelecem uma HIERARQUIA de domina\u00e7\u00e3o\n\nELES SE UNEM APENAS QUANDO O SISTEMA INTEIRO EST\u00c1 AMEA\u00c7ADO\n QUANDO A CLASSE TRABALHADORA SE COLOCA EM MOVIMENTO\n\nCAMPOS BURGUESES PROGRESSIVOS\n\u25b6\ufe0f Teoria dos campos ELIMINA toda a base de classe do processo.\n\u25b6\ufe0f Temos as na\u00e7\u00f5es do bem (nossos amigos) e as na\u00e7\u00f5es do mal (nossos inimigos).\n\u25b6\ufe0f Base capitalista e opressiva se mat\u00eam. Lutas contra o capitalismo se convertem em  escolher um dos lados em disputas inter-capitalistas pela partilha da mais-valia global\n_____________________________________________________________________________\nV\u00eddeo sugerido: \nR\u00daSSIA E UCR\u00c2NIA | A opress\u00e3o nacional EP #156\nhttps:\/\/www.youtube.com\/watch?v=YRiqoHM7W7g\n\n_____________________________________________________________________________\nSEJA MEMBRO e apoie o canal. Bot\u00e3o ADERIR acima ou: \nhttps:\/\/www.youtube.com\/channel\/UCRLEkZpNRoZQBG8kUTBD8vQ\/join\n\nV\u00eddeo sobre ser membro do canal:\nhttps:\/\/www.youtube.com\/watch?v=drvou-obBVU\n_____________________________________________________________________________\nSiga as p\u00e1ginas do canal Orienta\u00e7\u00e3o Marxista nas Redes Sociais\n\nFACEBOOK:    https:\/\/www.facebook.com\/Orienta\u00e7\u00e3o-Marxista-111673690190915\nTWITTER:       https:\/\/twitter.com\/orient_marxista\nINSTAGRAM: https:\/\/www.instagram.com\/orient.marxista\n_____________________________________________________________________________\nLeia o blog Teoria e Revolu\u00e7\u00e3o:\nhttps:\/\/teoriaerevolucao.pstu.org.br\n_____________________________________________________________________________\nO livro do autor desse canal (Marx e a Hist\u00f3ria: das particularidades nacionais \u00e0 universalidade da revolu\u00e7\u00e3o socialista )  pode ser adquirido nos seguintes endere\u00e7os:\nhttps:\/\/editorasundermann.com.br\/livro\/96-marx-e-a-hist%C3%B3ria\nhttps:\/\/www.estantevirtual.com.br\/busca?utf8=%E2%9C%93&q=gustavo+machado+marx\n\n#R\u00fassia #Ucr\u00e2nia #Imperialismo","original_language":"pt-BR","publication_date":"2022-03-02","duration":0,"url":"https:\/\/www.youtube.com\/watch?v=U25wjljBrgw","thumbnail":"thumbnails\/U25wjljBrgw.jpg"},{"video_id":"YRiqoHM7W7g","channel_id":"UCRLEkZpNRoZQBG8kUTBD8vQ","title":"R\u00daSSIA  E UCR\u00c2NIA | A opress\u00e3o nacional EP #156","description":"N\u00e3o d\u00e1 para perder:\n A invas\u00e3o da Ucr\u00e2nia e o papel da R\u00fassia, OTAN e EUA: https:\/\/www.youtube.com\/watch?v=o46eRd3fSRs\n\nR\u00daSSIA E UCR\u00c2NIA | A opress\u00e3o nacional\n\u25b6\ufe0f A hist\u00f3ria secular da opress\u00e3o russa sobre a Ucr\u00e2nia\n\u25b6\ufe0f Por que Putin odeia L\u00eanin e a Revolu\u00e7\u00e3o Russa e adora St\u00e1lin?\n\u25b6\ufe0f Qualquer guerra est\u00e1 errada?\nAmanh\u00e3, publicaremos uma segunda parte para debater as bases do imperialismo e o que \u00e9 ser anti-imperialista\n\nLivro de Marx citado:\nKarl Marx e Friedrich Engels, Escritos sobre Rusia I: Historia diplom\u00e1tica secreta del siglo XVIII. M\u00e9xico:PyP, 1980.\n_____________________________________________________________________________\nV\u00eddeo sugerido: \nRevolu\u00e7\u00f5es s\u00e3o arriscadas? O que \u00e9 uma revolu\u00e7\u00e3o? EP #113\nhttps:\/\/www.youtube.com\/watch?v=1TlSRR9A3lw&t=5s\n_____________________________________________________________________________\nSEJA MEMBRO e apoie o canal. Bot\u00e3o ADERIR acima ou: \nhttps:\/\/www.youtube.com\/channel\/UCRLEkZpNRoZQBG8kUTBD8vQ\/join\n\nV\u00eddeo sobre ser membro do canal:\nhttps:\/\/www.youtube.com\/watch?v=drvou-obBVU\n_____________________________________________________________________________\nSiga as p\u00e1ginas do canal Orienta\u00e7\u00e3o Marxista nas Redes Sociais\n\nFACEBOOK:    https:\/\/www.facebook.com\/Orienta\u00e7\u00e3o-Marxista-111673690190915\nTWITTER:       https:\/\/twitter.com\/orient_marxista\nINSTAGRAM: https:\/\/www.instagram.com\/orient.marxista\n_____________________________________________________________________________\nLeia o blog Teoria e Revolu\u00e7\u00e3o:\nhttps:\/\/teoriaerevolucao.pstu.org.br\n_____________________________________________________________________________\nO livro do autor desse canal (Marx e a Hist\u00f3ria: das particularidades nacionais \u00e0 universalidade da revolu\u00e7\u00e3o socialista )  pode ser adquirido nos seguintes endere\u00e7os:\nhttps:\/\/editorasundermann.com.br\/livro\/96-marx-e-a-hist%C3%B3ria\nhttps:\/\/www.estantevirtual.com.br\/busca?utf8=%E2%9C%93&q=gustavo+machado+marx\n\n#R\u00fassia #Ucr\u00e2nia #Quest\u00e3oNacional","original_language":"pt-BR","publication_date":"2022-03-01","duration":0,"url":"https:\/\/www.youtube.com\/watch?v=YRiqoHM7W7g","thumbnail":"thumbnails\/YRiqoHM7W7g.jpg"},{"video_id":"8wQZpciKdqc","channel_id":"UCRLEkZpNRoZQBG8kUTBD8vQ","title":"FOR\u00c7AS PRODUTIVAS E RELA\u00c7\u00d5ES DE PRODU\u00c7\u00c3O | Conceitos B\u00e1sicos do Marxismo #2","description":"FOR\u00c7AS PRODUTIVAS E RELA\u00c7\u00d5ES DE PRODU\u00c7\u00c3O | Conceitos b\u00e1sicos do marxismo\n\u25b6\ufe0f Diferen\u00e7a entre for\u00e7as produtivas do trabalho e for\u00e7as produtivas gerais, sociais e humanas.\n\u25b6\ufe0f O socialismo visa destruir for\u00e7as produtivas (iphones, youtube etc...)?\n\u25b6\ufe0f Como for\u00e7as produtivas e rela\u00e7\u00f5es de produ\u00e7\u00e3o s\u00e3o no\u00e7\u00f5es centrais e distintas, mas que nos indicam um caminho de investiga\u00e7\u00e3o e n\u00e3o respondem nada de antem\u00e3o.\n\n\u201crela\u00e7\u00f5es de produ\u00e7\u00e3o que correspondem a um determinado grau de desenvolvimento das for\u00e7as produtivas materiais\u201d\n\n\u201cEm certo est\u00e1gio de desenvolvimento, as for\u00e7as produtivas materiais da sociedade entram em contradi\u00e7\u00e3o com as rela\u00e7\u00f5es de produ\u00e7\u00e3o existentes ou, o que \u00e9 a sua express\u00e3o jur\u00eddica, com as rela\u00e7\u00f5es de propriedade no seio das quais se tinham movido at\u00e9 ent\u00e3o\u201d. \u201cde formas de desenvolvimento das for\u00e7as produtivas, estas rela\u00e7\u00f5es transformam-se no seu entrave: Surge ent\u00e3o uma \u00e9poca de revolu\u00e7\u00e3o social\u201d\n\nM\u00e1quina \n\u25b6\ufe0f quanto as for\u00e7as produtivas \u00e9 um meio de produ\u00e7\u00e3o\n     quanto as rela\u00e7\u00f5es de produ\u00e7\u00e3o (capitalistas) \u00e9 capital fixo\n\nUma mesa ou iphone\n\u25b6\ufe0f quanto as for\u00e7as produtivas \u00e9 um produto particular que satisfaz, bem ou mal, necessidades humanas tamb\u00e9m particulares\n     quanto as rela\u00e7\u00f5es de produ\u00e7\u00e3o (capitalistas) \u00e9 mercadoria\n     \nIndiv\u00edduo \n\u25b6\ufe0f quanto as for\u00e7as produtivas \u00e9 um indiv\u00edduo dotado de capacidades espec\u00edficas: for\u00e7a, c\u00e9rebro etc...\n    quanto as rela\u00e7\u00f5es de produ\u00e7\u00e3o (capitalistas) \u00e9, por exemplo, trabalhador assalariado, capitalista, arrendat\u00e1rio.\n                   \nTrabalho  \n\u25b6\ufe0f quanto as for\u00e7as produtivas \u00e9 atividade por meio da qual o homem transforma a natureza, adequando-a a seus fins espec\u00edficos.\n    quanto as rela\u00e7\u00f5es de produ\u00e7\u00e3o (capitalistas) \u00e9 atividade produtora de valor\n\nTrabalho excedente\n\u25b6\ufe0f quanto as for\u00e7as produtivas \u00e9 sobreproduto social, que a sociedade pode empregar de formas diversas.\n     quanto as rela\u00e7\u00f5es de produ\u00e7\u00e3o (capitalistas) \u00e9 mais-valia: processo social espec\u00edfico regido pela busca impessoal da auto-valoriza\u00e7\u00e3o do valor.\n\n_____________________________________________________________________________\nV\u00eddeo sugerido: \nMATERIALISMO | Conceitos B\u00e1sicos do Marxismo #1\nhttps:\/\/www.youtube.com\/watch?v=pnmwetxXT7Y\n_____________________________________________________________________________\nSEJA MEMBRO e apoie o canal. Bot\u00e3o ADERIR acima ou: \nhttps:\/\/www.youtube.com\/channel\/UCRLEkZpNRoZQBG8kUTBD8vQ\/join\n\nV\u00eddeo sobre ser membro do canal:\nhttps:\/\/www.youtube.com\/watch?v=drvou-obBVU\n_____________________________________________________________________________\nSiga as p\u00e1ginas do canal Orienta\u00e7\u00e3o Marxista nas Redes Sociais\n\nFACEBOOK:    https:\/\/www.facebook.com\/Orienta\u00e7\u00e3o-Marxista-111673690190915\nTWITTER:       https:\/\/twitter.com\/orient_marxista\nINSTAGRAM: https:\/\/www.instagram.com\/orient.marxista\n_____________________________________________________________________________\nLeia o blog Teoria e Revolu\u00e7\u00e3o:\nhttps:\/\/teoriaerevolucao.pstu.org.br\n_____________________________________________________________________________\nO livro do autor desse canal (Marx e a Hist\u00f3ria: das particularidades nacionais \u00e0 universalidade da revolu\u00e7\u00e3o socialista )  pode ser adquirido nos seguintes endere\u00e7os:\nhttps:\/\/editorasundermann.com.br\/livro\/96-marx-e-a-hist%C3%B3ria\nhttps:\/\/www.estantevirtual.com.br\/busca?utf8=%E2%9C%93&q=gustavo+machado+marx\n\n#For\u00e7asProdutivas #Rela\u00e7\u00f5esDeProdu\u00e7\u00e3o #MaterialismoHist\u00f3rico","original_language":"pt-BR","publication_date":"2022-02-23","duration":0,"url":"https:\/\/www.youtube.com\/watch?v=8wQZpciKdqc","thumbnail":"thumbnails\/8wQZpciKdqc.jpg"},{"video_id":"YEGupPmmgVU","channel_id":"UCRLEkZpNRoZQBG8kUTBD8vQ","title":"Como o LIBERALISMO se tornou CONSERVADOR EP #155","description":"QUANDO O LIBERALISMO SE TORNOU CONSERVADOR? | Entenda que o liberalismo j\u00e1 foi um movimento REVOLUCION\u00c1RIO. Seus inimigos principais eram os conservadores. Como e por que liberais se tornaram conservadores e conservadores liberais? \n_____________________________________________________________________________\nV\u00eddeo sugerido: \nLIBERALISMO \u00e9 cren\u00e7a teol\u00f3gica: Guedes e Constantino explicam EP #42\nhttps:\/\/www.youtube.com\/watch?v=wJRGTod8NH4\n_____________________________________________________________________________\nSEJA MEMBRO e apoie o canal. Bot\u00e3o ADERIR acima ou: \nhttps:\/\/www.youtube.com\/channel\/UCRLEkZpNRoZQBG8kUTBD8vQ\/join\n\nV\u00eddeo sobre ser membro do canal:\nhttps:\/\/www.youtube.com\/watch?v=drvou-obBVU\n_____________________________________________________________________________\nSiga as p\u00e1ginas do canal Orienta\u00e7\u00e3o Marxista nas Redes Sociais\n\nFACEBOOK:    https:\/\/www.facebook.com\/Orienta\u00e7\u00e3o-Marxista-111673690190915\nTWITTER:       https:\/\/twitter.com\/orient_marxista\nINSTAGRAM: https:\/\/www.instagram.com\/orient.marxista\n_____________________________________________________________________________\nLeia o blog Teoria e Revolu\u00e7\u00e3o:\nhttps:\/\/teoriaerevolucao.pstu.org.br\n_____________________________________________________________________________\nO livro do autor desse canal (Marx e a Hist\u00f3ria: das particularidades nacionais \u00e0 universalidade da revolu\u00e7\u00e3o socialista )  pode ser adquirido nos seguintes endere\u00e7os:\nhttps:\/\/editorasundermann.com.br\/livro\/96-marx-e-a-hist%C3%B3ria\nhttps:\/\/www.estantevirtual.com.br\/busca?utf8=%E2%9C%93&q=gustavo+machado+marx\n\n#Liberalismo #Conservadorismo #Hist\u00f3ria","original_language":"pt-BR","publication_date":"2022-02-17","duration":0,"url":"https:\/\/www.youtube.com\/watch?v=YEGupPmmgVU","thumbnail":"thumbnails\/YEGupPmmgVU.jpg"},{"video_id":"IJmeWxb9gtw","channel_id":"UCRLEkZpNRoZQBG8kUTBD8vQ","title":"RONALD REAGAN e o NARCOTR\u00c1FICO | \"O \u00faltimo Narc\" EP #154","description":"RONALD REAGAN e o NARCOTR\u00c1FICO | Recomendando a s\u00e9rie da Amazon Prime: \"O \u00faltimo narc\". \nEntenda como os Estados Unidos (e n\u00e3o uma suposta organiza\u00e7\u00e3o comunista secreta) est\u00e1 diretamente associada a parcerias e a ascens\u00e3o do tr\u00e1fico de drogas dos cart\u00e9is colombianos e mexicanos.\n_____________________________________________________________________________\nTextos sugeridos:\nRevolu\u00e7\u00e3o na Nicar\u00e1gua\nhttps:\/\/litci.org\/pt\/uma-licao-de-internacionalismo-revolucionario-40-anos-da-revolucao-nicaraguense-e-da-brigada-simon-bolivar\/\n\nhttps:\/\/litci.org\/pt\/a-brigada-simon-bolivar\/\n_____________________________________________________________________________\nSEJA MEMBRO e apoie o canal. Bot\u00e3o ADERIR acima ou: \nhttps:\/\/www.youtube.com\/channel\/UCRLEkZpNRoZQBG8kUTBD8vQ\/join\n\nV\u00eddeo sobre ser membro do canal:\nhttps:\/\/www.youtube.com\/watch?v=drvou-obBVU\n_____________________________________________________________________________\nSiga as p\u00e1ginas do canal Orienta\u00e7\u00e3o Marxista nas Redes Sociais\n\nFACEBOOK:    https:\/\/www.facebook.com\/Orienta\u00e7\u00e3o-Marxista-111673690190915\nTWITTER:       https:\/\/twitter.com\/orient_marxista\nINSTAGRAM: https:\/\/www.instagram.com\/orient.marxista\n_____________________________________________________________________________\nLeia o blog Teoria e Revolu\u00e7\u00e3o:\nhttps:\/\/teoriaerevolucao.pstu.org.br\n_____________________________________________________________________________\nO livro do autor desse canal (Marx e a Hist\u00f3ria: das particularidades nacionais \u00e0 universalidade da revolu\u00e7\u00e3o socialista )  pode ser adquirido nos seguintes endere\u00e7os:\nhttps:\/\/editorasundermann.com.br\/livro\/96-marx-e-a-hist%C3%B3ria\nhttps:\/\/www.estantevirtual.com.br\/busca?utf8=%E2%9C%93&q=gustavo+machado+marx\n\n#RonaldReagan #Conservadorismo #OUltimoNarc","original_language":"pt-BR","publication_date":"2022-02-13","duration":0,"url":"https:\/\/www.youtube.com\/watch?v=IJmeWxb9gtw","thumbnail":"thumbnails\/IJmeWxb9gtw.jpg"},{"video_id":"WM6IM4cQdAM","channel_id":"UCRLEkZpNRoZQBG8kUTBD8vQ","title":"MONARK DO FLOW E O  NAZISMO | \"Ter o direito a ...\" liberdade de express\u00e3o EP #153","description":"MONARK DO FLOW E O NAZISMO | V\u00eddeo que comentamos a frase vazia, hoje amplamente disseminada, do \"ter o direito a ...\"\nO que significa?\nQuais os seus limites?\nQual a relev\u00e2ncia do \"as pessoas tem o direito a ...\"?\n_____________________________________________________________________________\nV\u00eddeo sugerido: \nLIBERDADE \u00e9 ... a consci\u00eancia da necessidade EP #135\nhttps:\/\/www.youtube.com\/watch?v=OMYjWKWOke4\n_____________________________________________________________________________\nSEJA MEMBRO e apoie o canal. Bot\u00e3o ADERIR acima ou: \nhttps:\/\/www.youtube.com\/channel\/UCRLEkZpNRoZQBG8kUTBD8vQ\/join\n\nV\u00eddeo sobre ser membro do canal:\nhttps:\/\/www.youtube.com\/watch?v=drvou-obBVU\n_____________________________________________________________________________\nSiga as p\u00e1ginas do canal Orienta\u00e7\u00e3o Marxista nas Redes Sociais\n\nFACEBOOK:    https:\/\/www.facebook.com\/Orienta\u00e7\u00e3o-Marxista-111673690190915\nTWITTER:       https:\/\/twitter.com\/orient_marxista\nINSTAGRAM: https:\/\/www.instagram.com\/orient.marxista\n_____________________________________________________________________________\nLeia o blog Teoria e Revolu\u00e7\u00e3o:\nhttps:\/\/teoriaerevolucao.pstu.org.br\n_____________________________________________________________________________\nO livro do autor desse canal (Marx e a Hist\u00f3ria: das particularidades nacionais \u00e0 universalidade da revolu\u00e7\u00e3o socialista )  pode ser adquirido nos seguintes endere\u00e7os:\nhttps:\/\/editorasundermann.com.br\/livro\/96-marx-e-a-hist%C3%B3ria\nhttps:\/\/www.estantevirtual.com.br\/busca?utf8=%E2%9C%93&q=gustavo+machado+marx\n\n#Monark #FlowPodcast #LiberdadeDeExpress\u00e3o","original_language":"pt-BR","publication_date":"2022-02-09","duration":0,"url":"https:\/\/www.youtube.com\/watch?v=WM6IM4cQdAM","thumbnail":"thumbnails\/WM6IM4cQdAM.jpg"},{"video_id":"pnmwetxXT7Y","channel_id":"UCRLEkZpNRoZQBG8kUTBD8vQ","title":"MATERIALISMO | Conceitos B\u00e1sicos do Marxismo #1","description":"V\u00eddeo inaugural da s\u00e9rie: CONCEITOS B\u00c1SICOS DO MARXISMO\nMATERIALISMO\n\nMETAF\u00cdSICA       \u25b6\ufe0f Certos princ\u00edpios s\u00e3o assumidos como verdade desde o in\u00edcio. \nMATERIALISMO \u25b6\ufe0f Princ\u00edpios (se existirem) s\u00e3o o resultado da investiga\u00e7\u00e3o\n\nMETAF\u00cdSICA       \u25b6\ufe0f Existem formas e leis transcendentes que regem o mundo natural e humano: leis eternas.\nMATERIALISMO \u25b6\ufe0f A l\u00f3gica traduz a articula\u00e7\u00e3o real e objetiva dos fen\u00f4menos: a lei do fen\u00f4meno, se existir. \n\nMETAF\u00cdSICA       \u25b6\ufe0f Conceitos s\u00e3o ou cria\u00e7\u00e3o da mente humana para estudar e organizar externamente o mundo ou tradu\u00e7\u00e3o das leis eternas da realidade: sua armadura l\u00f3gica transcendente.\nMATERIALISMO \u25b6\ufe0f Os conceitos s\u00e3o usados, sem restri\u00e7\u00f5es pr\u00e9vias, na medida que expressam o fen\u00f4meno estudado estudado.\n\nCita\u00e7\u00e3o de Engels: \n\"Os esquemas l\u00f3gicos s\u00f3 podem referir-se a formas conceituais, e, aqui, trata-se apenas das formas do que existe, do mundo exterior, formas que jamais o pensamento pode derivar de si mesmo, mas que deve buscar no mundo exterior. Mas isto inverte toda a rela\u00e7\u00e3o estabelecida: os princ\u00edpios j\u00e1 n\u00e3o s\u00e3o o ponto de partida da investiga\u00e7\u00e3o, mas seus resultados finais; n\u00e3o se aplicam \u00e0 natureza e \u00e0 hist\u00f3ria humana, mas deles s\u00e3o extra\u00eddos; n\u00e3o \u00e9 a natureza e o mundo dos homens que se regem pelos princ\u00edpios, mas s\u00f3 estes \u00e9 que t\u00eam raz\u00e3o de ser quando coincidem com a natureza e com a hist\u00f3ria. Nisto consiste a verdadeira concep\u00e7\u00e3o materialista das coisas.\"\nENGELS, Friedrich. Anti-d\u00fcring. 3\u00aa. ed. Editora Paz e Terra, 1990. p.19\n_____________________________________________________________________________\nSEJA MEMBRO e apoie o canal. Bot\u00e3o ADERIR acima ou: \nhttps:\/\/www.youtube.com\/channel\/UCRLEkZpNRoZQBG8kUTBD8vQ\/join\n\nV\u00eddeo sobre ser membro do canal:\nhttps:\/\/www.youtube.com\/watch?v=drvou-obBVU\n_____________________________________________________________________________\nSiga as p\u00e1ginas do canal Orienta\u00e7\u00e3o Marxista nas Redes Sociais\n\nFACEBOOK:    https:\/\/www.facebook.com\/Orienta\u00e7\u00e3o-Marxista-111673690190915\nTWITTER:       https:\/\/twitter.com\/orient_marxista\nINSTAGRAM: https:\/\/www.instagram.com\/orient.marxista\n_____________________________________________________________________________\nLeia o blog Teoria e Revolu\u00e7\u00e3o:\nhttps:\/\/teoriaerevolucao.pstu.org.br\n_____________________________________________________________________________\nO livro do autor desse canal (Marx e a Hist\u00f3ria: das particularidades nacionais \u00e0 universalidade da revolu\u00e7\u00e3o socialista )  pode ser adquirido nos seguintes endere\u00e7os:\nhttps:\/\/editorasundermann.com.br\/livro\/96-marx-e-a-hist%C3%B3ria\nhttps:\/\/www.estantevirtual.com.br\/busca?utf8=%E2%9C%93&q=gustavo+machado+marx\n\n#Materialismo #Marxismo #ConceitosB\u00e1sicos","original_language":"pt-BR","publication_date":"2022-02-05","duration":0,"url":"https:\/\/www.youtube.com\/watch?v=pnmwetxXT7Y","thumbnail":"thumbnails\/pnmwetxXT7Y.jpg"},{"video_id":"YQ9UwtNOOjg","channel_id":"UCRLEkZpNRoZQBG8kUTBD8vQ","title":"FORO DE S\u00c3O PAULO | A muleta do OLAVO DE CARVALHO EP #152","description":"Artigo sugerido: https:\/\/www.pstu.org.br\/quem-foi-olavo-de-carvalho-e-as-raizes-de-sua-influencia\n_____________________________________________________________________________\nV\u00eddeo sugerido: \nPorque \u00e9 IMPOSS\u00cdVEL refutar OLAVO DE CARVALHO EP #151\n https:\/\/youtu.be\/gyuJaOxOBHE \n_____________________________________________________________________________\nSEJA MEMBRO e apoie o canal. Bot\u00e3o ADERIR acima ou: \nhttps:\/\/www.youtube.com\/channel\/UCRLEkZpNRoZQBG8kUTBD8vQ\/join\n\nV\u00eddeo sobre ser membro do canal:\nhttps:\/\/www.youtube.com\/watch?v=drvou-obBVU\n_____________________________________________________________________________\nSiga as p\u00e1ginas do canal Orienta\u00e7\u00e3o Marxista nas Redes Sociais\n\nFACEBOOK:    https:\/\/www.facebook.com\/Orienta\u00e7\u00e3o-Marxista-111673690190915\nTWITTER:       https:\/\/twitter.com\/orient_marxista\nINSTAGRAM: https:\/\/www.instagram.com\/orient.marxista\n_____________________________________________________________________________\nLeia o blog Teoria e Revolu\u00e7\u00e3o:\nhttps:\/\/teoriaerevolucao.pstu.org.br\n_____________________________________________________________________________\nO livro do autor desse canal (Marx e a Hist\u00f3ria: das particularidades nacionais \u00e0 universalidade da revolu\u00e7\u00e3o socialista )  pode ser adquirido nos seguintes endere\u00e7os:\nhttps:\/\/editorasundermann.com.br\/livro\/96-marx-e-a-hist%C3%B3ria\nhttps:\/\/www.estantevirtual.com.br\/busca?utf8=%E2%9C%93&q=gustavo+machado+marx\n\n#OlavoDeCarvalho #ForoDeS\u00e3oPaulo #Conservadorismo","original_language":"pt-BR","publication_date":"2022-02-02","duration":0,"url":"https:\/\/www.youtube.com\/watch?v=YQ9UwtNOOjg","thumbnail":"thumbnails\/YQ9UwtNOOjg.jpg"},{"video_id":"gyuJaOxOBHE","channel_id":"UCRLEkZpNRoZQBG8kUTBD8vQ","title":"Porque \u00e9 IMPOSS\u00cdVEL refutar OLAVO DE CARVALHO EP #151","description":"Artigo sugerido: https:\/\/www.pstu.org.br\/quem-foi-olavo-de-carvalho-e-as-raizes-de-sua-influencia\n\nA estrutura \"irrefut\u00e1vel\" das teses de Olavo de Carvalho sobre o Brasil. Entenda!\n_____________________________________________________________________________\nV\u00eddeo sugerido: \nReagindo ao Olavo de Carvalho: senso de realidade EP #35\nhttps:\/\/www.youtube.com\/watch?v=1d-MuRtJDps\n\nRespondendo Olavo de Carvalho: que \u00e9 marxismo afinal? EP #25\nhttps:\/\/www.youtube.com\/watch?v=8mP_JngKG18\n_____________________________________________________________________________\nSEJA MEMBRO e apoie o canal. Bot\u00e3o ADERIR acima ou: \nhttps:\/\/www.youtube.com\/channel\/UCRLEkZpNRoZQBG8kUTBD8vQ\/join\n\nV\u00eddeo sobre ser membro do canal:\nhttps:\/\/www.youtube.com\/watch?v=drvou-obBVU\n_____________________________________________________________________________\nSiga as p\u00e1ginas do canal Orienta\u00e7\u00e3o Marxista nas Redes Sociais\n\nFACEBOOK:    https:\/\/www.facebook.com\/Orienta\u00e7\u00e3o-Marxista-111673690190915\nTWITTER:       https:\/\/twitter.com\/orient_marxista\nINSTAGRAM: https:\/\/www.instagram.com\/orient.marxista\n_____________________________________________________________________________\nLeia o blog Teoria e Revolu\u00e7\u00e3o:\nhttps:\/\/teoriaerevolucao.pstu.org.br\n_____________________________________________________________________________\nO livro do autor desse canal (Marx e a Hist\u00f3ria: das particularidades nacionais \u00e0 universalidade da revolu\u00e7\u00e3o socialista )  pode ser adquirido nos seguintes endere\u00e7os:\nhttps:\/\/editorasundermann.com.br\/livro\/96-marx-e-a-hist%C3%B3ria\nhttps:\/\/www.estantevirtual.com.br\/busca?utf8=%E2%9C%93&q=gustavo+machado+marx\n\n#OlavoDeCarvalho #MarxismoCultural #Refuta\u00e7\u00e3o","original_language":"pt","publication_date":"2022-01-31","duration":0,"url":"https:\/\/www.youtube.com\/watch?v=gyuJaOxOBHE","thumbnail":"thumbnails\/gyuJaOxOBHE.jpg"},{"video_id":"vyax6wPLtPs","channel_id":"UCRLEkZpNRoZQBG8kUTBD8vQ","title":"N\u00c3O OLHE PARA CIMA | Comentando Filmes EP #150","description":"Coment\u00e1rios sobre o filme\nN\u00e3o Olhe Para Cima (2021)\nDon\u2019t Look Up de Adam McKay\n_____________________________________________________________________________\nV\u00eddeo sugerido: \nO asteroide de ouro do ELON MUSK | FETICHE DO DINHEIRO EP #143\nhttps:\/\/www.youtube.com\/watch?v=f-dO-UDO4q0\n_____________________________________________________________________________\nSEJA MEMBRO e apoie o canal. Bot\u00e3o ADERIR acima ou: \nhttps:\/\/www.youtube.com\/channel\/UCRLEkZpNRoZQBG8kUTBD8vQ\/join\n\nV\u00eddeo sobre ser membro do canal:\nhttps:\/\/www.youtube.com\/watch?v=drvou-obBVU\n_____________________________________________________________________________\nSiga as p\u00e1ginas do canal Orienta\u00e7\u00e3o Marxista nas Redes Sociais\n\nFACEBOOK:    https:\/\/www.facebook.com\/Orienta\u00e7\u00e3o-Marxista-111673690190915\nTWITTER:       https:\/\/twitter.com\/orient_marxista\nINSTAGRAM: https:\/\/www.instagram.com\/orient.marxista\n_____________________________________________________________________________\nLeia o blog Teoria e Revolu\u00e7\u00e3o:\nhttps:\/\/teoriaerevolucao.pstu.org.br\n_____________________________________________________________________________\nO livro do autor desse canal (Marx e a Hist\u00f3ria: das particularidades nacionais \u00e0 universalidade da revolu\u00e7\u00e3o socialista )  pode ser adquirido nos seguintes endere\u00e7os:\nhttps:\/\/editorasundermann.com.br\/livro\/96-marx-e-a-hist%C3%B3ria\nhttps:\/\/www.estantevirtual.com.br\/busca?utf8=%E2%9C%93&q=gustavo+machado+marx\n\n#N\u00e3oOlheParaCima #Netflix #Filmes","original_language":"pt-BR","publication_date":"2022-01-12","duration":0,"url":"https:\/\/www.youtube.com\/watch?v=vyax6wPLtPs","thumbnail":"thumbnails\/vyax6wPLtPs.jpg"},{"video_id":"SpMIx9bNYDo","channel_id":"UCRLEkZpNRoZQBG8kUTBD8vQ","title":"PROJETOS 2022 | Canal Orienta\u00e7\u00e3o Marxista","description":"_____________________________________________________________________________\nSEJA MEMBRO e apoie o canal. Bot\u00e3o ADERIR acima ou: \nhttps:\/\/www.youtube.com\/channel\/UCRLEkZpNRoZQBG8kUTBD8vQ\/join\n\nV\u00eddeo sobre ser membro do canal:\nhttps:\/\/www.youtube.com\/watch?v=drvou-obBVU\n_____________________________________________________________________________\nSiga as p\u00e1ginas do canal Orienta\u00e7\u00e3o Marxista nas Redes Sociais\n\nFACEBOOK:    https:\/\/www.facebook.com\/Orienta\u00e7\u00e3o-Marxista-111673690190915\nTWITTER:       https:\/\/twitter.com\/orient_marxista\nINSTAGRAM: https:\/\/www.instagram.com\/orient.marxista\n_____________________________________________________________________________\nLeia o blog Teoria e Revolu\u00e7\u00e3o:\nhttps:\/\/teoriaerevolucao.pstu.org.br\n_____________________________________________________________________________\nO livro do autor desse canal (Marx e a Hist\u00f3ria: das particularidades nacionais \u00e0 universalidade da revolu\u00e7\u00e3o socialista )  pode ser adquirido nos seguintes endere\u00e7os:\nhttps:\/\/editorasundermann.com.br\/livro\/96-marx-e-a-hist%C3%B3ria\nhttps:\/\/www.estantevirtual.com.br\/busca?utf8=%E2%9C%93&q=gustavo+machado+marx\n\n#Orienta\u00e7\u00e3oMarxista #2022 #Projetos","original_language":"pt-BR","publication_date":"2022-01-07","duration":0,"url":"https:\/\/www.youtube.com\/watch?v=SpMIx9bNYDo","thumbnail":"thumbnails\/SpMIx9bNYDo.jpg"},{"video_id":"B-9AO4dm3Do","channel_id":"UCRLEkZpNRoZQBG8kUTBD8vQ","title":"LIVRO II de O Capital de Marx | ESTRUTURA E A EDI\u00c7\u00c3O DE ENGELS |  VID #15","description":"0:00 In\u00edcio\n6:04 O LIVRO ESQUECIDO, COM DR\u00c1STICAS CONSEQU\u00caNCIAS\n12:50 TEMA DO LIVRO II\n17:20 O M\u00c9TODO DE ABSTRA\u00c7\u00d5ES EM MARX\n35:18 LIVRO I e LIVRO II: diferen\u00e7as\n50:58 CIRCULA\u00c7\u00c3O DE MERCADORIAS e CIRCULA\u00c7\u00c3O DE CAPITAL\n1:03:20 METAMORFOSE DAS MERCADORIAS\n1:06:47 METAMORFOSE DO CAPITAL\n1:33:30 ESTRUTURA\n1:38:31 SE\u00c7\u00c3O I: A CIRCULA\u00c7\u00c3O DO CAPITAL\n1:42:45 SE\u00c7\u00c3O II: A ROTA\u00c7\u00c3O DO CAPITAL\n1:50:49 SE\u00c7\u00c3O III: A REPRODU\u00c7\u00c3O E A CIRCULA\u00c7\u00c3O DO CAPITAL SOCIAL TOTAL\n1:52:40 MANUSCRITOS DE MARX PARA O LIVRO II\n1:59:14 TEXTOS ESCOLHIDOS NA EDI\u00c7\u00c3O DE ENGELS\n2:00:45 ESCOLHAS DE ENGELS EM SUA EDI\u00c7\u00c3O\n2:01:57 APONTAMENTOS SOBRE LIVRO II, editado por Engels\n\nLIVRO II de O Capital de Marx | ESTRUTURA E A EDI\u00c7\u00c3O DE ENGELS \nNo epis\u00f3dio de hoje:\n\u25b6\ufe0f Epis\u00f3dio recomendado para quem ainda est\u00e1 estudando o Livro I: esclarecimentos sobre a diferen\u00e7a entre circula\u00e7\u00e3o de capital e circula\u00e7\u00e3o de mercadorias;\n\u25b6\ufe0f Entenda que sem o Livro II n\u00e3o \u00e9 poss\u00edvel entender absolutamente NADA do movimento concreto do capital;\n\u25b6\ufe0f Atrocidades ditas por toda uma camada de estudiosos de Marx que apenas conhecem o Livro I;\n\u25b6\ufe0f Manuscritos originais de Marx e como Engels editou o Livro.\n_____________________________________________________________________________________\nTemas tratados:\n\u21e8 O LIVRO ESQUECIDO, COM DR\u00c1STICAS CONSEQU\u00caNCIAS\n\u21e8 TEMA DO LIVRO II\n\u21e8 O M\u00c9TODO DE ABSTRA\u00c7\u00d5ES EM MARX: LIVRO II\n\u21e8 LIVRO I e LIVRO II: diferen\u00e7as\n\u21e8 CIRCULA\u00c7\u00c3O DE MERCADORIAS e CIRCULA\u00c7\u00c3O DE CAPITAL\n\u21e8 METAMORFOSE DAS MERCADORIAS\n\u21e8 METAMORFOSE DO CAPITAL\n\u21e8 ESTRUTURA\n\u21e8 SE\u00c7\u00c3O I: A CIRCULA\u00c7\u00c3O DO CAPITAL\n\u21e8 SE\u00c7\u00c3O II: A ROTA\u00c7\u00c3O DO CAPITAL\n\u21e8 SE\u00c7\u00c3O III: A REPRODU\u00c7\u00c3O E A CIRCULA\u00c7\u00c3O DO CAPITAL\nSOCIAL TOTAL\n\u21e8 MANUSCRITOS DE MARX PARA O LIVRO II\n\u21e8 TEXTOS ESCOLHIDOS NA EDI\u00c7\u00c3O DE ENGELS\n\u21e8 ESCOLHAS DE ENGELS EM SUA EDI\u00c7\u00c3O\n\u21e8 APONTAMENTOS SOBRE LIVRO II, editado por Engels\n_____________________________________________________________________________\nV\u00eddeos sugeridos: \nA MERCADORIA | O CAPITAL DE MARX: Livro I: Cap. 1 VID #5\nhttps:\/\/www.youtube.com\/watch?v=1_FtWE_Os4s\nO DINHEIRO | O CAPITAL DE MARX: Livro I: Cap. 2 e 3 VID #6\nhttps:\/\/www.youtube.com\/watch?v=J77f9M5WK4o\nO CAPITAL | O CAPITAL DE MARX: Livro I: Cap. 4 VID #7\nhttps:\/\/www.youtube.com\/watch?v=KHiMps76FoQ\nMAIS-VALIA ABSOLUTA | O CAPITAL DE MARX: Livro I: Caps. 5-9 VID #9\nhttps:\/\/www.youtube.com\/watch?v=iu3wFpgz4Bc\nMAIS-VALIA RELATIVA | O CAPITAL DE MARX: Livro I: Caps. 10-16 VID #11\n https:\/\/youtu.be\/ScMgjGo5Y4A \nO SAL\u00c1RIO | O CAPITAL DE MARX: Livro I Caps. 17-20 VID #12\nhttps:\/\/www.youtube.com\/watch?v=8EtxggUclcM\nA ACUMULA\u00c7\u00c3O DE CAPITAL |  O CAPITAL DE MARX: Livro I Caps. 21-23  VID #13\n https:\/\/youtu.be\/PPtBDfpXZH0 \n\"ACUMULA\u00c7\u00c3O PRIMITIVA\" |  O CAPITAL DE MARX: Livro I Caps. 24-25  VID #14\n https:\/\/youtu.be\/X47fty0CsfQ \n_____________________________________________________________________________\nSEJA MEMBRO e apoie o canal. Bot\u00e3o ADERIR acima ou: \nhttps:\/\/www.youtube.com\/channel\/UCRLEkZpNRoZQBG8kUTBD8vQ\/join\n\nV\u00eddeo sobre ser membro do canal:\nhttps:\/\/www.youtube.com\/watch?v=drvou-obBVU\n_____________________________________________________________________________\nSiga as p\u00e1ginas do canal Orienta\u00e7\u00e3o Marxista nas Redes Sociais\n\nFACEBOOK:    https:\/\/www.facebook.com\/Orienta\u00e7\u00e3o-Marxista-111673690190915\nTWITTER:       https:\/\/twitter.com\/orient_marxista\nINSTAGRAM: https:\/\/www.instagram.com\/orient.marxista\n_____________________________________________________________________________\nLeia o blog Teoria e Revolu\u00e7\u00e3o:\nhttps:\/\/teoriaerevolucao.pstu.org.br\n_____________________________________________________________________________\nO livro do autor desse canal (Marx e a Hist\u00f3ria: das particularidades nacionais \u00e0 universalidade da revolu\u00e7\u00e3o socialista )  pode ser adquirido nos seguintes endere\u00e7os:\nhttps:\/\/editorasundermann.com.br\/livro\/96-marx-e-a-hist%C3%B3ria\nhttps:\/\/www.estantevirtual.com.br\/busca?utf8=%E2%9C%93&q=gustavo+machado+marx\n\n#LivroII #Circula\u00e7\u00e3oDeCapital #Marx","original_language":"pt-BR","publication_date":"2021-12-12","duration":0,"url":"https:\/\/www.youtube.com\/watch?v=B-9AO4dm3Do","thumbnail":"thumbnails\/B-9AO4dm3Do.jpg"},{"video_id":"7xG3hDL_zgc","channel_id":"UCpfZpmQ8hS3RbQ5GsXZw4KQ","title":"30 anos de sua dissolu\u00e7\u00e3o: O que aconteceu com a URSS?","description":"","original_language":"pt","publication_date":"2021-12-10","duration":0,"url":"https:\/\/www.youtube.com\/watch?v=7xG3hDL_zgc","thumbnail":"thumbnails\/7xG3hDL_zgc.jpg"},{"video_id":"hJXGk5SZiAY","channel_id":"UCpfZpmQ8hS3RbQ5GsXZw4KQ","title":"A 30 a\u00f1os de su disoluci\u00f3n: \u00bfQu\u00e9 pas\u00f3 en la URSS?","description":"","original_language":"pt","publication_date":"2021-12-10","duration":0,"url":"https:\/\/www.youtube.com\/watch?v=hJXGk5SZiAY","thumbnail":"thumbnails\/hJXGk5SZiAY.jpg"},{"video_id":"Dm25CwRijl0","channel_id":"UCRLEkZpNRoZQBG8kUTBD8vQ","title":"SETOR P\u00daBLICO E SETOR PRIVADO:  qual cresceu mais no Brasil? EP #149","description":"SETOR P\u00daBLICO E PRIVADO: Qual cresceu mais nos \u00faltimos 20 anos? O PT elevou o papel do setor p\u00fablico sobre o privado? Veremos\n\nLIVE Lan\u00e7amento Anu\u00e1rio Estat\u00edstico do ILAESE: Trabalho & Explora\u00e7\u00e3o 2021\n\n\u25b6\ufe0f Nova metodologia para analisarmos rela\u00e7\u00e3o entre o Estado e o capital privado\n\u25b6\ufe0f Regress\u00e3o do Brasil na divis\u00e3o internacional do trabalho\n\u25b6\ufe0f Impactos da Ind\u00fastria 4.0 \n\u25b6\ufe0f Dados da explora\u00e7\u00e3o nas maiores empresas do Brasil e do mundo\nE muito mais!\n\nAdquira o E-book ou vers\u00e3o f\u00edsica do Anu\u00e1rio\nilaese.org.br\/anuario\n_____________________________________________________________________________\nV\u00eddeo sugerido: \nLive de lan\u00e7amento\nhttps:\/\/www.youtube.com\/watch?v=cSMtArB75No\n_____________________________________________________________________________\nSEJA MEMBRO e apoie o canal. Bot\u00e3o ADERIR acima ou: \nhttps:\/\/www.youtube.com\/channel\/UCRLEkZpNRoZQBG8kUTBD8vQ\/join\n\nV\u00eddeo sobre ser membro do canal:\nhttps:\/\/www.youtube.com\/watch?v=drvou-obBVU\n_____________________________________________________________________________\nSiga as p\u00e1ginas do canal Orienta\u00e7\u00e3o Marxista nas Redes Sociais\n\nFACEBOOK:    https:\/\/www.facebook.com\/Orienta\u00e7\u00e3o-Marxista-111673690190915\nTWITTER:       https:\/\/twitter.com\/orient_marxista\nINSTAGRAM: https:\/\/www.instagram.com\/orient.marxista\n_____________________________________________________________________________\nLeia o blog Teoria e Revolu\u00e7\u00e3o:\nhttps:\/\/teoriaerevolucao.pstu.org.br\n_____________________________________________________________________________\nO livro do autor desse canal (Marx e a Hist\u00f3ria: das particularidades nacionais \u00e0 universalidade da revolu\u00e7\u00e3o socialista )  pode ser adquirido nos seguintes endere\u00e7os:\nhttps:\/\/editorasundermann.com.br\/livro\/96-marx-e-a-hist%C3%B3ria\nhttps:\/\/www.estantevirtual.com.br\/busca?utf8=%E2%9C%93&q=gustavo+machado+marx\n\n#Estado #Impostos #Mercado","original_language":"pt-BR","publication_date":"2021-12-02","duration":0,"url":"https:\/\/www.youtube.com\/watch?v=Dm25CwRijl0","thumbnail":"thumbnails\/Dm25CwRijl0.jpg"},{"video_id":"amgeedOOetU","channel_id":"UCRLEkZpNRoZQBG8kUTBD8vQ","title":"FERNANDO ULRICH EXPLICA O PIB! Entenda quem puder EP #148","description":"CHARLATANICE LIBERAL | FERNANDO ULRICH EXPLICA O PIB.\nDe todos os v\u00eddeos que j\u00e1 vi no youtube, esse \u00e9 de longe o mais absurdo e delirante.\n_____________________________________________________________________________\nV\u00eddeo sugerido: \nLIBERALISMO \u00e9 cren\u00e7a teol\u00f3gica: Guedes e Constantino explicam EP #42\nhttps:\/\/www.youtube.com\/watch?v=wJRGTod8NH4\n_____________________________________________________________________________\nSEJA MEMBRO e apoie o canal. Bot\u00e3o ADERIR acima ou: \nhttps:\/\/www.youtube.com\/channel\/UCRLEkZpNRoZQBG8kUTBD8vQ\/join\n\nV\u00eddeo sobre ser membro do canal:\nhttps:\/\/www.youtube.com\/watch?v=drvou-obBVU\n_____________________________________________________________________________\nSiga as p\u00e1ginas do canal Orienta\u00e7\u00e3o Marxista nas Redes Sociais\n\nFACEBOOK:    https:\/\/www.facebook.com\/Orienta\u00e7\u00e3o-Marxista-111673690190915\nTWITTER:       https:\/\/twitter.com\/orient_marxista\nINSTAGRAM: https:\/\/www.instagram.com\/orient.marxista\n_____________________________________________________________________________\nLeia o blog Teoria e Revolu\u00e7\u00e3o:\nhttps:\/\/teoriaerevolucao.pstu.org.br\n_____________________________________________________________________________\nO livro do autor desse canal (Marx e a Hist\u00f3ria: das particularidades nacionais \u00e0 universalidade da revolu\u00e7\u00e3o socialista )  pode ser adquirido nos seguintes endere\u00e7os:\nhttps:\/\/editorasundermann.com.br\/livro\/96-marx-e-a-hist%C3%B3ria\nhttps:\/\/www.estantevirtual.com.br\/busca?utf8=%E2%9C%93&q=gustavo+machado+marx\n\n#FernandoUlrich #PIB #Estado","original_language":"pt-BR","publication_date":"2021-12-01","duration":0,"url":"https:\/\/www.youtube.com\/watch?v=amgeedOOetU","thumbnail":"thumbnails\/amgeedOOetU.jpg"},{"video_id":"njnCPMY618E","channel_id":"UCRLEkZpNRoZQBG8kUTBD8vQ","title":"BRASIL PARALELO \"explica\" as ideias de Karl Marx EP #147","description":"REAGINDO BRASIL PARALELO\nComentamos texto do Brasil Paralelo em que eles explicam as ideias de Karl Marx.\n\n_____________________________________________________________________________\nV\u00eddeo sugerido:\nReagindo BRASIL PARALELO: Marx estava errado? EP #47\nhttps:\/\/www.youtube.com\/watch?v=MJ3Z3bXtRCw\n_____________________________________________________________________________\nSEJA MEMBRO e apoie o canal. Bot\u00e3o ADERIR acima ou: \nhttps:\/\/www.youtube.com\/channel\/UCRLEkZpNRoZQBG8kUTBD8vQ\/join\n\nV\u00eddeo sobre ser membro do canal:\nhttps:\/\/www.youtube.com\/watch?v=drvou-obBVU\n_____________________________________________________________________________\nSiga as p\u00e1ginas do canal Orienta\u00e7\u00e3o Marxista nas Redes Sociais\n\nFACEBOOK:    https:\/\/www.facebook.com\/Orienta\u00e7\u00e3o-Marxista-111673690190915\nTWITTER:       https:\/\/twitter.com\/orient_marxista\nINSTAGRAM: https:\/\/www.instagram.com\/orient.marxista\n_____________________________________________________________________________\nLeia o blog Teoria e Revolu\u00e7\u00e3o:\nhttps:\/\/teoriaerevolucao.pstu.org.br\n_____________________________________________________________________________\nO livro do autor desse canal (Marx e a Hist\u00f3ria: das particularidades nacionais \u00e0 universalidade da revolu\u00e7\u00e3o socialista )  pode ser adquirido nos seguintes endere\u00e7os:\nhttps:\/\/editorasundermann.com.br\/livro\/96-marx-e-a-hist%C3%B3ria\nhttps:\/\/www.estantevirtual.com.br\/busca?utf8=%E2%9C%93&q=gustavo+machado+marx\n\n#BrasilParalelo #KarlMarx #Comunismo","original_language":"pt-BR","publication_date":"2021-11-28","duration":0,"url":"https:\/\/www.youtube.com\/watch?v=njnCPMY618E","thumbnail":"thumbnails\/njnCPMY618E.jpg"},{"video_id":"aXhjqMfxEdQ","channel_id":"UCRLEkZpNRoZQBG8kUTBD8vQ","title":"COMUNISTAS CONTRA STALIN | Pierre Brou\u00e9 EP #146","description":"RECOMENDANDO LIVROS | COMUNISTAS CONTRA STALIN\nComentamos o livro rec\u00e9m publicado pela Editora  Sundermann de Pierre Brou\u00e9, o historiador das revolu\u00e7\u00f5es.\nComunistas contra Stalin: o massacre de uma gera\u00e7\u00e3o. \nObra imprescind\u00edvel que, al\u00e9m de tudo, tr\u00e1s enorme documenta\u00e7\u00e3o in\u00e9dita ap\u00f3s a abertura dos arquivos sovi\u00e9ticos. Como Stalin contribuiu de forma decisiva para a derrota das revolu\u00e7\u00f5es socialistas no s\u00e9culo XX.\n\nAdquira em:\nhttps:\/\/editorasundermann.com.br\/livro\/182-comunistas-contra-st%C3%A1lin:-o-massacre-de-uma-gera%C3%A7%C3%A3o\n\nAdquira tamb\u00e9m o Anu\u00e1rio Estat\u00edstico do ILAESE\nhttp:\/\/ilaese.org.br\/anuario\/\n_____________________________________________________________________________\nV\u00eddeo sugerido: \nST\u00c1LIN: uma an\u00e1lise (des)equilibrada EP #19\nhttps:\/\/www.youtube.com\/watch?v=fC73P1UqWeM\n_____________________________________________________________________________\nSEJA MEMBRO e apoie o canal. Bot\u00e3o ADERIR acima ou: \nhttps:\/\/www.youtube.com\/channel\/UCRLEkZpNRoZQBG8kUTBD8vQ\/join\n\nV\u00eddeo sobre ser membro do canal:\nhttps:\/\/www.youtube.com\/watch?v=drvou-obBVU\n_____________________________________________________________________________\nSiga as p\u00e1ginas do canal Orienta\u00e7\u00e3o Marxista nas Redes Sociais\n\nFACEBOOK:    https:\/\/www.facebook.com\/Orienta\u00e7\u00e3o-Marxista-111673690190915\nTWITTER:       https:\/\/twitter.com\/orient_marxista\nINSTAGRAM: https:\/\/www.instagram.com\/orient.marxista\n_____________________________________________________________________________\nLeia o blog Teoria e Revolu\u00e7\u00e3o:\nhttps:\/\/teoriaerevolucao.pstu.org.br\n_____________________________________________________________________________\nO livro do autor desse canal (Marx e a Hist\u00f3ria: das particularidades nacionais \u00e0 universalidade da revolu\u00e7\u00e3o socialista )  pode ser adquirido nos seguintes endere\u00e7os:\nhttps:\/\/editorasundermann.com.br\/livro\/96-marx-e-a-hist%C3%B3ria\nhttps:\/\/www.estantevirtual.com.br\/busca?utf8=%E2%9C%93&q=gustavo+machado+marx\n\n#Stalin #PierreBroue #Revolu\u00e7\u00f5es","original_language":"pt-BR","publication_date":"2021-11-14","duration":0,"url":"https:\/\/www.youtube.com\/watch?v=aXhjqMfxEdQ","thumbnail":"thumbnails\/aXhjqMfxEdQ.jpg"},{"video_id":"hNbzkgV08vU","channel_id":"UCRLEkZpNRoZQBG8kUTBD8vQ","title":"O que \u00e9 SOCIALISMO? \u00c9 vi\u00e1vel? \u00c9 poss\u00edvel?  EP #145","description":"Artigos sugeridos:\nA possibilidade do socialismo\nhttps:\/\/www.pstu.org.br\/novos-rumos-a-possibilidade-do-socialismo\/\nA distribui\u00e7\u00e3o da riqueza no socialismo\nhttps:\/\/www.pstu.org.br\/a-distribuicao-da-riqueza-no-socialismo\/\nSocialismo e m\u00e9rito individual\nhttps:\/\/www.pstu.org.br\/socialismo-e-merito-individual\/\n\nVeja como adquirir o Anu\u00e1rio do ILAESE na descri\u00e7\u00e3o da live de lan\u00e7amento\nhttps:\/\/www.youtube.com\/watch?v=cSMtArB75No\n_____________________________________________________________________________\nV\u00eddeo sugerido: \nO Socialismo deu errado? N\u00e3o funciona? EP #43\nhttps:\/\/www.youtube.com\/watch?v=LYRRdijZutU\n_____________________________________________________________________________\nSEJA MEMBRO e apoie o canal. Bot\u00e3o ADERIR acima ou: \nhttps:\/\/www.youtube.com\/channel\/UCRLEkZpNRoZQBG8kUTBD8vQ\/join\n\nV\u00eddeo sobre ser membro do canal:\nhttps:\/\/www.youtube.com\/watch?v=drvou-obBVU\n_____________________________________________________________________________\nSiga as p\u00e1ginas do canal Orienta\u00e7\u00e3o Marxista nas Redes Sociais\n\nFACEBOOK:    https:\/\/www.facebook.com\/Orienta\u00e7\u00e3o-Marxista-111673690190915\nTWITTER:       https:\/\/twitter.com\/orient_marxista\nINSTAGRAM: https:\/\/www.instagram.com\/orient.marxista\n_____________________________________________________________________________\nLeia o blog Teoria e Revolu\u00e7\u00e3o:\nhttps:\/\/teoriaerevolucao.pstu.org.br\n_____________________________________________________________________________\nO livro do autor desse canal (Marx e a Hist\u00f3ria: das particularidades nacionais \u00e0 universalidade da revolu\u00e7\u00e3o socialista )  pode ser adquirido nos seguintes endere\u00e7os:\nhttps:\/\/editorasundermann.com.br\/livro\/96-marx-e-a-hist%C3%B3ria\nhttps:\/\/www.estantevirtual.com.br\/busca?utf8=%E2%9C%93&q=gustavo+machado+marx\n\n#OQueESocialismo #Comunismo #Planejamento","original_language":"pt-BR","publication_date":"2021-11-09","duration":0,"url":"https:\/\/www.youtube.com\/watch?v=hNbzkgV08vU","thumbnail":"thumbnails\/hNbzkgV08vU.jpg"},{"video_id":"d3ETcpJoM60","channel_id":"UCRLEkZpNRoZQBG8kUTBD8vQ","title":"LAN\u00c7AMENTO HOJE: Anu\u00e1rio Estat\u00edstico do ILAESE | Mais Marx, menos  Keynes e Mises","description":"ATEN\u00c7\u00c3O NOVO LINK DA LIVE\nNovo link da live de lan\u00e7amento do Anu\u00e1rio Estat\u00edstico do ILAESE\nttps:\/\/www.youtube.com\/watch?v=cSMtArB75No\n\n\n\n\ud83d\udcc6 Hoje, 03 de novembro, \u00e0s 19h\n\nCompartilhe os virais do Anu\u00e1rio nas redes sociais do Instituto\n\u25b6\ufe0f https:\/\/www.facebook.com\/ilaese\n\u25b6\ufe0f https:\/\/www.instagram.com\/ilaese.org.br\/\n\n\ud83d\udcca \u00c9 HOJE O LAN\u00c7AMENTO do Anu\u00e1rio Estat\u00edstico do ILAESE: O mapa da explora\u00e7\u00e3o dos trabalhadores no Brasil e no Mundo - Trabalho & Explora\u00e7\u00e3o 2021\n\nN\u00e3o perca o evento de Lan\u00e7amento da mais nova elabora\u00e7\u00e3o do ILAESE, que cont\u00e9m:\n\u25b6\ufe0f Nova metodologia para analisarmos rela\u00e7\u00e3o entre o Estado e o capital privado;\n\u25b6\ufe0f Regress\u00e3o do Brasil na divis\u00e3o internacional do trabalho\n\u25b6\ufe0f Impactos da Ind\u00fastria 4.0;\n\u25b6\ufe0f Dados da explora\u00e7\u00e3o nas maiores empresas do Brasil e do mundo;\nE muito mais!\n_____________________________________________________________________________\nV\u00eddeo sugerido: \nCOMO FUNCIONA O CAPITALISMO. Nem Mises, nem Keynes EP #144\nhttps:\/\/www.youtube.com\/watch?v=iA323XcdOsU\n_____________________________________________________________________________\nSEJA MEMBRO e apoie o canal. Bot\u00e3o ADERIR acima ou: \nhttps:\/\/www.youtube.com\/channel\/UCRLEkZpNRoZQBG8kUTBD8vQ\/join\n\nV\u00eddeo sobre ser membro do canal:\nhttps:\/\/www.youtube.com\/watch?v=drvou-obBVU\n_____________________________________________________________________________\nSiga as p\u00e1ginas do canal Orienta\u00e7\u00e3o Marxista nas Redes Sociais\n\nFACEBOOK:    https:\/\/www.facebook.com\/Orienta\u00e7\u00e3o-Marxista-111673690190915\nTWITTER:       https:\/\/twitter.com\/orient_marxista\nINSTAGRAM: https:\/\/www.instagram.com\/orient.marxista\n_____________________________________________________________________________\nLeia o blog Teoria e Revolu\u00e7\u00e3o:\nhttps:\/\/teoriaerevolucao.pstu.org.br\n_____________________________________________________________________________\nO livro do autor desse canal (Marx e a Hist\u00f3ria: das particularidades nacionais \u00e0 universalidade da revolu\u00e7\u00e3o socialista )  pode ser adquirido nos seguintes endere\u00e7os:\nhttps:\/\/editorasundermann.com.br\/livro\/96-marx-e-a-hist%C3%B3ria\nhttps:\/\/www.estantevirtual.com.br\/busca?utf8=%E2%9C%93&q=gustavo+machado+marx\n\n#Anu\u00e1rioEstat\u00edstico #Ilaese #Marx","original_language":"pt-BR","publication_date":"2021-11-03","duration":0,"url":"https:\/\/www.youtube.com\/watch?v=d3ETcpJoM60","thumbnail":"thumbnails\/d3ETcpJoM60.jpg"},{"video_id":"8yVFtNR6jr8","channel_id":"UCpfZpmQ8hS3RbQ5GsXZw4KQ","title":"Mar\u00eda Rivera  na Conven\u00e7\u00e3o Constituinte do Chile","description":"Discurso inaugural de Mar\u00eda Rivera, deputada constituinte pelo MIT.","original_language":"pt","publication_date":"2021-11-01","duration":0,"url":"https:\/\/www.youtube.com\/watch?v=8yVFtNR6jr8","thumbnail":"thumbnails\/8yVFtNR6jr8.jpg"},{"video_id":"d_gMH-Qi_bU","channel_id":"UCpfZpmQ8hS3RbQ5GsXZw4KQ","title":"Mar\u00eda Rivera speaks on behalf of the MIT - Chile.","description":"Mar\u00eda Rivera's inaugural speech at the Constituent Convention in Chile.","original_language":"pt","publication_date":"2021-11-01","duration":0,"url":"https:\/\/www.youtube.com\/watch?v=d_gMH-Qi_bU","thumbnail":"thumbnails\/d_gMH-Qi_bU.jpg"},{"video_id":"iA323XcdOsU","channel_id":"UCRLEkZpNRoZQBG8kUTBD8vQ","title":"COMO FUNCIONA O CAPITALISMO. Nem Mises, nem Keynes EP #144","description":"Novo link da live de lan\u00e7amento do Anu\u00e1rio Estat\u00edstico do ILAESE\nttps:\/\/www.youtube.com\/watch?v=cSMtArB75No\nLIVE DE LAN\u00c7AMENTO do Anu\u00e1rio Estat\u00edstico do ILAESE: O mapa da explora\u00e7\u00e3o dos trabalhadores no Brasil e no Mundo - Trabalho & Explora\u00e7\u00e3o 2021\nN\u00e3o perca o evento de Lan\u00e7amento da mais nova elabora\u00e7\u00e3o do ILAESE, que cont\u00e9m: \n\u25b6\ufe0f Nova metodologia para analisarmos rela\u00e7\u00e3o entre o Estado e o capital privado;\n\u25b6\ufe0f Regress\u00e3o do Brasil na divis\u00e3o internacional do trabalho\n\u25b6\ufe0f Impactos da Ind\u00fastria 4.0;\n\u25b6\ufe0f Dados da explora\u00e7\u00e3o nas maiores empresas do Brasil e do mundo;\nE muito mais!\n\ud83d\udcc6 Quarta-feira, 03 de novembro, \u00e0s 19h\n\ud83d\udce1 Em youtube.com\/ilaeseorgbr\n\n\nCompartilhe os virais do Anu\u00e1rio nas redes sociais do Instituto\n\u25b6\ufe0f https:\/\/www.facebook.com\/ilaese\n\u25b6\ufe0f https:\/\/www.instagram.com\/ilaese.org.br\/\n_____________________________________________________________________________\nV\u00eddeo sugerido: \nLiberalismo e Keynesianismo n\u00e3o funcionam. Introdu\u00e7\u00e3o \u00e0 sociedade capitalista EP #49\nhttps:\/\/www.youtube.com\/watch?v=D5_Ke8g4ttc\n\nD\u00cdVIDA P\u00daBLICA EXPLICADA | A partir de MARX EP #132\nhttps:\/\/www.youtube.com\/watch?v=V0hP3Zdk7bU\n_____________________________________________________________________________\nSEJA MEMBRO e apoie o canal. Bot\u00e3o ADERIR acima ou: \nhttps:\/\/www.youtube.com\/channel\/UCRLEkZpNRoZQBG8kUTBD8vQ\/join\n\nV\u00eddeo sobre ser membro do canal:\nhttps:\/\/www.youtube.com\/watch?v=drvou-obBVU\n_____________________________________________________________________________\nSiga as p\u00e1ginas do canal Orienta\u00e7\u00e3o Marxista nas Redes Sociais\n\nFACEBOOK:    https:\/\/www.facebook.com\/Orienta\u00e7\u00e3o-Marxista-111673690190915\nTWITTER:       https:\/\/twitter.com\/orient_marxista\nINSTAGRAM: https:\/\/www.instagram.com\/orient.marxista\n_____________________________________________________________________________\nLeia o blog Teoria e Revolu\u00e7\u00e3o:\nhttps:\/\/teoriaerevolucao.pstu.org.br\n_____________________________________________________________________________\nO livro do autor desse canal (Marx e a Hist\u00f3ria: das particularidades nacionais \u00e0 universalidade da revolu\u00e7\u00e3o socialista )  pode ser adquirido nos seguintes endere\u00e7os:\nhttps:\/\/editorasundermann.com.br\/livro\/96-marx-e-a-hist%C3%B3ria\nhttps:\/\/www.estantevirtual.com.br\/busca?utf8=%E2%9C%93&q=gustavo+machado+marx\n\n#Capitalismo #TrabalhoEExplora\u00e7\u00e3o #Crise","original_language":"pt-BR","publication_date":"2021-10-31","duration":0,"url":"https:\/\/www.youtube.com\/watch?v=iA323XcdOsU","thumbnail":"thumbnails\/iA323XcdOsU.jpg"},{"video_id":"2AX6N_WpZ2M","channel_id":"UCpfZpmQ8hS3RbQ5GsXZw4KQ","title":"Chile | Mar\u00eda Rivera en la Constituyente: una intervenci\u00f3n clasista y revolucionaria","description":"Discurso Inaugural de nuestra camarada Maria Rivera en la Convenci\u00f3n Constituyente Chilena. Hace unas semanas la Convenci\u00f3n Constituyente termin\u00f3 de debatir y votar su reglamento de funcionamiento. Ahora comienzan los debates de fondo sobre los contenidos pol\u00edticos, econ\u00f3micos y sociales que tendria la nueva constituci\u00f3n chilena. Nuestra camarada hace una excelente demostraci\u00f3n de como actuar en el parlmento burgu\u00e9s, colocando un programa revolucionario y denunciando al gobierno asesino de Pi\u00f1era, junto a sus aliados. El proceso revolucionario ya lleva dos a\u00f1os y el pasado 18 de octubre, cientos de miles en las calles, demostraron que sigue vivo y aumentando la rabia contra los ladrones que gobiernan.","original_language":"pt","publication_date":"2021-10-29","duration":0,"url":"https:\/\/www.youtube.com\/watch?v=2AX6N_WpZ2M","thumbnail":"thumbnails\/2AX6N_WpZ2M.jpg"},{"video_id":"eQOcyU_yTrY","channel_id":"UCRLEkZpNRoZQBG8kUTBD8vQ","title":"Privatizar a Petrobr\u00e1s \u00e9 a Solu\u00e7\u00e3o?","description":"Alto pre\u00e7o dos combust\u00edveis, infla\u00e7\u00e3o, aumento do custo de vida e perda da soberania nacional. O que tudo isso tem a ver com a privatiza\u00e7\u00e3o da Petrobr\u00e1s? Nessa Live, tentaremos colocar o debate numa perspectiva marxista e qual a sa\u00edda para esse problema que atinge em cheio a classe trabalhadora. Vai ser nessa Quinta Feira, amanh\u00e3. Assista, traga suas perguntas e opini\u00f5es e n\u00e3o deixe de seguir o canal Orienta\u00e7\u00e3o Marxista.\n\nEsta atividade est\u00e1 sendo organizada pelo Observat\u00f3rio Social da Petrobr\u00e1s. Para mais informa\u00e7\u00f5es, acesse: https:\/\/observatoriopetrobras.com\/category\/ilaese\/\n\nCurta e compartilhe os virais de divulga\u00e7\u00e3o do anu\u00e1rio estat\u00edstico do ILAESE\nhttps:\/\/www.facebook.com\/ilaese\n\nSiga o Canal do ILAESE:\n\nhttps:\/\/www.youtube.com\/c\/ILAESEorgbr","original_language":"unknown","publication_date":"2021-10-29","duration":0,"url":"https:\/\/www.youtube.com\/watch?v=eQOcyU_yTrY","thumbnail":"thumbnails\/eQOcyU_yTrY.jpg"},{"video_id":"O5UBj3TuUPw","channel_id":"UCpfZpmQ8hS3RbQ5GsXZw4KQ","title":"Zoom | Colapso ambiental: el capitalismo es el responsable","description":"A pesar de que los discursos como \u201ccambio de matriz energ\u00e9tica\u201d, \u201ctransici\u00f3n verde\u201d convencen a una parte de la izquierda y de los movimientos ambientalistas de que es posible enfrentar la cat\u00e1strofe clim\u00e1tica haciendo algunas reformas en el capitalismo, esa no es nuestra opini\u00f3n. Afirmamos que el capitalismo es un sistema insostenible desde el punto de vista social, econ\u00f3mico y tambi\u00e9n ambiental. Por eso, es preciso derrotar este sistema para construir una sociedad sostenible, solidaria y equitativa, una sociedad socialista.\n\nEs por eso que convidamos a leer los art\u00edculos que ofrecemos en este Especial, que adem\u00e1s de profundizar sobre todos los problemas que el sistema capitalista produce para la vida en el planeta, hace un rescate de la visi\u00f3n marxista sobre la cuesti\u00f3n ambiental, y de la elaboraci\u00f3n de Marx y Engels sobre las contradicciones inherentes e insostenibles que un sistema basado en la acumulaci\u00f3n incesante de capital posee con los recursos naturales finitos del paneta.","original_language":"pt","publication_date":"2021-10-27","duration":0,"url":"https:\/\/www.youtube.com\/watch?v=O5UBj3TuUPw","thumbnail":"thumbnails\/O5UBj3TuUPw.jpg"},{"video_id":"XG131qxuVts","channel_id":"UCpfZpmQ8hS3RbQ5GsXZw4KQ","title":"Zoom | Colapso ambiental, o capitalismo \u00e9 o respons\u00e1vel","description":"Apesar de os discursos como \u201cmudan\u00e7a de matriz energ\u00e9tica\u201d, \u201ctransi\u00e7\u00e3o verde\u201d, convencerem uma parte da esquerda e dos movimentos ambientalistas de que \u00e9 poss\u00edvel enfrentar a cat\u00e1strofe clim\u00e1tica fazendo algumas reformas no capitalismo, essa n\u00e3o \u00e9 a nossa opini\u00e3o. Afirmamos que o capitalismo \u00e9 um sistema insustent\u00e1vel do ponto de vista social, econ\u00f4mico e tamb\u00e9m ambiental. Por isso \u00e9 preciso derrotar esse sistema para construir uma sociedade sustent\u00e1vel, solid\u00e1ria e equitativa, uma sociedade socialista.\n\n\u00c9 por isso que convidamos voc\u00ea a ler os artigos que trazemos nesse especial, que al\u00e9m de aprofundar sobre todos os problemas que o sistema capitalista est\u00e1 produzindo para a vida no planeta, faz um resgate da vis\u00e3o marxista sobre a quest\u00e3o ambiental e da elabora\u00e7\u00e3o de Marx e Engels sobre as contradi\u00e7\u00f5es inerentes e insustent\u00e1veis que um sistema baseado na acumula\u00e7\u00e3o incessante de capital possui com os recursos naturais finitos do planeta.","original_language":"pt","publication_date":"2021-10-27","duration":0,"url":"https:\/\/www.youtube.com\/watch?v=XG131qxuVts","thumbnail":"thumbnails\/XG131qxuVts.jpg"},{"video_id":"f-dO-UDO4q0","channel_id":"UCRLEkZpNRoZQBG8kUTBD8vQ","title":"O asteroide de ouro do ELON MUSK | FETICHE DO DINHEIRO EP #143","description":"Comentamos um trecho de discurso de um f\u00edsico, de que Elon Musk quer explorar um asteroide que teria mais valor que o PIB da terra inteiro. \u00c9 tanta riqueza que poderia levar ao colapso a economia mundial. Faz sentido?\n\n_____________________________________________________________________________\nV\u00eddeo sugerido: \nO DINHEIRO | O CAPITAL DE MARX: Livro I: Cap. 2 e 3 VID #6\nhttps:\/\/www.youtube.com\/watch?v=J77f9M5WK4o\n_____________________________________________________________________________\nSEJA MEMBRO e apoie o canal. Bot\u00e3o ADERIR acima ou: \nhttps:\/\/www.youtube.com\/channel\/UCRLEkZpNRoZQBG8kUTBD8vQ\/join\n\nV\u00eddeo sobre ser membro do canal:\nhttps:\/\/www.youtube.com\/watch?v=drvou-obBVU\n_____________________________________________________________________________\nSiga as p\u00e1ginas do canal Orienta\u00e7\u00e3o Marxista nas Redes Sociais\n\nFACEBOOK:    https:\/\/www.facebook.com\/Orienta\u00e7\u00e3o-Marxista-111673690190915\nTWITTER:       https:\/\/twitter.com\/orient_marxista\nINSTAGRAM: https:\/\/www.instagram.com\/orient.marxista\n_____________________________________________________________________________\nLeia o blog Teoria e Revolu\u00e7\u00e3o:\nhttps:\/\/teoriaerevolucao.pstu.org.br\n_____________________________________________________________________________\nO livro do autor desse canal (Marx e a Hist\u00f3ria: das particularidades nacionais \u00e0 universalidade da revolu\u00e7\u00e3o socialista )  pode ser adquirido nos seguintes endere\u00e7os:\nhttps:\/\/editorasundermann.com.br\/livro\/96-marx-e-a-hist%C3%B3ria\nhttps:\/\/www.estantevirtual.com.br\/busca?utf8=%E2%9C%93&q=gustavo+machado+marx\n\n#ElonMusk #Dinheiro #Astronomia","original_language":"pt-BR","publication_date":"2021-10-26","duration":0,"url":"https:\/\/www.youtube.com\/watch?v=f-dO-UDO4q0","thumbnail":"thumbnails\/f-dO-UDO4q0.jpg"},{"video_id":"t8drFm5kgVs","channel_id":"UCRLEkZpNRoZQBG8kUTBD8vQ","title":"REGIS TADEU: GLOBO est\u00e1 falindo? | COMENTANDO EP #142","description":"COMENTANDO | REGIS TADEU: GLOBO EST\u00c1 FALINDO? \n\nComentando o v\u00eddeo de Regis Tadeu sobre a Globo. A gigante de comunica\u00e7\u00e3o estaria caminhando para a fal\u00eancia? Qual a mudan\u00e7a, do ponto de vista da acumula\u00e7\u00e3o de capital, com o crescimento das plataformas de streams e demais plataformas digitais de comunica\u00e7\u00e3o?\n\n\nImpacto da nova transforma\u00e7\u00e3o tecnol\u00f3gica (dita ind\u00fastria 4.0) na comunica\u00e7\u00e3o. Novas plataformas digitais: Netflix, HBO Max, Disney Plus, Amazon Prime e assim por diante\n\n_____________________________________________________________________________\nV\u00eddeo sugerido: \nOS IMPACTOS DA IND\u00daSTRIA DITA 4.0 NAS RELA\u00c7\u00d5ES DE TRABALHO: UM ESTUDO DE CASO DA EDUCA\u00c7\u00c3O SUPERIOR\nhttps:\/\/www.youtube.com\/watch?v=gniW02eV4ig\n_____________________________________________________________________________\nSEJA MEMBRO e apoie o canal. Bot\u00e3o ADERIR acima ou: \nhttps:\/\/www.youtube.com\/channel\/UCRLEkZpNRoZQBG8kUTBD8vQ\/join\n\nV\u00eddeo sobre ser membro do canal:\nhttps:\/\/www.youtube.com\/watch?v=drvou-obBVU\n_____________________________________________________________________________\nSiga as p\u00e1ginas do canal Orienta\u00e7\u00e3o Marxista nas Redes Sociais\n\nFACEBOOK:    https:\/\/www.facebook.com\/Orienta\u00e7\u00e3o-Marxista-111673690190915\nTWITTER:       https:\/\/twitter.com\/orient_marxista\nINSTAGRAM: https:\/\/www.instagram.com\/orient.marxista\n_____________________________________________________________________________\nLeia o blog Teoria e Revolu\u00e7\u00e3o:\nhttps:\/\/teoriaerevolucao.pstu.org.br\n_____________________________________________________________________________\nO livro do autor desse canal (Marx e a Hist\u00f3ria: das particularidades nacionais \u00e0 universalidade da revolu\u00e7\u00e3o socialista )  pode ser adquirido nos seguintes endere\u00e7os:\nhttps:\/\/editorasundermann.com.br\/livro\/96-marx-e-a-hist%C3%B3ria\nhttps:\/\/www.estantevirtual.com.br\/busca?utf8=%E2%9C%93&q=gustavo+machado+marx\n\n#RegisTadeu #Globo #Industria4.0","original_language":"pt-BR","publication_date":"2021-10-23","duration":0,"url":"https:\/\/www.youtube.com\/watch?v=t8drFm5kgVs","thumbnail":"thumbnails\/t8drFm5kgVs.jpg"},{"video_id":"terL0dxt9Jo","channel_id":"UCRLEkZpNRoZQBG8kUTBD8vQ","title":"Comunica\u00e7\u00e3o Popular e M\u00eddias Digitais| CORTES","description":"Publico aqui no canal alguns trechos da Live que Participei com os companheiros do SINDSEF - SP\nEmbora o tema tenha que ser aprofundado, j\u00e1 est\u00e1 passando da hora de pararmos de observar o avan\u00e7o tecnol\u00f3gico de forma passiva, assustados com a velocidade das mudan\u00e7as. Temos que compreende-las e utiliza-las a favor da luta dos trabalhadores. \n\nabaixo o link da LIVE completa: \n\n\n_____________________________________________________________________________\nV\u00eddeo sugerido: https:\/\/www.youtube.com\/watch?v=Nm1SY5o1RNU&t=7024s\n\n_____________________________________________________________________________\nSEJA MEMBRO e apoie o canal. Bot\u00e3o ADERIR acima ou: \nhttps:\/\/www.youtube.com\/channel\/UCRLEkZpNRoZQBG8kUTBD8vQ\/join\n\nV\u00eddeo sobre ser membro do canal:\nhttps:\/\/www.youtube.com\/watch?v=drvou-obBVU\n_____________________________________________________________________________\nSiga as p\u00e1ginas do canal Orienta\u00e7\u00e3o Marxista nas Redes Sociais\n\nFACEBOOK:    https:\/\/www.facebook.com\/Orienta\u00e7\u00e3o-Marxista-111673690190915\nTWITTER:       https:\/\/twitter.com\/orient_marxista\nINSTAGRAM: https:\/\/www.instagram.com\/orient.marxista\n_____________________________________________________________________________\nLeia o blog Teoria e Revolu\u00e7\u00e3o:\nhttps:\/\/teoriaerevolucao.pstu.org.br\n_____________________________________________________________________________\nO livro do autor desse canal (Marx e a Hist\u00f3ria: das particularidades nacionais \u00e0 universalidade da revolu\u00e7\u00e3o socialista )  pode ser adquirido nos seguintes endere\u00e7os:\nhttps:\/\/editorasundermann.com.br\/livro\/96-marx-e-a-hist%C3%B3ria\nhttps:\/\/www.estantevirtual.com.br\/busca?utf8=%E2%9C%93&q=gustavo+machado+marx\n\n# # #","original_language":"unknown","publication_date":"2021-10-17","duration":0,"url":"https:\/\/www.youtube.com\/watch?v=terL0dxt9Jo","thumbnail":"thumbnails\/terL0dxt9Jo.jpg"},{"video_id":"X47fty0CsfQ","channel_id":"UCRLEkZpNRoZQBG8kUTBD8vQ","title":"\"ACUMULA\u00c7\u00c3O PRIMITIVA\" |  O CAPITAL DE MARX: Livro I Caps. 24-25  VID #14","description":"00:00 Introdu\u00e7\u00e3o\n08:34 CAP\u00cdTULO 24: A ASSIM CHAMADA ACUMULA\u00c7\u00c3O PRIMITIVA\n11:22 PRINCIPAL PROBLEMA DE INTERPRETA\u00c7\u00c3O DESSE CAP\u00cdTULO\n13:34 JUSTIFICATIVA \u00c9TICA DO CAPITALISMO\n15:50 ACUMULA\u00c7\u00c3O PRIMITIVA versus ACUMULA\u00c7\u00c3O DE CAPITAL\n19:36 1 - O SEGREDO DA ACUMULA\u00c7\u00c3O PRIMITIVA\n24:36 MITO DA ACUMULA\u00c7\u00c3O PRIMITIVA\n54:46 2 -  EXPROPRIA\u00c7\u00c3O DA TERRA PERTENCENTE \u00c0 POPULA\u00c7\u00c3O RURAL\n1:09:10 3 -  LEGISLA\u00c7\u00c3O SANGUIN\u00c1RIA CONTRA OS EXPROPRIADOS\n1:19:22 4 - G\u00caNESE DOS ARRENDAT\u00c1RIOS CAPITALISTAS\n1:25:48 5 - EFEITO RETROATIVO DA REVOLU\u00c7\u00c3O AGR\u00cdCOLA SOBRE A IND\u00daSTRIA\n1:36:17 6 - G\u00caNESE DO CAPITALISTA INDUSTRIAL\n1:40:01 EXPROPRIA\u00c7\u00c3O DO CAMPON\u00caS E DO ARTES\u00c3O\n1:42:03 GUERRA COMERCIAL: QUEM DOMINA?\n1:45:48 SISTEMA COLONIAL\n1:51:37 D\u00cdVIDA P\u00daBLICA\n1:58:08 7 - TEND\u00caNCIA HIST\u00d3RICA DA ACUMULA\u00c7\u00c3O CAPITALISTA\n2:08:02 QUAL A TEND\u00caNCIA HIST\u00d3RICA DO CAPITALISMO?\n2:13:53 ASPECTOS NEGATIVOS PARA DESTRUI\u00c7\u00c3O DO CAPITALISMO\n2:15:38 ASPECTOS POSITIVOS PARA DESTRUI\u00c7\u00c3O DO CAPITALISMO\n2:23:24 SOCIALISMO \u00c9 INEVIT\u00c1VEL?\n2:28:19 SOCIALISMO N\u00c3O DESTR\u00d3I A INDIVIDUALIDADE\n2:31:16 SOCIALISMO CIENT\u00cdFICO\n2:41:09 CAP\u00cdTULO 25 - A TEORIA MODERNA DA COLONIZA\u00c7\u00c3O\n2:45:18 PROGRAMA DE WAKEFIELD\n2:46:31 EXPROPRIA\u00c7\u00c3O NAS COL\u00d4NIAS\n\n\"ACUMULA\u00c7\u00c3O PRIMITIVA\" | Cap\u00edtulos 24 e 25\nFERIADO estudando O CAPITAL de MARX\nConclu\u00edmos hoje o curso de O Capital relativo ao Livro I. \nNo epis\u00f3dio de hoje:\n\u27a1\ufe0f Acumula\u00e7\u00e3o primitiva n\u00e3o existe, o capitalismo \u00e9 fundado na EXPROPRIA\u00c7\u00c3O, na viol\u00eancia, no sangue, na guerra e no roubo.\n\u27a1\ufe0f Como nos acostumamos a ideia de que vender a for\u00e7a de trabalho \u00e9 normal. As leis.\n\u27a1\ufe0f O papel de ferro do Estado na origem e desenvolvimento do capitalismo e do \"livre\" mercado.\n\u27a1\ufe0f O socialismo cient\u00edfico (marxista) e sua diferen\u00e7a para as engenharias de futuro e modelos ideais de sociedade.\n\u27a1\ufe0f O capitalismo n\u00e3o est\u00e1 fundado no desenvolvimento de pequenas propriedades privadas baseadas no trabalho do propriet\u00e1rio, mas na destrui\u00e7\u00e3o desta forma de propriedade. E muito mais...\n_____________________________________________________________________________________\nCap\u00edtulos tratados:\nCapitulo XXIV -\u00ad A assim chamada acumula\u00e7\u00e3o primitiva\nCapitulo XXV -\u00ad A teoria moderna da coloniza\u00e7\u00e3o\n_____________________________________________________________________________________\nTemas tratados:\nCapitulo XXI -\u00ad Reprodu\u00e7\u00e3o simples\n_____________________________________________________________________________\nV\u00eddeos sugeridos: \nA MERCADORIA | O CAPITAL DE MARX: Livro I: Cap. 1 VID #5\nhttps:\/\/www.youtube.com\/watch?v=1_FtWE_Os4s\nO DINHEIRO | O CAPITAL DE MARX: Livro I: Cap. 2 e 3 VID #6\nhttps:\/\/www.youtube.com\/watch?v=J77f9M5WK4o\nO CAPITAL | O CAPITAL DE MARX: Livro I: Cap. 4 VID #7\nhttps:\/\/www.youtube.com\/watch?v=KHiMps76FoQ\nMAIS-VALIA ABSOLUTA | O CAPITAL DE MARX: Livro I: Caps. 5-9 VID #9\nhttps:\/\/www.youtube.com\/watch?v=iu3wFpgz4Bc\nMAIS-VALIA RELATIVA | O CAPITAL DE MARX: Livro I: Caps. 10-16 VID #11\n https:\/\/youtu.be\/ScMgjGo5Y4A \nO SAL\u00c1RIO | O CAPITAL DE MARX: Livro I Caps. 17-20 VID #12\nhttps:\/\/www.youtube.com\/watch?v=8EtxggUclcM\nA ACUMULA\u00c7\u00c3O DE CAPITAL |  O CAPITAL DE MARX: Livro I Caps. 21-23  VID #13\n https:\/\/youtu.be\/PPtBDfpXZH0 \n_____________________________________________________________________________\nSEJA MEMBRO e apoie o canal. Bot\u00e3o ADERIR acima ou: \nhttps:\/\/www.youtube.com\/channel\/UCRLEkZpNRoZQBG8kUTBD8vQ\/join\n\nV\u00eddeo sobre ser membro do canal:\nhttps:\/\/www.youtube.com\/watch?v=drvou-obBVU\n_____________________________________________________________________________\nSiga as p\u00e1ginas do canal Orienta\u00e7\u00e3o Marxista nas Redes Sociais\n\nFACEBOOK:    https:\/\/www.facebook.com\/Orienta\u00e7\u00e3o-Marxista-111673690190915\nTWITTER:       https:\/\/twitter.com\/orient_marxista\nINSTAGRAM: https:\/\/www.instagram.com\/orient.marxista\n_____________________________________________________________________________\nLeia o blog Teoria e Revolu\u00e7\u00e3o:\nhttps:\/\/teoriaerevolucao.pstu.org.br\n_____________________________________________________________________________\nO livro do autor desse canal (Marx e a Hist\u00f3ria: das particularidades nacionais \u00e0 universalidade da revolu\u00e7\u00e3o socialista )  pode ser adquirido nos seguintes endere\u00e7os:\nhttps:\/\/editorasundermann.com.br\/livro\/96-marx-e-a-hist%C3%B3ria\nhttps:\/\/www.estantevirtual.com.br\/busca?utf8=%E2%9C%93&q=gustavo+machado+marx\n\n#Acumula\u00e7\u00e3oDeCapital #OCapital #KarlMarx","original_language":"pt-BR","publication_date":"2021-10-10","duration":0,"url":"https:\/\/www.youtube.com\/watch?v=X47fty0CsfQ","thumbnail":"thumbnails\/X47fty0CsfQ.jpg"},{"video_id":"80YuYDQdZkw","channel_id":"UCRLEkZpNRoZQBG8kUTBD8vQ","title":"MARX NAS MARGENS de KEVIN ANDERSON || (DES)RECOMENDANDO LIVROS EP #141","description":"MARX NAS MARGENS de KEVIN ANDERSON || (DES)RECOMENDANDO LIVROS\nNesse v\u00eddeo comento a obra recente de Kevin Anderson: Marx nas Margens: nacionalismo, etnias e sociedades n\u00e3o \nocidentais. \nExplico como o autor se vale da autoridade da MEGA 2 (Publica\u00e7\u00e3o das obras completas de Marx) para imputar sem qualquer fundamento teses suas ao assim chamado velho Marx.\n\nTeoria da hist\u00f3ria ou g\u00eanese do capital? As diferentes recep\u00e7\u00f5es aos estudos etnol\u00f3gicos de Marx: de Engels \u00e0 atualidade\nhttp:\/\/www.verinotio.org\/sistema\/index.php\/verinotio\/article\/view\/575\/492\n\nSobre a possibilidade de uma revolu\u00e7\u00e3o russa nos escritos de Marx\nhttp:\/\/www.verinotio.org\/conteudo\/0.2494301612017957.pdf\n_____________________________________________________________________________\nSEJA MEMBRO e apoie o canal. Bot\u00e3o ADERIR acima ou: \nhttps:\/\/www.youtube.com\/channel\/UCRLEkZpNRoZQBG8kUTBD8vQ\/join\n\nV\u00eddeo sobre ser membro do canal:\nhttps:\/\/www.youtube.com\/watch?v=drvou-obBVU\n_____________________________________________________________________________\nSiga as p\u00e1ginas do canal Orienta\u00e7\u00e3o Marxista nas Redes Sociais\n\nFACEBOOK:    https:\/\/www.facebook.com\/Orienta\u00e7\u00e3o-Marxista-111673690190915\nTWITTER:       https:\/\/twitter.com\/orient_marxista\nINSTAGRAM: https:\/\/www.instagram.com\/orient.marxista\n_____________________________________________________________________________\nLeia o blog Teoria e Revolu\u00e7\u00e3o:\nhttps:\/\/teoriaerevolucao.pstu.org.br\n_____________________________________________________________________________\nO livro do autor desse canal (Marx e a Hist\u00f3ria: das particularidades nacionais \u00e0 universalidade da revolu\u00e7\u00e3o socialista )  pode ser adquirido nos seguintes endere\u00e7os:\nhttps:\/\/editorasundermann.com.br\/livro\/96-marx-e-a-hist%C3%B3ria\nhttps:\/\/www.estantevirtual.com.br\/busca?utf8=%E2%9C%93&q=gustavo+machado+marx\n\n#KevinAnderson #Marx #Colonialismo","original_language":"pt-BR","publication_date":"2021-10-07","duration":0,"url":"https:\/\/www.youtube.com\/watch?v=80YuYDQdZkw","thumbnail":"thumbnails\/80YuYDQdZkw.jpg"},{"video_id":"ExpyEkcxJKs","channel_id":"UCpfZpmQ8hS3RbQ5GsXZw4KQ","title":"Epidode 7  - Fighting bureaucratisation","description":"Episode 7 of the series Trotsky: Life, Works, Struggle","original_language":"pt","publication_date":"2021-10-04","duration":0,"url":"https:\/\/www.youtube.com\/watch?v=ExpyEkcxJKs","thumbnail":"thumbnails\/ExpyEkcxJKs.jpg"},{"video_id":"VWgGPLJRuNY","channel_id":"UCRLEkZpNRoZQBG8kUTBD8vQ","title":"O Estado N\u00c3O cria o dinheiro | O CAPITAL DE MARX VID #15","description":"O dinheiro \u00e9 uma cria\u00e7\u00e3o estatal? Absolutamente n\u00e3o.\n Como veremos, dinheiro n\u00e3o \u00e9 apenas a moeda. \u00c9 uma rela\u00e7\u00e3o social que n\u00e3o \u00e9, de modo algum, criada pelo Estado, apesar do Estado ter fun\u00e7\u00f5es necess\u00e1rias para o curso ordin\u00e1rio do dinheiro.\n\nCONFUS\u00d5ES\n1) DINHEIRO = MOEDA (EST\u00c1 ERRADO)\n2) DINHEIRO N\u00c3O \u00c9 SIGNO: SIGNO DE VALOR --- MERCADORIAS\n\nCIRCULA\u00c7\u00c3O GERAL DE MERCADORIAS\nM - D - M\nMERCADORIA - DINHEIRO - MERCADORIA\n\nPRODU\u00c7\u00c3O \u00c9 SOCIAL\nDISTRIBUI\u00c7\u00c3O \u00c9 PRIVADA\n DINHEIRO ELE SURGE DA CIRCULA\u00c7\u00c3O DE MERCADORIAS\n DINHEIRO SURGE COMO NECESSIDADE DA CIRCULA\u00c7\u00c3O DE MERCADORIAS\n\nMETAMORFOSE DAS MERCADORIAS\nM - D - M  - D - M\nDINHEIRO ELES \u00c9 A FORMA METAMORFOSEADA DA MERCADORIA TROCADA\n\nLINHO - DINHEIRO - B\u00cdBLIA\n DINHEIRO \u00c9 A FORMA METAMORFOSEADA DO LINHO\n DINHEIRO \u00c9 A FORMA DE VALOR DO LINHO\n \n DINHEIRO \u00c9 A FORMA METAMORFOSEADA DA B\u00cdBLIA\n\nCR\u00cdTICA DA AUTONOMIA DO DINHEIRO\nCR\u00cdTICA DO DINHEIRO COMO MERA CONVEN\u00c7\u00c3O COMO FACILITADOR DAS TROCAS\n\nDINHEIRO ELE \u00c9 NECESSARIAMENTE IMPOSTO PELA CIRCULA\u00c7\u00c3O GERAL DE MERCADORIAS\n MERCADORIAS \u00c9 DINHEIRO: EST\u00c1 EXPRESSA O TEMPO TODO NO DINHEIRO\n DINHEIRO \u00c9 MOEDA: MOVIMENTO PERMANENTE DAS MERCADORIAS\n \nESTADO: CRIAR UM PADR\u00c3O DOS PRE\u00c7OS\n PADR\u00c3O COMUM COM QUE AS MERCADORIAS S\u00c3O UNIVERSALMENTE COMPARADAS\n D\u00d3LAR, REAL, LIBRA, DRACMA\n \nESTADO ELE \u00c9 NECESS\u00c1RIO DO PONTO DE VISTA DO DINHEIRO\n ESTADO PARA ESTABELECER UM PADR\u00c3O DOS PRE\u00c7OS: \n  MEDIDA UNIVERSALMENTE EM UM MESMO PADR\u00c3O\n ESTADO N\u00c3O CRIA O DINHEIRO: \n  QUEM CRIA O DINHEIRO \u00c9 A CIRCULA\u00c7\u00c3O DE MERCADORIAS\n_____________________________________________________________________________\nV\u00eddeo sugerido: \nO DINHEIRO | O CAPITAL DE MARX: Livro I: Cap. 2 e 3 VID #6\nhttps:\/\/www.youtube.com\/watch?v=J77f9M5WK4o\n\nHumberto Matos (MMT) versus Dinheiro em Marx | O CAPITAL DE MARX VID #8\nhttps:\/\/www.youtube.com\/watch?v=x7Q6IS35Scw\n_____________________________________________________________________________\nSEJA MEMBRO e apoie o canal. Bot\u00e3o ADERIR acima ou: \nhttps:\/\/www.youtube.com\/channel\/UCRLEkZpNRoZQBG8kUTBD8vQ\/join\n\nV\u00eddeo sobre ser membro do canal:\nhttps:\/\/www.youtube.com\/watch?v=drvou-obBVU\n_____________________________________________________________________________\nSiga as p\u00e1ginas do canal Orienta\u00e7\u00e3o Marxista nas Redes Sociais\n\nFACEBOOK:    https:\/\/www.facebook.com\/Orienta\u00e7\u00e3o-Marxista-111673690190915\nTWITTER:       https:\/\/twitter.com\/orient_marxista\nINSTAGRAM: https:\/\/www.instagram.com\/orient.marxista\n_____________________________________________________________________________\nLeia o blog Teoria e Revolu\u00e7\u00e3o:\nhttps:\/\/teoriaerevolucao.pstu.org.br\n_____________________________________________________________________________\nO livro do autor desse canal (Marx e a Hist\u00f3ria: das particularidades nacionais \u00e0 universalidade da revolu\u00e7\u00e3o socialista )  pode ser adquirido nos seguintes endere\u00e7os:\nhttps:\/\/editorasundermann.com.br\/livro\/96-marx-e-a-hist%C3%B3ria\nhttps:\/\/www.estantevirtual.com.br\/busca?utf8=%E2%9C%93&q=gustavo+machado+marx\n\n#Dinheiro #Estado #MMT","original_language":"pt-BR","publication_date":"2021-10-03","duration":0,"url":"https:\/\/www.youtube.com\/watch?v=VWgGPLJRuNY","thumbnail":"thumbnails\/VWgGPLJRuNY.jpg"},{"video_id":"ZBH6hk5crKI","channel_id":"UCRLEkZpNRoZQBG8kUTBD8vQ","title":"JABBOUR E A CHINA \"SOCIALISTA\" | REAGINDO EP #140","description":"JABBOUR E A CHINA \"SOCIALISTA\" | REAGINDO\nReagindo e comentando o v\u00eddeo em que Elias Jabbour tenta argumentar que a China \u00e9 socialista porque \u00e9 governada pelo Partido Comunista - detentor do interesses gerais de toda popula\u00e7\u00e3o - e tem muitas estatais.\n_____________________________________________________________________________\nV\u00eddeos sugeridos: \nA CHINA \u00c9 SOCIALISTA? | REAGINDO: Jones Manoel EP #110\nhttps:\/\/www.youtube.com\/watch?v=Mr04f0W_R3k\nELIAS JABBOUR e o Socialismo Chin\u00eas EP #105\nhttps:\/\/www.youtube.com\/watch?v=UXPIKUDj6Hw\nO MITO DO SOCIALISMO CHIN\u00caS | O caso da Huawei EP #127\nhttps:\/\/www.youtube.com\/watch?v=UFJF9qim6d0\nEVERGRANDE | O mito do COMUNISMO chin\u00eas EP #139\nhttps:\/\/www.youtube.com\/watch?v=arsjzYSr6kU\n_____________________________________________________________________________\nSEJA MEMBRO e apoie o canal. Bot\u00e3o ADERIR acima ou: \nhttps:\/\/www.youtube.com\/channel\/UCRLEkZpNRoZQBG8kUTBD8vQ\/join\n\nV\u00eddeo sobre ser membro do canal:\nhttps:\/\/www.youtube.com\/watch?v=drvou-obBVU\n_____________________________________________________________________________\nSiga as p\u00e1ginas do canal Orienta\u00e7\u00e3o Marxista nas Redes Sociais\n\nFACEBOOK:    https:\/\/www.facebook.com\/Orienta\u00e7\u00e3o-Marxista-111673690190915\nTWITTER:       https:\/\/twitter.com\/orient_marxista\nINSTAGRAM: https:\/\/www.instagram.com\/orient.marxista\n_____________________________________________________________________________\nLeia o blog Teoria e Revolu\u00e7\u00e3o:\nhttps:\/\/teoriaerevolucao.pstu.org.br\n_____________________________________________________________________________\nO livro do autor desse canal (Marx e a Hist\u00f3ria: das particularidades nacionais \u00e0 universalidade da revolu\u00e7\u00e3o socialista )  pode ser adquirido nos seguintes endere\u00e7os:\nhttps:\/\/editorasundermann.com.br\/livro\/96-marx-e-a-hist%C3%B3ria\nhttps:\/\/www.estantevirtual.com.br\/busca?utf8=%E2%9C%93&q=gustavo+machado+marx\n\n#China #Jabbour #Socialismo","original_language":"pt-BR","publication_date":"2021-09-29","duration":0,"url":"https:\/\/www.youtube.com\/watch?v=ZBH6hk5crKI","thumbnail":"thumbnails\/ZBH6hk5crKI.jpg"},{"video_id":"arsjzYSr6kU","channel_id":"UCRLEkZpNRoZQBG8kUTBD8vQ","title":"EVERGRANDE | O mito do COMUNISMO chin\u00eas EP #139","description":"Neste v\u00eddeo analisamos os n\u00fameros da empresa China EVERGRANDE para ilustrar a loucura do capitalismo e como a China est\u00e1 afogada nas rela\u00e7\u00f5es sociais capitalistas at\u00e9 a sua \u00faltima c\u00e9lula. E n\u00e3o. A China n\u00e3o criou um capitalismo regulado, controlado e que caminha rumo ao desenvolvimento ininterrupto.\n\n\nFontes:\nPrim\u00e1rias, relat\u00f3rios econ\u00f4micos da China EVERGRANDE centralizados na base de dados do ILAESE.\nFonte secund\u00e1ria de apoio ao v\u00eddeo:\nhttps:\/\/finbox.com\/OTCPK:EGRN.F\/models\/historical-10yr\n\n\n\n_____________________________________________________________________________\nV\u00eddeo sugerido: \nLiberalismo e Keynesianismo n\u00e3o funcionam. Introdu\u00e7\u00e3o \u00e0 sociedade capitalista EP #49\nhttps:\/\/www.youtube.com\/watch?v=D5_Ke8g4ttc&t\n_____________________________________________________________________________\nSEJA MEMBRO e apoie o canal. Bot\u00e3o ADERIR acima ou: \nhttps:\/\/www.youtube.com\/channel\/UCRLEkZpNRoZQBG8kUTBD8vQ\/join\n\nV\u00eddeo sobre ser membro do canal:\nhttps:\/\/www.youtube.com\/watch?v=drvou-obBVU\n_____________________________________________________________________________\nSiga as p\u00e1ginas do canal Orienta\u00e7\u00e3o Marxista nas Redes Sociais\n\nFACEBOOK:    https:\/\/www.facebook.com\/Orienta\u00e7\u00e3o-Marxista-111673690190915\nTWITTER:       https:\/\/twitter.com\/orient_marxista\nINSTAGRAM: https:\/\/www.instagram.com\/orient.marxista\n_____________________________________________________________________________\nLeia o blog Teoria e Revolu\u00e7\u00e3o:\nhttps:\/\/teoriaerevolucao.pstu.org.br\n_____________________________________________________________________________\nO livro do autor desse canal (Marx e a Hist\u00f3ria: das particularidades nacionais \u00e0 universalidade da revolu\u00e7\u00e3o socialista )  pode ser adquirido nos seguintes endere\u00e7os:\nhttps:\/\/editorasundermann.com.br\/livro\/96-marx-e-a-hist%C3%B3ria\nhttps:\/\/www.estantevirtual.com.br\/busca?utf8=%E2%9C%93&q=gustavo+machado+marx\n\n#EVERGRANDE #China #Comunismo","original_language":"pt-BR","publication_date":"2021-09-25","duration":0,"url":"https:\/\/www.youtube.com\/watch?v=arsjzYSr6kU","thumbnail":"thumbnails\/arsjzYSr6kU.jpg"},{"video_id":"lwZknoaapOI","channel_id":"UCpfZpmQ8hS3RbQ5GsXZw4KQ","title":"\u00bfQu\u00e9 pasa en Cuba? |  Entrevisa com Mart\u00edn Hern\u00e1ndez","description":"","original_language":"pt","publication_date":"2021-09-24","duration":0,"url":"https:\/\/www.youtube.com\/watch?v=lwZknoaapOI","thumbnail":"thumbnails\/lwZknoaapOI.jpg"},{"video_id":"rMWygZD3Ebw","channel_id":"UCRLEkZpNRoZQBG8kUTBD8vQ","title":"O QUE \u00c9 O FASCISMO e como combat\u00ea-lo | CORTES","description":"Compartilho aqui um trecho da live que participei, organizada pelo Sindsef-SP, junto ao Nildo Ouriques. \n\nDiante de amea\u00e7as de golpes e inimigos imagin\u00e1rios, \u00e9 importante limparmos o meio de campo e entendermos a realidade. \n\n________________________________________________________\nV\u00eddeo sugerido: \nhttps:\/\/www.youtube.com\/watch?v=k4hCvLuPD1I\n_____________________________________________________________________________\nSEJA MEMBRO e apoie o canal. Bot\u00e3o ADERIR acima ou: \nhttps:\/\/www.youtube.com\/channel\/UCRLEkZpNRoZQBG8kUTBD8vQ\/join\n\nV\u00eddeo sobre ser membro do canal:\nhttps:\/\/www.youtube.com\/watch?v=drvou-obBVU\n_____________________________________________________________________________\nSiga as p\u00e1ginas do canal Orienta\u00e7\u00e3o Marxista nas Redes Sociais\n\nFACEBOOK:    https:\/\/www.facebook.com\/Orienta\u00e7\u00e3o-Marxista-111673690190915\nTWITTER:       https:\/\/twitter.com\/orient_marxista\nINSTAGRAM: https:\/\/www.instagram.com\/orient.marxista\n_____________________________________________________________________________\nLeia o blog Teoria e Revolu\u00e7\u00e3o:\nhttps:\/\/teoriaerevolucao.pstu.org.br\n_____________________________________________________________________________\nO livro do autor desse canal (Marx e a Hist\u00f3ria: das particularidades nacionais \u00e0 universalidade da revolu\u00e7\u00e3o socialista )  pode ser adquirido nos seguintes endere\u00e7os:\nhttps:\/\/editorasundermann.com.br\/livro\/96-marx-e-a-hist%C3%B3ria\nhttps:\/\/www.estantevirtual.com.br\/busca?utf8=%E2%9C%93&q=gustavo+machado+marx\n\n#fascismo #golpe #conjuntura #lutadeclasses","original_language":"pt-BR","publication_date":"2021-09-22","duration":0,"url":"https:\/\/www.youtube.com\/watch?v=rMWygZD3Ebw","thumbnail":"thumbnails\/rMWygZD3Ebw.jpg"},{"video_id":"Sx0-M83DjMQ","channel_id":"UCRLEkZpNRoZQBG8kUTBD8vQ","title":"Totalidade e dial\u00e9tica | RESPONDENDO COMENT\u00c1RIOS","description":"RESPONDENDO COMENT\u00c1RIOS | DIAL\u00c9TICA E TOTALIDADE.\nOs coment\u00e1rios ao \u00faltimo v\u00eddeo foram t\u00e3o interessantes que fiz um outro para comentar os coment\u00e1rios.\n_____________________________________________________________________________\nV\u00eddeo sugerido: \nV\u00eddeo em que foram feito os coment\u00e1rios\nhttps:\/\/youtu.be\/1kcnVAN1W2U\n_____________________________________________________________________________\nSEJA MEMBRO e apoie o canal. Bot\u00e3o ADERIR acima ou: \nhttps:\/\/www.youtube.com\/channel\/UCRLEkZpNRoZQBG8kUTBD8vQ\/join\n\nV\u00eddeo sobre ser membro do canal:\nhttps:\/\/www.youtube.com\/watch?v=drvou-obBVU\n_____________________________________________________________________________\nSiga as p\u00e1ginas do canal Orienta\u00e7\u00e3o Marxista nas Redes Sociais\n\nFACEBOOK:    https:\/\/www.facebook.com\/Orienta\u00e7\u00e3o-Marxista-111673690190915\nTWITTER:       https:\/\/twitter.com\/orient_marxista\nINSTAGRAM: https:\/\/www.instagram.com\/orient.marxista\n_____________________________________________________________________________\nLeia o blog Teoria e Revolu\u00e7\u00e3o:\nhttps:\/\/teoriaerevolucao.pstu.org.br\n_____________________________________________________________________________\nO livro do autor desse canal (Marx e a Hist\u00f3ria: das particularidades nacionais \u00e0 universalidade da revolu\u00e7\u00e3o socialista )  pode ser adquirido nos seguintes endere\u00e7os:\nhttps:\/\/editorasundermann.com.br\/livro\/96-marx-e-a-hist%C3%B3ria\nhttps:\/\/www.estantevirtual.com.br\/busca?utf8=%E2%9C%93&q=gustavo+machado+marx\n\n#Dial\u00e9tica #Totalidade #Marx","original_language":"pt","publication_date":"2021-09-16","duration":0,"url":"https:\/\/www.youtube.com\/watch?v=Sx0-M83DjMQ","thumbnail":"thumbnails\/Sx0-M83DjMQ.jpg"},{"video_id":"1kcnVAN1W2U","channel_id":"UCRLEkZpNRoZQBG8kUTBD8vQ","title":"TOTALIDADE E DIAL\u00c9TICA | Aprendendo com Marx EP #138","description":"TOTALIDADE E DIAL\u00c9TICA | APRENDENDO COM MARX\nNesse v\u00eddeo, de mais de uma hora, mostramos como Marx exp\u00f5em dialeticamente uma totalidade tomando como refer\u00eancia os ciclos do capital industrial no Livro II de O Capital.\nVcs ver\u00e3o que O Capital de Marx \u00e9, sim, uma obra dif\u00edcil. N\u00e3o teria como n\u00e3o ser, considerando a maluquice que \u00e9 o pr\u00f3prio capital.\n_____________________________________________________________________________\nV\u00eddeo sugerido: \nO QUE \u00c9 PENSAMENTO CR\u00cdTICO? | Matem\u00e1tica, f\u00edsica e capital EP #117\nhttps:\/\/www.youtube.com\/watch?v=_GZN1kFxOHQ\n_____________________________________________________________________________\nSEJA MEMBRO e apoie o canal. Bot\u00e3o ADERIR acima ou: \nhttps:\/\/www.youtube.com\/channel\/UCRLEkZpNRoZQBG8kUTBD8vQ\/join\n\nV\u00eddeo sobre ser membro do canal:\nhttps:\/\/www.youtube.com\/watch?v=drvou-obBVU\n_____________________________________________________________________________\nSiga as p\u00e1ginas do canal Orienta\u00e7\u00e3o Marxista nas Redes Sociais\n\nFACEBOOK:    https:\/\/www.facebook.com\/Orienta\u00e7\u00e3o-Marxista-111673690190915\nTWITTER:       https:\/\/twitter.com\/orient_marxista\nINSTAGRAM: https:\/\/www.instagram.com\/orient.marxista\n_____________________________________________________________________________\nLeia o blog Teoria e Revolu\u00e7\u00e3o:\nhttps:\/\/teoriaerevolucao.pstu.org.br\n_____________________________________________________________________________\nO livro do autor desse canal (Marx e a Hist\u00f3ria: das particularidades nacionais \u00e0 universalidade da revolu\u00e7\u00e3o socialista )  pode ser adquirido nos seguintes endere\u00e7os:\nhttps:\/\/editorasundermann.com.br\/livro\/96-marx-e-a-hist%C3%B3ria\nhttps:\/\/www.estantevirtual.com.br\/busca?utf8=%E2%9C%93&q=gustavo+machado+marx\n\n#Totalidade #Dial\u00e9tica #Marx","original_language":"pt-BR","publication_date":"2021-09-14","duration":0,"url":"https:\/\/www.youtube.com\/watch?v=1kcnVAN1W2U","thumbnail":"thumbnails\/1kcnVAN1W2U.jpg"},{"video_id":"0mWix3lfGTM","channel_id":"UCRLEkZpNRoZQBG8kUTBD8vQ","title":"PROFESSOR HOC | BRASIL, pa\u00eds tropical, amaldi\u00e7oado por Deus EP #137","description":"PROFESSOR HOC | REAGINDO\nBRASIL, PA\u00cdS TROPICAL, AMALDI\u00c7OADO POR DEUS E FERRADO POR NATUREZA.\nVc sempre quis saber porque o Brasil \u00e9 um pa\u00eds que \"n\u00e3o d\u00e1 certo\" apesar da abund\u00e2ncia de recursos minerais, h\u00eddricos, agr\u00edcolas, energ\u00e9ticos etc etc etc. O professor HOC explica. O problema \u00e9 exatamente este.\nPra divers\u00e3o do final de semana (ou n\u00e3o).\n\n_____________________________________________________________________________\nV\u00eddeo sugerido: \nPOPPER E MARX || Marxismo \u00e9 ci\u00eancia? EP #59\nhttps:\/\/www.youtube.com\/watch?v=JTBSx8ByUzI\n_____________________________________________________________________________\nSEJA MEMBRO e apoie o canal. Bot\u00e3o ADERIR acima ou: \nhttps:\/\/www.youtube.com\/channel\/UCRLEkZpNRoZQBG8kUTBD8vQ\/join\n\nV\u00eddeo sobre ser membro do canal:\nhttps:\/\/www.youtube.com\/watch?v=drvou-obBVU\n_____________________________________________________________________________\nSiga as p\u00e1ginas do canal Orienta\u00e7\u00e3o Marxista nas Redes Sociais\n\nFACEBOOK:    https:\/\/www.facebook.com\/Orienta\u00e7\u00e3o-Marxista-111673690190915\nTWITTER:       https:\/\/twitter.com\/orient_marxista\nINSTAGRAM: https:\/\/www.instagram.com\/orient.marxista\n_____________________________________________________________________________\nLeia o blog Teoria e Revolu\u00e7\u00e3o:\nhttps:\/\/teoriaerevolucao.pstu.org.br\n_____________________________________________________________________________\nO livro do autor desse canal (Marx e a Hist\u00f3ria: das particularidades nacionais \u00e0 universalidade da revolu\u00e7\u00e3o socialista )  pode ser adquirido nos seguintes endere\u00e7os:\nhttps:\/\/editorasundermann.com.br\/livro\/96-marx-e-a-hist%C3%B3ria\nhttps:\/\/www.estantevirtual.com.br\/busca?utf8=%E2%9C%93&q=gustavo+machado+marx\n\n#ProfessorHOC #Geopol\u00edtica #Desenvolvimento","original_language":"pt-BR","publication_date":"2021-09-11","duration":0,"url":"https:\/\/www.youtube.com\/watch?v=0mWix3lfGTM","thumbnail":"thumbnails\/0mWix3lfGTM.jpg"},{"video_id":"4UOmCTat_T0","channel_id":"UCRLEkZpNRoZQBG8kUTBD8vQ","title":"O CAPITAL e o STALINISMO | Hist\u00f3ria de uma trag\u00e9dia EP #139","description":"O CAPITAL DE MARX e o STALINISMO | A hist\u00f3ria de uma trag\u00e9dia\nEntenda como foi produzida uma situa\u00e7\u00e3o hist\u00f3ria em que a maior parte dos que se autodenominam marxistas consideram O Capital de Marx uma obra espec\u00edfica, uma obra de economia, de relev\u00e2ncia menor. \nE tamb\u00e9m como se proliferou interpreta\u00e7\u00f5es bizarras da pr\u00f3pria obra, sobretudo na academia, quase sempre na contram\u00e3o das palavras do autor e com assombrosa superficialidade.\nO que tudo isso tem que ver com STALINISMO? Entenda!\n\nLinks para s\u00e9rie sobre Stalinismo com Bernardo Cerdeira\nEP. 1 | Stalinismo nunca mais\nhttps:\/\/www.youtube.com\/watch?v=qk6RENsQqsM\nEP. 2 | A origem do stalinismo\nhttps:\/\/www.youtube.com\/watch?v=Sy6vwYDJ8zU\nEP. 3 | Os crimes de St\u00e1lin\nhttps:\/\/www.youtube.com\/watch?v=Hz1EV8SYtDg\n\n\nLista das obras n\u00e3o publicadas de Rubin destru\u00eddas pela NKVD:\n\"Pages from the Life and Creative Work of Economist I.I. Rubin (1992).\" In Responses to Marx's Capital, 819\u201336. BRILL, 2017. pag. 819-20\n_____________________________________________________________________________\nV\u00eddeo sugerido: \nVICTOR SERGE | St\u00e1lin, URSS SUGERINDO LIVROS EP #77\nhttps:\/\/www.youtube.com\/watch?v=tcfO_y5b-r4\n\nREAGINDO AO JONES MANOEL: St\u00e1lin, Trotsky, Marx EP #32\nhttps:\/\/www.youtube.com\/watch?v=XY9isI5DBik\n_____________________________________________________________________________\nSEJA MEMBRO e apoie o canal. Bot\u00e3o ADERIR acima ou: \nhttps:\/\/www.youtube.com\/channel\/UCRLEkZpNRoZQBG8kUTBD8vQ\/join\n\nV\u00eddeo sobre ser membro do canal:\nhttps:\/\/www.youtube.com\/watch?v=drvou-obBVU\n_____________________________________________________________________________\nSiga as p\u00e1ginas do canal Orienta\u00e7\u00e3o Marxista nas Redes Sociais\n\nFACEBOOK:    https:\/\/www.facebook.com\/Orienta\u00e7\u00e3o-Marxista-111673690190915\nTWITTER:       https:\/\/twitter.com\/orient_marxista\nINSTAGRAM: https:\/\/www.instagram.com\/orient.marxista\n_____________________________________________________________________________\nLeia o blog Teoria e Revolu\u00e7\u00e3o:\nhttps:\/\/teoriaerevolucao.pstu.org.br\n_____________________________________________________________________________\nO livro do autor desse canal (Marx e a Hist\u00f3ria: das particularidades nacionais \u00e0 universalidade da revolu\u00e7\u00e3o socialista )  pode ser adquirido nos seguintes endere\u00e7os:\nhttps:\/\/editorasundermann.com.br\/livro\/96-marx-e-a-hist%C3%B3ria\nhttps:\/\/www.estantevirtual.com.br\/busca?utf8=%E2%9C%93&q=gustavo+machado+marx\n\n#OCapital #Stalinismo #KarlMarx","original_language":"pt-BR","publication_date":"2021-09-05","duration":0,"url":"https:\/\/www.youtube.com\/watch?v=4UOmCTat_T0","thumbnail":"thumbnails\/4UOmCTat_T0.jpg"},{"video_id":"OMYjWKWOke4","channel_id":"UCRLEkZpNRoZQBG8kUTBD8vQ","title":"LIBERDADE \u00e9 ... a consci\u00eancia da necessidade EP #135","description":"LIBERDADE \u00c9, EM PRIMEIRO LUGAR, A CONSCI\u00caNCIA DA NECESSIDADE || Como conciliar termos aparentemente t\u00e3o opostos? Liberdade e necessidade?\nSer\u00e1 que liberdade \u00e9 cada um faz o que quer? A onipot\u00eancia da vontade? Do indiv\u00edduo que \u00e9, supostamente, o sujeito absoluto de suas a\u00e7\u00f5es?\n\n\n\n_____________________________________________________________________________\nV\u00eddeo sugerido: \nO que \u00e9 uma RELA\u00c7\u00c3O SOCIAL | UBER e meios de produ\u00e7\u00e3o EP #131\nhttps:\/\/www.youtube.com\/watch?v=XNBIG2HCNrQ\n\n_____________________________________________________________________________\nSEJA MEMBRO e apoie o canal. Bot\u00e3o ADERIR acima ou: \nhttps:\/\/www.youtube.com\/channel\/UCRLEkZpNRoZQBG8kUTBD8vQ\/join\n\nV\u00eddeo sobre ser membro do canal:\nhttps:\/\/www.youtube.com\/watch?v=drvou-obBVU\n_____________________________________________________________________________\nSiga as p\u00e1ginas do canal Orienta\u00e7\u00e3o Marxista nas Redes Sociais\n\nFACEBOOK:    https:\/\/www.facebook.com\/Orienta\u00e7\u00e3o-Marxista-111673690190915\nTWITTER:       https:\/\/twitter.com\/orient_marxista\nINSTAGRAM: https:\/\/www.instagram.com\/orient.marxista\n_____________________________________________________________________________\nLeia o blog Teoria e Revolu\u00e7\u00e3o:\nhttps:\/\/teoriaerevolucao.pstu.org.br\n_____________________________________________________________________________\nO livro do autor desse canal (Marx e a Hist\u00f3ria: das particularidades nacionais \u00e0 universalidade da revolu\u00e7\u00e3o socialista )  pode ser adquirido nos seguintes endere\u00e7os:\nhttps:\/\/editorasundermann.com.br\/livro\/96-marx-e-a-hist%C3%B3ria\nhttps:\/\/www.estantevirtual.com.br\/busca?utf8=%E2%9C%93&q=gustavo+machado+marx\n\n#Liberdade #Consci\u00eanciaDaNecessidade #Hegel","original_language":"pt-BR","publication_date":"2021-08-31","duration":0,"url":"https:\/\/www.youtube.com\/watch?v=OMYjWKWOke4","thumbnail":"thumbnails\/OMYjWKWOke4.jpg"},{"video_id":"pr18Kp8Q4s4","channel_id":"UCRLEkZpNRoZQBG8kUTBD8vQ","title":"LUCRO \u00c9 ROUBO | Entenda EP #134","description":"LUCRO \u00c9 ROUBO | Veja o motivo do lucro ser roubo. E adiantamos. O lucro capitalista n\u00e3o tem nada que ver com o excedente que a pessoa coloca nos custos que teve para vender p\u00e3o na rua ou coisa assim. O lucro que regula o capitalismo \u00e9 roubo mesmo, pilhagem. Literalmente! Entenda.\n_____________________________________________________________________________\nV\u00eddeo sugerido: LIBERALISMO \u00e9 cren\u00e7a teol\u00f3gica: Guedes e Constantino explicam EP #42https:\/\/www.youtube.com\/watch?v=wJRGTod8NH4\n\n_____________________________________________________________________________\nSEJA MEMBRO e apoie o canal. Bot\u00e3o ADERIR acima ou: \nhttps:\/\/www.youtube.com\/channel\/UCRLEkZpNRoZQBG8kUTBD8vQ\/join\n\nV\u00eddeo sobre ser membro do canal:\nhttps:\/\/www.youtube.com\/watch?v=drvou-obBVU\n_____________________________________________________________________________\nSiga as p\u00e1ginas do canal Orienta\u00e7\u00e3o Marxista nas Redes Sociais\n\nFACEBOOK:    https:\/\/www.facebook.com\/Orienta\u00e7\u00e3o-Marxista-111673690190915\nTWITTER:       https:\/\/twitter.com\/orient_marxista\nINSTAGRAM: https:\/\/www.instagram.com\/orient.marxista\n_____________________________________________________________________________\nLeia o blog Teoria e Revolu\u00e7\u00e3o:\nhttps:\/\/teoriaerevolucao.pstu.org.br\n_____________________________________________________________________________\nO livro do autor desse canal (Marx e a Hist\u00f3ria: das particularidades nacionais \u00e0 universalidade da revolu\u00e7\u00e3o socialista )  pode ser adquirido nos seguintes endere\u00e7os:\nhttps:\/\/editorasundermann.com.br\/livro\/96-marx-e-a-hist%C3%B3ria\nhttps:\/\/www.estantevirtual.com.br\/busca?utf8=%E2%9C%93&q=gustavo+machado+marx\n\n#LucroERoubo #Capitalismo #Investimentos","original_language":"pt-BR","publication_date":"2021-08-28","duration":0,"url":"https:\/\/www.youtube.com\/watch?v=pr18Kp8Q4s4","thumbnail":"thumbnails\/pr18Kp8Q4s4.jpg"},{"video_id":"woPLaQrfAJY","channel_id":"UCpfZpmQ8hS3RbQ5GsXZw4KQ","title":"Ep.  6 - Way of Life","description":"The sixth episode of the series Trotsky: Life, Works, Struggle.","original_language":"pt","publication_date":"2021-08-26","duration":0,"url":"https:\/\/www.youtube.com\/watch?v=woPLaQrfAJY","thumbnail":"thumbnails\/woPLaQrfAJY.jpg"},{"video_id":"yIl1uJtoLjA","channel_id":"UCpfZpmQ8hS3RbQ5GsXZw4KQ","title":"EP. 5 - The Communist International","description":"The fifth episode of the series Trotsky, Life, Works, Struggle","original_language":"pt","publication_date":"2021-08-19","duration":0,"url":"https:\/\/www.youtube.com\/watch?v=yIl1uJtoLjA","thumbnail":"thumbnails\/yIl1uJtoLjA.jpg"},{"video_id":"7Nt0lrJJQmQ","channel_id":"UCRLEkZpNRoZQBG8kUTBD8vQ","title":"PACHUKANIS: Marxismo e Direito | SUGERINDO LIVROS EP #133","description":"RECOMENDANDO LIVROS | Por que adquirir e estudar a A Teoria Geral do Direito e o Marxismo de PACHUKANIS. Esta obra est\u00e1 para as reflex\u00f5es entre marxismo e direito, como Isaak Rubin est\u00e1 para cr\u00edtica da economia pol\u00edtica e a teoria do valor. S\u00f3 isso.\n\nPACHUKANIS, E. A Teoria Geral do Direito e o Marxismo e Ensaios Escolhidos (1921-1929). S\u00e3o Paulo: Editora Sundermann, 2017.\n\n L\u00e9xico pachukaniano. Mar\u00edlia: Lutas Anticapital, 2020.\n_____________________________________________________________________________\nV\u00eddeo sugerido: \nNem tudo \u00e9 RELA\u00c7\u00c3O SOCIAL EP #11\nhttps:\/\/www.youtube.com\/watch?v=acahMQosy1Y\n_____________________________________________________________________________\nSEJA MEMBRO e apoie o canal. Bot\u00e3o ADERIR acima ou: \nhttps:\/\/www.youtube.com\/channel\/UCRLEkZpNRoZQBG8kUTBD8vQ\/join\n\nV\u00eddeo sobre ser membro do canal:\nhttps:\/\/www.youtube.com\/watch?v=drvou-obBVU\n_____________________________________________________________________________\nSiga as p\u00e1ginas do canal Orienta\u00e7\u00e3o Marxista nas Redes Sociais\n\nFACEBOOK:    https:\/\/www.facebook.com\/Orienta\u00e7\u00e3o-Marxista-111673690190915\nTWITTER:       https:\/\/twitter.com\/orient_marxista\nINSTAGRAM: https:\/\/www.instagram.com\/orient.marxista\n_____________________________________________________________________________\nLeia o blog Teoria e Revolu\u00e7\u00e3o:\nhttps:\/\/teoriaerevolucao.pstu.org.br\n_____________________________________________________________________________\nO livro do autor desse canal (Marx e a Hist\u00f3ria: das particularidades nacionais \u00e0 universalidade da revolu\u00e7\u00e3o socialista )  pode ser adquirido nos seguintes endere\u00e7os:\nhttps:\/\/editorasundermann.com.br\/livro\/96-marx-e-a-hist%C3%B3ria\nhttps:\/\/www.estantevirtual.com.br\/busca?utf8=%E2%9C%93&q=gustavo+machado+marx\n\n#Marxismo #Direito #Pachukanis","original_language":"pt-BR","publication_date":"2021-08-09","duration":0,"url":"https:\/\/www.youtube.com\/watch?v=7Nt0lrJJQmQ","thumbnail":"thumbnails\/7Nt0lrJJQmQ.jpg"},{"video_id":"V0hP3Zdk7bU","channel_id":"UCRLEkZpNRoZQBG8kUTBD8vQ","title":"D\u00cdVIDA P\u00daBLICA EXPLICADA | A partir de MARX EP #132","description":"D\u00cdVIDA P\u00daBLICA EXPLICADA | ... a partir de Marx\nConfira, o mecanismo da d\u00edvida p\u00fablica que entrela\u00e7a o Estado capitalista ao mercado privado. De uma s\u00f3 vez, cai a teoria que contrap\u00f5em o Estado capitalista ao mercado e os \"marxistas\" que querem salvar o capitalismo emitindo t\u00edtulos da d\u00edvida p\u00fablica.\n\n_____________________________________________________________________________\nV\u00eddeos sugeridos: \nCRIPTOMOEDAS E BITCOINS: o amuleto dos ancaps EP #109\nhttps:\/\/www.youtube.com\/watch?v=vhphGYhpPR4\n\nAnu\u00e1rio Estat\u00edstico do ILAESE | Trabalho e Explora\u00e7\u00e3o EP #20\nhttps:\/\/www.youtube.com\/watch?v=p5uMqZtrh5k\n_____________________________________________________________________________\nSEJA MEMBRO e apoie o canal. Bot\u00e3o ADERIR acima ou: \nhttps:\/\/www.youtube.com\/channel\/UCRLEkZpNRoZQBG8kUTBD8vQ\/join\n\nV\u00eddeo sobre ser membro do canal:\nhttps:\/\/www.youtube.com\/watch?v=drvou-obBVU\n_____________________________________________________________________________\nSiga as p\u00e1ginas do canal Orienta\u00e7\u00e3o Marxista nas Redes Sociais\n\nFACEBOOK:    https:\/\/www.facebook.com\/Orienta\u00e7\u00e3o-Marxista-111673690190915\nTWITTER:       https:\/\/twitter.com\/orient_marxista\nINSTAGRAM: https:\/\/www.instagram.com\/orient.marxista\n_____________________________________________________________________________\nLeia o blog Teoria e Revolu\u00e7\u00e3o:\nhttps:\/\/teoriaerevolucao.pstu.org.br\n_____________________________________________________________________________\nO livro do autor desse canal (Marx e a Hist\u00f3ria: das particularidades nacionais \u00e0 universalidade da revolu\u00e7\u00e3o socialista )  pode ser adquirido nos seguintes endere\u00e7os:\nhttps:\/\/editorasundermann.com.br\/livro\/96-marx-e-a-hist%C3%B3ria\nhttps:\/\/www.estantevirtual.com.br\/busca?utf8=%E2%9C%93&q=gustavo+machado+marx\n\n#D\u00edvidaP\u00fablica #Moeda #Marx","original_language":"pt-BR","publication_date":"2021-07-29","duration":0,"url":"https:\/\/www.youtube.com\/watch?v=V0hP3Zdk7bU","thumbnail":"thumbnails\/V0hP3Zdk7bU.jpg"},{"video_id":"OeROWlYw6T0","channel_id":"UCpfZpmQ8hS3RbQ5GsXZw4KQ","title":"EP 4 - Trotsky and the Red Army","description":"The fourth episode of the series Trotsky: Life, Works, Struggle.","original_language":"pt","publication_date":"2021-07-19","duration":0,"url":"https:\/\/www.youtube.com\/watch?v=OeROWlYw6T0","thumbnail":"thumbnails\/OeROWlYw6T0.jpg"},{"video_id":"TsbWr7TE2qo","channel_id":"UCpfZpmQ8hS3RbQ5GsXZw4KQ","title":"EP. 3 - Soviets and expropriation","description":"The third episode of the series Trotsky: Life, Works, Struggle.","original_language":"pt","publication_date":"2021-07-08","duration":0,"url":"https:\/\/www.youtube.com\/watch?v=TsbWr7TE2qo","thumbnail":"thumbnails\/TsbWr7TE2qo.jpg"},{"video_id":"XNBIG2HCNrQ","channel_id":"UCRLEkZpNRoZQBG8kUTBD8vQ","title":"O que \u00e9 uma RELA\u00c7\u00c3O SOCIAL | UBER e  meios de produ\u00e7\u00e3o EP #131","description":"O QUE \u00c9 UMA RELA\u00c7\u00c3O SOCIAL | UBER e Meios de Produ\u00e7\u00e3o\nVeja como a no\u00e7\u00e3o de rela\u00e7\u00e3o social \u00e9 contraintuitiva e fundamentalmente importante. Como \u00e9 poss\u00edvel, no caso da Uber, o trabalhador ser propriet\u00e1rio do caro, mas n\u00e3o ser propriet\u00e1rio do MEIO DE PRODU\u00c7\u00c3O. \n_____________________________________________________________________________\nV\u00eddeos sugeridos:\nNem tudo \u00e9 RELA\u00c7\u00c3O SOCIAL EP #11\nhttps:\/\/www.youtube.com\/watch?v=acahMQosy1Y\n\nMotoristas do Uber e Youtubers s\u00e3o trabalhadores assalariados EP #21 \nhttps:\/\/www.youtube.com\/watch?v=JTJOk-tXwtk\n_____________________________________________________________________________\nSEJA MEMBRO e apoie o canal. Bot\u00e3o ADERIR acima ou: \nhttps:\/\/www.youtube.com\/channel\/UCRLEkZpNRoZQBG8kUTBD8vQ\/join\n\nV\u00eddeo sobre ser membro do canal:\nhttps:\/\/www.youtube.com\/watch?v=drvou-obBVU\n_____________________________________________________________________________\nSiga as p\u00e1ginas do canal Orienta\u00e7\u00e3o Marxista nas Redes Sociais\n\nFACEBOOK:    https:\/\/www.facebook.com\/Orienta\u00e7\u00e3o-Marxista-111673690190915\nTWITTER:       https:\/\/twitter.com\/orient_marxista\nINSTAGRAM: https:\/\/www.instagram.com\/orient.marxista\n_____________________________________________________________________________\nLeia o blog Teoria e Revolu\u00e7\u00e3o:\nhttps:\/\/teoriaerevolucao.pstu.org.br\n_____________________________________________________________________________\nO livro do autor desse canal (Marx e a Hist\u00f3ria: das particularidades nacionais \u00e0 universalidade da revolu\u00e7\u00e3o socialista )  pode ser adquirido nos seguintes endere\u00e7os:\nhttps:\/\/editorasundermann.com.br\/livro\/96-marx-e-a-hist%C3%B3ria\nhttps:\/\/www.estantevirtual.com.br\/busca?utf8=%E2%9C%93&q=gustavo+machado+marx\n\n#Rela\u00e7\u00e3oSocial #Uber #MeiosDeProdu\u00e7\u00e3o","original_language":"pt-BR","publication_date":"2021-07-07","duration":0,"url":"https:\/\/www.youtube.com\/watch?v=XNBIG2HCNrQ","thumbnail":"thumbnails\/XNBIG2HCNrQ.jpg"},{"video_id":"bKKd1wdB-qE","channel_id":"UCpfZpmQ8hS3RbQ5GsXZw4KQ","title":"Zoom con Mar\u00eda Rivera","description":"Mar\u00eda Rivera es constituyente electa en Chile, junto a su partido, el MIT ha estado en la vanguardia del proceso revolucionario que se viene desarrollando en Chile. El pasado domingo 27 realizamos una charla-debate v\u00eda zoom con Mar\u00eda Rivera. Dejamos la grabaci\u00f3n para quienes no pudieron estar en la actividad, para compartir y difundir.","original_language":"pt","publication_date":"2021-07-06","duration":0,"url":"https:\/\/www.youtube.com\/watch?v=bKKd1wdB-qE","thumbnail":"thumbnails\/bKKd1wdB-qE.jpg"},{"video_id":"58S2uIS92CI","channel_id":"UCpfZpmQ8hS3RbQ5GsXZw4KQ","title":"EP 2 - The Russian Revolution","description":"Episode 2 of the series Trotsky: Life, Works, Struggle.","original_language":"pt","publication_date":"2021-06-30","duration":0,"url":"https:\/\/www.youtube.com\/watch?v=58S2uIS92CI","thumbnail":"thumbnails\/58S2uIS92CI.jpg"},{"video_id":"RCpJ76vX10E","channel_id":"UCRLEkZpNRoZQBG8kUTBD8vQ","title":"CRISTIANO RONALDO deu prej\u00fa de 4 bi \u00e0 COCA COLA? EP #130","description":"CRISTIANO RONALDO deu preju\u00edzo de 4 bi \u00e0 COCA COLA?\nEntenda o que regula o cassino da bolsa de valores.\n_____________________________________________________________________________\nV\u00eddeo sugerido: \nCRIPTOMOEDAS E BITCOINS: o amuleto dos ancaps EP #109\nhttps:\/\/studio.youtube.com\/channel\/UCRLEkZpNRoZQBG8kUTBD8vQ\n\nCAPITAL FICT\u00cdCIO, BOLSA DE VALORES E CRIPTOMOEDAS NUMA PERSPECTIVA MARXISTA\nhttps:\/\/www.youtube.com\/watch?v=IZ8PAxCrJ4I\n_____________________________________________________________________________\nSEJA MEMBRO e apoie o canal. Bot\u00e3o ADERIR acima ou: \nhttps:\/\/www.youtube.com\/channel\/UCRLEkZpNRoZQBG8kUTBD8vQ\/join\n\nV\u00eddeo sobre ser membro do canal:\nhttps:\/\/www.youtube.com\/watch?v=drvou-obBVU\n_____________________________________________________________________________\nSiga as p\u00e1ginas do canal Orienta\u00e7\u00e3o Marxista nas Redes Sociais\n\nFACEBOOK:    https:\/\/www.facebook.com\/Orienta\u00e7\u00e3o-Marxista-111673690190915\nTWITTER:       https:\/\/twitter.com\/orient_marxista\nINSTAGRAM: https:\/\/www.instagram.com\/orient.marxista\n_____________________________________________________________________________\nLeia o blog Teoria e Revolu\u00e7\u00e3o:\nhttps:\/\/teoriaerevolucao.pstu.org.br\n_____________________________________________________________________________\nO livro do autor desse canal (Marx e a Hist\u00f3ria: das particularidades nacionais \u00e0 universalidade da revolu\u00e7\u00e3o socialista )  pode ser adquirido nos seguintes endere\u00e7os:\nhttps:\/\/editorasundermann.com.br\/livro\/96-marx-e-a-hist%C3%B3ria\nhttps:\/\/www.estantevirtual.com.br\/busca?utf8=%E2%9C%93&q=gustavo+machado+marx\n\n#CristianoRonaldo #CocaCola #BolsaDeValores","original_language":"pt-BR","publication_date":"2021-06-30","duration":0,"url":"https:\/\/www.youtube.com\/watch?v=RCpJ76vX10E","thumbnail":"thumbnails\/RCpJ76vX10E.jpg"},{"video_id":"QRt6cpwdYF0","channel_id":"UCRLEkZpNRoZQBG8kUTBD8vQ","title":"KIM KATAGUIRI explica pensamento marxista | IGNOR\u00c2NCIA ILIMITADA EP #129","description":"KIM KATAGUIRI MOSTRA SUA IGNOR\u00c2NCIA ILIMITADA\nKim vai \"longe\" e nos d\u00e1 uma verdadeira aula sobre pensamento marxista.\nUma aula sobre materialismo marxista, estrutura e superestrutura, ideologia e consci\u00eancia e por a\u00ed vai.\n_____________________________________________________________________________\nV\u00eddeos sugeridos: \nKIM KATAGUIRI | Amar o capitalismo interessa mais EP #78\nhttps:\/\/www.youtube.com\/watch?v=87uFm3nI9Sc\n\nKIM KATAGUIRI | Com esse gr\u00e1fico o capitalismo venceu EP #96\nhttps:\/\/www.youtube.com\/watch?v=_KIk7SZtEBs\n\nMBL explica porque liberalismo \u00e9 burrice EP #41\nhttps:\/\/www.youtube.com\/watch?v=d5JNfuIj3H0\n\nINSTITUTO MISES BRASIL | A WIKIP\u00c9DIA dos liberais e ancaps EP #114\nhttps:\/\/www.youtube.com\/watch?v=Y67fvR9kq6Q\n_____________________________________________________________________________\nSEJA MEMBRO e apoie o canal. Bot\u00e3o ADERIR acima ou: \nhttps:\/\/www.youtube.com\/channel\/UCRLEkZpNRoZQBG8kUTBD8vQ\/join\n\nV\u00eddeo sobre ser membro do canal:\nhttps:\/\/www.youtube.com\/watch?v=drvou-obBVU\n_____________________________________________________________________________\nSiga as p\u00e1ginas do canal Orienta\u00e7\u00e3o Marxista nas Redes Sociais\n\nFACEBOOK:    https:\/\/www.facebook.com\/Orienta\u00e7\u00e3o-Marxista-111673690190915\nTWITTER:       https:\/\/twitter.com\/orient_marxista\nINSTAGRAM: https:\/\/www.instagram.com\/orient.marxista\n_____________________________________________________________________________\nLeia o blog Teoria e Revolu\u00e7\u00e3o:\nhttps:\/\/teoriaerevolucao.pstu.org.br\n_____________________________________________________________________________\nO livro do autor desse canal (Marx e a Hist\u00f3ria: das particularidades nacionais \u00e0 universalidade da revolu\u00e7\u00e3o socialista )  pode ser adquirido nos seguintes endere\u00e7os:\nhttps:\/\/editorasundermann.com.br\/livro\/96-marx-e-a-hist%C3%B3ria\nhttps:\/\/www.estantevirtual.com.br\/busca?utf8=%E2%9C%93&q=gustavo+machado+marx\n\n#KimKataguiri #Intelig\u00eanciaLtda #Marxismo","original_language":"pt-BR","publication_date":"2021-06-27","duration":0,"url":"https:\/\/www.youtube.com\/watch?v=QRt6cpwdYF0","thumbnail":"thumbnails\/QRt6cpwdYF0.jpg"},{"video_id":"GdZHqb49cYI","channel_id":"UCRLEkZpNRoZQBG8kUTBD8vQ","title":"Quem foi KARL MARX | Relato de uma entrevista EP #128","description":"QUEM ERA KARL MARX?\nNesse v\u00eddeo lemos e comentamos um pequeno relato de um jornalista do s\u00e9culo XIX que entrevistou Karl Marx. Bom para contrastar com a imagem que um jornalista n\u00e3o-marxista tinha de Marx \u00e0 \u00e9poca, com a atual imagem constru\u00edda por detratores mal-intencionados. Aquela imagem completamente falsificada de um Marx que vivia de favor, condenou a fam\u00edlia aos maiores dissabores e que nunca trabalhou. Vejamos!\n\nLink do Artigo: \nhttps:\/\/zeroaesquerda.com.br\/index.php\/2021\/06\/10\/relato-de-uma-entrevista-de-karl-marx-john-swinton\/\n_____________________________________________________________________________\nV\u00eddeo sugerido: \nMARX foi um vagabundo que nunca trabalhou? EP #1\nhttps:\/\/www.youtube.com\/watch?v=dL2b_qcsEQo\n\nMARX ERA SATANISTA? Ana Campagnolo, Yago Martins e Olavo | REAGINDO EP #121\nhttps:\/\/www.youtube.com\/watch?v=2_sgN5DYlNg\n_____________________________________________________________________________\nSEJA MEMBRO e apoie o canal. Bot\u00e3o ADERIR acima ou: \nhttps:\/\/www.youtube.com\/channel\/UCRLEkZpNRoZQBG8kUTBD8vQ\/join\n\nV\u00eddeo sobre ser membro do canal:\nhttps:\/\/www.youtube.com\/watch?v=drvou-obBVU\n_____________________________________________________________________________\nSiga as p\u00e1ginas do canal Orienta\u00e7\u00e3o Marxista nas Redes Sociais\n\nFACEBOOK:    https:\/\/www.facebook.com\/Orienta\u00e7\u00e3o-Marxista-111673690190915\nTWITTER:       https:\/\/twitter.com\/orient_marxista\nINSTAGRAM: https:\/\/www.instagram.com\/orient.marxista\n_____________________________________________________________________________\nLeia o blog Teoria e Revolu\u00e7\u00e3o:\nhttps:\/\/teoriaerevolucao.pstu.org.br\n_____________________________________________________________________________\nO livro do autor desse canal (Marx e a Hist\u00f3ria: das particularidades nacionais \u00e0 universalidade da revolu\u00e7\u00e3o socialista )  pode ser adquirido nos seguintes endere\u00e7os:\nhttps:\/\/editorasundermann.com.br\/livro\/96-marx-e-a-hist%C3%B3ria\nhttps:\/\/www.estantevirtual.com.br\/busca?utf8=%E2%9C%93&q=gustavo+machado+marx\n\n#KarlMarx #Vida #Obra","original_language":"pt-BR","publication_date":"2021-06-22","duration":0,"url":"https:\/\/www.youtube.com\/watch?v=GdZHqb49cYI","thumbnail":"thumbnails\/GdZHqb49cYI.jpg"},{"video_id":"KFasCeW54wM","channel_id":"UCpfZpmQ8hS3RbQ5GsXZw4KQ","title":"EP 1 - The assassination of Trotsky","description":"Episode 1 of the series Trotsky: Life, Works, Struggle","original_language":"pt","publication_date":"2021-06-22","duration":0,"url":"https:\/\/www.youtube.com\/watch?v=KFasCeW54wM","thumbnail":"thumbnails\/KFasCeW54wM.jpg"},{"video_id":"UFJF9qim6d0","channel_id":"UCRLEkZpNRoZQBG8kUTBD8vQ","title":"O MITO DO SOCIALISMO CHIN\u00caS | O caso da Huawei EP #127","description":"Nesse v\u00eddeo desconstru\u00edmos o mito do socialismo chin\u00eas assentado no fato de que existe uma pol\u00edtica da empresa que estimula a compra de a\u00e7\u00f5es por parte de seus trabalhadores. \n\nDizer que um pa\u00eds est\u00e1 implementando o \"socialismo de mercado\" porque muitos trabalhadores de suas empresas tem a\u00e7\u00f5es da empresa, \u00e9 como dizer que no Brasil ou nos Estados Unidos temos tamb\u00e9m o socialismo de mercado porque muitos trabalhadores tem poupan\u00e7a no banco.\n_____________________________________________________________________________\nV\u00eddeo sugerido:\nELIAS JABBOUR e o Socialismo Chin\u00eas EP #105\nhttps:\/\/www.youtube.com\/watch?v=UXPIKUDj6Hw\n_____________________________________________________________________________\nSEJA MEMBRO e apoie o canal. Bot\u00e3o ADERIR acima ou: \nhttps:\/\/www.youtube.com\/channel\/UCRLEkZpNRoZQBG8kUTBD8vQ\/join\n\nV\u00eddeo sobre ser membro do canal:\nhttps:\/\/www.youtube.com\/watch?v=drvou-obBVU\n_____________________________________________________________________________\nSiga as p\u00e1ginas do canal Orienta\u00e7\u00e3o Marxista nas Redes Sociais\n\nFACEBOOK:    https:\/\/www.facebook.com\/Orienta\u00e7\u00e3o-Marxista-111673690190915\nTWITTER:       https:\/\/twitter.com\/orient_marxista\nINSTAGRAM: https:\/\/www.instagram.com\/orient.marxista\n_____________________________________________________________________________\nLeia o blog Teoria e Revolu\u00e7\u00e3o:\nhttps:\/\/teoriaerevolucao.pstu.org.br\n_____________________________________________________________________________\nO livro do autor desse canal (Marx e a Hist\u00f3ria: das particularidades nacionais \u00e0 universalidade da revolu\u00e7\u00e3o socialista )  pode ser adquirido nos seguintes endere\u00e7os:\nhttps:\/\/editorasundermann.com.br\/livro\/96-marx-e-a-hist%C3%B3ria\nhttps:\/\/www.estantevirtual.com.br\/busca?utf8=%E2%9C%93&q=gustavo+machado+marx\n\n#Socialismo #China #Huawei","original_language":"pt-BR","publication_date":"2021-06-16","duration":0,"url":"https:\/\/www.youtube.com\/watch?v=UFJF9qim6d0","thumbnail":"thumbnails\/UFJF9qim6d0.jpg"},{"video_id":"jRf7SxnVeLo","channel_id":"UCpfZpmQ8hS3RbQ5GsXZw4KQ","title":"TROTSKY: LIFE, WORKS, STRUGGLE - PRESENTATION","description":"","original_language":"pt","publication_date":"2021-06-16","duration":0,"url":"https:\/\/www.youtube.com\/watch?v=jRf7SxnVeLo","thumbnail":"thumbnails\/jRf7SxnVeLo.jpg"},{"video_id":"WtiHaUCD4VE","channel_id":"UCpfZpmQ8hS3RbQ5GsXZw4KQ","title":"Historia y lecciones de la Comuna de Par\u00eds","description":"Entrevista a Francesco Ricci dirigente del Partido de Alternativa Comunista Italia","original_language":"pt","publication_date":"2021-06-13","duration":0,"url":"https:\/\/www.youtube.com\/watch?v=WtiHaUCD4VE","thumbnail":"thumbnails\/WtiHaUCD4VE.jpg"},{"video_id":"qxsFP__5O0A","channel_id":"UCRLEkZpNRoZQBG8kUTBD8vQ","title":"A QUERELA DO TRABALHO IMATERIAL","description":"Debate sobre o tema do trabalho imaterial: \nsoftwares s\u00e3o imateriais em algum sentido?\nqual o papel das atividades n\u00e3o produtoras de mercadorias: sa\u00fade, educa\u00e7\u00e3o etc.?\nporque surgiu a querela do trabalho imaterial (pressupostos hist\u00f3ricos e te\u00f3ricos)\n\nRespondendo perguntas ao vivo dos membros e coment\u00e1rios no v\u00eddeo publicado recentemente sobre o tema.","original_language":"unknown","publication_date":"2021-06-11","duration":0,"url":"https:\/\/www.youtube.com\/watch?v=qxsFP__5O0A","thumbnail":"thumbnails\/qxsFP__5O0A.jpg"},{"video_id":"NmrHAj9Y8y0","channel_id":"UCRLEkZpNRoZQBG8kUTBD8vQ","title":"TRABALHO IMATERIAL | Um del\u00edrio EP #126","description":"Trabalho imaterial e mercadorias imateriais n\u00e3o passam de um del\u00edrio metaf\u00edsico. Simples assim. N\u00e3o s\u00e3o conceitos s\u00e9rios e n\u00e3o exigem um s\u00f3 segundo de reflex\u00e3o. Exceto os milagres. Esta investiga\u00e7\u00e3o eu deixo para a f\u00e1brica de Santos do Vaticano.\n\n_____________________________________________________________________________\nTextos sugeridos:\nO retorno do trabalho imaterial\nhttps:\/\/www.diarioliberdade.org\/opiniom\/opiniom-propia\/45053-retorno-do-trabalho-imaterial.html\n\nExistem mercadorias imateriais? \nhttps:\/\/teoriaerevolucao.pstu.org.br\/existem-mercadorias-imateriais\/ \n\nO lugar dos \u201cservi\u00e7os\u201d em O Capital de Marx \nhttps:\/\/teoriaerevolucao.pstu.org.br\/o-lugar-dos-servicos-em-o-capital-de-marx\/\n_____________________________________________________________________________\nSEJA MEMBRO e apoie o canal. Bot\u00e3o ADERIR acima ou: \nhttps:\/\/www.youtube.com\/channel\/UCRLEkZpNRoZQBG8kUTBD8vQ\/join\n\nV\u00eddeo sobre ser membro do canal:\nhttps:\/\/www.youtube.com\/watch?v=drvou-obBVU\n_____________________________________________________________________________\nSiga as p\u00e1ginas do canal Orienta\u00e7\u00e3o Marxista nas Redes Sociais\n\nFACEBOOK:    https:\/\/www.facebook.com\/Orienta\u00e7\u00e3o-Marxista-111673690190915\nTWITTER:       https:\/\/twitter.com\/orient_marxista\nINSTAGRAM: https:\/\/www.instagram.com\/orient.marxista\n_____________________________________________________________________________\nLeia o blog Teoria e Revolu\u00e7\u00e3o:\nhttps:\/\/teoriaerevolucao.pstu.org.br\n_____________________________________________________________________________\nO livro do autor desse canal (Marx e a Hist\u00f3ria: das particularidades nacionais \u00e0 universalidade da revolu\u00e7\u00e3o socialista )  pode ser adquirido nos seguintes endere\u00e7os:\nhttps:\/\/editorasundermann.com.br\/livro\/96-marx-e-a-hist%C3%B3ria\nhttps:\/\/www.estantevirtual.com.br\/busca?utf8=%E2%9C%93&q=gustavo+machado+marx\n\n#TrabalhoImaterial #TrabalhoProdutivo #TrabalhoImprodutivo","original_language":"pt-BR","publication_date":"2021-06-07","duration":0,"url":"https:\/\/www.youtube.com\/watch?v=NmrHAj9Y8y0","thumbnail":"thumbnails\/NmrHAj9Y8y0.jpg"},{"video_id":"PPtBDfpXZH0","channel_id":"UCRLEkZpNRoZQBG8kUTBD8vQ","title":"A ACUMULA\u00c7\u00c3O DE CAPITAL |  O CAPITAL DE MARX: Livro I Caps. 21-23  VID #13","description":"00:00 Introdu\u00e7\u00e3o\n26:30 Cap\u00edtulo 21: Reprodu\u00e7\u00e3o simples\n1:13:30 Cap\u00edtulo 22: Transforma\u00e7\u00e3o da mais-valia em capital\n1:51:10 Cap\u00edtulo 23: A lei geral da acumula\u00e7\u00e3o capitalista\n\nAn\u00e1lise detalhada dos cap\u00edtulos 21 ao 23 de O Capital\nNesse Epis\u00f3dio veremos:\n\u27a1\ufe0f Dissolu\u00e7\u00e3o das apar\u00eancias do modo de produ\u00e7\u00e3o capitalista: meritocracia, livre-arb\u00edtrio, liberdade, igualdade\n\u27a1\ufe0f Diferen\u00e7a entre concentra\u00e7\u00e3o e centraliza\u00e7\u00e3o de capital: empresas podem crescer continuamente sem que a riqueza da sociedade se eleve.\n\u27a1\ufe0f Princ\u00edpio de causalidade n\u00e3o funciona na an\u00e1lise do capitalismo.\n\u27a1\ufe0f Tend\u00eancia ABSOLUTA ao empobrecimento da classe trabalhadora\n\u27a1\ufe0f Ex\u00e9rcito industrial de reserva: desemprego \u00e9 apenas uma face do problema.\n_____________________________________________________________________________________\nCap\u00edtulos tratados:\nCapitulo XXI -\u00ad Reprodu\u00e7\u00e3o simples\nCapitulo XXII -\u00ad Transforma\u00e7\u00e3o da mais-valia em capital\nCapitulo XXIII - \u00ad A lei geral da acumula\u00e7\u00e3o capitalista\n_____________________________________________________________________________________\nTemas tratados:\nCapitulo XXI -\u00ad Reprodu\u00e7\u00e3o simples\n\n\u21e8 CR\u00cdTICA A NO\u00c7\u00c3O DE CAUSALIDADE\n\u21e8 REPRODU\u00c7\u00c3O SIMPLES\n\u21e8 MUDAN\u00c7A METODOL\u00d3GICA FUNDAMENTAL\n\u21e8 CR\u00cdTICA AS APAR\u00caNCIAS DA CIRCULA\u00c7\u00c3O DE MERCADORIAS\n\u21e8 APAR\u00caNCIA 1: SAL\u00c1RIO COMO CUSTO DE PRODU\u00c7\u00c3O\n\u21e8 APAR\u00caNCIA 2: SAL\u00c1RIO \u00c9 O PAGAMENTO PELO TRABALHO\n\u21e8 APAR\u00caNCIA 3: MAIS-VALIA FOI PRODUZIDA PELO CAPITAL\nADIANTADO PELO CAPITALISTA\n\u21e8 APAR\u00caNCIA 4: SER TRABALHADOR OU CAPITALISTA \u00c9 MERA\nESCOLHA INDIVIDUAL. ALGO AO ACASO.\n\u21e8 APAR\u00caNCIA 5: O TRABALHADOR TAMB\u00c9M \u00c9 PROPRIET\u00c1RIO\n\u21e8 APAR\u00caNCIA 6: CONSUMO DO OPER\u00c1RIO \u00c9 IMPRODUTIVO\n\u21e8 APAR\u00caNCIA 7: O OPER\u00c1RIO \u00c9 LIVRE\n\nCapitulo 22 -\u00ad TRANSFORMA\u00c7\u00c3O DA MAIS-VALIA EM CAPITAL\n\u21e8 REPRODU\u00c7\u00c3O AMPLIADA\n\u21e8 LEI DA APROPRIA\u00c7\u00c3O CAPITALISTA\n\u21e8 CAPITALISTA MODERNO X ENTESOURADOR\n\u21e8 TEORIA DA ABSTIN\u00caNCIA\n\nCapitulo 23 -\u00ad A LEI GERAL DA ACUMULA\u00c7\u00c3O CAPITALISTA\n\u21e8 COMPOSI\u00c7\u00c3O ORG\u00c2NICA DE CAPITAL\n\u21e8 ACUMULA\u00c7\u00c3O COM COMPOSI\u00c7\u00c3O ORG\u00c2NICA CONSTANTE\n\u21e8 ACUMULA\u00c7\u00c3O COM COMPOSI\u00c7\u00c3O ORG\u00c2NICA CRESCENTE\n\u21e8 CONCENTRA\u00c7\u00c3O DE CAPITAL\n\u21e8 CENTRALIZA\u00c7\u00c3O DE CAPITAL\n\u21e8 EX\u00c9RCITO INDUSTRIAL DE RESERVA\n\u21e8 \u201cLEI DA POPULA\u00c7\u00c3O\u201d\n\u21e8 SUPERPOPULA\u00c7\u00c3O EXCEDENTE\n\u21e8 ELEMENTOS QUE REGULAM O SAL\u00c1RIO\n\u21e8 LEI GERAL DA ACUMULA\u00c7\u00c3O CAPITALISTA\n_____________________________________________________________________________\nV\u00eddeo sugerido: \nV\u00eddeos sugeridos: \nA MERCADORIA | O CAPITAL DE MARX: Livro I: Cap. 1 VID #5\nhttps:\/\/www.youtube.com\/watch?v=1_FtWE_Os4s\n\nO DINHEIRO | O CAPITAL DE MARX: Livro I: Cap. 2 e 3 VID #6\nhttps:\/\/www.youtube.com\/watch?v=J77f9M5WK4o\nO CAPITAL | O CAPITAL DE MARX: Livro I: Cap. 4 VID #7\nhttps:\/\/www.youtube.com\/watch?v=KHiMps76FoQ\nMAIS-VALIA ABSOLUTA | O CAPITAL DE MARX: Livro I: Caps. 5-9 VID #9\nhttps:\/\/www.youtube.com\/watch?v=iu3wFpgz4Bc\nMAIS-VALIA RELATIVA | O CAPITAL DE MARX: Livro I: Caps. 10-16 VID #11\n https:\/\/youtu.be\/ScMgjGo5Y4A \nO SAL\u00c1RIO | O CAPITAL DE MARX: Livro I Caps. 17-20 VID #12\nhttps:\/\/www.youtube.com\/watch?v=8EtxggUclcM\n_____________________________________________________________________________\nSEJA MEMBRO e apoie o canal. Bot\u00e3o ADERIR acima ou: \nhttps:\/\/www.youtube.com\/channel\/UCRLEkZpNRoZQBG8kUTBD8vQ\/join\n\nV\u00eddeo sobre ser membro do canal:\nhttps:\/\/www.youtube.com\/watch?v=drvou-obBVU\n_____________________________________________________________________________\nSiga as p\u00e1ginas do canal Orienta\u00e7\u00e3o Marxista nas Redes Sociais\n\nFACEBOOK:    https:\/\/www.facebook.com\/Orienta\u00e7\u00e3o-Marxista-111673690190915\nTWITTER:       https:\/\/twitter.com\/orient_marxista\nINSTAGRAM: https:\/\/www.instagram.com\/orient.marxista\n_____________________________________________________________________________\nLeia o blog Teoria e Revolu\u00e7\u00e3o:\nhttps:\/\/teoriaerevolucao.pstu.org.br\n_____________________________________________________________________________\nO livro do autor desse canal (Marx e a Hist\u00f3ria: das particularidades nacionais \u00e0 universalidade da revolu\u00e7\u00e3o socialista )  pode ser adquirido nos seguintes endere\u00e7os:\nhttps:\/\/editorasundermann.com.br\/livro\/96-marx-e-a-hist%C3%B3ria\nhttps:\/\/www.estantevirtual.com.br\/busca?utf8=%E2%9C%93&q=gustavo+machado+marx\n\n#OCAPITALDEMARX  #Acumula\u00e7\u00e3oDeCapital #KarlMarx","original_language":"pt-PT","publication_date":"2021-06-03","duration":0,"url":"https:\/\/www.youtube.com\/watch?v=PPtBDfpXZH0","thumbnail":"thumbnails\/PPtBDfpXZH0.jpg"},{"video_id":"RfkYoVi-e6k","channel_id":"UCpfZpmQ8hS3RbQ5GsXZw4KQ","title":"EP.12 | La revoluci\u00f3n traicionada: que fue la URSS","description":"En 1936 Trotsky public\u00f3 La revoluci\u00f3n traicionada, un libro muy importante que analiza las contradicciones y la degeneraci\u00f3n del Estado sovi\u00e9tico y que predijo con extraordinaria precisi\u00f3n la restauraci\u00f3n capitalista que se producir\u00eda cincuenta a\u00f1os despu\u00e9s.\nPero, despu\u00e9s de todo, \u00bfqu\u00e9 era la URSS? Esta es la primera pregunta que se plantea al comienzo de la Revoluci\u00f3n Traicionada.\nDurante la d\u00e9cada de 1930, la URSS experiment\u00f3 un extraordinario desarrollo econ\u00f3mico. En \u201cLa revoluci\u00f3n traicionada\u201d Trotsky explica c\u00f3mo este crecimiento sin precedentes se debi\u00f3 a la expropiaci\u00f3n de la propiedad privada, la nacionalizaci\u00f3n y planificaci\u00f3n de la econom\u00eda y el monopolio del comercio exterior establecido por la Revoluci\u00f3n Socialista de Octubre. Estos logros permitieron que en 40 a\u00f1os la URSS, de un pa\u00eds atrasado, se convirtiera en la segunda potencia del mundo.\n\u00bfSignifica esto que la URSS hab\u00eda logrado el socialismo?","original_language":"pt","publication_date":"2021-05-27","duration":0,"url":"https:\/\/www.youtube.com\/watch?v=RfkYoVi-e6k","thumbnail":"thumbnails\/RfkYoVi-e6k.jpg"},{"video_id":"yRTJuE3Nbv8","channel_id":"UCRLEkZpNRoZQBG8kUTBD8vQ","title":"O CASO DO METR\u00d4 | Estado e Mercado de m\u00e3os dadas contra voc\u00ea EP #125","description":"Nesse v\u00eddeo analisamos alguns poucos n\u00fameros das principais empresas metrovi\u00e1rias brasileiras: CPTM METR\u00d4-SP, METR\u00d4RIO, METR\u00d4 BAHIA, CBTU, Trensurb. Mostramos como o Estado usa seu dinheiro para entregar sistemas metrovi\u00e1rios inteiros. Mostramos ainda porque as empresas privadas n\u00e3o topam fazer diretamente esse tipo de investimento. Mostramos ainda como a busca pela maior taxa de lucro joga os interesses dessas empresas contra todos os seus trabalhadores e contra toda popula\u00e7\u00e3o.\n\n_____________________________________________________________________________\nV\u00eddeo sugerido: \nCAPITALISMO E ESTADO | Tudo a ver EP #116\nhttps:\/\/www.youtube.com\/watch?v=Kx9ZF6EEU0Q\n\n_____________________________________________________________________________\nSEJA MEMBRO e apoie o canal. Bot\u00e3o ADERIR acima ou: \nhttps:\/\/www.youtube.com\/channel\/UCRLEkZpNRoZQBG8kUTBD8vQ\/join\n\nV\u00eddeo sobre ser membro do canal:\nhttps:\/\/www.youtube.com\/whttps:\/\/www.youtube.com\/watch?v=Kx9ZF6EEU0Qatch?v=drvou-obBVU\n_____________________________________________________________________________\nSiga as p\u00e1ginas do canal Orienta\u00e7\u00e3o Marxista nas Redes Sociais\n\nFACEBOOK:    https:\/\/www.facebook.com\/Orienta\u00e7\u00e3o-Marxista-111673690190915\nTWITTER:       https:\/\/twitter.com\/orient_marxista\nINSTAGRAM: https:\/\/www.instagram.com\/orient.marxista\n_____________________________________________________________________________\nLeia o blog Teoria e Revolu\u00e7\u00e3o:\nhttps:\/\/teoriaerevolucao.pstu.org.br\n_____________________________________________________________________________\nO livro do autor desse canalhttps:\/\/www.youtube.com\/watch?v=Kx9ZF6EEU0Q (Marx e a Hist\u00f3ria: das particularidades nacionais \u00e0 universalidade da revolu\u00e7\u00e3o socialista )  pode ser adquirido nos seguintes endere\u00e7os:\nhttps:\/\/editorasundermann.com.br\/livro\/96-marx-e-a-hist%C3%B3ria\nhttps:\/\/www.estantevirtual.com.br\/busca?utf8=%E2%9C%93&q=gustavo+machado+marx\n\n#Metr\u00f4 #Estado #Mercado","original_language":"pt-BR","publication_date":"2021-05-26","duration":0,"url":"https:\/\/www.youtube.com\/watch?v=yRTJuE3Nbv8","thumbnail":"thumbnails\/yRTJuE3Nbv8.jpg"},{"video_id":"qD6kljIYTds","channel_id":"UCRLEkZpNRoZQBG8kUTBD8vQ","title":"REAGINDO IDEIAS RADICAIS | A origem do Estado EP #124","description":"Nesse v\u00eddeo reagimos a entrevista de Raphael Lima do canal Ideias Radicais em que ele apresenta seu mito fundador da origem do Estado. Veremos como tudo que ele defende, ligado ao livre mercado, parte precisamente dos mesmos pressupostos em que se assenta o Estado moderno. Estado este que ele fez passar pelo Estado no geral, originado por ladr\u00f5es espertinhos e pregui\u00e7osos que enganaram todo mundo.\n_____________________________________________________________________________\nV\u00eddeo sugerido: \nCAPITALISMO E ESTADO | Tudo a ver EP #116\nhttps:\/\/www.youtube.com\/watch?v=Kx9ZF6EEU0Q\n\n_____________________________________________________________________________\nSEJA MEMBRO e apoie o canal. Bot\u00e3o ADERIR acima ou: \nhttps:\/\/www.youtube.com\/channel\/UCRLEkZpNRoZQBG8kUTBD8vQ\/join\n\nV\u00eddeo sobre ser membro do canal:\nhttps:\/\/www.youtube.com\/watch?v=drvou-obBVU\n_____________________________________________________________________________\nSiga as p\u00e1ginas do canal Orienta\u00e7\u00e3o Marxista nas Redes Sociais\n\nFACEBOOK:    https:\/\/www.facebook.com\/Orienta\u00e7\u00e3o-Marxista-111673690190915\nTWITTER:       https:\/\/twitter.com\/orient_marxista\nINSTAGRAM: https:\/\/www.instagram.com\/orient.marxista\n_____________________________________________________________________________\nLeia o blog Teoria e Revolu\u00e7\u00e3o:\nhttps:\/\/teoriaerevolucao.pstu.org.br\n_____________________________________________________________________________\nO livro do autor desse canal (Marx e a Hist\u00f3ria: das particularidades nacionais \u00e0 universalidade da revolu\u00e7\u00e3o socialista )  pode ser adquirido nos seguintes endere\u00e7os:\nhttps:\/\/editorasundermann.com.br\/livro\/96-marx-e-a-hist%C3%B3ria\nhttps:\/\/www.estantevirtual.com.br\/busca?utf8=%E2%9C%93&q=gustavo+machado+marx\n\n#IdeiasRadicais #RaphaelLima #Estado","original_language":"pt-BR","publication_date":"2021-05-21","duration":0,"url":"https:\/\/www.youtube.com\/watch?v=qD6kljIYTds","thumbnail":"thumbnails\/qD6kljIYTds.jpg"},{"video_id":"Uanq4o0ZeIw","channel_id":"UCRLEkZpNRoZQBG8kUTBD8vQ","title":"BOLSONARO REDUZIU O ESTADO? | Coisa nenhuma EP #123","description":"BOLSONARO INFLA O ESTADO COMO NUNCA | A quest\u00e3o \u00e9, infla a servi\u00e7o de quem? E n\u00e3o estamos a falar do ano da pandemia. Assista!\n\nOs dados do PIB est\u00e3o presente nos relat\u00f3rios trimestrais do IBGE.\nOs dados da remunera\u00e7\u00e3o e massa salarial de todos os trabalhadores brasileiros foram extra\u00eddos da RAIS-MTE, diz respeito unicamente aos trabalhadores formais.\n\n_____________________________________________________________________________\nV\u00eddeo sugerido: \nCAPITALISMO E ESTADO | Tudo a ver EP #116\n\nhttps:\/\/www.youtube.com\/watch?v=Kx9ZF6EEU0Q\n_____________________________________________________________________________\nSEJA MEMBRO e apoie o canal. Bot\u00e3o ADERIR acima ou: \nhttps:\/\/www.youtube.com\/channel\/UCRLEkZpNRoZQBG8kUTBD8vQ\/join\n\nV\u00eddeo sobre ser membro do canal:\nhttps:\/\/www.youtube.com\/watch?v=drvou-obBVU\n_____________________________________________________________________________\nSiga as p\u00e1ginas do canal Orienta\u00e7\u00e3o Marxista nas Redes Sociais\n\nFACEBOOK:    https:\/\/www.facebook.com\/Orienta\u00e7\u00e3o-Marxista-111673690190915\nTWITTER:       https:\/\/twitter.com\/orient_marxista\nINSTAGRAM: https:\/\/www.instagram.com\/orient.marxista\n_____________________________________________________________________________\nLeia o blog Teoria e Revolu\u00e7\u00e3o:\nhttps:\/\/teoriaerevolucao.pstu.org.br\n_____________________________________________________________________________\nO livro do autor desse canal (Marx e a Hist\u00f3ria: das particularidades nacionais \u00e0 universalidade da revolu\u00e7\u00e3o socialista )  pode ser adquirido nos seguintes endere\u00e7os:\nhttps:\/\/editorasundermann.com.br\/livro\/96-marx-e-a-hist%C3%B3ria\nhttps:\/\/www.estantevirtual.com.br\/busca?utf8=%E2%9C%93&q=gustavo+machado+marx\n\n#Bolsonaro #Estado #Impostos","original_language":"pt-BR","publication_date":"2021-05-15","duration":0,"url":"https:\/\/www.youtube.com\/watch?v=Uanq4o0ZeIw","thumbnail":"thumbnails\/Uanq4o0ZeIw.jpg"},{"video_id":"Rx41lQlYwu4","channel_id":"UCRLEkZpNRoZQBG8kUTBD8vQ","title":"UM PAPO SOBRE MARX","description":"Hoje vamos bater um papo sobre Marx com Andr\u00e9 Teixeira, do canal Nova M\u00e1quina do Tempo","original_language":"unknown","publication_date":"2021-05-04","duration":0,"url":"https:\/\/www.youtube.com\/watch?v=Rx41lQlYwu4","thumbnail":"thumbnails\/Rx41lQlYwu4.jpg"},{"video_id":"AfWIf0DzN_M","channel_id":"UCpfZpmQ8hS3RbQ5GsXZw4KQ","title":"1\u00b0 de Maio: Paremos o genoc\u00eddio capitalista!","description":"1 \u00b0 de maio | Este \u00e9 o segundo 1\u00ba de maio pelo qual passamos desde o in\u00edcio da pandemia de Covid-19. Em pouco mais de um ano, a barb\u00e1rie s\u00f3 se aprofundou. Neste v\u00eddeo, v\u00e1rios companheiros e companheiras apresentam a an\u00e1lise e as tarefas que a LIT-QI prop\u00f5e.","original_language":"pt","publication_date":"2021-04-30","duration":0,"url":"https:\/\/www.youtube.com\/watch?v=AfWIf0DzN_M","thumbnail":"thumbnails\/AfWIf0DzN_M.jpg"},{"video_id":"5oxnlMkKrX0","channel_id":"UCRLEkZpNRoZQBG8kUTBD8vQ","title":"MARX E O PARTIDO | O mito da classe-partido EP #122","description":"FONTES: Ver artigo\nhttps:\/\/teoriaerevolucao.pstu.org.br\/marx-e-a-questao-do-partido-uma-fabrica-de-mitos\/\n\nHIP\u00d3TESE DO PARTIDO-CLASSE\nMANIFESTO COMUNISTA\n\u201ccomunistas n\u00e3o formam um partido \u00e0 parte, oposto aos outros partidos oper\u00e1rios. N\u00e3o t\u00eam interesses diferentes daqueles do proletariado em geral. N\u00e3o formulam quaisquer princ\u00edpios particulares a fim de modelar o movimento prolet\u00e1rio\u201d\n\nENTREVISTA - Chigado Tribune em 1878\n\u201crevolu\u00e7\u00f5es ser\u00e3o feitas pela maioria. As revolu\u00e7\u00f5es n\u00e3o ser\u00e3o mais feitas por um partido, mas por toda a na\u00e7\u00e3o\u201d \n\nCARTA \u00e0 Ferdinand Freiligrath\n\"por partido eu entendia o grande sentido hist\u00f3rico que a palavra cont\u00eam\u201d e n\u00e3o \u201cuma \u2018Liga\u2019 desaparecida h\u00e1 oito anos ou uma reda\u00e7\u00e3o de jornal dissolvido h\u00e1 doze\u201d\n\nLIVROS DA LIGA DOS COMUNISTAS\n1848-53: Atas, estatutos e mensagens da Liga dos Comunistas\n1852: As Revela\u00e7\u00f5es sobre o Processo dos Comunistas de Col\u00f4nia\n1853: O Cavaleiro da nobre consci\u00eancia\n1860: Herr Vogt\n1864-74: Atas e  estatutos da AIT\n\nMENSAGEM AO COMIT\u00ca CENTRAL DA LIGA DOS COMUNISTAS\n1850: \u201ca Liga deve procurar estabelecer, junto aos democratas oficiais, uma organiza\u00e7\u00e3o INDEPENDENTE do partido oper\u00e1rio, ao mesmo tempo legal e secreta, e fazer de cada comunidade o centro e n\u00facleo de sociedades oper\u00e1rias, nas quais a atitude e os interesses do proletariado possam ser discutidos independentemente das influ\u00eancias burguesas\u201d\n\nREVELA\u00c7\u00d5ES SOBRE O PROCESSO DOS COMUNISTAS DE COL\u00d4NIA\n\u201ca Liga dos Comunistas n\u00e3o era nenhuma sociedade de conspiradores, mas simplesmente uma sociedade que trabalhava SECRETAMENTE para a organiza\u00e7\u00e3o do proletariado\u201d\n\nCAVALEIRO DA NOBRE CONSCI\u00caNCIA\nWillich, \u201ctransforma a posi\u00e7\u00e3o do PARTIDO ESPEC\u00cdFICO e secreto no interior de uma sociedade alem\u00e3, a que me refiro, na posi\u00e7\u00e3o do partido no interior do proletariado\u201d\n\nSENHOR VOGT\n\u201co Comit\u00ea Central preparava a realiza\u00e7\u00e3o de um Congresso da Liga em Londres, onde as opini\u00f5es cr\u00edticas sustentadas por n\u00f3s [Engels e Marx] viriam a ser proclamadas doutrina da Liga em manifesto p\u00fablico [que viria a ser o Manifesto Comunista]\u201d. Somente ent\u00e3o, dir\u00e1 Marx: \u201cAssim entramos nela\u201d\n\nLIGA DOS COMUNISTAS\nESTATUTO DA LIGA DOS COMUNISTAS EM 1850\n\"[...]Enquanto a revolu\u00e7\u00e3o prolet\u00e1ria n\u00e3o atingir seu objetivo final, a Liga permanecer\u00e1 secreta e indissol\u00favel.\"\n\nCL\u00c1USULAS\n\u21d2 \u201ccompreender as condi\u00e7\u00f5es, o curso do desenvolvimento e o objetivo final do movimento prolet\u00e1rio; \n\u21d2 ficar distante de todas as organiza\u00e7\u00f5es e iniciativas particulares que se op\u00f5em ou obstruem o progresso da Liga em dire\u00e7\u00e3o ao seu objetivo; \n\u21d2 mostrar habilidade e zelo na propaganda, devo\u00e7\u00e3o inabal\u00e1vel \u00e0s convic\u00e7\u00f5es e energia revolucion\u00e1ria; \n\u21d2 manter o sigilo mais estrito em todas as quest\u00f5es relativas \u00e0 Liga.\u201d Etc\n\nAIT\n1864: Normas gerais da Associa\u00e7\u00e3o Internacional dos Trabalhadores\n\"Artigo 7o \u2013 Em sua luta contra o poder reunido das classes possuidoras, o proletariado s\u00f3 pode se apresentar como classe quando constitui a si mesmo num PARTIDO POL\u00cdTICO PARTICULAR, o qual se confronta com todos os partidos precedentes formados pelas classes possuidoras. \n\nEssa unifica\u00e7\u00e3o do proletariado em partido pol\u00edtico \u00e9 INDISPENS\u00c1VEL para assegurar o triunfo da revolu\u00e7\u00e3o social e de seu fim \u00faltimo \u2013 a aboli\u00e7\u00e3o das classes.\"\n_____________________________________________________________________________\nV\u00eddeo sugerido: \nMarx e as ELEI\u00c7\u00d5ES | Participar ou n\u00e3o? Para qu\u00ea? EP #86\nhttps:\/\/www.youtube.com\/watch?v=hVgDLpwDWgs\n\n_____________________________________________________________________________\nSEJA MEMBRO e apoie o canal. Bot\u00e3o ADERIR acima ou: \nhttps:\/\/www.youtube.com\/channel\/UCRLEkZpNRoZQBG8kUTBD8vQ\/join\n\nV\u00eddeo sobre ser membro do canal:\nhttps:\/\/www.youtube.com\/watch?v=drvou-obBVU\n_____________________________________________________________________________\nSiga as p\u00e1ginas do canal Orienta\u00e7\u00e3o Marxista nas Redes Sociais\n\nFACEBOOK:    https:\/\/www.facebook.com\/Orienta\u00e7\u00e3o-Marxista-111673690190915\nTWITTER:       https:\/\/twitter.com\/orient_marxista\nINSTAGRAM: https:\/\/www.instagram.com\/orient.marxista\n_____________________________________________________________________________\nLeia o blog Teoria e Revolu\u00e7\u00e3o:\nhttps:\/\/teoriaerevolucao.pstu.org.br\n_____________________________________________________________________________\nO livro do autor desse canal (Marx e a Hist\u00f3ria: das particularidades nacionais \u00e0 universalidade da revolu\u00e7\u00e3o socialista )  pode ser adquirido nos seguintes endere\u00e7os:\nhttps:\/\/editorasundermann.com.br\/livro\/96-marx-e-a-hist%C3%B3ria\nhttps:\/\/www.estantevirtual.com.br\/busca?utf8=%E2%9C%93&q=gustavo+machado+marx\n\n#Marx #Partido #Classe","original_language":"pt-BR","publication_date":"2021-04-29","duration":0,"url":"https:\/\/www.youtube.com\/watch?v=5oxnlMkKrX0","thumbnail":"thumbnails\/5oxnlMkKrX0.jpg"},{"video_id":"P7uoHzbiJRI","channel_id":"UCRLEkZpNRoZQBG8kUTBD8vQ","title":"TRADU\u00c7\u00d5ES de O CAPITAL de Marx: Portugu\u00eas e Espanhol VID #1","description":"Nesse v\u00eddeo s\u00e3o discutidos os pontos fortes e fragilidades das tr\u00eas tradu\u00e7\u00f5es completas de O Capital de Marx para a l\u00edngua portuguesa. Trata-se das seguintes tradu\u00e7\u00f5es (indicamos o primeiro e \u00faltimo volume das primeiras edi\u00e7\u00f5es para termos como refer\u00eancia o per\u00edodo da primeira edi\u00e7\u00e3o de cada uma delas):\n\nCIVILIZA\u00c7\u00c3O BRASILEIRA\nMARX, Karl. O Capital, livro I. Rio de Janeiro: Civiliza\u00e7\u00e3o. Brasileira,  1968.\n_____ . O Capital, livro III. Rio de Janeiro: Civiliza\u00e7\u00e3o Brasileira, 1974.\n\nABRIL CULTURAL\nMARX, Karl. O Capital. Livro Primeiro. Tradu\u00e7\u00e3o de Reginaldo Sant\u201fana. Rio de Janeiro: Editora Civiliza\u00e7\u00e3o Brasileira, 1980.\n_____ .O Capital: cr\u00edtica da economia pol\u00edtica. Livro Terceiro.Tradu\u00e7\u00e3o de Regis Barbosa e Fl\u00e1vio R. Kothe.S\u00e3o Paulo: Abril Cultural, 1988.\n\nBOITEMPO EDITORIAL\nMARX, Karl. O Capital: Cr\u00edtica da Economia Pol\u00edtica , Livro III, S\u00e3o Paulo, Boitempo editorial, 2017.\n_____ . O Capital, Livro I. S\u00e3o Paulo: Boitempo Editorial, 2013\n\nEm espanhol comentamos:\nMARX, Karl. El capital: cr\u00edtica de la economia pol\u00edtica. 4\u00aaed. M\u00e9xico: FCE, 2014.\n\n\n\nMas principalmente:\nMarx, Karl (1991). El capital: cr\u00edtica de la econom\u00eda pol\u00edtica (Ed. a cargo de Pedro Scar\u00f3n edici\u00f3n). Siglo Veintiuno. \n\n_____________________________________________________________________________\nV\u00eddeo sugerido: \n\n_____________________________________________________________________________\nSEJA MEMBRO e apoie o canal. Bot\u00e3o ADERIR acima ou: \nhttps:\/\/www.youtube.com\/channel\/UCRLEkZpNRoZQBG8kUTBD8vQ\/join\n\n\nV\u00eddeo sobre ser membro do canal:\nhttps:\/\/www.youtube.com\/watch?v=drvou-obBVU\n_____________________________________________________________________________\nSiga as p\u00e1ginas do canal Orienta\u00e7\u00e3o Marxista nas Redes Sociais\n\nFACEBOOK:    https:\/\/www.facebook.com\/Orienta\u00e7\u00e3o-Marxista-111673690190915\nTWITTER:       https:\/\/twitter.com\/orient_marxista\nINSTAGRAM: https:\/\/www.instagram.com\/orient.marxista\n_____________________________________________________________________________\nLeia o blog Teoria e Revolu\u00e7\u00e3o:\nhttps:\/\/teoriaerevolucao.pstu.org.br\n_____________________________________________________________________________\nO livro do autor desse canal (Marx e a Hist\u00f3ria: das particularidades nacionais \u00e0 universalidade da revolu\u00e7\u00e3o socialista )  pode ser adquirido nos seguintes endere\u00e7os:\nhttps:\/\/editorasundermann.com.br\/livro\/96-marx-e-a-hist%C3%B3ria\nhttps:\/\/www.estantevirtual.com.br\/busca?utf8=%E2%9C%93&q=gustavo+machado+marx\n\n#OCapital #Marx #Tradu\u00e7\u00f5es","original_language":"pt-BR","publication_date":"2021-04-17","duration":0,"url":"https:\/\/www.youtube.com\/watch?v=P7uoHzbiJRI","thumbnail":"thumbnails\/P7uoHzbiJRI.jpg"},{"video_id":"2_sgN5DYlNg","channel_id":"UCRLEkZpNRoZQBG8kUTBD8vQ","title":"MARX ERA SATANISTA? Ana Campagnolo, Yago Martins e Olavo | REAGINDO EP #121","description":"MARX ERA SATANISTA? Ana Campagnolo, Yago Martins e Olavo | REAGINDO\n\nSei que parece brincadeira, mas esse neg\u00f3cio \u00e9 difundido faz tempo nos isteites com a \"obra prima\" de Richard Wurmbrand. O princ\u00edpio \u00e9 simples: para destruir o movimento e a teoria, ataque o indiv\u00edduo. Crie artificialmente uma repulsa moral, do jeito que der. Manipula\u00e7\u00f5es e mentiras fresquinhas para o consumo em massa.\n_____________________________________________________________________________\nV\u00eddeos sugeridos:\nDec\u00e1logo de L\u00eanin, Estrat\u00e9gia das Tesouras e outras mentiras EP #74\nhttps:\/\/www.youtube.com\/watch?v=af6rD-GC7rY\n\nO \"marxismo cultural\" de Yago Martins EP #13\nhttps:\/\/www.youtube.com\/watch?v=AQluVqKfKLQ \n\nMARX foi um vagabundo que nunca trabalhou? EP #1\nhttps:\/\/www.youtube.com\/watch?v=dL2b_qcsEQo\n\nMarx era racista? EP #7\nhttps:\/\/www.youtube.com\/watch?v=fpmj-EkvNWs\n_____________________________________________________________________________\nSEJA MEMBRO e apoie o canal. Bot\u00e3o ADERIR acima ou: \nhttps:\/\/www.youtube.com\/channel\/UCRLEkZpNRoZQBG8kUTBD8vQ\/join\n\nV\u00eddeo sobre ser membro do canal:\nhttps:\/\/www.youtube.com\/watch?v=drvou-obBVU\n_____________________________________________________________________________\nSiga as p\u00e1ginas do canal Orienta\u00e7\u00e3o Marxista nas Redes Sociais\n\nFACEBOOK:    https:\/\/www.facebook.com\/Orienta\u00e7\u00e3o-Marxista-111673690190915\nTWITTER:       https:\/\/twitter.com\/orient_marxista\nINSTAGRAM: https:\/\/www.instagram.com\/orient.marxista\n_____________________________________________________________________________\nLeia o blog Teoria e Revolu\u00e7\u00e3o:\nhttps:\/\/teoriaerevolucao.pstu.org.br\n_____________________________________________________________________________\nO livro do autor desse canal (Marx e a Hist\u00f3ria: das particularidades nacionais \u00e0 universalidade da revolu\u00e7\u00e3o socialista )  pode ser adquirido nos seguintes endere\u00e7os:\nhttps:\/\/editorasundermann.com.br\/livro\/96-marx-e-a-hist%C3%B3ria\nhttps:\/\/www.estantevirtual.com.br\/busca?utf8=%E2%9C%93&q=gustavo+machado+marx\n\n#MarxSatanista #AnaCampagnolo #OlavodeCarvalho","original_language":"pt-BR","publication_date":"2021-04-12","duration":0,"url":"https:\/\/www.youtube.com\/watch?v=2_sgN5DYlNg","thumbnail":"thumbnails\/2_sgN5DYlNg.jpg"},{"video_id":"5ThNlxHAJTw","channel_id":"UCRLEkZpNRoZQBG8kUTBD8vQ","title":"SAPIENS de HARARI | Uma hist\u00f3ria (fict\u00edcia) da humanidade EP #120","description":"Comentando livro: Yuval Noah Harari. SAPIENS. Uma breve Hist\u00f3ria da Humanidade. S\u00e3o Paulo, L&PM Editores, 2015.\nCaracter\u00edsticas gerais do livro: os conceitos regem o mundo. Conceitos intersubjetivos criados do nada pela mente humana s\u00e3o o motor da hist\u00f3ria. An\u00e1lise da perspectiva dos indiv\u00edduos abstraindo de sua forma de organiza\u00e7\u00e3o social.\n\nTrechos comentados:\nOrdem imaginada e intersubjetividade\n1) OBJETIVO: Existe independente das cren\u00e7as humanas e da consci\u00eancia humana.\n2) SUBJETIVO: Depende das cren\u00e7as e consci\u00eancia de um \u00fanico indiv\u00edduo\n3) INTERSUBJETIVO: Existe em uma rede de comunica\u00e7\u00e3o ligando a consci\u00eancia de muitos indiv\u00edduos.\n\nMuitas das for\u00e7as mais importantes da hist\u00f3ria s\u00e3o intersubjetivas: leis, dinheiro, deuses e na\u00e7\u00f5es.\n\nPag 198: A maioria das hierarquias sociopol\u00edticas carecem de base l\u00f3gica ou biol\u00f3gica - elas n\u00e3o passam da perpetua\u00e7\u00e3o de eventos ocasionais sustentados por mitos.\n\nPag 116: A Revolu\u00e7\u00e3o agr\u00edcola certamente aumentou o total de alimentos \u00e0 disposi\u00e7\u00e3o da humanidade, mas os alimentos extras n\u00e3o se traduziram em uma dieta melhor ou em mais lazer. Em vez disso, se traduziram em explos\u00f5es populacionais e elites favorecidas. Em m\u00e9dia, um agricultor trabalhava mais que um ca\u00e7ador coletor e obtinha em troca uma dieta pior. A Revolu\u00e7\u00e3o Agr\u00edcola foi a maior fraude da hist\u00f3ria.\n\nPag 241: O dinheiro foi criado muitas vezes, em muitos lugares. Seu desenvolvimento n\u00e3o exigiu nenhum progresso t\u00e9cnico: foi uma revolu\u00e7\u00e3o puramente mental.\n\nPag 244: Pegue uma nota de d\u00f3lar e olhe com aten\u00e7\u00e3o. Vc ver\u00e1 que n\u00e3o passa de um peda\u00e7o colorido de papel ... ele funciona porque confiamos nele. pag. 248: \"seu valor \u00e9 puramente cultural\" \n\nPag: 413: A humanidade esteve presa nessa encruzilhada por milhares de anos. Em consequ\u00eancia, as economias permaneceram congeladas. A maneira de sair da armadilha s\u00f3 foi descoberta na era moderna, com o surgimento de um novo sistema baseado na confian\u00e7a no futuro. Nele as pessoas concordaram em representar bens imagin\u00e1rios com um tipo especial de dinheiro chamado cr\u00e9dito.\n\nsistemas de cr\u00e9dito existiram desde a Sum\u00e9ria, o problema \u00e9 que as pessoas n\u00e3o queriam conceder muito cr\u00e9dito pois n\u00e3o confiavam que o futuro seria melhor que o presente. as pessoas n\u00e3o presumiam que uma pessoa, o reino inteiro ou o mundo estaria produzindo mais riqueza daqui a 10 anos.\n\nPag 421: o capitalismo come\u00e7ou com uma teoria sobre como o capitalismo funciona.\n\nOs homens fazem sua pr\u00f3pria hist\u00f3ria, mas n\u00e3o a fazem sob circunst\u00e2ncias de sua escolha e sim sob aquelas com que se defrota.\nMarx na sagrada fam\u00edlia\n\nNo lugar de mergulhar a hist\u00f3ria em supersti\u00e7\u00f5es, iremos mergulhar as supersti\u00e7\u00f5es na hist\u00f3ria.\nMarx em a quest\u00e3o Judaica\n_____________________________________________________________________________\nV\u00eddeo sugerido: \nOTTO MARIA CARPEAUX | Uma viagem pela hist\u00f3ria ocidental EP #119\nhttps:\/\/www.youtube.com\/watch?v=0x4LAZuJZao\n_____________________________________________________________________________\nSEJA MEMBRO e apoie o canal. Bot\u00e3o ADERIR acima ou: \nhttps:\/\/www.youtube.com\/channel\/UCRLEkZpNRoZQBG8kUTBD8vQ\/join\n\nV\u00eddeo sobre ser membro do canal:\nhttps:\/\/www.youtube.com\/watch?v=drvou-obBVU\n_____________________________________________________________________________\nSiga as p\u00e1ginas do canal Orienta\u00e7\u00e3o Marxista nas Redes Sociais\n\nFACEBOOK:    https:\/\/www.facebook.com\/Orienta\u00e7\u00e3o-Marxista-111673690190915\nTWITTER:       https:\/\/twitter.com\/orient_marxista\nINSTAGRAM: https:\/\/www.instagram.com\/orient.marxista\n_____________________________________________________________________________\nLeia o blog Teoria e Revolu\u00e7\u00e3o:\nhttps:\/\/teoriaerevolucao.pstu.org.br\n_____________________________________________________________________________\nO livro do autor desse canal (Marx e a Hist\u00f3ria: das particularidades nacionais \u00e0 universalidade da revolu\u00e7\u00e3o socialista )  pode ser adquirido nos seguintes endere\u00e7os:\nhttps:\/\/editorasundermann.com.br\/livro\/96-marx-e-a-hist%C3%B3ria\nhttps:\/\/www.estantevirtual.com.br\/busca?utf8=%E2%9C%93&q=gustavo+machado+marx\n\n#Sapiens #Hist\u00f3riaDaHumanidade #YuvalHarari","original_language":"pt-BR","publication_date":"2021-04-07","duration":0,"url":"https:\/\/www.youtube.com\/watch?v=5ThNlxHAJTw","thumbnail":"thumbnails\/5ThNlxHAJTw.jpg"},{"video_id":"0x4LAZuJZao","channel_id":"UCRLEkZpNRoZQBG8kUTBD8vQ","title":"OTTO MARIA CARPEAUX | Uma viagem pela hist\u00f3ria ocidental EP #119","description":"OTTO MARIA CARPEAUX | Uma viagem pela hist\u00f3ria ocidental\nNesse v\u00eddeo apresentamos um dos mais importantes escritores em l\u00edngua portuguesa cuja obra permite um acesso sem paralelo ao conjunto da hist\u00f3ria ocidental, da Gr\u00e9cia antiga ao s\u00e9culo XX. Escritor brilhante, com analises profundamente arraigadas nas formas de organiza\u00e7\u00e3o social e na hist\u00f3ria. \nLIVROS MENCIONADOS\nHist\u00f3ria da Literatura Universal\nAs cinzas do purgat\u00f3rio\nPresen\u00e7as\nOrigens e Fins\nUma nova hist\u00f3ria da m\u00fasica\nA batalha da Am\u00e9rica Latina\nBrasil no espelho do mundo\nCaminhos para Roma\nHenrich Heine\n_____________________________________________________________________________\nV\u00eddeo sugerido: \nCARL SAGAN e TROTSKY: Revolu\u00e7\u00e3o Russa | SUGERINDO LIVROS EP #64\nhttps:\/\/www.youtube.com\/watch?v=P3vQ0F2ULC4\n_____________________________________________________________________________\nSEJA MEMBRO e apoie o canal. Bot\u00e3o ADERIR acima ou: \nhttps:\/\/www.youtube.com\/channel\/UCRLEkZpNRoZQBG8kUTBD8vQ\/join\n\nV\u00eddeo sobre ser membro do canal:\nhttps:\/\/www.youtube.com\/watch?v=drvou-obBVU\n_____________________________________________________________________________\nSiga as p\u00e1ginas do canal Orienta\u00e7\u00e3o Marxista nas Redes Sociais\n\nFACEBOOK:    https:\/\/www.facebook.com\/Orienta\u00e7\u00e3o-Marxista-111673690190915\nTWITTER:       https:\/\/twitter.com\/orient_marxista\nINSTAGRAM: https:\/\/www.instagram.com\/orient.marxista\n_____________________________________________________________________________\nLeia o blog Teoria e Revolu\u00e7\u00e3o:\nhttps:\/\/teoriaerevolucao.pstu.org.br\n_____________________________________________________________________________\nO livro do autor desse canal (Marx e a Hist\u00f3ria: das particularidades nacionais \u00e0 universalidade da revolu\u00e7\u00e3o socialista )  pode ser adquirido nos seguintes endere\u00e7os:\nhttps:\/\/editorasundermann.com.br\/livro\/96-marx-e-a-hist%C3%B3ria\nhttps:\/\/www.estantevirtual.com.br\/busca?utf8=%E2%9C%93&q=gustavo+machado+marx\n\n#OttoMariaCarpeaux #Literatura #Hist\u00f3ria","original_language":"pt-BR","publication_date":"2021-04-05","duration":0,"url":"https:\/\/www.youtube.com\/watch?v=0x4LAZuJZao","thumbnail":"thumbnails\/0x4LAZuJZao.jpg"},{"video_id":"fOsDtWhc-rM","channel_id":"UCRLEkZpNRoZQBG8kUTBD8vQ","title":"VALOR E PRE\u00c7O EM MARX | O quadro Mona Lisa EP #118","description":"VALOR E PRE\u00c7O EM MARX | O quadro mona lisa.\nAcabando com essa querela de que o valor regula o pre\u00e7o externamente, como se tratasse de duas coisas separadas. Mostrando como apenas com recurso a teoria do valor de Marx podemos entender o pre\u00e7o de mercadorias como o quadro Mona lisa e o que est\u00e1 de fato acontecendo.\n_____________________________________________________________________________\nV\u00eddeos sugeridos: \nVALOR: Subjetivo ou objetivo? Artigos de luxo e grife EP #82\nhttps:\/\/www.youtube.com\/watch?v=MxHGPLndroU\n\nDETURPARAM MISES? | C\u00e1lculo Econ\u00f4mico, Valor Subjetivo e Pre\u00e7o EP #66\nhttps:\/\/www.youtube.com\/watch?v=rEkFhIifqcA\n_____________________________________________________________________________\nSEJA MEMBRO e apoie o canal. Bot\u00e3o ADERIR acima ou: \nhttps:\/\/www.youtube.com\/channel\/UCRLEkZpNRoZQBG8kUTBD8vQ\/join\n\nV\u00eddeo sobre ser membro do canal:\nhttps:\/\/www.youtube.com\/watch?v=drvou-obBVU\n_____________________________________________________________________________\nSiga as p\u00e1ginas do canal Orienta\u00e7\u00e3o Marxista nas Redes Sociais\n\nFACEBOOK:    https:\/\/www.facebook.com\/Orienta\u00e7\u00e3o-Marxista-111673690190915\nTWITTER:       https:\/\/twitter.com\/orient_marxista\nINSTAGRAM: https:\/\/www.instagram.com\/orient.marxista\n_____________________________________________________________________________\nLeia o blog Teoria e Revolu\u00e7\u00e3o:\nhttps:\/\/teoriaerevolucao.pstu.org.br\n_____________________________________________________________________________\nO livro do autor desse canal (Marx e a Hist\u00f3ria: das particularidades nacionais \u00e0 universalidade da revolu\u00e7\u00e3o socialista )  pode ser adquirido nos seguintes endere\u00e7os:\nhttps:\/\/editorasundermann.com.br\/livro\/96-marx-e-a-hist%C3%B3ria\nhttps:\/\/www.estantevirtual.com.br\/busca?utf8=%E2%9C%93&q=gustavo+machado+marx\n\n#Valor #Pre\u00e7o #Marx","original_language":"pt-BR","publication_date":"2021-03-30","duration":0,"url":"https:\/\/www.youtube.com\/watch?v=fOsDtWhc-rM","thumbnail":"thumbnails\/fOsDtWhc-rM.jpg"},{"video_id":"_GZN1kFxOHQ","channel_id":"UCRLEkZpNRoZQBG8kUTBD8vQ","title":"O QUE \u00c9 PENSAMENTO CR\u00cdTICO? | Matem\u00e1tica, f\u00edsica e capital EP #117","description":"NEGA\u00c7\u00c3O DA CI\u00caNCIA E PENSAMENTO CR\u00cdTICO || Esse v\u00eddeo eu considero um dos mais importantes do canal. \u00c9 um bate papo solto, que passa por diversos temas como f\u00edsica e matem\u00e1tica, com o objetivo que despertar nos ouvintes um interesse real pelo que merece o nome de ci\u00eancia. V\u00e1rios temas do canal como os da tautologias da economia neocl\u00e1ssica poder\u00e3o ser melhor entendidos. \n\n_____________________________________________________________________________\nV\u00eddeo sugerido: \n(Canal UNIVERSO NARRADO) POR QUE vc N\u00c3O sabe MATEM\u00c1TICA\nhttps:\/\/www.youtube.com\/watch?v=hTvgLO4fIAw\nPOPPER E MARX || Marxismo \u00e9 ci\u00eancia? EP #59\nhttps:\/\/www.youtube.com\/watch?v=JTBSx8ByUzI\n_____________________________________________________________________________\nSEJA MEMBRO e apoie o canal. Bot\u00e3o ADERIR acima ou: \nhttps:\/\/www.youtube.com\/channel\/UCRLEkZpNRoZQBG8kUTBD8vQ\/join\n\nV\u00eddeo sobre ser membro do canal:\nhttps:\/\/www.youtube.com\/watch?v=drvou-obBVU\n_____________________________________________________________________________\nSiga as p\u00e1ginas do canal Orienta\u00e7\u00e3o Marxista nas Redes Sociais\n\nFACEBOOK:    https:\/\/www.facebook.com\/Orienta\u00e7\u00e3o-Marxista-111673690190915\nTWITTER:       https:\/\/twitter.com\/orient_marxista\nINSTAGRAM: https:\/\/www.instagram.com\/orient.marxista\n_____________________________________________________________________________\nLeia o blog Teoria e Revolu\u00e7\u00e3o:\nhttps:\/\/teoriaerevolucao.pstu.org.br\n_____________________________________________________________________________\nO livro do autor desse canal (Marx e a Hist\u00f3ria: das particularidades nacionais \u00e0 universalidade da revolu\u00e7\u00e3o socialista )  pode ser adquirido nos seguintes endere\u00e7os:\nhttps:\/\/editorasundermann.com.br\/livro\/96-marx-e-a-hist%C3%B3ria\nhttps:\/\/www.estantevirtual.com.br\/busca?utf8=%E2%9C%93&q=gustavo+machado+marx\n\n#Ci\u00eancia #PensamentoCr\u00edtico #Nega\u00e7\u00e3o","original_language":"pt","publication_date":"2021-03-21","duration":0,"url":"https:\/\/www.youtube.com\/watch?v=_GZN1kFxOHQ","thumbnail":"thumbnails\/_GZN1kFxOHQ.jpg"},{"video_id":"Kx9ZF6EEU0Q","channel_id":"UCRLEkZpNRoZQBG8kUTBD8vQ","title":"CAPITALISMO E ESTADO | Tudo a ver  EP #116","description":"Fa\u00e7amos, aqui, apenas uma s\u00famula dos alguns momentos em que o Estado se liga diretamente ao processo de reprodu\u00e7\u00e3o do capital, garantindo sua exist\u00eancia e os pressupostos para que esse processo possa come\u00e7ar e se renovar a cada dia.\n\n1) A ado\u00e7\u00e3o de um padr\u00e3o dos pre\u00e7os comum, d\u00f3lar ou real, que sirva de refer\u00eancia para todos os propriet\u00e1rios privados na compra e venda de mercadorias, servindo de express\u00e3o para as medida dos valores, reais ou fict\u00edcios. A moeda estatal pode ou n\u00e3o ser utilizada nas transa\u00e7\u00f5es. Vimos que a pr\u00f3pria troca de mercadorias produz, independente do Estado, dinheiro: dinheiro de cr\u00e9dito, notas banc\u00e1rias, criptomoedas etc. Mas mesmo esse dinheiro n\u00e3o estatal mede idealmente seus valores no padr\u00e3o dos pre\u00e7os nacionais. Dizemos quantos reais ou d\u00f3lares vale 1 bitcoin ou um t\u00edtulo de d\u00edvida que circula como dinheiro. Esta condi\u00e7\u00e3o \u00e9 fundamental para que a compara\u00e7\u00e3o universal entre as mercadorias seja poss\u00edvel. Para que o vendedor saiba indicar o pre\u00e7o de sua mercadoria em rela\u00e7\u00e3o a todo um universo dos demais possuidores de mercadorias.\n\n2) Oferecer servi\u00e7os necess\u00e1rios para que a pr\u00f3pria sociedade capitalista sobreviva, por exemplo, servi\u00e7os de sa\u00fade e educa\u00e7\u00e3o necess\u00e1rios para manuten\u00e7\u00e3o da classe trabalhadora, de modo que ela possa continuar a vender sua for\u00e7a de trabalho.\n\n3) Um aparato jur\u00eddico e executivo que garantam que todas condi\u00e7\u00f5es m\u00ednimas para o funcionamento da sociedade sejam satisfeitas: direitos trabalhistas v\u00e1lidos por igual a todas empresas que concorrem umas com as outras, o cumprimento dos contratos de compra e venda de mercadorias, uma infraestrutura que garanta a livre circula\u00e7\u00e3o das mercadorias: portos, estradas, ferrovias.\n\n4) Garantir um n\u00edvel m\u00ednimo de concorr\u00eancia. O capital tende necessariamente ao monop\u00f3lio, j\u00e1 que o maior \u2018m\u00e9rito\u2019 individual que as empresas contam na concorr\u00eancia \u00e9 o tamanho de seu capital. Vivemos na era do capital monopolista. No entanto, o Estado deve colocar barreiras artificias que limitem esta tend\u00eancia. Pois um monop\u00f3lio absoluto eliminaria a \u00fanica forma por meio da qual as mercadorias podem se equiparar, serem medidas e, assim, distribu\u00eddas: a concorr\u00eancia entre os m\u00faltiplos capitais. Surgem, assim, as leis anti-monop\u00f3lio.\n\n5) E claro, o monop\u00f3lio da for\u00e7a, condi\u00e7\u00e3o que lhe permite fazer cumprir tudo isso e garantir a cada dia a manuten\u00e7\u00e3o dos pressupostos da reprodu\u00e7\u00e3o do capital.\n_____________________________________________________________________________\nV\u00eddeo sugerido: \nPor que o capitalismo deu errado? 10 motivos EP #93\nhttps:\/\/www.youtube.com\/watch?v=ktUzxpaKIpg\n\n_____________________________________________________________________________\nSEJA MEMBRO e apoie o canal. Bot\u00e3o ADERIR acima ou: \nhttps:\/\/www.youtube.com\/channel\/UCRLEkZpNRoZQBG8kUTBD8vQ\/join\n\nV\u00eddeo sobre ser membro do canal:\nhttps:\/\/www.youtube.com\/watch?v=drvou-obBVU\n_____________________________________________________________________________\nSiga as p\u00e1ginas do canal Orienta\u00e7\u00e3o Marxista nas Redes Sociais\n\nFACEBOOK:    https:\/\/www.facebook.com\/Orienta\u00e7\u00e3o-Marxista-111673690190915\nTWITTER:       https:\/\/twitter.com\/orient_marxista\nINSTAGRAM: https:\/\/www.instagram.com\/orient.marxista\n_____________________________________________________________________________\nLeia o blog Teoria e Revolu\u00e7\u00e3o:\nhttps:\/\/teoriaerevolucao.pstu.org.br\n_____________________________________________________________________________\nO livro do autor desse canal (Marx e a Hist\u00f3ria: das particularidades nacionais \u00e0 universalidade da revolu\u00e7\u00e3o socialista )  pode ser adquirido nos seguintes endere\u00e7os:\nhttps:\/\/editorasundermann.com.br\/livro\/96-marx-e-a-hist%C3%B3ria\nhttps:\/\/www.estantevirtual.com.br\/busca?utf8=%E2%9C%93&q=gustavo+machado+marx\n\n#Estado #Capitalismo #LivreMercado","original_language":"pt-BR","publication_date":"2021-03-19","duration":0,"url":"https:\/\/www.youtube.com\/watch?v=Kx9ZF6EEU0Q","thumbnail":"thumbnails\/Kx9ZF6EEU0Q.jpg"},{"video_id":"UXPIKUDj6Hw","channel_id":"UCRLEkZpNRoZQBG8kUTBD8vQ","title":"ELIAS JABBOUR e o Socialismo Chin\u00eas EP #105","description":"ELIAS JABBOUR E O SOCIALISMO CHIN\u00caS | Comentamos um textinho de Elias Jabbour em que ele, com toda flexibilidade e maleabilidade, explica como a China est\u00e1 construindo uma \"forma\u00e7\u00e3o econ\u00f4mico social\" nova. Ainda que n\u00e3o saibamos exatamente o que ela \u00e9.\n\nO texto se encontra no seguinte link:\nhttps:\/\/jornalggn.com.br\/editoria\/internacional\/a-china-e-socialista-por-elias-jabbour\/\n\nEis o texto\nA China \u00e9 socialista?\npor Elias Jabbour\n\u00c9 uma caricatura afirmar que os defensores do caminho socialista na China baseiam-se no fato da China ter estatais. \u00c9 muito conhecida a no\u00e7\u00e3o marxiana para quem a forma de propriedade dominante \u00e9 o que define uma forma\u00e7\u00e3o econ\u00f4mico-social. A exist\u00eancia de estatais \u00e9 um ponto de partida fundamental para as transforma\u00e7\u00f5es que a China tem conseguido empreender.\n\nPor outro lado no\u00e7\u00f5es positivistas e neopositivistas afirmam rela\u00e7\u00e3o direta entre a din\u00e2mica chinesa, os pa\u00edses desenvolvimentistas asi\u00e1ticos e outras formas de Estado Industrial. Nesse caso as \u201cteorias anteriores\u201d s\u00e3o suficientes para explicar a China. Trata-se de uma meia verdade, a come\u00e7ar pelo regime de propriedade e a inaugura\u00e7\u00e3o de formas superiores nas rela\u00e7\u00f5es do ser-humano e a natureza.\n\n\nExistem novas regularidades geradas e a necessidade de novos marcos te\u00f3ricos, conceituais e categorias \u00e0 apreens\u00e3o daquela totalidade. Definitivamente a chamada \u201cEconomia do Desenvolvimento\u201d j\u00e1 demonstra fadiga \u00e0 compreens\u00e3o de realidades disruptivas. Minha diferen\u00e7a com os economistas do desenvolvimento heterodoxos n\u00e3o \u00e9 se a China \u00e9 socialista ou capitalista.\n\nNossas diferen\u00e7as residem na profunda op\u00e7\u00e3o conservadora deles em mat\u00e9ria de ci\u00eancia e teoria do conhecimento. O positivismo deles os tornam grandes economistas para entender economias \u201cest\u00e1veis\u201d e sem grandes novidades no n\u00edvel das rela\u00e7\u00f5es dos seres humanos e a natureza. Enfim, s\u00e3o formados e modelados para entender um modo de produ\u00e7\u00e3o espec\u00edfico.\n\nA China \u00e9 socialista? Esta pergunta n\u00e3o \u00e9 da tradi\u00e7\u00e3o marxista. Quem levanta esta quest\u00e3o \u00e9 fiel ao figurino intelectual que tratei mais acima. Marx nos ensinou a buscar a compreender a natureza e a s\u00edntese de determinadas combina\u00e7\u00f5es entre fen\u00f4menos \u201csubterr\u00e2neos\u201d de diferentes idades hist\u00f3ricas.\n\nA Economia do Projetamento descoberta por Rangel fora produto de uma combina\u00e7\u00e3o (planifica\u00e7\u00e3o sovi\u00e9tica, keynesianismo \u00e9 o capital financeiro). A Nova Economia do Projetamento que surge na China \u00e9 algo em que estamos avan\u00e7ando em sua conceitua\u00e7\u00e3o. Qual pa\u00eds capitalista trocou a iniciativa privada por dois milh\u00f5es de t\u00e9cnicos \u00e0 servi\u00e7o de um Partido Comunista na gerenciamento da \u201cdestrui\u00e7\u00e3o criativa\u201d? Nada disso estava em algum escrito dos cl\u00e1ssicos do materialismo hist\u00f3rico. \u00c9 o que chamo de \u201chistoricamente constru\u00eddo\u201d.\n\nElias Jabbour, professor dos Programas de P\u00f3s-Gradua\u00e7\u00e3o em Ci\u00eancias Econ\u00f4micas (PPGCE) e em Rela\u00e7\u00f5es Internacionais (PPGRI) da Universidade do Estado do Rio de Janeiro (UERJ)\n\n_____________________________________________________________________________\nV\u00eddeo sugerido: \nA CHINA \u00c9 SOCIALISTA? | REAGINDO: Jones Manoel EP #110\nhttps:\/\/www.youtube.com\/watch?v=Mr04f0W_R3k&t=407s\n_____________________________________________________________________________\nSEJA MEMBRO e apoie o canal. Bot\u00e3o ADERIR acima ou: \nhttps:\/\/www.youtube.com\/channel\/UCRLEkZpNRoZQBG8kUTBD8vQ\/join\n\nV\u00eddeo sobre ser membro do canal:\nhttps:\/\/www.youtube.com\/watch?v=drvou-obBVU\n_____________________________________________________________________________\nSiga as p\u00e1ginas do canal Orienta\u00e7\u00e3o Marxista nas Redes Sociais\n\nFACEBOOK:    https:\/\/www.facebook.com\/Orienta\u00e7\u00e3o-Marxista-111673690190915\nTWITTER:       https:\/\/twitter.com\/orient_marxista\nINSTAGRAM: https:\/\/www.instagram.com\/orient.marxista\n_____________________________________________________________________________\nLeia o blog Teoria e Revolu\u00e7\u00e3o:\nhttps:\/\/teoriaerevolucao.pstu.org.br\n_____________________________________________________________________________\nO livro do autor desse canal (Marx e a Hist\u00f3ria: das particularidades nacionais \u00e0 universalidade da revolu\u00e7\u00e3o socialista )  pode ser adquirido nos seguintes endere\u00e7os:\nhttps:\/\/editorasundermann.com.br\/livro\/96-marx-e-a-hist%C3%B3ria\nhttps:\/\/www.estantevirtual.com.br\/busca?utf8=%E2%9C%93&q=gustavo+machado+marx\n\n#EliasJabbour #China #Socialismo","original_language":"pt-BR","publication_date":"2021-03-16","duration":0,"url":"https:\/\/www.youtube.com\/watch?v=UXPIKUDj6Hw","thumbnail":"thumbnails\/UXPIKUDj6Hw.jpg"},{"video_id":"Y67fvR9kq6Q","channel_id":"UCRLEkZpNRoZQBG8kUTBD8vQ","title":"INSTITUTO MISES BRASIL | A WIKIP\u00c9DIA dos liberais e ancaps EP #114","description":"A fonte e origem do besterol liberal e ancap sobre Marx e suas elabora\u00e7\u00f5es encontra-se no site Instituto Mises Brasil e outros agregados. Coisas ditas por Brasil Paralelo, Ideias Radicais, Mam\u00e3e Falei, Kim Kataguiri, Alexandre Benfica e demais... \nA fonte da coisa toda est\u00e1 em grupos e guetos dos Estados Unidos, a fonte que tais grupos brasileiros apenas reproduzem como papagaios.\n\nArtigo: A teoria marxista da explora\u00e7\u00e3o n\u00e3o faz nenhum sentido \nhttps:\/\/www.mises.org.br\/Article.aspx?id=1856\n_____________________________________________________________________________\nV\u00eddeos sugeridos:\nVejam a listra de reprodu\u00e7\u00e3o: REAGINDO\nhttps:\/\/www.youtube.com\/watch?v=XY9isI5DBik&list=PLRSCJQV9RGp4Fjp3rfR64gqKc0OOWAPnO \n_____________________________________________________________________________\nSEJA MEMBRO e apoie o canal. Bot\u00e3o ADERIR acima ou: \nhttps:\/\/www.youtube.com\/channel\/UCRLEkZpNRoZQBG8kUTBD8vQ\/join\n\nV\u00eddeo sobre ser membro do canal:\nhttps:\/\/www.youtube.com\/watch?v=drvou-obBVU\n_____________________________________________________________________________\nSiga as p\u00e1ginas do canal Orienta\u00e7\u00e3o Marxista nas Redes Sociais\n\nFACEBOOK:    https:\/\/www.facebook.com\/Orienta\u00e7\u00e3o-Marxista-111673690190915\nTWITTER:       https:\/\/twitter.com\/orient_marxista\nINSTAGRAM: https:\/\/www.instagram.com\/orient.marxista\n_____________________________________________________________________________\nLeia o blog Teoria e Revolu\u00e7\u00e3o:\nhttps:\/\/teoriaerevolucao.pstu.org.br\n_____________________________________________________________________________\nO livro do autor desse canal (Marx e a Hist\u00f3ria: das particularidades nacionais \u00e0 universalidade da revolu\u00e7\u00e3o socialista )  pode ser adquirido nos seguintes endere\u00e7os:\nhttps:\/\/editorasundermann.com.br\/livro\/96-marx-e-a-hist%C3%B3ria\nhttps:\/\/www.estantevirtual.com.br\/busca?utf8=%E2%9C%93&q=gustavo+machado+marx\n\n#InstitutoMisesBrasil #Liberais #Ancaps","original_language":"pt-BR","publication_date":"2021-03-11","duration":0,"url":"https:\/\/www.youtube.com\/watch?v=Y67fvR9kq6Q","thumbnail":"thumbnails\/Y67fvR9kq6Q.jpg"},{"video_id":"1TlSRR9A3lw","channel_id":"UCRLEkZpNRoZQBG8kUTBD8vQ","title":"Revolu\u00e7\u00f5es s\u00e3o arriscadas? O que \u00e9 uma revolu\u00e7\u00e3o? EP #113","description":"Nesse v\u00eddeo comentamos sobre a natureza dos processos revolucion\u00e1rios e sobre a interven\u00e7\u00e3o dos revolucion\u00e1rios marxistas nesse processo. Ser\u00e1 que as revolu\u00e7\u00f5es s\u00e3o muito arriscadas? Apesar do capitalismo n\u00e3o funcionar, sua continuidade seria \"menos pior\" do que arriscados processos revolucion\u00e1rios?\n_____________________________________________________________________________\nV\u00eddeo sugerido: \nCARL SAGAN e TROTSKY: Revolu\u00e7\u00e3o Russa | SUGERINDO LIVROS EP #64\n\nhttps:\/\/www.youtube.com\/watch?v=P3vQ0F2ULC4\n_____________________________________________________________________________\nSEJA MEMBRO e apoie o canal. Bot\u00e3o ADERIR acima ou: \nhttps:\/\/www.youtube.com\/channel\/UCRLEkZpNRoZQBG8kUTBD8vQ\/join\n\nV\u00eddeo sobre ser membro do canal:\nhttps:\/\/www.youtube.com\/watch?v=drvou-obBVU\n_____________________________________________________________________________\nSiga as p\u00e1ginas do canal Orienta\u00e7\u00e3o Marxista nas Redes Sociais\n\nFACEBOOK:    https:\/\/www.facebook.com\/Orienta\u00e7\u00e3o-Marxista-111673690190915\nTWITTER:       https:\/\/twitter.com\/orient_marxista\nINSTAGRAM: https:\/\/www.instagram.com\/orient.marxista\n_____________________________________________________________________________\nLeia o blog Teoria e Revolu\u00e7\u00e3o:\nhttps:\/\/teoriaerevolucao.pstu.org.br\n_____________________________________________________________________________\nO livro do autor desse canal (Marx e a Hist\u00f3ria: das particularidades nacionais \u00e0 universalidade da revolu\u00e7\u00e3o socialista )  pode ser adquirido nos seguintes endere\u00e7os:\nhttps:\/\/editorasundermann.com.br\/livro\/96-marx-e-a-hist%C3%B3ria\nhttps:\/\/www.estantevirtual.com.br\/busca?utf8=%E2%9C%93&q=gustavo+machado+marx\n\n#Revolu\u00e7\u00e3o #Marxismo #ProcessosRevolucion\u00e1rios","original_language":"pt","publication_date":"2021-03-08","duration":0,"url":"https:\/\/www.youtube.com\/watch?v=1TlSRR9A3lw","thumbnail":"thumbnails\/1TlSRR9A3lw.jpg"},{"video_id":"u9O0-DevfOE","channel_id":"UCRLEkZpNRoZQBG8kUTBD8vQ","title":"AINDA SOBRE O PRE\u00c7O DOS COMBUST\u00cdVEIS: Respondendo coment\u00e1rios EP #112","description":"Nesse v\u00eddeo respondemos coment\u00e1rios sobre o v\u00eddeo anterior: Pre\u00e7o dos Combust\u00edveis: oferta e demanda explica?\nTemas: Renda da Terra. Industria extrativa e de energia. Din\u00e2mica do valor no setor. Oferta e Demanda. Tautologia.\n_____________________________________________________________________________\nV\u00eddeo sugerido: \nPRE\u00c7O DOS COMBUST\u00cdVEIS | Oferta e demanda explicam? EP #111\nhttps:\/\/www.youtube.com\/watch?v=FCv7sp72okg\n_____________________________________________________________________________\nSEJA MEMBRO e apoie o canal. Bot\u00e3o ADERIR acima ou: \nhttps:\/\/www.youtube.com\/channel\/UCRLEkZpNRoZQBG8kUTBD8vQ\/join\n\nV\u00eddeo sobre ser membro do canal:\nhttps:\/\/www.youtube.com\/watch?v=drvou-obBVU\n_____________________________________________________________________________\nSiga as p\u00e1ginas do canal Orienta\u00e7\u00e3o Marxista nas Redes Sociais\n\nFACEBOOK:    https:\/\/www.facebook.com\/Orienta\u00e7\u00e3o-Marxista-111673690190915\nTWITTER:       https:\/\/twitter.com\/orient_marxista\nINSTAGRAM: https:\/\/www.instagram.com\/orient.marxista\n_____________________________________________________________________________\nLeia o blog Teoria e Revolu\u00e7\u00e3o:\nhttps:\/\/teoriaerevolucao.pstu.org.br\n_____________________________________________________________________________\nO livro do autor desse canal (Marx e a Hist\u00f3ria: das particularidades nacionais \u00e0 universalidade da revolu\u00e7\u00e3o socialista )  pode ser adquirido nos seguintes endere\u00e7os:\nhttps:\/\/editorasundermann.com.br\/livro\/96-marx-e-a-hist%C3%B3ria\nhttps:\/\/www.estantevirtual.com.br\/busca?utf8=%E2%9C%93&q=gustavo+machado+marx\n\n#Pre\u00e7oDosCombust\u00edveis #Petrobr\u00e1s #Mercado","original_language":"pt-BR","publication_date":"2021-03-03","duration":0,"url":"https:\/\/www.youtube.com\/watch?v=u9O0-DevfOE","thumbnail":"thumbnails\/u9O0-DevfOE.jpg"},{"video_id":"FCv7sp72okg","channel_id":"UCRLEkZpNRoZQBG8kUTBD8vQ","title":"PRE\u00c7O DOS COMBUST\u00cdVEIS | Oferta e demanda explicam? EP #111","description":"PRE\u00c7O DOS COMBUST\u00cdVEIS: OFERTA E DEMANDA EXPLICAM?\nNesse v\u00eddeo mostramos como apenas por meio do movimento interno apresentado pela teoria do valor conseguimos entender o movimento aparentemente an\u00e1rquico do pre\u00e7o do petr\u00f3leo, min\u00e9rio de ferro e demais mercadorias extrativas. Como sempre, oferta e demanda n\u00e3o explicam absolutamente nada. Apenas colocam uma quest\u00e3o a ser explicada\n_____________________________________________________________________________\nV\u00eddeos sugeridos:\nEpis\u00f3dio 82: Valor subjetivo e Valor objetivo\nhttps:\/\/www.youtube.com\/watch?v=MxHGPLndroU\n\nEpis\u00f3dio 63: Economia neocl\u00e1ssica versus Marx\nhttps:\/\/www.youtube.com\/watch?v=eX3HNeMfhMk\n\nEpis\u00f3dio 67: PETROBRAS | pouco IMPOSTO, muito LUCRO \nhttps:\/\/www.youtube.com\/watch?v=VY0xSPUME1w\n_____________________________________________________________________________\nSEJA MEMBRO e apoie o canal. Bot\u00e3o ADERIR acima ou: \nhttps:\/\/www.youtube.com\/channel\/UCRLEkZpNRoZQBG8kUTBD8vQ\/join\n\nV\u00eddeo sobre ser membro do canal:\nhttps:\/\/www.youtube.com\/watch?v=drvou-obBVU\n_____________________________________________________________________________\nSiga as p\u00e1ginas do canal Orienta\u00e7\u00e3o Marxista nas Redes Sociais\n\nFACEBOOK:    https:\/\/www.facebook.com\/Orienta\u00e7\u00e3o-Marxista-111673690190915\nTWITTER:       https:\/\/twitter.com\/orient_marxista\nINSTAGRAM: https:\/\/www.instagram.com\/orient.marxista\n_____________________________________________________________________________\nLeia o blog Teoria e Revolu\u00e7\u00e3o:\nhttps:\/\/teoriaerevolucao.pstu.org.br\n_____________________________________________________________________________\nO livro do autor desse canal (Marx e a Hist\u00f3ria: das particularidades nacionais \u00e0 universalidade da revolu\u00e7\u00e3o socialista )  pode ser adquirido nos seguintes endere\u00e7os:\nhttps:\/\/editorasundermann.com.br\/livro\/96-marx-e-a-hist%C3%B3ria\nhttps:\/\/www.estantevirtual.com.br\/busca?utf8=%E2%9C%93&q=gustavo+machado+marx\n\n#Pre\u00e7oCombost\u00edveis #Petrobras #OfertaEDemanda","original_language":"pt-BR","publication_date":"2021-03-02","duration":0,"url":"https:\/\/www.youtube.com\/watch?v=FCv7sp72okg","thumbnail":"thumbnails\/FCv7sp72okg.jpg"},{"video_id":"IZ8PAxCrJ4I","channel_id":"UCRLEkZpNRoZQBG8kUTBD8vQ","title":"CAPITAL FICT\u00cdCIO, BOLSA DE VALORES E CRIPTOMOEDAS NUMA PERSPECTIVA MARXISTA","description":"_____________________________________________________________________________\nV\u00eddeo sugerido: \n\n_____________________________________________________________________________\nSEJA MEMBRO e apoie o canal. Bot\u00e3o ADERIR acima ou: \nhttps:\/\/www.youtube.com\/channel\/UCRLEkZpNRoZQBG8kUTBD8vQ\/join\n\nV\u00eddeo sobre ser membro do canal:\nhttps:\/\/www.youtube.com\/watch?v=drvou-obBVU\n_____________________________________________________________________________\nSiga as p\u00e1ginas do canal Orienta\u00e7\u00e3o Marxista nas Redes Sociais\n\nFACEBOOK:    https:\/\/www.facebook.com\/Orienta\u00e7\u00e3o-Marxista-111673690190915\nTWITTER:       https:\/\/twitter.com\/orient_marxista\nINSTAGRAM: https:\/\/www.instagram.com\/orient.marxista\n_____________________________________________________________________________\nLeia o blog Teoria e Revolu\u00e7\u00e3o:\nhttps:\/\/teoriaerevolucao.pstu.org.br\n_____________________________________________________________________________\nO livro do autor desse canal (Marx e a Hist\u00f3ria: das particularidades nacionais \u00e0 universalidade da revolu\u00e7\u00e3o socialista )  pode ser adquirido nos seguintes endere\u00e7os:\nhttps:\/\/editorasundermann.com.br\/livro\/96-marx-e-a-hist%C3%B3ria\nhttps:\/\/www.estantevirtual.com.br\/busca?utf8=%E2%9C%93&q=gustavo+machado+marx\n\n# # #","original_language":"unknown","publication_date":"2021-02-26","duration":0,"url":"https:\/\/www.youtube.com\/watch?v=IZ8PAxCrJ4I","thumbnail":"thumbnails\/IZ8PAxCrJ4I.jpg"},{"video_id":"Mr04f0W_R3k","channel_id":"UCRLEkZpNRoZQBG8kUTBD8vQ","title":"A CHINA \u00c9 SOCIALISTA? | REAGINDO: Jones Manoel EP #110","description":"Reagindo ao v\u00eddeo: A China e os bilion\u00e1rios: notas sobre a luta de classes\n_____________________________________________________________________________\nV\u00eddeos sugeridos: \nREAGINDO AO JONES MANOEL: St\u00e1lin, Trotsky, Marx EP #32\nhttps:\/\/www.youtube.com\/watch?v=XY9isI5DBik\n\nO Socialismo deu errado? N\u00e3o funciona? EP #43\nhttps:\/\/www.youtube.com\/watch?v=LYRRdijZutU\n_____________________________________________________________________________\nSEJA MEMBRO e apoie o canal. Bot\u00e3o ADERIR acima ou: \nhttps:\/\/www.youtube.com\/channel\/UCRLEkZpNRoZQBG8kUTBD8vQ\/join\n\nV\u00eddeo sobre ser membro do canal:\nhttps:\/\/www.youtube.com\/watch?v=drvou-obBVU\n_____________________________________________________________________________\nSiga as p\u00e1ginas do canal Orienta\u00e7\u00e3o Marxista nas Redes Sociais\n\nFACEBOOK:    https:\/\/www.facebook.com\/Orienta\u00e7\u00e3o-Marxista-111673690190915\nTWITTER:       https:\/\/twitter.com\/orient_marxista\nINSTAGRAM: https:\/\/www.instagram.com\/orient.marxista\n_____________________________________________________________________________\nLeia o blog Teoria e Revolu\u00e7\u00e3o:\nhttps:\/\/teoriaerevolucao.pstu.org.br\n_____________________________________________________________________________\nO livro do autor desse canal (Marx e a Hist\u00f3ria: das particularidades nacionais \u00e0 universalidade da revolu\u00e7\u00e3o socialista )  pode ser adquirido nos seguintes endere\u00e7os:\nhttps:\/\/editorasundermann.com.br\/livro\/96-marx-e-a-hist%C3%B3ria\nhttps:\/\/www.estantevirtual.com.br\/busca?utf8=%E2%9C%93&q=gustavo+machado+marx\n\n#JonesManoel #China #Socialismo","original_language":"pt","publication_date":"2021-02-24","duration":0,"url":"https:\/\/www.youtube.com\/watch?v=Mr04f0W_R3k","thumbnail":"thumbnails\/Mr04f0W_R3k.jpg"},{"video_id":"vhphGYhpPR4","channel_id":"UCRLEkZpNRoZQBG8kUTBD8vQ","title":"CRIPTOMOEDAS E BITCOINS: o amuleto dos ancaps EP #109","description":"CRIPTOMOEDAS E BITCOINS | Os ancaps acharam um ninho para chocar seus ovos. Dizem que a criptomoeda \u00e9 a prova de que d\u00e1 para existir capitalismo sem estado. Veremos como os bitcoins (e demais criptomoedas) n\u00e3o s\u00e3o uma ruptura com a natureza social do dinheiro no capitalismo, mas essa natureza elevada a \u00faltima inst\u00e2ncia.\n\n1) Criptomoeda \u00e9 dinheiro?\n\n2) Tudo pode ser, de antem\u00e3o, dinheiro\n          Forma do valor: todas propriedades materiais do dinheiro s\u00e3o negadas\n          \"O valor que o dinheiro expressa\" depende da circula\u00e7\u00e3o de mercadorias\n\n3) Explica\u00e7\u00e3o t\u00e9cnica dos bitcons (criptografia e ctrl+c e ctrl+v)\n4) Porque os bitcons se valorizaram tanto?\n5) Bitcons podem substituir a moeda estatal?\n     Dinheiro sempre foi criado dentro do capitalismo (nota promiss\u00f3ria e t\u00edtulos de valor)\n     O que os capitalistas querem \u00e9 estabilidade monet\u00e1ria\n     \n     Podem existir milhares de moedas diferentes. Ele pode usar todas elas. Ele quer um padr\u00e3o monet\u00e1rio comum que permita mensurar seu capital.\n_____________________________________________________________________________\nV\u00eddeo sugerido: \nCASO GameStop: A\u00e7\u00f5es e Capital Fict\u00edcio EP #104\nhttps:\/\/www.youtube.com\/watch?v=ofs_fbE-Q6M\n_____________________________________________________________________________\nSEJA MEMBRO e apoie o canal. Bot\u00e3o ADERIR acima ou: \nhttps:\/\/www.youtube.com\/channel\/UCRLEkZpNRoZQBG8kUTBD8vQ\/join\n\nV\u00eddeo sobre ser membro do canal:\nhttps:\/\/www.youtube.com\/watch?v=drvou-obBVU\n_____________________________________________________________________________\nSiga as p\u00e1ginas do canal Orienta\u00e7\u00e3o Marxista nas Redes Sociais\n\nFACEBOOK:    https:\/\/www.facebook.com\/Orienta\u00e7\u00e3o-Marxista-111673690190915\nTWITTER:       https:\/\/twitter.com\/orient_marxista\nINSTAGRAM: https:\/\/www.instagram.com\/orient.marxista\n_____________________________________________________________________________\nLeia o blog Teoria e Revolu\u00e7\u00e3o:\nhttps:\/\/teoriaerevolucao.pstu.org.br\n_____________________________________________________________________________\nO livro do autor desse canal (Marx e a Hist\u00f3ria: das particularidades nacionais \u00e0 universalidade da revolu\u00e7\u00e3o socialista )  pode ser adquirido nos seguintes endere\u00e7os:\nhttps:\/\/editorasundermann.com.br\/livro\/96-marx-e-a-hist%C3%B3ria\nhttps:\/\/www.estantevirtual.com.br\/busca?utf8=%E2%9C%93&q=gustavo+machado+marx\n\n#Criptomoedas #Bitcoins #Ancaps","original_language":"pt-BR","publication_date":"2021-02-21","duration":0,"url":"https:\/\/www.youtube.com\/watch?v=vhphGYhpPR4","thumbnail":"thumbnails\/vhphGYhpPR4.jpg"},{"video_id":"iwPwYcGC90o","channel_id":"UCRLEkZpNRoZQBG8kUTBD8vQ","title":"MMT e David Deccache: joga a pedra e sai correndo! EP #108","description":"No Livro II de O Capital Marx diz a turma MMT (Teoria Monet\u00e1ria Moderna):\n\"O processo de produ\u00e7\u00e3o aparece apenas como inevit\u00e1vel elo intermedi\u00e1rio, um mal necess\u00e1rio ao ato de fazer dinheiro. Por isso, todas as na\u00e7\u00f5es em que impera o modo de produ\u00e7\u00e3o capitalista s\u00e3o periodicamente tomadas pela ILUS\u00c3O de querer fazer dinheiro sem a media\u00e7\u00e3o do processo de produ\u00e7\u00e3o.\"\n\nDavid Deccache S\u00e9rio mesmo que, para vc, em Marx, o dinheiro \u00e9 equivalente geral e a conversa acabou? O termo equivalente geral pode ser entendido como qualquer coisa. N\u00e3o diz absolutamente nada.\nVeja, vc se comporta igual a turma ancap. A diferen\u00e7a \u00e9 que um tem um sistema ideal na cabe\u00e7a para aplicar ao capitalismo. O outro tem outro sistema ideal. Pouco importa o que \u00e9 a moeda ou o dinheiro para a MMT. Eu quero saber o que \u00e9 o dinheiro no interior do capitalismo, qual o seu movimento interno. Quais fun\u00e7\u00f5es desempenha e se essas fun\u00e7\u00f5es s\u00e3o necess\u00e1rias ou n\u00e3o. A\u00ed eu posso at\u00e9 avaliar se esse projeto ideal \u00e9 ut\u00f3pico ou tem alguma validade.\nVc parece estar t\u00e3o distante de entender esse movimento que at\u00e9 hoje insiste na querela dinheiro end\u00f3geno e dinheiro ex\u00f3geno. N\u00e3o faz sequer sentido a quest\u00e3o. Ele \u00e9 as duas coisas, assim como a mercadoria \u00e9 valor de uso e valor. Todas teorias unilaterais se caracterizam por enfocar um aspecto ou o outro aspecto da rela\u00e7\u00e3o e n\u00e3o encontrar sua conex\u00e3o. Al\u00e9m disso, os termos end\u00f3geno e ex\u00f3geno s\u00e3o absolutamente imprecisos. Mas se eu for for\u00e7ar a barra e usar essa terminologia de todo inadequada, temos o seguinte. Enquanto forma de valor, enquanto refletor universal do valor das mercadorias, enquanto um VALOR DE USO que apenas usa seu corpo f\u00edsico como express\u00e3o de VALOR de outras mercadorias: O DINHEIRO \u00c9 EX\u00d3GENO. Valor expresso em um valor de uso arbitr\u00e1rio (forma simples ou acidental do valor). No entanto, enquanto dinheiro de cr\u00e9dito, enquanto t\u00edtulos de valor ou d\u00edvidas que atuam como dinheiro, o DINHEIRO \u00c9 END\u00d3GENO. E pior, ambas as coisas est\u00e3o conectadas, pois o padr\u00e3o monet\u00e1rio, essa forma de valor externa, \u00e9 emitida internamente na forma de d\u00edvida. Se vc isolar apenas uma das dimens\u00f5es do processo, n\u00e3o conseguir\u00e1 avan\u00e7ar.\n\nOu seja, a forma de valor: externa, ex\u00f3gena, valor de uso que expressa em sua materialidade crua o valor das mercadorias \u00e9 emitida enquanto t\u00edtulo de valor (enquanto d\u00edvida), logo como algo interno (ou se preferir) end\u00f3geno. O dinheiro \u00e9 as duas coisas: interno e externo, end\u00f3geno e ex\u00f3geno. A Teoria Quantitativa da Moeda v\u00ea apenas seu aspecto externo (ex\u00f3geno) a MMT v\u00ea apenas sua dimens\u00e3o end\u00f3gena (interna). As duas est\u00e3o incorretas, exatamente por isso. \u00c9 como o confronto teoria cl\u00e1ssica do valor (que n\u00e3o \u00e9 a de Marx) e a teoria neocl\u00e1ssica. Uma v\u00ea apenas a subst\u00e2ncia do valor. A outra v\u00ea apenas a sua forma. Ambas est\u00e3o certas. E erradas.\n_____________________________________________________________________________\nV\u00eddeo sugerido: \nHumberto Matos (MMT) versus Dinheiro em Marx | O CAPITAL DE MARX VID #8\nhttps:\/\/www.youtube.com\/watch?v=x7Q6IS35Scw\n\n\nRespondendo Humberto Matos: MMT e marxismo (do s\u00e9culo XXI) EP #36\nhttps:\/\/www.youtube.com\/watch?v=ogC3Nr_m_-s\n_____________________________________________________________________________\nSEJA MEMBRO e apoie o canal. Bot\u00e3o ADERIR acima ou: \nhttps:\/\/www.youtube.com\/channel\/UCRLEkZpNRoZQBG8kUTBD8vQ\/join\n\nV\u00eddeo sobre ser membro do canal:\nhttps:\/\/www.youtube.com\/watch?v=drvou-obBVU\n_____________________________________________________________________________\nSiga as p\u00e1ginas do canal Orienta\u00e7\u00e3o Marxista nas Redes Sociais\n\nFACEBOOK:    https:\/\/www.facebook.com\/Orienta\u00e7\u00e3o-Marxista-111673690190915\nTWITTER:       https:\/\/twitter.com\/orient_marxista\nINSTAGRAM: https:\/\/www.instagram.com\/orient.marxista\n_____________________________________________________________________________\nLeia o blog Teoria e Revolu\u00e7\u00e3o:\nhttps:\/\/teoriaerevolucao.pstu.org.br\n_____________________________________________________________________________\nO livro do autor desse canal (Marx e a Hist\u00f3ria: das particularidades nacionais \u00e0 universalidade da revolu\u00e7\u00e3o socialista )  pode ser adquirido nos seguintes endere\u00e7os:\nhttps:\/\/editorasundermann.com.br\/livro\/96-marx-e-a-hist%C3%B3ria\nhttps:\/\/www.estantevirtual.com.br\/busca?utf8=%E2%9C%93&q=gustavo+machado+marx\n\n#MMT #Moeda #DinheiroEmMarx","original_language":"pt-BR","publication_date":"2021-02-17","duration":0,"url":"https:\/\/www.youtube.com\/watch?v=iwPwYcGC90o","thumbnail":"thumbnails\/iwPwYcGC90o.jpg"},{"video_id":"Oq6UsoobhkY","channel_id":"UCRLEkZpNRoZQBG8kUTBD8vQ","title":"OLAVO E EDUARDO BOLSONARO: as teses anti-comunistas EP #107","description":"OLAVO DE CARVALHO E EDUARDO BOLSONARO | Nesse v\u00eddeo comento o crit\u00e9rio que, segundo Olavo de Carvalho, atesta o dom\u00ednio cultural do marxismo nas universidades brasileiras. Segundo ele, n\u00e3o encontraremos teses anti-comunistas.\nVejam como a grande armadilha para produzir conclus\u00f5es falsas, \u00e9 inventar uma quest\u00e3o sem sentido.\n_____________________________________________________________________________\nV\u00eddeo sugerido: \nUniversidades NUNCA foram marxistas! EP #8\nhttps:\/\/www.youtube.com\/watch?v=FxG5p5EN6Iw\n\nDoutrina\u00e7\u00e3o Marxista e Paulo Freire nas escolas. ISSO EXISTE? EP #79\nhttps:\/\/www.youtube.com\/watch?v=RX5pabwwMBw\n_____________________________________________________________________________\nSEJA MEMBRO e apoie o canal. Bot\u00e3o ADERIR acima ou: \nhttps:\/\/www.youtube.com\/channel\/UCRLEkZpNRoZQBG8kUTBD8vQ\/join\n\nV\u00eddeo sobre ser membro do canal:\nhttps:\/\/www.youtube.com\/watch?v=drvou-obBVU\n_____________________________________________________________________________\nSiga as p\u00e1ginas do canal Orienta\u00e7\u00e3o Marxista nas Redes Sociais\n\nFACEBOOK:    https:\/\/www.facebook.com\/Orienta\u00e7\u00e3o-Marxista-111673690190915\nTWITTER:       https:\/\/twitter.com\/orient_marxista\nINSTAGRAM: https:\/\/www.instagram.com\/orient.marxista\n_____________________________________________________________________________\nLeia o blog Teoria e Revolu\u00e7\u00e3o:\nhttps:\/\/teoriaerevolucao.pstu.org.br\n_____________________________________________________________________________\nO livro do autor desse canal (Marx e a Hist\u00f3ria: das particularidades nacionais \u00e0 universalidade da revolu\u00e7\u00e3o socialista )  pode ser adquirido nos seguintes endere\u00e7os:\nhttps:\/\/editorasundermann.com.br\/livro\/96-marx-e-a-hist%C3%B3ria\nhttps:\/\/www.estantevirtual.com.br\/busca?utf8=%E2%9C%93&q=gustavo+machado+marx\n\n#OlavoDeCarvalho #EduardoBolsonaro #Comunismo","original_language":"pt-BR","publication_date":"2021-02-12","duration":0,"url":"https:\/\/www.youtube.com\/watch?v=Oq6UsoobhkY","thumbnail":"thumbnails\/Oq6UsoobhkY.jpg"},{"video_id":"a2nM4cFEWzE","channel_id":"UCRLEkZpNRoZQBG8kUTBD8vQ","title":"AINDA SOBRE FETICHISMO | Interpreta\u00e7\u00f5es imposs\u00edveis EP #106","description":"Extratos de texto ainda in\u00e9dito a respeito do tema:\n\nComo n\u00e3o existe aqui [nas trocas] nenhum padr\u00e3o absoluto que regule essa conex\u00e3o universal, mercadoria e pre\u00e7o ir\u00e3o se ajustar continuamente um ao outro. Emergindo como uma esp\u00e9cie de alma da mercadoria, esta ser\u00e1 precificada antes mesmo de ser produzida e continuar\u00e1 a s\u00ea-la durante toda sua exist\u00eancia. O ato individual de troca nada mais \u00e9 do que o ju\u00edzo final, quando a alma da mercadoria ser\u00e1 julgada e seu juiz, a mercadoria-dinheiro, somente ent\u00e3o, comparecer\u00e1 em pessoa na trama. Da aprova\u00e7\u00e3o dessa rela\u00e7\u00e3o depende a salva\u00e7\u00e3o da mercadoria. [...]\n\nDiante do que foi anteriormente exposto, o item \u00faltimo do presente cap\u00edtulo: O car\u00e1ter fetichista da mercadoria e seu segredo, mostra-se como consequ\u00eancia direta do desenvolvimento das formas de valor. Tanto que na exposi\u00e7\u00e3o da primeira edi\u00e7\u00e3o de O Capital, o fetiche da mercadoria emerge como quarta peculiaridade advinda da forma equivalente. [...]\n\nJustamente na an\u00e1lise da forma equivalente, Marx menciona o fato de que linho e casaco possuem a \u201cpropriedade universal do trabalho humano\u201d, despendidos tanto \u201cna forma da alfaiataria quanto na da tecelagem\u201d. E conclui: \u201cNada disso \u00e9 misterioso\u201d. Onde residiria, ent\u00e3o, o mist\u00e9rio? Como continua a explicar Marx: \u201cna express\u00e3o de valor da mercadoria a coisa \u00e9 distorcida\u201d. Em outras palavras, o misterioso n\u00e3o \u00e9 o fato do casaco ser produto do trabalho humano: do alfaiate ou da ind\u00fastria tecel\u00e3. Tampouco \u00e9 misterioso que linho e casaco, enquanto produtos do trabalho humano no geral, possam ser trocados. O misterioso \u00e9 a express\u00e3o de valor do casaco ser, por exemplo, 200 reais. Praticamente repetindo essas considera\u00e7\u00f5es, explica Marx no item reservado ao fetiche da mercadoria que \u201ccar\u00e1ter m\u00edstico da mercadoria n\u00e3o resulta, portanto, de seu valor de uso. Tampouco resulta do conte\u00fado das determina\u00e7\u00f5es de valor\u201d. E pergunta: \u201cDe onde surge, portanto, o car\u00e1ter enigm\u00e1tico do produto do trabalho, assim que ele assume a forma-mercadoria?\u201d. E responde: \u201cEvidentemente, ele surge dessa pr\u00f3pria forma\u201d. [...] \n\n\n\nO fetiche, para utilizar a linguagem empregada por Jadir Antunes em livro j\u00e1 citado, \u00e9 precisamente o contr\u00e1rio disso. Trata-se de uma forma social que, ao negar os aspectos sens\u00edveis das coisas e pessoas nela mergulhadas, produz o desinteresse humano pelo mundo do aqu\u00e9m, pelo mundo natural e sens\u00edvel, pela qualidade, pelo \u00fatil e, por outro lado, desenvolve o interesse pelo mundo do al\u00e9m, pelo ente abstrato, n\u00e3o diretamente \u00fatil, num\u00e9rico e calcul\u00e1vel: o ente que se apresenta na forma-dinheiro. O ente cuja forma natural \u00e9 usada para expressar, efetiva e idealmente, o valor de todo o resto.\n\n[...] \u201cA igualdade dos trabalhos humanos assume a forma material da igual objetividade de valor dos produtos do trabalho\u201d. Isto \u00e9, a igualdade dos distintos trabalhos aparece como igualdade de pre\u00e7o entre as mercadorias. O valor interno e imanente a mercadoria assume a forma externa e transcendente do pre\u00e7o. A \u201cmedida do disp\u00eandio de for\u00e7a humana de trabalho por meio de sua dura\u00e7\u00e3o assume a forma da grandeza de valor dos produtos do trabalho\u201d. Isto \u00e9, a igual quantidade de trabalho aparece como igual quantidade de dinheiro. As \u201crela\u00e7\u00f5es entre os produtores, nas quais se efetivam aquelas determina\u00e7\u00f5es sociais de seu trabalho, assumem a forma de uma rela\u00e7\u00e3o social entre os produtos do trabalho\u201d. Na troca, as rela\u00e7\u00f5es sociais est\u00e3o apagadas e em seu lugar temos a rela\u00e7\u00e3o entre coisas ou produtos do trabalho, a rela\u00e7\u00e3o entre forma- mercadoria e forma-dinheiro em que o valor interno da mercadoria se manifesta na corporalidade crua da coisa dinheiro.\n\n_____________________________________________________________________________\nV\u00eddeo sugerido: \nAcad\u00eamicos que n\u00e3o conseguem interpretar textos EP #28\nhttps:\/\/www.youtube.com\/watch?v=E-m_MXYZ6po\n\n_____________________________________________________________________________\nSEJA MEMBRO e apoie o canal. Bot\u00e3o ADERIR acima ou: \nhttps:\/\/www.youtube.com\/channel\/UCRLEkZpNRoZQBG8kUTBD8vQ\/join\n\nV\u00eddeo sobre ser membro do canal:\nhttps:\/\/www.youtube.com\/watch?v=drvou-obBVU\n_____________________________________________________________________________\nSiga as p\u00e1ginas do canal Orienta\u00e7\u00e3o Marxista nas Redes Sociais\n\nFACEBOOK:    https:\/\/www.facebook.com\/Orienta\u00e7\u00e3o-Marxista-111673690190915\nTWITTER:       https:\/\/twitter.com\/orient_marxista\n_____________________________________________________________________________\nLeia o blog Teoria e Revolu\u00e7\u00e3o:\nhttps:\/\/teoriaerevolucao.pstu.org.br\n_____________________________________________________________________________\nO livro do autor desse canal (Marx e a Hist\u00f3ria: das particularidades nacionais \u00e0 universalidade da revolu\u00e7\u00e3o socialista )  pode ser adquirido nos seguintes endere\u00e7os:\nhttps:\/\/editorasundermann.com.br\/livro\/96-marx-e-a-hist%C3%B3ria\nhttps:\/\/www.estantevirtual.com.br\/busca?utf8=%E2%9C%93&q=gustavo+machado+marx\n\n#FeticheDaMercadoria #Interpreta\u00e7\u00e3oDeTextos #Marx","original_language":"pt-BR","publication_date":"2021-02-09","duration":0,"url":"https:\/\/www.youtube.com\/watch?v=a2nM4cFEWzE","thumbnail":"thumbnails\/a2nM4cFEWzE.jpg"},{"video_id":"MGObiI5482I","channel_id":"UCRLEkZpNRoZQBG8kUTBD8vQ","title":"FETICHE DA MERCADORIA: capitalismo n\u00e3o \u00e9 sociedade de consumo EP #105","description":"FETICHE DA MERCADORIA | Nesse v\u00eddeo, desmontamos v\u00e1rios mitos:\n1) Fetichismo da mercadoria \u00e9 o desejo que o capitalismo produz nas pessoas pelo consumo de mercadorias. FALSO\n2) Fetichismo da mercadoria \u00e9 o fato das pessoas n\u00e3o perceberem quer as mercadorias s\u00e3o produto do trabalho. FALSO\n3) O fetichismo gera uma sociedade de consumo. FALSO\nO FETICHE produz \no desinteresse humano pelo mundo\n          do aqu\u00e9m, natural, sens\u00edvel, pela qualidade, pelo \u00fatil \ndesenvolve o interesse pelo mundo\n          do al\u00e9m, pelo ente abstrato, n\u00e3o diretamente \u00fatil, num\u00e9rico e  calcul\u00e1vel: O DINHEIRO\n\nMensura todas as pessoas e todas as coisas em termos de dinheiro e de sua valoriza\u00e7\u00e3o. Qual a origem do dinheiro? Como ele parece ser a riqueza por excel\u00eancia, quando na verdade \u00e9 o mero refletor universal da riqueza contida nas mercadorias?\n_____________________________________________________________________________\nTexto sugerido: https:\/\/teoriaerevolucao.pstu.org.br\/o-mito-do-capitalismo-como-sociedade-de-consumo\/\n\n_____________________________________________________________________________\nSEJA MEMBRO e apoie o canal. Bot\u00e3o ADERIR acima ou: \nhttps:\/\/www.youtube.com\/channel\/UCRLEkZpNRoZQBG8kUTBD8vQ\/join\n\nV\u00eddeo sobre ser membro do canal:\nhttps:\/\/www.youtube.com\/watch?v=drvou-obBVU\n_____________________________________________________________________________\nSiga as p\u00e1ginas do canal Orienta\u00e7\u00e3o Marxista nas Redes Sociais\n\nFACEBOOK:    https:\/\/www.facebook.com\/Orienta\u00e7\u00e3o-Marxista-111673690190915\nTWITTER:       https:\/\/twitter.com\/orient_marxista\nINSTAGRAM: https:\/\/www.instagram.com\/orient.marxista\n_____________________________________________________________________________\nLeia o blog Teoria e Revolu\u00e7\u00e3o:\nhttps:\/\/teoriaerevolucao.pstu.org.br\n_____________________________________________________________________________\nO livro do autor desse canal (Marx e a Hist\u00f3ria: das particularidades nacionais \u00e0 universalidade da revolu\u00e7\u00e3o socialista )  pode ser adquirido nos seguintes endere\u00e7os:\nhttps:\/\/editorasundermann.com.br\/livro\/96-marx-e-a-hist%C3%B3ria\nhttps:\/\/www.estantevirtual.com.br\/busca?utf8=%E2%9C%93&q=gustavo+machado+marx\n\n#FeticheDaMercadoria #SociedadeDeConsumo #Dinheiro","original_language":"pt-BR","publication_date":"2021-02-07","duration":0,"url":"https:\/\/www.youtube.com\/watch?v=MGObiI5482I","thumbnail":"thumbnails\/MGObiI5482I.jpg"},{"video_id":"ofs_fbE-Q6M","channel_id":"UCRLEkZpNRoZQBG8kUTBD8vQ","title":"CASO GameStop: A\u00e7\u00f5es e Capital Fict\u00edcio EP #104","description":"Bolsa de valores\n1) GameStop: introdu\u00e7\u00e3o\n1.1 capital fict\u00edcio e capital real\n1.2 Eike batista\n2) Origem das bolsas de valores e a\u00e7\u00f5es: \n    Companhias inglesas e holandesas\n3) Bolsa de valores:\n    capital fict\u00edcio\n          t\u00edtulos da d\u00edvida p\u00fablica (ganhar sobre capital passado)\n          a\u00e7\u00f5es (ganhar sobre o futuro) t\u00edtulo de propriedades\n4) Motivos do capital acion\u00e1rio\n     \u279d conservadorismo da classe capitalista: n\u00e3o quer riscos\n     \u279d permite massas de investimentos mais elevadas\n     \u279d cria um capitalista an\u00f4nimo, sem nenhuma fun\u00e7\u00e3o executiva ou administrativa. O parasita dos parasitas.\n     \u279d Classe m\u00e9dia \u00e9 que arrisca em bolsas de valores\n     \n     L\u00f3gica do capital \u00e9 a guerra \n_____________________________________________________________________________\nV\u00eddeo sugerido: \nSpaceX e ELON MUSK: Tecnologia e capital se complementam ou se op\u00f5em? EP #51\nhttps:\/\/www.youtube.com\/watch?v=9eOszALA6sY\n_____________________________________________________________________________\nSEJA MEMBRO e apoie o canal. Bot\u00e3o ADERIR acima ou: \nhttps:\/\/www.youtube.com\/channel\/UCRLEkZpNRoZQBG8kUTBD8vQ\/join\n\nV\u00eddeo sobre ser membro do canal:\nhttps:\/\/www.youtube.com\/watch?v=drvou-obBVU\n_____________________________________________________________________________\nSiga as p\u00e1ginas do canal Orienta\u00e7\u00e3o Marxista nas Redes Sociais\n\nFACEBOOK:    https:\/\/www.facebook.com\/Orienta\u00e7\u00e3o-Marxista-111673690190915\nTWITTER:       https:\/\/twitter.com\/orient_marxista\nINSTAGRAM: https:\/\/www.instagram.com\/orient.marxista\n_____________________________________________________________________________\nLeia o blog Teoria e Revolu\u00e7\u00e3o:\nhttps:\/\/teoriaerevolucao.pstu.org.br\n_____________________________________________________________________________\nO livro do autor desse canal (Marx e a Hist\u00f3ria: das particularidades nacionais \u00e0 universalidade da revolu\u00e7\u00e3o socialista )  pode ser adquirido nos seguintes endere\u00e7os:\nhttps:\/\/editorasundermann.com.br\/livro\/96-marx-e-a-hist%C3%B3ria\nhttps:\/\/www.estantevirtual.com.br\/busca?utf8=%E2%9C%93&q=gustavo+machado+marx\n\n#GameStop #ElonMusk #BolsaDeValores","original_language":"pt","publication_date":"2021-02-02","duration":0,"url":"https:\/\/www.youtube.com\/watch?v=ofs_fbE-Q6M","thumbnail":"thumbnails\/ofs_fbE-Q6M.jpg"},{"video_id":"uM8l3YR_sbI","channel_id":"UCRLEkZpNRoZQBG8kUTBD8vQ","title":"Projeto 2021: Canal ORIENTA\u00c7\u00c3O MARXISTA EP #Extra","description":"Nesse v\u00eddeo discutimos os projetos para o canal orienta\u00e7\u00e3o marxista em 2021. Aguardamos coment\u00e1rios, sugest\u00f5es de todos inscritos.\n_____________________________________________________________________________\nSEJA MEMBRO e apoie o canal. Bot\u00e3o ADERIR acima ou: \nhttps:\/\/www.youtube.com\/channel\/UCRLEkZpNRoZQBG8kUTBD8vQ\/join\n\nV\u00eddeo sobre ser membro do canal:\nhttps:\/\/www.youtube.com\/watch?v=drvou-obBVU\n_____________________________________________________________________________\nSiga as p\u00e1ginas do canal Orienta\u00e7\u00e3o Marxista nas Redes Sociais\n\nFACEBOOK:    https:\/\/www.facebook.com\/Orienta\u00e7\u00e3o-Marxista-111673690190915\nTWITTER:       https:\/\/twitter.com\/orient_marxista\nINSTAGRAM: https:\/\/www.instagram.com\/orient.marxista\n_____________________________________________________________________________\nLeia o blog Teoria e Revolu\u00e7\u00e3o:\nhttps:\/\/teoriaerevolucao.pstu.org.br\n_____________________________________________________________________________\nO livro do autor desse canal (Marx e a Hist\u00f3ria: das particularidades nacionais \u00e0 universalidade da revolu\u00e7\u00e3o socialista )  pode ser adquirido nos seguintes endere\u00e7os:\nhttps:\/\/editorasundermann.com.br\/livro\/96-marx-e-a-hist%C3%B3ria\nhttps:\/\/www.estantevirtual.com.br\/busca?utf8=%E2%9C%93&q=gustavo+machado+marx\n\n#Orienta\u00e7\u00e3oMarxista #2021 #Canal","original_language":"pt-BR","publication_date":"2021-01-31","duration":0,"url":"https:\/\/www.youtube.com\/watch?v=uM8l3YR_sbI","thumbnail":"thumbnails\/uM8l3YR_sbI.jpg"},{"video_id":"hFGQC3iWPgY","channel_id":"UCRLEkZpNRoZQBG8kUTBD8vQ","title":"FECHAMENTO DA FORD e a fala de BOLSONARO EP #103","description":"FECHAMENTO DA FORD | Nesse v\u00eddeo mergulhamos nos n\u00fameros da FORD para entender os reais motivos do anuncio de sua sa\u00edda no Brasil. Veremos um exemplo concreto da inefici\u00eancia absoluta do capitalismo e sua incapacidade de lidar com riscos, bem como a linha do governo Bolsonaro de: deixe a \u00e1gua rolar. \n\n_____________________________________________________________________________\nV\u00eddeo sugerido: \nLiberalismo e Keynesianismo n\u00e3o funcionam. Introdu\u00e7\u00e3o \u00e0 sociedade capitalista EP #49\n\nhttps:\/\/www.youtube.com\/watch?v=D5_Ke8g4ttc\n\n_____________________________________________________________________________\nSEJA MEMBRO e apoie o canal. Bot\u00e3o ADERIR acima ou: \nhttps:\/\/www.youtube.com\/channel\/UCRLEkZpNRoZQBG8kUTBD8vQ\/join\n\nV\u00eddeo sobre ser membro do canal:\nhttps:\/\/www.youtube.com\/watch?v=drvou-obBVU\n_____________________________________________________________________________\nSiga as p\u00e1ginas do canal Orienta\u00e7\u00e3o Marxista nas Redes Sociais\n\nFACEBOOK:    https:\/\/www.facebook.com\/Orienta\u00e7\u00e3o-Marxista-111673690190915\nTWITTER:       https:\/\/twitter.com\/orient_marxista\nINSTAGRAM: https:\/\/www.instagram.com\/orient.marxista\n_____________________________________________________________________________\nLeia o blog Teoria e Revolu\u00e7\u00e3o:\nhttps:\/\/teoriaerevolucao.pstu.org.br\n_____________________________________________________________________________\nO livro do autor desse canal (Marx e a Hist\u00f3ria: das particularidades nacionais \u00e0 universalidade da revolu\u00e7\u00e3o socialista )  pode ser adquirido nos seguintes endere\u00e7os:\nhttps:\/\/editorasundermann.com.br\/livro\/96-marx-e-a-hist%C3%B3ria\nhttps:\/\/www.estantevirtual.com.br\/busca?utf8=%E2%9C%93&q=gustavo+machado+marx\n\n#FechamentoFord #Ind\u00fastriaAutomobil\u00edstica #Brasil","original_language":"pt-BR","publication_date":"2021-01-24","duration":0,"url":"https:\/\/www.youtube.com\/watch?v=hFGQC3iWPgY","thumbnail":"thumbnails\/hFGQC3iWPgY.jpg"},{"video_id":"qMorzI53ONs","channel_id":"UCRLEkZpNRoZQBG8kUTBD8vQ","title":"ISOLAMENTO SOCIAL, Liberdade e Conspira\u00e7\u00e3o EP #102","description":"Os argumentos anti isolamento social usados no curso de um ano foram: \n\n1) It\u00e1lia \u00e9 um pa\u00eds pequeno, do tamanho do Maranh\u00e3o. Isso n\u00e3o acontece no Brasil.\n2) A It\u00e1lia \u00e9 um pa\u00eds temperado e frio, n\u00f3s somos um pa\u00eds tropical. Isso n\u00e3o acontece no Brasil.\n3) Vai ser igual a H1N1, acaba em 2 meses, v\u00e3o ser 1.000 mortes. Osmar Terra e outrs.\n4) N\u00famero de mortos s\u00e3o irris\u00f3rios comparados com outras pandemias como a gripe espanhola.\n5) Est\u00e3o contanto como mortes pela pandemia pessoas que morreram de outras coisas\n6) N\u00e3o foi provado que a pessoa faleceu de COVID (esse argumento maravilhoso \u00e9 do Olavo).\n7) Selecionar entre milhares de estudos, aqueles 2 ou 3 publicados em peri\u00f3dicos de m\u00e1-qualidade que supostamente atestam a inefic\u00e1cia do isolamento.\n\nSe o isolamento social n\u00e3o funciona, por que a pandemia tem durado at\u00e9 hoje?\n\nNo fim, sobrou o seguinte:\nVamos morrer em defesa da liberdade\nVamos morrer em defesa da economia\n\n_____________________________________________________________________________\nV\u00eddeo sugerido: \nCORONAV\u00cdRUS e CAPITALISMO: o que tem a ver? EP #37\nhttps:\/\/www.youtube.com\/watch?v=ilH-gm4L6J4\n\n_____________________________________________________________________________\nSEJA MEMBRO e apoie o canal. Bot\u00e3o ADERIR acima ou: \nhttps:\/\/www.youtube.com\/channel\/UCRLEkZpNRoZQBG8kUTBD8vQ\/join\n\nV\u00eddeo sobre ser membro do canal:\nhttps:\/\/www.youtube.com\/watch?v=drvou-obBVU\n_____________________________________________________________________________\nSiga as p\u00e1ginas do canal Orienta\u00e7\u00e3o Marxista nas Redes Sociais\n\nFACEBOOK:    https:\/\/www.facebook.com\/Orienta\u00e7\u00e3o-Marxista-111673690190915\nTWITTER:       https:\/\/twitter.com\/orient_marxista\nINSTAGRAM: https:\/\/www.instagram.com\/orient.marxista\n_____________________________________________________________________________\nLeia o blog Teoria e Revolu\u00e7\u00e3o:\nhttps:\/\/teoriaerevolucao.pstu.org.br\n_____________________________________________________________________________\nO livro do autor desse canal (Marx e a Hist\u00f3ria: das particularidades nacionais \u00e0 universalidade da revolu\u00e7\u00e3o socialista )  pode ser adquirido nos seguintes endere\u00e7os:\nhttps:\/\/editorasundermann.com.br\/livro\/96-marx-e-a-hist%C3%B3ria\nhttps:\/\/www.estantevirtual.com.br\/busca?utf8=%E2%9C%93&q=gustavo+machado+marx\n\n#IsolamentoSocial #Liberdade #Conspira\u00e7\u00e3o","original_language":"pt-BR","publication_date":"2021-01-19","duration":0,"url":"https:\/\/www.youtube.com\/watch?v=qMorzI53ONs","thumbnail":"thumbnails\/qMorzI53ONs.jpg"},{"video_id":"_NuJ95Wm7Bs","channel_id":"UCRLEkZpNRoZQBG8kUTBD8vQ","title":"O VALOR | Qual foi de fato a descoberta de Marx VID #13","description":"TEORIA DO VALOR EM MARX || Nesse v\u00eddeo, apresentamos a principal descoberta de Marx em sua teoria do valor. Adiantamos que seu conte\u00fado n\u00e3o \u00e9 f\u00e1cil. Mas ele encerra a principal descoberta que Marx faz no cap\u00edtulo 1 de O Capital. O que \u00e9 mais importante, 99% dos ditos especialistas em Marx jamais falam sobre isso. Quando falam, normalmente est\u00e1 errado. E \u00e9 o ponto central que permite a forma social capitalista ser t\u00e3o obscura, m\u00edstica e n\u00e3o transparente. O que permite que a pr\u00f3pria rela\u00e7\u00e3o social iluda os trabalhadores.\n\nComo provoca\u00e7\u00e3o, indicamos que na rela\u00e7\u00e3o de troca isolada de uma mercadoria por outra, Marx mostrar\u00e1 que as mercadorias N\u00c3O S\u00c3O IGUALADAS QUANTO A SEUS VALORES. E mais ainda. Na troca de uma mercadoria por por outra na forma dinheiro, o valor do dinheiro medido em tempo de trabalho socialmente necess\u00e1rio n\u00e3o cumpre nenhum papel. Isso mesmo: NENHUM. Seu valor \u00e9 medido enquanto coisa dinheiro (fra\u00e7\u00f5es da coisa). \n\nEsquema apresentado\n\nTEORIA DO VALOR EM MARX\nAP\u00caNDICE AO EPIS\u00d3DIO \"A MERCADORIA\"\n\n1\u00aa  FORMA EQUIVOCADA (ECONOMIA POL\u00cdTICA CL\u00c1SSICA)\nMERCADORIA 1 = MERCADORIA 2\n     VALOR          =    VALOR\n       QUANTIDADE = QUANTIDADE\n       TRABALHO     = TRABALHO\n       100 REAIS    = 100 REAIS\nDOGM\u00c1TICA\n\n2\u00aa FORMA EQUIVOCADA (MARXISTAS, 1970)\nVALOR DAS MERCADORIAS N\u00c3O \u00c9 QUANTIDADE\nQUALITATIVAMENTE    = TRABALHO ABSTRATO\nQUANTITATIVAMENTE = TEMPO DE TRABALHO SOCIALMENTE NECESS\u00c1RIO\n\nFORMA                        = VALOR TROCA\nMERCADORIA 1 = MERCADORIA 2\nINTERNA            = INTERNA         \nOBS: N\u00c3O EXPLICA COMO DETERMINA\u00c7\u00d5ES INTERNAS DAS MERCADORIAS PODER SE TORNAR VIS\u00cdVEIS E OPERAR.\n\n3\u00aa FORMA EQUIVOCADA\nFORMA SIMPLES DE VALOR\nFORMA RELATIVA                     =   FORMA EQUIVALENTE\nMERCADORIA 1                         =   MERCADORIA 2\nVALOR                                         =   VALOR \nVALOR DE USO                          !=   VALOR DE USO\n\nVALOR (TEMPO DE TRABALHO) = VALOR (TEMPO DE TRABALHO)\n   VALOR                                    =        VALOR DE USO\n\nINSUFICI\u00caNCIA: N\u00c3O EXPLICITA QUE O VALOR N\u00c3O CUMPRE NENHUM PAPEL NA EQUA\u00c7\u00c3O DE TROCA.\n\n4\u00aa FORMA CORRETA\nFORMA SIMPLES DE VALOR\nFORMA RELATIVA                      = FORMA EQUIVALENTE\nMERCADORIA 1                         = MERCADORIA 2\n10 VARAS DE LINHO                 =  MEIO CASACO\n20 VARAS DE LINHO                 =  1 CASACO\n40 VARAS DE LINHO                 =  2 CASACO\n80 VARAS DE LINHO                 =  4 CASACO\nINTERNA                                   =  EXTERNA  \n\nMERCADORIA 1                         = MERCADORIA 2\nVALOR DE USO (COMPRADOR)     valor (nenhum)\n     VALOR    (MAGNITUDE)        =  VALOR USO\n_____________________________________________________________________________\nV\u00eddeo sugerido: \nO CAPITAL DE MARX: Valor N\u00c3O \u00e9 tempo de trabalho VID #3\nhttps:\/\/www.youtube.com\/watch?v=PlTU1qOnPF8\n\nA MERCADORIA | O CAPITAL DE MARX: Livro I: Cap. 1 VID #5\nhttps:\/\/www.youtube.com\/watch?v=1_FtWE_Os4s\n_____________________________________________________________________________\nSEJA MEMBRO e apoie o canal. Bot\u00e3o ADERIR acima ou: \nhttps:\/\/www.youtube.com\/channel\/UCRLEkZpNRoZQBG8kUTBD8vQ\/join\n\nV\u00eddeo sobre ser membro do canal:\nhttps:\/\/www.youtube.com\/watch?v=drvou-obBVU\n_____________________________________________________________________________\nSiga as p\u00e1ginas do canal Orienta\u00e7\u00e3o Marxista nas Redes Sociais\n\nFACEBOOK:    https:\/\/www.facebook.com\/Orienta\u00e7\u00e3o-Marxista-111673690190915\nTWITTER:       https:\/\/twitter.com\/orient_marxista\nINSTAGRAM: https:\/\/www.instagram.com\/orient.marxista\n_____________________________________________________________________________\nLeia o blog Teoria e Revolu\u00e7\u00e3o:\nhttps:\/\/teoriaerevolucao.pstu.org.br\n_____________________________________________________________________________\nO livro do autor desse canal (Marx e a Hist\u00f3ria: das particularidades nacionais \u00e0 universalidade da revolu\u00e7\u00e3o socialista )  pode ser adquirido nos seguintes endere\u00e7os:\nhttps:\/\/editorasundermann.com.br\/livro\/96-marx-e-a-hist%C3%B3ria\nhttps:\/\/www.estantevirtual.com.br\/busca?utf8=%E2%9C%93&q=gustavo+machado+marx\n\n#TeoriaDoValor #Marx #Dinheiro","original_language":"pt-BR","publication_date":"2020-12-17","duration":0,"url":"https:\/\/www.youtube.com\/watch?v=_NuJ95Wm7Bs","thumbnail":"thumbnails\/_NuJ95Wm7Bs.jpg"},{"video_id":"hYPCLececyA","channel_id":"UCRLEkZpNRoZQBG8kUTBD8vQ","title":"STEPHEN KANITZ: Marx administrador de empresas | REAGINDO EP #100","description":"ENTRETENIMENTO | Um tal de Stephen Kanitz explica que o problema de Marx \u00e9 n\u00e3o ter estudado administra\u00e7\u00e3o de empresa e n\u00e3o ter acesso a Excel. \nApenas para o divertimento geral.\nLink da p\u00e9rola:\nhttps:\/\/blog.kanitz.com.br\/karl-administracao\/?fbclid=IwAR21X4mA8hz9ghbQd3BI3e3CvAJxFFLeR_Z_ri5AW0_CA-DzYFZjsW-L-dY\n\nLink para o ANU\u00c1RIO ESTAT\u00cdSTICO DO ILAESE, o \"maiores e melhores\" da classe trabalhadora.\nhttp:\/\/ilaese.org.br\/anuario-estatistico-ilaese-trabalho-e-exploracao-2019-2\/\n\nO \"texto\"\n\nNa \u00e9poca de Karl Marx havia pouco capital e poucos capitalistas.\nTanto que os marxistas criaram como seu s\u00edmbolo a foice e o martelo, bens de capital que custam menos que R$ 10,00.\nUm tear mec\u00e2nico custava na \u00e9poca em torno de R$ 12.000,00, s\u00f3 que aumentava a produtividade do tecel\u00e3o em mais de 10 vezes.\nNum primeiro momento este aumento de produ\u00e7\u00e3o n\u00e3o chegava a afetar o pre\u00e7o do tecido que ficava praticamente igual, nem do trabalhador.\nOs primeiros donos de teares, os engenheiros texteis, passaram a ganhar nove vezes mais do que na produ\u00e7\u00e3o manual.\nO lucro inicialmente se tornou colossal.\nFoi isto que Karl Marx viu, e infelizmente achou que era o normal e n\u00e3o um fen\u00f4meno sui generis.\nDo dia para a noite, o lucro que era de 10% sobre um tecido passou a ser de 50%, uma baba. O que permitiu a compra de mais teares.\nPergunte a um empres\u00e1rio ou capitalista o que ele acha de fornecedores que embutem margens de lucro de 50%.\nGaranto que ele responder\u00e1 \u201cum bando de ladr\u00f5es\u201d, a mesma an\u00e1lise feita por Karl Marx. Como isto \u00e9 poss\u00edvel?\nKarl Marx n\u00e3o entendia de Processos Din\u00e2micos. Ele n\u00e3o tinha \u00e0 sua disposi\u00e7\u00e3o um Excel.\nN\u00e3o conseguiu ir al\u00e9m da sua an\u00e1lise da situa\u00e7\u00e3o da \u00e9poca, n\u00e3o conseguia simular o futuro nem como tudo isto iria terminar.\nSem Excel e Matem\u00e1tica de Processos Din\u00e2micos, Marx achava que os capitalistas seriam cada vez mais ricos, e os trabalhadores cada vez mais pobres.\nAchava que os engenheiros texteis iriam dominar o mundo, que seriam hoje os donos de bancos, telefonicas, da Apple.\nO que Karl Marx e os marxistas de hoje n\u00e3o  entendem?\nO m\u00ednimo de administra\u00e7\u00e3o.\nAs empresas reinvestem 90% dos seus lucros, devolvem por assim dizer a mais valia de Marx, de volta para a sociedade comprando mais e mais teares.\nMaior produtividade e mais teares come\u00e7avam a saturar o mercado da \u00e9poca e os pre\u00e7os despencaram. ...\"\n\nbl\u00e1 bl\u00e1 bl\u00e1\n\n_____________________________________________________________________________\nV\u00eddeos sugeridos: \nLiberalismo e Keynesianismo n\u00e3o funcionam. Introdu\u00e7\u00e3o \u00e0 sociedade capitalista EP #49\nhttps:\/\/www.youtube.com\/watch?v=D5_Ke8g4ttc\n\nPor que o capitalismo deu errado? 10 motivos EP #93\nhttps:\/\/www.youtube.com\/watch?v=ktUzxpaKIpg\n_____________________________________________________________________________\nSEJA MEMBRO e apoie o canal. Bot\u00e3o ADERIR acima ou: \nhttps:\/\/www.youtube.com\/channel\/UCRLEkZpNRoZQBG8kUTBD8vQ\/join\n\nV\u00eddeo sobre ser membro do canal:\nhttps:\/\/www.youtube.com\/watch?v=drvou-obBVU\n_____________________________________________________________________________\nSiga as p\u00e1ginas do canal Orienta\u00e7\u00e3o Marxista nas Redes Sociais\n\nFACEBOOK:    https:\/\/www.facebook.com\/Orienta\u00e7\u00e3o-Marxista-111673690190915\nTWITTER:       https:\/\/twitter.com\/orient_marxista\nINSTAGRAM: https:\/\/www.instagram.com\/orient.marxista\n_____________________________________________________________________________\nLeia o blog Teoria e Revolu\u00e7\u00e3o:\nhttps:\/\/teoriaerevolucao.pstu.org.br\n_____________________________________________________________________________\nO livro do autor desse canal (Marx e a Hist\u00f3ria: das particularidades nacionais \u00e0 universalidade da revolu\u00e7\u00e3o socialista )  pode ser adquirido nos seguintes endere\u00e7os:\nhttps:\/\/editorasundermann.com.br\/livro\/96-marx-e-a-hist%C3%B3ria\nhttps:\/\/www.estantevirtual.com.br\/busca?utf8=%E2%9C%93&q=gustavo+machado+marx\n\n#StephenKanitz #Administra\u00e7\u00e3o #Marx","original_language":"pt-BR","publication_date":"2020-12-13","duration":0,"url":"https:\/\/www.youtube.com\/watch?v=hYPCLececyA","thumbnail":"thumbnails\/hYPCLececyA.jpg"},{"video_id":"8EtxggUclcM","channel_id":"UCRLEkZpNRoZQBG8kUTBD8vQ","title":"O SAL\u00c1RIO |  O CAPITAL DE MARX: Livro I Caps. 17-20  VID #12","description":"00:00 In\u00edcio\n10:50 Localiza\u00e7\u00e3o das se\u00e7\u00f5es\n17:00 Cap\u00edtulos da se\u00e7\u00e3o VI\n19:38 Considera\u00e7\u00f5es sobre a se\u00e7\u00e3o VI\n35:00 Cap\u00edtulo 17: Transforma\u00e7\u00e3o do valor  da for\u00e7a de trabalho em sal\u00e1rio\n1:29:52 Cap\u00edtulo 18: O sal\u00e1rio  por tempo\n1:51:17 Cap\u00edtulo 19: O sal\u00e1rio por pe\u00e7a\n2:01:28 Cap\u00edtulo 20: Diversidade nacional dos sal\u00e1rios\n\nNeste v\u00eddeo comentamos os cap\u00edtulos 17-20 do Livro Primeiro de O Capital de Marx. Se\u00e7\u00e3o VI. Trata-se do cap\u00edtulos relativos ao sal\u00e1rio.\n_____________________________________________________________________________________\nCap\u00edtulos tratados:\nCapitulo XVII  \u2014 Transforma\u00e7\u00e3o do valor (ou pre\u00e7o) da for\u00e7a de trabalho em sal\u00e1rio\nCapitulo XVIII \u2014 O Sal\u00e1rio por Tempo\nCapitulo XIX   \u2014 O Sal\u00e1rio por Pe\u00e7a\nCapitulo XX    \u2014 Diversidade Nacional dos Sal\u00e1rios\n_____________________________________________________________________________________\nTemas tratados:\n\u21e8 OFERTA E DEMANDA\n\u21e8 FETICHE DA FORMA SAL\u00c1RIO\n\u21e8 DESTRINCHANDO A RELA\u00c7\u00c3O: FOR\u00c7A DE TRABALHO E TRABALHO\n\u21e8 ILUS\u00d5ES DA FORMA SAL\u00c1RIO\n\u21e8 N\u00c3O EXISTE VALOR DO TRABALHO\n\u21e8 LUTA PELA MANUTEN\u00c7\u00c3O DO SAL\u00c1RIO\n\u21e8 ILUS\u00c3O DO SAL\u00c1RIO JUSTO\n\u21e8 O SAL\u00c1RIO POR TEMPO\n\u21e8 SAL\u00c1RIO NOMINAL E SAL\u00c1RIO REAL\n\u21e8 SAL\u00c1RIO POR HORA\n\u21e8 SAL\u00c1RIO POR PE\u00c7A (UBER, YOUTUBE, ETC)\n\u21e8 A DIVERSIDADE NACIONAL DOS SAL\u00c1RIOS\n\u21e8 PARTICULARIDADES NACIONAIS E SAL\u00c1RIO\n\u21e8 MERCADO MUNDIAL E SAL\u00c1RIO\n_____________________________________________________________________________\nV\u00eddeos sugeridos: \nO CAPITAL DE MARX: Livro I: Cap. 1 A MERCADORIA VID #5\nhttps:\/\/www.youtube.com\/watch?v=1_FtWE_Os4s\nO CAPITAL DE MARX: Livro I: Cap. 2 e 3 O DINHEIRO VID #6\nhttps:\/\/www.youtube.com\/watch?v=J77f9M5WK4o\nO CAPITAL DE MARX: Livro I: Cap. 4 O CAPITAL EM GERAL VID #7\nhttps:\/\/www.youtube.com\/watch?v=KHiMps76FoQ\nO CAPITAL DE MARX: Livro I: Caps. 5-9 MAIS-VALIA ABSOLUTA VID #9\nhttps:\/\/www.youtube.com\/watch?v=iu3wFpgz4Bc\nO CAPITAL DE MARX: Livro I: Caps. 10-16 MAIS-VALIA RELATIVA VID #11\n https:\/\/youtu.be\/ScMgjGo5Y4A \n\n_____________________________________________________________________________\nSEJA MEMBRO e apoie o canal. Bot\u00e3o ADERIR acima ou: \nhttps:\/\/www.youtube.com\/channel\/UCRLEkZpNRoZQBG8kUTBD8vQ\/join\n\nV\u00eddeo sobre ser membro do canal:\nhttps:\/\/www.youtube.com\/watch?v=drvou-obBVU\n_____________________________________________________________________________\nSiga as p\u00e1ginas do canal Orienta\u00e7\u00e3o Marxista nas Redes Sociais\n\nFACEBOOK:    https:\/\/www.facebook.com\/Orienta\u00e7\u00e3o-Marxista-111673690190915\nTWITTER:       https:\/\/twitter.com\/orient_marxista\nINSTAGRAM: https:\/\/www.instagram.com\/orient.marxista\n_____________________________________________________________________________\nLeia o blog Teoria e Revolu\u00e7\u00e3o:\nhttps:\/\/teoriaerevolucao.pstu.org.br\n_____________________________________________________________________________\nO livro do autor desse canal (Marx e a Hist\u00f3ria: das particularidades nacionais \u00e0 universalidade da revolu\u00e7\u00e3o socialista )  pode ser adquirido nos seguintes endere\u00e7os:\nhttps:\/\/editorasundermann.com.br\/livro\/96-marx-e-a-hist%C3%B3ria\nhttps:\/\/www.estantevirtual.com.br\/busca?utf8=%E2%9C%93&q=gustavo+machado+marx\n\n#OCAPITALDEMARX  #OSal\u00e1rio #KarlMarx","original_language":"pt-BR","publication_date":"2020-12-09","duration":0,"url":"https:\/\/www.youtube.com\/watch?v=8EtxggUclcM","thumbnail":"thumbnails\/8EtxggUclcM.jpg"},{"video_id":"vsESJA8zh-o","channel_id":"UCRLEkZpNRoZQBG8kUTBD8vQ","title":"ENGELS | O mito de seu \"testamento\" pol\u00edtico EP #99","description":"ENGELS || Em homenagem aos 200 anos de Friedrich Engels, veremos nesse v\u00eddeo como um de seus \u00faltimos textos, a Introdu\u00e7\u00e3o ao as Lutas de Classes na Fran\u00e7a de Marx, teve seu conte\u00fado falsificado para justificar uma estrat\u00e9gia institucional, eleitoral, legal e oportunista de socialismo.\n\nArtigo sugerido de Francesco Ricci\nhttps:\/\/teoriaerevolucao.pstu.org.br\/o-testamento-falsificado-de-engels-uma-lenda-dos-oportunistas\/\n\nPassagens riscadas pela Diretoria do Partido em Berlim, alegando, segundo Engels, \u201cobje\u00e7\u00f5es motivadas pelo temor de projetos de lei contra subleva\u00e7\u00f5es\u201d.\n{Esse \u00e9 o ponto principal que se deve ter em conta ao analisar as chances de alguma luta de rua no futuro.}\n{Porventura isso significa que no futuro a luta de rua n\u00e3o ter\u00e1 mais nenhuma import\u00e2ncia? De modo algum. Isso significa que, desde 1848, as condi\u00e7\u00f5es se tornaram bem menos favor\u00e1veis para os combatentes civis e bem mais favor\u00e1veis para os militares. Uma luta de rua no futuro s\u00f3 poder\u00e1 ser vitoriosa se essa situa\u00e7\u00e3o desfavor\u00e1vel for compensada por outros momentos. Por isso, no in\u00edcio de uma grande revolu\u00e7\u00e3o ela ocorrer\u00e1 mais raramente do que em seu decurso e ter\u00e1 de ser empreendida com efetivos bem maiores. Mas, nesse caso, estes decerto preferir\u00e3o o ataque aberto \u00e0 t\u00e1tica passivadas barricadas, como ocorreu em toda a grande revolu\u00e7\u00e3o francesa, no dia 4 de setembro e no dia 31 de outubro de 1870 em Paris.}\n{, em toda parte foi relegado a segundo plano o ataque violento desferido sem prepara\u00e7\u00e3o}\nA nossa principal tarefa \u00e9 manter esse crescimento ininterruptamente em marcha at\u00e9 que ele por si s\u00f3 sobrepuje o sistema de governo atual [(vers\u00e3o 2:) dominante] {, sem desgastar em lutas vanguardistas, esse ajuntamento de poder que se refor\u00e7a a cada dia que passa, mas preservando-o intacto at\u00e9 o dia da decis\u00e3o}.\n\nCARTA DE FRIEDRICH ENGELS  a Richard Fischer  8 de Mar\u00e7o de 1895 (Trechos)\nNa medida do poss\u00edvel, tive em considera\u00e7\u00e3o as pesadas preocupa\u00e7\u00f5es que voc\u00eas possuem, muito embora, com a melhor das boas vontades, n\u00e3o possa entrever, nem sequer pela metade, em que reside o seu car\u00e1ter inquietante.[2]\n N\u00e3o posso certamente admitir que voc\u00eas queiram aderir, de corpo e alma, \u00e0 politica da legalidade absoluta, \u00e0 legalidade, em todas as circunst\u00e2ncias, \u00e0 legalidade, mesmo em face das leis desrepeitadas por seus pr\u00f3prios legisladores, em suma \u00e0 pol\u00edtica de dar a face esquerda \u00e0quele que bateu na face direita.   \n\u00c0s vezes, no \u201cVorw\u00e4rts (Avante)\u201d, nega-se, em verdade, a revolu\u00e7\u00e3o, com tanta dissipa\u00e7\u00e3o de energia, como antes era ela aconselhada \u2013 e talvez volte a s\u00ea-lo proximamente.\nPor\u00e9m, n\u00e3o posso considerar que isso seja o fator determinante.\nMinha opini\u00e3o \u00e9 que voc\u00eas n\u00e3o ganham nada, predicando a ren\u00fancia absoluta ao ato de golpear.\n\nDevo, igualmente, prestar considera\u00e7\u00e3o ao fato de que tamb\u00e9m os estrangeiros \u2013 os franceses, os ingleses, os su\u00ed\u00e7os, os austr\u00edacos, os italianos etc. \u2013 l\u00eaem os meus escritos e n\u00e3o posso absolutamente me comprometer tanto assim. (...)\nFiz tudo aquilo que me era poss\u00edvel para poupar-lhes transtornos, nesse debate.(...)\nLegalidade apenas e na medida em que nos conv\u00e9m.\n\nNenhuma legalidade, por\u00e9m, a qualquer pre\u00e7o, nem mesmo em uma frase sequer!\nDo teu\nF.E. \n\nCarta enviada a Paul Lafargue 3 de Abril de 1895: \n\u201cWilhelm Liebknecht aplicou-me, agora mesmo, um golpe de mau gosto. Retirou de minha introdu\u00e7\u00e3o aos ensaios de Marx sobre a Fran\u00e7a, de 1848 a 1850, tudo aquilo que lhe podia servir, para apoiar, a todo custo, a t\u00e1tica pac\u00edfica e refutadora da viol\u00eancia. \u201d\n\n_____________________________________________________________________________\nV\u00eddeos sugeridos: \nBOITEMPO: como falsificar um livro por meio da capa EP #27\nhttps:\/\/www.youtube.com\/watch?v=ST7xzMfo-2g\n\nMarx e as ELEI\u00c7\u00d5ES | Participar ou n\u00e3o? Para qu\u00ea? EP #86\nhttps:\/\/www.youtube.com\/watch?v=hVgDLpwDWgs\n_____________________________________________________________________________\nSEJA MEMBRO e apoie o canal. Bot\u00e3o ADERIR acima ou: \nhttps:\/\/www.youtube.com\/channel\/UCRLEkZpNRoZQBG8kUTBD8vQ\/join\n\nV\u00eddeo sobre ser membro do canal:\nhttps:\/\/www.youtube.com\/watch?v=drvou-obBVU\n_____________________________________________________________________________\nSiga as p\u00e1ginas do canal Orienta\u00e7\u00e3o Marxista nas Redes Sociais\n\nFACEBOOK:    https:\/\/www.facebook.com\/Orienta\u00e7\u00e3o-Marxista-111673690190915\nTWITTER:       https:\/\/twitter.com\/orient_marxista\nINSTAGRAM: https:\/\/www.instagram.com\/orient.marxista\n_____________________________________________________________________________\nLeia o blog Teoria e Revolu\u00e7\u00e3o:\nhttps:\/\/teoriaerevolucao.pstu.org.br\n_____________________________________________________________________________\nO livro do autor desse canal (Marx e a Hist\u00f3ria: das particularidades nacionais \u00e0 universalidade da revolu\u00e7\u00e3o socialista )  pode ser adquirido nos seguintes endere\u00e7os:\nhttps:\/\/editorasundermann.com.br\/livro\/96-marx-e-a-hist%C3%B3ria\nhttps:\/\/www.estantevirtual.com.br\/busca?utf8=%E2%9C%93&q=gustavo+machado+marx\n\n#Engels #Testamento #Elei\u00e7\u00f5es","original_language":"pt-BR","publication_date":"2020-12-01","duration":0,"url":"https:\/\/www.youtube.com\/watch?v=vsESJA8zh-o","thumbnail":"thumbnails\/vsESJA8zh-o.jpg"},{"video_id":"bwYonYdsZPs","channel_id":"UCRLEkZpNRoZQBG8kUTBD8vQ","title":"DIEGO ARMANDO MARADONA | Humano, demasiado humano EP #98","description":"V\u00eddeo de homenagem a Diego Armando Maradona. Epis\u00f3dios pouco conhecidos de sua trajet\u00f3ria como jogador e o motivo da tamanha e justificada como\u00e7\u00e3o p\u00fablica diante de sua morte.\n\n_____________________________________________________________________________\nV\u00eddeo sugerido: \n1979: Argentino Juniors 5 x 3 Boca Juniors\nhttps:\/\/www.youtube.com\/watch?v=YlYDOYaR47s\n\nCopa de 1986: todos os lances de Maradona\nhttps:\/\/www.youtube.com\/watch?v=Y_bLejFjBy8\n_____________________________________________________________________________\nSEJA MEMBRO e apoie o canal. Bot\u00e3o ADERIR acima ou: \nhttps:\/\/www.youtube.com\/channel\/UCRLEkZpNRoZQBG8kUTBD8vQ\/join\n\nV\u00eddeo sobre ser membro do canal:\nhttps:\/\/www.youtube.com\/watch?v=drvou-obBVU\n_____________________________________________________________________________\nSiga as p\u00e1ginas do canal Orienta\u00e7\u00e3o Marxista nas Redes Sociais\n\nFACEBOOK:    https:\/\/www.facebook.com\/Orienta\u00e7\u00e3o-Marxista-111673690190915\nTWITTER:       https:\/\/twitter.com\/orient_marxista\nINSTAGRAM: https:\/\/www.instagram.com\/orient.marxista\n_____________________________________________________________________________\nLeia o blog Teoria e Revolu\u00e7\u00e3o:\nhttps:\/\/teoriaerevolucao.pstu.org.br\n_____________________________________________________________________________\nO livro do autor desse canal (Marx e a Hist\u00f3ria: das particularidades nacionais \u00e0 universalidade da revolu\u00e7\u00e3o socialista )  pode ser adquirido nos seguintes endere\u00e7os:\nhttps:\/\/editorasundermann.com.br\/livro\/96-marx-e-a-hist%C3%B3ria\nhttps:\/\/www.estantevirtual.com.br\/busca?utf8=%E2%9C%93&q=gustavo+machado+marx\n\n#Maradona #DiegoArmandoMaradona","original_language":"es-419","publication_date":"2020-11-26","duration":0,"url":"https:\/\/www.youtube.com\/watch?v=bwYonYdsZPs","thumbnail":"thumbnails\/bwYonYdsZPs.jpg"},{"video_id":"qcfrp_UIvO4","channel_id":"UCRLEkZpNRoZQBG8kUTBD8vQ","title":"O Dilema das Redes (sociais) | Netflix COMENTANDO FILMES EP #97","description":"O DILEMA DAS REDES (SOCIAIS) | Comentando o document\u00e1rio recente da Netflix que aborda os algoritmos e os diversos efeitos produzidos pelas redes sociais ligados \u00e0 depend\u00eancia, manipula\u00e7\u00e3o, fakenews, teorias da conspira\u00e7\u00e3o etc...\nSer\u00e1 que o problema s\u00e3o as redes sociais propriamente ditas?\n\nResumo da baga\u00e7a\n1) \u201cNada grandioso entra na vida dos mortais sem uma maldi\u00e7\u00e3o\u201d S\u00f3focles\n2) Modelo de neg\u00f3cios \u00e9 o mesmo desde o s\u00e9culo XIX, ver cita\u00e7\u00e3o abaixo\n     \"Se voc\u00ea n\u00e3o paga pelo produto, voc\u00ea \u00e9 o produto\" (hahahaha n\u00e3o mesmo) \n3) Redes sociais n\u00e3o s\u00e3o o problema. O problema \u00e9 o que vira as redes sociais no capitalismo\n     a) Algoritmos s\u00e3o feitos para viciar, produzir manipula\u00e7\u00e3o\n     b) O objetivo n\u00e3o \u00e9 fornecer o que a pessoa quer, mas induzir a pessoa a utilizar qualquer conte\u00fado que gera depend\u00eancia e v\u00edcio.\n4) Por que as teorias da conspira\u00e7\u00e3o ganham for\u00e7a?\n5) H\u00e1 grande preocupa\u00e7\u00e3o da classe dominante com a estabilidade do sistema.\n6) Eles mesmos dizem n\u00e3o ser poss\u00edvel fazer muita coisa, j\u00e1 que toda tentativa de mudan\u00e7a se esbarrou no lucro dos acionistas.\n7) Termina com sa\u00eddas individuais.\n     \n\"Depois da Revolu\u00e7\u00e3o de Julho de 1830, os ideais do liberalismo encontraram o defensor incorrupt\u00edvel em Armand Carrel, editorialista do National, tipo de jornal de partido, jornal ideol\u00f3gico. Carrel morreu em duelo; quem o matou foi o seu concorrente \u00c9mile de Girardin, fundador da Presse, tipo do \u201cgrande jornal\u201d com muitos an\u00fancios e pouca ideologia. O acontecimento \u00e9 simb\u00f3lico. Simboliza o antagonismo entre jornalismo liberal e jornalismo capitalista, ambos, por\u00e9m, express\u00f5es da burguesia vitoriosa.\n\nGirardin, o assassino de Carrel, tinha fundado em 1836 La Presse; era um jornalista h\u00e1bil, capaz de ofender os inimigos com ironias mordazes e excitar as massas por meio de ataques violentos. Mas escrever n\u00e3o era amais importante das suas atividades jornal\u00edsticas. At\u00e9 ent\u00e3o os jornais foram bastante caros; Girardin barateou o pre\u00e7o das assinaturas, baseando o neg\u00f3cio, em vez da venda da tiragem, nos an\u00fancios.  Para garantir sucesso aos que deram an\u00fancios ao seu jornal, Girardin criou um p\u00fablico permanente e est\u00e1vel de leitores, publicando no folhetim um romance em s\u00e9rie, em continua\u00e7\u00f5es. O \u00eaxito dessa inven\u00e7\u00e3o foi t\u00e3o grande que at\u00e9 os jornais mais antigos, de digna tradi\u00e7\u00e3o ideol\u00f3gica, se viram obrigados a imitar o exemplo. As consequ\u00eancias dos an\u00fancios foram infinitas. Pela primeira vez a prosa na literatura se tornou mais importante do que os versos. O artigo inteiro, denunciando \"homens ignorantes de letras, invadindo a livraria e sonhando com ganhos quim\u00e9ricos\".\" \nCARPEAUX, Otto Maria. Hist\u00f3ria da Literatura Ocidental. Bras\u00edlia: Edi\u00e7\u00f5es do Senado Federal,. 2008. Vol. III. (pag. 1713-5)      \n_____________________________________________________________________________\nV\u00eddeo sugerido: \nPor que o capitalismo deu errado? 10 motivos EP #93\nhttps:\/\/www.youtube.com\/watch?v=ktUzxpaKIpg\n_____________________________________________________________________________\nSEJA MEMBRO e apoie o canal. Bot\u00e3o ADERIR acima ou: \nhttps:\/\/www.youtube.com\/channel\/UCRLEkZpNRoZQBG8kUTBD8vQ\/join\n\nV\u00eddeo sobre ser membro do canal:\nhttps:\/\/www.youtube.com\/watch?v=drvou-obBVU\n_____________________________________________________________________________\nSiga as p\u00e1ginas do canal Orienta\u00e7\u00e3o Marxista nas Redes Sociais\n\nFACEBOOK:    https:\/\/www.facebook.com\/Orienta\u00e7\u00e3o-Marxista-111673690190915\nTWITTER:       https:\/\/twitter.com\/orient_marxista\nINSTAGRAM: https:\/\/www.instagram.com\/orient.marxista\n_____________________________________________________________________________\nLeia o blog Teoria e Revolu\u00e7\u00e3o:\nhttps:\/\/teoriaerevolucao.pstu.org.br\n_____________________________________________________________________________\nO livro do autor desse canal (Marx e a Hist\u00f3ria: das particularidades nacionais \u00e0 universalidade da revolu\u00e7\u00e3o socialista )  pode ser adquirido nos seguintes endere\u00e7os:\nhttps:\/\/editorasundermann.com.br\/livro\/96-marx-e-a-hist%C3%B3ria\nhttps:\/\/www.estantevirtual.com.br\/busca?utf8=%E2%9C%93&q=gustavo+machado+marx\n\n#ODilemaDasRedes #Netflix #RedesSociais","original_language":"pt-BR","publication_date":"2020-11-24","duration":0,"url":"https:\/\/www.youtube.com\/watch?v=qcfrp_UIvO4","thumbnail":"thumbnails\/qcfrp_UIvO4.jpg"},{"video_id":"_KIk7SZtEBs","channel_id":"UCRLEkZpNRoZQBG8kUTBD8vQ","title":"KIM KATAGUIRI | Com esse gr\u00e1fico o capitalismo venceu EP #96","description":"KIM KATAGUIRI mostra gr\u00e1fico que demonstra o porqu\u00ea de o capitalismo ter dado certo.\nAgora eu entendi. Todas as pe\u00e7as se encaixaram!  \n\n_____________________________________________________________________________\nV\u00eddeos sugeridos:\nO \"marxismo cultural\" de Yago Martins EP #13\nhttps:\/\/www.youtube.com\/watch?v=AQluVqKfKLQ \n\nEmpobrecimento dos trabalhadores em Marx segundo CARLOS G\u00d3ES EP #81\nhttps:\/\/www.youtube.com\/watch?v=yDeJbDzaU6M\n\n_____________________________________________________________________________\nSEJA MEMBRO e apoie o canal. Bot\u00e3o ADERIR acima ou: \nhttps:\/\/www.youtube.com\/channel\/UCRLEkZpNRoZQBG8kUTBD8vQ\/join\n\nV\u00eddeo sobre ser membro do canal:\nhttps:\/\/www.youtube.com\/watch?v=drvou-obBVU\n_____________________________________________________________________________\nSiga as p\u00e1ginas do canal Orienta\u00e7\u00e3o Marxista nas Redes Sociais\n\nFACEBOOK:    https:\/\/www.facebook.com\/Orienta\u00e7\u00e3o-Marxista-111673690190915\nTWITTER:       https:\/\/twitter.com\/orient_marxista\nINSTAGRAM: https:\/\/www.instagram.com\/orient.marxista\n_____________________________________________________________________________\nLeia o blog Teoria e Revolu\u00e7\u00e3o:\nhttps:\/\/teoriaerevolucao.pstu.org.br\n_____________________________________________________________________________\nO livro do autor desse canal (Marx e a Hist\u00f3ria: das particularidades nacionais \u00e0 universalidade da revolu\u00e7\u00e3o socialista )  pode ser adquirido nos seguintes endere\u00e7os:\nhttps:\/\/editorasundermann.com.br\/livro\/96-marx-e-a-hist%C3%B3ria\nhttps:\/\/www.estantevirtual.com.br\/busca?utf8=%E2%9C%93&q=gustavo+machado+marx\n\n#KimKataguiri #Capitalismo #MBL","original_language":"pt-BR","publication_date":"2020-11-17","duration":0,"url":"https:\/\/www.youtube.com\/watch?v=_KIk7SZtEBs","thumbnail":"thumbnails\/_KIk7SZtEBs.jpg"},{"video_id":"oigCZ2KHbDc","channel_id":"UCRLEkZpNRoZQBG8kUTBD8vQ","title":"MARX E A HIST\u00d3RIA | O Marx que n\u00e3o te apresentaram EP #95","description":"MARX E A HIST\u00d3RIA | Nesse v\u00eddeo apresento pela primeira vez no canal, o conte\u00fado do livro que publiquei. \"Marx e a hist\u00f3ria: das particularidades nacionais \u00e0 universalidade da revolu\u00e7\u00e3o socialista\". Algo muito distinto do que vc est\u00e1 acostumado a ver por a\u00ed, ainda que apresentado por pessoas com r\u00f3tulos de especialistas. Segundo um trecho do pref\u00e1cio:\n\n\"como poderemos ver no curso do presente trabalho, aquelas m\u00faltiplas teorias universais da hist\u00f3ria que acompanham o conjunto dos manuais que tratam de Marx ir\u00e3o paulatinamente se apagando e ganhando nova face. No lugar de um fil\u00f3sofo da hist\u00f3ria que aponta suas leis gerais, emerge cada vez mais um aniquilador feroz de toda legalidade universal. No lugar de um cientista da sociedade burguesa, transparece o revolucion\u00e1rio que por nada se deixa intimidar. No lugar de um analista silencioso, distante e introspectivo, temos um personagem que se insere no pr\u00f3prio drama hist\u00f3rico que exp\u00f5e.\"\n_____________________________________________________________________________\nV\u00eddeo sugerido: \nApresenta\u00e7\u00e3o do Livro: Marx e a Hist\u00f3ria\nhttps:\/\/www.youtube.com\/watch?v=30tkgxUYuZU\n\nMATERIALISMO HIST\u00d3RICO? A lenda da teoria hist\u00f3ria em Marx EP #54\nhttps:\/\/www.youtube.com\/watch?v=kDsDOgCqHLQ\n\nMARX ERA EUROC\u00caNTRICO? O que \u00e9 eurocentrismo? EP #91\nhttps:\/\/www.youtube.com\/watch?v=hnUF_3J0G1I\n\nFEIRA DO LIVRO DA USP\nhttp:\/\/paineira.usp.br\/festadolivro\/\n_____________________________________________________________________________\nSEJA MEMBRO e apoie o canal. Bot\u00e3o ADERIR acima ou: \nhttps:\/\/www.youtube.com\/channel\/UCRLEkZpNRoZQBG8kUTBD8vQ\/join\n\nV\u00eddeo sobre ser membro do canal:\nhttps:\/\/www.youtube.com\/watch?v=drvou-obBVU\n_____________________________________________________________________________\nSiga as p\u00e1ginas do canal Orienta\u00e7\u00e3o Marxista nas Redes Sociais\n\nFACEBOOK:    https:\/\/www.facebook.com\/Orienta\u00e7\u00e3o-Marxista-111673690190915\nTWITTER:       https:\/\/twitter.com\/orient_marxista\nINSTAGRAM: https:\/\/www.instagram.com\/orient.marxista\n_____________________________________________________________________________\nLeia o blog Teoria e Revolu\u00e7\u00e3o:\nhttps:\/\/teoriaerevolucao.pstu.org.br\n_____________________________________________________________________________\nO livro do autor desse canal (Marx e a Hist\u00f3ria: das particularidades nacionais \u00e0 universalidade da revolu\u00e7\u00e3o socialista )  pode ser adquirido nos seguintes endere\u00e7os:\nhttps:\/\/editorasundermann.com.br\/livro\/96-marx-e-a-hist%C3%B3ria\nhttps:\/\/www.estantevirtual.com.br\/busca?utf8=%E2%9C%93&q=gustavo+machado+marx\n\n#Marx #Hist\u00f3ria #Quest\u00e3oNacional","original_language":"pt-BR","publication_date":"2020-11-14","duration":0,"url":"https:\/\/www.youtube.com\/watch?v=oigCZ2KHbDc","thumbnail":"thumbnails\/oigCZ2KHbDc.jpg"},{"video_id":"m8Xf0zCE4O0","channel_id":"UCRLEkZpNRoZQBG8kUTBD8vQ","title":"Sistema Eleitoral dos Estados Unidos e a Escravid\u00e3o EP #94","description":"Nesse v\u00eddeo iremos, em primeiro lugar, desfazer as lendas ditas pela imprensa brasileira sobre o sistema eleitoral dos Estados Unidos (tanto os favor\u00e1veis ao sistema, como aqueles contr\u00e1rios). Por exemplo, de que o sistema favorece os menores Estados, que seria uma engenharia antielitista, ou que os delegados s\u00e3o quem definem o presidente e n\u00e3o o voto.\n\nEm seguida, mostramos como esse sistema tem sua origem na escravid\u00e3o, existente apenas em alguns estados quando da unifica\u00e7\u00e3o dos Estados Unidos. Isto exigiu um sistema bem peculiar. Sua base n\u00e3o \u00e9 a mais ampla  democracia poss\u00edvel, mas adequar o sistema democr\u00e1tico capitalista \u00e0 Estados escravocratas.\n\nRefer\u00eancias (b\u00e1sica)\nAPTHEKER, HERBERT. Uma nova Hist\u00f3ria dos Estados Unidos: A era colonial. Rio de Janeiro: Civiliza\u00e7\u00e3o Brasileira, 1967.\n\nAPTHEKER, Herbert. Uma Nova Hist\u00f3ria dos Estados Unidos: a Revolu\u00e7\u00e3o Americana. Rio de Janeiro: Civiliza\u00e7\u00e3o Brasileira, 1969\n_____________________________________________________________________________\nV\u00eddeo sugerido: \nMortes do Capitalismo | AM\u00c9RICA: Exterm\u00ednio e Genoc\u00eddios EP #84\nhttps:\/\/www.youtube.com\/watch?v=HnXD56VEJMY\n_____________________________________________________________________________\nSEJA MEMBRO e apoie o canal. Bot\u00e3o ADERIR acima ou: \nhttps:\/\/www.youtube.com\/channel\/UCRLEkZpNRoZQBG8kUTBD8vQ\/join\n\n\nV\u00eddeo sobre ser membro do canal:\nhttps:\/\/www.youtube.com\/watch?v=drvou-obBVU\n_____________________________________________________________________________\nSiga as p\u00e1ginas do canal Orienta\u00e7\u00e3o Marxista nas Redes Sociais\n\nFACEBOOK:    https:\/\/www.facebook.com\/Orienta\u00e7\u00e3o-Marxista-111673690190915\nTWITTER:       https:\/\/twitter.com\/orient_marxista\nINSTAGRAM: https:\/\/www.instagram.com\/orient.marxista\n_____________________________________________________________________________\nLeia o blog Teoria e Revolu\u00e7\u00e3o:\nhttps:\/\/teoriaerevolucao.pstu.org.br\n_____________________________________________________________________________\nO livro do autor desse canal (Marx e a Hist\u00f3ria: das particularidades nacionais \u00e0 universalidade da revolu\u00e7\u00e3o socialista )  pode ser adquirido nos seguintes endere\u00e7os:\nhttps:\/\/editorasundermann.com.br\/livro\/96-marx-e-a-hist%C3%B3ria\nhttps:\/\/www.estantevirtual.com.br\/busca?utf8=%E2%9C%93&q=gustavo+machado+marx\n\n#SistemaEleitoral #EstadosUnidos #Col\u00e9gioEleitoral","original_language":"pt-BR","publication_date":"2020-11-07","duration":0,"url":"https:\/\/www.youtube.com\/watch?v=m8Xf0zCE4O0","thumbnail":"thumbnails\/m8Xf0zCE4O0.jpg"},{"video_id":"ktUzxpaKIpg","channel_id":"UCRLEkZpNRoZQBG8kUTBD8vQ","title":"Por que o capitalismo deu errado? 10 motivos EP #93","description":"POR QUE O CAPITALISMO DEU ERRADO? | 10 motivos de porque o capitalismo faz da SUA vida um inferno. N\u00e3o funciona e nunca ir\u00e1 funcionar, seja administrado ao modo liberal ou intervencionista.\n\nPor que o capitalismo deu errado:\n1 - INEFICIENTE\n     \u21e8 Massa de pessoas sem trabalho ou no trabalho informal\n     \u21e8 Empresas que prevalessem s\u00e3o as de maior capital, n\u00e3o as de melhor servi\u00e7o ou produto.\n     \u21e8 O que n\u00e3o d\u00e1 retorno a curto e m\u00e9dio prazo, n\u00e3o compensa.\n     \u21e8 Pessoas n\u00e3o s\u00e3o estimuladas a apostar no que s\u00e3o mais capazes, mas o que d\u00e1 $\n     \u21e8 Produz aus\u00eancia de demanda, por incapacidade financeira de adquirir, n\u00e3o por falta de interesse\n\n2 - N\u00c3O FAVORECE O RISCO\n     \u21e8 Tudo que d\u00e1 errado \u00e9 pago individualmente, arriscar por qu\u00ea?\n     \u21e8 Massa das pessoas n\u00e3o tem recursos para arriscar nada. E quem tem, n\u00e3o quer coloc\u00e1-lo em risco.\n     \u21e8 Bancos e a\u00e7\u00f5es existem para retirar o risco ou minimiz\u00e1-lo aos propriet\u00e1rios.     \n     \u21e8 As empresas terceirizam o risco para o Estado\n     \n3 - NEGA AS DIFEREN\u00c7AS\n     \u21e8 submete tudo que \u00e9 qualitativo a um par\u00e2metro quantitativo: dinheiro e capital\n     \u21e8 pessoas realmente ricas sobrevivem (acionistas - jogando com a\u00e7\u00f5es a\u00e7\u00f5es, independente do que acontece\n     \u21e8 escolhas dependem mais do retorno financeiro, que das capacidades e interesses.\n     \n4 - AUS\u00caNCIA DE LIBERDADE\n     \u21e8 Formalmente vc pode fazer tudo, mas as condi\u00e7\u00f5es para realizar raramente s\u00e3o dadas.\n     \u21e8 A condi\u00e7\u00e3o para fazer algo \u00e9 o acesso ao capital: expropria\u00e7\u00e3o\n     \u21e8 Ser livre, significa ter consci\u00eancia das necessidades das condi\u00e7\u00f5es. Imposs\u00edvel no capitalismo.\n     \u21e8 Parte expressiva dos recursos s\u00e3o destinados a seguran\u00e7a\n     \n5 - ANTI-MERITOCR\u00c1TICO\n     \u21e8 Os grandes capitalistas n\u00e3o desenvolveram nem projetaram nada.\n     \u21e8 Quem ganha os frutos de seu m\u00e9rito \u00e9 o empregador.\n     \u21e8 N\u00e3o adianta ter uma boa ideia. \u00c9 preciso ter capital para implement\u00e1-la OU\n     \u21e8 Outros v\u00e3o colher os frutos de seu m\u00e9rito\n     \n6 - TODO AVAN\u00c7O GERA RETROCESSOS\n     \u21e8 Avan\u00e7os tecnol\u00f3gicos geram desemprego\n     \n7 - FRAGMENTA O CONHECIMENTO\n     \u21e8 Conhecimento de cada empresa est\u00e1 sob segredo comercial\n     \u21e8 Somente conhecimentos abstratos s\u00e3o compartilhados nas universidades\n     \u21e8 Veja na pandemia: milhares de iniciativas individuais para vacina\n     \n8 - N\u00c3O ESTIMULA O CONHECIMENTO\n     \u21e8 Reduz ao m\u00ednimo poss\u00edvel a necessidade de trabalho qualificado. Palavra de ordem: reduzir a depend\u00eancia do trabalhador.\n     \n9 - \u00c9 IRRACIONAL\n     \u21e8 Livre concorr\u00eancia gera monop\u00f3lio, mas precisa da livre concorr\u00eancia para existir.\n     \u21e8 Imposto estatal reduz taxa de lucro, mas precisa do Estado para socorr\u00ea-los e garantir a perman\u00eancia do sistema.\n     \n10 - PRODUZ INTERNAMENTE SUAS PR\u00d3PRIAS CRISES\n     \u21e8 Crises absurdas. N\u00e3o h\u00e1 falta de produtos e de riqueza. H\u00e1 crise porque tem muita riqueza.\n     \u21e8 Eleva\u00e7\u00e3o da produ\u00e7\u00e3o de riqueza \u00e9 estimulada diminuindo ao m\u00e1ximo a capacidade de aquisi\u00e7\u00e3o daqueles que v\u00e3o consumi-la.\n_____________________________________________________________________________\nV\u00eddeo sugerido: \nMERITOCRACIA | Capitalismo NUNCA foi meritocr\u00e1tico EP #68\nhttps:\/\/www.youtube.com\/watch?v=qaQsDe47r7Q\n\n_____________________________________________________________________________\nSEJA MEMBRO e apoie o canal. Bot\u00e3o ADERIR acima ou: \nhttps:\/\/www.youtube.com\/channel\/UCRLEkZpNRoZQBG8kUTBD8vQ\/join\n\nV\u00eddeo sobre ser membro do canal:\nhttps:\/\/www.youtube.com\/watch?v=drvou-obBVU\n_____________________________________________________________________________\nSiga as p\u00e1ginas do canal Orienta\u00e7\u00e3o Marxista nas Redes Sociais\n\nFACEBOOK:    https:\/\/www.facebook.com\/Orienta\u00e7\u00e3o-Marxista-111673690190915\nTWITTER:       https:\/\/twitter.com\/orient_marxista\nINSTAGRAM: https:\/\/www.instagram.com\/orient.marxista\n_____________________________________________________________________________\nLeia o blog Teoria e Revolu\u00e7\u00e3o:\nhttps:\/\/teoriaerevolucao.pstu.org.br\n_____________________________________________________________________________\nO livro do autor desse canal (Marx e a Hist\u00f3ria: das particularidades nacionais \u00e0 universalidade da revolu\u00e7\u00e3o socialista )  pode ser adquirido nos seguintes endere\u00e7os:\nhttps:\/\/editorasundermann.com.br\/livro\/96-marx-e-a-hist%C3%B3ria\nhttps:\/\/www.estantevirtual.com.br\/busca?utf8=%E2%9C%93&q=gustavo+machado+marx\n\n#Capitalismo #Mercado #Estado","original_language":"pt-BR","publication_date":"2020-11-01","duration":0,"url":"https:\/\/www.youtube.com\/watch?v=ktUzxpaKIpg","thumbnail":"thumbnails\/ktUzxpaKIpg.jpg"},{"video_id":"h6XdhEQU0U4","channel_id":"UCRLEkZpNRoZQBG8kUTBD8vQ","title":"LOSURDO: O socialismo do GULAG | Marie exp\u00f5e um picareta  EP #92","description":"Comentando resenha de um dos mais importantes historiadores da URSS a respeito do livro de Losurdo sobre St\u00e1lin. O autor rapidamente se cansa de analisar um texto com defici\u00eancias t\u00e3o elementares e del\u00edrios t\u00e3o evidentes \"Seria bom pararmos um pouco de desmontar as (facilmente desmont\u00e1veis) fantasias de Losurdo.\"\n\n\nLink para a resenha de Jean-Jacques Marie: https:\/\/contrapoder.net\/artigo\/o-socialismo-do-gulag\/\nLink para a \"resposta\" de Domenico Lo\"surdo\": https:\/\/vermelho.org.br\/2011\/04\/09\/domenico-losurdo-stalin-e-o-pensamento-primitivo\/\n\n_____________________________________________________________________________\nV\u00eddeos sugeridos: \nO ST\u00c1LIN de DOMENICO LOSURDO: manual de charlatanice EP #22\nhttps:\/\/www.youtube.com\/watch?v=cSsyKXK-oUg\n\n\nRespondendo coment\u00e1rios: O ST\u00c1LIN de LOSURDO EP #23\nhttps:\/\/www.youtube.com\/watch?v=UCF7qo_161o\n\n\nST\u00c1LIN: uma an\u00e1lise (des)equilibrada EP #19\nhttps:\/\/www.youtube.com\/watch?v=fC73P1UqWeM\n\n\nTrecho do artigo:\nA deporta\u00e7\u00e3o das minorias \u00e9tnicas\u2026 \u201cuma falta de bom senso\u201d!\n\nOs argumentos de Losurdo se resumem, em geral, a um esquema simples: \u201cTodos os Estados e todos os governos fazem o mesmo! O que h\u00e1, assim, que reprovar em Stalin?\u201d Nesse sentido, ele cita esse fragmento em que o Relat\u00f3rio Krushchev denuncia as deporta\u00e7\u00f5es de algumas minorias \u00e9tnicas em 1943-44 [...]\n\nO Informe Krushchev enumera apenas cinco povos deportados, de um total de doze que sofreram esse destino e que Losurdo \u2013 que, de forma alguma reprova essa opini\u00e3o seletiva \u2013 tomo o cuidado de n\u00e3o enumerar. Losurdo evoca em poucas palavras \u201co horror do castigo coletivo\u201d. Por\u00e9m, feita essa concess\u00e3o humanit\u00e1ria a uma trag\u00e9dia que viu perecer cerca de um quarto dos deportados \u2013 sobretudo velhos e crian\u00e7as \u2013 durante o intermin\u00e1vel deslocamento [...]\n\nNa sequ\u00eancia, ele menciona a expuls\u00e3o dos han do Tibete pelo ultrarreacion\u00e1rio Dalai Lama, que flertou por um momento com os nazistas; depois, tamb\u00e9m a reclus\u00e3o em campos de todos os cidad\u00e3os estadunidenses de origem japonesa pelo presidente democrata Roosevelt, em 1942. Desse modo, o fil\u00f3sofo italiano conclui, de modo doce e tranquilo: \u201cainda que n\u00e3o estivesse distribu\u00edda equitativamente, a falta de \u2018bom senso\u2019 estava bem difundida entre os l\u00edderes pol\u00edticos do s\u00e9culo XX\u201d. Pronto, tudo resolvido!\n\nAssim, na p\u00e1tria triunfante do socialismo (porque, para Losurdo, o socialismo de fato floresceu na URSS), que levou \u00e0 cabo a unidade dos povos, \u00e9 normal que se utilize os mesmos procedimentos que empregam os chefes dos pa\u00edses capitalistas, ou um obscurantista feudal, ou at\u00e9 mesmo o Czar Nicolau II. Este \u00faltimo, em 1915, em resposta \u00e0 ofensiva alem\u00e3, fez deslocarem-se para o leste meio milh\u00e3o de judeus, oficiosamente suspeitos de espionagem a favor dos alem\u00e3es.\n\nMas a refer\u00eancia justificadora \u00e9 pouco afortunada, pois, por mais b\u00e1rbaro que tenha sido esse deslocamento, ele provocou muito menos mortes que o dos coreanos \u201csovi\u00e9ticos\u201d em 1937 (na aus\u00eancia de qualquer guerra), considerados coletivamente como espi\u00f5es potenciais a cargo do Jap\u00e3o, e que haviam fugido do terror que o Jap\u00e3o desencadeava em seu pa\u00eds; ou ent\u00e3o o dos t\u00e1rtaros da Crimeia, dos calmucos, dos chechenos e dos inguches, em 1944. Devemos ressaltar que a deporta\u00e7\u00e3o desses dois \u00faltimos povos \u00e9 uma das causas da trag\u00e9dia que vive essa regi\u00e3o h\u00e1 cerca de vinte anos. O legado de Stalin ainda faz correr sangue em nossos dias.\n\nLosurdo utiliza o mesmo argumento quando faz refer\u00eancia ao Gulag, enumerando todos os horrores dos campos de concentra\u00e7\u00e3o dos pa\u00edses coloniais.\n_____________________________________________________________________________\nSEJA MEMBRO e apoie o canal. Bot\u00e3o ADERIR acima ou: \nhttps:\/\/www.youtube.com\/channel\/UCRLEkZpNRoZQBG8kUTBD8vQ\/join\n\nV\u00eddeo sobre ser membro do canal:\nhttps:\/\/www.youtube.com\/watch?v=drvou-obBVU\n_____________________________________________________________________________\nSiga as p\u00e1ginas do canal Orienta\u00e7\u00e3o Marxista nas Redes Sociais\n\nFACEBOOK:    https:\/\/www.facebook.com\/Orienta\u00e7\u00e3o-Marxista-111673690190915\nTWITTER:       https:\/\/twitter.com\/orient_marxista\nINSTAGRAM: https:\/\/www.instagram.com\/orient.marxista\n_____________________________________________________________________________\nLeia o blog Teoria e Revolu\u00e7\u00e3o:\nhttps:\/\/teoriaerevolucao.pstu.org.br\n_____________________________________________________________________________\nO livro do autor desse canal (Marx e a Hist\u00f3ria: das particularidades nacionais \u00e0 universalidade da revolu\u00e7\u00e3o socialista )  pode ser adquirido nos seguintes endere\u00e7os:\nhttps:\/\/editorasundermann.com.br\/livro\/96-marx-e-a-hist%C3%B3ria\nhttps:\/\/www.estantevirtual.com.br\/busca?utf8=%E2%9C%93&q=gustavo+machado+marx\n\n#DomenicoLosurdo #URSS #Gulag","original_language":"pt-BR","publication_date":"2020-10-29","duration":0,"url":"https:\/\/www.youtube.com\/watch?v=h6XdhEQU0U4","thumbnail":"thumbnails\/h6XdhEQU0U4.jpg"},{"video_id":"hnUF_3J0G1I","channel_id":"UCRLEkZpNRoZQBG8kUTBD8vQ","title":"MARX ERA EUROC\u00caNTRICO? O que \u00e9 eurocentrismo? EP #91","description":"Nesse v\u00eddeo discutimos o significado de eurocentrismo e o uso tosco e arbitr\u00e1rio do temo nos dias de hoje; que ao ver eurocentrismo em tudo, n\u00e3o \u00e9 capaz de identific\u00e1-lo onde ele de fato existe.\n\nBibliografia mencionada\nANDERSON, Kevin. Marx nas Margens: nacionalismos, etnias e sociedades n\u00e3o ocidentais. S\u00e3o Paulo: Boitempo Editorial, 2019.\nMACHADO, Gustavo. Marx e a Hist\u00f3ria: das particularidades nacionais\n\u00e0 universalidade da revolu\u00e7\u00e3o socialista. S\u00e3o Paulo: Editora Jos\u00e9 Lu\u00eds e\nRosa Sundermann, 2018. \nKOHAN, Nestor. Marx en su (Tercer) Mundo: Hacia un socialismo no colonizado. Buenos Aires: Biblos, 1998.\nLOWY(Introdu\u00e7\u00e3o). MARX. Lutas de Classes na R\u00fassia. S\u00e3o Paulo: Boitempo Editorial, 2013b. \n\n_____________________________________________________________________________\nV\u00eddeo sugerido: \nMORTES DO CAPITALISMO | \"Livre\" mercado \u00e9 criado pela viol\u00eancia (Estatal) EP #70\nhttps:\/\/www.youtube.com\/watch?v=vJd_ViEeiTM\n_____________________________________________________________________________\nSEJA MEMBRO e apoie o canal. Bot\u00e3o ADERIR acima ou: \nhttps:\/\/www.youtube.com\/channel\/UCRLEkZpNRoZQBG8kUTBD8vQ\/join\n\nV\u00eddeo sobre ser membro do canal:\nhttps:\/\/www.youtube.com\/watch?v=drvou-obBVU\n_____________________________________________________________________________\nSiga as p\u00e1ginas do canal Orienta\u00e7\u00e3o Marxista nas Redes Sociais\n\nFACEBOOK:    https:\/\/www.facebook.com\/Orienta\u00e7\u00e3o-Marxista-111673690190915\nTWITTER:       https:\/\/twitter.com\/orient_marxista\nINSTAGRAM: https:\/\/www.instagram.com\/orient.marxista\n_____________________________________________________________________________\nLeia o blog Teoria e Revolu\u00e7\u00e3o:\nhttps:\/\/teoriaerevolucao.pstu.org.br\n_____________________________________________________________________________\nO livro do autor desse canal (Marx e a Hist\u00f3ria: das particularidades nacionais \u00e0 universalidade da revolu\u00e7\u00e3o socialista )  pode ser adquirido nos seguintes endere\u00e7os:\nhttps:\/\/editorasundermann.com.br\/livro\/96-marx-e-a-hist%C3%B3ria\nhttps:\/\/www.estantevirtual.com.br\/busca?utf8=%E2%9C%93&q=gustavo+machado+marx\n\n#Marx #Eurocentrismo #Euroc\u00eantrico","original_language":"pt-BR","publication_date":"2020-10-28","duration":0,"url":"https:\/\/www.youtube.com\/watch?v=hnUF_3J0G1I","thumbnail":"thumbnails\/hnUF_3J0G1I.jpg"},{"video_id":"QGvNePeLlYQ","channel_id":"UCRLEkZpNRoZQBG8kUTBD8vQ","title":"ROSDOLSKY: G\u00eanese e estrutura de O Capital de Marx | SUGERINDO LIVROS EP #90","description":"G\u00eanese e estrutura de O Capital de Marx.\nUma das mais importantes obras sobre Marx e O Capital. Entenda a trajet\u00f3ria do autor e, por meio desta, como o stalinismo contribuiu para sepultar a obra, teoria e a\u00e7\u00e3o marxistas.\n\nTrecho do pref\u00e1cio que foi feita a leitura no v\u00eddeo:\n\"Para  terminar,  algumas  palavras  \"por conta da casa\".  O  autor  n\u00e3o  \u00e9  nem  economista  nem  fil\u00f3sofo  ex  professo.  Por  isso,  n\u00e3o  se  atreveria  a  escrever  um coment\u00e1rio aos Grundrisse se ainda existisse hoje \u2014 como existia na primeira ter\u00e7a parte deste s\u00e9culo \u2014 uma escola de te\u00f3ricos marxistas que estives-sem mais preparados para cumprir a tarefa. Mas a \u00faltima gera\u00e7\u00e3o de te\u00f3ricos marxistas dignos deste nome j\u00e1 nos deixou, na maioria dos casos como v\u00edtimas do terror, hitlerista ou stalinista. Isso interrompeu por d\u00e9cadas o desenvolvimento  do  patrim\u00f4nio  ideol\u00f3gico  marxista.  Sob  tais  circunst\u00e2ncias,o  autor  se  considera  na  obriga\u00e7\u00e3o  de  apresentar  aos  leitores  o  seu  trabalho\u2014  por  mais  limitado  e  incompleto  que  possa  ser  \u2014,  na  esperan\u00e7a  de  que depois dele venha gente mais jovem, para quem a teoria de Marx volte a ser uma fonte viva de conhecimentos e da pr\u00e1tica que se guia por ela.\"\n\nLink para o livro:\nhttps:\/\/edisciplinas.usp.br\/pluginfile.php\/377848\/mod_resource\/content\/1\/ROSDOLKSY%2C%20Roman.%20G%C3%AAnese%20e%20estrutura%20do%20Capital.pdf\nArtigo de minha autoria que oferece uma contribui\u00e7\u00e3o para o tema do modo de exposi\u00e7\u00e3o em O Capital de Marx. Tratado com mais detalhes do cap\u00edtulo III de meu Livro.\nhttp:\/\/www.verinotio.org\/sistema\/index.php\/verinotio\/article\/view\/278\/266\n\nInteressante resenha de Hector Benoit sobre o livro de Rosdolsky (p\u00e1gina 123):\nhttp:\/\/outubrorevista.com.br\/wp-content\/uploads\/2015\/02\/Revista-Outubro-Edic%CC%A7a%CC%83o-7-Resenhas.pdf\n_____________________________________________________________________________\nV\u00eddeo sugerido: \n\nO CAPITAL DE MARX: Comentadores e Int\u00e9rpretes VID #2\n\nhttps:\/\/www.youtube.com\/watch?v=Ls58vsDZF6Y\n_____________________________________________________________________________\nSEJA MEMBRO e apoie o canal. Bot\u00e3o ADERIR acima ou: \nhttps:\/\/www.youtube.com\/channel\/UCRLEkZpNRoZQBG8kUTBD8vQ\/join\n\nV\u00eddeo sobre ser membro do canal:\nhttps:\/\/www.youtube.com\/watch?v=drvou-obBVU\n_____________________________________________________________________________\nSiga as p\u00e1ginas do canal Orienta\u00e7\u00e3o Marxista nas Redes Sociais\n\nFACEBOOK:    https:\/\/www.facebook.com\/Orienta\u00e7\u00e3o-Marxista-111673690190915\nTWITTER:       https:\/\/twitter.com\/orient_marxista\nINSTAGRAM: https:\/\/www.instagram.com\/orient.marxista\n_____________________________________________________________________________\nLeia o blog Teoria e Revolu\u00e7\u00e3o:\nhttps:\/\/teoriaerevolucao.pstu.org.br\n_____________________________________________________________________________\nO livro do autor desse canal (Marx e a Hist\u00f3ria: das particularidades nacionais \u00e0 universalidade da revolu\u00e7\u00e3o socialista )  pode ser adquirido nos seguintes endere\u00e7os:\nhttps:\/\/editorasundermann.com.br\/livro\/96-marx-e-a-hist%C3%B3ria\nhttps:\/\/www.estantevirtual.com.br\/busca?utf8=%E2%9C%93&q=gustavo+machado+marx\n\n#Rom\u00e1nRosdolsky #OCapital #SugerindoLivros","original_language":"pt-BR","publication_date":"2020-10-22","duration":0,"url":"https:\/\/www.youtube.com\/watch?v=QGvNePeLlYQ","thumbnail":"thumbnails\/QGvNePeLlYQ.jpg"},{"video_id":"y8mNv4dKJuI","channel_id":"UCRLEkZpNRoZQBG8kUTBD8vQ","title":"NERDOLOGIA: Quem programou o \"livre\" mercado? | REAGINDO EP #89","description":"Nesse v\u00eddeo reagimos a publica\u00e7\u00e3o recente do canal Nerdologia de Atila Iamarino. Atila sustenta que o livre mercado \u00e9 como um computador, ou um formigueiro, em que de modo impessoal as coisas s\u00e3o alocadas de forma mais eficiente e produtiva. Ser\u00e1?\nColocamos as seguintes perguntas no react:\nQuem programou o livre mercado?\nEficiente para quem?\nSocialismo \u00e9 a defesa de que poucas pessoas definam tudo?\n\u00c9 preciso saber todas rela\u00e7\u00f5es que ocorrem na sociedade para tomar uma decis\u00e3o sobre a pr\u00f3pria sociedade?\nE por a\u00ed vai...\n\nO v\u00eddeo do Atila \u00e9 o seguinte:\nO livre mercado \u00e9 um computador | Nerdologia\nhttps:\/\/www.youtube.com\/watch?v=HR8OQqwppJY\n_______________________________________________________________________________\nV\u00eddeos sugeridos: \nMERITOCRACIA | Capitalismo NUNCA foi meritocr\u00e1tico EP #68 \nhttps:\/\/www.youtube.com\/watch?v=qaQsDe47r7Q\n\nLIBERALISMO \u00e9 cren\u00e7a teol\u00f3gica: Guedes e Constantino explicam EP #42\nhttps:\/\/www.youtube.com\/watch?v=wJRGTod8NH4\n_______________________________________________________________________________\nSEJA MEMBRO e apoie o canal. Bot\u00e3o ADERIR acima ou: \nhttps:\/\/www.youtube.com\/channel\/UCRLEkZpNRoZQBG8kUTBD8vQ\/join\n\nV\u00eddeo sobre ser membro do canal:\nhttps:\/\/www.youtube.com\/watch?v=drvou-obBVU\n_______________________________________________________________________________\nSiga as p\u00e1ginas do canal Orienta\u00e7\u00e3o Marxista nas Redes Sociais\n\nFACEBOOK:    https:\/\/www.facebook.com\/Orienta\u00e7\u00e3o-Marxista-111673690190915\nTWITTER:       https:\/\/twitter.com\/orient_marxista\nINSTAGRAM: https:\/\/www.instagram.com\/orient.marxista\n_______________________________________________________________________________\nLeia o blog Teoria e Revolu\u00e7\u00e3o:\nhttps:\/\/teoriaerevolucao.pstu.org.br\n_______________________________________________________________________________\nO livro do autor desse canal (Marx e a Hist\u00f3ria: das particularidades nacionais \u00e0 universalidade da revolu\u00e7\u00e3o socialista )  pode ser adquirido nos seguintes endere\u00e7os:\nhttps:\/\/editorasundermann.com.br\/livro\/96-marx-e-a-hist%C3%B3ria\nhttps:\/\/www.estantevirtual.com.br\/busca?utf8=%E2%9C%93&q=gustavo+machado+marx\n\n#\u00c1tilaIamarino #Nerdologia #LivreMercado","original_language":"pt-BR","publication_date":"2020-10-17","duration":0,"url":"https:\/\/www.youtube.com\/watch?v=y8mNv4dKJuI","thumbnail":"thumbnails\/y8mNv4dKJuI.jpg"},{"video_id":"nCF4fturrxc","channel_id":"UCRLEkZpNRoZQBG8kUTBD8vQ","title":"Como me tornei marxista (e trotskista) EP #88","description":"COMO ME TORNEI MARXISTA | V\u00eddeo especial no momento que o canal atinge 1 milh\u00e3o de visualiza\u00e7\u00f5es. Explico um pouco de minha trajet\u00f3ria e como me tornei marxista.\n_______________________________________________________________________________\nSEJA MEMBRO e apoie o canal. Bot\u00e3o ADERIR acima ou: \nhttps:\/\/www.youtube.com\/channel\/UCRLEkZpNRoZQBG8kUTBD8vQ\/join\n\nV\u00eddeo sobre ser membro do canal:\nhttps:\/\/www.youtube.com\/watch?v=drvou-obBVU\n_______________________________________________________________________________\nSiga as p\u00e1ginas do canal Orienta\u00e7\u00e3o Marxista nas Redes Sociais\n\nFACEBOOK:    https:\/\/www.facebook.com\/Orienta\u00e7\u00e3o-Marxista-111673690190915\nTWITTER:       https:\/\/twitter.com\/orient_marxista\nINSTAGRAM: https:\/\/www.instagram.com\/orient.marxista\n_______________________________________________________________________________\nLeia o blog Teoria e Revolu\u00e7\u00e3o:\nhttps:\/\/teoriaerevolucao.pstu.org.br\n_______________________________________________________________________________\nO livro do autor desse canal (Marx e a Hist\u00f3ria: das particularidades nacionais \u00e0 universalidade da revolu\u00e7\u00e3o socialista )  pode ser adquirido nos seguintes endere\u00e7os:\nhttps:\/\/editorasundermann.com.br\/livro\/96-marx-e-a-hist%C3%B3ria\nhttps:\/\/www.estantevirtual.com.br\/busca?utf8=%E2%9C%93&q=gustavo+machado+marx\n\n#Marxismo #Orienta\u00e7\u00e3oMarxista #Trotskista","original_language":"pt-BR","publication_date":"2020-10-16","duration":0,"url":"https:\/\/www.youtube.com\/watch?v=nCF4fturrxc","thumbnail":"thumbnails\/nCF4fturrxc.jpg"},{"video_id":"Zct-oMlTKkw","channel_id":"UCRLEkZpNRoZQBG8kUTBD8vQ","title":"PAULO KOGOS: a metaf\u00edsica do Estado (mercado) | REAGINDO EP #87","description":"O ancap cat\u00f3lico que ainda n\u00e3o escolheu a qual senhor ele serve. O Deus do cristianismo ou o deus Mercado. REAGINDO E COMENTADO: PAULO KOGOS | A metaf\u00edsica do mercado. \n_______________________________________________________________________________\nSEJA MEMBRO e apoie o canal. Bot\u00e3o ADERIR acima ou: \nhttps:\/\/www.youtube.com\/channel\/UCRLEkZpNRoZQBG8kUTBD8vQ\/join\n\nV\u00eddeo sobre ser membro do canal:\nhttps:\/\/www.youtube.com\/watch?v=drvou-obBVU\n_______________________________________________________________________________\nV\u00eddeo sugerido: \nLIBERALISMO \u00e9 cren\u00e7a teol\u00f3gica: Guedes e Constantino explicam EP #42\n\nhttps:\/\/www.youtube.com\/watch?v=wJRGTod8NH4\n_______________________________________________________________________________\nSiga as p\u00e1ginas do canal Orienta\u00e7\u00e3o Marxista nas Redes Sociais\n\nFACEBOOK:    https:\/\/www.facebook.com\/Orienta\u00e7\u00e3o-Marxista-111673690190915\nTWITTER:       https:\/\/twitter.com\/orient_marxista\nINSTAGRAM: https:\/\/www.instagram.com\/orient.marxista\n_______________________________________________________________________________\nLeia o blog Teoria e Revolu\u00e7\u00e3o:\nhttps:\/\/teoriaerevolucao.pstu.org.br\n_______________________________________________________________________________\nO livro do autor desse canal (Marx e a Hist\u00f3ria: das particularidades nacionais \u00e0 universalidade da revolu\u00e7\u00e3o socialista )  pode ser adquirido nos seguintes endere\u00e7os:\nhttps:\/\/editorasundermann.com.br\/livro\/96-marx-e-a-hist%C3%B3ria\nhttps:\/\/www.estantevirtual.com.br\/busca?utf8=%E2%9C%93&q=gustavo+machado+marx\n\n#PauloKogos #Ancaps #Estado","original_language":"pt-BR","publication_date":"2020-10-12","duration":0,"url":"https:\/\/www.youtube.com\/watch?v=Zct-oMlTKkw","thumbnail":"thumbnails\/Zct-oMlTKkw.jpg"},{"video_id":"drvou-obBVU","channel_id":"UCRLEkZpNRoZQBG8kUTBD8vQ","title":"Seja um apoiador do canal Orienta\u00e7\u00e3o Marxista","description":"Seja um apoiador do canal Orienta\u00e7\u00e3o Marxista. \n_______________________________________________________________________________\nSEJA MEMBRO e apoie o canal: \nhttps:\/\/www.youtube.com\/channel\/UCRLEkZpNRoZQBG8kUTBD8vQ\/join\n\nV\u00eddeo sobre ser membro do canal:\nhttps:\/\/www.youtube.com\/watch?v=drvou-obBVU\n_______________________________________________________________________________\nV\u00eddeo sugerido: \nApresenta\u00e7\u00e3o do canal ORIENTA\u00c7\u00c3O MARXISTA\nhttps:\/\/www.youtube.com\/watch?v=QtRvEponvFQ\n_______________________________________________________________________________\nSiga as p\u00e1ginas do canal Orienta\u00e7\u00e3o Marxista nas Redes Sociais\n\nFACEBOOK:    https:\/\/www.facebook.com\/Orienta\u00e7\u00e3o-Marxista-111673690190915\nTWITTER:       https:\/\/twitter.com\/orient_marxista\nINSTAGRAM: https:\/\/www.instagram.com\/orient.marxista\n_______________________________________________________________________________\nLeia o blog Teoria e Revolu\u00e7\u00e3o:\nhttps:\/\/teoriaerevolucao.pstu.org.br\n_______________________________________________________________________________\nO livro do autor desse canal (Marx e a Hist\u00f3ria: das particularidades nacionais \u00e0 universalidade da revolu\u00e7\u00e3o socialista )  pode ser adquirido nos seguintes endere\u00e7os:\nhttps:\/\/editorasundermann.com.br\/livro\/96-marx-e-a-hist%C3%B3ria\nhttps:\/\/www.estantevirtual.com.br\/busca?utf8=%E2%9C%93&q=gustavo+machado+marx\n\n#Orienta\u00e7\u00e3oMarxista #Apoie-se","original_language":"pt-BR","publication_date":"2020-10-11","duration":0,"url":"https:\/\/www.youtube.com\/watch?v=drvou-obBVU","thumbnail":"thumbnails\/drvou-obBVU.jpg"},{"video_id":"hVgDLpwDWgs","channel_id":"UCRLEkZpNRoZQBG8kUTBD8vQ","title":"Marx e as ELEI\u00c7\u00d5ES | Participar ou n\u00e3o? Para qu\u00ea? EP #86","description":"MARX E AS ELEI\u00c7\u00d5ES | Marx escreveu sobre a participa\u00e7\u00e3o de revolucion\u00e1rios em processos eleitorais? Houve experi\u00eancias hist\u00f3ricas no s\u00e9culo XIX que permitiram ele refletir sobre o tema?\nPor que os textos de interven\u00e7\u00e3o e organizativos de Marx s\u00e3o negligenciados pelo mercado editorial, por muitas organiza\u00e7\u00f5es e pela academia?\n\nArtigo sugerido:\nMarchar Separado, Golpear Juntos: De Marx \u00e0 Trotsky\nhttps:\/\/teoriaerevolucao.pstu.org.br\/marchar-separado-golpear-juntos-de-marx-a-trotsky\/\n\nTRECHOS: LUTA DE CLASSES NA FRAN\u00c7A\n\n\"Enquanto  o  Luxemburgo  buscava  a pedra filosofal, no H\u00f4tel de Ville se cunhava a moeda corrente\"\n\n\"ao lado dos minist\u00e9rios das finan\u00e7as, do com\u00e9rcio, dos servi\u00e7os p\u00fablicos, ao lado do banco e da bolsa, levantou-se uma sinagoga socialista, cujos sumos  sacerdotes,  Louis  Blanc  e  Albert,  estavam  incumbidos  de  descobrir  a  terra prometida,  anunciar  o  novo  evangelho  e  dar  trabalho  ao  proletariado  parisiense.\"\n\n\"Napole\u00e3o foi o nome coletivo de todos os partidos coligados contra a rep\u00fablica burguesa, Ledru-Rollin e Raspail foram os nomes pr\u00f3prios, aquele o da pequena burguesia democr\u00e1tica, estes o do proletariado revolucion\u00e1rio. Os votos para Raspail \u2013 os prolet\u00e1rios e seus porta-vozes socialistas declararam isto em alto e bom som \u2013 seriam uma mera demonstra\u00e7\u00e3o, protestos em igual n\u00famero contra todo e qualquer mandato presidencial, isto \u00e9, contra a pr\u00f3pria Constitui\u00e7\u00e3o, votos em igual n\u00famero contra Ledru-Rollin, o primeiro ato pelo qual o proletariado, como partido pol\u00edtico aut\u00f4nomo, desvinculou-se do partido democr\u00e1tico.\" Luta de classes na fran\u00e7a\"\n\nTRECHOS: Mensagem do Comit\u00ea Central \u00e0 Liga dos Comunistas\n\n\"A atitude do partido oper\u00e1rio revolucion\u00e1rio em face da democracia pequeno-burguesa \u00e9 a seguinte: marchar com ela na luta pela derrubada daquela fra\u00e7\u00e3o cuja derrota \u00e9 desejada pelo partido oper\u00e1rio; marchar contra ela em todos os casos em que a democracia pequeno-burguesa queira consolidar a sua posi\u00e7\u00e3o em proveito pr\u00f3prio\u201d (MARX, 1982, p.85). \"\n\n\"Ao lado dos candidatos burgueses democr\u00e1ticos figurem em toda parte candidatos oper\u00e1rios, escolhidos na medida do poss\u00edvel entre os membros da Liga, e que para o seu triunfo se ponham em jogo todos os meios dispon\u00edveis. Mesmo que n\u00e3o exista esperan\u00e7a alguma de triunfo, os oper\u00e1rios devem apresentar candidatos pr\u00f3prios para conservar a independ\u00eancia, fazer uma avalia\u00e7\u00e3o de for\u00e7as e demonstrar abertamente a todo mundo sua posi\u00e7\u00e3o revolucion\u00e1ria e os pontos de vista do partido. Ao mesmo tempo, os oper\u00e1rios n\u00e3o devem se deixar enganar pelas alega\u00e7\u00f5es dos democratas de que, por exemplo, tal atitude divide o partido democr\u00e1tico e facilita o triunfo da rea\u00e7\u00e3o. Todas essas alega\u00e7\u00f5es tem o objetivo de iludir o proletariado. Os \u00eaxitos que o partido oper\u00e1rio alcan\u00e7ar com semelhante atitude independente pesam muito mais do que os danos que possa ocasionar a presen\u00e7a de uns quantos reacion\u00e1rios na assembleia representativa.\u201d (MARX, 1982, p.90)\n\n_____________________________________________________________________________________\nV\u00eddeo sugerido: \nBOITEMPO: como falsificar um livro por meio da capa EP #27\nhttps:\/\/www.youtube.com\/watch?v=ST7xzMfo-2g\n_______________________________________________________________________________\nSEJA MEMBRO e apoie o canal. Bot\u00e3o ADERIR acima ou: \nhttps:\/\/www.youtube.com\/channel\/UCRLEkZpNRoZQBG8kUTBD8vQ\/join\n\nV\u00eddeo sobre ser membro do canal:\nhttps:\/\/www.youtube.com\/watch?v=drvou-obBVU\n_______________________________________________________________________________\nSiga as p\u00e1ginas do canal Orienta\u00e7\u00e3o Marxista nas Redes Sociais\n\nFACEBOOK:    https:\/\/www.facebook.com\/Orienta\u00e7\u00e3o-Marxista-111673690190915\nTWITTER:       https:\/\/twitter.com\/orient_marxista\nINSTAGRAM: https:\/\/www.instagram.com\/orient.marxista\n_______________________________________________________________________________\nLeia o blog Teoria e Revolu\u00e7\u00e3o:\nhttps:\/\/teoriaerevolucao.pstu.org.br\n_______________________________________________________________________________\nO livro do autor desse canal (Marx e a Hist\u00f3ria: das particularidades nacionais \u00e0 universalidade da revolu\u00e7\u00e3o socialista )  pode ser adquirido nos seguintes endere\u00e7os:\nhttps:\/\/editorasundermann.com.br\/livro\/96-marx-e-a-hist%C3%B3ria\nhttps:\/\/www.estantevirtual.com.br\/busca?utf8=%E2%9C%93&q=gustavo+machado+marx\n\n#Marx #Elei\u00e7\u00f5es #Candidaturas","original_language":"pt-BR","publication_date":"2020-10-08","duration":0,"url":"https:\/\/www.youtube.com\/watch?v=hVgDLpwDWgs","thumbnail":"thumbnails\/hVgDLpwDWgs.jpg"},{"video_id":"kl0uPpuXJ8c","channel_id":"UCRLEkZpNRoZQBG8kUTBD8vQ","title":"JesusCopy: Marxistas querem destruir a fam\u00edlia? | REAGINDO EP #85","description":"As mentiras e falsifica\u00e7\u00f5es debaixo das quais se construiu o conceito m\u00edstico de marxismo cultural. Como isso est\u00e1 sendo usado para enganar os crist\u00e3os. Falaremos da Origem da Fam\u00edlia, da propriedade privada e do Estado de Engels. Escola de Frankfurt, Gramsci e a Hegemonia cultural dentre outros temas. Fala de um tal Leandro Barreto\n_______________________________________________________________________________\nV\u00eddeo sugerido: \nO \"marxismo cultural\" de Yago Martins EP #13\nhttps:\/\/www.youtube.com\/watch?v=AQluVqKfKLQ\n_______________________________________________________________________________\nSEJA MEMBRO e apoie o canal. Bot\u00e3o ADERIR acima ou: \nhttps:\/\/www.youtube.com\/channel\/UCRLEkZpNRoZQBG8kUTBD8vQ\/join\n\nV\u00eddeo sobre ser membro do canal:\nhttps:\/\/www.youtube.com\/watch?v=drvou-obBVU\n_______________________________________________________________________________\nSiga as p\u00e1ginas do canal Orienta\u00e7\u00e3o Marxista nas Redes Sociais\n\nFACEBOOK:    https:\/\/www.facebook.com\/Orienta\u00e7\u00e3o-Marxista-111673690190915\nTWITTER:       https:\/\/twitter.com\/orient_marxista\nINSTAGRAM: https:\/\/www.instagram.com\/orient.marxista\n_______________________________________________________________________________\nLeia o blog Teoria e Revolu\u00e7\u00e3o:\nhttps:\/\/teoriaerevolucao.pstu.org.br\n_______________________________________________________________________________\nO livro do autor desse canal (Marx e a Hist\u00f3ria: das particularidades nacionais \u00e0 universalidade da revolu\u00e7\u00e3o socialista )  pode ser adquirido nos seguintes endere\u00e7os:\nhttps:\/\/editorasundermann.com.br\/livro\/96-marx-e-a-hist%C3%B3ria\nhttps:\/\/www.estantevirtual.com.br\/busca?utf8=%E2%9C%93&q=gustavo+machado+marx\n\n#MarxismoCultural #Fam\u00edlia #JesusCopy","original_language":"pt-BR","publication_date":"2020-10-04","duration":0,"url":"https:\/\/www.youtube.com\/watch?v=kl0uPpuXJ8c","thumbnail":"thumbnails\/kl0uPpuXJ8c.jpg"},{"video_id":"HnXD56VEJMY","channel_id":"UCRLEkZpNRoZQBG8kUTBD8vQ","title":"Mortes do Capitalismo | AM\u00c9RICA: Exterm\u00ednio e Genoc\u00eddios EP #84","description":"MORTES DO CAPITALISMO | AM\u00c9RICA: O capitalismo nasce escorrendo sangue por todos os poros da cabe\u00e7a aos p\u00e9s. Hoje, apresentamos alguns n\u00fameros da coloniza\u00e7\u00e3o luso-espanhola-inglesa-holandesa-francesa na Am\u00e9rica. O trafico negreiro, o trabalho escravo e compuls\u00f3rio (mitas), a a\u00e7\u00e3o \"heroica\" de bandeirantes e pioneiros, as companhias privadas por a\u00e7\u00f5es de ingleses e holandeses. \nParte1: https:\/\/www.youtube.com\/watch?v=vJd_ViEeiTM\n\nAm\u00e9rica pr\u00e9-colombiana\nPopula\u00e7\u00e3o:\nPopula\u00e7\u00e3o total\n\u2192 Dobyns: 90-112 milh\u00f5es.\nDOBYNS, Henry F. An appraisal of techniques with a new hemisferic estimate. Current Antrhropology, Chicago, v. 7, n. 4, p. 395-416, Sept. 1966.\n\u2192 Denevan: 53,9 milh\u00f5es \n\u201cSugeri recentemente um total de 53,9 milh\u00f5es para o Novo Mundo [para \u00e9poca anterior \u00e0 chegada de Colombo].(Denevan, 1992, p. 370)\u201d\nDENEVAN, William M. The pristine myth: the landscape of the Americas in 1492. Annals of the Association of American Geographers, Milton Park, v. 82, n. 3, p. 369-385, Sept. 1992.\n\u2192 Russell Thornton: 70 milh\u00f5es. Thornton 1987, p. 25. Thornton, Russel (1987). American Indian Holocaust and Survival: \u02dca Population History Since 1492. [S.l.]: Norman : University of Oklahoma Press.\n\u2192 Chaunu: 80 a 100 milh\u00f5es.  (1969:382)\nCHAUNU, Pierre. Conquista e explora\u00e7\u00e3o dos novos mundos: s\u00e9culo XVI. Tradu\u00e7\u00e3o: Jordino Assis dos Santos Marques; Maur\u00edlio Jos\u00e9 de Oliveira Camello. S\u00e3o Paulo: Pioneira; Edusp, 1984[1969].\n\nPopula\u00e7\u00e3o M\u00e9xico\n\u2192 Brooks: 5 a 10 milh\u00f5es: (Brooks, 1993, p. 4-5)\nBROOKS, Francis J. Revising the conquest of Mexico: smallpox, sources, and populations. The Journal of Interdisciplinary History, Cambridge, v. 24, n. 1, p. 1-29, Summer 1993.\n\u2192 Diamond: 20 milh\u00f5es: Em 1618, a popula\u00e7\u00e3o inicial do M\u00e9xico, de quase 20 milh\u00f5es, ca\u00edra para cerca de 1,6 milh\u00e3o.  (Diamond, 2009, p. 210).\n\u2192 Cook e Borah: 25 milh\u00f5es: (S\u00e1nchez-Albornoz, 2003, p. 10-11) \nS\u00c1NCHEZ-ALBORNOZ, Nicol\u00e1s. El debate inagotable. Revista de Indias, Madrid, v. 63, n. 227, p. 9-18, 2003.\n\u2192 Dobyns: 32 milh\u00f5es. (1966)\n\u2192 Denevan: 21 milh\u00f5es. (1976)\n\n% de mortes\n\u2192 Diamond: 95%. \"em todas as Am\u00e9ricas, as doen\u00e7as introduzidas pelos europeus se alastraram de uma tribo para outra bem antes do avan\u00e7o dos pr\u00f3prios europeus, matando um percentual calculado em cerca de 95% da popula\u00e7\u00e3o nativa da Am\u00e9rica pr\u00e9-colombiana\" (2009, p. 77)\nDIAMOND, Jared. Armas, germes e a\u00e7o. Tradu\u00e7\u00e3o de Silvia de Souza Costa, Cynthia Cortes e Paulo Soares. Rio de Janeiro: Record, 2009.\n\u2192 Denevan: 89%. As popula\u00e7\u00f5es amer\u00edndias (estimadas) declinaram na ilha de Espanhola de 1 milh\u00e3o, em 1492, para algumas centenas, 50 anos depois, o que corresponde a uma diminui\u00e7\u00e3o de mais de 99%; no Peru, de 9 milh\u00f5es, em 1520, a 670.000, em 1620 (decr\u00e9scimo de 92%); na bacia do M\u00e9xico, de 1,6 milh\u00f5es, em 1519, para 180.000, em 1607 (queda populacional de 89%); e na Am\u00e9rica do Norte, de 3,8 milh\u00f5es, em 1492, para 1 milh\u00e3o, em 1800 (74%). Um colapso geral de 53,9 milh\u00f5es, em 1492, para 5,6 milh\u00f5es, em 1650, equivale a uma redu\u00e7\u00e3o de 89% (Denevan, 1992, p. 371).\n\u2192 Elsa Malvido: 85 a 90%. \nMALVIDO, Elsa. La epidemiolog\u00eda, una propuesta para explicar la despoblaci\u00f3n americana. Revista de Indias, Madrid, v. 63, n. 227, p. 65-78, 2003. \n\u2192 Dobyns: 95 a 96%.  Obra de 1966 j\u00e1 citada \n\n1544 e 1545, Juan Gin\u00e9s de Sep\u00falveda\n\"Esses b\u00e1rbaros do Novo Mundo em [...] prud\u00eancia, engenhosidade, virtude e humanidade s\u00e3o t\u00e3o inferiores aos espanh\u00f3is quanto as crian\u00e7as aos adultos e as mulheres aos homens, havendo entre eles tanta diferen\u00e7a quanto aquela entre povos selvagens e crueis aos povos clementes,[...], e devo dizer tamb\u00e9m dos macacos aos homens. (p.110)\"\nSep\u00falveda APUD Brading, D. Orbe indiano. De la monarqu\u00eda cat\u00f3lica a la rep\u00fablica criolla. 1492-1867. M\u00e9xico: Fondo de Cultura Econ\u00f3mica, 1991, 770 p.\nTr\u00e1fico negreiro\n\u2192 Cerca de 4 milh\u00f5es de mortos entre 1500-1900 em fun\u00e7\u00e3o da institui\u00e7\u00e3o escravid\u00e3o. Mas um n\u00famero ainda maior foi morto no processo de captura.\nRosenbaum, Alan S., and Israel W. Charny, Is the Holocaust Unique?, 2001, pp. 98\u201399. \n\nGenoc\u00eddio dos povos ind\u00edgenas dos Estados Unidos \nWallace, Anthony F.C. The Long, Bitter Trail: Andrew Jackson and the Indians. New York: Hill and Wang, 1993. \n_____________________________________________________\nSiga as p\u00e1ginas do canal Orienta\u00e7\u00e3o Marxista nas Redes Sociais\n\nFACEBOOK:    https:\/\/www.facebook.com\/Orienta\u00e7\u00e3o-Marxista-111673690190915\nTWITTER:       https:\/\/twitter.com\/orient_marxista\nINSTAGRAM: https:\/\/www.instagram.com\/orient.marxista\n_____________________________________________________\nLeia o blog Teoria e Revolu\u00e7\u00e3o:\nhttps:\/\/teoriaerevolucao.pstu.org.br\n_____________________________________________________\nO livro do autor desse canal (Marx e a Hist\u00f3ria: das particularidades nacionais \u00e0 universalidade da revolu\u00e7\u00e3o socialista )  pode ser adquirido nos seguintes endere\u00e7os:\nhttps:\/\/editorasundermann.com.br\/livro\/96-marx-e-a-hist%C3%B3ria\nhttps:\/\/www.estantevirtual.com.br\/busca?utf8=%E2%9C%93&q=gustavo+machado+marx\n\n#MortesDoCapitalismo #Am\u00e9rica #Acumula\u00e7\u00e3oPrimitiva","original_language":"pt-BR","publication_date":"2020-09-30","duration":0,"url":"https:\/\/www.youtube.com\/watch?v=HnXD56VEJMY","thumbnail":"thumbnails\/HnXD56VEJMY.jpg"},{"video_id":"814IUEpxKng","channel_id":"UCRLEkZpNRoZQBG8kUTBD8vQ","title":"VALOR SUBJETIVO | Respondendo Coment\u00e1rios EP #83","description":"\u00c9 absolutamente evidente que os indiv\u00edduos escolhem as mercadorias que ir\u00e3o comprar e consumir segundo suas propens\u00f5es subjetivas as mais diversas. A quest\u00e3o \u00e9, o que regula o valor dessas mercadorias? Seria essa subjetividade?\n______________________________________________________________________________\nV\u00eddeo sugerido: \n\nVALOR: Subjetivo ou objetivo? Artigos de luxo e grife EP #82\nhttps:\/\/www.youtube.com\/watch?v=MxHGPLndroU\n_______________________________________________________________________________\nSEJA MEMBRO e apoie o canal. Bot\u00e3o ADERIR acima ou: \nhttps:\/\/www.youtube.com\/channel\/UCRLEkZpNRoZQBG8kUTBD8vQ\/join\n\nV\u00eddeo sobre ser membro do canal:\nhttps:\/\/www.youtube.com\/watch?v=drvou-obBVU\n_______________________________________________________________________________\nSiga as p\u00e1ginas do canal Orienta\u00e7\u00e3o Marxista nas Redes Sociais\n\nFACEBOOK:    https:\/\/www.facebook.com\/Orienta\u00e7\u00e3o-Marxista-111673690190915\nTWITTER:       https:\/\/twitter.com\/orient_marxista\nINSTAGRAM: https:\/\/www.instagram.com\/orient.marxista\n_______________________________________________________________________________\nLeia o blog Teoria e Revolu\u00e7\u00e3o:\nhttps:\/\/teoriaerevolucao.pstu.org.br\n_______________________________________________________________________________\nO livro do autor desse canal (Marx e a Hist\u00f3ria: das particularidades nacionais \u00e0 universalidade da revolu\u00e7\u00e3o socialista )  pode ser adquirido nos seguintes endere\u00e7os:\nhttps:\/\/editorasundermann.com.br\/livro\/96-marx-e-a-hist%C3%B3ria\nhttps:\/\/www.estantevirtual.com.br\/busca?utf8=%E2%9C%93&q=gustavo+machado+marx\n\n#ValorSubjetivo #TeoriaDoValor #Liberalismo","original_language":"pt-BR","publication_date":"2020-09-27","duration":0,"url":"https:\/\/www.youtube.com\/watch?v=814IUEpxKng","thumbnail":"thumbnails\/814IUEpxKng.jpg"},{"video_id":"MxHGPLndroU","channel_id":"UCRLEkZpNRoZQBG8kUTBD8vQ","title":"VALOR: Subjetivo ou objetivo? Artigos de luxo e grife EP #82","description":"TEORIA DO VALOR E VALOR SUBJETIVO | Os artigos de luxo (como roupas de grife) somente podem ser explicados pela teoria do valor. E N\u00c3O s\u00e3o exce\u00e7\u00e3o.\nNo pr\u00f3ximo v\u00eddeo do canal, que vou gravar amanh\u00e3, vamos enterrar de uma vez por todas o del\u00edrio do valor subjetivo.\nBaixe gratuitamente o anu\u00e1rio estat\u00edstico do ILAESE\nhttp:\/\/ilaese.org.br\/anuario-estatistico-ilaese-trabalho-e-exploracao-2019-2\/\n\n\u00a0TEORIA DO VALOR\n\u2192 TEORIA DO VALOR ELA N\u00c3O DESPREZA O VALOR DE USO OU A SUBJETIVIDADE DOS INDIV\u00cdDUOS\n\u2192 N\u00c3O EXISTE VALOR ABSOLUTO\n\nTEORIA DO VALOR SUBJETIVO\n\u2192 CUSTOS S\u00c3O OBJETIVOS PARA QUEM PRODUZ: \n     VALOR M\u00cdNIMO PARA O PRODUTOR \u00c9 OBJETIVO\n\u2192 TAXA DE LUCRO DO MERCADO\n     VALOR ADICIONADO AO PRODUTO TAMB\u00c9M \u00c9 DETERMINADO OBJETIVAMENTE\nO QUE RESTA? \n\nANALISADO RELAT\u00d3RIOS ECON\u00d4MICOS DAS SEGUINTES EMPRESAS:\nFERRARI: ve\u00edculos de luxo\nRICHEMONT(Cartier): joias e rel\u00f3gios de luxo\nLOUIS VUITTON: grife francesa de bolsas e em malas\nBURBERRY: grife de moda brit\u00e2nica\n\n______________________________________________________________________________\nV\u00eddeos sugeridos: \n\nLIBERALISMO \u00e9 cren\u00e7a teol\u00f3gica: Guedes e Constantino explicam EP #42\nhttps:\/\/www.youtube.com\/watch?v=wJRGTod8NH4\nECONOMIA NEOCL\u00c1SSICA versus MARX: Valor, pre\u00e7o e mercado EP #63\nhttps:\/\/www.youtube.com\/watch?v=eX3HNeMfhMk _______________________________________________________________________________\nSEJA MEMBRO e apoie o canal. Bot\u00e3o ADERIR acima ou: \nhttps:\/\/www.youtube.com\/channel\/UCRLEkZpNRoZQBG8kUTBD8vQ\/join\n\nV\u00eddeo sobre ser membro do canal:\nhttps:\/\/www.youtube.com\/watch?v=drvou-obBVU\n_______________________________________________________________________________\nSiga as p\u00e1ginas do canal Orienta\u00e7\u00e3o Marxista nas Redes Sociais\n\nFACEBOOK:    https:\/\/www.facebook.com\/Orienta\u00e7\u00e3o-Marxista-111673690190915\nTWITTER:       https:\/\/twitter.com\/orient_marxista\nINSTAGRAM: https:\/\/www.instagram.com\/orient.marxista\n_______________________________________________________________________________\nLeia o blog Teoria e Revolu\u00e7\u00e3o:\nhttps:\/\/teoriaerevolucao.pstu.org.br\n_______________________________________________________________________________\nO livro do autor desse canal (Marx e a Hist\u00f3ria: das particularidades nacionais \u00e0 universalidade da revolu\u00e7\u00e3o socialista )  pode ser adquirido nos seguintes endere\u00e7os:\nhttps:\/\/editorasundermann.com.br\/livro\/96-marx-e-a-hist%C3%B3ria\nhttps:\/\/www.estantevirtual.com.br\/busca?utf8=%E2%9C%93&q=gustavo+machado+marx\n\n#ValorSubjetivo #ArtigosDeLuxo #TeoriaDoValor","original_language":"pt-BR","publication_date":"2020-09-24","duration":0,"url":"https:\/\/www.youtube.com\/watch?v=MxHGPLndroU","thumbnail":"thumbnails\/MxHGPLndroU.jpg"},{"video_id":"yDeJbDzaU6M","channel_id":"UCRLEkZpNRoZQBG8kUTBD8vQ","title":"Empobrecimento dos trabalhadores em Marx segundo CARLOS G\u00d3ES EP #81","description":"Empobrecimento dos trabalhadores em Marx segundo CARLOS G\u00d3ES | Nesse v\u00eddeo comentamos o post de Carlos G\u00f3es de que a conjectura que ele atribu\u00ed a Marx do empobrecimento dos trabalhadores, seria negada pelo gr\u00e1fico que mostra evolu\u00e7\u00e3o da linha internacional da pobreza no curso de 200 anos. \n\n______________________________________________________________________________\nV\u00eddeos sugeridos: \nSobre empobrecimento absoluto e relativo: Acad\u00eamicos que n\u00e3o conseguem interpretar textos EP #28\nhttps:\/\/www.youtube.com\/watch?v=E-m_MXYZ6po \n\nSobre o desenvolvimento da pobreza e riqueza: O \"marxismo cultural\" de Yago Martins EP #13\nhttps:\/\/www.youtube.com\/watch?v=AQluVqKfKLQ\n_______________________________________________________________________________\nSEJA MEMBRO e apoie o canal. Bot\u00e3o ADERIR acima ou: \nhttps:\/\/www.youtube.com\/channel\/UCRLEkZpNRoZQBG8kUTBD8vQ\/join\n\nV\u00eddeo sobre ser membro do canal:\nhttps:\/\/www.youtube.com\/watch?v=drvou-obBVU\n_______________________________________________________________________________\nSiga as p\u00e1ginas do canal Orienta\u00e7\u00e3o Marxista nas Redes Sociais\n\nFACEBOOK:    https:\/\/www.facebook.com\/Orienta\u00e7\u00e3o-Marxista-111673690190915\nTWITTER:       https:\/\/twitter.com\/orient_marxista\nINSTAGRAM: https:\/\/www.instagram.com\/orient.marxista\n_______________________________________________________________________________\nLeia o blog Teoria e Revolu\u00e7\u00e3o:\nhttps:\/\/teoriaerevolucao.pstu.org.br\n_______________________________________________________________________________\nO livro do autor desse canal (Marx e a Hist\u00f3ria: das particularidades nacionais \u00e0 universalidade da revolu\u00e7\u00e3o socialista )  pode ser adquirido nos seguintes endere\u00e7os:\nhttps:\/\/editorasundermann.com.br\/livro\/96-marx-e-a-hist%C3%B3ria\nhttps:\/\/www.estantevirtual.com.br\/busca?utf8=%E2%9C%93&q=gustavo+machado+marx\n\n#CarlosG\u00f3es #Capitalismo #Marx","original_language":"pt-BR","publication_date":"2020-09-20","duration":0,"url":"https:\/\/www.youtube.com\/watch?v=yDeJbDzaU6M","thumbnail":"thumbnails\/yDeJbDzaU6M.jpg"},{"video_id":"V-nLiaot0ek","channel_id":"UCRLEkZpNRoZQBG8kUTBD8vQ","title":"KRONSTADT | Comunistas versus Anarquistas EP #80","description":"Ser\u00e1  que Kronstadt \u00e9 a prova cabal de que toda revolu\u00e7\u00e3o comunista \u00e9 autorit\u00e1ria?\n\n\nRefer\u00eancias bibliogr\u00e1ficas\nARCHINOV,  P.  Historia  del  movimiento  makhnovista:  1918-1921.  Tradu\u00e7\u00e3o  de  Volin  e  Diego  Abad  de  Santill\u00e1n.  Buenos  Aires:  Tupac  Ediciones; La Malatesta, 2008\nVOLIN. La   revoluci\u00f3n   desconocida   (1917-1921).   Buenos   Aires:   Proyecci\u00f3n, 1977.\nMAKHNO,  N. A  \u201cRevolu\u00e7\u00e3o\u201d  contra  a  revolu\u00e7\u00e3o:  a  Revolu\u00e7\u00e3o  Russa  na  Ucr\u00e2nia, mar\u00e7o 1917 - abril 1918. Tradu\u00e7\u00e3o de Milton Jos\u00e9 de Almeida. S\u00e3o Paulo: Cortez, 1988.\n\n\nMAKHNO, N.; SKIRDA, A.; BERKMAN, A. Nestor Makhno e a revolu\u00e7\u00e3o social na Ucr\u00e2nia. Tradu\u00e7\u00e3o de Alexandre Skirda (russo) e Pl\u00ednio Augusto Coelho (franc\u00eas). S\u00e3o Paulo: Nu-Sol;Imagin\u00e1rio, 2001.\n\n_____________________________________________________________________________________\nV\u00eddeo sugerido: \nO partido de L\u00eanin (bolchevique) era monol\u00edtico? EP #26\nhttps:\/\/www.youtube.com\/watch?v=uGBpp7L8tt8\n_____________________________________________________________________________________\nSiga as p\u00e1ginas do canal Orienta\u00e7\u00e3o Marxista nas Redes Sociais\n\nFACEBOOK:    https:\/\/www.facebook.com\/Orienta\u00e7\u00e3o-Marxista-111673690190915\nTWITTER:       https:\/\/twitter.com\/orient_marxista\nINSTAGRAM: https:\/\/www.instagram.com\/orient.marxista\n_____________________________________________________________________________________\nLeia o blog Teoria e Revolu\u00e7\u00e3o:\nhttps:\/\/teoriaerevolucao.pstu.org.br\n_____________________________________________________________________________________\nO livro do autor desse canal (Marx e a Hist\u00f3ria: das particularidades nacionais \u00e0 universalidade da revolu\u00e7\u00e3o socialista )  pode ser adquirido nos seguintes endere\u00e7os:\nhttps:\/\/editorasundermann.com.br\/livro\/96-marx-e-a-hist%C3%B3ria\nhttps:\/\/www.estantevirtual.com.br\/busca?utf8=%E2%9C%93&q=gustavo+machado+marx\n\n#Kronstadt #Anarquistas #Comunistas","original_language":"pt-BR","publication_date":"2020-09-16","duration":0,"url":"https:\/\/www.youtube.com\/watch?v=V-nLiaot0ek","thumbnail":"thumbnails\/V-nLiaot0ek.jpg"},{"video_id":"RX5pabwwMBw","channel_id":"UCRLEkZpNRoZQBG8kUTBD8vQ","title":"Doutrina\u00e7\u00e3o Marxista e Paulo Freire nas escolas. ISSO EXISTE? EP #79","description":"Nesse v\u00eddeo discutimos se as escolas brasileiras s\u00e3o mesmo baseadas da doutrina\u00e7\u00e3o marxista regida pelos m\u00e9todos e concep\u00e7\u00f5es de Paulo Freire.\n______________________________________________________________________________\nV\u00eddeo sugerido: \nUniversidades NUNCA foram marxistas! EP #8\nhttps:\/\/www.youtube.com\/watch?v=FxG5p5EN6Iw _______________________________________________________________________________\nSEJA MEMBRO e apoie o canal. Bot\u00e3o ADERIR acima ou: \nhttps:\/\/www.youtube.com\/channel\/UCRLEkZpNRoZQBG8kUTBD8vQ\/join\n\nV\u00eddeo sobre ser membro do canal:\nhttps:\/\/www.youtube.com\/watch?v=drvou-obBVU\n_______________________________________________________________________________\nSiga as p\u00e1ginas do canal Orienta\u00e7\u00e3o Marxista nas Redes Sociais\n\nFACEBOOK:    https:\/\/www.facebook.com\/Orienta\u00e7\u00e3o-Marxista-111673690190915\nTWITTER:       https:\/\/twitter.com\/orient_marxista\nINSTAGRAM: https:\/\/www.instagram.com\/orient.marxista\n_______________________________________________________________________________\nLeia o blog Teoria e Revolu\u00e7\u00e3o:\nhttps:\/\/teoriaerevolucao.pstu.org.br\n_______________________________________________________________________________\nO livro do autor desse canal (Marx e a Hist\u00f3ria: das particularidades nacionais \u00e0 universalidade da revolu\u00e7\u00e3o socialista )  pode ser adquirido nos seguintes endere\u00e7os:\nhttps:\/\/editorasundermann.com.br\/livro\/96-marx-e-a-hist%C3%B3ria\nhttps:\/\/www.estantevirtual.com.br\/busca?utf8=%E2%9C%93&q=gustavo+machado+marx\n\n#Doutrina\u00e7\u00e3oMarxista #PauloFreire #BrasilParelelo","original_language":"pt-BR","publication_date":"2020-09-13","duration":0,"url":"https:\/\/www.youtube.com\/watch?v=RX5pabwwMBw","thumbnail":"thumbnails\/RX5pabwwMBw.jpg"},{"video_id":"ScMgjGo5Y4A","channel_id":"UCRLEkZpNRoZQBG8kUTBD8vQ","title":"MAIS-VALIA RELATIVA | O CAPITAL DE MARX: Livro I: Caps. 10-16 VID #11","description":"0:00 In\u00edcio\n14:28 Cap\u00edtulo 10:\u00ad Conceito de Mais-\u00adValia Relativa\n1:12:00 Cap\u00edtulo 11: Coopera\u00e7\u00e3o\n1:47:35 Cap\u00edtulo 12: Divis\u00e3o do Trabalho e Manufatura\n2:06:35 Cap\u00edtulo 13: Maquinaria e Grande Ind\u00fastria\n2:37:13 Cap\u00edtulo 14: Mais-\u00advalia Absoluta e Relativa\n2:50:43 Cap\u00edtulo 15 e 16\n\nNeste v\u00eddeo comentamos os cap\u00edtulos 10-16 do Livro Primeiro de O Capital de Marx. Se\u00e7\u00f5es IV e V. Trata-se do cap\u00edtulos relativos a mais-valia relativa.\n_____________________________________________________________________________________\nCap\u00edtulos tratados:\nCapitulo X     -\u00ad Conceito de Mais-\u00adValia Relativa\nCapitulo XI    -\u00ad Coopera\u00e7\u00e3o\nCapitulo XII   - \u00ad Divis\u00e3o do Trabalho e Manufatura\nCapitulo XIII  -\u00ad Maquinaria e Grande Ind\u00fastria\nCapitulo XIV  -\u00ad Mais-\u00advalia Absoluta e Relativa\nCapitulo XV  -\u00ad Varia\u00e7\u00e3o de Grandeza do Pre\u00e7o da For\u00e7a de Trabalho e da Mais-\u00adValia\nCapitulo XVI  -\u00ad Diferentes F\u00f3rmulas para a Taxa de Mais\u00ad-valia\n_____________________________________________________________________________________\nTemas tratados:\n\u21e8 SUBORDINA\u00c7\u00c3O FORMAL E REAL DO TRABALHO AO CAPITAL\n\u21e8 PRODUTIVIDADE E EXPLORA\u00c7\u00c3O\n\u21e8 VALOR E FOR\u00c7A PRODUTIVA\n\u21e8 FOR\u00c7A PRODUTIVA DO TRABALHO E FOR\u00c7AS PRODUTIVAS GERAIS, SOCIAIS, HUMANAS\n\u21e8 MAIS-VALIA ABSOLUTA E RELATIVA\n\u21e8 COOPERA\u00c7\u00c3O SIMPLES\n\u21e8 COOPERA\u00c7\u00c3O NAS PRIMEIRAS COMUNIDADES HUMANAS\n\u21e8 COOPERA\u00c7\u00c3O NA ESCRAVID\u00c3O E NA SERVID\u00c3O\n\u21e8 COOPERA\u00c7\u00c3O NO CAPITALISMO\n\u21e8 COOPERA\u00c7\u00c3O e FORMA SOCIAL\n\u21e8 DIVIS\u00c3O T\u00c9CNICA E SOCIAL DO TRABALHO\n\u21e8 COOPERA\u00c7\u00c3O e DIRE\u00c7\u00c3O\n\u21e8 MANUFATURA: DIVIS\u00c3O T\u00c9CNICA SOCIAL DO TRABALHO\n\u21e8 MAQUINARIA E TRABALHO ABSTRATO\n\u21e8 TRANSFER\u00caNCIA DE VALOR DA MAQUINARIA AO PRODUTO\n\u21e8 CONTRADI\u00c7\u00c3O ABSOLUTA DA MAQUINARIA\n\u21e8 ALTERA\u00c7\u00d5ES (T\u00c9CNICAS) COM A GRANDE IND\u00daSTRIA\n\u21e8 TRABALHO PRODUTIVO\n\u21e8 PRESSUPOSTO HIST\u00d3RICO DA PRODU\u00c7\u00c3O DE MAIS-VALIA\n______________________________________________________________________________\nV\u00eddeos sugeridos: \nO CAPITAL DE MARX: Livro I: Cap. 1 A MERCADORIA VID #5\nhttps:\/\/www.youtube.com\/watch?v=1_FtWE_Os4s\nO CAPITAL DE MARX: Livro I: Cap. 2 e 3 O DINHEIRO VID #6\nhttps:\/\/www.youtube.com\/watch?v=J77f9M5WK4o\nO CAPITAL DE MARX: Livro I: Cap. 4 O CAPITAL EM GERAL VID #7\nhttps:\/\/www.youtube.com\/watch?v=KHiMps76FoQ\nO CAPITAL DE MARX: Livro I: Caps. 5-9 MAIS-VALIA ABSOLUTA VID #9\nhttps:\/\/www.youtube.com\/watch?v=iu3wFpgz4Bc\n\u00a0_______________________________________________________________________________\nSEJA MEMBRO e apoie o canal. Bot\u00e3o ADERIR acima ou: \nhttps:\/\/www.youtube.com\/channel\/UCRLEkZpNRoZQBG8kUTBD8vQ\/join\n\nV\u00eddeo sobre ser membro do canal:\nhttps:\/\/www.youtube.com\/watch?v=drvou-obBVU\n_______________________________________________________________________________\nSiga as p\u00e1ginas do canal Orienta\u00e7\u00e3o Marxista nas Redes Sociais\n\nFACEBOOK:    https:\/\/www.facebook.com\/Orienta\u00e7\u00e3o-Marxista-111673690190915\nTWITTER:       https:\/\/twitter.com\/orient_marxista\nINSTAGRAM: https:\/\/www.instagram.com\/orient.marxista\n_______________________________________________________________________________\nLeia o blog Teoria e Revolu\u00e7\u00e3o:\nhttps:\/\/teoriaerevolucao.pstu.org.br\n_______________________________________________________________________________\nO livro do autor desse canal (Marx e a Hist\u00f3ria: das particularidades nacionais \u00e0 universalidade da revolu\u00e7\u00e3o socialista )  pode ser adquirido nos seguintes endere\u00e7os:\nhttps:\/\/editorasundermann.com.br\/livro\/96-marx-e-a-hist%C3%B3ria\nhttps:\/\/www.estantevirtual.com.br\/busca?utf8=%E2%9C%93&q=gustavo+machado+marx\n\n#OCAPITALDEMARX  #MaisValiaRelativa #KarlMarx","original_language":"pt-BR","publication_date":"2020-09-07","duration":0,"url":"https:\/\/www.youtube.com\/watch?v=ScMgjGo5Y4A","thumbnail":"thumbnails\/ScMgjGo5Y4A.jpg"},{"video_id":"87uFm3nI9Sc","channel_id":"UCRLEkZpNRoZQBG8kUTBD8vQ","title":"KIM KATAGUIRI | Amar o capitalismo interessa mais EP #78","description":"Reagimos e comentamos ao v\u00eddeo de Kim Kataguiri do MBL em que ele explica que devemos amar o capitalismo, afinal, tudo que \u00e9 produzido na sociedade capitalista \u00e9 produzido na sociedade capitalista. Logo, quem vive no capitalismo e n\u00e3o gosta do capitalismo \u00e9 um hip\u00f3crita. \n\nEntenda quem puder.\n______________________________________________________________________________\nV\u00eddeo sugerido: \n\nLIBERALISMO \u00e9 cren\u00e7a teol\u00f3gica: Guedes e Constantino explicam EP #42\nhttps:\/\/www.youtube.com\/watch?v=wJRGTod8NH4\n_______________________________________________________________________________\nSEJA MEMBRO e apoie o canal. Bot\u00e3o ADERIR acima ou: \nhttps:\/\/www.youtube.com\/channel\/UCRLEkZpNRoZQBG8kUTBD8vQ\/join\n\nV\u00eddeo sobre ser membro do canal:\nhttps:\/\/www.youtube.com\/watch?v=drvou-obBVU\n_______________________________________________________________________________\nSiga as p\u00e1ginas do canal Orienta\u00e7\u00e3o Marxista nas Redes Sociais\n\nFACEBOOK:    https:\/\/www.facebook.com\/Orienta\u00e7\u00e3o-Marxista-111673690190915\nTWITTER:       https:\/\/twitter.com\/orient_marxista\nINSTAGRAM: https:\/\/www.instagram.com\/orient.marxista\n_______________________________________________________________________________\nLeia o blog Teoria e Revolu\u00e7\u00e3o:\nhttps:\/\/teoriaerevolucao.pstu.org.br\n_______________________________________________________________________________\nO livro do autor desse canal (Marx e a Hist\u00f3ria: das particularidades nacionais \u00e0 universalidade da revolu\u00e7\u00e3o socialista )  pode ser adquirido nos seguintes endere\u00e7os:\nhttps:\/\/editorasundermann.com.br\/livro\/96-marx-e-a-hist%C3%B3ria\nhttps:\/\/www.estantevirtual.com.br\/busca?utf8=%E2%9C%93&q=gustavo+machado+marx\n\n#KimKataguiri #MBL #Capitalismo","original_language":"pt-BR","publication_date":"2020-09-04","duration":0,"url":"https:\/\/www.youtube.com\/watch?v=87uFm3nI9Sc","thumbnail":"thumbnails\/87uFm3nI9Sc.jpg"},{"video_id":"tcfO_y5b-r4","channel_id":"UCRLEkZpNRoZQBG8kUTBD8vQ","title":"VICTOR SERGE | St\u00e1lin, URSS SUGERINDO LIVROS EP #77","description":"Sugerimos aqui as seguintes obras de Victor Serge\nSERGE, Victor. Mem\u00f3rias de um revolucion\u00e1rio, S\u00e3o Paulo: Cia. das Letras, 1987.\nSERGE, Victor. O Ano I da Revolu\u00e7\u00e3o Russa,  S\u00e3o Paulo: Ensaio, 1993\nSERGE, Victor. O ano I da Revolu\u00e7\u00e3o Russa. S\u00e3o Paulo: Boitempo, 2007.\nSERGE, Victor. Trotsky Vida E Morte,  S\u00e3o Paulo: Ensaio, 1990.\n SERGE, Victor. O qu\u00ea todo revolucion\u00e1rio deve saber sobre a repress\u00e3o. S\u00e3o Paulo, Edi\u00e7\u00f5es do Povo, s\/d. \n______________________________________________________________________________\nV\u00eddeo sugerido: \nCARL SAGAN e TROTSKY: Revolu\u00e7\u00e3o Russa | SUGERINDO LIVROS EP #64\nhttps:\/\/www.youtube.com\/watch?v=P3vQ0F2ULC4\n_______________________________________________________________________________\nSEJA MEMBRO e apoie o canal. Bot\u00e3o ADERIR acima ou: \nhttps:\/\/www.youtube.com\/channel\/UCRLEkZpNRoZQBG8kUTBD8vQ\/join\n\nV\u00eddeo sobre ser membro do canal:\nhttps:\/\/www.youtube.com\/watch?v=drvou-obBVU\n_______________________________________________________________________________\nSiga as p\u00e1ginas do canal Orienta\u00e7\u00e3o Marxista nas Redes Sociais\n\nFACEBOOK:    https:\/\/www.facebook.com\/Orienta\u00e7\u00e3o-Marxista-111673690190915\nTWITTER:       https:\/\/twitter.com\/orient_marxista\nINSTAGRAM: https:\/\/www.instagram.com\/orient.marxista\n_______________________________________________________________________________\nLeia o blog Teoria e Revolu\u00e7\u00e3o:\nhttps:\/\/teoriaerevolucao.pstu.org.br\n_______________________________________________________________________________\nO livro do autor desse canal (Marx e a Hist\u00f3ria: das particularidades nacionais \u00e0 universalidade da revolu\u00e7\u00e3o socialista )  pode ser adquirido nos seguintes endere\u00e7os:\nhttps:\/\/editorasundermann.com.br\/livro\/96-marx-e-a-hist%C3%B3ria\nhttps:\/\/www.estantevirtual.com.br\/busca?utf8=%E2%9C%93&q=gustavo+machado+marx\n\n#VictorSerge #St\u00e1lin #Repress\u00e3o","original_language":"pt-BR","publication_date":"2020-08-29","duration":0,"url":"https:\/\/www.youtube.com\/watch?v=tcfO_y5b-r4","thumbnail":"thumbnails\/tcfO_y5b-r4.jpg"},{"video_id":"sSCEeXXTfGc","channel_id":"UCRLEkZpNRoZQBG8kUTBD8vQ","title":"RESPONDENDO HUMBERTO MATOS | Por que o PSTU incomoda? EP #76","description":"Resposta ao v\u00eddeo do canal Saia de Matrix de Humberto Matos. Seu v\u00eddeo se encontra no seguinte link:\nhttps:\/\/www.youtube.com\/watch?v=Q_D8bbBuCko\n\nNosso v\u00eddeo que ele respondeu se encontra aqui:\nSAIA DA MATRIX | O Estado criou o mercado ou o mercado criou o Estado? REAGINDO EP #69\nhttps:\/\/www.youtube.com\/watch?v=B57U5XQ6WBA\n_____________________________________________________________________________________\nV\u00eddeos sugeridos:\nRosa Luxemburgo: Conceitos hist\u00f3ricos e forma de produ\u00e7\u00e3o EP #33\nhttps:\/\/www.youtube.com\/watch?v=yCRkpPYHg9A \n\nRespondendo Humberto Matos: MMT e marxismo (do s\u00e9culo XXI) EP #36\nhttps:\/\/www.youtube.com\/watch?v=ogC3Nr_m_-s\n\nRESPONDENDO JONES MANOEL: partido, conspira\u00e7\u00e3o, debate EP #39\nhttps:\/\/www.youtube.com\/watch?v=G2InnbhehMw\n\nSaia da Matrix (MMT) versus Dinheiro em Marx | O CAPITAL DE MARX VID #8\nhttps:\/\/www.youtube.com\/watch?v=x7Q6IS35Scw\n\nRESUMO DO V\u00cdDEO DE HUMBERTO MATOS\nRESPOSTA DO SAIA NA MATRIX\n1) SOBRE MEU V\u00cdDEO (00:26:00 \u2013 00:52:00)\n \u25b7 N\u00e3o vale a pena conhecer o canal Orienta\u00e7\u00e3o Marxista. \u00c9 um canal de tretas. Esse cara n\u00e3o vale nada. Fui desonesto em outros momentos e ainda mais nesse caso.\n \u25b7 N\u00e3o \u00e9 \"MOEDA\" \u00e9 \"TRIBUTO\". \n     Tributos condicionam as sociedades de classes. \n     Para os marxistas tributos s\u00e3o medidas de valor!!! \n     No Egito Antigo, o Produto\/Tributo funcionava como MERCADORIA, em certa medida, porque paga tributo e \"sal\u00e1rios\"!!!\n \u25b7 Trabalho excedente e sociedades n\u00f4mades. Estado e Classe.\n \u25b7 MMT e Marxismo: obra de Marx \u00e9 incompleta. D\u00edvida (Graeber sobre a d\u00edvida que precede a sociedade de classes). D\u00edvida serve de elementos superestrutural para a tributa\u00e7\u00e3o. Tributa\u00e7\u00e3o fazia o papel da moeda.\n    Ratifico o argumento dele ao assumir que a contabilidade servia para controlar a tributa\u00e7\u00e3o e fazia a fun\u00e7\u00e3o de moeda.\n \u25b7 Sou DESONESTO: cita\u00e7\u00f5es Mario Liverani (n\u00e3o leu todo livro). \n    Como o Estado controlava as economias\n \u25b7 Suas generaliza\u00e7\u00f5es est\u00e3o baseadas no conceito marxista de modo de produ\u00e7\u00e3o asi\u00e1tico. (haaa?)\n----------------------------------------------------------\n2) AN\u00c1LISE PESSOAL (00:52:00 \u2013 01:05:00)\n \u25b7 Me conheceu no v\u00eddeo sobre Harvey. N\u00e3o gostou. \u00c9 autof\u00e1gico e denecess\u00e1rio.\n \u25b7 Pol\u00eamica com o Jones Manoel. N\u00e3o viu os v\u00eddeos mas sabe que Jones \u00e9 intelectualmente honesto e isso basta.\n \u25b7 V\u00eddeo sobre a pol\u00eamica do MMT (tamb\u00e9m n\u00e3o viu). Porque n\u00e3o quer reverberar.\n \u25b7 N\u00e3o gosta do PSTU e nem de trotskista mas sabe que isso n\u00e3o \u00e9 argumento.\n \u25b7 N\u00e3o foi razo\u00e1vel o Gustavo usar prints de respostas do Humberto em grupo fechado e critic\u00e1-las. \n \u25b7 Estrat\u00e9gia exclusiva de tretas. Roubar o conte\u00fado alheio.\n \u25b7 Coloco ancaps e marxistas como ele no mesmo saco. \n \u25b7 Eu, o PSTU e os trotskistas s\u00e3o divisionistas e autof\u00e1gicos.\n\n\u00a0_______________________________________________________________________________\nSEJA MEMBRO e apoie o canal. Bot\u00e3o ADERIR acima ou: \nhttps:\/\/www.youtube.com\/channel\/UCRLEkZpNRoZQBG8kUTBD8vQ\/join\n\nV\u00eddeo sobre ser membro do canal:\nhttps:\/\/www.youtube.com\/watch?v=drvou-obBVU\n_______________________________________________________________________________\nSiga as p\u00e1ginas do canal Orienta\u00e7\u00e3o Marxista nas Redes Sociais\n\nFACEBOOK:    https:\/\/www.facebook.com\/Orienta\u00e7\u00e3o-Marxista-111673690190915\nTWITTER:       https:\/\/twitter.com\/orient_marxista\nINSTAGRAM: https:\/\/www.instagram.com\/orient.marxista\n_______________________________________________________________________________\nLeia o blog Teoria e Revolu\u00e7\u00e3o:\nhttps:\/\/teoriaerevolucao.pstu.org.br\n_______________________________________________________________________________\nO livro do autor desse canal (Marx e a Hist\u00f3ria: das particularidades nacionais \u00e0 universalidade da revolu\u00e7\u00e3o socialista )  pode ser adquirido nos seguintes endere\u00e7os:\nhttps:\/\/editorasundermann.com.br\/livro\/96-marx-e-a-hist%C3%B3ria\nhttps:\/\/www.estantevirtual.com.br\/busca?utf8=%E2%9C%93&q=gustavo+machado+marx\n\n#SaiaDaMatrix #PSTU #Dinheiro","original_language":"pt-BR","publication_date":"2020-08-24","duration":0,"url":"https:\/\/www.youtube.com\/watch?v=sSCEeXXTfGc","thumbnail":"thumbnails\/sSCEeXXTfGc.jpg"},{"video_id":"QtBtpprrOJ8","channel_id":"UCRLEkZpNRoZQBG8kUTBD8vQ","title":"Socialismo \u00e9 poss\u00edvel no Brasil? | P\u00e3o, paz e terra SUGERINDO FILME  EP #75","description":"No presente v\u00eddeo apresentamos filme P\u00e3o, Paz e Terra produzido no centen\u00e1rio da Revolu\u00e7\u00e3o Russa. O filme foi produzido pela Liga Internacional dos Trabalhadores e pode ser acessado no seguinte link:\nhttps:\/\/www.youtube.com\/watch?v=9Dwx2SzpHCo\n______________________________________________________________________________\nV\u00eddeos sugeridos: \nO partido de L\u00eanin (bolchevique) era monol\u00edtico? EP #26\nhttps:\/\/www.youtube.com\/watch?v=uGBpp7L8tt8\n\nST\u00c1LIN: uma an\u00e1lise (des)equilibrada EP #19\nhttps:\/\/www.youtube.com\/watch?v=fC73P1UqWeM\n\u00a0_______________________________________________________________________________\nSEJA MEMBRO e apoie o canal. Bot\u00e3o ADERIR acima ou: \nhttps:\/\/www.youtube.com\/channel\/UCRLEkZpNRoZQBG8kUTBD8vQ\/join\n\nV\u00eddeo sobre ser membro do canal:\nhttps:\/\/www.youtube.com\/watch?v=drvou-obBVU\n_______________________________________________________________________________\nSiga as p\u00e1ginas do canal Orienta\u00e7\u00e3o Marxista nas Redes Sociais\n\nFACEBOOK:    https:\/\/www.facebook.com\/Orienta\u00e7\u00e3o-Marxista-111673690190915\nTWITTER:       https:\/\/twitter.com\/orient_marxista\nINSTAGRAM: https:\/\/www.instagram.com\/orient.marxista\n_______________________________________________________________________________\nLeia o blog Teoria e Revolu\u00e7\u00e3o:\nhttps:\/\/teoriaerevolucao.pstu.org.br\n_______________________________________________________________________________\nO livro do autor desse canal (Marx e a Hist\u00f3ria: das particularidades nacionais \u00e0 universalidade da revolu\u00e7\u00e3o socialista )  pode ser adquirido nos seguintes endere\u00e7os:\nhttps:\/\/editorasundermann.com.br\/livro\/96-marx-e-a-hist%C3%B3ria\nhttps:\/\/www.estantevirtual.com.br\/busca?utf8=%E2%9C%93&q=gustavo+machado+marx\n\n#SocialismoBrasil #Revolu\u00e7\u00e3oRussa #Filme","original_language":"pt-BR","publication_date":"2020-08-22","duration":0,"url":"https:\/\/www.youtube.com\/watch?v=QtBtpprrOJ8","thumbnail":"thumbnails\/QtBtpprrOJ8.jpg"},{"video_id":"af6rD-GC7rY","channel_id":"UCRLEkZpNRoZQBG8kUTBD8vQ","title":"Dec\u00e1logo de L\u00eanin, Estrat\u00e9gia das Tesouras e outras mentiras EP #74","description":"Desmentimos aqui v\u00e1rias barbaridades propagadas pela direita brasileira sobre L\u00eanin (Olavo de Carvalho em particular): Dec\u00e1logo de L\u00eanin, Estrat\u00e9gia das Tesouras e o \"acuse-o do que vc \u00e9\". Fontes detalhadas abaixo:\n_____________________________________________________________________________________\nDEC\u00c1LOGO DE L\u00caNIN OU OS 10 MANDAMENTOS DE L\u00caNIN\nMen\u00e7\u00f5es do The New York Times, sobre a falsidade do texto e seu uso por Reagan\n1970: https:\/\/www.nytimes.com\/1970\/07\/10\/archives\/communist-rules-for-revolt-viewed-as-durable-fraud-rules-for.html\n1983 Reagan: https:\/\/www.nytimes.com\/1983\/02\/03\/opinion\/l-10-commandments-of-dubious-origin-205961.html\n\nLivro \"Eu nunca disse isto\", na p\u00e1gina 105 \u00e9 esclarecida a origem da lenda: https:\/\/domashka.englisher.com.ua\/m\/archive\/79\/They_Never_Said_It_A_Book_of_Fake_Quotes.pdf\nNesse livro podemos ver \"As regras s\u00e3o claramente falsas; n\u00e3o s\u00e3o compat\u00edveis nem um pouco com 1919\". Em seguida, indica-se que o FBI, CIA e Senado americano investigaram o documento e falharam em revelar qualquer ind\u00edcio da sua autenticidade.\n\nResumo:\n\u21d2 Origem do comumento em 1946 com o t\u00edtulo \"Regras Comunistas para Revolu\u00e7\u00e3o\". N\u00e3o era atribu\u00eddo a L\u00eanin.\n\u21d2 Supostamente teria surgido a partir de uma c\u00f3pia produzida pela \"sede comunista secreta\" em Dusseldorf, Alemanha, logo ap\u00f3s a Primeira Guerra, obtida em maio de 1919 pelos aliados. Nunca foram dados nomes ou endere\u00e7os e n\u00e3o existe uma \u00fanica c\u00f3pia do suposto documento.\n\u21d2 Amplamente difundido no EUA nos anos 60, 70 e 80. Foi citado por Reagan.\n\u21d2 Posteriormente sua autoria foi atribu\u00edda a L\u00eanin.\n\u21d2 Adi\u00e7\u00f5es ao documento brasileiro: \"Colabore para o esbanjamento do dinheiro p\u00fablico;\" \"Coloque em descr\u00e9dito a imagem do Pa\u00eds, especialmente no exterior\"\n\nVERS\u00c3O ORIGINAL TRADUZIDA\n\u201cRules for Revolution\u201d:\nA. Corrompa os jovens, afaste os da religi\u00e3o. Desperte seu interesse por sexo. Torne-os superficiais, destrua sua robustez.\nB. Controle todos os meios de publicidade e dessa forma:\n1. Mantenha desligada as mentes das pessoas do governo e da religi\u00e3o. Torne-os interessados em sexo, livros, pe\u00e7as e outras trivialidades.\n2. Divida as pessoas em grupos inimigos ao, constantemente, insistir em assuntos controversos sem import\u00e2ncia.\n3. Destrua a f\u00e9 das pessoas nos seus l\u00edderes ao ridiculariz\u00e1-los de desprez\u00e1-los.\n4. Sempre pregue uma democracia verdadeira, mas tome o poder o mais r\u00e1pido e impiedosamente poss\u00edvel.\n5. Destrua a reputa\u00e7\u00e3o governamental ao encorajar a extravag\u00e2ncia, produza pavor com aumento de pre\u00e7os e descontentamento geral.\n6. Fomente greves desnecess\u00e1rias em ind\u00fastrias vitais, incentive a desordem civil e alimente uma atitude que leve do governo contra essa desordem.\n7. Por meio de argumentos enganosos, cause a ruptura das virtudes morais: honestidade, sobriedade, contin\u00eancia, f\u00e9 na palavra empenhada, robustez.\nC. Fa\u00e7a, sob algum pretexto, com que todas as armas sejam catalogadas, com o objetivo de confisc\u00e1-las e deixar a popula\u00e7\u00e3o indefesa.\n_____________________________________________________________________________________\nESTRAT\u00c9GIA DAS TESOURAS\nConceito ou chave interpretativa criado por Anatoliy Golitsyn no livro New Lies For Old - The Communist Strategy of Deception and Disinformation (Ou NOVAS MENTIRAS VELHAS A Estrat\u00e9gia Comunista de Dissimula\u00e7\u00e3o e\nDesinforma\u00e7\u00e3o).\nRESUMO:\n\u21d2 Inexiste qualquer men\u00e7\u00e3o do termo em L\u00eanin\n\u21d2 Conte\u00fado tamb\u00e9m est\u00e1 ausente\n\u21d2 Conceito criado por Golitsyn em refer\u00eancia ao conflito Sino-Sovi\u00e9tico\n\n_____________________________________________________________________________________\n\"acuse-os do que voc\u00ea \u00e9, chame-os do que voc\u00ea faz\"\n\"Xingue-os do que voc\u00ea \u00e9, acuse-os do que voc\u00ea faz\"\n\nTrechos inexistem na obra de L\u00eanin. N\u00e3o conseguimos mapear sua origem norte-americana. Algo parecido j\u00e1 se encontra na bibliografia acima citada com t\u00edtulo \"Eu nunca disse isto\", na p\u00e1gina 75.\n\n\u201cDestroying all opposition by invective slander, smear, and blackmail is one of the techniques of Communism\u201d (\u201cDestruir toda a oposi\u00e7\u00e3o inventando cal\u00fanias, difama\u00e7\u00f5es e chantagens \u00e9 umas das t\u00e9cnicas do Comunismo\u201d). \n_____________________________________________________________________________________\nSiga as p\u00e1ginas do canal Orienta\u00e7\u00e3o Marxista nas Redes Sociais\n\nFACEBOOK:    https:\/\/www.facebook.com\/Orienta\u00e7\u00e3o-Marxista-111673690190915\nTWITTER:       https:\/\/twitter.com\/orient_marxista\nINSTAGRAM: https:\/\/www.instagram.com\/orient.marxista\n_____________________________________________________________________________________\nLeia o blog Teoria e Revolu\u00e7\u00e3o:\nhttps:\/\/teoriaerevolucao.pstu.org.br\n_____________________________________________________________________________________\nO livro do autor desse canal (Marx e a Hist\u00f3ria: das particularidades nacionais \u00e0 universalidade da revolu\u00e7\u00e3o socialista )  pode ser adquirido nos seguintes endere\u00e7os:\nhttps:\/\/editorasundermann.com.br\/livro\/96-marx-e-a-hist%C3%B3ria\n\n#Dec\u00e1logoDeLenin #Estrat\u00e9giaDasTesouras #OlavoDeCarvalho","original_language":"pt-BR","publication_date":"2020-08-17","duration":0,"url":"https:\/\/www.youtube.com\/watch?v=af6rD-GC7rY","thumbnail":"thumbnails\/af6rD-GC7rY.jpg"},{"video_id":"A-C-XL5-ot4","channel_id":"UCRLEkZpNRoZQBG8kUTBD8vQ","title":"DIEGO ROX e o Marx dem\u00f4nio | REAGINDO EP #73","description":"Nesse v\u00eddeo reagimos ao v\u00eddeo (apagado) de Diego Rox, para quem Marx seria um dem\u00f4nio, satanista, imprest\u00e1vel, vagabundo e outros qualificativos. Ele s\u00f3 esqueceu de verificar em qualquer biografia e nos documentos dispon\u00edveis.\n______________________________________________________________________________\nV\u00eddeos sugeridos: \n\nMARX foi um vagabundo que nunca trabalhou? EP #1\nhttps:\/\/www.youtube.com\/watch?v=dL2b_qcsEQo\n\nUniversidades NUNCA foram marxistas! EP #8\nhttps:\/\/www.youtube.com\/watch?v=FxG5p5EN6Iw\n_______________________________________________________________________________\nSEJA MEMBRO e apoie o canal. Bot\u00e3o ADERIR acima ou: \nhttps:\/\/www.youtube.com\/channel\/UCRLEkZpNRoZQBG8kUTBD8vQ\/join\n\nV\u00eddeo sobre ser membro do canal:\nhttps:\/\/www.youtube.com\/watch?v=drvou-obBVU\n_______________________________________________________________________________\nSiga as p\u00e1ginas do canal Orienta\u00e7\u00e3o Marxista nas Redes Sociais\n\nFACEBOOK:    https:\/\/www.facebook.com\/Orienta\u00e7\u00e3o-Marxista-111673690190915\nTWITTER:       https:\/\/twitter.com\/orient_marxista\nINSTAGRAM: https:\/\/www.instagram.com\/orient.marxista\n_______________________________________________________________________________\nLeia o blog Teoria e Revolu\u00e7\u00e3o:\nhttps:\/\/teoriaerevolucao.pstu.org.br\n_______________________________________________________________________________\nO livro do autor desse canal (Marx e a Hist\u00f3ria: das particularidades nacionais \u00e0 universalidade da revolu\u00e7\u00e3o socialista )  pode ser adquirido nos seguintes endere\u00e7os:\nhttps:\/\/editorasundermann.com.br\/livro\/96-marx-e-a-hist%C3%B3ria\nhttps:\/\/www.estantevirtual.com.br\/busca?utf8=%E2%9C%93&q=gustavo+machado+marx\n\n#DiegoRox #Marx #Dem\u00f4nio","original_language":"pt-BR","publication_date":"2020-08-16","duration":0,"url":"https:\/\/www.youtube.com\/watch?v=A-C-XL5-ot4","thumbnail":"thumbnails\/A-C-XL5-ot4.jpg"},{"video_id":"qD8pJK_fNLw","channel_id":"UCRLEkZpNRoZQBG8kUTBD8vQ","title":"Pol\u00edtica editorial no Brasil | LOSURDO e HARVEY EP #72","description":"Nesse v\u00eddeo batemos um papo sobre o unilateralismo das pol\u00edticas editoriais no Brasil, que n\u00e3o refletem os debates, pol\u00eamicas e publica\u00e7\u00f5es sobre as respectivas pesquisas mundo afora. \n\nAlgumas (somente algumas) obras que s\u00e3o refer\u00eancia no debate contempor\u00e2neo de O Capital (n\u00e3o quer dizer que acompanho o que diz esses autores, mas s\u00e3o estudos s\u00e9rios):\n\nALBRITTON, R. New Dialectics and Political Economy. Basingstoke: Palgrave, 2003.\nARTHUR, C. The new Dialectic and Marx's Capital. Brill Academic Publishers, 2004.\nARTHUR, C. AND REUTEN, G. (eds.). The Circulation of Capital: Essays on Volume Two of Marx\u2019s Capital. London: Macmillan, 1998.\nHEINRICH, Michael (2004): Kritik der politischen \u00d6konomie. Eine Einf\u00fchrung ,\nStuttgart: Schmetterling Verlag (existe trad. al cast.: Cr\u00edtica de la econom\u00eda\npol\u00edtica. Una introducci\u00f3n a El capital de Marx, Escolar y Mayo, Madrid, 2009,\ntrad. de C\u00e9sar Ruiz).\nMURRAY, P. Marx\u2019s Theory of Scientific Knowledge. Atlantic Highlands N. J.: Humanities Press, 2008. \nMOSELEY, F.; SMITH, T. Marx's Capital and Hegel's Logic. A reexamination. Leiden, Netherlands: Brill, 2014.\nMOSELEY,  F. Money  and  Totality:  A  Macro-Monetary  Interpretation of Marx\u2019s Logic in Capital and the End of the \u2018Transformation Problem\u2019. Boston: Brill, 2015.\nPOSTONE, M. Time, labor and social domination. Londres: Cambridge University Press, 2003.\nREUTEN, G; WILLIAMS, M. Value-form and the State. London: Routledge, 1989.\nSEKINE, T. The Dialectic of Capital. In: Science & Society, v.62., n.3, 1998.\nSMITH, T. Dialectical Social Theory and its Critics. Albany: State University of New York Press, 1993.\n\u00a0______________________________________________________________________________\nV\u00eddeo sugerido: \nPOL\u00caMICAS: por que \u00e9 necess\u00e1rio ser duro e ir\u00f4nico no debate EP #34\nhttps:\/\/www.youtube.com\/watch?v=SsgZJ1M_IqU\n_______________________________________________________________________________\nSEJA MEMBRO e apoie o canal. Bot\u00e3o ADERIR acima ou: \nhttps:\/\/www.youtube.com\/channel\/UCRLEkZpNRoZQBG8kUTBD8vQ\/join\n\nV\u00eddeo sobre ser membro do canal:\nhttps:\/\/www.youtube.com\/watch?v=drvou-obBVU\n_______________________________________________________________________________\nSiga as p\u00e1ginas do canal Orienta\u00e7\u00e3o Marxista nas Redes Sociais\n\nFACEBOOK:    https:\/\/www.facebook.com\/Orienta\u00e7\u00e3o-Marxista-111673690190915\nTWITTER:       https:\/\/twitter.com\/orient_marxista\nINSTAGRAM: https:\/\/www.instagram.com\/orient.marxista\n_______________________________________________________________________________\nLeia o blog Teoria e Revolu\u00e7\u00e3o:\nhttps:\/\/teoriaerevolucao.pstu.org.br\n_______________________________________________________________________________\nO livro do autor desse canal (Marx e a Hist\u00f3ria: das particularidades nacionais \u00e0 universalidade da revolu\u00e7\u00e3o socialista )  pode ser adquirido nos seguintes endere\u00e7os:\nhttps:\/\/editorasundermann.com.br\/livro\/96-marx-e-a-hist%C3%B3ria\nhttps:\/\/www.estantevirtual.com.br\/busca?utf8=%E2%9C%93&q=gustavo+machado+marx\n\n#Pol\u00edticaEditoria #Harvey #Losurdo","original_language":"pt-BR","publication_date":"2020-08-13","duration":0,"url":"https:\/\/www.youtube.com\/watch?v=qD8pJK_fNLw","thumbnail":"thumbnails\/qD8pJK_fNLw.jpg"},{"video_id":"dPXaIb79qK8","channel_id":"UCRLEkZpNRoZQBG8kUTBD8vQ","title":"Ind\u00fastria 4.0 | O que esperar da nova revolu\u00e7\u00e3o tecnol\u00f3gica? EP #71","description":"Apresentamos nesse v\u00eddeo alguma ideias gerais a respeito dos impactos de uma revolu\u00e7\u00e3o tecnol\u00f3gica, em particular, a atual denominada de Ind\u00fastria 4.0. Remetemos a palestra que iremos realizar sobre o tema, em parceria com a Faculdade de Educa\u00e7\u00e3o da UFMG e o grupo de pesquisa UNIVERSIT\u00c1TIS, al\u00e9m do ILAESE, ao vivo pelo youtube no seguinte link:\nhttps:\/\/www.youtube.com\/watch?v=gniW02eV4ig\n\n_____________________________________________________________________________________\nV\u00eddeo sugerido: \nMotoristas do Uber e Youtubers s\u00e3o trabalhadores assalariados EP #21\nhttps:\/\/www.youtube.com\/watch?v=JTJOk-tXwtk\n\nAnu\u00e1rio Estat\u00edstico do ILAESE | Trabalho e Explora\u00e7\u00e3o EP #20\nhttps:\/\/www.youtube.com\/watch?v=p5uMqZtrh5k\n\n_____________________________________________________________________________________\nSiga as p\u00e1ginas do canal Orienta\u00e7\u00e3o Marxista nas Redes Sociais\n\nFACEBOOK:    https:\/\/www.facebook.com\/Orienta\u00e7\u00e3o-Marxista-111673690190915\nTWITTER:       https:\/\/twitter.com\/orient_marxista\nINSTAGRAM: https:\/\/www.instagram.com\/orient.marxista\n_____________________________________________________________________________________\nLeia o blog Teoria e Revolu\u00e7\u00e3o:\nhttps:\/\/teoriaerevolucao.pstu.org.br\n_____________________________________________________________________________________\nO livro do autor desse canal (Marx e a Hist\u00f3ria: das particularidades nacionais \u00e0 universalidade da revolu\u00e7\u00e3o socialista )  pode ser adquirido nos seguintes endere\u00e7os:\nhttps:\/\/editorasundermann.com.br\/livro\/96-marx-e-a-hist%C3%B3ria\nhttps:\/\/www.estantevirtual.com.br\/busca?utf8=%E2%9C%93&q=gustavo+machado+marx\n\n#Industria4.0 #QuartaRevolu\u00e7\u00e3oIndustrial #Capital","original_language":"pt","publication_date":"2020-08-10","duration":0,"url":"https:\/\/www.youtube.com\/watch?v=dPXaIb79qK8","thumbnail":"thumbnails\/dPXaIb79qK8.jpg"},{"video_id":"vJd_ViEeiTM","channel_id":"UCRLEkZpNRoZQBG8kUTBD8vQ","title":"MORTES DO CAPITALISMO | \"Livre\" mercado \u00e9 criado pela viol\u00eancia (Estatal) EP #70","description":"AS MORTES DO CAPITALISMO || Iniciamos uma nova s\u00e9rie no canal Orienta\u00e7\u00e3o Marxista, na lista de reprodu\u00e7\u00e3o HIST\u00d3RIA. \nO tema ser\u00e1 as mortes do capitalismo que nasceu escorrendo sangue por todos os poros da cabe\u00e7a aos p\u00e9s. Nesse v\u00eddeo veremos porque o capitalismo necessita, sim ou sim, da viol\u00eancia e da destru\u00ed\u00e7\u00e3o das formas anteriores de sociedade para criar as pr\u00e9-condi\u00e7\u00f5es e a possibilidade mesma daquilo que chamam livre mercado.\nTeremos os seguintes epis\u00f3dios:\n\n1) CAPITALISMO NASCE ANCORADO NO BRA\u00c7O FORTE DO ESTADO \n2) MORTES DO CAPITALISMO: AM\u00c9RICA \n3) MORTES DO CAPITALISMO: \u00c1SIA \n4) MORTES DO CAPITALISMO: \u00c1FRICA\n5) MORTES DO CAPITALISMO: EUROPA\n6) MORTES DO CAPITALISMO: S\u00c9CULO XX\n7) MERCADO \u00c9 (NECESSARIAMENTE) VIOL\u00caNCIA\n_____________________________________________________________________________________\nV\u00eddeo sugerido: \nMERITOCRACIA | Capitalismo NUNCA foi meritocr\u00e1tico EP #68\nhttps:\/\/www.youtube.com\/watch?v=qaQsDe47r7Q\n_____________________________________________________________________________________\nSiga as p\u00e1ginas do canal Orienta\u00e7\u00e3o Marxista nas Redes Sociais\n\nFACEBOOK:    https:\/\/www.facebook.com\/Orienta\u00e7\u00e3o-Marxista-111673690190915\nTWITTER:       https:\/\/twitter.com\/orient_marxista\nINSTAGRAM: https:\/\/www.instagram.com\/orient.marxista\n_____________________________________________________________________________________\nLeia o blog Teoria e Revolu\u00e7\u00e3o:\nhttps:\/\/teoriaerevolucao.pstu.org.br\n_____________________________________________________________________________________\nO livro do autor desse canal (Marx e a Hist\u00f3ria: das particularidades nacionais \u00e0 universalidade da revolu\u00e7\u00e3o socialista )  pode ser adquirido nos seguintes endere\u00e7os:\nhttps:\/\/editorasundermann.com.br\/livro\/96-marx-e-a-hist%C3%B3ria\nhttps:\/\/www.estantevirtual.com.br\/busca?utf8=%E2%9C%93&q=gustavo+machado+marx\n\n#MortesDoCapitalismo #LivreMercado #Viol\u00eancia","original_language":"pt-BR","publication_date":"2020-08-07","duration":0,"url":"https:\/\/www.youtube.com\/watch?v=vJd_ViEeiTM","thumbnail":"thumbnails\/vJd_ViEeiTM.jpg"},{"video_id":"B57U5XQ6WBA","channel_id":"UCRLEkZpNRoZQBG8kUTBD8vQ","title":"HUMBERTO MATOS | O Estado criou o mercado ou o mercado criou o Estado? REAGINDO EP #69","description":"REAGINDO | SAIA DA MATRIX\nO mercado criou o Estado ou o Estado criou o mercado? O que nasceu primeiro: o ovo ou a galinha? Nesse v\u00eddeo reagimos ao seguinte v\u00eddeo de Humberto Matos do canal Saia da Matrix:\nhttps:\/\/www.youtube.com\/watch?v=1LG4ki8jHrM\n\nOs temas tratadados s\u00e3o basicamente as inven\u00e7\u00f5es historiogr\u00e1ficas de nosso youtuber no intuito de colocar a moeda como o ente m\u00edstico que fundou, a partir do Estado, tudo que da\u00ed se derivou na hist\u00f3ria humana.\n\nV\u00eddeo sugerido: \nSaia da Matrix (MMT) versus Dinheiro em Marx | O CAPITAL DE MARX VID #8\nhttps:\/\/www.youtube.com\/watch?v=x7Q6IS35Scw\n_______________________________________________________________________________\nSEJA MEMBRO e apoie o canal. Bot\u00e3o ADERIR acima ou: \nhttps:\/\/www.youtube.com\/channel\/UCRLEkZpNRoZQBG8kUTBD8vQ\/join\n\nV\u00eddeo sobre ser membro do canal:\nhttps:\/\/www.youtube.com\/watch?v=drvou-obBVU\n_______________________________________________________________________________\nSiga as p\u00e1ginas do canal Orienta\u00e7\u00e3o Marxista nas Redes Sociais\n\nFACEBOOK:    https:\/\/www.facebook.com\/Orienta\u00e7\u00e3o-Marxista-111673690190915\nTWITTER:       https:\/\/twitter.com\/orient_marxista\nINSTAGRAM: https:\/\/www.instagram.com\/orient.marxista\n_______________________________________________________________________________\nLeia o blog Teoria e Revolu\u00e7\u00e3o:\nhttps:\/\/teoriaerevolucao.pstu.org.br\n_______________________________________________________________________________\nO livro do autor desse canal (Marx e a Hist\u00f3ria: das particularidades nacionais \u00e0 universalidade da revolu\u00e7\u00e3o socialista )  pode ser adquirido nos seguintes endere\u00e7os:\nhttps:\/\/editorasundermann.com.br\/livro\/96-marx-e-a-hist%C3%B3ria\nhttps:\/\/www.estantevirtual.com.br\/busca?utf8=%E2%9C%93&q=gustavo+machado+marx\n\n#SaiaDaMatrix #Mercado #Moeda","original_language":"pt-BR","publication_date":"2020-08-04","duration":0,"url":"https:\/\/www.youtube.com\/watch?v=B57U5XQ6WBA","thumbnail":"thumbnails\/B57U5XQ6WBA.jpg"},{"video_id":"qaQsDe47r7Q","channel_id":"UCRLEkZpNRoZQBG8kUTBD8vQ","title":"MERITOCRACIA | Capitalismo NUNCA foi meritocr\u00e1tico EP #68","description":"CAPITALISMO E MERITOCRACIA || Voc\u00ea acredita mesmo que o capitalismo (ou a economia de mercado) \u00e9 o reino da meritocracia? Nesse v\u00eddeo, atacamos essa fantasia. O capitalismo \u00e9 o sistema menos meritocr\u00e1tico que algum dia existiu na hist\u00f3ria humana.\n\nV\u00eddeo sugerido: \n\nSpaceX e ELON MUSK: Tecnologia e capital se complementam ou se op\u00f5em? EP #51\nhttps:\/\/www.youtube.com\/watch?v=9eOszALA6sY\n_______________________________________________________________________________\nSEJA MEMBRO e apoie o canal. Bot\u00e3o ADERIR acima ou: \nhttps:\/\/www.youtube.com\/channel\/UCRLEkZpNRoZQBG8kUTBD8vQ\/join\n\nV\u00eddeo sobre ser membro do canal:\nhttps:\/\/www.youtube.com\/watch?v=drvou-obBVU\n_______________________________________________________________________________\nSiga as p\u00e1ginas do canal Orienta\u00e7\u00e3o Marxista nas Redes Sociais\n\nFACEBOOK:    https:\/\/www.facebook.com\/Orienta\u00e7\u00e3o-Marxista-111673690190915\nTWITTER:       https:\/\/twitter.com\/orient_marxista\nINSTAGRAM: https:\/\/www.instagram.com\/orient.marxista\n_______________________________________________________________________________\nLeia o blog Teoria e Revolu\u00e7\u00e3o:\nhttps:\/\/teoriaerevolucao.pstu.org.br\n_______________________________________________________________________________\nO livro do autor desse canal (Marx e a Hist\u00f3ria: das particularidades nacionais \u00e0 universalidade da revolu\u00e7\u00e3o socialista )  pode ser adquirido nos seguintes endere\u00e7os:\nhttps:\/\/editorasundermann.com.br\/livro\/96-marx-e-a-hist%C3%B3ria\nhttps:\/\/www.estantevirtual.com.br\/busca?utf8=%E2%9C%93&q=gustavo+machado+marx\n\n#Meritocracia #Mercado #Capitalismo","original_language":"pt-BR","publication_date":"2020-08-01","duration":0,"url":"https:\/\/www.youtube.com\/watch?v=qaQsDe47r7Q","thumbnail":"thumbnails\/qaQsDe47r7Q.jpg"},{"video_id":"VY0xSPUME1w","channel_id":"UCRLEkZpNRoZQBG8kUTBD8vQ","title":"PETROBRAS | pouco IMPOSTO, muito LUCRO EP #67","description":"Nesse v\u00eddeo mostramos alguns dados comparativos das receitas, lucros, impostos e taxas da Petrobras com outras gigantes do setor tais como: ExxonMobil (Estados Unidos), Royal Dutch Shell (Anglo-Holandesa), Equinor (Noruega), Chevron (Estados Unidos), BP (Inglaterra), Total (Fran\u00e7a), Petrobras (Brasil).\n\nVoc\u00eas ver\u00e3o que a Petrobras \u00e9 hoje a empresa de capital aberto mais lucrativa do setor e a que possui a menor taxa de impostos, considerando os dados acumulados desde 2012 at\u00e9 2019.\n\nEsse \u00e9 o motivo de sua privatiza\u00e7\u00e3o. Privatizar quando d\u00e1 certo e se der errado o Estado salva com o dinheiro de seus impostos.\n__________________________________________________________________________________________\nBaixe gratuitamente o Anu\u00e1rio Estat\u00edstico do ILAESE 2019\nhttp:\/\/ilaese.org.br\/anuario-estatistico-ilaese-trabalho-e-exploracao-2019-2\/ \n\n__________________________________________________________________________________________ \nV\u00eddeos relacionados:\n\nA verdade sobre os IMPOSTOS no Brasil: a utopia liberal EP #17\nhttps:\/\/www.youtube.com\/watch?v=zv0IrW85ZvM\n\nPaulo Guedes: o idiota \u00fatil! EP #9\nhttps:\/\/www.youtube.com\/watch?v=XCGtesnVI2w\n_______________________________________________________________________________\nSEJA MEMBRO e apoie o canal. Bot\u00e3o ADERIR acima ou: \nhttps:\/\/www.youtube.com\/channel\/UCRLEkZpNRoZQBG8kUTBD8vQ\/join\n\nV\u00eddeo sobre ser membro do canal:\nhttps:\/\/www.youtube.com\/watch?v=drvou-obBVU\n_______________________________________________________________________________\nSiga as p\u00e1ginas do canal Orienta\u00e7\u00e3o Marxista nas Redes Sociais\n\nFACEBOOK:    https:\/\/www.facebook.com\/Orienta\u00e7\u00e3o-Marxista-111673690190915\nTWITTER:       https:\/\/twitter.com\/orient_marxista\nINSTAGRAM: https:\/\/www.instagram.com\/orient.marxista\n_______________________________________________________________________________\nLeia o blog Teoria e Revolu\u00e7\u00e3o:\nhttps:\/\/teoriaerevolucao.pstu.org.br\n_______________________________________________________________________________\nO livro do autor desse canal (Marx e a Hist\u00f3ria: das particularidades nacionais \u00e0 universalidade da revolu\u00e7\u00e3o socialista )  pode ser adquirido nos seguintes endere\u00e7os:\nhttps:\/\/editorasundermann.com.br\/livro\/96-marx-e-a-hist%C3%B3ria\nhttps:\/\/www.estantevirtual.com.br\/busca?utf8=%E2%9C%93&q=gustavo+machado+marx\n\n#Petrobras #Imposto #Mercado","original_language":"pt-BR","publication_date":"2020-07-27","duration":0,"url":"https:\/\/www.youtube.com\/watch?v=VY0xSPUME1w","thumbnail":"thumbnails\/VY0xSPUME1w.jpg"},{"video_id":"rEkFhIifqcA","channel_id":"UCRLEkZpNRoZQBG8kUTBD8vQ","title":"DETURPARAM MISES? | C\u00e1lculo Econ\u00f4mico, Valor Subjetivo e Pre\u00e7o EP #66","description":"Nesse v\u00eddeo, partindo dos coment\u00e1rios aqui no canal e das \"refuta\u00e7\u00f5es\" que se proliferaram no youtube, mostro que:\nAntes de tudo: LIBERALISMO \u00c9 TEOLOGIA E RELIGI\u00c3O. Seu fundamento \u00e9 a F\u00c9 no mercado. Vou afirmar isso mais umas 50 vezes daqui para frente. Pressuposto religioso (nunca demonstrado) de que o mercado tende ao equil\u00edbrio. \n\nConfus\u00e3o entre a a\u00e7\u00e3o supostamente racional dos indiv\u00edduos (produtores e consumidores; compradores e vendedores) e a raz\u00e3o do sistema como um todo, n\u00e3o racionalizado por ningu\u00e9m.\n\n1) Teoria do valor subjetivo \u00e9 pura empulha\u00e7\u00e3o, em qualquer uma das sua incont\u00e1veis vers\u00f5es: medida da felicidade, medida da satisfa\u00e7\u00e3o baseado nas prefer\u00eancias e escolhas. N\u00e3o sem raz\u00e3o, terminou em uma mera teoria emp\u00edrica e matem\u00e1tica (Pareto).\n\n2) SIM. Teoria dos pre\u00e7os do mercado e do equil\u00edbrio geral \u00e9 tautol\u00f3gica, circular, descritiva e vazia de conte\u00fado. As contra argumenta\u00e7\u00f5es que surgiram a respeito apenas refor\u00e7aram o problema.\n\n3) Em meu v\u00eddeo sobre MISES e o c\u00e1lculo econ\u00f4mico, os caras tiveram a cara de pau de argumentar que minha CR\u00cdTICA AO MISES n\u00e3o foi escrita pelo pr\u00f3prio MISES. Na minha exposi\u00e7\u00e3o sobre a \"teoria\" do cara, n\u00e3o encontraram problema algum. \n\nV\u00eddeo citado e sugerido: \n\nLIBERALISMO \u00e9 cren\u00e7a teol\u00f3gica: Guedes e Constantino explicam EP #42\nhttps:\/\/www.youtube.com\/watch?v=wJRGTod8NH4\n\nECONOMIA NEOCL\u00c1SSICA versus MARX: Valor, pre\u00e7o e mercado EP #63\nhttps:\/\/www.youtube.com\/watch?v=eX3HNeMfhMk\n_______________________________________________________________________________\nSEJA MEMBRO e apoie o canal. Bot\u00e3o ADERIR acima ou: \nhttps:\/\/www.youtube.com\/channel\/UCRLEkZpNRoZQBG8kUTBD8vQ\/join\n\nV\u00eddeo sobre ser membro do canal:\nhttps:\/\/www.youtube.com\/watch?v=drvou-obBVU\n_______________________________________________________________________________\nSiga as p\u00e1ginas do canal Orienta\u00e7\u00e3o Marxista nas Redes Sociais\n\nFACEBOOK:    https:\/\/www.facebook.com\/Orienta\u00e7\u00e3o-Marxista-111673690190915\nTWITTER:       https:\/\/twitter.com\/orient_marxista\nINSTAGRAM: https:\/\/www.instagram.com\/orient.marxista\n_______________________________________________________________________________\nLeia o blog Teoria e Revolu\u00e7\u00e3o:\nhttps:\/\/teoriaerevolucao.pstu.org.br\n_______________________________________________________________________________\nO livro do autor desse canal (Marx e a Hist\u00f3ria: das particularidades nacionais \u00e0 universalidade da revolu\u00e7\u00e3o socialista )  pode ser adquirido nos seguintes endere\u00e7os:\nhttps:\/\/editorasundermann.com.br\/livro\/96-marx-e-a-hist%C3%B3ria\nhttps:\/\/www.estantevirtual.com.br\/busca?utf8=%E2%9C%93&q=gustavo+machado+marx\n\n#Mises #C\u00e1lculoEcon\u00f4mico #ValorSubjetivo","original_language":"pt-BR","publication_date":"2020-07-24","duration":0,"url":"https:\/\/www.youtube.com\/watch?v=rEkFhIifqcA","thumbnail":"thumbnails\/rEkFhIifqcA.jpg"},{"video_id":"kpYl55E1dS8","channel_id":"UCRLEkZpNRoZQBG8kUTBD8vQ","title":"VIS\u00c3O LIBERT\u00c1RIA: Mais-valia existe? Ancaps e Liberais | REAGINDO EP #65","description":"Nesse v\u00eddeo, reagi e comentei o v\u00eddeo: Mais valia existe? do canal Vis\u00e3o Libert\u00e1ria. Presente no seguinte link:\nhttps:\/\/www.youtube.com\/watch?v=sNBPegDjKjw \n\nV\u00eddeos citados:\nMARX foi um vagabundo que nunca trabalhou? EP #1\nhttps:\/\/www.youtube.com\/watch?v=sNBPegDjKjw&t=868s\n\nECONOMIA NEOCL\u00c1SSICA versus MARX: Valor, pre\u00e7o e mercado EP #63\nhttps:\/\/www.youtube.com\/watch?v=sNBPegDjKjw\n\nO CAPITAL DE MARX: Livro I: Caps. 5-9 MAIS-VALIA ABSOLUTA VID #9\nhttps:\/\/www.youtube.com\/watch?v=sNBPegDjKjw\n\n\u00a0Temas tratados:\n\u2192 N\u00e3o consultou nem sequer o livrinho introdut\u00f3rio de 50 p\u00e1ginas para fazer o material. O pr\u00f3prio Marx tem um: Sal\u00e1rio, pre\u00e7o e lucro. Mais um para ajudar: A Introdu\u00e7\u00e3o a O Capital de Alex Callinicos.\n\u2192 Sugere que foram editados 4 livros sobre O Capital por quest\u00f5es financeiras. Mas n\u00e3o chegou a baix\u00edssima vendagem dos livros e que o projeto(dos 4 livros) j\u00e1 havia sido tra\u00e7ado por Marx v\u00e1rias vezes.\n\u2192 Atribui a Ricardo uma teoria da Oferta e Demanda que foi elaborada pela primeira vez por Fleeming Jenkin em 1870 e assumida pelos neocl\u00e1ssicos: Jevons, Menger e Walras (os tr\u00eas mosqueteiros). O cara n\u00e3o conhece nem as bases te\u00f3ricas da teoria que ele defende.\n\u2192 Atribui a Marx uma teoria do valor que ele jamais elaborou e atacou a vida toda.\n\u2192 Atribui a Marx a ideia de que pode ter valor(-trabalho) sem pre\u00e7o ou dinheiro enquanto toda sua teoria do valor foi para mostrar o contr\u00e1rio: que o valor exige o pre\u00e7o e o dinheiro. Em letras garrafais para ver se entende: MARX \u00c9 UM CR\u00cdTICO FERRENHO DA FORMA DE SOCIEDADE QUE S\u00d3 PRODUZ PRODUTOS NA FORMA DE VALOR.\n\u2192 Atribui a Marx uma teoria dos pre\u00e7os que \u00e9 o contr\u00e1rio do que ele elaborou: os pre\u00e7os se explicam pelo valor e o valor s\u00f3 pode se expressar em pre\u00e7os.\n\u2192 Atribui a Marx a ideia de que m\u00e1quinas e insumos e demais custos n\u00e3o importam, sendo que foi o contr\u00e1rio. \n\nEm suma, tudo que o cara falou, \u00e9 o contr\u00e1rio nos escritos de Marx. Ele saberia disso caso tivesse lido uma obra introdut\u00f3ria de 50 p\u00e1ginas. Mesmo uma obra ruim.\n_______________________________________________________________________________\nSEJA MEMBRO e apoie o canal. Bot\u00e3o ADERIR acima ou: \nhttps:\/\/www.youtube.com\/channel\/UCRLEkZpNRoZQBG8kUTBD8vQ\/join\n\nV\u00eddeo sobre ser membro do canal:\nhttps:\/\/www.youtube.com\/watch?v=drvou-obBVU\n_______________________________________________________________________________\nSiga as p\u00e1ginas do canal Orienta\u00e7\u00e3o Marxista nas Redes Sociais\n\nFACEBOOK:    https:\/\/www.facebook.com\/Orienta\u00e7\u00e3o-Marxista-111673690190915\nTWITTER:       https:\/\/twitter.com\/orient_marxista\nINSTAGRAM: https:\/\/www.instagram.com\/orient.marxista\n_______________________________________________________________________________\nLeia o blog Teoria e Revolu\u00e7\u00e3o:\nhttps:\/\/teoriaerevolucao.pstu.org.br\n_______________________________________________________________________________\nO livro do autor desse canal (Marx e a Hist\u00f3ria: das particularidades nacionais \u00e0 universalidade da revolu\u00e7\u00e3o socialista )  pode ser adquirido nos seguintes endere\u00e7os:\nhttps:\/\/editorasundermann.com.br\/livro\/96-marx-e-a-hist%C3%B3ria\nhttps:\/\/www.estantevirtual.com.br\/busca?utf8=%E2%9C%93&q=gustavo+machado+marx\n\n#Ancaps #MaisValia #KarlMarx","original_language":"pt-BR","publication_date":"2020-07-20","duration":0,"url":"https:\/\/www.youtube.com\/watch?v=kpYl55E1dS8","thumbnail":"thumbnails\/kpYl55E1dS8.jpg"},{"video_id":"P3vQ0F2ULC4","channel_id":"UCRLEkZpNRoZQBG8kUTBD8vQ","title":"CARL SAGAN e TROTSKY: Revolu\u00e7\u00e3o Russa | SUGERINDO LIVROS EP #64","description":"Nesse v\u00eddeo apresento uma das mais extraordin\u00e1rias obras que j\u00e1 li: Hist\u00f3ria da Revolu\u00e7\u00e3o Russa de L\u00e9on Trotsky\n\nO partido de L\u00eanin (bolchevique) era monol\u00edtico? EP #26\nhttps:\/\/www.youtube.com\/watch?v=uGBpp7L8tt8\n\nAsneiras sobre Trotsky:\nREAGINDO AO JONES MANOEL: St\u00e1lin, Trotsky, Marx EP #32\nhttps:\/\/www.youtube.com\/watch?v=XY9isI5DBik\n\nComo adquirir a Hist\u00f3ria da Revolu\u00e7\u00e3o Russa de Trotsky\nhttps:\/\/editorasundermann.com.br\/livro\/36-hist%C3%B3ria-da-revolu%C3%A7%C3%A3o-russa-tomos-i-e-ii--leon-trotsky\n\nHist\u00f3ria da Revolu\u00e7\u00e3o Russa de Trotsky por Carl Sagan\n\u201cPouco depois de Stalin chegar ao poder, come\u00e7aram a desaparecer as fotografias de seu rival Liev Trotsky, figura monumental nas revolu\u00e7\u00f5es de 1905 e 1917. Ocuparam seu lugar pinturas heroicas e totalmente anti-hist\u00f3ricas de Stalin e Lenin dirigindo juntos a Revolu\u00e7\u00e3o Bolchevique, enquanto Trotsky, o fundador do Ex\u00e9rcito Vermelho, n\u00e3o aparecia em lugar nenhum\u201d.\n\n\u201cEssas imagens se tornaram \u00edcones do Estado. (\u2026) As novas gera\u00e7\u00f5es cresceram acreditando que esta era a sua hist\u00f3ria. As gera\u00e7\u00f5es anteriores come\u00e7aram a pensar que se lembravam de algo, uma esp\u00e9cie de s\u00edndrome da falsa mem\u00f3ria pol\u00edtica. Aqueles que conseguiram acomodar suas mem\u00f3rias reais ao que os l\u00edderes queriam que eles acreditassem exercitaram o que Orwell descreveu como \u201cdupla moral\u201d. Aqueles que n\u00e3o podiam, os velhos bolcheviques que se lembravam do papel perif\u00e9rico de Stalin na Revolu\u00e7\u00e3o e o central de Trotsky, foram denunciados como traidores ou pequenos burgueses incorrig\u00edveis \u201ctrotskistas\u201d ou \u201ctrotsko-fascistas\u201d, presos, torturados e, depois de serem obrigados a confessar sua trai\u00e7\u00e3o em p\u00fablico, executados. \u00c9 poss\u00edvel \u2013 dado o controle absoluto sobre a m\u00eddia e a pol\u00edcia \u2013 reescrever as mem\u00f3rias de centenas de milhares de pessoas se houver uma gera\u00e7\u00e3o que o assuma (\u2026)\n\n\u201cEm nossa \u00e9poca, com a fabrica\u00e7\u00e3o de imagens fixas realistas, filmes e fitas de v\u00eddeo tecnologicamente a nosso alcance com a televis\u00e3o em todos os lares e o pensamento cr\u00edtico em decl\u00ednio, parece poss\u00edvel reestruturar a mem\u00f3ria social, sem que a pol\u00edcia secreta tenha que prestar aten\u00e7\u00e3o especial (\u2026) Mas \u00e9 dif\u00edcil manter sempre ocultas verdades hist\u00f3ricas poderosas. Novas fontes de dados s\u00e3o descobertas (\u2026). No final dos anos oitenta e antes, Ann Druyan e eu introduzimos clandestinamente na Uni\u00e3o Sovi\u00e9tica exemplares da Hist\u00f3ria da Revolu\u00e7\u00e3o Russa de Trotsky para que os nossos colegas pudessem saber algo de suas pr\u00f3prias origens pol\u00edticas (\u2026)\n\u201cO ceticismo tem por fun\u00e7\u00e3o ser perigoso. \u00c9 um desafio para institui\u00e7\u00f5es estabelecidas. Se n\u00f3s mostramos a todo o mundo, incluindo, por exemplo, estudantes do ensino m\u00e9dio, h\u00e1bitos de pensamento c\u00e9tico, provavelmente n\u00e3o v\u00e3o limitar seu ceticismo aos ovnis, aos comerciais de aspirina e aos profetas canonizados de 35.000 anos. Talvez eles comecem a fazer perguntas importantes sobre institui\u00e7\u00f5es econ\u00f4micas, sociais, pol\u00edticas ou religiosas. Talvez eles ir\u00e3o desafiar as opini\u00f5es daqueles que est\u00e3o no poder. Onde estaremos ent\u00e3o?\n\nCarl Sagan, \u201cO mundo e seus dem\u00f4nios: a ci\u00eancia como uma luz no escuro\u201d (1995), Ed. Planeta, pp 446-448.\n_____________________________________________________________________________________\nSiga as p\u00e1ginas do canal Orienta\u00e7\u00e3o Marxista nas Redes Sociais\n\nFACEBOOK:    https:\/\/www.facebook.com\/Orienta\u00e7\u00e3o-Marxista-111673690190915\nTWITTER:       https:\/\/twitter.com\/orient_marxista\nINSTAGRAM: https:\/\/www.instagram.com\/orient.marxista\n_____________________________________________________________________________________\nLeia o blog Teoria e Revolu\u00e7\u00e3o:\nhttps:\/\/teoriaerevolucao.pstu.org.br\n_____________________________________________________________________________________\nO livro do autor desse canal (Marx e a Hist\u00f3ria: das particularidades nacionais \u00e0 universalidade da revolu\u00e7\u00e3o socialista )  pode ser adquirido nos seguintes endere\u00e7os:\nhttps:\/\/editorasundermann.com.br\/livro\/96-marx-e-a-hist%C3%B3ria\nhttps:\/\/www.estantevirtual.com.br\/busca?utf8=%E2%9C%93&q=gustavo+machado+marx\n\n#LeonTrotsky #CarlSagan #Revolu\u00e7\u00e3oRussa","original_language":"pt","publication_date":"2020-07-19","duration":0,"url":"https:\/\/www.youtube.com\/watch?v=P3vQ0F2ULC4","thumbnail":"thumbnails\/P3vQ0F2ULC4.jpg"},{"video_id":"eX3HNeMfhMk","channel_id":"UCRLEkZpNRoZQBG8kUTBD8vQ","title":"ECONOMIA NEOCL\u00c1SSICA versus MARX: Valor, pre\u00e7o e mercado EP #63","description":"0:00 In\u00edcio\n4:53 Pergunta 1 - O carro usado custa menos que o carro novo, mas tem mais trabalho aplicado\n10:05 Pergunta 2 - Numa lanchonete h\u00e1 v\u00e1rios sucos, a atendente tem o mesmo trabalho para fazer, mas os pre\u00e7os s\u00e3o diferentes\n11:43 Pergunta 3 - O sorvete no ver\u00e3o custa mais que no inverno, mesmo tendo o mesmo trabalho\n13:35 \"Teoria\" Neocl\u00e1ssica do Pre\u00e7o\n15:30 Lei da Procura \n17:28 Lei da Oferta\n18:39 Curva de Oferta e Demanda\n21:34 Pressupostos da Teoria Neocl\u00e1ssica\n25:34 Tautologia Neocl\u00e1ssica na Teoria dos Pre\u00e7os de Mercado\n27:50 Teoria \u00e9 Inconsistente: Autocontradit\u00f3ria\n32:18 Por Fim: Limites da Teoria Neocl\u00e1ssica\n\nNesse v\u00eddeo mostramos como oferta e demanda, longe de contrapor a teoria do valor de Marx, a fortalece. Quem se lasca com a oferta e a demanda s\u00e3o os economistas liberais neocl\u00e1ssicos. Aproveitamos para desfazer alguns mitos sobre a Teoria do Valor.\n\nV\u00eddeo citado e sugerido: \nLIBERALISMO \u00e9 cren\u00e7a teol\u00f3gica: Guedes e Constantino explicam EP #42\nhttps:\/\/www.youtube.com\/watch?v=wJRGTod8NH4\n\n\u201cTEORIA\u201d NEOCL\u00c1SSICA DO PRE\u00c7O\n\u2192 O pre\u00e7o de mercado\n\u2192 Lei da Oferta\n\u2192 Lei da Procura\n\u2192 Pre\u00e7o e quantidade de equil\u00edbrio\n\nPRESSUPOSTOS DA \u201cTEORIA\u201d NEOCL\u00c1SSICA\n\u2192 Curvas decorrem supostamente dos desejos de consumidores e produtores.\n\u2192 Por meio do equil\u00edbrio tais desejos s\u00e3o satisfeitos ou realizados no mercado.\n\u2192 Nessa teoria os pre\u00e7os reais s\u00e3o sempre pre\u00e7os de equil\u00edbrio. \u00c9 sempre um corte EST\u00c1TICO na realidade. N\u00e3o d\u00e1 conta de seu movimento interno.\n\u2192 Os ajustes dos pre\u00e7os \u00e9 sempre VIRTUAL. As trocas s\u00f3 acontecem na situa\u00e7\u00e3o de equil\u00edbrio. Esquema n\u00e3o est\u00e1 situado no tempo ou no espa\u00e7o.\n\nMarx sobre oferta e demanda: \u201cA verdadeira dificuldade com que deparamos na defini\u00e7\u00e3o geral da oferta e da demanda \u00e9 que ela resulta em uma tautologia.\u201d (MARX, 1984(Abril Cultural), p. 144)\n\nTAUTOLOGIA NEOCL\u00c1SSICA NA TEORIA DOS PRE\u00c7OS DE MERCADO\nEm um dado mercado; oferta e demanda fixam um pre\u00e7o. Mas porque esse pre\u00e7o fixado \u00e9 um dado pre\u00e7o de equil\u00edbrio e n\u00e3o outro? Resposta: porque foi esse o pre\u00e7o fixado pela oferta e pela demanda.\n\nRESUMO: Teoria da oferta e da demanda se fundamenta em um pre\u00e7o de  equil\u00edbrio entre as duas. E o pre\u00e7o de equil\u00edbrio se fundamenta na oferta e na demanda: Temos uma circularidade infinita.\n\nTEORIA \u00c9 INCONSISTENTE: AUTOCONTRADIT\u00d3RIA (PROBLEMA DA ESTABILIDADE)\n\u2192 O esquema VIRTUAL que vimos antes deu origem a um sistema de equa\u00e7\u00f5es do pre\u00e7o de mercado. Foi provado que, nesse sistema de equa\u00e7\u00f5es, existe um\npre\u00e7o de equil\u00edbrio, s\u00f3 que:\n1) N\u00e3o se conseguiu provar que o equil\u00edbrio \u00e9 \u00fanico.\n2) N\u00e3o se conseguiu provar que o ajuste entre oferta e demanda conduz sempre a um equil\u00edbrio.\n3) N\u00c3O se pode garantir que algum equil\u00edbrio seja atingido pela din\u00e2mica pr\u00f3pria do sistema (teorema de Sonnenschein-Mantel-Debreu)\n\nLIMITES DA \u201cTEORIA NEOCL\u00c1SSICA\u201d\n1) Abstrai o fator tempo, n\u00e3o sendo poss\u00edvel ter sequer uma tend\u00eancia de longo prazo.\n2) Nas trocas, abstrai o papel do dinheiro, considerado como um mero facilitador das trocas. Troca-se bens por bens, desprezando as diversas fun\u00e7\u00f5es do dinheiro.\n3) Considera a a\u00e7\u00e3o de indiv\u00edduos onipotentes dotados de vontade(a A\u00c7\u00c3O HUMANA), sem problematizar, os limites e condi\u00e7\u00f5es sob as quais o homem atua.\n4) Al\u00e9m de virtual, a teoria \u00e9 tautol\u00f3gica e circular. \n5) \u00c9 autocontradit\u00f3ria.\n\nPERGUNTAS RESPONDIDAS NO COME\u00c7O\n1) O carro usado custa menos que o carro novo, mas tem mais trabalho aplicado.\n2) numa lanchonete h\u00e1 v\u00e1rios sucos, a atendente tem o mesmo trabalho para fazer, mas os pre\u00e7os s\u00e3o diferentes\n3) O sorvete no ver\u00e3o custa mais que no inverno, mesmo tendo o mesmo trabalho.\n\n________________________________________________________________________________\nSEJA MEMBRO e apoie o canal. Bot\u00e3o ADERIR acima ou: \nhttps:\/\/www.youtube.com\/channel\/UCRLEkZpNRoZQBG8kUTBD8vQ\/join\n\nV\u00eddeo sobre ser membro do canal:\nhttps:\/\/www.youtube.com\/watch?v=drvou-obBVU\n_______________________________________________________________________________\nSiga as p\u00e1ginas do canal Orienta\u00e7\u00e3o Marxista nas Redes Sociais\n\nFACEBOOK:    https:\/\/www.facebook.com\/Orienta\u00e7\u00e3o-Marxista-111673690190915\nTWITTER:       https:\/\/twitter.com\/orient_marxista\nINSTAGRAM: https:\/\/www.instagram.com\/orient.marxista\n_______________________________________________________________________________\nLeia o blog Teoria e Revolu\u00e7\u00e3o:\nhttps:\/\/teoriaerevolucao.pstu.org.br\n_______________________________________________________________________________\nO livro do autor desse canal (Marx e a Hist\u00f3ria: das particularidades nacionais \u00e0 universalidade da revolu\u00e7\u00e3o socialista )  pode ser adquirido nos seguintes endere\u00e7os:\nhttps:\/\/editorasundermann.com.br\/livro\/96-marx-e-a-hist%C3%B3ria\nhttps:\/\/www.estantevirtual.com.br\/busca?utf8=%E2%9C%93&q=gustavo+machado+marx\n\n#EscolaNeocl\u00e1ssica #Economia #KarlMarx","original_language":"pt-BR","publication_date":"2020-07-15","duration":0,"url":"https:\/\/www.youtube.com\/watch?v=eX3HNeMfhMk","thumbnail":"thumbnails\/eX3HNeMfhMk.jpg"},{"video_id":"LIpCG4d4aRY","channel_id":"UCRLEkZpNRoZQBG8kUTBD8vQ","title":"PALPITEIROS E PESQUISA CIENT\u00cdFICA | Para Alexandre Porto e afins EP #62","description":"Nesse v\u00eddeo, aproveito a leva de chamados para o debate a partir dos v\u00eddeos que produzo no canal, para fazer um debate sobre a diferen\u00e7a entre palpiteiros e estudos s\u00e9rios cientificamente embasados.\n\nApresento alguns exemplos, a partir de minha experi\u00eancia pessoal, do que \u00e9 estudar rigorosamente um tema qualquer e do caminho que \u00e9 necess\u00e1rio fazer para estar em condi\u00e7\u00f5es de refutar teorias cl\u00e1ssicas, seja de Marx, Plat\u00e3o, Arist\u00f3teles, Tomas de Aquino, Descartes, Locke ou Kant.\n_______________________________________________________________________________\nSEJA MEMBRO e apoie o canal. Bot\u00e3o ADERIR acima ou: \nhttps:\/\/www.youtube.com\/channel\/UCRLEkZpNRoZQBG8kUTBD8vQ\/join\n\nV\u00eddeo sobre ser membro do canal:\nhttps:\/\/www.youtube.com\/watch?v=drvou-obBVU\n_______________________________________________________________________________\nSiga as p\u00e1ginas do canal Orienta\u00e7\u00e3o Marxista nas Redes Sociais\n\nFACEBOOK:    https:\/\/www.facebook.com\/Orienta\u00e7\u00e3o-Marxista-111673690190915\nTWITTER:       https:\/\/twitter.com\/orient_marxista\nINSTAGRAM: https:\/\/www.instagram.com\/orient.marxista\n_______________________________________________________________________________\nLeia o blog Teoria e Revolu\u00e7\u00e3o:\nhttps:\/\/teoriaerevolucao.pstu.org.br\n_______________________________________________________________________________\nO livro do autor desse canal (Marx e a Hist\u00f3ria: das particularidades nacionais \u00e0 universalidade da revolu\u00e7\u00e3o socialista )  pode ser adquirido nos seguintes endere\u00e7os:\nhttps:\/\/editorasundermann.com.br\/livro\/96-marx-e-a-hist%C3%B3ria\nhttps:\/\/www.estantevirtual.com.br\/busca?utf8=%E2%9C%93&q=gustavo+machado+marx\n\n#Ci\u00eancia #Youtubers #Palpiteiros","original_language":"pt-BR","publication_date":"2020-07-09","duration":0,"url":"https:\/\/www.youtube.com\/watch?v=LIpCG4d4aRY","thumbnail":"thumbnails\/LIpCG4d4aRY.jpg"},{"video_id":"8RmzoxSmDd8","channel_id":"UCRLEkZpNRoZQBG8kUTBD8vQ","title":"O Capital: cap. 1 ao 4: Mercadoria e Dinheiro \u2013 resumo e d\u00favidas VID #10","description":"RESUMO E D\u00daVIDAS \u2013 CAP\u00cdTULOS 1, 2, 3 e 4: nesse v\u00eddeo apresentamos algumas no\u00e7\u00f5es chaves que devem ser necessariamente compreendidas em cada um desses cap\u00edtulos de O Capital. Aproveitamos para responder coment\u00e1rios e sanar d\u00favidas, a partir das perguntas dos inscritos, em cada um dos v\u00eddeos do curso de O Capital anteriormente publicados.\n\nTemas tratados:\n1) Estrutura Dos Cap\u00edtulos\n2) N\u00edveis De Abstra\u00e7\u00e3o \u2013 Personagens Dram\u00e1ticos\n3) Pressupostos Da Exposi\u00e7\u00e3o\n4) Dial\u00e9tica Em O Capital (Empirismo e racionalismo)\n5) Trabalho Abstrato E Valor\n6) Necessidade Da Forma Dinheiro\n7) Trabalho Individual E Trabalho Social\n8) Moeda Como Signo De Valor\n9) Movimento \"ETERNO\" Do Dinheiro\n10) Trabalho N\u00e3o \u00c9 Mercadoria\n11) Produ\u00e7\u00e3o E Circula\u00e7\u00e3o\n\nV\u00cdDEOS QUE SERVEM DE BASE PARA OS CAP\u00cdTULOS A\u00cd ANALISADOS\nCAP 1: MERCADORIA: https:\/\/www.youtube.com\/watch?v=1_FtWE_Os4s\nCAP 2-3: PROCESSO DE TROCA E DINHEIRO: https:\/\/www.youtube.com\/watch?v=J77f9M5WK4o\nCAP 4: CAPITAL: https:\/\/www.youtube.com\/watch?v=KHiMps76FoQ\n\nARTIGO DO AUTOR DO CANAL QUE TRATA DA TEORIA DO VALOR EM MARX:\nO papel da hist\u00f3ria no modo de exposi\u00e7\u00e3o de  O capital de Marx\nhttp:\/\/www.verinotio.org\/sistema\/index.php\/verinotio\/article\/view\/278\/266\n\n_____________________________________________________________________________________\nSiga as p\u00e1ginas do canal Orienta\u00e7\u00e3o Marxista nas Redes Sociais\n\nFACEBOOK:    https:\/\/www.facebook.com\/Orienta\u00e7\u00e3o-Marxista-111673690190915\nTWITTER:       https:\/\/twitter.com\/orient_marxista\nINSTAGRAM: https:\/\/www.instagram.com\/orient.marxista\n_____________________________________________________________________________________\nLeia o blog Teoria e Revolu\u00e7\u00e3o:\nhttps:\/\/teoriaerevolucao.pstu.org.br\n_____________________________________________________________________________________\nO livro do autor desse canal (Marx e a Hist\u00f3ria: das particularidades nacionais \u00e0 universalidade da revolu\u00e7\u00e3o socialista )  pode ser adquirido nos seguintes endere\u00e7os:\nhttps:\/\/editorasundermann.com.br\/livro\/96-marx-e-a-hist%C3%B3ria\nhttps:\/\/www.estantevirtual.com.br\/busca?utf8=%E2%9C%93&q=gustavo+machado+marx\n\n#OCAPITALDEMARX #RespondendoComent\u00e1rios","original_language":"pt-BR","publication_date":"2020-07-07","duration":0,"url":"https:\/\/www.youtube.com\/watch?v=8RmzoxSmDd8","thumbnail":"thumbnails\/8RmzoxSmDd8.jpg"},{"video_id":"zM-FdgtRpUQ","channel_id":"UCRLEkZpNRoZQBG8kUTBD8vQ","title":"Obras raras de Marx | Sugerindo livros EP #61","description":"Nesse v\u00eddeo apresentamos algumas obras raras, mas importantes, publicadas por Marx. Em alguns casos tratam-se de livros mesmos, publicados por Marx em vida e condenados ao limbo do esquecimento pela tradi\u00e7\u00e3o. Em outros, importantes colet\u00e2neas de artigos publicados na imprensa ou em \u00f3rg\u00e3os da AIT, por\u00e9m, desconhecidos ou pouco estudados.\n\nMARX, Karl. Nova Gazeta Renana. S\u00e3o Paulo. Educ, 2010.\nMARX, Karl. Senhor Vogt (I) . Lisboa: Iniciativas Editoriais, 1976.\n\nMARX, Karl. Senhor Vogt (II) . Lisboa: Iniciativas Editoriais, 1976b.\nMARX, Karl. El Se\u00f1or Vogt. M\u00e9xico: Juan Pablos. 1977.\nMARX, Carlos. Historia  de  la  vida  de  lord  Palmerston.  Palmerston y Rusia. Buenos Aires: Rescate.\n\nMARX, K.; ENGELS, F. Imperio y colonia: escritos sobre Irlanda. M\u00e9xico: Pasado y Presente, 1979.\nMARX e  ENGELS. Obras fundamentales: La internacional: documentos, art\u00edculos y cartas. M\u00e9xico:Fondo de Cultura Econ\u00f3mica 1988.\n_____. O partido de classe I: teoria, atividade. Trad, Paulo Sim\u00f5es. Porto: Publica\u00e7\u00f5es Escorpi\u00e3o, 1975.\n_____. O partido de classe II : problemas de organiza\u00e7\u00e3o. Trad. Paulo Sim\u00f5es. Porto: Publica\u00e7\u00f5es Escorpi\u00e3o, 1975. \n\n______. \u201cThe Knight of the Noble Consciousness.\u201d In Karl Marx, Frederick Engels: Collected Works, Volume 12: Marx and Engels 1853\u20131854. New York: International Publishers, 1854. pp. 479\u2013508.\n______. Revelations Concerning the Communist Trial in Cologne , in Marx and Engels (1979), Collected Works , Vol. 11, 1853.\n_______________________________________________________________________________\nSEJA MEMBRO e apoie o canal. Bot\u00e3o ADERIR acima ou: \nhttps:\/\/www.youtube.com\/channel\/UCRLEkZpNRoZQBG8kUTBD8vQ\/join\n\nV\u00eddeo sobre ser membro do canal:\nhttps:\/\/www.youtube.com\/watch?v=drvou-obBVU\n_______________________________________________________________________________\nSiga as p\u00e1ginas do canal Orienta\u00e7\u00e3o Marxista nas Redes Sociais\n\nFACEBOOK:    https:\/\/www.facebook.com\/Orienta\u00e7\u00e3o-Marxista-111673690190915\nTWITTER:       https:\/\/twitter.com\/orient_marxista\nINSTAGRAM: https:\/\/www.instagram.com\/orient.marxista\n_______________________________________________________________________________\nLeia o blog Teoria e Revolu\u00e7\u00e3o:\nhttps:\/\/teoriaerevolucao.pstu.org.br\n_______________________________________________________________________________\nO livro do autor desse canal (Marx e a Hist\u00f3ria: das particularidades nacionais \u00e0 universalidade da revolu\u00e7\u00e3o socialista )  pode ser adquirido nos seguintes endere\u00e7os:\nhttps:\/\/editorasundermann.com.br\/livro\/96-marx-e-a-hist%C3%B3ria\nhttps:\/\/www.estantevirtual.com.br\/busca?utf8=%E2%9C%93&q=gustavo+machado+marx\n\n#KarlMarx #SugerindoLivros #Raros","original_language":"pt-BR","publication_date":"2020-07-04","duration":0,"url":"https:\/\/www.youtube.com\/watch?v=zM-FdgtRpUQ","thumbnail":"thumbnails\/zM-FdgtRpUQ.jpg"},{"video_id":"4oAKXroWmk0","channel_id":"UCRLEkZpNRoZQBG8kUTBD8vQ","title":"\"Respondendo\" Alexandre Porto: n\u00e3o entendi foi nada EP #60","description":"\"Respondendo\" Alexandre Porto, entre aspas, j\u00e1 que ele deixou de lado todas quest\u00f5es que tratou no v\u00eddeo dele que foram objetos da rea\u00e7\u00e3o e coment\u00e1rios. No lugar, preferiu criar outras quest\u00f5es. O reagindo a que ele se refere \u00e9 o seguinte:\nhttps:\/\/www.youtube.com\/watch?v=Dpm8YJa8lHQ\n\nSiga a p\u00e1gina Orienta\u00e7\u00e3o Marxista no Facebook: \nhttps:\/\/www.facebook.com\/Orienta\u00e7\u00e3o-Marxista-111673690190915\n\nV\u00eddeos relacionados:\nLIBERALISMO \u00e9 cren\u00e7a teol\u00f3gica: Guedes e Constantino explicam EP #42\nhttps:\/\/www.youtube.com\/watch?v=wJRGTod8NH4\n\nO CAPITAL DE MARX: Livro I: Caps. 5-9 MAIS-VALIA ABSOLUTA VID #9\nhttps:\/\/www.youtube.com\/watch?v=iu3wFpgz4Bc\n_______________________________________________________________________________\nSEJA MEMBRO e apoie o canal. Bot\u00e3o ADERIR acima ou: \nhttps:\/\/www.youtube.com\/channel\/UCRLEkZpNRoZQBG8kUTBD8vQ\/join\n\nV\u00eddeo sobre ser membro do canal:\nhttps:\/\/www.youtube.com\/watch?v=drvou-obBVU\n_______________________________________________________________________________\nSiga as p\u00e1ginas do canal Orienta\u00e7\u00e3o Marxista nas Redes Sociais\n\nFACEBOOK:    https:\/\/www.facebook.com\/Orienta\u00e7\u00e3o-Marxista-111673690190915\nTWITTER:       https:\/\/twitter.com\/orient_marxista\nINSTAGRAM: https:\/\/www.instagram.com\/orient.marxista\n_______________________________________________________________________________\nLeia o blog Teoria e Revolu\u00e7\u00e3o:\nhttps:\/\/teoriaerevolucao.pstu.org.br\n_______________________________________________________________________________\nO livro do autor desse canal (Marx e a Hist\u00f3ria: das particularidades nacionais \u00e0 universalidade da revolu\u00e7\u00e3o socialista )  pode ser adquirido nos seguintes endere\u00e7os:\nhttps:\/\/editorasundermann.com.br\/livro\/96-marx-e-a-hist%C3%B3ria\nhttps:\/\/www.estantevirtual.com.br\/busca?utf8=%E2%9C%93&q=gustavo+machado+marx\n\n#AlexandrePorto #Ancaps #Marx","original_language":"pt-BR","publication_date":"2020-07-01","duration":0,"url":"https:\/\/www.youtube.com\/watch?v=4oAKXroWmk0","thumbnail":"thumbnails\/4oAKXroWmk0.jpg"},{"video_id":"JTBSx8ByUzI","channel_id":"UCRLEkZpNRoZQBG8kUTBD8vQ","title":"POPPER E MARX || Marxismo \u00e9 ci\u00eancia? EP #59","description":"Nesse v\u00eddeo comento a rela\u00e7\u00e3o entre o pensamento de Marx e a ci\u00eancia por meio do crit\u00e9rio de demarca\u00e7\u00e3o criado por Karl Popper conhecido como falseabilidade. Aproveito para analisar alguns aspectos sobre filosofia da ci\u00eancia e a interpreta\u00e7\u00e3o de Popper sobre o pensamento de Marx.\n\nArtigos de cr\u00edtica ao crit\u00e9rio de Popper:\nDiga \u201cN\u00e3o\u201d ao Negativismo L\u00f3gico - Susan Haack\n\nhttp:\/\/lihs.org.br\/wp-content\/uploads\/2014\/06\/Haack_Negativismo_Logico_LiHS_2014.pdf\nO tema \u00e9 amplamente tratado por Mario Bunge, renomado fil\u00f3sofo da ci\u00eancia, alguns exemplos s\u00e3o:\nBUNGE, Mario. Cien Ideas. Editorial Laetoli, 2006.\nBUNGE, Mario. Las pseudociencias \u00a1vaya timo!, Editorial Laetoli, 2010.\n\nKarl Popper trata do tema do crit\u00e9rio da falseabilidade em in\u00fameros trabalhos, inclusive revisando ou relativizando conclus\u00f5es anteriores. A formula\u00e7\u00e3o original, no entanto, encontra-se na seguinte obra:\nPOPPER, Karl. A l\u00f3gica da pesquisa cient\u00edfica. Editora Culturix, S\u00e3o Paulo, 1972. \n\nArtigo em que discuto a hip\u00f3tese de que, para Marx, a revolu\u00e7\u00e3o se iniciaria em um pa\u00eds desenvolvido\nhttp:\/\/www.verinotio.org\/conteudo\/0.2494301612017957.pdf\n\n\n\u00a0V\u00eddeos mencionados:\n\nAcad\u00eamicos que n\u00e3o conseguem interpretar textos EP #28\nhttps:\/\/www.youtube.com\/watch?v=E-m_MXYZ6po\n\n_____________________________________________________________________________________\nSiga as p\u00e1ginas do canal Orienta\u00e7\u00e3o Marxista nas Redes Sociais\n\nFACEBOOK:    https:\/\/www.facebook.com\/Orienta\u00e7\u00e3o-Marxista-111673690190915\nTWITTER:       https:\/\/twitter.com\/orient_marxista\nINSTAGRAM: https:\/\/www.instagram.com\/orient.marxista\n_____________________________________________________________________________________\nLeia o blog Teoria e Revolu\u00e7\u00e3o:\nhttps:\/\/teoriaerevolucao.pstu.org.br\n_____________________________________________________________________________________\nO livro do autor desse canal (Marx e a Hist\u00f3ria: das particularidades nacionais \u00e0 universalidade da revolu\u00e7\u00e3o socialista )  pode ser adquirido nos seguintes endere\u00e7os:\nhttps:\/\/editorasundermann.com.br\/livro\/96-marx-e-a-hist%C3%B3ria\nhttps:\/\/www.estantevirtual.com.br\/busca?utf8=%E2%9C%93&q=gustavo+machado+marx\n\n#KarlPopper #Marx #Ci\u00eancia","original_language":"pt-BR","publication_date":"2020-06-29","duration":0,"url":"https:\/\/www.youtube.com\/watch?v=JTBSx8ByUzI","thumbnail":"thumbnails\/JTBSx8ByUzI.jpg"},{"video_id":"yWbu8C9IZJk","channel_id":"UCRLEkZpNRoZQBG8kUTBD8vQ","title":"Tese Onze sobre Feuerbach e Olavo de Carvalho EP #58","description":"Nesse v\u00eddeo comentamos a famosa Tese Onze sobre Feuerbach mostrando o contexto e significado espec\u00edfico da tese e como ela \u00e9 distorcida ao se desconsiderar esse contexto, tomando como exemplo v\u00eddeo de Olavo de Carvalho em que ele responde exatamente a esse canal.\nOs fil\u00f3sofos t\u00eam apenas interpretado o mundo de maneiras diferentes; a quest\u00e3o, por\u00e9m, \u00e9 transform\u00e1-lo. \n\nV\u00eddeos com temas correlacionados:\nO Marx (e o Hegel) do padre Paulo Ricardo | O fals\u00e1rio EP #18\nhttps:\/\/www.youtube.com\/watch?v=MEQXLcRQh0Q\n\nAcad\u00eamicos que n\u00e3o conseguem interpretar textos EP #28\nhttps:\/\/www.youtube.com\/watch?v=E-m_MXYZ6po\n_______________________________________________________________________________\nSEJA MEMBRO e apoie o canal. Bot\u00e3o ADERIR acima ou: \nhttps:\/\/www.youtube.com\/channel\/UCRLEkZpNRoZQBG8kUTBD8vQ\/join\n\nV\u00eddeo sobre ser membro do canal:\nhttps:\/\/www.youtube.com\/watch?v=drvou-obBVU\n_______________________________________________________________________________\nSiga as p\u00e1ginas do canal Orienta\u00e7\u00e3o Marxista nas Redes Sociais\n\nFACEBOOK:    https:\/\/www.facebook.com\/Orienta\u00e7\u00e3o-Marxista-111673690190915\nTWITTER:       https:\/\/twitter.com\/orient_marxista\nINSTAGRAM: https:\/\/www.instagram.com\/orient.marxista\n_______________________________________________________________________________\nLeia o blog Teoria e Revolu\u00e7\u00e3o:\nhttps:\/\/teoriaerevolucao.pstu.org.br\n_______________________________________________________________________________\nO livro do autor desse canal (Marx e a Hist\u00f3ria: das particularidades nacionais \u00e0 universalidade da revolu\u00e7\u00e3o socialista )  pode ser adquirido nos seguintes endere\u00e7os:\nhttps:\/\/editorasundermann.com.br\/livro\/96-marx-e-a-hist%C3%B3ria\nhttps:\/\/www.estantevirtual.com.br\/busca?utf8=%E2%9C%93&q=gustavo+machado+marx\n\n#TeseOnze #TeoriaDaHist\u00f3ria #Marxismo","original_language":"pt-BR","publication_date":"2020-06-27","duration":0,"url":"https:\/\/www.youtube.com\/watch?v=yWbu8C9IZJk","thumbnail":"thumbnails\/yWbu8C9IZJk.jpg"},{"video_id":"kA2JWgMNDZ4","channel_id":"UCRLEkZpNRoZQBG8kUTBD8vQ","title":"LOBO CONSERVADOR apresenta Karl Marx | REAGINDO EP #57","description":"Reagindo ao Lobo Conservador fazendo apresenta\u00e7\u00e3o bizarra de quem foi Marx(APRESENTO-LHES, KARL MARX!). Segundo essa p\u00e9rola, a obra de Marx se resume a dois pontos: um modelo ideal de mundo e a religi\u00e3o como obst\u00e1culo para realizar esse modelo.\n\nVeja v\u00eddeo relacionado:\nMARX foi um vagabundo que nunca trabalhou? EP #1\nhttps:\/\/www.youtube.com\/watch?v=dL2b_qcsEQo\n\nQuer um artigo de introdu\u00e7\u00e3o a VIDA de Marx?: \nhttps:\/\/teoriaerevolucao.pstu.org.br\/karl-marx-uma-vida-a-servico-da-classe-operaria\/\n\nSERIE DE ARTIGOS SOBRE A VIDA E OBRA DE MARX\n200 anos de Marx: Uma vida a servi\u00e7o da classe oper\u00e1ria: https:\/\/www.pstu.org.br\/200-anos-de-marx-uma-vida-a-servico-da-classe-operaria\/\nO capitalismo e suas engrenagens: https:\/\/www.pstu.org.br\/o-capitalismo-e-suas-engrenagens\/\nO Capital: a realidade por tr\u00e1s das mercadorias: https:\/\/www.pstu.org.br\/o-capital-a-realidade-por-tras-das-mercadorias\/\nAs ilus\u00f5es da democracia burguesa: https:\/\/www.pstu.org.br\/as-ilusoes-da-democracia-burguesa\/\nSaiba como ocorre a explora\u00e7\u00e3o dos trabalhadores pelo capitalismo: https:\/\/www.pstu.org.br\/saiba-como-ocorre-a-exploracao-dos-trabalhadores-pelo-capitalismo\/\nO segredo oculto da sociedade capitalista: a viol\u00eancia de classe: https:\/\/www.pstu.org.br\/o-segredo-oculto-da-sociedade-capitalista-a-violencia-de-classe\/\nMarx e a luta contra as opress\u00f5es: https:\/\/www.pstu.org.br\/marx-e-a-luta-contra-as-opressoes\/\nUm Marx desfigurado pelo stalinismo: https:\/\/www.pstu.org.br\/um-marx-desfigurado-pelo-stalinismo\/\nMarx e a quest\u00e3o do Partido: uma f\u00e1brica de mitos: https:\/\/teoriaerevolucao.pstu.org.br\/marx-e-a-questao-do-partido-uma-fabrica-de-mitos\/\nMarx e a quest\u00e3o do programa: a ditadura do proletariado: https:\/\/teoriaerevolucao.pstu.org.br\/marx-e-a-questao-do-programa-a-ditadura-do-proletariado\/\n\n_______________________________________________________________________________\nSEJA MEMBRO e apoie o canal. Bot\u00e3o ADERIR acima ou: \nhttps:\/\/www.youtube.com\/channel\/UCRLEkZpNRoZQBG8kUTBD8vQ\/join\n\nV\u00eddeo sobre ser membro do canal:\nhttps:\/\/www.youtube.com\/watch?v=drvou-obBVU\n_______________________________________________________________________________\nSiga as p\u00e1ginas do canal Orienta\u00e7\u00e3o Marxista nas Redes Sociais\n\nFACEBOOK:    https:\/\/www.facebook.com\/Orienta\u00e7\u00e3o-Marxista-111673690190915\nTWITTER:       https:\/\/twitter.com\/orient_marxista\nINSTAGRAM: https:\/\/www.instagram.com\/orient.marxista\n_______________________________________________________________________________\nLeia o blog Teoria e Revolu\u00e7\u00e3o:\nhttps:\/\/teoriaerevolucao.pstu.org.br\n_______________________________________________________________________________\nO livro do autor desse canal (Marx e a Hist\u00f3ria: das particularidades nacionais \u00e0 universalidade da revolu\u00e7\u00e3o socialista )  pode ser adquirido nos seguintes endere\u00e7os:\nhttps:\/\/editorasundermann.com.br\/livro\/96-marx-e-a-hist%C3%B3ria\nhttps:\/\/www.estantevirtual.com.br\/busca?utf8=%E2%9C%93&q=gustavo+machado+marx\n\n#LoboConservador #KarlMarx #Marxismo","original_language":"pt-BR","publication_date":"2020-06-22","duration":0,"url":"https:\/\/www.youtube.com\/watch?v=kA2JWgMNDZ4","thumbnail":"thumbnails\/kA2JWgMNDZ4.jpg"},{"video_id":"Dpm8YJa8lHQ","channel_id":"UCRLEkZpNRoZQBG8kUTBD8vQ","title":"Alexandre Porto refuta mais-valia (outro g\u00eanio) | REAGINDO EP #56","description":"Reagimos ao v\u00eddeo do canal de Alexandre Porto que se prop\u00f5em a refutar a teoria da mais valia e a teoria do valor de Marx. O v\u00eddeo se encontra no seguinte link:\nhttps:\/\/www.youtube.com\/watch?v=7UvA0vMTGiQ\n\nV\u00eddeos relacionados:\nLIBERALISMO \u00e9 cren\u00e7a teol\u00f3gica: Guedes e Constantino explicam EP #42\nhttps:\/\/www.youtube.com\/watch?v=wJRGTod8NH4\n\nMBL explica porque liberalismo \u00e9 burrice EP #41\nhttps:\/\/www.youtube.com\/watch?v=d5JNfuIj3H0\n\nO CAPITAL DE MARX: Livro I: Caps. 5-9 MAIS-VALIA ABSOLUTA VID #9\nhttps:\/\/www.youtube.com\/watch?v=iu3wFpgz4Bc\n\n_______________________________________________________________________________\nSEJA MEMBRO e apoie o canal. Bot\u00e3o ADERIR acima ou: \nhttps:\/\/www.youtube.com\/channel\/UCRLEkZpNRoZQBG8kUTBD8vQ\/join\n\nV\u00eddeo sobre ser membro do canal:\nhttps:\/\/www.youtube.com\/watch?v=drvou-obBVU\n_______________________________________________________________________________\nSiga as p\u00e1ginas do canal Orienta\u00e7\u00e3o Marxista nas Redes Sociais\n\nFACEBOOK:    https:\/\/www.facebook.com\/Orienta\u00e7\u00e3o-Marxista-111673690190915\nTWITTER:       https:\/\/twitter.com\/orient_marxista\nINSTAGRAM: https:\/\/www.instagram.com\/orient.marxista\n_______________________________________________________________________________\nLeia o blog Teoria e Revolu\u00e7\u00e3o:\nhttps:\/\/teoriaerevolucao.pstu.org.br\n_______________________________________________________________________________\nO livro do autor desse canal (Marx e a Hist\u00f3ria: das particularidades nacionais \u00e0 universalidade da revolu\u00e7\u00e3o socialista )  pode ser adquirido nos seguintes endere\u00e7os:\nhttps:\/\/editorasundermann.com.br\/livro\/96-marx-e-a-hist%C3%B3ria\nhttps:\/\/www.estantevirtual.com.br\/busca?utf8=%E2%9C%93&q=gustavo+machado+marx\n\n#AlexandrePorto #Ancaps #Marx","original_language":"pt-BR","publication_date":"2020-06-21","duration":0,"url":"https:\/\/www.youtube.com\/watch?v=Dpm8YJa8lHQ","thumbnail":"thumbnails\/Dpm8YJa8lHQ.jpg"},{"video_id":"laeZ8xsdNrU","channel_id":"UCRLEkZpNRoZQBG8kUTBD8vQ","title":"Escrever dif\u00edcil e escrever bem. Sobre textos ma\u00e7antes EP #55","description":"Nesse v\u00eddeo comento sobre a rela\u00e7\u00e3o entre forma e conte\u00fado na escrito, apontando alguns elementos que podem ajudar a compreender o motivo de v\u00e1rios textos que lemos, sobretudo os acad\u00eamicos, serem t\u00e3o ma\u00e7antes. Textos sem vida. O que aqui comento serve n\u00e3o somente para refletir aspectos que influenciam a escrita, mas, tamb\u00e9m, ajudam aos leitores a se situarem a respeito do conte\u00fado do texto.\n\nV\u00eddeos relacionados:\n\nAcad\u00eamicos que n\u00e3o conseguem interpretar textos EP #28\nhttps:\/\/www.youtube.com\/watch?v=E-m_MXYZ6po\n\n_______________________________________________________________________________\nSEJA MEMBRO e apoie o canal. Bot\u00e3o ADERIR acima ou: \nhttps:\/\/www.youtube.com\/channel\/UCRLEkZpNRoZQBG8kUTBD8vQ\/join\n\nV\u00eddeo sobre ser membro do canal:\nhttps:\/\/www.youtube.com\/watch?v=drvou-obBVU\n_______________________________________________________________________________\nSiga as p\u00e1ginas do canal Orienta\u00e7\u00e3o Marxista nas Redes Sociais\n\nFACEBOOK:    https:\/\/www.facebook.com\/Orienta\u00e7\u00e3o-Marxista-111673690190915\nTWITTER:       https:\/\/twitter.com\/orient_marxista\nINSTAGRAM: https:\/\/www.instagram.com\/orient.marxista\n_______________________________________________________________________________\nLeia o blog Teoria e Revolu\u00e7\u00e3o:\nhttps:\/\/teoriaerevolucao.pstu.org.br\n_______________________________________________________________________________\nO livro do autor desse canal (Marx e a Hist\u00f3ria: das particularidades nacionais \u00e0 universalidade da revolu\u00e7\u00e3o socialista )  pode ser adquirido nos seguintes endere\u00e7os:\nhttps:\/\/editorasundermann.com.br\/livro\/96-marx-e-a-hist%C3%B3ria\nhttps:\/\/www.estantevirtual.com.br\/busca?utf8=%E2%9C%93&q=gustavo+machado+marx\n\n#EscreverBem #FormaEConte\u00fado #TextosAcad\u00eamicos","original_language":"pt-BR","publication_date":"2020-06-18","duration":0,"url":"https:\/\/www.youtube.com\/watch?v=laeZ8xsdNrU","thumbnail":"thumbnails\/laeZ8xsdNrU.jpg"},{"video_id":"kDsDOgCqHLQ","channel_id":"UCRLEkZpNRoZQBG8kUTBD8vQ","title":"MATERIALISMO HIST\u00d3RICO? A lenda da teoria hist\u00f3ria em Marx EP #54","description":"Nesse v\u00eddeo desmontamos a lenda de que Marx possui uma teoria universal da hist\u00f3ria. Quer ela seja compreendida como \"filosofia da hist\u00f3ria\": a hist\u00f3rica de algum modo deduzida filosoficamente, quer seja como teoria da hist\u00f3ria ou m\u00e9todo historiogr\u00e1fico capaz de, em seguida, significar os casos particulares e concretos.\nN\u00e3o existe teoria da hist\u00f3rica alguma, nem aberta, nem fechada. Ao contr\u00e1rio, Marx \u00e9 um cr\u00edtico feroz de toda e qualquer teoria universal da hist\u00f3rica, que possui necessariamente pressupostos metaf\u00edsicos. \n\nNesse v\u00eddeo comentamos: \n\n1) Como foi forjada uma teoria da hist\u00f3ria marxista\n2) A ideologia alem\u00e3\n3) Pref\u00e1cio para a cr\u00edtica da economia pol\u00edtica\n4) Diferen\u00e7a entre uma teoria da hist\u00f3ria e uma concep\u00e7\u00e3o materialista da hist\u00f3ria\n\nV\u00eddeos com temas correlacionados:\nO Marx (e o Hegel) do padre Paulo Ricardo | O fals\u00e1rio EP #18\nhttps:\/\/www.youtube.com\/watch?v=MEQXLcRQh0Q\n\nAcad\u00eamicos que n\u00e3o conseguem interpretar textos EP #28\nhttps:\/\/www.youtube.com\/watch?v=E-m_MXYZ6po\n_______________________________________________________________________________\nSEJA MEMBRO e apoie o canal. Bot\u00e3o ADERIR acima ou: \nhttps:\/\/www.youtube.com\/channel\/UCRLEkZpNRoZQBG8kUTBD8vQ\/join\n\nV\u00eddeo sobre ser membro do canal:\nhttps:\/\/www.youtube.com\/watch?v=drvou-obBVU\n_______________________________________________________________________________\nSiga as p\u00e1ginas do canal Orienta\u00e7\u00e3o Marxista nas Redes Sociais\n\nFACEBOOK:    https:\/\/www.facebook.com\/Orienta\u00e7\u00e3o-Marxista-111673690190915\nTWITTER:       https:\/\/twitter.com\/orient_marxista\nINSTAGRAM: https:\/\/www.instagram.com\/orient.marxista\n_______________________________________________________________________________\nLeia o blog Teoria e Revolu\u00e7\u00e3o:\nhttps:\/\/teoriaerevolucao.pstu.org.br\n_______________________________________________________________________________\nO livro do autor desse canal (Marx e a Hist\u00f3ria: das particularidades nacionais \u00e0 universalidade da revolu\u00e7\u00e3o socialista )  pode ser adquirido nos seguintes endere\u00e7os:\nhttps:\/\/editorasundermann.com.br\/livro\/96-marx-e-a-hist%C3%B3ria\nhttps:\/\/www.estantevirtual.com.br\/busca?utf8=%E2%9C%93&q=gustavo+machado+marx\n\n#MaterialismoHist\u00f3rico #TeoriaDaHist\u00f3ria #Marxismo","original_language":"pt-BR","publication_date":"2020-06-16","duration":0,"url":"https:\/\/www.youtube.com\/watch?v=kDsDOgCqHLQ","thumbnail":"thumbnails\/kDsDOgCqHLQ.jpg"},{"video_id":"UpWt3uxmCH0","channel_id":"UCRLEkZpNRoZQBG8kUTBD8vQ","title":"Introdu\u00e7\u00e3o ao Marxismo | SUGERINDO LIVROS EP #53","description":"Iniciamos uma nova s\u00e9rie no canal Orienta\u00e7\u00e3o Marxista com sugest\u00e3o e coment\u00e1rios de livros diversos. Come\u00e7amos pelo mais b\u00e1sico: o que \u00e9 marxismo. Os livros sugeridos s\u00e3o os seguintes:\n\nO Que \u00c9 Marxismo? Milc\u00edades Pe\u00f1a. Ano: 2011 Editora: Sundermann.\nLink para o texto em espanhol: https:\/\/perio.unlp.edu.ar\/catedras\/introalpensamiento\/wp-content\/uploads\/sites\/49\/2020\/03\/T04-MILCIADES-PE%C3%91A-Introducci%C3%B3n-al-pensamiento-de-Marx-p-23-a-41.pdf\n\nArtigos de introdu\u00e7\u00e3o ao pensamento de Marx que escrevi para o jornal Opini\u00e3o Socialista:\n200 anos de Marx: Uma vida a servi\u00e7o da classe oper\u00e1ria: https:\/\/www.pstu.org.br\/200-anos-de-marx-uma-vida-a-servico-da-classe-operaria\/\nO capitalismo e suas engrenagens: https:\/\/www.pstu.org.br\/o-capitalismo-e-suas-engrenagens\/\nO Capital: a realidade por tr\u00e1s das mercadorias: https:\/\/www.pstu.org.br\/o-capital-a-realidade-por-tras-das-mercadorias\/\nAs ilus\u00f5es da democracia burguesa: https:\/\/www.pstu.org.br\/as-ilusoes-da-democracia-burguesa\/\nSaiba como ocorre a explora\u00e7\u00e3o dos trabalhadores pelo capitalismo: https:\/\/www.pstu.org.br\/saiba-como-ocorre-a-exploracao-dos-trabalhadores-pelo-capitalismo\/\nO segredo oculto da sociedade capitalista: a viol\u00eancia de classe: https:\/\/www.pstu.org.br\/o-segredo-oculto-da-sociedade-capitalista-a-violencia-de-classe\/\nMarx e a luta contra as opress\u00f5es: https:\/\/www.pstu.org.br\/marx-e-a-luta-contra-as-opressoes\/\nUm Marx desfigurado pelo stalinismo: https:\/\/www.pstu.org.br\/um-marx-desfigurado-pelo-stalinismo\/\nMarx e a quest\u00e3o do Partido: uma f\u00e1brica de mitos: https:\/\/teoriaerevolucao.pstu.org.br\/marx-e-a-questao-do-partido-uma-fabrica-de-mitos\/\nMarx e a quest\u00e3o do programa: a ditadura do proletariado: https:\/\/teoriaerevolucao.pstu.org.br\/marx-e-a-questao-do-programa-a-ditadura-do-proletariado\/\n\nLASKI, H.  O Manifesto Comunista de Marx\ne Engels. [s.l.] Zahar, 1982.\nMARX, K. Sal\u00e1rio, Pre\u00e7o e Lucro. S\u00e3o Paulo: Centauro, 2002.\nBenoit, Hector; Antunes, Jadir. O Problema da Crise Capitalista em O Capital de Marx. Jundia\u00ed, Paco Editorial: 2016. \n\n\nSiga a p\u00e1gina Orienta\u00e7\u00e3o Marxista no Facebook: \nhttps:\/\/www.facebook.com\/Orienta\u00e7\u00e3o-Marxista-111673690190915\n\nLeia o blog Teoria e Revolu\u00e7\u00e3o: https:\/\/teoriaerevolucao.pstu.org.br\n\nO livro do autor desse canal (Marx e a Hist\u00f3ria: das particularidades nacionais \u00e0 universalidade da revolu\u00e7\u00e3o socialista )  pode ser adquirido nos seguintes endere\u00e7os:\n\nhttp:\/\/editorasundermann.com.br\/?product=marx-e-a-historia\n\nhttps:\/\/www.estantevirtual.com.br\/busca?utf8=%E2%9C%93&q=gustavo+machado+marx\n#Introdu\u00e7\u00e3oMarxismo #SugerindoLivros #OQueEMarxismo","original_language":"pt-BR","publication_date":"2020-06-13","duration":0,"url":"https:\/\/www.youtube.com\/watch?v=UpWt3uxmCH0","thumbnail":"thumbnails\/UpWt3uxmCH0.jpg"},{"video_id":"RF8NIIHwB4M","channel_id":"UCRLEkZpNRoZQBG8kUTBD8vQ","title":"Nando Moura e os mestres do capitalismo. Endividai-vos, disse Deus EP #52","description":"Nesse v\u00eddeo discutimos o papel das d\u00edvidas na sociedade capitalista a partir da propaganda do Nando Moura sobre seu curso de autoajuda: mestres do capitalismo.\n\nVeja Anu\u00e1rio Estat\u00edstico do ILAESE 2019 gratuitamente em PDF\nhttp:\/\/ilaese.org.br\/anuario-estatistico-ilaese-trabalho-e-exploracao-2019-2\/\n\nVeja v\u00eddeo em que apresento o conte\u00fado do Anu\u00e1rio Estat\u00edstico do ILAESE\nhttps:\/\/www.youtube.com\/watch?v=p5uMqZtrh5k\n\nSiga a p\u00e1gina Orienta\u00e7\u00e3o Marxista no Facebook: \nhttps:\/\/www.facebook.com\/Orienta\u00e7\u00e3o-Marxista-111673690190915\n\nO trecho foi extra\u00eddo do seguinte v\u00eddeo de Nando Moura:\nQuanto eu GANHO no YouTube???\ntps:\/\/www.youtube.com\/watch?v=FSoAPakF_FI\n\nO livro do autor desse canal (Marx e a Hist\u00f3ria: das particularidades nacionais \u00e0 universalidade da revolu\u00e7\u00e3o socialista )  pode ser adquirido nos seguintes endere\u00e7os:\n\nhttp:\/\/editorasundermann.com.br\/?product=marx-e-a-historia\n\nhttps:\/\/www.estantevirtual.com.br\/busca?utf8=%E2%9C%93&q=gustavo+machado+marx\n#NandoMoura #MestresDoCapitalismo #D\u00edvidas","original_language":"pt-BR","publication_date":"2020-06-08","duration":0,"url":"https:\/\/www.youtube.com\/watch?v=RF8NIIHwB4M","thumbnail":"thumbnails\/RF8NIIHwB4M.jpg"},{"video_id":"9eOszALA6sY","channel_id":"UCRLEkZpNRoZQBG8kUTBD8vQ","title":"SpaceX e ELON MUSK: Tecnologia e capital se complementam ou se op\u00f5em? EP #51","description":"Nesse v\u00eddeo aproveitamos a viagem tripulada feita em solo estadunidense \u00e0 Esta\u00e7\u00e3o Espacial Internacional por meio de uma parceria da empresa de Elon Musk ( SpaceX ) com a NASA, para discutir temas mais profundos como:\n\nO capitalismo promove sempre o desenvolvimento da tecnologia?\nSe sim, de que forma e com quais crit\u00e9rios?\nEstado e empresas privadas s\u00e3o formas necessariamente opostas na sociedade capitalista?\nTrazemos exemplos da ind\u00fastria aeroespacial brasileira, particularmente a EMBRAER e tamb\u00e9m no desenvolvimento do mercado da computa\u00e7\u00e3o inform\u00e1tica com empresas como IBM, Microsoft de Bill Gates e a Intel.\n\nSiga a p\u00e1gina Orienta\u00e7\u00e3o Marxista no Facebook: \nhttps:\/\/www.facebook.com\/Orienta\u00e7\u00e3o-Marxista-111673690190915\n\nTal tema (capital e tecnologia) ser\u00e1 discutido em maior profundidade no pr\u00f3ximo v\u00eddeo do curso O Capital de Marx, cujo tema \u00e9 a Mais-valia relativa.\n\nO livro do autor desse canal (Marx e a Hist\u00f3ria: das particularidades nacionais \u00e0 universalidade da revolu\u00e7\u00e3o socialista )  pode ser adquirido nos seguintes endere\u00e7os:\n\nhttp:\/\/editorasundermann.com.br\/?product=marx-e-a-historia\n\nhttps:\/\/www.estantevirtual.com.br\/busca?utf8=%E2%9C%93&q=gustavo+machado+marx\n#Nasa #SpaceX #ElonMusk","original_language":"pt-BR","publication_date":"2020-06-05","duration":0,"url":"https:\/\/www.youtube.com\/watch?v=9eOszALA6sY","thumbnail":"thumbnails\/9eOszALA6sY.jpg"},{"video_id":"5fgyPPgb1TU","channel_id":"UCRLEkZpNRoZQBG8kUTBD8vQ","title":"MAM\u00c3E FALEI Besteira | Arthur (Des)explica Mais-Valia | REAGINDO EP #50","description":"Reagimos ao v\u00eddeo do canal Mamaefalei, em que Arthur, deputado do MBL, procura explicar o que \u00e9 mais-valia. O v\u00eddeo se encontra no seguinte link:\n\nhttps:\/\/www.youtube.com\/watch?v=a3kNvLtUxJs\n\nV\u00eddeos relacionados:\nLIBERALISMO \u00e9 cren\u00e7a teol\u00f3gica: Guedes e Constantino explicam EP #42\nhttps:\/\/www.youtube.com\/watch?v=wJRGTod8NH4\n\nMBL explica porque liberalismo \u00e9 burrice EP #41\nhttps:\/\/www.youtube.com\/watch?v=d5JNfuIj3H0\n\nO CAPITAL DE MARX: Livro I: Caps. 5-9 MAIS-VALIA ABSOLUTA VID #9\nhttps:\/\/www.youtube.com\/watch?v=iu3wFpgz4Bc\n_______________________________________________________________________________\nSEJA MEMBRO e apoie o canal. Bot\u00e3o ADERIR acima ou: \nhttps:\/\/www.youtube.com\/channel\/UCRLEkZpNRoZQBG8kUTBD8vQ\/join\n\nV\u00eddeo sobre ser membro do canal:\nhttps:\/\/www.youtube.com\/watch?v=drvou-obBVU\n_______________________________________________________________________________\nSiga as p\u00e1ginas do canal Orienta\u00e7\u00e3o Marxista nas Redes Sociais\n\nFACEBOOK:    https:\/\/www.facebook.com\/Orienta\u00e7\u00e3o-Marxista-111673690190915\nTWITTER:       https:\/\/twitter.com\/orient_marxista\nINSTAGRAM: https:\/\/www.instagram.com\/orient.marxista\n_______________________________________________________________________________\nLeia o blog Teoria e Revolu\u00e7\u00e3o:\nhttps:\/\/teoriaerevolucao.pstu.org.br\n_______________________________________________________________________________\nO livro do autor desse canal (Marx e a Hist\u00f3ria: das particularidades nacionais \u00e0 universalidade da revolu\u00e7\u00e3o socialista )  pode ser adquirido nos seguintes endere\u00e7os:\nhttps:\/\/editorasundermann.com.br\/livro\/96-marx-e-a-hist%C3%B3ria\nhttps:\/\/www.estantevirtual.com.br\/busca?utf8=%E2%9C%93&q=gustavo+machado+marx\n\n#MamaeFalei #Arthur #MBL","original_language":"pt-BR","publication_date":"2020-05-30","duration":0,"url":"https:\/\/www.youtube.com\/watch?v=5fgyPPgb1TU","thumbnail":"thumbnails\/5fgyPPgb1TU.jpg"},{"video_id":"D5_Ke8g4ttc","channel_id":"UCRLEkZpNRoZQBG8kUTBD8vQ","title":"Liberalismo e Keynesianismo n\u00e3o funcionam. Introdu\u00e7\u00e3o \u00e0 sociedade capitalista EP #49","description":"Nesse v\u00eddeo discutirmos o funcionamento da sociedade capitalista do ponto de vista da distribui\u00e7\u00e3o de capital, isto \u00e9, a articula\u00e7\u00e3o entre o Capital Industrial, Comercial, n\u00e3o produtor de mercadorias, portador de juros e o Estado. Procuramos indicar a articula\u00e7\u00e3o entre essas partes e os limites dos modelinhos \"enfeitados por matem\u00e1tica\" dos liberais e keynesianos.\n\nVeja artigo completo no Anu\u00e1rio Estat\u00edstico do ILAESE\nhttp:\/\/ilaese.org.br\/anuario-estatistico-ilaese-trabalho-e-exploracao-2019-2\/\n\nV\u00eddeos relacionados:\nMARX: anti-intervencionista e anti liberal EP #15\nhttps:\/\/www.youtube.com\/watch?v=8UXDXmqzs5M\n\nMARX defende a interven\u00e7\u00e3o do ESTADO no mercado? EP #2\nhttps:\/\/www.youtube.com\/watch?v=JVjxa1ioOUE\n\n_______________________________________________________________________________\nSEJA MEMBRO e apoie o canal. Bot\u00e3o ADERIR acima ou: \nhttps:\/\/www.youtube.com\/channel\/UCRLEkZpNRoZQBG8kUTBD8vQ\/join\n\nV\u00eddeo sobre ser membro do canal:\nhttps:\/\/www.youtube.com\/watch?v=drvou-obBVU\n_______________________________________________________________________________\nSiga as p\u00e1ginas do canal Orienta\u00e7\u00e3o Marxista nas Redes Sociais\n\nFACEBOOK:    https:\/\/www.facebook.com\/Orienta\u00e7\u00e3o-Marxista-111673690190915\nTWITTER:       https:\/\/twitter.com\/orient_marxista\nINSTAGRAM: https:\/\/www.instagram.com\/orient.marxista\n_______________________________________________________________________________\nLeia o blog Teoria e Revolu\u00e7\u00e3o:\nhttps:\/\/teoriaerevolucao.pstu.org.br\n_______________________________________________________________________________\nO livro do autor desse canal (Marx e a Hist\u00f3ria: das particularidades nacionais \u00e0 universalidade da revolu\u00e7\u00e3o socialista )  pode ser adquirido nos seguintes endere\u00e7os:\nhttps:\/\/editorasundermann.com.br\/livro\/96-marx-e-a-hist%C3%B3ria\nhttps:\/\/www.estantevirtual.com.br\/busca?utf8=%E2%9C%93&q=gustavo+machado+marx\n\n#Capitalismo #Liberalismo #Keynesianismo","original_language":"pt-BR","publication_date":"2020-05-27","duration":0,"url":"https:\/\/www.youtube.com\/watch?v=D5_Ke8g4ttc","thumbnail":"thumbnails\/D5_Ke8g4ttc.jpg"},{"video_id":"MJ3Z3bXtRCw","channel_id":"UCRLEkZpNRoZQBG8kUTBD8vQ","title":"Reagindo BRASIL PARALELO: Marx estava errado? EP #47","description":"Reagimos ao v\u00eddeo do canal Brasil Paralelo, com t\u00edtulo: Por que Karl Marx estava errado? Presente no seguinte link: \n\nhttps:\/\/www.youtube.com\/watch?v=bTCOTJ5YEZQ\n\nSiga a p\u00e1gina Orienta\u00e7\u00e3o Marxista no Facebook: \nhttps:\/\/www.facebook.com\/Orienta\u00e7\u00e3o-Marxista-111673690190915\n\nTemas mencionados:\n\u25b7 Teoria do valor\n\u25b7 Teoria do valor utilidade\n\u25b7 Utilidade Marginal: Carl Menger, L\u00e9on Walras , Jevons\n\u25b7 Tempo de trabalho\n\u25b7 Mais valia absoluta e relativa (Ultima hora de Senior)\n\nV\u00eddeos mencionados:\nLIBERALISMO \u00e9 cren\u00e7a teol\u00f3gica: Guedes e Constantino explicam EP #42\nhttps:\/\/www.youtube.com\/watch?v=wJRGTod8NH4\n\nMARX defende a interven\u00e7\u00e3o do ESTADO no mercado? EP #2\nhttps:\/\/www.youtube.com\/watch?v=JVjxa1ioOUE\n\nO CAPITAL DE MARX: Valor N\u00c3O \u00e9 tempo de trabalho VID #3\nhttps:\/\/www.youtube.com\/watch?v=PlTU1qOnPF8\n\nBibliografia Sugerida:\nT\u00edtulo: Hist\u00f3ria do Pensamento Econ\u00f4mico. Autor: Isaac Ilich Rubin. Edici\u00f3n: Editora UFRJ, Rio de Janeiro, 2014. 523 pp. \n\n_______________________________________________________________________________\nSEJA MEMBRO e apoie o canal. Bot\u00e3o ADERIR acima ou: \nhttps:\/\/www.youtube.com\/channel\/UCRLEkZpNRoZQBG8kUTBD8vQ\/join\n\nV\u00eddeo sobre ser membro do canal:\nhttps:\/\/www.youtube.com\/watch?v=drvou-obBVU\n_______________________________________________________________________________\nSiga as p\u00e1ginas do canal Orienta\u00e7\u00e3o Marxista nas Redes Sociais\n\nFACEBOOK:    https:\/\/www.facebook.com\/Orienta\u00e7\u00e3o-Marxista-111673690190915\nTWITTER:       https:\/\/twitter.com\/orient_marxista\nINSTAGRAM: https:\/\/www.instagram.com\/orient.marxista\n_______________________________________________________________________________\nLeia o blog Teoria e Revolu\u00e7\u00e3o:\nhttps:\/\/teoriaerevolucao.pstu.org.br\n_______________________________________________________________________________\nO livro do autor desse canal (Marx e a Hist\u00f3ria: das particularidades nacionais \u00e0 universalidade da revolu\u00e7\u00e3o socialista )  pode ser adquirido nos seguintes endere\u00e7os:\nhttps:\/\/editorasundermann.com.br\/livro\/96-marx-e-a-hist%C3%B3ria\nhttps:\/\/www.estantevirtual.com.br\/busca?utf8=%E2%9C%93&q=gustavo+machado+marx\n\n#KarlMarx #TeoriaDoValor #UtilidadeMarginal","original_language":"pt-BR","publication_date":"2020-05-22","duration":0,"url":"https:\/\/www.youtube.com\/watch?v=MJ3Z3bXtRCw","thumbnail":"thumbnails\/MJ3Z3bXtRCw.jpg"},{"video_id":"dSytJBkNhfs","channel_id":"UCRLEkZpNRoZQBG8kUTBD8vQ","title":"N\u00f3s somos 99%! MAS, quem \u00e9 esse n\u00f3s? Michael Heinrich EP #46","description":"Nesse v\u00eddeo analisamos trecho da entrevista de Michael Heinrich para a revista Cr\u00edtica Marxista n\u00b0 50. A entrevista \u00e9 a seguinte:\nOs labirintos de Marx: Entrevista com Michael Heinrich\npor Bruna Della Torre\n\nComentamos, em particular, a pergunta relativa aos 1% da classe dominante contra 99% da classe dominada. A no\u00e7\u00e3o a-hist\u00f3rica de classes sociais e abstra\u00e7\u00f5es utilizadas por ativistas e organiza\u00e7\u00f5es de esquerda que se furtam a examinar a especificidade da sociedade capitalista, permanecendo sempre dentro de seus limites quando visam critic\u00e1-la.\n\nSiga a p\u00e1gina Orienta\u00e7\u00e3o Marxista no Facebook: \nhttps:\/\/www.facebook.com\/Orienta\u00e7\u00e3o-Marxista-111673690190915\n\nV\u00eddeos relacionados:\nBOITEMPO: como falsificar um livro por meio da capa EP #27\nhttps:\/\/www.youtube.com\/watch?v=ST7xzMfo-2g\n\nAcad\u00eamicos que n\u00e3o conseguem interpretar textos EP #28\nhttps:\/\/www.youtube.com\/watch?v=E-m_MXYZ6po\n_______________________________________________________________________________\nSEJA MEMBRO e apoie o canal. Bot\u00e3o ADERIR acima ou: \nhttps:\/\/www.youtube.com\/channel\/UCRLEkZpNRoZQBG8kUTBD8vQ\/join\n\nV\u00eddeo sobre ser membro do canal:\nhttps:\/\/www.youtube.com\/watch?v=drvou-obBVU\n_______________________________________________________________________________\nSiga as p\u00e1ginas do canal Orienta\u00e7\u00e3o Marxista nas Redes Sociais\n\nFACEBOOK:    https:\/\/www.facebook.com\/Orienta\u00e7\u00e3o-Marxista-111673690190915\nTWITTER:       https:\/\/twitter.com\/orient_marxista\nINSTAGRAM: https:\/\/www.instagram.com\/orient.marxista\n_______________________________________________________________________________\nLeia o blog Teoria e Revolu\u00e7\u00e3o:\nhttps:\/\/teoriaerevolucao.pstu.org.br\n_______________________________________________________________________________\nO livro do autor desse canal (Marx e a Hist\u00f3ria: das particularidades nacionais \u00e0 universalidade da revolu\u00e7\u00e3o socialista )  pode ser adquirido nos seguintes endere\u00e7os:\nhttps:\/\/editorasundermann.com.br\/livro\/96-marx-e-a-hist%C3%B3ria\n\nhttps:\/\/www.estantevirtual.com.br\/busca?utf8=%E2%9C%93&q=gustavo+machado+marx\n\n#ClassesSociais #MichaelHeinrich #Feminismo99%","original_language":"pt-BR","publication_date":"2020-05-20","duration":0,"url":"https:\/\/www.youtube.com\/watch?v=dSytJBkNhfs","thumbnail":"thumbnails\/dSytJBkNhfs.jpg"},{"video_id":"UsR1rST0lMk","channel_id":"UCRLEkZpNRoZQBG8kUTBD8vQ","title":"Comunismo N\u00c3O \u00c9 modelo econ\u00f4mico EP #45","description":"Nesse v\u00eddeo discutimos mostramos que comunismo n\u00e3o \u00e9, como normalmente se pensa, modelo econ\u00f4mico. N\u00e3o \u00e9, portanto, um tipo de gest\u00e3o econ\u00f4mica que se op\u00f5em, enquanto tal, ao liberalismo, ao keynesianismo, ao mmtismo, ao fascismo e assim por diante. Comunismo \u00e9 forma de organiza\u00e7\u00e3o social que se op\u00f5em, assim, ao capitalismo. Da\u00ed n\u00e3o existir economia pol\u00edtica marxista.\n\nV\u00eddeo relacionado:\nMarx n\u00e3o \u00e9 economista, nem cientista social EP #4\nhttps:\/\/www.youtube.com\/watch?v=x3gY5k36DS8\n\n_______________________________________________________________________________\nSEJA MEMBRO e apoie o canal. Bot\u00e3o ADERIR acima ou: \nhttps:\/\/www.youtube.com\/channel\/UCRLEkZpNRoZQBG8kUTBD8vQ\/join\n\nV\u00eddeo sobre ser membro do canal:\nhttps:\/\/www.youtube.com\/watch?v=drvou-obBVU\n_______________________________________________________________________________\nSiga as p\u00e1ginas do canal Orienta\u00e7\u00e3o Marxista nas Redes Sociais\n\nFACEBOOK:    https:\/\/www.facebook.com\/Orienta\u00e7\u00e3o-Marxista-111673690190915\nTWITTER:       https:\/\/twitter.com\/orient_marxista\nINSTAGRAM: https:\/\/www.instagram.com\/orient.marxista\n_______________________________________________________________________________\nLeia o blog Teoria e Revolu\u00e7\u00e3o:\nhttps:\/\/teoriaerevolucao.pstu.org.br\n_______________________________________________________________________________\nO livro do autor desse canal (Marx e a Hist\u00f3ria: das particularidades nacionais \u00e0 universalidade da revolu\u00e7\u00e3o socialista )  pode ser adquirido nos seguintes endere\u00e7os:\nhttps:\/\/editorasundermann.com.br\/livro\/96-marx-e-a-hist%C3%B3ria\n\nhttps:\/\/www.estantevirtual.com.br\/busca?utf8=%E2%9C%93&q=gustavo+machado+marx\n\n#Socialismo #Comunismo #ModeloEcon\u00f4mico","original_language":"pt-BR","publication_date":"2020-05-16","duration":0,"url":"https:\/\/www.youtube.com\/watch?v=UsR1rST0lMk","thumbnail":"thumbnails\/UsR1rST0lMk.jpg"},{"video_id":"rCxwHATVtIs","channel_id":"UCRLEkZpNRoZQBG8kUTBD8vQ","title":"Respondendo coment\u00e1rios: Socialismo deu errado? EP #44","description":"RESPONDENDO COMENT\u00c1RIOS: Socialismo deu errado?\n\nSocialismo baseia-se em um governo global?\nExpans\u00e3o da revolu\u00e7\u00e3o depende de uma guerra total?\nSe auto-denominar socialista significa atuar no sentido da revolu\u00e7\u00e3o socialista?\n\n\u00c9 poss\u00edvel, hoje, um pa\u00eds se desenvolver de modo autossuficiente independente de uma coopera\u00e7\u00e3o internacional do trabalho?\n\nV\u00eddeo: O partido de L\u00eanin (bolchevique) era monol\u00edtico? EP #26\nhttps:\/\/www.youtube.com\/watch?v=uGBpp7L8tt8\n\nV\u00eddeo: Socialismo em um s\u00f3 pa\u00eds e Internacionalismo: qual \u00e9 a pol\u00eamica? EP #30\nhttps:\/\/www.youtube.com\/watch?v=O5SE-5VjXF0\n\nV\u00eddeo: Anu\u00e1rio Estat\u00edstico do ILAESE | Trabalho e Explora\u00e7\u00e3o EP #20\nhttps:\/\/www.youtube.com\/watch?v=p5uMqZtrh5k\n\nAnu\u00e1rio Estat\u00edstico ILAESe 2019 para download:\nhttp:\/\/ilaese.org.br\/anuario-estatistico-ilaese-trabalho-e-exploracao-2019-2\/\n_______________________________________________________________________________\nSEJA MEMBRO e apoie o canal. Bot\u00e3o ADERIR acima ou: \nhttps:\/\/www.youtube.com\/channel\/UCRLEkZpNRoZQBG8kUTBD8vQ\/join\n\nV\u00eddeo sobre ser membro do canal:\nhttps:\/\/www.youtube.com\/watch?v=drvou-obBVU\n_______________________________________________________________________________\nSiga as p\u00e1ginas do canal Orienta\u00e7\u00e3o Marxista nas Redes Sociais\n\nFACEBOOK:    https:\/\/www.facebook.com\/Orienta\u00e7\u00e3o-Marxista-111673690190915\nTWITTER:       https:\/\/twitter.com\/orient_marxista\nINSTAGRAM: https:\/\/www.instagram.com\/orient.marxista\n_______________________________________________________________________________\nLeia o blog Teoria e Revolu\u00e7\u00e3o:\nhttps:\/\/teoriaerevolucao.pstu.org.br\n_______________________________________________________________________________\nO livro do autor desse canal (Marx e a Hist\u00f3ria: das particularidades nacionais \u00e0 universalidade da revolu\u00e7\u00e3o socialista )  pode ser adquirido nos seguintes endere\u00e7os:\nhttps:\/\/editorasundermann.com.br\/livro\/96-marx-e-a-hist%C3%B3ria\n\nhttps:\/\/www.estantevirtual.com.br\/busca?utf8=%E2%9C%93&q=gustavo+machado+marx\n\n#Socialismo #Comunismo #Marxismo","original_language":"pt-BR","publication_date":"2020-05-13","duration":0,"url":"https:\/\/www.youtube.com\/watch?v=rCxwHATVtIs","thumbnail":"thumbnails\/rCxwHATVtIs.jpg"},{"video_id":"LYRRdijZutU","channel_id":"UCRLEkZpNRoZQBG8kUTBD8vQ","title":"O Socialismo deu errado? N\u00e3o funciona?  EP #43","description":"Nesse v\u00eddeo, discutimos brevemente a tese de que o socialismo deu errado em fun\u00e7\u00e3o do colapso da Uni\u00e3o Sovi\u00e9tica em 1991 e a queda do muro de Berlin em 1989. Ao final do v\u00eddeo, ilustramos o que foi indicado com v\u00eddeo em que os trabalhadores gregos foram obrigados a entregar as armas ao fim da Segunda Guerra Mundial e entregar o poder a Winston Churchill e aliados.\n\nSiga a p\u00e1gina Orienta\u00e7\u00e3o Marxista no Facebook: \nhttps:\/\/www.facebook.com\/Orienta\u00e7\u00e3o-Marxista-111673690190915\n\nO v\u00eddeo exibido ao final foi extra\u00eddo da p\u00e1gina do Transi\u00e7\u00e3o Socialista que gentilmente nos autorizou a republica\u00e7\u00e3o: \nhttps:\/\/www.youtube.com\/watch?v=u4GTnWE_yMQ\n\nV\u00eddeo citado: \nSocialismo em um s\u00f3 pa\u00eds e Internacionalismo: qual \u00e9 a pol\u00eamica? EP #30\nhttps:\/\/www.youtube.com\/watch?v=O5SE-5VjXF0\n\nLivro que aborda detalhadamente o papel da Uni\u00e3o Sovi\u00e9tica nas revolu\u00e7\u00f5es mundo afora:\nHist\u00f3ria da Internacional Comunista \u2013 Tomos 1 e 2: Pierre Brou\u00e9 \n\n_______________________________________________________________________________\nSEJA MEMBRO e apoie o canal. Bot\u00e3o ADERIR acima ou: \nhttps:\/\/www.youtube.com\/channel\/UCRLEkZpNRoZQBG8kUTBD8vQ\/join\n\nV\u00eddeo sobre ser membro do canal:\nhttps:\/\/www.youtube.com\/watch?v=drvou-obBVU\n_______________________________________________________________________________\nSiga as p\u00e1ginas do canal Orienta\u00e7\u00e3o Marxista nas Redes Sociais\n\nFACEBOOK:    https:\/\/www.facebook.com\/Orienta\u00e7\u00e3o-Marxista-111673690190915\nTWITTER:       https:\/\/twitter.com\/orient_marxista\nINSTAGRAM: https:\/\/www.instagram.com\/orient.marxista\n_______________________________________________________________________________\nLeia o blog Teoria e Revolu\u00e7\u00e3o:\nhttps:\/\/teoriaerevolucao.pstu.org.br\n_______________________________________________________________________________\nO livro do autor desse canal (Marx e a Hist\u00f3ria: das particularidades nacionais \u00e0 universalidade da revolu\u00e7\u00e3o socialista )  pode ser adquirido nos seguintes endere\u00e7os:\nhttps:\/\/editorasundermann.com.br\/livro\/96-marx-e-a-hist%C3%B3ria\n\nhttps:\/\/www.estantevirtual.com.br\/busca?utf8=%E2%9C%93&q=gustavo+machado+marx\n\n#Socialismo #Comunismo #Marxismo","original_language":"pt-BR","publication_date":"2020-05-09","duration":0,"url":"https:\/\/www.youtube.com\/watch?v=LYRRdijZutU","thumbnail":"thumbnails\/LYRRdijZutU.jpg"},{"video_id":"wJRGTod8NH4","channel_id":"UCRLEkZpNRoZQBG8kUTBD8vQ","title":"LIBERALISMO \u00e9 cren\u00e7a teol\u00f3gica: Guedes e Constantino explicam EP #42","description":"Nesse v\u00eddeo, analisamos os pressupostos te\u00f3ricos e a mentalidade liberal. Usamos como ilustra\u00e7\u00e3o dois trechos de Paulo Guedes e Rodrigo Constantino.\n\nOs seguintes aspectos s\u00e3o abordados:\n1) Liberal n\u00e3o parte da realidade, mas julga todos fen\u00f4menos reais conforme um esquema pr\u00e9-fabricado. S\u00e3o ut\u00f3picos e idealistas. O modelo liberal serve de crit\u00e9rio para analisar todos fen\u00f4menos reais. Na verdade, esse \"modelo\", est\u00e1 assentado em pressupostos muito antigos. S\u00e3o os seguintes:\na) Concep\u00e7\u00e3o atom\u00edstica da realidade. Indiv\u00edduos isolados portadores de um direito natural e eterno.  O direito natural se baseia em princ\u00edpios jur\u00eddicos abstratos atribu\u00eddos aos indiv\u00edduos: liberdade (abstrata), propriedade (abstrata) e igualdade (abstrata).  Esta concep\u00e7\u00e3o atom\u00edstica, na verdade, foi inicialmente difundida por Thomas Hobbes.\n\nNo entanto, quem promove a harmonia entre esses indiv\u00edduos isolados? a\u00ed vem o segundo aspecto\nb) A concep\u00e7\u00e3o liberal parte do pressuposto de que existe uma ORDEM NATURAL uma ordem pr\u00e9-estabelecida que garante de forma impessoal a combina\u00e7\u00e3o de cada uma das a\u00e7\u00f5es individuais. Somente assim, com esse pressuposto teol\u00f3gico, de\u00edsta, os interesses individuais podem se harmonizar. \u00c9 o algoritmo de coopera\u00e7\u00e3o de Paulo Guedes e a harmonia entre solidariedade e interesses individuais de Rodrigo Constantino.\n\n_______________________________________________________________________________\nSEJA MEMBRO e apoie o canal. Bot\u00e3o ADERIR acima ou: \nhttps:\/\/www.youtube.com\/channel\/UCRLEkZpNRoZQBG8kUTBD8vQ\/join\n\nV\u00eddeo sobre ser membro do canal:\nhttps:\/\/www.youtube.com\/watch?v=drvou-obBVU\n_______________________________________________________________________________\nSiga as p\u00e1ginas do canal Orienta\u00e7\u00e3o Marxista nas Redes Sociais\n\nFACEBOOK:    https:\/\/www.facebook.com\/Orienta\u00e7\u00e3o-Marxista-111673690190915\nTWITTER:       https:\/\/twitter.com\/orient_marxista\nINSTAGRAM: https:\/\/www.instagram.com\/orient.marxista\n_______________________________________________________________________________\nLeia o blog Teoria e Revolu\u00e7\u00e3o:\nhttps:\/\/teoriaerevolucao.pstu.org.br\n_______________________________________________________________________________\nO livro do autor desse canal (Marx e a Hist\u00f3ria: das particularidades nacionais \u00e0 universalidade da revolu\u00e7\u00e3o socialista )  pode ser adquirido nos seguintes endere\u00e7os:\nhttps:\/\/editorasundermann.com.br\/livro\/96-marx-e-a-hist%C3%B3ria\nhttps:\/\/www.estantevirtual.com.br\/busca?utf8=%E2%9C%93&q=gustavo+machado+marx\n\n#Liberalismo #PauloGuedes #RodrigoConstantino","original_language":"pt-BR","publication_date":"2020-05-03","duration":0,"url":"https:\/\/www.youtube.com\/watch?v=wJRGTod8NH4","thumbnail":"thumbnails\/wJRGTod8NH4.jpg"},{"video_id":"d5JNfuIj3H0","channel_id":"UCRLEkZpNRoZQBG8kUTBD8vQ","title":"MBL explica porque liberalismo \u00e9 burrice EP #41","description":"Diante da crise atual, MBL redefine liberalismo como sendo a interven\u00e7\u00e3o total do Estado para garantir os \"princ\u00edpios\" supremos do liberalismo: a vida, a propriedade e a seguran\u00e7a. Para tal, o Estado precisa investir em tempos de crise, precisa garantir a renda m\u00ednima, precisa atuar sempre que ocorra um fen\u00f4meno natural fora do que eles chamam \"normalidade\". Em outras palavras, o liberalismo econ\u00f4mico \u00e9 perfeito, desde que ele n\u00e3o seja usado nunca; segundo o Movimento Brasil Livre.\n\nSe encontra no seguinte link:\nhttps:\/\/www.youtube.com\/watch?v=5KDz-fcRRZE\n\nFoi citado o Ensaio sobre o governo civil de John Locke.\n_______________________________________________________________________________\nSEJA MEMBRO e apoie o canal. Bot\u00e3o ADERIR acima ou: \nhttps:\/\/www.youtube.com\/channel\/UCRLEkZpNRoZQBG8kUTBD8vQ\/join\n\nV\u00eddeo sobre ser membro do canal:\nhttps:\/\/www.youtube.com\/watch?v=drvou-obBVU\n_______________________________________________________________________________\nSiga as p\u00e1ginas do canal Orienta\u00e7\u00e3o Marxista nas Redes Sociais\n\nFACEBOOK:    https:\/\/www.facebook.com\/Orienta\u00e7\u00e3o-Marxista-111673690190915\nTWITTER:       https:\/\/twitter.com\/orient_marxista\nINSTAGRAM: https:\/\/www.instagram.com\/orient.marxista\n_______________________________________________________________________________\nLeia o blog Teoria e Revolu\u00e7\u00e3o:\nhttps:\/\/teoriaerevolucao.pstu.org.br\n_______________________________________________________________________________\nO livro do autor desse canal (Marx e a Hist\u00f3ria: das particularidades nacionais \u00e0 universalidade da revolu\u00e7\u00e3o socialista )  pode ser adquirido nos seguintes endere\u00e7os:\nhttps:\/\/editorasundermann.com.br\/livro\/96-marx-e-a-hist%C3%B3ria\nhttps:\/\/www.estantevirtual.com.br\/busca?utf8=%E2%9C%93&q=gustavo+machado+marx\n\n#MBL #Liberalismo #MovimentoBrasilLivre","original_language":"pt","publication_date":"2020-04-29","duration":0,"url":"https:\/\/www.youtube.com\/watch?v=d5JNfuIj3H0","thumbnail":"thumbnails\/d5JNfuIj3H0.jpg"},{"video_id":"-IxqCgB6FXc","channel_id":"UCRLEkZpNRoZQBG8kUTBD8vQ","title":"Ideias Radicais: Teoria da Mais-Valia \u00e9 furada? REAGINDO EP #40","description":"REAGIMOS E COMENTAMOS ao v\u00eddeo: Por que a teoria da Mais-Valia \u00e9 FURADA do canal Ideias Radicais. Se encontra no seguinte link:\nhttps:\/\/www.youtube.com\/watch?v=aT52C9nsio4\n\nComo veremos, o autor do v\u00eddeo (Rafael) n\u00e3o leu nem sequer a obra que cita como fonte de Eugen von B\u00f6hm-Bawerk.\n\n_______________________________________________________________________________\nSEJA MEMBRO e apoie o canal. Bot\u00e3o ADERIR acima ou: \nhttps:\/\/www.youtube.com\/channel\/UCRLEkZpNRoZQBG8kUTBD8vQ\/join\n\nV\u00eddeo sobre ser membro do canal:\nhttps:\/\/www.youtube.com\/watch?v=drvou-obBVU\n_______________________________________________________________________________\nSiga as p\u00e1ginas do canal Orienta\u00e7\u00e3o Marxista nas Redes Sociais\n\nFACEBOOK:    https:\/\/www.facebook.com\/Orienta\u00e7\u00e3o-Marxista-111673690190915\nTWITTER:       https:\/\/twitter.com\/orient_marxista\nINSTAGRAM: https:\/\/www.instagram.com\/orient.marxista\n_______________________________________________________________________________\nLeia o blog Teoria e Revolu\u00e7\u00e3o:\nhttps:\/\/teoriaerevolucao.pstu.org.br\n_______________________________________________________________________________\nO livro do autor desse canal (Marx e a Hist\u00f3ria: das particularidades nacionais \u00e0 universalidade da revolu\u00e7\u00e3o socialista )  pode ser adquirido nos seguintes endere\u00e7os:\nhttps:\/\/editorasundermann.com.br\/livro\/96-marx-e-a-hist%C3%B3ria\nhttps:\/\/www.estantevirtual.com.br\/busca?utf8=%E2%9C%93&q=gustavo+machado+marx\n\n#IdeiasRadicais #MaisValia #AnarcoCapitalismo","original_language":"pt-BR","publication_date":"2020-04-25","duration":0,"url":"https:\/\/www.youtube.com\/watch?v=-IxqCgB6FXc","thumbnail":"thumbnails\/-IxqCgB6FXc.jpg"},{"video_id":"iu3wFpgz4Bc","channel_id":"UCRLEkZpNRoZQBG8kUTBD8vQ","title":"MAIS-VALIA ABSOLUTA | O CAPITAL DE MARX: Livro I: Caps. 5-9 VID #9","description":"0:00 In\u00edcio  \n5:42 Introdu\u00e7\u00e3o da se\u00e7\u00e3o\n21:29 Teoria Burguesa dos Custos de Produ\u00e7\u00e3o\n28:24 Cap\u00edtulo 5: Processo de Trabalho e Processo de Valoriza\u00e7\u00e3o \n1:14:06 Cap\u00edtulo 6: Capital Constante e Capital Vari\u00e1vel \n1:58:53 Cap\u00edtulo 7: A Taxa de Mais-valia\n2:14:14 Cap\u00edtulo 8: A Jornada de Trabalho\n2:33:50 Cap\u00edtulo 9: Taxa e Massa de Mais-valia\n\nNeste v\u00eddeo comentamos os cap\u00edtulos 5-9 do Livro Primeiro de O Capital de Marx. Se\u00e7\u00e3o III. Trata-se do cap\u00edtulos relativos a mais-valia absoluta.\n\nArtigos relacionados:\nA acep\u00e7\u00e3o de ser social nos Grundrisse de Marx - Gustavo Machado\n\nhttps:\/\/anais9coloquiomarxengels.files.wordpress.com\/2018\/07\/a-acepc3a7c3a3o-de-ser-social-nos-grundrisse-de-marx-gustavo-henrique-lopes-machado.pdf\n\nEstes \u00e9 o s\u00e9timo v\u00eddeo da s\u00e9rie O Capital de Marx que tem por objetivo comentar todos os tr\u00eas livros da obra principal de Marx.\n\nTemas tratados:\n1) TEORIA BURGUESA DOS CUSTOS DE PRODU\u00c7\u00c3O\n2) Processo de Trabalho e Processo de Valoriza\u00e7\u00e3o\n3) \u00c9 PRECISO SUPERAR A ABSTRA\u00c7\u00c3O DO PROCESSO DE TRABALHO\n4) N\u00c3O SE PODE SALTAR DE UMA ABSTRA\u00c7\u00c3O PRA ASPECTOS CONCRETOS\n5) EMERG\u00caNCIA DA MAIS-VALIA\n6) MAIS-VALIA N\u00c3O \u00c9 TRABALHO EXCEDENTE\n7) PRODU\u00c7\u00c3O DE MAIS-VALIA N\u00c3O OCORRE SOMENTE NA PRODU\u00c7\u00c3O\n8) MAIS-VALIA CONSIDERADA QUALITATIVAMENTE\n9) MAIS-VALIA CONSIDERADA QUANTITATIVAMENTE\n10) Capitulo 6 \u2013 CAPITAL CONSTANTE E CAPITAL VARI\u00c1VEL\n11) CAPITAL VARI\u00c1VEL N\u00c3O \u00c9 SAL\u00c1RIOS\n12) Capitulo 7 \u2013 A TAXA DE MAIS-VALIA\n13) DOIS MOMENTOS (QUANTITATIVOS) DO PROCESSO DE TRABALHO\n14) F\u00d3RMULA DA TAXA DA MAIS-VALIA\n15) FORMA E CONTE\u00daDO DA EXPLORA\u00c7\u00c3O\n16) CAPITAL \u00c9 SUJEITO ABSOLUTO ?\n17) OS DIREITOS DO CAPITALISTA\n18) OS DIREITOS DO TRABALHADOR\n19) ENTRE DIREITOS IGUAIS QUEM DECIDE \u00c9 A FOR\u00c7A\n20) LUTA EM TORNO DA JORNADA DE TRABALHO\n21) DIREITOS HUMANOS\n22) MASSA DE MAIS-VALIA\n_____________________________________________________________________________________\nV\u00eddeos sugeridos: \nO CAPITAL DE MARX: Livro I: Cap. 1 A MERCADORIA VID #5\nhttps:\/\/www.youtube.com\/watch?v=1_FtWE_Os4s\nO CAPITAL DE MARX: Livro I: Cap. 2 e 3 O DINHEIRO VID #6\nhttps:\/\/www.youtube.com\/watch?v=J77f9M5WK4o\nO CAPITAL DE MARX: Livro I: Cap. 4 O CAPITAL EM GERAL VID #7\nhttps:\/\/www.youtube.com\/watch?v=KHiMps76FoQ\nO CAPITAL DE MARX: Livro I: Caps. 5-9 MAIS-VALIA ABSOLUTA VID #9\nhttps:\/\/www.youtube.com\/watch?v=iu3wFpgz4Bc\n _______________________________________________________________________________\nSEJA MEMBRO e apoie o canal. Bot\u00e3o ADERIR acima ou: \nhttps:\/\/www.youtube.com\/channel\/UCRLEkZpNRoZQBG8kUTBD8vQ\/join\n\nV\u00eddeo sobre ser membro do canal:\nhttps:\/\/www.youtube.com\/watch?v=drvou-obBVU\n_______________________________________________________________________________\nSiga as p\u00e1ginas do canal Orienta\u00e7\u00e3o Marxista nas Redes Sociais\n\nFACEBOOK:    https:\/\/www.facebook.com\/Orienta\u00e7\u00e3o-Marxista-111673690190915\nTWITTER:       https:\/\/twitter.com\/orient_marxista\nINSTAGRAM: https:\/\/www.instagram.com\/orient.marxista\n_______________________________________________________________________________\nLeia o blog Teoria e Revolu\u00e7\u00e3o:\nhttps:\/\/teoriaerevolucao.pstu.org.br\n_______________________________________________________________________________\nO livro do autor desse canal (Marx e a Hist\u00f3ria: das particularidades nacionais \u00e0 universalidade da revolu\u00e7\u00e3o socialista )  pode ser adquirido nos seguintes endere\u00e7os:\nhttps:\/\/editorasundermann.com.br\/livro\/96-marx-e-a-hist%C3%B3ria\nhttps:\/\/www.estantevirtual.com.br\/busca?utf8=%E2%9C%93&q=gustavo+machado+marx\n\n#OCapitalDeMarx #MaisValia","original_language":"pt-BR","publication_date":"2020-04-22","duration":0,"url":"https:\/\/www.youtube.com\/watch?v=iu3wFpgz4Bc","thumbnail":"thumbnails\/iu3wFpgz4Bc.jpg"},{"video_id":"G2InnbhehMw","channel_id":"UCRLEkZpNRoZQBG8kUTBD8vQ","title":"RESPONDENDO JONES MANOEL: partido, conspira\u00e7\u00e3o, debate EP #39","description":"Veja que tipo de subterf\u00fagio e pretexto Jones Manoel \u00e9 obrigado a recorrer com intuito de unicamente me caluniar e, assim, fugir ao debate que ele mesmo prop\u00f4s ao postar seu v\u00eddeo no youtube.\n\nO debate \u00e9 bem vindo desde que seja para afagar o meu ego. Sen\u00e3o respondo com caricaturas, cal\u00fanias e teorias da conspira\u00e7\u00e3o. \n\nREAGINDO AO JONES MANOEL: St\u00e1lin, Trotsky e Marx\nhttps:\/\/www.youtube.com\/watch?v=XY9isI5DBik\n\nESTRATO DESSE \u00daLTIMO V\u00cdDEO\nJONES MANOEL ensina como falsificar a hist\u00f3ria\nhttps:\/\/www.youtube.com\/watch?v=qrdYCleezMA\n\nCOMO FAZER POL\u00caMICAS?\nhttps:\/\/www.youtube.com\/watch?v=SsgZJ1M_IqU\n_______________________________________________________________________________\nSEJA MEMBRO e apoie o canal. Bot\u00e3o ADERIR acima ou: \nhttps:\/\/www.youtube.com\/channel\/UCRLEkZpNRoZQBG8kUTBD8vQ\/join\n\nV\u00eddeo sobre ser membro do canal:\nhttps:\/\/www.youtube.com\/watch?v=drvou-obBVU\n_______________________________________________________________________________\nSiga as p\u00e1ginas do canal Orienta\u00e7\u00e3o Marxista nas Redes Sociais\n\nFACEBOOK:    https:\/\/www.facebook.com\/Orienta\u00e7\u00e3o-Marxista-111673690190915\nTWITTER:       https:\/\/twitter.com\/orient_marxista\nINSTAGRAM: https:\/\/www.instagram.com\/orient.marxista\n_______________________________________________________________________________\nLeia o blog Teoria e Revolu\u00e7\u00e3o:\nhttps:\/\/teoriaerevolucao.pstu.org.br\n_______________________________________________________________________________\nO livro do autor desse canal (Marx e a Hist\u00f3ria: das particularidades nacionais \u00e0 universalidade da revolu\u00e7\u00e3o socialista )  pode ser adquirido nos seguintes endere\u00e7os:\nhttps:\/\/editorasundermann.com.br\/livro\/96-marx-e-a-hist%C3%B3ria\nhttps:\/\/www.estantevirtual.com.br\/busca?utf8=%E2%9C%93&q=gustavo+machado+marx\n\n#JonesManoel #Pol\u00eamicas #PSTU","original_language":"pt-BR","publication_date":"2020-04-14","duration":0,"url":"https:\/\/www.youtube.com\/watch?v=G2InnbhehMw","thumbnail":"thumbnails\/G2InnbhehMw.jpg"},{"video_id":"qrdYCleezMA","channel_id":"UCRLEkZpNRoZQBG8kUTBD8vQ","title":"JONES MANOEL ensina como falsificar a hist\u00f3ria EP #38","description":"O presente v\u00eddeo \u00e9 apenas um extrato de nosso REAGINDO AO JONES MANOEL: St\u00e1lin, Trotsky, Marx EP #32\nhttps:\/\/www.youtube.com\/watch?v=XY9isI5DBik\n\nNesse trecho, vemos de maneira flagrante o mecanismo consciente de falsifica\u00e7\u00e3o da hist\u00f3ria, em que ele distorce de maneira consci\u00eancia os epis\u00f3dios e acontecimentos narrados com objetivos precisos.\n\nSobre o tema do socialismo  em um s\u00f3 pa\u00eds e \"revolu\u00e7\u00e3o permanente\" ou, de forma mais adequada, internacionalismo; j\u00e1 tratamos no seguinte v\u00eddeo: \nhttps:\/\/www.youtube.com\/watch?v=O5SE-5VjXF0\n\n_______________________________________________________________________________\nSEJA MEMBRO e apoie o canal. Bot\u00e3o ADERIR acima ou: \nhttps:\/\/www.youtube.com\/channel\/UCRLEkZpNRoZQBG8kUTBD8vQ\/join\n\nV\u00eddeo sobre ser membro do canal:\nhttps:\/\/www.youtube.com\/watch?v=drvou-obBVU\n_______________________________________________________________________________\nSiga as p\u00e1ginas do canal Orienta\u00e7\u00e3o Marxista nas Redes Sociais\n\nFACEBOOK:    https:\/\/www.facebook.com\/Orienta\u00e7\u00e3o-Marxista-111673690190915\nTWITTER:       https:\/\/twitter.com\/orient_marxista\nINSTAGRAM: https:\/\/www.instagram.com\/orient.marxista\n_______________________________________________________________________________\nLeia o blog Teoria e Revolu\u00e7\u00e3o:\nhttps:\/\/teoriaerevolucao.pstu.org.br\n_______________________________________________________________________________\nO livro do autor desse canal (Marx e a Hist\u00f3ria: das particularidades nacionais \u00e0 universalidade da revolu\u00e7\u00e3o socialista )  pode ser adquirido nos seguintes endere\u00e7os:\nhttps:\/\/editorasundermann.com.br\/livro\/96-marx-e-a-hist%C3%B3ria\nhttps:\/\/www.estantevirtual.com.br\/busca?utf8=%E2%9C%93&q=gustavo+machado+marx\n\n#JonesManoel #Falsifica\u00e7\u00e3oDaHist\u00f3ria #Trotsky","original_language":"unknown","publication_date":"2020-04-11","duration":0,"url":"https:\/\/www.youtube.com\/watch?v=qrdYCleezMA","thumbnail":"thumbnails\/qrdYCleezMA.jpg"},{"video_id":"ilH-gm4L6J4","channel_id":"UCRLEkZpNRoZQBG8kUTBD8vQ","title":"CORONAV\u00cdRUS e CAPITALISMO: o que tem a ver? EP #37","description":"No presente v\u00eddeo, relacionamos a recente crise produzida pela pandemia de coronav\u00edrus. \n\nO texto foi publicado na pen\u00faltima edi\u00e7\u00e3o do jornal Opini\u00e3o Socialista.\nLeia aqui: https:\/\/issuu.com\/pstu\/docs\/os586\n\nPARTE FINAL DO TEXTO:\n[...] Acumular, acumular, acumular. \u00c9 \u00fanica lei que reconhece o capital.\n Sobretudo porque o capital \u00e9 uma entidade social que se caracteriza pelo seu movimento continuo, pela reposi\u00e7\u00e3o constante de seus pressupostos. O capital odeia o repouso. Os diversos capitais individuais apenas se ligam entre si na esfera da circula\u00e7\u00e3o, quando seu produto adquire forma social. Por esse motivo, qualquer acidente inesperado nesta esfera p\u00f5e em desespero e crise todo processo de produ\u00e7\u00e3o. A alma desesperada e fren\u00e9tica do capitalista individual reflete nada mais que a aus\u00eancia de planejamento social na esfera da circula\u00e7\u00e3o. Tudo isso torna-se ainda mais cr\u00edtico com a crise atual do capitalismo mundial. \n N\u00e3o sem raz\u00e3o, governos como o de Bolsonaro, respons\u00e1veis por controlar aquilo que, na verdade, eles n\u00e3o tem controle algum, entram em uma crise de dupla personalidade. \u00c9 preciso combater o coronav\u00edrus, dizem. Mas n\u00e3o podemos parar a economia, dizem logo em seguida. No entanto, para combater o coronav\u00edrus \u00e9 necess\u00e1rio parar a economia. O que fazer? Resta tomar algumas medidas \u201cposs\u00edveis\u201d  e, ao fim e ao cabo, voltar a se curvar diante do \u00fanico deus que o capitalismo reconhece: o mercado. \u201cPerdoe os meus pecados, vamos compensar autorizando a flexibiliza\u00e7\u00e3o da jornada dos trabalhadores, os mecanismos de sua demiss\u00e3o e injetando recursos p\u00fablicos nas empresas atingidas\u201d, dizem! \n De nada adianta os avan\u00e7os t\u00e9cnicos que a humanidade levou mil\u00eanios para acumular, se esses n\u00e3o tem o potencial de produzir retornos no curto prazo. J\u00e1 faz tempo que pesquisadores e a OMS alertam para essa possibilidade. Entre as listas de perigos em potencial era inclu\u00eddo, faz alguns anos, os coronav\u00edrus de morcegos.\n No fim das contas, o coronav\u00edrus n\u00e3o amea\u00e7a em absolutamente nada o capitalismo. Milhares poder\u00e3o morrer pela aus\u00eancia de atendimento, outros tantos pelo cont\u00e1gio que se alastra de forma desenfreada em um tipo de sociedade que n\u00e3o admite planejamento algum, exceto aquele imposto anarquicamente pelo mercado. Empresas sofrer\u00e3o o impacto e poder\u00e3o falir, outras ir\u00e3o emergir em seu lugar. Novas fatias de capital ser\u00e3o acumuladas sobre o t\u00famulo da destrui\u00e7\u00e3o provocada, como ser\u00e1 certamente o caso com as vacinas. Pa\u00edses que sofreram primeiramente os surtos acumular\u00e3o capital vendendo para aqueles que sofreram em seguida. E assim por diante. Em resumo, uma fatia min\u00fascula da popula\u00e7\u00e3o ir\u00e1 se beneficiar e acumular fatias gigantescas de capital com todo esse processo. [...]\n \n_______________________________________________________________________________\nSEJA MEMBRO e apoie o canal. Bot\u00e3o ADERIR acima ou: \nhttps:\/\/www.youtube.com\/channel\/UCRLEkZpNRoZQBG8kUTBD8vQ\/join\n\nV\u00eddeo sobre ser membro do canal:\nhttps:\/\/www.youtube.com\/watch?v=drvou-obBVU\n_______________________________________________________________________________\nSiga as p\u00e1ginas do canal Orienta\u00e7\u00e3o Marxista nas Redes Sociais\n\nFACEBOOK:    https:\/\/www.facebook.com\/Orienta\u00e7\u00e3o-Marxista-111673690190915\nTWITTER:       https:\/\/twitter.com\/orient_marxista\nINSTAGRAM: https:\/\/www.instagram.com\/orient.marxista\n_______________________________________________________________________________\nLeia o blog Teoria e Revolu\u00e7\u00e3o:\nhttps:\/\/teoriaerevolucao.pstu.org.br\n_______________________________________________________________________________\nO livro do autor desse canal (Marx e a Hist\u00f3ria: das particularidades nacionais \u00e0 universalidade da revolu\u00e7\u00e3o socialista )  pode ser adquirido nos seguintes endere\u00e7os:\nhttps:\/\/editorasundermann.com.br\/livro\/96-marx-e-a-hist%C3%B3ria\nhttps:\/\/www.estantevirtual.com.br\/busca?utf8=%E2%9C%93&q=gustavo+machado+marx\n\n#Coronav\u00edrus #COVID-19 #Capitalismo","original_language":"pt-BR","publication_date":"2020-04-05","duration":0,"url":"https:\/\/www.youtube.com\/watch?v=ilH-gm4L6J4","thumbnail":"thumbnails\/ilH-gm4L6J4.jpg"},{"video_id":"ogC3Nr_m_-s","channel_id":"UCRLEkZpNRoZQBG8kUTBD8vQ","title":"Respondendo Humberto Matos: MMT e marxismo (do s\u00e9culo XXI) EP #36","description":"Nesse v\u00eddeo, respondo aos posts de Humberto Matos, canal saia da Matrix, relativos ao meu v\u00eddeo sobre o Dinheiro em Marx e sua incompatibilidade total e absoluta com a MMT (Teoria Monet\u00e1ria Moderna). \n\nPor que todos \"cr\u00edticos\" fogem sempre ao conte\u00fado dos materiais que publico?\nLink do v\u00eddeo:  https:\/\/youtu.be\/x7Q6IS35Scw \n\n_____________________________________________________________________________________\nSiga as p\u00e1ginas do canal Orienta\u00e7\u00e3o Marxista nas Redes Sociais\n\nFACEBOOK:    https:\/\/www.facebook.com\/Orienta\u00e7\u00e3o-Marxista-111673690190915\nTWITTER:       https:\/\/twitter.com\/orient_marxista\nINSTAGRAM: https:\/\/www.instagram.com\/orient.marxista\n_____________________________________________________________________________________\nLeia o blog Teoria e Revolu\u00e7\u00e3o:\nhttps:\/\/teoriaerevolucao.pstu.org.br\n_____________________________________________________________________________________\nO livro do autor desse canal (Marx e a Hist\u00f3ria: das particularidades nacionais \u00e0 universalidade da revolu\u00e7\u00e3o socialista )  pode ser adquirido nos seguintes endere\u00e7os:\nhttps:\/\/editorasundermann.com.br\/livro\/96-marx-e-a-hist%C3%B3ria\nhttps:\/\/www.estantevirtual.com.br\/busca?utf8=%E2%9C%93&q=gustavo+machado+marx\n\n#HumbertoMatos #SaiaDaMatrix #MMT","original_language":"pt-BR","publication_date":"2020-04-01","duration":0,"url":"https:\/\/www.youtube.com\/watch?v=ogC3Nr_m_-s","thumbnail":"thumbnails\/ogC3Nr_m_-s.jpg"},{"video_id":"x7Q6IS35Scw","channel_id":"UCRLEkZpNRoZQBG8kUTBD8vQ","title":"Humberto Matos (MMT) versus Dinheiro em Marx | O CAPITAL DE MARX VID #8","description":"Nesse v\u00eddeo, contrariando as tentativas de mesclar Teoria Monet\u00e1ria Moderna com marxismo, apresentamos, em termos abstratos, o desenvolvimento do Dinheiro nos tr\u00eas livros de O Capital.\n\nO movimento expositivo de Marx em detalhes, em cada uma dessas fun\u00e7\u00f5es do dinheiro, ser\u00e3o apresentados nas aulas subsequentes do curso O CAPITAL DE MARX, presente na playlist do canal. Nesse v\u00eddeo ser\u00e3o discutidos os seguintes t\u00f3picos:\n\nLivro I\nCap\u00edtulo 1: Formas de Valor M \u2013 D ou D \u2013 M \nForma Simples do Valor:    Forma relativa = Forma equivalente\n\nCap\u00edtulo 3: Dinheiro OU Circula\u00e7\u00e3o de Mercadorias M \u2013 D \u2013 M ...\nDinheiro como medida do valor\nDinheiro como meio circulante (Moeda)\nDinheiro como dinheiro\n Dinheiro como Tesouro\n Dinheiro como meio de pagamento\n Dinheiro Mundial (Ouro)\n\nLivro II\nSe\u00e7\u00e3o 1 (Circuitos do Capital) D \u2013 M (FT+MP) \u2013 P \u2013 M\u2019 - D\u2019\nCap\u00edtulo 1 (Capital Monet\u00e1rio)\nCap\u00edtulo 2 (Capital Produtivo)\nCap\u00edtulo 3 (Capital Mercadoria)\n\nSe\u00e7\u00e3o 2 (Rota\u00e7\u00e3o do Capital) \nCapital adiantado (repousa na fun\u00e7\u00e3o do dinheiro como capital monet\u00e1rio latente): \nInvestimentos versus Lucro e Lucro versus Investimentos\n\nLivro III\nSe\u00e7\u00e3o V (Capital Portador de Juros)\n1) Capital portador de juros\n2) Dinheiro de Cr\u00e9dito\n3) Sistema credit\u00edcio\n4) Capital banc\u00e1rio ou Sistema banc\u00e1rio\n5) Capital fict\u00edcio (T\u00edtulos da d\u00edvida p\u00fablica e a\u00e7\u00f5es)\n6) Capital Monet\u00e1rio e Capital Real\n7) Formas antediluvianas do capital\n\nOutros v\u00eddeos relacionados:\nIntervencionismo Estatal e Liberalismo\nhttps:\/\/www.youtube.com\/watch?v=JVjxa1ioOUE\n\nMarx n\u00e3o era economista:\nhttps:\/\/www.youtube.com\/watch?v=x3gY5k36DS8\n\nRefer\u00eancias bibliogr\u00e1ficas\nREFER\u00caNCIAS SELECIONADAS SOBRE O LIVRO III, SE\u00c7\u00c3O V\n\nGERMER, Claus Magno. Dinheiro, capital e dinheiro de credito: o dinheiro segundo Marx. Campinas: Tese de Doutorado - IFCH-UNICAMP, 1995.\nMELO, Ricardo Pereira de. O cr\u00e9dito comercial e a origem do dinheiro de cr\u00e9dito em marx. In: IX Col\u00f3quio Internacional Marx e Engels. Campinas: IX Col\u00f3quio Internacional Marx e Engels, 2018.\n_______ SOBRE O DESENVOLVIMENTO DA CATEGORIA CAPITAL PORTADOR DE JUROS. IDEA\u00c7\u00c3O (UEFS) , v. 1, p. 198, 2019. \n\nANDRADE, Patrick Rodrigues; MARQUES, Rosa Maria. O capital como \u201cantivalor\u201d: considera\u00e7\u00f5es sobre a mercadoria-capital e o fetiche-perfeito. Anais do XXI Encontro Nacional de Economia Pol\u0131\u0301tica, S\u00e3o Bernardo do Campo, 2016.\nCAMPBELL, Martha. The credit system. In: Campbell, M.; Reuten, G. (eds). The Culmination of Capital; Essays on Volume III of Marx\u2019s \u2019Capital\u2019. London\/New York: Palgrave\u2013Macmillan, 2002.\nREUTEN, Geert. The rate of profit cycle and the opposition between managerial and finance capital: a discussion of \u2018capital iii\u2019 parts three to five. In: Campbell, M.; Reuten, G. (eds). The Culmination of Capital; Essays on Volume III of Marx\u2019s \u2019Capital\u2019. London\/New York: Palgrave\u2013Macmillan, 2002.\nSCHEFOLD, Bertram. The relation between the rate of profit and the rate of interest: A reassessment after the publication of marx\u2019 manuscript of the third volume of das kapital. In: Marxian Economics: A Reappraisal. Essays on Vol. III of Capital, ed. by R.Bellofiore, vol. I. Basingstoke: Macmillan, 1998.\nWEEKS, John. Capital and Exploitation. Princeton: Princeton University Press, 1981.\n\nREFER\u00caNCIAS SELECIONADAS: LIVRO II, SE\u00c7\u00c3O I\nRANCI\u00c8RE, J. O conceito de cr\u0131\u0301tica da economia pol\u0131\u0301tica dos \u2018manuscritos de 1844\u2019 a \u2018o capital\u2019. In: ALTHUSSER, L.; RANCI\u00c8RE, J. and MACHEREY, P. Ler o Capital, volume 1. Rio de Janeiro: Zahar, 1975.\nARTHUR, Christopher J. The fluidity of capital and the logic of the concept. In: Arthur, C. and Reuten, G. (eds.) The Circulation of Capital: Essays on Volume Two of Marx\u2019s Capital. London: Macmillan, 1998.\nMURRAY, Patrick. Beyond the \u201ccommerce and industry\u201d picture of capital. In: Arthur, C. and Reuten, G. (eds.) The Circulation of Capital: Essays on Volume Two of Marx\u2019s Capital. London: Macmillan, 1998.\n\nREFER\u00caNCIAS SELECIONADAS: LIVRO II, SE\u00c7\u00c3O II (E iii)\nCAMPBELL, Martha. Money in the circulation of capital. In: Arthur, C. and Reuten, G. (eds.) The Circulation of Capital: Essays on Volume Two of Marx\u2019s Capital. London: Macmillan, 1998.\nMOSELEY, Fred. Marx\u2019s reproduction schemes and smith\u2019s dogma. In: Arthur, C. and Reuten, G. (eds.) The Circulation of Capital: Essays on Volume Two of Marx\u2019s Capital. London: Macmillan, 1998.\n_______. Marxs Theory of Money: Modern Appraisals. Basingstoke and New York: Palgrave Macmillan, 2005.\n_______. Money and Totality: A Macro - Monetary Interpretation of Marx\u2019s Logic in Capital and the End of the \u2018Transformation Problem\u2019. Boston: Brill, 2015.\nREUTEN, Geert. The status of marx\u2019s reproduction schemes: Conventional or dialectical logic? In: Arthur, C. and Reuten, G. (eds.) The Circulation of Capital: Essays on Volume Two of Marx\u2019s Capital. London: Macmillan, 1998.\nTOMBAZOS, Stavros. Time in Marx : the categories of time in Marx\u2019s Capital. Chicago: Haymarket, 2014.","original_language":"pt-BR","publication_date":"2020-03-29","duration":0,"url":"https:\/\/www.youtube.com\/watch?v=x7Q6IS35Scw","thumbnail":"thumbnails\/x7Q6IS35Scw.jpg"},{"video_id":"1d-MuRtJDps","channel_id":"UCRLEkZpNRoZQBG8kUTBD8vQ","title":"Reagindo ao Olavo de Carvalho: conspira\u00e7\u00e3o, terra plana e senso de realidade EP #35","description":"Nesse v\u00eddeo, REAGINMOS AO OLAVO DE CARVALHO em v\u00eddeo sobre Conspira\u00e7\u00e3o, Terra Plana,  F\u00edsica Moderna, Isaac Newton, Teoria da Relatividade etc. Tudo isso pra debater um tema bem mais importante: teorias da conspira\u00e7\u00e3o.\n\nFazendo remiss\u00e3o a eventos recentes como a pandemia, a ideia \u00e9 mostrar como sem SEM SENSO DE REALIDADE, o conhecimento e a intelig\u00eancia podem produzir as maiores aberra\u00e7\u00f5es da hist\u00f3ria do pensamento humano. \n\nO v\u00eddeo que foi alvo do react \u00e9 o seguinte:\nhttps:\/\/www.youtube.com\/watch?v=16qd2IvhjSI\n\nRefer\u00eancias citadas\nKOYR\u00c9, Alexandre. Considera\u00e7\u00f5es sobre Descartes. Lisboa: Editorial Presen\u00e7a Ltda, 1980.\nKOYR\u00c9, Alexandre. Do mundo Fechado ao Universo Infinito. Tradu\u00e7\u00e3o de Donaldson M. Garschagen. 4\u00aa Edi\u00e7\u00e3o. Rio de Janeiro: Forense Universit\u00e1ria, 2006\nKOYR\u00c9,  Alexandre. Estudos  de  Hist\u00f3ria  do  Pensamento  Cient\u00edfico.  Tradu\u00e7\u00e3o  de  M\u00e1rcio Ramalho. 3\u00aa Edi\u00e7\u00e3o. Rio de Janeiro: Forense Editora Universit\u00e1ria, 2011.\nKOYR\u00c9, Alexandre. Estudos de Hist\u00f3ria do Pensamento Filos\u00f3fico. Tradu\u00e7\u00e3o de Maria de Lourdes Menezes. 2\u00aa Edi\u00e7\u00e3o. Rio de Janeiro: Forense Editora Universit\u00e1ria, 2011.\nKOYR\u00c9,  Alexandre. Estudos  Galil\u00e1icos.  Tradu\u00e7\u00e3o  de  Nuno  Ferreira  Fonseca.  1\u00aa  Edi\u00e7\u00e3o. Lisboa: Publica\u00e7\u00f5es Dom Quixote, 1986.\nKOYR\u00c9, Alexandre. Etudes newtoniennes. Paris: Gallimard, 1968.\n\n_______________________________________________________________________________\nSEJA MEMBRO e apoie o canal. Bot\u00e3o ADERIR acima ou: \nhttps:\/\/www.youtube.com\/channel\/UCRLEkZpNRoZQBG8kUTBD8vQ\/join\n\nV\u00eddeo sobre ser membro do canal:\nhttps:\/\/www.youtube.com\/watch?v=drvou-obBVU\n_______________________________________________________________________________\nSiga as p\u00e1ginas do canal Orienta\u00e7\u00e3o Marxista nas Redes Sociais\n\nFACEBOOK:    https:\/\/www.facebook.com\/Orienta\u00e7\u00e3o-Marxista-111673690190915\nTWITTER:       https:\/\/twitter.com\/orient_marxista\nINSTAGRAM: https:\/\/www.instagram.com\/orient.marxista\n_______________________________________________________________________________\nLeia o blog Teoria e Revolu\u00e7\u00e3o:\nhttps:\/\/teoriaerevolucao.pstu.org.br\n_______________________________________________________________________________\nO livro do autor desse canal (Marx e a Hist\u00f3ria: das particularidades nacionais \u00e0 universalidade da revolu\u00e7\u00e3o socialista )  pode ser adquirido nos seguintes endere\u00e7os:\nhttps:\/\/editorasundermann.com.br\/livro\/96-marx-e-a-hist%C3%B3ria\nhttps:\/\/www.estantevirtual.com.br\/busca?utf8=%E2%9C%93&q=gustavo+machado+marx\n\n#OlavoDeCarvalho #TerraPlana #TeoriasDaConspira\u00e7\u00e3o","original_language":"pt-BR","publication_date":"2020-03-26","duration":0,"url":"https:\/\/www.youtube.com\/watch?v=1d-MuRtJDps","thumbnail":"thumbnails\/1d-MuRtJDps.jpg"},{"video_id":"SsgZJ1M_IqU","channel_id":"UCRLEkZpNRoZQBG8kUTBD8vQ","title":"POL\u00caMICAS: por que \u00e9 necess\u00e1rio ser duro e ir\u00f4nico no debate EP #34","description":"No presente v\u00eddeo abordamos as seguintes quest\u00f5es:\nAbordar polemicamente temas tratados por um autor, de forma dura e ir\u00f4nica \u00e9, necessariamente um desrespeito a sua pessoa?\nPor que, por vezes, a pol\u00eamica deve ser dura e, em outras, devemos pegar pesado?\nQuais os motivos dos indiv\u00edduos que fazem debates te\u00f3ricos no Brasil, n\u00e3o apenas os acad\u00eamicos, serem aversos \u00e0 pol\u00eamica?\n\n_______________________________________________________________________________\nSEJA MEMBRO e apoie o canal. Bot\u00e3o ADERIR acima ou: \nhttps:\/\/www.youtube.com\/channel\/UCRLEkZpNRoZQBG8kUTBD8vQ\/join\n\nV\u00eddeo sobre ser membro do canal:\nhttps:\/\/www.youtube.com\/watch?v=drvou-obBVU\n_______________________________________________________________________________\nSiga as p\u00e1ginas do canal Orienta\u00e7\u00e3o Marxista nas Redes Sociais\n\nFACEBOOK:    https:\/\/www.facebook.com\/Orienta\u00e7\u00e3o-Marxista-111673690190915\nTWITTER:       https:\/\/twitter.com\/orient_marxista\nINSTAGRAM: https:\/\/www.instagram.com\/orient.marxista\n_______________________________________________________________________________\nLeia o blog Teoria e Revolu\u00e7\u00e3o:\nhttps:\/\/teoriaerevolucao.pstu.org.br\n_______________________________________________________________________________\nO livro do autor desse canal (Marx e a Hist\u00f3ria: das particularidades nacionais \u00e0 universalidade da revolu\u00e7\u00e3o socialista )  pode ser adquirido nos seguintes endere\u00e7os:\nhttps:\/\/editorasundermann.com.br\/livro\/96-marx-e-a-hist%C3%B3ria\nhttps:\/\/www.estantevirtual.com.br\/busca?utf8=%E2%9C%93&q=gustavo+machado+marx\n\n#Pol\u00eamicas #Ironia #Humor","original_language":"pt-BR","publication_date":"2020-03-22","duration":0,"url":"https:\/\/www.youtube.com\/watch?v=SsgZJ1M_IqU","thumbnail":"thumbnails\/SsgZJ1M_IqU.jpg"},{"video_id":"yCRkpPYHg9A","channel_id":"UCRLEkZpNRoZQBG8kUTBD8vQ","title":"Rosa Luxemburgo: Conceitos hist\u00f3ricos e forma de produ\u00e7\u00e3o EP #33","description":"Nesse v\u00eddeo analisamos a relev\u00e2ncia te\u00f3rica da obra de Rosa Luxemburgo. Particularmente, discutimos a partir de seu livro \"Introdu\u00e7\u00e3o \u00e0 economia pol\u00edtica\" os conceitos de historicidade e de produ\u00e7\u00e3o (ou modo de produ\u00e7\u00e3o) na tradi\u00e7\u00e3o marxista.\n\nPretende-se dissolver dois equ\u00edvocos:\n1) Ser hist\u00f3rico significa que as coisas se transformam na hist\u00f3ria: FALSO\n2) Produ\u00e7\u00e3o, na tradi\u00e7\u00e3o marxista, \u00e9 meramente a atividade de produzir em uma unidade produtiva: FALSO\n\nArtigo que escrevi que aborda um tema correlato:\n\nhttps:\/\/teoriaerevolucao.pstu.org.br\/uma-nota-sobre-os-dominios-estruturais-e-superestruturais-no-pensamento-de-marx\/\n\nOutros v\u00eddeos citados:\nSilvia Federici: https:\/\/www.youtube.com\/watch?v=HLOU3xCFvCI\nValor n\u00e3o \u00e9 tempo de trabalho: https:\/\/www.youtube.com\/watch?v=PlTU1qOnPF8\n\nREFER\u00caNCIAS\nLUXEMBURGO, R. Introdu\u00e7\u00e3o \u00e0 economia pol\u00edtica. S\u00e3o Paulo: Martins Fontes, 1982.\nGRESPAN, J. O Negativo do Capital. S\u00e3o Paulo: Hucitec, 1999.\nHARVEY, D. O enigma do capital e as crises do capitalismo. S\u00e3o Paulo: Boitempo, 2011.\n\nTrecho citado:\n\u201cn\u00e3o \u00e9 por acaso que a ci\u00eancia burguesa fica \u2018\u00e0 superf\u00edcie\u2019\u201d. Por que motivo? A seguir, Rosa menciona alguns exemplos. Friedricht List, dentre outros, divide \u201ca hist\u00f3ria segundo a natureza exterior das principais fontes de alimenta\u00e7\u00e3o e distingue \u00e9pocas de ca\u00e7a, de cria\u00e7\u00e3o de gado, agricultura e de ind\u00fastria \u2013 [... uma] hist\u00f3ria das civiliza\u00e7\u00f5es feita do exterior\u201d. \u00c9 o caso tamb\u00e9m de Hildebrand, que divide \u201ca hist\u00f3ria econ\u00f4mica segundo a forma exterior da troca, em economias natural, monet\u00e1ria e de cr\u00e9dito\u201d. Cita ainda B\u00fccher, que divide em \u201ceconomia sem troca, economia de troca direta e economia com circula\u00e7\u00e3o de mercadorias\u201d (LUXEMBURGO, p. 191). E acrescenta de forma irretoc\u00e1vel: \u201cos s\u00e1bios burgueses colocam no primeiro plano das suas considera\u00e7\u00f5es hist\u00f3ricas a troca, a distribui\u00e7\u00e3o ou o consumo, exceto a forma social da produ\u00e7\u00e3o, quer dizer, exceto o que justamente em cada \u00e9poca hist\u00f3rica \u00e9 decisivo e de que resultam a troca e as suas formas: a reparti\u00e7\u00e3o e o consumo no seu aspecto particular\u201d (LUXEMBURGO, p. 192).\n\nO livro do autor desse canal  pode ser adquirido nos seguintes endere\u00e7os:Marx e a Hist\u00f3ria: das particularidades nacionais \u00e0 universalidade da revolu\u00e7\u00e3o socialista \n\nhttp:\/\/editorasundermann.com.br\/?product=marx-e-a-historia\n\nhttps:\/\/www.estantevirtual.com.br\/busca?utf8=%E2%9C%93&q=gustavo+machado+marx\n#RosaLuxemburgo #SerHist\u00f3rico #Produ\u00e7\u00e3o","original_language":"pt-BR","publication_date":"2020-03-20","duration":0,"url":"https:\/\/www.youtube.com\/watch?v=yCRkpPYHg9A","thumbnail":"thumbnails\/yCRkpPYHg9A.jpg"},{"video_id":"XY9isI5DBik","channel_id":"UCRLEkZpNRoZQBG8kUTBD8vQ","title":"REAGINDO AO JONES MANOEL: St\u00e1lin, Trotsky, Marx EP #32","description":"No presente v\u00eddeo, reagimos e comentamos o seguinte v\u00eddeo de Jones Manoel: \"Revolu\u00e7\u00e3o permanente ou socialismo num s\u00f3 pa\u00eds? 80 anos de uma falsa pol\u00eamica\".\nO v\u00eddeo se encontra presente seguinte link: https:\/\/www.youtube.com\/watch?v=IBww6F2z3RE\n\nSobre o tema do socialismo  em um s\u00f3 pa\u00eds e \"revolu\u00e7\u00e3o permanente\" ou, de forma mais adequada, internacionalismo; j\u00e1 tratamos no seguinte v\u00eddeo: \n\nhttps:\/\/www.youtube.com\/watch?v=O5SE-5VjXF0\n\nNesse reagindo ser\u00e3o abordados os seguintes temas:\n1) Revolu\u00e7\u00f5es francesa e a primavera dos povos 1848-1849 foram revolu\u00e7\u00f5es europeias em contraposi\u00e7\u00e3o a revolu\u00e7\u00f5es nacionais?\n2) \u00c9 poss\u00edvel interpretar o texto de Marx: A Guerra Civil NA Fran\u00e7a, como abrindo brechas para atribuir a burguesa um papel revolucion\u00e1rio no per\u00edodo?\n3) Trotsky defendeu uma proposta de expans\u00e3o da revolu\u00e7\u00e3o pela via militar: militarismo vermelho, voltada para a \u00cdndia?\n4) A solu\u00e7\u00e3o de Preobrazhensky para o problema campon\u00eas e da industrializa\u00e7\u00e3o da R\u00fassia pode ser entendida nos termos de uma coloniza\u00e7\u00e3o do campesinato?\n5) Por que Jones Manoel n\u00e3o explica, em nenhum lugar, o que seria revolu\u00e7\u00e3o permanente ou internacionalismo?\n\nDentre muitos outros temas.\n\nArtigo citado de Istvan M\u00e9sz\u00e1ros:\nhttps:\/\/teoriaerevolucao.pstu.org.br\/istvan-meszaros-e-o-socialismo-em-um-so-pais\/\n\n_______________________________________________________________________________\nSEJA MEMBRO e apoie o canal. Bot\u00e3o ADERIR acima ou: \nhttps:\/\/www.youtube.com\/channel\/UCRLEkZpNRoZQBG8kUTBD8vQ\/join\n\nV\u00eddeo sobre ser membro do canal:\nhttps:\/\/www.youtube.com\/watch?v=drvou-obBVU\n_______________________________________________________________________________\nSiga as p\u00e1ginas do canal Orienta\u00e7\u00e3o Marxista nas Redes Sociais\n\nFACEBOOK:    https:\/\/www.facebook.com\/Orienta\u00e7\u00e3o-Marxista-111673690190915\nTWITTER:       https:\/\/twitter.com\/orient_marxista\nINSTAGRAM: https:\/\/www.instagram.com\/orient.marxista\n_______________________________________________________________________________\nLeia o blog Teoria e Revolu\u00e7\u00e3o:\nhttps:\/\/teoriaerevolucao.pstu.org.br\n_______________________________________________________________________________\nO livro do autor desse canal (Marx e a Hist\u00f3ria: das particularidades nacionais \u00e0 universalidade da revolu\u00e7\u00e3o socialista )  pode ser adquirido nos seguintes endere\u00e7os:\nhttps:\/\/editorasundermann.com.br\/livro\/96-marx-e-a-hist%C3%B3ria\nhttps:\/\/www.estantevirtual.com.br\/busca?utf8=%E2%9C%93&q=gustavo+machado+marx\n\n#JonesManoel #St\u00e1lin #Socialismo","original_language":"pt-BR","publication_date":"2020-03-10","duration":0,"url":"https:\/\/www.youtube.com\/watch?v=XY9isI5DBik","thumbnail":"thumbnails\/XY9isI5DBik.jpg"},{"video_id":"HLOU3xCFvCI","channel_id":"UCRLEkZpNRoZQBG8kUTBD8vQ","title":"O Trabalho Reprodutivo de Silvia Federici EP #31","description":"Nesse v\u00eddeo faremos uma an\u00e1lise cr\u00edtica dos livros de Silvia Federici: O patriarcado do sal\u00e1rio. Cr\u00edticas feministas ao marxismo e, tamb\u00e9m: Calib\u00e3 e a Bruxa: mulheres, corpo e acumula\u00e7\u00e3o primitiva. O objetivo, todavia, n\u00e3o \u00e9 abordar todos aspectos contidos em tais obras, mas a sua rela\u00e7\u00e3o com o pensamento de Marx. Em particular, o conceito de trabalho reprodutivo ou trabalho dom\u00e9stico, tal como \u00e9 desenvolvido pela autora italiana nas referidas obras.\n\nEsse v\u00eddeo se baseia em artigo que publiquei recentemente no blog Teoria e Revolu\u00e7\u00e3o:\nhttps:\/\/teoriaerevolucao.pstu.org.br\/o-trabalho-reprodutivo-de-silvia-federici-evolucao-ou-ruptura-com-o-marxismo\/\n\nCONCLUS\u00d5ES DAS CR\u00cdTICAS APRESENTADAS NO PRESENTE V\u00cdDEO:\n1) N\u00e3o acompanha internamente os argumentos de Marx que s\u00e3o alvo de sua cr\u00edtica, mas os arranca fora j\u00e1 na largada como correspondendo a fatia da realidade ligada \u201cao ponto de vista do capitalista\u201d ou que simplesmente n\u00e3o \u00e9 seu desejo investigar este ou aquele aspecto. Por exemplo: como o trabalho dom\u00e9stico poderia interferir no \u201ctempo de trabalho socialmente necess\u00e1rio\u201d das mercadorias? N\u00e3o h\u00e1 nenhum desenvolvimento nesse sentido.\n2) Ignora pontos centrais que feririam de morte a sua tese: como o papel do sal\u00e1rio como condi\u00e7\u00e3o necess\u00e1ria de reprodu\u00e7\u00e3o da for\u00e7a de trabalho. Se ela levasse em conta este aspecto, como ficaria sua demonstra\u00e7\u00e3o de que a for\u00e7a de trabalho \u00e9 produzida e reproduzida pelo trabalho dom\u00e9stico? Ela simplesmente desconsidera o papel do sal\u00e1rio no modo de produ\u00e7\u00e3o capitalista e se foca unilateralmente no fato dele servir de base para a opress\u00e3o dom\u00e9stica.\n3) Faz cr\u00edticas a Marx por n\u00e3o ter tratado de v\u00e1rios temas particulares em O Capital, sem problematizar porque eles deveriam ser tratados tendo em vista seus objetivos nessa obra. Marx n\u00e3o procurou escrever uma megaloman\u00edaca obra que trata de tudo que envolve o capitalismo, mas estudar o capitalismo enquanto um todo.\n4) Apela recorrentemente para a extens\u00e3o quantitativa de um dado aspecto da realidade (como a extens\u00e3o do trabalho dom\u00e9stico) sem problematizar a fundo o papel qualitativo que este aspecto cumpre na realidade capitalista. \u00c9 como se a extens\u00e3o falasse por si s\u00f3 e eliminasse a necessidade de examinarmos sua dimens\u00e3o qualitativa.\n5)  Recorrentemente, utiliza o artif\u00edcio de se apropriar de certas no\u00e7\u00f5es de Marx para fundamentar suas teses. Mas o faz desistoricizando-as. Por exemplo, reduzindo o papel do trabalho no capitalismo a explora\u00e7\u00e3o de um indiv\u00edduo sobre o outro, permitindo assim enquadrar o trabalho dom\u00e9stico nesse conceito tornado abstrato e a-hist\u00f3rico.\n6) Confunde a relev\u00e2ncia emp\u00edrica do tema com seu papel enquanto determina\u00e7\u00e3o necess\u00e1ria do modo de produ\u00e7\u00e3o capitalista, este \u00faltimo o objetivo de Marx em sua obra.\n\n\nRefer\u00eancias\nFederici, Silvia. El patriarcado del salario. Cr\u00edticas feministas al marxismo. Madrid: Traficantes de sue\u00f1os. 2018.\nFederici, Silvia. Calib\u00e1n y la bruja. Mujeres, cuerpo y acumulaci\u00f3n originaria. Madrid: Traficantes de sue\u00f1os. 2004.\n_______________________________________________________________________________\nSEJA MEMBRO e apoie o canal. Bot\u00e3o ADERIR acima ou: \nhttps:\/\/www.youtube.com\/channel\/UCRLEkZpNRoZQBG8kUTBD8vQ\/join\n\nV\u00eddeo sobre ser membro do canal:\nhttps:\/\/www.youtube.com\/watch?v=drvou-obBVU\n_______________________________________________________________________________\nSiga as p\u00e1ginas do canal Orienta\u00e7\u00e3o Marxista nas Redes Sociais\n\nFACEBOOK:    https:\/\/www.facebook.com\/Orienta\u00e7\u00e3o-Marxista-111673690190915\nTWITTER:       https:\/\/twitter.com\/orient_marxista\nINSTAGRAM: https:\/\/www.instagram.com\/orient.marxista\n_______________________________________________________________________________\nLeia o blog Teoria e Revolu\u00e7\u00e3o:\nhttps:\/\/teoriaerevolucao.pstu.org.br\n_______________________________________________________________________________\nO livro do autor desse canal (Marx e a Hist\u00f3ria: das particularidades nacionais \u00e0 universalidade da revolu\u00e7\u00e3o socialista )  pode ser adquirido nos seguintes endere\u00e7os:\nhttps:\/\/editorasundermann.com.br\/livro\/96-marx-e-a-hist%C3%B3ria\nhttps:\/\/www.estantevirtual.com.br\/busca?utf8=%E2%9C%93&q=gustavo+machado+marx\n\n#SilviaFederici #Opress\u00e3o #TrabalhoReprodutivo","original_language":"pt-BR","publication_date":"2020-03-08","duration":0,"url":"https:\/\/www.youtube.com\/watch?v=HLOU3xCFvCI","thumbnail":"thumbnails\/HLOU3xCFvCI.jpg"},{"video_id":"O5SE-5VjXF0","channel_id":"UCRLEkZpNRoZQBG8kUTBD8vQ","title":"Socialismo em um s\u00f3 pa\u00eds e Internacionalismo: qual \u00e9 a pol\u00eamica? EP #30","description":"Nesse v\u00eddeo abordamos a diferen\u00e7a, enorme, que existe entre a teoria do socialismo em um s\u00f3 pa\u00eds desenvolvida por St\u00e1lin e Nikolai Bukharin em 1924 e o internacionalismo que desde Marx e Engels caracterizavam o marxismo. Discute-se, entre outras coisas, a teoria da Revolu\u00e7\u00e3o Permanente de Trotsky como algo mais espec\u00edfico que o internacionalismo propriamente dito, n\u00e3o precisando ser adepto dessa \u00faltima teoria para se opor a ideia do socialismo em um s\u00f3 pa\u00eds. \n\nMenciona-se, ainda, os coment\u00e1rios de Gy\u00f6rgy Luk\u00e1cs a este respeito.\n\nNo artigo que se segue, apresento sucintamente o que significa a Teoria do Socialismo em um s\u00f3 pa\u00eds:\nhttps:\/\/teoriaerevolucao.pstu.org.br\/istvan-meszaros-e-o-socialismo-em-um-so-pais\/\n_______________________________________________________________________________\nSEJA MEMBRO e apoie o canal. Bot\u00e3o ADERIR acima ou: \nhttps:\/\/www.youtube.com\/channel\/UCRLEkZpNRoZQBG8kUTBD8vQ\/join\n\nV\u00eddeo sobre ser membro do canal:\nhttps:\/\/www.youtube.com\/watch?v=drvou-obBVU\n_______________________________________________________________________________\nSiga as p\u00e1ginas do canal Orienta\u00e7\u00e3o Marxista nas Redes Sociais\n\nFACEBOOK:    https:\/\/www.facebook.com\/Orienta\u00e7\u00e3o-Marxista-111673690190915\nTWITTER:       https:\/\/twitter.com\/orient_marxista\nINSTAGRAM: https:\/\/www.instagram.com\/orient.marxista\n_______________________________________________________________________________\nLeia o blog Teoria e Revolu\u00e7\u00e3o:\nhttps:\/\/teoriaerevolucao.pstu.org.br\n_______________________________________________________________________________\nO livro do autor desse canal (Marx e a Hist\u00f3ria: das particularidades nacionais \u00e0 universalidade da revolu\u00e7\u00e3o socialista )  pode ser adquirido nos seguintes endere\u00e7os:\nhttps:\/\/editorasundermann.com.br\/livro\/96-marx-e-a-hist%C3%B3ria\nhttps:\/\/www.estantevirtual.com.br\/busca?utf8=%E2%9C%93&q=gustavo+machado+marx\n\n#SocialismoEmUmS\u00f3Pa\u00eds #St\u00e1lin #Revolu\u00e7\u00e3oPermanente","original_language":"pt-BR","publication_date":"2020-03-05","duration":0,"url":"https:\/\/www.youtube.com\/watch?v=O5SE-5VjXF0","thumbnail":"thumbnails\/O5SE-5VjXF0.jpg"},{"video_id":"VeqMathUXpg","channel_id":"UCRLEkZpNRoZQBG8kUTBD8vQ","title":"Marx e Engels eram a mesma pessoa? EP #29","description":"Nesse v\u00eddeo, discuto a rela\u00e7\u00e3o e diferen\u00e7as entre Karl Marx e Friedrich Engels. A ideia \u00e9 mostrar que embora eles compatilhassem de uma concep\u00e7\u00e3o, posi\u00e7\u00f5es te\u00f3ricas e pol\u00edticas em comum, al\u00e9m de uma estreita amizade pessoal, n\u00e3o eram a mesma pessoa. As obras te\u00f3ricas de um e outro n\u00e3o podem ser analisadas desconsiderando que trata-se dois autores distintos.\n\n\nTemas abordados:\nA origem da fam\u00edlia, da propriedade privada e do Estado\nA sociedade antiga de Lewis Henry Morgan\nDiferen\u00e7as entre Marx e Engels\nDial\u00e9tica da Natureza\nEtc.\n_______________________________________________________________________________\nSEJA MEMBRO e apoie o canal. Bot\u00e3o ADERIR acima ou: \nhttps:\/\/www.youtube.com\/channel\/UCRLEkZpNRoZQBG8kUTBD8vQ\/join\n\nV\u00eddeo sobre ser membro do canal:\nhttps:\/\/www.youtube.com\/watch?v=drvou-obBVU\n_______________________________________________________________________________\nSiga as p\u00e1ginas do canal Orienta\u00e7\u00e3o Marxista nas Redes Sociais\n\nFACEBOOK:    https:\/\/www.facebook.com\/Orienta\u00e7\u00e3o-Marxista-111673690190915\nTWITTER:       https:\/\/twitter.com\/orient_marxista\nINSTAGRAM: https:\/\/www.instagram.com\/orient.marxista\n_______________________________________________________________________________\nLeia o blog Teoria e Revolu\u00e7\u00e3o:\nhttps:\/\/teoriaerevolucao.pstu.org.br\n_______________________________________________________________________________\nO livro do autor desse canal (Marx e a Hist\u00f3ria: das particularidades nacionais \u00e0 universalidade da revolu\u00e7\u00e3o socialista )  pode ser adquirido nos seguintes endere\u00e7os:\nhttps:\/\/editorasundermann.com.br\/livro\/96-marx-e-a-hist%C3%B3ria\n\nhttps:\/\/www.estantevirtual.com.br\/busca?utf8=%E2%9C%93&q=gustavo+machado+marx\n\n#MarxEEngels #KarlMarx #FriedrichEngels","original_language":"pt-BR","publication_date":"2020-02-28","duration":0,"url":"https:\/\/www.youtube.com\/watch?v=VeqMathUXpg","thumbnail":"thumbnails\/VeqMathUXpg.jpg"},{"video_id":"E-m_MXYZ6po","channel_id":"UCRLEkZpNRoZQBG8kUTBD8vQ","title":"Acad\u00eamicos que n\u00e3o conseguem interpretar textos EP #28","description":"Nesse v\u00eddeo, mostro que nem tudo \u00e9 opini\u00e3o e interpreta\u00e7\u00e3o. O texto, qualquer que ele seja, n\u00e3o permite toda e qualquer interpreta\u00e7\u00e3o. Coloco algumas dicas que servem de guia para uma leitura rigorosa dos textos.\n\nAo problematizar a quest\u00e3o das interpreta\u00e7\u00f5es, analiso os seguintes temas e passagens de Marx:\n\n1) Trabalho ou mercadorias imateriais: \"A mercadoria \u00e9, antes de tudo, um objeto externo, uma coisa que, por meio de suas propriedades, satisfaz ne- cessidades humanas de um tipo qualquer. A natureza des- sas necessidades \u2013 se, por exemplo, elas prov\u00eam do es- t\u00f4mago ou da imagina\u00e7\u00e3o \u2013 n\u00e3o altera em nada a quest\u00e3o\".\nSer\u00e1 que as mercadorias podem ser, por esse trecho, imagina\u00e7\u00e3o ou esp\u00edrito?\n2) Inevitabilidade do socialismo: \"a produ\u00e7\u00e3o capitalista produz, com a mesma necessidade de um processo natural, sua pr\u00f3pria nega\u00e7\u00e3o. \u00c9 a nega\u00e7\u00e3o da nega\u00e7\u00e3o.\"\nA nega\u00e7\u00e3o da nega\u00e7\u00e3o (socialismo) \u00e9 uma necessidade natural?\n3) TEORIA E PR\u00c1TICA: \"Os fil\u00f3sofos apenas interpretaram o mundo de diferentes maneiras; o que importa \u00e9 transform\u00e1-lo.\"\nPode-se dizer por essa frase, o que \u00e9 mais importante, a interpreta\u00e7\u00e3o do mundo ou sua transforma\u00e7\u00e3o?\n4) Empobrecimento absoluto ou relativo da classe trabalhadora?: \"Portanto, a acumula\u00e7\u00e3o de riqueza num polo \u00e9, ao mesmo tempo, a acumula\u00e7\u00e3o de mis\u00e9ria, o supl\u00edcio do tra- balho, a escravid\u00e3o, a ignor\u00e2ncia, a brutaliza\u00e7\u00e3o e a de- grada\u00e7\u00e3o moral no polo oposto, isto \u00e9, do lado da classe que produz seu pr\u00f3prio produto como capital.\"\n\nArtigos sobre as tais mercadorias imateriais e os servi\u00e7os\nhttps:\/\/teoriaerevolucao.pstu.org.br\/existem-mercadorias-imateriais\/\nhttps:\/\/teoriaerevolucao.pstu.org.br\/o-lugar-dos-servicos-em-o-capital-de-marx\/\n\n_____________________________________________________________________________________\nSiga as p\u00e1ginas do canal Orienta\u00e7\u00e3o Marxista nas Redes Sociais\n\nFACEBOOK:    https:\/\/www.facebook.com\/Orienta\u00e7\u00e3o-Marxista-111673690190915\nTWITTER:       https:\/\/twitter.com\/orient_marxista\nINSTAGRAM: https:\/\/www.instagram.com\/orient.marxista\n_____________________________________________________________________________________\nLeia o blog Teoria e Revolu\u00e7\u00e3o:\nhttps:\/\/teoriaerevolucao.pstu.org.br\n_____________________________________________________________________________________\nO livro do autor desse canal (Marx e a Hist\u00f3ria: das particularidades nacionais \u00e0 universalidade da revolu\u00e7\u00e3o socialista )  pode ser adquirido nos seguintes endere\u00e7os:\nhttps:\/\/editorasundermann.com.br\/livro\/96-marx-e-a-hist%C3%B3ria\nhttps:\/\/www.estantevirtual.com.br\/busca?utf8=%E2%9C%93&q=gustavo+machado+marx\n\n#Acad\u00eamicos #Marx #Interpreta\u00e7\u00e3oDeTextos","original_language":"pt-BR","publication_date":"2020-02-18","duration":0,"url":"https:\/\/www.youtube.com\/watch?v=E-m_MXYZ6po","thumbnail":"thumbnails\/E-m_MXYZ6po.jpg"},{"video_id":"ST7xzMfo-2g","channel_id":"UCRLEkZpNRoZQBG8kUTBD8vQ","title":"BOITEMPO: como falsificar um livro por meio da capa EP #27","description":"Nesse v\u00eddeo, mostro como o conte\u00fado do livro de Marx publicado pela Boitempo: Cr\u00edtica do programa de Gotha; \u00e9 completamente falsificado com a frase impressa em sua capa: \"Cada passo no movimento real \u00e9 mais importante do que uma d\u00fazia de programas\". Isolada, tal frase passa uma mensagem oposta at\u00e9 mesmo em rela\u00e7\u00e3o ao par\u00e1grafo no interior do qual ela foi retirada. \n\nEscrevi um artigo com uma an\u00e1lise detalhada do problema no blog Teoria & Revolu\u00e7\u00e3o:\nhttps:\/\/teoriaerevolucao.pstu.org.br\/marx-e-a-questao-do-programa-a-ditadura-do-proletariado\/\n\nVejamos alguns trechos:\n\n\u201cengana-se quem acredita que essa vit\u00f3ria moment\u00e2nea n\u00e3o custou caro demais\u201d (MARX, 2012, p. 20). \nPorque a unifica\u00e7\u00e3o custou caro demais? Justamente em fun\u00e7\u00e3o do programa aprovado no congresso de fus\u00e3o: o Programa de Gotha.\n\nO QUE MARX ACHA DO PROGRAMA?\nSegundo Marx, \u201cnos distanciamos totalmente desse programa de princ\u00edpios e n\u00e3o temos nada a ver com ele\u201d. Programa \u201cque, como estou convencido, \u00e9 absolutamente nefasto e desmoralizador para o partido\u201d. \n\nO QUE MARX DEFENDE?\nDefende que deveria ter \u201csido previamente esclarecido de que n\u00e3o haveria nenhuma barganha de princ\u00edpios\u201d. \nseria melhor \u201cter firmado um acordo para a a\u00e7\u00e3o contra o inimigo comum\u201d, possibilitando que um \u201cprograma possa ser preparado por uma longa atividade comum\u201d (MARX, 2012, p. 20).\n\nSe \u00e9 verdade que \u201ccada passo do movimento real \u00e9 mais importante do que uma d\u00fazia de programas\u201d, tal frase n\u00e3o permite, de modo algum, concluir que a rec\u00edproca \u00e9 verdadeira: que o programa \u00e9 irrelevante para se dar um passo no movimento real.\n\n_______________________________________________________________________________\nSEJA MEMBRO e apoie o canal. Bot\u00e3o ADERIR acima ou: \nhttps:\/\/www.youtube.com\/channel\/UCRLEkZpNRoZQBG8kUTBD8vQ\/join\n\nV\u00eddeo sobre ser membro do canal:\nhttps:\/\/www.youtube.com\/watch?v=drvou-obBVU\n_______________________________________________________________________________\nSiga as p\u00e1ginas do canal Orienta\u00e7\u00e3o Marxista nas Redes Sociais\n\nFACEBOOK:    https:\/\/www.facebook.com\/Orienta\u00e7\u00e3o-Marxista-111673690190915\nTWITTER:       https:\/\/twitter.com\/orient_marxista\nINSTAGRAM: https:\/\/www.instagram.com\/orient.marxista\n_______________________________________________________________________________\nLeia o blog Teoria e Revolu\u00e7\u00e3o:\nhttps:\/\/teoriaerevolucao.pstu.org.br\n_______________________________________________________________________________\nO livro do autor desse canal (Marx e a Hist\u00f3ria: das particularidades nacionais \u00e0 universalidade da revolu\u00e7\u00e3o socialista )  pode ser adquirido nos seguintes endere\u00e7os:\nhttps:\/\/editorasundermann.com.br\/livro\/96-marx-e-a-hist%C3%B3ria\n\nhttps:\/\/www.estantevirtual.com.br\/busca?utf8=%E2%9C%93&q=gustavo+machado+marx\n\n#BOITEMPO #Marx #Programa","original_language":"pt-BR","publication_date":"2020-02-15","duration":0,"url":"https:\/\/www.youtube.com\/watch?v=ST7xzMfo-2g","thumbnail":"thumbnails\/ST7xzMfo-2g.jpg"},{"video_id":"tYSgiP5r9kU","channel_id":"UCRLEkZpNRoZQBG8kUTBD8vQ","title":"O que \u00e9 FETICHE DO CAPITAL | CONCEITOS DE O CAPITAL #7","description":"Nesta nova lista de reprodu\u00e7\u00e3o do canal Orienta\u00e7\u00e3o Marxista destacaremos de nosso curso online de O Capital, exposto na lista de reprodu\u00e7\u00e3o #OCAPITALDEMARX,  an\u00e1lise de conceitos e aspectos espec\u00edficos. Neste caso, mostramos o conceito de FETICHE DO CAPITAL ou METAF\u00cdSICA DO CAPITAL tal como apresentado no cap\u00edtulo 4 do Livro I.\n\nVeja epis\u00f3dio completo de an\u00e1lise dos cap\u00edtulo 4 do Livro I de O Capital no seguinte link:\nhttps:\/\/www.youtube.com\/watch?v=KHiMps76FoQ\n\nArtigo do autor do canal que trata da Teoria do Valor em Marx:O papel da hist\u00f3ria no modo de exposi\u00e7\u00e3o de  O capital de Marx\nhttp:\/\/www.verinotio.org\/sistema\/index.php\/verinotio\/article\/view\/278\/266\n\nO livro do autor desse canal  pode ser adquirido nos seguintes endere\u00e7os:Marx e a Hist\u00f3ria: das particularidades nacionais \u00e0 universalidade da revolu\u00e7\u00e3o socialista\n\nhttp:\/\/editorasundermann.com.br\/?product=marx-e-a-historia\n\nhttps:\/\/www.estantevirtual.com.br\/busca?utf8=%E2%9C%93&q=gustavo+machado+marx\n#FeticheDoCapital #Metaf\u00edsicaDoCapital","original_language":"pt-BR","publication_date":"2020-01-31","duration":0,"url":"https:\/\/www.youtube.com\/watch?v=tYSgiP5r9kU","thumbnail":"thumbnails\/tYSgiP5r9kU.jpg"},{"video_id":"Je3VmMPUcdo","channel_id":"UCRLEkZpNRoZQBG8kUTBD8vQ","title":"O que \u00e9 for\u00e7a de trabalho \u2013 mais dif\u00edcil do que parece  | CONCEITOS DE O CAPITAL #5","description":"Nesta nova lista de reprodu\u00e7\u00e3o do canal Orienta\u00e7\u00e3o Marxista destacaremos de nosso curso online de O Capital, exposto na lista de reprodu\u00e7\u00e3o #OCAPITALDEMARX,  an\u00e1lise de conceitos e aspectos espec\u00edficos. Neste caso, mostramos o conceito de for\u00e7a de trabalho um dos mais dif\u00edceis e superficialmente tratado pela maior parte dos interpretes.\n\nVeja epis\u00f3dio completo de an\u00e1lise dos cap\u00edtulo 4 do Livro I de O Capital no seguinte link:\nhttps:\/\/www.youtube.com\/watch?v=KHiMps76FoQ\n\nArtigo do autor do canal que trata da Teoria do Valor em Marx: O papel da hist\u00f3ria no modo de exposi\u00e7\u00e3o de  O capital de Marx\nhttp:\/\/www.verinotio.org\/sistema\/index.php\/verinotio\/article\/view\/278\/266\n\nO livro do autor desse canal  pode ser adquirido nos seguintes endere\u00e7os:Marx e a Hist\u00f3ria: das particularidades nacionais \u00e0 universalidade da revolu\u00e7\u00e3o socialista\n\nhttp:\/\/editorasundermann.com.br\/?product=marx-e-a-historia\n\nhttps:\/\/www.estantevirtual.com.br\/busca?utf8=%E2%9C%93&q=gustavo+machado+marx\n#OQueEhFor\u00e7aDeTrabalho #OCapitalDeMarx","original_language":"pt-BR","publication_date":"2020-01-28","duration":0,"url":"https:\/\/www.youtube.com\/watch?v=Je3VmMPUcdo","thumbnail":"thumbnails\/Je3VmMPUcdo.jpg"},{"video_id":"uGBpp7L8tt8","channel_id":"UCRLEkZpNRoZQBG8kUTBD8vQ","title":"O partido de L\u00eanin (bolchevique) era monol\u00edtico? EP #26","description":"Nesse v\u00eddeo desconstru\u00edmos a tese de que o Partido Bolchevique, no per\u00edodo de L\u00eanin (1903-24) era monol\u00edtico e autorit\u00e1rio, sendo, por esse motivo, o embri\u00e3o do regime stalinista futuro da URSS. A referida tese somente consegue ser validada, como procuramos demonstrar, abstraindo da hist\u00f3ria mesma do partido bolchevique no per\u00edodo de L\u00eanin e tomando apenas algumas passagens isoladas da obra Que Fazer? de L\u00eanin.\n\nV\u00eddeo sobre St\u00e1lin\nhttps:\/\/www.youtube.com\/watch?v=fC73P1UqWeM\n\nLeitura de Losurdo\nhttps:\/\/www.youtube.com\/watch?v=cSsyKXK-oUg\n\nRefer\u00eancias\nBROU\u00c9, Pierre. Hist\u00f3ria da Internacional Comunista (1919-1943). Trad. Fernando Ferrone. S\u00e3o Paulo: Sundermann, 2007 [1997]. 2v\nBROU\u00c9,  P. Comunistas  Contra  Stalin:  Masacre  de  una  Generaci\u00f3n. M\u00e1laga:  Sepha,2007\nKRAUSZ, T. Reconstruindo L\u00eanin: uma biografia intelectual. S\u00e3o Paulo: Boitempo, 2017.\nARENDT,  Hannah.  Origens  do Totalitarismo .  Trad.  Roberto Raposo. S\u00e3o Paulo: Companhia das Letras, 1989. \n____.  Entre o Passado e o Futuro . Trad. Mauro W. Barbosa de Almeida. S\u00e3o Paulo: Perspectiva, 1992. \n\n_______________________________________________________________________________\nSEJA MEMBRO e apoie o canal. Bot\u00e3o ADERIR acima ou: \nhttps:\/\/www.youtube.com\/channel\/UCRLEkZpNRoZQBG8kUTBD8vQ\/join\n\nV\u00eddeo sobre ser membro do canal:\nhttps:\/\/www.youtube.com\/watch?v=drvou-obBVU\n_______________________________________________________________________________\nSiga as p\u00e1ginas do canal Orienta\u00e7\u00e3o Marxista nas Redes Sociais\n\nFACEBOOK:    https:\/\/www.facebook.com\/Orienta\u00e7\u00e3o-Marxista-111673690190915\nTWITTER:       https:\/\/twitter.com\/orient_marxista\nINSTAGRAM: https:\/\/www.instagram.com\/orient.marxista\n_______________________________________________________________________________\nLeia o blog Teoria e Revolu\u00e7\u00e3o:\nhttps:\/\/teoriaerevolucao.pstu.org.br\n_______________________________________________________________________________\nO livro do autor desse canal (Marx e a Hist\u00f3ria: das particularidades nacionais \u00e0 universalidade da revolu\u00e7\u00e3o socialista )  pode ser adquirido nos seguintes endere\u00e7os:\nhttps:\/\/editorasundermann.com.br\/livro\/96-marx-e-a-hist%C3%B3ria\n\nhttps:\/\/www.estantevirtual.com.br\/busca?utf8=%E2%9C%93&q=gustavo+machado+marx\n\n#PartidoBolchevique #L\u00eanin #Totalitarismo","original_language":"pt-BR","publication_date":"2020-01-21","duration":0,"url":"https:\/\/www.youtube.com\/watch?v=uGBpp7L8tt8","thumbnail":"thumbnails\/uGBpp7L8tt8.jpg"},{"video_id":"8mP_JngKG18","channel_id":"UCRLEkZpNRoZQBG8kUTBD8vQ","title":"Respondendo Olavo de Carvalho: que \u00e9 marxismo afinal? EP #25","description":"Nesse v\u00eddeo comentamos os posts de Olavo de Carvalho nas redes sociais a respeito do conte\u00fado desse canal: Orienta\u00e7\u00e3o Marxista. Abordamos os seguintes t\u00f3picos.\n1) Para ser marxista \u00e9 necess\u00e1rio se aferrar a literalidade dos textos de Marx?\n2) Dial\u00e9tica (na tradi\u00e7\u00e3o marxista): artif\u00edcio ret\u00f3rico subjetivo ou exposi\u00e7\u00e3o objetiva da realidade?\n3) Pr\u00e1xis\n4) Existe um conte\u00fado que caracteriza o marxismo ou \u00e9 uma casca no interior da qual pode entrar qualquer coisa?\n\nOBSERVA\u00c7\u00c3O: se voc\u00ea \u00e9 um petista hist\u00e9rico e afins e j\u00e1 vai comentar que n\u00e3o se debate com fascistas, leia os artigos indicados abaixo ou procure um psiquiatra.\nhttps:\/\/teoriaerevolucao.pstu.org.br\/fascismo-de-direita-ou-de-esquerda\/\nhttps:\/\/www.pstu.org.br\/nao-e-avanco-do-fascismo-o-que-esta-acontecendo-no-brasil\/\n\u00a0\n_______________________________________________________________________________\nSEJA MEMBRO e apoie o canal. Bot\u00e3o ADERIR acima ou: \nhttps:\/\/www.youtube.com\/channel\/UCRLEkZpNRoZQBG8kUTBD8vQ\/join\n\nV\u00eddeo sobre ser membro do canal:\nhttps:\/\/www.youtube.com\/watch?v=drvou-obBVU\n_______________________________________________________________________________\nSiga as p\u00e1ginas do canal Orienta\u00e7\u00e3o Marxista nas Redes Sociais\n\nFACEBOOK:    https:\/\/www.facebook.com\/Orienta\u00e7\u00e3o-Marxista-111673690190915\nTWITTER:       https:\/\/twitter.com\/orient_marxista\nINSTAGRAM: https:\/\/www.instagram.com\/orient.marxista\n_______________________________________________________________________________\nLeia o blog Teoria e Revolu\u00e7\u00e3o:\nhttps:\/\/teoriaerevolucao.pstu.org.br\n_______________________________________________________________________________\nO livro do autor desse canal (Marx e a Hist\u00f3ria: das particularidades nacionais \u00e0 universalidade da revolu\u00e7\u00e3o socialista )  pode ser adquirido nos seguintes endere\u00e7os:\nhttps:\/\/editorasundermann.com.br\/livro\/96-marx-e-a-hist%C3%B3ria\nhttps:\/\/www.estantevirtual.com.br\/busca?utf8=%E2%9C%93&q=gustavo+machado+marx\n\n#OlavoDeCarvalho #Marxismo","original_language":"pt-BR","publication_date":"2020-01-16","duration":0,"url":"https:\/\/www.youtube.com\/watch?v=8mP_JngKG18","thumbnail":"thumbnails\/8mP_JngKG18.jpg"},{"video_id":"Kpwj0gKyqYs","channel_id":"UCRLEkZpNRoZQBG8kUTBD8vQ","title":"O que \u00e9 capital \u2013 Harvey ataca outra vez  | CONCEITOS DE O CAPITAL #4","description":"Nesta nova lista de reprodu\u00e7\u00e3o do canal Orienta\u00e7\u00e3o Marxista destacaremos de nosso curso online de O Capital, exposto na lista de reprodu\u00e7\u00e3o #OCAPITALDEMARX,  an\u00e1lise de conceitos e aspectos espec\u00edficos. Neste caso, mostramos o conceito de capital, problematizando com David Harvey, segundo o qual, capital \u00e9 \"dinheiro que sai em busca de mais dinheiro\" sic.\n\nVeja epis\u00f3dio completo de an\u00e1lise dos cap\u00edtulo 4 do Livro I de O Capital no seguinte link:\nhttps:\/\/www.youtube.com\/watch?v=KHiMps76FoQ\n\nArtigo do autor do canal que trata da Teoria do Valor em Marx:O papel da hist\u00f3ria no modo de exposi\u00e7\u00e3o de  O capital de Marx\nhttp:\/\/www.verinotio.org\/sistema\/index.php\/verinotio\/article\/view\/278\/266\n\nO livro do autor desse canal  pode ser adquirido nos seguintes endere\u00e7os:Marx e a Hist\u00f3ria: das particularidades nacionais \u00e0 universalidade da revolu\u00e7\u00e3o socialista\n\nhttp:\/\/editorasundermann.com.br\/?product=marx-e-a-historia\n\nhttps:\/\/www.estantevirtual.com.br\/busca?utf8=%E2%9C%93&q=gustavo+machado+marx\n#OQueEhCapital #DavidHarvey","original_language":"pt-BR","publication_date":"2020-01-14","duration":0,"url":"https:\/\/www.youtube.com\/watch?v=Kpwj0gKyqYs","thumbnail":"thumbnails\/Kpwj0gKyqYs.jpg"},{"video_id":"d9OLVp3S0Q8","channel_id":"UCRLEkZpNRoZQBG8kUTBD8vQ","title":"A hist\u00f3ria do IR\u00c3 e a civiliza\u00e7\u00e3o ocidental de Villa e Constantino EP #24","description":"Nesse v\u00eddeo, ap\u00f3s o assassinato de Qasem Soleimani e a partir de algumas falas recentes de Rodrigo Constantino e Marco Ant\u00f4nio Villa sobre o Ir\u00e3 e a Civiliza\u00e7\u00e3o Ocidental, abordamos v\u00e1rios aspectos que envolvem o passado iraniano e o desenvolvimento da sociedade ocidental. Dentre eles:\n\n\n\n1) Conflitos na Mesopot\u00e2mia antiga (Imp\u00e9rios Babil\u00f4nico, Ass\u00edrio, Caldeu, Persa) possuem rela\u00e7\u00f5es com os conflitos recentes no Oriente M\u00e9dio?\n2) Qual a rela\u00e7\u00e3o entre as civiliza\u00e7\u00f5es da Mesopot\u00e2mia e o Ir\u00e3 ou persas?\n3) Os persas sobre Ciro  e os hebreus: a quest\u00e3o do Messias.\n4) At\u00e9 que ponto o dito mundo isl\u00e2mico \u00e9 de fato exterior a civiliza\u00e7\u00e3o ocidental? \n\n5) Califado dos ab\u00e1ssidas e a dissemina\u00e7\u00e3o da \"cultura ocidental no ocidente\".\n\n\nO livro do autor desse canal  pode ser adquirido nos seguintes endere\u00e7os: \nMarx e a Hist\u00f3ria: das particularidades nacionais \u00e0 universalidade da revolu\u00e7\u00e3o socialista \n\nhttp:\/\/editorasundermann.com.br\/?product=marx-e-a-historia\n\nhttps:\/\/www.estantevirtual.com.br\/busca?utf8=%E2%9C%93&q=gustavo+machado+marx\n\n#Ir\u00e3 #Civiliza\u00e7\u00e3o Ocidental","original_language":"pt-BR","publication_date":"2020-01-11","duration":0,"url":"https:\/\/www.youtube.com\/watch?v=d9OLVp3S0Q8","thumbnail":"thumbnails\/d9OLVp3S0Q8.jpg"},{"video_id":"UCF7qo_161o","channel_id":"UCRLEkZpNRoZQBG8kUTBD8vQ","title":"Respondendo coment\u00e1rios: O ST\u00c1LIN de LOSURDO EP #23","description":"No presente v\u00eddeo, respondemos os coment\u00e1rios sobre o v\u00eddeo anterior publicado no canal Orienta\u00e7\u00e3o Marxista: O ST\u00c1LIN de DOMENICO LOSURDO: manual de charlatanice:\n\nhttps:\/\/www.youtube.com\/watch?v=UCF7qo_161o\n\nN\u00e3o foi poss\u00edvel responder a todos os coment\u00e1rios, mas acreditamos ter abarcado os principais temas e questionamentos.\n\nNesse v\u00eddeo se comenta os seguintes temas:\n1) A obra de Losurdo pode ser considerada uma biografia?\n2) N\u00e3o h\u00e1 cita\u00e7\u00e3o das fontes?\n3) St\u00e1lin combatem, \"ao menos muitas vezes\", o culto a personalidade?\n4) Losurdo contra-argumenta os principais elementos usados para atestar a incapacidade de St\u00e1lin na Guerra?\n5) Houve guerras civis a partir das cis\u00f5es do Partido Comunista russo?\n6) A originalidade de Losurdo: totalistarismo, colonialismo, liberalismo...\n7) Alexander Soljen\u00edtsin pode ser usado como fonte?\n8) Argumentos usados no v\u00eddeo\n9) A \"hist\u00f3ria das palmas\"\n\nRefer\u00eancias citadas\n Samizdat : vozes da oposi\u00e7\u00e3o sovi\u00e9tica. Outros autores: Saunders, George (compilador).\nFIGES, Orlando. Trag\u00e9dia de um povo: a Revolu\u00e7\u00e3o Russa, 1891-1924. Rio de Janeiro: Record, 1999.\nSOLJEN\u00cdTSIN, Alexandre. Arquip\u00e9lago Gulag. Tradu\u00e7\u00e3o de Francisco A. Ferreira, Maria. M. Llist\u00f3 e Jos\u00e9 A. Seabra. S\u00e3o Paulo: DIFEL, 1975.\nNadezhda A. Joffe, Back in Time. My Life, My Fate, My Epoch. Translated by Frederick S. Choate. Michigan: Labor Publications, 1995.\n\n_______________________________________________________________________________\nSEJA MEMBRO e apoie o canal. Bot\u00e3o ADERIR acima ou: \nhttps:\/\/www.youtube.com\/channel\/UCRLEkZpNRoZQBG8kUTBD8vQ\/join\n\nV\u00eddeo sobre ser membro do canal:\nhttps:\/\/www.youtube.com\/watch?v=drvou-obBVU\n_______________________________________________________________________________\nSiga as p\u00e1ginas do canal Orienta\u00e7\u00e3o Marxista nas Redes Sociais\n\nFACEBOOK:    https:\/\/www.facebook.com\/Orienta\u00e7\u00e3o-Marxista-111673690190915\nTWITTER:       https:\/\/twitter.com\/orient_marxista\nINSTAGRAM: https:\/\/www.instagram.com\/orient.marxista\n_______________________________________________________________________________\nLeia o blog Teoria e Revolu\u00e7\u00e3o:\nhttps:\/\/teoriaerevolucao.pstu.org.br\n_______________________________________________________________________________\nO livro do autor desse canal (Marx e a Hist\u00f3ria: das particularidades nacionais \u00e0 universalidade da revolu\u00e7\u00e3o socialista )  pode ser adquirido nos seguintes endere\u00e7os:\nhttps:\/\/editorasundermann.com.br\/livro\/96-marx-e-a-hist%C3%B3ria\nhttps:\/\/www.estantevirtual.com.br\/busca?utf8=%E2%9C%93&q=gustavo+machado+marx\n\n#St\u00e1lin #DomenicoLosurdo","original_language":"pt-BR","publication_date":"2019-12-19","duration":0,"url":"https:\/\/www.youtube.com\/watch?v=UCF7qo_161o","thumbnail":"thumbnails\/UCF7qo_161o.jpg"},{"video_id":"cSsyKXK-oUg","channel_id":"UCRLEkZpNRoZQBG8kUTBD8vQ","title":"O ST\u00c1LIN de DOMENICO LOSURDO: manual de charlatanice EP #22","description":"Nesse v\u00eddeo comentados o livro \"St\u00e1lin: hist\u00f3ria cr\u00edtica de uma lenda negra\", de Domenico Losurdo. Sustentamos a tese de que a \"argumenta\u00e7\u00e3o\" de Losurdo n\u00e3o passa de fal\u00e1cia ad populum, isto \u00e9,  apelar para sentimentos populares com o objetivo de substituir ou suprir a falta de consist\u00eancia na argumenta\u00e7\u00e3o. As perguntar por ele colocadas jamais s\u00e3o efetivamente analisadas, mas ele recorre a outros temas que tendem a atrair emocionalmente o leitor. \n\nNesse sentido, abordamos os principais eixos de argumenta\u00e7\u00e3o do Livro:\n\n1) CULTO A PERSONALIDADE \n2) INCAPACIDADE MILITAR DURANTE A SEGUNDA GUERRA MUNDIAL \n3) TROTSKY E AS TR\u00caS GUERRAS CIVIS \n4) EQUIPARA\u00c7\u00c3O DA URSS AO REICH NAZISTA: TOTALITARISMO\n5) CRIMES DE ST\u00c1LIN \n\nV\u00eddeo sobre St\u00e1lin\nhttps:\/\/www.youtube.com\/watch?v=fC73P1UqWeM \n\nV\u00eddeo sobre direita e esquerda \nhttps:\/\/www.youtube.com\/watch?v=4ftlCgyJv8U \n_______________________________________________________________________________\nSEJA MEMBRO e apoie o canal. Bot\u00e3o ADERIR acima ou: \nhttps:\/\/www.youtube.com\/channel\/UCRLEkZpNRoZQBG8kUTBD8vQ\/join\n\nV\u00eddeo sobre ser membro do canal:\nhttps:\/\/www.youtube.com\/watch?v=drvou-obBVU\n_______________________________________________________________________________\nSiga as p\u00e1ginas do canal Orienta\u00e7\u00e3o Marxista nas Redes Sociais\n\nFACEBOOK:    https:\/\/www.facebook.com\/Orienta\u00e7\u00e3o-Marxista-111673690190915\nTWITTER:       https:\/\/twitter.com\/orient_marxista\nINSTAGRAM: https:\/\/www.instagram.com\/orient.marxista\n_______________________________________________________________________________\nLeia o blog Teoria e Revolu\u00e7\u00e3o:\nhttps:\/\/teoriaerevolucao.pstu.org.br\n_______________________________________________________________________________\nO livro do autor desse canal (Marx e a Hist\u00f3ria: das particularidades nacionais \u00e0 universalidade da revolu\u00e7\u00e3o socialista )  pode ser adquirido nos seguintes endere\u00e7os:\nhttps:\/\/editorasundermann.com.br\/livro\/96-marx-e-a-hist%C3%B3ria\nhttps:\/\/www.estantevirtual.com.br\/busca?utf8=%E2%9C%93&q=gustavo+machado+marx\n\n#St\u00e1lin #DomenicoLosurdo","original_language":"pt-BR","publication_date":"2019-12-18","duration":0,"url":"https:\/\/www.youtube.com\/watch?v=cSsyKXK-oUg","thumbnail":"thumbnails\/cSsyKXK-oUg.jpg"},{"video_id":"JTJOk-tXwtk","channel_id":"UCRLEkZpNRoZQBG8kUTBD8vQ","title":"Motoristas do Uber e Youtubers s\u00e3o trabalhadores assalariados EP #21","description":"Nesse v\u00eddeo mostramos que os trabalhadores do Uber (motoristas de aplicativos no geral) e os Youtubers (e trabalhadores associados \u00e0 plataformas digitais no geral) s\u00e3o trabalhadores assalariados. Em particular, uma categoria espec\u00edfica que Marx denominou Trabalho por Pe\u00e7a.\n\nAs caracter\u00edsticas do sal\u00e1rio por pe\u00e7a s\u00e3o as seguintes:\n\n1. a qualidade do trabalho \u00e9 aqui controlada mediante o pr\u00f3prio produto, que tem de possuir qualidade m\u00e9dia.\n\n2. o sal\u00e1rio por pe\u00e7a proporciona ao capitalista uma medida inteiramente determinada para a intensidade do trabalho. Ou seja, \u00e9 pago diretamente em fun\u00e7\u00e3o da produtividade.\n3. O indiv\u00edduo tem a apar\u00eancia de ser um livre empreendedor, quando na verdade est\u00e1 umbilicalmente ligado a uma empresa determinada.\n\n4. Nesse caso, \u00e9 deslocado para os trabalhadores os custos com os meios de produ\u00e7\u00e3o e poss\u00edveis preju\u00edzos dele oriundo. A propriedade dos meios de produ\u00e7\u00e3o, nesse caso, \u00e9 tamb\u00e9m mera apar\u00eancia, j\u00e1 que o produto possu\u00eddo pelo trabalhador apenas exerce o papel de meio de produ\u00e7\u00e3o quando est\u00e1 integrado a empresa que o emprega.\n\n\nVer ainda o  livro do autor do canal (Marx e a Hist\u00f3ria: das particularidades nacionais \u00e0 universalidade da revolu\u00e7\u00e3o socialista). \nPode ser adquirido no seguinte endere\u00e7o:\nhttp:\/\/editorasundermann.com.br\/?product=marx-e-a-historia\n\nhttps:\/\/www.estantevirtual.com.br\/busca?utf8=%E2%9C%93&q=gustavo+machado+marx","original_language":"pt-BR","publication_date":"2019-12-12","duration":0,"url":"https:\/\/www.youtube.com\/watch?v=JTJOk-tXwtk","thumbnail":"thumbnails\/JTJOk-tXwtk.jpg"},{"video_id":"S5efXl808nw","channel_id":"UCRLEkZpNRoZQBG8kUTBD8vQ","title":"Trabalho N\u00c3O \u00e9 mercadoria  | CONCEITOS DE O CAPITAL #3","description":"Nesta nova lista de reprodu\u00e7\u00e3o do canal Orienta\u00e7\u00e3o Marxista destacaremos de nosso curso online de O Capital, exposto na lista de reprodu\u00e7\u00e3o #OCAPITALDEMARX,  an\u00e1lise de conceitos e aspectos espec\u00edficos. Neste caso, mostramos que trabalho n\u00e3o \u00e9 mercadoria.\n\n\nVeja epis\u00f3dio completo de an\u00e1lise dos cap\u00edtulo 4 do Livro I de O Capital no seguinte link:https:\/\/www.youtube.com\/watch?v=KHiMps76FoQ\n\n\nArtigo do autor do canal que trata da Teoria do Valor em Marx:O papel da hist\u00f3ria no modo de exposi\u00e7\u00e3o de  O capital de Marxhttp:\/\/www.verinotio.org\/sistema\/index.php\/verinotio\/article\/view\/278\/266\n\n\nO livro do autor desse canal  pode ser adquirido nos seguintes endere\u00e7os:Marx e a Hist\u00f3ria: das particularidades nacionais \u00e0 universalidade da revolu\u00e7\u00e3o socialista\nhttp:\/\/editorasundermann.com.br\/?product=marx-e-a-historia\n\n\nhttps:\/\/www.estantevirtual.com.br\/busca?utf8=%E2%9C%93&q=gustavo+machado+marx","original_language":"pt-BR","publication_date":"2019-12-10","duration":0,"url":"https:\/\/www.youtube.com\/watch?v=S5efXl808nw","thumbnail":"thumbnails\/S5efXl808nw.jpg"},{"video_id":"KHiMps76FoQ","channel_id":"UCRLEkZpNRoZQBG8kUTBD8vQ","title":"O CAPITAL | O CAPITAL DE MARX: Livro I: Cap. 4 VID #7","description":"0:00 In\u00edcio\n21:47 A f\u00f3rmula geral do capital\n1:02:39 Contradi\u00e7\u00f5es da f\u00f3rmula geral\n1:14:57 A compra e venda de for\u00e7a de trabalho\n\nNeste v\u00eddeo comentamos o cap\u00edtulo 4 do Livro Primeiro de O Capital de Marx. Se\u00e7\u00e3o II. Trata-se do cap\u00edtulo sobre o capital, cap\u00edtulo de transi\u00e7\u00e3o entre as esferas da produ\u00e7\u00e3o de mais-valia e a circula\u00e7\u00e3o de mercadorias\n\nEstes \u00e9 o s\u00e9timo v\u00eddeo da s\u00e9rie O Capital de Marx que tem por objetivo comentar todos os tr\u00eas livros da obra principal de Marx.\n\nArtigo mencionado de Hector Benoit\nhttps:\/\/www.ifch.unicamp.br\/criticamarxista\/arquivos_biblioteca\/artigo16Art1.2.pdf\n\nTemas tratados:\n1) ESTRUTURA\n2) Forma M \u2013 D \u2013 M\n3) Forma D \u2013 M \u2013 D\n4) F\u00d3RMULA GERAL DO CAPITAL\n5) CAPITAL N\u00c3O \u00c9 DINHEIRO E NEM MERCADORIA\n6) CAPITALISTA: O ENTESOURADOR RACIONAL\n7) FETICHE DO CAPITAL\n8) METAF\u00cdSICA DO CAPITAL\n9) Como D \u2013 M \u2013 D\u2019 \u00e9 poss\u00edvel ?\n10) CAPITAL SE ORIGINA E N\u00c3O SE ORIGINA DA CIRCULA\u00c7\u00c3O\n11) FOR\u00c7A OU CAPACIDADE DE TRABALHO\n12) TRABALHO N\u00c3O \u00c9 MERCADORIA\n13) PORQUE A FOR\u00c7A DE TRABALHO \u00c9 MERCADORIA sui generis\n14) ESFERA DA CIRCULA\u00c7\u00c3O: O PARA\u00cdSO DO LIBERALISMO\n15) LIBERDADE\n16) IGUALDADE\n17) PROPRIEDADE\n18) BENTHAN\n19) TRABALHADOR E CAPITALISTAS COMO DIFERENTES\n\n_____________________________________________________________________________________\nV\u00eddeos sugeridos: \nO CAPITAL DE MARX: Livro I: Cap. 1 A MERCADORIA VID #5\nhttps:\/\/www.youtube.com\/watch?v=1_FtWE_Os4s\nO CAPITAL DE MARX: Livro I: Cap. 2 e 3 O DINHEIRO VID #6\nhttps:\/\/www.youtube.com\/watch?v=J77f9M5WK4o\nO CAPITAL DE MARX: Livro I: Cap. 4 O CAPITAL EM GERAL VID #7\nhttps:\/\/www.youtube.com\/watch?v=KHiMps76FoQ\nO CAPITAL DE MARX: Livro I: Caps. 5-9 MAIS-VALIA ABSOLUTA VID #9\nhttps:\/\/www.youtube.com\/watch?v=iu3wFpgz4Bc\n _______________________________________________________________________________\nSEJA MEMBRO e apoie o canal. Bot\u00e3o ADERIR acima ou: \nhttps:\/\/www.youtube.com\/channel\/UCRLEkZpNRoZQBG8kUTBD8vQ\/join\n\nV\u00eddeo sobre ser membro do canal:\nhttps:\/\/www.youtube.com\/watch?v=drvou-obBVU\n_______________________________________________________________________________\nSiga as p\u00e1ginas do canal Orienta\u00e7\u00e3o Marxista nas Redes Sociais\n\nFACEBOOK:    https:\/\/www.facebook.com\/Orienta\u00e7\u00e3o-Marxista-111673690190915\nTWITTER:       https:\/\/twitter.com\/orient_marxista\nINSTAGRAM: https:\/\/www.instagram.com\/orient.marxista\n_______________________________________________________________________________\nLeia o blog Teoria e Revolu\u00e7\u00e3o:\nhttps:\/\/teoriaerevolucao.pstu.org.br\n_______________________________________________________________________________\nO livro do autor desse canal (Marx e a Hist\u00f3ria: das particularidades nacionais \u00e0 universalidade da revolu\u00e7\u00e3o socialista )  pode ser adquirido nos seguintes endere\u00e7os:\nhttps:\/\/editorasundermann.com.br\/livro\/96-marx-e-a-hist%C3%B3ria\nhttps:\/\/www.estantevirtual.com.br\/busca?utf8=%E2%9C%93&q=gustavo+machado+marx\n\n#OCapitalDeMarx #Capitulo4","original_language":"pt-BR","publication_date":"2019-12-07","duration":0,"url":"https:\/\/www.youtube.com\/watch?v=KHiMps76FoQ","thumbnail":"thumbnails\/KHiMps76FoQ.jpg"},{"video_id":"p5uMqZtrh5k","channel_id":"UCRLEkZpNRoZQBG8kUTBD8vQ","title":"Anu\u00e1rio Estat\u00edstico do ILAESE | Trabalho e Explora\u00e7\u00e3o EP #20","description":"Adquira seu exemplar no seguinte endere\u00e7o:\nhttp:\/\/editorasundermann.com.br\/?product=anuario-estatistico-do-ilaese-o-mapa-da-exploracao-dos-trabalhadores-no-brasil\n\nSite do Instituto: http:\/\/ilaese.org.br\/\nhttp:\/\/ilaese.org.br\/anuario-estatistico-ilaese-trabalho-e-exploracao-2019\/\n\nV\u00eddeo sobre os impostos no Brasil em que dados do anu\u00e1rio s\u00e3o utilizados: \"A verdade sobre os impostos no Brasil\"\nhttps:\/\/www.youtube.com\/watch?v=zv0IrW85ZvM\n\n\u201cMais uma vez, o Ilaese apresenta seu Anu\u00e1rio Estat\u00edstico.\n\nTal esfor\u00e7o baseia-se na certeza da necessidade de revela a explora\u00e7\u00e3o capitalista para aqueles que a sentem na pele: os trabalhadores. Na sociedade em que vivemos, \u00e9 vis\u00edvel as consequ\u00eancias de tal explora\u00e7\u00e3o. Mis\u00e9ria, fome, mortes s\u00e3o o resultado da sanha por acumula\u00e7\u00e3o de riquezas. Acrescentamos ainda a destrui\u00e7\u00e3o da natureza. A maior floresta tropical do mundo, a Amaz\u00f4nia, est\u00e1 em chamas. A minera\u00e7\u00e3o deixa um rastro de lama em rios, cidades, amea\u00e7ando inclusive o acesso \u00e0 \u00e1gua de parte da popula\u00e7\u00e3o, como no caso do crime da Vale em Brumadinho, que al\u00e9m de ter matado mais de 200 pessoas, amea\u00e7a impactar o abastecimento de \u00e1gua de Belo Horizonte.\n\nMas a mec\u00e2nica de funcionamento da explora\u00e7\u00e3o n\u00e3o \u00e9 percept\u00edvel aos nossos sentidos. Em nosso cotidiano s\u00f3 percebemos a suas consequ\u00eancias e n\u00e3o seus fundamentos. Por isso, acreditamos que \u00e9 preciso apresentar seu funcionamento. Nunca antes tantas informa\u00e7\u00f5es est\u00e3o dispon\u00edveis, como relat\u00f3rios de empresas, balan\u00e7os de suas atividades econ\u00f4micas, or\u00e7amentos e presta\u00e7\u00f5es de contas do estados e munic\u00edpios. E se os capitalistas fazem suas compara\u00e7\u00f5es, elegem os melhores dentre as empresas, por seus lucros e sua produ\u00e7\u00e3o, os trabalhadores tamb\u00e9m precisam se apropriar dessas informa\u00e7\u00f5es, descobrindo aqueles que mais exploram, os que menos remuneram e, tamb\u00e9m, reconstituir a din\u00e2mica que os imp\u00f5e tamanha mazela social.\n\n\nEditorial Anu\u00e1rio Estat\u00edstico ILAESE: Trabalho e Explora\u00e7\u00e3o 2019\n_______________________________________________________________________________\nSEJA MEMBRO e apoie o canal. Bot\u00e3o ADERIR acima ou: \nhttps:\/\/www.youtube.com\/channel\/UCRLEkZpNRoZQBG8kUTBD8vQ\/join\n\nV\u00eddeo sobre ser membro do canal:\nhttps:\/\/www.youtube.com\/watch?v=drvou-obBVU\n_______________________________________________________________________________\nSiga as p\u00e1ginas do canal Orienta\u00e7\u00e3o Marxista nas Redes Sociais\n\nFACEBOOK:    https:\/\/www.facebook.com\/Orienta\u00e7\u00e3o-Marxista-111673690190915\nTWITTER:       https:\/\/twitter.com\/orient_marxista\nINSTAGRAM: https:\/\/www.instagram.com\/orient.marxista\n_______________________________________________________________________________\nLeia o blog Teoria e Revolu\u00e7\u00e3o:\nhttps:\/\/teoriaerevolucao.pstu.org.br\n_______________________________________________________________________________\nO livro do autor desse canal (Marx e a Hist\u00f3ria: das particularidades nacionais \u00e0 universalidade da revolu\u00e7\u00e3o socialista )  pode ser adquirido nos seguintes endere\u00e7os:\nhttps:\/\/editorasundermann.com.br\/livro\/96-marx-e-a-hist%C3%B3ria\n\nhttps:\/\/www.estantevirtual.com.br\/busca?utf8=%E2%9C%93&q=gustavo+machado+marx\n\n#Anu\u00e1rioEstat\u00edsticoDoILAESE #RankingDaExplora\u00e7\u00e3o","original_language":"pt-BR","publication_date":"2019-11-26","duration":0,"url":"https:\/\/www.youtube.com\/watch?v=p5uMqZtrh5k","thumbnail":"thumbnails\/p5uMqZtrh5k.jpg"},{"video_id":"fC73P1UqWeM","channel_id":"UCRLEkZpNRoZQBG8kUTBD8vQ","title":"ST\u00c1LIN: uma an\u00e1lise (des)equilibrada EP #19","description":"Nesse v\u00eddeo analisamos o papel hist\u00f3rico de Josef Stalin. Em particular na Revolu\u00e7\u00e3o Russa de 1917, enquanto secret\u00e1rio geral do Partido Comunista, na coletiviza\u00e7\u00e3o for\u00e7ada na Ucr\u00e2nia, na Segunda Guerra Mundial e outros casos mais.\n\nRefer\u00eancias\nMARIE, Jean-Jacques. St\u00e1lin. S\u00e3o Paulo: Babel, 2011. \nTREPPER, Leopold. O Grande Jogo. Lisboa, Livros Horizonte, 1977. \nBROU\u00c9,  P. Comunistas  Contra  Stalin:  Masacre  de  una  Generaci\u00f3n. M\u00e1laga:  Sepha,2007\n\nTeorias da conspira\u00e7\u00e3o:\nTopitsch, Ernst.Stalin \u0301s War: A Radical New Theory of the Origins of the Second World War.New York: St: Martin \u0301s Press, 1987. \nVictor Suvorov. Icebreaker: Who Started the Second World War?, \nHamish Hamilton, London 1990.\nMagenheimer, Heinz. \u200bHitler's War\u200b, London, 2002.\nAlbert L. Weeks. Stalin's Other War: Soviet Grand Strategy, 1939\u201341. (Lanham, MD: Rowman and Littlefield, 2002\n\n_______________________________________________________________________________\nSEJA MEMBRO e apoie o canal. Bot\u00e3o ADERIR acima ou: \nhttps:\/\/www.youtube.com\/channel\/UCRLEkZpNRoZQBG8kUTBD8vQ\/join\n\nV\u00eddeo sobre ser membro do canal:\nhttps:\/\/www.youtube.com\/watch?v=drvou-obBVU\n_______________________________________________________________________________\nSiga as p\u00e1ginas do canal Orienta\u00e7\u00e3o Marxista nas Redes Sociais\n\nFACEBOOK:    https:\/\/www.facebook.com\/Orienta\u00e7\u00e3o-Marxista-111673690190915\nTWITTER:       https:\/\/twitter.com\/orient_marxista\nINSTAGRAM: https:\/\/www.instagram.com\/orient.marxista\n_______________________________________________________________________________\nLeia o blog Teoria e Revolu\u00e7\u00e3o:\nhttps:\/\/teoriaerevolucao.pstu.org.br\n_______________________________________________________________________________\nO livro do autor desse canal (Marx e a Hist\u00f3ria: das particularidades nacionais \u00e0 universalidade da revolu\u00e7\u00e3o socialista )  pode ser adquirido nos seguintes endere\u00e7os:\nhttps:\/\/editorasundermann.com.br\/livro\/96-marx-e-a-hist%C3%B3ria\nhttps:\/\/www.estantevirtual.com.br\/busca?utf8=%E2%9C%93&q=gustavo+machado+marx\n\nhttps:\/\/www.estantevirtual.com.br\/busca?utf8=%E2%9C%93&q=gustavo+machado+marx\n#St\u00e1lin #QuemFoiSt\u00e1lin","original_language":"pt-BR","publication_date":"2019-11-21","duration":0,"url":"https:\/\/www.youtube.com\/watch?v=fC73P1UqWeM","thumbnail":"thumbnails\/fC73P1UqWeM.jpg"},{"video_id":"MEQXLcRQh0Q","channel_id":"UCRLEkZpNRoZQBG8kUTBD8vQ","title":"O Marx (e o Hegel) do padre Paulo Ricardo | O fals\u00e1rio EP #18","description":"Neste novo v\u00eddeo analisamos mais um fals\u00e1rio que propaga informa\u00e7\u00f5es falsas na internet sobre Marx e a Tradi\u00e7\u00e3o Marxista. Trata-se do padre Paulo Ricardo de Azevedo J\u00fanior. Nesse v\u00eddeo respondermos as seguintes quest\u00f5es a partir de seus v\u00eddeos:\n\n1) Karl Marx e Hegel sabem como a hist\u00f3ria vai terminar?\n2) Hegel inventou a hist\u00f3ria compartimentada em que o passado \u00e9 abandonado?\n3) O ideal de Marx era implantar o para\u00edso na terra? A sociedade perfeita?\n4) O trabalho do negativo, presente na obra de Hegel (em Marx, em certo sentido) tem que ver com o mal? Negativo \u00e9 o mal?\n5) A luta do marxismo (cultural?) \u00e9 atacar Jerusal\u00e9m, Atenas e Roma, ou seja, a F\u00e9 Crist\u00e3, a Filosofia Grega e o Direito Romano; que segundo o papa Bendo XVI (e muitos outros) seriam os pilares da sociedade ocidental?\n\nAinda: Teologia Cat\u00f3lica, Idade M\u00e9dia, Filosofias da Hist\u00f3ria etc...\n\nV\u00eddeo de Yago Martins (um protestante que fala tantas bobagens como o padre em quest\u00e3o)\nhttps:\/\/www.youtube.com\/watch?v=AQluVqKfKLQ\nLivros Citados\nHEGEL, G. W. F. Lecciones sobre la filosof\u00eda de la historia universal.\nMadrid: Alianza Editorial, 1980.\nMARX, K. Lutas de Classes na R\u00fassia. S\u00e3o Paulo: Boitempo\nEditorial, 2013.\n_______________________________________________________________________________\nSEJA MEMBRO e apoie o canal. Bot\u00e3o ADERIR acima ou: \nhttps:\/\/www.youtube.com\/channel\/UCRLEkZpNRoZQBG8kUTBD8vQ\/join\n\nV\u00eddeo sobre ser membro do canal:\nhttps:\/\/www.youtube.com\/watch?v=drvou-obBVU\n_______________________________________________________________________________\nSiga as p\u00e1ginas do canal Orienta\u00e7\u00e3o Marxista nas Redes Sociais\n\nFACEBOOK:    https:\/\/www.facebook.com\/Orienta\u00e7\u00e3o-Marxista-111673690190915\nTWITTER:       https:\/\/twitter.com\/orient_marxista\nINSTAGRAM: https:\/\/www.instagram.com\/orient.marxista\n_______________________________________________________________________________\nLeia o blog Teoria e Revolu\u00e7\u00e3o:\nhttps:\/\/teoriaerevolucao.pstu.org.br\n_______________________________________________________________________________\nO livro do autor desse canal (Marx e a Hist\u00f3ria: das particularidades nacionais \u00e0 universalidade da revolu\u00e7\u00e3o socialista )  pode ser adquirido nos seguintes endere\u00e7os:\nhttps:\/\/editorasundermann.com.br\/livro\/96-marx-e-a-hist%C3%B3ria\nhttps:\/\/www.estantevirtual.com.br\/busca?utf8=%E2%9C%93&q=gustavo+machado+marx\n\n\n#PadrePauloRicardo #MarxismoCultural #TeologiaDaLiberta\u00e7\u00e3o","original_language":"pt-BR","publication_date":"2019-10-29","duration":0,"url":"https:\/\/www.youtube.com\/watch?v=MEQXLcRQh0Q","thumbnail":"thumbnails\/MEQXLcRQh0Q.jpg"},{"video_id":"QtRvEponvFQ","channel_id":"UCRLEkZpNRoZQBG8kUTBD8vQ","title":"Apresenta\u00e7\u00e3o do canal ORIENTA\u00c7\u00c3O MARXISTA","description":"Neste curto v\u00eddeo apresentamos o canal ORIENTA\u00c7\u00c3O MARXISTA e seu criador, Gustavo Machado.\nO presente canal veio para apresentar rigorosamente o pensamento de Marx e da tradi\u00e7\u00e3o marxista, al\u00e9m de desmascarar todas lendas liberais, keynesianas, stalinistas e afins. Lendas hoje amplamente difundida nas redes sociais. N\u00e3o sobrar\u00e1 pedra sobre pedra!\n\n_______________________________________________________________________________\nSEJA MEMBRO e apoie o canal. Bot\u00e3o ADERIR acima ou: \nhttps:\/\/www.youtube.com\/channel\/UCRLEkZpNRoZQBG8kUTBD8vQ\/join\n\nV\u00eddeo sobre ser membro do canal:\nhttps:\/\/www.youtube.com\/watch?v=drvou-obBVU\n_______________________________________________________________________________\nSiga as p\u00e1ginas do canal Orienta\u00e7\u00e3o Marxista nas Redes Sociais\n\nFACEBOOK:    https:\/\/www.facebook.com\/Orienta\u00e7\u00e3o-Marxista-111673690190915\nTWITTER:       https:\/\/twitter.com\/orient_marxista\nINSTAGRAM: https:\/\/www.instagram.com\/orient.marxista\n_______________________________________________________________________________\nLeia o blog Teoria e Revolu\u00e7\u00e3o:\nhttps:\/\/teoriaerevolucao.pstu.org.br\n_______________________________________________________________________________\nO livro do autor desse canal (Marx e a Hist\u00f3ria: das particularidades nacionais \u00e0 universalidade da revolu\u00e7\u00e3o socialista )  pode ser adquirido nos seguintes endere\u00e7os:\nhttps:\/\/editorasundermann.com.br\/livro\/96-marx-e-a-hist%C3%B3ria\nhttps:\/\/www.estantevirtual.com.br\/busca?utf8=%E2%9C%93&q=gustavo+machado+marx","original_language":"pt-BR","publication_date":"2019-10-27","duration":0,"url":"https:\/\/www.youtube.com\/watch?v=QtRvEponvFQ","thumbnail":"thumbnails\/QtRvEponvFQ.jpg"},{"video_id":"Z84JFfUodEE","channel_id":"UCRLEkZpNRoZQBG8kUTBD8vQ","title":"O que \u00e9 Fetiche da Mercadoria | CONCEITOS DE O CAPITAL #2","description":"Nesta nova lista de reprodu\u00e7\u00e3o do canal Orienta\u00e7\u00e3o Marxista destacaremos de nosso curso online de O Capital, exposto na lista de reprodu\u00e7\u00e3o #OCAPITALDEMARX,  an\u00e1lise de conceitos e aspectos espec\u00edficos. Neste caso, discutimos o conceito de Fetichismo da Mercadoria quase sempre difundido de forma equivocada como se tratasse de um conceito antropol\u00f3gico ou psicol\u00f3gico.\n\nVeja epis\u00f3dio completo de an\u00e1lise dos cap\u00edtulos 2 e 3 do Livro I de O Capital no seguinte link:\nhttps:\/\/www.youtube.com\/watch?v=1_FtWE_Os4s\n\nPor esse motivo, Marx descreve a forma-mercadoria como uma  coisa obscura, \u201cenigm\u00e1tica\u201d, \u201cplena de sutilezas metaf\u00edsicas e melindres teol\u00f3- gicos\u201d, \u201cuma coisa sens\u00edvel suprassens\u00edvel\u201d. Nada de misterioso existe no valor de uso das mercadorias, tampouco que essas possam ser igualadas umas com as outras enquanto disp\u00eandio de trabalho humano geral. \u00c9 da forma social das mercadorias que adv\u00e9m seu car\u00e1ter enigm\u00e1tico e fan- tasmag\u00f3rico. Isto \u00e9 assim porque as mercadorias refletem \u201caos homens os caracteres sociais de seu pr\u00f3prio trabalho como caracteres objetivos dos pr\u00f3prios produtos do trabalho, como propriedades sociais que s\u00e3o naturais a essas coisas\u201d (Capital I, Boitempo, p. 147).\n\n\nGrundrisse, Boitempo. pag 172\n\n\"O dinheiro existe ent\u00e3o como o valor de troca de todas as mercadorias ao lado e fora delas. Ele \u00e9, antes de tudo, a mat\u00e9ria universal na qual as mercadorias t\u00eam de ser imersas, douradas e prateadas, para adquirir sua livre exist\u00eancia como valores de troca. T\u00eam de ser traduzidas em dinheiro, expressas nele. O dinheiro dev\u00e9m o denominador universal dos valores de troca, das mercadorias como valores de troca.\"\n\nOcorre que \u201ctodo misticismo do mundo das mercadorias, toda m\u00e1gica e a assombra\u00e7\u00e3o que anuviam os produtos do trabalho na base da produ\u00e7\u00e3o de mercadorias desaparecem imediatamente, t\u00e3o logo nos refugiemos em outras formas de produ\u00e7\u00e3o\u201d (Capital I, Boitempo, p. 147).\n\nArtigo do autor do canal que trata da Teoria do Valor em Marx:\nO papel da hist\u00f3ria no modo de exposi\u00e7\u00e3o de  O capital de Marx\nhttp:\/\/www.verinotio.org\/sistema\/index.php\/verinotio\/article\/view\/278\/266\n\nO livro do autor desse canal  pode ser adquirido nos seguintes endere\u00e7os:\nMarx e a Hist\u00f3ria: das particularidades nacionais \u00e0 universalidade da revolu\u00e7\u00e3o socialista \nhttp:\/\/editorasundermann.com.br\/?product=marx-e-a-historia\n\nhttps:\/\/www.estantevirtual.com.br\/busca?utf8=%E2%9C%93&q=gustavo+machado+marx\n#OQue\u00c9FeticheDaMercadoria #ConceitosDeOCapital","original_language":"pt-BR","publication_date":"2019-10-09","duration":0,"url":"https:\/\/www.youtube.com\/watch?v=Z84JFfUodEE","thumbnail":"thumbnails\/Z84JFfUodEE.jpg"},{"video_id":"sedXBT9kwNU","channel_id":"UCRLEkZpNRoZQBG8kUTBD8vQ","title":"Os atributos do DEUS Dinheiro | CONCEITOS DE O CAPITAL #1","description":"Nesta nova lista de reprodu\u00e7\u00e3o do canal Orienta\u00e7\u00e3o Marxista destacaremos de nosso curso online de O Capital, exposto na lista de reprodu\u00e7\u00e3o #OCAPITALDEMARX,  an\u00e1lise de conceitos e aspectos espec\u00edficos. Neste caso, os atributos do dinheiro como dinheiro ou do dinheiro mundial: o verdadeiro Deus do mundo capitalista.\n\nVeja epis\u00f3dio completo de an\u00e1lise dos cap\u00edtulos 2 e 3 do Livro I de O Capital no seguinte link:\nhttps:\/\/www.youtube.com\/watch?v=J77f9M5WK4o\n\n\"De sua figura de servo, na qual se manifesta como simples meio de circula\u00e7\u00e3o, converte-se repentinamente em senhor e deus no mundo das mercadorias. Representa a exist\u00eancia celeste das mercadorias, enquanto as mercadorias representam sua exist\u00eancia mundana. [...] Seria, p. ex., como se o achar de uma pedra me proporcionasse, independentemente de minha individualidade, a possess\u00e3o de todas as ci\u00eancias. A possess\u00e3o do dinheiro me coloca em rela\u00e7\u00e3o com a riqueza (social) exatamente na mesma rela\u00e7\u00e3o que a pedra filosofal me colocaria com as ci\u00eancias.\" Grundrisse, Boitempo. pag 165\n\n\"Se o dinheiro, segundo sua determina\u00e7\u00e3o espacial, se manifesta como a mercadoria universal em todos os lugares, o mesmo tamb\u00e9m sucede de acordo com sua determina\u00e7\u00e3o temporal. Conserva-se como riqueza em todas as \u00e9pocas. Dura\u00e7\u00e3o espec\u00edfica da riqueza. \u00c9 o tesouro que nem as tra\u00e7as nem a ferrugem devoram. Todas as mercadorias s\u00e3o somente dinheiro perec\u00edvel; o dinheiro \u00e9 a mercadoria imperec\u00edvel.\"\nGrundrisse, Boitempo. pag 172\n\n\"O dinheiro existe ent\u00e3o como o valor de troca de todas as mercadorias ao lado e fora delas. Ele \u00e9, antes de tudo, a mat\u00e9ria universal na qual as mercadorias t\u00eam de ser imersas, douradas e prateadas, para adquirir sua livre exist\u00eancia como valores de troca. T\u00eam de ser traduzidas em dinheiro, expressas nele. O dinheiro dev\u00e9m o denominador universal dos valores de troca, das mercadorias como valores de troca.\"\nGrundrisse, Boitempo. pag 135\n\nArtigo do autor do canal que trata da Teoria do Valor em Marx:\nO papel da hist\u00f3ria no modo de exposi\u00e7\u00e3o de  O capital de Marx\nhttp:\/\/www.verinotio.org\/sistema\/index.php\/verinotio\/article\/view\/278\/266\n\nO livro do autor (Marx e a Hist\u00f3ria: das particularidades nacionais \u00e0 universalidade da revolu\u00e7\u00e3o socialista) desse canal pode ser adquirido no seguinte endere\u00e7o:\nhttp:\/\/editorasundermann.com.br\/?product=marx-e-a-historia\n\nhttps:\/\/www.estantevirtual.com.br\/busca?utf8=%E2%9C%93&q=gustavo+machado+marx\n#ConceitosDeOCapital #OQue\u00c9Dinheiro","original_language":"pt-BR","publication_date":"2019-10-03","duration":0,"url":"https:\/\/www.youtube.com\/watch?v=sedXBT9kwNU","thumbnail":"thumbnails\/sedXBT9kwNU.jpg"},{"video_id":"J77f9M5WK4o","channel_id":"UCRLEkZpNRoZQBG8kUTBD8vQ","title":"O DINHEIRO | O CAPITAL DE MARX: Livro I: Cap. 2 e 3  VID #6","description":"0:00 In\u00edcio\n09:42 O processo de troca\n32:28 Cap\u00edtulo 3\n38:51 Dinheiro como medida ideal dos valores\n1:06:03 Meio de circula\u00e7\u00e3o\n1:31:26 Moeda como signo de valor\n1:34:02 Dinheiro como dinheiro\n1:35:57 Entesouramento\n1:42:22 Meio de pagamento \n1:45:09 - Dinheiro mundial\n\nNeste v\u00eddeo comentamos os cap\u00edtulos 2 e 3 do livro primeiro de O Capital de Marx. Trata-se do cap\u00edtulos: \"O Processo de Troca\" e \"O Dinheiro ou a Circula\u00e7\u00e3o de Mercadorias\".\nNesse v\u00eddeo abordamos os seguintes conte\u00fados:\nO PROCESSO DE TROCA\n\u2192 Diferen\u00e7a entre troca e o processo de troca\n\u2192 Personagens dram\u00e1ticos e propriet\u00e1rios privados\n\u2192 Contradi\u00e7\u00e3o entre trabalho social e individual\n\u2192 Origem e desenvolvimento hist\u00f3rico das trocas\n\nDINHEIRO OU CIRCULA\u00c7\u00c3O DE MERCADORIAS\n\u2192 O dinheiro como medida ideal dos valores\n\u2192 Padr\u00e3o dos pre\u00e7os\n\u2192 O dinheiro como meio de circula\u00e7\u00e3o\n\u2192 As metamorfoses da mercadoria\n\u2192 O fetiche do dinheiro\n\u2192 Moeda como signo do valor\n\u2192 O dinheiro como dinheiro: o tesouro\n\u2192 O dinheiro como dinheiro: meio de pagamento\n\u2192 O dinheiro como dinheiro: dinheiro mundial\n\u2192 Os atributos do \"Deus\" dinheiro: metaf\u00edsica do dinheiro\n\nEstes \u00e9 o sexto v\u00eddeo da s\u00e9rie O Capital de Marx que tem por objetivo comentar todos os tr\u00eas livros da obra principal de Marx.\n\nOutros v\u00eddeos mencionados: \nNem tudo \u00e9 rela\u00e7\u00e3o social\nhttps:\/\/www.youtube.com\/watch?v=acahMQosy1Y\n\nValor n\u00e3o \u00e9 tempo de trabalho\nhttps:\/\/www.youtube.com\/watch?v=PlTU1qOnPF8&t\n\nTexto sobre a querela das mercadorias e trabalho imateriais\nhttps:\/\/teoriaerevolucao.pstu.org.br\/existem-mercadorias-imateriais\/\n_____________________________________________________________________________________\nV\u00eddeos sugeridos: \nO CAPITAL DE MARX: Livro I: Cap. 1 A MERCADORIA VID #5\nhttps:\/\/www.youtube.com\/watch?v=1_FtWE_Os4s\nO CAPITAL DE MARX: Livro I: Cap. 2 e 3 O DINHEIRO VID #6\nhttps:\/\/www.youtube.com\/watch?v=J77f9M5WK4o\nO CAPITAL DE MARX: Livro I: Cap. 4 O CAPITAL EM GERAL VID #7\nhttps:\/\/www.youtube.com\/watch?v=KHiMps76FoQ\nO CAPITAL DE MARX: Livro I: Caps. 5-9 MAIS-VALIA ABSOLUTA VID #9\nhttps:\/\/www.youtube.com\/watch?v=iu3wFpgz4Bc\n _______________________________________________________________________________\nSEJA MEMBRO e apoie o canal. Bot\u00e3o ADERIR acima ou: \nhttps:\/\/www.youtube.com\/channel\/UCRLEkZpNRoZQBG8kUTBD8vQ\/join\n\nV\u00eddeo sobre ser membro do canal:\nhttps:\/\/www.youtube.com\/watch?v=drvou-obBVU\n_______________________________________________________________________________\nSiga as p\u00e1ginas do canal Orienta\u00e7\u00e3o Marxista nas Redes Sociais\n\nFACEBOOK:    https:\/\/www.facebook.com\/Orienta\u00e7\u00e3o-Marxista-111673690190915\nTWITTER:       https:\/\/twitter.com\/orient_marxista\nINSTAGRAM: https:\/\/www.instagram.com\/orient.marxista\n_______________________________________________________________________________\nLeia o blog Teoria e Revolu\u00e7\u00e3o:\nhttps:\/\/teoriaerevolucao.pstu.org.br\n_______________________________________________________________________________\nO livro do autor desse canal (Marx e a Hist\u00f3ria: das particularidades nacionais \u00e0 universalidade da revolu\u00e7\u00e3o socialista )  pode ser adquirido nos seguintes endere\u00e7os:\nhttps:\/\/editorasundermann.com.br\/livro\/96-marx-e-a-hist%C3%B3ria\nhttps:\/\/www.estantevirtual.com.br\/busca?utf8=%E2%9C%93&q=gustavo+machado+marx\n\n#OCAPITALDEMARX #CAP\u00cdTULOS2e3","original_language":"pt-BR","publication_date":"2019-09-30","duration":0,"url":"https:\/\/www.youtube.com\/watch?v=J77f9M5WK4o","thumbnail":"thumbnails\/J77f9M5WK4o.jpg"},{"video_id":"zv0IrW85ZvM","channel_id":"UCRLEkZpNRoZQBG8kUTBD8vQ","title":"A verdade sobre os IMPOSTOS no Brasil: a utopia liberal  EP #17","description":"Neste epis\u00f3dio apresentamos a real dimens\u00e3o da carga tribut\u00e1ria brasileira, seu desenvolvimento hist\u00f3rico, sua compara\u00e7\u00e3o com outros pa\u00edses e a sua composi\u00e7\u00e3o. Mostramos, portanto, que embora ela seja de fato muito elevada, inside basicamente sobre a popula\u00e7\u00e3o assalariada e isenta as grandes empresas. O patamar de impostos no Brasil para as grandes empresas \u00e9 inferior a enorme maioria dos pa\u00edses do mundo.\n\nFontes:\nCARGA TRIBUT\u00c1RIA NO BRASIL - MINIST\u00c9RIO DA FAZENTA E RECEITA FEDERAL: https:\/\/static.poder360.com.br\/2018\/12\/carga-tributaria-2017.pdf\n\nS\u00e9ries hist\u00f3ricas do IPEA: http:\/\/www.ipea.gov.br\/cartadeconjuntura\/index.php\/series-estatisticas-conjunturais-2\/\n\nAnu\u00e1rio Estat\u00edstico do ILAESE: No prelo\n\nRel\u00e1torio 20F VALE: http:\/\/www.vale.com\/brasil\/pt\/investors\/information-market\/annual-reports\/20f\/paginas\/default.aspx\n\nVer ainda o  livro do autor do canal (Marx e a Hist\u00f3ria: das particularidades nacionais \u00e0 universalidade da revolu\u00e7\u00e3o socialista). \nPode ser adquirido no seguinte endere\u00e7o:\nhttp:\/\/editorasundermann.com.br\/?product=marx-e-a-historia\n\nhttps:\/\/www.estantevirtual.com.br\/busca?utf8=%E2%9C%93&q=gustavo+machado+marx\n#ImpostosNoBrasil #CargaTribut\u00e1ria","original_language":"pt-BR","publication_date":"2019-09-26","duration":0,"url":"https:\/\/www.youtube.com\/watch?v=zv0IrW85ZvM","thumbnail":"thumbnails\/zv0IrW85ZvM.jpg"},{"video_id":"4rDXGcwOKZU","channel_id":"UCRLEkZpNRoZQBG8kUTBD8vQ","title":"Crise econ\u00f4mica, Desemprego e Desindustrializa\u00e7\u00e3o EP #16","description":"Compartilhamos em nosso canal entrevista ao Sedufsm Andes-sn se\u00e7\u00e3o do ANDES em Santa Maria no Rio Grande do Sul.\n\nA crise econ\u00f4mica brasileira e seus \u00edndices elevad\u00edssimos de desemprego e desindustrializa\u00e7\u00e3o, tem rela\u00e7\u00e3o direta com os cortes na educa\u00e7\u00e3o e os ataques \u00e0 pesquisa cient\u00edfica. Quem afirma isso \u00e9 Gustavo Machado, membro do Ilaese - Instituto Latino-Americano de Estudos Socioecon\u00f4micos. Gustavo esteve em Santa Maria e aproveitou para conversar conosco sobre a an\u00e1lise que o Ilaese faz do atual cen\u00e1rio nacional e que em breve estar\u00e1 dispon\u00edvel no anu\u00e1rio econ\u00f4mico produzido pelo instituto.\n_______________________________________________________________________________\nSEJA MEMBRO e apoie o canal. Bot\u00e3o ADERIR acima ou: \nhttps:\/\/www.youtube.com\/channel\/UCRLEkZpNRoZQBG8kUTBD8vQ\/join\n\nV\u00eddeo sobre ser membro do canal:\nhttps:\/\/www.youtube.com\/watch?v=drvou-obBVU\n_______________________________________________________________________________\nSiga as p\u00e1ginas do canal Orienta\u00e7\u00e3o Marxista nas Redes Sociais\n\nFACEBOOK:    https:\/\/www.facebook.com\/Orienta\u00e7\u00e3o-Marxista-111673690190915\nTWITTER:       https:\/\/twitter.com\/orient_marxista\nINSTAGRAM: https:\/\/www.instagram.com\/orient.marxista\n_______________________________________________________________________________\nLeia o blog Teoria e Revolu\u00e7\u00e3o:\nhttps:\/\/teoriaerevolucao.pstu.org.br\n_______________________________________________________________________________\nO livro do autor desse canal (Marx e a Hist\u00f3ria: das particularidades nacionais \u00e0 universalidade da revolu\u00e7\u00e3o socialista )  pode ser adquirido nos seguintes endere\u00e7os:\nhttps:\/\/editorasundermann.com.br\/livro\/96-marx-e-a-hist%C3%B3ria\nhttps:\/\/www.estantevirtual.com.br\/busca?utf8=%E2%9C%93&q=gustavo+machado+marx\n\nhttps:\/\/www.estantevirtual.com.br\/busca?utf8=%E2%9C%93&q=gustavo+machado+marx","original_language":"pt-BR","publication_date":"2019-09-17","duration":0,"url":"https:\/\/www.youtube.com\/watch?v=4rDXGcwOKZU","thumbnail":"thumbnails\/4rDXGcwOKZU.jpg"},{"video_id":"8UXDXmqzs5M","channel_id":"UCRLEkZpNRoZQBG8kUTBD8vQ","title":"MARX: anti-intervencionista e anti liberal  EP #15","description":"Neste v\u00eddeo mostramos como Marx se afasta tanto das abordagens de tipo keynesiano que defendem a interven\u00e7\u00e3o do Estado na economia para evitar as crises econ\u00f4micas, como aquelas liberais, assentadas na Lei de Say que postula um equil\u00edbrio autom\u00e1tico entre produ\u00e7\u00e3o e consumo.\n\nIndicamos as bases malthusianas e, assim, conservadoras do keynesianismo.\n\nLivros em que Marx refuta o sistema protecionista (desenvolvimentista) de Friedrich List:\nMARX, K. Cr\u00edtica da Economia Nacional (Textos in\u00e9ditos \u2013 1845). Lisboa: Ulmeiro, 1976.\nMARX, K. Cr\u00edtica do nacionalismo econ\u00f4mico. 1\u00aa ed. Lisboa: Ant\u00edgona, 2009.\n\n\nVer ainda o  livro do autor do canal (Marx e a Hist\u00f3ria: das particularidades nacionais \u00e0 universalidade da revolu\u00e7\u00e3o socialista). \nPode ser adquirido no seguinte endere\u00e7o:\nhttp:\/\/editorasundermann.com.br\/?product=marx-e-a-historia\n\nhttps:\/\/www.estantevirtual.com.br\/busca?utf8=%E2%9C%93&q=gustavo+machado+marx\n#MarxAntiLiberal #MarxAntiIntervencionista","original_language":"pt-BR","publication_date":"2019-09-01","duration":0,"url":"https:\/\/www.youtube.com\/watch?v=8UXDXmqzs5M","thumbnail":"thumbnails\/8UXDXmqzs5M.jpg"},{"video_id":"1_FtWE_Os4s","channel_id":"UCRLEkZpNRoZQBG8kUTBD8vQ","title":"A MERCADORIA | O CAPITAL DE MARX: Livro I: Cap. 1  VID #5","description":"0:00 In\u00edcio\n14:28 Valor de uso e valor\n1:04:14 Trabalho concreto e trabalho abstrato\n1:34:17 A forma do valor\n1:36:25 A forma do valor simples\n1:57:15 A forma de valor total \n2:01:48 A forma de valor universal; \n2:03:44 A forma-dinheiro\n2:11:34 O car\u00e1ter fetichista da mercadoria e seu segredo\n\nNeste v\u00eddeo comentamos o cap\u00edtulo 1 do Livro Primeiro de O Capital de Marx. Trata-se do cap\u00edtulo sobre A Mercadoria, um dos mais dif\u00edceis e fundamentais de toda a obra, por isso mesmo, dedicamos ao presente cap\u00edtulo um v\u00eddeo mais longo.\n\nEstes \u00e9 o quinto v\u00eddeo da s\u00e9rie O Capital de Marx que tem por objetivo comentar todos os tr\u00eas livros da obra principal de Marx.\n\nOutros v\u00eddeos mencionados: \nNem tudo \u00e9 rela\u00e7\u00e3o social\nhttps:\/\/www.youtube.com\/watch?v=acahMQosy1Y\n\nValor n\u00e3o \u00e9 tempo de trabalho\nhttps:\/\/www.youtube.com\/watch?v=PlTU1qOnPF8&t\n\nTexto sobre a querela das mercadorias e trabalho imateriais\nhttps:\/\/teoriaerevolucao.pstu.org.br\/existem-mercadorias-imateriais\/\nArtigo do autor do canal que trata da Teoria do Valor em Marx:\nO papel da hist\u00f3ria no modo de exposi\u00e7\u00e3o de  O capital de Marx\nhttp:\/\/www.verinotio.org\/sistema\/index.php\/verinotio\/article\/view\/278\/266\n______________________________________________________________________________\nV\u00eddeos sugeridos: \nO CAPITAL DE MARX: Livro I: Cap. 1 A MERCADORIA VID #5\nhttps:\/\/www.youtube.com\/watch?v=1_FtWE_Os4s\nO CAPITAL DE MARX: Livro I: Cap. 2 e 3 O DINHEIRO VID #6\nhttps:\/\/www.youtube.com\/watch?v=J77f9M5WK4o\nO CAPITAL DE MARX: Livro I: Cap. 4 O CAPITAL EM GERAL VID #7\nhttps:\/\/www.youtube.com\/watch?v=KHiMps76FoQ\nO CAPITAL DE MARX: Livro I: Caps. 5-9 MAIS-VALIA ABSOLUTA VID #9\nhttps:\/\/www.youtube.com\/watch?v=iu3wFpgz4Bc\n _______________________________________________________________________________\nSEJA MEMBRO e apoie o canal. Bot\u00e3o ADERIR acima ou: \nhttps:\/\/www.youtube.com\/channel\/UCRLEkZpNRoZQBG8kUTBD8vQ\/join\n\nV\u00eddeo sobre ser membro do canal:\nhttps:\/\/www.youtube.com\/watch?v=drvou-obBVU\n_______________________________________________________________________________\nSiga as p\u00e1ginas do canal Orienta\u00e7\u00e3o Marxista nas Redes Sociais\n\nFACEBOOK:    https:\/\/www.facebook.com\/Orienta\u00e7\u00e3o-Marxista-111673690190915\nTWITTER:       https:\/\/twitter.com\/orient_marxista\nINSTAGRAM: https:\/\/www.instagram.com\/orient.marxista\n_______________________________________________________________________________\nLeia o blog Teoria e Revolu\u00e7\u00e3o:\nhttps:\/\/teoriaerevolucao.pstu.org.br\n_______________________________________________________________________________\nO livro do autor desse canal (Marx e a Hist\u00f3ria: das particularidades nacionais \u00e0 universalidade da revolu\u00e7\u00e3o socialista )  pode ser adquirido nos seguintes endere\u00e7os:\nhttps:\/\/editorasundermann.com.br\/livro\/96-marx-e-a-hist%C3%B3ria\nhttps:\/\/www.estantevirtual.com.br\/busca?utf8=%E2%9C%93&q=gustavo+machado+marx\n\n#OCAPITALDEMARX #CAP\u00cdTULO1 #MERCADORIA #KarlMarx","original_language":"pt-BR","publication_date":"2019-08-26","duration":0,"url":"https:\/\/www.youtube.com\/watch?v=1_FtWE_Os4s","thumbnail":"thumbnails\/1_FtWE_Os4s.jpg"},{"video_id":"QbqET52IvL4","channel_id":"UCRLEkZpNRoZQBG8kUTBD8vQ","title":"Ludwig von Mises e a (im)possibilidade do socialismo EP #14","description":"Nesse v\u00eddeo discutimos a controversa tese de Ludwig von Mises da impossibilidade do socialismo. Segundo ele, esse seria o caso porque n\u00e3o h\u00e1 possibilidade de realizar o c\u00e1lculo econ\u00f4mico que permita distribuir a riqueza produzida entre participes do processo de produ\u00e7\u00e3o. O problema central de sua tese \u00e9 a aus\u00eancia de pre\u00e7os que seriam a dimens\u00e3o quantitativa que possibilitaria o c\u00e1lculo econ\u00f4mico.\n\nBibliografia mencionada\nB\u00d6HM-BAWERK, Eugen Von. A Teoria da Explora\u00e7\u00e3o do Socialismo-Comunismo, 1987.\nRudolf Hilferding, Eugen von B\u00f6hm-Bawerk y Ladislaus von Bortkiewicz, Econom\u00eda burguesa y econom\u00eda socialista, C\u00f3rdoba, Argentina: Pasado y Presente, 1974, serie \"Cuadernos de Pasado y Presente\", no. 49\nMISES, Ludwig Von. As seis li\u00e7\u00f5es, 1987.\nMISES, Ludwig Von. A mentalidade anticapitalista, 1988.\nMISES, L.V. O c\u00e1lculo econ\u00f4mico sob socialismo s ocialismo. ocialismo Instituto Ludwig von Mises. Brasil: S\u00e3o Paulo, 2012 (1920).\n\nRUBIN, I. Isaac. A Teoria Marxista do Valor. Brasiliense: Paz e Terra, 1980. \n\n_______________________________________________________________________________\nSEJA MEMBRO e apoie o canal. Bot\u00e3o ADERIR acima ou: \nhttps:\/\/www.youtube.com\/channel\/UCRLEkZpNRoZQBG8kUTBD8vQ\/join\n\nV\u00eddeo sobre ser membro do canal:\nhttps:\/\/www.youtube.com\/watch?v=drvou-obBVU\n_______________________________________________________________________________\nSiga as p\u00e1ginas do canal Orienta\u00e7\u00e3o Marxista nas Redes Sociais\n\nFACEBOOK:    https:\/\/www.facebook.com\/Orienta\u00e7\u00e3o-Marxista-111673690190915\nTWITTER:       https:\/\/twitter.com\/orient_marxista\nINSTAGRAM: https:\/\/www.instagram.com\/orient.marxista\n_______________________________________________________________________________\nLeia o blog Teoria e Revolu\u00e7\u00e3o:\nhttps:\/\/teoriaerevolucao.pstu.org.br\n_______________________________________________________________________________\nO livro do autor desse canal (Marx e a Hist\u00f3ria: das particularidades nacionais \u00e0 universalidade da revolu\u00e7\u00e3o socialista )  pode ser adquirido nos seguintes endere\u00e7os:\nhttps:\/\/editorasundermann.com.br\/livro\/96-marx-e-a-hist%C3%B3ria\n\nhttps:\/\/www.estantevirtual.com.br\/busca?utf8=%E2%9C%93&q=gustavo+machado+marx\n\n#LudwigvonMises #ImpossibilidadeDoSocialismo","original_language":"pt-BR","publication_date":"2019-08-15","duration":0,"url":"https:\/\/www.youtube.com\/watch?v=QbqET52IvL4","thumbnail":"thumbnails\/QbqET52IvL4.jpg"},{"video_id":"lW14OoX2XOw","channel_id":"UCRLEkZpNRoZQBG8kUTBD8vQ","title":"O CAPITAL DE MARX: Estrutura e manuscritos preparat\u00f3rios VID #4","description":"Nesse v\u00eddeo introdut\u00f3rio analisamos a t\u00edtulo introdut\u00f3rio a estrutura de O Capital de Marx e seus manuscritos preparat\u00f3rios.\n\nComentamos:\nO primeiro esbo\u00e7o da obra: Os Grundrisse\nO primeiro projeto em 6 livros\nO projeto final em 4 livros.\n\nComentamos ainda, brevemente, a estrutura final da obra e a estrutura do livro primeiro.\n\nArtigo do autor do canal que trata da Teoria do Valor em Marx:\nO papel da hist\u00f3ria no modo de exposi\u00e7\u00e3o de  O capital de Marx\nhttp:\/\/www.verinotio.org\/sistema\/index.php\/verinotio\/article\/view\/278\/266\n\n_____________________________________________________________________________________\nSiga as p\u00e1ginas do canal Orienta\u00e7\u00e3o Marxista nas Redes Sociais\n\nFACEBOOK:    https:\/\/www.facebook.com\/Orienta\u00e7\u00e3o-Marxista-111673690190915\nTWITTER:       https:\/\/twitter.com\/orient_marxista\nINSTAGRAM: https:\/\/www.instagram.com\/orient.marxista\n_____________________________________________________________________________________\nLeia o blog Teoria e Revolu\u00e7\u00e3o:\nhttps:\/\/teoriaerevolucao.pstu.org.br\n_____________________________________________________________________________________\nO livro do autor desse canal (Marx e a Hist\u00f3ria: das particularidades nacionais \u00e0 universalidade da revolu\u00e7\u00e3o socialista )  pode ser adquirido nos seguintes endere\u00e7os:\nhttps:\/\/editorasundermann.com.br\/livro\/96-marx-e-a-hist%C3%B3ria\n\nhttps:\/\/www.estantevirtual.com.br\/busca?utf8=%E2%9C%93&q=gustavo+machado+marx\n\n#OCAPITALDEMARX #Estrutura #ManuscritosPreparat\u00f3rios","original_language":"pt-BR","publication_date":"2019-08-09","duration":0,"url":"https:\/\/www.youtube.com\/watch?v=lW14OoX2XOw","thumbnail":"thumbnails\/lW14OoX2XOw.jpg"},{"video_id":"AQluVqKfKLQ","channel_id":"UCRLEkZpNRoZQBG8kUTBD8vQ","title":"O \"marxismo cultural\" de Yago Martins EP #13","description":"No atual v\u00eddeo refutamos as asneiras de Yago Martins do canal \"Dois dedos de teologia\" no v\u00eddeo: ENTENDA O QUE \u00c9 MARXISMO CULTURAL: https:\/\/www.youtube.com\/watch?v=nrCiTRznn3Q\nAbordamos os seguintes t\u00f3picos\n1) Marx e a revolu\u00e7\u00e3o industrial\n2) Marx e o sal\u00e1rio Justo; e o fim do salariato.\n3) Estrutura e superestrutura\n4) O marxismo n\u00e3o fez sucesso no ocidente?\n5) Democracias liberais e cultura judaico crist\u00e3\n6) Marxismo cultural\ne\nDois dedos de teologia\n\nV\u00eddeo citado: UNIVERSIDADES NUNCA FORAM MARXISTAS\nhttps:\/\/www.youtube.com\/watch?v=FxG5p5EN6Iw\n\n_______________________________________________________________________________\nSEJA MEMBRO e apoie o canal. Bot\u00e3o ADERIR acima ou: \nhttps:\/\/www.youtube.com\/channel\/UCRLEkZpNRoZQBG8kUTBD8vQ\/join\n\nV\u00eddeo sobre ser membro do canal:\nhttps:\/\/www.youtube.com\/watch?v=drvou-obBVU\n_______________________________________________________________________________\nSiga as p\u00e1ginas do canal Orienta\u00e7\u00e3o Marxista nas Redes Sociais\n\nFACEBOOK:    https:\/\/www.facebook.com\/Orienta\u00e7\u00e3o-Marxista-111673690190915\nTWITTER:       https:\/\/twitter.com\/orient_marxista\nINSTAGRAM: https:\/\/www.instagram.com\/orient.marxista\n_______________________________________________________________________________\nLeia o blog Teoria e Revolu\u00e7\u00e3o:\nhttps:\/\/teoriaerevolucao.pstu.org.br\n_______________________________________________________________________________\nO livro do autor desse canal (Marx e a Hist\u00f3ria: das particularidades nacionais \u00e0 universalidade da revolu\u00e7\u00e3o socialista )  pode ser adquirido nos seguintes endere\u00e7os:\nhttps:\/\/editorasundermann.com.br\/livro\/96-marx-e-a-hist%C3%B3ria\n\nhttps:\/\/www.estantevirtual.com.br\/busca?utf8=%E2%9C%93&q=gustavo+machado+marx\n\n#YagoMartins #MarxismoCultural #DoisDedosDeTeologia","original_language":"pt-BR","publication_date":"2019-08-06","duration":0,"url":"https:\/\/www.youtube.com\/watch?v=AQluVqKfKLQ","thumbnail":"thumbnails\/AQluVqKfKLQ.jpg"},{"video_id":"SsIO2HPAjKk","channel_id":"UCRLEkZpNRoZQBG8kUTBD8vQ","title":"\"Escola de Frankfurt\" nunca foi marxista EP #12","description":"No atual v\u00eddeo mostramos que a chamada Escola de Frankfurt, al\u00e9m de sequer possuir um pensamento minimamente consistente que mere\u00e7a ser chamada de uma escola, n\u00e3o se desenvolveu como uma corrente marxista, ao contr\u00e1rio, como uma ruptura em rela\u00e7\u00e3o ao marxismo.\n\nRefer\u00eancias e cita\u00e7\u00f5es: \nHorkheimer: \"a verdade procurar\u00e1 ref\u00fagio entre pequenos grupos de homens admir\u00e1veis\" \"Dial\u00e9tca n\u00e3o \u00e9 a mesma coisa que desenvolvimento [...] o fim da explora\u00e7\u00e3o [...] n\u00e3o \u00e9 mais uma acelera\u00e7\u00e3o do progresso, mas um salto qualitativo para fora da dimens\u00e3o do progresso\".\n\n\"A escola de Frankfurt  tem penas um relacionamento t\u00eanue e ambivalente com o marxismo\" -  Escola de Frankfourt Revisitada de Douglas Kellner.\n\nArtigo mencionado: https:\/\/teoriaerevolucao.pstu.org.br\/o-mito-do-capitalismo-como-sociedade-de-consumo\/\n\n_______________________________________________________________________________\nSEJA MEMBRO e apoie o canal. Bot\u00e3o ADERIR acima ou: \nhttps:\/\/www.youtube.com\/channel\/UCRLEkZpNRoZQBG8kUTBD8vQ\/join\n\nV\u00eddeo sobre ser membro do canal:\nhttps:\/\/www.youtube.com\/watch?v=drvou-obBVU\n_______________________________________________________________________________\nSiga as p\u00e1ginas do canal Orienta\u00e7\u00e3o Marxista nas Redes Sociais\n\nFACEBOOK:    https:\/\/www.facebook.com\/Orienta\u00e7\u00e3o-Marxista-111673690190915\nTWITTER:       https:\/\/twitter.com\/orient_marxista\nINSTAGRAM: https:\/\/www.instagram.com\/orient.marxista\n_______________________________________________________________________________\nLeia o blog Teoria e Revolu\u00e7\u00e3o:\nhttps:\/\/teoriaerevolucao.pstu.org.br\n_______________________________________________________________________________\nO livro do autor desse canal (Marx e a Hist\u00f3ria: das particularidades nacionais \u00e0 universalidade da revolu\u00e7\u00e3o socialista )  pode ser adquirido nos seguintes endere\u00e7os:\nhttps:\/\/editorasundermann.com.br\/livro\/96-marx-e-a-hist%C3%B3ria\n\nhttps:\/\/www.estantevirtual.com.br\/busca?utf8=%E2%9C%93&q=gustavo+machado+marx\n\n#EscolaDeFrankfurt #Marxismo","original_language":"pt-BR","publication_date":"2019-07-29","duration":0,"url":"https:\/\/www.youtube.com\/watch?v=SsIO2HPAjKk","thumbnail":"thumbnails\/SsIO2HPAjKk.jpg"},{"video_id":"acahMQosy1Y","channel_id":"UCRLEkZpNRoZQBG8kUTBD8vQ","title":"Nem tudo \u00e9 RELA\u00c7\u00c3O SOCIAL EP #11","description":"Nem tudo \u00e9 Rela\u00e7\u00e3o Social\n\nTrechos citados:\nNa Mis\u00e9ria da Filosofia (1976, p. 81), Marx explica que rela\u00e7\u00f5es  sociais \u201cs\u00e3o, n\u00e3o rela\u00e7\u00f5es de indiv\u00edduo a indiv\u00edduo, mas entre oper\u00e1rio e capitalista, entre rendeiro e propriet\u00e1rio de terras, etc. Suprimam essas rela\u00e7\u00f5es e ter\u00e1 sido destru\u00edda a sociedade inteira\u201d.\nMARX, K. Mis\u00e9ria da Filosofia. Porto: Publica\u00e7\u00f5es Escorpi\u00e3o, 1976.\n\nseu \u201cpoder social, assim como seu nexo com a sociedade, [o indiv\u00edduo] traz consigo no bolso\u201d (Grundrisse, p. 105).\nKarl Marx. Grundrisse. Rio de Janeiro: Boitempo Editorial, 2011.\n\nTextos sugeridos do autor do blog:\nO Capital: a realidade por tr\u00e1s das mercadorias: https:\/\/www.pstu.org.br\/o-capital-a-realidade-por-tras-das-mercadorias\/\n\nA acep\u00e7\u00e3o de ser social nos Grundrisse de Marx: https:\/\/anais9coloquiomarxengels.files.wordpress.com\/2018\/07\/a-acepc3a7c3a3o-de-ser-social-nos-grundrisse-de-marx-gustavo-henrique-lopes-machado.pdf\n\nVer ainda o primeiro cap\u00edtulo do livro do autor do canal (Marx e a Hist\u00f3ria: das particularidades nacionais \u00e0 universalidade da revolu\u00e7\u00e3o socialista). \nPode ser adquirido no seguinte endere\u00e7o:\nhttp:\/\/editorasundermann.com.br\/?product=marx-e-a-historia","original_language":"pt-BR","publication_date":"2019-06-17","duration":0,"url":"https:\/\/www.youtube.com\/watch?v=acahMQosy1Y","thumbnail":"thumbnails\/acahMQosy1Y.jpg"},{"video_id":"PlTU1qOnPF8","channel_id":"UCRLEkZpNRoZQBG8kUTBD8vQ","title":"O CAPITAL DE MARX: Valor N\u00c3O \u00e9 tempo de trabalho VID #3","description":"Em Marx, valor N\u00c3O \u00c9 tempo de trabalho.\n\nHoje existem muito mais estudos e escritos sobre O Capital do que nas d\u00e9cadas anteriores. Isso \u00e9 muito bom. No entanto, as an\u00e1lises vulgares se proliferam como doen\u00e7a contagiosa. \u00c9 o efeito colateral inevit\u00e1vel. Paci\u00eancia!!!\n\nRecentemente li um artigo onde o comentarista diz que o valor se define como determinada quantidade de \"tempo de trabalho abstrato\". A express\u00e3o \u00e9 pomposa, afinal, se \u00e9 uma quantidade de tempo de trabalho, s\u00f3 pode ser abstrato. No entanto, isso n\u00e3o tem nada que ver com a categoria de trabalho abstrato em Marx, que era pouco afeito a pleonasmos. \"tempo de trabalho abstrato\" \u00e9 como dizer \"subir para cima\" ou \"descer para baixo\".\n\nQuem identificava o valor com o tempo de trabalho era David Ricardo. N\u00e3o Marx. Para Marx o tempo de trabalho (socialmente necess\u00e1rio, se se quiser) era apenas a medida do valor, sua determina\u00e7\u00e3o quantitativa. Mas qual seria a determina\u00e7\u00e3o qualitativa do valor? Exatamente o trabalho abstrato. N\u00e3o \u00e9 uma picuinha. 60% do primeiro cap\u00edtulo do livro I de O Capital foi escrito para mostrar COMO, POR QUE MEIOS, DE QUE FORMA o valor era medido pelo tempo de trabalho. Aquilo que Ricardo afirmava dogmaticamente: valor \u00e9 tempo de trabalho, para Marx era exatamente a pergunta a ser respondida. Como era poss\u00edvel o valor ser medido pelo tempo de trabalho j\u00e1 que o valor das mercadorias n\u00e3o \u00e9 determinado previamente e conscientemente por ningu\u00e9m? A\u00ed entra o trabalho abstrato, que n\u00e3o irei resumir por aqui.\n\nS\u00f3 pra se ter uma ideia das profundas consequ\u00eancias desse erro, foi exatamente sobre a falsa concep\u00e7\u00e3o de que, em Marx, valor \u00e9 tempo de trabalho que o maior cr\u00edtico de O Capital construiu o seu edif\u00edcio: Eugen B\u00f6hm Bawerk, o paladino da Escola Austr\u00edaca de Economia. E acreditem, levou mais de 20 anos para que as cr\u00edticas de Bawerk fossem corretamente refutadas por Issac(k) Rubin.\n\nNa sequ\u00eancia do texto desse mesmo comentarista, me deparei com a afirma\u00e7\u00e3o de que uma rela\u00e7\u00e3o social elementar \u00e9 a \"troca do tempo de trabalho por um sal\u00e1rio\". A\u00ed \u00e9 a barb\u00e1rie. Ser\u00e1 que \u00e9 a troca do \"tempo de trabalho abstrato\" por sal\u00e1rio? N\u00c3\u00c3\u00c3O. O sal\u00e1rio n\u00e3o se troca por tempo de trabalho, se troca por for\u00e7a de trabalho, por uma determina\u00e7\u00e3o subjetiva dos indiv\u00edduos, por uma capacidade para fazer algo. O TRABALHO, o uso dessa capacidade que se materializa no TEMPO, N\u00c3O TEM VALOR ALGUM. A\u00ed reside todos os mist\u00e9rios do modo de produ\u00e7\u00e3o capitalista.\n\nCita\u00e7\u00f5es relevantes para o tema:\nTRABALHO E CAPACIDADE DE TRABALHO S\u00c3O COISAS MUUUITO DIFERENTES \n\u201cDizer capacidade de trabalho n\u00e3o \u00e9 o mesmo que dizer trabalho, assim como dizer capacidade de digest\u00e3o n\u00e3o \u00e9 o mesmo que dizer digest\u00e3o\u201d (Capital I, Boitempo, p. 248). MERCADORIA N\u00c3O \u00c9 VALOR E USO E VALOR DE TROCA \n\u201cQuando, no come\u00e7o deste cap\u00edtulo, diz\u00edamos, como quem expressa um lugar-comum, que a mercadoria \u00e9 valor de uso e valor de troca, isso estava, para ser exato, errado. A mercadoria \u00e9 valor de uso \u2013 ou objeto de uso \u2013 e \u2018valor\u2019 e n\u00e3o possui valor de troca quando considerada de modo isolado, mas sempre apenas na rela\u00e7\u00e3o de valor ou de troca com uma segunda mercadoria de outro tipo\u201d (Capital I, Boitempo, p. 136). \nTEMPO DE TRABALHO \u00c9 APENAS A MEDIDA DO VALOR\n \u00a8Os economistas cl\u00e1ssicos jamais colocaram a seguinte quest\u00e3o: porque esse conte\u00fado assume aquela forma, e por que, portanto, o trabalho se representa no valor e a medida do trabalho, por meio de sua dura\u00e7\u00e3o temporal, na grandeza de valor do produto de trabalho?\u201d (Capital I, Boitempo, p. 155).\n\nCOMENTADORES SUGERIDOS: https:\/\/www.youtube.com\/watch?v=Ls58vsDZF6Y\n\nArtigo do autor do canal que trata da Teoria do Valor em Marx:\nO papel da hist\u00f3ria no modo de exposi\u00e7\u00e3o de  O capital de Marx\nhttp:\/\/www.verinotio.org\/sistema\/index.php\/verinotio\/article\/view\/278\/266\n\n_______________________________________________________________________________\nSEJA MEMBRO e apoie o canal. Bot\u00e3o ADERIR acima ou: \nhttps:\/\/www.youtube.com\/channel\/UCRLEkZpNRoZQBG8kUTBD8vQ\/join\n\nV\u00eddeo sobre ser membro do canal:\nhttps:\/\/www.youtube.com\/watch?v=drvou-obBVU\n_______________________________________________________________________________\nSiga as p\u00e1ginas do canal Orienta\u00e7\u00e3o Marxista nas Redes Sociais\n\nFACEBOOK:    https:\/\/www.facebook.com\/Orienta\u00e7\u00e3o-Marxista-111673690190915\nTWITTER:       https:\/\/twitter.com\/orient_marxista\nINSTAGRAM: https:\/\/www.instagram.com\/orient.marxista\n_______________________________________________________________________________\nLeia o blog Teoria e Revolu\u00e7\u00e3o:\nhttps:\/\/teoriaerevolucao.pstu.org.br\n_______________________________________________________________________________\nO livro do autor desse canal (Marx e a Hist\u00f3ria: das particularidades nacionais \u00e0 universalidade da revolu\u00e7\u00e3o socialista )  pode ser adquirido nos seguintes endere\u00e7os:\nhttps:\/\/editorasundermann.com.br\/livro\/96-marx-e-a-hist%C3%B3ria\n\nhttps:\/\/www.estantevirtual.com.br\/busca?utf8=%E2%9C%93&q=gustavo+machado+marx\n\n\n#TeoriaDoValor #Marx #TempoDeTrabalho","original_language":"pt-BR","publication_date":"2019-05-27","duration":0,"url":"https:\/\/www.youtube.com\/watch?v=PlTU1qOnPF8","thumbnail":"thumbnails\/PlTU1qOnPF8.jpg"},{"video_id":"ueSHJwISpFY","channel_id":"UCRLEkZpNRoZQBG8kUTBD8vQ","title":"PARTE 2: Paulo Guedes o idiota \u00fatil (para quem?) EP #10","description":"Continuamos, nesse v\u00eddeo, o que foi apresentado no v\u00eddeo anterior:\nhttps:\/\/youtu.be\/XCGtesnVI2w\n\nNesse primeiro v\u00eddeo, mostramos que a reforma trabalhista n\u00e3o produziu emprego, mas apenas reduziu o total de renda apropriado pela classe trabalhadora brasileira, em uma magnitude de 3 bilh\u00f5es de reais ao m\u00eas, conforme indica a base de dados do CAGED.\n\nNesse v\u00eddeo, tomando a Vale S.A. como exemplo, mostramos qual os destinos mais prov\u00e1veis da renda que as empresas \"economizam\" com as redu\u00e7\u00f5es de sal\u00e1rio que foram produzidas pela reforma trabalhista.\n\nFONTES: Nesse v\u00eddeo, as fontes utilizadas foram os relat\u00f3rios anuais da VALE S.A. publicados no Di\u00e1rio Oficial do Rio de Janeiro e tamb\u00e9m em seu site, particularmente o relat\u00f3rio 20F, o mais completo de todos e que segue especifica\u00e7\u00f5es internacionais.\n\nEstudos espec\u00edficos sobre a VALE S.A. podem ser encontrados no site do ILAESE, todos eles realizados sob minha coordena\u00e7\u00e3o:\nhttp:\/\/ilaese.org.br\/analise-economica-da-vale-s-a-campanha-salarial-2018\/\nhttp:\/\/ilaese.org.br\/analise-economica-da-vale-s-a-campanha-salarial-agosto-de-2016\/\nhttp:\/\/ilaese.org.br\/analise-economica-da-vale-s-a-campanha-salarial-2015\/\n\nAos liberais e petistas de plant\u00e3o sugerimos o seguinte v\u00eddeo, antes que apare\u00e7a a eterna e rid\u00edcula querela de livre mercado versus interven\u00e7\u00e3o estatal.\nhttps:\/\/www.youtube.com\/watch?v=JVjxa1ioOUE&t\n\nO livro do autor desse canal  (Marx e a Hist\u00f3ria: das particularidades nacionais \u00e0 universalidade da revolu\u00e7\u00e3o socialista)pode ser adquirido no seguinte endere\u00e7o:\nhttp:\/\/editorasundermann.com.br\/?product=marx-e-a-historia","original_language":"pt-BR","publication_date":"2019-05-19","duration":0,"url":"https:\/\/www.youtube.com\/watch?v=ueSHJwISpFY","thumbnail":"thumbnails\/ueSHJwISpFY.jpg"},{"video_id":"XCGtesnVI2w","channel_id":"UCRLEkZpNRoZQBG8kUTBD8vQ","title":"Paulo Guedes: o idiota \u00fatil! EP #9","description":"Para Paulo Guedes, e Bolsonaro, reduzir os direitos trabalhistas significa fazer crescer os empregos. Foi o que o ministro da economia afirmou em entrevista na Globo News, usando um exemplo bizarro: com o dinheiro que se economiza pagando os direitos trabalhistas de um, se contrata outro. Ser\u00e1 que esta ideia faz sentido?\nMostramos nesse v\u00eddeo que n\u00e3o. Aproveitamos, ainda, para mostrar o saldo real da \u00faltima reforma trabalhista como par\u00e2metro de avalia\u00e7\u00e3o.\n\nAos liberais e petistas de plant\u00e3o sugerimos o seguinte v\u00eddeo, antes que apare\u00e7a a eterna e rid\u00edcula querela de livre mercado versus interven\u00e7\u00e3o estatal.\nhttps:\/\/www.youtube.com\/watch?v=JVjxa1ioOUE&t\n_______________________________________________________________________________\nSEJA MEMBRO e apoie o canal. Bot\u00e3o ADERIR acima ou: \nhttps:\/\/www.youtube.com\/channel\/UCRLEkZpNRoZQBG8kUTBD8vQ\/join\n\nV\u00eddeo sobre ser membro do canal:\nhttps:\/\/www.youtube.com\/watch?v=drvou-obBVU\n_______________________________________________________________________________\nSiga as p\u00e1ginas do canal Orienta\u00e7\u00e3o Marxista nas Redes Sociais\n\nFACEBOOK:    https:\/\/www.facebook.com\/Orienta\u00e7\u00e3o-Marxista-111673690190915\nTWITTER:       https:\/\/twitter.com\/orient_marxista\nINSTAGRAM: https:\/\/www.instagram.com\/orient.marxista\n_______________________________________________________________________________\nLeia o blog Teoria e Revolu\u00e7\u00e3o:\nhttps:\/\/teoriaerevolucao.pstu.org.br\n_______________________________________________________________________________\nO livro do autor desse canal (Marx e a Hist\u00f3ria: das particularidades nacionais \u00e0 universalidade da revolu\u00e7\u00e3o socialista )  pode ser adquirido nos seguintes endere\u00e7os:\nhttps:\/\/editorasundermann.com.br\/livro\/96-marx-e-a-hist%C3%B3ria\n\nhttps:\/\/www.estantevirtual.com.br\/busca?utf8=%E2%9C%93&q=gustavo+machado+marx\n\n#PauloGuedes #QuemEPauloGuedes","original_language":"pt-BR","publication_date":"2019-05-16","duration":0,"url":"https:\/\/www.youtube.com\/watch?v=XCGtesnVI2w","thumbnail":"thumbnails\/XCGtesnVI2w.jpg"},{"video_id":"FxG5p5EN6Iw","channel_id":"UCRLEkZpNRoZQBG8kUTBD8vQ","title":"Universidades NUNCA foram marxistas! EP #8","description":"Nesse v\u00eddeo comento a lenda de que as universidades p\u00fablicas brasileiras, em particular os cursos de ci\u00eancias humanas, seriam dominadas pelo marxismo. O quadro \u00e9 bem o contr\u00e1rio. Pesquisar Marx \u00e9 uma op\u00e7\u00e3o que, academicamente, apenas gera constrangimentos, barreiras e, em muitos casos, persegui\u00e7\u00e3o.\n\nV\u00eddeo citado sobre os \"conceitos\" de esquerda e direita.\nhttps:\/\/www.youtube.com\/watch?v=4ftlCgyJv8U\n\nLivro citado:\nPINTO, Paulo Roberto Margutti. Hist\u00f3ria da filosofia do Brasil (1500-hoje): 1\u00aa parte: o per\u00edodo colonial (1500-1822). S\u00e3o Paulo: Edi\u00e7\u00f5es Loyola, 2013. 377 p.\n\n_______________________________________________________________________________\nSEJA MEMBRO e apoie o canal. Bot\u00e3o ADERIR acima ou: \nhttps:\/\/www.youtube.com\/channel\/UCRLEkZpNRoZQBG8kUTBD8vQ\/join\n\nV\u00eddeo sobre ser membro do canal:\nhttps:\/\/www.youtube.com\/watch?v=drvou-obBVU\n_______________________________________________________________________________\nSiga as p\u00e1ginas do canal Orienta\u00e7\u00e3o Marxista nas Redes Sociais\n\nFACEBOOK:    https:\/\/www.facebook.com\/Orienta\u00e7\u00e3o-Marxista-111673690190915\nTWITTER:       https:\/\/twitter.com\/orient_marxista\nINSTAGRAM: https:\/\/www.instagram.com\/orient.marxista\n_______________________________________________________________________________\nLeia o blog Teoria e Revolu\u00e7\u00e3o:\nhttps:\/\/teoriaerevolucao.pstu.org.br\n_______________________________________________________________________________\nO livro do autor desse canal (Marx e a Hist\u00f3ria: das particularidades nacionais \u00e0 universalidade da revolu\u00e7\u00e3o socialista )  pode ser adquirido nos seguintes endere\u00e7os:\nhttps:\/\/editorasundermann.com.br\/livro\/96-marx-e-a-hist%C3%B3ria\n\nhttps:\/\/www.estantevirtual.com.br\/busca?utf8=%E2%9C%93&q=gustavo+machado+marx\n\n#UniversidadesMarxistas? #AbrahamWeintraub #MarxismoCultural","original_language":"pt-BR","publication_date":"2019-05-05","duration":0,"url":"https:\/\/www.youtube.com\/watch?v=FxG5p5EN6Iw","thumbnail":"thumbnails\/FxG5p5EN6Iw.jpg"},{"video_id":"fpmj-EkvNWs","channel_id":"UCRLEkZpNRoZQBG8kUTBD8vQ","title":"Marx era racista? EP #7","description":"Nesse novo epis\u00f3dio, desconstru\u00edmos a lenda do suposto racismo de Marx, lenda edificada sobre a base da falsifica\u00e7\u00e3o grosseira, que arranca express\u00f5es e cita\u00e7\u00f5es de seu contexto e se esquiva de qualquer exame do pensamento do autor. Nesse sentido, esse epis\u00f3dio pode ser considerado uma continua\u00e7\u00e3o daquele outro que aborda o tema de se Marx foi um vagabundo que nunca trabalhou. Esse \u00faltimo epis\u00f3dio pode ser conferido no seguinte link: \nhttps:\/\/www.youtube.com\/watch?v=dL2b_qcsEQo&t=5s\n\nA bibliografia dos trechos citados \u00e9 a seguinte:\n\nMARX, K. A Guerra Civil nos Estados Unidos (1861-1865). Cr\u00edtica Marxista, n.45, p.125-157, 2017. pag. 126 e 155.\nMARX, K.; ENGELS, F. Imperio y colonia: escritos sobre Irlanda. M\u00e9xico: Pasado y Presente, 1979. pag. 84, 86, 115\nMARX, K. O Capital \u2013 Livro I. S\u00e3o Paulo: Boitempo Editorial, 2013. pag. 779\nMARX; ENGELS. Lutas de classes na R\u00fassia. S\u00e3o Paulo: Boitempo, 2013. pag. 95\n\nLivros mencionados:\nROSDOLSKY, R. El problema de los pueblos sin historia. Barcelona: Editorial Fontamara, 1981.\nK. Marx y F. Engels. La guerra civil en los Estados Unidos,M\u00e9xico DF, Roca, 1973. 2 Volumes\nMACHADO, Gustavo. Marx e a Hist\u00f3ria: das particularidades nacionais \u00e0 universalidade da revolu\u00e7\u00e3o socialista. S\u00e3o Paulo: Sundermann, 2018.\n\nOutra abordagem sobre a vida do Marx pode ser encontrada no seguinte texto: https:\/\/teoriaerevolucao.pstu.org.br\/karl-marx-uma-vida-a-servico-da-classe-operaria\/\n\n_______________________________________________________________________________\nSEJA MEMBRO e apoie o canal. Bot\u00e3o ADERIR acima ou: \nhttps:\/\/www.youtube.com\/channel\/UCRLEkZpNRoZQBG8kUTBD8vQ\/join\n\nV\u00eddeo sobre ser membro do canal:\nhttps:\/\/www.youtube.com\/watch?v=drvou-obBVU\n_______________________________________________________________________________\nSiga as p\u00e1ginas do canal Orienta\u00e7\u00e3o Marxista nas Redes Sociais\n\nFACEBOOK:    https:\/\/www.facebook.com\/Orienta\u00e7\u00e3o-Marxista-111673690190915\nTWITTER:       https:\/\/twitter.com\/orient_marxista\nINSTAGRAM: https:\/\/www.instagram.com\/orient.marxista\n_______________________________________________________________________________\nLeia o blog Teoria e Revolu\u00e7\u00e3o:\nhttps:\/\/teoriaerevolucao.pstu.org.br\n_______________________________________________________________________________\nO livro do autor desse canal (Marx e a Hist\u00f3ria: das particularidades nacionais \u00e0 universalidade da revolu\u00e7\u00e3o socialista )  pode ser adquirido nos seguintes endere\u00e7os:\nhttps:\/\/editorasundermann.com.br\/livro\/96-marx-e-a-hist%C3%B3ria\nhttps:\/\/www.estantevirtual.com.br\/busca?utf8=%E2%9C%93&q=gustavo+machado+marx\n\n#KarlMarx #MarxEraRacista? #MarxVidaEObra","original_language":"pt-BR","publication_date":"2019-04-22","duration":0,"url":"https:\/\/www.youtube.com\/watch?v=fpmj-EkvNWs","thumbnail":"thumbnails\/fpmj-EkvNWs.jpg"},{"video_id":"VlFjc7htuto","channel_id":"UCRLEkZpNRoZQBG8kUTBD8vQ","title":"Amea\u00e7a Comunista?  EP #6","description":"Republicamos no canal Orienta\u00e7\u00e3o Marxista entrevista concedida ao programa Opini\u00e3o, organizado pelo Partido Socialista dos Trabalhadores Unificados (PSTU), sobre o discurso da amea\u00e7a comunista no Brasil, o dom\u00ednio de um suposto marxismo cultural etc...\n\n_____________________________________________________________________________________\nSiga as p\u00e1ginas do canal Orienta\u00e7\u00e3o Marxista nas Redes Sociais\n\nFACEBOOK:    https:\/\/www.facebook.com\/Orienta\u00e7\u00e3o-Marxista-111673690190915\nTWITTER:       https:\/\/twitter.com\/orient_marxista\nINSTAGRAM: https:\/\/www.instagram.com\/orient.marxista\n_____________________________________________________________________________________\nLeia o blog Teoria e Revolu\u00e7\u00e3o:\nhttps:\/\/teoriaerevolucao.pstu.org.br\n_____________________________________________________________________________________\nO livro do autor desse canal (Marx e a Hist\u00f3ria: das particularidades nacionais \u00e0 universalidade da revolu\u00e7\u00e3o socialista )  pode ser adquirido nos seguintes endere\u00e7os:\nhttps:\/\/editorasundermann.com.br\/livro\/96-marx-e-a-hist%C3%B3ria\nhttps:\/\/www.estantevirtual.com.br\/busca?utf8=%E2%9C%93&q=gustavo+machado+marx","original_language":"pt-BR","publication_date":"2019-04-15","duration":0,"url":"https:\/\/www.youtube.com\/watch?v=VlFjc7htuto","thumbnail":"thumbnails\/VlFjc7htuto.jpg"},{"video_id":"Ls58vsDZF6Y","channel_id":"UCRLEkZpNRoZQBG8kUTBD8vQ","title":"O CAPITAL DE MARX: Comentadores e Int\u00e9rpretes VID #2","description":"Nesse v\u00eddeo s\u00e3o discutidos algumas das principais obras, acess\u00edveis ao p\u00fablico de l\u00edngua portuguesa, sobre a obra principal de Marx: O Capital. As refer\u00eancias dos livros, e artigos, referenciados nesse v\u00eddeo s\u00e3o as seguintes:\n\nAs duas refer\u00eancias mais importantes:\nRUBIN, I. Isaac. A Teoria Marxista do Valor. Brasiliense: Paz e Terra, 1980. \nRosdolsky, Roman. G\u00eanese e estrutura de O Capital de Karl Marx. Rio de janeiro: Contraponto, [1968] 2001.\n\nImportante refer\u00eancia sobre a hist\u00f3ria da teoria econ\u00f4mica\nRUBIN, Isak. Hist\u00f3ria do pensamento econ\u00f4mico. Rio de Janeiro: UFRJ, [1927] 2014.\n\nRefer\u00eancias que tratam da obra em seu conjunto, com \u00eanfase no desenvolvimento do conceito de crise\nBENOIT, Hector. ANTUNES, Jadir. O problema da crise capitalista em O Capital de Marx,. Jundia\u00ed, Paco Editorial, 2016.\nGRESPAN, Jorge. O Negativo do Capital, S\u00e3o Paulo: Hucitec, 1999 (existe uma edi\u00e7\u00e3o mais recente pela Express\u00e3o Popular).\n\nAn\u00e1lise de f\u00f4lego dos tr\u00eas primeiros cap\u00edtulos do Livro I de O Capital, os mais dif\u00edceis:\nANTUNES, Jadir. Marx e o fetiche da mercadoria: contribui\u00e7\u00e3o \u00e0 cr\u00edtica da metaf\u00edsica. Jundia\u00ed-SP: Paco Editorial,. 2018 (408 p.). \n\nTexto que d\u00e3o \u00eanfase na estrutura dial\u00e9tica da obra:\nZELENY, J. La estructura l\u00f3gica de \u201cEl capital\u201d de Marx. M\u00e9xico: Grijalbo, 1974.\n\nAo menos tr\u00eas artigos podem ser considerados marcos importantes na an\u00e1lise da dial\u00e9tica como modo de exposi\u00e7\u00e3o. S\u00e3o eles:\nFULDA, H.F. Tese para a Dial\u00e9tica como m\u00e9todo de exposi\u00e7\u00e3o (no Capital de Marx); in Cr\u00edtica Marxista 45.\nM\u00fcller, Marcos Lutz.  Exposi\u00e7\u00e3o e M\u00e9todo Dial\u00e9tico em \u201cO Capital\u201d. In: Marx.Boletim SEAF-MG, v. 2,. Belo Horizonte, 1983, p.17-41. \nBENOIT, Hector. Sobre a cr\u00edtica (dial\u00e9tica) de O Capital. Revista Cr\u00edtica Marxista, v. 3, p.14\u201344, 1996.\n\nAn\u00e1lise e abordagem que se enquadra na corrente denominada marxismo hegeliano:\nARTHUR, Christopher J. A nova dial\u00e9tica e \u201cO capital\u201d de Marx. Trad. Pedro C. Chadarevian. S\u00e3o Paulo: Edipro, 2016.\n\n_____________________________________________________________________________________\nSiga as p\u00e1ginas do canal Orienta\u00e7\u00e3o Marxista nas Redes Sociais\n\nFACEBOOK:    https:\/\/www.facebook.com\/Orienta\u00e7\u00e3o-Marxista-111673690190915\nTWITTER:       https:\/\/twitter.com\/orient_marxista\nINSTAGRAM: https:\/\/www.instagram.com\/orient.marxista\n_____________________________________________________________________________________\nLeia o blog Teoria e Revolu\u00e7\u00e3o:\nhttps:\/\/teoriaerevolucao.pstu.org.br\n_____________________________________________________________________________________\nO livro do autor desse canal (Marx e a Hist\u00f3ria: das particularidades nacionais \u00e0 universalidade da revolu\u00e7\u00e3o socialista )  pode ser adquirido nos seguintes endere\u00e7os:\nhttps:\/\/editorasundermann.com.br\/livro\/96-marx-e-a-hist%C3%B3ria\nhttps:\/\/www.estantevirtual.com.br\/busca?utf8=%E2%9C%93&q=gustavo+machado+marx","original_language":"pt-BR","publication_date":"2019-04-10","duration":0,"url":"https:\/\/www.youtube.com\/watch?v=Ls58vsDZF6Y","thumbnail":"thumbnails\/Ls58vsDZF6Y.jpg"},{"video_id":"4ftlCgyJv8U","channel_id":"UCRLEkZpNRoZQBG8kUTBD8vQ","title":"Esquerda e Direita n\u00e3o significam nada EP #5","description":"Neste v\u00eddeo discutimos os conceitos de esquerda e direita, procurando apresentar seus limites e alcances. Principalmente seus limites.\n\nDo mesmo autor ver: \nhttps:\/\/teoriaerevolucao.pstu.org.br\/fascismo-de-direita-ou-de-esquerda\/\n\n_______________________________________________________________________________\nSEJA MEMBRO e apoie o canal. Bot\u00e3o ADERIR acima ou: \nhttps:\/\/www.youtube.com\/channel\/UCRLEkZpNRoZQBG8kUTBD8vQ\/join\n\nV\u00eddeo sobre ser membro do canal:\nhttps:\/\/www.youtube.com\/watch?v=drvou-obBVU\n_______________________________________________________________________________\nSiga as p\u00e1ginas do canal Orienta\u00e7\u00e3o Marxista nas Redes Sociais\n\nFACEBOOK:    https:\/\/www.facebook.com\/Orienta\u00e7\u00e3o-Marxista-111673690190915\nTWITTER:       https:\/\/twitter.com\/orient_marxista\nINSTAGRAM: https:\/\/www.instagram.com\/orient.marxista\n_______________________________________________________________________________\nLeia o blog Teoria e Revolu\u00e7\u00e3o:\nhttps:\/\/teoriaerevolucao.pstu.org.br\n_______________________________________________________________________________\nO livro do autor desse canal (Marx e a Hist\u00f3ria: das particularidades nacionais \u00e0 universalidade da revolu\u00e7\u00e3o socialista )  pode ser adquirido nos seguintes endere\u00e7os:\nhttps:\/\/editorasundermann.com.br\/livro\/96-marx-e-a-hist%C3%B3ria\n\nhttps:\/\/www.estantevirtual.com.br\/busca?utf8=%E2%9C%93&q=gustavo+machado+marx\n\n#EsquerdaEDireita #OQue\u00c9EsquerdaEDireita","original_language":"pt-BR","publication_date":"2019-04-08","duration":0,"url":"https:\/\/www.youtube.com\/watch?v=4ftlCgyJv8U","thumbnail":"thumbnails\/4ftlCgyJv8U.jpg"},{"video_id":"x3gY5k36DS8","channel_id":"UCRLEkZpNRoZQBG8kUTBD8vQ","title":"Marx n\u00e3o \u00e9 economista, nem cientista social EP #4","description":"Nesse v\u00eddeo discutimos se Marx pode ser considerado um economista ou um cientista social. Para isso discutimos o que \u00e9 uma ci\u00eancia e, nesse sentido, se o modo de produ\u00e7\u00e3o capitalista, na acep\u00e7\u00e3o de Marx, pode ser exposto de forma cient\u00edfica.\n\nVeremos que Marx n\u00e3o \u00e9 nem economista, nem soci\u00f3logo e que a cientificidade de sua obra \u00e9 insepar\u00e1vel de seu aspecto revolucion\u00e1rio. Em outras palavras, n\u00e3o existe, nem nunca existir\u00e1, uma economia marxista.\n\nTrecho citado:\nMARX, K. O  Capital: Cr\u00edtica  da  Economia  Pol\u00edtica.  Tradu\u00e7\u00e3o  de  Rubens  Enderle.  S\u00e3o  Paulo: Boitempo Editorial, v. I e II, 2013. p. 129-130\n\nDo mesmo autor ver: \nhttps:\/\/teoriaerevolucao.pstu.org.br\/uma-nota-sobre-os-dominios-estruturais-e-superestruturais-no-pensamento-de-marx\/\n\n_______________________________________________________________________________\nSEJA MEMBRO e apoie o canal. Bot\u00e3o ADERIR acima ou: \nhttps:\/\/www.youtube.com\/channel\/UCRLEkZpNRoZQBG8kUTBD8vQ\/join\n\nV\u00eddeo sobre ser membro do canal:\nhttps:\/\/www.youtube.com\/watch?v=drvou-obBVU\n_______________________________________________________________________________\nSiga as p\u00e1ginas do canal Orienta\u00e7\u00e3o Marxista nas Redes Sociais\n\nFACEBOOK:    https:\/\/www.facebook.com\/Orienta\u00e7\u00e3o-Marxista-111673690190915\nTWITTER:       https:\/\/twitter.com\/orient_marxista\nINSTAGRAM: https:\/\/www.instagram.com\/orient.marxista\n_______________________________________________________________________________\nLeia o blog Teoria e Revolu\u00e7\u00e3o:\nhttps:\/\/teoriaerevolucao.pstu.org.br\n_______________________________________________________________________________\nO livro do autor desse canal (Marx e a Hist\u00f3ria: das particularidades nacionais \u00e0 universalidade da revolu\u00e7\u00e3o socialista )  pode ser adquirido nos seguintes endere\u00e7os:\nhttps:\/\/editorasundermann.com.br\/livro\/96-marx-e-a-hist%C3%B3ria\n\nhttps:\/\/www.estantevirtual.com.br\/busca?utf8=%E2%9C%93&q=gustavo+machado+marx\n\n\n#Marx #Soci\u00f3logo #Economista","original_language":"pt-BR","publication_date":"2019-03-25","duration":0,"url":"https:\/\/www.youtube.com\/watch?v=x3gY5k36DS8","thumbnail":"thumbnails\/x3gY5k36DS8.jpg"},{"video_id":"_OSDuUCBhD0","channel_id":"UCRLEkZpNRoZQBG8kUTBD8vQ","title":"Marx e a opress\u00e3o da mulher EP #3","description":"Ser\u00e1 que Marx menosprezava o problema da opress\u00e3o das mulheres e reduzia tudo as classes sociais? Teria sido um machista inveterado em sua rela\u00e7\u00e3o com sua filhas e esposa? \u00c9 verdadeira a hist\u00f3ria de que ele engravidou Helena Demuth que trabalhava para a fam\u00edlia Marx?\n\nEste e outros aspectos ser\u00e3o discutidos nesse v\u00eddeo. \n\nLivros citados nesse v\u00eddeo:\nMarx Longuet, Jenn. Art\u00edculos sobre Irlanda. Buenos Aires:Editorial Godot, 2014.\nMari\u00facha Fontana (ORG.). Combater o Machismo para Unir a Classe. S\u00e3o Paulo: Editora Sundermann, 2019.\nMARX, Karl. Sal\u00e1rio, Pre\u00e7o e Lucro. S\u00e3o Paulo: Centauro, 2002.\n\nOs estudos sobre a quest\u00e3o da mulher em 1852 fazem parte do que hoje conhecemos como Cadernos de Londres. Esta parte do material ainda n\u00e3o foi publicada pela atual MEGA II.\n\nOutro artigo do mesmo autor com tema correlato pode ser lido no seguinte link:\nhttps:\/\/www.pstu.org.br\/marx-e-a-luta-contra-as-opressoes\/\n\n_____________________________________________________________________________________\nSiga as p\u00e1ginas do canal Orienta\u00e7\u00e3o Marxista nas Redes Sociais\n\nFACEBOOK:    https:\/\/www.facebook.com\/Orienta\u00e7\u00e3o-Marxista-111673690190915\nTWITTER:       https:\/\/twitter.com\/orient_marxista\nINSTAGRAM: https:\/\/www.instagram.com\/orient.marxista\n_____________________________________________________________________________________\nLeia o blog Teoria e Revolu\u00e7\u00e3o:\nhttps:\/\/teoriaerevolucao.pstu.org.br\n_____________________________________________________________________________________\nO livro do autor desse canal (Marx e a Hist\u00f3ria: das particularidades nacionais \u00e0 universalidade da revolu\u00e7\u00e3o socialista )  pode ser adquirido nos seguintes endere\u00e7os:\nhttps:\/\/editorasundermann.com.br\/livro\/96-marx-e-a-hist%C3%B3ria\nhttps:\/\/www.estantevirtual.com.br\/busca?utf8=%E2%9C%93&q=gustavo+machado+marx","original_language":"pt-BR","publication_date":"2019-03-18","duration":0,"url":"https:\/\/www.youtube.com\/watch?v=_OSDuUCBhD0","thumbnail":"thumbnails\/_OSDuUCBhD0.jpg"},{"video_id":"JVjxa1ioOUE","channel_id":"UCRLEkZpNRoZQBG8kUTBD8vQ","title":"MARX defende a interven\u00e7\u00e3o do ESTADO no mercado?  EP #2","description":"Nesse epis\u00f3dio desconstru\u00edmos a tese de que o socialismo marxista defende a interven\u00e7\u00e3o do Estado na economia. Ou mais precisamente, a ideia amplamente difundida nos dias de hoje de que o socialismo seria o controle paulatino e gradual do Estado sobre o conjunto da economia de mercado. Da\u00ed as teses malucas de pa\u00edses como Su\u00e9cia e Noruega (ou Brasil e Venezuela) seriam socialistas, bem como a ideia de que a primeira fase do socialismo, para Marx, estaria em vigor uma economia de mercado \"capitalismo cru\".\n\nNesse v\u00eddeo mostramos que tanto a tese liberal do equil\u00edbrio necess\u00e1rio entre oferta e demanda no mercado (Lei de Say) quanto a tese de Thomas Malthus (e Keynes) da superprodu\u00e7\u00e3o (desequil\u00edbrio entre oferta e demanda) s\u00e3o alvo da cr\u00edtica aguda de Marx.\n\nA cr\u00edtica aos sistemas liberais e intervencionistas estatais est\u00e3o presentes em TODOS os manuscritos sobre cr\u00edtica da economia pol\u00edtica, bem como em textos diretamente pol\u00edticos. Citado nesse V\u00eddeo:\nMARX, K. Cr\u00edtica ao Programa de Gotha, Boitempo Editorial, 2012. pag.40\n\nLivros em que Marx refuta o sistema protecionista (desenvolvimentista) de Friedrich List:\nMARX, K. Cr\u00edtica da Economia Nacional (Textos in\u00e9ditos \u2013 1845). Lisboa: Ulmeiro, 1976.\nMARX, K. Cr\u00edtica do nacionalismo econ\u00f4mico. 1\u00aa ed. Lisboa: Ant\u00edgona, 2009.\n\n_______________________________________________________________________________\nSEJA MEMBRO e apoie o canal. Bot\u00e3o ADERIR acima ou: \nhttps:\/\/www.youtube.com\/channel\/UCRLEkZpNRoZQBG8kUTBD8vQ\/join\n\nV\u00eddeo sobre ser membro do canal:\nhttps:\/\/www.youtube.com\/watch?v=drvou-obBVU\n_______________________________________________________________________________\nSiga as p\u00e1ginas do canal Orienta\u00e7\u00e3o Marxista nas Redes Sociais\n\nFACEBOOK:    https:\/\/www.facebook.com\/Orienta\u00e7\u00e3o-Marxista-111673690190915\nTWITTER:       https:\/\/twitter.com\/orient_marxista\nINSTAGRAM: https:\/\/www.instagram.com\/orient.marxista\n_______________________________________________________________________________\nLeia o blog Teoria e Revolu\u00e7\u00e3o:\nhttps:\/\/teoriaerevolucao.pstu.org.br\n_______________________________________________________________________________\nO livro do autor desse canal (Marx e a Hist\u00f3ria: das particularidades nacionais \u00e0 universalidade da revolu\u00e7\u00e3o socialista )  pode ser adquirido nos seguintes endere\u00e7os:\nhttps:\/\/editorasundermann.com.br\/livro\/96-marx-e-a-hist%C3%B3ria\nhttps:\/\/www.estantevirtual.com.br\/busca?utf8=%E2%9C%93&q=gustavo+machado+marx\n\n#Marx #Interven\u00e7\u00e3oEstatal #Estado","original_language":"pt-BR","publication_date":"2019-03-11","duration":0,"url":"https:\/\/www.youtube.com\/watch?v=JVjxa1ioOUE","thumbnail":"thumbnails\/JVjxa1ioOUE.jpg"},{"video_id":"zFLS6C_FFKI","channel_id":"UCRLEkZpNRoZQBG8kUTBD8vQ","title":"O CAPITAL DE MARX: Tradu\u00e7\u00f5es VID #1","description":"Nesse v\u00eddeo s\u00e3o discutidos os pontos fortes e fragilidades das tr\u00eas tradu\u00e7\u00f5es completas de O Capital de Marx para a l\u00edngua portuguesa. Trata-se das seguintes tradu\u00e7\u00f5es (indicamos o primeiro e \u00faltimo volume das primeiras edi\u00e7\u00f5es para termos como refer\u00eancia o per\u00edodo da primeira edi\u00e7\u00e3o de cada uma delas):\n\nCIVILIZA\u00c7\u00c3O BRASILEIRA\nMARX, Karl. O Capital, livro I. Rio de Janeiro: Civiliza\u00e7\u00e3o. Brasileira,  1968.\n_____ . O Capital, livro III. Rio de Janeiro: Civiliza\u00e7\u00e3o Brasileira, 1974.\n\nABRIL CULTURAL\nMARX, Karl. O Capital. Livro Primeiro. Tradu\u00e7\u00e3o de Reginaldo Sant\u201fana. Rio de Janeiro: Editora Civiliza\u00e7\u00e3o Brasileira, 1980.\n_____ .O Capital: cr\u00edtica da economia pol\u00edtica. Livro Terceiro.Tradu\u00e7\u00e3o de Regis Barbosa e Fl\u00e1vio R. Kothe.S\u00e3o Paulo: Abril Cultural, 1988.\n\nBOITEMPO EDITORIAL\nMARX, Karl. O Capital: Cr\u00edtica da Economia Pol\u00edtica , Livro III, S\u00e3o Paulo, Boitempo editorial, 2017.\n_____ . O Capital, Livro I. S\u00e3o Paulo: Boitempo Editorial, 2013\n\n_______________________________________________________________________________\nSEJA MEMBRO e apoie o canal. Bot\u00e3o ADERIR acima ou: \nhttps:\/\/www.youtube.com\/channel\/UCRLEkZpNRoZQBG8kUTBD8vQ\/join\n\nV\u00eddeo sobre ser membro do canal:\nhttps:\/\/www.youtube.com\/watch?v=drvou-obBVU\n_______________________________________________________________________________\nSiga as p\u00e1ginas do canal Orienta\u00e7\u00e3o Marxista nas Redes Sociais\n\nFACEBOOK:    https:\/\/www.facebook.com\/Orienta\u00e7\u00e3o-Marxista-111673690190915\nTWITTER:       https:\/\/twitter.com\/orient_marxista\nINSTAGRAM: https:\/\/www.instagram.com\/orient.marxista\n_______________________________________________________________________________\nLeia o blog Teoria e Revolu\u00e7\u00e3o:\nhttps:\/\/teoriaerevolucao.pstu.org.br\n_______________________________________________________________________________\nO livro do autor desse canal (Marx e a Hist\u00f3ria: das particularidades nacionais \u00e0 universalidade da revolu\u00e7\u00e3o socialista )  pode ser adquirido nos seguintes endere\u00e7os:\nhttps:\/\/editorasundermann.com.br\/livro\/96-marx-e-a-hist%C3%B3ria\n\nhttps:\/\/www.estantevirtual.com.br\/busca?utf8=%E2%9C%93&q=gustavo+machado+marx\n\n\n#OCapital #Tradu\u00e7\u00f5es","original_language":"pt-BR","publication_date":"2019-03-05","duration":0,"url":"https:\/\/www.youtube.com\/watch?v=zFLS6C_FFKI","thumbnail":"thumbnails\/zFLS6C_FFKI.jpg"},{"video_id":"dL2b_qcsEQo","channel_id":"UCRLEkZpNRoZQBG8kUTBD8vQ","title":"MARX  foi um vagabundo que nunca trabalhou? EP #1","description":"Ser\u00e1 que o fil\u00f3sofo e revolucion\u00e1rio Karl Marx foi um vagabundo que nunca trabalhou, como atualmente se repete em v\u00e1rios meios de comunica\u00e7\u00e3o?\nNesse v\u00eddeo analisamos at\u00e9 que ponto essas afirma\u00e7\u00f5es se sustentam, tendo em vista a biografia de Marx. Tratamos de aspectos amplamente documentados nas biografias e fontes prim\u00e1rias sobre o mesmo.\n\nPara este v\u00eddeo foram utilizadas as seguintes refer\u00eancias:\nMcLELLAN, David. Karl Marx \u2013 Vida e Pensamento. Petr\u00f3polis: Vozes, 1990 .\nRIAZANOV, David. Marx, Engels e a Hist\u00f3ria do Movimento Oper\u00e1rio. Global, S\u00e3oPaulo. 1983.\nTEXIER,  Jacques. Revolu\u00e7\u00e3o  e  democracia  em  Marx  e  Engels. Rio  de  Janeiro:  Editora UFRJ, 2005.\nMARX, Karl. Senhor Vogt (I) . Lisboa: Iniciativas Editoriais, 1976.\nMARX, Karl.; ENGELS, F. Collected Works. Vols. 1\u201350. MECW. New York: International Publishers, 1975\u20132001.\n\nOutra abordagem sobre a vida do Marx pode ser encontrada no seguinte texto: https:\/\/teoriaerevolucao.pstu.org.br\/karl-marx-uma-vida-a-servico-da-classe-operaria\/\n_______________________________________________________________________________\nSEJA MEMBRO e apoie o canal. Bot\u00e3o ADERIR acima ou: \nhttps:\/\/www.youtube.com\/channel\/UCRLEkZpNRoZQBG8kUTBD8vQ\/join\n\nV\u00eddeo sobre ser membro do canal:\nhttps:\/\/www.youtube.com\/watch?v=drvou-obBVU\n_______________________________________________________________________________\nSiga as p\u00e1ginas do canal Orienta\u00e7\u00e3o Marxista nas Redes Sociais\n\nFACEBOOK:    https:\/\/www.facebook.com\/Orienta\u00e7\u00e3o-Marxista-111673690190915\nTWITTER:       https:\/\/twitter.com\/orient_marxista\nINSTAGRAM: https:\/\/www.instagram.com\/orient.marxista\n_______________________________________________________________________________\nLeia o blog Teoria e Revolu\u00e7\u00e3o:\nhttps:\/\/teoriaerevolucao.pstu.org.br\n_______________________________________________________________________________\nO livro do autor desse canal (Marx e a Hist\u00f3ria: das particularidades nacionais \u00e0 universalidade da revolu\u00e7\u00e3o socialista )  pode ser adquirido nos seguintes endere\u00e7os:\nhttps:\/\/editorasundermann.com.br\/livro\/96-marx-e-a-hist%C3%B3ria\nhttps:\/\/www.estantevirtual.com.br\/busca?utf8=%E2%9C%93&q=gustavo+machado+marx\n\n#KarlMarx #QuemFoiKarlMarx #VidaEObra","original_language":"pt-BR","publication_date":"2019-02-25","duration":0,"url":"https:\/\/www.youtube.com\/watch?v=dL2b_qcsEQo","thumbnail":"thumbnails\/dL2b_qcsEQo.jpg"},{"video_id":"30tkgxUYuZU","channel_id":"UCRLEkZpNRoZQBG8kUTBD8vQ","title":"Apresenta\u00e7\u00e3o do Livro: Marx e a Hist\u00f3ria","description":"Apresenta\u00e7\u00e3o do Livro: Marx e a Hist\u00f3ria: das particularidades nacionais \u00e0 universalidade da revolu\u00e7\u00e3o socialista de Gustavo Machado.\n\nExiste uma teoria ou uma filosofia da hist\u00f3ria em Marx? O autor de O Capital teria menosprezado o papel das particularidades nacionais? Seria Marx um nacionalista? Esta e outras perguntas s\u00e3o respondidas na obra aqui apresentada que procura subverter todas as interpreta\u00e7\u00f5es cl\u00e1ssicas sobre o tema no autor de O Capital.\n\n_____________________________________________________________________________________\nSiga as p\u00e1ginas do canal Orienta\u00e7\u00e3o Marxista nas Redes Sociais\n\nFACEBOOK:    https:\/\/www.facebook.com\/Orienta\u00e7\u00e3o-Marxista-111673690190915\nTWITTER:       https:\/\/twitter.com\/orient_marxista\nINSTAGRAM: https:\/\/www.instagram.com\/orient.marxista\n_____________________________________________________________________________________\nLeia o blog Teoria e Revolu\u00e7\u00e3o:\nhttps:\/\/teoriaerevolucao.pstu.org.br\n_____________________________________________________________________________________\nO livro do autor desse canal (Marx e a Hist\u00f3ria: das particularidades nacionais \u00e0 universalidade da revolu\u00e7\u00e3o socialista )  pode ser adquirido nos seguintes endere\u00e7os:\nhttps:\/\/editorasundermann.com.br\/livro\/96-marx-e-a-hist%C3%B3ria\nhttps:\/\/www.estantevirtual.com.br\/busca?utf8=%E2%9C%93&q=gustavo+machado+marx","original_language":"pt-BR","publication_date":"2018-11-06","duration":0,"url":"https:\/\/www.youtube.com\/watch?v=30tkgxUYuZU","thumbnail":"thumbnails\/30tkgxUYuZU.jpg"}]}