{"status":"success","message":"Channels retrieved successfully","data":[{"channel_id":"UC4QQ1pY2lD3DhthIJ1LFEBw","name":"Ecologia & Pol\u00edtica Marxista","country":"Unknown","language":"Unknown","url":"https:\/\/www.youtube.com\/channel\/UC4QQ1pY2lD3DhthIJ1LFEBw","description":""},{"channel_id":"UC4SGEFLhodm2qLwytaznGbQ","name":"Soraya Palestina","country":"Unknown","language":"Unknown","url":"https:\/\/www.youtube.com\/channel\/UC4SGEFLhodm2qLwytaznGbQ","description":"Soraya Misleh\n\nJornalista palestino-brasileira, mestre e doutoranda em Estudos \u00c1rabes pela Universidade de S\u00e3o Paulo (USP). Autora do livro \u201cAl Nakba \u2013 um estudo sobre a cat\u00e1strofe palestina\u201d (Ed. Sundermann).\n"},{"channel_id":"UCpfZpmQ8hS3RbQ5GsXZw4KQ","name":"Marxismo Vivo","country":"Unknown","language":"Unknown","url":"https:\/\/www.youtube.com\/channel\/UCpfZpmQ8hS3RbQ5GsXZw4KQ","description":"Marxismo Vivo es un programa semanal de an\u00e1lisis pol\u00edtico, producido por la Liga Internacional de los Trabajadores. Cada mi\u00e9rcoles a las 14:00 horas (-3 GMT), se publica un episodio nuevo de 5 minutos.\r\nLes invitamos a suscribirse a nuestro canal, visitar los sitios de la LIT en espa\u00f1ol, portugu\u00e9s e ingl\u00e9s y a seguirnos en redes sociales."},{"channel_id":"UCqISa9Yx1nHe-YEWTk40EbQ","name":"Avanzada Socialista","country":"AR","language":"Unknown","url":"https:\/\/www.youtube.com\/channel\/UCqISa9Yx1nHe-YEWTk40EbQ","description":""},{"channel_id":"UCRLEkZpNRoZQBG8kUTBD8vQ","name":"Orienta\u00e7\u00e3o Marxista","country":"BR","language":"pt","url":"https:\/\/www.youtube.com\/channel\/UCRLEkZpNRoZQBG8kUTBD8vQ","description":"O canal Orienta\u00e7\u00e3o Marxista discute a obra te\u00f3rica de Karl Marx e da tradi\u00e7\u00e3o marxista. O objetivo \u00e9 desconstruir in\u00fameros mitos ditos em todos os lados sobre o presente tema, quer seja pela direita, quer seja pela esquerda. O objetivo central \u00e9 fornecer conte\u00fados associados a educa\u00e7\u00e3o e forma\u00e7\u00e3o. O canal tem como carro chefe o curso O Capital, em que estamos discutindo cap\u00edtulo a cap\u00edtulo a obra principal de Marx. Soma-se a isso a desconstru\u00e7\u00e3o de concep\u00e7\u00f5es liberais, conservadoras, anarcocapitalistas, keynesianas e afins."},{"channel_id":"UCrZTf38EMgrRaNCchAooipw","name":"Luta Mulher","country":"BR","language":"Unknown","url":"https:\/\/www.youtube.com\/channel\/UCrZTf38EMgrRaNCchAooipw","description":"Sou Marcela Azevedo, uma mulher amaz\u00f4nida, de Bel\u00e9m (PA), autodeclarada ind\u00edgena. Trabalho na sa\u00fade e atuo no Movimento Mulheres em Luta (MML) desde 2008. Tamb\u00e9m componho a Secretaria Nacional de Mulheres do PSTU.  No canal \u2018Luta Mulher\u2019 vou tratar do tema do machismo e da luta pela sua supera\u00e7\u00e3o, numa perspectiva marxista e classista. Ou seja, vamos falar sobre todas as formas que o machismo impacta nosso cotidiano, porqu\u00ea no sistema capitalista n\u00e3o garantimos a sua supera\u00e7\u00e3o e qual a sa\u00edda ent\u00e3o para essa nossa condi\u00e7\u00e3o. Por aqui voc\u00ea pode esperar forma\u00e7\u00e3o, informa\u00e7\u00e3o e debate!"},{"channel_id":"UCSr8BqxDw8sHHfGe3InUl5A","name":"Leninismo e Comunismo","country":"Unknown","language":"Unknown","url":"https:\/\/www.youtube.com\/channel\/UCSr8BqxDw8sHHfGe3InUl5A","description":""},{"channel_id":"UCWBk05FplU93JomQ345w24Q","name":"Hertz Dias","country":"BR","language":"Unknown","url":"https:\/\/www.youtube.com\/channel\/UCWBk05FplU93JomQ345w24Q","description":"Sou Hertz Dias, professor de Hist\u00f3ria, rapper do G\u00edria Vermelha e membro da Secretaria Nacional de Negras e Negros do PSTU. No 'Canal do Hertz  \u2014 Ra\u00e7a, Classe & Revolu\u00e7\u00e3o\u00b4 vamos debater temas ligados a quest\u00e3o racial, combinado ao de classe, numa perspectiva marxista. Faremos isso, tanto do ponto de vista hist\u00f3rico como atual, denunciando e analisando casos de racismo e afins , buscando desconstruir mitos acerca dessa tem\u00e1tica, como tamb\u00e9m polemizar com autores e organiza\u00e7\u00f5es que apresentam sa\u00eddas por dentro do capitalismo \u00e0 quest\u00e3o negra; bem com, vamos polemizar com a ultradireita que nega ou minimiza a import\u00e2ncia que o racismo exerceu na forma\u00e7\u00e3o social deste pa\u00eds e ainda exerce na manuten\u00e7\u00e3o da explora\u00e7\u00e3o e da opress\u00e3o."}]}